{"id":50657,"date":"2017-06-28T17:43:36","date_gmt":"2017-06-28T20:43:36","guid":{"rendered":"https:\/\/www.jornalja.com.br\/?p=50657"},"modified":"2017-06-28T17:43:36","modified_gmt":"2017-06-28T20:43:36","slug":"busatto-anuncia-parcelamento-de-salarios-e-projeto-para-revisar-gratificacoes","status":"publish","type":"post","link":"https:\/\/www.jornalja.com.br\/arquivo\/busatto-anuncia-parcelamento-de-salarios-e-projeto-para-revisar-gratificacoes\/","title":{"rendered":"Busatto anuncia parcelamento de sal\u00e1rios e projeto para revisar gratifica\u00e7\u00f5es"},"content":{"rendered":"<p><span class=\"assina\">Tiago Baltz<\/span><br \/>\nA not\u00edcia j\u00e1 era esperada e foi confirmada esta tarde pelo secret\u00e1rio municipal da Fazenda de Porto Alegre, Leonardo Busatto. A partir deste m\u00eas, os sal\u00e1rios dos servidores municipais passam a ser parcelados.<br \/>\nNeste m\u00eas ser\u00e3o atingidos os servidores que recebem acima de R$ 10,6 mil, s\u00e3o 29,9 mil servidores (95% do total). Uma parcela, de at\u00e9 esse valor (10,6) ser\u00e1 depositada na sexta-feira. \u00a0Outros 1,6 mil trabalhadores devem receber o restante do sal\u00e1rio no dia 4 de julho.<br \/>\nMas o impacto nos sal\u00e1rios ser\u00e1 maior nos pr\u00f3ximos meses e o valor m\u00e1ximo pode ser reduzido para cerca de R$ 5 mil. \u201cEsgotamos a possibilidade de pagamento integral e n\u00e3o h\u00e1 outra sa\u00edda. O crit\u00e9rio \u00e9 priorizar a folha, sempre, mas o parcelamento deve ser mantido no m\u00ednimo at\u00e9 o in\u00edcio do pr\u00f3ximo ano e pode atingir at\u00e9 50% dos servidores\u201d, disse Bussato.<br \/>\nO parcelamento n\u00e3o atinge servidores da Empresa P\u00fablica de Transportes e Circula\u00e7\u00e3o (EPTC), Companhia Carris Porto Alegrense (Carris), Companhia de Processamento de Dados do Munic\u00edpio de Porto Alegre (Procempa) e Departamento Municipal de \u00c1gua e Esgotos (Dmae). Essas autarquias possuem or\u00e7amento pr\u00f3prio.<br \/>\nA Secretaria da Fazenda aponta que nesse m\u00eas h\u00e1 um d\u00e9ficit na casa dos R$ 66 milh\u00f5es. No m\u00eas de junho, a receita l\u00edquida foi de R$ 238,5 milh\u00f5es para uma despesa de R$ 295,8 milh\u00f5es, sendo R$ 138 milh\u00f5es referentes \u00e0 folha de pagamento.<br \/>\nA Prefeitura alega que a situa\u00e7\u00e3o se agravou e deve piorar ainda mais a partir de julho em raz\u00e3o do esgotamento de recursos extraordin\u00e1rios, como o pagamento do IPTU, e que agora contar\u00e1 apenas com os ingressos mensais de tributos.<br \/>\n<strong>Medidas para conten\u00e7\u00e3o de despesas <\/strong><br \/>\n<strong>v\u00e3o incluir novas metas para gratifica\u00e7\u00f5es <\/strong><br \/>\nPrefeitura ir\u00e1 encaminhar nas pr\u00f3ximas semanas ao menos quatro projetos para conten\u00e7\u00e3o de despesas.<br \/>\nUm dos mais pol\u00eamicos deve mexer com as gratifica\u00e7\u00f5es e promo\u00e7\u00f5es de servidores p\u00fablicos. \u201cIremos propor novas metas, novos crit\u00e9rios para as gratifica\u00e7\u00f5es. \u00c9 uma mudan\u00e7a de paradigma. Temos que valorizar a meritocracia. Hoje, h\u00e1 gratifica\u00e7\u00f5es que todos recebem, sem a contrapartida necess\u00e1ria \u00e0 popula\u00e7\u00e3o. Vamos racionalizar isso\u201d, completou Busatto.<br \/>\nO secret\u00e1rio acredita em um bom di\u00e1logo na C\u00e2mara de Vereadores e que os projetos possam ser aprovados at\u00e9 setembro, para que o or\u00e7amento do pr\u00f3ximo ano seja contemplado pelas mudan\u00e7as propostas.<br \/>\nO primeiro projeto, que trata da revis\u00e3o das gratifica\u00e7\u00f5es de servidores da administra\u00e7\u00e3o tribut\u00e1ria, j\u00e1 foi protocolado na C\u00e2mara e servir\u00e1 como teste para os pr\u00f3ximos.<br \/>\nOs demais projetos incluem a revis\u00e3o da planta de valores do IPTU, o refinanciamento de d\u00edvidas e a revis\u00e3o de isen\u00e7\u00f5es tribut\u00e1rias. \u201cS\u00e3o R$ 150 milh\u00f5es, temos que ver isso. Por exemplo, temos isen\u00e7\u00f5es para faculdades, ensino superior. O munic\u00edpio \u00e9 respons\u00e1vel pela educa\u00e7\u00e3o b\u00e1sica, n\u00e3o superior. Acho que temos que cortar isso\u201d, falou Busatto.<br \/>\nSobre a decis\u00e3o judicial que concedeu uma liminar ao Sindicato dos Municip\u00e1rios de Porto Alegre (Simpa) proibindo o parcelamento de sal\u00e1rios, o secret\u00e1rio explicou que a prefeitura trabalha para sempre priorizar a folha de pagamento.<\/p>\n","protected":false},"excerpt":{"rendered":"<p>Tiago Baltz A not\u00edcia j\u00e1 era esperada e foi confirmada esta tarde pelo secret\u00e1rio municipal da Fazenda de Porto Alegre, Leonardo Busatto. A partir deste m\u00eas, os sal\u00e1rios dos servidores municipais passam a ser parcelados. Neste m\u00eas ser\u00e3o atingidos os servidores que recebem acima de R$ 10,6 mil, s\u00e3o 29,9 mil servidores (95% do total). [&hellip;]<\/p>\n","protected":false},"author":4,"featured_media":50658,"comment_status":"open","ping_status":"closed","sticky":false,"template":"","format":"standard","meta":{"_jetpack_newsletter_access":"","_jetpack_dont_email_post_to_subs":false,"_jetpack_newsletter_tier_id":0,"_jetpack_memberships_contains_paywalled_content":false,"_jetpack_feature_clip_id":0,"_jetpack_memberships_contains_paid_content":false,"footnotes":"","jetpack_post_was_ever_published":false},"categories":[26],"tags":[],"class_list":["post-50657","post","type-post","status-publish","format-standard","has-post-thumbnail","hentry","category-geral"],"aioseo_notices":[],"aioseo_head":"\n\t\t<!-- All in One SEO 5.0.1.1 - aioseo.com -->\n\t<meta name=\"robots\" content=\"max-image-preview:large\" \/>\n\t<meta name=\"author\" content=\"da Reda\u00e7\u00e3o\"\/>\n\t<link rel=\"canonical\" href=\"https:\/\/www.jornalja.com.br\/arquivo\/busatto-anuncia-parcelamento-de-salarios-e-projeto-para-revisar-gratificacoes\/\" \/>\n\t<meta name=\"generator\" content=\"All in One SEO (AIOSEO) 5.0.1.1\" \/>\n\t\t<meta property=\"og:locale\" content=\"pt_BR\" \/>\n\t\t<meta property=\"og:site_name\" content=\"Arquivo | Jornal J\u00c1 | Porto Alegre\" \/>\n\t\t<meta property=\"og:type\" content=\"article\" \/>\n\t\t<meta property=\"og:title\" content=\"Busatto anuncia parcelamento de sal\u00e1rios e projeto para revisar gratifica\u00e7\u00f5es | Arquivo\" \/>\n\t\t<meta property=\"og:url\" content=\"https:\/\/www.jornalja.com.br\/arquivo\/busatto-anuncia-parcelamento-de-salarios-e-projeto-para-revisar-gratificacoes\/\" \/>\n\t\t<meta property=\"og:image\" content=\"https:\/\/www.jornalja.com.br\/economics\/wp-content\/uploads\/sites\/11\/2026\/08\/ja-folhaderosto-facebook.jpg\" \/>\n\t\t<meta property=\"og:image:secure_url\" content=\"https:\/\/www.jornalja.com.br\/economics\/wp-content\/uploads\/sites\/11\/2026\/08\/ja-folhaderosto-facebook.jpg\" \/>\n\t\t<meta property=\"article:published_time\" content=\"2017-06-28T20:43:36+00:00\" \/>\n\t\t<meta property=\"article:modified_time\" content=\"2017-06-28T20:43:36+00:00\" \/>\n\t\t<meta name=\"twitter:card\" content=\"summary\" \/>\n\t\t<meta name=\"twitter:title\" content=\"Busatto anuncia parcelamento de sal\u00e1rios e projeto para revisar gratifica\u00e7\u00f5es | Arquivo\" \/>\n\t\t<meta name=\"twitter:image\" content=\"https:\/\/www.jornalja.com.br\/economics\/wp-content\/uploads\/sites\/11\/2026\/08\/ja-folhaderosto-facebook.jpg\" \/>\n\t\t<script type=\"application\/ld+json\" class=\"aioseo-schema\">\n\t\t\t{\"@context\":\"https:\\\/\\\/schema.org\",\"@graph\":[{\"@type\":\"BlogPosting\",\"@id\":\"https:\\\/\\\/www.jornalja.com.br\\\/arquivo\\\/busatto-anuncia-parcelamento-de-salarios-e-projeto-para-revisar-gratificacoes\\\/#blogposting\",\"name\":\"Busatto anuncia parcelamento de sal\\u00e1rios e projeto para revisar gratifica\\u00e7\\u00f5es | Arquivo\",\"headline\":\"Busatto anuncia parcelamento de sal\\u00e1rios e projeto para revisar gratifica\\u00e7\\u00f5es\",\"author\":{\"@id\":\"https:\\\/\\\/www.jornalja.com.br\\\/arquivo\\\/author\\\/daredacao\\\/#author\"},\"publisher\":{\"@id\":\"https:\\\/\\\/www.jornalja.com.br\\\/arquivo\\\/#organization\"},\"image\":{\"@type\":\"ImageObject\",\"url\":50658},\"datePublished\":\"2017-06-28T17:43:36-03:00\",\"dateModified\":\"2017-06-28T17:43:36-03:00\",\"inLanguage\":\"pt-BR\",\"mainEntityOfPage\":{\"@id\":\"https:\\\/\\\/www.jornalja.com.br\\\/arquivo\\\/busatto-anuncia-parcelamento-de-salarios-e-projeto-para-revisar-gratificacoes\\\/#webpage\"},\"isPartOf\":{\"@id\":\"https:\\\/\\\/www.jornalja.com.br\\\/arquivo\\\/busatto-anuncia-parcelamento-de-salarios-e-projeto-para-revisar-gratificacoes\\\/#webpage\"},\"articleSection\":\"Geral\"},{\"@type\":\"BreadcrumbList\",\"@id\":\"https:\\\/\\\/www.jornalja.com.br\\\/arquivo\\\/busatto-anuncia-parcelamento-de-salarios-e-projeto-para-revisar-gratificacoes\\\/#breadcrumblist\",\"itemListElement\":[{\"@type\":\"ListItem\",\"@id\":\"https:\\\/\\\/www.jornalja.com.br\\\/arquivo#listItem\",\"position\":1,\"name\":\"Home\",\"item\":\"https:\\\/\\\/www.jornalja.com.br\\\/arquivo\",\"nextItem\":{\"@type\":\"ListItem\",\"@id\":\"https:\\\/\\\/www.jornalja.com.br\\\/arquivo\\\/category\\\/geral\\\/#listItem\",\"name\":\"Geral\"}},{\"@type\":\"ListItem\",\"@id\":\"https:\\\/\\\/www.jornalja.com.br\\\/arquivo\\\/category\\\/geral\\\/#listItem\",\"position\":2,\"name\":\"Geral\",\"item\":\"https:\\\/\\\/www.jornalja.com.br\\\/arquivo\\\/category\\\/geral\\\/\",\"nextItem\":{\"@type\":\"ListItem\",\"@id\":\"https:\\\/\\\/www.jornalja.com.br\\\/arquivo\\\/busatto-anuncia-parcelamento-de-salarios-e-projeto-para-revisar-gratificacoes\\\/#listItem\",\"name\":\"Busatto anuncia parcelamento de sal\\u00e1rios e projeto para revisar gratifica\\u00e7\\u00f5es\"},\"previousItem\":{\"@type\":\"ListItem\",\"@id\":\"https:\\\/\\\/www.jornalja.com.br\\\/arquivo#listItem\",\"name\":\"Home\"}},{\"@type\":\"ListItem\",\"@id\":\"https:\\\/\\\/www.jornalja.com.br\\\/arquivo\\\/busatto-anuncia-parcelamento-de-salarios-e-projeto-para-revisar-gratificacoes\\\/#listItem\",\"position\":3,\"name\":\"Busatto anuncia parcelamento de sal\\u00e1rios e projeto para revisar gratifica\\u00e7\\u00f5es\",\"previousItem\":{\"@type\":\"ListItem\",\"@id\":\"https:\\\/\\\/www.jornalja.com.br\\\/arquivo\\\/category\\\/geral\\\/#listItem\",\"name\":\"Geral\"}}]},{\"@type\":\"Organization\",\"@id\":\"https:\\\/\\\/www.jornalja.com.br\\\/arquivo\\\/#organization\",\"name\":\"Jornal J\\u00c1\",\"description\":\"Jornal J\\u00c1 | Porto Alegre\",\"url\":\"https:\\\/\\\/www.jornalja.com.br\\\/arquivo\\\/\",\"telephone\":\"+555133307272\",\"logo\":{\"@type\":\"ImageObject\",\"url\":\"https:\\\/\\\/www.jornalja.com.br\\\/wp-content\\\/uploads\\\/cards\\\/JAslogan.png\",\"@id\":\"https:\\\/\\\/www.jornalja.com.br\\\/arquivo\\\/busatto-anuncia-parcelamento-de-salarios-e-projeto-para-revisar-gratificacoes\\\/#organizationLogo\"},\"image\":{\"@id\":\"https:\\\/\\\/www.jornalja.com.br\\\/arquivo\\\/busatto-anuncia-parcelamento-de-salarios-e-projeto-para-revisar-gratificacoes\\\/#organizationLogo\"}},{\"@type\":\"Person\",\"@id\":\"https:\\\/\\\/www.jornalja.com.br\\\/arquivo\\\/author\\\/daredacao\\\/#author\",\"url\":\"https:\\\/\\\/www.jornalja.com.br\\\/arquivo\\\/author\\\/daredacao\\\/\",\"name\":\"da Reda\\u00e7\\u00e3o\",\"image\":{\"@type\":\"ImageObject\",\"@id\":\"https:\\\/\\\/www.jornalja.com.br\\\/arquivo\\\/busatto-anuncia-parcelamento-de-salarios-e-projeto-para-revisar-gratificacoes\\\/#authorImage\",\"url\":\"https:\\\/\\\/secure.gravatar.com\\\/avatar\\\/469fd857d6605ad19919d27ed29d35a968a25f6e8fd9318356bbb7f57aae9c65?s=96&d=mm&r=g\",\"width\":96,\"height\":96,\"caption\":\"da Reda\\u00e7\\u00e3o\"}},{\"@type\":\"WebPage\",\"@id\":\"https:\\\/\\\/www.jornalja.com.br\\\/arquivo\\\/busatto-anuncia-parcelamento-de-salarios-e-projeto-para-revisar-gratificacoes\\\/#webpage\",\"url\":\"https:\\\/\\\/www.jornalja.com.br\\\/arquivo\\\/busatto-anuncia-parcelamento-de-salarios-e-projeto-para-revisar-gratificacoes\\\/\",\"name\":\"Busatto anuncia parcelamento de sal\\u00e1rios e projeto para revisar gratifica\\u00e7\\u00f5es | Arquivo\",\"inLanguage\":\"pt-BR\",\"isPartOf\":{\"@id\":\"https:\\\/\\\/www.jornalja.com.br\\\/arquivo\\\/#website\"},\"breadcrumb\":{\"@id\":\"https:\\\/\\\/www.jornalja.com.br\\\/arquivo\\\/busatto-anuncia-parcelamento-de-salarios-e-projeto-para-revisar-gratificacoes\\\/#breadcrumblist\"},\"author\":{\"@id\":\"https:\\\/\\\/www.jornalja.com.br\\\/arquivo\\\/author\\\/daredacao\\\/#author\"},\"creator\":{\"@id\":\"https:\\\/\\\/www.jornalja.com.br\\\/arquivo\\\/author\\\/daredacao\\\/#author\"},\"image\":{\"@type\":\"ImageObject\",\"url\":50658,\"@id\":\"https:\\\/\\\/www.jornalja.com.br\\\/arquivo\\\/busatto-anuncia-parcelamento-de-salarios-e-projeto-para-revisar-gratificacoes\\\/#mainImage\"},\"primaryImageOfPage\":{\"@id\":\"https:\\\/\\\/www.jornalja.com.br\\\/arquivo\\\/busatto-anuncia-parcelamento-de-salarios-e-projeto-para-revisar-gratificacoes\\\/#mainImage\"},\"datePublished\":\"2017-06-28T17:43:36-03:00\",\"dateModified\":\"2017-06-28T17:43:36-03:00\"},{\"@type\":\"WebSite\",\"@id\":\"https:\\\/\\\/www.jornalja.com.br\\\/arquivo\\\/#website\",\"url\":\"https:\\\/\\\/www.jornalja.com.br\\\/arquivo\\\/\",\"name\":\"Arquivo\",\"description\":\"Jornal J\\u00c1 | Porto Alegre\",\"inLanguage\":\"pt-BR\",\"publisher\":{\"@id\":\"https:\\\/\\\/www.jornalja.com.br\\\/arquivo\\\/#organization\"}}]}\n\t\t<\/script>\n\t\t<!-- All in One SEO -->\n\n","aioseo_head_json":{"title":"Busatto anuncia parcelamento de sal\u00e1rios e projeto para revisar gratifica\u00e7\u00f5es | Arquivo","description":"","canonical_url":"https:\/\/www.jornalja.com.br\/arquivo\/busatto-anuncia-parcelamento-de-salarios-e-projeto-para-revisar-gratificacoes\/","robots":"max-image-preview:large","keywords":"","webmasterTools":{"miscellaneous":""},"schema":{"@context":"https:\/\/schema.org","@graph":[{"@type":"BlogPosting","@id":"https:\/\/www.jornalja.com.br\/arquivo\/busatto-anuncia-parcelamento-de-salarios-e-projeto-para-revisar-gratificacoes\/#blogposting","name":"Busatto anuncia parcelamento de sal\u00e1rios e projeto para revisar gratifica\u00e7\u00f5es | Arquivo","headline":"Busatto anuncia parcelamento de sal\u00e1rios e projeto para revisar gratifica\u00e7\u00f5es","author":{"@id":"https:\/\/www.jornalja.com.br\/arquivo\/author\/daredacao\/#author"},"publisher":{"@id":"https:\/\/www.jornalja.com.br\/arquivo\/#organization"},"image":{"@type":"ImageObject","url":50658},"datePublished":"2017-06-28T17:43:36-03:00","dateModified":"2017-06-28T17:43:36-03:00","inLanguage":"pt-BR","mainEntityOfPage":{"@id":"https:\/\/www.jornalja.com.br\/arquivo\/busatto-anuncia-parcelamento-de-salarios-e-projeto-para-revisar-gratificacoes\/#webpage"},"isPartOf":{"@id":"https:\/\/www.jornalja.com.br\/arquivo\/busatto-anuncia-parcelamento-de-salarios-e-projeto-para-revisar-gratificacoes\/#webpage"},"articleSection":"Geral"},{"@type":"BreadcrumbList","@id":"https:\/\/www.jornalja.com.br\/arquivo\/busatto-anuncia-parcelamento-de-salarios-e-projeto-para-revisar-gratificacoes\/#breadcrumblist","itemListElement":[{"@type":"ListItem","@id":"https:\/\/www.jornalja.com.br\/arquivo#listItem","position":1,"name":"Home","item":"https:\/\/www.jornalja.com.br\/arquivo","nextItem":{"@type":"ListItem","@id":"https:\/\/www.jornalja.com.br\/arquivo\/category\/geral\/#listItem","name":"Geral"}},{"@type":"ListItem","@id":"https:\/\/www.jornalja.com.br\/arquivo\/category\/geral\/#listItem","position":2,"name":"Geral","item":"https:\/\/www.jornalja.com.br\/arquivo\/category\/geral\/","nextItem":{"@type":"ListItem","@id":"https:\/\/www.jornalja.com.br\/arquivo\/busatto-anuncia-parcelamento-de-salarios-e-projeto-para-revisar-gratificacoes\/#listItem","name":"Busatto anuncia parcelamento de sal\u00e1rios e projeto para revisar gratifica\u00e7\u00f5es"},"previousItem":{"@type":"ListItem","@id":"https:\/\/www.jornalja.com.br\/arquivo#listItem","name":"Home"}},{"@type":"ListItem","@id":"https:\/\/www.jornalja.com.br\/arquivo\/busatto-anuncia-parcelamento-de-salarios-e-projeto-para-revisar-gratificacoes\/#listItem","position":3,"name":"Busatto anuncia parcelamento de sal\u00e1rios e projeto para revisar gratifica\u00e7\u00f5es","previousItem":{"@type":"ListItem","@id":"https:\/\/www.jornalja.com.br\/arquivo\/category\/geral\/#listItem","name":"Geral"}}]},{"@type":"Organization","@id":"https:\/\/www.jornalja.com.br\/arquivo\/#organization","name":"Jornal J\u00c1","description":"Jornal J\u00c1 | Porto Alegre","url":"https:\/\/www.jornalja.com.br\/arquivo\/","telephone":"+555133307272","logo":{"@type":"ImageObject","url":"https:\/\/www.jornalja.com.br\/wp-content\/uploads\/cards\/JAslogan.png","@id":"https:\/\/www.jornalja.com.br\/arquivo\/busatto-anuncia-parcelamento-de-salarios-e-projeto-para-revisar-gratificacoes\/#organizationLogo"},"image":{"@id":"https:\/\/www.jornalja.com.br\/arquivo\/busatto-anuncia-parcelamento-de-salarios-e-projeto-para-revisar-gratificacoes\/#organizationLogo"}},{"@type":"Person","@id":"https:\/\/www.jornalja.com.br\/arquivo\/author\/daredacao\/#author","url":"https:\/\/www.jornalja.com.br\/arquivo\/author\/daredacao\/","name":"da Reda\u00e7\u00e3o","image":{"@type":"ImageObject","@id":"https:\/\/www.jornalja.com.br\/arquivo\/busatto-anuncia-parcelamento-de-salarios-e-projeto-para-revisar-gratificacoes\/#authorImage","url":"https:\/\/secure.gravatar.com\/avatar\/469fd857d6605ad19919d27ed29d35a968a25f6e8fd9318356bbb7f57aae9c65?s=96&d=mm&r=g","width":96,"height":96,"caption":"da Reda\u00e7\u00e3o"}},{"@type":"WebPage","@id":"https:\/\/www.jornalja.com.br\/arquivo\/busatto-anuncia-parcelamento-de-salarios-e-projeto-para-revisar-gratificacoes\/#webpage","url":"https:\/\/www.jornalja.com.br\/arquivo\/busatto-anuncia-parcelamento-de-salarios-e-projeto-para-revisar-gratificacoes\/","name":"Busatto anuncia parcelamento de sal\u00e1rios e projeto para revisar gratifica\u00e7\u00f5es | Arquivo","inLanguage":"pt-BR","isPartOf":{"@id":"https:\/\/www.jornalja.com.br\/arquivo\/#website"},"breadcrumb":{"@id":"https:\/\/www.jornalja.com.br\/arquivo\/busatto-anuncia-parcelamento-de-salarios-e-projeto-para-revisar-gratificacoes\/#breadcrumblist"},"author":{"@id":"https:\/\/www.jornalja.com.br\/arquivo\/author\/daredacao\/#author"},"creator":{"@id":"https:\/\/www.jornalja.com.br\/arquivo\/author\/daredacao\/#author"},"image":{"@type":"ImageObject","url":50658,"@id":"https:\/\/www.jornalja.com.br\/arquivo\/busatto-anuncia-parcelamento-de-salarios-e-projeto-para-revisar-gratificacoes\/#mainImage"},"primaryImageOfPage":{"@id":"https:\/\/www.jornalja.com.br\/arquivo\/busatto-anuncia-parcelamento-de-salarios-e-projeto-para-revisar-gratificacoes\/#mainImage"},"datePublished":"2017-06-28T17:43:36-03:00","dateModified":"2017-06-28T17:43:36-03:00"},{"@type":"WebSite","@id":"https:\/\/www.jornalja.com.br\/arquivo\/#website","url":"https:\/\/www.jornalja.com.br\/arquivo\/","name":"Arquivo","description":"Jornal J\u00c1 | Porto Alegre","inLanguage":"pt-BR","publisher":{"@id":"https:\/\/www.jornalja.com.br\/arquivo\/#organization"}}]},"og:locale":"pt_BR","og:site_name":"Arquivo | Jornal J\u00c1 | Porto Alegre","og:type":"article","og:title":"Busatto anuncia parcelamento de sal\u00e1rios e projeto para revisar gratifica\u00e7\u00f5es | Arquivo","og:url":"https:\/\/www.jornalja.com.br\/arquivo\/busatto-anuncia-parcelamento-de-salarios-e-projeto-para-revisar-gratificacoes\/","og:image":"https:\/\/www.jornalja.com.br\/economics\/wp-content\/uploads\/sites\/11\/2026\/08\/ja-folhaderosto-facebook.jpg","og:image:secure_url":"https:\/\/www.jornalja.com.br\/economics\/wp-content\/uploads\/sites\/11\/2026\/08\/ja-folhaderosto-facebook.jpg","article:published_time":"2017-06-28T20:43:36+00:00","article:modified_time":"2017-06-28T20:43:36+00:00","twitter:card":"summary","twitter:title":"Busatto anuncia parcelamento de sal\u00e1rios e projeto para revisar gratifica\u00e7\u00f5es | Arquivo","twitter:image":"https:\/\/www.jornalja.com.br\/economics\/wp-content\/uploads\/sites\/11\/2026\/08\/ja-folhaderosto-facebook.jpg"},"aioseo_meta_data":{"post_id":"50657","title":null,"description":null,"keywords":null,"keyphrases":null,"primary_term":null,"canonical_url":null,"og_title":null,"og_description":null,"og_object_type":"default","og_image_type":"default","og_image_url":null,"og_image_width":null,"og_image_height":null,"og_image_custom_url":null,"og_image_custom_fields":null,"og_video":null,"og_custom_url":null,"og_article_section":null,"og_article_tags":null,"twitter_use_og":false,"twitter_card":"default","twitter_image_type":"default","twitter_image_url":null,"twitter_image_custom_url":null,"twitter_image_custom_fields":null,"twitter_title":null,"twitter_description":null,"schema":{"blockGraphs":[],"customGraphs":[],"default":{"data":{"Article":[],"Course":[],"Dataset":[],"FAQPage":[],"Movie":[],"Person":[],"Product":[],"ProductReview":[],"Car":[],"Recipe":[],"Service":[],"SoftwareApplication":[],"WebPage":[]},"graphName":"","isEnabled":true},"graphs":[],"defaultGraph":"","defaultPostTypeGraph":""},"schema_type":null,"schema_type_options":null,"pillar_content":false,"robots_default":true,"robots_noindex":false,"robots_noarchive":false,"robots_nosnippet":false,"robots_nofollow":false,"robots_noimageindex":false,"robots_noodp":false,"robots_notranslate":false,"robots_max_snippet":null,"robots_max_videopreview":null,"robots_max_imagepreview":"large","priority":null,"frequency":null,"location":null,"local_seo":null,"breadcrumb_settings":null,"limit_modified_date":false,"ai":null,"created":"2020-12-20 20:30:49","updated":"2025-07-19 22:33:20","seo_analyzer_scan_date":null,"focus_keyword":null,"additional_keywords":null,"truseo_locale":null},"jetpack_sharing_enabled":true,"jetpack-related-posts":[{"id":13240,"url":"https:\/\/www.jornalja.com.br\/arquivo\/plano-diretor-estamos-construindo-o-caos\/","url_meta":{"origin":50657,"position":0},"title":"Plano diretor: &quot;Estamos construindo o caos&quot;","author":"Patr\u00edcia Marini","date":"26 de maio de 2014","format":false,"excerpt":"Desabafo que arquiteta Eliana Castilhos, delegada da Regi\u00e3o de Planejamento 1, postou nas redes sociais \u00e9 um testemunho do ambiente que se criou no Conselho do Plano Diretor de Porto Alegre, onde a aprova\u00e7\u00e3o de grandes empreendimentos \u00e9 empurrada guela abaixo dos conselheiros. Ao CMDUA Como delegada da Regi\u00e3o de\u2026","rel":"","context":"Em &quot;Geral&quot;","block_context":{"text":"Geral","link":"https:\/\/www.jornalja.com.br\/arquivo\/category\/geral\/"},"img":{"alt_text":"","src":"","width":0,"height":0},"classes":[]},{"id":13124,"url":"https:\/\/www.jornalja.com.br\/arquivo\/sangue-latino-no-iecine\/","url_meta":{"origin":50657,"position":1},"title":"Sangue latino no IECINE","author":"da Reda\u00e7\u00e3o","date":"18 de maio de 2014","format":false,"excerpt":"Francisco Ribeiro O Instituto Estadual de Cinema (IECINE) tem a frente, desde abril \u00faltimo, um novo diretor, o cineasta colombiano Juan Zapata, 36, que substitui Luiz Alberto Cassol. Radicado h\u00e1 dez anos em Porto Alegre, Zapata tem diante de si o desafio de conduzir at\u00e9 o final do ano um\u2026","rel":"","context":"Em &quot;Cultura-Geral&quot;","block_context":{"text":"Cultura-Geral","link":"https:\/\/www.jornalja.com.br\/arquivo\/category\/materiasecundaria\/"},"img":{"alt_text":"","src":"","width":0,"height":0},"classes":[]},{"id":13109,"url":"https:\/\/www.jornalja.com.br\/arquivo\/judiciario-reconhece-poluicao-eletromagnetica\/","url_meta":{"origin":50657,"position":2},"title":"Judici\u00e1rio reconhece polui\u00e7\u00e3o eletromagn\u00e9tica","author":"Patr\u00edcia Marini","date":"16 de maio de 2014","format":false,"excerpt":"A\u00e7\u00e3o de duas associa\u00e7\u00f5es de moradores foi acolhida pelo Tribunal de Justi\u00e7a de S\u00e3o Paulo que. em decis\u00e3o in\u00e9dita, determinou a redu\u00e7\u00e3o do campo eletromagn\u00e9tico gerado pelas linhas de transmiss\u00e3o de energia que cortam os bairros City Boa\u00e7ava e Alto de Pinheiros. \u00c9 a primeira vez que um tribunal do\u2026","rel":"","context":"Em &quot;X.Categorias velhas&quot;","block_context":{"text":"X.Categorias velhas","link":"https:\/\/www.jornalja.com.br\/arquivo\/category\/x-categorias-velhas\/"},"img":{"alt_text":"","src":"","width":0,"height":0},"classes":[]},{"id":13128,"url":"https:\/\/www.jornalja.com.br\/arquivo\/maconha-terra-diz-que-uso-medicinal-e-desculpa\/","url_meta":{"origin":50657,"position":3},"title":"Maconha: Terra diz que uso medicinal \u00e9 desculpa","author":"Patr\u00edcia Marini","date":"4 de junho de 2014","format":false,"excerpt":"A condi\u00e7\u00e3o de pol\u00edtico, em \u00e9poca de campanha de campanha eleitoral, tira for\u00e7a do discurso do m\u00e9dico Osmar Terra contra a legaliza\u00e7\u00e3o da maconha. A tese dele de que a libera\u00e7\u00e3o vai ampliar exponencialmente o consumo \u00e9 discutivel, o consumo \u00e9 corrente. Mas seus alertas quanto aos riscos tem que\u2026","rel":"","context":"Em &quot;X.Categorias velhas&quot;","block_context":{"text":"X.Categorias velhas","link":"https:\/\/www.jornalja.com.br\/arquivo\/category\/x-categorias-velhas\/"},"img":{"alt_text":"","src":"","width":0,"height":0},"classes":[]},{"id":13101,"url":"https:\/\/www.jornalja.com.br\/arquivo\/morre-um-guerreiro-do-texto\/","url_meta":{"origin":50657,"position":4},"title":"Morre um guerreiro do texto","author":"Patr\u00edcia Marini","date":"14 de maio de 2014","format":false,"excerpt":"Por Ricardo Kotscho Reproduzido do blog do autor, 11\/5\/2014; t\u00edtulo original \u201cE l\u00e1 se foi o nosso Myltainho, guerreiro do texto\u201d. Mi\u00fado e franzino, meu amigo Myltainho era um valente e inconformado guerreiro na luta contra as injusti\u00e7as sociais, a hipocrisia, as maracutaias, o autoritarismo, a intoler\u00e2ncia, a viol\u00eancia, o\u2026","rel":"","context":"Em &quot;Geral&quot;","block_context":{"text":"Geral","link":"https:\/\/www.jornalja.com.br\/arquivo\/category\/geral\/"},"img":{"alt_text":"","src":"","width":0,"height":0},"classes":[]},{"id":5440,"url":"https:\/\/www.jornalja.com.br\/arquivo\/casarao-da-venancio-destino-permanece-incerto\/","url_meta":{"origin":50657,"position":5},"title":"Estado ainda n\u00e3o sabe o que fazer com casar\u00e3o abandonado h\u00e1 20 anos","author":"Elmar Bones","date":"6 de julho de 2009","format":false,"excerpt":"O casar\u00e3o amarelo, numa esquina nobre de Porto Alegre (Ven\u00e2ncio Aires com Jo\u00e3o Pessoa), j\u00e1 abrigou uma escola. H\u00e1 duas d\u00e9cadas, pelo menos, est\u00e1 abandonado, porque seu propriet\u00e1rio, o governo do Estado do Rio Grande do Sul, n\u00e3o consegue achar um destino para ele. Planos n\u00e3o faltaram. O governador Ol\u00edvio\u2026","rel":"","context":"Em &quot;X.Categorias velhas&quot;","block_context":{"text":"X.Categorias velhas","link":"https:\/\/www.jornalja.com.br\/arquivo\/category\/x-categorias-velhas\/"},"img":{"alt_text":"geraldo1","src":"https:\/\/i0.wp.com\/www.jornalja.com.br\/wp-content\/uploads\/2009\/07\/geraldo1.jpg?resize=350%2C200&ssl=1","width":350,"height":200},"classes":[]}],"jetpack_shortlink":"https:\/\/wp.me\/pbQjBd-db3","jetpack_featured_media_url":"","_links":{"self":[{"href":"https:\/\/www.jornalja.com.br\/arquivo\/wp-json\/wp\/v2\/posts\/50657","targetHints":{"allow":["GET"]}}],"collection":[{"href":"https:\/\/www.jornalja.com.br\/arquivo\/wp-json\/wp\/v2\/posts"}],"about":[{"href":"https:\/\/www.jornalja.com.br\/arquivo\/wp-json\/wp\/v2\/types\/post"}],"author":[{"embeddable":true,"href":"https:\/\/www.jornalja.com.br\/arquivo\/wp-json\/wp\/v2\/users\/4"}],"replies":[{"embeddable":true,"href":"https:\/\/www.jornalja.com.br\/arquivo\/wp-json\/wp\/v2\/comments?post=50657"}],"version-history":[{"count":0,"href":"https:\/\/www.jornalja.com.br\/arquivo\/wp-json\/wp\/v2\/posts\/50657\/revisions"}],"wp:attachment":[{"href":"https:\/\/www.jornalja.com.br\/arquivo\/wp-json\/wp\/v2\/media?parent=50657"}],"wp:term":[{"taxonomy":"category","embeddable":true,"href":"https:\/\/www.jornalja.com.br\/arquivo\/wp-json\/wp\/v2\/categories?post=50657"},{"taxonomy":"post_tag","embeddable":true,"href":"https:\/\/www.jornalja.com.br\/arquivo\/wp-json\/wp\/v2\/tags?post=50657"}],"curies":[{"name":"wp","href":"https:\/\/api.w.org\/{rel}","templated":true}]}}