{"id":50690,"date":"2017-06-29T14:11:29","date_gmt":"2017-06-29T17:11:29","guid":{"rendered":"https:\/\/www.jornalja.com.br\/?p=50690"},"modified":"2017-06-29T14:11:29","modified_gmt":"2017-06-29T17:11:29","slug":"feirarteira-tem-edicao-junina-neste-final-de-semana-no-bom-fim","status":"publish","type":"post","link":"https:\/\/www.jornalja.com.br\/arquivo\/feirarteira-tem-edicao-junina-neste-final-de-semana-no-bom-fim\/","title":{"rendered":"FeirArteira tem edi\u00e7\u00e3o \u201cjunina\u201d neste final de semana no Bom Fim"},"content":{"rendered":"<p>A feirArteira tem nova edi\u00e7\u00e3o neste final de semana. O evento re\u00fane arte, artesanato, brech\u00f3, manifesta\u00e7\u00f5es art\u00edsticas e debates. No in\u00edcio de maio, o Coletivo Arteiros se reuniu no Studio CPilates para realizar um evento descontra\u00eddo. Neste s\u00e1bado, 1\u00ba, e domingo, 2 de julho, \u00a0novamente, estar\u00e3o no cora\u00e7\u00e3o do Bom Fim para montar o circo e receber seus diversos p\u00fablicos em uma edi\u00e7\u00e3o \u201cjunina\u201d. A pipoca e o quent\u00e3o fica por conta dos Arteiros.<br \/>\nA abertura do evento ocorre \u00e0s 10h do s\u00e1bado, dia 1\u00ba, e se estende at\u00e9 \u00e0s 21h. No domingo, 2, o hor\u00e1rio \u00e9 das 10h \u00e0s 19h. O evento acontece no Studio CPilates fica na Rua Gen. Jo\u00e3o Telles, 499. O coletivo Arteiros existe desde 2015 com a miss\u00e3o de incentivar o consumo consciente em um espa\u00e7o harm\u00f4nico, onde predominam a confian\u00e7a e a plena viv\u00eancia da cidadania. Para ampliar essa perspectiva, os Arteiros promovem bate-papos durante o evento e convidam seus integrantes a debater sobre pautas atuais.<br \/>\nCom este mote, os Arteiros cumprem a fun\u00e7\u00e3o fundamental do coletivo, valorizar os artistas locais, desde os consagrados at\u00e9 a nova gera\u00e7\u00e3o, e apoiar financeiramente com parte das vendas os demais projetos da Ag\u00eancia Livre para Informa\u00e7\u00e3o, Cidadania e Educa\u00e7\u00e3o (ALICE), organiza\u00e7\u00e3o n\u00e3o governamental que existe desde 1999 que desenvolve projetos como o jornal Boca de Rua, redigido, editado e vendido por moradores de rua de Porto Alegre h\u00e1 16 anos e o Direito \u00e0 Mem\u00f3ria e \u00e0 Verdade.<br \/>\n<strong>Quem s\u00e3o os arteiros:<\/strong><br \/>\n<strong>Cartunistas<\/strong><br \/>\nSantiago<br \/>\nUbertti<br \/>\nBier<br \/>\nMoa<br \/>\nEdgar Vasquez<br \/>\nRafael Correa<br \/>\nBruno Ortiz<br \/>\n<strong>Artes Pl\u00e1sticas<\/strong><br \/>\nErnani Chaves<br \/>\nL\u00eddia Fabricio<br \/>\nAmaro Abreu<br \/>\nVera Rotta<br \/>\nSilvia Marcuzzo<br \/>\nLuciana Guiot<br \/>\nDani Mei<br \/>\nGuto Abreu<br \/>\n<strong>Artesanato<\/strong><br \/>\nNina de Oliveira<br \/>\nGui Guterres<br \/>\nRosina Duarte<br \/>\nSeiva Sabonetes Artesanais<br \/>\nIlse Abreu<br \/>\n<strong>Fotografias<\/strong><br \/>\nLuiz Abreu<br \/>\nOtavio Teixeira<br \/>\nMarco Nedeff<br \/>\nDudu Tavares<br \/>\nMarco Couto<br \/>\nFelipe Farias<br \/>\nJ\u00f3ias artesanais<br \/>\nAntonio Perra<br \/>\nLivros<br \/>\nEditora Libretos<\/p>\n","protected":false},"excerpt":{"rendered":"<p>A feirArteira tem nova edi\u00e7\u00e3o neste final de semana. O evento re\u00fane arte, artesanato, brech\u00f3, manifesta\u00e7\u00f5es art\u00edsticas e debates. No in\u00edcio de maio, o Coletivo Arteiros se reuniu no Studio CPilates para realizar um evento descontra\u00eddo. Neste s\u00e1bado, 1\u00ba, e domingo, 2 de julho, \u00a0novamente, estar\u00e3o no cora\u00e7\u00e3o do Bom Fim para montar o circo [&hellip;]<\/p>\n","protected":false},"author":4,"featured_media":50692,"comment_status":"open","ping_status":"closed","sticky":false,"template":"","format":"standard","meta":{"_jetpack_newsletter_access":"","_jetpack_dont_email_post_to_subs":false,"_jetpack_newsletter_tier_id":0,"_jetpack_memberships_contains_paywalled_content":false,"_jetpack_feature_clip_id":0,"_jetpack_memberships_contains_paid_content":false,"footnotes":"","jetpack_post_was_ever_published":false},"categories":[11],"tags":[],"class_list":["post-50690","post","type-post","status-publish","format-standard","has-post-thumbnail","hentry","category-materiasecundaria"],"aioseo_notices":[],"aioseo_head":"\n\t\t<!-- All in One SEO 5.0.1.1 - aioseo.com -->\n\t<meta name=\"robots\" content=\"max-image-preview:large\" \/>\n\t<meta name=\"author\" content=\"da Reda\u00e7\u00e3o\"\/>\n\t<link rel=\"canonical\" href=\"https:\/\/www.jornalja.com.br\/arquivo\/feirarteira-tem-edicao-junina-neste-final-de-semana-no-bom-fim\/\" \/>\n\t<meta name=\"generator\" content=\"All in One SEO (AIOSEO) 5.0.1.1\" \/>\n\t\t<meta property=\"og:locale\" content=\"pt_BR\" \/>\n\t\t<meta property=\"og:site_name\" content=\"Arquivo | Jornal J\u00c1 | Porto Alegre\" \/>\n\t\t<meta property=\"og:type\" content=\"article\" \/>\n\t\t<meta property=\"og:title\" content=\"FeirArteira tem edi\u00e7\u00e3o \u201cjunina\u201d neste final de semana no Bom Fim | Arquivo\" \/>\n\t\t<meta property=\"og:url\" content=\"https:\/\/www.jornalja.com.br\/arquivo\/feirarteira-tem-edicao-junina-neste-final-de-semana-no-bom-fim\/\" \/>\n\t\t<meta property=\"og:image\" content=\"https:\/\/www.jornalja.com.br\/economics\/wp-content\/uploads\/sites\/11\/2026\/08\/ja-folhaderosto-facebook.jpg\" \/>\n\t\t<meta property=\"og:image:secure_url\" content=\"https:\/\/www.jornalja.com.br\/economics\/wp-content\/uploads\/sites\/11\/2026\/08\/ja-folhaderosto-facebook.jpg\" \/>\n\t\t<meta property=\"article:published_time\" content=\"2017-06-29T17:11:29+00:00\" \/>\n\t\t<meta property=\"article:modified_time\" content=\"2017-06-29T17:11:29+00:00\" \/>\n\t\t<meta name=\"twitter:card\" content=\"summary\" \/>\n\t\t<meta name=\"twitter:title\" content=\"FeirArteira tem edi\u00e7\u00e3o \u201cjunina\u201d neste final de semana no Bom Fim | Arquivo\" \/>\n\t\t<meta name=\"twitter:image\" content=\"https:\/\/www.jornalja.com.br\/economics\/wp-content\/uploads\/sites\/11\/2026\/08\/ja-folhaderosto-facebook.jpg\" \/>\n\t\t<script type=\"application\/ld+json\" class=\"aioseo-schema\">\n\t\t\t{\"@context\":\"https:\\\/\\\/schema.org\",\"@graph\":[{\"@type\":\"BlogPosting\",\"@id\":\"https:\\\/\\\/www.jornalja.com.br\\\/arquivo\\\/feirarteira-tem-edicao-junina-neste-final-de-semana-no-bom-fim\\\/#blogposting\",\"name\":\"FeirArteira tem edi\\u00e7\\u00e3o \\u201cjunina\\u201d neste final de semana no Bom Fim | Arquivo\",\"headline\":\"FeirArteira tem edi\\u00e7\\u00e3o \\u201cjunina\\u201d neste final de semana no Bom Fim\",\"author\":{\"@id\":\"https:\\\/\\\/www.jornalja.com.br\\\/arquivo\\\/author\\\/daredacao\\\/#author\"},\"publisher\":{\"@id\":\"https:\\\/\\\/www.jornalja.com.br\\\/arquivo\\\/#organization\"},\"image\":{\"@type\":\"ImageObject\",\"url\":50692},\"datePublished\":\"2017-06-29T14:11:29-03:00\",\"dateModified\":\"2017-06-29T14:11:29-03:00\",\"inLanguage\":\"pt-BR\",\"mainEntityOfPage\":{\"@id\":\"https:\\\/\\\/www.jornalja.com.br\\\/arquivo\\\/feirarteira-tem-edicao-junina-neste-final-de-semana-no-bom-fim\\\/#webpage\"},\"isPartOf\":{\"@id\":\"https:\\\/\\\/www.jornalja.com.br\\\/arquivo\\\/feirarteira-tem-edicao-junina-neste-final-de-semana-no-bom-fim\\\/#webpage\"},\"articleSection\":\"Cultura-Geral\"},{\"@type\":\"BreadcrumbList\",\"@id\":\"https:\\\/\\\/www.jornalja.com.br\\\/arquivo\\\/feirarteira-tem-edicao-junina-neste-final-de-semana-no-bom-fim\\\/#breadcrumblist\",\"itemListElement\":[{\"@type\":\"ListItem\",\"@id\":\"https:\\\/\\\/www.jornalja.com.br\\\/arquivo#listItem\",\"position\":1,\"name\":\"Home\",\"item\":\"https:\\\/\\\/www.jornalja.com.br\\\/arquivo\",\"nextItem\":{\"@type\":\"ListItem\",\"@id\":\"https:\\\/\\\/www.jornalja.com.br\\\/arquivo\\\/category\\\/materiasecundaria\\\/#listItem\",\"name\":\"Cultura-Geral\"}},{\"@type\":\"ListItem\",\"@id\":\"https:\\\/\\\/www.jornalja.com.br\\\/arquivo\\\/category\\\/materiasecundaria\\\/#listItem\",\"position\":2,\"name\":\"Cultura-Geral\",\"item\":\"https:\\\/\\\/www.jornalja.com.br\\\/arquivo\\\/category\\\/materiasecundaria\\\/\",\"nextItem\":{\"@type\":\"ListItem\",\"@id\":\"https:\\\/\\\/www.jornalja.com.br\\\/arquivo\\\/feirarteira-tem-edicao-junina-neste-final-de-semana-no-bom-fim\\\/#listItem\",\"name\":\"FeirArteira tem edi\\u00e7\\u00e3o \\u201cjunina\\u201d neste final de semana no Bom Fim\"},\"previousItem\":{\"@type\":\"ListItem\",\"@id\":\"https:\\\/\\\/www.jornalja.com.br\\\/arquivo#listItem\",\"name\":\"Home\"}},{\"@type\":\"ListItem\",\"@id\":\"https:\\\/\\\/www.jornalja.com.br\\\/arquivo\\\/feirarteira-tem-edicao-junina-neste-final-de-semana-no-bom-fim\\\/#listItem\",\"position\":3,\"name\":\"FeirArteira tem edi\\u00e7\\u00e3o \\u201cjunina\\u201d neste final de semana no Bom Fim\",\"previousItem\":{\"@type\":\"ListItem\",\"@id\":\"https:\\\/\\\/www.jornalja.com.br\\\/arquivo\\\/category\\\/materiasecundaria\\\/#listItem\",\"name\":\"Cultura-Geral\"}}]},{\"@type\":\"Organization\",\"@id\":\"https:\\\/\\\/www.jornalja.com.br\\\/arquivo\\\/#organization\",\"name\":\"Jornal J\\u00c1\",\"description\":\"Jornal J\\u00c1 | Porto Alegre\",\"url\":\"https:\\\/\\\/www.jornalja.com.br\\\/arquivo\\\/\",\"telephone\":\"+555133307272\",\"logo\":{\"@type\":\"ImageObject\",\"url\":\"https:\\\/\\\/www.jornalja.com.br\\\/wp-content\\\/uploads\\\/cards\\\/JAslogan.png\",\"@id\":\"https:\\\/\\\/www.jornalja.com.br\\\/arquivo\\\/feirarteira-tem-edicao-junina-neste-final-de-semana-no-bom-fim\\\/#organizationLogo\"},\"image\":{\"@id\":\"https:\\\/\\\/www.jornalja.com.br\\\/arquivo\\\/feirarteira-tem-edicao-junina-neste-final-de-semana-no-bom-fim\\\/#organizationLogo\"}},{\"@type\":\"Person\",\"@id\":\"https:\\\/\\\/www.jornalja.com.br\\\/arquivo\\\/author\\\/daredacao\\\/#author\",\"url\":\"https:\\\/\\\/www.jornalja.com.br\\\/arquivo\\\/author\\\/daredacao\\\/\",\"name\":\"da Reda\\u00e7\\u00e3o\",\"image\":{\"@type\":\"ImageObject\",\"@id\":\"https:\\\/\\\/www.jornalja.com.br\\\/arquivo\\\/feirarteira-tem-edicao-junina-neste-final-de-semana-no-bom-fim\\\/#authorImage\",\"url\":\"https:\\\/\\\/secure.gravatar.com\\\/avatar\\\/469fd857d6605ad19919d27ed29d35a968a25f6e8fd9318356bbb7f57aae9c65?s=96&d=mm&r=g\",\"width\":96,\"height\":96,\"caption\":\"da Reda\\u00e7\\u00e3o\"}},{\"@type\":\"WebPage\",\"@id\":\"https:\\\/\\\/www.jornalja.com.br\\\/arquivo\\\/feirarteira-tem-edicao-junina-neste-final-de-semana-no-bom-fim\\\/#webpage\",\"url\":\"https:\\\/\\\/www.jornalja.com.br\\\/arquivo\\\/feirarteira-tem-edicao-junina-neste-final-de-semana-no-bom-fim\\\/\",\"name\":\"FeirArteira tem edi\\u00e7\\u00e3o \\u201cjunina\\u201d neste final de semana no Bom Fim | Arquivo\",\"inLanguage\":\"pt-BR\",\"isPartOf\":{\"@id\":\"https:\\\/\\\/www.jornalja.com.br\\\/arquivo\\\/#website\"},\"breadcrumb\":{\"@id\":\"https:\\\/\\\/www.jornalja.com.br\\\/arquivo\\\/feirarteira-tem-edicao-junina-neste-final-de-semana-no-bom-fim\\\/#breadcrumblist\"},\"author\":{\"@id\":\"https:\\\/\\\/www.jornalja.com.br\\\/arquivo\\\/author\\\/daredacao\\\/#author\"},\"creator\":{\"@id\":\"https:\\\/\\\/www.jornalja.com.br\\\/arquivo\\\/author\\\/daredacao\\\/#author\"},\"image\":{\"@type\":\"ImageObject\",\"url\":50692,\"@id\":\"https:\\\/\\\/www.jornalja.com.br\\\/arquivo\\\/feirarteira-tem-edicao-junina-neste-final-de-semana-no-bom-fim\\\/#mainImage\"},\"primaryImageOfPage\":{\"@id\":\"https:\\\/\\\/www.jornalja.com.br\\\/arquivo\\\/feirarteira-tem-edicao-junina-neste-final-de-semana-no-bom-fim\\\/#mainImage\"},\"datePublished\":\"2017-06-29T14:11:29-03:00\",\"dateModified\":\"2017-06-29T14:11:29-03:00\"},{\"@type\":\"WebSite\",\"@id\":\"https:\\\/\\\/www.jornalja.com.br\\\/arquivo\\\/#website\",\"url\":\"https:\\\/\\\/www.jornalja.com.br\\\/arquivo\\\/\",\"name\":\"Arquivo\",\"description\":\"Jornal J\\u00c1 | Porto Alegre\",\"inLanguage\":\"pt-BR\",\"publisher\":{\"@id\":\"https:\\\/\\\/www.jornalja.com.br\\\/arquivo\\\/#organization\"}}]}\n\t\t<\/script>\n\t\t<!-- All in One SEO -->\n\n","aioseo_head_json":{"title":"FeirArteira tem edi\u00e7\u00e3o \u201cjunina\u201d neste final de semana no Bom Fim | Arquivo","description":"","canonical_url":"https:\/\/www.jornalja.com.br\/arquivo\/feirarteira-tem-edicao-junina-neste-final-de-semana-no-bom-fim\/","robots":"max-image-preview:large","keywords":"","webmasterTools":{"miscellaneous":""},"schema":{"@context":"https:\/\/schema.org","@graph":[{"@type":"BlogPosting","@id":"https:\/\/www.jornalja.com.br\/arquivo\/feirarteira-tem-edicao-junina-neste-final-de-semana-no-bom-fim\/#blogposting","name":"FeirArteira tem edi\u00e7\u00e3o \u201cjunina\u201d neste final de semana no Bom Fim | Arquivo","headline":"FeirArteira tem edi\u00e7\u00e3o \u201cjunina\u201d neste final de semana no Bom Fim","author":{"@id":"https:\/\/www.jornalja.com.br\/arquivo\/author\/daredacao\/#author"},"publisher":{"@id":"https:\/\/www.jornalja.com.br\/arquivo\/#organization"},"image":{"@type":"ImageObject","url":50692},"datePublished":"2017-06-29T14:11:29-03:00","dateModified":"2017-06-29T14:11:29-03:00","inLanguage":"pt-BR","mainEntityOfPage":{"@id":"https:\/\/www.jornalja.com.br\/arquivo\/feirarteira-tem-edicao-junina-neste-final-de-semana-no-bom-fim\/#webpage"},"isPartOf":{"@id":"https:\/\/www.jornalja.com.br\/arquivo\/feirarteira-tem-edicao-junina-neste-final-de-semana-no-bom-fim\/#webpage"},"articleSection":"Cultura-Geral"},{"@type":"BreadcrumbList","@id":"https:\/\/www.jornalja.com.br\/arquivo\/feirarteira-tem-edicao-junina-neste-final-de-semana-no-bom-fim\/#breadcrumblist","itemListElement":[{"@type":"ListItem","@id":"https:\/\/www.jornalja.com.br\/arquivo#listItem","position":1,"name":"Home","item":"https:\/\/www.jornalja.com.br\/arquivo","nextItem":{"@type":"ListItem","@id":"https:\/\/www.jornalja.com.br\/arquivo\/category\/materiasecundaria\/#listItem","name":"Cultura-Geral"}},{"@type":"ListItem","@id":"https:\/\/www.jornalja.com.br\/arquivo\/category\/materiasecundaria\/#listItem","position":2,"name":"Cultura-Geral","item":"https:\/\/www.jornalja.com.br\/arquivo\/category\/materiasecundaria\/","nextItem":{"@type":"ListItem","@id":"https:\/\/www.jornalja.com.br\/arquivo\/feirarteira-tem-edicao-junina-neste-final-de-semana-no-bom-fim\/#listItem","name":"FeirArteira tem edi\u00e7\u00e3o \u201cjunina\u201d neste final de semana no Bom Fim"},"previousItem":{"@type":"ListItem","@id":"https:\/\/www.jornalja.com.br\/arquivo#listItem","name":"Home"}},{"@type":"ListItem","@id":"https:\/\/www.jornalja.com.br\/arquivo\/feirarteira-tem-edicao-junina-neste-final-de-semana-no-bom-fim\/#listItem","position":3,"name":"FeirArteira tem edi\u00e7\u00e3o \u201cjunina\u201d neste final de semana no Bom Fim","previousItem":{"@type":"ListItem","@id":"https:\/\/www.jornalja.com.br\/arquivo\/category\/materiasecundaria\/#listItem","name":"Cultura-Geral"}}]},{"@type":"Organization","@id":"https:\/\/www.jornalja.com.br\/arquivo\/#organization","name":"Jornal J\u00c1","description":"Jornal J\u00c1 | Porto Alegre","url":"https:\/\/www.jornalja.com.br\/arquivo\/","telephone":"+555133307272","logo":{"@type":"ImageObject","url":"https:\/\/www.jornalja.com.br\/wp-content\/uploads\/cards\/JAslogan.png","@id":"https:\/\/www.jornalja.com.br\/arquivo\/feirarteira-tem-edicao-junina-neste-final-de-semana-no-bom-fim\/#organizationLogo"},"image":{"@id":"https:\/\/www.jornalja.com.br\/arquivo\/feirarteira-tem-edicao-junina-neste-final-de-semana-no-bom-fim\/#organizationLogo"}},{"@type":"Person","@id":"https:\/\/www.jornalja.com.br\/arquivo\/author\/daredacao\/#author","url":"https:\/\/www.jornalja.com.br\/arquivo\/author\/daredacao\/","name":"da Reda\u00e7\u00e3o","image":{"@type":"ImageObject","@id":"https:\/\/www.jornalja.com.br\/arquivo\/feirarteira-tem-edicao-junina-neste-final-de-semana-no-bom-fim\/#authorImage","url":"https:\/\/secure.gravatar.com\/avatar\/469fd857d6605ad19919d27ed29d35a968a25f6e8fd9318356bbb7f57aae9c65?s=96&d=mm&r=g","width":96,"height":96,"caption":"da Reda\u00e7\u00e3o"}},{"@type":"WebPage","@id":"https:\/\/www.jornalja.com.br\/arquivo\/feirarteira-tem-edicao-junina-neste-final-de-semana-no-bom-fim\/#webpage","url":"https:\/\/www.jornalja.com.br\/arquivo\/feirarteira-tem-edicao-junina-neste-final-de-semana-no-bom-fim\/","name":"FeirArteira tem edi\u00e7\u00e3o \u201cjunina\u201d neste final de semana no Bom Fim | Arquivo","inLanguage":"pt-BR","isPartOf":{"@id":"https:\/\/www.jornalja.com.br\/arquivo\/#website"},"breadcrumb":{"@id":"https:\/\/www.jornalja.com.br\/arquivo\/feirarteira-tem-edicao-junina-neste-final-de-semana-no-bom-fim\/#breadcrumblist"},"author":{"@id":"https:\/\/www.jornalja.com.br\/arquivo\/author\/daredacao\/#author"},"creator":{"@id":"https:\/\/www.jornalja.com.br\/arquivo\/author\/daredacao\/#author"},"image":{"@type":"ImageObject","url":50692,"@id":"https:\/\/www.jornalja.com.br\/arquivo\/feirarteira-tem-edicao-junina-neste-final-de-semana-no-bom-fim\/#mainImage"},"primaryImageOfPage":{"@id":"https:\/\/www.jornalja.com.br\/arquivo\/feirarteira-tem-edicao-junina-neste-final-de-semana-no-bom-fim\/#mainImage"},"datePublished":"2017-06-29T14:11:29-03:00","dateModified":"2017-06-29T14:11:29-03:00"},{"@type":"WebSite","@id":"https:\/\/www.jornalja.com.br\/arquivo\/#website","url":"https:\/\/www.jornalja.com.br\/arquivo\/","name":"Arquivo","description":"Jornal J\u00c1 | Porto Alegre","inLanguage":"pt-BR","publisher":{"@id":"https:\/\/www.jornalja.com.br\/arquivo\/#organization"}}]},"og:locale":"pt_BR","og:site_name":"Arquivo | Jornal J\u00c1 | Porto Alegre","og:type":"article","og:title":"FeirArteira tem edi\u00e7\u00e3o \u201cjunina\u201d neste final de semana no Bom Fim | Arquivo","og:url":"https:\/\/www.jornalja.com.br\/arquivo\/feirarteira-tem-edicao-junina-neste-final-de-semana-no-bom-fim\/","og:image":"https:\/\/www.jornalja.com.br\/economics\/wp-content\/uploads\/sites\/11\/2026\/08\/ja-folhaderosto-facebook.jpg","og:image:secure_url":"https:\/\/www.jornalja.com.br\/economics\/wp-content\/uploads\/sites\/11\/2026\/08\/ja-folhaderosto-facebook.jpg","article:published_time":"2017-06-29T17:11:29+00:00","article:modified_time":"2017-06-29T17:11:29+00:00","twitter:card":"summary","twitter:title":"FeirArteira tem edi\u00e7\u00e3o \u201cjunina\u201d neste final de semana no Bom Fim | Arquivo","twitter:image":"https:\/\/www.jornalja.com.br\/economics\/wp-content\/uploads\/sites\/11\/2026\/08\/ja-folhaderosto-facebook.jpg"},"aioseo_meta_data":{"post_id":"50690","title":null,"description":null,"keywords":null,"keyphrases":null,"primary_term":null,"canonical_url":null,"og_title":null,"og_description":null,"og_object_type":"default","og_image_type":"default","og_image_url":null,"og_image_width":null,"og_image_height":null,"og_image_custom_url":null,"og_image_custom_fields":null,"og_video":null,"og_custom_url":null,"og_article_section":null,"og_article_tags":null,"twitter_use_og":false,"twitter_card":"default","twitter_image_type":"default","twitter_image_url":null,"twitter_image_custom_url":null,"twitter_image_custom_fields":null,"twitter_title":null,"twitter_description":null,"schema":{"blockGraphs":[],"customGraphs":[],"default":{"data":{"Article":[],"Course":[],"Dataset":[],"FAQPage":[],"Movie":[],"Person":[],"Product":[],"ProductReview":[],"Car":[],"Recipe":[],"Service":[],"SoftwareApplication":[],"WebPage":[]},"graphName":"","isEnabled":true},"graphs":[]},"schema_type":null,"schema_type_options":null,"pillar_content":false,"robots_default":true,"robots_noindex":false,"robots_noarchive":false,"robots_nosnippet":false,"robots_nofollow":false,"robots_noimageindex":false,"robots_noodp":false,"robots_notranslate":false,"robots_max_snippet":null,"robots_max_videopreview":null,"robots_max_imagepreview":"large","priority":null,"frequency":null,"location":null,"local_seo":null,"breadcrumb_settings":null,"limit_modified_date":false,"ai":null,"created":"2020-12-20 20:30:49","updated":"2025-07-19 22:39:10","seo_analyzer_scan_date":null,"focus_keyword":null,"additional_keywords":null,"truseo_locale":null},"jetpack_sharing_enabled":true,"jetpack-related-posts":[{"id":5440,"url":"https:\/\/www.jornalja.com.br\/arquivo\/casarao-da-venancio-destino-permanece-incerto\/","url_meta":{"origin":50690,"position":0},"title":"Estado ainda n\u00e3o sabe o que fazer com casar\u00e3o abandonado h\u00e1 20 anos","author":"Elmar Bones","date":"6 de julho de 2009","format":false,"excerpt":"O casar\u00e3o amarelo, numa esquina nobre de Porto Alegre (Ven\u00e2ncio Aires com Jo\u00e3o Pessoa), j\u00e1 abrigou uma escola. H\u00e1 duas d\u00e9cadas, pelo menos, est\u00e1 abandonado, porque seu propriet\u00e1rio, o governo do Estado do Rio Grande do Sul, n\u00e3o consegue achar um destino para ele. Planos n\u00e3o faltaram. O governador Ol\u00edvio\u2026","rel":"","context":"Em &quot;X.Categorias velhas&quot;","block_context":{"text":"X.Categorias velhas","link":"https:\/\/www.jornalja.com.br\/arquivo\/category\/x-categorias-velhas\/"},"img":{"alt_text":"geraldo1","src":"https:\/\/i0.wp.com\/www.jornalja.com.br\/wp-content\/uploads\/2009\/07\/geraldo1.jpg?resize=350%2C200&ssl=1","width":350,"height":200},"classes":[]},{"id":13124,"url":"https:\/\/www.jornalja.com.br\/arquivo\/sangue-latino-no-iecine\/","url_meta":{"origin":50690,"position":1},"title":"Sangue latino no IECINE","author":"da Reda\u00e7\u00e3o","date":"18 de maio de 2014","format":false,"excerpt":"Francisco Ribeiro O Instituto Estadual de Cinema (IECINE) tem a frente, desde abril \u00faltimo, um novo diretor, o cineasta colombiano Juan Zapata, 36, que substitui Luiz Alberto Cassol. Radicado h\u00e1 dez anos em Porto Alegre, Zapata tem diante de si o desafio de conduzir at\u00e9 o final do ano um\u2026","rel":"","context":"Em &quot;Cultura-Geral&quot;","block_context":{"text":"Cultura-Geral","link":"https:\/\/www.jornalja.com.br\/arquivo\/category\/materiasecundaria\/"},"img":{"alt_text":"","src":"","width":0,"height":0},"classes":[]},{"id":13240,"url":"https:\/\/www.jornalja.com.br\/arquivo\/plano-diretor-estamos-construindo-o-caos\/","url_meta":{"origin":50690,"position":2},"title":"Plano diretor: &quot;Estamos construindo o caos&quot;","author":"Patr\u00edcia Marini","date":"26 de maio de 2014","format":false,"excerpt":"Desabafo que arquiteta Eliana Castilhos, delegada da Regi\u00e3o de Planejamento 1, postou nas redes sociais \u00e9 um testemunho do ambiente que se criou no Conselho do Plano Diretor de Porto Alegre, onde a aprova\u00e7\u00e3o de grandes empreendimentos \u00e9 empurrada guela abaixo dos conselheiros. Ao CMDUA Como delegada da Regi\u00e3o de\u2026","rel":"","context":"Em &quot;Geral&quot;","block_context":{"text":"Geral","link":"https:\/\/www.jornalja.com.br\/arquivo\/category\/geral\/"},"img":{"alt_text":"","src":"","width":0,"height":0},"classes":[]},{"id":13101,"url":"https:\/\/www.jornalja.com.br\/arquivo\/morre-um-guerreiro-do-texto\/","url_meta":{"origin":50690,"position":3},"title":"Morre um guerreiro do texto","author":"Patr\u00edcia Marini","date":"14 de maio de 2014","format":false,"excerpt":"Por Ricardo Kotscho Reproduzido do blog do autor, 11\/5\/2014; t\u00edtulo original \u201cE l\u00e1 se foi o nosso Myltainho, guerreiro do texto\u201d. Mi\u00fado e franzino, meu amigo Myltainho era um valente e inconformado guerreiro na luta contra as injusti\u00e7as sociais, a hipocrisia, as maracutaias, o autoritarismo, a intoler\u00e2ncia, a viol\u00eancia, o\u2026","rel":"","context":"Em &quot;Geral&quot;","block_context":{"text":"Geral","link":"https:\/\/www.jornalja.com.br\/arquivo\/category\/geral\/"},"img":{"alt_text":"","src":"","width":0,"height":0},"classes":[]}],"jetpack_shortlink":"https:\/\/wp.me\/pbQjBd-dbA","jetpack_featured_media_url":"","_links":{"self":[{"href":"https:\/\/www.jornalja.com.br\/arquivo\/wp-json\/wp\/v2\/posts\/50690","targetHints":{"allow":["GET"]}}],"collection":[{"href":"https:\/\/www.jornalja.com.br\/arquivo\/wp-json\/wp\/v2\/posts"}],"about":[{"href":"https:\/\/www.jornalja.com.br\/arquivo\/wp-json\/wp\/v2\/types\/post"}],"author":[{"embeddable":true,"href":"https:\/\/www.jornalja.com.br\/arquivo\/wp-json\/wp\/v2\/users\/4"}],"replies":[{"embeddable":true,"href":"https:\/\/www.jornalja.com.br\/arquivo\/wp-json\/wp\/v2\/comments?post=50690"}],"version-history":[{"count":0,"href":"https:\/\/www.jornalja.com.br\/arquivo\/wp-json\/wp\/v2\/posts\/50690\/revisions"}],"wp:attachment":[{"href":"https:\/\/www.jornalja.com.br\/arquivo\/wp-json\/wp\/v2\/media?parent=50690"}],"wp:term":[{"taxonomy":"category","embeddable":true,"href":"https:\/\/www.jornalja.com.br\/arquivo\/wp-json\/wp\/v2\/categories?post=50690"},{"taxonomy":"post_tag","embeddable":true,"href":"https:\/\/www.jornalja.com.br\/arquivo\/wp-json\/wp\/v2\/tags?post=50690"}],"curies":[{"name":"wp","href":"https:\/\/api.w.org\/{rel}","templated":true}]}}