{"id":50713,"date":"2017-06-29T20:13:29","date_gmt":"2017-06-29T23:13:29","guid":{"rendered":"https:\/\/www.jornalja.com.br\/?p=50713"},"modified":"2017-06-29T20:13:29","modified_gmt":"2017-06-29T23:13:29","slug":"memorias-da-ditadura-medici-era-um-imbecil-diz-ex-governador-paulo-pimentel","status":"publish","type":"post","link":"https:\/\/www.jornalja.com.br\/arquivo\/memorias-da-ditadura-medici-era-um-imbecil-diz-ex-governador-paulo-pimentel\/","title":{"rendered":"Mem\u00f3rias da Ditadura: &quot;Vou lhe dar uma not\u00edcia, seu marido vai ser governador&quot;"},"content":{"rendered":"<div class=\"post-entry\">\n<div id=\"attachment_11951\" class=\"wp-caption aligncenter\">Em entrevista, no \u00faltimo dia 26, o ex-governador do Paran\u00e1, Paulo Pimentel, revelou fatos importantes para a Mem\u00f3ria da Ditadura Militar de 1964.<\/div>\n<div class=\"wp-caption aligncenter\">Pimentel governou o Paran\u00e1 de 1966 a 1970, conviveu com Castelo Branco, Costa e Silva e M\u00e9dici, a respeito de quem \u00e9 categ\u00f3rico: &#8220;Era antes de tudo um imbecil&#8221;. Reproduzimos o que foi publicado no blog de \u00a0Aroldo Mur\u00e1, um dos jornalistas que entrevistaram \u00a0o ex-governador para um livro sobre &#8220;Os Construtores do Paran\u00e1&#8221;.<\/div>\n<div class=\"wp-caption aligncenter\">O ex-governador do Paran\u00e1, Paulo Pimentel, costuma definir aliados e, principalmente advers\u00e1rios, em apenas uma frase. Sobre Jaime Lerner, diz que, como governador, foi um grande prefeito. J\u00e1 acerca do general Em\u00edlio Garrastazu M\u00e9dici, terceiro presidente na vig\u00eancia do regime militar, \u00e9 mais conciso e \u00e1cido: \u201cEra um imbecil\u201d.<\/div>\n<div class=\"wp-caption aligncenter\">Claro que Pimentel faz essa afirma\u00e7\u00e3o a uma dist\u00e2ncia hist\u00f3rica segura. Se repetisse tal coment\u00e1rio no ano de 1971, quando esteve cara a cara com o presidente da Rep\u00fablica, seria cassado ou, ainda pior, preso.<\/div>\n<div class=\"wp-caption aligncenter\">A segunda parte do depoimento que a coluna resume foi feita por Paulo Pimentel, dia 26, segunda, aos entrevistadores do livro \u201cEncontros do Araguaia: os grandes construtores do Paran\u00e1 no s\u00e9culo 20\u2033, de que sou o organizador, e cuja edi\u00e7\u00e3o est\u00e1 prevista para 2018.<\/div>\n<h3><em>DIRETAS PARA GOVERNADOR<\/em><\/h3>\n<p><em>Que se conte o epis\u00f3dio. M\u00e9dici convocou Ney Braga e Paulo Pimentel \u00e0 Bras\u00edlia. Ney havia ocupado o governo de 1961 a 1965, Pimentel de 1966 a 1970. <\/em><br \/>\n<em>Ambos foram eleitos pelo voto direto. Mesmo com o golpe deflagrado em 1964, Castello Branco, o primeiro presidente militar, havia mantido as elei\u00e7\u00f5es do ano seguinte, sem m\u00e1cula.<\/em><br \/>\n<em>A quest\u00e3o agora era outra. Os pr\u00f3ximos governadores seriam indicados pelo Planalto e Ney e Pimentel apostavam em Pedro Viriato Parigot de Souza, um engenheiro, professor da Universidade Federal do Paran\u00e1 e presidente da Copel por uma d\u00e9cada.<\/em><br \/>\n<em>M\u00e9dici, no entanto, os surpreendeu. O novo governador do Paran\u00e1 seria Haroldo Leon Peres, anunciou. Ora, eles protestaram, mas n\u00e3o havia o que demovesse o presidente daquela ideia. Era decis\u00e3o tomada. Como Ney e Pimentel insistiram, ele concordou em nomear Parigot vice-governador.<\/em><\/p>\n<h3><em>PARCERIA DO BARALHO<\/em><\/h3>\n<p><em>O motivo pelo qual M\u00e9dici queria fazer de Haroldo Leon Peres governador era frugal. Soube-se depois que a mulher do presidente, dona Scila, costumava jogar baralho com a esposa de Leon Peres, dona Helena. <\/em><br \/>\n<em>Da amizade nascida sob o regime militar surgiu o desejo do ditador M\u00e9dici, um homem da linha dura do Ex\u00e9rcito, de fazer um \u201cmimo\u201d para a mulher e nomear o marido de sua amiga como governador. Coisa de republiqueta. <\/em><br \/>\n<em>Pimentel diz que foi durante uma recep\u00e7\u00e3o no Pal\u00e1cio Itamaraty que a esposa de Perez (dona Helena) recebeu a not\u00edcia. M\u00e9dici parou em frente a ela na fila de cumprimentos e perguntou: \u201cVoc\u00ea sofre do cora\u00e7\u00e3o?\u201d. Diante da negativa, ele respondeu: \u201cEnt\u00e3o eu vou lhe dar uma not\u00edcia: seu marido vai ser governador do Paran\u00e1\u201d.<\/em><\/p>\n<h3><em>UM MILH\u00c3O<\/em><\/h3>\n<p><em>Era uma situa\u00e7\u00e3o bizarra que, segundo Pimentel, mostra quanto danoso foi o regime militar em seu aspecto pol\u00edtico. Nomeado em 1971, Peres governaria por apenas 252 dias. Foi obrigado a renunciar depois que o empreiteiro Cec\u00edlio R\u00eago de Almeida revelou grava\u00e7\u00e3o feita durante passeio na praia de Copacabana em que Perez pedia 1 milh\u00e3o para aprovar uma obra.<\/em><br \/>\n<em>As raz\u00f5es pelas quais Pimentel define M\u00e9dici como um imbecil (incur\u00e1vel) tem fundo naquela reuni\u00e3o em que ele anunciou sua decis\u00e3o. Ao citar o nome do pol\u00edtico escolhido, M\u00e9dici se confundiu e disse Leopoldo Perez. Ora, Leopoldo era um pol\u00edtico do Amazonas, distante do Paran\u00e1 por l\u00e9guas e mais l\u00e9guas.<\/em><\/p>\n<h3><em>FOI O PRIMEIRO. E O PIOR<\/em><\/h3>\n<p><em>Pimentel encarregou-se de corrigi-lo: \u201cPresidente, o senhor deve estar falando do Haroldo Leon Peres, um deputado de Maring\u00e1\u201d. M\u00e9dici fez um gesto com a m\u00e3o: \u201cEsse mesmo\u201d. Ele n\u00e3o sabia quem era ele, n\u00e3o sabia a quem estava destinando a administra\u00e7\u00e3o de um estado, tampouco media as consequ\u00eancias do que significava impor um governador a uma popula\u00e7\u00e3o acostumada a eleger ela mesma os seus administradores. Foi o primeiro governador do Paran\u00e1 nomeado pela ditadura. O pior.<\/em><\/p>\n<div id=\"attachment_11952\" class=\"wp-caption aligncenter\">\n<em><a href=\"http:\/\/www.aroldomura.com.br\/wp-content\/uploads\/2017\/06\/96-Parigot-e.jpg\"><img loading=\"lazy\" decoding=\"async\" class=\"size-full wp-image-11952\" src=\"http:\/\/www.aroldomura.com.br\/wp-content\/uploads\/2017\/06\/96-Parigot-e.jpg\" alt=\"Pedro Viriato Parigot de Souza: era o preferido; General M\u00e9dici: n\u00e3o sabia o nome de quem escolheu no lugar do preferido por Ney e Paulo\" width=\"400\" height=\"191\" \/><\/a><\/em><\/p>\n<p class=\"wp-caption-text\"><em>Pedro Viriato Parigot de Souza: era o preferido; General M\u00e9dici: n\u00e3o sabia o nome de quem escolheu no lugar do preferido por Ney e Paulo<\/em><\/p>\n<\/div>\n<\/div>\n","protected":false},"excerpt":{"rendered":"<p>Em entrevista, no \u00faltimo dia 26, o ex-governador do Paran\u00e1, Paulo Pimentel, revelou fatos importantes para a Mem\u00f3ria da Ditadura Militar de 1964. Pimentel governou o Paran\u00e1 de 1966 a 1970, conviveu com Castelo Branco, Costa e Silva e M\u00e9dici, a respeito de quem \u00e9 categ\u00f3rico: &#8220;Era antes de tudo um imbecil&#8221;. Reproduzimos o que [&hellip;]<\/p>\n","protected":false},"author":4,"featured_media":50714,"comment_status":"open","ping_status":"closed","sticky":false,"template":"","format":"standard","meta":{"_jetpack_newsletter_access":"","_jetpack_dont_email_post_to_subs":false,"_jetpack_newsletter_tier_id":0,"_jetpack_memberships_contains_paywalled_content":false,"_jetpack_feature_clip_id":0,"_jetpack_memberships_contains_paid_content":false,"footnotes":"","jetpack_post_was_ever_published":false},"categories":[26],"tags":[],"class_list":["post-50713","post","type-post","status-publish","format-standard","has-post-thumbnail","hentry","category-geral"],"aioseo_notices":[],"aioseo_head":"\n\t\t<!-- All in One SEO 5.0.1.1 - aioseo.com -->\n\t<meta name=\"robots\" content=\"max-image-preview:large\" \/>\n\t<meta name=\"author\" content=\"da Reda\u00e7\u00e3o\"\/>\n\t<link rel=\"canonical\" href=\"https:\/\/www.jornalja.com.br\/arquivo\/memorias-da-ditadura-medici-era-um-imbecil-diz-ex-governador-paulo-pimentel\/\" \/>\n\t<meta name=\"generator\" content=\"All in One SEO (AIOSEO) 5.0.1.1\" \/>\n\t\t<meta property=\"og:locale\" content=\"pt_BR\" \/>\n\t\t<meta property=\"og:site_name\" content=\"Arquivo | Jornal J\u00c1 | Porto Alegre\" \/>\n\t\t<meta property=\"og:type\" content=\"article\" \/>\n\t\t<meta property=\"og:title\" content=\"Mem\u00f3rias da Ditadura: &quot;Vou lhe dar uma not\u00edcia, seu marido vai ser governador&quot; | Arquivo\" \/>\n\t\t<meta property=\"og:url\" content=\"https:\/\/www.jornalja.com.br\/arquivo\/memorias-da-ditadura-medici-era-um-imbecil-diz-ex-governador-paulo-pimentel\/\" \/>\n\t\t<meta property=\"og:image\" content=\"https:\/\/www.aroldomura.com.br\/wp-content\/uploads\/2017\/06\/96-Parigot-e.jpg\" \/>\n\t\t<meta property=\"og:image:secure_url\" content=\"https:\/\/www.aroldomura.com.br\/wp-content\/uploads\/2017\/06\/96-Parigot-e.jpg\" \/>\n\t\t<meta property=\"article:published_time\" content=\"2017-06-29T23:13:29+00:00\" \/>\n\t\t<meta property=\"article:modified_time\" content=\"2017-06-29T23:13:29+00:00\" \/>\n\t\t<meta name=\"twitter:card\" content=\"summary\" \/>\n\t\t<meta name=\"twitter:title\" content=\"Mem\u00f3rias da Ditadura: &quot;Vou lhe dar uma not\u00edcia, seu marido vai ser governador&quot; | Arquivo\" \/>\n\t\t<meta name=\"twitter:image\" content=\"https:\/\/www.jornalja.com.br\/economics\/wp-content\/uploads\/sites\/11\/2026\/08\/ja-folhaderosto-facebook.jpg\" \/>\n\t\t<script type=\"application\/ld+json\" class=\"aioseo-schema\">\n\t\t\t{\"@context\":\"https:\\\/\\\/schema.org\",\"@graph\":[{\"@type\":\"BlogPosting\",\"@id\":\"https:\\\/\\\/www.jornalja.com.br\\\/arquivo\\\/memorias-da-ditadura-medici-era-um-imbecil-diz-ex-governador-paulo-pimentel\\\/#blogposting\",\"name\":\"Mem\\u00f3rias da Ditadura: \\\"Vou lhe dar uma not\\u00edcia, seu marido vai ser governador\\\" | Arquivo\",\"headline\":\"Mem\\u00f3rias da Ditadura: &quot;Vou lhe dar uma not\\u00edcia, seu marido vai ser governador&quot;\",\"author\":{\"@id\":\"https:\\\/\\\/www.jornalja.com.br\\\/arquivo\\\/author\\\/daredacao\\\/#author\"},\"publisher\":{\"@id\":\"https:\\\/\\\/www.jornalja.com.br\\\/arquivo\\\/#organization\"},\"image\":{\"@type\":\"ImageObject\",\"url\":50714},\"datePublished\":\"2017-06-29T20:13:29-03:00\",\"dateModified\":\"2017-06-29T20:13:29-03:00\",\"inLanguage\":\"pt-BR\",\"mainEntityOfPage\":{\"@id\":\"https:\\\/\\\/www.jornalja.com.br\\\/arquivo\\\/memorias-da-ditadura-medici-era-um-imbecil-diz-ex-governador-paulo-pimentel\\\/#webpage\"},\"isPartOf\":{\"@id\":\"https:\\\/\\\/www.jornalja.com.br\\\/arquivo\\\/memorias-da-ditadura-medici-era-um-imbecil-diz-ex-governador-paulo-pimentel\\\/#webpage\"},\"articleSection\":\"Geral\"},{\"@type\":\"BreadcrumbList\",\"@id\":\"https:\\\/\\\/www.jornalja.com.br\\\/arquivo\\\/memorias-da-ditadura-medici-era-um-imbecil-diz-ex-governador-paulo-pimentel\\\/#breadcrumblist\",\"itemListElement\":[{\"@type\":\"ListItem\",\"@id\":\"https:\\\/\\\/www.jornalja.com.br\\\/arquivo#listItem\",\"position\":1,\"name\":\"Home\",\"item\":\"https:\\\/\\\/www.jornalja.com.br\\\/arquivo\",\"nextItem\":{\"@type\":\"ListItem\",\"@id\":\"https:\\\/\\\/www.jornalja.com.br\\\/arquivo\\\/category\\\/geral\\\/#listItem\",\"name\":\"Geral\"}},{\"@type\":\"ListItem\",\"@id\":\"https:\\\/\\\/www.jornalja.com.br\\\/arquivo\\\/category\\\/geral\\\/#listItem\",\"position\":2,\"name\":\"Geral\",\"item\":\"https:\\\/\\\/www.jornalja.com.br\\\/arquivo\\\/category\\\/geral\\\/\",\"nextItem\":{\"@type\":\"ListItem\",\"@id\":\"https:\\\/\\\/www.jornalja.com.br\\\/arquivo\\\/memorias-da-ditadura-medici-era-um-imbecil-diz-ex-governador-paulo-pimentel\\\/#listItem\",\"name\":\"Mem\\u00f3rias da Ditadura: &quot;Vou lhe dar uma not\\u00edcia, seu marido vai ser governador&quot;\"},\"previousItem\":{\"@type\":\"ListItem\",\"@id\":\"https:\\\/\\\/www.jornalja.com.br\\\/arquivo#listItem\",\"name\":\"Home\"}},{\"@type\":\"ListItem\",\"@id\":\"https:\\\/\\\/www.jornalja.com.br\\\/arquivo\\\/memorias-da-ditadura-medici-era-um-imbecil-diz-ex-governador-paulo-pimentel\\\/#listItem\",\"position\":3,\"name\":\"Mem\\u00f3rias da Ditadura: &quot;Vou lhe dar uma not\\u00edcia, seu marido vai ser governador&quot;\",\"previousItem\":{\"@type\":\"ListItem\",\"@id\":\"https:\\\/\\\/www.jornalja.com.br\\\/arquivo\\\/category\\\/geral\\\/#listItem\",\"name\":\"Geral\"}}]},{\"@type\":\"Organization\",\"@id\":\"https:\\\/\\\/www.jornalja.com.br\\\/arquivo\\\/#organization\",\"name\":\"Jornal J\\u00c1\",\"description\":\"Jornal J\\u00c1 | Porto Alegre\",\"url\":\"https:\\\/\\\/www.jornalja.com.br\\\/arquivo\\\/\",\"telephone\":\"+555133307272\",\"logo\":{\"@type\":\"ImageObject\",\"url\":\"https:\\\/\\\/www.jornalja.com.br\\\/wp-content\\\/uploads\\\/cards\\\/JAslogan.png\",\"@id\":\"https:\\\/\\\/www.jornalja.com.br\\\/arquivo\\\/memorias-da-ditadura-medici-era-um-imbecil-diz-ex-governador-paulo-pimentel\\\/#organizationLogo\"},\"image\":{\"@id\":\"https:\\\/\\\/www.jornalja.com.br\\\/arquivo\\\/memorias-da-ditadura-medici-era-um-imbecil-diz-ex-governador-paulo-pimentel\\\/#organizationLogo\"}},{\"@type\":\"Person\",\"@id\":\"https:\\\/\\\/www.jornalja.com.br\\\/arquivo\\\/author\\\/daredacao\\\/#author\",\"url\":\"https:\\\/\\\/www.jornalja.com.br\\\/arquivo\\\/author\\\/daredacao\\\/\",\"name\":\"da Reda\\u00e7\\u00e3o\",\"image\":{\"@type\":\"ImageObject\",\"@id\":\"https:\\\/\\\/www.jornalja.com.br\\\/arquivo\\\/memorias-da-ditadura-medici-era-um-imbecil-diz-ex-governador-paulo-pimentel\\\/#authorImage\",\"url\":\"https:\\\/\\\/secure.gravatar.com\\\/avatar\\\/469fd857d6605ad19919d27ed29d35a968a25f6e8fd9318356bbb7f57aae9c65?s=96&d=mm&r=g\",\"width\":96,\"height\":96,\"caption\":\"da Reda\\u00e7\\u00e3o\"}},{\"@type\":\"WebPage\",\"@id\":\"https:\\\/\\\/www.jornalja.com.br\\\/arquivo\\\/memorias-da-ditadura-medici-era-um-imbecil-diz-ex-governador-paulo-pimentel\\\/#webpage\",\"url\":\"https:\\\/\\\/www.jornalja.com.br\\\/arquivo\\\/memorias-da-ditadura-medici-era-um-imbecil-diz-ex-governador-paulo-pimentel\\\/\",\"name\":\"Mem\\u00f3rias da Ditadura: \\\"Vou lhe dar uma not\\u00edcia, seu marido vai ser governador\\\" | Arquivo\",\"inLanguage\":\"pt-BR\",\"isPartOf\":{\"@id\":\"https:\\\/\\\/www.jornalja.com.br\\\/arquivo\\\/#website\"},\"breadcrumb\":{\"@id\":\"https:\\\/\\\/www.jornalja.com.br\\\/arquivo\\\/memorias-da-ditadura-medici-era-um-imbecil-diz-ex-governador-paulo-pimentel\\\/#breadcrumblist\"},\"author\":{\"@id\":\"https:\\\/\\\/www.jornalja.com.br\\\/arquivo\\\/author\\\/daredacao\\\/#author\"},\"creator\":{\"@id\":\"https:\\\/\\\/www.jornalja.com.br\\\/arquivo\\\/author\\\/daredacao\\\/#author\"},\"image\":{\"@type\":\"ImageObject\",\"url\":50714,\"@id\":\"https:\\\/\\\/www.jornalja.com.br\\\/arquivo\\\/memorias-da-ditadura-medici-era-um-imbecil-diz-ex-governador-paulo-pimentel\\\/#mainImage\"},\"primaryImageOfPage\":{\"@id\":\"https:\\\/\\\/www.jornalja.com.br\\\/arquivo\\\/memorias-da-ditadura-medici-era-um-imbecil-diz-ex-governador-paulo-pimentel\\\/#mainImage\"},\"datePublished\":\"2017-06-29T20:13:29-03:00\",\"dateModified\":\"2017-06-29T20:13:29-03:00\"},{\"@type\":\"WebSite\",\"@id\":\"https:\\\/\\\/www.jornalja.com.br\\\/arquivo\\\/#website\",\"url\":\"https:\\\/\\\/www.jornalja.com.br\\\/arquivo\\\/\",\"name\":\"Arquivo\",\"description\":\"Jornal J\\u00c1 | Porto Alegre\",\"inLanguage\":\"pt-BR\",\"publisher\":{\"@id\":\"https:\\\/\\\/www.jornalja.com.br\\\/arquivo\\\/#organization\"}}]}\n\t\t<\/script>\n\t\t<!-- All in One SEO -->\n\n","aioseo_head_json":{"title":"Mem\u00f3rias da Ditadura: \"Vou lhe dar uma not\u00edcia, seu marido vai ser governador\" | Arquivo","description":"","canonical_url":"https:\/\/www.jornalja.com.br\/arquivo\/memorias-da-ditadura-medici-era-um-imbecil-diz-ex-governador-paulo-pimentel\/","robots":"max-image-preview:large","keywords":"","webmasterTools":{"miscellaneous":""},"schema":{"@context":"https:\/\/schema.org","@graph":[{"@type":"BlogPosting","@id":"https:\/\/www.jornalja.com.br\/arquivo\/memorias-da-ditadura-medici-era-um-imbecil-diz-ex-governador-paulo-pimentel\/#blogposting","name":"Mem\u00f3rias da Ditadura: \"Vou lhe dar uma not\u00edcia, seu marido vai ser governador\" | Arquivo","headline":"Mem\u00f3rias da Ditadura: &quot;Vou lhe dar uma not\u00edcia, seu marido vai ser governador&quot;","author":{"@id":"https:\/\/www.jornalja.com.br\/arquivo\/author\/daredacao\/#author"},"publisher":{"@id":"https:\/\/www.jornalja.com.br\/arquivo\/#organization"},"image":{"@type":"ImageObject","url":50714},"datePublished":"2017-06-29T20:13:29-03:00","dateModified":"2017-06-29T20:13:29-03:00","inLanguage":"pt-BR","mainEntityOfPage":{"@id":"https:\/\/www.jornalja.com.br\/arquivo\/memorias-da-ditadura-medici-era-um-imbecil-diz-ex-governador-paulo-pimentel\/#webpage"},"isPartOf":{"@id":"https:\/\/www.jornalja.com.br\/arquivo\/memorias-da-ditadura-medici-era-um-imbecil-diz-ex-governador-paulo-pimentel\/#webpage"},"articleSection":"Geral"},{"@type":"BreadcrumbList","@id":"https:\/\/www.jornalja.com.br\/arquivo\/memorias-da-ditadura-medici-era-um-imbecil-diz-ex-governador-paulo-pimentel\/#breadcrumblist","itemListElement":[{"@type":"ListItem","@id":"https:\/\/www.jornalja.com.br\/arquivo#listItem","position":1,"name":"Home","item":"https:\/\/www.jornalja.com.br\/arquivo","nextItem":{"@type":"ListItem","@id":"https:\/\/www.jornalja.com.br\/arquivo\/category\/geral\/#listItem","name":"Geral"}},{"@type":"ListItem","@id":"https:\/\/www.jornalja.com.br\/arquivo\/category\/geral\/#listItem","position":2,"name":"Geral","item":"https:\/\/www.jornalja.com.br\/arquivo\/category\/geral\/","nextItem":{"@type":"ListItem","@id":"https:\/\/www.jornalja.com.br\/arquivo\/memorias-da-ditadura-medici-era-um-imbecil-diz-ex-governador-paulo-pimentel\/#listItem","name":"Mem\u00f3rias da Ditadura: &quot;Vou lhe dar uma not\u00edcia, seu marido vai ser governador&quot;"},"previousItem":{"@type":"ListItem","@id":"https:\/\/www.jornalja.com.br\/arquivo#listItem","name":"Home"}},{"@type":"ListItem","@id":"https:\/\/www.jornalja.com.br\/arquivo\/memorias-da-ditadura-medici-era-um-imbecil-diz-ex-governador-paulo-pimentel\/#listItem","position":3,"name":"Mem\u00f3rias da Ditadura: &quot;Vou lhe dar uma not\u00edcia, seu marido vai ser governador&quot;","previousItem":{"@type":"ListItem","@id":"https:\/\/www.jornalja.com.br\/arquivo\/category\/geral\/#listItem","name":"Geral"}}]},{"@type":"Organization","@id":"https:\/\/www.jornalja.com.br\/arquivo\/#organization","name":"Jornal J\u00c1","description":"Jornal J\u00c1 | Porto Alegre","url":"https:\/\/www.jornalja.com.br\/arquivo\/","telephone":"+555133307272","logo":{"@type":"ImageObject","url":"https:\/\/www.jornalja.com.br\/wp-content\/uploads\/cards\/JAslogan.png","@id":"https:\/\/www.jornalja.com.br\/arquivo\/memorias-da-ditadura-medici-era-um-imbecil-diz-ex-governador-paulo-pimentel\/#organizationLogo"},"image":{"@id":"https:\/\/www.jornalja.com.br\/arquivo\/memorias-da-ditadura-medici-era-um-imbecil-diz-ex-governador-paulo-pimentel\/#organizationLogo"}},{"@type":"Person","@id":"https:\/\/www.jornalja.com.br\/arquivo\/author\/daredacao\/#author","url":"https:\/\/www.jornalja.com.br\/arquivo\/author\/daredacao\/","name":"da Reda\u00e7\u00e3o","image":{"@type":"ImageObject","@id":"https:\/\/www.jornalja.com.br\/arquivo\/memorias-da-ditadura-medici-era-um-imbecil-diz-ex-governador-paulo-pimentel\/#authorImage","url":"https:\/\/secure.gravatar.com\/avatar\/469fd857d6605ad19919d27ed29d35a968a25f6e8fd9318356bbb7f57aae9c65?s=96&d=mm&r=g","width":96,"height":96,"caption":"da Reda\u00e7\u00e3o"}},{"@type":"WebPage","@id":"https:\/\/www.jornalja.com.br\/arquivo\/memorias-da-ditadura-medici-era-um-imbecil-diz-ex-governador-paulo-pimentel\/#webpage","url":"https:\/\/www.jornalja.com.br\/arquivo\/memorias-da-ditadura-medici-era-um-imbecil-diz-ex-governador-paulo-pimentel\/","name":"Mem\u00f3rias da Ditadura: \"Vou lhe dar uma not\u00edcia, seu marido vai ser governador\" | Arquivo","inLanguage":"pt-BR","isPartOf":{"@id":"https:\/\/www.jornalja.com.br\/arquivo\/#website"},"breadcrumb":{"@id":"https:\/\/www.jornalja.com.br\/arquivo\/memorias-da-ditadura-medici-era-um-imbecil-diz-ex-governador-paulo-pimentel\/#breadcrumblist"},"author":{"@id":"https:\/\/www.jornalja.com.br\/arquivo\/author\/daredacao\/#author"},"creator":{"@id":"https:\/\/www.jornalja.com.br\/arquivo\/author\/daredacao\/#author"},"image":{"@type":"ImageObject","url":50714,"@id":"https:\/\/www.jornalja.com.br\/arquivo\/memorias-da-ditadura-medici-era-um-imbecil-diz-ex-governador-paulo-pimentel\/#mainImage"},"primaryImageOfPage":{"@id":"https:\/\/www.jornalja.com.br\/arquivo\/memorias-da-ditadura-medici-era-um-imbecil-diz-ex-governador-paulo-pimentel\/#mainImage"},"datePublished":"2017-06-29T20:13:29-03:00","dateModified":"2017-06-29T20:13:29-03:00"},{"@type":"WebSite","@id":"https:\/\/www.jornalja.com.br\/arquivo\/#website","url":"https:\/\/www.jornalja.com.br\/arquivo\/","name":"Arquivo","description":"Jornal J\u00c1 | Porto Alegre","inLanguage":"pt-BR","publisher":{"@id":"https:\/\/www.jornalja.com.br\/arquivo\/#organization"}}]},"og:locale":"pt_BR","og:site_name":"Arquivo | Jornal J\u00c1 | Porto Alegre","og:type":"article","og:title":"Mem\u00f3rias da Ditadura: &quot;Vou lhe dar uma not\u00edcia, seu marido vai ser governador&quot; | Arquivo","og:url":"https:\/\/www.jornalja.com.br\/arquivo\/memorias-da-ditadura-medici-era-um-imbecil-diz-ex-governador-paulo-pimentel\/","og:image":"https:\/\/www.aroldomura.com.br\/wp-content\/uploads\/2017\/06\/96-Parigot-e.jpg","og:image:secure_url":"https:\/\/www.aroldomura.com.br\/wp-content\/uploads\/2017\/06\/96-Parigot-e.jpg","article:published_time":"2017-06-29T23:13:29+00:00","article:modified_time":"2017-06-29T23:13:29+00:00","twitter:card":"summary","twitter:title":"Mem\u00f3rias da Ditadura: &quot;Vou lhe dar uma not\u00edcia, seu marido vai ser governador&quot; | Arquivo","twitter:image":"https:\/\/www.jornalja.com.br\/economics\/wp-content\/uploads\/sites\/11\/2026\/08\/ja-folhaderosto-facebook.jpg"},"aioseo_meta_data":{"post_id":"50713","title":null,"description":null,"keywords":null,"keyphrases":null,"primary_term":null,"canonical_url":null,"og_title":null,"og_description":null,"og_object_type":"default","og_image_type":"default","og_image_url":null,"og_image_width":null,"og_image_height":null,"og_image_custom_url":null,"og_image_custom_fields":null,"og_video":null,"og_custom_url":null,"og_article_section":null,"og_article_tags":null,"twitter_use_og":false,"twitter_card":"default","twitter_image_type":"default","twitter_image_url":null,"twitter_image_custom_url":null,"twitter_image_custom_fields":null,"twitter_title":null,"twitter_description":null,"schema":{"blockGraphs":[],"customGraphs":[],"default":{"data":{"Article":[],"Course":[],"Dataset":[],"FAQPage":[],"Movie":[],"Person":[],"Product":[],"ProductReview":[],"Car":[],"Recipe":[],"Service":[],"SoftwareApplication":[],"WebPage":[]},"graphName":"","isEnabled":true},"graphs":[]},"schema_type":null,"schema_type_options":null,"pillar_content":false,"robots_default":true,"robots_noindex":false,"robots_noarchive":false,"robots_nosnippet":false,"robots_nofollow":false,"robots_noimageindex":false,"robots_noodp":false,"robots_notranslate":false,"robots_max_snippet":null,"robots_max_videopreview":null,"robots_max_imagepreview":"large","priority":null,"frequency":null,"location":null,"local_seo":null,"breadcrumb_settings":null,"limit_modified_date":false,"ai":null,"created":"2020-12-20 20:30:49","updated":"2025-07-19 22:41:29","seo_analyzer_scan_date":null,"focus_keyword":null,"additional_keywords":null,"truseo_locale":null},"jetpack_sharing_enabled":true,"jetpack-related-posts":[{"id":13128,"url":"https:\/\/www.jornalja.com.br\/arquivo\/maconha-terra-diz-que-uso-medicinal-e-desculpa\/","url_meta":{"origin":50713,"position":0},"title":"Maconha: Terra diz que uso medicinal \u00e9 desculpa","author":"Patr\u00edcia Marini","date":"4 de junho de 2014","format":false,"excerpt":"A condi\u00e7\u00e3o de pol\u00edtico, em \u00e9poca de campanha de campanha eleitoral, tira for\u00e7a do discurso do m\u00e9dico Osmar Terra contra a legaliza\u00e7\u00e3o da maconha. A tese dele de que a libera\u00e7\u00e3o vai ampliar exponencialmente o consumo \u00e9 discutivel, o consumo \u00e9 corrente. Mas seus alertas quanto aos riscos tem que\u2026","rel":"","context":"Em &quot;X.Categorias velhas&quot;","block_context":{"text":"X.Categorias velhas","link":"https:\/\/www.jornalja.com.br\/arquivo\/category\/x-categorias-velhas\/"},"img":{"alt_text":"","src":"","width":0,"height":0},"classes":[]},{"id":5440,"url":"https:\/\/www.jornalja.com.br\/arquivo\/casarao-da-venancio-destino-permanece-incerto\/","url_meta":{"origin":50713,"position":1},"title":"Estado ainda n\u00e3o sabe o que fazer com casar\u00e3o abandonado h\u00e1 20 anos","author":"Elmar Bones","date":"6 de julho de 2009","format":false,"excerpt":"O casar\u00e3o amarelo, numa esquina nobre de Porto Alegre (Ven\u00e2ncio Aires com Jo\u00e3o Pessoa), j\u00e1 abrigou uma escola. H\u00e1 duas d\u00e9cadas, pelo menos, est\u00e1 abandonado, porque seu propriet\u00e1rio, o governo do Estado do Rio Grande do Sul, n\u00e3o consegue achar um destino para ele. Planos n\u00e3o faltaram. O governador Ol\u00edvio\u2026","rel":"","context":"Em &quot;X.Categorias velhas&quot;","block_context":{"text":"X.Categorias velhas","link":"https:\/\/www.jornalja.com.br\/arquivo\/category\/x-categorias-velhas\/"},"img":{"alt_text":"geraldo1","src":"https:\/\/i0.wp.com\/www.jornalja.com.br\/wp-content\/uploads\/2009\/07\/geraldo1.jpg?resize=350%2C200&ssl=1","width":350,"height":200},"classes":[]},{"id":14241,"url":"https:\/\/www.jornalja.com.br\/arquivo\/o-guaiba-nas-imagens-poeticas-de-achutti\/","url_meta":{"origin":50713,"position":2},"title":"O Gua\u00edba nas imagens po\u00e9ticas de Achutti","author":"da Reda\u00e7\u00e3o","date":"18 de junho de 2014","format":false,"excerpt":"Em \u201cO Gua\u00edba por Achutti\u201d \u2013 obra financiada via Minist\u00e9rio da Cultura, produ\u00e7\u00e3o executiva de Pedro Longhi, e Fl\u00e1vio Wild como designer \u2013, o fot\u00f3grafo revela a beleza e as mazelas de um espa\u00e7o aqu\u00e1tico de \u00e1guas sempre renovadas, cheio de hist\u00f3rias e lendas como as das cidades que foram\u2026","rel":"","context":"Em &quot;Cultura-Geral&quot;","block_context":{"text":"Cultura-Geral","link":"https:\/\/www.jornalja.com.br\/arquivo\/category\/materiasecundaria\/"},"img":{"alt_text":"","src":"","width":0,"height":0},"classes":[]},{"id":12960,"url":"https:\/\/www.jornalja.com.br\/arquivo\/populacao-culpa-empresas-pela-greve-dos-rodoviarios\/","url_meta":{"origin":50713,"position":3},"title":"Popula\u00e7\u00e3o culpa empresas pela greve","author":"Patr\u00edcia Marini","date":"14 de fevereiro de 2014","format":false,"excerpt":"Pesquisa divulgada na edi\u00e7\u00e3o do jornal Metro desta sexta-feira,14, comprova o velho ditado: \u00e9 poss\u00edvel enganar muitos por algum tempo, mas n\u00e3o \u00e9 poss\u00edvel enganar a todos o tempo inteiro. A principal revela\u00e7\u00e3o foi que 59,8% dos entrevistados apontaram as empresas como as principais respons\u00e1veis pela grave e 46% culparam\u2026","rel":"","context":"Em &quot;X.Categorias velhas&quot;","block_context":{"text":"X.Categorias velhas","link":"https:\/\/www.jornalja.com.br\/arquivo\/category\/x-categorias-velhas\/"},"img":{"alt_text":"","src":"","width":0,"height":0},"classes":[]},{"id":13101,"url":"https:\/\/www.jornalja.com.br\/arquivo\/morre-um-guerreiro-do-texto\/","url_meta":{"origin":50713,"position":4},"title":"Morre um guerreiro do texto","author":"Patr\u00edcia Marini","date":"14 de maio de 2014","format":false,"excerpt":"Por Ricardo Kotscho Reproduzido do blog do autor, 11\/5\/2014; t\u00edtulo original \u201cE l\u00e1 se foi o nosso Myltainho, guerreiro do texto\u201d. Mi\u00fado e franzino, meu amigo Myltainho era um valente e inconformado guerreiro na luta contra as injusti\u00e7as sociais, a hipocrisia, as maracutaias, o autoritarismo, a intoler\u00e2ncia, a viol\u00eancia, o\u2026","rel":"","context":"Em &quot;Geral&quot;","block_context":{"text":"Geral","link":"https:\/\/www.jornalja.com.br\/arquivo\/category\/geral\/"},"img":{"alt_text":"","src":"","width":0,"height":0},"classes":[]},{"id":13109,"url":"https:\/\/www.jornalja.com.br\/arquivo\/judiciario-reconhece-poluicao-eletromagnetica\/","url_meta":{"origin":50713,"position":5},"title":"Judici\u00e1rio reconhece polui\u00e7\u00e3o eletromagn\u00e9tica","author":"Patr\u00edcia Marini","date":"16 de maio de 2014","format":false,"excerpt":"A\u00e7\u00e3o de duas associa\u00e7\u00f5es de moradores foi acolhida pelo Tribunal de Justi\u00e7a de S\u00e3o Paulo que. em decis\u00e3o in\u00e9dita, determinou a redu\u00e7\u00e3o do campo eletromagn\u00e9tico gerado pelas linhas de transmiss\u00e3o de energia que cortam os bairros City Boa\u00e7ava e Alto de Pinheiros. \u00c9 a primeira vez que um tribunal do\u2026","rel":"","context":"Em &quot;X.Categorias velhas&quot;","block_context":{"text":"X.Categorias velhas","link":"https:\/\/www.jornalja.com.br\/arquivo\/category\/x-categorias-velhas\/"},"img":{"alt_text":"","src":"","width":0,"height":0},"classes":[]}],"jetpack_shortlink":"https:\/\/wp.me\/pbQjBd-dbX","jetpack_featured_media_url":"","_links":{"self":[{"href":"https:\/\/www.jornalja.com.br\/arquivo\/wp-json\/wp\/v2\/posts\/50713","targetHints":{"allow":["GET"]}}],"collection":[{"href":"https:\/\/www.jornalja.com.br\/arquivo\/wp-json\/wp\/v2\/posts"}],"about":[{"href":"https:\/\/www.jornalja.com.br\/arquivo\/wp-json\/wp\/v2\/types\/post"}],"author":[{"embeddable":true,"href":"https:\/\/www.jornalja.com.br\/arquivo\/wp-json\/wp\/v2\/users\/4"}],"replies":[{"embeddable":true,"href":"https:\/\/www.jornalja.com.br\/arquivo\/wp-json\/wp\/v2\/comments?post=50713"}],"version-history":[{"count":0,"href":"https:\/\/www.jornalja.com.br\/arquivo\/wp-json\/wp\/v2\/posts\/50713\/revisions"}],"wp:attachment":[{"href":"https:\/\/www.jornalja.com.br\/arquivo\/wp-json\/wp\/v2\/media?parent=50713"}],"wp:term":[{"taxonomy":"category","embeddable":true,"href":"https:\/\/www.jornalja.com.br\/arquivo\/wp-json\/wp\/v2\/categories?post=50713"},{"taxonomy":"post_tag","embeddable":true,"href":"https:\/\/www.jornalja.com.br\/arquivo\/wp-json\/wp\/v2\/tags?post=50713"}],"curies":[{"name":"wp","href":"https:\/\/api.w.org\/{rel}","templated":true}]}}