{"id":50719,"date":"2017-06-29T23:23:38","date_gmt":"2017-06-30T02:23:38","guid":{"rendered":"https:\/\/www.jornalja.com.br\/?p=50719"},"modified":"2017-06-29T23:23:38","modified_gmt":"2017-06-30T02:23:38","slug":"ex-ministro-bresser-pereira-debate-em-porto-alegre-um-projeto-para-o-brasil","status":"publish","type":"post","link":"https:\/\/www.jornalja.com.br\/arquivo\/ex-ministro-bresser-pereira-debate-em-porto-alegre-um-projeto-para-o-brasil\/","title":{"rendered":"Ex-ministro Bresser Pereira debate em Porto Alegre um projeto para o Brasil"},"content":{"rendered":"<p>O ex-ministro da Fazenda, Luiz Carlos Bresser-Pereira, apresentou o Projeto Brasil Na\u00e7\u00e3o na noite desta quinta-feira na Assembleia Legislativa, em Porto Alegre.<br \/>\n\u00c9 uma proposta para retomar o desenvolvimento, que ele vem submetendo ao debate em todo o pa\u00eds.<br \/>\nUm p\u00fablico \u00a0qualificado, que quase lotou o audit\u00f3rio Dante Barone, foi ouv\u00ed-lo nesta quinta-feira: professores universit\u00e1rios, intelectuais, representantes do PT, PC do B, PDT\u00a0 e movimentos sociais ligados \u00e0 esquerda.<br \/>\nNas cadeiras, pol\u00edticos do PT como Maria do Ros\u00e1rio e Miguel Rossetto ouviam atentamente a palestra. Na mesa estavam a jornalista Eleonora de Lucena, o economistra Pedro Cezar Dutra Fonseca, o cientista pol\u00edtico Benedito Tadeu C\u00e9sar, o economista Cl\u00e1udio Accurso, \u00a0representantes de movimentos sociais Berna Menezes (Frente Povo Sem Medo), Vitalina Gon\u00e7alves (Frente Brasil Popular), Davi Almansa (UNE) e Emil Silva (Movimento Negro) .<br \/>\nO movimento de centro-esquerda, encabe\u00e7ado pelo economista e apoiado por intelectuais de diferentes correntes, quer propor alternativas \u00e0 atual crise econ\u00f4mica e pol\u00edtica vivida pelo pa\u00eds.<br \/>\n\u201cO grupo nasceu dessa preocupa\u00e7\u00e3o com o pa\u00eds, n\u00e3o s\u00f3 com a grande crise pol\u00edtica e moral dos \u00faltimos quatro anos\u201d, diz ele.<br \/>\nSegundo Bresser, o pa\u00eds est\u00e1 estagnado e perdeu a ideia de na\u00e7\u00e3o e parou de crescer desde o final dos anos 80.<br \/>\n\u201cO Brasil entre as d\u00e9cadas de 1930 e 1990 teve um regime desenvolvimentista\u201d ressaltou. Desde ent\u00e3o, segundo ele, devido a crise da d\u00edvida externa e a rendi\u00e7\u00e3o ao capital estrangeiro, o crescimento encolheu. \u201cNosso crescimento m\u00e9dio era de 4% ao ano e agora \u00e9 de 1,5%\u201d.<br \/>\nNa entrevista que concedeu antes da palestra, Bresser Pereira disse que o manifesto \u00e9 uma alternativa \u00e0 pol\u00edtica liberal de governos como Collor, FHC e Temer e de certa forma uma cr\u00edtica aos governos de Lula e Dilmar, o qual classificou de &#8220;parcialmente incompetente&#8221;.<br \/>\nBresser Pereira destacou cinco pontos em que o Projeto Brasil Na\u00e7\u00e3o se sustenta para mudar a atual realidade.<br \/>\nO primeiro \u00e9 a responsabilidade fiscal. O Grupo quer um estado grande, que financie educa\u00e7\u00e3o, sa\u00fade, etc, mas com as contas p\u00fablicas fiscalizadas. Bresser criticou FHC e Dilma nesse ponto e disse que apenas Lula foi respons\u00e1vel nesse assunto.<br \/>\nO Segundo \u00e9 a diminui\u00e7\u00e3o das taxas de juros, segundo ele uma das mais altas do mundo, que s\u00f3 beneficia a burguesia.<br \/>\nO terceiro item \u00e9 o super\u00e1vit em conta corrente. Bresser defende uma taxa de c\u00e2mbio competitiva: \u201cN\u00e3o precisamos de capitais estrangeiros\u201d defendeu.<br \/>\nO economista tamb\u00e9m listou que \u00e9 importante que o Estado recupere a capacidade de fazer investimentos e, por \u00faltimo, citou a distribui\u00e7\u00e3o de renda atrav\u00e9s de uma reforma tribut\u00e1ria que seja progressiva.<br \/>\nAinda na coletiva, o ex-ministro defendeu, al\u00e9m das reformas tribut\u00e1ria e da previd\u00eancia, uma reforma pol\u00edtica.<br \/>\nNa palestra, Bresser n\u00e3o poupou cr\u00edticas ao governo Temer, o qual chamou de ileg\u00edtimo. Tamb\u00e9m salientou que a atual pol\u00edtica liberal n\u00e3o resolver\u00e1 os problemas do pa\u00eds. \u201cEles querem que o trabalhador ganhe menos, isso n\u00e3o resolver\u00e1\u201d exclamou. Tamb\u00e9m alertou sobre os erros dos governos Lula e Dilma: &#8220;Continuamos no liberalismo de Collor e FHC&#8221;.<br \/>\n&nbsp;<\/p>\n","protected":false},"excerpt":{"rendered":"<p>O ex-ministro da Fazenda, Luiz Carlos Bresser-Pereira, apresentou o Projeto Brasil Na\u00e7\u00e3o na noite desta quinta-feira na Assembleia Legislativa, em Porto Alegre. \u00c9 uma proposta para retomar o desenvolvimento, que ele vem submetendo ao debate em todo o pa\u00eds. Um p\u00fablico \u00a0qualificado, que quase lotou o audit\u00f3rio Dante Barone, foi ouv\u00ed-lo nesta quinta-feira: professores universit\u00e1rios, [&hellip;]<\/p>\n","protected":false},"author":4,"featured_media":50727,"comment_status":"open","ping_status":"closed","sticky":false,"template":"","format":"standard","meta":{"_jetpack_newsletter_access":"","_jetpack_dont_email_post_to_subs":false,"_jetpack_newsletter_tier_id":0,"_jetpack_memberships_contains_paywalled_content":false,"_jetpack_feature_clip_id":0,"_jetpack_memberships_contains_paid_content":false,"footnotes":"","jetpack_post_was_ever_published":false},"categories":[26],"tags":[],"class_list":["post-50719","post","type-post","status-publish","format-standard","has-post-thumbnail","hentry","category-geral"],"aioseo_notices":[],"aioseo_head":"\n\t\t<!-- All in One SEO 5.0.1.1 - aioseo.com -->\n\t<meta name=\"robots\" content=\"max-image-preview:large\" \/>\n\t<meta name=\"author\" content=\"da Reda\u00e7\u00e3o\"\/>\n\t<link rel=\"canonical\" href=\"https:\/\/www.jornalja.com.br\/arquivo\/ex-ministro-bresser-pereira-debate-em-porto-alegre-um-projeto-para-o-brasil\/\" \/>\n\t<meta name=\"generator\" content=\"All in One SEO (AIOSEO) 5.0.1.1\" \/>\n\t\t<meta property=\"og:locale\" content=\"pt_BR\" \/>\n\t\t<meta property=\"og:site_name\" content=\"Arquivo | Jornal J\u00c1 | Porto Alegre\" \/>\n\t\t<meta property=\"og:type\" content=\"article\" \/>\n\t\t<meta property=\"og:title\" content=\"Ex-ministro Bresser Pereira debate em Porto Alegre um projeto para o Brasil | Arquivo\" \/>\n\t\t<meta property=\"og:url\" content=\"https:\/\/www.jornalja.com.br\/arquivo\/ex-ministro-bresser-pereira-debate-em-porto-alegre-um-projeto-para-o-brasil\/\" \/>\n\t\t<meta property=\"og:image\" content=\"https:\/\/www.jornalja.com.br\/economics\/wp-content\/uploads\/sites\/11\/2026\/08\/ja-folhaderosto-facebook.jpg\" \/>\n\t\t<meta property=\"og:image:secure_url\" content=\"https:\/\/www.jornalja.com.br\/economics\/wp-content\/uploads\/sites\/11\/2026\/08\/ja-folhaderosto-facebook.jpg\" \/>\n\t\t<meta property=\"article:published_time\" content=\"2017-06-30T02:23:38+00:00\" \/>\n\t\t<meta property=\"article:modified_time\" content=\"2017-06-30T02:23:38+00:00\" \/>\n\t\t<meta name=\"twitter:card\" content=\"summary\" \/>\n\t\t<meta name=\"twitter:title\" content=\"Ex-ministro Bresser Pereira debate em Porto Alegre um projeto para o Brasil | Arquivo\" \/>\n\t\t<meta name=\"twitter:image\" content=\"https:\/\/www.jornalja.com.br\/economics\/wp-content\/uploads\/sites\/11\/2026\/08\/ja-folhaderosto-facebook.jpg\" \/>\n\t\t<script type=\"application\/ld+json\" class=\"aioseo-schema\">\n\t\t\t{\"@context\":\"https:\\\/\\\/schema.org\",\"@graph\":[{\"@type\":\"BlogPosting\",\"@id\":\"https:\\\/\\\/www.jornalja.com.br\\\/arquivo\\\/ex-ministro-bresser-pereira-debate-em-porto-alegre-um-projeto-para-o-brasil\\\/#blogposting\",\"name\":\"Ex-ministro Bresser Pereira debate em Porto Alegre um projeto para o Brasil | Arquivo\",\"headline\":\"Ex-ministro Bresser Pereira debate em Porto Alegre um projeto para o Brasil\",\"author\":{\"@id\":\"https:\\\/\\\/www.jornalja.com.br\\\/arquivo\\\/author\\\/daredacao\\\/#author\"},\"publisher\":{\"@id\":\"https:\\\/\\\/www.jornalja.com.br\\\/arquivo\\\/#organization\"},\"image\":{\"@type\":\"ImageObject\",\"url\":50727},\"datePublished\":\"2017-06-29T23:23:38-03:00\",\"dateModified\":\"2017-06-29T23:23:38-03:00\",\"inLanguage\":\"pt-BR\",\"mainEntityOfPage\":{\"@id\":\"https:\\\/\\\/www.jornalja.com.br\\\/arquivo\\\/ex-ministro-bresser-pereira-debate-em-porto-alegre-um-projeto-para-o-brasil\\\/#webpage\"},\"isPartOf\":{\"@id\":\"https:\\\/\\\/www.jornalja.com.br\\\/arquivo\\\/ex-ministro-bresser-pereira-debate-em-porto-alegre-um-projeto-para-o-brasil\\\/#webpage\"},\"articleSection\":\"Geral\"},{\"@type\":\"BreadcrumbList\",\"@id\":\"https:\\\/\\\/www.jornalja.com.br\\\/arquivo\\\/ex-ministro-bresser-pereira-debate-em-porto-alegre-um-projeto-para-o-brasil\\\/#breadcrumblist\",\"itemListElement\":[{\"@type\":\"ListItem\",\"@id\":\"https:\\\/\\\/www.jornalja.com.br\\\/arquivo#listItem\",\"position\":1,\"name\":\"Home\",\"item\":\"https:\\\/\\\/www.jornalja.com.br\\\/arquivo\",\"nextItem\":{\"@type\":\"ListItem\",\"@id\":\"https:\\\/\\\/www.jornalja.com.br\\\/arquivo\\\/category\\\/geral\\\/#listItem\",\"name\":\"Geral\"}},{\"@type\":\"ListItem\",\"@id\":\"https:\\\/\\\/www.jornalja.com.br\\\/arquivo\\\/category\\\/geral\\\/#listItem\",\"position\":2,\"name\":\"Geral\",\"item\":\"https:\\\/\\\/www.jornalja.com.br\\\/arquivo\\\/category\\\/geral\\\/\",\"nextItem\":{\"@type\":\"ListItem\",\"@id\":\"https:\\\/\\\/www.jornalja.com.br\\\/arquivo\\\/ex-ministro-bresser-pereira-debate-em-porto-alegre-um-projeto-para-o-brasil\\\/#listItem\",\"name\":\"Ex-ministro Bresser Pereira debate em Porto Alegre um projeto para o Brasil\"},\"previousItem\":{\"@type\":\"ListItem\",\"@id\":\"https:\\\/\\\/www.jornalja.com.br\\\/arquivo#listItem\",\"name\":\"Home\"}},{\"@type\":\"ListItem\",\"@id\":\"https:\\\/\\\/www.jornalja.com.br\\\/arquivo\\\/ex-ministro-bresser-pereira-debate-em-porto-alegre-um-projeto-para-o-brasil\\\/#listItem\",\"position\":3,\"name\":\"Ex-ministro Bresser Pereira debate em Porto Alegre um projeto para o Brasil\",\"previousItem\":{\"@type\":\"ListItem\",\"@id\":\"https:\\\/\\\/www.jornalja.com.br\\\/arquivo\\\/category\\\/geral\\\/#listItem\",\"name\":\"Geral\"}}]},{\"@type\":\"Organization\",\"@id\":\"https:\\\/\\\/www.jornalja.com.br\\\/arquivo\\\/#organization\",\"name\":\"Jornal J\\u00c1\",\"description\":\"Jornal J\\u00c1 | Porto Alegre\",\"url\":\"https:\\\/\\\/www.jornalja.com.br\\\/arquivo\\\/\",\"telephone\":\"+555133307272\",\"logo\":{\"@type\":\"ImageObject\",\"url\":\"https:\\\/\\\/www.jornalja.com.br\\\/wp-content\\\/uploads\\\/cards\\\/JAslogan.png\",\"@id\":\"https:\\\/\\\/www.jornalja.com.br\\\/arquivo\\\/ex-ministro-bresser-pereira-debate-em-porto-alegre-um-projeto-para-o-brasil\\\/#organizationLogo\"},\"image\":{\"@id\":\"https:\\\/\\\/www.jornalja.com.br\\\/arquivo\\\/ex-ministro-bresser-pereira-debate-em-porto-alegre-um-projeto-para-o-brasil\\\/#organizationLogo\"}},{\"@type\":\"Person\",\"@id\":\"https:\\\/\\\/www.jornalja.com.br\\\/arquivo\\\/author\\\/daredacao\\\/#author\",\"url\":\"https:\\\/\\\/www.jornalja.com.br\\\/arquivo\\\/author\\\/daredacao\\\/\",\"name\":\"da Reda\\u00e7\\u00e3o\",\"image\":{\"@type\":\"ImageObject\",\"@id\":\"https:\\\/\\\/www.jornalja.com.br\\\/arquivo\\\/ex-ministro-bresser-pereira-debate-em-porto-alegre-um-projeto-para-o-brasil\\\/#authorImage\",\"url\":\"https:\\\/\\\/secure.gravatar.com\\\/avatar\\\/469fd857d6605ad19919d27ed29d35a968a25f6e8fd9318356bbb7f57aae9c65?s=96&d=mm&r=g\",\"width\":96,\"height\":96,\"caption\":\"da Reda\\u00e7\\u00e3o\"}},{\"@type\":\"WebPage\",\"@id\":\"https:\\\/\\\/www.jornalja.com.br\\\/arquivo\\\/ex-ministro-bresser-pereira-debate-em-porto-alegre-um-projeto-para-o-brasil\\\/#webpage\",\"url\":\"https:\\\/\\\/www.jornalja.com.br\\\/arquivo\\\/ex-ministro-bresser-pereira-debate-em-porto-alegre-um-projeto-para-o-brasil\\\/\",\"name\":\"Ex-ministro Bresser Pereira debate em Porto Alegre um projeto para o Brasil | Arquivo\",\"inLanguage\":\"pt-BR\",\"isPartOf\":{\"@id\":\"https:\\\/\\\/www.jornalja.com.br\\\/arquivo\\\/#website\"},\"breadcrumb\":{\"@id\":\"https:\\\/\\\/www.jornalja.com.br\\\/arquivo\\\/ex-ministro-bresser-pereira-debate-em-porto-alegre-um-projeto-para-o-brasil\\\/#breadcrumblist\"},\"author\":{\"@id\":\"https:\\\/\\\/www.jornalja.com.br\\\/arquivo\\\/author\\\/daredacao\\\/#author\"},\"creator\":{\"@id\":\"https:\\\/\\\/www.jornalja.com.br\\\/arquivo\\\/author\\\/daredacao\\\/#author\"},\"image\":{\"@type\":\"ImageObject\",\"url\":50727,\"@id\":\"https:\\\/\\\/www.jornalja.com.br\\\/arquivo\\\/ex-ministro-bresser-pereira-debate-em-porto-alegre-um-projeto-para-o-brasil\\\/#mainImage\"},\"primaryImageOfPage\":{\"@id\":\"https:\\\/\\\/www.jornalja.com.br\\\/arquivo\\\/ex-ministro-bresser-pereira-debate-em-porto-alegre-um-projeto-para-o-brasil\\\/#mainImage\"},\"datePublished\":\"2017-06-29T23:23:38-03:00\",\"dateModified\":\"2017-06-29T23:23:38-03:00\"},{\"@type\":\"WebSite\",\"@id\":\"https:\\\/\\\/www.jornalja.com.br\\\/arquivo\\\/#website\",\"url\":\"https:\\\/\\\/www.jornalja.com.br\\\/arquivo\\\/\",\"name\":\"Arquivo\",\"description\":\"Jornal J\\u00c1 | Porto Alegre\",\"inLanguage\":\"pt-BR\",\"publisher\":{\"@id\":\"https:\\\/\\\/www.jornalja.com.br\\\/arquivo\\\/#organization\"}}]}\n\t\t<\/script>\n\t\t<!-- All in One SEO -->\n\n","aioseo_head_json":{"title":"Ex-ministro Bresser Pereira debate em Porto Alegre um projeto para o Brasil | Arquivo","description":"","canonical_url":"https:\/\/www.jornalja.com.br\/arquivo\/ex-ministro-bresser-pereira-debate-em-porto-alegre-um-projeto-para-o-brasil\/","robots":"max-image-preview:large","keywords":"","webmasterTools":{"miscellaneous":""},"schema":{"@context":"https:\/\/schema.org","@graph":[{"@type":"BlogPosting","@id":"https:\/\/www.jornalja.com.br\/arquivo\/ex-ministro-bresser-pereira-debate-em-porto-alegre-um-projeto-para-o-brasil\/#blogposting","name":"Ex-ministro Bresser Pereira debate em Porto Alegre um projeto para o Brasil | Arquivo","headline":"Ex-ministro Bresser Pereira debate em Porto Alegre um projeto para o Brasil","author":{"@id":"https:\/\/www.jornalja.com.br\/arquivo\/author\/daredacao\/#author"},"publisher":{"@id":"https:\/\/www.jornalja.com.br\/arquivo\/#organization"},"image":{"@type":"ImageObject","url":50727},"datePublished":"2017-06-29T23:23:38-03:00","dateModified":"2017-06-29T23:23:38-03:00","inLanguage":"pt-BR","mainEntityOfPage":{"@id":"https:\/\/www.jornalja.com.br\/arquivo\/ex-ministro-bresser-pereira-debate-em-porto-alegre-um-projeto-para-o-brasil\/#webpage"},"isPartOf":{"@id":"https:\/\/www.jornalja.com.br\/arquivo\/ex-ministro-bresser-pereira-debate-em-porto-alegre-um-projeto-para-o-brasil\/#webpage"},"articleSection":"Geral"},{"@type":"BreadcrumbList","@id":"https:\/\/www.jornalja.com.br\/arquivo\/ex-ministro-bresser-pereira-debate-em-porto-alegre-um-projeto-para-o-brasil\/#breadcrumblist","itemListElement":[{"@type":"ListItem","@id":"https:\/\/www.jornalja.com.br\/arquivo#listItem","position":1,"name":"Home","item":"https:\/\/www.jornalja.com.br\/arquivo","nextItem":{"@type":"ListItem","@id":"https:\/\/www.jornalja.com.br\/arquivo\/category\/geral\/#listItem","name":"Geral"}},{"@type":"ListItem","@id":"https:\/\/www.jornalja.com.br\/arquivo\/category\/geral\/#listItem","position":2,"name":"Geral","item":"https:\/\/www.jornalja.com.br\/arquivo\/category\/geral\/","nextItem":{"@type":"ListItem","@id":"https:\/\/www.jornalja.com.br\/arquivo\/ex-ministro-bresser-pereira-debate-em-porto-alegre-um-projeto-para-o-brasil\/#listItem","name":"Ex-ministro Bresser Pereira debate em Porto Alegre um projeto para o Brasil"},"previousItem":{"@type":"ListItem","@id":"https:\/\/www.jornalja.com.br\/arquivo#listItem","name":"Home"}},{"@type":"ListItem","@id":"https:\/\/www.jornalja.com.br\/arquivo\/ex-ministro-bresser-pereira-debate-em-porto-alegre-um-projeto-para-o-brasil\/#listItem","position":3,"name":"Ex-ministro Bresser Pereira debate em Porto Alegre um projeto para o Brasil","previousItem":{"@type":"ListItem","@id":"https:\/\/www.jornalja.com.br\/arquivo\/category\/geral\/#listItem","name":"Geral"}}]},{"@type":"Organization","@id":"https:\/\/www.jornalja.com.br\/arquivo\/#organization","name":"Jornal J\u00c1","description":"Jornal J\u00c1 | Porto Alegre","url":"https:\/\/www.jornalja.com.br\/arquivo\/","telephone":"+555133307272","logo":{"@type":"ImageObject","url":"https:\/\/www.jornalja.com.br\/wp-content\/uploads\/cards\/JAslogan.png","@id":"https:\/\/www.jornalja.com.br\/arquivo\/ex-ministro-bresser-pereira-debate-em-porto-alegre-um-projeto-para-o-brasil\/#organizationLogo"},"image":{"@id":"https:\/\/www.jornalja.com.br\/arquivo\/ex-ministro-bresser-pereira-debate-em-porto-alegre-um-projeto-para-o-brasil\/#organizationLogo"}},{"@type":"Person","@id":"https:\/\/www.jornalja.com.br\/arquivo\/author\/daredacao\/#author","url":"https:\/\/www.jornalja.com.br\/arquivo\/author\/daredacao\/","name":"da Reda\u00e7\u00e3o","image":{"@type":"ImageObject","@id":"https:\/\/www.jornalja.com.br\/arquivo\/ex-ministro-bresser-pereira-debate-em-porto-alegre-um-projeto-para-o-brasil\/#authorImage","url":"https:\/\/secure.gravatar.com\/avatar\/469fd857d6605ad19919d27ed29d35a968a25f6e8fd9318356bbb7f57aae9c65?s=96&d=mm&r=g","width":96,"height":96,"caption":"da Reda\u00e7\u00e3o"}},{"@type":"WebPage","@id":"https:\/\/www.jornalja.com.br\/arquivo\/ex-ministro-bresser-pereira-debate-em-porto-alegre-um-projeto-para-o-brasil\/#webpage","url":"https:\/\/www.jornalja.com.br\/arquivo\/ex-ministro-bresser-pereira-debate-em-porto-alegre-um-projeto-para-o-brasil\/","name":"Ex-ministro Bresser Pereira debate em Porto Alegre um projeto para o Brasil | Arquivo","inLanguage":"pt-BR","isPartOf":{"@id":"https:\/\/www.jornalja.com.br\/arquivo\/#website"},"breadcrumb":{"@id":"https:\/\/www.jornalja.com.br\/arquivo\/ex-ministro-bresser-pereira-debate-em-porto-alegre-um-projeto-para-o-brasil\/#breadcrumblist"},"author":{"@id":"https:\/\/www.jornalja.com.br\/arquivo\/author\/daredacao\/#author"},"creator":{"@id":"https:\/\/www.jornalja.com.br\/arquivo\/author\/daredacao\/#author"},"image":{"@type":"ImageObject","url":50727,"@id":"https:\/\/www.jornalja.com.br\/arquivo\/ex-ministro-bresser-pereira-debate-em-porto-alegre-um-projeto-para-o-brasil\/#mainImage"},"primaryImageOfPage":{"@id":"https:\/\/www.jornalja.com.br\/arquivo\/ex-ministro-bresser-pereira-debate-em-porto-alegre-um-projeto-para-o-brasil\/#mainImage"},"datePublished":"2017-06-29T23:23:38-03:00","dateModified":"2017-06-29T23:23:38-03:00"},{"@type":"WebSite","@id":"https:\/\/www.jornalja.com.br\/arquivo\/#website","url":"https:\/\/www.jornalja.com.br\/arquivo\/","name":"Arquivo","description":"Jornal J\u00c1 | Porto Alegre","inLanguage":"pt-BR","publisher":{"@id":"https:\/\/www.jornalja.com.br\/arquivo\/#organization"}}]},"og:locale":"pt_BR","og:site_name":"Arquivo | Jornal J\u00c1 | Porto Alegre","og:type":"article","og:title":"Ex-ministro Bresser Pereira debate em Porto Alegre um projeto para o Brasil | Arquivo","og:url":"https:\/\/www.jornalja.com.br\/arquivo\/ex-ministro-bresser-pereira-debate-em-porto-alegre-um-projeto-para-o-brasil\/","og:image":"https:\/\/www.jornalja.com.br\/economics\/wp-content\/uploads\/sites\/11\/2026\/08\/ja-folhaderosto-facebook.jpg","og:image:secure_url":"https:\/\/www.jornalja.com.br\/economics\/wp-content\/uploads\/sites\/11\/2026\/08\/ja-folhaderosto-facebook.jpg","article:published_time":"2017-06-30T02:23:38+00:00","article:modified_time":"2017-06-30T02:23:38+00:00","twitter:card":"summary","twitter:title":"Ex-ministro Bresser Pereira debate em Porto Alegre um projeto para o Brasil | Arquivo","twitter:image":"https:\/\/www.jornalja.com.br\/economics\/wp-content\/uploads\/sites\/11\/2026\/08\/ja-folhaderosto-facebook.jpg"},"aioseo_meta_data":{"post_id":"50719","title":null,"description":null,"keywords":null,"keyphrases":null,"primary_term":null,"canonical_url":null,"og_title":null,"og_description":null,"og_object_type":"default","og_image_type":"default","og_image_url":null,"og_image_width":null,"og_image_height":null,"og_image_custom_url":null,"og_image_custom_fields":null,"og_video":null,"og_custom_url":null,"og_article_section":null,"og_article_tags":null,"twitter_use_og":false,"twitter_card":"default","twitter_image_type":"default","twitter_image_url":null,"twitter_image_custom_url":null,"twitter_image_custom_fields":null,"twitter_title":null,"twitter_description":null,"schema":{"blockGraphs":[],"customGraphs":[],"default":{"data":{"Article":[],"Course":[],"Dataset":[],"FAQPage":[],"Movie":[],"Person":[],"Product":[],"ProductReview":[],"Car":[],"Recipe":[],"Service":[],"SoftwareApplication":[],"WebPage":[]},"graphName":"","isEnabled":true},"graphs":[],"defaultGraph":"","defaultPostTypeGraph":""},"schema_type":null,"schema_type_options":null,"pillar_content":false,"robots_default":true,"robots_noindex":false,"robots_noarchive":false,"robots_nosnippet":false,"robots_nofollow":false,"robots_noimageindex":false,"robots_noodp":false,"robots_notranslate":false,"robots_max_snippet":null,"robots_max_videopreview":null,"robots_max_imagepreview":"large","priority":null,"frequency":null,"location":null,"local_seo":null,"breadcrumb_settings":null,"limit_modified_date":false,"ai":null,"created":"2020-12-20 20:30:49","updated":"2025-07-19 22:41:29","seo_analyzer_scan_date":null,"focus_keyword":null,"additional_keywords":null,"truseo_locale":null},"jetpack_sharing_enabled":true,"jetpack-related-posts":[{"id":14241,"url":"https:\/\/www.jornalja.com.br\/arquivo\/o-guaiba-nas-imagens-poeticas-de-achutti\/","url_meta":{"origin":50719,"position":0},"title":"O Gua\u00edba nas imagens po\u00e9ticas de Achutti","author":"da Reda\u00e7\u00e3o","date":"18 de junho de 2014","format":false,"excerpt":"Em \u201cO Gua\u00edba por Achutti\u201d \u2013 obra financiada via Minist\u00e9rio da Cultura, produ\u00e7\u00e3o executiva de Pedro Longhi, e Fl\u00e1vio Wild como designer \u2013, o fot\u00f3grafo revela a beleza e as mazelas de um espa\u00e7o aqu\u00e1tico de \u00e1guas sempre renovadas, cheio de hist\u00f3rias e lendas como as das cidades que foram\u2026","rel":"","context":"Em &quot;Cultura-Geral&quot;","block_context":{"text":"Cultura-Geral","link":"https:\/\/www.jornalja.com.br\/arquivo\/category\/materiasecundaria\/"},"img":{"alt_text":"","src":"","width":0,"height":0},"classes":[]},{"id":13240,"url":"https:\/\/www.jornalja.com.br\/arquivo\/plano-diretor-estamos-construindo-o-caos\/","url_meta":{"origin":50719,"position":1},"title":"Plano diretor: &quot;Estamos construindo o caos&quot;","author":"Patr\u00edcia Marini","date":"26 de maio de 2014","format":false,"excerpt":"Desabafo que arquiteta Eliana Castilhos, delegada da Regi\u00e3o de Planejamento 1, postou nas redes sociais \u00e9 um testemunho do ambiente que se criou no Conselho do Plano Diretor de Porto Alegre, onde a aprova\u00e7\u00e3o de grandes empreendimentos \u00e9 empurrada guela abaixo dos conselheiros. Ao CMDUA Como delegada da Regi\u00e3o de\u2026","rel":"","context":"Em &quot;Geral&quot;","block_context":{"text":"Geral","link":"https:\/\/www.jornalja.com.br\/arquivo\/category\/geral\/"},"img":{"alt_text":"","src":"","width":0,"height":0},"classes":[]},{"id":13124,"url":"https:\/\/www.jornalja.com.br\/arquivo\/sangue-latino-no-iecine\/","url_meta":{"origin":50719,"position":2},"title":"Sangue latino no IECINE","author":"da Reda\u00e7\u00e3o","date":"18 de maio de 2014","format":false,"excerpt":"Francisco Ribeiro O Instituto Estadual de Cinema (IECINE) tem a frente, desde abril \u00faltimo, um novo diretor, o cineasta colombiano Juan Zapata, 36, que substitui Luiz Alberto Cassol. Radicado h\u00e1 dez anos em Porto Alegre, Zapata tem diante de si o desafio de conduzir at\u00e9 o final do ano um\u2026","rel":"","context":"Em &quot;Cultura-Geral&quot;","block_context":{"text":"Cultura-Geral","link":"https:\/\/www.jornalja.com.br\/arquivo\/category\/materiasecundaria\/"},"img":{"alt_text":"","src":"","width":0,"height":0},"classes":[]},{"id":12960,"url":"https:\/\/www.jornalja.com.br\/arquivo\/populacao-culpa-empresas-pela-greve-dos-rodoviarios\/","url_meta":{"origin":50719,"position":3},"title":"Popula\u00e7\u00e3o culpa empresas pela greve","author":"Patr\u00edcia Marini","date":"14 de fevereiro de 2014","format":false,"excerpt":"Pesquisa divulgada na edi\u00e7\u00e3o do jornal Metro desta sexta-feira,14, comprova o velho ditado: \u00e9 poss\u00edvel enganar muitos por algum tempo, mas n\u00e3o \u00e9 poss\u00edvel enganar a todos o tempo inteiro. A principal revela\u00e7\u00e3o foi que 59,8% dos entrevistados apontaram as empresas como as principais respons\u00e1veis pela grave e 46% culparam\u2026","rel":"","context":"Em &quot;X.Categorias velhas&quot;","block_context":{"text":"X.Categorias velhas","link":"https:\/\/www.jornalja.com.br\/arquivo\/category\/x-categorias-velhas\/"},"img":{"alt_text":"","src":"","width":0,"height":0},"classes":[]},{"id":13128,"url":"https:\/\/www.jornalja.com.br\/arquivo\/maconha-terra-diz-que-uso-medicinal-e-desculpa\/","url_meta":{"origin":50719,"position":4},"title":"Maconha: Terra diz que uso medicinal \u00e9 desculpa","author":"Patr\u00edcia Marini","date":"4 de junho de 2014","format":false,"excerpt":"A condi\u00e7\u00e3o de pol\u00edtico, em \u00e9poca de campanha de campanha eleitoral, tira for\u00e7a do discurso do m\u00e9dico Osmar Terra contra a legaliza\u00e7\u00e3o da maconha. A tese dele de que a libera\u00e7\u00e3o vai ampliar exponencialmente o consumo \u00e9 discutivel, o consumo \u00e9 corrente. Mas seus alertas quanto aos riscos tem que\u2026","rel":"","context":"Em &quot;X.Categorias velhas&quot;","block_context":{"text":"X.Categorias velhas","link":"https:\/\/www.jornalja.com.br\/arquivo\/category\/x-categorias-velhas\/"},"img":{"alt_text":"","src":"","width":0,"height":0},"classes":[]},{"id":1280,"url":"https:\/\/www.jornalja.com.br\/arquivo\/o-menino-que-se-tornou-brizola\/","url_meta":{"origin":50719,"position":5},"title":"O Menino que se Tornou Brizola","author":"da Reda\u00e7\u00e3o","date":"28 de julho de 2008","format":false,"excerpt":"Autor: Cleber Dioni A vida de Leonel Brizola, com \u00eanfase para os primeiros anos em Porto Alegre, at\u00e9 o ex\u00edlio no Uruguai e a volta, quinze anos depois. \u00a0\"...\u00c9ramos todos jovens e nos identific\u00e1vamos com aquela massa an\u00f4nima a percorrer as ruas de Porto Alegre, gritando 'Get\u00falio', 'Get\u00falio' e empunhando\u2026","rel":"","context":"Em &quot;Livros&quot;","block_context":{"text":"Livros","link":"https:\/\/www.jornalja.com.br\/arquivo\/category\/livros\/"},"img":{"alt_text":"","src":"https:\/\/i0.wp.com\/www.jornalja.com.br\/wp-content\/uploads\/2008\/07\/brizola.gif?resize=350%2C200&ssl=1","width":350,"height":200},"classes":[]}],"jetpack_shortlink":"https:\/\/wp.me\/pbQjBd-dc3","jetpack_featured_media_url":"","_links":{"self":[{"href":"https:\/\/www.jornalja.com.br\/arquivo\/wp-json\/wp\/v2\/posts\/50719","targetHints":{"allow":["GET"]}}],"collection":[{"href":"https:\/\/www.jornalja.com.br\/arquivo\/wp-json\/wp\/v2\/posts"}],"about":[{"href":"https:\/\/www.jornalja.com.br\/arquivo\/wp-json\/wp\/v2\/types\/post"}],"author":[{"embeddable":true,"href":"https:\/\/www.jornalja.com.br\/arquivo\/wp-json\/wp\/v2\/users\/4"}],"replies":[{"embeddable":true,"href":"https:\/\/www.jornalja.com.br\/arquivo\/wp-json\/wp\/v2\/comments?post=50719"}],"version-history":[{"count":0,"href":"https:\/\/www.jornalja.com.br\/arquivo\/wp-json\/wp\/v2\/posts\/50719\/revisions"}],"wp:attachment":[{"href":"https:\/\/www.jornalja.com.br\/arquivo\/wp-json\/wp\/v2\/media?parent=50719"}],"wp:term":[{"taxonomy":"category","embeddable":true,"href":"https:\/\/www.jornalja.com.br\/arquivo\/wp-json\/wp\/v2\/categories?post=50719"},{"taxonomy":"post_tag","embeddable":true,"href":"https:\/\/www.jornalja.com.br\/arquivo\/wp-json\/wp\/v2\/tags?post=50719"}],"curies":[{"name":"wp","href":"https:\/\/api.w.org\/{rel}","templated":true}]}}