{"id":50736,"date":"2017-06-30T13:04:41","date_gmt":"2017-06-30T16:04:41","guid":{"rendered":"https:\/\/www.jornalja.com.br\/?p=50736"},"modified":"2017-06-30T13:04:41","modified_gmt":"2017-06-30T16:04:41","slug":"manifestacoes-em-todo-o-pais-em-brasilia-tres-mil-homens-policiam-a-esplanada","status":"publish","type":"post","link":"https:\/\/www.jornalja.com.br\/arquivo\/manifestacoes-em-todo-o-pais-em-brasilia-tres-mil-homens-policiam-a-esplanada\/","title":{"rendered":"Manifesta\u00e7\u00f5es em todo o pa\u00eds: Em Brasilia, tr\u00eas mil homens policiam a Esplanada"},"content":{"rendered":"<p>Manifesta\u00e7\u00f5es em todos os Estados e no Distrito Federal marcaram o in\u00edcio desta sexta-feira, em consequ\u00eancia da greve geral convocada pelas centrais sindicais.<br \/>\nHouve bloqueio de rodovias e avenidas em v\u00e1rias capitais, com barreiras e queima de pneus, mas n\u00e3o se registraram incidentes graves.<br \/>\nO transporte p\u00fablico que em algumas cidades n\u00e3o funcionou no in\u00edcio da manh\u00e3 estava praticamente normalizado em todo o pa\u00eds j\u00e1 ao meio dia.<br \/>\nNa Capital Federal, o dia come\u00e7ou sem \u00f4nibus e nem metr\u00f4, apesar da determina\u00e7\u00e3o da Justi\u00e7a de que pelo menos 50% dos servi\u00e7os deveriam funcionar.<br \/>\nNa esplanada dos minist\u00e9rios o esquema de seguran\u00e7a mobilizou com 2.600 policiais militares e 400 homens da For\u00e7a Nacional, com restri\u00e7\u00e3o ou bloqueio nas vias de acesso.<br \/>\nNa greve geral de 28 de abril, v\u00e1rios pr\u00e9dios foram alvo de vandalismo. A opera\u00e7\u00e3o seguir\u00e1 at\u00e9 o fim do protesto, que t\u00eam expectativa de p\u00fablico, segundo a PM, de 5 mil pessoas.<br \/>\nO pr\u00e9dio do Congresso Nacional tamb\u00e9m est\u00e1 com as visitas suspensas. O acesso \u00e0 C\u00e2mara e ao Senado s\u00f3 \u00e9 permitido a parlamentares, servidores e pessoas credenciadas.<br \/>\nDe acordo com a Central \u00danica dos Trabalhadores do Distrito Federal (CUT-DF), pelo menos 13 categorias devem aderir ao movimento.<br \/>\nO principal impacto no DF, no entanto, \u00e9 o do transporte p\u00fablico &#8211; 100% dos \u00f4nibus e trens do metr\u00f4 est\u00e3o parados e os ve\u00edculos piratas circulam livremente pela cidade.<br \/>\nOntem (29), o juiz Renato Borelli, da 20\u00aa Vara Federal C\u00edvel do DF, determinou que, no m\u00ednimo, 30% da frota dos dois meios de transporte sejam mantidos em circula\u00e7\u00e3o, mas a determina\u00e7\u00e3o n\u00e3o est\u00e1 sendo cumprida. O juiz fixou multa de R$ 2 milh\u00f5es para cada sindicato que descumprir a ordem.<br \/>\nA greve geral desta sexta-feira tamb\u00e9m tem a ades\u00e3o dos banc\u00e1rios. As ag\u00eancias do Distrito Federal estar\u00e3o fechadas e s\u00f3 terminais de autoatendimento devem funcionar.<br \/>\nNo Rio de Janeiro, barreiras montadas por manifestantes impediam o acesso ao centro da cidade, desde \u00e0s cinco da manh\u00e3.<br \/>\nSegundo a Pol\u00edcia Rodovi\u00e1ria Federal (PRF), alguns bloqueios foram registrados em duas rodovias. Na BR-356, no distrito de Martins Lage, em S\u00e3o Jo\u00e3o da Barra, cerca de 50 pessoas interditaram totalmente a pista pouco depois das 5h, colocando objetos na pista e ateando fogo, na altura do km 160.<br \/>\nJ\u00e1 a BR-101 tinha dois bloqueios. Em um deles, no km 484, em Angra dos Reis, por volta das 5h30, cerca de 40 pessoas interditaram totalmente as pistas. No km 72, em Campos dos Goytacazes, a pista foi interditada \u00e0s 8h.<br \/>\nUm protesto paralisou o tr\u00e1fego na Ponte Rio-Niter\u00f3i (BR-101). Segundo o Centro de Opera\u00e7\u00f5es, os manifestantes continuam no local, mas a pista foi liberada por volta das dez da manh\u00e3 \u00a0.<br \/>\nNo km 320, em Niter\u00f3i, por volta das 5h50, manifestantes tamb\u00e9m atearam fogo a objetos na rodovia, mas a PRF liberou a via.<br \/>\nNa Avenida 20 de Janeiro, que d\u00e1 acesso ao Aeroporto Internacional Tom Jobim\/Gale\u00e3o, uma faixa foi ocupada, provocando grande engarrafamento para quem se desloca para o aeroporto. Na Avenida Brasil, tamb\u00e9m h\u00e1 manifestantes bloqueando pistas na altura de Santa Cruz.<br \/>\nMais cedo, manifestantes bloquearam a Linha Vermelha e colocaram fogo em objetos na pista, na altura do Hospital do Fund\u00e3o.<br \/>\nEm S\u00e3o Paulo, o transporte p\u00fablico funcionou sem \u00a0incidentes permitindo, com isso o acesso da maioria da popula\u00e7\u00e3o aos seus locais de trabalho e outros compromissos. No come\u00e7o da manh\u00e3, foram registrados apenas atos isolados com bloqueios parciais de vias na cidade e pontos de rodovias, pr\u00f3ximos a entrada \u00e0 capital paulista.<br \/>\nA Companhia de Engenharia de Tr\u00e1fego (CET) registrou, \u00e0s 9h30, 11 pontos com interdi\u00e7\u00f5es totais ou parciais por manifesta\u00e7\u00f5es entre elas na Rua da Consola\u00e7\u00e3o, sentido centro, com obstru\u00e7\u00e3o de todas as faixas e\u00a0 na Rua Martinho Prado, onde os ativistas fecharam uma das faixas.<br \/>\nApesar desses bloqueios, o tr\u00e2nsito est\u00e1 abaixo do normal sendo registrado at\u00e9 as 10h, como pico m\u00e1ximo, 38 quil\u00f4metros de congestionamento.<br \/>\nA Pol\u00edcia Militar informou que, por volta das 7h, foi necess\u00e1rio usar bomba de g\u00e1s lacrimog\u00eanio para dispersar um grupo de manifestantes que ocupava parte da Avenida S\u00e3o Jo\u00e3o, no centro da cidade.<br \/>\nTamb\u00e9m houve bloqueio parcial da Avenida Washington Lu\u00eds, no acesso ao Aeroporto de Congonhas, na Zona Sul da cidade.<br \/>\nPouco antes das 8h, sindicalistas e representantes de movimentos sociais ocuparam o sagu\u00e3o deste terminal, mas o ato n\u00e3o chegou a causar impactos ou preju\u00edzos nos embarques e desembarques de passageiros.<br \/>\nPor volta das 8h30, os manifestantes fecharam o acesso ao Aeroporto de Cumbica, em Guarulhos, colocando obst\u00e1culos na Rodovia Helio Smidt, provocando lentid\u00e3o no entorno da Rodovia Presidente Dutra.<br \/>\nNa Rodovia R\u00e9gis Bittencourt, os ativistas interditaram a faixa da direita, no sentido capital paulista, provocando lentid\u00e3o entre os quil\u00f4metros 279 e 274, no trecho entre os munic\u00edpios de Tabo\u00e3o da Serra e Embu das Artes. Segundo a concession\u00e1ria que administra esta estrada, o fluxo de ve\u00edculos teve de seguir pela pela faixa da esquerda, e foi necess\u00e1rio acionar a Pol\u00edcia Rodovi\u00e1ria Federal.Por volta das 9h todas as pistas estavam liberadas.<br \/>\n&nbsp;<\/p>\n","protected":false},"excerpt":{"rendered":"<p>Manifesta\u00e7\u00f5es em todos os Estados e no Distrito Federal marcaram o in\u00edcio desta sexta-feira, em consequ\u00eancia da greve geral convocada pelas centrais sindicais. Houve bloqueio de rodovias e avenidas em v\u00e1rias capitais, com barreiras e queima de pneus, mas n\u00e3o se registraram incidentes graves. O transporte p\u00fablico que em algumas cidades n\u00e3o funcionou no in\u00edcio [&hellip;]<\/p>\n","protected":false},"author":4,"featured_media":50750,"comment_status":"open","ping_status":"closed","sticky":false,"template":"","format":"standard","meta":{"_jetpack_newsletter_access":"","_jetpack_dont_email_post_to_subs":false,"_jetpack_newsletter_tier_id":0,"_jetpack_memberships_contains_paywalled_content":false,"_jetpack_feature_clip_id":0,"_jetpack_memberships_contains_paid_content":false,"footnotes":"","jetpack_post_was_ever_published":false},"categories":[26],"tags":[],"class_list":["post-50736","post","type-post","status-publish","format-standard","has-post-thumbnail","hentry","category-geral"],"aioseo_notices":[],"aioseo_head":"\n\t\t<!-- All in One SEO 5.0.1.1 - aioseo.com -->\n\t<meta name=\"robots\" content=\"max-image-preview:large\" \/>\n\t<meta name=\"author\" content=\"da Reda\u00e7\u00e3o\"\/>\n\t<link rel=\"canonical\" href=\"https:\/\/www.jornalja.com.br\/arquivo\/manifestacoes-em-todo-o-pais-em-brasilia-tres-mil-homens-policiam-a-esplanada\/\" \/>\n\t<meta name=\"generator\" content=\"All in One SEO (AIOSEO) 5.0.1.1\" \/>\n\t\t<meta property=\"og:locale\" content=\"pt_BR\" \/>\n\t\t<meta property=\"og:site_name\" content=\"Arquivo | Jornal J\u00c1 | Porto Alegre\" \/>\n\t\t<meta property=\"og:type\" content=\"article\" \/>\n\t\t<meta property=\"og:title\" content=\"Manifesta\u00e7\u00f5es em todo o pa\u00eds: Em Brasilia, tr\u00eas mil homens policiam a Esplanada | Arquivo\" \/>\n\t\t<meta property=\"og:url\" content=\"https:\/\/www.jornalja.com.br\/arquivo\/manifestacoes-em-todo-o-pais-em-brasilia-tres-mil-homens-policiam-a-esplanada\/\" \/>\n\t\t<meta property=\"og:image\" content=\"https:\/\/www.jornalja.com.br\/economics\/wp-content\/uploads\/sites\/11\/2026\/08\/ja-folhaderosto-facebook.jpg\" \/>\n\t\t<meta property=\"og:image:secure_url\" content=\"https:\/\/www.jornalja.com.br\/economics\/wp-content\/uploads\/sites\/11\/2026\/08\/ja-folhaderosto-facebook.jpg\" \/>\n\t\t<meta property=\"article:published_time\" content=\"2017-06-30T16:04:41+00:00\" \/>\n\t\t<meta property=\"article:modified_time\" content=\"2017-06-30T16:04:41+00:00\" \/>\n\t\t<meta name=\"twitter:card\" content=\"summary\" \/>\n\t\t<meta name=\"twitter:title\" content=\"Manifesta\u00e7\u00f5es em todo o pa\u00eds: Em Brasilia, tr\u00eas mil homens policiam a Esplanada | Arquivo\" \/>\n\t\t<meta name=\"twitter:image\" content=\"https:\/\/www.jornalja.com.br\/economics\/wp-content\/uploads\/sites\/11\/2026\/08\/ja-folhaderosto-facebook.jpg\" \/>\n\t\t<script type=\"application\/ld+json\" class=\"aioseo-schema\">\n\t\t\t{\"@context\":\"https:\\\/\\\/schema.org\",\"@graph\":[{\"@type\":\"BlogPosting\",\"@id\":\"https:\\\/\\\/www.jornalja.com.br\\\/arquivo\\\/manifestacoes-em-todo-o-pais-em-brasilia-tres-mil-homens-policiam-a-esplanada\\\/#blogposting\",\"name\":\"Manifesta\\u00e7\\u00f5es em todo o pa\\u00eds: Em Brasilia, tr\\u00eas mil homens policiam a Esplanada | Arquivo\",\"headline\":\"Manifesta\\u00e7\\u00f5es em todo o pa\\u00eds: Em Brasilia, tr\\u00eas mil homens policiam a Esplanada\",\"author\":{\"@id\":\"https:\\\/\\\/www.jornalja.com.br\\\/arquivo\\\/author\\\/daredacao\\\/#author\"},\"publisher\":{\"@id\":\"https:\\\/\\\/www.jornalja.com.br\\\/arquivo\\\/#organization\"},\"image\":{\"@type\":\"ImageObject\",\"url\":50750},\"datePublished\":\"2017-06-30T13:04:41-03:00\",\"dateModified\":\"2017-06-30T13:04:41-03:00\",\"inLanguage\":\"pt-BR\",\"mainEntityOfPage\":{\"@id\":\"https:\\\/\\\/www.jornalja.com.br\\\/arquivo\\\/manifestacoes-em-todo-o-pais-em-brasilia-tres-mil-homens-policiam-a-esplanada\\\/#webpage\"},\"isPartOf\":{\"@id\":\"https:\\\/\\\/www.jornalja.com.br\\\/arquivo\\\/manifestacoes-em-todo-o-pais-em-brasilia-tres-mil-homens-policiam-a-esplanada\\\/#webpage\"},\"articleSection\":\"Geral\"},{\"@type\":\"BreadcrumbList\",\"@id\":\"https:\\\/\\\/www.jornalja.com.br\\\/arquivo\\\/manifestacoes-em-todo-o-pais-em-brasilia-tres-mil-homens-policiam-a-esplanada\\\/#breadcrumblist\",\"itemListElement\":[{\"@type\":\"ListItem\",\"@id\":\"https:\\\/\\\/www.jornalja.com.br\\\/arquivo#listItem\",\"position\":1,\"name\":\"Home\",\"item\":\"https:\\\/\\\/www.jornalja.com.br\\\/arquivo\",\"nextItem\":{\"@type\":\"ListItem\",\"@id\":\"https:\\\/\\\/www.jornalja.com.br\\\/arquivo\\\/category\\\/geral\\\/#listItem\",\"name\":\"Geral\"}},{\"@type\":\"ListItem\",\"@id\":\"https:\\\/\\\/www.jornalja.com.br\\\/arquivo\\\/category\\\/geral\\\/#listItem\",\"position\":2,\"name\":\"Geral\",\"item\":\"https:\\\/\\\/www.jornalja.com.br\\\/arquivo\\\/category\\\/geral\\\/\",\"nextItem\":{\"@type\":\"ListItem\",\"@id\":\"https:\\\/\\\/www.jornalja.com.br\\\/arquivo\\\/manifestacoes-em-todo-o-pais-em-brasilia-tres-mil-homens-policiam-a-esplanada\\\/#listItem\",\"name\":\"Manifesta\\u00e7\\u00f5es em todo o pa\\u00eds: Em Brasilia, tr\\u00eas mil homens policiam a Esplanada\"},\"previousItem\":{\"@type\":\"ListItem\",\"@id\":\"https:\\\/\\\/www.jornalja.com.br\\\/arquivo#listItem\",\"name\":\"Home\"}},{\"@type\":\"ListItem\",\"@id\":\"https:\\\/\\\/www.jornalja.com.br\\\/arquivo\\\/manifestacoes-em-todo-o-pais-em-brasilia-tres-mil-homens-policiam-a-esplanada\\\/#listItem\",\"position\":3,\"name\":\"Manifesta\\u00e7\\u00f5es em todo o pa\\u00eds: Em Brasilia, tr\\u00eas mil homens policiam a Esplanada\",\"previousItem\":{\"@type\":\"ListItem\",\"@id\":\"https:\\\/\\\/www.jornalja.com.br\\\/arquivo\\\/category\\\/geral\\\/#listItem\",\"name\":\"Geral\"}}]},{\"@type\":\"Organization\",\"@id\":\"https:\\\/\\\/www.jornalja.com.br\\\/arquivo\\\/#organization\",\"name\":\"Jornal J\\u00c1\",\"description\":\"Jornal J\\u00c1 | Porto Alegre\",\"url\":\"https:\\\/\\\/www.jornalja.com.br\\\/arquivo\\\/\",\"telephone\":\"+555133307272\",\"logo\":{\"@type\":\"ImageObject\",\"url\":\"https:\\\/\\\/www.jornalja.com.br\\\/wp-content\\\/uploads\\\/cards\\\/JAslogan.png\",\"@id\":\"https:\\\/\\\/www.jornalja.com.br\\\/arquivo\\\/manifestacoes-em-todo-o-pais-em-brasilia-tres-mil-homens-policiam-a-esplanada\\\/#organizationLogo\"},\"image\":{\"@id\":\"https:\\\/\\\/www.jornalja.com.br\\\/arquivo\\\/manifestacoes-em-todo-o-pais-em-brasilia-tres-mil-homens-policiam-a-esplanada\\\/#organizationLogo\"}},{\"@type\":\"Person\",\"@id\":\"https:\\\/\\\/www.jornalja.com.br\\\/arquivo\\\/author\\\/daredacao\\\/#author\",\"url\":\"https:\\\/\\\/www.jornalja.com.br\\\/arquivo\\\/author\\\/daredacao\\\/\",\"name\":\"da Reda\\u00e7\\u00e3o\",\"image\":{\"@type\":\"ImageObject\",\"@id\":\"https:\\\/\\\/www.jornalja.com.br\\\/arquivo\\\/manifestacoes-em-todo-o-pais-em-brasilia-tres-mil-homens-policiam-a-esplanada\\\/#authorImage\",\"url\":\"https:\\\/\\\/secure.gravatar.com\\\/avatar\\\/469fd857d6605ad19919d27ed29d35a968a25f6e8fd9318356bbb7f57aae9c65?s=96&d=mm&r=g\",\"width\":96,\"height\":96,\"caption\":\"da Reda\\u00e7\\u00e3o\"}},{\"@type\":\"WebPage\",\"@id\":\"https:\\\/\\\/www.jornalja.com.br\\\/arquivo\\\/manifestacoes-em-todo-o-pais-em-brasilia-tres-mil-homens-policiam-a-esplanada\\\/#webpage\",\"url\":\"https:\\\/\\\/www.jornalja.com.br\\\/arquivo\\\/manifestacoes-em-todo-o-pais-em-brasilia-tres-mil-homens-policiam-a-esplanada\\\/\",\"name\":\"Manifesta\\u00e7\\u00f5es em todo o pa\\u00eds: Em Brasilia, tr\\u00eas mil homens policiam a Esplanada | Arquivo\",\"inLanguage\":\"pt-BR\",\"isPartOf\":{\"@id\":\"https:\\\/\\\/www.jornalja.com.br\\\/arquivo\\\/#website\"},\"breadcrumb\":{\"@id\":\"https:\\\/\\\/www.jornalja.com.br\\\/arquivo\\\/manifestacoes-em-todo-o-pais-em-brasilia-tres-mil-homens-policiam-a-esplanada\\\/#breadcrumblist\"},\"author\":{\"@id\":\"https:\\\/\\\/www.jornalja.com.br\\\/arquivo\\\/author\\\/daredacao\\\/#author\"},\"creator\":{\"@id\":\"https:\\\/\\\/www.jornalja.com.br\\\/arquivo\\\/author\\\/daredacao\\\/#author\"},\"image\":{\"@type\":\"ImageObject\",\"url\":50750,\"@id\":\"https:\\\/\\\/www.jornalja.com.br\\\/arquivo\\\/manifestacoes-em-todo-o-pais-em-brasilia-tres-mil-homens-policiam-a-esplanada\\\/#mainImage\"},\"primaryImageOfPage\":{\"@id\":\"https:\\\/\\\/www.jornalja.com.br\\\/arquivo\\\/manifestacoes-em-todo-o-pais-em-brasilia-tres-mil-homens-policiam-a-esplanada\\\/#mainImage\"},\"datePublished\":\"2017-06-30T13:04:41-03:00\",\"dateModified\":\"2017-06-30T13:04:41-03:00\"},{\"@type\":\"WebSite\",\"@id\":\"https:\\\/\\\/www.jornalja.com.br\\\/arquivo\\\/#website\",\"url\":\"https:\\\/\\\/www.jornalja.com.br\\\/arquivo\\\/\",\"name\":\"Arquivo\",\"description\":\"Jornal J\\u00c1 | Porto Alegre\",\"inLanguage\":\"pt-BR\",\"publisher\":{\"@id\":\"https:\\\/\\\/www.jornalja.com.br\\\/arquivo\\\/#organization\"}}]}\n\t\t<\/script>\n\t\t<!-- All in One SEO -->\n\n","aioseo_head_json":{"title":"Manifesta\u00e7\u00f5es em todo o pa\u00eds: Em Brasilia, tr\u00eas mil homens policiam a Esplanada | Arquivo","description":"","canonical_url":"https:\/\/www.jornalja.com.br\/arquivo\/manifestacoes-em-todo-o-pais-em-brasilia-tres-mil-homens-policiam-a-esplanada\/","robots":"max-image-preview:large","keywords":"","webmasterTools":{"miscellaneous":""},"schema":{"@context":"https:\/\/schema.org","@graph":[{"@type":"BlogPosting","@id":"https:\/\/www.jornalja.com.br\/arquivo\/manifestacoes-em-todo-o-pais-em-brasilia-tres-mil-homens-policiam-a-esplanada\/#blogposting","name":"Manifesta\u00e7\u00f5es em todo o pa\u00eds: Em Brasilia, tr\u00eas mil homens policiam a Esplanada | Arquivo","headline":"Manifesta\u00e7\u00f5es em todo o pa\u00eds: Em Brasilia, tr\u00eas mil homens policiam a Esplanada","author":{"@id":"https:\/\/www.jornalja.com.br\/arquivo\/author\/daredacao\/#author"},"publisher":{"@id":"https:\/\/www.jornalja.com.br\/arquivo\/#organization"},"image":{"@type":"ImageObject","url":50750},"datePublished":"2017-06-30T13:04:41-03:00","dateModified":"2017-06-30T13:04:41-03:00","inLanguage":"pt-BR","mainEntityOfPage":{"@id":"https:\/\/www.jornalja.com.br\/arquivo\/manifestacoes-em-todo-o-pais-em-brasilia-tres-mil-homens-policiam-a-esplanada\/#webpage"},"isPartOf":{"@id":"https:\/\/www.jornalja.com.br\/arquivo\/manifestacoes-em-todo-o-pais-em-brasilia-tres-mil-homens-policiam-a-esplanada\/#webpage"},"articleSection":"Geral"},{"@type":"BreadcrumbList","@id":"https:\/\/www.jornalja.com.br\/arquivo\/manifestacoes-em-todo-o-pais-em-brasilia-tres-mil-homens-policiam-a-esplanada\/#breadcrumblist","itemListElement":[{"@type":"ListItem","@id":"https:\/\/www.jornalja.com.br\/arquivo#listItem","position":1,"name":"Home","item":"https:\/\/www.jornalja.com.br\/arquivo","nextItem":{"@type":"ListItem","@id":"https:\/\/www.jornalja.com.br\/arquivo\/category\/geral\/#listItem","name":"Geral"}},{"@type":"ListItem","@id":"https:\/\/www.jornalja.com.br\/arquivo\/category\/geral\/#listItem","position":2,"name":"Geral","item":"https:\/\/www.jornalja.com.br\/arquivo\/category\/geral\/","nextItem":{"@type":"ListItem","@id":"https:\/\/www.jornalja.com.br\/arquivo\/manifestacoes-em-todo-o-pais-em-brasilia-tres-mil-homens-policiam-a-esplanada\/#listItem","name":"Manifesta\u00e7\u00f5es em todo o pa\u00eds: Em Brasilia, tr\u00eas mil homens policiam a Esplanada"},"previousItem":{"@type":"ListItem","@id":"https:\/\/www.jornalja.com.br\/arquivo#listItem","name":"Home"}},{"@type":"ListItem","@id":"https:\/\/www.jornalja.com.br\/arquivo\/manifestacoes-em-todo-o-pais-em-brasilia-tres-mil-homens-policiam-a-esplanada\/#listItem","position":3,"name":"Manifesta\u00e7\u00f5es em todo o pa\u00eds: Em Brasilia, tr\u00eas mil homens policiam a Esplanada","previousItem":{"@type":"ListItem","@id":"https:\/\/www.jornalja.com.br\/arquivo\/category\/geral\/#listItem","name":"Geral"}}]},{"@type":"Organization","@id":"https:\/\/www.jornalja.com.br\/arquivo\/#organization","name":"Jornal J\u00c1","description":"Jornal J\u00c1 | Porto Alegre","url":"https:\/\/www.jornalja.com.br\/arquivo\/","telephone":"+555133307272","logo":{"@type":"ImageObject","url":"https:\/\/www.jornalja.com.br\/wp-content\/uploads\/cards\/JAslogan.png","@id":"https:\/\/www.jornalja.com.br\/arquivo\/manifestacoes-em-todo-o-pais-em-brasilia-tres-mil-homens-policiam-a-esplanada\/#organizationLogo"},"image":{"@id":"https:\/\/www.jornalja.com.br\/arquivo\/manifestacoes-em-todo-o-pais-em-brasilia-tres-mil-homens-policiam-a-esplanada\/#organizationLogo"}},{"@type":"Person","@id":"https:\/\/www.jornalja.com.br\/arquivo\/author\/daredacao\/#author","url":"https:\/\/www.jornalja.com.br\/arquivo\/author\/daredacao\/","name":"da Reda\u00e7\u00e3o","image":{"@type":"ImageObject","@id":"https:\/\/www.jornalja.com.br\/arquivo\/manifestacoes-em-todo-o-pais-em-brasilia-tres-mil-homens-policiam-a-esplanada\/#authorImage","url":"https:\/\/secure.gravatar.com\/avatar\/469fd857d6605ad19919d27ed29d35a968a25f6e8fd9318356bbb7f57aae9c65?s=96&d=mm&r=g","width":96,"height":96,"caption":"da Reda\u00e7\u00e3o"}},{"@type":"WebPage","@id":"https:\/\/www.jornalja.com.br\/arquivo\/manifestacoes-em-todo-o-pais-em-brasilia-tres-mil-homens-policiam-a-esplanada\/#webpage","url":"https:\/\/www.jornalja.com.br\/arquivo\/manifestacoes-em-todo-o-pais-em-brasilia-tres-mil-homens-policiam-a-esplanada\/","name":"Manifesta\u00e7\u00f5es em todo o pa\u00eds: Em Brasilia, tr\u00eas mil homens policiam a Esplanada | Arquivo","inLanguage":"pt-BR","isPartOf":{"@id":"https:\/\/www.jornalja.com.br\/arquivo\/#website"},"breadcrumb":{"@id":"https:\/\/www.jornalja.com.br\/arquivo\/manifestacoes-em-todo-o-pais-em-brasilia-tres-mil-homens-policiam-a-esplanada\/#breadcrumblist"},"author":{"@id":"https:\/\/www.jornalja.com.br\/arquivo\/author\/daredacao\/#author"},"creator":{"@id":"https:\/\/www.jornalja.com.br\/arquivo\/author\/daredacao\/#author"},"image":{"@type":"ImageObject","url":50750,"@id":"https:\/\/www.jornalja.com.br\/arquivo\/manifestacoes-em-todo-o-pais-em-brasilia-tres-mil-homens-policiam-a-esplanada\/#mainImage"},"primaryImageOfPage":{"@id":"https:\/\/www.jornalja.com.br\/arquivo\/manifestacoes-em-todo-o-pais-em-brasilia-tres-mil-homens-policiam-a-esplanada\/#mainImage"},"datePublished":"2017-06-30T13:04:41-03:00","dateModified":"2017-06-30T13:04:41-03:00"},{"@type":"WebSite","@id":"https:\/\/www.jornalja.com.br\/arquivo\/#website","url":"https:\/\/www.jornalja.com.br\/arquivo\/","name":"Arquivo","description":"Jornal J\u00c1 | Porto Alegre","inLanguage":"pt-BR","publisher":{"@id":"https:\/\/www.jornalja.com.br\/arquivo\/#organization"}}]},"og:locale":"pt_BR","og:site_name":"Arquivo | Jornal J\u00c1 | Porto Alegre","og:type":"article","og:title":"Manifesta\u00e7\u00f5es em todo o pa\u00eds: Em Brasilia, tr\u00eas mil homens policiam a Esplanada | Arquivo","og:url":"https:\/\/www.jornalja.com.br\/arquivo\/manifestacoes-em-todo-o-pais-em-brasilia-tres-mil-homens-policiam-a-esplanada\/","og:image":"https:\/\/www.jornalja.com.br\/economics\/wp-content\/uploads\/sites\/11\/2026\/08\/ja-folhaderosto-facebook.jpg","og:image:secure_url":"https:\/\/www.jornalja.com.br\/economics\/wp-content\/uploads\/sites\/11\/2026\/08\/ja-folhaderosto-facebook.jpg","article:published_time":"2017-06-30T16:04:41+00:00","article:modified_time":"2017-06-30T16:04:41+00:00","twitter:card":"summary","twitter:title":"Manifesta\u00e7\u00f5es em todo o pa\u00eds: Em Brasilia, tr\u00eas mil homens policiam a Esplanada | Arquivo","twitter:image":"https:\/\/www.jornalja.com.br\/economics\/wp-content\/uploads\/sites\/11\/2026\/08\/ja-folhaderosto-facebook.jpg"},"aioseo_meta_data":{"post_id":"50736","title":null,"description":null,"keywords":null,"keyphrases":null,"primary_term":null,"canonical_url":null,"og_title":null,"og_description":null,"og_object_type":"default","og_image_type":"default","og_image_url":null,"og_image_width":null,"og_image_height":null,"og_image_custom_url":null,"og_image_custom_fields":null,"og_video":null,"og_custom_url":null,"og_article_section":null,"og_article_tags":null,"twitter_use_og":false,"twitter_card":"default","twitter_image_type":"default","twitter_image_url":null,"twitter_image_custom_url":null,"twitter_image_custom_fields":null,"twitter_title":null,"twitter_description":null,"schema":{"blockGraphs":[],"customGraphs":[],"default":{"data":{"Article":[],"Course":[],"Dataset":[],"FAQPage":[],"Movie":[],"Person":[],"Product":[],"ProductReview":[],"Car":[],"Recipe":[],"Service":[],"SoftwareApplication":[],"WebPage":[]},"graphName":"","isEnabled":true},"graphs":[]},"schema_type":null,"schema_type_options":null,"pillar_content":false,"robots_default":true,"robots_noindex":false,"robots_noarchive":false,"robots_nosnippet":false,"robots_nofollow":false,"robots_noimageindex":false,"robots_noodp":false,"robots_notranslate":false,"robots_max_snippet":null,"robots_max_videopreview":null,"robots_max_imagepreview":"large","priority":null,"frequency":null,"location":null,"local_seo":null,"breadcrumb_settings":null,"limit_modified_date":false,"ai":null,"created":"2020-12-20 20:30:49","updated":"2025-07-19 22:41:29","seo_analyzer_scan_date":null,"focus_keyword":null,"additional_keywords":null,"truseo_locale":null},"jetpack_sharing_enabled":true,"jetpack-related-posts":[{"id":12960,"url":"https:\/\/www.jornalja.com.br\/arquivo\/populacao-culpa-empresas-pela-greve-dos-rodoviarios\/","url_meta":{"origin":50736,"position":0},"title":"Popula\u00e7\u00e3o culpa empresas pela greve","author":"Patr\u00edcia Marini","date":"14 de fevereiro de 2014","format":false,"excerpt":"Pesquisa divulgada na edi\u00e7\u00e3o do jornal Metro desta sexta-feira,14, comprova o velho ditado: \u00e9 poss\u00edvel enganar muitos por algum tempo, mas n\u00e3o \u00e9 poss\u00edvel enganar a todos o tempo inteiro. A principal revela\u00e7\u00e3o foi que 59,8% dos entrevistados apontaram as empresas como as principais respons\u00e1veis pela grave e 46% culparam\u2026","rel":"","context":"Em &quot;X.Categorias velhas&quot;","block_context":{"text":"X.Categorias velhas","link":"https:\/\/www.jornalja.com.br\/arquivo\/category\/x-categorias-velhas\/"},"img":{"alt_text":"","src":"","width":0,"height":0},"classes":[]},{"id":13240,"url":"https:\/\/www.jornalja.com.br\/arquivo\/plano-diretor-estamos-construindo-o-caos\/","url_meta":{"origin":50736,"position":1},"title":"Plano diretor: &quot;Estamos construindo o caos&quot;","author":"Patr\u00edcia Marini","date":"26 de maio de 2014","format":false,"excerpt":"Desabafo que arquiteta Eliana Castilhos, delegada da Regi\u00e3o de Planejamento 1, postou nas redes sociais \u00e9 um testemunho do ambiente que se criou no Conselho do Plano Diretor de Porto Alegre, onde a aprova\u00e7\u00e3o de grandes empreendimentos \u00e9 empurrada guela abaixo dos conselheiros. Ao CMDUA Como delegada da Regi\u00e3o de\u2026","rel":"","context":"Em &quot;Geral&quot;","block_context":{"text":"Geral","link":"https:\/\/www.jornalja.com.br\/arquivo\/category\/geral\/"},"img":{"alt_text":"","src":"","width":0,"height":0},"classes":[]},{"id":13239,"url":"https:\/\/www.jornalja.com.br\/arquivo\/conselho-desdenha-do-plano-diretor\/","url_meta":{"origin":50736,"position":2},"title":"Porto Alegre: Conselho detona Plano Diretor","author":"Patr\u00edcia Marini","date":"25 de maio de 2014","format":false,"excerpt":"Den\u00fancia do arquiteto e \u00a0urbanista Ibir\u00e1 Santos Lucas. Ele diz que os conselheiros est\u00e3o votando com \"enorme irresponsabilidade\". \"Mudam regime com a maior naturalidade,,,regularizam absurdos de constru\u00e7\u00f5es irregulares... \"O CMDUA est\u00e1 flexibilizando a lei do plano diretor, de uma forma impactante na vida da cidade. Mudam regime com a maior\u2026","rel":"","context":"Em &quot;Geral&quot;","block_context":{"text":"Geral","link":"https:\/\/www.jornalja.com.br\/arquivo\/category\/geral\/"},"img":{"alt_text":"","src":"","width":0,"height":0},"classes":[]},{"id":13109,"url":"https:\/\/www.jornalja.com.br\/arquivo\/judiciario-reconhece-poluicao-eletromagnetica\/","url_meta":{"origin":50736,"position":3},"title":"Judici\u00e1rio reconhece polui\u00e7\u00e3o eletromagn\u00e9tica","author":"Patr\u00edcia Marini","date":"16 de maio de 2014","format":false,"excerpt":"A\u00e7\u00e3o de duas associa\u00e7\u00f5es de moradores foi acolhida pelo Tribunal de Justi\u00e7a de S\u00e3o Paulo que. em decis\u00e3o in\u00e9dita, determinou a redu\u00e7\u00e3o do campo eletromagn\u00e9tico gerado pelas linhas de transmiss\u00e3o de energia que cortam os bairros City Boa\u00e7ava e Alto de Pinheiros. \u00c9 a primeira vez que um tribunal do\u2026","rel":"","context":"Em &quot;X.Categorias velhas&quot;","block_context":{"text":"X.Categorias velhas","link":"https:\/\/www.jornalja.com.br\/arquivo\/category\/x-categorias-velhas\/"},"img":{"alt_text":"","src":"","width":0,"height":0},"classes":[]},{"id":5440,"url":"https:\/\/www.jornalja.com.br\/arquivo\/casarao-da-venancio-destino-permanece-incerto\/","url_meta":{"origin":50736,"position":4},"title":"Estado ainda n\u00e3o sabe o que fazer com casar\u00e3o abandonado h\u00e1 20 anos","author":"Elmar Bones","date":"6 de julho de 2009","format":false,"excerpt":"O casar\u00e3o amarelo, numa esquina nobre de Porto Alegre (Ven\u00e2ncio Aires com Jo\u00e3o Pessoa), j\u00e1 abrigou uma escola. H\u00e1 duas d\u00e9cadas, pelo menos, est\u00e1 abandonado, porque seu propriet\u00e1rio, o governo do Estado do Rio Grande do Sul, n\u00e3o consegue achar um destino para ele. Planos n\u00e3o faltaram. O governador Ol\u00edvio\u2026","rel":"","context":"Em &quot;X.Categorias velhas&quot;","block_context":{"text":"X.Categorias velhas","link":"https:\/\/www.jornalja.com.br\/arquivo\/category\/x-categorias-velhas\/"},"img":{"alt_text":"geraldo1","src":"https:\/\/i0.wp.com\/www.jornalja.com.br\/wp-content\/uploads\/2009\/07\/geraldo1.jpg?resize=350%2C200&ssl=1","width":350,"height":200},"classes":[]},{"id":13124,"url":"https:\/\/www.jornalja.com.br\/arquivo\/sangue-latino-no-iecine\/","url_meta":{"origin":50736,"position":5},"title":"Sangue latino no IECINE","author":"da Reda\u00e7\u00e3o","date":"18 de maio de 2014","format":false,"excerpt":"Francisco Ribeiro O Instituto Estadual de Cinema (IECINE) tem a frente, desde abril \u00faltimo, um novo diretor, o cineasta colombiano Juan Zapata, 36, que substitui Luiz Alberto Cassol. Radicado h\u00e1 dez anos em Porto Alegre, Zapata tem diante de si o desafio de conduzir at\u00e9 o final do ano um\u2026","rel":"","context":"Em &quot;Cultura-Geral&quot;","block_context":{"text":"Cultura-Geral","link":"https:\/\/www.jornalja.com.br\/arquivo\/category\/materiasecundaria\/"},"img":{"alt_text":"","src":"","width":0,"height":0},"classes":[]}],"jetpack_shortlink":"https:\/\/wp.me\/pbQjBd-dck","jetpack_featured_media_url":"","_links":{"self":[{"href":"https:\/\/www.jornalja.com.br\/arquivo\/wp-json\/wp\/v2\/posts\/50736","targetHints":{"allow":["GET"]}}],"collection":[{"href":"https:\/\/www.jornalja.com.br\/arquivo\/wp-json\/wp\/v2\/posts"}],"about":[{"href":"https:\/\/www.jornalja.com.br\/arquivo\/wp-json\/wp\/v2\/types\/post"}],"author":[{"embeddable":true,"href":"https:\/\/www.jornalja.com.br\/arquivo\/wp-json\/wp\/v2\/users\/4"}],"replies":[{"embeddable":true,"href":"https:\/\/www.jornalja.com.br\/arquivo\/wp-json\/wp\/v2\/comments?post=50736"}],"version-history":[{"count":0,"href":"https:\/\/www.jornalja.com.br\/arquivo\/wp-json\/wp\/v2\/posts\/50736\/revisions"}],"wp:attachment":[{"href":"https:\/\/www.jornalja.com.br\/arquivo\/wp-json\/wp\/v2\/media?parent=50736"}],"wp:term":[{"taxonomy":"category","embeddable":true,"href":"https:\/\/www.jornalja.com.br\/arquivo\/wp-json\/wp\/v2\/categories?post=50736"},{"taxonomy":"post_tag","embeddable":true,"href":"https:\/\/www.jornalja.com.br\/arquivo\/wp-json\/wp\/v2\/tags?post=50736"}],"curies":[{"name":"wp","href":"https:\/\/api.w.org\/{rel}","templated":true}]}}