{"id":50739,"date":"2017-06-30T12:23:46","date_gmt":"2017-06-30T15:23:46","guid":{"rendered":"https:\/\/www.jornalja.com.br\/?p=50739"},"modified":"2017-06-30T12:23:46","modified_gmt":"2017-06-30T15:23:46","slug":"kiss-pais-de-vitimas-processados-chamam-de-artimanha-pedido-do-mp-para-absolvicao","status":"publish","type":"post","link":"https:\/\/www.jornalja.com.br\/arquivo\/kiss-pais-de-vitimas-processados-chamam-de-artimanha-pedido-do-mp-para-absolvicao\/","title":{"rendered":"Kiss: pais de v\u00edtimas chamam de artimanha pedido do MP para absolvi\u00e7\u00e3o"},"content":{"rendered":"<p>Em entrevista coletiva na manh\u00e3 desta sexta-feira (20), na sede da Associa\u00e7\u00e3o de Familiares de V\u00edtimas e Sobreviventes da Trag\u00e9dia de Santa Maria (AVTSM), membros da diretoria da entidade se manifestaram firmemente contra o pedido de absolvi\u00e7\u00e3o de pais processados por \u201cfalta de provas\u201d, depois do que eles chamaram de \u201ctentativa de intimida\u00e7\u00e3o dos familiares por meio de a\u00e7\u00f5es judiciais\u201d.<br \/>\nA AVTSM tamb\u00e9m pretende, depois de conversar com outros assistentes de acusa\u00e7\u00e3o, pedir a suspei\u00e7\u00e3o dos promotores Joel Dutra e Maur\u00edcio Trevisan, que atuam no processo criminal contra os s\u00f3cios da Boate Kiss e contra integrantes da Banda Gurizada Fandangueira, pois s\u00e3o os mesmos que processaram pais de v\u00edtimas.<br \/>\n\u201cN\u00f3s s\u00f3 queremos que os promotores cumpram a obriga\u00e7\u00e3o deles. Eles t\u00eam que aprender a receber cr\u00edticas. N\u00f3s falamos sobre a imoralidade do processo, n\u00e3o ofendemos a m\u00e3e ou o filho de algu\u00e9m\u201d, disse o presidente da AVTSM, S\u00e9rgio da Silva.<br \/>\n\u201cRecebi com uma ironia muito grande e uma arrog\u00e2ncia maior ainda o pedido de absolvi\u00e7\u00e3o por parte do procurador-geral quando ele falou que n\u00e3o havia nada de irregular (na manifesta\u00e7\u00e3o dos pais) e eles decidiram nos perdoar\u201d, comentou o vice-presidente da AVTSM, Fl\u00e1vio Jos\u00e9 da Silva.<br \/>\nFoi informado tamb\u00e9m que o pai processado Fl\u00e1vio Jos\u00e9 da Silva pretende recorrer \u00e0 Bras\u00edlia contra decis\u00e3o do Tribunal de Justi\u00e7a do Rio Grande do Sul (TJ\/RS) de n\u00e3o acolher o incidente processual da \u201cexce\u00e7\u00e3o da verdade\u201d, quando ele tentava provar que n\u00e3o caluniou o promotor Ricardo Lozza ao dizer que o Minist\u00e9rio P\u00fablico sabia das irregularidades na casa noturna.<br \/>\n\u201cFoi uma manobra esperta. Foi estranho. A artimanha foi bem feita, porque restaria claro e n\u00edtido que os promotores sabiam das irregularidades. Vamos recorrer aonde tiver que ser. N\u00f3s vamos em busca da verdade\u201d, disse Pedro Barcellos Jr, advogado de Fl\u00e1vio\u00a0 e de Paulo Carvalho, outro pais processado.<br \/>\nPatr\u00edcia Michelon, advogada de Marta Beuren, m\u00e3e processada por um advogado particular, disse que aguarda a senten\u00e7a no processo dela. \u201cSe houver um pedido de absolvi\u00e7\u00e3o, \u00e9 uma decis\u00e3o exclusiva dos autores do processo contra a Marta, n\u00e3o cabe ao Minist\u00e9rio P\u00fablico\u201d, comentou Patr\u00edcia.<br \/>\nAntes da entrevista coletiva, foi divulgada uma nota oficial da AVTSM sobre os \u00faltimos acontecimentos. Ela pode ser acessada\u00a0<a href=\"http:\/\/avtsm.org\/2017\/06\/30\/5978\/\">AQUI<\/a>.<\/p>\n","protected":false},"excerpt":{"rendered":"<p>Em entrevista coletiva na manh\u00e3 desta sexta-feira (20), na sede da Associa\u00e7\u00e3o de Familiares de V\u00edtimas e Sobreviventes da Trag\u00e9dia de Santa Maria (AVTSM), membros da diretoria da entidade se manifestaram firmemente contra o pedido de absolvi\u00e7\u00e3o de pais processados por \u201cfalta de provas\u201d, depois do que eles chamaram de \u201ctentativa de intimida\u00e7\u00e3o dos familiares [&hellip;]<\/p>\n","protected":false},"author":4,"featured_media":50740,"comment_status":"open","ping_status":"closed","sticky":false,"template":"","format":"standard","meta":{"_jetpack_newsletter_access":"","_jetpack_dont_email_post_to_subs":false,"_jetpack_newsletter_tier_id":0,"_jetpack_memberships_contains_paywalled_content":false,"_jetpack_feature_clip_id":0,"_jetpack_memberships_contains_paid_content":false,"footnotes":"","jetpack_post_was_ever_published":false},"categories":[26],"tags":[],"class_list":["post-50739","post","type-post","status-publish","format-standard","has-post-thumbnail","hentry","category-geral"],"aioseo_notices":[],"aioseo_head":"\n\t\t<!-- All in One SEO 5.0.1.1 - aioseo.com -->\n\t<meta name=\"robots\" content=\"max-image-preview:large\" \/>\n\t<meta name=\"author\" content=\"da Reda\u00e7\u00e3o\"\/>\n\t<link rel=\"canonical\" href=\"https:\/\/www.jornalja.com.br\/arquivo\/kiss-pais-de-vitimas-processados-chamam-de-artimanha-pedido-do-mp-para-absolvicao\/\" \/>\n\t<meta name=\"generator\" content=\"All in One SEO (AIOSEO) 5.0.1.1\" \/>\n\t\t<meta property=\"og:locale\" content=\"pt_BR\" \/>\n\t\t<meta property=\"og:site_name\" content=\"Arquivo | Jornal J\u00c1 | Porto Alegre\" \/>\n\t\t<meta property=\"og:type\" content=\"article\" \/>\n\t\t<meta property=\"og:title\" content=\"Kiss: pais de v\u00edtimas chamam de artimanha pedido do MP para absolvi\u00e7\u00e3o | Arquivo\" \/>\n\t\t<meta property=\"og:url\" content=\"https:\/\/www.jornalja.com.br\/arquivo\/kiss-pais-de-vitimas-processados-chamam-de-artimanha-pedido-do-mp-para-absolvicao\/\" \/>\n\t\t<meta property=\"og:image\" content=\"https:\/\/www.jornalja.com.br\/economics\/wp-content\/uploads\/sites\/11\/2026\/08\/ja-folhaderosto-facebook.jpg\" \/>\n\t\t<meta property=\"og:image:secure_url\" content=\"https:\/\/www.jornalja.com.br\/economics\/wp-content\/uploads\/sites\/11\/2026\/08\/ja-folhaderosto-facebook.jpg\" \/>\n\t\t<meta property=\"article:published_time\" content=\"2017-06-30T15:23:46+00:00\" \/>\n\t\t<meta property=\"article:modified_time\" content=\"2017-06-30T15:23:46+00:00\" \/>\n\t\t<meta name=\"twitter:card\" content=\"summary\" \/>\n\t\t<meta name=\"twitter:title\" content=\"Kiss: pais de v\u00edtimas chamam de artimanha pedido do MP para absolvi\u00e7\u00e3o | Arquivo\" \/>\n\t\t<meta name=\"twitter:image\" content=\"https:\/\/www.jornalja.com.br\/economics\/wp-content\/uploads\/sites\/11\/2026\/08\/ja-folhaderosto-facebook.jpg\" \/>\n\t\t<script type=\"application\/ld+json\" class=\"aioseo-schema\">\n\t\t\t{\"@context\":\"https:\\\/\\\/schema.org\",\"@graph\":[{\"@type\":\"BlogPosting\",\"@id\":\"https:\\\/\\\/www.jornalja.com.br\\\/arquivo\\\/kiss-pais-de-vitimas-processados-chamam-de-artimanha-pedido-do-mp-para-absolvicao\\\/#blogposting\",\"name\":\"Kiss: pais de v\\u00edtimas chamam de artimanha pedido do MP para absolvi\\u00e7\\u00e3o | Arquivo\",\"headline\":\"Kiss: pais de v\\u00edtimas chamam de artimanha pedido do MP para absolvi\\u00e7\\u00e3o\",\"author\":{\"@id\":\"https:\\\/\\\/www.jornalja.com.br\\\/arquivo\\\/author\\\/daredacao\\\/#author\"},\"publisher\":{\"@id\":\"https:\\\/\\\/www.jornalja.com.br\\\/arquivo\\\/#organization\"},\"image\":{\"@type\":\"ImageObject\",\"url\":50740},\"datePublished\":\"2017-06-30T12:23:46-03:00\",\"dateModified\":\"2017-06-30T12:23:46-03:00\",\"inLanguage\":\"pt-BR\",\"mainEntityOfPage\":{\"@id\":\"https:\\\/\\\/www.jornalja.com.br\\\/arquivo\\\/kiss-pais-de-vitimas-processados-chamam-de-artimanha-pedido-do-mp-para-absolvicao\\\/#webpage\"},\"isPartOf\":{\"@id\":\"https:\\\/\\\/www.jornalja.com.br\\\/arquivo\\\/kiss-pais-de-vitimas-processados-chamam-de-artimanha-pedido-do-mp-para-absolvicao\\\/#webpage\"},\"articleSection\":\"Geral\"},{\"@type\":\"BreadcrumbList\",\"@id\":\"https:\\\/\\\/www.jornalja.com.br\\\/arquivo\\\/kiss-pais-de-vitimas-processados-chamam-de-artimanha-pedido-do-mp-para-absolvicao\\\/#breadcrumblist\",\"itemListElement\":[{\"@type\":\"ListItem\",\"@id\":\"https:\\\/\\\/www.jornalja.com.br\\\/arquivo#listItem\",\"position\":1,\"name\":\"Home\",\"item\":\"https:\\\/\\\/www.jornalja.com.br\\\/arquivo\",\"nextItem\":{\"@type\":\"ListItem\",\"@id\":\"https:\\\/\\\/www.jornalja.com.br\\\/arquivo\\\/category\\\/geral\\\/#listItem\",\"name\":\"Geral\"}},{\"@type\":\"ListItem\",\"@id\":\"https:\\\/\\\/www.jornalja.com.br\\\/arquivo\\\/category\\\/geral\\\/#listItem\",\"position\":2,\"name\":\"Geral\",\"item\":\"https:\\\/\\\/www.jornalja.com.br\\\/arquivo\\\/category\\\/geral\\\/\",\"nextItem\":{\"@type\":\"ListItem\",\"@id\":\"https:\\\/\\\/www.jornalja.com.br\\\/arquivo\\\/kiss-pais-de-vitimas-processados-chamam-de-artimanha-pedido-do-mp-para-absolvicao\\\/#listItem\",\"name\":\"Kiss: pais de v\\u00edtimas chamam de artimanha pedido do MP para absolvi\\u00e7\\u00e3o\"},\"previousItem\":{\"@type\":\"ListItem\",\"@id\":\"https:\\\/\\\/www.jornalja.com.br\\\/arquivo#listItem\",\"name\":\"Home\"}},{\"@type\":\"ListItem\",\"@id\":\"https:\\\/\\\/www.jornalja.com.br\\\/arquivo\\\/kiss-pais-de-vitimas-processados-chamam-de-artimanha-pedido-do-mp-para-absolvicao\\\/#listItem\",\"position\":3,\"name\":\"Kiss: pais de v\\u00edtimas chamam de artimanha pedido do MP para absolvi\\u00e7\\u00e3o\",\"previousItem\":{\"@type\":\"ListItem\",\"@id\":\"https:\\\/\\\/www.jornalja.com.br\\\/arquivo\\\/category\\\/geral\\\/#listItem\",\"name\":\"Geral\"}}]},{\"@type\":\"Organization\",\"@id\":\"https:\\\/\\\/www.jornalja.com.br\\\/arquivo\\\/#organization\",\"name\":\"Jornal J\\u00c1\",\"description\":\"Jornal J\\u00c1 | Porto Alegre\",\"url\":\"https:\\\/\\\/www.jornalja.com.br\\\/arquivo\\\/\",\"telephone\":\"+555133307272\",\"logo\":{\"@type\":\"ImageObject\",\"url\":\"https:\\\/\\\/www.jornalja.com.br\\\/wp-content\\\/uploads\\\/cards\\\/JAslogan.png\",\"@id\":\"https:\\\/\\\/www.jornalja.com.br\\\/arquivo\\\/kiss-pais-de-vitimas-processados-chamam-de-artimanha-pedido-do-mp-para-absolvicao\\\/#organizationLogo\"},\"image\":{\"@id\":\"https:\\\/\\\/www.jornalja.com.br\\\/arquivo\\\/kiss-pais-de-vitimas-processados-chamam-de-artimanha-pedido-do-mp-para-absolvicao\\\/#organizationLogo\"}},{\"@type\":\"Person\",\"@id\":\"https:\\\/\\\/www.jornalja.com.br\\\/arquivo\\\/author\\\/daredacao\\\/#author\",\"url\":\"https:\\\/\\\/www.jornalja.com.br\\\/arquivo\\\/author\\\/daredacao\\\/\",\"name\":\"da Reda\\u00e7\\u00e3o\",\"image\":{\"@type\":\"ImageObject\",\"@id\":\"https:\\\/\\\/www.jornalja.com.br\\\/arquivo\\\/kiss-pais-de-vitimas-processados-chamam-de-artimanha-pedido-do-mp-para-absolvicao\\\/#authorImage\",\"url\":\"https:\\\/\\\/secure.gravatar.com\\\/avatar\\\/469fd857d6605ad19919d27ed29d35a968a25f6e8fd9318356bbb7f57aae9c65?s=96&d=mm&r=g\",\"width\":96,\"height\":96,\"caption\":\"da Reda\\u00e7\\u00e3o\"}},{\"@type\":\"WebPage\",\"@id\":\"https:\\\/\\\/www.jornalja.com.br\\\/arquivo\\\/kiss-pais-de-vitimas-processados-chamam-de-artimanha-pedido-do-mp-para-absolvicao\\\/#webpage\",\"url\":\"https:\\\/\\\/www.jornalja.com.br\\\/arquivo\\\/kiss-pais-de-vitimas-processados-chamam-de-artimanha-pedido-do-mp-para-absolvicao\\\/\",\"name\":\"Kiss: pais de v\\u00edtimas chamam de artimanha pedido do MP para absolvi\\u00e7\\u00e3o | Arquivo\",\"inLanguage\":\"pt-BR\",\"isPartOf\":{\"@id\":\"https:\\\/\\\/www.jornalja.com.br\\\/arquivo\\\/#website\"},\"breadcrumb\":{\"@id\":\"https:\\\/\\\/www.jornalja.com.br\\\/arquivo\\\/kiss-pais-de-vitimas-processados-chamam-de-artimanha-pedido-do-mp-para-absolvicao\\\/#breadcrumblist\"},\"author\":{\"@id\":\"https:\\\/\\\/www.jornalja.com.br\\\/arquivo\\\/author\\\/daredacao\\\/#author\"},\"creator\":{\"@id\":\"https:\\\/\\\/www.jornalja.com.br\\\/arquivo\\\/author\\\/daredacao\\\/#author\"},\"image\":{\"@type\":\"ImageObject\",\"url\":50740,\"@id\":\"https:\\\/\\\/www.jornalja.com.br\\\/arquivo\\\/kiss-pais-de-vitimas-processados-chamam-de-artimanha-pedido-do-mp-para-absolvicao\\\/#mainImage\"},\"primaryImageOfPage\":{\"@id\":\"https:\\\/\\\/www.jornalja.com.br\\\/arquivo\\\/kiss-pais-de-vitimas-processados-chamam-de-artimanha-pedido-do-mp-para-absolvicao\\\/#mainImage\"},\"datePublished\":\"2017-06-30T12:23:46-03:00\",\"dateModified\":\"2017-06-30T12:23:46-03:00\"},{\"@type\":\"WebSite\",\"@id\":\"https:\\\/\\\/www.jornalja.com.br\\\/arquivo\\\/#website\",\"url\":\"https:\\\/\\\/www.jornalja.com.br\\\/arquivo\\\/\",\"name\":\"Arquivo\",\"description\":\"Jornal J\\u00c1 | Porto Alegre\",\"inLanguage\":\"pt-BR\",\"publisher\":{\"@id\":\"https:\\\/\\\/www.jornalja.com.br\\\/arquivo\\\/#organization\"}}]}\n\t\t<\/script>\n\t\t<!-- All in One SEO -->\n\n","aioseo_head_json":{"title":"Kiss: pais de v\u00edtimas chamam de artimanha pedido do MP para absolvi\u00e7\u00e3o | Arquivo","description":"","canonical_url":"https:\/\/www.jornalja.com.br\/arquivo\/kiss-pais-de-vitimas-processados-chamam-de-artimanha-pedido-do-mp-para-absolvicao\/","robots":"max-image-preview:large","keywords":"","webmasterTools":{"miscellaneous":""},"schema":{"@context":"https:\/\/schema.org","@graph":[{"@type":"BlogPosting","@id":"https:\/\/www.jornalja.com.br\/arquivo\/kiss-pais-de-vitimas-processados-chamam-de-artimanha-pedido-do-mp-para-absolvicao\/#blogposting","name":"Kiss: pais de v\u00edtimas chamam de artimanha pedido do MP para absolvi\u00e7\u00e3o | Arquivo","headline":"Kiss: pais de v\u00edtimas chamam de artimanha pedido do MP para absolvi\u00e7\u00e3o","author":{"@id":"https:\/\/www.jornalja.com.br\/arquivo\/author\/daredacao\/#author"},"publisher":{"@id":"https:\/\/www.jornalja.com.br\/arquivo\/#organization"},"image":{"@type":"ImageObject","url":50740},"datePublished":"2017-06-30T12:23:46-03:00","dateModified":"2017-06-30T12:23:46-03:00","inLanguage":"pt-BR","mainEntityOfPage":{"@id":"https:\/\/www.jornalja.com.br\/arquivo\/kiss-pais-de-vitimas-processados-chamam-de-artimanha-pedido-do-mp-para-absolvicao\/#webpage"},"isPartOf":{"@id":"https:\/\/www.jornalja.com.br\/arquivo\/kiss-pais-de-vitimas-processados-chamam-de-artimanha-pedido-do-mp-para-absolvicao\/#webpage"},"articleSection":"Geral"},{"@type":"BreadcrumbList","@id":"https:\/\/www.jornalja.com.br\/arquivo\/kiss-pais-de-vitimas-processados-chamam-de-artimanha-pedido-do-mp-para-absolvicao\/#breadcrumblist","itemListElement":[{"@type":"ListItem","@id":"https:\/\/www.jornalja.com.br\/arquivo#listItem","position":1,"name":"Home","item":"https:\/\/www.jornalja.com.br\/arquivo","nextItem":{"@type":"ListItem","@id":"https:\/\/www.jornalja.com.br\/arquivo\/category\/geral\/#listItem","name":"Geral"}},{"@type":"ListItem","@id":"https:\/\/www.jornalja.com.br\/arquivo\/category\/geral\/#listItem","position":2,"name":"Geral","item":"https:\/\/www.jornalja.com.br\/arquivo\/category\/geral\/","nextItem":{"@type":"ListItem","@id":"https:\/\/www.jornalja.com.br\/arquivo\/kiss-pais-de-vitimas-processados-chamam-de-artimanha-pedido-do-mp-para-absolvicao\/#listItem","name":"Kiss: pais de v\u00edtimas chamam de artimanha pedido do MP para absolvi\u00e7\u00e3o"},"previousItem":{"@type":"ListItem","@id":"https:\/\/www.jornalja.com.br\/arquivo#listItem","name":"Home"}},{"@type":"ListItem","@id":"https:\/\/www.jornalja.com.br\/arquivo\/kiss-pais-de-vitimas-processados-chamam-de-artimanha-pedido-do-mp-para-absolvicao\/#listItem","position":3,"name":"Kiss: pais de v\u00edtimas chamam de artimanha pedido do MP para absolvi\u00e7\u00e3o","previousItem":{"@type":"ListItem","@id":"https:\/\/www.jornalja.com.br\/arquivo\/category\/geral\/#listItem","name":"Geral"}}]},{"@type":"Organization","@id":"https:\/\/www.jornalja.com.br\/arquivo\/#organization","name":"Jornal J\u00c1","description":"Jornal J\u00c1 | Porto Alegre","url":"https:\/\/www.jornalja.com.br\/arquivo\/","telephone":"+555133307272","logo":{"@type":"ImageObject","url":"https:\/\/www.jornalja.com.br\/wp-content\/uploads\/cards\/JAslogan.png","@id":"https:\/\/www.jornalja.com.br\/arquivo\/kiss-pais-de-vitimas-processados-chamam-de-artimanha-pedido-do-mp-para-absolvicao\/#organizationLogo"},"image":{"@id":"https:\/\/www.jornalja.com.br\/arquivo\/kiss-pais-de-vitimas-processados-chamam-de-artimanha-pedido-do-mp-para-absolvicao\/#organizationLogo"}},{"@type":"Person","@id":"https:\/\/www.jornalja.com.br\/arquivo\/author\/daredacao\/#author","url":"https:\/\/www.jornalja.com.br\/arquivo\/author\/daredacao\/","name":"da Reda\u00e7\u00e3o","image":{"@type":"ImageObject","@id":"https:\/\/www.jornalja.com.br\/arquivo\/kiss-pais-de-vitimas-processados-chamam-de-artimanha-pedido-do-mp-para-absolvicao\/#authorImage","url":"https:\/\/secure.gravatar.com\/avatar\/469fd857d6605ad19919d27ed29d35a968a25f6e8fd9318356bbb7f57aae9c65?s=96&d=mm&r=g","width":96,"height":96,"caption":"da Reda\u00e7\u00e3o"}},{"@type":"WebPage","@id":"https:\/\/www.jornalja.com.br\/arquivo\/kiss-pais-de-vitimas-processados-chamam-de-artimanha-pedido-do-mp-para-absolvicao\/#webpage","url":"https:\/\/www.jornalja.com.br\/arquivo\/kiss-pais-de-vitimas-processados-chamam-de-artimanha-pedido-do-mp-para-absolvicao\/","name":"Kiss: pais de v\u00edtimas chamam de artimanha pedido do MP para absolvi\u00e7\u00e3o | Arquivo","inLanguage":"pt-BR","isPartOf":{"@id":"https:\/\/www.jornalja.com.br\/arquivo\/#website"},"breadcrumb":{"@id":"https:\/\/www.jornalja.com.br\/arquivo\/kiss-pais-de-vitimas-processados-chamam-de-artimanha-pedido-do-mp-para-absolvicao\/#breadcrumblist"},"author":{"@id":"https:\/\/www.jornalja.com.br\/arquivo\/author\/daredacao\/#author"},"creator":{"@id":"https:\/\/www.jornalja.com.br\/arquivo\/author\/daredacao\/#author"},"image":{"@type":"ImageObject","url":50740,"@id":"https:\/\/www.jornalja.com.br\/arquivo\/kiss-pais-de-vitimas-processados-chamam-de-artimanha-pedido-do-mp-para-absolvicao\/#mainImage"},"primaryImageOfPage":{"@id":"https:\/\/www.jornalja.com.br\/arquivo\/kiss-pais-de-vitimas-processados-chamam-de-artimanha-pedido-do-mp-para-absolvicao\/#mainImage"},"datePublished":"2017-06-30T12:23:46-03:00","dateModified":"2017-06-30T12:23:46-03:00"},{"@type":"WebSite","@id":"https:\/\/www.jornalja.com.br\/arquivo\/#website","url":"https:\/\/www.jornalja.com.br\/arquivo\/","name":"Arquivo","description":"Jornal J\u00c1 | Porto Alegre","inLanguage":"pt-BR","publisher":{"@id":"https:\/\/www.jornalja.com.br\/arquivo\/#organization"}}]},"og:locale":"pt_BR","og:site_name":"Arquivo | Jornal J\u00c1 | Porto Alegre","og:type":"article","og:title":"Kiss: pais de v\u00edtimas chamam de artimanha pedido do MP para absolvi\u00e7\u00e3o | Arquivo","og:url":"https:\/\/www.jornalja.com.br\/arquivo\/kiss-pais-de-vitimas-processados-chamam-de-artimanha-pedido-do-mp-para-absolvicao\/","og:image":"https:\/\/www.jornalja.com.br\/economics\/wp-content\/uploads\/sites\/11\/2026\/08\/ja-folhaderosto-facebook.jpg","og:image:secure_url":"https:\/\/www.jornalja.com.br\/economics\/wp-content\/uploads\/sites\/11\/2026\/08\/ja-folhaderosto-facebook.jpg","article:published_time":"2017-06-30T15:23:46+00:00","article:modified_time":"2017-06-30T15:23:46+00:00","twitter:card":"summary","twitter:title":"Kiss: pais de v\u00edtimas chamam de artimanha pedido do MP para absolvi\u00e7\u00e3o | Arquivo","twitter:image":"https:\/\/www.jornalja.com.br\/economics\/wp-content\/uploads\/sites\/11\/2026\/08\/ja-folhaderosto-facebook.jpg"},"aioseo_meta_data":{"post_id":"50739","title":null,"description":null,"keywords":null,"keyphrases":null,"primary_term":null,"canonical_url":null,"og_title":null,"og_description":null,"og_object_type":"default","og_image_type":"default","og_image_url":null,"og_image_width":null,"og_image_height":null,"og_image_custom_url":null,"og_image_custom_fields":null,"og_video":null,"og_custom_url":null,"og_article_section":null,"og_article_tags":null,"twitter_use_og":false,"twitter_card":"default","twitter_image_type":"default","twitter_image_url":null,"twitter_image_custom_url":null,"twitter_image_custom_fields":null,"twitter_title":null,"twitter_description":null,"schema":{"blockGraphs":[],"customGraphs":[],"default":{"data":{"Article":[],"Course":[],"Dataset":[],"FAQPage":[],"Movie":[],"Person":[],"Product":[],"ProductReview":[],"Car":[],"Recipe":[],"Service":[],"SoftwareApplication":[],"WebPage":[]},"graphName":"","isEnabled":true},"graphs":[],"defaultGraph":"","defaultPostTypeGraph":""},"schema_type":null,"schema_type_options":null,"pillar_content":false,"robots_default":true,"robots_noindex":false,"robots_noarchive":false,"robots_nosnippet":false,"robots_nofollow":false,"robots_noimageindex":false,"robots_noodp":false,"robots_notranslate":false,"robots_max_snippet":null,"robots_max_videopreview":null,"robots_max_imagepreview":"large","priority":null,"frequency":null,"location":null,"local_seo":null,"breadcrumb_settings":null,"limit_modified_date":false,"ai":null,"created":"2020-12-20 20:30:49","updated":"2025-07-19 22:41:29","seo_analyzer_scan_date":null,"focus_keyword":null,"additional_keywords":null,"truseo_locale":null},"jetpack_sharing_enabled":true,"jetpack-related-posts":[{"id":13101,"url":"https:\/\/www.jornalja.com.br\/arquivo\/morre-um-guerreiro-do-texto\/","url_meta":{"origin":50739,"position":0},"title":"Morre um guerreiro do texto","author":"Patr\u00edcia Marini","date":"14 de maio de 2014","format":false,"excerpt":"Por Ricardo Kotscho Reproduzido do blog do autor, 11\/5\/2014; t\u00edtulo original \u201cE l\u00e1 se foi o nosso Myltainho, guerreiro do texto\u201d. Mi\u00fado e franzino, meu amigo Myltainho era um valente e inconformado guerreiro na luta contra as injusti\u00e7as sociais, a hipocrisia, as maracutaias, o autoritarismo, a intoler\u00e2ncia, a viol\u00eancia, o\u2026","rel":"","context":"Em &quot;Geral&quot;","block_context":{"text":"Geral","link":"https:\/\/www.jornalja.com.br\/arquivo\/category\/geral\/"},"img":{"alt_text":"","src":"","width":0,"height":0},"classes":[]},{"id":13240,"url":"https:\/\/www.jornalja.com.br\/arquivo\/plano-diretor-estamos-construindo-o-caos\/","url_meta":{"origin":50739,"position":1},"title":"Plano diretor: &quot;Estamos construindo o caos&quot;","author":"Patr\u00edcia Marini","date":"26 de maio de 2014","format":false,"excerpt":"Desabafo que arquiteta Eliana Castilhos, delegada da Regi\u00e3o de Planejamento 1, postou nas redes sociais \u00e9 um testemunho do ambiente que se criou no Conselho do Plano Diretor de Porto Alegre, onde a aprova\u00e7\u00e3o de grandes empreendimentos \u00e9 empurrada guela abaixo dos conselheiros. Ao CMDUA Como delegada da Regi\u00e3o de\u2026","rel":"","context":"Em &quot;Geral&quot;","block_context":{"text":"Geral","link":"https:\/\/www.jornalja.com.br\/arquivo\/category\/geral\/"},"img":{"alt_text":"","src":"","width":0,"height":0},"classes":[]},{"id":13124,"url":"https:\/\/www.jornalja.com.br\/arquivo\/sangue-latino-no-iecine\/","url_meta":{"origin":50739,"position":2},"title":"Sangue latino no IECINE","author":"da Reda\u00e7\u00e3o","date":"18 de maio de 2014","format":false,"excerpt":"Francisco Ribeiro O Instituto Estadual de Cinema (IECINE) tem a frente, desde abril \u00faltimo, um novo diretor, o cineasta colombiano Juan Zapata, 36, que substitui Luiz Alberto Cassol. Radicado h\u00e1 dez anos em Porto Alegre, Zapata tem diante de si o desafio de conduzir at\u00e9 o final do ano um\u2026","rel":"","context":"Em &quot;Cultura-Geral&quot;","block_context":{"text":"Cultura-Geral","link":"https:\/\/www.jornalja.com.br\/arquivo\/category\/materiasecundaria\/"},"img":{"alt_text":"","src":"","width":0,"height":0},"classes":[]},{"id":13109,"url":"https:\/\/www.jornalja.com.br\/arquivo\/judiciario-reconhece-poluicao-eletromagnetica\/","url_meta":{"origin":50739,"position":3},"title":"Judici\u00e1rio reconhece polui\u00e7\u00e3o eletromagn\u00e9tica","author":"Patr\u00edcia Marini","date":"16 de maio de 2014","format":false,"excerpt":"A\u00e7\u00e3o de duas associa\u00e7\u00f5es de moradores foi acolhida pelo Tribunal de Justi\u00e7a de S\u00e3o Paulo que. em decis\u00e3o in\u00e9dita, determinou a redu\u00e7\u00e3o do campo eletromagn\u00e9tico gerado pelas linhas de transmiss\u00e3o de energia que cortam os bairros City Boa\u00e7ava e Alto de Pinheiros. \u00c9 a primeira vez que um tribunal do\u2026","rel":"","context":"Em &quot;X.Categorias velhas&quot;","block_context":{"text":"X.Categorias velhas","link":"https:\/\/www.jornalja.com.br\/arquivo\/category\/x-categorias-velhas\/"},"img":{"alt_text":"","src":"","width":0,"height":0},"classes":[]},{"id":13239,"url":"https:\/\/www.jornalja.com.br\/arquivo\/conselho-desdenha-do-plano-diretor\/","url_meta":{"origin":50739,"position":4},"title":"Porto Alegre: Conselho detona Plano Diretor","author":"Patr\u00edcia Marini","date":"25 de maio de 2014","format":false,"excerpt":"Den\u00fancia do arquiteto e \u00a0urbanista Ibir\u00e1 Santos Lucas. Ele diz que os conselheiros est\u00e3o votando com \"enorme irresponsabilidade\". \"Mudam regime com a maior naturalidade,,,regularizam absurdos de constru\u00e7\u00f5es irregulares... \"O CMDUA est\u00e1 flexibilizando a lei do plano diretor, de uma forma impactante na vida da cidade. Mudam regime com a maior\u2026","rel":"","context":"Em &quot;Geral&quot;","block_context":{"text":"Geral","link":"https:\/\/www.jornalja.com.br\/arquivo\/category\/geral\/"},"img":{"alt_text":"","src":"","width":0,"height":0},"classes":[]},{"id":13128,"url":"https:\/\/www.jornalja.com.br\/arquivo\/maconha-terra-diz-que-uso-medicinal-e-desculpa\/","url_meta":{"origin":50739,"position":5},"title":"Maconha: Terra diz que uso medicinal \u00e9 desculpa","author":"Patr\u00edcia Marini","date":"4 de junho de 2014","format":false,"excerpt":"A condi\u00e7\u00e3o de pol\u00edtico, em \u00e9poca de campanha de campanha eleitoral, tira for\u00e7a do discurso do m\u00e9dico Osmar Terra contra a legaliza\u00e7\u00e3o da maconha. A tese dele de que a libera\u00e7\u00e3o vai ampliar exponencialmente o consumo \u00e9 discutivel, o consumo \u00e9 corrente. Mas seus alertas quanto aos riscos tem que\u2026","rel":"","context":"Em &quot;X.Categorias velhas&quot;","block_context":{"text":"X.Categorias velhas","link":"https:\/\/www.jornalja.com.br\/arquivo\/category\/x-categorias-velhas\/"},"img":{"alt_text":"","src":"","width":0,"height":0},"classes":[]}],"jetpack_shortlink":"https:\/\/wp.me\/pbQjBd-dcn","jetpack_featured_media_url":"","_links":{"self":[{"href":"https:\/\/www.jornalja.com.br\/arquivo\/wp-json\/wp\/v2\/posts\/50739","targetHints":{"allow":["GET"]}}],"collection":[{"href":"https:\/\/www.jornalja.com.br\/arquivo\/wp-json\/wp\/v2\/posts"}],"about":[{"href":"https:\/\/www.jornalja.com.br\/arquivo\/wp-json\/wp\/v2\/types\/post"}],"author":[{"embeddable":true,"href":"https:\/\/www.jornalja.com.br\/arquivo\/wp-json\/wp\/v2\/users\/4"}],"replies":[{"embeddable":true,"href":"https:\/\/www.jornalja.com.br\/arquivo\/wp-json\/wp\/v2\/comments?post=50739"}],"version-history":[{"count":0,"href":"https:\/\/www.jornalja.com.br\/arquivo\/wp-json\/wp\/v2\/posts\/50739\/revisions"}],"wp:attachment":[{"href":"https:\/\/www.jornalja.com.br\/arquivo\/wp-json\/wp\/v2\/media?parent=50739"}],"wp:term":[{"taxonomy":"category","embeddable":true,"href":"https:\/\/www.jornalja.com.br\/arquivo\/wp-json\/wp\/v2\/categories?post=50739"},{"taxonomy":"post_tag","embeddable":true,"href":"https:\/\/www.jornalja.com.br\/arquivo\/wp-json\/wp\/v2\/tags?post=50739"}],"curies":[{"name":"wp","href":"https:\/\/api.w.org\/{rel}","templated":true}]}}