{"id":50743,"date":"2017-06-30T13:26:30","date_gmt":"2017-06-30T16:26:30","guid":{"rendered":"https:\/\/www.jornalja.com.br\/?p=50743"},"modified":"2017-06-30T13:26:30","modified_gmt":"2017-06-30T16:26:30","slug":"em-porto-alegre-brigada-militar-reprime-piquetes-e-prende-tres-sindicalistas","status":"publish","type":"post","link":"https:\/\/www.jornalja.com.br\/arquivo\/em-porto-alegre-brigada-militar-reprime-piquetes-e-prende-tres-sindicalistas\/","title":{"rendered":"Em Porto Alegre, repress\u00e3o a piquetes, bancos fechados e Trensurb gratuito"},"content":{"rendered":"<p>Em Porto Alegre, manifesta\u00e7\u00f5es ocorreram em diversos pontos da cidade em fun\u00e7\u00e3o da greve geral.<br \/>\nNo in\u00edcio da manh\u00e3, a Brigada Militar dispersou as manifesta\u00e7\u00f5es com bombas de efeito moral em frente \u00e0 garagem da Carris, aos Campi Central e do Vale da UFRGS. Nas empresas de \u00f4nibus Nortran e Trevo foram desmontados os piquetes e liberada a sa\u00edda dos carros ainda pela manh\u00e3.<br \/>\nTr\u00eas homens foram detidos em piquete que bloqueava a sa\u00edda dos \u00f4nibus da garagem da Carris, dois s\u00e3o dirigentes da CTB (Central dos Trabalhadores e Trabalhadoras), outro \u00e9 integrante da CSP Conlutas.<br \/>\nUma decis\u00e3o judicial obtida pela Procuradoria-Geral do Munic\u00edpio (PGM) determinou a manuten\u00e7\u00e3o de 100% dos servi\u00e7os de urg\u00eancia e emerg\u00eancia e 70% dos servi\u00e7os essenciais na Capital. A decis\u00e3o \u00e9 da desembargadora Laura Louzada Jaccottet determinava multa de R$ 50 mil ao Sindicato dos Municip\u00e1rios de Porto Alegre (Simpa), em caso de descumprimento.<br \/>\nO sindicato informou que vai recorrer da decis\u00e3o, alegando que a Constitui\u00e7\u00e3o prev\u00ea a manuten\u00e7\u00e3o de apenas 30% dos servi\u00e7os e que os trabalhadores est\u00e3o respaldados pelo departamento jur\u00eddico do sindicato.<br \/>\n<span class=\"intertit\">Prefeitura diz que decis\u00e3o foi cumprida<\/span><br \/>\nO balan\u00e7o parcial realizado pela Prefeitura de Porto Alegre indica que a decis\u00e3o judicial de manuten\u00e7\u00e3o de 100% dos servi\u00e7os de emerg\u00eancia e urg\u00eancia e 70% dos servi\u00e7os b\u00e1sicos foi cumprida.<br \/>\nSegunda a Prefeitura, apenas duas das 141 unidades b\u00e1sicas de sa\u00fade n\u00e3o atenderam: Tijuca, na Zona Leste, e S\u00e3o Crist\u00f3v\u00e3o, na Zona Norte. Segundo a Secretaria Municipal da Sa\u00fade, a unidade S\u00e3o Crist\u00f3v\u00e3o deve reabrir \u00e0 tarde e os atendimentos e consultas da manh\u00e3 foram reagendados.<br \/>\nA Secretaria Municipal de Educa\u00e7\u00e3o informou que na manh\u00e3 desta sexta-feira, 65 escolas funcionaram normalmente, 23 tiveram funcionamento parcial e 11 escolas paralisaram as atividades.<br \/>\nOs n\u00fameros do Sindicato dos Municip\u00e1rios (Simpa) divergem do balan\u00e7o da Prefeitura. Segundo Jonas Tarcisio Reis, diretor-geral do Simpa, 70% das escolas paralisaram atividades e os outros 30% funcionaram parcialmente.<br \/>\nPara Jonas, a ades\u00e3o dos servidores municipais foi semelhante \u00e0 da greve realizada no dia 28 de abril. Os municip\u00e1rios realizaram manifesta\u00e7\u00f5es em frente \u00e0 Secretaria Municipal de Administra\u00e7\u00e3o e ao Hospital de Pronto Socorro.<br \/>\nO transporte p\u00fablico circulou ao longo de toda a manh\u00e3 pela Capital, ainda assim, o movimento foi reduzido em rela\u00e7\u00e3o a um dia normal na regi\u00e3o central. O Trensurb operou com as catracas liberadas. A empresa alegou falta de funcion\u00e1rios e informou que vai cobrar do Sindicato dos Metrovi\u00e1rios a evas\u00e3o da receita.<br \/>\nUma decis\u00e3o do Tribunal Regional do Trabalho da 4\u00aa Regi\u00e3o determinou manuten\u00e7\u00e3o plena dos servi\u00e7os nos hor\u00e1rios de pico, das 5h30 \u00e0s 8h30 e das 17h30 \u00e0s 20h30 e fixou multa de R$ 15 mil ao Sindimetr\u00f4-RS por hor\u00e1rio de pico n\u00e3o atendido.<br \/>\nAs ag\u00eancias banc\u00e1rias tiveram atendimento suspenso, e piquetes montados pelos grevistas.<\/p>\n","protected":false},"excerpt":{"rendered":"<p>Em Porto Alegre, manifesta\u00e7\u00f5es ocorreram em diversos pontos da cidade em fun\u00e7\u00e3o da greve geral. No in\u00edcio da manh\u00e3, a Brigada Militar dispersou as manifesta\u00e7\u00f5es com bombas de efeito moral em frente \u00e0 garagem da Carris, aos Campi Central e do Vale da UFRGS. Nas empresas de \u00f4nibus Nortran e Trevo foram desmontados os piquetes [&hellip;]<\/p>\n","protected":false},"author":4,"featured_media":50747,"comment_status":"open","ping_status":"closed","sticky":false,"template":"","format":"standard","meta":{"_jetpack_newsletter_access":"","_jetpack_dont_email_post_to_subs":false,"_jetpack_newsletter_tier_id":0,"_jetpack_memberships_contains_paywalled_content":false,"_jetpack_feature_clip_id":0,"_jetpack_memberships_contains_paid_content":false,"footnotes":"","jetpack_post_was_ever_published":false},"categories":[26],"tags":[],"class_list":["post-50743","post","type-post","status-publish","format-standard","has-post-thumbnail","hentry","category-geral"],"aioseo_notices":[],"aioseo_head":"\n\t\t<!-- All in One SEO 5.0.1.1 - aioseo.com -->\n\t<meta name=\"robots\" content=\"max-image-preview:large\" \/>\n\t<meta name=\"author\" content=\"da Reda\u00e7\u00e3o\"\/>\n\t<link rel=\"canonical\" href=\"https:\/\/www.jornalja.com.br\/arquivo\/em-porto-alegre-brigada-militar-reprime-piquetes-e-prende-tres-sindicalistas\/\" \/>\n\t<meta name=\"generator\" content=\"All in One SEO (AIOSEO) 5.0.1.1\" \/>\n\t\t<meta property=\"og:locale\" content=\"pt_BR\" \/>\n\t\t<meta property=\"og:site_name\" content=\"Arquivo | Jornal J\u00c1 | Porto Alegre\" \/>\n\t\t<meta property=\"og:type\" content=\"article\" \/>\n\t\t<meta property=\"og:title\" content=\"Em Porto Alegre, repress\u00e3o a piquetes, bancos fechados e Trensurb gratuito | Arquivo\" \/>\n\t\t<meta property=\"og:url\" content=\"https:\/\/www.jornalja.com.br\/arquivo\/em-porto-alegre-brigada-militar-reprime-piquetes-e-prende-tres-sindicalistas\/\" \/>\n\t\t<meta property=\"og:image\" content=\"https:\/\/www.jornalja.com.br\/economics\/wp-content\/uploads\/sites\/11\/2026\/08\/ja-folhaderosto-facebook.jpg\" \/>\n\t\t<meta property=\"og:image:secure_url\" content=\"https:\/\/www.jornalja.com.br\/economics\/wp-content\/uploads\/sites\/11\/2026\/08\/ja-folhaderosto-facebook.jpg\" \/>\n\t\t<meta property=\"article:published_time\" content=\"2017-06-30T16:26:30+00:00\" \/>\n\t\t<meta property=\"article:modified_time\" content=\"2017-06-30T16:26:30+00:00\" \/>\n\t\t<meta name=\"twitter:card\" content=\"summary\" \/>\n\t\t<meta name=\"twitter:title\" content=\"Em Porto Alegre, repress\u00e3o a piquetes, bancos fechados e Trensurb gratuito | Arquivo\" \/>\n\t\t<meta name=\"twitter:image\" content=\"https:\/\/www.jornalja.com.br\/economics\/wp-content\/uploads\/sites\/11\/2026\/08\/ja-folhaderosto-facebook.jpg\" \/>\n\t\t<script type=\"application\/ld+json\" class=\"aioseo-schema\">\n\t\t\t{\"@context\":\"https:\\\/\\\/schema.org\",\"@graph\":[{\"@type\":\"BlogPosting\",\"@id\":\"https:\\\/\\\/www.jornalja.com.br\\\/arquivo\\\/em-porto-alegre-brigada-militar-reprime-piquetes-e-prende-tres-sindicalistas\\\/#blogposting\",\"name\":\"Em Porto Alegre, repress\\u00e3o a piquetes, bancos fechados e Trensurb gratuito | Arquivo\",\"headline\":\"Em Porto Alegre, repress\\u00e3o a piquetes, bancos fechados e Trensurb gratuito\",\"author\":{\"@id\":\"https:\\\/\\\/www.jornalja.com.br\\\/arquivo\\\/author\\\/daredacao\\\/#author\"},\"publisher\":{\"@id\":\"https:\\\/\\\/www.jornalja.com.br\\\/arquivo\\\/#organization\"},\"image\":{\"@type\":\"ImageObject\",\"url\":50747},\"datePublished\":\"2017-06-30T13:26:30-03:00\",\"dateModified\":\"2017-06-30T13:26:30-03:00\",\"inLanguage\":\"pt-BR\",\"mainEntityOfPage\":{\"@id\":\"https:\\\/\\\/www.jornalja.com.br\\\/arquivo\\\/em-porto-alegre-brigada-militar-reprime-piquetes-e-prende-tres-sindicalistas\\\/#webpage\"},\"isPartOf\":{\"@id\":\"https:\\\/\\\/www.jornalja.com.br\\\/arquivo\\\/em-porto-alegre-brigada-militar-reprime-piquetes-e-prende-tres-sindicalistas\\\/#webpage\"},\"articleSection\":\"Geral\"},{\"@type\":\"BreadcrumbList\",\"@id\":\"https:\\\/\\\/www.jornalja.com.br\\\/arquivo\\\/em-porto-alegre-brigada-militar-reprime-piquetes-e-prende-tres-sindicalistas\\\/#breadcrumblist\",\"itemListElement\":[{\"@type\":\"ListItem\",\"@id\":\"https:\\\/\\\/www.jornalja.com.br\\\/arquivo#listItem\",\"position\":1,\"name\":\"Home\",\"item\":\"https:\\\/\\\/www.jornalja.com.br\\\/arquivo\",\"nextItem\":{\"@type\":\"ListItem\",\"@id\":\"https:\\\/\\\/www.jornalja.com.br\\\/arquivo\\\/category\\\/geral\\\/#listItem\",\"name\":\"Geral\"}},{\"@type\":\"ListItem\",\"@id\":\"https:\\\/\\\/www.jornalja.com.br\\\/arquivo\\\/category\\\/geral\\\/#listItem\",\"position\":2,\"name\":\"Geral\",\"item\":\"https:\\\/\\\/www.jornalja.com.br\\\/arquivo\\\/category\\\/geral\\\/\",\"nextItem\":{\"@type\":\"ListItem\",\"@id\":\"https:\\\/\\\/www.jornalja.com.br\\\/arquivo\\\/em-porto-alegre-brigada-militar-reprime-piquetes-e-prende-tres-sindicalistas\\\/#listItem\",\"name\":\"Em Porto Alegre, repress\\u00e3o a piquetes, bancos fechados e Trensurb gratuito\"},\"previousItem\":{\"@type\":\"ListItem\",\"@id\":\"https:\\\/\\\/www.jornalja.com.br\\\/arquivo#listItem\",\"name\":\"Home\"}},{\"@type\":\"ListItem\",\"@id\":\"https:\\\/\\\/www.jornalja.com.br\\\/arquivo\\\/em-porto-alegre-brigada-militar-reprime-piquetes-e-prende-tres-sindicalistas\\\/#listItem\",\"position\":3,\"name\":\"Em Porto Alegre, repress\\u00e3o a piquetes, bancos fechados e Trensurb gratuito\",\"previousItem\":{\"@type\":\"ListItem\",\"@id\":\"https:\\\/\\\/www.jornalja.com.br\\\/arquivo\\\/category\\\/geral\\\/#listItem\",\"name\":\"Geral\"}}]},{\"@type\":\"Organization\",\"@id\":\"https:\\\/\\\/www.jornalja.com.br\\\/arquivo\\\/#organization\",\"name\":\"Jornal J\\u00c1\",\"description\":\"Jornal J\\u00c1 | Porto Alegre\",\"url\":\"https:\\\/\\\/www.jornalja.com.br\\\/arquivo\\\/\",\"telephone\":\"+555133307272\",\"logo\":{\"@type\":\"ImageObject\",\"url\":\"https:\\\/\\\/www.jornalja.com.br\\\/wp-content\\\/uploads\\\/cards\\\/JAslogan.png\",\"@id\":\"https:\\\/\\\/www.jornalja.com.br\\\/arquivo\\\/em-porto-alegre-brigada-militar-reprime-piquetes-e-prende-tres-sindicalistas\\\/#organizationLogo\"},\"image\":{\"@id\":\"https:\\\/\\\/www.jornalja.com.br\\\/arquivo\\\/em-porto-alegre-brigada-militar-reprime-piquetes-e-prende-tres-sindicalistas\\\/#organizationLogo\"}},{\"@type\":\"Person\",\"@id\":\"https:\\\/\\\/www.jornalja.com.br\\\/arquivo\\\/author\\\/daredacao\\\/#author\",\"url\":\"https:\\\/\\\/www.jornalja.com.br\\\/arquivo\\\/author\\\/daredacao\\\/\",\"name\":\"da Reda\\u00e7\\u00e3o\",\"image\":{\"@type\":\"ImageObject\",\"@id\":\"https:\\\/\\\/www.jornalja.com.br\\\/arquivo\\\/em-porto-alegre-brigada-militar-reprime-piquetes-e-prende-tres-sindicalistas\\\/#authorImage\",\"url\":\"https:\\\/\\\/secure.gravatar.com\\\/avatar\\\/469fd857d6605ad19919d27ed29d35a968a25f6e8fd9318356bbb7f57aae9c65?s=96&d=mm&r=g\",\"width\":96,\"height\":96,\"caption\":\"da Reda\\u00e7\\u00e3o\"}},{\"@type\":\"WebPage\",\"@id\":\"https:\\\/\\\/www.jornalja.com.br\\\/arquivo\\\/em-porto-alegre-brigada-militar-reprime-piquetes-e-prende-tres-sindicalistas\\\/#webpage\",\"url\":\"https:\\\/\\\/www.jornalja.com.br\\\/arquivo\\\/em-porto-alegre-brigada-militar-reprime-piquetes-e-prende-tres-sindicalistas\\\/\",\"name\":\"Em Porto Alegre, repress\\u00e3o a piquetes, bancos fechados e Trensurb gratuito | Arquivo\",\"inLanguage\":\"pt-BR\",\"isPartOf\":{\"@id\":\"https:\\\/\\\/www.jornalja.com.br\\\/arquivo\\\/#website\"},\"breadcrumb\":{\"@id\":\"https:\\\/\\\/www.jornalja.com.br\\\/arquivo\\\/em-porto-alegre-brigada-militar-reprime-piquetes-e-prende-tres-sindicalistas\\\/#breadcrumblist\"},\"author\":{\"@id\":\"https:\\\/\\\/www.jornalja.com.br\\\/arquivo\\\/author\\\/daredacao\\\/#author\"},\"creator\":{\"@id\":\"https:\\\/\\\/www.jornalja.com.br\\\/arquivo\\\/author\\\/daredacao\\\/#author\"},\"image\":{\"@type\":\"ImageObject\",\"url\":50747,\"@id\":\"https:\\\/\\\/www.jornalja.com.br\\\/arquivo\\\/em-porto-alegre-brigada-militar-reprime-piquetes-e-prende-tres-sindicalistas\\\/#mainImage\"},\"primaryImageOfPage\":{\"@id\":\"https:\\\/\\\/www.jornalja.com.br\\\/arquivo\\\/em-porto-alegre-brigada-militar-reprime-piquetes-e-prende-tres-sindicalistas\\\/#mainImage\"},\"datePublished\":\"2017-06-30T13:26:30-03:00\",\"dateModified\":\"2017-06-30T13:26:30-03:00\"},{\"@type\":\"WebSite\",\"@id\":\"https:\\\/\\\/www.jornalja.com.br\\\/arquivo\\\/#website\",\"url\":\"https:\\\/\\\/www.jornalja.com.br\\\/arquivo\\\/\",\"name\":\"Arquivo\",\"description\":\"Jornal J\\u00c1 | Porto Alegre\",\"inLanguage\":\"pt-BR\",\"publisher\":{\"@id\":\"https:\\\/\\\/www.jornalja.com.br\\\/arquivo\\\/#organization\"}}]}\n\t\t<\/script>\n\t\t<!-- All in One SEO -->\n\n","aioseo_head_json":{"title":"Em Porto Alegre, repress\u00e3o a piquetes, bancos fechados e Trensurb gratuito | Arquivo","description":"","canonical_url":"https:\/\/www.jornalja.com.br\/arquivo\/em-porto-alegre-brigada-militar-reprime-piquetes-e-prende-tres-sindicalistas\/","robots":"max-image-preview:large","keywords":"","webmasterTools":{"miscellaneous":""},"schema":{"@context":"https:\/\/schema.org","@graph":[{"@type":"BlogPosting","@id":"https:\/\/www.jornalja.com.br\/arquivo\/em-porto-alegre-brigada-militar-reprime-piquetes-e-prende-tres-sindicalistas\/#blogposting","name":"Em Porto Alegre, repress\u00e3o a piquetes, bancos fechados e Trensurb gratuito | Arquivo","headline":"Em Porto Alegre, repress\u00e3o a piquetes, bancos fechados e Trensurb gratuito","author":{"@id":"https:\/\/www.jornalja.com.br\/arquivo\/author\/daredacao\/#author"},"publisher":{"@id":"https:\/\/www.jornalja.com.br\/arquivo\/#organization"},"image":{"@type":"ImageObject","url":50747},"datePublished":"2017-06-30T13:26:30-03:00","dateModified":"2017-06-30T13:26:30-03:00","inLanguage":"pt-BR","mainEntityOfPage":{"@id":"https:\/\/www.jornalja.com.br\/arquivo\/em-porto-alegre-brigada-militar-reprime-piquetes-e-prende-tres-sindicalistas\/#webpage"},"isPartOf":{"@id":"https:\/\/www.jornalja.com.br\/arquivo\/em-porto-alegre-brigada-militar-reprime-piquetes-e-prende-tres-sindicalistas\/#webpage"},"articleSection":"Geral"},{"@type":"BreadcrumbList","@id":"https:\/\/www.jornalja.com.br\/arquivo\/em-porto-alegre-brigada-militar-reprime-piquetes-e-prende-tres-sindicalistas\/#breadcrumblist","itemListElement":[{"@type":"ListItem","@id":"https:\/\/www.jornalja.com.br\/arquivo#listItem","position":1,"name":"Home","item":"https:\/\/www.jornalja.com.br\/arquivo","nextItem":{"@type":"ListItem","@id":"https:\/\/www.jornalja.com.br\/arquivo\/category\/geral\/#listItem","name":"Geral"}},{"@type":"ListItem","@id":"https:\/\/www.jornalja.com.br\/arquivo\/category\/geral\/#listItem","position":2,"name":"Geral","item":"https:\/\/www.jornalja.com.br\/arquivo\/category\/geral\/","nextItem":{"@type":"ListItem","@id":"https:\/\/www.jornalja.com.br\/arquivo\/em-porto-alegre-brigada-militar-reprime-piquetes-e-prende-tres-sindicalistas\/#listItem","name":"Em Porto Alegre, repress\u00e3o a piquetes, bancos fechados e Trensurb gratuito"},"previousItem":{"@type":"ListItem","@id":"https:\/\/www.jornalja.com.br\/arquivo#listItem","name":"Home"}},{"@type":"ListItem","@id":"https:\/\/www.jornalja.com.br\/arquivo\/em-porto-alegre-brigada-militar-reprime-piquetes-e-prende-tres-sindicalistas\/#listItem","position":3,"name":"Em Porto Alegre, repress\u00e3o a piquetes, bancos fechados e Trensurb gratuito","previousItem":{"@type":"ListItem","@id":"https:\/\/www.jornalja.com.br\/arquivo\/category\/geral\/#listItem","name":"Geral"}}]},{"@type":"Organization","@id":"https:\/\/www.jornalja.com.br\/arquivo\/#organization","name":"Jornal J\u00c1","description":"Jornal J\u00c1 | Porto Alegre","url":"https:\/\/www.jornalja.com.br\/arquivo\/","telephone":"+555133307272","logo":{"@type":"ImageObject","url":"https:\/\/www.jornalja.com.br\/wp-content\/uploads\/cards\/JAslogan.png","@id":"https:\/\/www.jornalja.com.br\/arquivo\/em-porto-alegre-brigada-militar-reprime-piquetes-e-prende-tres-sindicalistas\/#organizationLogo"},"image":{"@id":"https:\/\/www.jornalja.com.br\/arquivo\/em-porto-alegre-brigada-militar-reprime-piquetes-e-prende-tres-sindicalistas\/#organizationLogo"}},{"@type":"Person","@id":"https:\/\/www.jornalja.com.br\/arquivo\/author\/daredacao\/#author","url":"https:\/\/www.jornalja.com.br\/arquivo\/author\/daredacao\/","name":"da Reda\u00e7\u00e3o","image":{"@type":"ImageObject","@id":"https:\/\/www.jornalja.com.br\/arquivo\/em-porto-alegre-brigada-militar-reprime-piquetes-e-prende-tres-sindicalistas\/#authorImage","url":"https:\/\/secure.gravatar.com\/avatar\/469fd857d6605ad19919d27ed29d35a968a25f6e8fd9318356bbb7f57aae9c65?s=96&d=mm&r=g","width":96,"height":96,"caption":"da Reda\u00e7\u00e3o"}},{"@type":"WebPage","@id":"https:\/\/www.jornalja.com.br\/arquivo\/em-porto-alegre-brigada-militar-reprime-piquetes-e-prende-tres-sindicalistas\/#webpage","url":"https:\/\/www.jornalja.com.br\/arquivo\/em-porto-alegre-brigada-militar-reprime-piquetes-e-prende-tres-sindicalistas\/","name":"Em Porto Alegre, repress\u00e3o a piquetes, bancos fechados e Trensurb gratuito | Arquivo","inLanguage":"pt-BR","isPartOf":{"@id":"https:\/\/www.jornalja.com.br\/arquivo\/#website"},"breadcrumb":{"@id":"https:\/\/www.jornalja.com.br\/arquivo\/em-porto-alegre-brigada-militar-reprime-piquetes-e-prende-tres-sindicalistas\/#breadcrumblist"},"author":{"@id":"https:\/\/www.jornalja.com.br\/arquivo\/author\/daredacao\/#author"},"creator":{"@id":"https:\/\/www.jornalja.com.br\/arquivo\/author\/daredacao\/#author"},"image":{"@type":"ImageObject","url":50747,"@id":"https:\/\/www.jornalja.com.br\/arquivo\/em-porto-alegre-brigada-militar-reprime-piquetes-e-prende-tres-sindicalistas\/#mainImage"},"primaryImageOfPage":{"@id":"https:\/\/www.jornalja.com.br\/arquivo\/em-porto-alegre-brigada-militar-reprime-piquetes-e-prende-tres-sindicalistas\/#mainImage"},"datePublished":"2017-06-30T13:26:30-03:00","dateModified":"2017-06-30T13:26:30-03:00"},{"@type":"WebSite","@id":"https:\/\/www.jornalja.com.br\/arquivo\/#website","url":"https:\/\/www.jornalja.com.br\/arquivo\/","name":"Arquivo","description":"Jornal J\u00c1 | Porto Alegre","inLanguage":"pt-BR","publisher":{"@id":"https:\/\/www.jornalja.com.br\/arquivo\/#organization"}}]},"og:locale":"pt_BR","og:site_name":"Arquivo | Jornal J\u00c1 | Porto Alegre","og:type":"article","og:title":"Em Porto Alegre, repress\u00e3o a piquetes, bancos fechados e Trensurb gratuito | Arquivo","og:url":"https:\/\/www.jornalja.com.br\/arquivo\/em-porto-alegre-brigada-militar-reprime-piquetes-e-prende-tres-sindicalistas\/","og:image":"https:\/\/www.jornalja.com.br\/economics\/wp-content\/uploads\/sites\/11\/2026\/08\/ja-folhaderosto-facebook.jpg","og:image:secure_url":"https:\/\/www.jornalja.com.br\/economics\/wp-content\/uploads\/sites\/11\/2026\/08\/ja-folhaderosto-facebook.jpg","article:published_time":"2017-06-30T16:26:30+00:00","article:modified_time":"2017-06-30T16:26:30+00:00","twitter:card":"summary","twitter:title":"Em Porto Alegre, repress\u00e3o a piquetes, bancos fechados e Trensurb gratuito | Arquivo","twitter:image":"https:\/\/www.jornalja.com.br\/economics\/wp-content\/uploads\/sites\/11\/2026\/08\/ja-folhaderosto-facebook.jpg"},"aioseo_meta_data":{"post_id":"50743","title":null,"description":null,"keywords":null,"keyphrases":null,"primary_term":null,"canonical_url":null,"og_title":null,"og_description":null,"og_object_type":"default","og_image_type":"default","og_image_url":null,"og_image_width":null,"og_image_height":null,"og_image_custom_url":null,"og_image_custom_fields":null,"og_video":null,"og_custom_url":null,"og_article_section":null,"og_article_tags":null,"twitter_use_og":false,"twitter_card":"default","twitter_image_type":"default","twitter_image_url":null,"twitter_image_custom_url":null,"twitter_image_custom_fields":null,"twitter_title":null,"twitter_description":null,"schema":{"blockGraphs":[],"customGraphs":[],"default":{"data":{"Article":[],"Course":[],"Dataset":[],"FAQPage":[],"Movie":[],"Person":[],"Product":[],"ProductReview":[],"Car":[],"Recipe":[],"Service":[],"SoftwareApplication":[],"WebPage":[]},"graphName":"","isEnabled":true},"graphs":[],"defaultGraph":"","defaultPostTypeGraph":""},"schema_type":null,"schema_type_options":null,"pillar_content":false,"robots_default":true,"robots_noindex":false,"robots_noarchive":false,"robots_nosnippet":false,"robots_nofollow":false,"robots_noimageindex":false,"robots_noodp":false,"robots_notranslate":false,"robots_max_snippet":null,"robots_max_videopreview":null,"robots_max_imagepreview":"large","priority":null,"frequency":null,"location":null,"local_seo":null,"breadcrumb_settings":null,"limit_modified_date":false,"ai":null,"created":"2020-12-20 20:30:49","updated":"2025-07-19 22:41:29","seo_analyzer_scan_date":null,"focus_keyword":null,"additional_keywords":null,"truseo_locale":null},"jetpack_sharing_enabled":true,"jetpack-related-posts":[{"id":13240,"url":"https:\/\/www.jornalja.com.br\/arquivo\/plano-diretor-estamos-construindo-o-caos\/","url_meta":{"origin":50743,"position":0},"title":"Plano diretor: &quot;Estamos construindo o caos&quot;","author":"Patr\u00edcia Marini","date":"26 de maio de 2014","format":false,"excerpt":"Desabafo que arquiteta Eliana Castilhos, delegada da Regi\u00e3o de Planejamento 1, postou nas redes sociais \u00e9 um testemunho do ambiente que se criou no Conselho do Plano Diretor de Porto Alegre, onde a aprova\u00e7\u00e3o de grandes empreendimentos \u00e9 empurrada guela abaixo dos conselheiros. Ao CMDUA Como delegada da Regi\u00e3o de\u2026","rel":"","context":"Em &quot;Geral&quot;","block_context":{"text":"Geral","link":"https:\/\/www.jornalja.com.br\/arquivo\/category\/geral\/"},"img":{"alt_text":"","src":"","width":0,"height":0},"classes":[]},{"id":13124,"url":"https:\/\/www.jornalja.com.br\/arquivo\/sangue-latino-no-iecine\/","url_meta":{"origin":50743,"position":1},"title":"Sangue latino no IECINE","author":"da Reda\u00e7\u00e3o","date":"18 de maio de 2014","format":false,"excerpt":"Francisco Ribeiro O Instituto Estadual de Cinema (IECINE) tem a frente, desde abril \u00faltimo, um novo diretor, o cineasta colombiano Juan Zapata, 36, que substitui Luiz Alberto Cassol. Radicado h\u00e1 dez anos em Porto Alegre, Zapata tem diante de si o desafio de conduzir at\u00e9 o final do ano um\u2026","rel":"","context":"Em &quot;Cultura-Geral&quot;","block_context":{"text":"Cultura-Geral","link":"https:\/\/www.jornalja.com.br\/arquivo\/category\/materiasecundaria\/"},"img":{"alt_text":"","src":"","width":0,"height":0},"classes":[]},{"id":1280,"url":"https:\/\/www.jornalja.com.br\/arquivo\/o-menino-que-se-tornou-brizola\/","url_meta":{"origin":50743,"position":2},"title":"O Menino que se Tornou Brizola","author":"da Reda\u00e7\u00e3o","date":"28 de julho de 2008","format":false,"excerpt":"Autor: Cleber Dioni A vida de Leonel Brizola, com \u00eanfase para os primeiros anos em Porto Alegre, at\u00e9 o ex\u00edlio no Uruguai e a volta, quinze anos depois. \u00a0\"...\u00c9ramos todos jovens e nos identific\u00e1vamos com aquela massa an\u00f4nima a percorrer as ruas de Porto Alegre, gritando 'Get\u00falio', 'Get\u00falio' e empunhando\u2026","rel":"","context":"Em &quot;Livros&quot;","block_context":{"text":"Livros","link":"https:\/\/www.jornalja.com.br\/arquivo\/category\/livros\/"},"img":{"alt_text":"","src":"https:\/\/i0.wp.com\/www.jornalja.com.br\/wp-content\/uploads\/2008\/07\/brizola.gif?resize=350%2C200&ssl=1","width":350,"height":200},"classes":[]},{"id":13109,"url":"https:\/\/www.jornalja.com.br\/arquivo\/judiciario-reconhece-poluicao-eletromagnetica\/","url_meta":{"origin":50743,"position":3},"title":"Judici\u00e1rio reconhece polui\u00e7\u00e3o eletromagn\u00e9tica","author":"Patr\u00edcia Marini","date":"16 de maio de 2014","format":false,"excerpt":"A\u00e7\u00e3o de duas associa\u00e7\u00f5es de moradores foi acolhida pelo Tribunal de Justi\u00e7a de S\u00e3o Paulo que. em decis\u00e3o in\u00e9dita, determinou a redu\u00e7\u00e3o do campo eletromagn\u00e9tico gerado pelas linhas de transmiss\u00e3o de energia que cortam os bairros City Boa\u00e7ava e Alto de Pinheiros. \u00c9 a primeira vez que um tribunal do\u2026","rel":"","context":"Em &quot;X.Categorias velhas&quot;","block_context":{"text":"X.Categorias velhas","link":"https:\/\/www.jornalja.com.br\/arquivo\/category\/x-categorias-velhas\/"},"img":{"alt_text":"","src":"","width":0,"height":0},"classes":[]},{"id":13239,"url":"https:\/\/www.jornalja.com.br\/arquivo\/conselho-desdenha-do-plano-diretor\/","url_meta":{"origin":50743,"position":4},"title":"Porto Alegre: Conselho detona Plano Diretor","author":"Patr\u00edcia Marini","date":"25 de maio de 2014","format":false,"excerpt":"Den\u00fancia do arquiteto e \u00a0urbanista Ibir\u00e1 Santos Lucas. Ele diz que os conselheiros est\u00e3o votando com \"enorme irresponsabilidade\". \"Mudam regime com a maior naturalidade,,,regularizam absurdos de constru\u00e7\u00f5es irregulares... \"O CMDUA est\u00e1 flexibilizando a lei do plano diretor, de uma forma impactante na vida da cidade. Mudam regime com a maior\u2026","rel":"","context":"Em &quot;Geral&quot;","block_context":{"text":"Geral","link":"https:\/\/www.jornalja.com.br\/arquivo\/category\/geral\/"},"img":{"alt_text":"","src":"","width":0,"height":0},"classes":[]},{"id":14241,"url":"https:\/\/www.jornalja.com.br\/arquivo\/o-guaiba-nas-imagens-poeticas-de-achutti\/","url_meta":{"origin":50743,"position":5},"title":"O Gua\u00edba nas imagens po\u00e9ticas de Achutti","author":"da Reda\u00e7\u00e3o","date":"18 de junho de 2014","format":false,"excerpt":"Em \u201cO Gua\u00edba por Achutti\u201d \u2013 obra financiada via Minist\u00e9rio da Cultura, produ\u00e7\u00e3o executiva de Pedro Longhi, e Fl\u00e1vio Wild como designer \u2013, o fot\u00f3grafo revela a beleza e as mazelas de um espa\u00e7o aqu\u00e1tico de \u00e1guas sempre renovadas, cheio de hist\u00f3rias e lendas como as das cidades que foram\u2026","rel":"","context":"Em &quot;Cultura-Geral&quot;","block_context":{"text":"Cultura-Geral","link":"https:\/\/www.jornalja.com.br\/arquivo\/category\/materiasecundaria\/"},"img":{"alt_text":"","src":"","width":0,"height":0},"classes":[]}],"jetpack_shortlink":"https:\/\/wp.me\/pbQjBd-dcr","jetpack_featured_media_url":"","_links":{"self":[{"href":"https:\/\/www.jornalja.com.br\/arquivo\/wp-json\/wp\/v2\/posts\/50743","targetHints":{"allow":["GET"]}}],"collection":[{"href":"https:\/\/www.jornalja.com.br\/arquivo\/wp-json\/wp\/v2\/posts"}],"about":[{"href":"https:\/\/www.jornalja.com.br\/arquivo\/wp-json\/wp\/v2\/types\/post"}],"author":[{"embeddable":true,"href":"https:\/\/www.jornalja.com.br\/arquivo\/wp-json\/wp\/v2\/users\/4"}],"replies":[{"embeddable":true,"href":"https:\/\/www.jornalja.com.br\/arquivo\/wp-json\/wp\/v2\/comments?post=50743"}],"version-history":[{"count":0,"href":"https:\/\/www.jornalja.com.br\/arquivo\/wp-json\/wp\/v2\/posts\/50743\/revisions"}],"wp:attachment":[{"href":"https:\/\/www.jornalja.com.br\/arquivo\/wp-json\/wp\/v2\/media?parent=50743"}],"wp:term":[{"taxonomy":"category","embeddable":true,"href":"https:\/\/www.jornalja.com.br\/arquivo\/wp-json\/wp\/v2\/categories?post=50743"},{"taxonomy":"post_tag","embeddable":true,"href":"https:\/\/www.jornalja.com.br\/arquivo\/wp-json\/wp\/v2\/tags?post=50743"}],"curies":[{"name":"wp","href":"https:\/\/api.w.org\/{rel}","templated":true}]}}