{"id":50826,"date":"2017-07-01T14:47:37","date_gmt":"2017-07-01T17:47:37","guid":{"rendered":"https:\/\/www.jornalja.com.br\/?p=50826"},"modified":"2017-07-01T14:47:37","modified_gmt":"2017-07-01T17:47:37","slug":"nova-programacao-da-fm-cultura-e-criticada-por-servidores","status":"publish","type":"post","link":"https:\/\/www.jornalja.com.br\/arquivo\/nova-programacao-da-fm-cultura-e-criticada-por-servidores\/","title":{"rendered":"Nova programa\u00e7\u00e3o da FM Cultura \u00e9 criticada por servidores"},"content":{"rendered":"<p style=\"text-align: left\"><span class=\"assina\">Tiago Baltz<\/span><\/p>\n<p>Nesta segunda-feira, 03, a\u00a0FM Cultura, r\u00e1dio p\u00fablica da Funda\u00e7\u00e3o Piratini, inaugura uma nova era, com troca na dire\u00e7\u00e3o\u00a0e programa\u00e7\u00e3o quase que inteiramente modificada. O\u00a0\u201cCantos do Sul da Terra\u201d, \u00e0s 13h, e o \u201cSess\u00e3o Jazz\u201d, \u00e0s 20hs, s\u00e3o os \u00fanicos programas que seguem no mesmo hor\u00e1rio e com mesmos apresentadores. Haver\u00e1 novos programas e os que permanecem na grade ter\u00e3o hor\u00e1rio mudado. <a href=\"http:\/\/www.fmcultura.com.br\/conteudo\/3810\/fm-cultura-107.7-ganha-nova-programacao-\"><em>Confira as mudan\u00e7as.<\/em><\/a><br \/>\nAinda na sexta-feira, 30, foram anunciados <a href=\"https:\/\/www.jornalja.com.br\/paulo-inchauspe-e-renato-martins-vao-para-fundacao-piratini\/\">dois novos integrantes da equipe<\/a>. O radialista e m\u00fasico Paulo Inchauspe, ex-Pop Rock, ser\u00e1 o diretor da FM Cultura. J\u00e1 Renato Martins, ex-Band, apresentar\u00e1 os programas Caf\u00e9 Cultura, da r\u00e1dio, e Frente a Frente, da TVE.<br \/>\n<figure id=\"attachment_43121\" aria-describedby=\"caption-attachment-43121\" style=\"width: 300px\" class=\"wp-caption alignleft\"><img loading=\"lazy\" decoding=\"async\" class=\"wp-image-43121 size-medium\" src=\"https:\/\/www.jornalja.com.br\/wp-content\/uploads\/2017\/01\/upload-20170110155356ksv_2083-300x200.jpg\" alt=\"\" width=\"300\" height=\"200\" \/><figcaption id=\"caption-attachment-43121\" class=\"wp-caption-text\">&#8220;Ouvimos e constru\u00edmos uma grade junto com os servidores&#8221;, afirmou o presidente da Funda\u00e7\u00e3o Piratini, Orestes de Andrade Jr. (centro) \/ Karine Viana \/ Pal\u00e1cio Piratini<\/figcaption><\/figure><br \/>\nEm nota no site da Funda\u00e7\u00e3o Piratini, o presidente Orestes de Andrade J\u00fanior explicou que as mudan\u00e7as nos cargos foram motivadas por uma readequa\u00e7\u00e3o necess\u00e1ria das atividades desenvolvidas pelos servidores, respeitando suas fun\u00e7\u00f5es originais. \u201cOuvimos e constru\u00edmos uma nova grade junto com os servidores\u201d, disse.<br \/>\nMas a nova grade da emissora parece ter esquentado o clima no Morro Santa Teresa. Segundo servidores concursados ouvidos pelo J\u00c1, h\u00e1 uma clara tens\u00e3o entre a dire\u00e7\u00e3o e os funcion\u00e1rios da r\u00e1dio.<br \/>\nPara\u00a0o rep\u00f3rter Eduardo Os\u00f3rio, as mudan\u00e7as n\u00e3o foram constru\u00eddas. \u201cForam tr\u00eas reuni\u00f5es em 10 dias, onde lutamos para manter algumas coisas, como o Conversa de Botequim, que perdeu o Luiz Henrique Fontoura da apresenta\u00e7\u00e3o. O Cultura na Mesa continua, mas Lena Kurtz n\u00e3o poder\u00e1 mais fazer entrevistas. O Esta\u00e7\u00e3o Cultura foi ao ar pela \u00faltima vez na sexta-feira\u201d, lamentou Os\u00f3rio.<br \/>\n<figure id=\"attachment_48595\" aria-describedby=\"caption-attachment-48595\" style=\"width: 300px\" class=\"wp-caption alignright\"><img loading=\"lazy\" decoding=\"async\" class=\"wp-image-48595 size-medium\" src=\"https:\/\/www.jornalja.com.br\/wp-content\/uploads\/2017\/05\/Abra\u00e7o-TVE-funda\u00e7\u00f5es.-Matheus-Chaparini-51-300x169.jpg\" alt=\"\" width=\"300\" height=\"169\" \/><figcaption id=\"caption-attachment-48595\" class=\"wp-caption-text\">Servidores reclamam da falta de di\u00e1logo para a defini\u00e7\u00e3o da nova grade \/ Matheus Chaparini\/J\u00c1<\/figcaption><\/figure><br \/>\nO mais grave, completa o servidor, \u00e9 que n\u00e3o houve consulta \u00e0\u00a0popula\u00e7\u00e3o. &#8220;Ainda estamos numa r\u00e1dio p\u00fablica. N\u00e3o ouve consulta ao conselho, nada. A dire\u00e7\u00e3o diz que n\u00e3o \u00e9 necess\u00e1rio&#8221;, finaliza.<br \/>\nPara uma servidora que prefere n\u00e3o se identificar, \u201c\u00e9 uma nova proposta, muito mais alinhada com as r\u00e1dios comerciais, o que a FM Cultura sempre evitou. Podemos perder uma refer\u00eancia na divulga\u00e7\u00e3o da cultura local e nacional.\u201d<br \/>\nOutro servidor afirmou que o clima interno est\u00e1 &#8220;tenso e insatisfat\u00f3rio.&#8221; \u201cN\u00e3o se muda uma hist\u00f3ria t\u00e3o radicalmente com t\u00e3o pouco apoio interno e com os ouvintes reclamando intensamente.\u201d<br \/>\nO J\u00c1 entrou em contato com a dire\u00e7\u00e3o da Funda\u00e7\u00e3o, mas at\u00e9 o fechamento desta mat\u00e9ria n\u00e3o obteve respostas sobre as cr\u00edticas.<br \/>\nJ\u00e1 a discuss\u00e3o sobre a poss\u00edvel extin\u00e7\u00e3o da Funda\u00e7\u00e3o Piratini ter\u00e1 novo cap\u00edtulo nos pr\u00f3ximos dias. No pr\u00f3ximo dia 10 de julho, acontece uma audi\u00eancia p\u00fablica na Assembleia Legislativa com o Procurador do Minist\u00e9rio P\u00fablico de Contas, Geraldo Da Camino, que questiona a lei que permitiu a extin\u00e7\u00e3o das funda\u00e7\u00f5es estaduais.<br \/>\n<strong>Ouvintes e servidores protestam nas redes sociais <\/strong><br \/>\nNo Facebook da pr\u00f3pria radio, a recep\u00e7\u00e3o da not\u00edcia da nova programa\u00e7\u00e3o n\u00e3o foi positiva. At\u00e9 o final da manh\u00e3 de s\u00e1bado, dos mais de 100 coment\u00e1rios na p\u00e1gina da emissora, quase que a totalidade eram contr\u00e1rios \u00e0 mudan\u00e7a,<br \/>\nTamb\u00e9m foi criado um evento simb\u00f3lico no Facebook, <em><a href=\"http:\/\/www.facebook.com\/events\/231916643983481\/\">Salve a Programa\u00e7\u00e3o da Cultura FM e da TVE<\/a>. \u201c<\/em>Esse n\u00e3o \u00e9 um evento que acontecer\u00e1 em um local e hora espec\u00edficos, \u00e9 um pretexto para o debate e uma tentativa de chamar para uma discuss\u00e3o p\u00fablica sobre o papel de meios de comunica\u00e7\u00e3o ao p\u00fablico\u201d, diz um trecho da chamada do evento, que j\u00e1 registra a participa\u00e7\u00e3o de 1500 pessoas.<br \/>\nNa p\u00e1gina do movimento dos servidores da FM Cultura e TVE foi publicado um texto em que os funcion\u00e1rios deixam claro suas insatisfa\u00e7\u00f5es.<br \/>\n<a href=\"http:\/\/www.facebook.com\/MSTVEFMCultura\/\">\u201cMAIS PLURAL?!? MAIS DEMOCR\u00c1TICA?!? Mudan\u00e7as na FM Cultura foram impostas pela dire\u00e7\u00e3o. Ao contr\u00e1rio do que o presidente da Funda\u00e7\u00e3o Piratini tem afirmado, n\u00e3o houve a constru\u00e7\u00e3o de uma nova grade de programa\u00e7\u00e3o da FM Cultura junto com os servidores. Ocorreram reuni\u00f5es nas quais a nova grade foi apresentada aos funcion\u00e1rios, j\u00e1 tendo sido toda elaborada pela dire\u00e7\u00e3o&#8230;\u201d<\/a><br \/>\n<strong>As mudan\u00e7as, segundo texto publicado pela Funda\u00e7\u00e3o Piratini:<\/strong><br \/>\n<em>A m\u00fasica cl\u00e1ssica e erudita segue com o mesmo tempo e destaque na grade. O\u00a0Cl\u00e1ssicos na Manh\u00e3\u00a0vai iniciar mais cedo, \u00e0s 5h. A\u00a0FM Cultura passar\u00e1 a operar ao vivo a partir das 7h, de segunda a sexta, com o programa Caf\u00e9 Cultura, que ser\u00e1 apresentado pelo\u00a0jornalista e radialista Renato Martins, ex-Band. Ele tamb\u00e9m ser\u00e1 apresentador do Frente a Frente da TVE.<\/em><br \/>\n<em>O\u00a0Manh\u00e3 Popular Brasileira, Tarde Popular Brasileira e MPB na Madrugada\u00a0recebem, respectivamente, novos nomes:\u00a0Cultura Mundi, Cultura Clube e Cultura na Madrugada. <\/em><br \/>\n<em>A inten\u00e7\u00e3o \u00e9 citar o nome da r\u00e1dio em praticamente todos os programas, dando \u00eanfase ao DNA cultural da emissora.\u00a0\u201cMusicalmente, a emissora tocar\u00e1 ainda mais a produ\u00e7\u00e3o dos artistas locais, abrindo mais espa\u00e7o para um n\u00famero maior de artistas ga\u00fachos, priorizando seus trabalhos e criando uma identidade mais ampla com a audi\u00eancia\u201d, afirma o novo diretor da r\u00e1dio.<\/em><br \/>\n<em>A M\u00fasica Popular Brasileira (MPB) seguir\u00e1 como carro-chefe da FM Cultura. \u201cMas queremos atualizar um pouco o que toca na r\u00e1dio\u201d, destaca Inchauspe, acrescentando que os cl\u00e1ssicos e as m\u00fasicas que s\u00f3 tocam na FM Cultura seguir\u00e3o com seu espa\u00e7o cativo na r\u00e1dio.<\/em><br \/>\n<em>Das 9h ao meio-dia, o novo programa\u00a0Cultura Mundi\u00a0continuar\u00e1 dando primazia \u00e0 MPB, mas tamb\u00e9m trar\u00e1 as melhores m\u00fasicas do mundo inteiro. Sempre com mat\u00e9rias e informa\u00e7\u00f5es culturais trazidas pela reda\u00e7\u00e3o. A locu\u00e7\u00e3o continua com\u00a0Messias Gonzales.<\/em><br \/>\n<em>O jornalismo ganha mais espa\u00e7o com o acr\u00e9scimo dos notici\u00e1rios de hora em hora. O\u00a0Cultura Informa\u00a0ganha o dobro de edi\u00e7\u00f5es. Pela manh\u00e3,\u00a0ser\u00e1 apresentado \u00e0s 9h, 10h, 11h e \u00e0s 12h. \u00c0 tarde, as edi\u00e7\u00f5es ser\u00e3o \u00e0s 14h, 15h, 16h e 17h. O\u00a0Cultura na Mesa\u00a0permanece com uma hora de dura\u00e7\u00e3o, ao meio-dia, com locu\u00e7\u00e3o de Lena Kurtz.<\/em><br \/>\n<em>Entre as novidades, est\u00e3o os programas\u00a0Mem\u00f3ria Cultura\u00a0(s\u00e1bado \u00e0s 9h), que vai resgatar a hist\u00f3ria da emissora por meio de m\u00fasicas e entrevistas do acervo, e o\u00a0Ficha T\u00e9cnica\u00a0(domingo 14h), que dar\u00e1 destaque para as pessoas e hist\u00f3rias dos bastidores da m\u00fasica ga\u00facha.<\/em><br \/>\n<em>Tarde<\/em><br \/>\n<em>O apresentador\u00a0Dem\u00e9trio Xavier, al\u00e9m de permanecer com o\u00a0Cantos do Sul da Terra, no mesmo hor\u00e1rio (13h \u00e0s 14h), agora assume o comando do\u00a0Conversa de Botequim, deslocado para o final de tarde (18h \u00e0s 19h).\u00a0Luiz Henrique Fontoura\u00a0segue na produ\u00e7\u00e3o do cl\u00e1ssico programa\u00a0da FM Cultura, que traz o melhor da m\u00fasica brasileira de todos os tempos, comentando e contando hist\u00f3rias referentes a artistas de grande import\u00e2ncia na cultura nacional e ga\u00facha.<\/em><br \/>\n<em>Das 14h \u00e0s 17h, o\u00a0Cultura Clube\u00a0ter\u00e1 predom\u00ednio da produ\u00e7\u00e3o musical nacional e ga\u00facha. A programa\u00e7\u00e3o ser\u00e1 feita com os artistas que formam o \u201cclube da r\u00e1dio FM Cultura\u201d. De novo, informa\u00e7\u00e3o e entrevistas culturais e agenda de espet\u00e1culos completam o conte\u00fado do programa. A locu\u00e7\u00e3o continua\u00a0com Liz de Bortoli.<\/em><br \/>\n<em>Noite<\/em><br \/>\n<em>A noite da FM Cultura segue com o tradicional\u00a0Sess\u00e3o Jazz, apresentado por Paulo Moreira, das 20h \u00e0s 22h. E traz uma novidade: o\u00a0Cultura Rock Show, das 22h \u00e0 meia-noite, que tocar\u00e1 os cl\u00e1ssicos do mundo do rock em suas vertentes nacionais e internacionais, sempre com espa\u00e7o para a produ\u00e7\u00e3o local. A apresenta\u00e7\u00e3o ser\u00e1 de Cristiano Sass\u00e1. Nesse sentido, outra novidade \u00e9 inser\u00e7\u00e3o do programa Radar das 22h \u00e0s 23h dos s\u00e1bados, com um resumo das novas bandas ga\u00fachas que se apresentam ao longo da semana no programa de mesmo nome da TVE.<\/em><br \/>\n<em>Demais programas do fim de semana como\u00a0Na Trilha da tela, M\u00fasica que Fizeram a Sua Cabe\u00e7a, Sonora, Tons e Letras e Tons e Notas, Contracultura, Contempor\u00e2nea, Clube do Samba, Unir\u00e1dio, entre outros, seguem na grade de programa\u00e7\u00e3o com algumas altera\u00e7\u00f5es de hor\u00e1rio.<\/em><\/p>\n","protected":false},"excerpt":{"rendered":"<p>Tiago Baltz Nesta segunda-feira, 03, a\u00a0FM Cultura, r\u00e1dio p\u00fablica da Funda\u00e7\u00e3o Piratini, inaugura uma nova era, com troca na dire\u00e7\u00e3o\u00a0e programa\u00e7\u00e3o quase que inteiramente modificada. O\u00a0\u201cCantos do Sul da Terra\u201d, \u00e0s 13h, e o \u201cSess\u00e3o Jazz\u201d, \u00e0s 20hs, s\u00e3o os \u00fanicos programas que seguem no mesmo hor\u00e1rio e com mesmos apresentadores. Haver\u00e1 novos programas e [&hellip;]<\/p>\n","protected":false},"author":4,"featured_media":50827,"comment_status":"open","ping_status":"closed","sticky":false,"template":"","format":"standard","meta":{"_jetpack_newsletter_access":"","_jetpack_dont_email_post_to_subs":false,"_jetpack_newsletter_tier_id":0,"_jetpack_memberships_contains_paywalled_content":false,"_jetpack_feature_clip_id":0,"_jetpack_memberships_contains_paid_content":false,"footnotes":"","jetpack_post_was_ever_published":false},"categories":[26],"tags":[],"class_list":["post-50826","post","type-post","status-publish","format-standard","has-post-thumbnail","hentry","category-geral"],"aioseo_notices":[],"aioseo_head":"\n\t\t<!-- All in One SEO 5.0.1.1 - aioseo.com -->\n\t<meta name=\"robots\" content=\"max-image-preview:large\" \/>\n\t<meta name=\"author\" content=\"da Reda\u00e7\u00e3o\"\/>\n\t<link rel=\"canonical\" href=\"https:\/\/www.jornalja.com.br\/arquivo\/nova-programacao-da-fm-cultura-e-criticada-por-servidores\/\" \/>\n\t<meta name=\"generator\" content=\"All in One SEO (AIOSEO) 5.0.1.1\" \/>\n\t\t<meta property=\"og:locale\" content=\"pt_BR\" \/>\n\t\t<meta property=\"og:site_name\" content=\"Arquivo | Jornal J\u00c1 | Porto Alegre\" \/>\n\t\t<meta property=\"og:type\" content=\"article\" \/>\n\t\t<meta property=\"og:title\" content=\"Nova programa\u00e7\u00e3o da FM Cultura \u00e9 criticada por servidores | Arquivo\" \/>\n\t\t<meta property=\"og:url\" content=\"https:\/\/www.jornalja.com.br\/arquivo\/nova-programacao-da-fm-cultura-e-criticada-por-servidores\/\" \/>\n\t\t<meta property=\"og:image\" content=\"https:\/\/www.jornalja.com.br\/wp-content\/uploads\/2017\/01\/upload-20170110155356ksv_2083-300x200.jpg\" \/>\n\t\t<meta property=\"og:image:secure_url\" content=\"https:\/\/www.jornalja.com.br\/wp-content\/uploads\/2017\/01\/upload-20170110155356ksv_2083-300x200.jpg\" \/>\n\t\t<meta property=\"article:published_time\" content=\"2017-07-01T17:47:37+00:00\" \/>\n\t\t<meta property=\"article:modified_time\" content=\"2017-07-01T17:47:37+00:00\" \/>\n\t\t<meta name=\"twitter:card\" content=\"summary\" \/>\n\t\t<meta name=\"twitter:title\" content=\"Nova programa\u00e7\u00e3o da FM Cultura \u00e9 criticada por servidores | Arquivo\" \/>\n\t\t<meta name=\"twitter:image\" content=\"https:\/\/www.jornalja.com.br\/economics\/wp-content\/uploads\/sites\/11\/2026\/08\/ja-folhaderosto-facebook.jpg\" \/>\n\t\t<script type=\"application\/ld+json\" class=\"aioseo-schema\">\n\t\t\t{\"@context\":\"https:\\\/\\\/schema.org\",\"@graph\":[{\"@type\":\"BlogPosting\",\"@id\":\"https:\\\/\\\/www.jornalja.com.br\\\/arquivo\\\/nova-programacao-da-fm-cultura-e-criticada-por-servidores\\\/#blogposting\",\"name\":\"Nova programa\\u00e7\\u00e3o da FM Cultura \\u00e9 criticada por servidores | Arquivo\",\"headline\":\"Nova programa\\u00e7\\u00e3o da FM Cultura \\u00e9 criticada por servidores\",\"author\":{\"@id\":\"https:\\\/\\\/www.jornalja.com.br\\\/arquivo\\\/author\\\/daredacao\\\/#author\"},\"publisher\":{\"@id\":\"https:\\\/\\\/www.jornalja.com.br\\\/arquivo\\\/#organization\"},\"image\":{\"@type\":\"ImageObject\",\"url\":50827},\"datePublished\":\"2017-07-01T14:47:37-03:00\",\"dateModified\":\"2017-07-01T14:47:37-03:00\",\"inLanguage\":\"pt-BR\",\"mainEntityOfPage\":{\"@id\":\"https:\\\/\\\/www.jornalja.com.br\\\/arquivo\\\/nova-programacao-da-fm-cultura-e-criticada-por-servidores\\\/#webpage\"},\"isPartOf\":{\"@id\":\"https:\\\/\\\/www.jornalja.com.br\\\/arquivo\\\/nova-programacao-da-fm-cultura-e-criticada-por-servidores\\\/#webpage\"},\"articleSection\":\"Geral\"},{\"@type\":\"BreadcrumbList\",\"@id\":\"https:\\\/\\\/www.jornalja.com.br\\\/arquivo\\\/nova-programacao-da-fm-cultura-e-criticada-por-servidores\\\/#breadcrumblist\",\"itemListElement\":[{\"@type\":\"ListItem\",\"@id\":\"https:\\\/\\\/www.jornalja.com.br\\\/arquivo#listItem\",\"position\":1,\"name\":\"Home\",\"item\":\"https:\\\/\\\/www.jornalja.com.br\\\/arquivo\",\"nextItem\":{\"@type\":\"ListItem\",\"@id\":\"https:\\\/\\\/www.jornalja.com.br\\\/arquivo\\\/category\\\/geral\\\/#listItem\",\"name\":\"Geral\"}},{\"@type\":\"ListItem\",\"@id\":\"https:\\\/\\\/www.jornalja.com.br\\\/arquivo\\\/category\\\/geral\\\/#listItem\",\"position\":2,\"name\":\"Geral\",\"item\":\"https:\\\/\\\/www.jornalja.com.br\\\/arquivo\\\/category\\\/geral\\\/\",\"nextItem\":{\"@type\":\"ListItem\",\"@id\":\"https:\\\/\\\/www.jornalja.com.br\\\/arquivo\\\/nova-programacao-da-fm-cultura-e-criticada-por-servidores\\\/#listItem\",\"name\":\"Nova programa\\u00e7\\u00e3o da FM Cultura \\u00e9 criticada por servidores\"},\"previousItem\":{\"@type\":\"ListItem\",\"@id\":\"https:\\\/\\\/www.jornalja.com.br\\\/arquivo#listItem\",\"name\":\"Home\"}},{\"@type\":\"ListItem\",\"@id\":\"https:\\\/\\\/www.jornalja.com.br\\\/arquivo\\\/nova-programacao-da-fm-cultura-e-criticada-por-servidores\\\/#listItem\",\"position\":3,\"name\":\"Nova programa\\u00e7\\u00e3o da FM Cultura \\u00e9 criticada por servidores\",\"previousItem\":{\"@type\":\"ListItem\",\"@id\":\"https:\\\/\\\/www.jornalja.com.br\\\/arquivo\\\/category\\\/geral\\\/#listItem\",\"name\":\"Geral\"}}]},{\"@type\":\"Organization\",\"@id\":\"https:\\\/\\\/www.jornalja.com.br\\\/arquivo\\\/#organization\",\"name\":\"Jornal J\\u00c1\",\"description\":\"Jornal J\\u00c1 | Porto Alegre\",\"url\":\"https:\\\/\\\/www.jornalja.com.br\\\/arquivo\\\/\",\"telephone\":\"+555133307272\",\"logo\":{\"@type\":\"ImageObject\",\"url\":\"https:\\\/\\\/www.jornalja.com.br\\\/wp-content\\\/uploads\\\/cards\\\/JAslogan.png\",\"@id\":\"https:\\\/\\\/www.jornalja.com.br\\\/arquivo\\\/nova-programacao-da-fm-cultura-e-criticada-por-servidores\\\/#organizationLogo\"},\"image\":{\"@id\":\"https:\\\/\\\/www.jornalja.com.br\\\/arquivo\\\/nova-programacao-da-fm-cultura-e-criticada-por-servidores\\\/#organizationLogo\"}},{\"@type\":\"Person\",\"@id\":\"https:\\\/\\\/www.jornalja.com.br\\\/arquivo\\\/author\\\/daredacao\\\/#author\",\"url\":\"https:\\\/\\\/www.jornalja.com.br\\\/arquivo\\\/author\\\/daredacao\\\/\",\"name\":\"da Reda\\u00e7\\u00e3o\",\"image\":{\"@type\":\"ImageObject\",\"@id\":\"https:\\\/\\\/www.jornalja.com.br\\\/arquivo\\\/nova-programacao-da-fm-cultura-e-criticada-por-servidores\\\/#authorImage\",\"url\":\"https:\\\/\\\/secure.gravatar.com\\\/avatar\\\/469fd857d6605ad19919d27ed29d35a968a25f6e8fd9318356bbb7f57aae9c65?s=96&d=mm&r=g\",\"width\":96,\"height\":96,\"caption\":\"da Reda\\u00e7\\u00e3o\"}},{\"@type\":\"WebPage\",\"@id\":\"https:\\\/\\\/www.jornalja.com.br\\\/arquivo\\\/nova-programacao-da-fm-cultura-e-criticada-por-servidores\\\/#webpage\",\"url\":\"https:\\\/\\\/www.jornalja.com.br\\\/arquivo\\\/nova-programacao-da-fm-cultura-e-criticada-por-servidores\\\/\",\"name\":\"Nova programa\\u00e7\\u00e3o da FM Cultura \\u00e9 criticada por servidores | Arquivo\",\"inLanguage\":\"pt-BR\",\"isPartOf\":{\"@id\":\"https:\\\/\\\/www.jornalja.com.br\\\/arquivo\\\/#website\"},\"breadcrumb\":{\"@id\":\"https:\\\/\\\/www.jornalja.com.br\\\/arquivo\\\/nova-programacao-da-fm-cultura-e-criticada-por-servidores\\\/#breadcrumblist\"},\"author\":{\"@id\":\"https:\\\/\\\/www.jornalja.com.br\\\/arquivo\\\/author\\\/daredacao\\\/#author\"},\"creator\":{\"@id\":\"https:\\\/\\\/www.jornalja.com.br\\\/arquivo\\\/author\\\/daredacao\\\/#author\"},\"image\":{\"@type\":\"ImageObject\",\"url\":50827,\"@id\":\"https:\\\/\\\/www.jornalja.com.br\\\/arquivo\\\/nova-programacao-da-fm-cultura-e-criticada-por-servidores\\\/#mainImage\"},\"primaryImageOfPage\":{\"@id\":\"https:\\\/\\\/www.jornalja.com.br\\\/arquivo\\\/nova-programacao-da-fm-cultura-e-criticada-por-servidores\\\/#mainImage\"},\"datePublished\":\"2017-07-01T14:47:37-03:00\",\"dateModified\":\"2017-07-01T14:47:37-03:00\"},{\"@type\":\"WebSite\",\"@id\":\"https:\\\/\\\/www.jornalja.com.br\\\/arquivo\\\/#website\",\"url\":\"https:\\\/\\\/www.jornalja.com.br\\\/arquivo\\\/\",\"name\":\"Arquivo\",\"description\":\"Jornal J\\u00c1 | Porto Alegre\",\"inLanguage\":\"pt-BR\",\"publisher\":{\"@id\":\"https:\\\/\\\/www.jornalja.com.br\\\/arquivo\\\/#organization\"}}]}\n\t\t<\/script>\n\t\t<!-- All in One SEO -->\n\n","aioseo_head_json":{"title":"Nova programa\u00e7\u00e3o da FM Cultura \u00e9 criticada por servidores | Arquivo","description":"","canonical_url":"https:\/\/www.jornalja.com.br\/arquivo\/nova-programacao-da-fm-cultura-e-criticada-por-servidores\/","robots":"max-image-preview:large","keywords":"","webmasterTools":{"miscellaneous":""},"schema":{"@context":"https:\/\/schema.org","@graph":[{"@type":"BlogPosting","@id":"https:\/\/www.jornalja.com.br\/arquivo\/nova-programacao-da-fm-cultura-e-criticada-por-servidores\/#blogposting","name":"Nova programa\u00e7\u00e3o da FM Cultura \u00e9 criticada por servidores | Arquivo","headline":"Nova programa\u00e7\u00e3o da FM Cultura \u00e9 criticada por servidores","author":{"@id":"https:\/\/www.jornalja.com.br\/arquivo\/author\/daredacao\/#author"},"publisher":{"@id":"https:\/\/www.jornalja.com.br\/arquivo\/#organization"},"image":{"@type":"ImageObject","url":50827},"datePublished":"2017-07-01T14:47:37-03:00","dateModified":"2017-07-01T14:47:37-03:00","inLanguage":"pt-BR","mainEntityOfPage":{"@id":"https:\/\/www.jornalja.com.br\/arquivo\/nova-programacao-da-fm-cultura-e-criticada-por-servidores\/#webpage"},"isPartOf":{"@id":"https:\/\/www.jornalja.com.br\/arquivo\/nova-programacao-da-fm-cultura-e-criticada-por-servidores\/#webpage"},"articleSection":"Geral"},{"@type":"BreadcrumbList","@id":"https:\/\/www.jornalja.com.br\/arquivo\/nova-programacao-da-fm-cultura-e-criticada-por-servidores\/#breadcrumblist","itemListElement":[{"@type":"ListItem","@id":"https:\/\/www.jornalja.com.br\/arquivo#listItem","position":1,"name":"Home","item":"https:\/\/www.jornalja.com.br\/arquivo","nextItem":{"@type":"ListItem","@id":"https:\/\/www.jornalja.com.br\/arquivo\/category\/geral\/#listItem","name":"Geral"}},{"@type":"ListItem","@id":"https:\/\/www.jornalja.com.br\/arquivo\/category\/geral\/#listItem","position":2,"name":"Geral","item":"https:\/\/www.jornalja.com.br\/arquivo\/category\/geral\/","nextItem":{"@type":"ListItem","@id":"https:\/\/www.jornalja.com.br\/arquivo\/nova-programacao-da-fm-cultura-e-criticada-por-servidores\/#listItem","name":"Nova programa\u00e7\u00e3o da FM Cultura \u00e9 criticada por servidores"},"previousItem":{"@type":"ListItem","@id":"https:\/\/www.jornalja.com.br\/arquivo#listItem","name":"Home"}},{"@type":"ListItem","@id":"https:\/\/www.jornalja.com.br\/arquivo\/nova-programacao-da-fm-cultura-e-criticada-por-servidores\/#listItem","position":3,"name":"Nova programa\u00e7\u00e3o da FM Cultura \u00e9 criticada por servidores","previousItem":{"@type":"ListItem","@id":"https:\/\/www.jornalja.com.br\/arquivo\/category\/geral\/#listItem","name":"Geral"}}]},{"@type":"Organization","@id":"https:\/\/www.jornalja.com.br\/arquivo\/#organization","name":"Jornal J\u00c1","description":"Jornal J\u00c1 | Porto Alegre","url":"https:\/\/www.jornalja.com.br\/arquivo\/","telephone":"+555133307272","logo":{"@type":"ImageObject","url":"https:\/\/www.jornalja.com.br\/wp-content\/uploads\/cards\/JAslogan.png","@id":"https:\/\/www.jornalja.com.br\/arquivo\/nova-programacao-da-fm-cultura-e-criticada-por-servidores\/#organizationLogo"},"image":{"@id":"https:\/\/www.jornalja.com.br\/arquivo\/nova-programacao-da-fm-cultura-e-criticada-por-servidores\/#organizationLogo"}},{"@type":"Person","@id":"https:\/\/www.jornalja.com.br\/arquivo\/author\/daredacao\/#author","url":"https:\/\/www.jornalja.com.br\/arquivo\/author\/daredacao\/","name":"da Reda\u00e7\u00e3o","image":{"@type":"ImageObject","@id":"https:\/\/www.jornalja.com.br\/arquivo\/nova-programacao-da-fm-cultura-e-criticada-por-servidores\/#authorImage","url":"https:\/\/secure.gravatar.com\/avatar\/469fd857d6605ad19919d27ed29d35a968a25f6e8fd9318356bbb7f57aae9c65?s=96&d=mm&r=g","width":96,"height":96,"caption":"da Reda\u00e7\u00e3o"}},{"@type":"WebPage","@id":"https:\/\/www.jornalja.com.br\/arquivo\/nova-programacao-da-fm-cultura-e-criticada-por-servidores\/#webpage","url":"https:\/\/www.jornalja.com.br\/arquivo\/nova-programacao-da-fm-cultura-e-criticada-por-servidores\/","name":"Nova programa\u00e7\u00e3o da FM Cultura \u00e9 criticada por servidores | Arquivo","inLanguage":"pt-BR","isPartOf":{"@id":"https:\/\/www.jornalja.com.br\/arquivo\/#website"},"breadcrumb":{"@id":"https:\/\/www.jornalja.com.br\/arquivo\/nova-programacao-da-fm-cultura-e-criticada-por-servidores\/#breadcrumblist"},"author":{"@id":"https:\/\/www.jornalja.com.br\/arquivo\/author\/daredacao\/#author"},"creator":{"@id":"https:\/\/www.jornalja.com.br\/arquivo\/author\/daredacao\/#author"},"image":{"@type":"ImageObject","url":50827,"@id":"https:\/\/www.jornalja.com.br\/arquivo\/nova-programacao-da-fm-cultura-e-criticada-por-servidores\/#mainImage"},"primaryImageOfPage":{"@id":"https:\/\/www.jornalja.com.br\/arquivo\/nova-programacao-da-fm-cultura-e-criticada-por-servidores\/#mainImage"},"datePublished":"2017-07-01T14:47:37-03:00","dateModified":"2017-07-01T14:47:37-03:00"},{"@type":"WebSite","@id":"https:\/\/www.jornalja.com.br\/arquivo\/#website","url":"https:\/\/www.jornalja.com.br\/arquivo\/","name":"Arquivo","description":"Jornal J\u00c1 | Porto Alegre","inLanguage":"pt-BR","publisher":{"@id":"https:\/\/www.jornalja.com.br\/arquivo\/#organization"}}]},"og:locale":"pt_BR","og:site_name":"Arquivo | Jornal J\u00c1 | Porto Alegre","og:type":"article","og:title":"Nova programa\u00e7\u00e3o da FM Cultura \u00e9 criticada por servidores | Arquivo","og:url":"https:\/\/www.jornalja.com.br\/arquivo\/nova-programacao-da-fm-cultura-e-criticada-por-servidores\/","og:image":"https:\/\/www.jornalja.com.br\/wp-content\/uploads\/2017\/01\/upload-20170110155356ksv_2083-300x200.jpg","og:image:secure_url":"https:\/\/www.jornalja.com.br\/wp-content\/uploads\/2017\/01\/upload-20170110155356ksv_2083-300x200.jpg","article:published_time":"2017-07-01T17:47:37+00:00","article:modified_time":"2017-07-01T17:47:37+00:00","twitter:card":"summary","twitter:title":"Nova programa\u00e7\u00e3o da FM Cultura \u00e9 criticada por servidores | Arquivo","twitter:image":"https:\/\/www.jornalja.com.br\/economics\/wp-content\/uploads\/sites\/11\/2026\/08\/ja-folhaderosto-facebook.jpg"},"aioseo_meta_data":{"post_id":"50826","title":null,"description":null,"keywords":null,"keyphrases":null,"primary_term":null,"canonical_url":null,"og_title":null,"og_description":null,"og_object_type":"default","og_image_type":"default","og_image_url":null,"og_image_width":null,"og_image_height":null,"og_image_custom_url":null,"og_image_custom_fields":null,"og_video":null,"og_custom_url":null,"og_article_section":null,"og_article_tags":null,"twitter_use_og":false,"twitter_card":"default","twitter_image_type":"default","twitter_image_url":null,"twitter_image_custom_url":null,"twitter_image_custom_fields":null,"twitter_title":null,"twitter_description":null,"schema":{"blockGraphs":[],"customGraphs":[],"default":{"data":{"Article":[],"Course":[],"Dataset":[],"FAQPage":[],"Movie":[],"Person":[],"Product":[],"ProductReview":[],"Car":[],"Recipe":[],"Service":[],"SoftwareApplication":[],"WebPage":[]},"graphName":"","isEnabled":true},"graphs":[],"defaultGraph":"","defaultPostTypeGraph":""},"schema_type":null,"schema_type_options":null,"pillar_content":false,"robots_default":true,"robots_noindex":false,"robots_noarchive":false,"robots_nosnippet":false,"robots_nofollow":false,"robots_noimageindex":false,"robots_noodp":false,"robots_notranslate":false,"robots_max_snippet":null,"robots_max_videopreview":null,"robots_max_imagepreview":"large","priority":null,"frequency":null,"location":null,"local_seo":null,"breadcrumb_settings":null,"limit_modified_date":false,"ai":null,"created":"2020-12-20 20:30:49","updated":"2025-07-19 22:44:28","seo_analyzer_scan_date":null,"focus_keyword":null,"additional_keywords":null,"truseo_locale":null},"jetpack_sharing_enabled":true,"jetpack-related-posts":[{"id":13124,"url":"https:\/\/www.jornalja.com.br\/arquivo\/sangue-latino-no-iecine\/","url_meta":{"origin":50826,"position":0},"title":"Sangue latino no IECINE","author":"da Reda\u00e7\u00e3o","date":"18 de maio de 2014","format":false,"excerpt":"Francisco Ribeiro O Instituto Estadual de Cinema (IECINE) tem a frente, desde abril \u00faltimo, um novo diretor, o cineasta colombiano Juan Zapata, 36, que substitui Luiz Alberto Cassol. Radicado h\u00e1 dez anos em Porto Alegre, Zapata tem diante de si o desafio de conduzir at\u00e9 o final do ano um\u2026","rel":"","context":"Em &quot;Cultura-Geral&quot;","block_context":{"text":"Cultura-Geral","link":"https:\/\/www.jornalja.com.br\/arquivo\/category\/materiasecundaria\/"},"img":{"alt_text":"","src":"","width":0,"height":0},"classes":[]},{"id":14241,"url":"https:\/\/www.jornalja.com.br\/arquivo\/o-guaiba-nas-imagens-poeticas-de-achutti\/","url_meta":{"origin":50826,"position":1},"title":"O Gua\u00edba nas imagens po\u00e9ticas de Achutti","author":"da Reda\u00e7\u00e3o","date":"18 de junho de 2014","format":false,"excerpt":"Em \u201cO Gua\u00edba por Achutti\u201d \u2013 obra financiada via Minist\u00e9rio da Cultura, produ\u00e7\u00e3o executiva de Pedro Longhi, e Fl\u00e1vio Wild como designer \u2013, o fot\u00f3grafo revela a beleza e as mazelas de um espa\u00e7o aqu\u00e1tico de \u00e1guas sempre renovadas, cheio de hist\u00f3rias e lendas como as das cidades que foram\u2026","rel":"","context":"Em &quot;Cultura-Geral&quot;","block_context":{"text":"Cultura-Geral","link":"https:\/\/www.jornalja.com.br\/arquivo\/category\/materiasecundaria\/"},"img":{"alt_text":"","src":"","width":0,"height":0},"classes":[]},{"id":5440,"url":"https:\/\/www.jornalja.com.br\/arquivo\/casarao-da-venancio-destino-permanece-incerto\/","url_meta":{"origin":50826,"position":2},"title":"Estado ainda n\u00e3o sabe o que fazer com casar\u00e3o abandonado h\u00e1 20 anos","author":"Elmar Bones","date":"6 de julho de 2009","format":false,"excerpt":"O casar\u00e3o amarelo, numa esquina nobre de Porto Alegre (Ven\u00e2ncio Aires com Jo\u00e3o Pessoa), j\u00e1 abrigou uma escola. H\u00e1 duas d\u00e9cadas, pelo menos, est\u00e1 abandonado, porque seu propriet\u00e1rio, o governo do Estado do Rio Grande do Sul, n\u00e3o consegue achar um destino para ele. Planos n\u00e3o faltaram. O governador Ol\u00edvio\u2026","rel":"","context":"Em &quot;X.Categorias velhas&quot;","block_context":{"text":"X.Categorias velhas","link":"https:\/\/www.jornalja.com.br\/arquivo\/category\/x-categorias-velhas\/"},"img":{"alt_text":"geraldo1","src":"https:\/\/i0.wp.com\/www.jornalja.com.br\/wp-content\/uploads\/2009\/07\/geraldo1.jpg?resize=350%2C200&ssl=1","width":350,"height":200},"classes":[]},{"id":13128,"url":"https:\/\/www.jornalja.com.br\/arquivo\/maconha-terra-diz-que-uso-medicinal-e-desculpa\/","url_meta":{"origin":50826,"position":3},"title":"Maconha: Terra diz que uso medicinal \u00e9 desculpa","author":"Patr\u00edcia Marini","date":"4 de junho de 2014","format":false,"excerpt":"A condi\u00e7\u00e3o de pol\u00edtico, em \u00e9poca de campanha de campanha eleitoral, tira for\u00e7a do discurso do m\u00e9dico Osmar Terra contra a legaliza\u00e7\u00e3o da maconha. A tese dele de que a libera\u00e7\u00e3o vai ampliar exponencialmente o consumo \u00e9 discutivel, o consumo \u00e9 corrente. Mas seus alertas quanto aos riscos tem que\u2026","rel":"","context":"Em &quot;X.Categorias velhas&quot;","block_context":{"text":"X.Categorias velhas","link":"https:\/\/www.jornalja.com.br\/arquivo\/category\/x-categorias-velhas\/"},"img":{"alt_text":"","src":"","width":0,"height":0},"classes":[]},{"id":13101,"url":"https:\/\/www.jornalja.com.br\/arquivo\/morre-um-guerreiro-do-texto\/","url_meta":{"origin":50826,"position":4},"title":"Morre um guerreiro do texto","author":"Patr\u00edcia Marini","date":"14 de maio de 2014","format":false,"excerpt":"Por Ricardo Kotscho Reproduzido do blog do autor, 11\/5\/2014; t\u00edtulo original \u201cE l\u00e1 se foi o nosso Myltainho, guerreiro do texto\u201d. Mi\u00fado e franzino, meu amigo Myltainho era um valente e inconformado guerreiro na luta contra as injusti\u00e7as sociais, a hipocrisia, as maracutaias, o autoritarismo, a intoler\u00e2ncia, a viol\u00eancia, o\u2026","rel":"","context":"Em &quot;Geral&quot;","block_context":{"text":"Geral","link":"https:\/\/www.jornalja.com.br\/arquivo\/category\/geral\/"},"img":{"alt_text":"","src":"","width":0,"height":0},"classes":[]},{"id":13240,"url":"https:\/\/www.jornalja.com.br\/arquivo\/plano-diretor-estamos-construindo-o-caos\/","url_meta":{"origin":50826,"position":5},"title":"Plano diretor: &quot;Estamos construindo o caos&quot;","author":"Patr\u00edcia Marini","date":"26 de maio de 2014","format":false,"excerpt":"Desabafo que arquiteta Eliana Castilhos, delegada da Regi\u00e3o de Planejamento 1, postou nas redes sociais \u00e9 um testemunho do ambiente que se criou no Conselho do Plano Diretor de Porto Alegre, onde a aprova\u00e7\u00e3o de grandes empreendimentos \u00e9 empurrada guela abaixo dos conselheiros. Ao CMDUA Como delegada da Regi\u00e3o de\u2026","rel":"","context":"Em &quot;Geral&quot;","block_context":{"text":"Geral","link":"https:\/\/www.jornalja.com.br\/arquivo\/category\/geral\/"},"img":{"alt_text":"","src":"","width":0,"height":0},"classes":[]}],"jetpack_shortlink":"https:\/\/wp.me\/pbQjBd-ddM","jetpack_featured_media_url":"","_links":{"self":[{"href":"https:\/\/www.jornalja.com.br\/arquivo\/wp-json\/wp\/v2\/posts\/50826","targetHints":{"allow":["GET"]}}],"collection":[{"href":"https:\/\/www.jornalja.com.br\/arquivo\/wp-json\/wp\/v2\/posts"}],"about":[{"href":"https:\/\/www.jornalja.com.br\/arquivo\/wp-json\/wp\/v2\/types\/post"}],"author":[{"embeddable":true,"href":"https:\/\/www.jornalja.com.br\/arquivo\/wp-json\/wp\/v2\/users\/4"}],"replies":[{"embeddable":true,"href":"https:\/\/www.jornalja.com.br\/arquivo\/wp-json\/wp\/v2\/comments?post=50826"}],"version-history":[{"count":0,"href":"https:\/\/www.jornalja.com.br\/arquivo\/wp-json\/wp\/v2\/posts\/50826\/revisions"}],"wp:attachment":[{"href":"https:\/\/www.jornalja.com.br\/arquivo\/wp-json\/wp\/v2\/media?parent=50826"}],"wp:term":[{"taxonomy":"category","embeddable":true,"href":"https:\/\/www.jornalja.com.br\/arquivo\/wp-json\/wp\/v2\/categories?post=50826"},{"taxonomy":"post_tag","embeddable":true,"href":"https:\/\/www.jornalja.com.br\/arquivo\/wp-json\/wp\/v2\/tags?post=50826"}],"curies":[{"name":"wp","href":"https:\/\/api.w.org\/{rel}","templated":true}]}}