{"id":50866,"date":"2017-07-03T09:43:50","date_gmt":"2017-07-03T12:43:50","guid":{"rendered":"https:\/\/www.jornalja.com.br\/?p=50866"},"modified":"2017-07-03T09:43:50","modified_gmt":"2017-07-03T12:43:50","slug":"feira-do-livro-de-canoas-tera-atracoes-sobre-universo-das-hqs","status":"publish","type":"post","link":"https:\/\/www.jornalja.com.br\/arquivo\/feira-do-livro-de-canoas-tera-atracoes-sobre-universo-das-hqs\/","title":{"rendered":"Feira do Livro de Canoas ter\u00e1 atra\u00e7\u00f5es sobre universo das HQs"},"content":{"rendered":"<p>A ComicCON RS assume em 2017 uma s\u00e9rie de atividades relacionadas a quadrinhos na 33\u00aa Feira do Livro de Canoas. Nos dias 6, 7 e 8 de julho, a Pra\u00e7a da Bandeira recebe oficinas, bate-papos e uma palestra sobre o universo das HQs, com curadoria da equipe do maior evento de cultura pop do Rio Grande do Sul.<br \/>\n<span class=\"intertit\">Oficinas<\/span><br \/>\nNo dia 6, \u00e0s 14 horas, o ganhador do pr\u00eamio HQ Mix pelo \u00e1lbum Edgar e autor do fen\u00f4meno P\u00e9talas, recordista de vendas no mercado nacional e j\u00e1 publicado em v\u00e1rios pa\u00edses da Europa, Gustavo Borges ministra a oficina \u201cCria\u00e7\u00e3o de personagens de quadrinhos\u201d, destinada ao p\u00fablico infantil. No dia 7 mais duas oficinas voltadas \u00e0s crian\u00e7as ser\u00e3o realizadas. A primeira, \u00e0s 10 horas, ser\u00e1 &#8220;Fazendo meu pr\u00f3prio gibi&#8221;, conduzida por Fernando Gil, que j\u00e1 trabalhou em uma s\u00e9rie de cards oficiais de personagens da Marvel Comics e atualmente \u00e9 ilustrador do est\u00fadio Cria Ideias, no qual produziu os quadrinhos da s\u00e9rie Os Fagundinhos, derivada do grupo musical Os Fagundes. \u00c0s 14 horas inicia a oficina &#8220;HQ Rel\u00e2mpago&#8221;, com o quadrinista Daniel HDR, um dos mais importantes artistas brasileiros que trabalham para as principais editoras norte-americanas. HDR j\u00e1 ilustrou as revistas mensais de her\u00f3is que est\u00e3o no imagin\u00e1rio de f\u00e3s de todas as idades como Lanterna Verde, Mulher Maravilha, X-Men e Os Vingadores.<br \/>\n<span class=\"intertit\">Palestra<\/span><br \/>\nO quadrinista Daniel HDR realiza no dia 7, a partir das 19h30min o que chama de &#8220;Conversa em Quadrinhos&#8221;. No encontro, HDR falar\u00e1 sobre sua trajet\u00f3ria da busca at\u00e9 a realiza\u00e7\u00e3o do sonho de se tornar um quadrinista profissional com reconhecimento internacional. Al\u00e9m disso, ele tamb\u00e9m falar\u00e1 sobre o sentimento e a responsabilidade de trabalhar com personagens e franquias conhecidos mundialmente.<br \/>\n<span class=\"intertit\">Feira de quadrinhos<\/span><br \/>\nNa tarde do dia 7, quadrinistas independentes selecionados pela curadoria da ComicCON RS v\u00e3o expor suas publica\u00e7\u00f5es na pra\u00e7a da Bandeira. A atividade ocorre paralelamente \u00e0s demais atra\u00e7\u00f5es da feira.<br \/>\n<span class=\"intertit\">Bate-papos<\/span><br \/>\nO tradicional formato de bate-papos com quadrinistas e especialistas na \u00e1rea, consagrado nas edi\u00e7\u00f5es anuais da ComicCON RS, tamb\u00e9m estar\u00e1 presente na 33\u00aa Feira do Livro de Canoas. No dia 6, \u00e0s 19h30min, o Youtuber Vinicius, do canal 2 Quadrinhos, e os jornalistas Claiton Silva e Christian Farias, canal do BlogBuster, se juntam para conversar com o p\u00fablico sobre um tema que fascina os jovens atualmente: &#8220;Dos Quadrinhos ao Cinema e \u00e0 TV: como os her\u00f3is dominaram a cultura pop&#8221;.<br \/>\nNo dia 8, \u00e0s 10 horas, um time de peso se re\u00fane no bate-papo &#8220;Fazendo quadrinhos profissionalmente&#8221;. O premiado Gustavo Borges volta \u00e0 feira, desta vez ao lado da quadrinista Let\u00edcia Pusti, autora da p\u00e1gina de Facebook Another Art Book (que conta com um p\u00fablico de mais de 100 mil pessoas), e tamb\u00e9m junto \u00e0 dupla respons\u00e1vel pela HQ Maye, Fabio Mesmo e Paulo Daniel Santos.<br \/>\n<span class=\"intertit\">Sorteio<\/span><br \/>\nNo encerramento das atividades de quadrinhos na 33\u00aa Feira do Livro de Canoas, durante o bate-papo &#8220;Fazendo quadrinhos profissionalmente&#8221;, ser\u00e3o sorteados entre o p\u00fablico presente tr\u00eas ingressos para o evento ComicCON RS, que ocorre na Ulbra nos dias 5 e 6 de agosto.<br \/>\n<span class=\"intertit\">Programa\u00e7\u00e3o<\/span><br \/>\n<span class=\"intertit\">Quinta, dia 6<\/span><br \/>\n14h Oficina \u2013 Cria\u00e7\u00e3o de personagens de quadrinhos, com Gustavo Borges<br \/>\n19h30min Bate-papo \u2013 Dos Quadrinhos ao Cinema e \u00e0 TV: como os her\u00f3is dominaram a cultura pop, com Vinicius 2Quadrinhos, Claiton Silva, Christian Farias<br \/>\n<span class=\"intertit\">Sexta, dia 7<\/span><br \/>\n10h Oficina \u2013 Fazendo meu pr\u00f3prio gibi, com Fernando Gil<br \/>\n14h Oficina \u2013 HQ Rel\u00e2mpago, com Daniel HDR<br \/>\n15h Feira de quadrinhos independentes<br \/>\n19h30min Palestra \u2013 Conversa em Quadrinhos, com Daniel HDR<br \/>\n<span class=\"intertit\">S\u00e1bado, dia 8<\/span><br \/>\n10h Bate-papo \u2013 Fazendo quadrinhos profissionalmente, com Gustavo Borges, Let\u00edcia Pusti, Fabio Mesmo e Paulo Daniel Santos<\/p>\n","protected":false},"excerpt":{"rendered":"<p>A ComicCON RS assume em 2017 uma s\u00e9rie de atividades relacionadas a quadrinhos na 33\u00aa Feira do Livro de Canoas. Nos dias 6, 7 e 8 de julho, a Pra\u00e7a da Bandeira recebe oficinas, bate-papos e uma palestra sobre o universo das HQs, com curadoria da equipe do maior evento de cultura pop do Rio [&hellip;]<\/p>\n","protected":false},"author":4,"featured_media":50867,"comment_status":"open","ping_status":"closed","sticky":false,"template":"","format":"standard","meta":{"_jetpack_newsletter_access":"","_jetpack_dont_email_post_to_subs":false,"_jetpack_newsletter_tier_id":0,"_jetpack_memberships_contains_paywalled_content":false,"_jetpack_feature_clip_id":0,"_jetpack_memberships_contains_paid_content":false,"footnotes":"","jetpack_post_was_ever_published":false},"categories":[2020],"tags":[],"class_list":["post-50866","post","type-post","status-publish","format-standard","has-post-thumbnail","hentry","category-culturamanchete"],"aioseo_notices":[],"aioseo_head":"\n\t\t<!-- All in One SEO 5.0.1.1 - aioseo.com -->\n\t<meta name=\"robots\" content=\"max-image-preview:large\" \/>\n\t<meta name=\"author\" content=\"da Reda\u00e7\u00e3o\"\/>\n\t<link rel=\"canonical\" href=\"https:\/\/www.jornalja.com.br\/arquivo\/feira-do-livro-de-canoas-tera-atracoes-sobre-universo-das-hqs\/\" \/>\n\t<meta name=\"generator\" content=\"All in One SEO (AIOSEO) 5.0.1.1\" \/>\n\t\t<meta property=\"og:locale\" content=\"pt_BR\" \/>\n\t\t<meta property=\"og:site_name\" content=\"Arquivo | Jornal J\u00c1 | Porto Alegre\" \/>\n\t\t<meta property=\"og:type\" content=\"article\" \/>\n\t\t<meta property=\"og:title\" content=\"Feira do Livro de Canoas ter\u00e1 atra\u00e7\u00f5es sobre universo das HQs | Arquivo\" \/>\n\t\t<meta property=\"og:url\" content=\"https:\/\/www.jornalja.com.br\/arquivo\/feira-do-livro-de-canoas-tera-atracoes-sobre-universo-das-hqs\/\" \/>\n\t\t<meta property=\"og:image\" content=\"https:\/\/www.jornalja.com.br\/economics\/wp-content\/uploads\/sites\/11\/2026\/08\/ja-folhaderosto-facebook.jpg\" \/>\n\t\t<meta property=\"og:image:secure_url\" content=\"https:\/\/www.jornalja.com.br\/economics\/wp-content\/uploads\/sites\/11\/2026\/08\/ja-folhaderosto-facebook.jpg\" \/>\n\t\t<meta property=\"article:published_time\" content=\"2017-07-03T12:43:50+00:00\" \/>\n\t\t<meta property=\"article:modified_time\" content=\"2017-07-03T12:43:50+00:00\" \/>\n\t\t<meta name=\"twitter:card\" content=\"summary\" \/>\n\t\t<meta name=\"twitter:title\" content=\"Feira do Livro de Canoas ter\u00e1 atra\u00e7\u00f5es sobre universo das HQs | Arquivo\" \/>\n\t\t<meta name=\"twitter:image\" content=\"https:\/\/www.jornalja.com.br\/economics\/wp-content\/uploads\/sites\/11\/2026\/08\/ja-folhaderosto-facebook.jpg\" \/>\n\t\t<script type=\"application\/ld+json\" class=\"aioseo-schema\">\n\t\t\t{\"@context\":\"https:\\\/\\\/schema.org\",\"@graph\":[{\"@type\":\"BlogPosting\",\"@id\":\"https:\\\/\\\/www.jornalja.com.br\\\/arquivo\\\/feira-do-livro-de-canoas-tera-atracoes-sobre-universo-das-hqs\\\/#blogposting\",\"name\":\"Feira do Livro de Canoas ter\\u00e1 atra\\u00e7\\u00f5es sobre universo das HQs | Arquivo\",\"headline\":\"Feira do Livro de Canoas ter\\u00e1 atra\\u00e7\\u00f5es sobre universo das HQs\",\"author\":{\"@id\":\"https:\\\/\\\/www.jornalja.com.br\\\/arquivo\\\/author\\\/daredacao\\\/#author\"},\"publisher\":{\"@id\":\"https:\\\/\\\/www.jornalja.com.br\\\/arquivo\\\/#organization\"},\"image\":{\"@type\":\"ImageObject\",\"url\":50867},\"datePublished\":\"2017-07-03T09:43:50-03:00\",\"dateModified\":\"2017-07-03T09:43:50-03:00\",\"inLanguage\":\"pt-BR\",\"mainEntityOfPage\":{\"@id\":\"https:\\\/\\\/www.jornalja.com.br\\\/arquivo\\\/feira-do-livro-de-canoas-tera-atracoes-sobre-universo-das-hqs\\\/#webpage\"},\"isPartOf\":{\"@id\":\"https:\\\/\\\/www.jornalja.com.br\\\/arquivo\\\/feira-do-livro-de-canoas-tera-atracoes-sobre-universo-das-hqs\\\/#webpage\"},\"articleSection\":\"Cultura-Manchete\"},{\"@type\":\"BreadcrumbList\",\"@id\":\"https:\\\/\\\/www.jornalja.com.br\\\/arquivo\\\/feira-do-livro-de-canoas-tera-atracoes-sobre-universo-das-hqs\\\/#breadcrumblist\",\"itemListElement\":[{\"@type\":\"ListItem\",\"@id\":\"https:\\\/\\\/www.jornalja.com.br\\\/arquivo#listItem\",\"position\":1,\"name\":\"Home\",\"item\":\"https:\\\/\\\/www.jornalja.com.br\\\/arquivo\",\"nextItem\":{\"@type\":\"ListItem\",\"@id\":\"https:\\\/\\\/www.jornalja.com.br\\\/arquivo\\\/category\\\/culturamanchete\\\/#listItem\",\"name\":\"Cultura-Manchete\"}},{\"@type\":\"ListItem\",\"@id\":\"https:\\\/\\\/www.jornalja.com.br\\\/arquivo\\\/category\\\/culturamanchete\\\/#listItem\",\"position\":2,\"name\":\"Cultura-Manchete\",\"item\":\"https:\\\/\\\/www.jornalja.com.br\\\/arquivo\\\/category\\\/culturamanchete\\\/\",\"nextItem\":{\"@type\":\"ListItem\",\"@id\":\"https:\\\/\\\/www.jornalja.com.br\\\/arquivo\\\/feira-do-livro-de-canoas-tera-atracoes-sobre-universo-das-hqs\\\/#listItem\",\"name\":\"Feira do Livro de Canoas ter\\u00e1 atra\\u00e7\\u00f5es sobre universo das HQs\"},\"previousItem\":{\"@type\":\"ListItem\",\"@id\":\"https:\\\/\\\/www.jornalja.com.br\\\/arquivo#listItem\",\"name\":\"Home\"}},{\"@type\":\"ListItem\",\"@id\":\"https:\\\/\\\/www.jornalja.com.br\\\/arquivo\\\/feira-do-livro-de-canoas-tera-atracoes-sobre-universo-das-hqs\\\/#listItem\",\"position\":3,\"name\":\"Feira do Livro de Canoas ter\\u00e1 atra\\u00e7\\u00f5es sobre universo das HQs\",\"previousItem\":{\"@type\":\"ListItem\",\"@id\":\"https:\\\/\\\/www.jornalja.com.br\\\/arquivo\\\/category\\\/culturamanchete\\\/#listItem\",\"name\":\"Cultura-Manchete\"}}]},{\"@type\":\"Organization\",\"@id\":\"https:\\\/\\\/www.jornalja.com.br\\\/arquivo\\\/#organization\",\"name\":\"Jornal J\\u00c1\",\"description\":\"Jornal J\\u00c1 | Porto Alegre\",\"url\":\"https:\\\/\\\/www.jornalja.com.br\\\/arquivo\\\/\",\"telephone\":\"+555133307272\",\"logo\":{\"@type\":\"ImageObject\",\"url\":\"https:\\\/\\\/www.jornalja.com.br\\\/wp-content\\\/uploads\\\/cards\\\/JAslogan.png\",\"@id\":\"https:\\\/\\\/www.jornalja.com.br\\\/arquivo\\\/feira-do-livro-de-canoas-tera-atracoes-sobre-universo-das-hqs\\\/#organizationLogo\"},\"image\":{\"@id\":\"https:\\\/\\\/www.jornalja.com.br\\\/arquivo\\\/feira-do-livro-de-canoas-tera-atracoes-sobre-universo-das-hqs\\\/#organizationLogo\"}},{\"@type\":\"Person\",\"@id\":\"https:\\\/\\\/www.jornalja.com.br\\\/arquivo\\\/author\\\/daredacao\\\/#author\",\"url\":\"https:\\\/\\\/www.jornalja.com.br\\\/arquivo\\\/author\\\/daredacao\\\/\",\"name\":\"da Reda\\u00e7\\u00e3o\",\"image\":{\"@type\":\"ImageObject\",\"@id\":\"https:\\\/\\\/www.jornalja.com.br\\\/arquivo\\\/feira-do-livro-de-canoas-tera-atracoes-sobre-universo-das-hqs\\\/#authorImage\",\"url\":\"https:\\\/\\\/secure.gravatar.com\\\/avatar\\\/469fd857d6605ad19919d27ed29d35a968a25f6e8fd9318356bbb7f57aae9c65?s=96&d=mm&r=g\",\"width\":96,\"height\":96,\"caption\":\"da Reda\\u00e7\\u00e3o\"}},{\"@type\":\"WebPage\",\"@id\":\"https:\\\/\\\/www.jornalja.com.br\\\/arquivo\\\/feira-do-livro-de-canoas-tera-atracoes-sobre-universo-das-hqs\\\/#webpage\",\"url\":\"https:\\\/\\\/www.jornalja.com.br\\\/arquivo\\\/feira-do-livro-de-canoas-tera-atracoes-sobre-universo-das-hqs\\\/\",\"name\":\"Feira do Livro de Canoas ter\\u00e1 atra\\u00e7\\u00f5es sobre universo das HQs | Arquivo\",\"inLanguage\":\"pt-BR\",\"isPartOf\":{\"@id\":\"https:\\\/\\\/www.jornalja.com.br\\\/arquivo\\\/#website\"},\"breadcrumb\":{\"@id\":\"https:\\\/\\\/www.jornalja.com.br\\\/arquivo\\\/feira-do-livro-de-canoas-tera-atracoes-sobre-universo-das-hqs\\\/#breadcrumblist\"},\"author\":{\"@id\":\"https:\\\/\\\/www.jornalja.com.br\\\/arquivo\\\/author\\\/daredacao\\\/#author\"},\"creator\":{\"@id\":\"https:\\\/\\\/www.jornalja.com.br\\\/arquivo\\\/author\\\/daredacao\\\/#author\"},\"image\":{\"@type\":\"ImageObject\",\"url\":50867,\"@id\":\"https:\\\/\\\/www.jornalja.com.br\\\/arquivo\\\/feira-do-livro-de-canoas-tera-atracoes-sobre-universo-das-hqs\\\/#mainImage\"},\"primaryImageOfPage\":{\"@id\":\"https:\\\/\\\/www.jornalja.com.br\\\/arquivo\\\/feira-do-livro-de-canoas-tera-atracoes-sobre-universo-das-hqs\\\/#mainImage\"},\"datePublished\":\"2017-07-03T09:43:50-03:00\",\"dateModified\":\"2017-07-03T09:43:50-03:00\"},{\"@type\":\"WebSite\",\"@id\":\"https:\\\/\\\/www.jornalja.com.br\\\/arquivo\\\/#website\",\"url\":\"https:\\\/\\\/www.jornalja.com.br\\\/arquivo\\\/\",\"name\":\"Arquivo\",\"description\":\"Jornal J\\u00c1 | Porto Alegre\",\"inLanguage\":\"pt-BR\",\"publisher\":{\"@id\":\"https:\\\/\\\/www.jornalja.com.br\\\/arquivo\\\/#organization\"}}]}\n\t\t<\/script>\n\t\t<!-- All in One SEO -->\n\n","aioseo_head_json":{"title":"Feira do Livro de Canoas ter\u00e1 atra\u00e7\u00f5es sobre universo das HQs | Arquivo","description":"","canonical_url":"https:\/\/www.jornalja.com.br\/arquivo\/feira-do-livro-de-canoas-tera-atracoes-sobre-universo-das-hqs\/","robots":"max-image-preview:large","keywords":"","webmasterTools":{"miscellaneous":""},"schema":{"@context":"https:\/\/schema.org","@graph":[{"@type":"BlogPosting","@id":"https:\/\/www.jornalja.com.br\/arquivo\/feira-do-livro-de-canoas-tera-atracoes-sobre-universo-das-hqs\/#blogposting","name":"Feira do Livro de Canoas ter\u00e1 atra\u00e7\u00f5es sobre universo das HQs | Arquivo","headline":"Feira do Livro de Canoas ter\u00e1 atra\u00e7\u00f5es sobre universo das HQs","author":{"@id":"https:\/\/www.jornalja.com.br\/arquivo\/author\/daredacao\/#author"},"publisher":{"@id":"https:\/\/www.jornalja.com.br\/arquivo\/#organization"},"image":{"@type":"ImageObject","url":50867},"datePublished":"2017-07-03T09:43:50-03:00","dateModified":"2017-07-03T09:43:50-03:00","inLanguage":"pt-BR","mainEntityOfPage":{"@id":"https:\/\/www.jornalja.com.br\/arquivo\/feira-do-livro-de-canoas-tera-atracoes-sobre-universo-das-hqs\/#webpage"},"isPartOf":{"@id":"https:\/\/www.jornalja.com.br\/arquivo\/feira-do-livro-de-canoas-tera-atracoes-sobre-universo-das-hqs\/#webpage"},"articleSection":"Cultura-Manchete"},{"@type":"BreadcrumbList","@id":"https:\/\/www.jornalja.com.br\/arquivo\/feira-do-livro-de-canoas-tera-atracoes-sobre-universo-das-hqs\/#breadcrumblist","itemListElement":[{"@type":"ListItem","@id":"https:\/\/www.jornalja.com.br\/arquivo#listItem","position":1,"name":"Home","item":"https:\/\/www.jornalja.com.br\/arquivo","nextItem":{"@type":"ListItem","@id":"https:\/\/www.jornalja.com.br\/arquivo\/category\/culturamanchete\/#listItem","name":"Cultura-Manchete"}},{"@type":"ListItem","@id":"https:\/\/www.jornalja.com.br\/arquivo\/category\/culturamanchete\/#listItem","position":2,"name":"Cultura-Manchete","item":"https:\/\/www.jornalja.com.br\/arquivo\/category\/culturamanchete\/","nextItem":{"@type":"ListItem","@id":"https:\/\/www.jornalja.com.br\/arquivo\/feira-do-livro-de-canoas-tera-atracoes-sobre-universo-das-hqs\/#listItem","name":"Feira do Livro de Canoas ter\u00e1 atra\u00e7\u00f5es sobre universo das HQs"},"previousItem":{"@type":"ListItem","@id":"https:\/\/www.jornalja.com.br\/arquivo#listItem","name":"Home"}},{"@type":"ListItem","@id":"https:\/\/www.jornalja.com.br\/arquivo\/feira-do-livro-de-canoas-tera-atracoes-sobre-universo-das-hqs\/#listItem","position":3,"name":"Feira do Livro de Canoas ter\u00e1 atra\u00e7\u00f5es sobre universo das HQs","previousItem":{"@type":"ListItem","@id":"https:\/\/www.jornalja.com.br\/arquivo\/category\/culturamanchete\/#listItem","name":"Cultura-Manchete"}}]},{"@type":"Organization","@id":"https:\/\/www.jornalja.com.br\/arquivo\/#organization","name":"Jornal J\u00c1","description":"Jornal J\u00c1 | Porto Alegre","url":"https:\/\/www.jornalja.com.br\/arquivo\/","telephone":"+555133307272","logo":{"@type":"ImageObject","url":"https:\/\/www.jornalja.com.br\/wp-content\/uploads\/cards\/JAslogan.png","@id":"https:\/\/www.jornalja.com.br\/arquivo\/feira-do-livro-de-canoas-tera-atracoes-sobre-universo-das-hqs\/#organizationLogo"},"image":{"@id":"https:\/\/www.jornalja.com.br\/arquivo\/feira-do-livro-de-canoas-tera-atracoes-sobre-universo-das-hqs\/#organizationLogo"}},{"@type":"Person","@id":"https:\/\/www.jornalja.com.br\/arquivo\/author\/daredacao\/#author","url":"https:\/\/www.jornalja.com.br\/arquivo\/author\/daredacao\/","name":"da Reda\u00e7\u00e3o","image":{"@type":"ImageObject","@id":"https:\/\/www.jornalja.com.br\/arquivo\/feira-do-livro-de-canoas-tera-atracoes-sobre-universo-das-hqs\/#authorImage","url":"https:\/\/secure.gravatar.com\/avatar\/469fd857d6605ad19919d27ed29d35a968a25f6e8fd9318356bbb7f57aae9c65?s=96&d=mm&r=g","width":96,"height":96,"caption":"da Reda\u00e7\u00e3o"}},{"@type":"WebPage","@id":"https:\/\/www.jornalja.com.br\/arquivo\/feira-do-livro-de-canoas-tera-atracoes-sobre-universo-das-hqs\/#webpage","url":"https:\/\/www.jornalja.com.br\/arquivo\/feira-do-livro-de-canoas-tera-atracoes-sobre-universo-das-hqs\/","name":"Feira do Livro de Canoas ter\u00e1 atra\u00e7\u00f5es sobre universo das HQs | Arquivo","inLanguage":"pt-BR","isPartOf":{"@id":"https:\/\/www.jornalja.com.br\/arquivo\/#website"},"breadcrumb":{"@id":"https:\/\/www.jornalja.com.br\/arquivo\/feira-do-livro-de-canoas-tera-atracoes-sobre-universo-das-hqs\/#breadcrumblist"},"author":{"@id":"https:\/\/www.jornalja.com.br\/arquivo\/author\/daredacao\/#author"},"creator":{"@id":"https:\/\/www.jornalja.com.br\/arquivo\/author\/daredacao\/#author"},"image":{"@type":"ImageObject","url":50867,"@id":"https:\/\/www.jornalja.com.br\/arquivo\/feira-do-livro-de-canoas-tera-atracoes-sobre-universo-das-hqs\/#mainImage"},"primaryImageOfPage":{"@id":"https:\/\/www.jornalja.com.br\/arquivo\/feira-do-livro-de-canoas-tera-atracoes-sobre-universo-das-hqs\/#mainImage"},"datePublished":"2017-07-03T09:43:50-03:00","dateModified":"2017-07-03T09:43:50-03:00"},{"@type":"WebSite","@id":"https:\/\/www.jornalja.com.br\/arquivo\/#website","url":"https:\/\/www.jornalja.com.br\/arquivo\/","name":"Arquivo","description":"Jornal J\u00c1 | Porto Alegre","inLanguage":"pt-BR","publisher":{"@id":"https:\/\/www.jornalja.com.br\/arquivo\/#organization"}}]},"og:locale":"pt_BR","og:site_name":"Arquivo | Jornal J\u00c1 | Porto Alegre","og:type":"article","og:title":"Feira do Livro de Canoas ter\u00e1 atra\u00e7\u00f5es sobre universo das HQs | Arquivo","og:url":"https:\/\/www.jornalja.com.br\/arquivo\/feira-do-livro-de-canoas-tera-atracoes-sobre-universo-das-hqs\/","og:image":"https:\/\/www.jornalja.com.br\/economics\/wp-content\/uploads\/sites\/11\/2026\/08\/ja-folhaderosto-facebook.jpg","og:image:secure_url":"https:\/\/www.jornalja.com.br\/economics\/wp-content\/uploads\/sites\/11\/2026\/08\/ja-folhaderosto-facebook.jpg","article:published_time":"2017-07-03T12:43:50+00:00","article:modified_time":"2017-07-03T12:43:50+00:00","twitter:card":"summary","twitter:title":"Feira do Livro de Canoas ter\u00e1 atra\u00e7\u00f5es sobre universo das HQs | Arquivo","twitter:image":"https:\/\/www.jornalja.com.br\/economics\/wp-content\/uploads\/sites\/11\/2026\/08\/ja-folhaderosto-facebook.jpg"},"aioseo_meta_data":{"post_id":"50866","title":null,"description":null,"keywords":null,"keyphrases":null,"primary_term":null,"canonical_url":null,"og_title":null,"og_description":null,"og_object_type":"default","og_image_type":"default","og_image_url":null,"og_image_width":null,"og_image_height":null,"og_image_custom_url":null,"og_image_custom_fields":null,"og_video":null,"og_custom_url":null,"og_article_section":null,"og_article_tags":null,"twitter_use_og":false,"twitter_card":"default","twitter_image_type":"default","twitter_image_url":null,"twitter_image_custom_url":null,"twitter_image_custom_fields":null,"twitter_title":null,"twitter_description":null,"schema":{"blockGraphs":[],"customGraphs":[],"default":{"data":{"Article":[],"Course":[],"Dataset":[],"FAQPage":[],"Movie":[],"Person":[],"Product":[],"ProductReview":[],"Car":[],"Recipe":[],"Service":[],"SoftwareApplication":[],"WebPage":[]},"graphName":"","isEnabled":true},"graphs":[]},"schema_type":null,"schema_type_options":null,"pillar_content":false,"robots_default":true,"robots_noindex":false,"robots_noarchive":false,"robots_nosnippet":false,"robots_nofollow":false,"robots_noimageindex":false,"robots_noodp":false,"robots_notranslate":false,"robots_max_snippet":null,"robots_max_videopreview":null,"robots_max_imagepreview":"large","priority":null,"frequency":null,"location":null,"local_seo":null,"breadcrumb_settings":null,"limit_modified_date":false,"ai":null,"created":"2020-12-20 20:30:49","updated":"2025-07-19 22:46:56","seo_analyzer_scan_date":null,"focus_keyword":null,"additional_keywords":null,"truseo_locale":null},"jetpack_sharing_enabled":true,"jetpack-related-posts":[{"id":14241,"url":"https:\/\/www.jornalja.com.br\/arquivo\/o-guaiba-nas-imagens-poeticas-de-achutti\/","url_meta":{"origin":50866,"position":0},"title":"O Gua\u00edba nas imagens po\u00e9ticas de Achutti","author":"da Reda\u00e7\u00e3o","date":"18 de junho de 2014","format":false,"excerpt":"Em \u201cO Gua\u00edba por Achutti\u201d \u2013 obra financiada via Minist\u00e9rio da Cultura, produ\u00e7\u00e3o executiva de Pedro Longhi, e Fl\u00e1vio Wild como designer \u2013, o fot\u00f3grafo revela a beleza e as mazelas de um espa\u00e7o aqu\u00e1tico de \u00e1guas sempre renovadas, cheio de hist\u00f3rias e lendas como as das cidades que foram\u2026","rel":"","context":"Em &quot;Cultura-Geral&quot;","block_context":{"text":"Cultura-Geral","link":"https:\/\/www.jornalja.com.br\/arquivo\/category\/materiasecundaria\/"},"img":{"alt_text":"","src":"","width":0,"height":0},"classes":[]},{"id":13101,"url":"https:\/\/www.jornalja.com.br\/arquivo\/morre-um-guerreiro-do-texto\/","url_meta":{"origin":50866,"position":1},"title":"Morre um guerreiro do texto","author":"Patr\u00edcia Marini","date":"14 de maio de 2014","format":false,"excerpt":"Por Ricardo Kotscho Reproduzido do blog do autor, 11\/5\/2014; t\u00edtulo original \u201cE l\u00e1 se foi o nosso Myltainho, guerreiro do texto\u201d. Mi\u00fado e franzino, meu amigo Myltainho era um valente e inconformado guerreiro na luta contra as injusti\u00e7as sociais, a hipocrisia, as maracutaias, o autoritarismo, a intoler\u00e2ncia, a viol\u00eancia, o\u2026","rel":"","context":"Em &quot;Geral&quot;","block_context":{"text":"Geral","link":"https:\/\/www.jornalja.com.br\/arquivo\/category\/geral\/"},"img":{"alt_text":"","src":"","width":0,"height":0},"classes":[]},{"id":13109,"url":"https:\/\/www.jornalja.com.br\/arquivo\/judiciario-reconhece-poluicao-eletromagnetica\/","url_meta":{"origin":50866,"position":2},"title":"Judici\u00e1rio reconhece polui\u00e7\u00e3o eletromagn\u00e9tica","author":"Patr\u00edcia Marini","date":"16 de maio de 2014","format":false,"excerpt":"A\u00e7\u00e3o de duas associa\u00e7\u00f5es de moradores foi acolhida pelo Tribunal de Justi\u00e7a de S\u00e3o Paulo que. em decis\u00e3o in\u00e9dita, determinou a redu\u00e7\u00e3o do campo eletromagn\u00e9tico gerado pelas linhas de transmiss\u00e3o de energia que cortam os bairros City Boa\u00e7ava e Alto de Pinheiros. \u00c9 a primeira vez que um tribunal do\u2026","rel":"","context":"Em &quot;X.Categorias velhas&quot;","block_context":{"text":"X.Categorias velhas","link":"https:\/\/www.jornalja.com.br\/arquivo\/category\/x-categorias-velhas\/"},"img":{"alt_text":"","src":"","width":0,"height":0},"classes":[]},{"id":13240,"url":"https:\/\/www.jornalja.com.br\/arquivo\/plano-diretor-estamos-construindo-o-caos\/","url_meta":{"origin":50866,"position":3},"title":"Plano diretor: &quot;Estamos construindo o caos&quot;","author":"Patr\u00edcia Marini","date":"26 de maio de 2014","format":false,"excerpt":"Desabafo que arquiteta Eliana Castilhos, delegada da Regi\u00e3o de Planejamento 1, postou nas redes sociais \u00e9 um testemunho do ambiente que se criou no Conselho do Plano Diretor de Porto Alegre, onde a aprova\u00e7\u00e3o de grandes empreendimentos \u00e9 empurrada guela abaixo dos conselheiros. Ao CMDUA Como delegada da Regi\u00e3o de\u2026","rel":"","context":"Em &quot;Geral&quot;","block_context":{"text":"Geral","link":"https:\/\/www.jornalja.com.br\/arquivo\/category\/geral\/"},"img":{"alt_text":"","src":"","width":0,"height":0},"classes":[]},{"id":13124,"url":"https:\/\/www.jornalja.com.br\/arquivo\/sangue-latino-no-iecine\/","url_meta":{"origin":50866,"position":4},"title":"Sangue latino no IECINE","author":"da Reda\u00e7\u00e3o","date":"18 de maio de 2014","format":false,"excerpt":"Francisco Ribeiro O Instituto Estadual de Cinema (IECINE) tem a frente, desde abril \u00faltimo, um novo diretor, o cineasta colombiano Juan Zapata, 36, que substitui Luiz Alberto Cassol. Radicado h\u00e1 dez anos em Porto Alegre, Zapata tem diante de si o desafio de conduzir at\u00e9 o final do ano um\u2026","rel":"","context":"Em &quot;Cultura-Geral&quot;","block_context":{"text":"Cultura-Geral","link":"https:\/\/www.jornalja.com.br\/arquivo\/category\/materiasecundaria\/"},"img":{"alt_text":"","src":"","width":0,"height":0},"classes":[]},{"id":5440,"url":"https:\/\/www.jornalja.com.br\/arquivo\/casarao-da-venancio-destino-permanece-incerto\/","url_meta":{"origin":50866,"position":5},"title":"Estado ainda n\u00e3o sabe o que fazer com casar\u00e3o abandonado h\u00e1 20 anos","author":"Elmar Bones","date":"6 de julho de 2009","format":false,"excerpt":"O casar\u00e3o amarelo, numa esquina nobre de Porto Alegre (Ven\u00e2ncio Aires com Jo\u00e3o Pessoa), j\u00e1 abrigou uma escola. H\u00e1 duas d\u00e9cadas, pelo menos, est\u00e1 abandonado, porque seu propriet\u00e1rio, o governo do Estado do Rio Grande do Sul, n\u00e3o consegue achar um destino para ele. Planos n\u00e3o faltaram. O governador Ol\u00edvio\u2026","rel":"","context":"Em &quot;X.Categorias velhas&quot;","block_context":{"text":"X.Categorias velhas","link":"https:\/\/www.jornalja.com.br\/arquivo\/category\/x-categorias-velhas\/"},"img":{"alt_text":"geraldo1","src":"https:\/\/i0.wp.com\/www.jornalja.com.br\/wp-content\/uploads\/2009\/07\/geraldo1.jpg?resize=350%2C200&ssl=1","width":350,"height":200},"classes":[]}],"jetpack_shortlink":"https:\/\/wp.me\/pbQjBd-deq","jetpack_featured_media_url":"","_links":{"self":[{"href":"https:\/\/www.jornalja.com.br\/arquivo\/wp-json\/wp\/v2\/posts\/50866","targetHints":{"allow":["GET"]}}],"collection":[{"href":"https:\/\/www.jornalja.com.br\/arquivo\/wp-json\/wp\/v2\/posts"}],"about":[{"href":"https:\/\/www.jornalja.com.br\/arquivo\/wp-json\/wp\/v2\/types\/post"}],"author":[{"embeddable":true,"href":"https:\/\/www.jornalja.com.br\/arquivo\/wp-json\/wp\/v2\/users\/4"}],"replies":[{"embeddable":true,"href":"https:\/\/www.jornalja.com.br\/arquivo\/wp-json\/wp\/v2\/comments?post=50866"}],"version-history":[{"count":0,"href":"https:\/\/www.jornalja.com.br\/arquivo\/wp-json\/wp\/v2\/posts\/50866\/revisions"}],"wp:attachment":[{"href":"https:\/\/www.jornalja.com.br\/arquivo\/wp-json\/wp\/v2\/media?parent=50866"}],"wp:term":[{"taxonomy":"category","embeddable":true,"href":"https:\/\/www.jornalja.com.br\/arquivo\/wp-json\/wp\/v2\/categories?post=50866"},{"taxonomy":"post_tag","embeddable":true,"href":"https:\/\/www.jornalja.com.br\/arquivo\/wp-json\/wp\/v2\/tags?post=50866"}],"curies":[{"name":"wp","href":"https:\/\/api.w.org\/{rel}","templated":true}]}}