{"id":50892,"date":"2017-07-04T14:29:23","date_gmt":"2017-07-04T17:29:23","guid":{"rendered":"https:\/\/www.jornalja.com.br\/?p=50892"},"modified":"2017-07-04T14:29:23","modified_gmt":"2017-07-04T17:29:23","slug":"em-dia-de-votacoes-polemicas-na-assembleia-sartori-anuncia-concurso-para-seguranca-publica","status":"publish","type":"post","link":"https:\/\/www.jornalja.com.br\/arquivo\/em-dia-de-votacoes-polemicas-na-assembleia-sartori-anuncia-concurso-para-seguranca-publica\/","title":{"rendered":"Em dia de vota\u00e7\u00f5es pol\u00eamicas na AL, Sartori anuncia concurso para seguran\u00e7a p\u00fablica"},"content":{"rendered":"<p>O governador Jos\u00e9 Ivo Sartori anunciou nesta manh\u00e3 desta ter\u00e7a-feira a abertura de concurso p\u00fablico para contrata\u00e7\u00e3o de 6,1 mil servidores na \u00e1rea de seguran\u00e7a p\u00fablica.<br \/>\nNeste mesmo dia, o Governo tenta aprovar um conjunto de projetos pol\u00eamicos, a maioria enviada em 2016 para a Assembleia Legislativa, quando se instalou uma pra\u00e7a de guerra na Matriz.<br \/>\nOs mais pol\u00eamicos s\u00e3o as PEC 242 e 261 que mexem\u00a0 na licen\u00e7as pr\u00eamios e extingue o tempo fict\u00edcio, que <em>substitui a no\u00e7\u00e3o de tempo de servi\u00e7o pela de tempo de contribui\u00e7\u00e3o para efeito de aposentadoria dos servidores. <\/em><br \/>\nAs entidades prometem mobiliza\u00e7\u00e3o na frente do Parlamento para pressionar os deputados a votarem contra. A ABAMF (Associa\u00e7\u00e3o Beneficente Ant\u00f4nio Mendes Filho, dos Servidores de N\u00edvel M\u00e9dio \u00a0da Brigada Militar e Bombeiros Militares do Rio Grande do Sul) convocou servidores para uma vig\u00edlia.<br \/>\n<span class=\"intertit\">Concurso<\/span><br \/>\nAs 6,1 mil vagas s\u00e3o distribu\u00eddas entre 4,1 mil para soldados e 200 oficiais da Brigada Militar; 450 para soldado e 50 para oficiais do Corpo de Bombeiros; e, mais 1,2 mil vagas para agentes e 100 para delegados da Pol\u00edcia Civil. De acordo com a Secretaria de Seguran\u00e7a, os editais devem ser lan\u00e7ados em 30 dias. Outros dois concursos j\u00e1 est\u00e3o em andamento com 826 vagas, das quais 720 para Superintend\u00eancia de Servi\u00e7os Penitenci\u00e1rios (Susepe) e 106 para o Instituto Geral de Per\u00edcias.<br \/>\nAt\u00e9 o final de 2017, segundo an\u00fancio do governo, 4 mil novos servidores ser\u00e3o contratados.<br \/>\nSindicatos e associa\u00e7\u00f5es ligadas \u00e0 seguran\u00e7a p\u00fablicas encaram com cautela o an\u00fancio. No site da UGEIRM, sindicato dos inspetores, escriv\u00e3es e investigadores da Pol\u00edcia Civil, o presidente Isaac Ortiz ponderou: \u201cN\u00e3o podemos nos enganar. Se a realiza\u00e7\u00e3o desse concurso seguir o ritmo do governo n\u00e3o teremos a contrata\u00e7\u00e3o de novos policiais ainda nessa gest\u00e3o.&#8221;<br \/>\n<span class=\"intertit\">Est\u00e3o na ordem do dia:<\/span><\/p>\n<ol>\n<li><a href=\"http:\/\/proweb.procergs.com.br\/consulta_proposicao.asp?SiglaTipo=PL&amp;NroProposicao=140&amp;AnoProposicao=2016\" target=\"_blank\" rel=\"noopener noreferrer\">PL 140 2016<\/a>, do Poder Executivo, que fixa o valor unit\u00e1rio do vale-refei\u00e7\u00e3o institu\u00eddo pela Lei n\u00ba 10.002, de 6 de dezembro de 1993 e pela Lei n\u00ba 11.802, de 31 de maio de 2002, em cumprimento ao disposto no art. 3\u00ba da Lei n\u00ba 13.429, de 5 de abril de 2010.<\/li>\n<li><a href=\"http:\/\/proweb.procergs.com.br\/consulta_proposicao.asp?SiglaTipo=PL&amp;NroProposicao=99&amp;AnoProposicao=2017\" target=\"_blank\" rel=\"noopener noreferrer\">PL 99 2017<\/a>, do Poder Executivo, que autoriza o Poder Executivo a prorrogar o prazo de que trata o art. 8.\u00ba da Lei n.\u00ba 14.183, de 28 de dezembro de 2012, que disp\u00f5e sobre o Plano de Carreira e Vencimentos e reorganiza o Quadro de Cargos de Provimento Efetivo e os cargos em comiss\u00e3o e fun\u00e7\u00f5es gratificadas da Funda\u00e7\u00e3o Orquestra Sinf\u00f4nica de Porto Alegre \u2013 FOSPA \u2013, e d\u00e1 outras provid\u00eancias.<\/li>\n<li><a href=\"http:\/\/proweb.procergs.com.br\/consulta_proposicao.asp?SiglaTipo=PL&amp;NroProposicao=103&amp;AnoProposicao=2017\" target=\"_blank\" rel=\"noopener noreferrer\">PL 103 2017<\/a>, do Poder Executivo, que altera a Lei n\u00ba 14.474, de 21 de janeiro de 2014, que institui o Plano de Empregos, Fun\u00e7\u00f5es e Sal\u00e1rios e cria os empregos permanentes e os empregos e fun\u00e7\u00f5es em comiss\u00e3o da Funda\u00e7\u00e3o de Atendimento Socioeducativo do Rio Grande do Sul.<\/li>\n<li><a href=\"http:\/\/proweb.procergs.com.br\/consulta_proposicao.asp?SiglaTipo=PLC&amp;NroProposicao=261&amp;AnoProposicao=2016\" target=\"_blank\" rel=\"noopener noreferrer\">PLC 261 2016<\/a>, do Poder Executivo, que altera a reda\u00e7\u00e3o do artigo 37 da Constitui\u00e7\u00e3o do Estado do Rio Grande do Sul. Vota\u00e7\u00e3o em 1\u00ba turno.<\/li>\n<li><a href=\"http:\/\/proweb.procergs.com.br\/consulta_proposicao.asp?SiglaTipo=PL&amp;NroProposicao=101&amp;AnoProposicao=2017\" target=\"_blank\" rel=\"noopener noreferrer\">PL 101 2017<\/a>, da Mesa Diretora, que estabelece a possibilidade de celebra\u00e7\u00e3o de conv\u00eanios entre a Assembleia Legislativa e entidades mantenedoras de r\u00e1dios comunit\u00e1rias.<\/li>\n<li><a href=\"http:\/\/proweb.procergs.com.br\/consulta_proposicao.asp?SiglaTipo=PLC&amp;NroProposicao=278&amp;AnoProposicao=2016\" target=\"_blank\" rel=\"noopener noreferrer\">PLC 278 2016<\/a>, do Poder Executivo, que disp\u00f5e sobre o per\u00edodo e regras de transi\u00e7\u00e3o com vista \u00e0 estrutura\u00e7\u00e3o do Corpo de Bombeiros Militar do Estado do Rio Grande do Sul, e d\u00e1 outras provid\u00eancias e altera a Lei n\u00b0 4.914, de 31 de dezembro de 1964, que reorganiza os Quadros de Pessoal do Estado, estabelece novo sistema de classifica\u00e7\u00e3o de cargos, e d\u00e1 outras provid\u00eancias.<\/li>\n<li><a href=\"http:\/\/proweb.procergs.com.br\/consulta_proposicao.asp?SiglaTipo=PLC&amp;NroProposicao=279&amp;AnoProposicao=2016\" target=\"_blank\" rel=\"noopener noreferrer\">PLC 279 2016<\/a>, do Poder Executivo, que fixa o efetivo do Corpo de Bombeiros Militar do Estado do Rio Grande do Sul, e d\u00e1 outras provid\u00eancias.<\/li>\n<li><a href=\"http:\/\/proweb.procergs.com.br\/consulta_proposicao.asp?SiglaTipo=PEC&amp;NroProposicao=242&amp;AnoProposicao=2015\" target=\"_blank\" rel=\"noopener noreferrer\">PEC 242 2015<\/a>, do Poder Executivo, que extingue a licen\u00e7a-pr\u00eamio assiduidade do servidor estadual, cria a licen\u00e7a capacita\u00e7\u00e3o, altera a reda\u00e7\u00e3o do \u00a7 4\u00ba do artigo 33 da Constitui\u00e7\u00e3o do Estado do Rio Grande do Sul e d\u00e1 outras provid\u00eancias. Vota\u00e7\u00e3o em 1\u00ba turno.<\/li>\n<li><span id=\"dnn_ctr8047_ViewalrsAgExibeNoticiaDestaque_lblTextoDestaque\"><a href=\"http:\/\/proweb.procergs.com.br\/consulta_proposicao.asp?SiglaTipo=PL&amp;NroProposicao=78&amp;AnoProposicao=2017\" target=\"_blank\" rel=\"noopener noreferrer\">PL 78 2017<\/a>, do Poder Executivo, que disp\u00f5e sobre as diretrizes para a elabora\u00e7\u00e3o da Lei Or\u00e7ament\u00e1ria para o exerc\u00edcio econ\u00f4mico-financeiro de 2018 e d\u00e1 outras provid\u00eancias.\u00a0 <\/span><\/li>\n<li><span id=\"dnn_ctr8047_ViewalrsAgExibeNoticiaDestaque_lblTextoDestaque\"><a href=\"http:\/\/proweb.procergs.com.br\/consulta_proposicao.asp?SiglaTipo=PL&amp;NroProposicao=97&amp;AnoProposicao=2016\" target=\"_blank\" rel=\"noopener noreferrer\">PL 97 2016<\/a>, do Poder Judici\u00e1rio, que disp\u00f5e sobre altera\u00e7\u00f5es na Lei n\u00ba 14.634, de 15 de dezembro de 2014, que instituiu a Taxa \u00danica de Servi\u00e7os Judiciais, e d\u00e1 outras provid\u00eancias. <\/span><\/li>\n<li><span id=\"dnn_ctr8047_ViewalrsAgExibeNoticiaDestaque_lblTextoDestaque\"><a href=\"http:\/\/proweb.procergs.com.br\/consulta_proposicao.asp?SiglaTipo=PL&amp;NroProposicao=195&amp;AnoProposicao=2016\" target=\"_blank\" rel=\"noopener noreferrer\">PL 195 2016<\/a>, do Poder Judici\u00e1rio, que disp\u00f5e sobre os emolumentos dos servi\u00e7os notariais e de registro, altera o Selo Digital de Fiscaliza\u00e7\u00e3o Notarial e Registral, o Fundo Notarial e Registral e d\u00e1 outras provid\u00eancias.<\/span><\/li>\n<\/ol>\n<p>&nbsp;<br \/>\n&nbsp;<\/p>\n","protected":false},"excerpt":{"rendered":"<p>O governador Jos\u00e9 Ivo Sartori anunciou nesta manh\u00e3 desta ter\u00e7a-feira a abertura de concurso p\u00fablico para contrata\u00e7\u00e3o de 6,1 mil servidores na \u00e1rea de seguran\u00e7a p\u00fablica. Neste mesmo dia, o Governo tenta aprovar um conjunto de projetos pol\u00eamicos, a maioria enviada em 2016 para a Assembleia Legislativa, quando se instalou uma pra\u00e7a de guerra na [&hellip;]<\/p>\n","protected":false},"author":4,"featured_media":50897,"comment_status":"open","ping_status":"closed","sticky":false,"template":"","format":"standard","meta":{"_jetpack_newsletter_access":"","_jetpack_dont_email_post_to_subs":false,"_jetpack_newsletter_tier_id":0,"_jetpack_memberships_contains_paywalled_content":false,"_jetpack_feature_clip_id":0,"_jetpack_memberships_contains_paid_content":false,"footnotes":"","jetpack_post_was_ever_published":false},"categories":[26],"tags":[],"class_list":["post-50892","post","type-post","status-publish","format-standard","has-post-thumbnail","hentry","category-geral"],"aioseo_notices":[],"aioseo_head":"\n\t\t<!-- All in One SEO 5.0.1.1 - aioseo.com -->\n\t<meta name=\"robots\" content=\"max-image-preview:large\" \/>\n\t<meta name=\"author\" content=\"da Reda\u00e7\u00e3o\"\/>\n\t<link rel=\"canonical\" href=\"https:\/\/www.jornalja.com.br\/arquivo\/em-dia-de-votacoes-polemicas-na-assembleia-sartori-anuncia-concurso-para-seguranca-publica\/\" \/>\n\t<meta name=\"generator\" content=\"All in One SEO (AIOSEO) 5.0.1.1\" \/>\n\t\t<meta property=\"og:locale\" content=\"pt_BR\" \/>\n\t\t<meta property=\"og:site_name\" content=\"Arquivo | Jornal J\u00c1 | Porto Alegre\" \/>\n\t\t<meta property=\"og:type\" content=\"article\" \/>\n\t\t<meta property=\"og:title\" content=\"Em dia de vota\u00e7\u00f5es pol\u00eamicas na AL, Sartori anuncia concurso para seguran\u00e7a p\u00fablica | Arquivo\" \/>\n\t\t<meta property=\"og:url\" content=\"https:\/\/www.jornalja.com.br\/arquivo\/em-dia-de-votacoes-polemicas-na-assembleia-sartori-anuncia-concurso-para-seguranca-publica\/\" \/>\n\t\t<meta property=\"og:image\" content=\"https:\/\/www.jornalja.com.br\/economics\/wp-content\/uploads\/sites\/11\/2026\/08\/ja-folhaderosto-facebook.jpg\" \/>\n\t\t<meta property=\"og:image:secure_url\" content=\"https:\/\/www.jornalja.com.br\/economics\/wp-content\/uploads\/sites\/11\/2026\/08\/ja-folhaderosto-facebook.jpg\" \/>\n\t\t<meta property=\"article:published_time\" content=\"2017-07-04T17:29:23+00:00\" \/>\n\t\t<meta property=\"article:modified_time\" content=\"2017-07-04T17:29:23+00:00\" \/>\n\t\t<meta name=\"twitter:card\" content=\"summary\" \/>\n\t\t<meta name=\"twitter:title\" content=\"Em dia de vota\u00e7\u00f5es pol\u00eamicas na AL, Sartori anuncia concurso para seguran\u00e7a p\u00fablica | Arquivo\" \/>\n\t\t<meta name=\"twitter:image\" content=\"https:\/\/www.jornalja.com.br\/economics\/wp-content\/uploads\/sites\/11\/2026\/08\/ja-folhaderosto-facebook.jpg\" \/>\n\t\t<script type=\"application\/ld+json\" class=\"aioseo-schema\">\n\t\t\t{\"@context\":\"https:\\\/\\\/schema.org\",\"@graph\":[{\"@type\":\"BlogPosting\",\"@id\":\"https:\\\/\\\/www.jornalja.com.br\\\/arquivo\\\/em-dia-de-votacoes-polemicas-na-assembleia-sartori-anuncia-concurso-para-seguranca-publica\\\/#blogposting\",\"name\":\"Em dia de vota\\u00e7\\u00f5es pol\\u00eamicas na AL, Sartori anuncia concurso para seguran\\u00e7a p\\u00fablica | Arquivo\",\"headline\":\"Em dia de vota\\u00e7\\u00f5es pol\\u00eamicas na AL, Sartori anuncia concurso para seguran\\u00e7a p\\u00fablica\",\"author\":{\"@id\":\"https:\\\/\\\/www.jornalja.com.br\\\/arquivo\\\/author\\\/daredacao\\\/#author\"},\"publisher\":{\"@id\":\"https:\\\/\\\/www.jornalja.com.br\\\/arquivo\\\/#organization\"},\"image\":{\"@type\":\"ImageObject\",\"url\":50897},\"datePublished\":\"2017-07-04T14:29:23-03:00\",\"dateModified\":\"2017-07-04T14:29:23-03:00\",\"inLanguage\":\"pt-BR\",\"mainEntityOfPage\":{\"@id\":\"https:\\\/\\\/www.jornalja.com.br\\\/arquivo\\\/em-dia-de-votacoes-polemicas-na-assembleia-sartori-anuncia-concurso-para-seguranca-publica\\\/#webpage\"},\"isPartOf\":{\"@id\":\"https:\\\/\\\/www.jornalja.com.br\\\/arquivo\\\/em-dia-de-votacoes-polemicas-na-assembleia-sartori-anuncia-concurso-para-seguranca-publica\\\/#webpage\"},\"articleSection\":\"Geral\"},{\"@type\":\"BreadcrumbList\",\"@id\":\"https:\\\/\\\/www.jornalja.com.br\\\/arquivo\\\/em-dia-de-votacoes-polemicas-na-assembleia-sartori-anuncia-concurso-para-seguranca-publica\\\/#breadcrumblist\",\"itemListElement\":[{\"@type\":\"ListItem\",\"@id\":\"https:\\\/\\\/www.jornalja.com.br\\\/arquivo#listItem\",\"position\":1,\"name\":\"Home\",\"item\":\"https:\\\/\\\/www.jornalja.com.br\\\/arquivo\",\"nextItem\":{\"@type\":\"ListItem\",\"@id\":\"https:\\\/\\\/www.jornalja.com.br\\\/arquivo\\\/category\\\/geral\\\/#listItem\",\"name\":\"Geral\"}},{\"@type\":\"ListItem\",\"@id\":\"https:\\\/\\\/www.jornalja.com.br\\\/arquivo\\\/category\\\/geral\\\/#listItem\",\"position\":2,\"name\":\"Geral\",\"item\":\"https:\\\/\\\/www.jornalja.com.br\\\/arquivo\\\/category\\\/geral\\\/\",\"nextItem\":{\"@type\":\"ListItem\",\"@id\":\"https:\\\/\\\/www.jornalja.com.br\\\/arquivo\\\/em-dia-de-votacoes-polemicas-na-assembleia-sartori-anuncia-concurso-para-seguranca-publica\\\/#listItem\",\"name\":\"Em dia de vota\\u00e7\\u00f5es pol\\u00eamicas na AL, Sartori anuncia concurso para seguran\\u00e7a p\\u00fablica\"},\"previousItem\":{\"@type\":\"ListItem\",\"@id\":\"https:\\\/\\\/www.jornalja.com.br\\\/arquivo#listItem\",\"name\":\"Home\"}},{\"@type\":\"ListItem\",\"@id\":\"https:\\\/\\\/www.jornalja.com.br\\\/arquivo\\\/em-dia-de-votacoes-polemicas-na-assembleia-sartori-anuncia-concurso-para-seguranca-publica\\\/#listItem\",\"position\":3,\"name\":\"Em dia de vota\\u00e7\\u00f5es pol\\u00eamicas na AL, Sartori anuncia concurso para seguran\\u00e7a p\\u00fablica\",\"previousItem\":{\"@type\":\"ListItem\",\"@id\":\"https:\\\/\\\/www.jornalja.com.br\\\/arquivo\\\/category\\\/geral\\\/#listItem\",\"name\":\"Geral\"}}]},{\"@type\":\"Organization\",\"@id\":\"https:\\\/\\\/www.jornalja.com.br\\\/arquivo\\\/#organization\",\"name\":\"Jornal J\\u00c1\",\"description\":\"Jornal J\\u00c1 | Porto Alegre\",\"url\":\"https:\\\/\\\/www.jornalja.com.br\\\/arquivo\\\/\",\"telephone\":\"+555133307272\",\"logo\":{\"@type\":\"ImageObject\",\"url\":\"https:\\\/\\\/www.jornalja.com.br\\\/wp-content\\\/uploads\\\/cards\\\/JAslogan.png\",\"@id\":\"https:\\\/\\\/www.jornalja.com.br\\\/arquivo\\\/em-dia-de-votacoes-polemicas-na-assembleia-sartori-anuncia-concurso-para-seguranca-publica\\\/#organizationLogo\"},\"image\":{\"@id\":\"https:\\\/\\\/www.jornalja.com.br\\\/arquivo\\\/em-dia-de-votacoes-polemicas-na-assembleia-sartori-anuncia-concurso-para-seguranca-publica\\\/#organizationLogo\"}},{\"@type\":\"Person\",\"@id\":\"https:\\\/\\\/www.jornalja.com.br\\\/arquivo\\\/author\\\/daredacao\\\/#author\",\"url\":\"https:\\\/\\\/www.jornalja.com.br\\\/arquivo\\\/author\\\/daredacao\\\/\",\"name\":\"da Reda\\u00e7\\u00e3o\",\"image\":{\"@type\":\"ImageObject\",\"@id\":\"https:\\\/\\\/www.jornalja.com.br\\\/arquivo\\\/em-dia-de-votacoes-polemicas-na-assembleia-sartori-anuncia-concurso-para-seguranca-publica\\\/#authorImage\",\"url\":\"https:\\\/\\\/secure.gravatar.com\\\/avatar\\\/469fd857d6605ad19919d27ed29d35a968a25f6e8fd9318356bbb7f57aae9c65?s=96&d=mm&r=g\",\"width\":96,\"height\":96,\"caption\":\"da Reda\\u00e7\\u00e3o\"}},{\"@type\":\"WebPage\",\"@id\":\"https:\\\/\\\/www.jornalja.com.br\\\/arquivo\\\/em-dia-de-votacoes-polemicas-na-assembleia-sartori-anuncia-concurso-para-seguranca-publica\\\/#webpage\",\"url\":\"https:\\\/\\\/www.jornalja.com.br\\\/arquivo\\\/em-dia-de-votacoes-polemicas-na-assembleia-sartori-anuncia-concurso-para-seguranca-publica\\\/\",\"name\":\"Em dia de vota\\u00e7\\u00f5es pol\\u00eamicas na AL, Sartori anuncia concurso para seguran\\u00e7a p\\u00fablica | Arquivo\",\"inLanguage\":\"pt-BR\",\"isPartOf\":{\"@id\":\"https:\\\/\\\/www.jornalja.com.br\\\/arquivo\\\/#website\"},\"breadcrumb\":{\"@id\":\"https:\\\/\\\/www.jornalja.com.br\\\/arquivo\\\/em-dia-de-votacoes-polemicas-na-assembleia-sartori-anuncia-concurso-para-seguranca-publica\\\/#breadcrumblist\"},\"author\":{\"@id\":\"https:\\\/\\\/www.jornalja.com.br\\\/arquivo\\\/author\\\/daredacao\\\/#author\"},\"creator\":{\"@id\":\"https:\\\/\\\/www.jornalja.com.br\\\/arquivo\\\/author\\\/daredacao\\\/#author\"},\"image\":{\"@type\":\"ImageObject\",\"url\":50897,\"@id\":\"https:\\\/\\\/www.jornalja.com.br\\\/arquivo\\\/em-dia-de-votacoes-polemicas-na-assembleia-sartori-anuncia-concurso-para-seguranca-publica\\\/#mainImage\"},\"primaryImageOfPage\":{\"@id\":\"https:\\\/\\\/www.jornalja.com.br\\\/arquivo\\\/em-dia-de-votacoes-polemicas-na-assembleia-sartori-anuncia-concurso-para-seguranca-publica\\\/#mainImage\"},\"datePublished\":\"2017-07-04T14:29:23-03:00\",\"dateModified\":\"2017-07-04T14:29:23-03:00\"},{\"@type\":\"WebSite\",\"@id\":\"https:\\\/\\\/www.jornalja.com.br\\\/arquivo\\\/#website\",\"url\":\"https:\\\/\\\/www.jornalja.com.br\\\/arquivo\\\/\",\"name\":\"Arquivo\",\"description\":\"Jornal J\\u00c1 | Porto Alegre\",\"inLanguage\":\"pt-BR\",\"publisher\":{\"@id\":\"https:\\\/\\\/www.jornalja.com.br\\\/arquivo\\\/#organization\"}}]}\n\t\t<\/script>\n\t\t<!-- All in One SEO -->\n\n","aioseo_head_json":{"title":"Em dia de vota\u00e7\u00f5es pol\u00eamicas na AL, Sartori anuncia concurso para seguran\u00e7a p\u00fablica | Arquivo","description":"","canonical_url":"https:\/\/www.jornalja.com.br\/arquivo\/em-dia-de-votacoes-polemicas-na-assembleia-sartori-anuncia-concurso-para-seguranca-publica\/","robots":"max-image-preview:large","keywords":"","webmasterTools":{"miscellaneous":""},"schema":{"@context":"https:\/\/schema.org","@graph":[{"@type":"BlogPosting","@id":"https:\/\/www.jornalja.com.br\/arquivo\/em-dia-de-votacoes-polemicas-na-assembleia-sartori-anuncia-concurso-para-seguranca-publica\/#blogposting","name":"Em dia de vota\u00e7\u00f5es pol\u00eamicas na AL, Sartori anuncia concurso para seguran\u00e7a p\u00fablica | Arquivo","headline":"Em dia de vota\u00e7\u00f5es pol\u00eamicas na AL, Sartori anuncia concurso para seguran\u00e7a p\u00fablica","author":{"@id":"https:\/\/www.jornalja.com.br\/arquivo\/author\/daredacao\/#author"},"publisher":{"@id":"https:\/\/www.jornalja.com.br\/arquivo\/#organization"},"image":{"@type":"ImageObject","url":50897},"datePublished":"2017-07-04T14:29:23-03:00","dateModified":"2017-07-04T14:29:23-03:00","inLanguage":"pt-BR","mainEntityOfPage":{"@id":"https:\/\/www.jornalja.com.br\/arquivo\/em-dia-de-votacoes-polemicas-na-assembleia-sartori-anuncia-concurso-para-seguranca-publica\/#webpage"},"isPartOf":{"@id":"https:\/\/www.jornalja.com.br\/arquivo\/em-dia-de-votacoes-polemicas-na-assembleia-sartori-anuncia-concurso-para-seguranca-publica\/#webpage"},"articleSection":"Geral"},{"@type":"BreadcrumbList","@id":"https:\/\/www.jornalja.com.br\/arquivo\/em-dia-de-votacoes-polemicas-na-assembleia-sartori-anuncia-concurso-para-seguranca-publica\/#breadcrumblist","itemListElement":[{"@type":"ListItem","@id":"https:\/\/www.jornalja.com.br\/arquivo#listItem","position":1,"name":"Home","item":"https:\/\/www.jornalja.com.br\/arquivo","nextItem":{"@type":"ListItem","@id":"https:\/\/www.jornalja.com.br\/arquivo\/category\/geral\/#listItem","name":"Geral"}},{"@type":"ListItem","@id":"https:\/\/www.jornalja.com.br\/arquivo\/category\/geral\/#listItem","position":2,"name":"Geral","item":"https:\/\/www.jornalja.com.br\/arquivo\/category\/geral\/","nextItem":{"@type":"ListItem","@id":"https:\/\/www.jornalja.com.br\/arquivo\/em-dia-de-votacoes-polemicas-na-assembleia-sartori-anuncia-concurso-para-seguranca-publica\/#listItem","name":"Em dia de vota\u00e7\u00f5es pol\u00eamicas na AL, Sartori anuncia concurso para seguran\u00e7a p\u00fablica"},"previousItem":{"@type":"ListItem","@id":"https:\/\/www.jornalja.com.br\/arquivo#listItem","name":"Home"}},{"@type":"ListItem","@id":"https:\/\/www.jornalja.com.br\/arquivo\/em-dia-de-votacoes-polemicas-na-assembleia-sartori-anuncia-concurso-para-seguranca-publica\/#listItem","position":3,"name":"Em dia de vota\u00e7\u00f5es pol\u00eamicas na AL, Sartori anuncia concurso para seguran\u00e7a p\u00fablica","previousItem":{"@type":"ListItem","@id":"https:\/\/www.jornalja.com.br\/arquivo\/category\/geral\/#listItem","name":"Geral"}}]},{"@type":"Organization","@id":"https:\/\/www.jornalja.com.br\/arquivo\/#organization","name":"Jornal J\u00c1","description":"Jornal J\u00c1 | Porto Alegre","url":"https:\/\/www.jornalja.com.br\/arquivo\/","telephone":"+555133307272","logo":{"@type":"ImageObject","url":"https:\/\/www.jornalja.com.br\/wp-content\/uploads\/cards\/JAslogan.png","@id":"https:\/\/www.jornalja.com.br\/arquivo\/em-dia-de-votacoes-polemicas-na-assembleia-sartori-anuncia-concurso-para-seguranca-publica\/#organizationLogo"},"image":{"@id":"https:\/\/www.jornalja.com.br\/arquivo\/em-dia-de-votacoes-polemicas-na-assembleia-sartori-anuncia-concurso-para-seguranca-publica\/#organizationLogo"}},{"@type":"Person","@id":"https:\/\/www.jornalja.com.br\/arquivo\/author\/daredacao\/#author","url":"https:\/\/www.jornalja.com.br\/arquivo\/author\/daredacao\/","name":"da Reda\u00e7\u00e3o","image":{"@type":"ImageObject","@id":"https:\/\/www.jornalja.com.br\/arquivo\/em-dia-de-votacoes-polemicas-na-assembleia-sartori-anuncia-concurso-para-seguranca-publica\/#authorImage","url":"https:\/\/secure.gravatar.com\/avatar\/469fd857d6605ad19919d27ed29d35a968a25f6e8fd9318356bbb7f57aae9c65?s=96&d=mm&r=g","width":96,"height":96,"caption":"da Reda\u00e7\u00e3o"}},{"@type":"WebPage","@id":"https:\/\/www.jornalja.com.br\/arquivo\/em-dia-de-votacoes-polemicas-na-assembleia-sartori-anuncia-concurso-para-seguranca-publica\/#webpage","url":"https:\/\/www.jornalja.com.br\/arquivo\/em-dia-de-votacoes-polemicas-na-assembleia-sartori-anuncia-concurso-para-seguranca-publica\/","name":"Em dia de vota\u00e7\u00f5es pol\u00eamicas na AL, Sartori anuncia concurso para seguran\u00e7a p\u00fablica | Arquivo","inLanguage":"pt-BR","isPartOf":{"@id":"https:\/\/www.jornalja.com.br\/arquivo\/#website"},"breadcrumb":{"@id":"https:\/\/www.jornalja.com.br\/arquivo\/em-dia-de-votacoes-polemicas-na-assembleia-sartori-anuncia-concurso-para-seguranca-publica\/#breadcrumblist"},"author":{"@id":"https:\/\/www.jornalja.com.br\/arquivo\/author\/daredacao\/#author"},"creator":{"@id":"https:\/\/www.jornalja.com.br\/arquivo\/author\/daredacao\/#author"},"image":{"@type":"ImageObject","url":50897,"@id":"https:\/\/www.jornalja.com.br\/arquivo\/em-dia-de-votacoes-polemicas-na-assembleia-sartori-anuncia-concurso-para-seguranca-publica\/#mainImage"},"primaryImageOfPage":{"@id":"https:\/\/www.jornalja.com.br\/arquivo\/em-dia-de-votacoes-polemicas-na-assembleia-sartori-anuncia-concurso-para-seguranca-publica\/#mainImage"},"datePublished":"2017-07-04T14:29:23-03:00","dateModified":"2017-07-04T14:29:23-03:00"},{"@type":"WebSite","@id":"https:\/\/www.jornalja.com.br\/arquivo\/#website","url":"https:\/\/www.jornalja.com.br\/arquivo\/","name":"Arquivo","description":"Jornal J\u00c1 | Porto Alegre","inLanguage":"pt-BR","publisher":{"@id":"https:\/\/www.jornalja.com.br\/arquivo\/#organization"}}]},"og:locale":"pt_BR","og:site_name":"Arquivo | Jornal J\u00c1 | Porto Alegre","og:type":"article","og:title":"Em dia de vota\u00e7\u00f5es pol\u00eamicas na AL, Sartori anuncia concurso para seguran\u00e7a p\u00fablica | Arquivo","og:url":"https:\/\/www.jornalja.com.br\/arquivo\/em-dia-de-votacoes-polemicas-na-assembleia-sartori-anuncia-concurso-para-seguranca-publica\/","og:image":"https:\/\/www.jornalja.com.br\/economics\/wp-content\/uploads\/sites\/11\/2026\/08\/ja-folhaderosto-facebook.jpg","og:image:secure_url":"https:\/\/www.jornalja.com.br\/economics\/wp-content\/uploads\/sites\/11\/2026\/08\/ja-folhaderosto-facebook.jpg","article:published_time":"2017-07-04T17:29:23+00:00","article:modified_time":"2017-07-04T17:29:23+00:00","twitter:card":"summary","twitter:title":"Em dia de vota\u00e7\u00f5es pol\u00eamicas na AL, Sartori anuncia concurso para seguran\u00e7a p\u00fablica | Arquivo","twitter:image":"https:\/\/www.jornalja.com.br\/economics\/wp-content\/uploads\/sites\/11\/2026\/08\/ja-folhaderosto-facebook.jpg"},"aioseo_meta_data":{"post_id":"50892","title":null,"description":null,"keywords":null,"keyphrases":null,"primary_term":null,"canonical_url":null,"og_title":null,"og_description":null,"og_object_type":"default","og_image_type":"default","og_image_url":null,"og_image_width":null,"og_image_height":null,"og_image_custom_url":null,"og_image_custom_fields":null,"og_video":null,"og_custom_url":null,"og_article_section":null,"og_article_tags":null,"twitter_use_og":false,"twitter_card":"default","twitter_image_type":"default","twitter_image_url":null,"twitter_image_custom_url":null,"twitter_image_custom_fields":null,"twitter_title":null,"twitter_description":null,"schema":{"blockGraphs":[],"customGraphs":[],"default":{"data":{"Article":[],"Course":[],"Dataset":[],"FAQPage":[],"Movie":[],"Person":[],"Product":[],"ProductReview":[],"Car":[],"Recipe":[],"Service":[],"SoftwareApplication":[],"WebPage":[]},"graphName":"","isEnabled":true},"graphs":[]},"schema_type":null,"schema_type_options":null,"pillar_content":false,"robots_default":true,"robots_noindex":false,"robots_noarchive":false,"robots_nosnippet":false,"robots_nofollow":false,"robots_noimageindex":false,"robots_noodp":false,"robots_notranslate":false,"robots_max_snippet":null,"robots_max_videopreview":null,"robots_max_imagepreview":"large","priority":null,"frequency":null,"location":null,"local_seo":null,"breadcrumb_settings":null,"limit_modified_date":false,"ai":null,"created":"2020-12-20 20:30:48","updated":"2025-07-19 22:48:34","seo_analyzer_scan_date":null,"focus_keyword":null,"additional_keywords":null,"truseo_locale":null},"jetpack_sharing_enabled":true,"jetpack-related-posts":[{"id":12960,"url":"https:\/\/www.jornalja.com.br\/arquivo\/populacao-culpa-empresas-pela-greve-dos-rodoviarios\/","url_meta":{"origin":50892,"position":0},"title":"Popula\u00e7\u00e3o culpa empresas pela greve","author":"Patr\u00edcia Marini","date":"14 de fevereiro de 2014","format":false,"excerpt":"Pesquisa divulgada na edi\u00e7\u00e3o do jornal Metro desta sexta-feira,14, comprova o velho ditado: \u00e9 poss\u00edvel enganar muitos por algum tempo, mas n\u00e3o \u00e9 poss\u00edvel enganar a todos o tempo inteiro. A principal revela\u00e7\u00e3o foi que 59,8% dos entrevistados apontaram as empresas como as principais respons\u00e1veis pela grave e 46% culparam\u2026","rel":"","context":"Em &quot;X.Categorias velhas&quot;","block_context":{"text":"X.Categorias velhas","link":"https:\/\/www.jornalja.com.br\/arquivo\/category\/x-categorias-velhas\/"},"img":{"alt_text":"","src":"","width":0,"height":0},"classes":[]},{"id":5440,"url":"https:\/\/www.jornalja.com.br\/arquivo\/casarao-da-venancio-destino-permanece-incerto\/","url_meta":{"origin":50892,"position":1},"title":"Estado ainda n\u00e3o sabe o que fazer com casar\u00e3o abandonado h\u00e1 20 anos","author":"Elmar Bones","date":"6 de julho de 2009","format":false,"excerpt":"O casar\u00e3o amarelo, numa esquina nobre de Porto Alegre (Ven\u00e2ncio Aires com Jo\u00e3o Pessoa), j\u00e1 abrigou uma escola. H\u00e1 duas d\u00e9cadas, pelo menos, est\u00e1 abandonado, porque seu propriet\u00e1rio, o governo do Estado do Rio Grande do Sul, n\u00e3o consegue achar um destino para ele. Planos n\u00e3o faltaram. O governador Ol\u00edvio\u2026","rel":"","context":"Em &quot;X.Categorias velhas&quot;","block_context":{"text":"X.Categorias velhas","link":"https:\/\/www.jornalja.com.br\/arquivo\/category\/x-categorias-velhas\/"},"img":{"alt_text":"geraldo1","src":"https:\/\/i0.wp.com\/www.jornalja.com.br\/wp-content\/uploads\/2009\/07\/geraldo1.jpg?resize=350%2C200&ssl=1","width":350,"height":200},"classes":[]},{"id":13101,"url":"https:\/\/www.jornalja.com.br\/arquivo\/morre-um-guerreiro-do-texto\/","url_meta":{"origin":50892,"position":2},"title":"Morre um guerreiro do texto","author":"Patr\u00edcia Marini","date":"14 de maio de 2014","format":false,"excerpt":"Por Ricardo Kotscho Reproduzido do blog do autor, 11\/5\/2014; t\u00edtulo original \u201cE l\u00e1 se foi o nosso Myltainho, guerreiro do texto\u201d. Mi\u00fado e franzino, meu amigo Myltainho era um valente e inconformado guerreiro na luta contra as injusti\u00e7as sociais, a hipocrisia, as maracutaias, o autoritarismo, a intoler\u00e2ncia, a viol\u00eancia, o\u2026","rel":"","context":"Em &quot;Geral&quot;","block_context":{"text":"Geral","link":"https:\/\/www.jornalja.com.br\/arquivo\/category\/geral\/"},"img":{"alt_text":"","src":"","width":0,"height":0},"classes":[]},{"id":14241,"url":"https:\/\/www.jornalja.com.br\/arquivo\/o-guaiba-nas-imagens-poeticas-de-achutti\/","url_meta":{"origin":50892,"position":3},"title":"O Gua\u00edba nas imagens po\u00e9ticas de Achutti","author":"da Reda\u00e7\u00e3o","date":"18 de junho de 2014","format":false,"excerpt":"Em \u201cO Gua\u00edba por Achutti\u201d \u2013 obra financiada via Minist\u00e9rio da Cultura, produ\u00e7\u00e3o executiva de Pedro Longhi, e Fl\u00e1vio Wild como designer \u2013, o fot\u00f3grafo revela a beleza e as mazelas de um espa\u00e7o aqu\u00e1tico de \u00e1guas sempre renovadas, cheio de hist\u00f3rias e lendas como as das cidades que foram\u2026","rel":"","context":"Em &quot;Cultura-Geral&quot;","block_context":{"text":"Cultura-Geral","link":"https:\/\/www.jornalja.com.br\/arquivo\/category\/materiasecundaria\/"},"img":{"alt_text":"","src":"","width":0,"height":0},"classes":[]},{"id":13240,"url":"https:\/\/www.jornalja.com.br\/arquivo\/plano-diretor-estamos-construindo-o-caos\/","url_meta":{"origin":50892,"position":4},"title":"Plano diretor: &quot;Estamos construindo o caos&quot;","author":"Patr\u00edcia Marini","date":"26 de maio de 2014","format":false,"excerpt":"Desabafo que arquiteta Eliana Castilhos, delegada da Regi\u00e3o de Planejamento 1, postou nas redes sociais \u00e9 um testemunho do ambiente que se criou no Conselho do Plano Diretor de Porto Alegre, onde a aprova\u00e7\u00e3o de grandes empreendimentos \u00e9 empurrada guela abaixo dos conselheiros. Ao CMDUA Como delegada da Regi\u00e3o de\u2026","rel":"","context":"Em &quot;Geral&quot;","block_context":{"text":"Geral","link":"https:\/\/www.jornalja.com.br\/arquivo\/category\/geral\/"},"img":{"alt_text":"","src":"","width":0,"height":0},"classes":[]},{"id":13128,"url":"https:\/\/www.jornalja.com.br\/arquivo\/maconha-terra-diz-que-uso-medicinal-e-desculpa\/","url_meta":{"origin":50892,"position":5},"title":"Maconha: Terra diz que uso medicinal \u00e9 desculpa","author":"Patr\u00edcia Marini","date":"4 de junho de 2014","format":false,"excerpt":"A condi\u00e7\u00e3o de pol\u00edtico, em \u00e9poca de campanha de campanha eleitoral, tira for\u00e7a do discurso do m\u00e9dico Osmar Terra contra a legaliza\u00e7\u00e3o da maconha. A tese dele de que a libera\u00e7\u00e3o vai ampliar exponencialmente o consumo \u00e9 discutivel, o consumo \u00e9 corrente. Mas seus alertas quanto aos riscos tem que\u2026","rel":"","context":"Em &quot;X.Categorias velhas&quot;","block_context":{"text":"X.Categorias velhas","link":"https:\/\/www.jornalja.com.br\/arquivo\/category\/x-categorias-velhas\/"},"img":{"alt_text":"","src":"","width":0,"height":0},"classes":[]}],"jetpack_shortlink":"https:\/\/wp.me\/pbQjBd-deQ","jetpack_featured_media_url":"","_links":{"self":[{"href":"https:\/\/www.jornalja.com.br\/arquivo\/wp-json\/wp\/v2\/posts\/50892","targetHints":{"allow":["GET"]}}],"collection":[{"href":"https:\/\/www.jornalja.com.br\/arquivo\/wp-json\/wp\/v2\/posts"}],"about":[{"href":"https:\/\/www.jornalja.com.br\/arquivo\/wp-json\/wp\/v2\/types\/post"}],"author":[{"embeddable":true,"href":"https:\/\/www.jornalja.com.br\/arquivo\/wp-json\/wp\/v2\/users\/4"}],"replies":[{"embeddable":true,"href":"https:\/\/www.jornalja.com.br\/arquivo\/wp-json\/wp\/v2\/comments?post=50892"}],"version-history":[{"count":0,"href":"https:\/\/www.jornalja.com.br\/arquivo\/wp-json\/wp\/v2\/posts\/50892\/revisions"}],"wp:attachment":[{"href":"https:\/\/www.jornalja.com.br\/arquivo\/wp-json\/wp\/v2\/media?parent=50892"}],"wp:term":[{"taxonomy":"category","embeddable":true,"href":"https:\/\/www.jornalja.com.br\/arquivo\/wp-json\/wp\/v2\/categories?post=50892"},{"taxonomy":"post_tag","embeddable":true,"href":"https:\/\/www.jornalja.com.br\/arquivo\/wp-json\/wp\/v2\/tags?post=50892"}],"curies":[{"name":"wp","href":"https:\/\/api.w.org\/{rel}","templated":true}]}}