{"id":50901,"date":"2017-07-04T16:00:14","date_gmt":"2017-07-04T19:00:14","guid":{"rendered":"https:\/\/www.jornalja.com.br\/?p=50901"},"modified":"2017-07-04T16:00:14","modified_gmt":"2017-07-04T19:00:14","slug":"cento-e-cinquenta-familias-na-ocupacao-de-antigo-hotel-na-rua-da-praia","status":"publish","type":"post","link":"https:\/\/www.jornalja.com.br\/arquivo\/cento-e-cinquenta-familias-na-ocupacao-de-antigo-hotel-na-rua-da-praia\/","title":{"rendered":"Cento e cinquenta fam\u00edlias est\u00e3o na nova ocupa\u00e7\u00e3o Lanceiros Negros"},"content":{"rendered":"<p><span class=\"assina\">Matheus Chaparini<\/span><br \/>\nO pr\u00e9dio desocupado na esquina das ruas General C\u00e2mara e Andrade Neves provoca um coment\u00e1rio da mo\u00e7a que passa com a amiga: &#8220;Est\u00e1 vazio, n\u00e3o entendi porque tiraram aquele pessoal daqui&#8221;.\u00a0Uma viatura e dois soldados da Brigada Militar fazem a vigil\u00e2ncia em frente.<br \/>\nDurante ano e meio mais de 70 fam\u00edlias moraram no local, batizado como ocupa\u00e7\u00e3o Lanceiros Negros. Elas foram desalojadas h\u00e1 20 dias pela BM.<br \/>\nH\u00e1 pouco mais de 250 metros dali, o movimento indica que a ocupa\u00e7\u00e3o apenas mudou de endere\u00e7o.&#8221;Lanceiros Negros Vive&#8221;, diz a faixa estendida na frente do pr\u00e9dio.<br \/>\nEra madrugada quando dois \u00f4nibus lotados pararam em frente ao n\u00famero 885 da rua dos Andradas. Cento e cinquenta fam\u00edlias, segundo estimativas do movimento, ocuparam o edif\u00edcio onde funcionou o Hotel A\u00e7ores, criando a Ocupa\u00e7\u00e3o Lanceiros Negros Vivem.<br \/>\n<figure id=\"attachment_50906\" aria-describedby=\"caption-attachment-50906\" style=\"width: 1150px\" class=\"wp-caption alignnone\"><img loading=\"lazy\" decoding=\"async\" class=\"wp-image-50906 size-full\" src=\"https:\/\/www.jornalja.com.br\/wp-content\/uploads\/2017\/07\/Ocupa\u00e7\u00e3o-Lanceiros-Negros-Vivem.-Primeiro-dia.-04.07.17-Matheus-Chaparini-20.jpg\" alt=\"\" width=\"1150\" height=\"647\" \/><figcaption id=\"caption-attachment-50906\" class=\"wp-caption-text\">Edif\u00edcio de sete andares tem \u00e1rea bem maior que o im\u00f3vel desocupado h\u00e1 vinte dias<\/figcaption><\/figure><br \/>\nParte do grupo \u00e9 oriunda da antiga ocupa\u00e7\u00e3o e as demais s\u00e3o fam\u00edlias que compunham outros n\u00facleos do MLB (Movimento de Luta nos Bairros, Vilas e Favelas), vindas do Morro da Cruz, Vila Chocolat\u00e3o e Recanto da Alegria, segundo Jo\u00e3o Barros, integrante do movimento.<br \/>\nBarros argumenta que o im\u00f3vel estava vazio e que, portanto, n\u00e3o cumpria fun\u00e7\u00e3o social. \u201cO im\u00f3vel estava sem ocupa\u00e7\u00e3o, sem o exerc\u00edcio da posse, abandonado. A Constitui\u00e7\u00e3o prev\u00ea que toda propriedade tem que cumprir fun\u00e7\u00e3o social.\u201d<br \/>\nO pr\u00e9dio de sete andares possui \u00e1rea muito maior que o ocupado anteriormente. Jo\u00e3o afirma que ainda n\u00e3o foi feito um levantamento da estrutura e da quantidade de quartos.<br \/>\n<figure id=\"attachment_50903\" aria-describedby=\"caption-attachment-50903\" style=\"width: 400px\" class=\"wp-caption alignleft\"><img loading=\"lazy\" decoding=\"async\" class=\"wp-image-50903 size-medium\" src=\"https:\/\/www.jornalja.com.br\/wp-content\/uploads\/2017\/07\/Ocupa\u00e7\u00e3o-Lanceiros-Negros-Vivem.-Primeiro-dia.-04.07.17-Matheus-Chaparini-24-400x225.jpg\" alt=\"\" width=\"400\" height=\"225\" \/><figcaption id=\"caption-attachment-50903\" class=\"wp-caption-text\">Enquanto ocorria o ato, do lado de dentro os ocupantes limpavam o im\u00f3vel e realizavam a primeira refei\u00e7\u00e3o<\/figcaption><\/figure><br \/>\nNo final da manh\u00e3 desta ter\u00e7a-feira, ocorreu um ato de apoio \u00e0 ocupa\u00e7\u00e3o, que reuniu cerca de cem pessoas. Os apoiadores se revezavam nas falas ao microfone na cal\u00e7ada e eram correspondidos pelos ocupantes, nas janelas.<br \/>\nA jornalista V\u00e2nia Barbosa foi uma das apoiadoras a se pronunciar. Ela \u00e9 moradora h\u00e1 cinco anos do pr\u00e9dio em frente. \u201cAcordei de manh\u00e3 e vi que tinham ocupado o pr\u00e9dio. Sou totalmente a favor, j\u00e1 deixei um rancho ali e vou apoiar\u201d, afirma. Os vizinhos \u00e9 que ficaram bem divididos&#8221;, completa.<br \/>\nPelo menos o tio do churros, rec\u00e9m instalado com a carrocinha junto ao meio fio, comemora o movimento: &#8220;Cheguei h\u00e1 pouco tempo aqui, acho que acertei&#8221;, diz ele.<br \/>\nAt\u00e9 o momento n\u00e3o se tem informa\u00e7\u00f5es sobre a identidade da propriet\u00e1ria do antigo hotel. Moradores do entorno informam que o Hotel A\u00e7ores, locat\u00e1rio at\u00e9 dezembro de 2015, chegou a iniciar uma reforma na fachada, mas n\u00e3o renovou o contrato de loca\u00e7\u00e3o.<br \/>\n<figure id=\"attachment_50904\" aria-describedby=\"caption-attachment-50904\" style=\"width: 1150px\" class=\"wp-caption alignnone\"><img loading=\"lazy\" decoding=\"async\" class=\"size-full wp-image-50904\" src=\"https:\/\/www.jornalja.com.br\/wp-content\/uploads\/2017\/07\/Ocupa\u00e7\u00e3o-Lanceiros-Negros-Vivem.-Primeiro-dia.-04.07.17-Matheus-Chaparini-2.jpg\" alt=\"\" width=\"1150\" height=\"647\" \/><figcaption id=\"caption-attachment-50904\" class=\"wp-caption-text\">Durante a manh\u00e3, chegaram as primeiras doa\u00e7\u00f5es<\/figcaption><\/figure><\/p>\n","protected":false},"excerpt":{"rendered":"<p>Matheus Chaparini O pr\u00e9dio desocupado na esquina das ruas General C\u00e2mara e Andrade Neves provoca um coment\u00e1rio da mo\u00e7a que passa com a amiga: &#8220;Est\u00e1 vazio, n\u00e3o entendi porque tiraram aquele pessoal daqui&#8221;.\u00a0Uma viatura e dois soldados da Brigada Militar fazem a vigil\u00e2ncia em frente. Durante ano e meio mais de 70 fam\u00edlias moraram no [&hellip;]<\/p>\n","protected":false},"author":4,"featured_media":50905,"comment_status":"open","ping_status":"closed","sticky":false,"template":"","format":"standard","meta":{"_jetpack_newsletter_access":"","_jetpack_dont_email_post_to_subs":false,"_jetpack_newsletter_tier_id":0,"_jetpack_memberships_contains_paywalled_content":false,"_jetpack_feature_clip_id":0,"_jetpack_memberships_contains_paid_content":false,"footnotes":"","jetpack_post_was_ever_published":false},"categories":[26],"tags":[],"class_list":["post-50901","post","type-post","status-publish","format-standard","has-post-thumbnail","hentry","category-geral"],"aioseo_notices":[],"aioseo_head":"\n\t\t<!-- All in One SEO 5.0.1.1 - aioseo.com -->\n\t<meta name=\"robots\" content=\"max-image-preview:large\" \/>\n\t<meta name=\"author\" content=\"da Reda\u00e7\u00e3o\"\/>\n\t<link rel=\"canonical\" href=\"https:\/\/www.jornalja.com.br\/arquivo\/cento-e-cinquenta-familias-na-ocupacao-de-antigo-hotel-na-rua-da-praia\/\" \/>\n\t<meta name=\"generator\" content=\"All in One SEO (AIOSEO) 5.0.1.1\" \/>\n\t\t<meta property=\"og:locale\" content=\"pt_BR\" \/>\n\t\t<meta property=\"og:site_name\" content=\"Arquivo | Jornal J\u00c1 | Porto Alegre\" \/>\n\t\t<meta property=\"og:type\" content=\"article\" \/>\n\t\t<meta property=\"og:title\" content=\"Cento e cinquenta fam\u00edlias est\u00e3o na nova ocupa\u00e7\u00e3o Lanceiros Negros | Arquivo\" \/>\n\t\t<meta property=\"og:url\" content=\"https:\/\/www.jornalja.com.br\/arquivo\/cento-e-cinquenta-familias-na-ocupacao-de-antigo-hotel-na-rua-da-praia\/\" \/>\n\t\t<meta property=\"og:image\" content=\"https:\/\/www.jornalja.com.br\/wp-content\/uploads\/2017\/07\/Ocupa\u00e7\u00e3o-Lanceiros-Negros-Vivem.-Primeiro-dia.-04.07.17-Matheus-Chaparini-20.jpg\" \/>\n\t\t<meta property=\"og:image:secure_url\" content=\"https:\/\/www.jornalja.com.br\/wp-content\/uploads\/2017\/07\/Ocupa\u00e7\u00e3o-Lanceiros-Negros-Vivem.-Primeiro-dia.-04.07.17-Matheus-Chaparini-20.jpg\" \/>\n\t\t<meta property=\"article:published_time\" content=\"2017-07-04T19:00:14+00:00\" \/>\n\t\t<meta property=\"article:modified_time\" content=\"2017-07-04T19:00:14+00:00\" \/>\n\t\t<meta name=\"twitter:card\" content=\"summary\" \/>\n\t\t<meta name=\"twitter:title\" content=\"Cento e cinquenta fam\u00edlias est\u00e3o na nova ocupa\u00e7\u00e3o Lanceiros Negros | Arquivo\" \/>\n\t\t<meta name=\"twitter:image\" content=\"https:\/\/www.jornalja.com.br\/economics\/wp-content\/uploads\/sites\/11\/2026\/08\/ja-folhaderosto-facebook.jpg\" \/>\n\t\t<script type=\"application\/ld+json\" class=\"aioseo-schema\">\n\t\t\t{\"@context\":\"https:\\\/\\\/schema.org\",\"@graph\":[{\"@type\":\"BlogPosting\",\"@id\":\"https:\\\/\\\/www.jornalja.com.br\\\/arquivo\\\/cento-e-cinquenta-familias-na-ocupacao-de-antigo-hotel-na-rua-da-praia\\\/#blogposting\",\"name\":\"Cento e cinquenta fam\\u00edlias est\\u00e3o na nova ocupa\\u00e7\\u00e3o Lanceiros Negros | Arquivo\",\"headline\":\"Cento e cinquenta fam\\u00edlias est\\u00e3o na nova ocupa\\u00e7\\u00e3o Lanceiros Negros\",\"author\":{\"@id\":\"https:\\\/\\\/www.jornalja.com.br\\\/arquivo\\\/author\\\/daredacao\\\/#author\"},\"publisher\":{\"@id\":\"https:\\\/\\\/www.jornalja.com.br\\\/arquivo\\\/#organization\"},\"image\":{\"@type\":\"ImageObject\",\"url\":50905},\"datePublished\":\"2017-07-04T16:00:14-03:00\",\"dateModified\":\"2017-07-04T16:00:14-03:00\",\"inLanguage\":\"pt-BR\",\"commentCount\":1,\"mainEntityOfPage\":{\"@id\":\"https:\\\/\\\/www.jornalja.com.br\\\/arquivo\\\/cento-e-cinquenta-familias-na-ocupacao-de-antigo-hotel-na-rua-da-praia\\\/#webpage\"},\"isPartOf\":{\"@id\":\"https:\\\/\\\/www.jornalja.com.br\\\/arquivo\\\/cento-e-cinquenta-familias-na-ocupacao-de-antigo-hotel-na-rua-da-praia\\\/#webpage\"},\"articleSection\":\"Geral\"},{\"@type\":\"BreadcrumbList\",\"@id\":\"https:\\\/\\\/www.jornalja.com.br\\\/arquivo\\\/cento-e-cinquenta-familias-na-ocupacao-de-antigo-hotel-na-rua-da-praia\\\/#breadcrumblist\",\"itemListElement\":[{\"@type\":\"ListItem\",\"@id\":\"https:\\\/\\\/www.jornalja.com.br\\\/arquivo#listItem\",\"position\":1,\"name\":\"Home\",\"item\":\"https:\\\/\\\/www.jornalja.com.br\\\/arquivo\",\"nextItem\":{\"@type\":\"ListItem\",\"@id\":\"https:\\\/\\\/www.jornalja.com.br\\\/arquivo\\\/category\\\/geral\\\/#listItem\",\"name\":\"Geral\"}},{\"@type\":\"ListItem\",\"@id\":\"https:\\\/\\\/www.jornalja.com.br\\\/arquivo\\\/category\\\/geral\\\/#listItem\",\"position\":2,\"name\":\"Geral\",\"item\":\"https:\\\/\\\/www.jornalja.com.br\\\/arquivo\\\/category\\\/geral\\\/\",\"nextItem\":{\"@type\":\"ListItem\",\"@id\":\"https:\\\/\\\/www.jornalja.com.br\\\/arquivo\\\/cento-e-cinquenta-familias-na-ocupacao-de-antigo-hotel-na-rua-da-praia\\\/#listItem\",\"name\":\"Cento e cinquenta fam\\u00edlias est\\u00e3o na nova ocupa\\u00e7\\u00e3o Lanceiros Negros\"},\"previousItem\":{\"@type\":\"ListItem\",\"@id\":\"https:\\\/\\\/www.jornalja.com.br\\\/arquivo#listItem\",\"name\":\"Home\"}},{\"@type\":\"ListItem\",\"@id\":\"https:\\\/\\\/www.jornalja.com.br\\\/arquivo\\\/cento-e-cinquenta-familias-na-ocupacao-de-antigo-hotel-na-rua-da-praia\\\/#listItem\",\"position\":3,\"name\":\"Cento e cinquenta fam\\u00edlias est\\u00e3o na nova ocupa\\u00e7\\u00e3o Lanceiros Negros\",\"previousItem\":{\"@type\":\"ListItem\",\"@id\":\"https:\\\/\\\/www.jornalja.com.br\\\/arquivo\\\/category\\\/geral\\\/#listItem\",\"name\":\"Geral\"}}]},{\"@type\":\"Organization\",\"@id\":\"https:\\\/\\\/www.jornalja.com.br\\\/arquivo\\\/#organization\",\"name\":\"Jornal J\\u00c1\",\"description\":\"Jornal J\\u00c1 | Porto Alegre\",\"url\":\"https:\\\/\\\/www.jornalja.com.br\\\/arquivo\\\/\",\"telephone\":\"+555133307272\",\"logo\":{\"@type\":\"ImageObject\",\"url\":\"https:\\\/\\\/www.jornalja.com.br\\\/wp-content\\\/uploads\\\/cards\\\/JAslogan.png\",\"@id\":\"https:\\\/\\\/www.jornalja.com.br\\\/arquivo\\\/cento-e-cinquenta-familias-na-ocupacao-de-antigo-hotel-na-rua-da-praia\\\/#organizationLogo\"},\"image\":{\"@id\":\"https:\\\/\\\/www.jornalja.com.br\\\/arquivo\\\/cento-e-cinquenta-familias-na-ocupacao-de-antigo-hotel-na-rua-da-praia\\\/#organizationLogo\"}},{\"@type\":\"Person\",\"@id\":\"https:\\\/\\\/www.jornalja.com.br\\\/arquivo\\\/author\\\/daredacao\\\/#author\",\"url\":\"https:\\\/\\\/www.jornalja.com.br\\\/arquivo\\\/author\\\/daredacao\\\/\",\"name\":\"da Reda\\u00e7\\u00e3o\",\"image\":{\"@type\":\"ImageObject\",\"@id\":\"https:\\\/\\\/www.jornalja.com.br\\\/arquivo\\\/cento-e-cinquenta-familias-na-ocupacao-de-antigo-hotel-na-rua-da-praia\\\/#authorImage\",\"url\":\"https:\\\/\\\/secure.gravatar.com\\\/avatar\\\/469fd857d6605ad19919d27ed29d35a968a25f6e8fd9318356bbb7f57aae9c65?s=96&d=mm&r=g\",\"width\":96,\"height\":96,\"caption\":\"da Reda\\u00e7\\u00e3o\"}},{\"@type\":\"WebPage\",\"@id\":\"https:\\\/\\\/www.jornalja.com.br\\\/arquivo\\\/cento-e-cinquenta-familias-na-ocupacao-de-antigo-hotel-na-rua-da-praia\\\/#webpage\",\"url\":\"https:\\\/\\\/www.jornalja.com.br\\\/arquivo\\\/cento-e-cinquenta-familias-na-ocupacao-de-antigo-hotel-na-rua-da-praia\\\/\",\"name\":\"Cento e cinquenta fam\\u00edlias est\\u00e3o na nova ocupa\\u00e7\\u00e3o Lanceiros Negros | Arquivo\",\"inLanguage\":\"pt-BR\",\"isPartOf\":{\"@id\":\"https:\\\/\\\/www.jornalja.com.br\\\/arquivo\\\/#website\"},\"breadcrumb\":{\"@id\":\"https:\\\/\\\/www.jornalja.com.br\\\/arquivo\\\/cento-e-cinquenta-familias-na-ocupacao-de-antigo-hotel-na-rua-da-praia\\\/#breadcrumblist\"},\"author\":{\"@id\":\"https:\\\/\\\/www.jornalja.com.br\\\/arquivo\\\/author\\\/daredacao\\\/#author\"},\"creator\":{\"@id\":\"https:\\\/\\\/www.jornalja.com.br\\\/arquivo\\\/author\\\/daredacao\\\/#author\"},\"image\":{\"@type\":\"ImageObject\",\"url\":50905,\"@id\":\"https:\\\/\\\/www.jornalja.com.br\\\/arquivo\\\/cento-e-cinquenta-familias-na-ocupacao-de-antigo-hotel-na-rua-da-praia\\\/#mainImage\"},\"primaryImageOfPage\":{\"@id\":\"https:\\\/\\\/www.jornalja.com.br\\\/arquivo\\\/cento-e-cinquenta-familias-na-ocupacao-de-antigo-hotel-na-rua-da-praia\\\/#mainImage\"},\"datePublished\":\"2017-07-04T16:00:14-03:00\",\"dateModified\":\"2017-07-04T16:00:14-03:00\"},{\"@type\":\"WebSite\",\"@id\":\"https:\\\/\\\/www.jornalja.com.br\\\/arquivo\\\/#website\",\"url\":\"https:\\\/\\\/www.jornalja.com.br\\\/arquivo\\\/\",\"name\":\"Arquivo\",\"description\":\"Jornal J\\u00c1 | Porto Alegre\",\"inLanguage\":\"pt-BR\",\"publisher\":{\"@id\":\"https:\\\/\\\/www.jornalja.com.br\\\/arquivo\\\/#organization\"}}]}\n\t\t<\/script>\n\t\t<!-- All in One SEO -->\n\n","aioseo_head_json":{"title":"Cento e cinquenta fam\u00edlias est\u00e3o na nova ocupa\u00e7\u00e3o Lanceiros Negros | Arquivo","description":"","canonical_url":"https:\/\/www.jornalja.com.br\/arquivo\/cento-e-cinquenta-familias-na-ocupacao-de-antigo-hotel-na-rua-da-praia\/","robots":"max-image-preview:large","keywords":"","webmasterTools":{"miscellaneous":""},"schema":{"@context":"https:\/\/schema.org","@graph":[{"@type":"BlogPosting","@id":"https:\/\/www.jornalja.com.br\/arquivo\/cento-e-cinquenta-familias-na-ocupacao-de-antigo-hotel-na-rua-da-praia\/#blogposting","name":"Cento e cinquenta fam\u00edlias est\u00e3o na nova ocupa\u00e7\u00e3o Lanceiros Negros | Arquivo","headline":"Cento e cinquenta fam\u00edlias est\u00e3o na nova ocupa\u00e7\u00e3o Lanceiros Negros","author":{"@id":"https:\/\/www.jornalja.com.br\/arquivo\/author\/daredacao\/#author"},"publisher":{"@id":"https:\/\/www.jornalja.com.br\/arquivo\/#organization"},"image":{"@type":"ImageObject","url":50905},"datePublished":"2017-07-04T16:00:14-03:00","dateModified":"2017-07-04T16:00:14-03:00","inLanguage":"pt-BR","commentCount":1,"mainEntityOfPage":{"@id":"https:\/\/www.jornalja.com.br\/arquivo\/cento-e-cinquenta-familias-na-ocupacao-de-antigo-hotel-na-rua-da-praia\/#webpage"},"isPartOf":{"@id":"https:\/\/www.jornalja.com.br\/arquivo\/cento-e-cinquenta-familias-na-ocupacao-de-antigo-hotel-na-rua-da-praia\/#webpage"},"articleSection":"Geral"},{"@type":"BreadcrumbList","@id":"https:\/\/www.jornalja.com.br\/arquivo\/cento-e-cinquenta-familias-na-ocupacao-de-antigo-hotel-na-rua-da-praia\/#breadcrumblist","itemListElement":[{"@type":"ListItem","@id":"https:\/\/www.jornalja.com.br\/arquivo#listItem","position":1,"name":"Home","item":"https:\/\/www.jornalja.com.br\/arquivo","nextItem":{"@type":"ListItem","@id":"https:\/\/www.jornalja.com.br\/arquivo\/category\/geral\/#listItem","name":"Geral"}},{"@type":"ListItem","@id":"https:\/\/www.jornalja.com.br\/arquivo\/category\/geral\/#listItem","position":2,"name":"Geral","item":"https:\/\/www.jornalja.com.br\/arquivo\/category\/geral\/","nextItem":{"@type":"ListItem","@id":"https:\/\/www.jornalja.com.br\/arquivo\/cento-e-cinquenta-familias-na-ocupacao-de-antigo-hotel-na-rua-da-praia\/#listItem","name":"Cento e cinquenta fam\u00edlias est\u00e3o na nova ocupa\u00e7\u00e3o Lanceiros Negros"},"previousItem":{"@type":"ListItem","@id":"https:\/\/www.jornalja.com.br\/arquivo#listItem","name":"Home"}},{"@type":"ListItem","@id":"https:\/\/www.jornalja.com.br\/arquivo\/cento-e-cinquenta-familias-na-ocupacao-de-antigo-hotel-na-rua-da-praia\/#listItem","position":3,"name":"Cento e cinquenta fam\u00edlias est\u00e3o na nova ocupa\u00e7\u00e3o Lanceiros Negros","previousItem":{"@type":"ListItem","@id":"https:\/\/www.jornalja.com.br\/arquivo\/category\/geral\/#listItem","name":"Geral"}}]},{"@type":"Organization","@id":"https:\/\/www.jornalja.com.br\/arquivo\/#organization","name":"Jornal J\u00c1","description":"Jornal J\u00c1 | Porto Alegre","url":"https:\/\/www.jornalja.com.br\/arquivo\/","telephone":"+555133307272","logo":{"@type":"ImageObject","url":"https:\/\/www.jornalja.com.br\/wp-content\/uploads\/cards\/JAslogan.png","@id":"https:\/\/www.jornalja.com.br\/arquivo\/cento-e-cinquenta-familias-na-ocupacao-de-antigo-hotel-na-rua-da-praia\/#organizationLogo"},"image":{"@id":"https:\/\/www.jornalja.com.br\/arquivo\/cento-e-cinquenta-familias-na-ocupacao-de-antigo-hotel-na-rua-da-praia\/#organizationLogo"}},{"@type":"Person","@id":"https:\/\/www.jornalja.com.br\/arquivo\/author\/daredacao\/#author","url":"https:\/\/www.jornalja.com.br\/arquivo\/author\/daredacao\/","name":"da Reda\u00e7\u00e3o","image":{"@type":"ImageObject","@id":"https:\/\/www.jornalja.com.br\/arquivo\/cento-e-cinquenta-familias-na-ocupacao-de-antigo-hotel-na-rua-da-praia\/#authorImage","url":"https:\/\/secure.gravatar.com\/avatar\/469fd857d6605ad19919d27ed29d35a968a25f6e8fd9318356bbb7f57aae9c65?s=96&d=mm&r=g","width":96,"height":96,"caption":"da Reda\u00e7\u00e3o"}},{"@type":"WebPage","@id":"https:\/\/www.jornalja.com.br\/arquivo\/cento-e-cinquenta-familias-na-ocupacao-de-antigo-hotel-na-rua-da-praia\/#webpage","url":"https:\/\/www.jornalja.com.br\/arquivo\/cento-e-cinquenta-familias-na-ocupacao-de-antigo-hotel-na-rua-da-praia\/","name":"Cento e cinquenta fam\u00edlias est\u00e3o na nova ocupa\u00e7\u00e3o Lanceiros Negros | Arquivo","inLanguage":"pt-BR","isPartOf":{"@id":"https:\/\/www.jornalja.com.br\/arquivo\/#website"},"breadcrumb":{"@id":"https:\/\/www.jornalja.com.br\/arquivo\/cento-e-cinquenta-familias-na-ocupacao-de-antigo-hotel-na-rua-da-praia\/#breadcrumblist"},"author":{"@id":"https:\/\/www.jornalja.com.br\/arquivo\/author\/daredacao\/#author"},"creator":{"@id":"https:\/\/www.jornalja.com.br\/arquivo\/author\/daredacao\/#author"},"image":{"@type":"ImageObject","url":50905,"@id":"https:\/\/www.jornalja.com.br\/arquivo\/cento-e-cinquenta-familias-na-ocupacao-de-antigo-hotel-na-rua-da-praia\/#mainImage"},"primaryImageOfPage":{"@id":"https:\/\/www.jornalja.com.br\/arquivo\/cento-e-cinquenta-familias-na-ocupacao-de-antigo-hotel-na-rua-da-praia\/#mainImage"},"datePublished":"2017-07-04T16:00:14-03:00","dateModified":"2017-07-04T16:00:14-03:00"},{"@type":"WebSite","@id":"https:\/\/www.jornalja.com.br\/arquivo\/#website","url":"https:\/\/www.jornalja.com.br\/arquivo\/","name":"Arquivo","description":"Jornal J\u00c1 | Porto Alegre","inLanguage":"pt-BR","publisher":{"@id":"https:\/\/www.jornalja.com.br\/arquivo\/#organization"}}]},"og:locale":"pt_BR","og:site_name":"Arquivo | Jornal J\u00c1 | Porto Alegre","og:type":"article","og:title":"Cento e cinquenta fam\u00edlias est\u00e3o na nova ocupa\u00e7\u00e3o Lanceiros Negros | Arquivo","og:url":"https:\/\/www.jornalja.com.br\/arquivo\/cento-e-cinquenta-familias-na-ocupacao-de-antigo-hotel-na-rua-da-praia\/","og:image":"https:\/\/www.jornalja.com.br\/wp-content\/uploads\/2017\/07\/Ocupa\u00e7\u00e3o-Lanceiros-Negros-Vivem.-Primeiro-dia.-04.07.17-Matheus-Chaparini-20.jpg","og:image:secure_url":"https:\/\/www.jornalja.com.br\/wp-content\/uploads\/2017\/07\/Ocupa\u00e7\u00e3o-Lanceiros-Negros-Vivem.-Primeiro-dia.-04.07.17-Matheus-Chaparini-20.jpg","article:published_time":"2017-07-04T19:00:14+00:00","article:modified_time":"2017-07-04T19:00:14+00:00","twitter:card":"summary","twitter:title":"Cento e cinquenta fam\u00edlias est\u00e3o na nova ocupa\u00e7\u00e3o Lanceiros Negros | Arquivo","twitter:image":"https:\/\/www.jornalja.com.br\/economics\/wp-content\/uploads\/sites\/11\/2026\/08\/ja-folhaderosto-facebook.jpg"},"aioseo_meta_data":{"post_id":"50901","title":null,"description":null,"keywords":null,"keyphrases":null,"primary_term":null,"canonical_url":null,"og_title":null,"og_description":null,"og_object_type":"default","og_image_type":"default","og_image_url":null,"og_image_width":null,"og_image_height":null,"og_image_custom_url":null,"og_image_custom_fields":null,"og_video":null,"og_custom_url":null,"og_article_section":null,"og_article_tags":null,"twitter_use_og":false,"twitter_card":"default","twitter_image_type":"default","twitter_image_url":null,"twitter_image_custom_url":null,"twitter_image_custom_fields":null,"twitter_title":null,"twitter_description":null,"schema":{"blockGraphs":[],"customGraphs":[],"default":{"data":{"Article":[],"Course":[],"Dataset":[],"FAQPage":[],"Movie":[],"Person":[],"Product":[],"ProductReview":[],"Car":[],"Recipe":[],"Service":[],"SoftwareApplication":[],"WebPage":[]},"graphName":"","isEnabled":true},"graphs":[]},"schema_type":null,"schema_type_options":null,"pillar_content":false,"robots_default":true,"robots_noindex":false,"robots_noarchive":false,"robots_nosnippet":false,"robots_nofollow":false,"robots_noimageindex":false,"robots_noodp":false,"robots_notranslate":false,"robots_max_snippet":null,"robots_max_videopreview":null,"robots_max_imagepreview":"large","priority":null,"frequency":null,"location":null,"local_seo":null,"breadcrumb_settings":null,"limit_modified_date":false,"ai":null,"created":"2020-12-20 20:29:58","updated":"2025-07-19 22:48:34","seo_analyzer_scan_date":null,"focus_keyword":null,"additional_keywords":null,"truseo_locale":null},"jetpack_sharing_enabled":true,"jetpack-related-posts":[{"id":5440,"url":"https:\/\/www.jornalja.com.br\/arquivo\/casarao-da-venancio-destino-permanece-incerto\/","url_meta":{"origin":50901,"position":0},"title":"Estado ainda n\u00e3o sabe o que fazer com casar\u00e3o abandonado h\u00e1 20 anos","author":"Elmar Bones","date":"6 de julho de 2009","format":false,"excerpt":"O casar\u00e3o amarelo, numa esquina nobre de Porto Alegre (Ven\u00e2ncio Aires com Jo\u00e3o Pessoa), j\u00e1 abrigou uma escola. H\u00e1 duas d\u00e9cadas, pelo menos, est\u00e1 abandonado, porque seu propriet\u00e1rio, o governo do Estado do Rio Grande do Sul, n\u00e3o consegue achar um destino para ele. Planos n\u00e3o faltaram. O governador Ol\u00edvio\u2026","rel":"","context":"Em &quot;X.Categorias velhas&quot;","block_context":{"text":"X.Categorias velhas","link":"https:\/\/www.jornalja.com.br\/arquivo\/category\/x-categorias-velhas\/"},"img":{"alt_text":"geraldo1","src":"https:\/\/i0.wp.com\/www.jornalja.com.br\/wp-content\/uploads\/2009\/07\/geraldo1.jpg?resize=350%2C200&ssl=1","width":350,"height":200},"classes":[]},{"id":13124,"url":"https:\/\/www.jornalja.com.br\/arquivo\/sangue-latino-no-iecine\/","url_meta":{"origin":50901,"position":1},"title":"Sangue latino no IECINE","author":"da Reda\u00e7\u00e3o","date":"18 de maio de 2014","format":false,"excerpt":"Francisco Ribeiro O Instituto Estadual de Cinema (IECINE) tem a frente, desde abril \u00faltimo, um novo diretor, o cineasta colombiano Juan Zapata, 36, que substitui Luiz Alberto Cassol. Radicado h\u00e1 dez anos em Porto Alegre, Zapata tem diante de si o desafio de conduzir at\u00e9 o final do ano um\u2026","rel":"","context":"Em &quot;Cultura-Geral&quot;","block_context":{"text":"Cultura-Geral","link":"https:\/\/www.jornalja.com.br\/arquivo\/category\/materiasecundaria\/"},"img":{"alt_text":"","src":"","width":0,"height":0},"classes":[]},{"id":13240,"url":"https:\/\/www.jornalja.com.br\/arquivo\/plano-diretor-estamos-construindo-o-caos\/","url_meta":{"origin":50901,"position":2},"title":"Plano diretor: &quot;Estamos construindo o caos&quot;","author":"Patr\u00edcia Marini","date":"26 de maio de 2014","format":false,"excerpt":"Desabafo que arquiteta Eliana Castilhos, delegada da Regi\u00e3o de Planejamento 1, postou nas redes sociais \u00e9 um testemunho do ambiente que se criou no Conselho do Plano Diretor de Porto Alegre, onde a aprova\u00e7\u00e3o de grandes empreendimentos \u00e9 empurrada guela abaixo dos conselheiros. Ao CMDUA Como delegada da Regi\u00e3o de\u2026","rel":"","context":"Em &quot;Geral&quot;","block_context":{"text":"Geral","link":"https:\/\/www.jornalja.com.br\/arquivo\/category\/geral\/"},"img":{"alt_text":"","src":"","width":0,"height":0},"classes":[]},{"id":13109,"url":"https:\/\/www.jornalja.com.br\/arquivo\/judiciario-reconhece-poluicao-eletromagnetica\/","url_meta":{"origin":50901,"position":3},"title":"Judici\u00e1rio reconhece polui\u00e7\u00e3o eletromagn\u00e9tica","author":"Patr\u00edcia Marini","date":"16 de maio de 2014","format":false,"excerpt":"A\u00e7\u00e3o de duas associa\u00e7\u00f5es de moradores foi acolhida pelo Tribunal de Justi\u00e7a de S\u00e3o Paulo que. em decis\u00e3o in\u00e9dita, determinou a redu\u00e7\u00e3o do campo eletromagn\u00e9tico gerado pelas linhas de transmiss\u00e3o de energia que cortam os bairros City Boa\u00e7ava e Alto de Pinheiros. \u00c9 a primeira vez que um tribunal do\u2026","rel":"","context":"Em &quot;X.Categorias velhas&quot;","block_context":{"text":"X.Categorias velhas","link":"https:\/\/www.jornalja.com.br\/arquivo\/category\/x-categorias-velhas\/"},"img":{"alt_text":"","src":"","width":0,"height":0},"classes":[]},{"id":14241,"url":"https:\/\/www.jornalja.com.br\/arquivo\/o-guaiba-nas-imagens-poeticas-de-achutti\/","url_meta":{"origin":50901,"position":4},"title":"O Gua\u00edba nas imagens po\u00e9ticas de Achutti","author":"da Reda\u00e7\u00e3o","date":"18 de junho de 2014","format":false,"excerpt":"Em \u201cO Gua\u00edba por Achutti\u201d \u2013 obra financiada via Minist\u00e9rio da Cultura, produ\u00e7\u00e3o executiva de Pedro Longhi, e Fl\u00e1vio Wild como designer \u2013, o fot\u00f3grafo revela a beleza e as mazelas de um espa\u00e7o aqu\u00e1tico de \u00e1guas sempre renovadas, cheio de hist\u00f3rias e lendas como as das cidades que foram\u2026","rel":"","context":"Em &quot;Cultura-Geral&quot;","block_context":{"text":"Cultura-Geral","link":"https:\/\/www.jornalja.com.br\/arquivo\/category\/materiasecundaria\/"},"img":{"alt_text":"","src":"","width":0,"height":0},"classes":[]}],"jetpack_shortlink":"https:\/\/wp.me\/pbQjBd-deZ","jetpack_featured_media_url":"","_links":{"self":[{"href":"https:\/\/www.jornalja.com.br\/arquivo\/wp-json\/wp\/v2\/posts\/50901","targetHints":{"allow":["GET"]}}],"collection":[{"href":"https:\/\/www.jornalja.com.br\/arquivo\/wp-json\/wp\/v2\/posts"}],"about":[{"href":"https:\/\/www.jornalja.com.br\/arquivo\/wp-json\/wp\/v2\/types\/post"}],"author":[{"embeddable":true,"href":"https:\/\/www.jornalja.com.br\/arquivo\/wp-json\/wp\/v2\/users\/4"}],"replies":[{"embeddable":true,"href":"https:\/\/www.jornalja.com.br\/arquivo\/wp-json\/wp\/v2\/comments?post=50901"}],"version-history":[{"count":0,"href":"https:\/\/www.jornalja.com.br\/arquivo\/wp-json\/wp\/v2\/posts\/50901\/revisions"}],"wp:attachment":[{"href":"https:\/\/www.jornalja.com.br\/arquivo\/wp-json\/wp\/v2\/media?parent=50901"}],"wp:term":[{"taxonomy":"category","embeddable":true,"href":"https:\/\/www.jornalja.com.br\/arquivo\/wp-json\/wp\/v2\/categories?post=50901"},{"taxonomy":"post_tag","embeddable":true,"href":"https:\/\/www.jornalja.com.br\/arquivo\/wp-json\/wp\/v2\/tags?post=50901"}],"curies":[{"name":"wp","href":"https:\/\/api.w.org\/{rel}","templated":true}]}}