{"id":50973,"date":"2017-07-05T22:03:59","date_gmt":"2017-07-06T01:03:59","guid":{"rendered":"https:\/\/www.jornalja.com.br\/?p=50973"},"modified":"2017-07-05T22:03:59","modified_gmt":"2017-07-06T01:03:59","slug":"em-sessao-extraodinaria-e-sem-publico-vereadores-aprovam-aumento-de-contribuicao-dos-servidores-em-porto-alegre","status":"publish","type":"post","link":"https:\/\/www.jornalja.com.br\/arquivo\/em-sessao-extraodinaria-e-sem-publico-vereadores-aprovam-aumento-de-contribuicao-dos-servidores-em-porto-alegre\/","title":{"rendered":"Em sess\u00e3o extra e sem p\u00fablico, vereadores aprovam aumento de contribui\u00e7\u00e3o dos servidores em Porto Alegre"},"content":{"rendered":"<p><span class=\"assina\">Felipe Uhr<\/span><br \/>\nEram 20h30, de 05\/07, quando o voto do vereador Mauro Pinheiro (Rede) chancelou a aprova\u00e7\u00e3o do projeto que aumenta a contribui\u00e7\u00e3o previdenci\u00e1ria dos servidores municipais de 11% para 14%.<br \/>\nA vota\u00e7\u00e3o ocorreu a portas fechadas na sala 301 da C\u00e2mara Municipal de Porto Alegre, depois que servidores municipais ocuparam o plen\u00e1rio da Casa.<br \/>\n<figure id=\"attachment_51012\" aria-describedby=\"caption-attachment-51012\" style=\"width: 1150px\" class=\"wp-caption alignleft\"><img loading=\"lazy\" decoding=\"async\" class=\"wp-image-51012 size-full\" src=\"https:\/\/www.jornalja.com.br\/wp-content\/uploads\/2017\/07\/IMG_20170705_201311.jpg\" alt=\"\" width=\"1150\" height=\"647\" \/><figcaption id=\"caption-attachment-51012\" class=\"wp-caption-text\">A Tropa de Choque da BM na C\u00e2mara Municipal\/Felipe Uhr<\/figcaption><\/figure><br \/>\nA Tropa de Choque da BM foi chamada e s\u00f3 autorizou a entrada da imprensa e de assessores.<br \/>\n<figure id=\"attachment_50997\" aria-describedby=\"caption-attachment-50997\" style=\"width: 1150px\" class=\"wp-caption alignleft\"><img loading=\"lazy\" decoding=\"async\" class=\"wp-image-50997 size-full\" src=\"https:\/\/www.jornalja.com.br\/wp-content\/uploads\/2017\/07\/CAS8635.jpg\" alt=\"\" width=\"1150\" height=\"652\" \/><figcaption id=\"caption-attachment-50997\" class=\"wp-caption-text\">Manifestantes entram no plen\u00e1rio durante a sess\u00e3o\/Fotos Ederson Nunes\/CMPA<\/figcaption><\/figure><br \/>\nO resultado foi 20 votos a favor da mat\u00e9ria, seis contra e uma absten\u00e7\u00e3o.<br \/>\nAo final da vota\u00e7\u00e3o, o presidente da C\u00e2mara, vereador Cassio Trogildo (PTB), justificou a sess\u00e3o fechada: &#8220;Presenciamos uma afronta \u00e0 democracia nesta tarde&#8221;, declarou. Segundo ele, v\u00e1rias tratativas com a dire\u00e7\u00e3o do Simpa foram realizadas ao longo da sess\u00e3o e que o estopim dos acontecimentos foi quando os servidores tomaram o plen\u00e1rio impedindo o prosseguimento da sess\u00e3o.<br \/>\n<figure id=\"attachment_51014\" aria-describedby=\"caption-attachment-51014\" style=\"width: 1150px\" class=\"wp-caption alignleft\"><img loading=\"lazy\" decoding=\"async\" class=\"wp-image-51014 size-full\" src=\"https:\/\/www.jornalja.com.br\/wp-content\/uploads\/2017\/07\/TON_7497.jpg\" alt=\"\" width=\"1150\" height=\"766\" \/><figcaption id=\"caption-attachment-51014\" class=\"wp-caption-text\">Servidores municipais lotam a C\u00e2mara Municipal\/Ederson Nunes\/CMPA<\/figcaption><\/figure><br \/>\nTrogildo n\u00e3o se encontrava em plen\u00e1rio no momento do ocorrido pois analisava junto \u00e0 Diretoria Legislativa da casa um recurso solicitando a suspens\u00e3o da vota\u00e7\u00e3o. Mas deixou claro que a necessidade de uma sess\u00e3o extra somente se deu ap\u00f3s falharem as tentativas de realizar a vota\u00e7\u00e3o no plen\u00e1rio Ot\u00e1vio Rocha.&#8221; Demos continuidade a um trabalho que foi ilegalmente interrompido&#8221;, alegou Cassio.<br \/>\nVereadores da oposi\u00e7\u00e3o consideraram ilegal a sess\u00e3o extra realizada na noite da quarta-feira. &#8220;Fere o artigo 211 do regimento interno da casa&#8221;, alegou a l\u00edder da oposi\u00e7\u00e3o Fernanda Melchiona (PSol). O artigo prev\u00ea que a convoca\u00e7\u00e3o de uma sess\u00e3o extra deve esperar pelo menos 48 horas. O presidente da casa disse que n\u00e3o houve descumprimento do regimento. Uma a\u00e7\u00e3o jur\u00eddica ser\u00e1 impetrada para tentar anular a vota\u00e7\u00e3o.<br \/>\n&nbsp;<\/p>\n","protected":false},"excerpt":{"rendered":"<p>Felipe Uhr Eram 20h30, de 05\/07, quando o voto do vereador Mauro Pinheiro (Rede) chancelou a aprova\u00e7\u00e3o do projeto que aumenta a contribui\u00e7\u00e3o previdenci\u00e1ria dos servidores municipais de 11% para 14%. A vota\u00e7\u00e3o ocorreu a portas fechadas na sala 301 da C\u00e2mara Municipal de Porto Alegre, depois que servidores municipais ocuparam o plen\u00e1rio da Casa. [&hellip;]<\/p>\n","protected":false},"author":4,"featured_media":50976,"comment_status":"open","ping_status":"closed","sticky":false,"template":"","format":"standard","meta":{"_jetpack_newsletter_access":"","_jetpack_dont_email_post_to_subs":false,"_jetpack_newsletter_tier_id":0,"_jetpack_memberships_contains_paywalled_content":false,"_jetpack_feature_clip_id":0,"_jetpack_memberships_contains_paid_content":false,"footnotes":"","jetpack_post_was_ever_published":false},"categories":[26],"tags":[],"class_list":["post-50973","post","type-post","status-publish","format-standard","has-post-thumbnail","hentry","category-geral"],"aioseo_notices":[],"aioseo_head":"\n\t\t<!-- All in One SEO 5.0.1.1 - aioseo.com -->\n\t<meta name=\"robots\" content=\"max-image-preview:large\" \/>\n\t<meta name=\"author\" content=\"da Reda\u00e7\u00e3o\"\/>\n\t<link rel=\"canonical\" href=\"https:\/\/www.jornalja.com.br\/arquivo\/em-sessao-extraodinaria-e-sem-publico-vereadores-aprovam-aumento-de-contribuicao-dos-servidores-em-porto-alegre\/\" \/>\n\t<meta name=\"generator\" content=\"All in One SEO (AIOSEO) 5.0.1.1\" \/>\n\t\t<meta property=\"og:locale\" content=\"pt_BR\" \/>\n\t\t<meta property=\"og:site_name\" content=\"Arquivo | Jornal J\u00c1 | Porto Alegre\" \/>\n\t\t<meta property=\"og:type\" content=\"article\" \/>\n\t\t<meta property=\"og:title\" content=\"Em sess\u00e3o extra e sem p\u00fablico, vereadores aprovam aumento de contribui\u00e7\u00e3o dos servidores em Porto Alegre | Arquivo\" \/>\n\t\t<meta property=\"og:url\" content=\"https:\/\/www.jornalja.com.br\/arquivo\/em-sessao-extraodinaria-e-sem-publico-vereadores-aprovam-aumento-de-contribuicao-dos-servidores-em-porto-alegre\/\" \/>\n\t\t<meta property=\"og:image\" content=\"https:\/\/www.jornalja.com.br\/wp-content\/uploads\/2017\/07\/IMG_20170705_201311.jpg\" \/>\n\t\t<meta property=\"og:image:secure_url\" content=\"https:\/\/www.jornalja.com.br\/wp-content\/uploads\/2017\/07\/IMG_20170705_201311.jpg\" \/>\n\t\t<meta property=\"article:published_time\" content=\"2017-07-06T01:03:59+00:00\" \/>\n\t\t<meta property=\"article:modified_time\" content=\"2017-07-06T01:03:59+00:00\" \/>\n\t\t<meta name=\"twitter:card\" content=\"summary\" \/>\n\t\t<meta name=\"twitter:title\" content=\"Em sess\u00e3o extra e sem p\u00fablico, vereadores aprovam aumento de contribui\u00e7\u00e3o dos servidores em Porto Alegre | Arquivo\" \/>\n\t\t<meta name=\"twitter:image\" content=\"https:\/\/www.jornalja.com.br\/economics\/wp-content\/uploads\/sites\/11\/2026\/08\/ja-folhaderosto-facebook.jpg\" \/>\n\t\t<script type=\"application\/ld+json\" class=\"aioseo-schema\">\n\t\t\t{\"@context\":\"https:\\\/\\\/schema.org\",\"@graph\":[{\"@type\":\"BlogPosting\",\"@id\":\"https:\\\/\\\/www.jornalja.com.br\\\/arquivo\\\/em-sessao-extraodinaria-e-sem-publico-vereadores-aprovam-aumento-de-contribuicao-dos-servidores-em-porto-alegre\\\/#blogposting\",\"name\":\"Em sess\\u00e3o extra e sem p\\u00fablico, vereadores aprovam aumento de contribui\\u00e7\\u00e3o dos servidores em Porto Alegre | Arquivo\",\"headline\":\"Em sess\\u00e3o extra e sem p\\u00fablico, vereadores aprovam aumento de contribui\\u00e7\\u00e3o dos servidores em Porto Alegre\",\"author\":{\"@id\":\"https:\\\/\\\/www.jornalja.com.br\\\/arquivo\\\/author\\\/daredacao\\\/#author\"},\"publisher\":{\"@id\":\"https:\\\/\\\/www.jornalja.com.br\\\/arquivo\\\/#organization\"},\"image\":{\"@type\":\"ImageObject\",\"url\":50976},\"datePublished\":\"2017-07-05T22:03:59-03:00\",\"dateModified\":\"2017-07-05T22:03:59-03:00\",\"inLanguage\":\"pt-BR\",\"mainEntityOfPage\":{\"@id\":\"https:\\\/\\\/www.jornalja.com.br\\\/arquivo\\\/em-sessao-extraodinaria-e-sem-publico-vereadores-aprovam-aumento-de-contribuicao-dos-servidores-em-porto-alegre\\\/#webpage\"},\"isPartOf\":{\"@id\":\"https:\\\/\\\/www.jornalja.com.br\\\/arquivo\\\/em-sessao-extraodinaria-e-sem-publico-vereadores-aprovam-aumento-de-contribuicao-dos-servidores-em-porto-alegre\\\/#webpage\"},\"articleSection\":\"Geral\"},{\"@type\":\"BreadcrumbList\",\"@id\":\"https:\\\/\\\/www.jornalja.com.br\\\/arquivo\\\/em-sessao-extraodinaria-e-sem-publico-vereadores-aprovam-aumento-de-contribuicao-dos-servidores-em-porto-alegre\\\/#breadcrumblist\",\"itemListElement\":[{\"@type\":\"ListItem\",\"@id\":\"https:\\\/\\\/www.jornalja.com.br\\\/arquivo#listItem\",\"position\":1,\"name\":\"Home\",\"item\":\"https:\\\/\\\/www.jornalja.com.br\\\/arquivo\",\"nextItem\":{\"@type\":\"ListItem\",\"@id\":\"https:\\\/\\\/www.jornalja.com.br\\\/arquivo\\\/category\\\/geral\\\/#listItem\",\"name\":\"Geral\"}},{\"@type\":\"ListItem\",\"@id\":\"https:\\\/\\\/www.jornalja.com.br\\\/arquivo\\\/category\\\/geral\\\/#listItem\",\"position\":2,\"name\":\"Geral\",\"item\":\"https:\\\/\\\/www.jornalja.com.br\\\/arquivo\\\/category\\\/geral\\\/\",\"nextItem\":{\"@type\":\"ListItem\",\"@id\":\"https:\\\/\\\/www.jornalja.com.br\\\/arquivo\\\/em-sessao-extraodinaria-e-sem-publico-vereadores-aprovam-aumento-de-contribuicao-dos-servidores-em-porto-alegre\\\/#listItem\",\"name\":\"Em sess\\u00e3o extra e sem p\\u00fablico, vereadores aprovam aumento de contribui\\u00e7\\u00e3o dos servidores em Porto Alegre\"},\"previousItem\":{\"@type\":\"ListItem\",\"@id\":\"https:\\\/\\\/www.jornalja.com.br\\\/arquivo#listItem\",\"name\":\"Home\"}},{\"@type\":\"ListItem\",\"@id\":\"https:\\\/\\\/www.jornalja.com.br\\\/arquivo\\\/em-sessao-extraodinaria-e-sem-publico-vereadores-aprovam-aumento-de-contribuicao-dos-servidores-em-porto-alegre\\\/#listItem\",\"position\":3,\"name\":\"Em sess\\u00e3o extra e sem p\\u00fablico, vereadores aprovam aumento de contribui\\u00e7\\u00e3o dos servidores em Porto Alegre\",\"previousItem\":{\"@type\":\"ListItem\",\"@id\":\"https:\\\/\\\/www.jornalja.com.br\\\/arquivo\\\/category\\\/geral\\\/#listItem\",\"name\":\"Geral\"}}]},{\"@type\":\"Organization\",\"@id\":\"https:\\\/\\\/www.jornalja.com.br\\\/arquivo\\\/#organization\",\"name\":\"Jornal J\\u00c1\",\"description\":\"Jornal J\\u00c1 | Porto Alegre\",\"url\":\"https:\\\/\\\/www.jornalja.com.br\\\/arquivo\\\/\",\"telephone\":\"+555133307272\",\"logo\":{\"@type\":\"ImageObject\",\"url\":\"https:\\\/\\\/www.jornalja.com.br\\\/wp-content\\\/uploads\\\/cards\\\/JAslogan.png\",\"@id\":\"https:\\\/\\\/www.jornalja.com.br\\\/arquivo\\\/em-sessao-extraodinaria-e-sem-publico-vereadores-aprovam-aumento-de-contribuicao-dos-servidores-em-porto-alegre\\\/#organizationLogo\"},\"image\":{\"@id\":\"https:\\\/\\\/www.jornalja.com.br\\\/arquivo\\\/em-sessao-extraodinaria-e-sem-publico-vereadores-aprovam-aumento-de-contribuicao-dos-servidores-em-porto-alegre\\\/#organizationLogo\"}},{\"@type\":\"Person\",\"@id\":\"https:\\\/\\\/www.jornalja.com.br\\\/arquivo\\\/author\\\/daredacao\\\/#author\",\"url\":\"https:\\\/\\\/www.jornalja.com.br\\\/arquivo\\\/author\\\/daredacao\\\/\",\"name\":\"da Reda\\u00e7\\u00e3o\",\"image\":{\"@type\":\"ImageObject\",\"@id\":\"https:\\\/\\\/www.jornalja.com.br\\\/arquivo\\\/em-sessao-extraodinaria-e-sem-publico-vereadores-aprovam-aumento-de-contribuicao-dos-servidores-em-porto-alegre\\\/#authorImage\",\"url\":\"https:\\\/\\\/secure.gravatar.com\\\/avatar\\\/469fd857d6605ad19919d27ed29d35a968a25f6e8fd9318356bbb7f57aae9c65?s=96&d=mm&r=g\",\"width\":96,\"height\":96,\"caption\":\"da Reda\\u00e7\\u00e3o\"}},{\"@type\":\"WebPage\",\"@id\":\"https:\\\/\\\/www.jornalja.com.br\\\/arquivo\\\/em-sessao-extraodinaria-e-sem-publico-vereadores-aprovam-aumento-de-contribuicao-dos-servidores-em-porto-alegre\\\/#webpage\",\"url\":\"https:\\\/\\\/www.jornalja.com.br\\\/arquivo\\\/em-sessao-extraodinaria-e-sem-publico-vereadores-aprovam-aumento-de-contribuicao-dos-servidores-em-porto-alegre\\\/\",\"name\":\"Em sess\\u00e3o extra e sem p\\u00fablico, vereadores aprovam aumento de contribui\\u00e7\\u00e3o dos servidores em Porto Alegre | Arquivo\",\"inLanguage\":\"pt-BR\",\"isPartOf\":{\"@id\":\"https:\\\/\\\/www.jornalja.com.br\\\/arquivo\\\/#website\"},\"breadcrumb\":{\"@id\":\"https:\\\/\\\/www.jornalja.com.br\\\/arquivo\\\/em-sessao-extraodinaria-e-sem-publico-vereadores-aprovam-aumento-de-contribuicao-dos-servidores-em-porto-alegre\\\/#breadcrumblist\"},\"author\":{\"@id\":\"https:\\\/\\\/www.jornalja.com.br\\\/arquivo\\\/author\\\/daredacao\\\/#author\"},\"creator\":{\"@id\":\"https:\\\/\\\/www.jornalja.com.br\\\/arquivo\\\/author\\\/daredacao\\\/#author\"},\"image\":{\"@type\":\"ImageObject\",\"url\":50976,\"@id\":\"https:\\\/\\\/www.jornalja.com.br\\\/arquivo\\\/em-sessao-extraodinaria-e-sem-publico-vereadores-aprovam-aumento-de-contribuicao-dos-servidores-em-porto-alegre\\\/#mainImage\"},\"primaryImageOfPage\":{\"@id\":\"https:\\\/\\\/www.jornalja.com.br\\\/arquivo\\\/em-sessao-extraodinaria-e-sem-publico-vereadores-aprovam-aumento-de-contribuicao-dos-servidores-em-porto-alegre\\\/#mainImage\"},\"datePublished\":\"2017-07-05T22:03:59-03:00\",\"dateModified\":\"2017-07-05T22:03:59-03:00\"},{\"@type\":\"WebSite\",\"@id\":\"https:\\\/\\\/www.jornalja.com.br\\\/arquivo\\\/#website\",\"url\":\"https:\\\/\\\/www.jornalja.com.br\\\/arquivo\\\/\",\"name\":\"Arquivo\",\"description\":\"Jornal J\\u00c1 | Porto Alegre\",\"inLanguage\":\"pt-BR\",\"publisher\":{\"@id\":\"https:\\\/\\\/www.jornalja.com.br\\\/arquivo\\\/#organization\"}}]}\n\t\t<\/script>\n\t\t<!-- All in One SEO -->\n\n","aioseo_head_json":{"title":"Em sess\u00e3o extra e sem p\u00fablico, vereadores aprovam aumento de contribui\u00e7\u00e3o dos servidores em Porto Alegre | Arquivo","description":"","canonical_url":"https:\/\/www.jornalja.com.br\/arquivo\/em-sessao-extraodinaria-e-sem-publico-vereadores-aprovam-aumento-de-contribuicao-dos-servidores-em-porto-alegre\/","robots":"max-image-preview:large","keywords":"","webmasterTools":{"miscellaneous":""},"schema":{"@context":"https:\/\/schema.org","@graph":[{"@type":"BlogPosting","@id":"https:\/\/www.jornalja.com.br\/arquivo\/em-sessao-extraodinaria-e-sem-publico-vereadores-aprovam-aumento-de-contribuicao-dos-servidores-em-porto-alegre\/#blogposting","name":"Em sess\u00e3o extra e sem p\u00fablico, vereadores aprovam aumento de contribui\u00e7\u00e3o dos servidores em Porto Alegre | Arquivo","headline":"Em sess\u00e3o extra e sem p\u00fablico, vereadores aprovam aumento de contribui\u00e7\u00e3o dos servidores em Porto Alegre","author":{"@id":"https:\/\/www.jornalja.com.br\/arquivo\/author\/daredacao\/#author"},"publisher":{"@id":"https:\/\/www.jornalja.com.br\/arquivo\/#organization"},"image":{"@type":"ImageObject","url":50976},"datePublished":"2017-07-05T22:03:59-03:00","dateModified":"2017-07-05T22:03:59-03:00","inLanguage":"pt-BR","mainEntityOfPage":{"@id":"https:\/\/www.jornalja.com.br\/arquivo\/em-sessao-extraodinaria-e-sem-publico-vereadores-aprovam-aumento-de-contribuicao-dos-servidores-em-porto-alegre\/#webpage"},"isPartOf":{"@id":"https:\/\/www.jornalja.com.br\/arquivo\/em-sessao-extraodinaria-e-sem-publico-vereadores-aprovam-aumento-de-contribuicao-dos-servidores-em-porto-alegre\/#webpage"},"articleSection":"Geral"},{"@type":"BreadcrumbList","@id":"https:\/\/www.jornalja.com.br\/arquivo\/em-sessao-extraodinaria-e-sem-publico-vereadores-aprovam-aumento-de-contribuicao-dos-servidores-em-porto-alegre\/#breadcrumblist","itemListElement":[{"@type":"ListItem","@id":"https:\/\/www.jornalja.com.br\/arquivo#listItem","position":1,"name":"Home","item":"https:\/\/www.jornalja.com.br\/arquivo","nextItem":{"@type":"ListItem","@id":"https:\/\/www.jornalja.com.br\/arquivo\/category\/geral\/#listItem","name":"Geral"}},{"@type":"ListItem","@id":"https:\/\/www.jornalja.com.br\/arquivo\/category\/geral\/#listItem","position":2,"name":"Geral","item":"https:\/\/www.jornalja.com.br\/arquivo\/category\/geral\/","nextItem":{"@type":"ListItem","@id":"https:\/\/www.jornalja.com.br\/arquivo\/em-sessao-extraodinaria-e-sem-publico-vereadores-aprovam-aumento-de-contribuicao-dos-servidores-em-porto-alegre\/#listItem","name":"Em sess\u00e3o extra e sem p\u00fablico, vereadores aprovam aumento de contribui\u00e7\u00e3o dos servidores em Porto Alegre"},"previousItem":{"@type":"ListItem","@id":"https:\/\/www.jornalja.com.br\/arquivo#listItem","name":"Home"}},{"@type":"ListItem","@id":"https:\/\/www.jornalja.com.br\/arquivo\/em-sessao-extraodinaria-e-sem-publico-vereadores-aprovam-aumento-de-contribuicao-dos-servidores-em-porto-alegre\/#listItem","position":3,"name":"Em sess\u00e3o extra e sem p\u00fablico, vereadores aprovam aumento de contribui\u00e7\u00e3o dos servidores em Porto Alegre","previousItem":{"@type":"ListItem","@id":"https:\/\/www.jornalja.com.br\/arquivo\/category\/geral\/#listItem","name":"Geral"}}]},{"@type":"Organization","@id":"https:\/\/www.jornalja.com.br\/arquivo\/#organization","name":"Jornal J\u00c1","description":"Jornal J\u00c1 | Porto Alegre","url":"https:\/\/www.jornalja.com.br\/arquivo\/","telephone":"+555133307272","logo":{"@type":"ImageObject","url":"https:\/\/www.jornalja.com.br\/wp-content\/uploads\/cards\/JAslogan.png","@id":"https:\/\/www.jornalja.com.br\/arquivo\/em-sessao-extraodinaria-e-sem-publico-vereadores-aprovam-aumento-de-contribuicao-dos-servidores-em-porto-alegre\/#organizationLogo"},"image":{"@id":"https:\/\/www.jornalja.com.br\/arquivo\/em-sessao-extraodinaria-e-sem-publico-vereadores-aprovam-aumento-de-contribuicao-dos-servidores-em-porto-alegre\/#organizationLogo"}},{"@type":"Person","@id":"https:\/\/www.jornalja.com.br\/arquivo\/author\/daredacao\/#author","url":"https:\/\/www.jornalja.com.br\/arquivo\/author\/daredacao\/","name":"da Reda\u00e7\u00e3o","image":{"@type":"ImageObject","@id":"https:\/\/www.jornalja.com.br\/arquivo\/em-sessao-extraodinaria-e-sem-publico-vereadores-aprovam-aumento-de-contribuicao-dos-servidores-em-porto-alegre\/#authorImage","url":"https:\/\/secure.gravatar.com\/avatar\/469fd857d6605ad19919d27ed29d35a968a25f6e8fd9318356bbb7f57aae9c65?s=96&d=mm&r=g","width":96,"height":96,"caption":"da Reda\u00e7\u00e3o"}},{"@type":"WebPage","@id":"https:\/\/www.jornalja.com.br\/arquivo\/em-sessao-extraodinaria-e-sem-publico-vereadores-aprovam-aumento-de-contribuicao-dos-servidores-em-porto-alegre\/#webpage","url":"https:\/\/www.jornalja.com.br\/arquivo\/em-sessao-extraodinaria-e-sem-publico-vereadores-aprovam-aumento-de-contribuicao-dos-servidores-em-porto-alegre\/","name":"Em sess\u00e3o extra e sem p\u00fablico, vereadores aprovam aumento de contribui\u00e7\u00e3o dos servidores em Porto Alegre | Arquivo","inLanguage":"pt-BR","isPartOf":{"@id":"https:\/\/www.jornalja.com.br\/arquivo\/#website"},"breadcrumb":{"@id":"https:\/\/www.jornalja.com.br\/arquivo\/em-sessao-extraodinaria-e-sem-publico-vereadores-aprovam-aumento-de-contribuicao-dos-servidores-em-porto-alegre\/#breadcrumblist"},"author":{"@id":"https:\/\/www.jornalja.com.br\/arquivo\/author\/daredacao\/#author"},"creator":{"@id":"https:\/\/www.jornalja.com.br\/arquivo\/author\/daredacao\/#author"},"image":{"@type":"ImageObject","url":50976,"@id":"https:\/\/www.jornalja.com.br\/arquivo\/em-sessao-extraodinaria-e-sem-publico-vereadores-aprovam-aumento-de-contribuicao-dos-servidores-em-porto-alegre\/#mainImage"},"primaryImageOfPage":{"@id":"https:\/\/www.jornalja.com.br\/arquivo\/em-sessao-extraodinaria-e-sem-publico-vereadores-aprovam-aumento-de-contribuicao-dos-servidores-em-porto-alegre\/#mainImage"},"datePublished":"2017-07-05T22:03:59-03:00","dateModified":"2017-07-05T22:03:59-03:00"},{"@type":"WebSite","@id":"https:\/\/www.jornalja.com.br\/arquivo\/#website","url":"https:\/\/www.jornalja.com.br\/arquivo\/","name":"Arquivo","description":"Jornal J\u00c1 | Porto Alegre","inLanguage":"pt-BR","publisher":{"@id":"https:\/\/www.jornalja.com.br\/arquivo\/#organization"}}]},"og:locale":"pt_BR","og:site_name":"Arquivo | Jornal J\u00c1 | Porto Alegre","og:type":"article","og:title":"Em sess\u00e3o extra e sem p\u00fablico, vereadores aprovam aumento de contribui\u00e7\u00e3o dos servidores em Porto Alegre | Arquivo","og:url":"https:\/\/www.jornalja.com.br\/arquivo\/em-sessao-extraodinaria-e-sem-publico-vereadores-aprovam-aumento-de-contribuicao-dos-servidores-em-porto-alegre\/","og:image":"https:\/\/www.jornalja.com.br\/wp-content\/uploads\/2017\/07\/IMG_20170705_201311.jpg","og:image:secure_url":"https:\/\/www.jornalja.com.br\/wp-content\/uploads\/2017\/07\/IMG_20170705_201311.jpg","article:published_time":"2017-07-06T01:03:59+00:00","article:modified_time":"2017-07-06T01:03:59+00:00","twitter:card":"summary","twitter:title":"Em sess\u00e3o extra e sem p\u00fablico, vereadores aprovam aumento de contribui\u00e7\u00e3o dos servidores em Porto Alegre | Arquivo","twitter:image":"https:\/\/www.jornalja.com.br\/economics\/wp-content\/uploads\/sites\/11\/2026\/08\/ja-folhaderosto-facebook.jpg"},"aioseo_meta_data":{"post_id":"50973","title":null,"description":null,"keywords":null,"keyphrases":null,"primary_term":null,"canonical_url":null,"og_title":null,"og_description":null,"og_object_type":"default","og_image_type":"default","og_image_url":null,"og_image_width":null,"og_image_height":null,"og_image_custom_url":null,"og_image_custom_fields":null,"og_video":null,"og_custom_url":null,"og_article_section":null,"og_article_tags":null,"twitter_use_og":false,"twitter_card":"default","twitter_image_type":"default","twitter_image_url":null,"twitter_image_custom_url":null,"twitter_image_custom_fields":null,"twitter_title":null,"twitter_description":null,"schema":{"blockGraphs":[],"customGraphs":[],"default":{"data":{"Article":[],"Course":[],"Dataset":[],"FAQPage":[],"Movie":[],"Person":[],"Product":[],"ProductReview":[],"Car":[],"Recipe":[],"Service":[],"SoftwareApplication":[],"WebPage":[]},"graphName":"","isEnabled":true},"graphs":[]},"schema_type":null,"schema_type_options":null,"pillar_content":false,"robots_default":true,"robots_noindex":false,"robots_noarchive":false,"robots_nosnippet":false,"robots_nofollow":false,"robots_noimageindex":false,"robots_noodp":false,"robots_notranslate":false,"robots_max_snippet":null,"robots_max_videopreview":null,"robots_max_imagepreview":"large","priority":null,"frequency":null,"location":null,"local_seo":null,"breadcrumb_settings":null,"limit_modified_date":false,"ai":null,"created":"2020-12-20 20:29:58","updated":"2025-07-19 22:54:45","seo_analyzer_scan_date":null,"focus_keyword":null,"additional_keywords":null,"truseo_locale":null},"jetpack_sharing_enabled":true,"jetpack-related-posts":[{"id":13240,"url":"https:\/\/www.jornalja.com.br\/arquivo\/plano-diretor-estamos-construindo-o-caos\/","url_meta":{"origin":50973,"position":0},"title":"Plano diretor: &quot;Estamos construindo o caos&quot;","author":"Patr\u00edcia Marini","date":"26 de maio de 2014","format":false,"excerpt":"Desabafo que arquiteta Eliana Castilhos, delegada da Regi\u00e3o de Planejamento 1, postou nas redes sociais \u00e9 um testemunho do ambiente que se criou no Conselho do Plano Diretor de Porto Alegre, onde a aprova\u00e7\u00e3o de grandes empreendimentos \u00e9 empurrada guela abaixo dos conselheiros. Ao CMDUA Como delegada da Regi\u00e3o de\u2026","rel":"","context":"Em &quot;Geral&quot;","block_context":{"text":"Geral","link":"https:\/\/www.jornalja.com.br\/arquivo\/category\/geral\/"},"img":{"alt_text":"","src":"","width":0,"height":0},"classes":[]},{"id":13239,"url":"https:\/\/www.jornalja.com.br\/arquivo\/conselho-desdenha-do-plano-diretor\/","url_meta":{"origin":50973,"position":1},"title":"Porto Alegre: Conselho detona Plano Diretor","author":"Patr\u00edcia Marini","date":"25 de maio de 2014","format":false,"excerpt":"Den\u00fancia do arquiteto e \u00a0urbanista Ibir\u00e1 Santos Lucas. Ele diz que os conselheiros est\u00e3o votando com \"enorme irresponsabilidade\". \"Mudam regime com a maior naturalidade,,,regularizam absurdos de constru\u00e7\u00f5es irregulares... \"O CMDUA est\u00e1 flexibilizando a lei do plano diretor, de uma forma impactante na vida da cidade. Mudam regime com a maior\u2026","rel":"","context":"Em &quot;Geral&quot;","block_context":{"text":"Geral","link":"https:\/\/www.jornalja.com.br\/arquivo\/category\/geral\/"},"img":{"alt_text":"","src":"","width":0,"height":0},"classes":[]},{"id":5440,"url":"https:\/\/www.jornalja.com.br\/arquivo\/casarao-da-venancio-destino-permanece-incerto\/","url_meta":{"origin":50973,"position":2},"title":"Estado ainda n\u00e3o sabe o que fazer com casar\u00e3o abandonado h\u00e1 20 anos","author":"Elmar Bones","date":"6 de julho de 2009","format":false,"excerpt":"O casar\u00e3o amarelo, numa esquina nobre de Porto Alegre (Ven\u00e2ncio Aires com Jo\u00e3o Pessoa), j\u00e1 abrigou uma escola. H\u00e1 duas d\u00e9cadas, pelo menos, est\u00e1 abandonado, porque seu propriet\u00e1rio, o governo do Estado do Rio Grande do Sul, n\u00e3o consegue achar um destino para ele. Planos n\u00e3o faltaram. O governador Ol\u00edvio\u2026","rel":"","context":"Em &quot;X.Categorias velhas&quot;","block_context":{"text":"X.Categorias velhas","link":"https:\/\/www.jornalja.com.br\/arquivo\/category\/x-categorias-velhas\/"},"img":{"alt_text":"geraldo1","src":"https:\/\/i0.wp.com\/www.jornalja.com.br\/wp-content\/uploads\/2009\/07\/geraldo1.jpg?resize=350%2C200&ssl=1","width":350,"height":200},"classes":[]}],"jetpack_shortlink":"https:\/\/wp.me\/pbQjBd-dg9","jetpack_featured_media_url":"","_links":{"self":[{"href":"https:\/\/www.jornalja.com.br\/arquivo\/wp-json\/wp\/v2\/posts\/50973","targetHints":{"allow":["GET"]}}],"collection":[{"href":"https:\/\/www.jornalja.com.br\/arquivo\/wp-json\/wp\/v2\/posts"}],"about":[{"href":"https:\/\/www.jornalja.com.br\/arquivo\/wp-json\/wp\/v2\/types\/post"}],"author":[{"embeddable":true,"href":"https:\/\/www.jornalja.com.br\/arquivo\/wp-json\/wp\/v2\/users\/4"}],"replies":[{"embeddable":true,"href":"https:\/\/www.jornalja.com.br\/arquivo\/wp-json\/wp\/v2\/comments?post=50973"}],"version-history":[{"count":0,"href":"https:\/\/www.jornalja.com.br\/arquivo\/wp-json\/wp\/v2\/posts\/50973\/revisions"}],"wp:attachment":[{"href":"https:\/\/www.jornalja.com.br\/arquivo\/wp-json\/wp\/v2\/media?parent=50973"}],"wp:term":[{"taxonomy":"category","embeddable":true,"href":"https:\/\/www.jornalja.com.br\/arquivo\/wp-json\/wp\/v2\/categories?post=50973"},{"taxonomy":"post_tag","embeddable":true,"href":"https:\/\/www.jornalja.com.br\/arquivo\/wp-json\/wp\/v2\/tags?post=50973"}],"curies":[{"name":"wp","href":"https:\/\/api.w.org\/{rel}","templated":true}]}}