{"id":51054,"date":"2017-07-07T07:05:43","date_gmt":"2017-07-07T10:05:43","guid":{"rendered":"https:\/\/www.jornalja.com.br\/?p=51054"},"modified":"2017-07-07T07:05:43","modified_gmt":"2017-07-07T10:05:43","slug":"feira-agroecologica-frutos-da-resistencia-acontece-neste-sabado-2","status":"publish","type":"post","link":"https:\/\/www.jornalja.com.br\/arquivo\/feira-agroecologica-frutos-da-resistencia-acontece-neste-sabado-2\/","title":{"rendered":"Feira Agroecol\u00f3gica Frutos da Resist\u00eancia acontece neste s\u00e1bado"},"content":{"rendered":"<p>Neste s\u00e1bado, a partir das 14h, acontece a 10\u00aa edi\u00e7\u00e3o da Feira Agroecol\u00f3gica Frutos da Resist\u00eancia, na cal\u00e7ada da Rua Olavo Bilac, em frente a sede da N\u00facleo Amigos da Terra, 192, entre a Lima e Silva e Jos\u00e9 do Patroc\u00ednio.<br \/>\nA Feira existe como um mecanismo de encontros, de troca de informa\u00e7\u00f5es dos enfrentamentos e resist\u00eancias que se d\u00e3o no Bioma Pampa, na Mata Atl\u00e2ntica e na metr\u00f3pole de Porto Alegre. Al\u00e9m de debates, acontece a exposi\u00e7\u00e3o de frutos de diversos territ\u00f3rios que resistem pelo Estado.<br \/>\n<figure id=\"attachment_51060\" aria-describedby=\"caption-attachment-51060\" style=\"width: 960px\" class=\"wp-caption alignnone\"><img loading=\"lazy\" decoding=\"async\" class=\"wp-image-51060 size-full\" src=\"https:\/\/www.jornalja.com.br\/wp-content\/uploads\/2017\/07\/feira8.jpg\" alt=\"\" width=\"960\" height=\"640\" \/><figcaption id=\"caption-attachment-51060\" class=\"wp-caption-text\">Frutos s\u00e3o oriundos de diversos territ\u00f3rios<\/figcaption><\/figure><br \/>\nO tema da 10\u00aa edi\u00e7\u00e3o \u00e9 Justi\u00e7a Clim\u00e1tica: a quest\u00e3o clim\u00e1tica na conjuntura pol\u00edtica brasileira e seus impactos nas comunidades e territ\u00f3rios.<br \/>\nO assunto tamb\u00e9m \u00e9 pauta, na manh\u00e3 desta sexta-feira, no mini-curso Pol\u00edticas Clim\u00e1ticas, participa\u00e7\u00e3o da sociedade civil e impactos nos territ\u00f3rios. A atividade, que acontece no IAB, \u00e9 gratuita e promovida pelo Amigos da Terra Brasil, em parceria com o Amigos da Terra e o Instituto dos Arquitetos do Brasil (IAB-RS). Mais informa\u00e7\u00f5es &gt;\u00a0http:\/\/bit.ly\/ MiniCursoPol\u00edticasClim\u00e1ticas<br \/>\n<img loading=\"lazy\" decoding=\"async\" class=\"alignnone size-full wp-image-51058\" src=\"https:\/\/www.jornalja.com.br\/wp-content\/uploads\/2017\/07\/feira12.jpg\" alt=\"\" width=\"960\" height=\"640\" \/><br \/>\nNa d\u00e9cima edi\u00e7\u00e3o da Feira Agroecol\u00f3gica Frutos da Resist\u00eancia, s\u00e3o presen\u00e7as confirmadas\u00a0assentados da reforma agr\u00e1ria do munic\u00edpio de Herval &#8211; que se articulam atrav\u00e9s do Grupo Biodiversidade -, agricultores agroecol\u00f3gicos de Maquin\u00e9, ind\u00edgenas Kaikangs do Morro do Osso, guaranis do Cantagalo, quilombolas da Fam\u00edlia Silva (primeiro quilombo urbano titulado no Brasil), coletivo Somos Soma (que se articula atrav\u00e9s do Quilombo do Sopapo), al\u00e9m da presen\u00e7a de diversas outras pessoas que lutam pela terra e pela perpetua\u00e7\u00e3o dos saberes ancestrais.<br \/>\n<img loading=\"lazy\" decoding=\"async\" class=\"alignnone size-full wp-image-51059\" src=\"https:\/\/www.jornalja.com.br\/wp-content\/uploads\/2017\/07\/feira13.jpg\" alt=\"\" width=\"960\" height=\"732\" \/><br \/>\nA proposta \u00e9 difundir a agroecologia, a economia solid\u00e1ria, atrav\u00e9s dos produtos, mas tamb\u00e9m que a feira sirva para informar a quem passa, que sirva como um espa\u00e7o de trocas e articula\u00e7\u00f5es. \u00c0s 17h, acontece ensaio aberto com o grupo de tambores do Quilombo do Sopapo.<br \/>\n<img loading=\"lazy\" decoding=\"async\" class=\"alignnone size-full wp-image-51056\" src=\"https:\/\/www.jornalja.com.br\/wp-content\/uploads\/2017\/07\/feira4.jpg\" alt=\"\" width=\"960\" height=\"640\" \/><br \/>\nNa Feira tamb\u00e9m ter\u00e1 uma banca informativa sobre o caso do Rafael Braga, jovem negro preso injustamente nos protestos de 2013 e reencarcerado novamente por um enxerto da Pol\u00edcia Militar. Um caso emblem\u00e1tico do encarceramento da popula\u00e7\u00e3o negra e do racismo institucional do nosso pa\u00eds. Tamb\u00e9m estar\u00e1 sendo recolhidas doa\u00e7\u00f5es para os Mbya Guarani que retomam uma terra ancestral no munic\u00edpio de Maquin\u00e9, RS.<br \/>\n<img loading=\"lazy\" decoding=\"async\" class=\"alignnone size-full wp-image-51055\" src=\"https:\/\/www.jornalja.com.br\/wp-content\/uploads\/2017\/07\/Feira2.jpg\" alt=\"\" width=\"960\" height=\"640\" \/><br \/>\nEst\u00e1 marcando sol, mas mesmo com chuva acontece a Feira.\u00a0A entrada \u00e9 gratuita.<br \/>\n&nbsp;<\/p>\n","protected":false},"excerpt":{"rendered":"<p>Neste s\u00e1bado, a partir das 14h, acontece a 10\u00aa edi\u00e7\u00e3o da Feira Agroecol\u00f3gica Frutos da Resist\u00eancia, na cal\u00e7ada da Rua Olavo Bilac, em frente a sede da N\u00facleo Amigos da Terra, 192, entre a Lima e Silva e Jos\u00e9 do Patroc\u00ednio. A Feira existe como um mecanismo de encontros, de troca de informa\u00e7\u00f5es dos enfrentamentos [&hellip;]<\/p>\n","protected":false},"author":4,"featured_media":51057,"comment_status":"open","ping_status":"closed","sticky":false,"template":"","format":"standard","meta":{"_jetpack_newsletter_access":"","_jetpack_dont_email_post_to_subs":false,"_jetpack_newsletter_tier_id":0,"_jetpack_memberships_contains_paywalled_content":false,"_jetpack_feature_clip_id":0,"_jetpack_memberships_contains_paid_content":false,"footnotes":"","jetpack_post_was_ever_published":false},"categories":[26],"tags":[],"class_list":["post-51054","post","type-post","status-publish","format-standard","has-post-thumbnail","hentry","category-geral"],"aioseo_notices":[],"aioseo_head":"\n\t\t<!-- All in One SEO 5.0.1.1 - aioseo.com -->\n\t<meta name=\"robots\" content=\"max-image-preview:large\" \/>\n\t<meta name=\"author\" content=\"da Reda\u00e7\u00e3o\"\/>\n\t<link rel=\"canonical\" href=\"https:\/\/www.jornalja.com.br\/arquivo\/feira-agroecologica-frutos-da-resistencia-acontece-neste-sabado-2\/\" \/>\n\t<meta name=\"generator\" content=\"All in One SEO (AIOSEO) 5.0.1.1\" \/>\n\t\t<meta property=\"og:locale\" content=\"pt_BR\" \/>\n\t\t<meta property=\"og:site_name\" content=\"Arquivo | Jornal J\u00c1 | Porto Alegre\" \/>\n\t\t<meta property=\"og:type\" content=\"article\" \/>\n\t\t<meta property=\"og:title\" content=\"Feira Agroecol\u00f3gica Frutos da Resist\u00eancia acontece neste s\u00e1bado | Arquivo\" \/>\n\t\t<meta property=\"og:url\" content=\"https:\/\/www.jornalja.com.br\/arquivo\/feira-agroecologica-frutos-da-resistencia-acontece-neste-sabado-2\/\" \/>\n\t\t<meta property=\"og:image\" content=\"https:\/\/www.jornalja.com.br\/wp-content\/uploads\/2017\/07\/feira8.jpg\" \/>\n\t\t<meta property=\"og:image:secure_url\" content=\"https:\/\/www.jornalja.com.br\/wp-content\/uploads\/2017\/07\/feira8.jpg\" \/>\n\t\t<meta property=\"article:published_time\" content=\"2017-07-07T10:05:43+00:00\" \/>\n\t\t<meta property=\"article:modified_time\" content=\"2017-07-07T10:05:43+00:00\" \/>\n\t\t<meta name=\"twitter:card\" content=\"summary\" \/>\n\t\t<meta name=\"twitter:title\" content=\"Feira Agroecol\u00f3gica Frutos da Resist\u00eancia acontece neste s\u00e1bado | Arquivo\" \/>\n\t\t<meta name=\"twitter:image\" content=\"https:\/\/www.jornalja.com.br\/economics\/wp-content\/uploads\/sites\/11\/2026\/08\/ja-folhaderosto-facebook.jpg\" \/>\n\t\t<script type=\"application\/ld+json\" class=\"aioseo-schema\">\n\t\t\t{\"@context\":\"https:\\\/\\\/schema.org\",\"@graph\":[{\"@type\":\"BlogPosting\",\"@id\":\"https:\\\/\\\/www.jornalja.com.br\\\/arquivo\\\/feira-agroecologica-frutos-da-resistencia-acontece-neste-sabado-2\\\/#blogposting\",\"name\":\"Feira Agroecol\\u00f3gica Frutos da Resist\\u00eancia acontece neste s\\u00e1bado | Arquivo\",\"headline\":\"Feira Agroecol\\u00f3gica Frutos da Resist\\u00eancia acontece neste s\\u00e1bado\",\"author\":{\"@id\":\"https:\\\/\\\/www.jornalja.com.br\\\/arquivo\\\/author\\\/daredacao\\\/#author\"},\"publisher\":{\"@id\":\"https:\\\/\\\/www.jornalja.com.br\\\/arquivo\\\/#organization\"},\"image\":{\"@type\":\"ImageObject\",\"url\":51057},\"datePublished\":\"2017-07-07T07:05:43-03:00\",\"dateModified\":\"2017-07-07T07:05:43-03:00\",\"inLanguage\":\"pt-BR\",\"mainEntityOfPage\":{\"@id\":\"https:\\\/\\\/www.jornalja.com.br\\\/arquivo\\\/feira-agroecologica-frutos-da-resistencia-acontece-neste-sabado-2\\\/#webpage\"},\"isPartOf\":{\"@id\":\"https:\\\/\\\/www.jornalja.com.br\\\/arquivo\\\/feira-agroecologica-frutos-da-resistencia-acontece-neste-sabado-2\\\/#webpage\"},\"articleSection\":\"Geral\"},{\"@type\":\"BreadcrumbList\",\"@id\":\"https:\\\/\\\/www.jornalja.com.br\\\/arquivo\\\/feira-agroecologica-frutos-da-resistencia-acontece-neste-sabado-2\\\/#breadcrumblist\",\"itemListElement\":[{\"@type\":\"ListItem\",\"@id\":\"https:\\\/\\\/www.jornalja.com.br\\\/arquivo#listItem\",\"position\":1,\"name\":\"Home\",\"item\":\"https:\\\/\\\/www.jornalja.com.br\\\/arquivo\",\"nextItem\":{\"@type\":\"ListItem\",\"@id\":\"https:\\\/\\\/www.jornalja.com.br\\\/arquivo\\\/category\\\/geral\\\/#listItem\",\"name\":\"Geral\"}},{\"@type\":\"ListItem\",\"@id\":\"https:\\\/\\\/www.jornalja.com.br\\\/arquivo\\\/category\\\/geral\\\/#listItem\",\"position\":2,\"name\":\"Geral\",\"item\":\"https:\\\/\\\/www.jornalja.com.br\\\/arquivo\\\/category\\\/geral\\\/\",\"nextItem\":{\"@type\":\"ListItem\",\"@id\":\"https:\\\/\\\/www.jornalja.com.br\\\/arquivo\\\/feira-agroecologica-frutos-da-resistencia-acontece-neste-sabado-2\\\/#listItem\",\"name\":\"Feira Agroecol\\u00f3gica Frutos da Resist\\u00eancia acontece neste s\\u00e1bado\"},\"previousItem\":{\"@type\":\"ListItem\",\"@id\":\"https:\\\/\\\/www.jornalja.com.br\\\/arquivo#listItem\",\"name\":\"Home\"}},{\"@type\":\"ListItem\",\"@id\":\"https:\\\/\\\/www.jornalja.com.br\\\/arquivo\\\/feira-agroecologica-frutos-da-resistencia-acontece-neste-sabado-2\\\/#listItem\",\"position\":3,\"name\":\"Feira Agroecol\\u00f3gica Frutos da Resist\\u00eancia acontece neste s\\u00e1bado\",\"previousItem\":{\"@type\":\"ListItem\",\"@id\":\"https:\\\/\\\/www.jornalja.com.br\\\/arquivo\\\/category\\\/geral\\\/#listItem\",\"name\":\"Geral\"}}]},{\"@type\":\"Organization\",\"@id\":\"https:\\\/\\\/www.jornalja.com.br\\\/arquivo\\\/#organization\",\"name\":\"Jornal J\\u00c1\",\"description\":\"Jornal J\\u00c1 | Porto Alegre\",\"url\":\"https:\\\/\\\/www.jornalja.com.br\\\/arquivo\\\/\",\"telephone\":\"+555133307272\",\"logo\":{\"@type\":\"ImageObject\",\"url\":\"https:\\\/\\\/www.jornalja.com.br\\\/wp-content\\\/uploads\\\/cards\\\/JAslogan.png\",\"@id\":\"https:\\\/\\\/www.jornalja.com.br\\\/arquivo\\\/feira-agroecologica-frutos-da-resistencia-acontece-neste-sabado-2\\\/#organizationLogo\"},\"image\":{\"@id\":\"https:\\\/\\\/www.jornalja.com.br\\\/arquivo\\\/feira-agroecologica-frutos-da-resistencia-acontece-neste-sabado-2\\\/#organizationLogo\"}},{\"@type\":\"Person\",\"@id\":\"https:\\\/\\\/www.jornalja.com.br\\\/arquivo\\\/author\\\/daredacao\\\/#author\",\"url\":\"https:\\\/\\\/www.jornalja.com.br\\\/arquivo\\\/author\\\/daredacao\\\/\",\"name\":\"da Reda\\u00e7\\u00e3o\",\"image\":{\"@type\":\"ImageObject\",\"@id\":\"https:\\\/\\\/www.jornalja.com.br\\\/arquivo\\\/feira-agroecologica-frutos-da-resistencia-acontece-neste-sabado-2\\\/#authorImage\",\"url\":\"https:\\\/\\\/secure.gravatar.com\\\/avatar\\\/469fd857d6605ad19919d27ed29d35a968a25f6e8fd9318356bbb7f57aae9c65?s=96&d=mm&r=g\",\"width\":96,\"height\":96,\"caption\":\"da Reda\\u00e7\\u00e3o\"}},{\"@type\":\"WebPage\",\"@id\":\"https:\\\/\\\/www.jornalja.com.br\\\/arquivo\\\/feira-agroecologica-frutos-da-resistencia-acontece-neste-sabado-2\\\/#webpage\",\"url\":\"https:\\\/\\\/www.jornalja.com.br\\\/arquivo\\\/feira-agroecologica-frutos-da-resistencia-acontece-neste-sabado-2\\\/\",\"name\":\"Feira Agroecol\\u00f3gica Frutos da Resist\\u00eancia acontece neste s\\u00e1bado | Arquivo\",\"inLanguage\":\"pt-BR\",\"isPartOf\":{\"@id\":\"https:\\\/\\\/www.jornalja.com.br\\\/arquivo\\\/#website\"},\"breadcrumb\":{\"@id\":\"https:\\\/\\\/www.jornalja.com.br\\\/arquivo\\\/feira-agroecologica-frutos-da-resistencia-acontece-neste-sabado-2\\\/#breadcrumblist\"},\"author\":{\"@id\":\"https:\\\/\\\/www.jornalja.com.br\\\/arquivo\\\/author\\\/daredacao\\\/#author\"},\"creator\":{\"@id\":\"https:\\\/\\\/www.jornalja.com.br\\\/arquivo\\\/author\\\/daredacao\\\/#author\"},\"image\":{\"@type\":\"ImageObject\",\"url\":51057,\"@id\":\"https:\\\/\\\/www.jornalja.com.br\\\/arquivo\\\/feira-agroecologica-frutos-da-resistencia-acontece-neste-sabado-2\\\/#mainImage\"},\"primaryImageOfPage\":{\"@id\":\"https:\\\/\\\/www.jornalja.com.br\\\/arquivo\\\/feira-agroecologica-frutos-da-resistencia-acontece-neste-sabado-2\\\/#mainImage\"},\"datePublished\":\"2017-07-07T07:05:43-03:00\",\"dateModified\":\"2017-07-07T07:05:43-03:00\"},{\"@type\":\"WebSite\",\"@id\":\"https:\\\/\\\/www.jornalja.com.br\\\/arquivo\\\/#website\",\"url\":\"https:\\\/\\\/www.jornalja.com.br\\\/arquivo\\\/\",\"name\":\"Arquivo\",\"description\":\"Jornal J\\u00c1 | Porto Alegre\",\"inLanguage\":\"pt-BR\",\"publisher\":{\"@id\":\"https:\\\/\\\/www.jornalja.com.br\\\/arquivo\\\/#organization\"}}]}\n\t\t<\/script>\n\t\t<!-- All in One SEO -->\n\n","aioseo_head_json":{"title":"Feira Agroecol\u00f3gica Frutos da Resist\u00eancia acontece neste s\u00e1bado | Arquivo","description":"","canonical_url":"https:\/\/www.jornalja.com.br\/arquivo\/feira-agroecologica-frutos-da-resistencia-acontece-neste-sabado-2\/","robots":"max-image-preview:large","keywords":"","webmasterTools":{"miscellaneous":""},"schema":{"@context":"https:\/\/schema.org","@graph":[{"@type":"BlogPosting","@id":"https:\/\/www.jornalja.com.br\/arquivo\/feira-agroecologica-frutos-da-resistencia-acontece-neste-sabado-2\/#blogposting","name":"Feira Agroecol\u00f3gica Frutos da Resist\u00eancia acontece neste s\u00e1bado | Arquivo","headline":"Feira Agroecol\u00f3gica Frutos da Resist\u00eancia acontece neste s\u00e1bado","author":{"@id":"https:\/\/www.jornalja.com.br\/arquivo\/author\/daredacao\/#author"},"publisher":{"@id":"https:\/\/www.jornalja.com.br\/arquivo\/#organization"},"image":{"@type":"ImageObject","url":51057},"datePublished":"2017-07-07T07:05:43-03:00","dateModified":"2017-07-07T07:05:43-03:00","inLanguage":"pt-BR","mainEntityOfPage":{"@id":"https:\/\/www.jornalja.com.br\/arquivo\/feira-agroecologica-frutos-da-resistencia-acontece-neste-sabado-2\/#webpage"},"isPartOf":{"@id":"https:\/\/www.jornalja.com.br\/arquivo\/feira-agroecologica-frutos-da-resistencia-acontece-neste-sabado-2\/#webpage"},"articleSection":"Geral"},{"@type":"BreadcrumbList","@id":"https:\/\/www.jornalja.com.br\/arquivo\/feira-agroecologica-frutos-da-resistencia-acontece-neste-sabado-2\/#breadcrumblist","itemListElement":[{"@type":"ListItem","@id":"https:\/\/www.jornalja.com.br\/arquivo#listItem","position":1,"name":"Home","item":"https:\/\/www.jornalja.com.br\/arquivo","nextItem":{"@type":"ListItem","@id":"https:\/\/www.jornalja.com.br\/arquivo\/category\/geral\/#listItem","name":"Geral"}},{"@type":"ListItem","@id":"https:\/\/www.jornalja.com.br\/arquivo\/category\/geral\/#listItem","position":2,"name":"Geral","item":"https:\/\/www.jornalja.com.br\/arquivo\/category\/geral\/","nextItem":{"@type":"ListItem","@id":"https:\/\/www.jornalja.com.br\/arquivo\/feira-agroecologica-frutos-da-resistencia-acontece-neste-sabado-2\/#listItem","name":"Feira Agroecol\u00f3gica Frutos da Resist\u00eancia acontece neste s\u00e1bado"},"previousItem":{"@type":"ListItem","@id":"https:\/\/www.jornalja.com.br\/arquivo#listItem","name":"Home"}},{"@type":"ListItem","@id":"https:\/\/www.jornalja.com.br\/arquivo\/feira-agroecologica-frutos-da-resistencia-acontece-neste-sabado-2\/#listItem","position":3,"name":"Feira Agroecol\u00f3gica Frutos da Resist\u00eancia acontece neste s\u00e1bado","previousItem":{"@type":"ListItem","@id":"https:\/\/www.jornalja.com.br\/arquivo\/category\/geral\/#listItem","name":"Geral"}}]},{"@type":"Organization","@id":"https:\/\/www.jornalja.com.br\/arquivo\/#organization","name":"Jornal J\u00c1","description":"Jornal J\u00c1 | Porto Alegre","url":"https:\/\/www.jornalja.com.br\/arquivo\/","telephone":"+555133307272","logo":{"@type":"ImageObject","url":"https:\/\/www.jornalja.com.br\/wp-content\/uploads\/cards\/JAslogan.png","@id":"https:\/\/www.jornalja.com.br\/arquivo\/feira-agroecologica-frutos-da-resistencia-acontece-neste-sabado-2\/#organizationLogo"},"image":{"@id":"https:\/\/www.jornalja.com.br\/arquivo\/feira-agroecologica-frutos-da-resistencia-acontece-neste-sabado-2\/#organizationLogo"}},{"@type":"Person","@id":"https:\/\/www.jornalja.com.br\/arquivo\/author\/daredacao\/#author","url":"https:\/\/www.jornalja.com.br\/arquivo\/author\/daredacao\/","name":"da Reda\u00e7\u00e3o","image":{"@type":"ImageObject","@id":"https:\/\/www.jornalja.com.br\/arquivo\/feira-agroecologica-frutos-da-resistencia-acontece-neste-sabado-2\/#authorImage","url":"https:\/\/secure.gravatar.com\/avatar\/469fd857d6605ad19919d27ed29d35a968a25f6e8fd9318356bbb7f57aae9c65?s=96&d=mm&r=g","width":96,"height":96,"caption":"da Reda\u00e7\u00e3o"}},{"@type":"WebPage","@id":"https:\/\/www.jornalja.com.br\/arquivo\/feira-agroecologica-frutos-da-resistencia-acontece-neste-sabado-2\/#webpage","url":"https:\/\/www.jornalja.com.br\/arquivo\/feira-agroecologica-frutos-da-resistencia-acontece-neste-sabado-2\/","name":"Feira Agroecol\u00f3gica Frutos da Resist\u00eancia acontece neste s\u00e1bado | Arquivo","inLanguage":"pt-BR","isPartOf":{"@id":"https:\/\/www.jornalja.com.br\/arquivo\/#website"},"breadcrumb":{"@id":"https:\/\/www.jornalja.com.br\/arquivo\/feira-agroecologica-frutos-da-resistencia-acontece-neste-sabado-2\/#breadcrumblist"},"author":{"@id":"https:\/\/www.jornalja.com.br\/arquivo\/author\/daredacao\/#author"},"creator":{"@id":"https:\/\/www.jornalja.com.br\/arquivo\/author\/daredacao\/#author"},"image":{"@type":"ImageObject","url":51057,"@id":"https:\/\/www.jornalja.com.br\/arquivo\/feira-agroecologica-frutos-da-resistencia-acontece-neste-sabado-2\/#mainImage"},"primaryImageOfPage":{"@id":"https:\/\/www.jornalja.com.br\/arquivo\/feira-agroecologica-frutos-da-resistencia-acontece-neste-sabado-2\/#mainImage"},"datePublished":"2017-07-07T07:05:43-03:00","dateModified":"2017-07-07T07:05:43-03:00"},{"@type":"WebSite","@id":"https:\/\/www.jornalja.com.br\/arquivo\/#website","url":"https:\/\/www.jornalja.com.br\/arquivo\/","name":"Arquivo","description":"Jornal J\u00c1 | Porto Alegre","inLanguage":"pt-BR","publisher":{"@id":"https:\/\/www.jornalja.com.br\/arquivo\/#organization"}}]},"og:locale":"pt_BR","og:site_name":"Arquivo | Jornal J\u00c1 | Porto Alegre","og:type":"article","og:title":"Feira Agroecol\u00f3gica Frutos da Resist\u00eancia acontece neste s\u00e1bado | Arquivo","og:url":"https:\/\/www.jornalja.com.br\/arquivo\/feira-agroecologica-frutos-da-resistencia-acontece-neste-sabado-2\/","og:image":"https:\/\/www.jornalja.com.br\/wp-content\/uploads\/2017\/07\/feira8.jpg","og:image:secure_url":"https:\/\/www.jornalja.com.br\/wp-content\/uploads\/2017\/07\/feira8.jpg","article:published_time":"2017-07-07T10:05:43+00:00","article:modified_time":"2017-07-07T10:05:43+00:00","twitter:card":"summary","twitter:title":"Feira Agroecol\u00f3gica Frutos da Resist\u00eancia acontece neste s\u00e1bado | Arquivo","twitter:image":"https:\/\/www.jornalja.com.br\/economics\/wp-content\/uploads\/sites\/11\/2026\/08\/ja-folhaderosto-facebook.jpg"},"aioseo_meta_data":{"post_id":"51054","title":null,"description":null,"keywords":null,"keyphrases":null,"primary_term":null,"canonical_url":null,"og_title":null,"og_description":null,"og_object_type":"default","og_image_type":"default","og_image_url":null,"og_image_width":null,"og_image_height":null,"og_image_custom_url":null,"og_image_custom_fields":null,"og_video":null,"og_custom_url":null,"og_article_section":null,"og_article_tags":null,"twitter_use_og":false,"twitter_card":"default","twitter_image_type":"default","twitter_image_url":null,"twitter_image_custom_url":null,"twitter_image_custom_fields":null,"twitter_title":null,"twitter_description":null,"schema":{"blockGraphs":[],"customGraphs":[],"default":{"data":{"Article":[],"Course":[],"Dataset":[],"FAQPage":[],"Movie":[],"Person":[],"Product":[],"ProductReview":[],"Car":[],"Recipe":[],"Service":[],"SoftwareApplication":[],"WebPage":[]},"graphName":"","isEnabled":true},"graphs":[],"defaultGraph":"","defaultPostTypeGraph":""},"schema_type":null,"schema_type_options":null,"pillar_content":false,"robots_default":true,"robots_noindex":false,"robots_noarchive":false,"robots_nosnippet":false,"robots_nofollow":false,"robots_noimageindex":false,"robots_noodp":false,"robots_notranslate":false,"robots_max_snippet":null,"robots_max_videopreview":null,"robots_max_imagepreview":"large","priority":null,"frequency":null,"location":null,"local_seo":null,"breadcrumb_settings":null,"limit_modified_date":false,"ai":null,"created":"2020-12-20 20:29:58","updated":"2025-07-19 22:56:32","seo_analyzer_scan_date":null,"focus_keyword":null,"additional_keywords":null,"truseo_locale":null},"jetpack_sharing_enabled":true,"jetpack-related-posts":[{"id":12960,"url":"https:\/\/www.jornalja.com.br\/arquivo\/populacao-culpa-empresas-pela-greve-dos-rodoviarios\/","url_meta":{"origin":51054,"position":0},"title":"Popula\u00e7\u00e3o culpa empresas pela greve","author":"Patr\u00edcia Marini","date":"14 de fevereiro de 2014","format":false,"excerpt":"Pesquisa divulgada na edi\u00e7\u00e3o do jornal Metro desta sexta-feira,14, comprova o velho ditado: \u00e9 poss\u00edvel enganar muitos por algum tempo, mas n\u00e3o \u00e9 poss\u00edvel enganar a todos o tempo inteiro. A principal revela\u00e7\u00e3o foi que 59,8% dos entrevistados apontaram as empresas como as principais respons\u00e1veis pela grave e 46% culparam\u2026","rel":"","context":"Em &quot;X.Categorias velhas&quot;","block_context":{"text":"X.Categorias velhas","link":"https:\/\/www.jornalja.com.br\/arquivo\/category\/x-categorias-velhas\/"},"img":{"alt_text":"","src":"","width":0,"height":0},"classes":[]},{"id":13124,"url":"https:\/\/www.jornalja.com.br\/arquivo\/sangue-latino-no-iecine\/","url_meta":{"origin":51054,"position":1},"title":"Sangue latino no IECINE","author":"da Reda\u00e7\u00e3o","date":"18 de maio de 2014","format":false,"excerpt":"Francisco Ribeiro O Instituto Estadual de Cinema (IECINE) tem a frente, desde abril \u00faltimo, um novo diretor, o cineasta colombiano Juan Zapata, 36, que substitui Luiz Alberto Cassol. Radicado h\u00e1 dez anos em Porto Alegre, Zapata tem diante de si o desafio de conduzir at\u00e9 o final do ano um\u2026","rel":"","context":"Em &quot;Cultura-Geral&quot;","block_context":{"text":"Cultura-Geral","link":"https:\/\/www.jornalja.com.br\/arquivo\/category\/materiasecundaria\/"},"img":{"alt_text":"","src":"","width":0,"height":0},"classes":[]},{"id":14241,"url":"https:\/\/www.jornalja.com.br\/arquivo\/o-guaiba-nas-imagens-poeticas-de-achutti\/","url_meta":{"origin":51054,"position":2},"title":"O Gua\u00edba nas imagens po\u00e9ticas de Achutti","author":"da Reda\u00e7\u00e3o","date":"18 de junho de 2014","format":false,"excerpt":"Em \u201cO Gua\u00edba por Achutti\u201d \u2013 obra financiada via Minist\u00e9rio da Cultura, produ\u00e7\u00e3o executiva de Pedro Longhi, e Fl\u00e1vio Wild como designer \u2013, o fot\u00f3grafo revela a beleza e as mazelas de um espa\u00e7o aqu\u00e1tico de \u00e1guas sempre renovadas, cheio de hist\u00f3rias e lendas como as das cidades que foram\u2026","rel":"","context":"Em &quot;Cultura-Geral&quot;","block_context":{"text":"Cultura-Geral","link":"https:\/\/www.jornalja.com.br\/arquivo\/category\/materiasecundaria\/"},"img":{"alt_text":"","src":"","width":0,"height":0},"classes":[]},{"id":1280,"url":"https:\/\/www.jornalja.com.br\/arquivo\/o-menino-que-se-tornou-brizola\/","url_meta":{"origin":51054,"position":3},"title":"O Menino que se Tornou Brizola","author":"da Reda\u00e7\u00e3o","date":"28 de julho de 2008","format":false,"excerpt":"Autor: Cleber Dioni A vida de Leonel Brizola, com \u00eanfase para os primeiros anos em Porto Alegre, at\u00e9 o ex\u00edlio no Uruguai e a volta, quinze anos depois. \u00a0\"...\u00c9ramos todos jovens e nos identific\u00e1vamos com aquela massa an\u00f4nima a percorrer as ruas de Porto Alegre, gritando 'Get\u00falio', 'Get\u00falio' e empunhando\u2026","rel":"","context":"Em &quot;Livros&quot;","block_context":{"text":"Livros","link":"https:\/\/www.jornalja.com.br\/arquivo\/category\/livros\/"},"img":{"alt_text":"","src":"https:\/\/i0.wp.com\/www.jornalja.com.br\/wp-content\/uploads\/2008\/07\/brizola.gif?resize=350%2C200&ssl=1","width":350,"height":200},"classes":[]},{"id":5440,"url":"https:\/\/www.jornalja.com.br\/arquivo\/casarao-da-venancio-destino-permanece-incerto\/","url_meta":{"origin":51054,"position":4},"title":"Estado ainda n\u00e3o sabe o que fazer com casar\u00e3o abandonado h\u00e1 20 anos","author":"Elmar Bones","date":"6 de julho de 2009","format":false,"excerpt":"O casar\u00e3o amarelo, numa esquina nobre de Porto Alegre (Ven\u00e2ncio Aires com Jo\u00e3o Pessoa), j\u00e1 abrigou uma escola. H\u00e1 duas d\u00e9cadas, pelo menos, est\u00e1 abandonado, porque seu propriet\u00e1rio, o governo do Estado do Rio Grande do Sul, n\u00e3o consegue achar um destino para ele. Planos n\u00e3o faltaram. O governador Ol\u00edvio\u2026","rel":"","context":"Em &quot;X.Categorias velhas&quot;","block_context":{"text":"X.Categorias velhas","link":"https:\/\/www.jornalja.com.br\/arquivo\/category\/x-categorias-velhas\/"},"img":{"alt_text":"geraldo1","src":"https:\/\/i0.wp.com\/www.jornalja.com.br\/wp-content\/uploads\/2009\/07\/geraldo1.jpg?resize=350%2C200&ssl=1","width":350,"height":200},"classes":[]},{"id":13101,"url":"https:\/\/www.jornalja.com.br\/arquivo\/morre-um-guerreiro-do-texto\/","url_meta":{"origin":51054,"position":5},"title":"Morre um guerreiro do texto","author":"Patr\u00edcia Marini","date":"14 de maio de 2014","format":false,"excerpt":"Por Ricardo Kotscho Reproduzido do blog do autor, 11\/5\/2014; t\u00edtulo original \u201cE l\u00e1 se foi o nosso Myltainho, guerreiro do texto\u201d. Mi\u00fado e franzino, meu amigo Myltainho era um valente e inconformado guerreiro na luta contra as injusti\u00e7as sociais, a hipocrisia, as maracutaias, o autoritarismo, a intoler\u00e2ncia, a viol\u00eancia, o\u2026","rel":"","context":"Em &quot;Geral&quot;","block_context":{"text":"Geral","link":"https:\/\/www.jornalja.com.br\/arquivo\/category\/geral\/"},"img":{"alt_text":"","src":"","width":0,"height":0},"classes":[]}],"jetpack_shortlink":"https:\/\/wp.me\/pbQjBd-dhs","jetpack_featured_media_url":"","_links":{"self":[{"href":"https:\/\/www.jornalja.com.br\/arquivo\/wp-json\/wp\/v2\/posts\/51054","targetHints":{"allow":["GET"]}}],"collection":[{"href":"https:\/\/www.jornalja.com.br\/arquivo\/wp-json\/wp\/v2\/posts"}],"about":[{"href":"https:\/\/www.jornalja.com.br\/arquivo\/wp-json\/wp\/v2\/types\/post"}],"author":[{"embeddable":true,"href":"https:\/\/www.jornalja.com.br\/arquivo\/wp-json\/wp\/v2\/users\/4"}],"replies":[{"embeddable":true,"href":"https:\/\/www.jornalja.com.br\/arquivo\/wp-json\/wp\/v2\/comments?post=51054"}],"version-history":[{"count":0,"href":"https:\/\/www.jornalja.com.br\/arquivo\/wp-json\/wp\/v2\/posts\/51054\/revisions"}],"wp:attachment":[{"href":"https:\/\/www.jornalja.com.br\/arquivo\/wp-json\/wp\/v2\/media?parent=51054"}],"wp:term":[{"taxonomy":"category","embeddable":true,"href":"https:\/\/www.jornalja.com.br\/arquivo\/wp-json\/wp\/v2\/categories?post=51054"},{"taxonomy":"post_tag","embeddable":true,"href":"https:\/\/www.jornalja.com.br\/arquivo\/wp-json\/wp\/v2\/tags?post=51054"}],"curies":[{"name":"wp","href":"https:\/\/api.w.org\/{rel}","templated":true}]}}