{"id":51064,"date":"2017-07-06T19:36:33","date_gmt":"2017-07-06T22:36:33","guid":{"rendered":"https:\/\/www.jornalja.com.br\/?p=51064"},"modified":"2017-07-06T19:36:33","modified_gmt":"2017-07-06T22:36:33","slug":"a-carris-e-o-sucateamento-programado","status":"publish","type":"post","link":"https:\/\/www.jornalja.com.br\/arquivo\/a-carris-e-o-sucateamento-programado\/","title":{"rendered":"A Carris e o sucateamento programado"},"content":{"rendered":"<p style=\"text-align: left\" align=\"center\"><span class=\"assina\">Jeferson Fernandes*<\/span><\/p>\n<p style=\"text-align: left\" align=\"center\"><span style=\"font-family: 'Times New Roman', serif\">H\u00e1 pouco dias recebemos na Comiss\u00e3o de Cidadania e Direitos Humanos da Assembleia Legislativa do RS a visita de funcion\u00e1rios da Companhia Carris Porto-alegrense. <\/span><\/p>\n<p style=\"text-align: left\" align=\"center\"><span style=\"font-family: 'Times New Roman', serif\">Na oportunidade, foi realizado o relato do quadro atual dessa que \u00e9 a mais antiga empresa de transporte coletivo em atividade no pa\u00eds, que neste m\u00eas de junho completou 145 anos.<\/span><\/p>\n<p align=\"justify\"><span style=\"font-family: 'Times New Roman', serif\">Conforme explanou Rog\u00e9rio Escouto, funcion\u00e1rio da Companhia, \u201cna atual gest\u00e3o municipal, n\u00e3o h\u00e1 mais nenhum tipo de di\u00e1logo entre a dire\u00e7\u00e3o da empresa e os funcion\u00e1rios, que sofrem persegui\u00e7\u00e3o e ass\u00e9dio moral, como a revista for\u00e7ada de seus pertences ao sa\u00edrem diariamente do trabalho.\u201d <\/span><\/p>\n<p align=\"justify\"><span style=\"font-family: 'Times New Roman', serif\">E o que \u00e9 mais agravante, segundo Alvani Germann, tamb\u00e9m funcion\u00e1ria, \u00e9 que todos os sinais d\u00e3o conta de que a Companhia est\u00e1 sendo preparada para ser entregue \u00e0 iniciativa privada. <\/span><\/p>\n<p align=\"justify\"><span style=\"font-family: 'Times New Roman', serif\">Atualmente, a Carris \u00e9 juridicamente uma sociedade de economia mista com o controle acion\u00e1rio da Prefeitura Municipal, que det\u00e9m 99,9% de suas a\u00e7\u00f5es.<\/span><\/p>\n<p align=\"justify\"><span style=\"font-family: 'Times New Roman', serif\">Ainda segundo eles, h\u00e1 meses os funcion\u00e1rios vivem com a agonia de ver de 40 a 70 ve\u00edculos diariamente parados nas garagens, aguardando consertos e pequenos reparos. <\/span><\/p>\n<p align=\"justify\"><span style=\"font-family: 'Times New Roman', serif\">O resultado disso a popula\u00e7\u00e3o conhece de sobra: linhas com \u00f4nibus superlotados, atrasos constantes, ve\u00edculos j\u00e1 oferecendo p\u00e9ssimas condi\u00e7\u00f5es de conforto e seguran\u00e7a aos seus usu\u00e1rios. <\/span><\/p>\n<p align=\"justify\"><span style=\"font-family: 'Times New Roman', serif\">Enfim, o quadro ideal para que a popula\u00e7\u00e3o passe a odiar a Carris e defender a sua privatiza\u00e7\u00e3o.<\/span><\/p>\n<p align=\"justify\"><span style=\"font-family: 'Times New Roman', serif\">Ali\u00e1s, o ent\u00e3o candidato Marchezan Jr. j\u00e1 havia proferido sua senten\u00e7a sobre o futuro da Carris. Em entrevista concedida em outubro de 2016, a Daniel Scola, da R\u00e1dio Ga\u00facha, declarou: <\/span><\/p>\n<p align=\"justify\"><span style=\"font-family: 'Times New Roman', serif\">\u201c<\/span><span style=\"font-family: 'Times New Roman', serif\">A Carris d\u00e1 preju\u00edzo de R$ 50 milh\u00f5es. Algu\u00e9m lucra com o preju\u00edzo da Carris. E n\u00e3o \u00e9 o cidad\u00e3o. N\u00f3s vamos chegar e sentar com todas as pessoas que trabalham l\u00e1 e explicar que a Carris n\u00e3o \u00e9 para eles. A Carris \u00e9 de Porto Alegre. A Carris n\u00e3o pode dar preju\u00edzo.\u201d <\/span><\/p>\n<p align=\"justify\"><span style=\"font-family: 'Times New Roman', serif\">E quando perguntado objetivamente sobre a possibilidade de privatiza\u00e7\u00e3o, afirmou: \u201cEsse \u00e9 o futuro dela se continuar dando preju\u00edzo.\u201d<\/span><\/p>\n<p align=\"justify\"><span style=\"font-family: 'Times New Roman', serif\">Ou seja, joga sobre os funcion\u00e1rios toda a culpa do alegado d\u00e9ficit e n\u00e3o prop\u00f5e nenhuma pol\u00edtica de recupera\u00e7\u00e3o financeira e moderniza\u00e7\u00e3o da frota. \u00c9 um sucateamento programado. <\/span><\/p>\n<p align=\"justify\"><span style=\"font-family: 'Times New Roman', serif\">Deixa-se o ambiente de crise chegar a um ponto cr\u00edtico incontorn\u00e1vel, para depois anunciar a morte dessa que j\u00e1 foi considerada pela Associa\u00e7\u00e3o\u00a0<\/span><span style=\"font-family: 'Times New Roman', serif\">Nacional dos Transportes P\u00fablicos como a melhor empresa de \u00f4nibus urbano do Brasil (1999 e 2001). <\/span><\/p>\n<p align=\"justify\"><span style=\"font-family: 'Times New Roman', serif\">\u00c9 do DNA dos neoliberais o sucateamento de patrim\u00f4nio p\u00fablico para depois entreg\u00e1-los \u00e0 iniciativa privada. Neste caso espec\u00edfico, um sucateamento que iniciou na coaliz\u00e3o de governo anterior e est\u00e1 sendo aprofundado pela atual administra\u00e7\u00e3o.<\/span><\/p>\n<p align=\"justify\"><span style=\"font-family: 'Times New Roman', serif\">E n\u00e3o se trata de um assunto menor, perif\u00e9rico. Estamos falando de uma verdadeira institui\u00e7\u00e3o p\u00fablica, que at\u00e9 poucos anos atr\u00e1s era motivo de orgulho e satisfa\u00e7\u00e3o pela excel\u00eancia dos servi\u00e7os prestados \u00e0 cidadania porto-alegrense. <\/span><\/p>\n<p align=\"justify\"><span style=\"font-family: 'Times New Roman', serif\">Precisamos somar for\u00e7as pol\u00edticas e sociais para buscar frear esse \u00edmpeto privatista que busca condenar um dos maiores s\u00edmbolos de cidadania de Porto Alegre a virar artigo de museu.<\/span><\/p>\n<p align=\"justify\"><span class=\"descreve\">*Deputado Estadual, presidente da Comiss\u00e3o de Cidadania e Direitos Humanos da Assembleia Legislativa.<\/span><\/p>\n<p align=\"justify\">\n","protected":false},"excerpt":{"rendered":"<p>Jeferson Fernandes* H\u00e1 pouco dias recebemos na Comiss\u00e3o de Cidadania e Direitos Humanos da Assembleia Legislativa do RS a visita de funcion\u00e1rios da Companhia Carris Porto-alegrense. Na oportunidade, foi realizado o relato do quadro atual dessa que \u00e9 a mais antiga empresa de transporte coletivo em atividade no pa\u00eds, que neste m\u00eas de junho completou [&hellip;]<\/p>\n","protected":false},"author":4,"featured_media":0,"comment_status":"open","ping_status":"closed","sticky":false,"template":"","format":"standard","meta":{"_jetpack_newsletter_access":"","_jetpack_dont_email_post_to_subs":false,"_jetpack_newsletter_tier_id":0,"_jetpack_memberships_contains_paywalled_content":false,"_jetpack_feature_clip_id":0,"_jetpack_memberships_contains_paid_content":false,"footnotes":"","jetpack_post_was_ever_published":false},"categories":[10],"tags":[],"class_list":["post-51064","post","type-post","status-publish","format-standard","hentry","category-analiseopiniao"],"aioseo_notices":[],"aioseo_head":"\n\t\t<!-- All in One SEO 5.0.1.1 - aioseo.com -->\n\t<meta name=\"robots\" content=\"max-image-preview:large\" \/>\n\t<meta name=\"author\" content=\"da Reda\u00e7\u00e3o\"\/>\n\t<link rel=\"canonical\" href=\"https:\/\/www.jornalja.com.br\/arquivo\/a-carris-e-o-sucateamento-programado\/\" \/>\n\t<meta name=\"generator\" content=\"All in One SEO (AIOSEO) 5.0.1.1\" \/>\n\t\t<meta property=\"og:locale\" content=\"pt_BR\" \/>\n\t\t<meta property=\"og:site_name\" content=\"Arquivo | Jornal J\u00c1 | Porto Alegre\" \/>\n\t\t<meta property=\"og:type\" content=\"article\" \/>\n\t\t<meta property=\"og:title\" content=\"A Carris e o sucateamento programado | Arquivo\" \/>\n\t\t<meta property=\"og:url\" content=\"https:\/\/www.jornalja.com.br\/arquivo\/a-carris-e-o-sucateamento-programado\/\" \/>\n\t\t<meta property=\"og:image\" content=\"https:\/\/www.jornalja.com.br\/economics\/wp-content\/uploads\/sites\/11\/2026\/08\/ja-folhaderosto-facebook.jpg\" \/>\n\t\t<meta property=\"og:image:secure_url\" content=\"https:\/\/www.jornalja.com.br\/economics\/wp-content\/uploads\/sites\/11\/2026\/08\/ja-folhaderosto-facebook.jpg\" \/>\n\t\t<meta property=\"article:published_time\" content=\"2017-07-06T22:36:33+00:00\" \/>\n\t\t<meta property=\"article:modified_time\" content=\"2017-07-06T22:36:33+00:00\" \/>\n\t\t<meta name=\"twitter:card\" content=\"summary\" \/>\n\t\t<meta name=\"twitter:title\" content=\"A Carris e o sucateamento programado | Arquivo\" \/>\n\t\t<meta name=\"twitter:image\" content=\"https:\/\/www.jornalja.com.br\/economics\/wp-content\/uploads\/sites\/11\/2026\/08\/ja-folhaderosto-facebook.jpg\" \/>\n\t\t<script type=\"application\/ld+json\" class=\"aioseo-schema\">\n\t\t\t{\"@context\":\"https:\\\/\\\/schema.org\",\"@graph\":[{\"@type\":\"BlogPosting\",\"@id\":\"https:\\\/\\\/www.jornalja.com.br\\\/arquivo\\\/a-carris-e-o-sucateamento-programado\\\/#blogposting\",\"name\":\"A Carris e o sucateamento programado | Arquivo\",\"headline\":\"A Carris e o sucateamento programado\",\"author\":{\"@id\":\"https:\\\/\\\/www.jornalja.com.br\\\/arquivo\\\/author\\\/daredacao\\\/#author\"},\"publisher\":{\"@id\":\"https:\\\/\\\/www.jornalja.com.br\\\/arquivo\\\/#organization\"},\"image\":{\"@type\":\"ImageObject\",\"url\":\"https:\\\/\\\/www.jornalja.com.br\\\/wp-content\\\/uploads\\\/cards\\\/JAslogan.png\",\"@id\":\"https:\\\/\\\/www.jornalja.com.br\\\/arquivo\\\/#articleImage\"},\"datePublished\":\"2017-07-06T19:36:33-03:00\",\"dateModified\":\"2017-07-06T19:36:33-03:00\",\"inLanguage\":\"pt-BR\",\"mainEntityOfPage\":{\"@id\":\"https:\\\/\\\/www.jornalja.com.br\\\/arquivo\\\/a-carris-e-o-sucateamento-programado\\\/#webpage\"},\"isPartOf\":{\"@id\":\"https:\\\/\\\/www.jornalja.com.br\\\/arquivo\\\/a-carris-e-o-sucateamento-programado\\\/#webpage\"},\"articleSection\":\"AN\\u00c1LISE&amp;OPINI\\u00c3O\"},{\"@type\":\"BreadcrumbList\",\"@id\":\"https:\\\/\\\/www.jornalja.com.br\\\/arquivo\\\/a-carris-e-o-sucateamento-programado\\\/#breadcrumblist\",\"itemListElement\":[{\"@type\":\"ListItem\",\"@id\":\"https:\\\/\\\/www.jornalja.com.br\\\/arquivo#listItem\",\"position\":1,\"name\":\"Home\",\"item\":\"https:\\\/\\\/www.jornalja.com.br\\\/arquivo\",\"nextItem\":{\"@type\":\"ListItem\",\"@id\":\"https:\\\/\\\/www.jornalja.com.br\\\/arquivo\\\/category\\\/analiseopiniao\\\/#listItem\",\"name\":\"AN\\u00c1LISE&amp;OPINI\\u00c3O\"}},{\"@type\":\"ListItem\",\"@id\":\"https:\\\/\\\/www.jornalja.com.br\\\/arquivo\\\/category\\\/analiseopiniao\\\/#listItem\",\"position\":2,\"name\":\"AN\\u00c1LISE&amp;OPINI\\u00c3O\",\"item\":\"https:\\\/\\\/www.jornalja.com.br\\\/arquivo\\\/category\\\/analiseopiniao\\\/\",\"nextItem\":{\"@type\":\"ListItem\",\"@id\":\"https:\\\/\\\/www.jornalja.com.br\\\/arquivo\\\/a-carris-e-o-sucateamento-programado\\\/#listItem\",\"name\":\"A Carris e o sucateamento programado\"},\"previousItem\":{\"@type\":\"ListItem\",\"@id\":\"https:\\\/\\\/www.jornalja.com.br\\\/arquivo#listItem\",\"name\":\"Home\"}},{\"@type\":\"ListItem\",\"@id\":\"https:\\\/\\\/www.jornalja.com.br\\\/arquivo\\\/a-carris-e-o-sucateamento-programado\\\/#listItem\",\"position\":3,\"name\":\"A Carris e o sucateamento programado\",\"previousItem\":{\"@type\":\"ListItem\",\"@id\":\"https:\\\/\\\/www.jornalja.com.br\\\/arquivo\\\/category\\\/analiseopiniao\\\/#listItem\",\"name\":\"AN\\u00c1LISE&amp;OPINI\\u00c3O\"}}]},{\"@type\":\"Organization\",\"@id\":\"https:\\\/\\\/www.jornalja.com.br\\\/arquivo\\\/#organization\",\"name\":\"Jornal J\\u00c1\",\"description\":\"Jornal J\\u00c1 | Porto Alegre\",\"url\":\"https:\\\/\\\/www.jornalja.com.br\\\/arquivo\\\/\",\"telephone\":\"+555133307272\",\"logo\":{\"@type\":\"ImageObject\",\"url\":\"https:\\\/\\\/www.jornalja.com.br\\\/wp-content\\\/uploads\\\/cards\\\/JAslogan.png\",\"@id\":\"https:\\\/\\\/www.jornalja.com.br\\\/arquivo\\\/a-carris-e-o-sucateamento-programado\\\/#organizationLogo\"},\"image\":{\"@id\":\"https:\\\/\\\/www.jornalja.com.br\\\/arquivo\\\/a-carris-e-o-sucateamento-programado\\\/#organizationLogo\"}},{\"@type\":\"Person\",\"@id\":\"https:\\\/\\\/www.jornalja.com.br\\\/arquivo\\\/author\\\/daredacao\\\/#author\",\"url\":\"https:\\\/\\\/www.jornalja.com.br\\\/arquivo\\\/author\\\/daredacao\\\/\",\"name\":\"da Reda\\u00e7\\u00e3o\",\"image\":{\"@type\":\"ImageObject\",\"@id\":\"https:\\\/\\\/www.jornalja.com.br\\\/arquivo\\\/a-carris-e-o-sucateamento-programado\\\/#authorImage\",\"url\":\"https:\\\/\\\/secure.gravatar.com\\\/avatar\\\/469fd857d6605ad19919d27ed29d35a968a25f6e8fd9318356bbb7f57aae9c65?s=96&d=mm&r=g\",\"width\":96,\"height\":96,\"caption\":\"da Reda\\u00e7\\u00e3o\"}},{\"@type\":\"WebPage\",\"@id\":\"https:\\\/\\\/www.jornalja.com.br\\\/arquivo\\\/a-carris-e-o-sucateamento-programado\\\/#webpage\",\"url\":\"https:\\\/\\\/www.jornalja.com.br\\\/arquivo\\\/a-carris-e-o-sucateamento-programado\\\/\",\"name\":\"A Carris e o sucateamento programado | Arquivo\",\"inLanguage\":\"pt-BR\",\"isPartOf\":{\"@id\":\"https:\\\/\\\/www.jornalja.com.br\\\/arquivo\\\/#website\"},\"breadcrumb\":{\"@id\":\"https:\\\/\\\/www.jornalja.com.br\\\/arquivo\\\/a-carris-e-o-sucateamento-programado\\\/#breadcrumblist\"},\"author\":{\"@id\":\"https:\\\/\\\/www.jornalja.com.br\\\/arquivo\\\/author\\\/daredacao\\\/#author\"},\"creator\":{\"@id\":\"https:\\\/\\\/www.jornalja.com.br\\\/arquivo\\\/author\\\/daredacao\\\/#author\"},\"datePublished\":\"2017-07-06T19:36:33-03:00\",\"dateModified\":\"2017-07-06T19:36:33-03:00\"},{\"@type\":\"WebSite\",\"@id\":\"https:\\\/\\\/www.jornalja.com.br\\\/arquivo\\\/#website\",\"url\":\"https:\\\/\\\/www.jornalja.com.br\\\/arquivo\\\/\",\"name\":\"Arquivo\",\"description\":\"Jornal J\\u00c1 | Porto Alegre\",\"inLanguage\":\"pt-BR\",\"publisher\":{\"@id\":\"https:\\\/\\\/www.jornalja.com.br\\\/arquivo\\\/#organization\"}}]}\n\t\t<\/script>\n\t\t<!-- All in One SEO -->\n\n","aioseo_head_json":{"title":"A Carris e o sucateamento programado | Arquivo","description":"","canonical_url":"https:\/\/www.jornalja.com.br\/arquivo\/a-carris-e-o-sucateamento-programado\/","robots":"max-image-preview:large","keywords":"","webmasterTools":{"miscellaneous":""},"schema":{"@context":"https:\/\/schema.org","@graph":[{"@type":"BlogPosting","@id":"https:\/\/www.jornalja.com.br\/arquivo\/a-carris-e-o-sucateamento-programado\/#blogposting","name":"A Carris e o sucateamento programado | Arquivo","headline":"A Carris e o sucateamento programado","author":{"@id":"https:\/\/www.jornalja.com.br\/arquivo\/author\/daredacao\/#author"},"publisher":{"@id":"https:\/\/www.jornalja.com.br\/arquivo\/#organization"},"image":{"@type":"ImageObject","url":"https:\/\/www.jornalja.com.br\/wp-content\/uploads\/cards\/JAslogan.png","@id":"https:\/\/www.jornalja.com.br\/arquivo\/#articleImage"},"datePublished":"2017-07-06T19:36:33-03:00","dateModified":"2017-07-06T19:36:33-03:00","inLanguage":"pt-BR","mainEntityOfPage":{"@id":"https:\/\/www.jornalja.com.br\/arquivo\/a-carris-e-o-sucateamento-programado\/#webpage"},"isPartOf":{"@id":"https:\/\/www.jornalja.com.br\/arquivo\/a-carris-e-o-sucateamento-programado\/#webpage"},"articleSection":"AN\u00c1LISE&amp;OPINI\u00c3O"},{"@type":"BreadcrumbList","@id":"https:\/\/www.jornalja.com.br\/arquivo\/a-carris-e-o-sucateamento-programado\/#breadcrumblist","itemListElement":[{"@type":"ListItem","@id":"https:\/\/www.jornalja.com.br\/arquivo#listItem","position":1,"name":"Home","item":"https:\/\/www.jornalja.com.br\/arquivo","nextItem":{"@type":"ListItem","@id":"https:\/\/www.jornalja.com.br\/arquivo\/category\/analiseopiniao\/#listItem","name":"AN\u00c1LISE&amp;OPINI\u00c3O"}},{"@type":"ListItem","@id":"https:\/\/www.jornalja.com.br\/arquivo\/category\/analiseopiniao\/#listItem","position":2,"name":"AN\u00c1LISE&amp;OPINI\u00c3O","item":"https:\/\/www.jornalja.com.br\/arquivo\/category\/analiseopiniao\/","nextItem":{"@type":"ListItem","@id":"https:\/\/www.jornalja.com.br\/arquivo\/a-carris-e-o-sucateamento-programado\/#listItem","name":"A Carris e o sucateamento programado"},"previousItem":{"@type":"ListItem","@id":"https:\/\/www.jornalja.com.br\/arquivo#listItem","name":"Home"}},{"@type":"ListItem","@id":"https:\/\/www.jornalja.com.br\/arquivo\/a-carris-e-o-sucateamento-programado\/#listItem","position":3,"name":"A Carris e o sucateamento programado","previousItem":{"@type":"ListItem","@id":"https:\/\/www.jornalja.com.br\/arquivo\/category\/analiseopiniao\/#listItem","name":"AN\u00c1LISE&amp;OPINI\u00c3O"}}]},{"@type":"Organization","@id":"https:\/\/www.jornalja.com.br\/arquivo\/#organization","name":"Jornal J\u00c1","description":"Jornal J\u00c1 | Porto Alegre","url":"https:\/\/www.jornalja.com.br\/arquivo\/","telephone":"+555133307272","logo":{"@type":"ImageObject","url":"https:\/\/www.jornalja.com.br\/wp-content\/uploads\/cards\/JAslogan.png","@id":"https:\/\/www.jornalja.com.br\/arquivo\/a-carris-e-o-sucateamento-programado\/#organizationLogo"},"image":{"@id":"https:\/\/www.jornalja.com.br\/arquivo\/a-carris-e-o-sucateamento-programado\/#organizationLogo"}},{"@type":"Person","@id":"https:\/\/www.jornalja.com.br\/arquivo\/author\/daredacao\/#author","url":"https:\/\/www.jornalja.com.br\/arquivo\/author\/daredacao\/","name":"da Reda\u00e7\u00e3o","image":{"@type":"ImageObject","@id":"https:\/\/www.jornalja.com.br\/arquivo\/a-carris-e-o-sucateamento-programado\/#authorImage","url":"https:\/\/secure.gravatar.com\/avatar\/469fd857d6605ad19919d27ed29d35a968a25f6e8fd9318356bbb7f57aae9c65?s=96&d=mm&r=g","width":96,"height":96,"caption":"da Reda\u00e7\u00e3o"}},{"@type":"WebPage","@id":"https:\/\/www.jornalja.com.br\/arquivo\/a-carris-e-o-sucateamento-programado\/#webpage","url":"https:\/\/www.jornalja.com.br\/arquivo\/a-carris-e-o-sucateamento-programado\/","name":"A Carris e o sucateamento programado | Arquivo","inLanguage":"pt-BR","isPartOf":{"@id":"https:\/\/www.jornalja.com.br\/arquivo\/#website"},"breadcrumb":{"@id":"https:\/\/www.jornalja.com.br\/arquivo\/a-carris-e-o-sucateamento-programado\/#breadcrumblist"},"author":{"@id":"https:\/\/www.jornalja.com.br\/arquivo\/author\/daredacao\/#author"},"creator":{"@id":"https:\/\/www.jornalja.com.br\/arquivo\/author\/daredacao\/#author"},"datePublished":"2017-07-06T19:36:33-03:00","dateModified":"2017-07-06T19:36:33-03:00"},{"@type":"WebSite","@id":"https:\/\/www.jornalja.com.br\/arquivo\/#website","url":"https:\/\/www.jornalja.com.br\/arquivo\/","name":"Arquivo","description":"Jornal J\u00c1 | Porto Alegre","inLanguage":"pt-BR","publisher":{"@id":"https:\/\/www.jornalja.com.br\/arquivo\/#organization"}}]},"og:locale":"pt_BR","og:site_name":"Arquivo | Jornal J\u00c1 | Porto Alegre","og:type":"article","og:title":"A Carris e o sucateamento programado | Arquivo","og:url":"https:\/\/www.jornalja.com.br\/arquivo\/a-carris-e-o-sucateamento-programado\/","og:image":"https:\/\/www.jornalja.com.br\/economics\/wp-content\/uploads\/sites\/11\/2026\/08\/ja-folhaderosto-facebook.jpg","og:image:secure_url":"https:\/\/www.jornalja.com.br\/economics\/wp-content\/uploads\/sites\/11\/2026\/08\/ja-folhaderosto-facebook.jpg","article:published_time":"2017-07-06T22:36:33+00:00","article:modified_time":"2017-07-06T22:36:33+00:00","twitter:card":"summary","twitter:title":"A Carris e o sucateamento programado | Arquivo","twitter:image":"https:\/\/www.jornalja.com.br\/economics\/wp-content\/uploads\/sites\/11\/2026\/08\/ja-folhaderosto-facebook.jpg"},"aioseo_meta_data":{"post_id":"51064","title":null,"description":null,"keywords":null,"keyphrases":null,"primary_term":null,"canonical_url":null,"og_title":null,"og_description":null,"og_object_type":"default","og_image_type":"default","og_image_url":null,"og_image_width":null,"og_image_height":null,"og_image_custom_url":null,"og_image_custom_fields":null,"og_video":null,"og_custom_url":null,"og_article_section":null,"og_article_tags":null,"twitter_use_og":false,"twitter_card":"default","twitter_image_type":"default","twitter_image_url":null,"twitter_image_custom_url":null,"twitter_image_custom_fields":null,"twitter_title":null,"twitter_description":null,"schema":{"blockGraphs":[],"customGraphs":[],"default":{"data":{"Article":[],"Course":[],"Dataset":[],"FAQPage":[],"Movie":[],"Person":[],"Product":[],"ProductReview":[],"Car":[],"Recipe":[],"Service":[],"SoftwareApplication":[],"WebPage":[]},"graphName":"","isEnabled":true},"graphs":[],"defaultGraph":"","defaultPostTypeGraph":""},"schema_type":null,"schema_type_options":null,"pillar_content":false,"robots_default":true,"robots_noindex":false,"robots_noarchive":false,"robots_nosnippet":false,"robots_nofollow":false,"robots_noimageindex":false,"robots_noodp":false,"robots_notranslate":false,"robots_max_snippet":null,"robots_max_videopreview":null,"robots_max_imagepreview":"large","priority":null,"frequency":null,"location":null,"local_seo":null,"breadcrumb_settings":null,"limit_modified_date":false,"ai":null,"created":"2020-12-20 20:29:58","updated":"2025-07-19 22:54:45","seo_analyzer_scan_date":null,"focus_keyword":null,"additional_keywords":null,"truseo_locale":null},"jetpack_sharing_enabled":true,"jetpack-related-posts":[{"id":13124,"url":"https:\/\/www.jornalja.com.br\/arquivo\/sangue-latino-no-iecine\/","url_meta":{"origin":51064,"position":0},"title":"Sangue latino no IECINE","author":"da Reda\u00e7\u00e3o","date":"18 de maio de 2014","format":false,"excerpt":"Francisco Ribeiro O Instituto Estadual de Cinema (IECINE) tem a frente, desde abril \u00faltimo, um novo diretor, o cineasta colombiano Juan Zapata, 36, que substitui Luiz Alberto Cassol. Radicado h\u00e1 dez anos em Porto Alegre, Zapata tem diante de si o desafio de conduzir at\u00e9 o final do ano um\u2026","rel":"","context":"Em &quot;Cultura-Geral&quot;","block_context":{"text":"Cultura-Geral","link":"https:\/\/www.jornalja.com.br\/arquivo\/category\/materiasecundaria\/"},"img":{"alt_text":"","src":"","width":0,"height":0},"classes":[]},{"id":12960,"url":"https:\/\/www.jornalja.com.br\/arquivo\/populacao-culpa-empresas-pela-greve-dos-rodoviarios\/","url_meta":{"origin":51064,"position":1},"title":"Popula\u00e7\u00e3o culpa empresas pela greve","author":"Patr\u00edcia Marini","date":"14 de fevereiro de 2014","format":false,"excerpt":"Pesquisa divulgada na edi\u00e7\u00e3o do jornal Metro desta sexta-feira,14, comprova o velho ditado: \u00e9 poss\u00edvel enganar muitos por algum tempo, mas n\u00e3o \u00e9 poss\u00edvel enganar a todos o tempo inteiro. A principal revela\u00e7\u00e3o foi que 59,8% dos entrevistados apontaram as empresas como as principais respons\u00e1veis pela grave e 46% culparam\u2026","rel":"","context":"Em &quot;X.Categorias velhas&quot;","block_context":{"text":"X.Categorias velhas","link":"https:\/\/www.jornalja.com.br\/arquivo\/category\/x-categorias-velhas\/"},"img":{"alt_text":"","src":"","width":0,"height":0},"classes":[]},{"id":5440,"url":"https:\/\/www.jornalja.com.br\/arquivo\/casarao-da-venancio-destino-permanece-incerto\/","url_meta":{"origin":51064,"position":2},"title":"Estado ainda n\u00e3o sabe o que fazer com casar\u00e3o abandonado h\u00e1 20 anos","author":"Elmar Bones","date":"6 de julho de 2009","format":false,"excerpt":"O casar\u00e3o amarelo, numa esquina nobre de Porto Alegre (Ven\u00e2ncio Aires com Jo\u00e3o Pessoa), j\u00e1 abrigou uma escola. H\u00e1 duas d\u00e9cadas, pelo menos, est\u00e1 abandonado, porque seu propriet\u00e1rio, o governo do Estado do Rio Grande do Sul, n\u00e3o consegue achar um destino para ele. Planos n\u00e3o faltaram. O governador Ol\u00edvio\u2026","rel":"","context":"Em &quot;X.Categorias velhas&quot;","block_context":{"text":"X.Categorias velhas","link":"https:\/\/www.jornalja.com.br\/arquivo\/category\/x-categorias-velhas\/"},"img":{"alt_text":"geraldo1","src":"https:\/\/i0.wp.com\/www.jornalja.com.br\/wp-content\/uploads\/2009\/07\/geraldo1.jpg?resize=350%2C200&ssl=1","width":350,"height":200},"classes":[]},{"id":13240,"url":"https:\/\/www.jornalja.com.br\/arquivo\/plano-diretor-estamos-construindo-o-caos\/","url_meta":{"origin":51064,"position":3},"title":"Plano diretor: &quot;Estamos construindo o caos&quot;","author":"Patr\u00edcia Marini","date":"26 de maio de 2014","format":false,"excerpt":"Desabafo que arquiteta Eliana Castilhos, delegada da Regi\u00e3o de Planejamento 1, postou nas redes sociais \u00e9 um testemunho do ambiente que se criou no Conselho do Plano Diretor de Porto Alegre, onde a aprova\u00e7\u00e3o de grandes empreendimentos \u00e9 empurrada guela abaixo dos conselheiros. Ao CMDUA Como delegada da Regi\u00e3o de\u2026","rel":"","context":"Em &quot;Geral&quot;","block_context":{"text":"Geral","link":"https:\/\/www.jornalja.com.br\/arquivo\/category\/geral\/"},"img":{"alt_text":"","src":"","width":0,"height":0},"classes":[]}],"jetpack_shortlink":"https:\/\/wp.me\/pbQjBd-dhC","jetpack_featured_media_url":"","_links":{"self":[{"href":"https:\/\/www.jornalja.com.br\/arquivo\/wp-json\/wp\/v2\/posts\/51064","targetHints":{"allow":["GET"]}}],"collection":[{"href":"https:\/\/www.jornalja.com.br\/arquivo\/wp-json\/wp\/v2\/posts"}],"about":[{"href":"https:\/\/www.jornalja.com.br\/arquivo\/wp-json\/wp\/v2\/types\/post"}],"author":[{"embeddable":true,"href":"https:\/\/www.jornalja.com.br\/arquivo\/wp-json\/wp\/v2\/users\/4"}],"replies":[{"embeddable":true,"href":"https:\/\/www.jornalja.com.br\/arquivo\/wp-json\/wp\/v2\/comments?post=51064"}],"version-history":[{"count":0,"href":"https:\/\/www.jornalja.com.br\/arquivo\/wp-json\/wp\/v2\/posts\/51064\/revisions"}],"wp:attachment":[{"href":"https:\/\/www.jornalja.com.br\/arquivo\/wp-json\/wp\/v2\/media?parent=51064"}],"wp:term":[{"taxonomy":"category","embeddable":true,"href":"https:\/\/www.jornalja.com.br\/arquivo\/wp-json\/wp\/v2\/categories?post=51064"},{"taxonomy":"post_tag","embeddable":true,"href":"https:\/\/www.jornalja.com.br\/arquivo\/wp-json\/wp\/v2\/tags?post=51064"}],"curies":[{"name":"wp","href":"https:\/\/api.w.org\/{rel}","templated":true}]}}