{"id":51071,"date":"2017-07-07T13:19:33","date_gmt":"2017-07-07T16:19:33","guid":{"rendered":"https:\/\/www.jornalja.com.br\/?p=51071"},"modified":"2017-07-07T13:19:33","modified_gmt":"2017-07-07T16:19:33","slug":"vereadores-apresentam-relatorio-sobre-a-precarizacao-da-saude-em-porto-alegre","status":"publish","type":"post","link":"https:\/\/www.jornalja.com.br\/arquivo\/vereadores-apresentam-relatorio-sobre-a-precarizacao-da-saude-em-porto-alegre\/","title":{"rendered":"Vereadores apresentam relat\u00f3rio sobre a &quot;precariza\u00e7\u00e3o da sa\u00fade em Porto Alegre&quot;"},"content":{"rendered":"<p><span class=\"assina\">Felipe Uhr<\/span><br \/>\nVereadores da Comiss\u00e3o de Sa\u00fade e Meio Ambiente (Cosmam) apresentam nesta tarde de sexta-feira ao secret\u00e1rio da sa\u00fade Erno Harzheim um relat\u00f3rio\u00a0de visitas a hospitais e unidades da sa\u00fade de Porto Alegre feitos\u00a0no primeiro semestre.<br \/>\n&#8220;H\u00e1 uma precariza\u00e7\u00e3o no setor&#8221;, avalia o presidente da Comiss\u00e3o, vereador Andr\u00e9 Car\u00fas (PMDB).<br \/>\nAs visitas foram realizadas em dois hospitais; HPS e Presidente Vargas, tr\u00eas unidades de Pronto Atendimento; Cruzeiro, Bom Jesus e Lomba do Pinheiro e seis unidades b\u00e1sicas de sa\u00fade;Gl\u00f3ria, 1\u00ba de maio, Guaruj\u00e1, Jenor Jarros, Apar\u00edcio Borges e Santa Marta.<br \/>\nForam constatados problemas gerais em comum em todos as unidades como falta de recursos humanos, materiais hospitalares e rem\u00e9dios.<br \/>\nNos hospitais, o principal problema \u00e9 o d\u00e9ficit de profissionais. Faltam pelo menos 60. &#8220;No Presidente Vargas, h\u00e1 4 salas prontas de atendimentos fechadas pois n\u00e3o h\u00e1 profissionais&#8221; afirmou Car\u00fas.<br \/>\nNo HPS, a situa\u00e7\u00e3o n\u00e3o \u00e9 diferente: pelo menos 180\u00a0t\u00e9cnicos est\u00e3o aguardando aposentadoria. Ou seja, comp\u00f5e o quadro funcional e n\u00e3o podem ser repostos pois ainda n\u00e3o h\u00e1 vagas liberadas. Diferencia\u00e7\u00e3o no percentual de insalubridade dos funcion\u00e1rio &#8211; Vereadores da Comiss\u00e3o de Sa\u00fade e Meio Ambiente (Cosmam) apresentam nesta tarde de sexta-feira ao secret\u00e1rio da sa\u00fade Erno Harzheim um relat\u00f3rio\u00a0de visitas a hospitais e unidades da sa\u00fade de Porto Alegre feitos\u00a0no primeiro semestre &#8211; alguns ganham 20%, outros, 40% &#8211; tamb\u00e9m \u00e9 outro problema.<br \/>\nNos postos de Pronto Atendimento visitados h\u00e1 um problema maior: a inseguran\u00e7a. Tiroteios, viol\u00eancia e falta de guarda municipal foram relatados. Uma maior efetividade da Guarda Municipal j\u00e1 foi cobrada para refor\u00e7ar a seguran\u00e7a.<br \/>\nNas unidades b\u00e1sicas de sa\u00fade a situa\u00e7\u00e3o n\u00e3o \u00e9 diferente. Al\u00e9m da falta de pessoal, de materiais e de rem\u00e9dios, alguns reparos estruturais precisam ser consertados.<br \/>\nA Comiss\u00e3o pretende cobrar da Prefeitura solu\u00e7\u00f5es para esses problemas. &#8220;Vamos cobrar melhorias, mais nomea\u00e7\u00f5es e\u00a0saber quais as medidas de seguran\u00e7a est\u00e3o sendo adotadas&#8221; finalizou Car\u00fas.<br \/>\nO presidente da Comiss\u00e3o tamb\u00e9m lembrou que Executivo ficou de mandar, at\u00e9 o dia 15, para ser votado com urg\u00eancia um projeto no qual altera a autoriza\u00e7\u00e3o da contrata\u00e7\u00e3o de 70 auxiliares em enfermagem para t\u00e9cnicos de enfermagem. Profissionais dessa \u00e1rea est\u00e3o se aposentando at\u00e9 o final do ano e, por isso, a aprova\u00e7\u00e3o do projeto se faz necess\u00e1ria at\u00e9 dezembro.<br \/>\n<a href=\"http:\/\/www.camarapoa.rs.gov.br\/arquivos\/44\/download\">Leia aqui o relat\u00f3rio<\/a><br \/>\n&nbsp;<br \/>\n&nbsp;<\/p>\n","protected":false},"excerpt":{"rendered":"<p>Felipe Uhr Vereadores da Comiss\u00e3o de Sa\u00fade e Meio Ambiente (Cosmam) apresentam nesta tarde de sexta-feira ao secret\u00e1rio da sa\u00fade Erno Harzheim um relat\u00f3rio\u00a0de visitas a hospitais e unidades da sa\u00fade de Porto Alegre feitos\u00a0no primeiro semestre. &#8220;H\u00e1 uma precariza\u00e7\u00e3o no setor&#8221;, avalia o presidente da Comiss\u00e3o, vereador Andr\u00e9 Car\u00fas (PMDB). As visitas foram realizadas [&hellip;]<\/p>\n","protected":false},"author":4,"featured_media":51078,"comment_status":"open","ping_status":"closed","sticky":false,"template":"","format":"standard","meta":{"_jetpack_newsletter_access":"","_jetpack_dont_email_post_to_subs":false,"_jetpack_newsletter_tier_id":0,"_jetpack_memberships_contains_paywalled_content":false,"_jetpack_feature_clip_id":0,"_jetpack_memberships_contains_paid_content":false,"footnotes":"","jetpack_post_was_ever_published":false},"categories":[26],"tags":[],"class_list":["post-51071","post","type-post","status-publish","format-standard","has-post-thumbnail","hentry","category-geral"],"aioseo_notices":[],"aioseo_head":"\n\t\t<!-- All in One SEO 5.0.1.1 - aioseo.com -->\n\t<meta name=\"robots\" content=\"max-image-preview:large\" \/>\n\t<meta name=\"author\" content=\"da Reda\u00e7\u00e3o\"\/>\n\t<link rel=\"canonical\" href=\"https:\/\/www.jornalja.com.br\/arquivo\/vereadores-apresentam-relatorio-sobre-a-precarizacao-da-saude-em-porto-alegre\/\" \/>\n\t<meta name=\"generator\" content=\"All in One SEO (AIOSEO) 5.0.1.1\" \/>\n\t\t<meta property=\"og:locale\" content=\"pt_BR\" \/>\n\t\t<meta property=\"og:site_name\" content=\"Arquivo | Jornal J\u00c1 | Porto Alegre\" \/>\n\t\t<meta property=\"og:type\" content=\"article\" \/>\n\t\t<meta property=\"og:title\" content=\"Vereadores apresentam relat\u00f3rio sobre a &quot;precariza\u00e7\u00e3o da sa\u00fade em Porto Alegre&quot; | Arquivo\" \/>\n\t\t<meta property=\"og:url\" content=\"https:\/\/www.jornalja.com.br\/arquivo\/vereadores-apresentam-relatorio-sobre-a-precarizacao-da-saude-em-porto-alegre\/\" \/>\n\t\t<meta property=\"og:image\" content=\"https:\/\/www.jornalja.com.br\/economics\/wp-content\/uploads\/sites\/11\/2026\/08\/ja-folhaderosto-facebook.jpg\" \/>\n\t\t<meta property=\"og:image:secure_url\" content=\"https:\/\/www.jornalja.com.br\/economics\/wp-content\/uploads\/sites\/11\/2026\/08\/ja-folhaderosto-facebook.jpg\" \/>\n\t\t<meta property=\"article:published_time\" content=\"2017-07-07T16:19:33+00:00\" \/>\n\t\t<meta property=\"article:modified_time\" content=\"2017-07-07T16:19:33+00:00\" \/>\n\t\t<meta name=\"twitter:card\" content=\"summary\" \/>\n\t\t<meta name=\"twitter:title\" content=\"Vereadores apresentam relat\u00f3rio sobre a &quot;precariza\u00e7\u00e3o da sa\u00fade em Porto Alegre&quot; | Arquivo\" \/>\n\t\t<meta name=\"twitter:image\" content=\"https:\/\/www.jornalja.com.br\/economics\/wp-content\/uploads\/sites\/11\/2026\/08\/ja-folhaderosto-facebook.jpg\" \/>\n\t\t<script type=\"application\/ld+json\" class=\"aioseo-schema\">\n\t\t\t{\"@context\":\"https:\\\/\\\/schema.org\",\"@graph\":[{\"@type\":\"BlogPosting\",\"@id\":\"https:\\\/\\\/www.jornalja.com.br\\\/arquivo\\\/vereadores-apresentam-relatorio-sobre-a-precarizacao-da-saude-em-porto-alegre\\\/#blogposting\",\"name\":\"Vereadores apresentam relat\\u00f3rio sobre a \\\"precariza\\u00e7\\u00e3o da sa\\u00fade em Porto Alegre\\\" | Arquivo\",\"headline\":\"Vereadores apresentam relat\\u00f3rio sobre a &quot;precariza\\u00e7\\u00e3o da sa\\u00fade em Porto Alegre&quot;\",\"author\":{\"@id\":\"https:\\\/\\\/www.jornalja.com.br\\\/arquivo\\\/author\\\/daredacao\\\/#author\"},\"publisher\":{\"@id\":\"https:\\\/\\\/www.jornalja.com.br\\\/arquivo\\\/#organization\"},\"image\":{\"@type\":\"ImageObject\",\"url\":51078},\"datePublished\":\"2017-07-07T13:19:33-03:00\",\"dateModified\":\"2017-07-07T13:19:33-03:00\",\"inLanguage\":\"pt-BR\",\"mainEntityOfPage\":{\"@id\":\"https:\\\/\\\/www.jornalja.com.br\\\/arquivo\\\/vereadores-apresentam-relatorio-sobre-a-precarizacao-da-saude-em-porto-alegre\\\/#webpage\"},\"isPartOf\":{\"@id\":\"https:\\\/\\\/www.jornalja.com.br\\\/arquivo\\\/vereadores-apresentam-relatorio-sobre-a-precarizacao-da-saude-em-porto-alegre\\\/#webpage\"},\"articleSection\":\"Geral\"},{\"@type\":\"BreadcrumbList\",\"@id\":\"https:\\\/\\\/www.jornalja.com.br\\\/arquivo\\\/vereadores-apresentam-relatorio-sobre-a-precarizacao-da-saude-em-porto-alegre\\\/#breadcrumblist\",\"itemListElement\":[{\"@type\":\"ListItem\",\"@id\":\"https:\\\/\\\/www.jornalja.com.br\\\/arquivo#listItem\",\"position\":1,\"name\":\"Home\",\"item\":\"https:\\\/\\\/www.jornalja.com.br\\\/arquivo\",\"nextItem\":{\"@type\":\"ListItem\",\"@id\":\"https:\\\/\\\/www.jornalja.com.br\\\/arquivo\\\/category\\\/geral\\\/#listItem\",\"name\":\"Geral\"}},{\"@type\":\"ListItem\",\"@id\":\"https:\\\/\\\/www.jornalja.com.br\\\/arquivo\\\/category\\\/geral\\\/#listItem\",\"position\":2,\"name\":\"Geral\",\"item\":\"https:\\\/\\\/www.jornalja.com.br\\\/arquivo\\\/category\\\/geral\\\/\",\"nextItem\":{\"@type\":\"ListItem\",\"@id\":\"https:\\\/\\\/www.jornalja.com.br\\\/arquivo\\\/vereadores-apresentam-relatorio-sobre-a-precarizacao-da-saude-em-porto-alegre\\\/#listItem\",\"name\":\"Vereadores apresentam relat\\u00f3rio sobre a &quot;precariza\\u00e7\\u00e3o da sa\\u00fade em Porto Alegre&quot;\"},\"previousItem\":{\"@type\":\"ListItem\",\"@id\":\"https:\\\/\\\/www.jornalja.com.br\\\/arquivo#listItem\",\"name\":\"Home\"}},{\"@type\":\"ListItem\",\"@id\":\"https:\\\/\\\/www.jornalja.com.br\\\/arquivo\\\/vereadores-apresentam-relatorio-sobre-a-precarizacao-da-saude-em-porto-alegre\\\/#listItem\",\"position\":3,\"name\":\"Vereadores apresentam relat\\u00f3rio sobre a &quot;precariza\\u00e7\\u00e3o da sa\\u00fade em Porto Alegre&quot;\",\"previousItem\":{\"@type\":\"ListItem\",\"@id\":\"https:\\\/\\\/www.jornalja.com.br\\\/arquivo\\\/category\\\/geral\\\/#listItem\",\"name\":\"Geral\"}}]},{\"@type\":\"Organization\",\"@id\":\"https:\\\/\\\/www.jornalja.com.br\\\/arquivo\\\/#organization\",\"name\":\"Jornal J\\u00c1\",\"description\":\"Jornal J\\u00c1 | Porto Alegre\",\"url\":\"https:\\\/\\\/www.jornalja.com.br\\\/arquivo\\\/\",\"telephone\":\"+555133307272\",\"logo\":{\"@type\":\"ImageObject\",\"url\":\"https:\\\/\\\/www.jornalja.com.br\\\/wp-content\\\/uploads\\\/cards\\\/JAslogan.png\",\"@id\":\"https:\\\/\\\/www.jornalja.com.br\\\/arquivo\\\/vereadores-apresentam-relatorio-sobre-a-precarizacao-da-saude-em-porto-alegre\\\/#organizationLogo\"},\"image\":{\"@id\":\"https:\\\/\\\/www.jornalja.com.br\\\/arquivo\\\/vereadores-apresentam-relatorio-sobre-a-precarizacao-da-saude-em-porto-alegre\\\/#organizationLogo\"}},{\"@type\":\"Person\",\"@id\":\"https:\\\/\\\/www.jornalja.com.br\\\/arquivo\\\/author\\\/daredacao\\\/#author\",\"url\":\"https:\\\/\\\/www.jornalja.com.br\\\/arquivo\\\/author\\\/daredacao\\\/\",\"name\":\"da Reda\\u00e7\\u00e3o\",\"image\":{\"@type\":\"ImageObject\",\"@id\":\"https:\\\/\\\/www.jornalja.com.br\\\/arquivo\\\/vereadores-apresentam-relatorio-sobre-a-precarizacao-da-saude-em-porto-alegre\\\/#authorImage\",\"url\":\"https:\\\/\\\/secure.gravatar.com\\\/avatar\\\/469fd857d6605ad19919d27ed29d35a968a25f6e8fd9318356bbb7f57aae9c65?s=96&d=mm&r=g\",\"width\":96,\"height\":96,\"caption\":\"da Reda\\u00e7\\u00e3o\"}},{\"@type\":\"WebPage\",\"@id\":\"https:\\\/\\\/www.jornalja.com.br\\\/arquivo\\\/vereadores-apresentam-relatorio-sobre-a-precarizacao-da-saude-em-porto-alegre\\\/#webpage\",\"url\":\"https:\\\/\\\/www.jornalja.com.br\\\/arquivo\\\/vereadores-apresentam-relatorio-sobre-a-precarizacao-da-saude-em-porto-alegre\\\/\",\"name\":\"Vereadores apresentam relat\\u00f3rio sobre a \\\"precariza\\u00e7\\u00e3o da sa\\u00fade em Porto Alegre\\\" | Arquivo\",\"inLanguage\":\"pt-BR\",\"isPartOf\":{\"@id\":\"https:\\\/\\\/www.jornalja.com.br\\\/arquivo\\\/#website\"},\"breadcrumb\":{\"@id\":\"https:\\\/\\\/www.jornalja.com.br\\\/arquivo\\\/vereadores-apresentam-relatorio-sobre-a-precarizacao-da-saude-em-porto-alegre\\\/#breadcrumblist\"},\"author\":{\"@id\":\"https:\\\/\\\/www.jornalja.com.br\\\/arquivo\\\/author\\\/daredacao\\\/#author\"},\"creator\":{\"@id\":\"https:\\\/\\\/www.jornalja.com.br\\\/arquivo\\\/author\\\/daredacao\\\/#author\"},\"image\":{\"@type\":\"ImageObject\",\"url\":51078,\"@id\":\"https:\\\/\\\/www.jornalja.com.br\\\/arquivo\\\/vereadores-apresentam-relatorio-sobre-a-precarizacao-da-saude-em-porto-alegre\\\/#mainImage\"},\"primaryImageOfPage\":{\"@id\":\"https:\\\/\\\/www.jornalja.com.br\\\/arquivo\\\/vereadores-apresentam-relatorio-sobre-a-precarizacao-da-saude-em-porto-alegre\\\/#mainImage\"},\"datePublished\":\"2017-07-07T13:19:33-03:00\",\"dateModified\":\"2017-07-07T13:19:33-03:00\"},{\"@type\":\"WebSite\",\"@id\":\"https:\\\/\\\/www.jornalja.com.br\\\/arquivo\\\/#website\",\"url\":\"https:\\\/\\\/www.jornalja.com.br\\\/arquivo\\\/\",\"name\":\"Arquivo\",\"description\":\"Jornal J\\u00c1 | Porto Alegre\",\"inLanguage\":\"pt-BR\",\"publisher\":{\"@id\":\"https:\\\/\\\/www.jornalja.com.br\\\/arquivo\\\/#organization\"}}]}\n\t\t<\/script>\n\t\t<!-- All in One SEO -->\n\n","aioseo_head_json":{"title":"Vereadores apresentam relat\u00f3rio sobre a \"precariza\u00e7\u00e3o da sa\u00fade em Porto Alegre\" | Arquivo","description":"","canonical_url":"https:\/\/www.jornalja.com.br\/arquivo\/vereadores-apresentam-relatorio-sobre-a-precarizacao-da-saude-em-porto-alegre\/","robots":"max-image-preview:large","keywords":"","webmasterTools":{"miscellaneous":""},"schema":{"@context":"https:\/\/schema.org","@graph":[{"@type":"BlogPosting","@id":"https:\/\/www.jornalja.com.br\/arquivo\/vereadores-apresentam-relatorio-sobre-a-precarizacao-da-saude-em-porto-alegre\/#blogposting","name":"Vereadores apresentam relat\u00f3rio sobre a \"precariza\u00e7\u00e3o da sa\u00fade em Porto Alegre\" | Arquivo","headline":"Vereadores apresentam relat\u00f3rio sobre a &quot;precariza\u00e7\u00e3o da sa\u00fade em Porto Alegre&quot;","author":{"@id":"https:\/\/www.jornalja.com.br\/arquivo\/author\/daredacao\/#author"},"publisher":{"@id":"https:\/\/www.jornalja.com.br\/arquivo\/#organization"},"image":{"@type":"ImageObject","url":51078},"datePublished":"2017-07-07T13:19:33-03:00","dateModified":"2017-07-07T13:19:33-03:00","inLanguage":"pt-BR","mainEntityOfPage":{"@id":"https:\/\/www.jornalja.com.br\/arquivo\/vereadores-apresentam-relatorio-sobre-a-precarizacao-da-saude-em-porto-alegre\/#webpage"},"isPartOf":{"@id":"https:\/\/www.jornalja.com.br\/arquivo\/vereadores-apresentam-relatorio-sobre-a-precarizacao-da-saude-em-porto-alegre\/#webpage"},"articleSection":"Geral"},{"@type":"BreadcrumbList","@id":"https:\/\/www.jornalja.com.br\/arquivo\/vereadores-apresentam-relatorio-sobre-a-precarizacao-da-saude-em-porto-alegre\/#breadcrumblist","itemListElement":[{"@type":"ListItem","@id":"https:\/\/www.jornalja.com.br\/arquivo#listItem","position":1,"name":"Home","item":"https:\/\/www.jornalja.com.br\/arquivo","nextItem":{"@type":"ListItem","@id":"https:\/\/www.jornalja.com.br\/arquivo\/category\/geral\/#listItem","name":"Geral"}},{"@type":"ListItem","@id":"https:\/\/www.jornalja.com.br\/arquivo\/category\/geral\/#listItem","position":2,"name":"Geral","item":"https:\/\/www.jornalja.com.br\/arquivo\/category\/geral\/","nextItem":{"@type":"ListItem","@id":"https:\/\/www.jornalja.com.br\/arquivo\/vereadores-apresentam-relatorio-sobre-a-precarizacao-da-saude-em-porto-alegre\/#listItem","name":"Vereadores apresentam relat\u00f3rio sobre a &quot;precariza\u00e7\u00e3o da sa\u00fade em Porto Alegre&quot;"},"previousItem":{"@type":"ListItem","@id":"https:\/\/www.jornalja.com.br\/arquivo#listItem","name":"Home"}},{"@type":"ListItem","@id":"https:\/\/www.jornalja.com.br\/arquivo\/vereadores-apresentam-relatorio-sobre-a-precarizacao-da-saude-em-porto-alegre\/#listItem","position":3,"name":"Vereadores apresentam relat\u00f3rio sobre a &quot;precariza\u00e7\u00e3o da sa\u00fade em Porto Alegre&quot;","previousItem":{"@type":"ListItem","@id":"https:\/\/www.jornalja.com.br\/arquivo\/category\/geral\/#listItem","name":"Geral"}}]},{"@type":"Organization","@id":"https:\/\/www.jornalja.com.br\/arquivo\/#organization","name":"Jornal J\u00c1","description":"Jornal J\u00c1 | Porto Alegre","url":"https:\/\/www.jornalja.com.br\/arquivo\/","telephone":"+555133307272","logo":{"@type":"ImageObject","url":"https:\/\/www.jornalja.com.br\/wp-content\/uploads\/cards\/JAslogan.png","@id":"https:\/\/www.jornalja.com.br\/arquivo\/vereadores-apresentam-relatorio-sobre-a-precarizacao-da-saude-em-porto-alegre\/#organizationLogo"},"image":{"@id":"https:\/\/www.jornalja.com.br\/arquivo\/vereadores-apresentam-relatorio-sobre-a-precarizacao-da-saude-em-porto-alegre\/#organizationLogo"}},{"@type":"Person","@id":"https:\/\/www.jornalja.com.br\/arquivo\/author\/daredacao\/#author","url":"https:\/\/www.jornalja.com.br\/arquivo\/author\/daredacao\/","name":"da Reda\u00e7\u00e3o","image":{"@type":"ImageObject","@id":"https:\/\/www.jornalja.com.br\/arquivo\/vereadores-apresentam-relatorio-sobre-a-precarizacao-da-saude-em-porto-alegre\/#authorImage","url":"https:\/\/secure.gravatar.com\/avatar\/469fd857d6605ad19919d27ed29d35a968a25f6e8fd9318356bbb7f57aae9c65?s=96&d=mm&r=g","width":96,"height":96,"caption":"da Reda\u00e7\u00e3o"}},{"@type":"WebPage","@id":"https:\/\/www.jornalja.com.br\/arquivo\/vereadores-apresentam-relatorio-sobre-a-precarizacao-da-saude-em-porto-alegre\/#webpage","url":"https:\/\/www.jornalja.com.br\/arquivo\/vereadores-apresentam-relatorio-sobre-a-precarizacao-da-saude-em-porto-alegre\/","name":"Vereadores apresentam relat\u00f3rio sobre a \"precariza\u00e7\u00e3o da sa\u00fade em Porto Alegre\" | Arquivo","inLanguage":"pt-BR","isPartOf":{"@id":"https:\/\/www.jornalja.com.br\/arquivo\/#website"},"breadcrumb":{"@id":"https:\/\/www.jornalja.com.br\/arquivo\/vereadores-apresentam-relatorio-sobre-a-precarizacao-da-saude-em-porto-alegre\/#breadcrumblist"},"author":{"@id":"https:\/\/www.jornalja.com.br\/arquivo\/author\/daredacao\/#author"},"creator":{"@id":"https:\/\/www.jornalja.com.br\/arquivo\/author\/daredacao\/#author"},"image":{"@type":"ImageObject","url":51078,"@id":"https:\/\/www.jornalja.com.br\/arquivo\/vereadores-apresentam-relatorio-sobre-a-precarizacao-da-saude-em-porto-alegre\/#mainImage"},"primaryImageOfPage":{"@id":"https:\/\/www.jornalja.com.br\/arquivo\/vereadores-apresentam-relatorio-sobre-a-precarizacao-da-saude-em-porto-alegre\/#mainImage"},"datePublished":"2017-07-07T13:19:33-03:00","dateModified":"2017-07-07T13:19:33-03:00"},{"@type":"WebSite","@id":"https:\/\/www.jornalja.com.br\/arquivo\/#website","url":"https:\/\/www.jornalja.com.br\/arquivo\/","name":"Arquivo","description":"Jornal J\u00c1 | Porto Alegre","inLanguage":"pt-BR","publisher":{"@id":"https:\/\/www.jornalja.com.br\/arquivo\/#organization"}}]},"og:locale":"pt_BR","og:site_name":"Arquivo | Jornal J\u00c1 | Porto Alegre","og:type":"article","og:title":"Vereadores apresentam relat\u00f3rio sobre a &quot;precariza\u00e7\u00e3o da sa\u00fade em Porto Alegre&quot; | Arquivo","og:url":"https:\/\/www.jornalja.com.br\/arquivo\/vereadores-apresentam-relatorio-sobre-a-precarizacao-da-saude-em-porto-alegre\/","og:image":"https:\/\/www.jornalja.com.br\/economics\/wp-content\/uploads\/sites\/11\/2026\/08\/ja-folhaderosto-facebook.jpg","og:image:secure_url":"https:\/\/www.jornalja.com.br\/economics\/wp-content\/uploads\/sites\/11\/2026\/08\/ja-folhaderosto-facebook.jpg","article:published_time":"2017-07-07T16:19:33+00:00","article:modified_time":"2017-07-07T16:19:33+00:00","twitter:card":"summary","twitter:title":"Vereadores apresentam relat\u00f3rio sobre a &quot;precariza\u00e7\u00e3o da sa\u00fade em Porto Alegre&quot; | Arquivo","twitter:image":"https:\/\/www.jornalja.com.br\/economics\/wp-content\/uploads\/sites\/11\/2026\/08\/ja-folhaderosto-facebook.jpg"},"aioseo_meta_data":{"post_id":"51071","title":null,"description":null,"keywords":null,"keyphrases":null,"primary_term":null,"canonical_url":null,"og_title":null,"og_description":null,"og_object_type":"default","og_image_type":"default","og_image_url":null,"og_image_width":null,"og_image_height":null,"og_image_custom_url":null,"og_image_custom_fields":null,"og_video":null,"og_custom_url":null,"og_article_section":null,"og_article_tags":null,"twitter_use_og":false,"twitter_card":"default","twitter_image_type":"default","twitter_image_url":null,"twitter_image_custom_url":null,"twitter_image_custom_fields":null,"twitter_title":null,"twitter_description":null,"schema":{"blockGraphs":[],"customGraphs":[],"default":{"data":{"Article":[],"Course":[],"Dataset":[],"FAQPage":[],"Movie":[],"Person":[],"Product":[],"ProductReview":[],"Car":[],"Recipe":[],"Service":[],"SoftwareApplication":[],"WebPage":[]},"graphName":"","isEnabled":true},"graphs":[]},"schema_type":null,"schema_type_options":null,"pillar_content":false,"robots_default":true,"robots_noindex":false,"robots_noarchive":false,"robots_nosnippet":false,"robots_nofollow":false,"robots_noimageindex":false,"robots_noodp":false,"robots_notranslate":false,"robots_max_snippet":null,"robots_max_videopreview":null,"robots_max_imagepreview":"large","priority":null,"frequency":null,"location":null,"local_seo":null,"breadcrumb_settings":null,"limit_modified_date":false,"ai":null,"created":"2020-12-20 20:29:58","updated":"2025-07-19 22:56:32","seo_analyzer_scan_date":null,"focus_keyword":null,"additional_keywords":null,"truseo_locale":null},"jetpack_sharing_enabled":true,"jetpack-related-posts":[{"id":13240,"url":"https:\/\/www.jornalja.com.br\/arquivo\/plano-diretor-estamos-construindo-o-caos\/","url_meta":{"origin":51071,"position":0},"title":"Plano diretor: &quot;Estamos construindo o caos&quot;","author":"Patr\u00edcia Marini","date":"26 de maio de 2014","format":false,"excerpt":"Desabafo que arquiteta Eliana Castilhos, delegada da Regi\u00e3o de Planejamento 1, postou nas redes sociais \u00e9 um testemunho do ambiente que se criou no Conselho do Plano Diretor de Porto Alegre, onde a aprova\u00e7\u00e3o de grandes empreendimentos \u00e9 empurrada guela abaixo dos conselheiros. Ao CMDUA Como delegada da Regi\u00e3o de\u2026","rel":"","context":"Em &quot;Geral&quot;","block_context":{"text":"Geral","link":"https:\/\/www.jornalja.com.br\/arquivo\/category\/geral\/"},"img":{"alt_text":"","src":"","width":0,"height":0},"classes":[]},{"id":14241,"url":"https:\/\/www.jornalja.com.br\/arquivo\/o-guaiba-nas-imagens-poeticas-de-achutti\/","url_meta":{"origin":51071,"position":1},"title":"O Gua\u00edba nas imagens po\u00e9ticas de Achutti","author":"da Reda\u00e7\u00e3o","date":"18 de junho de 2014","format":false,"excerpt":"Em \u201cO Gua\u00edba por Achutti\u201d \u2013 obra financiada via Minist\u00e9rio da Cultura, produ\u00e7\u00e3o executiva de Pedro Longhi, e Fl\u00e1vio Wild como designer \u2013, o fot\u00f3grafo revela a beleza e as mazelas de um espa\u00e7o aqu\u00e1tico de \u00e1guas sempre renovadas, cheio de hist\u00f3rias e lendas como as das cidades que foram\u2026","rel":"","context":"Em &quot;Cultura-Geral&quot;","block_context":{"text":"Cultura-Geral","link":"https:\/\/www.jornalja.com.br\/arquivo\/category\/materiasecundaria\/"},"img":{"alt_text":"","src":"","width":0,"height":0},"classes":[]},{"id":13239,"url":"https:\/\/www.jornalja.com.br\/arquivo\/conselho-desdenha-do-plano-diretor\/","url_meta":{"origin":51071,"position":2},"title":"Porto Alegre: Conselho detona Plano Diretor","author":"Patr\u00edcia Marini","date":"25 de maio de 2014","format":false,"excerpt":"Den\u00fancia do arquiteto e \u00a0urbanista Ibir\u00e1 Santos Lucas. Ele diz que os conselheiros est\u00e3o votando com \"enorme irresponsabilidade\". \"Mudam regime com a maior naturalidade,,,regularizam absurdos de constru\u00e7\u00f5es irregulares... \"O CMDUA est\u00e1 flexibilizando a lei do plano diretor, de uma forma impactante na vida da cidade. Mudam regime com a maior\u2026","rel":"","context":"Em &quot;Geral&quot;","block_context":{"text":"Geral","link":"https:\/\/www.jornalja.com.br\/arquivo\/category\/geral\/"},"img":{"alt_text":"","src":"","width":0,"height":0},"classes":[]},{"id":1280,"url":"https:\/\/www.jornalja.com.br\/arquivo\/o-menino-que-se-tornou-brizola\/","url_meta":{"origin":51071,"position":3},"title":"O Menino que se Tornou Brizola","author":"da Reda\u00e7\u00e3o","date":"28 de julho de 2008","format":false,"excerpt":"Autor: Cleber Dioni A vida de Leonel Brizola, com \u00eanfase para os primeiros anos em Porto Alegre, at\u00e9 o ex\u00edlio no Uruguai e a volta, quinze anos depois. \u00a0\"...\u00c9ramos todos jovens e nos identific\u00e1vamos com aquela massa an\u00f4nima a percorrer as ruas de Porto Alegre, gritando 'Get\u00falio', 'Get\u00falio' e empunhando\u2026","rel":"","context":"Em &quot;Livros&quot;","block_context":{"text":"Livros","link":"https:\/\/www.jornalja.com.br\/arquivo\/category\/livros\/"},"img":{"alt_text":"","src":"https:\/\/i0.wp.com\/www.jornalja.com.br\/wp-content\/uploads\/2008\/07\/brizola.gif?resize=350%2C200&ssl=1","width":350,"height":200},"classes":[]},{"id":13124,"url":"https:\/\/www.jornalja.com.br\/arquivo\/sangue-latino-no-iecine\/","url_meta":{"origin":51071,"position":4},"title":"Sangue latino no IECINE","author":"da Reda\u00e7\u00e3o","date":"18 de maio de 2014","format":false,"excerpt":"Francisco Ribeiro O Instituto Estadual de Cinema (IECINE) tem a frente, desde abril \u00faltimo, um novo diretor, o cineasta colombiano Juan Zapata, 36, que substitui Luiz Alberto Cassol. Radicado h\u00e1 dez anos em Porto Alegre, Zapata tem diante de si o desafio de conduzir at\u00e9 o final do ano um\u2026","rel":"","context":"Em &quot;Cultura-Geral&quot;","block_context":{"text":"Cultura-Geral","link":"https:\/\/www.jornalja.com.br\/arquivo\/category\/materiasecundaria\/"},"img":{"alt_text":"","src":"","width":0,"height":0},"classes":[]},{"id":12960,"url":"https:\/\/www.jornalja.com.br\/arquivo\/populacao-culpa-empresas-pela-greve-dos-rodoviarios\/","url_meta":{"origin":51071,"position":5},"title":"Popula\u00e7\u00e3o culpa empresas pela greve","author":"Patr\u00edcia Marini","date":"14 de fevereiro de 2014","format":false,"excerpt":"Pesquisa divulgada na edi\u00e7\u00e3o do jornal Metro desta sexta-feira,14, comprova o velho ditado: \u00e9 poss\u00edvel enganar muitos por algum tempo, mas n\u00e3o \u00e9 poss\u00edvel enganar a todos o tempo inteiro. A principal revela\u00e7\u00e3o foi que 59,8% dos entrevistados apontaram as empresas como as principais respons\u00e1veis pela grave e 46% culparam\u2026","rel":"","context":"Em &quot;X.Categorias velhas&quot;","block_context":{"text":"X.Categorias velhas","link":"https:\/\/www.jornalja.com.br\/arquivo\/category\/x-categorias-velhas\/"},"img":{"alt_text":"","src":"","width":0,"height":0},"classes":[]}],"jetpack_shortlink":"https:\/\/wp.me\/pbQjBd-dhJ","jetpack_featured_media_url":"","_links":{"self":[{"href":"https:\/\/www.jornalja.com.br\/arquivo\/wp-json\/wp\/v2\/posts\/51071","targetHints":{"allow":["GET"]}}],"collection":[{"href":"https:\/\/www.jornalja.com.br\/arquivo\/wp-json\/wp\/v2\/posts"}],"about":[{"href":"https:\/\/www.jornalja.com.br\/arquivo\/wp-json\/wp\/v2\/types\/post"}],"author":[{"embeddable":true,"href":"https:\/\/www.jornalja.com.br\/arquivo\/wp-json\/wp\/v2\/users\/4"}],"replies":[{"embeddable":true,"href":"https:\/\/www.jornalja.com.br\/arquivo\/wp-json\/wp\/v2\/comments?post=51071"}],"version-history":[{"count":0,"href":"https:\/\/www.jornalja.com.br\/arquivo\/wp-json\/wp\/v2\/posts\/51071\/revisions"}],"wp:attachment":[{"href":"https:\/\/www.jornalja.com.br\/arquivo\/wp-json\/wp\/v2\/media?parent=51071"}],"wp:term":[{"taxonomy":"category","embeddable":true,"href":"https:\/\/www.jornalja.com.br\/arquivo\/wp-json\/wp\/v2\/categories?post=51071"},{"taxonomy":"post_tag","embeddable":true,"href":"https:\/\/www.jornalja.com.br\/arquivo\/wp-json\/wp\/v2\/tags?post=51071"}],"curies":[{"name":"wp","href":"https:\/\/api.w.org\/{rel}","templated":true}]}}