{"id":51099,"date":"2017-07-07T06:52:53","date_gmt":"2017-07-07T09:52:53","guid":{"rendered":"https:\/\/www.jornalja.com.br\/?p=51099"},"modified":"2017-07-07T06:52:53","modified_gmt":"2017-07-07T09:52:53","slug":"servidores-da-tve-e-fm-cultura-denunciam-retaliacao-e-censura","status":"publish","type":"post","link":"https:\/\/www.jornalja.com.br\/arquivo\/servidores-da-tve-e-fm-cultura-denunciam-retaliacao-e-censura\/","title":{"rendered":"Servidores da TVE e FM Cultura denunciam retalia\u00e7\u00e3o e censura"},"content":{"rendered":"<p><span class=\"assina\">Tiago Baltz<\/span><br \/>\nUm dia depois de ser publicada a <a href=\"https:\/\/www.jornalja.com.br\/orestes-de-andrade-junior-temos-uma-radio-elitista-queremos-algo-mais-plural\/\">entrevista do presidente da\u00a0Funda\u00e7\u00e3o Piratini Orestes de Andrade Jr<\/a>,\u00a0um grupo de funcion\u00e1rios procurou o J\u00c1 para manifestar a \u201cperplexidade\u201d que tiveram ao ler o texto e rebater o que foi classificado como \u201cinverdades\u201d, ditas por Orestes.<br \/>\nCom medo de repres\u00e1lias, pediram para serem identificados como representantes do Movimento dos Servidores em Defesa da TVE e FM Cultura.<br \/>\nSegundo o grupo, as altera\u00e7\u00f5es nas grades para acabar com os\u00a0desvios de fun\u00e7\u00f5es \u00e9 uma retalia\u00e7\u00e3o contra a den\u00fancia feita pelo Sindicato dos Trabalhadores em Empresas de Radiodifus\u00e3o e Televis\u00e3o de que o pr\u00f3prio presidente da Funda\u00e7\u00e3o e outros contratados em cargos de confian\u00e7a, os Ccs, estariam desempenhando atividades ilegais nos est\u00fadios das emissoras.<br \/>\n\u201cO que ocorreu \u00e9 que o sindicato fez uma den\u00fancia ao Minist\u00e9rio P\u00fablico do Trabalho do Estado, (MPT)\u201d, apontando que Ccs, incluindo o presidente Orestes, praticavam atividades-fim n\u00e3o autorizadas, como apresenta\u00e7\u00e3o e produ\u00e7\u00e3o de programas. O Orestes chegou a participar do programa de entrevista Faces, segundo funcion\u00e1rios.<br \/>\nDepois da den\u00fancia, o clima no alto do morro Santa Teresa, j\u00e1 tenso desde que o governador Sartori sancionou a Lei que autoriza a extin\u00e7\u00e3o da Funda\u00e7\u00e3o Piratini, azedou de vez. Quase n\u00e3o existe di\u00e1logo entre os servidores e a nova dire\u00e7\u00e3o.<br \/>\nOs funcion\u00e1rios relatam que, em uma reuni\u00e3o no dia 8\u00a0de mar\u00e7o, Orestes chegou a falar: \u201cpor hora, esque\u00e7am os desvios\u201d. Mas, voltou atr\u00e1s, assim que a den\u00fancia no MPT saiu.<br \/>\n\u201cNa entrevista ao J\u00c1, Orestes diz que desde o come\u00e7o avisou que enfrentaria os desvios, e n\u00e3o \u00e9 verdade. Houve, inclusive, rod\u00edzio de apresentadores na TVE, promovido pela dire\u00e7\u00e3o. E ningu\u00e9m questionou se estavam fazendo desvios ou n\u00e3o\u201d, relata um funcion\u00e1rio da tev\u00ea. E lembrou que uma pessoa da\u00a0dire\u00e7\u00e3o chegou a comentar: \u201cVoc\u00eas denunciariam a dire\u00e7\u00e3o. Agora ir\u00e3o atr\u00e1s de voc\u00eas\u201d.<br \/>\nEm junho, com o embate em andamento, servidores tiveram uma reuni\u00e3o em que Orestes avisou que iria, a partir daquele momento, ser 100% legalista, e iria mexer com os que estavam em desvios de fun\u00e7\u00e3o. Servidores gravaram parte da reuni\u00e3o.<br \/>\n<audio class=\"wp-audio-shortcode\" id=\"audio-51099-1\" preload=\"none\" style=\"width: 100%;\" controls=\"controls\"><source type=\"audio\/mpeg\" src=\"https:\/\/www.jornalja.com.br\/wp-content\/uploads\/2017\/07\/2017-07-06-AUDIO-00000007.mp3?_=1\" \/><a href=\"https:\/\/www.jornalja.com.br\/wp-content\/uploads\/2017\/07\/2017-07-06-AUDIO-00000007.mp3\">https:\/\/www.jornalja.com.br\/wp-content\/uploads\/2017\/07\/2017-07-06-AUDIO-00000007.mp3<\/a><\/audio><br \/>\n&nbsp;<br \/>\nOs funcion\u00e1rios admitem que h\u00e1 desvios de fun\u00e7\u00e3o, devido \u00e0s legisla\u00e7\u00f5es antiquadas em que os contratos dos funcion\u00e1rios concursados foram baseados. Sugerem que a solu\u00e7\u00e3o \u00e9 uma discuss\u00e3o s\u00e9ria, onde a gest\u00e3o, o MPT e os sindicatos pudessem sentar e rever os contratos e adequar as fun\u00e7\u00f5es a que cada um estaria apto a realizar. \u201cMas n\u00e3o pode ser como agora, uma imposi\u00e7\u00e3o\u201d, criticam.<br \/>\n<span class=\"intertit\">Mudan\u00e7as na FM Cultura foram impostas\u00a0<\/span><br \/>\nOs servidores contestaram tamb\u00e9m o que disse Orestes sobre a\u00a0realoca\u00e7\u00e3o de funcion\u00e1rios e, depois, dos apresentadores. \u201cN\u00e3o foi como ele disse, que mexeu por \u00faltimo com os apresentadores, foi ao contr\u00e1rio. Pouqu\u00edssimos outros servidores foram deslocados. Temos aqui editores que est\u00e3o na chefia de reportagem e foi uma escolha da dire\u00e7\u00e3o, e n\u00e3o mudou\u201d.<br \/>\nOs funcion\u00e1rios falam ainda que algumas pessoas foram trocadas de fun\u00e7\u00e3o para serem colocadas na \u201cgeladeira\u201d.<br \/>\n&#8220;Havia cinco rep\u00f3rteres na r\u00e1dio e dois foram recentemente transferidos para TV. Um deles est\u00e1 h\u00e1 duas semanas encostado, praticamente sem fun\u00e7\u00e3o.\u00a0\u00cb papo furado essa hist\u00f3ria que valorizaram o jornalismo. Como a r\u00e1dio passou a fazer isso se retiraram rep\u00f3rteres?\u201d; questionam.<br \/>\nSobre as mudan\u00e7as na grade da r\u00e1dio, n\u00e3o teria ocorrido um di\u00e1logo aberto, como foi colocado por Orestes. O que houve \u00e9 que os funcion\u00e1rios teriam conseguido \u201csalvar\u201d alguns programas, O caso mais marcante \u00e9 o &#8216;Conversa de Botequim&#8217;, cujo o apresentador Luiz Henrique Fontoura foi retirado da fun\u00e7\u00e3o porque estaria em desvio de fun\u00e7\u00e3o. Os funcion\u00e1rios dizem que convenceram a dire\u00e7\u00e3o a manter o programa com outro apresentador, o Dem\u00e9trio Xavier.<br \/>\nJ\u00e1 o Esta\u00e7\u00e3o Cultura acabou. \u201cN\u00e3o concordamos com a grade proposta, e nem a troca dos apresentadores da Casa por terceirizados (tr\u00eas foram contratados). Mudaram o hor\u00e1rio dos Cl\u00e1ssicos, inventaram novos programas, n\u00e3o \u00e9 \u00e0 toa que sofrem cr\u00edticas dos ouvintes\u201d coloca um radialista, que completa: \u201cE \u00e9 rid\u00edculo ele dizer que foi tra\u00eddo pelos servidores pelas cr\u00edticas na internet. Foi criado um evento no Facebook, &#8220;Salve a programa\u00e7\u00e3o da FM Cultura&#8221;. Nasceu espontaneamente de ouvintes. Pode ver que 95% dos coment\u00e1rios na p\u00e1gina da pr\u00f3pria r\u00e1dio sobre a nova programa\u00e7\u00e3o s\u00e3o negativos. Isso n\u00e3o foi criado pelos servidores e sim por ouvintes\u201d.<br \/>\n<span class=\"intertit\">&#8220;Presidente desrespeita ouvintes&#8221;<\/span><br \/>\nOs servidores ainda questionam o fato de o presidente Orestes achar a r\u00e1dio elitista e pouco plural. \u201cComo ele sabe que \u00e9 elitista. Sem estudo. N\u00e3o assinamos o Ibope, n\u00e3o h\u00e1 pesquisa. Se existe um p\u00fablico, est\u00e3o sendo patrolados, para criar o novo, pisoteia nos ouvintes fi\u00e9is. Temos que atingir novas pessoas, todas as classes sociais, jovens, mas sem destruir o que temos hoje\u201d, ponderam os trabalhadores das emissoras p\u00fablicas.<br \/>\n<span class=\"intertit\">Dire\u00e7\u00e3o censura cobertura jornal\u00edstica<\/span><br \/>\nUm dos pontos mais criticados pelos concursados \u00e9 a posi\u00e7\u00e3o de que a atual gest\u00e3o permite ampla cobertura dos acontecimentos, inclusive de assuntos contr\u00e1rios ao governo estadual.<br \/>\nForam relatados ao menos tr\u00eas assuntos em que houve cobertura pouco plural.<br \/>\nNo dia do an\u00fancio das vendas das estatais, uma equipe deu a not\u00edcia e falou com o secret\u00e1rio de Minas e Energia. E ainda foram ouvidos alguns funcion\u00e1rios contr\u00e1rios \u00e0 venda. A mat\u00e9ria foi ao ar no jornal da TVE. Mas, ainda naquela noite, ocorreu uma entrevista ao vivo do secret\u00e1rio, ele falou durante 15 minutos, sem nenhum contraponto.<br \/>\nJ\u00e1, no caso da desocupa\u00e7\u00e3o dos Lanceiros, havia uma equipe na Assembleia Legislativa, que n\u00e3o foi autorizada a cobrir a desocupa\u00e7\u00e3o.<br \/>\n\u201cA coordena\u00e7\u00e3o n\u00e3o permitiu, eles estavam perto do local. E, dois dias depois, os rep\u00f3rteres pediram para cobrir os desdobramentos do caso, mas foi autorizada apenas uma mat\u00e9ria b\u00e1sica. Sem nenhum debate sobre o ocorrido. Qual a linha da TVE, mat\u00e9ria, entrevista sobre o fato e debate, era o assunto da semana, e n\u00e3o houve nada disso\u201d, lamenta uma servidora.<br \/>\nOutro caso de censura, de acordo com a jornalista, foi quando a TVE teve que se retratar sobre uma nota em que comentava justamente uma den\u00fancia no TCE, que investiga o poss\u00edvel desvio de fun\u00e7\u00e3o de Ccs. \u201cFoi noticiado uma nota feita \u00e0s pressas, mal escrita. O resultado \u00e9 que no dia seguinte o TCE pediu e ganhou uma retrata\u00e7\u00e3o no ar, ficou p\u00e9ssimo pra Funda\u00e7\u00e3o\u201d, conta.<br \/>\nAo contr\u00e1rio do que dizia a primeira nota lida no ar, o TCE n\u00e3o indeferiu o pedido de instaura\u00e7\u00e3o de inqu\u00e9rito. O \u00f3rg\u00e3o juntou o caso a um outro j\u00e1 aberto e, por isso, n\u00e3o houve nova investiga\u00e7\u00e3o, mas continua\u00e7\u00e3o de uma j\u00e1 existente.<br \/>\n\u201c\u00c9 um absurdo a hist\u00f3ria de que agora n\u00e3o h\u00e1 nenhuma censura. Na \u00e9poca do PT, demos ampla cobertura da CPI do jogo do bicho. No governo Ieda o caso do Detran, agora isso\u201d, desabafa outro servidor.<br \/>\n<figure id=\"attachment_42599\" aria-describedby=\"caption-attachment-42599\" style=\"width: 600px\" class=\"wp-caption alignnone\"><img loading=\"lazy\" decoding=\"async\" class=\"wp-image-42599 size-full\" src=\"https:\/\/www.jornalja.com.br\/wp-content\/uploads\/2016\/12\/funda\u00e7\u00e3o-piratini.jpg\" alt=\"\" width=\"600\" height=\"400\" \/><figcaption id=\"caption-attachment-42599\" class=\"wp-caption-text\">Pr\u00e9dio da Funda\u00e7\u00e3o no morro Santa Teresa\/ Divulga\u00e7\u00e3o<\/figcaption><\/figure><br \/>\n<span class=\"intertit\">Funcion\u00e1rios entram na Justi\u00e7a por direitos e n\u00e3o dinheiro <\/span><br \/>\nOutro fator questionado da entrevista do presidente da Funda\u00e7\u00e3o Piratini, Orestes Jr, trata das a\u00e7\u00f5es trabalhistas. \u201cDe onde ele tirou que s\u00e3o quase 500 a\u00e7\u00f5es. Temos que explicar tamb\u00e9m que tipos de a\u00e7\u00f5es s\u00e3o essas. Muitas a\u00e7\u00f5es cobram, por exemplo, 15 minutos que a gente tinha direto de intervalo, e que chegou a ser retirado por gest\u00f5es anteriores. H\u00e1 concursados que entraram para a mesma fun\u00e7\u00e3o em concursos distintos e t\u00eam cargas hor\u00e1rias diferentes, aquelas que trabalham mais horas entraram na justi\u00e7a. S\u00e3o quest\u00f5es de erros das gest\u00f5es que os funcion\u00e1rios buscam seus direitos, ningu\u00e9m quer fazer poupan\u00e7a\u201d, justificam.<br \/>\n\u201cQuerem enfraquecer os servidores. Acabar com a Funda\u00e7\u00e3o \u00e9, sim. enfraquecer a TV e a R\u00e1dio. S\u00e3o patrim\u00f4nios dos ga\u00fachos. R\u00e1dio e TVs comerciais t\u00eam muitas, mas educativas e de car\u00e1ter publico, n\u00f3s fazemos, com orgulho. S\u00f3 queremos que nos deixem continuar a fazer isso\u201d, finaliza uma jornalista.<\/p>\n","protected":false},"excerpt":{"rendered":"<p>Tiago Baltz Um dia depois de ser publicada a entrevista do presidente da\u00a0Funda\u00e7\u00e3o Piratini Orestes de Andrade Jr,\u00a0um grupo de funcion\u00e1rios procurou o J\u00c1 para manifestar a \u201cperplexidade\u201d que tiveram ao ler o texto e rebater o que foi classificado como \u201cinverdades\u201d, ditas por Orestes. Com medo de repres\u00e1lias, pediram para serem identificados como representantes [&hellip;]<\/p>\n","protected":false},"author":4,"featured_media":48595,"comment_status":"open","ping_status":"closed","sticky":false,"template":"","format":"standard","meta":{"_jetpack_newsletter_access":"","_jetpack_dont_email_post_to_subs":false,"_jetpack_newsletter_tier_id":0,"_jetpack_memberships_contains_paywalled_content":false,"_jetpack_feature_clip_id":0,"_jetpack_memberships_contains_paid_content":false,"footnotes":"","jetpack_post_was_ever_published":false},"categories":[26],"tags":[],"class_list":["post-51099","post","type-post","status-publish","format-standard","has-post-thumbnail","hentry","category-geral"],"aioseo_notices":[],"aioseo_head":"\n\t\t<!-- All in One SEO 5.0.1.1 - aioseo.com -->\n\t<meta name=\"robots\" content=\"max-image-preview:large\" \/>\n\t<meta name=\"author\" content=\"da Reda\u00e7\u00e3o\"\/>\n\t<link rel=\"canonical\" href=\"https:\/\/www.jornalja.com.br\/arquivo\/servidores-da-tve-e-fm-cultura-denunciam-retaliacao-e-censura\/\" \/>\n\t<meta name=\"generator\" content=\"All in One SEO (AIOSEO) 5.0.1.1\" \/>\n\t\t<meta property=\"og:locale\" content=\"pt_BR\" \/>\n\t\t<meta property=\"og:site_name\" content=\"Arquivo | Jornal J\u00c1 | Porto Alegre\" \/>\n\t\t<meta property=\"og:type\" content=\"article\" \/>\n\t\t<meta property=\"og:title\" content=\"Servidores da TVE e FM Cultura denunciam retalia\u00e7\u00e3o e censura | Arquivo\" \/>\n\t\t<meta property=\"og:url\" content=\"https:\/\/www.jornalja.com.br\/arquivo\/servidores-da-tve-e-fm-cultura-denunciam-retaliacao-e-censura\/\" \/>\n\t\t<meta property=\"og:image\" content=\"https:\/\/www.jornalja.com.br\/wp-content\/uploads\/2016\/12\/funda\u00e7\u00e3o-piratini.jpg\" \/>\n\t\t<meta property=\"og:image:secure_url\" content=\"https:\/\/www.jornalja.com.br\/wp-content\/uploads\/2016\/12\/funda\u00e7\u00e3o-piratini.jpg\" \/>\n\t\t<meta property=\"article:published_time\" content=\"2017-07-07T09:52:53+00:00\" \/>\n\t\t<meta property=\"article:modified_time\" content=\"2017-07-07T09:52:53+00:00\" \/>\n\t\t<meta name=\"twitter:card\" content=\"summary\" \/>\n\t\t<meta name=\"twitter:title\" content=\"Servidores da TVE e FM Cultura denunciam retalia\u00e7\u00e3o e censura | Arquivo\" \/>\n\t\t<meta name=\"twitter:image\" content=\"https:\/\/www.jornalja.com.br\/economics\/wp-content\/uploads\/sites\/11\/2026\/08\/ja-folhaderosto-facebook.jpg\" \/>\n\t\t<script type=\"application\/ld+json\" class=\"aioseo-schema\">\n\t\t\t{\"@context\":\"https:\\\/\\\/schema.org\",\"@graph\":[{\"@type\":\"BlogPosting\",\"@id\":\"https:\\\/\\\/www.jornalja.com.br\\\/arquivo\\\/servidores-da-tve-e-fm-cultura-denunciam-retaliacao-e-censura\\\/#blogposting\",\"name\":\"Servidores da TVE e FM Cultura denunciam retalia\\u00e7\\u00e3o e censura | Arquivo\",\"headline\":\"Servidores da TVE e FM Cultura denunciam retalia\\u00e7\\u00e3o e censura\",\"author\":{\"@id\":\"https:\\\/\\\/www.jornalja.com.br\\\/arquivo\\\/author\\\/daredacao\\\/#author\"},\"publisher\":{\"@id\":\"https:\\\/\\\/www.jornalja.com.br\\\/arquivo\\\/#organization\"},\"image\":{\"@type\":\"ImageObject\",\"url\":48595},\"datePublished\":\"2017-07-07T06:52:53-03:00\",\"dateModified\":\"2017-07-07T06:52:53-03:00\",\"inLanguage\":\"pt-BR\",\"mainEntityOfPage\":{\"@id\":\"https:\\\/\\\/www.jornalja.com.br\\\/arquivo\\\/servidores-da-tve-e-fm-cultura-denunciam-retaliacao-e-censura\\\/#webpage\"},\"isPartOf\":{\"@id\":\"https:\\\/\\\/www.jornalja.com.br\\\/arquivo\\\/servidores-da-tve-e-fm-cultura-denunciam-retaliacao-e-censura\\\/#webpage\"},\"articleSection\":\"Geral\"},{\"@type\":\"BreadcrumbList\",\"@id\":\"https:\\\/\\\/www.jornalja.com.br\\\/arquivo\\\/servidores-da-tve-e-fm-cultura-denunciam-retaliacao-e-censura\\\/#breadcrumblist\",\"itemListElement\":[{\"@type\":\"ListItem\",\"@id\":\"https:\\\/\\\/www.jornalja.com.br\\\/arquivo#listItem\",\"position\":1,\"name\":\"Home\",\"item\":\"https:\\\/\\\/www.jornalja.com.br\\\/arquivo\",\"nextItem\":{\"@type\":\"ListItem\",\"@id\":\"https:\\\/\\\/www.jornalja.com.br\\\/arquivo\\\/category\\\/geral\\\/#listItem\",\"name\":\"Geral\"}},{\"@type\":\"ListItem\",\"@id\":\"https:\\\/\\\/www.jornalja.com.br\\\/arquivo\\\/category\\\/geral\\\/#listItem\",\"position\":2,\"name\":\"Geral\",\"item\":\"https:\\\/\\\/www.jornalja.com.br\\\/arquivo\\\/category\\\/geral\\\/\",\"nextItem\":{\"@type\":\"ListItem\",\"@id\":\"https:\\\/\\\/www.jornalja.com.br\\\/arquivo\\\/servidores-da-tve-e-fm-cultura-denunciam-retaliacao-e-censura\\\/#listItem\",\"name\":\"Servidores da TVE e FM Cultura denunciam retalia\\u00e7\\u00e3o e censura\"},\"previousItem\":{\"@type\":\"ListItem\",\"@id\":\"https:\\\/\\\/www.jornalja.com.br\\\/arquivo#listItem\",\"name\":\"Home\"}},{\"@type\":\"ListItem\",\"@id\":\"https:\\\/\\\/www.jornalja.com.br\\\/arquivo\\\/servidores-da-tve-e-fm-cultura-denunciam-retaliacao-e-censura\\\/#listItem\",\"position\":3,\"name\":\"Servidores da TVE e FM Cultura denunciam retalia\\u00e7\\u00e3o e censura\",\"previousItem\":{\"@type\":\"ListItem\",\"@id\":\"https:\\\/\\\/www.jornalja.com.br\\\/arquivo\\\/category\\\/geral\\\/#listItem\",\"name\":\"Geral\"}}]},{\"@type\":\"Organization\",\"@id\":\"https:\\\/\\\/www.jornalja.com.br\\\/arquivo\\\/#organization\",\"name\":\"Jornal J\\u00c1\",\"description\":\"Jornal J\\u00c1 | Porto Alegre\",\"url\":\"https:\\\/\\\/www.jornalja.com.br\\\/arquivo\\\/\",\"telephone\":\"+555133307272\",\"logo\":{\"@type\":\"ImageObject\",\"url\":\"https:\\\/\\\/www.jornalja.com.br\\\/wp-content\\\/uploads\\\/cards\\\/JAslogan.png\",\"@id\":\"https:\\\/\\\/www.jornalja.com.br\\\/arquivo\\\/servidores-da-tve-e-fm-cultura-denunciam-retaliacao-e-censura\\\/#organizationLogo\"},\"image\":{\"@id\":\"https:\\\/\\\/www.jornalja.com.br\\\/arquivo\\\/servidores-da-tve-e-fm-cultura-denunciam-retaliacao-e-censura\\\/#organizationLogo\"}},{\"@type\":\"Person\",\"@id\":\"https:\\\/\\\/www.jornalja.com.br\\\/arquivo\\\/author\\\/daredacao\\\/#author\",\"url\":\"https:\\\/\\\/www.jornalja.com.br\\\/arquivo\\\/author\\\/daredacao\\\/\",\"name\":\"da Reda\\u00e7\\u00e3o\",\"image\":{\"@type\":\"ImageObject\",\"@id\":\"https:\\\/\\\/www.jornalja.com.br\\\/arquivo\\\/servidores-da-tve-e-fm-cultura-denunciam-retaliacao-e-censura\\\/#authorImage\",\"url\":\"https:\\\/\\\/secure.gravatar.com\\\/avatar\\\/469fd857d6605ad19919d27ed29d35a968a25f6e8fd9318356bbb7f57aae9c65?s=96&d=mm&r=g\",\"width\":96,\"height\":96,\"caption\":\"da Reda\\u00e7\\u00e3o\"}},{\"@type\":\"WebPage\",\"@id\":\"https:\\\/\\\/www.jornalja.com.br\\\/arquivo\\\/servidores-da-tve-e-fm-cultura-denunciam-retaliacao-e-censura\\\/#webpage\",\"url\":\"https:\\\/\\\/www.jornalja.com.br\\\/arquivo\\\/servidores-da-tve-e-fm-cultura-denunciam-retaliacao-e-censura\\\/\",\"name\":\"Servidores da TVE e FM Cultura denunciam retalia\\u00e7\\u00e3o e censura | Arquivo\",\"inLanguage\":\"pt-BR\",\"isPartOf\":{\"@id\":\"https:\\\/\\\/www.jornalja.com.br\\\/arquivo\\\/#website\"},\"breadcrumb\":{\"@id\":\"https:\\\/\\\/www.jornalja.com.br\\\/arquivo\\\/servidores-da-tve-e-fm-cultura-denunciam-retaliacao-e-censura\\\/#breadcrumblist\"},\"author\":{\"@id\":\"https:\\\/\\\/www.jornalja.com.br\\\/arquivo\\\/author\\\/daredacao\\\/#author\"},\"creator\":{\"@id\":\"https:\\\/\\\/www.jornalja.com.br\\\/arquivo\\\/author\\\/daredacao\\\/#author\"},\"image\":{\"@type\":\"ImageObject\",\"url\":48595,\"@id\":\"https:\\\/\\\/www.jornalja.com.br\\\/arquivo\\\/servidores-da-tve-e-fm-cultura-denunciam-retaliacao-e-censura\\\/#mainImage\"},\"primaryImageOfPage\":{\"@id\":\"https:\\\/\\\/www.jornalja.com.br\\\/arquivo\\\/servidores-da-tve-e-fm-cultura-denunciam-retaliacao-e-censura\\\/#mainImage\"},\"datePublished\":\"2017-07-07T06:52:53-03:00\",\"dateModified\":\"2017-07-07T06:52:53-03:00\"},{\"@type\":\"WebSite\",\"@id\":\"https:\\\/\\\/www.jornalja.com.br\\\/arquivo\\\/#website\",\"url\":\"https:\\\/\\\/www.jornalja.com.br\\\/arquivo\\\/\",\"name\":\"Arquivo\",\"description\":\"Jornal J\\u00c1 | Porto Alegre\",\"inLanguage\":\"pt-BR\",\"publisher\":{\"@id\":\"https:\\\/\\\/www.jornalja.com.br\\\/arquivo\\\/#organization\"}}]}\n\t\t<\/script>\n\t\t<!-- All in One SEO -->\n\n","aioseo_head_json":{"title":"Servidores da TVE e FM Cultura denunciam retalia\u00e7\u00e3o e censura | Arquivo","description":"","canonical_url":"https:\/\/www.jornalja.com.br\/arquivo\/servidores-da-tve-e-fm-cultura-denunciam-retaliacao-e-censura\/","robots":"max-image-preview:large","keywords":"","webmasterTools":{"miscellaneous":""},"schema":{"@context":"https:\/\/schema.org","@graph":[{"@type":"BlogPosting","@id":"https:\/\/www.jornalja.com.br\/arquivo\/servidores-da-tve-e-fm-cultura-denunciam-retaliacao-e-censura\/#blogposting","name":"Servidores da TVE e FM Cultura denunciam retalia\u00e7\u00e3o e censura | Arquivo","headline":"Servidores da TVE e FM Cultura denunciam retalia\u00e7\u00e3o e censura","author":{"@id":"https:\/\/www.jornalja.com.br\/arquivo\/author\/daredacao\/#author"},"publisher":{"@id":"https:\/\/www.jornalja.com.br\/arquivo\/#organization"},"image":{"@type":"ImageObject","url":48595},"datePublished":"2017-07-07T06:52:53-03:00","dateModified":"2017-07-07T06:52:53-03:00","inLanguage":"pt-BR","mainEntityOfPage":{"@id":"https:\/\/www.jornalja.com.br\/arquivo\/servidores-da-tve-e-fm-cultura-denunciam-retaliacao-e-censura\/#webpage"},"isPartOf":{"@id":"https:\/\/www.jornalja.com.br\/arquivo\/servidores-da-tve-e-fm-cultura-denunciam-retaliacao-e-censura\/#webpage"},"articleSection":"Geral"},{"@type":"BreadcrumbList","@id":"https:\/\/www.jornalja.com.br\/arquivo\/servidores-da-tve-e-fm-cultura-denunciam-retaliacao-e-censura\/#breadcrumblist","itemListElement":[{"@type":"ListItem","@id":"https:\/\/www.jornalja.com.br\/arquivo#listItem","position":1,"name":"Home","item":"https:\/\/www.jornalja.com.br\/arquivo","nextItem":{"@type":"ListItem","@id":"https:\/\/www.jornalja.com.br\/arquivo\/category\/geral\/#listItem","name":"Geral"}},{"@type":"ListItem","@id":"https:\/\/www.jornalja.com.br\/arquivo\/category\/geral\/#listItem","position":2,"name":"Geral","item":"https:\/\/www.jornalja.com.br\/arquivo\/category\/geral\/","nextItem":{"@type":"ListItem","@id":"https:\/\/www.jornalja.com.br\/arquivo\/servidores-da-tve-e-fm-cultura-denunciam-retaliacao-e-censura\/#listItem","name":"Servidores da TVE e FM Cultura denunciam retalia\u00e7\u00e3o e censura"},"previousItem":{"@type":"ListItem","@id":"https:\/\/www.jornalja.com.br\/arquivo#listItem","name":"Home"}},{"@type":"ListItem","@id":"https:\/\/www.jornalja.com.br\/arquivo\/servidores-da-tve-e-fm-cultura-denunciam-retaliacao-e-censura\/#listItem","position":3,"name":"Servidores da TVE e FM Cultura denunciam retalia\u00e7\u00e3o e censura","previousItem":{"@type":"ListItem","@id":"https:\/\/www.jornalja.com.br\/arquivo\/category\/geral\/#listItem","name":"Geral"}}]},{"@type":"Organization","@id":"https:\/\/www.jornalja.com.br\/arquivo\/#organization","name":"Jornal J\u00c1","description":"Jornal J\u00c1 | Porto Alegre","url":"https:\/\/www.jornalja.com.br\/arquivo\/","telephone":"+555133307272","logo":{"@type":"ImageObject","url":"https:\/\/www.jornalja.com.br\/wp-content\/uploads\/cards\/JAslogan.png","@id":"https:\/\/www.jornalja.com.br\/arquivo\/servidores-da-tve-e-fm-cultura-denunciam-retaliacao-e-censura\/#organizationLogo"},"image":{"@id":"https:\/\/www.jornalja.com.br\/arquivo\/servidores-da-tve-e-fm-cultura-denunciam-retaliacao-e-censura\/#organizationLogo"}},{"@type":"Person","@id":"https:\/\/www.jornalja.com.br\/arquivo\/author\/daredacao\/#author","url":"https:\/\/www.jornalja.com.br\/arquivo\/author\/daredacao\/","name":"da Reda\u00e7\u00e3o","image":{"@type":"ImageObject","@id":"https:\/\/www.jornalja.com.br\/arquivo\/servidores-da-tve-e-fm-cultura-denunciam-retaliacao-e-censura\/#authorImage","url":"https:\/\/secure.gravatar.com\/avatar\/469fd857d6605ad19919d27ed29d35a968a25f6e8fd9318356bbb7f57aae9c65?s=96&d=mm&r=g","width":96,"height":96,"caption":"da Reda\u00e7\u00e3o"}},{"@type":"WebPage","@id":"https:\/\/www.jornalja.com.br\/arquivo\/servidores-da-tve-e-fm-cultura-denunciam-retaliacao-e-censura\/#webpage","url":"https:\/\/www.jornalja.com.br\/arquivo\/servidores-da-tve-e-fm-cultura-denunciam-retaliacao-e-censura\/","name":"Servidores da TVE e FM Cultura denunciam retalia\u00e7\u00e3o e censura | Arquivo","inLanguage":"pt-BR","isPartOf":{"@id":"https:\/\/www.jornalja.com.br\/arquivo\/#website"},"breadcrumb":{"@id":"https:\/\/www.jornalja.com.br\/arquivo\/servidores-da-tve-e-fm-cultura-denunciam-retaliacao-e-censura\/#breadcrumblist"},"author":{"@id":"https:\/\/www.jornalja.com.br\/arquivo\/author\/daredacao\/#author"},"creator":{"@id":"https:\/\/www.jornalja.com.br\/arquivo\/author\/daredacao\/#author"},"image":{"@type":"ImageObject","url":48595,"@id":"https:\/\/www.jornalja.com.br\/arquivo\/servidores-da-tve-e-fm-cultura-denunciam-retaliacao-e-censura\/#mainImage"},"primaryImageOfPage":{"@id":"https:\/\/www.jornalja.com.br\/arquivo\/servidores-da-tve-e-fm-cultura-denunciam-retaliacao-e-censura\/#mainImage"},"datePublished":"2017-07-07T06:52:53-03:00","dateModified":"2017-07-07T06:52:53-03:00"},{"@type":"WebSite","@id":"https:\/\/www.jornalja.com.br\/arquivo\/#website","url":"https:\/\/www.jornalja.com.br\/arquivo\/","name":"Arquivo","description":"Jornal J\u00c1 | Porto Alegre","inLanguage":"pt-BR","publisher":{"@id":"https:\/\/www.jornalja.com.br\/arquivo\/#organization"}}]},"og:locale":"pt_BR","og:site_name":"Arquivo | Jornal J\u00c1 | Porto Alegre","og:type":"article","og:title":"Servidores da TVE e FM Cultura denunciam retalia\u00e7\u00e3o e censura | Arquivo","og:url":"https:\/\/www.jornalja.com.br\/arquivo\/servidores-da-tve-e-fm-cultura-denunciam-retaliacao-e-censura\/","og:image":"https:\/\/www.jornalja.com.br\/wp-content\/uploads\/2016\/12\/funda\u00e7\u00e3o-piratini.jpg","og:image:secure_url":"https:\/\/www.jornalja.com.br\/wp-content\/uploads\/2016\/12\/funda\u00e7\u00e3o-piratini.jpg","article:published_time":"2017-07-07T09:52:53+00:00","article:modified_time":"2017-07-07T09:52:53+00:00","twitter:card":"summary","twitter:title":"Servidores da TVE e FM Cultura denunciam retalia\u00e7\u00e3o e censura | Arquivo","twitter:image":"https:\/\/www.jornalja.com.br\/economics\/wp-content\/uploads\/sites\/11\/2026\/08\/ja-folhaderosto-facebook.jpg"},"aioseo_meta_data":{"post_id":"51099","title":null,"description":null,"keywords":null,"keyphrases":null,"primary_term":null,"canonical_url":null,"og_title":null,"og_description":null,"og_object_type":"default","og_image_type":"default","og_image_url":null,"og_image_width":null,"og_image_height":null,"og_image_custom_url":null,"og_image_custom_fields":null,"og_video":null,"og_custom_url":null,"og_article_section":null,"og_article_tags":null,"twitter_use_og":false,"twitter_card":"default","twitter_image_type":"default","twitter_image_url":null,"twitter_image_custom_url":null,"twitter_image_custom_fields":null,"twitter_title":null,"twitter_description":null,"schema":{"blockGraphs":[],"customGraphs":[],"default":{"data":{"Article":[],"Course":[],"Dataset":[],"FAQPage":[],"Movie":[],"Person":[],"Product":[],"ProductReview":[],"Car":[],"Recipe":[],"Service":[],"SoftwareApplication":[],"WebPage":[]},"graphName":"","isEnabled":true},"graphs":[],"defaultGraph":"","defaultPostTypeGraph":""},"schema_type":null,"schema_type_options":null,"pillar_content":false,"robots_default":true,"robots_noindex":false,"robots_noarchive":false,"robots_nosnippet":false,"robots_nofollow":false,"robots_noimageindex":false,"robots_noodp":false,"robots_notranslate":false,"robots_max_snippet":null,"robots_max_videopreview":null,"robots_max_imagepreview":"large","priority":null,"frequency":null,"location":null,"local_seo":null,"breadcrumb_settings":null,"limit_modified_date":false,"ai":null,"created":"2020-12-20 20:29:58","updated":"2025-07-19 22:56:32","seo_analyzer_scan_date":null,"focus_keyword":null,"additional_keywords":null,"truseo_locale":null},"jetpack_sharing_enabled":true,"jetpack-related-posts":[{"id":13239,"url":"https:\/\/www.jornalja.com.br\/arquivo\/conselho-desdenha-do-plano-diretor\/","url_meta":{"origin":51099,"position":0},"title":"Porto Alegre: Conselho detona Plano Diretor","author":"Patr\u00edcia Marini","date":"25 de maio de 2014","format":false,"excerpt":"Den\u00fancia do arquiteto e \u00a0urbanista Ibir\u00e1 Santos Lucas. Ele diz que os conselheiros est\u00e3o votando com \"enorme irresponsabilidade\". \"Mudam regime com a maior naturalidade,,,regularizam absurdos de constru\u00e7\u00f5es irregulares... \"O CMDUA est\u00e1 flexibilizando a lei do plano diretor, de uma forma impactante na vida da cidade. Mudam regime com a maior\u2026","rel":"","context":"Em &quot;Geral&quot;","block_context":{"text":"Geral","link":"https:\/\/www.jornalja.com.br\/arquivo\/category\/geral\/"},"img":{"alt_text":"","src":"","width":0,"height":0},"classes":[]},{"id":1280,"url":"https:\/\/www.jornalja.com.br\/arquivo\/o-menino-que-se-tornou-brizola\/","url_meta":{"origin":51099,"position":1},"title":"O Menino que se Tornou Brizola","author":"da Reda\u00e7\u00e3o","date":"28 de julho de 2008","format":false,"excerpt":"Autor: Cleber Dioni A vida de Leonel Brizola, com \u00eanfase para os primeiros anos em Porto Alegre, at\u00e9 o ex\u00edlio no Uruguai e a volta, quinze anos depois. \u00a0\"...\u00c9ramos todos jovens e nos identific\u00e1vamos com aquela massa an\u00f4nima a percorrer as ruas de Porto Alegre, gritando 'Get\u00falio', 'Get\u00falio' e empunhando\u2026","rel":"","context":"Em &quot;Livros&quot;","block_context":{"text":"Livros","link":"https:\/\/www.jornalja.com.br\/arquivo\/category\/livros\/"},"img":{"alt_text":"","src":"https:\/\/i0.wp.com\/www.jornalja.com.br\/wp-content\/uploads\/2008\/07\/brizola.gif?resize=350%2C200&ssl=1","width":350,"height":200},"classes":[]},{"id":14241,"url":"https:\/\/www.jornalja.com.br\/arquivo\/o-guaiba-nas-imagens-poeticas-de-achutti\/","url_meta":{"origin":51099,"position":2},"title":"O Gua\u00edba nas imagens po\u00e9ticas de Achutti","author":"da Reda\u00e7\u00e3o","date":"18 de junho de 2014","format":false,"excerpt":"Em \u201cO Gua\u00edba por Achutti\u201d \u2013 obra financiada via Minist\u00e9rio da Cultura, produ\u00e7\u00e3o executiva de Pedro Longhi, e Fl\u00e1vio Wild como designer \u2013, o fot\u00f3grafo revela a beleza e as mazelas de um espa\u00e7o aqu\u00e1tico de \u00e1guas sempre renovadas, cheio de hist\u00f3rias e lendas como as das cidades que foram\u2026","rel":"","context":"Em &quot;Cultura-Geral&quot;","block_context":{"text":"Cultura-Geral","link":"https:\/\/www.jornalja.com.br\/arquivo\/category\/materiasecundaria\/"},"img":{"alt_text":"","src":"","width":0,"height":0},"classes":[]},{"id":13124,"url":"https:\/\/www.jornalja.com.br\/arquivo\/sangue-latino-no-iecine\/","url_meta":{"origin":51099,"position":3},"title":"Sangue latino no IECINE","author":"da Reda\u00e7\u00e3o","date":"18 de maio de 2014","format":false,"excerpt":"Francisco Ribeiro O Instituto Estadual de Cinema (IECINE) tem a frente, desde abril \u00faltimo, um novo diretor, o cineasta colombiano Juan Zapata, 36, que substitui Luiz Alberto Cassol. Radicado h\u00e1 dez anos em Porto Alegre, Zapata tem diante de si o desafio de conduzir at\u00e9 o final do ano um\u2026","rel":"","context":"Em &quot;Cultura-Geral&quot;","block_context":{"text":"Cultura-Geral","link":"https:\/\/www.jornalja.com.br\/arquivo\/category\/materiasecundaria\/"},"img":{"alt_text":"","src":"","width":0,"height":0},"classes":[]},{"id":13240,"url":"https:\/\/www.jornalja.com.br\/arquivo\/plano-diretor-estamos-construindo-o-caos\/","url_meta":{"origin":51099,"position":4},"title":"Plano diretor: &quot;Estamos construindo o caos&quot;","author":"Patr\u00edcia Marini","date":"26 de maio de 2014","format":false,"excerpt":"Desabafo que arquiteta Eliana Castilhos, delegada da Regi\u00e3o de Planejamento 1, postou nas redes sociais \u00e9 um testemunho do ambiente que se criou no Conselho do Plano Diretor de Porto Alegre, onde a aprova\u00e7\u00e3o de grandes empreendimentos \u00e9 empurrada guela abaixo dos conselheiros. Ao CMDUA Como delegada da Regi\u00e3o de\u2026","rel":"","context":"Em &quot;Geral&quot;","block_context":{"text":"Geral","link":"https:\/\/www.jornalja.com.br\/arquivo\/category\/geral\/"},"img":{"alt_text":"","src":"","width":0,"height":0},"classes":[]},{"id":5440,"url":"https:\/\/www.jornalja.com.br\/arquivo\/casarao-da-venancio-destino-permanece-incerto\/","url_meta":{"origin":51099,"position":5},"title":"Estado ainda n\u00e3o sabe o que fazer com casar\u00e3o abandonado h\u00e1 20 anos","author":"Elmar Bones","date":"6 de julho de 2009","format":false,"excerpt":"O casar\u00e3o amarelo, numa esquina nobre de Porto Alegre (Ven\u00e2ncio Aires com Jo\u00e3o Pessoa), j\u00e1 abrigou uma escola. H\u00e1 duas d\u00e9cadas, pelo menos, est\u00e1 abandonado, porque seu propriet\u00e1rio, o governo do Estado do Rio Grande do Sul, n\u00e3o consegue achar um destino para ele. Planos n\u00e3o faltaram. O governador Ol\u00edvio\u2026","rel":"","context":"Em &quot;X.Categorias velhas&quot;","block_context":{"text":"X.Categorias velhas","link":"https:\/\/www.jornalja.com.br\/arquivo\/category\/x-categorias-velhas\/"},"img":{"alt_text":"geraldo1","src":"https:\/\/i0.wp.com\/www.jornalja.com.br\/wp-content\/uploads\/2009\/07\/geraldo1.jpg?resize=350%2C200&ssl=1","width":350,"height":200},"classes":[]}],"jetpack_shortlink":"https:\/\/wp.me\/pbQjBd-dib","jetpack_featured_media_url":"","_links":{"self":[{"href":"https:\/\/www.jornalja.com.br\/arquivo\/wp-json\/wp\/v2\/posts\/51099","targetHints":{"allow":["GET"]}}],"collection":[{"href":"https:\/\/www.jornalja.com.br\/arquivo\/wp-json\/wp\/v2\/posts"}],"about":[{"href":"https:\/\/www.jornalja.com.br\/arquivo\/wp-json\/wp\/v2\/types\/post"}],"author":[{"embeddable":true,"href":"https:\/\/www.jornalja.com.br\/arquivo\/wp-json\/wp\/v2\/users\/4"}],"replies":[{"embeddable":true,"href":"https:\/\/www.jornalja.com.br\/arquivo\/wp-json\/wp\/v2\/comments?post=51099"}],"version-history":[{"count":0,"href":"https:\/\/www.jornalja.com.br\/arquivo\/wp-json\/wp\/v2\/posts\/51099\/revisions"}],"wp:attachment":[{"href":"https:\/\/www.jornalja.com.br\/arquivo\/wp-json\/wp\/v2\/media?parent=51099"}],"wp:term":[{"taxonomy":"category","embeddable":true,"href":"https:\/\/www.jornalja.com.br\/arquivo\/wp-json\/wp\/v2\/categories?post=51099"},{"taxonomy":"post_tag","embeddable":true,"href":"https:\/\/www.jornalja.com.br\/arquivo\/wp-json\/wp\/v2\/tags?post=51099"}],"curies":[{"name":"wp","href":"https:\/\/api.w.org\/{rel}","templated":true}]}}