{"id":51118,"date":"2017-07-07T12:01:26","date_gmt":"2017-07-07T15:01:26","guid":{"rendered":"https:\/\/www.jornalja.com.br\/?p=51118"},"modified":"2017-07-07T12:01:26","modified_gmt":"2017-07-07T15:01:26","slug":"por-que-o-congresso-ignora-os-sentimentos-populares","status":"publish","type":"post","link":"https:\/\/www.jornalja.com.br\/arquivo\/por-que-o-congresso-ignora-os-sentimentos-populares\/","title":{"rendered":"Por que o Congresso ignora os sentimentos populares?"},"content":{"rendered":"<p><span class=\"assina\">Roberto Amaral<\/span><br \/>\nReforma da legisla\u00e7\u00e3o eleitoral n\u00e3o \u00e9 reforma pol\u00edtica, e \u00e9 desta que carecemos para reconstruir a Rep\u00fablica.<br \/>\nA crise pol\u00edtica, que se desenvolve no corpo de aguda crise institucional, em progresso, denuncia o esgotamento do nosso modelo de\u00a0democracia representativa, aquela que deriva da soberania popular, cuja \u00fanica voz \u00e9 o voto livre.<br \/>\nN\u00e3o se trata, por\u00e9m, de fen\u00f4meno \u2018natural\u2019, resultado do mau humor dos astros, pois decorre da captura, pelo poder econ\u00f4mico, do sistema de representa\u00e7\u00e3o, maculando-a de forma letal.\u00a0 Exemplo desta distonia \u00e9 oferecido pelo Poder Legislativo, em sua maioria esmagadora composto por parlamentares que n\u00e3o representam o eleitorado, mas sim os interesses do empresariado, o grande \u201celeitor\u201d, pois \u00e9 o financiador das elei\u00e7\u00f5es. Evidentemente, a manipula\u00e7\u00e3o do voto pelos donos do dinheiro e seus servidores (como os meios de comunica\u00e7\u00e3o de massas) ditaria a composi\u00e7\u00e3o de nossas casas legislativas, absurdamente descompassadas da sociedade brasileira.<br \/>\nVejamos o perfil da C\u00e2mara dos Deputados fornecido pelo Dieese: 42% dos deputados s\u00e3o empres\u00e1rios (incluindo fazendeiros) e apenas 22% s\u00e3o assalariados; 49% s\u00e3o homens e 12% mulheres, num pa\u00eds em que as mulheres representam 51% da popula\u00e7\u00e3o, e apenas 10% s\u00e3o negros, que, no entanto, somam 54% da popula\u00e7\u00e3o.<br \/>\nDe cada tr\u00eas parlamentares, dois est\u00e3o com o nome inscrito na D\u00edvida Ativa da Uni\u00e3o, um total de\u00a0 337 num col\u00e9gio de 513 representantes, e respondem por um d\u00e9bito de quase 3 bilh\u00f5es de reais. Diz o dono da JBS que seu conglomerado financiou a campanha eleitoral de algo como 1,8 mil candidatos. E n\u00e3o s\u00e3o, ainda, p\u00fablicas,\u00a0as cifras da Odebrecht, da OAS, da Camargo Correia\u00a0<i>et caterva<\/i>.<br \/>\nA quem pertencem os mandatos assim adquiridos?<br \/>\nS\u00f3 a car\u00eancia de representa\u00e7\u00e3o pode explicar o parlamento de hoje, cego e surdo aos sentimentos e necessidades\u00a0da popula\u00e7\u00e3o. N\u00e3o se trata, por\u00e9m, de autismo pol\u00edtico, mas do reconhecimento, pelo parlamentar, da fonte real de seu mandato: o poder econ\u00f4mico.<br \/>\nA consci\u00eancia pr\u00e1tica dessa origem explica por que em um poder dependente do voto, pode o parlamentar, sem medo de perder o mandato ou de n\u00e3o renov\u00e1-lo, aprovar a \u201creforma\u201d trabalhista e a \u201creforma\u201d da Previd\u00eancia. E, ainda, tornar-se c\u00e3o de fila de um governo ileg\u00edtimo, afundado em fraude e corrup\u00e7\u00e3o\u00a0\u2013\u00a0 cujo chefe \u00e9 o pr\u00f3prio presidente da Rep\u00fablica, rejeitado por 93% da popula\u00e7\u00e3o, segundo o Datafolha.<br \/>\nSe o eleitor n\u00e3o se v\u00ea representado pelo representante, se ele n\u00e3o v\u00ea na pol\u00edtica o meio de defesa de seus direitos e interesses (e os de sua comunidade), por que levaria a pol\u00edtica a s\u00e9rio?<br \/>\nA desmoraliza\u00e7\u00e3o da pol\u00edtica \u00e9 a grande via que o autoritarismo percorre para atingir a democracia\u00a0<i>tout court<\/i>, mesmo em se tratando de uma democracia para poucos, como a nossa.<br \/>\nA Procuradoria-Geral da Rep\u00fablica anuncia para breve mais duas den\u00fancias contra o presidente. Somam-se, assim, em Michel\u00a0Temer, presidente perjuro, a incompet\u00eancia, o mandonismo, o autoritarismo e o desvio de fun\u00e7\u00f5es, acentuando sua ilegitimidade.<br \/>\nHoje amargamos mais um an\u00fancio de queda do PIB, o aumento da d\u00edvida, a queda da arrecada\u00e7\u00e3o e a agudiza\u00e7\u00e3o do d\u00e9ficit fiscal. Fracasso absoluto dos \u201csalvadores da P\u00e1tria\u201d. Em apenas dois pontos avan\u00e7a o governante: no desmonte de nosso pa\u00eds (compreendendo a desnacionaliza\u00e7\u00e3o da economia) e na tentativa de revoga\u00e7\u00e3o de direitos dos trabalhadores. E o primeiro-ministro Henrique\u00a0Meirelles (chegado do Banco de Boston e do Conselho da\u00a0<i>holding\u00a0<\/i>dos irm\u00e3os\u00a0Batista) j\u00e1 anunciou para breve o aumento dos impostos, diante do sil\u00eancio da Fiesp, que n\u00e3o sabe\u00a0onde enfiar\u00a0seu pato.<br \/>\nMas n\u00e3o \u00e9 este, ainda, o car\u00e1ter mais danoso da\u00a0<i>famiglia<\/i>\u00a0que tem no presidente da Rep\u00fablica o seu\u00a0<i>capo<\/i>\u00a0e no Pal\u00e1cio do Jaburu sua caverna. O mais delet\u00e9rio est\u00e1 no projeto, em curso avan\u00e7ado, de, para al\u00e9m de destruir com os direitos dos trabalhadores e aposentados,\u00a0promover em trote apressado, a desconstru\u00e7\u00e3o nacional, demonizando a pol\u00edtica, privatizando a pre\u00e7o de banana empresas estatais essenciais ao nosso desenvolvimento,\u00a0fomentando a desnacionaliza\u00e7\u00e3o da economia, abrindo generosa e irresponsavelmente\u00a0nosso territ\u00f3rio e nossas fronteiras ao capital privado estrangeiro, renunciando, por fim, \u00e0 defesa de nossa soberania e ao exerc\u00edcio de uma pol\u00edtica externa condicionada pelos interesses nacionais.<br \/>\n\u00c9 este o governo sustentado pela grande maioria dos meios de comunica\u00e7\u00e3o de massa e pelo Congresso Nacional, transformado em cart\u00f3rio do Executivo.<br \/>\nMas n\u00e3o s\u00f3 por eles, pois\u00a0ainda mais eficazmente est\u00e1 a sustent\u00e1-lo\u00a0o\u00a0Poder Judici\u00e1rio, que n\u00e3o titubeia quando lhe cabe negar a ordem constitucional, rasgada inumer\u00e1veis vezes pelo STF, cuja exist\u00eancia s\u00f3 se justifica como seu guardi\u00e3o. A presidente C\u00e1rmen L\u00facia \u2013 que parece n\u00e3o ver a crise \u00e9tica do STF \u2013 diz estar atenta \u201c\u00e0s vozes das ruas\u201d.<br \/>\n<figure id=\"attachment_51119\" aria-describedby=\"caption-attachment-51119\" style=\"width: 300px\" class=\"wp-caption alignleft\"><img loading=\"lazy\" decoding=\"async\" class=\"size-full wp-image-51119\" src=\"https:\/\/www.jornalja.com.br\/wp-content\/uploads\/2017\/07\/robertoamaral.jpg\" alt=\"\" width=\"300\" height=\"200\" \/><figcaption id=\"caption-attachment-51119\" class=\"wp-caption-text\">Em uma das vota\u00e7\u00f5es da reforma da Previd\u00eancia, o Congresso, cego e surdo aos anseios da popula\u00e7\u00e3o, precisou de ajuda da pol\u00edcia para votar<\/figcaption><\/figure><br \/>\nN\u00e3o sei a quais ruas se refere sua excel\u00eancia, sei \u00e9 que as ruas devem ser ouvidas, mas \u00a0pelo Poder Legislativo, que no entanto diante delas faz ouvidos de mercador. O Poder Judici\u00e1rio deve cuidar de outras vozes, como as da Constitui\u00e7\u00e3o e do Direito. No frigir dos ovos, a quem ouve a alta Corte?<br \/>\nO Poder Judici\u00e1rio comporta-se ora como partido da classe dominante, ora como partido corporativo, para manter seus privil\u00e9gios antirrepublicanos.<br \/>\nA ilegitimidade de um Poder est\u00e1 imbricada na ilegitimidade de outro (interdependentes como irm\u00e3os siameses), e ela se completa no triste quadro de partidariza\u00e7\u00e3o do Judici\u00e1rio, do piso \u00e0 mais alta Corte. A ilegitimidade caminha como rio por entre vasos comunicantes e exp\u00f5e a crise da representa\u00e7\u00e3o, sem a qual n\u00e3o h\u00e1 democracia sustent\u00e1vel.<br \/>\nEm face de tal quadro, os que o reconhecem apontam como sa\u00edda uma reforma\u00a0<i>band-aid,<\/i>\u00a0que \u00e9 simplesmente uma reforma eleitoral, por isso mesmo limitada, necess\u00e1ria mas insuficiente, incapaz de atingir o \u00e2mago de nosso desarranjo.<br \/>\nO que no Congresso e fora dele \u00e9 identificado como reforma \u2018pol\u00edtica\u2019 n\u00e3o passa, at\u00e9 aqui, de mera reforma das regras das disputas eleitorais.\u00a0Ora a\u00a0quest\u00e3o crucial, voltemos, \u00e9 a crise, profunda, de nossa democracia representativa, que pede uma reforma pol\u00edtica, compreendida esta como reforma do Estado (n\u00e3o me refiro ao estamento burocr\u00e1tico). O refazimento da legisla\u00e7\u00e3o eleitoral dever\u00e1 estar embutido na reforma pol\u00edtica, que ter\u00e1 de rever as compet\u00eancias e as estruturas dos poderes da Rep\u00fablica (Legislativo, Executivo e Judici\u00e1rio), carentes, os tr\u00eas, em n\u00edveis diversificados, de legitimidade, afastados que est\u00e3o daquela vontade emanada pela soberania popular.<br \/>\nAs reformas s\u00e3o interdependentes porque a reforma maior e substantiva, a reforma pol\u00edtica, n\u00e3o ser\u00e1 poss\u00edvel sem a reforma da legisla\u00e7\u00e3o eleitoral.\u00a0 Mas essa reforma n\u00e3o tem vindo a lume porque algo digno desse nome ferir\u00e1 interesses estabelecidos, dos quais os parlamentares s\u00e3o delegados.<br \/>\nComo romper o c\u00edrculo vicioso?<br \/>\nAs discuss\u00f5es relativas \u00e0 reforma da legisla\u00e7\u00e3o eleitoral n\u00e3o t\u00eam merecido o eco da grande imprensa, que elege seus temas segundo os interesses de seus donos. Os partidos se prendem aos aspectos menores, preocupados todos eles em garantir o melhor proveito. E assim, circunscrito o debate aos gabinetes da C\u00e2mara e do Senado, simplesmente se empurra com a barriga quest\u00e3o t\u00e3o crucial, embora todos concordem com a necessidade de um novo ordenamento legal.<br \/>\nUma alternativa \u00e9 trazer o debate para a sociedade, abrindo caminho para uma mobiliza\u00e7\u00e3o popular em condi\u00e7\u00f5es de influenciar o Poder Legislativo, esse que temos.<\/p>\n","protected":false},"excerpt":{"rendered":"<p>Roberto Amaral Reforma da legisla\u00e7\u00e3o eleitoral n\u00e3o \u00e9 reforma pol\u00edtica, e \u00e9 desta que carecemos para reconstruir a Rep\u00fablica. A crise pol\u00edtica, que se desenvolve no corpo de aguda crise institucional, em progresso, denuncia o esgotamento do nosso modelo de\u00a0democracia representativa, aquela que deriva da soberania popular, cuja \u00fanica voz \u00e9 o voto livre. N\u00e3o [&hellip;]<\/p>\n","protected":false},"author":4,"featured_media":0,"comment_status":"open","ping_status":"closed","sticky":false,"template":"","format":"standard","meta":{"_jetpack_newsletter_access":"","_jetpack_dont_email_post_to_subs":false,"_jetpack_newsletter_tier_id":0,"_jetpack_memberships_contains_paywalled_content":false,"_jetpack_feature_clip_id":0,"_jetpack_memberships_contains_paid_content":false,"footnotes":"","jetpack_post_was_ever_published":false},"categories":[10],"tags":[],"class_list":["post-51118","post","type-post","status-publish","format-standard","hentry","category-analiseopiniao"],"aioseo_notices":[],"aioseo_head":"\n\t\t<!-- All in One SEO 5.0.1.1 - aioseo.com -->\n\t<meta name=\"robots\" content=\"max-image-preview:large\" \/>\n\t<meta name=\"author\" content=\"da Reda\u00e7\u00e3o\"\/>\n\t<link rel=\"canonical\" href=\"https:\/\/www.jornalja.com.br\/arquivo\/por-que-o-congresso-ignora-os-sentimentos-populares\/\" \/>\n\t<meta name=\"generator\" content=\"All in One SEO (AIOSEO) 5.0.1.1\" \/>\n\t\t<meta property=\"og:locale\" content=\"pt_BR\" \/>\n\t\t<meta property=\"og:site_name\" content=\"Arquivo | Jornal J\u00c1 | Porto Alegre\" \/>\n\t\t<meta property=\"og:type\" content=\"article\" \/>\n\t\t<meta property=\"og:title\" content=\"Por que o Congresso ignora os sentimentos populares? | Arquivo\" \/>\n\t\t<meta property=\"og:url\" content=\"https:\/\/www.jornalja.com.br\/arquivo\/por-que-o-congresso-ignora-os-sentimentos-populares\/\" \/>\n\t\t<meta property=\"og:image\" content=\"https:\/\/www.jornalja.com.br\/wp-content\/uploads\/2017\/07\/robertoamaral.jpg\" \/>\n\t\t<meta property=\"og:image:secure_url\" content=\"https:\/\/www.jornalja.com.br\/wp-content\/uploads\/2017\/07\/robertoamaral.jpg\" \/>\n\t\t<meta property=\"article:published_time\" content=\"2017-07-07T15:01:26+00:00\" \/>\n\t\t<meta property=\"article:modified_time\" content=\"2017-07-07T15:01:26+00:00\" \/>\n\t\t<meta name=\"twitter:card\" content=\"summary\" \/>\n\t\t<meta name=\"twitter:title\" content=\"Por que o Congresso ignora os sentimentos populares? | Arquivo\" \/>\n\t\t<meta name=\"twitter:image\" content=\"https:\/\/www.jornalja.com.br\/economics\/wp-content\/uploads\/sites\/11\/2026\/08\/ja-folhaderosto-facebook.jpg\" \/>\n\t\t<script type=\"application\/ld+json\" class=\"aioseo-schema\">\n\t\t\t{\"@context\":\"https:\\\/\\\/schema.org\",\"@graph\":[{\"@type\":\"BlogPosting\",\"@id\":\"https:\\\/\\\/www.jornalja.com.br\\\/arquivo\\\/por-que-o-congresso-ignora-os-sentimentos-populares\\\/#blogposting\",\"name\":\"Por que o Congresso ignora os sentimentos populares? | Arquivo\",\"headline\":\"Por que o Congresso ignora os sentimentos populares?\",\"author\":{\"@id\":\"https:\\\/\\\/www.jornalja.com.br\\\/arquivo\\\/author\\\/daredacao\\\/#author\"},\"publisher\":{\"@id\":\"https:\\\/\\\/www.jornalja.com.br\\\/arquivo\\\/#organization\"},\"image\":{\"@type\":\"ImageObject\",\"url\":\"https:\\\/\\\/www.jornalja.com.br\\\/wp-content\\\/uploads\\\/2017\\\/07\\\/robertoamaral.jpg\",\"@id\":\"https:\\\/\\\/www.jornalja.com.br\\\/arquivo\\\/por-que-o-congresso-ignora-os-sentimentos-populares\\\/#articleImage\"},\"datePublished\":\"2017-07-07T12:01:26-03:00\",\"dateModified\":\"2017-07-07T12:01:26-03:00\",\"inLanguage\":\"pt-BR\",\"mainEntityOfPage\":{\"@id\":\"https:\\\/\\\/www.jornalja.com.br\\\/arquivo\\\/por-que-o-congresso-ignora-os-sentimentos-populares\\\/#webpage\"},\"isPartOf\":{\"@id\":\"https:\\\/\\\/www.jornalja.com.br\\\/arquivo\\\/por-que-o-congresso-ignora-os-sentimentos-populares\\\/#webpage\"},\"articleSection\":\"AN\\u00c1LISE&amp;OPINI\\u00c3O\"},{\"@type\":\"BreadcrumbList\",\"@id\":\"https:\\\/\\\/www.jornalja.com.br\\\/arquivo\\\/por-que-o-congresso-ignora-os-sentimentos-populares\\\/#breadcrumblist\",\"itemListElement\":[{\"@type\":\"ListItem\",\"@id\":\"https:\\\/\\\/www.jornalja.com.br\\\/arquivo#listItem\",\"position\":1,\"name\":\"Home\",\"item\":\"https:\\\/\\\/www.jornalja.com.br\\\/arquivo\",\"nextItem\":{\"@type\":\"ListItem\",\"@id\":\"https:\\\/\\\/www.jornalja.com.br\\\/arquivo\\\/category\\\/analiseopiniao\\\/#listItem\",\"name\":\"AN\\u00c1LISE&amp;OPINI\\u00c3O\"}},{\"@type\":\"ListItem\",\"@id\":\"https:\\\/\\\/www.jornalja.com.br\\\/arquivo\\\/category\\\/analiseopiniao\\\/#listItem\",\"position\":2,\"name\":\"AN\\u00c1LISE&amp;OPINI\\u00c3O\",\"item\":\"https:\\\/\\\/www.jornalja.com.br\\\/arquivo\\\/category\\\/analiseopiniao\\\/\",\"nextItem\":{\"@type\":\"ListItem\",\"@id\":\"https:\\\/\\\/www.jornalja.com.br\\\/arquivo\\\/por-que-o-congresso-ignora-os-sentimentos-populares\\\/#listItem\",\"name\":\"Por que o Congresso ignora os sentimentos populares?\"},\"previousItem\":{\"@type\":\"ListItem\",\"@id\":\"https:\\\/\\\/www.jornalja.com.br\\\/arquivo#listItem\",\"name\":\"Home\"}},{\"@type\":\"ListItem\",\"@id\":\"https:\\\/\\\/www.jornalja.com.br\\\/arquivo\\\/por-que-o-congresso-ignora-os-sentimentos-populares\\\/#listItem\",\"position\":3,\"name\":\"Por que o Congresso ignora os sentimentos populares?\",\"previousItem\":{\"@type\":\"ListItem\",\"@id\":\"https:\\\/\\\/www.jornalja.com.br\\\/arquivo\\\/category\\\/analiseopiniao\\\/#listItem\",\"name\":\"AN\\u00c1LISE&amp;OPINI\\u00c3O\"}}]},{\"@type\":\"Organization\",\"@id\":\"https:\\\/\\\/www.jornalja.com.br\\\/arquivo\\\/#organization\",\"name\":\"Jornal J\\u00c1\",\"description\":\"Jornal J\\u00c1 | Porto Alegre\",\"url\":\"https:\\\/\\\/www.jornalja.com.br\\\/arquivo\\\/\",\"telephone\":\"+555133307272\",\"logo\":{\"@type\":\"ImageObject\",\"url\":\"https:\\\/\\\/www.jornalja.com.br\\\/wp-content\\\/uploads\\\/cards\\\/JAslogan.png\",\"@id\":\"https:\\\/\\\/www.jornalja.com.br\\\/arquivo\\\/por-que-o-congresso-ignora-os-sentimentos-populares\\\/#organizationLogo\"},\"image\":{\"@id\":\"https:\\\/\\\/www.jornalja.com.br\\\/arquivo\\\/por-que-o-congresso-ignora-os-sentimentos-populares\\\/#organizationLogo\"}},{\"@type\":\"Person\",\"@id\":\"https:\\\/\\\/www.jornalja.com.br\\\/arquivo\\\/author\\\/daredacao\\\/#author\",\"url\":\"https:\\\/\\\/www.jornalja.com.br\\\/arquivo\\\/author\\\/daredacao\\\/\",\"name\":\"da Reda\\u00e7\\u00e3o\",\"image\":{\"@type\":\"ImageObject\",\"@id\":\"https:\\\/\\\/www.jornalja.com.br\\\/arquivo\\\/por-que-o-congresso-ignora-os-sentimentos-populares\\\/#authorImage\",\"url\":\"https:\\\/\\\/secure.gravatar.com\\\/avatar\\\/469fd857d6605ad19919d27ed29d35a968a25f6e8fd9318356bbb7f57aae9c65?s=96&d=mm&r=g\",\"width\":96,\"height\":96,\"caption\":\"da Reda\\u00e7\\u00e3o\"}},{\"@type\":\"WebPage\",\"@id\":\"https:\\\/\\\/www.jornalja.com.br\\\/arquivo\\\/por-que-o-congresso-ignora-os-sentimentos-populares\\\/#webpage\",\"url\":\"https:\\\/\\\/www.jornalja.com.br\\\/arquivo\\\/por-que-o-congresso-ignora-os-sentimentos-populares\\\/\",\"name\":\"Por que o Congresso ignora os sentimentos populares? | Arquivo\",\"inLanguage\":\"pt-BR\",\"isPartOf\":{\"@id\":\"https:\\\/\\\/www.jornalja.com.br\\\/arquivo\\\/#website\"},\"breadcrumb\":{\"@id\":\"https:\\\/\\\/www.jornalja.com.br\\\/arquivo\\\/por-que-o-congresso-ignora-os-sentimentos-populares\\\/#breadcrumblist\"},\"author\":{\"@id\":\"https:\\\/\\\/www.jornalja.com.br\\\/arquivo\\\/author\\\/daredacao\\\/#author\"},\"creator\":{\"@id\":\"https:\\\/\\\/www.jornalja.com.br\\\/arquivo\\\/author\\\/daredacao\\\/#author\"},\"datePublished\":\"2017-07-07T12:01:26-03:00\",\"dateModified\":\"2017-07-07T12:01:26-03:00\"},{\"@type\":\"WebSite\",\"@id\":\"https:\\\/\\\/www.jornalja.com.br\\\/arquivo\\\/#website\",\"url\":\"https:\\\/\\\/www.jornalja.com.br\\\/arquivo\\\/\",\"name\":\"Arquivo\",\"description\":\"Jornal J\\u00c1 | Porto Alegre\",\"inLanguage\":\"pt-BR\",\"publisher\":{\"@id\":\"https:\\\/\\\/www.jornalja.com.br\\\/arquivo\\\/#organization\"}}]}\n\t\t<\/script>\n\t\t<!-- All in One SEO -->\n\n","aioseo_head_json":{"title":"Por que o Congresso ignora os sentimentos populares? | Arquivo","description":"","canonical_url":"https:\/\/www.jornalja.com.br\/arquivo\/por-que-o-congresso-ignora-os-sentimentos-populares\/","robots":"max-image-preview:large","keywords":"","webmasterTools":{"miscellaneous":""},"schema":{"@context":"https:\/\/schema.org","@graph":[{"@type":"BlogPosting","@id":"https:\/\/www.jornalja.com.br\/arquivo\/por-que-o-congresso-ignora-os-sentimentos-populares\/#blogposting","name":"Por que o Congresso ignora os sentimentos populares? | Arquivo","headline":"Por que o Congresso ignora os sentimentos populares?","author":{"@id":"https:\/\/www.jornalja.com.br\/arquivo\/author\/daredacao\/#author"},"publisher":{"@id":"https:\/\/www.jornalja.com.br\/arquivo\/#organization"},"image":{"@type":"ImageObject","url":"https:\/\/www.jornalja.com.br\/wp-content\/uploads\/2017\/07\/robertoamaral.jpg","@id":"https:\/\/www.jornalja.com.br\/arquivo\/por-que-o-congresso-ignora-os-sentimentos-populares\/#articleImage"},"datePublished":"2017-07-07T12:01:26-03:00","dateModified":"2017-07-07T12:01:26-03:00","inLanguage":"pt-BR","mainEntityOfPage":{"@id":"https:\/\/www.jornalja.com.br\/arquivo\/por-que-o-congresso-ignora-os-sentimentos-populares\/#webpage"},"isPartOf":{"@id":"https:\/\/www.jornalja.com.br\/arquivo\/por-que-o-congresso-ignora-os-sentimentos-populares\/#webpage"},"articleSection":"AN\u00c1LISE&amp;OPINI\u00c3O"},{"@type":"BreadcrumbList","@id":"https:\/\/www.jornalja.com.br\/arquivo\/por-que-o-congresso-ignora-os-sentimentos-populares\/#breadcrumblist","itemListElement":[{"@type":"ListItem","@id":"https:\/\/www.jornalja.com.br\/arquivo#listItem","position":1,"name":"Home","item":"https:\/\/www.jornalja.com.br\/arquivo","nextItem":{"@type":"ListItem","@id":"https:\/\/www.jornalja.com.br\/arquivo\/category\/analiseopiniao\/#listItem","name":"AN\u00c1LISE&amp;OPINI\u00c3O"}},{"@type":"ListItem","@id":"https:\/\/www.jornalja.com.br\/arquivo\/category\/analiseopiniao\/#listItem","position":2,"name":"AN\u00c1LISE&amp;OPINI\u00c3O","item":"https:\/\/www.jornalja.com.br\/arquivo\/category\/analiseopiniao\/","nextItem":{"@type":"ListItem","@id":"https:\/\/www.jornalja.com.br\/arquivo\/por-que-o-congresso-ignora-os-sentimentos-populares\/#listItem","name":"Por que o Congresso ignora os sentimentos populares?"},"previousItem":{"@type":"ListItem","@id":"https:\/\/www.jornalja.com.br\/arquivo#listItem","name":"Home"}},{"@type":"ListItem","@id":"https:\/\/www.jornalja.com.br\/arquivo\/por-que-o-congresso-ignora-os-sentimentos-populares\/#listItem","position":3,"name":"Por que o Congresso ignora os sentimentos populares?","previousItem":{"@type":"ListItem","@id":"https:\/\/www.jornalja.com.br\/arquivo\/category\/analiseopiniao\/#listItem","name":"AN\u00c1LISE&amp;OPINI\u00c3O"}}]},{"@type":"Organization","@id":"https:\/\/www.jornalja.com.br\/arquivo\/#organization","name":"Jornal J\u00c1","description":"Jornal J\u00c1 | Porto Alegre","url":"https:\/\/www.jornalja.com.br\/arquivo\/","telephone":"+555133307272","logo":{"@type":"ImageObject","url":"https:\/\/www.jornalja.com.br\/wp-content\/uploads\/cards\/JAslogan.png","@id":"https:\/\/www.jornalja.com.br\/arquivo\/por-que-o-congresso-ignora-os-sentimentos-populares\/#organizationLogo"},"image":{"@id":"https:\/\/www.jornalja.com.br\/arquivo\/por-que-o-congresso-ignora-os-sentimentos-populares\/#organizationLogo"}},{"@type":"Person","@id":"https:\/\/www.jornalja.com.br\/arquivo\/author\/daredacao\/#author","url":"https:\/\/www.jornalja.com.br\/arquivo\/author\/daredacao\/","name":"da Reda\u00e7\u00e3o","image":{"@type":"ImageObject","@id":"https:\/\/www.jornalja.com.br\/arquivo\/por-que-o-congresso-ignora-os-sentimentos-populares\/#authorImage","url":"https:\/\/secure.gravatar.com\/avatar\/469fd857d6605ad19919d27ed29d35a968a25f6e8fd9318356bbb7f57aae9c65?s=96&d=mm&r=g","width":96,"height":96,"caption":"da Reda\u00e7\u00e3o"}},{"@type":"WebPage","@id":"https:\/\/www.jornalja.com.br\/arquivo\/por-que-o-congresso-ignora-os-sentimentos-populares\/#webpage","url":"https:\/\/www.jornalja.com.br\/arquivo\/por-que-o-congresso-ignora-os-sentimentos-populares\/","name":"Por que o Congresso ignora os sentimentos populares? | Arquivo","inLanguage":"pt-BR","isPartOf":{"@id":"https:\/\/www.jornalja.com.br\/arquivo\/#website"},"breadcrumb":{"@id":"https:\/\/www.jornalja.com.br\/arquivo\/por-que-o-congresso-ignora-os-sentimentos-populares\/#breadcrumblist"},"author":{"@id":"https:\/\/www.jornalja.com.br\/arquivo\/author\/daredacao\/#author"},"creator":{"@id":"https:\/\/www.jornalja.com.br\/arquivo\/author\/daredacao\/#author"},"datePublished":"2017-07-07T12:01:26-03:00","dateModified":"2017-07-07T12:01:26-03:00"},{"@type":"WebSite","@id":"https:\/\/www.jornalja.com.br\/arquivo\/#website","url":"https:\/\/www.jornalja.com.br\/arquivo\/","name":"Arquivo","description":"Jornal J\u00c1 | Porto Alegre","inLanguage":"pt-BR","publisher":{"@id":"https:\/\/www.jornalja.com.br\/arquivo\/#organization"}}]},"og:locale":"pt_BR","og:site_name":"Arquivo | Jornal J\u00c1 | Porto Alegre","og:type":"article","og:title":"Por que o Congresso ignora os sentimentos populares? | Arquivo","og:url":"https:\/\/www.jornalja.com.br\/arquivo\/por-que-o-congresso-ignora-os-sentimentos-populares\/","og:image":"https:\/\/www.jornalja.com.br\/wp-content\/uploads\/2017\/07\/robertoamaral.jpg","og:image:secure_url":"https:\/\/www.jornalja.com.br\/wp-content\/uploads\/2017\/07\/robertoamaral.jpg","article:published_time":"2017-07-07T15:01:26+00:00","article:modified_time":"2017-07-07T15:01:26+00:00","twitter:card":"summary","twitter:title":"Por que o Congresso ignora os sentimentos populares? | Arquivo","twitter:image":"https:\/\/www.jornalja.com.br\/economics\/wp-content\/uploads\/sites\/11\/2026\/08\/ja-folhaderosto-facebook.jpg"},"aioseo_meta_data":{"post_id":"51118","title":null,"description":null,"keywords":null,"keyphrases":null,"primary_term":null,"canonical_url":null,"og_title":null,"og_description":null,"og_object_type":"default","og_image_type":"default","og_image_url":null,"og_image_width":null,"og_image_height":null,"og_image_custom_url":null,"og_image_custom_fields":null,"og_video":null,"og_custom_url":null,"og_article_section":null,"og_article_tags":null,"twitter_use_og":false,"twitter_card":"default","twitter_image_type":"default","twitter_image_url":null,"twitter_image_custom_url":null,"twitter_image_custom_fields":null,"twitter_title":null,"twitter_description":null,"schema":{"blockGraphs":[],"customGraphs":[],"default":{"data":{"Article":[],"Course":[],"Dataset":[],"FAQPage":[],"Movie":[],"Person":[],"Product":[],"ProductReview":[],"Car":[],"Recipe":[],"Service":[],"SoftwareApplication":[],"WebPage":[]},"graphName":"","isEnabled":true},"graphs":[],"defaultGraph":"","defaultPostTypeGraph":""},"schema_type":null,"schema_type_options":null,"pillar_content":false,"robots_default":true,"robots_noindex":false,"robots_noarchive":false,"robots_nosnippet":false,"robots_nofollow":false,"robots_noimageindex":false,"robots_noodp":false,"robots_notranslate":false,"robots_max_snippet":null,"robots_max_videopreview":null,"robots_max_imagepreview":"large","priority":null,"frequency":null,"location":null,"local_seo":null,"breadcrumb_settings":null,"limit_modified_date":false,"ai":null,"created":"2020-12-20 20:29:58","updated":"2025-07-19 22:56:32","seo_analyzer_scan_date":null,"focus_keyword":null,"additional_keywords":null,"truseo_locale":null},"jetpack_sharing_enabled":true,"jetpack-related-posts":[{"id":13239,"url":"https:\/\/www.jornalja.com.br\/arquivo\/conselho-desdenha-do-plano-diretor\/","url_meta":{"origin":51118,"position":0},"title":"Porto Alegre: Conselho detona Plano Diretor","author":"Patr\u00edcia Marini","date":"25 de maio de 2014","format":false,"excerpt":"Den\u00fancia do arquiteto e \u00a0urbanista Ibir\u00e1 Santos Lucas. Ele diz que os conselheiros est\u00e3o votando com \"enorme irresponsabilidade\". \"Mudam regime com a maior naturalidade,,,regularizam absurdos de constru\u00e7\u00f5es irregulares... \"O CMDUA est\u00e1 flexibilizando a lei do plano diretor, de uma forma impactante na vida da cidade. Mudam regime com a maior\u2026","rel":"","context":"Em &quot;Geral&quot;","block_context":{"text":"Geral","link":"https:\/\/www.jornalja.com.br\/arquivo\/category\/geral\/"},"img":{"alt_text":"","src":"","width":0,"height":0},"classes":[]},{"id":13240,"url":"https:\/\/www.jornalja.com.br\/arquivo\/plano-diretor-estamos-construindo-o-caos\/","url_meta":{"origin":51118,"position":1},"title":"Plano diretor: &quot;Estamos construindo o caos&quot;","author":"Patr\u00edcia Marini","date":"26 de maio de 2014","format":false,"excerpt":"Desabafo que arquiteta Eliana Castilhos, delegada da Regi\u00e3o de Planejamento 1, postou nas redes sociais \u00e9 um testemunho do ambiente que se criou no Conselho do Plano Diretor de Porto Alegre, onde a aprova\u00e7\u00e3o de grandes empreendimentos \u00e9 empurrada guela abaixo dos conselheiros. Ao CMDUA Como delegada da Regi\u00e3o de\u2026","rel":"","context":"Em &quot;Geral&quot;","block_context":{"text":"Geral","link":"https:\/\/www.jornalja.com.br\/arquivo\/category\/geral\/"},"img":{"alt_text":"","src":"","width":0,"height":0},"classes":[]},{"id":13128,"url":"https:\/\/www.jornalja.com.br\/arquivo\/maconha-terra-diz-que-uso-medicinal-e-desculpa\/","url_meta":{"origin":51118,"position":2},"title":"Maconha: Terra diz que uso medicinal \u00e9 desculpa","author":"Patr\u00edcia Marini","date":"4 de junho de 2014","format":false,"excerpt":"A condi\u00e7\u00e3o de pol\u00edtico, em \u00e9poca de campanha de campanha eleitoral, tira for\u00e7a do discurso do m\u00e9dico Osmar Terra contra a legaliza\u00e7\u00e3o da maconha. A tese dele de que a libera\u00e7\u00e3o vai ampliar exponencialmente o consumo \u00e9 discutivel, o consumo \u00e9 corrente. Mas seus alertas quanto aos riscos tem que\u2026","rel":"","context":"Em &quot;X.Categorias velhas&quot;","block_context":{"text":"X.Categorias velhas","link":"https:\/\/www.jornalja.com.br\/arquivo\/category\/x-categorias-velhas\/"},"img":{"alt_text":"","src":"","width":0,"height":0},"classes":[]},{"id":13124,"url":"https:\/\/www.jornalja.com.br\/arquivo\/sangue-latino-no-iecine\/","url_meta":{"origin":51118,"position":3},"title":"Sangue latino no IECINE","author":"da Reda\u00e7\u00e3o","date":"18 de maio de 2014","format":false,"excerpt":"Francisco Ribeiro O Instituto Estadual de Cinema (IECINE) tem a frente, desde abril \u00faltimo, um novo diretor, o cineasta colombiano Juan Zapata, 36, que substitui Luiz Alberto Cassol. Radicado h\u00e1 dez anos em Porto Alegre, Zapata tem diante de si o desafio de conduzir at\u00e9 o final do ano um\u2026","rel":"","context":"Em &quot;Cultura-Geral&quot;","block_context":{"text":"Cultura-Geral","link":"https:\/\/www.jornalja.com.br\/arquivo\/category\/materiasecundaria\/"},"img":{"alt_text":"","src":"","width":0,"height":0},"classes":[]},{"id":13109,"url":"https:\/\/www.jornalja.com.br\/arquivo\/judiciario-reconhece-poluicao-eletromagnetica\/","url_meta":{"origin":51118,"position":4},"title":"Judici\u00e1rio reconhece polui\u00e7\u00e3o eletromagn\u00e9tica","author":"Patr\u00edcia Marini","date":"16 de maio de 2014","format":false,"excerpt":"A\u00e7\u00e3o de duas associa\u00e7\u00f5es de moradores foi acolhida pelo Tribunal de Justi\u00e7a de S\u00e3o Paulo que. em decis\u00e3o in\u00e9dita, determinou a redu\u00e7\u00e3o do campo eletromagn\u00e9tico gerado pelas linhas de transmiss\u00e3o de energia que cortam os bairros City Boa\u00e7ava e Alto de Pinheiros. \u00c9 a primeira vez que um tribunal do\u2026","rel":"","context":"Em &quot;X.Categorias velhas&quot;","block_context":{"text":"X.Categorias velhas","link":"https:\/\/www.jornalja.com.br\/arquivo\/category\/x-categorias-velhas\/"},"img":{"alt_text":"","src":"","width":0,"height":0},"classes":[]},{"id":14241,"url":"https:\/\/www.jornalja.com.br\/arquivo\/o-guaiba-nas-imagens-poeticas-de-achutti\/","url_meta":{"origin":51118,"position":5},"title":"O Gua\u00edba nas imagens po\u00e9ticas de Achutti","author":"da Reda\u00e7\u00e3o","date":"18 de junho de 2014","format":false,"excerpt":"Em \u201cO Gua\u00edba por Achutti\u201d \u2013 obra financiada via Minist\u00e9rio da Cultura, produ\u00e7\u00e3o executiva de Pedro Longhi, e Fl\u00e1vio Wild como designer \u2013, o fot\u00f3grafo revela a beleza e as mazelas de um espa\u00e7o aqu\u00e1tico de \u00e1guas sempre renovadas, cheio de hist\u00f3rias e lendas como as das cidades que foram\u2026","rel":"","context":"Em &quot;Cultura-Geral&quot;","block_context":{"text":"Cultura-Geral","link":"https:\/\/www.jornalja.com.br\/arquivo\/category\/materiasecundaria\/"},"img":{"alt_text":"","src":"","width":0,"height":0},"classes":[]}],"jetpack_shortlink":"https:\/\/wp.me\/pbQjBd-diu","jetpack_featured_media_url":"","_links":{"self":[{"href":"https:\/\/www.jornalja.com.br\/arquivo\/wp-json\/wp\/v2\/posts\/51118","targetHints":{"allow":["GET"]}}],"collection":[{"href":"https:\/\/www.jornalja.com.br\/arquivo\/wp-json\/wp\/v2\/posts"}],"about":[{"href":"https:\/\/www.jornalja.com.br\/arquivo\/wp-json\/wp\/v2\/types\/post"}],"author":[{"embeddable":true,"href":"https:\/\/www.jornalja.com.br\/arquivo\/wp-json\/wp\/v2\/users\/4"}],"replies":[{"embeddable":true,"href":"https:\/\/www.jornalja.com.br\/arquivo\/wp-json\/wp\/v2\/comments?post=51118"}],"version-history":[{"count":0,"href":"https:\/\/www.jornalja.com.br\/arquivo\/wp-json\/wp\/v2\/posts\/51118\/revisions"}],"wp:attachment":[{"href":"https:\/\/www.jornalja.com.br\/arquivo\/wp-json\/wp\/v2\/media?parent=51118"}],"wp:term":[{"taxonomy":"category","embeddable":true,"href":"https:\/\/www.jornalja.com.br\/arquivo\/wp-json\/wp\/v2\/categories?post=51118"},{"taxonomy":"post_tag","embeddable":true,"href":"https:\/\/www.jornalja.com.br\/arquivo\/wp-json\/wp\/v2\/tags?post=51118"}],"curies":[{"name":"wp","href":"https:\/\/api.w.org\/{rel}","templated":true}]}}