{"id":51178,"date":"2017-07-08T14:49:04","date_gmt":"2017-07-08T17:49:04","guid":{"rendered":"https:\/\/www.jornalja.com.br\/?p=51178"},"modified":"2017-07-08T14:49:04","modified_gmt":"2017-07-08T17:49:04","slug":"acordo-de-paris-saida-dos-eua-reforca-nova-dinamica-geopolitica-e-protagonismo-da-china","status":"publish","type":"post","link":"https:\/\/www.jornalja.com.br\/arquivo\/acordo-de-paris-saida-dos-eua-reforca-nova-dinamica-geopolitica-e-protagonismo-da-china\/","title":{"rendered":"Acordo de Paris: sa\u00edda dos EUA refor\u00e7a nova din\u00e2mica geopol\u00edtica e protagonismo da China"},"content":{"rendered":"<p><span class=\"assina\">Luiz Eduardo Osorio*<\/span><br \/>\nA recente sa\u00edda dos Estados Unidos do Acordo de Paris ter\u00e1 amplos reflexos sobre o cen\u00e1rio diplom\u00e1tico, econ\u00f4mico e ambiental. Em um momento em que na\u00e7\u00f5es e empresas se preparam para a transi\u00e7\u00e3o rumo a uma economia de baixo carbono, a decis\u00e3o norte-americana abre espa\u00e7o para uma maior aproxima\u00e7\u00e3o entre China e Europa. Tamb\u00e9m aumenta a press\u00e3o internacional sobre os l\u00edderes globais para que estabele\u00e7am metas mais ambiciosas de redu\u00e7\u00e3o de emiss\u00f5es e as anunciem nas pr\u00f3ximas reuni\u00f5es clim\u00e1ticas.<br \/>\nEm dezembro de 2015, 196 na\u00e7\u00f5es reuniram-se em Paris e concordaram em manter o aumento da temperatura m\u00e9dia global em menos de 2\u00b0C acima dos n\u00edveis pr\u00e9-industriais. Esse compromisso p\u00fablico, assumido tamb\u00e9m pelo governo dos Estados Unidos, foi firmado e enviado ao Alto Comissariado das Organiza\u00e7\u00f5es das Na\u00e7\u00f5es Unidas (ONU). Esta a\u00e7\u00e3o contrasta com a postura adotada em rela\u00e7\u00e3o ao Protocolo de Kyoto, que n\u00e3o chegou a ser aceito ou ratificado pelo governo norte-americano. \u00a0No pior cen\u00e1rio tra\u00e7ado pela ONU, sem o comprometimento dos Estados Unidos, poderia haver um aumento de 0,3\u00b0C na temperatura global para al\u00e9m dos 2\u00ba C.<br \/>\nAo rever a sua ades\u00e3o ao Acordo de Paris, os Estados Unidos tornam-se, ao lado da S\u00edria (em guerra civil) e da Nicar\u00e1gua (que considerou o acordo t\u00edmido), parte dos tr\u00eas \u00fanicos pa\u00edses do mundo que n\u00e3o se comprometeram a reduzir as emiss\u00f5es de gases de efeito estufa. O v\u00e1cuo geopol\u00edtico criado estimula uma maior aproxima\u00e7\u00e3o entre China e Europa, que j\u00e1 refor\u00e7aram nas \u00faltimas semanas o engajamento em rela\u00e7\u00e3o ao tema das mudan\u00e7as do clima, acenando inclusive com um potencial interc\u00e2mbio de permiss\u00e3o de emiss\u00f5es entre os pa\u00edses, assim como investimentos cruzados.<br \/>\nEm busca de maior protagonismo internacional e competitividade de seus produtos nesse novo cen\u00e1rio, a China direciona os seus esfor\u00e7os diplom\u00e1ticos e de coopera\u00e7\u00e3o para acelerar a expans\u00e3o das fontes limpas de energia na matriz el\u00e9trica global. O governo chin\u00eas \u00e9 o principal incentivador da Global Energy Interconnection (GEI), que tem como meta ampliar para 80% a participa\u00e7\u00e3o das fontes renov\u00e1veis no consumo prim\u00e1rio global de energia em 2050. Para cumprir este objetivo ambicioso, a estimativa \u00e9 a de que o GEI demande US$ 50 trilh\u00f5es em investimentos em novas usinas, como e\u00f3licas e solar, e na constru\u00e7\u00e3o de grandes sistemas de transmiss\u00e3o, que promoveriam a interconex\u00e3o dos cincos continentes.<br \/>\nEmbora o desfecho da iniciativa seja incerto, observa-se que o Acordo de Paris se insere em um contexto de reconfigura\u00e7\u00e3o do fluxo de investimentos e comerciais, de rearranjo dos acordos geopol\u00edticos e abertura de novos mercados. Com a manuten\u00e7\u00e3o da precifica\u00e7\u00e3o do carbono como uma tend\u00eancia irrevers\u00edvel, o retrocesso no apoio \u00e0s fontes renov\u00e1veis de energia significaria preju\u00edzos financeiros, com perda de competitividade industrial e de exporta\u00e7\u00f5es. Alguns governos, como o da Fran\u00e7a, j\u00e1 estudam sobretaxar em 100 euros por tonelada de CO2 os produtos importados, cuja pegada de carbono n\u00e3o tenha sido neutralizada.<br \/>\nAqui, novamente, nota-se o governo chin\u00eas utilizando o seu peso geopol\u00edtico e econ\u00f4mica para fomentar um novo modelo de desenvolvimento. Com a China mantendo seus preparativos para lan\u00e7ar seu mercado nacional de carbono neste ano, estima-se que 20% das emiss\u00f5es globais ser\u00e3o cobertas por mecanismos de precifica\u00e7\u00e3o, hoje adotados por mais de 60 pa\u00edses e mais de 500 empresas no mundo. Outras 700 companhias planejam fazer o mesmo at\u00e9 2018, segundo o CDP.<br \/>\nA preocupa\u00e7\u00e3o de ver as \u201cportas fechadas\u201d para as oportunidades de um mundo voltado para a economia de baixo carbono tem estimulado autoridades municipais e estaduais dos Estados Unidos a refor\u00e7ar ou ampliar o compromisso com pol\u00edticas p\u00fablicas e tecnologias verdes. Os estados de Nova York, Washington e Calif\u00f3rnia \u2013 que re\u00fanem um quinto da popula\u00e7\u00e3o e do PIB do pa\u00eds e responderam por 11% das emiss\u00f5es em 2014 \u2013 anunciaram que ir\u00e3o manter as suas metas de redu\u00e7\u00e3o de polui\u00e7\u00e3o global, mesmo com a decis\u00e3o do governo federal na dire\u00e7\u00e3o oposta. Outras 200 prefeituras fizeram pronunciamentos na mesma dire\u00e7\u00e3o.<br \/>\nA Calif\u00f3rnia \u2013 que, se fosse um pa\u00eds, seria a sexta maior economia mundial \u2013 refor\u00e7ou sua decis\u00e3o de que 50% de sua energia seja oriunda de fontes renov\u00e1veis at\u00e9 2030 e que toda sua energia seja gerada por fontes limpas at\u00e9 2045. A regi\u00e3o quer criar mais valor na economia de baixo carbono. Com a ado\u00e7\u00e3o de leis que buscaram incentivar a utiliza\u00e7\u00e3o de novas tecnologias, a economia da Calif\u00f3rnia expandiu 80% entre 1990 e 2014 e sua popula\u00e7\u00e3o cresceu 30%, mas as emiss\u00f5es per capita ca\u00edram cerca de 20% neste per\u00edodo e as emiss\u00f5es por produ\u00e7\u00e3o econ\u00f4mica despencaram 44%, segundo estudo da Comiss\u00e3o de Energia do Estado.<br \/>\nOs resultados alcan\u00e7ados pela Calif\u00f3rnia ao longo das \u00faltimas tr\u00eas d\u00e9cadas refor\u00e7am a percep\u00e7\u00e3o de que crescimento econ\u00f4mico e redu\u00e7\u00e3o das emiss\u00f5es de CO2 podem caminhar lado a lado, gerando riquezas, renda e novos empregos. Estudo recente da Ag\u00eancia Internacional de Energias Renov\u00e1veis (Irena, sigla em ingl\u00eas) prev\u00ea que essas fontes de energia dever\u00e3o agregar US$19 trilh\u00f5es para a economia mundial at\u00e9 2050 e criar seis milh\u00f5es de empregos.<br \/>\nA nova configura\u00e7\u00e3o do Acordo de Paris n\u00e3o ter\u00e1 impactos significativos no curto prazo para o Brasil, que, no come\u00e7o de junho, promulgou os compromissos assumidos pelo Pa\u00eds para combater as mudan\u00e7as do clima. Dispondo de uma das matrizes el\u00e9tricas mais limpas do mundo &#8211; sendo 80% da gera\u00e7\u00e3o el\u00e9trica oriunda de fontes limpas, com \u00eanfase para as hidrel\u00e9tricas e usinas e\u00f3licas \u2013, o Brasil e as empresas brasileiras podem ganhar espa\u00e7o no cen\u00e1rio internacional, por exemplo, seja atraindo investimentos em fontes renov\u00e1veis, seja na exporta\u00e7\u00e3o de produtos com menor pegada de carbono.<br \/>\nNo m\u00e9dio e longo prazos, a nova din\u00e2mica geopol\u00edtica pode significar o estreitamento dos la\u00e7os econ\u00f4micos de Brasil e China. Hoje, o pa\u00eds asi\u00e1tico j\u00e1 \u00e9 o principal parceiro comercial do nosso Pa\u00eds e caminha para se consolidar como um dos principais investidores estrangeiros, sobretudo no campo da infraestrutura. A coopera\u00e7\u00e3o entre as duas na\u00e7\u00f5es, a exemplo da cria\u00e7\u00e3o de um fundo de investimento com US$20 bilh\u00f5es para financiar projetos nas \u00e1reas de Log\u00edstica, Energia, Recursos Minerais, Agricultura, Ind\u00fastria de Manufatura e Servi\u00e7os Digitais, pode al\u00e7ar o Brasil \u00e0 posi\u00e7\u00e3o de l\u00edder proeminente no processo de transi\u00e7\u00e3o para uma economia global de baixo carbono.<br \/>\n&nbsp;<\/p>\n","protected":false},"excerpt":{"rendered":"<p>Luiz Eduardo Osorio* A recente sa\u00edda dos Estados Unidos do Acordo de Paris ter\u00e1 amplos reflexos sobre o cen\u00e1rio diplom\u00e1tico, econ\u00f4mico e ambiental. Em um momento em que na\u00e7\u00f5es e empresas se preparam para a transi\u00e7\u00e3o rumo a uma economia de baixo carbono, a decis\u00e3o norte-americana abre espa\u00e7o para uma maior aproxima\u00e7\u00e3o entre China e [&hellip;]<\/p>\n","protected":false},"author":4,"featured_media":0,"comment_status":"open","ping_status":"closed","sticky":false,"template":"","format":"standard","meta":{"_jetpack_newsletter_access":"","_jetpack_dont_email_post_to_subs":false,"_jetpack_newsletter_tier_id":0,"_jetpack_memberships_contains_paywalled_content":false,"_jetpack_feature_clip_id":0,"_jetpack_memberships_contains_paid_content":false,"footnotes":"","jetpack_post_was_ever_published":false},"categories":[10],"tags":[],"class_list":["post-51178","post","type-post","status-publish","format-standard","hentry","category-analiseopiniao"],"aioseo_notices":[],"aioseo_head":"\n\t\t<!-- All in One SEO 5.0.1.1 - aioseo.com -->\n\t<meta name=\"robots\" content=\"max-image-preview:large\" \/>\n\t<meta name=\"author\" content=\"da Reda\u00e7\u00e3o\"\/>\n\t<link rel=\"canonical\" href=\"https:\/\/www.jornalja.com.br\/arquivo\/acordo-de-paris-saida-dos-eua-reforca-nova-dinamica-geopolitica-e-protagonismo-da-china\/\" \/>\n\t<meta name=\"generator\" content=\"All in One SEO (AIOSEO) 5.0.1.1\" \/>\n\t\t<meta property=\"og:locale\" content=\"pt_BR\" \/>\n\t\t<meta property=\"og:site_name\" content=\"Arquivo | Jornal J\u00c1 | Porto Alegre\" \/>\n\t\t<meta property=\"og:type\" content=\"article\" \/>\n\t\t<meta property=\"og:title\" content=\"Acordo de Paris: sa\u00edda dos EUA refor\u00e7a nova din\u00e2mica geopol\u00edtica e protagonismo da China | Arquivo\" \/>\n\t\t<meta property=\"og:url\" content=\"https:\/\/www.jornalja.com.br\/arquivo\/acordo-de-paris-saida-dos-eua-reforca-nova-dinamica-geopolitica-e-protagonismo-da-china\/\" \/>\n\t\t<meta property=\"og:image\" content=\"https:\/\/www.jornalja.com.br\/economics\/wp-content\/uploads\/sites\/11\/2026\/08\/ja-folhaderosto-facebook.jpg\" \/>\n\t\t<meta property=\"og:image:secure_url\" content=\"https:\/\/www.jornalja.com.br\/economics\/wp-content\/uploads\/sites\/11\/2026\/08\/ja-folhaderosto-facebook.jpg\" \/>\n\t\t<meta property=\"article:published_time\" content=\"2017-07-08T17:49:04+00:00\" \/>\n\t\t<meta property=\"article:modified_time\" content=\"2017-07-08T17:49:04+00:00\" \/>\n\t\t<meta name=\"twitter:card\" content=\"summary\" \/>\n\t\t<meta name=\"twitter:title\" content=\"Acordo de Paris: sa\u00edda dos EUA refor\u00e7a nova din\u00e2mica geopol\u00edtica e protagonismo da China | Arquivo\" \/>\n\t\t<meta name=\"twitter:image\" content=\"https:\/\/www.jornalja.com.br\/economics\/wp-content\/uploads\/sites\/11\/2026\/08\/ja-folhaderosto-facebook.jpg\" \/>\n\t\t<script type=\"application\/ld+json\" class=\"aioseo-schema\">\n\t\t\t{\"@context\":\"https:\\\/\\\/schema.org\",\"@graph\":[{\"@type\":\"BlogPosting\",\"@id\":\"https:\\\/\\\/www.jornalja.com.br\\\/arquivo\\\/acordo-de-paris-saida-dos-eua-reforca-nova-dinamica-geopolitica-e-protagonismo-da-china\\\/#blogposting\",\"name\":\"Acordo de Paris: sa\\u00edda dos EUA refor\\u00e7a nova din\\u00e2mica geopol\\u00edtica e protagonismo da China | Arquivo\",\"headline\":\"Acordo de Paris: sa\\u00edda dos EUA refor\\u00e7a nova din\\u00e2mica geopol\\u00edtica e protagonismo da China\",\"author\":{\"@id\":\"https:\\\/\\\/www.jornalja.com.br\\\/arquivo\\\/author\\\/daredacao\\\/#author\"},\"publisher\":{\"@id\":\"https:\\\/\\\/www.jornalja.com.br\\\/arquivo\\\/#organization\"},\"image\":{\"@type\":\"ImageObject\",\"url\":\"https:\\\/\\\/www.jornalja.com.br\\\/wp-content\\\/uploads\\\/cards\\\/JAslogan.png\",\"@id\":\"https:\\\/\\\/www.jornalja.com.br\\\/arquivo\\\/#articleImage\"},\"datePublished\":\"2017-07-08T14:49:04-03:00\",\"dateModified\":\"2017-07-08T14:49:04-03:00\",\"inLanguage\":\"pt-BR\",\"mainEntityOfPage\":{\"@id\":\"https:\\\/\\\/www.jornalja.com.br\\\/arquivo\\\/acordo-de-paris-saida-dos-eua-reforca-nova-dinamica-geopolitica-e-protagonismo-da-china\\\/#webpage\"},\"isPartOf\":{\"@id\":\"https:\\\/\\\/www.jornalja.com.br\\\/arquivo\\\/acordo-de-paris-saida-dos-eua-reforca-nova-dinamica-geopolitica-e-protagonismo-da-china\\\/#webpage\"},\"articleSection\":\"AN\\u00c1LISE&amp;OPINI\\u00c3O\"},{\"@type\":\"BreadcrumbList\",\"@id\":\"https:\\\/\\\/www.jornalja.com.br\\\/arquivo\\\/acordo-de-paris-saida-dos-eua-reforca-nova-dinamica-geopolitica-e-protagonismo-da-china\\\/#breadcrumblist\",\"itemListElement\":[{\"@type\":\"ListItem\",\"@id\":\"https:\\\/\\\/www.jornalja.com.br\\\/arquivo#listItem\",\"position\":1,\"name\":\"Home\",\"item\":\"https:\\\/\\\/www.jornalja.com.br\\\/arquivo\",\"nextItem\":{\"@type\":\"ListItem\",\"@id\":\"https:\\\/\\\/www.jornalja.com.br\\\/arquivo\\\/category\\\/analiseopiniao\\\/#listItem\",\"name\":\"AN\\u00c1LISE&amp;OPINI\\u00c3O\"}},{\"@type\":\"ListItem\",\"@id\":\"https:\\\/\\\/www.jornalja.com.br\\\/arquivo\\\/category\\\/analiseopiniao\\\/#listItem\",\"position\":2,\"name\":\"AN\\u00c1LISE&amp;OPINI\\u00c3O\",\"item\":\"https:\\\/\\\/www.jornalja.com.br\\\/arquivo\\\/category\\\/analiseopiniao\\\/\",\"nextItem\":{\"@type\":\"ListItem\",\"@id\":\"https:\\\/\\\/www.jornalja.com.br\\\/arquivo\\\/acordo-de-paris-saida-dos-eua-reforca-nova-dinamica-geopolitica-e-protagonismo-da-china\\\/#listItem\",\"name\":\"Acordo de Paris: sa\\u00edda dos EUA refor\\u00e7a nova din\\u00e2mica geopol\\u00edtica e protagonismo da China\"},\"previousItem\":{\"@type\":\"ListItem\",\"@id\":\"https:\\\/\\\/www.jornalja.com.br\\\/arquivo#listItem\",\"name\":\"Home\"}},{\"@type\":\"ListItem\",\"@id\":\"https:\\\/\\\/www.jornalja.com.br\\\/arquivo\\\/acordo-de-paris-saida-dos-eua-reforca-nova-dinamica-geopolitica-e-protagonismo-da-china\\\/#listItem\",\"position\":3,\"name\":\"Acordo de Paris: sa\\u00edda dos EUA refor\\u00e7a nova din\\u00e2mica geopol\\u00edtica e protagonismo da China\",\"previousItem\":{\"@type\":\"ListItem\",\"@id\":\"https:\\\/\\\/www.jornalja.com.br\\\/arquivo\\\/category\\\/analiseopiniao\\\/#listItem\",\"name\":\"AN\\u00c1LISE&amp;OPINI\\u00c3O\"}}]},{\"@type\":\"Organization\",\"@id\":\"https:\\\/\\\/www.jornalja.com.br\\\/arquivo\\\/#organization\",\"name\":\"Jornal J\\u00c1\",\"description\":\"Jornal J\\u00c1 | Porto Alegre\",\"url\":\"https:\\\/\\\/www.jornalja.com.br\\\/arquivo\\\/\",\"telephone\":\"+555133307272\",\"logo\":{\"@type\":\"ImageObject\",\"url\":\"https:\\\/\\\/www.jornalja.com.br\\\/wp-content\\\/uploads\\\/cards\\\/JAslogan.png\",\"@id\":\"https:\\\/\\\/www.jornalja.com.br\\\/arquivo\\\/acordo-de-paris-saida-dos-eua-reforca-nova-dinamica-geopolitica-e-protagonismo-da-china\\\/#organizationLogo\"},\"image\":{\"@id\":\"https:\\\/\\\/www.jornalja.com.br\\\/arquivo\\\/acordo-de-paris-saida-dos-eua-reforca-nova-dinamica-geopolitica-e-protagonismo-da-china\\\/#organizationLogo\"}},{\"@type\":\"Person\",\"@id\":\"https:\\\/\\\/www.jornalja.com.br\\\/arquivo\\\/author\\\/daredacao\\\/#author\",\"url\":\"https:\\\/\\\/www.jornalja.com.br\\\/arquivo\\\/author\\\/daredacao\\\/\",\"name\":\"da Reda\\u00e7\\u00e3o\",\"image\":{\"@type\":\"ImageObject\",\"@id\":\"https:\\\/\\\/www.jornalja.com.br\\\/arquivo\\\/acordo-de-paris-saida-dos-eua-reforca-nova-dinamica-geopolitica-e-protagonismo-da-china\\\/#authorImage\",\"url\":\"https:\\\/\\\/secure.gravatar.com\\\/avatar\\\/469fd857d6605ad19919d27ed29d35a968a25f6e8fd9318356bbb7f57aae9c65?s=96&d=mm&r=g\",\"width\":96,\"height\":96,\"caption\":\"da Reda\\u00e7\\u00e3o\"}},{\"@type\":\"WebPage\",\"@id\":\"https:\\\/\\\/www.jornalja.com.br\\\/arquivo\\\/acordo-de-paris-saida-dos-eua-reforca-nova-dinamica-geopolitica-e-protagonismo-da-china\\\/#webpage\",\"url\":\"https:\\\/\\\/www.jornalja.com.br\\\/arquivo\\\/acordo-de-paris-saida-dos-eua-reforca-nova-dinamica-geopolitica-e-protagonismo-da-china\\\/\",\"name\":\"Acordo de Paris: sa\\u00edda dos EUA refor\\u00e7a nova din\\u00e2mica geopol\\u00edtica e protagonismo da China | Arquivo\",\"inLanguage\":\"pt-BR\",\"isPartOf\":{\"@id\":\"https:\\\/\\\/www.jornalja.com.br\\\/arquivo\\\/#website\"},\"breadcrumb\":{\"@id\":\"https:\\\/\\\/www.jornalja.com.br\\\/arquivo\\\/acordo-de-paris-saida-dos-eua-reforca-nova-dinamica-geopolitica-e-protagonismo-da-china\\\/#breadcrumblist\"},\"author\":{\"@id\":\"https:\\\/\\\/www.jornalja.com.br\\\/arquivo\\\/author\\\/daredacao\\\/#author\"},\"creator\":{\"@id\":\"https:\\\/\\\/www.jornalja.com.br\\\/arquivo\\\/author\\\/daredacao\\\/#author\"},\"datePublished\":\"2017-07-08T14:49:04-03:00\",\"dateModified\":\"2017-07-08T14:49:04-03:00\"},{\"@type\":\"WebSite\",\"@id\":\"https:\\\/\\\/www.jornalja.com.br\\\/arquivo\\\/#website\",\"url\":\"https:\\\/\\\/www.jornalja.com.br\\\/arquivo\\\/\",\"name\":\"Arquivo\",\"description\":\"Jornal J\\u00c1 | Porto Alegre\",\"inLanguage\":\"pt-BR\",\"publisher\":{\"@id\":\"https:\\\/\\\/www.jornalja.com.br\\\/arquivo\\\/#organization\"}}]}\n\t\t<\/script>\n\t\t<!-- All in One SEO -->\n\n","aioseo_head_json":{"title":"Acordo de Paris: sa\u00edda dos EUA refor\u00e7a nova din\u00e2mica geopol\u00edtica e protagonismo da China | Arquivo","description":"","canonical_url":"https:\/\/www.jornalja.com.br\/arquivo\/acordo-de-paris-saida-dos-eua-reforca-nova-dinamica-geopolitica-e-protagonismo-da-china\/","robots":"max-image-preview:large","keywords":"","webmasterTools":{"miscellaneous":""},"schema":{"@context":"https:\/\/schema.org","@graph":[{"@type":"BlogPosting","@id":"https:\/\/www.jornalja.com.br\/arquivo\/acordo-de-paris-saida-dos-eua-reforca-nova-dinamica-geopolitica-e-protagonismo-da-china\/#blogposting","name":"Acordo de Paris: sa\u00edda dos EUA refor\u00e7a nova din\u00e2mica geopol\u00edtica e protagonismo da China | Arquivo","headline":"Acordo de Paris: sa\u00edda dos EUA refor\u00e7a nova din\u00e2mica geopol\u00edtica e protagonismo da China","author":{"@id":"https:\/\/www.jornalja.com.br\/arquivo\/author\/daredacao\/#author"},"publisher":{"@id":"https:\/\/www.jornalja.com.br\/arquivo\/#organization"},"image":{"@type":"ImageObject","url":"https:\/\/www.jornalja.com.br\/wp-content\/uploads\/cards\/JAslogan.png","@id":"https:\/\/www.jornalja.com.br\/arquivo\/#articleImage"},"datePublished":"2017-07-08T14:49:04-03:00","dateModified":"2017-07-08T14:49:04-03:00","inLanguage":"pt-BR","mainEntityOfPage":{"@id":"https:\/\/www.jornalja.com.br\/arquivo\/acordo-de-paris-saida-dos-eua-reforca-nova-dinamica-geopolitica-e-protagonismo-da-china\/#webpage"},"isPartOf":{"@id":"https:\/\/www.jornalja.com.br\/arquivo\/acordo-de-paris-saida-dos-eua-reforca-nova-dinamica-geopolitica-e-protagonismo-da-china\/#webpage"},"articleSection":"AN\u00c1LISE&amp;OPINI\u00c3O"},{"@type":"BreadcrumbList","@id":"https:\/\/www.jornalja.com.br\/arquivo\/acordo-de-paris-saida-dos-eua-reforca-nova-dinamica-geopolitica-e-protagonismo-da-china\/#breadcrumblist","itemListElement":[{"@type":"ListItem","@id":"https:\/\/www.jornalja.com.br\/arquivo#listItem","position":1,"name":"Home","item":"https:\/\/www.jornalja.com.br\/arquivo","nextItem":{"@type":"ListItem","@id":"https:\/\/www.jornalja.com.br\/arquivo\/category\/analiseopiniao\/#listItem","name":"AN\u00c1LISE&amp;OPINI\u00c3O"}},{"@type":"ListItem","@id":"https:\/\/www.jornalja.com.br\/arquivo\/category\/analiseopiniao\/#listItem","position":2,"name":"AN\u00c1LISE&amp;OPINI\u00c3O","item":"https:\/\/www.jornalja.com.br\/arquivo\/category\/analiseopiniao\/","nextItem":{"@type":"ListItem","@id":"https:\/\/www.jornalja.com.br\/arquivo\/acordo-de-paris-saida-dos-eua-reforca-nova-dinamica-geopolitica-e-protagonismo-da-china\/#listItem","name":"Acordo de Paris: sa\u00edda dos EUA refor\u00e7a nova din\u00e2mica geopol\u00edtica e protagonismo da China"},"previousItem":{"@type":"ListItem","@id":"https:\/\/www.jornalja.com.br\/arquivo#listItem","name":"Home"}},{"@type":"ListItem","@id":"https:\/\/www.jornalja.com.br\/arquivo\/acordo-de-paris-saida-dos-eua-reforca-nova-dinamica-geopolitica-e-protagonismo-da-china\/#listItem","position":3,"name":"Acordo de Paris: sa\u00edda dos EUA refor\u00e7a nova din\u00e2mica geopol\u00edtica e protagonismo da China","previousItem":{"@type":"ListItem","@id":"https:\/\/www.jornalja.com.br\/arquivo\/category\/analiseopiniao\/#listItem","name":"AN\u00c1LISE&amp;OPINI\u00c3O"}}]},{"@type":"Organization","@id":"https:\/\/www.jornalja.com.br\/arquivo\/#organization","name":"Jornal J\u00c1","description":"Jornal J\u00c1 | Porto Alegre","url":"https:\/\/www.jornalja.com.br\/arquivo\/","telephone":"+555133307272","logo":{"@type":"ImageObject","url":"https:\/\/www.jornalja.com.br\/wp-content\/uploads\/cards\/JAslogan.png","@id":"https:\/\/www.jornalja.com.br\/arquivo\/acordo-de-paris-saida-dos-eua-reforca-nova-dinamica-geopolitica-e-protagonismo-da-china\/#organizationLogo"},"image":{"@id":"https:\/\/www.jornalja.com.br\/arquivo\/acordo-de-paris-saida-dos-eua-reforca-nova-dinamica-geopolitica-e-protagonismo-da-china\/#organizationLogo"}},{"@type":"Person","@id":"https:\/\/www.jornalja.com.br\/arquivo\/author\/daredacao\/#author","url":"https:\/\/www.jornalja.com.br\/arquivo\/author\/daredacao\/","name":"da Reda\u00e7\u00e3o","image":{"@type":"ImageObject","@id":"https:\/\/www.jornalja.com.br\/arquivo\/acordo-de-paris-saida-dos-eua-reforca-nova-dinamica-geopolitica-e-protagonismo-da-china\/#authorImage","url":"https:\/\/secure.gravatar.com\/avatar\/469fd857d6605ad19919d27ed29d35a968a25f6e8fd9318356bbb7f57aae9c65?s=96&d=mm&r=g","width":96,"height":96,"caption":"da Reda\u00e7\u00e3o"}},{"@type":"WebPage","@id":"https:\/\/www.jornalja.com.br\/arquivo\/acordo-de-paris-saida-dos-eua-reforca-nova-dinamica-geopolitica-e-protagonismo-da-china\/#webpage","url":"https:\/\/www.jornalja.com.br\/arquivo\/acordo-de-paris-saida-dos-eua-reforca-nova-dinamica-geopolitica-e-protagonismo-da-china\/","name":"Acordo de Paris: sa\u00edda dos EUA refor\u00e7a nova din\u00e2mica geopol\u00edtica e protagonismo da China | Arquivo","inLanguage":"pt-BR","isPartOf":{"@id":"https:\/\/www.jornalja.com.br\/arquivo\/#website"},"breadcrumb":{"@id":"https:\/\/www.jornalja.com.br\/arquivo\/acordo-de-paris-saida-dos-eua-reforca-nova-dinamica-geopolitica-e-protagonismo-da-china\/#breadcrumblist"},"author":{"@id":"https:\/\/www.jornalja.com.br\/arquivo\/author\/daredacao\/#author"},"creator":{"@id":"https:\/\/www.jornalja.com.br\/arquivo\/author\/daredacao\/#author"},"datePublished":"2017-07-08T14:49:04-03:00","dateModified":"2017-07-08T14:49:04-03:00"},{"@type":"WebSite","@id":"https:\/\/www.jornalja.com.br\/arquivo\/#website","url":"https:\/\/www.jornalja.com.br\/arquivo\/","name":"Arquivo","description":"Jornal J\u00c1 | Porto Alegre","inLanguage":"pt-BR","publisher":{"@id":"https:\/\/www.jornalja.com.br\/arquivo\/#organization"}}]},"og:locale":"pt_BR","og:site_name":"Arquivo | Jornal J\u00c1 | Porto Alegre","og:type":"article","og:title":"Acordo de Paris: sa\u00edda dos EUA refor\u00e7a nova din\u00e2mica geopol\u00edtica e protagonismo da China | Arquivo","og:url":"https:\/\/www.jornalja.com.br\/arquivo\/acordo-de-paris-saida-dos-eua-reforca-nova-dinamica-geopolitica-e-protagonismo-da-china\/","og:image":"https:\/\/www.jornalja.com.br\/economics\/wp-content\/uploads\/sites\/11\/2026\/08\/ja-folhaderosto-facebook.jpg","og:image:secure_url":"https:\/\/www.jornalja.com.br\/economics\/wp-content\/uploads\/sites\/11\/2026\/08\/ja-folhaderosto-facebook.jpg","article:published_time":"2017-07-08T17:49:04+00:00","article:modified_time":"2017-07-08T17:49:04+00:00","twitter:card":"summary","twitter:title":"Acordo de Paris: sa\u00edda dos EUA refor\u00e7a nova din\u00e2mica geopol\u00edtica e protagonismo da China | Arquivo","twitter:image":"https:\/\/www.jornalja.com.br\/economics\/wp-content\/uploads\/sites\/11\/2026\/08\/ja-folhaderosto-facebook.jpg"},"aioseo_meta_data":{"post_id":"51178","title":null,"description":null,"keywords":null,"keyphrases":null,"primary_term":null,"canonical_url":null,"og_title":null,"og_description":null,"og_object_type":"default","og_image_type":"default","og_image_url":null,"og_image_width":null,"og_image_height":null,"og_image_custom_url":null,"og_image_custom_fields":null,"og_video":null,"og_custom_url":null,"og_article_section":null,"og_article_tags":null,"twitter_use_og":false,"twitter_card":"default","twitter_image_type":"default","twitter_image_url":null,"twitter_image_custom_url":null,"twitter_image_custom_fields":null,"twitter_title":null,"twitter_description":null,"schema":{"blockGraphs":[],"customGraphs":[],"default":{"data":{"Article":[],"Course":[],"Dataset":[],"FAQPage":[],"Movie":[],"Person":[],"Product":[],"ProductReview":[],"Car":[],"Recipe":[],"Service":[],"SoftwareApplication":[],"WebPage":[]},"graphName":"","isEnabled":true},"graphs":[],"defaultGraph":"","defaultPostTypeGraph":""},"schema_type":null,"schema_type_options":null,"pillar_content":false,"robots_default":true,"robots_noindex":false,"robots_noarchive":false,"robots_nosnippet":false,"robots_nofollow":false,"robots_noimageindex":false,"robots_noodp":false,"robots_notranslate":false,"robots_max_snippet":null,"robots_max_videopreview":null,"robots_max_imagepreview":"large","priority":null,"frequency":null,"location":null,"local_seo":null,"breadcrumb_settings":null,"limit_modified_date":false,"ai":null,"created":"2020-12-20 20:29:58","updated":"2025-07-19 22:58:56","seo_analyzer_scan_date":null,"focus_keyword":null,"additional_keywords":null,"truseo_locale":null},"jetpack_sharing_enabled":true,"jetpack-related-posts":[{"id":13124,"url":"https:\/\/www.jornalja.com.br\/arquivo\/sangue-latino-no-iecine\/","url_meta":{"origin":51178,"position":0},"title":"Sangue latino no IECINE","author":"da Reda\u00e7\u00e3o","date":"18 de maio de 2014","format":false,"excerpt":"Francisco Ribeiro O Instituto Estadual de Cinema (IECINE) tem a frente, desde abril \u00faltimo, um novo diretor, o cineasta colombiano Juan Zapata, 36, que substitui Luiz Alberto Cassol. Radicado h\u00e1 dez anos em Porto Alegre, Zapata tem diante de si o desafio de conduzir at\u00e9 o final do ano um\u2026","rel":"","context":"Em &quot;Cultura-Geral&quot;","block_context":{"text":"Cultura-Geral","link":"https:\/\/www.jornalja.com.br\/arquivo\/category\/materiasecundaria\/"},"img":{"alt_text":"","src":"","width":0,"height":0},"classes":[]},{"id":13240,"url":"https:\/\/www.jornalja.com.br\/arquivo\/plano-diretor-estamos-construindo-o-caos\/","url_meta":{"origin":51178,"position":1},"title":"Plano diretor: &quot;Estamos construindo o caos&quot;","author":"Patr\u00edcia Marini","date":"26 de maio de 2014","format":false,"excerpt":"Desabafo que arquiteta Eliana Castilhos, delegada da Regi\u00e3o de Planejamento 1, postou nas redes sociais \u00e9 um testemunho do ambiente que se criou no Conselho do Plano Diretor de Porto Alegre, onde a aprova\u00e7\u00e3o de grandes empreendimentos \u00e9 empurrada guela abaixo dos conselheiros. Ao CMDUA Como delegada da Regi\u00e3o de\u2026","rel":"","context":"Em &quot;Geral&quot;","block_context":{"text":"Geral","link":"https:\/\/www.jornalja.com.br\/arquivo\/category\/geral\/"},"img":{"alt_text":"","src":"","width":0,"height":0},"classes":[]},{"id":14241,"url":"https:\/\/www.jornalja.com.br\/arquivo\/o-guaiba-nas-imagens-poeticas-de-achutti\/","url_meta":{"origin":51178,"position":2},"title":"O Gua\u00edba nas imagens po\u00e9ticas de Achutti","author":"da Reda\u00e7\u00e3o","date":"18 de junho de 2014","format":false,"excerpt":"Em \u201cO Gua\u00edba por Achutti\u201d \u2013 obra financiada via Minist\u00e9rio da Cultura, produ\u00e7\u00e3o executiva de Pedro Longhi, e Fl\u00e1vio Wild como designer \u2013, o fot\u00f3grafo revela a beleza e as mazelas de um espa\u00e7o aqu\u00e1tico de \u00e1guas sempre renovadas, cheio de hist\u00f3rias e lendas como as das cidades que foram\u2026","rel":"","context":"Em &quot;Cultura-Geral&quot;","block_context":{"text":"Cultura-Geral","link":"https:\/\/www.jornalja.com.br\/arquivo\/category\/materiasecundaria\/"},"img":{"alt_text":"","src":"","width":0,"height":0},"classes":[]},{"id":5440,"url":"https:\/\/www.jornalja.com.br\/arquivo\/casarao-da-venancio-destino-permanece-incerto\/","url_meta":{"origin":51178,"position":3},"title":"Estado ainda n\u00e3o sabe o que fazer com casar\u00e3o abandonado h\u00e1 20 anos","author":"Elmar Bones","date":"6 de julho de 2009","format":false,"excerpt":"O casar\u00e3o amarelo, numa esquina nobre de Porto Alegre (Ven\u00e2ncio Aires com Jo\u00e3o Pessoa), j\u00e1 abrigou uma escola. H\u00e1 duas d\u00e9cadas, pelo menos, est\u00e1 abandonado, porque seu propriet\u00e1rio, o governo do Estado do Rio Grande do Sul, n\u00e3o consegue achar um destino para ele. Planos n\u00e3o faltaram. O governador Ol\u00edvio\u2026","rel":"","context":"Em &quot;X.Categorias velhas&quot;","block_context":{"text":"X.Categorias velhas","link":"https:\/\/www.jornalja.com.br\/arquivo\/category\/x-categorias-velhas\/"},"img":{"alt_text":"geraldo1","src":"https:\/\/i0.wp.com\/www.jornalja.com.br\/wp-content\/uploads\/2009\/07\/geraldo1.jpg?resize=350%2C200&ssl=1","width":350,"height":200},"classes":[]},{"id":13101,"url":"https:\/\/www.jornalja.com.br\/arquivo\/morre-um-guerreiro-do-texto\/","url_meta":{"origin":51178,"position":4},"title":"Morre um guerreiro do texto","author":"Patr\u00edcia Marini","date":"14 de maio de 2014","format":false,"excerpt":"Por Ricardo Kotscho Reproduzido do blog do autor, 11\/5\/2014; t\u00edtulo original \u201cE l\u00e1 se foi o nosso Myltainho, guerreiro do texto\u201d. Mi\u00fado e franzino, meu amigo Myltainho era um valente e inconformado guerreiro na luta contra as injusti\u00e7as sociais, a hipocrisia, as maracutaias, o autoritarismo, a intoler\u00e2ncia, a viol\u00eancia, o\u2026","rel":"","context":"Em &quot;Geral&quot;","block_context":{"text":"Geral","link":"https:\/\/www.jornalja.com.br\/arquivo\/category\/geral\/"},"img":{"alt_text":"","src":"","width":0,"height":0},"classes":[]},{"id":13239,"url":"https:\/\/www.jornalja.com.br\/arquivo\/conselho-desdenha-do-plano-diretor\/","url_meta":{"origin":51178,"position":5},"title":"Porto Alegre: Conselho detona Plano Diretor","author":"Patr\u00edcia Marini","date":"25 de maio de 2014","format":false,"excerpt":"Den\u00fancia do arquiteto e \u00a0urbanista Ibir\u00e1 Santos Lucas. Ele diz que os conselheiros est\u00e3o votando com \"enorme irresponsabilidade\". \"Mudam regime com a maior naturalidade,,,regularizam absurdos de constru\u00e7\u00f5es irregulares... \"O CMDUA est\u00e1 flexibilizando a lei do plano diretor, de uma forma impactante na vida da cidade. Mudam regime com a maior\u2026","rel":"","context":"Em &quot;Geral&quot;","block_context":{"text":"Geral","link":"https:\/\/www.jornalja.com.br\/arquivo\/category\/geral\/"},"img":{"alt_text":"","src":"","width":0,"height":0},"classes":[]}],"jetpack_shortlink":"https:\/\/wp.me\/pbQjBd-djs","jetpack_featured_media_url":"","_links":{"self":[{"href":"https:\/\/www.jornalja.com.br\/arquivo\/wp-json\/wp\/v2\/posts\/51178","targetHints":{"allow":["GET"]}}],"collection":[{"href":"https:\/\/www.jornalja.com.br\/arquivo\/wp-json\/wp\/v2\/posts"}],"about":[{"href":"https:\/\/www.jornalja.com.br\/arquivo\/wp-json\/wp\/v2\/types\/post"}],"author":[{"embeddable":true,"href":"https:\/\/www.jornalja.com.br\/arquivo\/wp-json\/wp\/v2\/users\/4"}],"replies":[{"embeddable":true,"href":"https:\/\/www.jornalja.com.br\/arquivo\/wp-json\/wp\/v2\/comments?post=51178"}],"version-history":[{"count":0,"href":"https:\/\/www.jornalja.com.br\/arquivo\/wp-json\/wp\/v2\/posts\/51178\/revisions"}],"wp:attachment":[{"href":"https:\/\/www.jornalja.com.br\/arquivo\/wp-json\/wp\/v2\/media?parent=51178"}],"wp:term":[{"taxonomy":"category","embeddable":true,"href":"https:\/\/www.jornalja.com.br\/arquivo\/wp-json\/wp\/v2\/categories?post=51178"},{"taxonomy":"post_tag","embeddable":true,"href":"https:\/\/www.jornalja.com.br\/arquivo\/wp-json\/wp\/v2\/tags?post=51178"}],"curies":[{"name":"wp","href":"https:\/\/api.w.org\/{rel}","templated":true}]}}