{"id":51184,"date":"2017-07-08T17:17:09","date_gmt":"2017-07-08T20:17:09","guid":{"rendered":"https:\/\/www.jornalja.com.br\/?p=51184"},"modified":"2017-07-08T17:17:09","modified_gmt":"2017-07-08T20:17:09","slug":"policia-do-mato-grosso-apreende-madeira-ilegal-em-fazenda-de-socio-do-ministro-eliseu-padilha","status":"publish","type":"post","link":"https:\/\/www.jornalja.com.br\/arquivo\/policia-do-mato-grosso-apreende-madeira-ilegal-em-fazenda-de-socio-do-ministro-eliseu-padilha\/","title":{"rendered":"Pol\u00edcia do Mato Grosso apreende madeira ilegal em fazenda de s\u00f3cio do Ministro Eliseu Padilha"},"content":{"rendered":"<p>A pedido do Minist\u00e9rio P\u00fablico do Estado de Mato Grosso a Pol\u00edcia Civil do munic\u00edpio de Vila Bela da Sant\u00edssima Trindade cumpriu na tarde desta sexta-feira (07.07) mandado de busca e apreens\u00e3o na fazenda Pared\u00e3o II de propriedade de Marcos Ant\u00f4nio Tozzatti, s\u00f3cio do Ministro-Chefe da Casa Civil, Eliseu Padilha.<br \/>\nNo local foram apreendidas lascas de madeira extra\u00edda ilegalmente da \u00e1rea do Parque Serra Ricardo Franco, dois caminh\u00f5es carregados foram usados para transportar a madeira ilegal. Ainda foi encontrada uma arma de fogo com um funcion\u00e1rio da Fazenda.<br \/>\nDe acordo com o Minist\u00e9rio P\u00fablico a situa\u00e7\u00e3o de irregularidade foi constatada pela Pol\u00edcia Civil e agentes da Secretaria Estadual de Meio Ambiente (SEMA) durante busca e apreens\u00e3o na fazenda Jatuarana, vizinha a pared\u00e3o 2 realizada no dia (23.06).<br \/>\nA representa\u00e7\u00e3o pela busca e apreens\u00e3o realizada pela Promotoria de Justi\u00e7a foi subsidiada com um v\u00eddeo (registrado com a ajuda de um ve\u00edculo a\u00e9reo n\u00e3o tripulado &#8211; Drone) realizado pelo delegado de Pol\u00edcia, Clayton Queiroz de Moura, no dia 23.06.<br \/>\nSegundo a Promotora, o inqu\u00e9rito policial instaurado para apurar os crimes ambientais ocorridos em 2016 na Fazenda Pared\u00e3o 2 encontra-se em fase final. No entanto, o representado Marcos Ant\u00f4nio Assi Tozzatti continua praticando crimes ambientais no interior do Parque Serra Ricardo Franco.<br \/>\nRELEMBRE O CASO<br \/>\nNo dia 06 de dezembro de 2016, ap\u00f3s ingressar com a\u00e7\u00f5es envolvendo 51 propriedades rurais no Parque Estadual Serra de Ricardo Franco, no munic\u00edpio de Vila Bela da Sant\u00edssima Trindade, o Minist\u00e9rio P\u00fablico requereu a Justi\u00e7a mandados de busca e apreens\u00e3o nas propriedades Pared\u00e3o, Jatuarana e fazenda Shangril\u00e1.<br \/>\nSegundo o Minist\u00e9rio P\u00fablico, durante as dilig\u00eancias, as equipes encontraram, al\u00e9m de diversas armas de fogo, provas de desmatamento em \u00e1rea de preserva\u00e7\u00e3o permanente e produtos ou subst\u00e2ncias t\u00f3xicas nocivas \u00e0 sa\u00fade humana e ao meio ambiente. Duas das propriedades est\u00e3o localizadas em cima da Serra Ricardo Franco, local de dif\u00edcil acesso na fronteira com a Bol\u00edvia.<br \/>\nDurante a opera\u00e7\u00e3o foi apreendido na fazenda Pared\u00e3o de propriedade de Marcos Ant\u00f4nio Assi Tozzati, ex-assessor do Ministro Eliseu Padilha, um trator e 1912 bovinos. Como a fazenda Pared\u00e3o n\u00e3o possui sede pr\u00f3pria e se utiliza da estrutura da fazenda Jasmim Agropecu\u00e1ria, que pertence ao Ministro Padilha, os policiais fizeram buscas nas casas e alojamentos da Jasmim, onde foram encontradas duas espingardas calibre 36 e uma motosserra.<br \/>\nSegundo a Justi\u00e7a, a apreens\u00e3o do gado foi determinada para cessar os danos ao meio ambiente e por ser instrumento do crime do art.48 Lei9.605\/98 (impedir ou dificultar a regenera\u00e7\u00e3o da vegeta\u00e7\u00e3o).<br \/>\n<em>Com informa\u00e7\u00f5es do MPE do Mato Grosso<\/em><\/p>\n<div id=\"conteudotexto\"><\/div>\n","protected":false},"excerpt":{"rendered":"<p>A pedido do Minist\u00e9rio P\u00fablico do Estado de Mato Grosso a Pol\u00edcia Civil do munic\u00edpio de Vila Bela da Sant\u00edssima Trindade cumpriu na tarde desta sexta-feira (07.07) mandado de busca e apreens\u00e3o na fazenda Pared\u00e3o II de propriedade de Marcos Ant\u00f4nio Tozzatti, s\u00f3cio do Ministro-Chefe da Casa Civil, Eliseu Padilha. No local foram apreendidas lascas [&hellip;]<\/p>\n","protected":false},"author":4,"featured_media":51191,"comment_status":"open","ping_status":"closed","sticky":false,"template":"","format":"standard","meta":{"_jetpack_newsletter_access":"","_jetpack_dont_email_post_to_subs":false,"_jetpack_newsletter_tier_id":0,"_jetpack_memberships_contains_paywalled_content":false,"_jetpack_feature_clip_id":0,"_jetpack_memberships_contains_paid_content":false,"footnotes":"","jetpack_post_was_ever_published":false},"categories":[26],"tags":[],"class_list":["post-51184","post","type-post","status-publish","format-standard","has-post-thumbnail","hentry","category-geral"],"aioseo_notices":[],"aioseo_head":"\n\t\t<!-- All in One SEO 5.0.1.1 - aioseo.com -->\n\t<meta name=\"robots\" content=\"max-image-preview:large\" \/>\n\t<meta name=\"author\" content=\"da Reda\u00e7\u00e3o\"\/>\n\t<link rel=\"canonical\" href=\"https:\/\/www.jornalja.com.br\/arquivo\/policia-do-mato-grosso-apreende-madeira-ilegal-em-fazenda-de-socio-do-ministro-eliseu-padilha\/\" \/>\n\t<meta name=\"generator\" content=\"All in One SEO (AIOSEO) 5.0.1.1\" \/>\n\t\t<meta property=\"og:locale\" content=\"pt_BR\" \/>\n\t\t<meta property=\"og:site_name\" content=\"Arquivo | Jornal J\u00c1 | Porto Alegre\" \/>\n\t\t<meta property=\"og:type\" content=\"article\" \/>\n\t\t<meta property=\"og:title\" content=\"Pol\u00edcia do Mato Grosso apreende madeira ilegal em fazenda de s\u00f3cio do Ministro Eliseu Padilha | Arquivo\" \/>\n\t\t<meta property=\"og:url\" content=\"https:\/\/www.jornalja.com.br\/arquivo\/policia-do-mato-grosso-apreende-madeira-ilegal-em-fazenda-de-socio-do-ministro-eliseu-padilha\/\" \/>\n\t\t<meta property=\"og:image\" content=\"https:\/\/www.jornalja.com.br\/economics\/wp-content\/uploads\/sites\/11\/2026\/08\/ja-folhaderosto-facebook.jpg\" \/>\n\t\t<meta property=\"og:image:secure_url\" content=\"https:\/\/www.jornalja.com.br\/economics\/wp-content\/uploads\/sites\/11\/2026\/08\/ja-folhaderosto-facebook.jpg\" \/>\n\t\t<meta property=\"article:published_time\" content=\"2017-07-08T20:17:09+00:00\" \/>\n\t\t<meta property=\"article:modified_time\" content=\"2017-07-08T20:17:09+00:00\" \/>\n\t\t<meta name=\"twitter:card\" content=\"summary\" \/>\n\t\t<meta name=\"twitter:title\" content=\"Pol\u00edcia do Mato Grosso apreende madeira ilegal em fazenda de s\u00f3cio do Ministro Eliseu Padilha | Arquivo\" \/>\n\t\t<meta name=\"twitter:image\" content=\"https:\/\/www.jornalja.com.br\/economics\/wp-content\/uploads\/sites\/11\/2026\/08\/ja-folhaderosto-facebook.jpg\" \/>\n\t\t<script type=\"application\/ld+json\" class=\"aioseo-schema\">\n\t\t\t{\"@context\":\"https:\\\/\\\/schema.org\",\"@graph\":[{\"@type\":\"BlogPosting\",\"@id\":\"https:\\\/\\\/www.jornalja.com.br\\\/arquivo\\\/policia-do-mato-grosso-apreende-madeira-ilegal-em-fazenda-de-socio-do-ministro-eliseu-padilha\\\/#blogposting\",\"name\":\"Pol\\u00edcia do Mato Grosso apreende madeira ilegal em fazenda de s\\u00f3cio do Ministro Eliseu Padilha | Arquivo\",\"headline\":\"Pol\\u00edcia do Mato Grosso apreende madeira ilegal em fazenda de s\\u00f3cio do Ministro Eliseu Padilha\",\"author\":{\"@id\":\"https:\\\/\\\/www.jornalja.com.br\\\/arquivo\\\/author\\\/daredacao\\\/#author\"},\"publisher\":{\"@id\":\"https:\\\/\\\/www.jornalja.com.br\\\/arquivo\\\/#organization\"},\"image\":{\"@type\":\"ImageObject\",\"url\":51191},\"datePublished\":\"2017-07-08T17:17:09-03:00\",\"dateModified\":\"2017-07-08T17:17:09-03:00\",\"inLanguage\":\"pt-BR\",\"mainEntityOfPage\":{\"@id\":\"https:\\\/\\\/www.jornalja.com.br\\\/arquivo\\\/policia-do-mato-grosso-apreende-madeira-ilegal-em-fazenda-de-socio-do-ministro-eliseu-padilha\\\/#webpage\"},\"isPartOf\":{\"@id\":\"https:\\\/\\\/www.jornalja.com.br\\\/arquivo\\\/policia-do-mato-grosso-apreende-madeira-ilegal-em-fazenda-de-socio-do-ministro-eliseu-padilha\\\/#webpage\"},\"articleSection\":\"Geral\"},{\"@type\":\"BreadcrumbList\",\"@id\":\"https:\\\/\\\/www.jornalja.com.br\\\/arquivo\\\/policia-do-mato-grosso-apreende-madeira-ilegal-em-fazenda-de-socio-do-ministro-eliseu-padilha\\\/#breadcrumblist\",\"itemListElement\":[{\"@type\":\"ListItem\",\"@id\":\"https:\\\/\\\/www.jornalja.com.br\\\/arquivo#listItem\",\"position\":1,\"name\":\"Home\",\"item\":\"https:\\\/\\\/www.jornalja.com.br\\\/arquivo\",\"nextItem\":{\"@type\":\"ListItem\",\"@id\":\"https:\\\/\\\/www.jornalja.com.br\\\/arquivo\\\/category\\\/geral\\\/#listItem\",\"name\":\"Geral\"}},{\"@type\":\"ListItem\",\"@id\":\"https:\\\/\\\/www.jornalja.com.br\\\/arquivo\\\/category\\\/geral\\\/#listItem\",\"position\":2,\"name\":\"Geral\",\"item\":\"https:\\\/\\\/www.jornalja.com.br\\\/arquivo\\\/category\\\/geral\\\/\",\"nextItem\":{\"@type\":\"ListItem\",\"@id\":\"https:\\\/\\\/www.jornalja.com.br\\\/arquivo\\\/policia-do-mato-grosso-apreende-madeira-ilegal-em-fazenda-de-socio-do-ministro-eliseu-padilha\\\/#listItem\",\"name\":\"Pol\\u00edcia do Mato Grosso apreende madeira ilegal em fazenda de s\\u00f3cio do Ministro Eliseu Padilha\"},\"previousItem\":{\"@type\":\"ListItem\",\"@id\":\"https:\\\/\\\/www.jornalja.com.br\\\/arquivo#listItem\",\"name\":\"Home\"}},{\"@type\":\"ListItem\",\"@id\":\"https:\\\/\\\/www.jornalja.com.br\\\/arquivo\\\/policia-do-mato-grosso-apreende-madeira-ilegal-em-fazenda-de-socio-do-ministro-eliseu-padilha\\\/#listItem\",\"position\":3,\"name\":\"Pol\\u00edcia do Mato Grosso apreende madeira ilegal em fazenda de s\\u00f3cio do Ministro Eliseu Padilha\",\"previousItem\":{\"@type\":\"ListItem\",\"@id\":\"https:\\\/\\\/www.jornalja.com.br\\\/arquivo\\\/category\\\/geral\\\/#listItem\",\"name\":\"Geral\"}}]},{\"@type\":\"Organization\",\"@id\":\"https:\\\/\\\/www.jornalja.com.br\\\/arquivo\\\/#organization\",\"name\":\"Jornal J\\u00c1\",\"description\":\"Jornal J\\u00c1 | Porto Alegre\",\"url\":\"https:\\\/\\\/www.jornalja.com.br\\\/arquivo\\\/\",\"telephone\":\"+555133307272\",\"logo\":{\"@type\":\"ImageObject\",\"url\":\"https:\\\/\\\/www.jornalja.com.br\\\/wp-content\\\/uploads\\\/cards\\\/JAslogan.png\",\"@id\":\"https:\\\/\\\/www.jornalja.com.br\\\/arquivo\\\/policia-do-mato-grosso-apreende-madeira-ilegal-em-fazenda-de-socio-do-ministro-eliseu-padilha\\\/#organizationLogo\"},\"image\":{\"@id\":\"https:\\\/\\\/www.jornalja.com.br\\\/arquivo\\\/policia-do-mato-grosso-apreende-madeira-ilegal-em-fazenda-de-socio-do-ministro-eliseu-padilha\\\/#organizationLogo\"}},{\"@type\":\"Person\",\"@id\":\"https:\\\/\\\/www.jornalja.com.br\\\/arquivo\\\/author\\\/daredacao\\\/#author\",\"url\":\"https:\\\/\\\/www.jornalja.com.br\\\/arquivo\\\/author\\\/daredacao\\\/\",\"name\":\"da Reda\\u00e7\\u00e3o\",\"image\":{\"@type\":\"ImageObject\",\"@id\":\"https:\\\/\\\/www.jornalja.com.br\\\/arquivo\\\/policia-do-mato-grosso-apreende-madeira-ilegal-em-fazenda-de-socio-do-ministro-eliseu-padilha\\\/#authorImage\",\"url\":\"https:\\\/\\\/secure.gravatar.com\\\/avatar\\\/469fd857d6605ad19919d27ed29d35a968a25f6e8fd9318356bbb7f57aae9c65?s=96&d=mm&r=g\",\"width\":96,\"height\":96,\"caption\":\"da Reda\\u00e7\\u00e3o\"}},{\"@type\":\"WebPage\",\"@id\":\"https:\\\/\\\/www.jornalja.com.br\\\/arquivo\\\/policia-do-mato-grosso-apreende-madeira-ilegal-em-fazenda-de-socio-do-ministro-eliseu-padilha\\\/#webpage\",\"url\":\"https:\\\/\\\/www.jornalja.com.br\\\/arquivo\\\/policia-do-mato-grosso-apreende-madeira-ilegal-em-fazenda-de-socio-do-ministro-eliseu-padilha\\\/\",\"name\":\"Pol\\u00edcia do Mato Grosso apreende madeira ilegal em fazenda de s\\u00f3cio do Ministro Eliseu Padilha | Arquivo\",\"inLanguage\":\"pt-BR\",\"isPartOf\":{\"@id\":\"https:\\\/\\\/www.jornalja.com.br\\\/arquivo\\\/#website\"},\"breadcrumb\":{\"@id\":\"https:\\\/\\\/www.jornalja.com.br\\\/arquivo\\\/policia-do-mato-grosso-apreende-madeira-ilegal-em-fazenda-de-socio-do-ministro-eliseu-padilha\\\/#breadcrumblist\"},\"author\":{\"@id\":\"https:\\\/\\\/www.jornalja.com.br\\\/arquivo\\\/author\\\/daredacao\\\/#author\"},\"creator\":{\"@id\":\"https:\\\/\\\/www.jornalja.com.br\\\/arquivo\\\/author\\\/daredacao\\\/#author\"},\"image\":{\"@type\":\"ImageObject\",\"url\":51191,\"@id\":\"https:\\\/\\\/www.jornalja.com.br\\\/arquivo\\\/policia-do-mato-grosso-apreende-madeira-ilegal-em-fazenda-de-socio-do-ministro-eliseu-padilha\\\/#mainImage\"},\"primaryImageOfPage\":{\"@id\":\"https:\\\/\\\/www.jornalja.com.br\\\/arquivo\\\/policia-do-mato-grosso-apreende-madeira-ilegal-em-fazenda-de-socio-do-ministro-eliseu-padilha\\\/#mainImage\"},\"datePublished\":\"2017-07-08T17:17:09-03:00\",\"dateModified\":\"2017-07-08T17:17:09-03:00\"},{\"@type\":\"WebSite\",\"@id\":\"https:\\\/\\\/www.jornalja.com.br\\\/arquivo\\\/#website\",\"url\":\"https:\\\/\\\/www.jornalja.com.br\\\/arquivo\\\/\",\"name\":\"Arquivo\",\"description\":\"Jornal J\\u00c1 | Porto Alegre\",\"inLanguage\":\"pt-BR\",\"publisher\":{\"@id\":\"https:\\\/\\\/www.jornalja.com.br\\\/arquivo\\\/#organization\"}}]}\n\t\t<\/script>\n\t\t<!-- All in One SEO -->\n\n","aioseo_head_json":{"title":"Pol\u00edcia do Mato Grosso apreende madeira ilegal em fazenda de s\u00f3cio do Ministro Eliseu Padilha | Arquivo","description":"","canonical_url":"https:\/\/www.jornalja.com.br\/arquivo\/policia-do-mato-grosso-apreende-madeira-ilegal-em-fazenda-de-socio-do-ministro-eliseu-padilha\/","robots":"max-image-preview:large","keywords":"","webmasterTools":{"miscellaneous":""},"schema":{"@context":"https:\/\/schema.org","@graph":[{"@type":"BlogPosting","@id":"https:\/\/www.jornalja.com.br\/arquivo\/policia-do-mato-grosso-apreende-madeira-ilegal-em-fazenda-de-socio-do-ministro-eliseu-padilha\/#blogposting","name":"Pol\u00edcia do Mato Grosso apreende madeira ilegal em fazenda de s\u00f3cio do Ministro Eliseu Padilha | Arquivo","headline":"Pol\u00edcia do Mato Grosso apreende madeira ilegal em fazenda de s\u00f3cio do Ministro Eliseu Padilha","author":{"@id":"https:\/\/www.jornalja.com.br\/arquivo\/author\/daredacao\/#author"},"publisher":{"@id":"https:\/\/www.jornalja.com.br\/arquivo\/#organization"},"image":{"@type":"ImageObject","url":51191},"datePublished":"2017-07-08T17:17:09-03:00","dateModified":"2017-07-08T17:17:09-03:00","inLanguage":"pt-BR","mainEntityOfPage":{"@id":"https:\/\/www.jornalja.com.br\/arquivo\/policia-do-mato-grosso-apreende-madeira-ilegal-em-fazenda-de-socio-do-ministro-eliseu-padilha\/#webpage"},"isPartOf":{"@id":"https:\/\/www.jornalja.com.br\/arquivo\/policia-do-mato-grosso-apreende-madeira-ilegal-em-fazenda-de-socio-do-ministro-eliseu-padilha\/#webpage"},"articleSection":"Geral"},{"@type":"BreadcrumbList","@id":"https:\/\/www.jornalja.com.br\/arquivo\/policia-do-mato-grosso-apreende-madeira-ilegal-em-fazenda-de-socio-do-ministro-eliseu-padilha\/#breadcrumblist","itemListElement":[{"@type":"ListItem","@id":"https:\/\/www.jornalja.com.br\/arquivo#listItem","position":1,"name":"Home","item":"https:\/\/www.jornalja.com.br\/arquivo","nextItem":{"@type":"ListItem","@id":"https:\/\/www.jornalja.com.br\/arquivo\/category\/geral\/#listItem","name":"Geral"}},{"@type":"ListItem","@id":"https:\/\/www.jornalja.com.br\/arquivo\/category\/geral\/#listItem","position":2,"name":"Geral","item":"https:\/\/www.jornalja.com.br\/arquivo\/category\/geral\/","nextItem":{"@type":"ListItem","@id":"https:\/\/www.jornalja.com.br\/arquivo\/policia-do-mato-grosso-apreende-madeira-ilegal-em-fazenda-de-socio-do-ministro-eliseu-padilha\/#listItem","name":"Pol\u00edcia do Mato Grosso apreende madeira ilegal em fazenda de s\u00f3cio do Ministro Eliseu Padilha"},"previousItem":{"@type":"ListItem","@id":"https:\/\/www.jornalja.com.br\/arquivo#listItem","name":"Home"}},{"@type":"ListItem","@id":"https:\/\/www.jornalja.com.br\/arquivo\/policia-do-mato-grosso-apreende-madeira-ilegal-em-fazenda-de-socio-do-ministro-eliseu-padilha\/#listItem","position":3,"name":"Pol\u00edcia do Mato Grosso apreende madeira ilegal em fazenda de s\u00f3cio do Ministro Eliseu Padilha","previousItem":{"@type":"ListItem","@id":"https:\/\/www.jornalja.com.br\/arquivo\/category\/geral\/#listItem","name":"Geral"}}]},{"@type":"Organization","@id":"https:\/\/www.jornalja.com.br\/arquivo\/#organization","name":"Jornal J\u00c1","description":"Jornal J\u00c1 | Porto Alegre","url":"https:\/\/www.jornalja.com.br\/arquivo\/","telephone":"+555133307272","logo":{"@type":"ImageObject","url":"https:\/\/www.jornalja.com.br\/wp-content\/uploads\/cards\/JAslogan.png","@id":"https:\/\/www.jornalja.com.br\/arquivo\/policia-do-mato-grosso-apreende-madeira-ilegal-em-fazenda-de-socio-do-ministro-eliseu-padilha\/#organizationLogo"},"image":{"@id":"https:\/\/www.jornalja.com.br\/arquivo\/policia-do-mato-grosso-apreende-madeira-ilegal-em-fazenda-de-socio-do-ministro-eliseu-padilha\/#organizationLogo"}},{"@type":"Person","@id":"https:\/\/www.jornalja.com.br\/arquivo\/author\/daredacao\/#author","url":"https:\/\/www.jornalja.com.br\/arquivo\/author\/daredacao\/","name":"da Reda\u00e7\u00e3o","image":{"@type":"ImageObject","@id":"https:\/\/www.jornalja.com.br\/arquivo\/policia-do-mato-grosso-apreende-madeira-ilegal-em-fazenda-de-socio-do-ministro-eliseu-padilha\/#authorImage","url":"https:\/\/secure.gravatar.com\/avatar\/469fd857d6605ad19919d27ed29d35a968a25f6e8fd9318356bbb7f57aae9c65?s=96&d=mm&r=g","width":96,"height":96,"caption":"da Reda\u00e7\u00e3o"}},{"@type":"WebPage","@id":"https:\/\/www.jornalja.com.br\/arquivo\/policia-do-mato-grosso-apreende-madeira-ilegal-em-fazenda-de-socio-do-ministro-eliseu-padilha\/#webpage","url":"https:\/\/www.jornalja.com.br\/arquivo\/policia-do-mato-grosso-apreende-madeira-ilegal-em-fazenda-de-socio-do-ministro-eliseu-padilha\/","name":"Pol\u00edcia do Mato Grosso apreende madeira ilegal em fazenda de s\u00f3cio do Ministro Eliseu Padilha | Arquivo","inLanguage":"pt-BR","isPartOf":{"@id":"https:\/\/www.jornalja.com.br\/arquivo\/#website"},"breadcrumb":{"@id":"https:\/\/www.jornalja.com.br\/arquivo\/policia-do-mato-grosso-apreende-madeira-ilegal-em-fazenda-de-socio-do-ministro-eliseu-padilha\/#breadcrumblist"},"author":{"@id":"https:\/\/www.jornalja.com.br\/arquivo\/author\/daredacao\/#author"},"creator":{"@id":"https:\/\/www.jornalja.com.br\/arquivo\/author\/daredacao\/#author"},"image":{"@type":"ImageObject","url":51191,"@id":"https:\/\/www.jornalja.com.br\/arquivo\/policia-do-mato-grosso-apreende-madeira-ilegal-em-fazenda-de-socio-do-ministro-eliseu-padilha\/#mainImage"},"primaryImageOfPage":{"@id":"https:\/\/www.jornalja.com.br\/arquivo\/policia-do-mato-grosso-apreende-madeira-ilegal-em-fazenda-de-socio-do-ministro-eliseu-padilha\/#mainImage"},"datePublished":"2017-07-08T17:17:09-03:00","dateModified":"2017-07-08T17:17:09-03:00"},{"@type":"WebSite","@id":"https:\/\/www.jornalja.com.br\/arquivo\/#website","url":"https:\/\/www.jornalja.com.br\/arquivo\/","name":"Arquivo","description":"Jornal J\u00c1 | Porto Alegre","inLanguage":"pt-BR","publisher":{"@id":"https:\/\/www.jornalja.com.br\/arquivo\/#organization"}}]},"og:locale":"pt_BR","og:site_name":"Arquivo | Jornal J\u00c1 | Porto Alegre","og:type":"article","og:title":"Pol\u00edcia do Mato Grosso apreende madeira ilegal em fazenda de s\u00f3cio do Ministro Eliseu Padilha | Arquivo","og:url":"https:\/\/www.jornalja.com.br\/arquivo\/policia-do-mato-grosso-apreende-madeira-ilegal-em-fazenda-de-socio-do-ministro-eliseu-padilha\/","og:image":"https:\/\/www.jornalja.com.br\/economics\/wp-content\/uploads\/sites\/11\/2026\/08\/ja-folhaderosto-facebook.jpg","og:image:secure_url":"https:\/\/www.jornalja.com.br\/economics\/wp-content\/uploads\/sites\/11\/2026\/08\/ja-folhaderosto-facebook.jpg","article:published_time":"2017-07-08T20:17:09+00:00","article:modified_time":"2017-07-08T20:17:09+00:00","twitter:card":"summary","twitter:title":"Pol\u00edcia do Mato Grosso apreende madeira ilegal em fazenda de s\u00f3cio do Ministro Eliseu Padilha | Arquivo","twitter:image":"https:\/\/www.jornalja.com.br\/economics\/wp-content\/uploads\/sites\/11\/2026\/08\/ja-folhaderosto-facebook.jpg"},"aioseo_meta_data":{"post_id":"51184","title":null,"description":null,"keywords":null,"keyphrases":null,"primary_term":null,"canonical_url":null,"og_title":null,"og_description":null,"og_object_type":"default","og_image_type":"default","og_image_url":null,"og_image_width":null,"og_image_height":null,"og_image_custom_url":null,"og_image_custom_fields":null,"og_video":null,"og_custom_url":null,"og_article_section":null,"og_article_tags":null,"twitter_use_og":false,"twitter_card":"default","twitter_image_type":"default","twitter_image_url":null,"twitter_image_custom_url":null,"twitter_image_custom_fields":null,"twitter_title":null,"twitter_description":null,"schema":{"blockGraphs":[],"customGraphs":[],"default":{"data":{"Article":[],"Course":[],"Dataset":[],"FAQPage":[],"Movie":[],"Person":[],"Product":[],"ProductReview":[],"Car":[],"Recipe":[],"Service":[],"SoftwareApplication":[],"WebPage":[]},"graphName":"","isEnabled":true},"graphs":[],"defaultGraph":"","defaultPostTypeGraph":""},"schema_type":null,"schema_type_options":null,"pillar_content":false,"robots_default":true,"robots_noindex":false,"robots_noarchive":false,"robots_nosnippet":false,"robots_nofollow":false,"robots_noimageindex":false,"robots_noodp":false,"robots_notranslate":false,"robots_max_snippet":null,"robots_max_videopreview":null,"robots_max_imagepreview":"large","priority":null,"frequency":null,"location":null,"local_seo":null,"breadcrumb_settings":null,"limit_modified_date":false,"ai":null,"created":"2020-12-20 20:29:58","updated":"2025-07-19 22:58:56","seo_analyzer_scan_date":null,"focus_keyword":null,"additional_keywords":null,"truseo_locale":null},"jetpack_sharing_enabled":true,"jetpack-related-posts":[{"id":13101,"url":"https:\/\/www.jornalja.com.br\/arquivo\/morre-um-guerreiro-do-texto\/","url_meta":{"origin":51184,"position":0},"title":"Morre um guerreiro do texto","author":"Patr\u00edcia Marini","date":"14 de maio de 2014","format":false,"excerpt":"Por Ricardo Kotscho Reproduzido do blog do autor, 11\/5\/2014; t\u00edtulo original \u201cE l\u00e1 se foi o nosso Myltainho, guerreiro do texto\u201d. Mi\u00fado e franzino, meu amigo Myltainho era um valente e inconformado guerreiro na luta contra as injusti\u00e7as sociais, a hipocrisia, as maracutaias, o autoritarismo, a intoler\u00e2ncia, a viol\u00eancia, o\u2026","rel":"","context":"Em &quot;Geral&quot;","block_context":{"text":"Geral","link":"https:\/\/www.jornalja.com.br\/arquivo\/category\/geral\/"},"img":{"alt_text":"","src":"","width":0,"height":0},"classes":[]},{"id":5440,"url":"https:\/\/www.jornalja.com.br\/arquivo\/casarao-da-venancio-destino-permanece-incerto\/","url_meta":{"origin":51184,"position":1},"title":"Estado ainda n\u00e3o sabe o que fazer com casar\u00e3o abandonado h\u00e1 20 anos","author":"Elmar Bones","date":"6 de julho de 2009","format":false,"excerpt":"O casar\u00e3o amarelo, numa esquina nobre de Porto Alegre (Ven\u00e2ncio Aires com Jo\u00e3o Pessoa), j\u00e1 abrigou uma escola. H\u00e1 duas d\u00e9cadas, pelo menos, est\u00e1 abandonado, porque seu propriet\u00e1rio, o governo do Estado do Rio Grande do Sul, n\u00e3o consegue achar um destino para ele. Planos n\u00e3o faltaram. O governador Ol\u00edvio\u2026","rel":"","context":"Em &quot;X.Categorias velhas&quot;","block_context":{"text":"X.Categorias velhas","link":"https:\/\/www.jornalja.com.br\/arquivo\/category\/x-categorias-velhas\/"},"img":{"alt_text":"geraldo1","src":"https:\/\/i0.wp.com\/www.jornalja.com.br\/wp-content\/uploads\/2009\/07\/geraldo1.jpg?resize=350%2C200&ssl=1","width":350,"height":200},"classes":[]},{"id":12960,"url":"https:\/\/www.jornalja.com.br\/arquivo\/populacao-culpa-empresas-pela-greve-dos-rodoviarios\/","url_meta":{"origin":51184,"position":2},"title":"Popula\u00e7\u00e3o culpa empresas pela greve","author":"Patr\u00edcia Marini","date":"14 de fevereiro de 2014","format":false,"excerpt":"Pesquisa divulgada na edi\u00e7\u00e3o do jornal Metro desta sexta-feira,14, comprova o velho ditado: \u00e9 poss\u00edvel enganar muitos por algum tempo, mas n\u00e3o \u00e9 poss\u00edvel enganar a todos o tempo inteiro. A principal revela\u00e7\u00e3o foi que 59,8% dos entrevistados apontaram as empresas como as principais respons\u00e1veis pela grave e 46% culparam\u2026","rel":"","context":"Em &quot;X.Categorias velhas&quot;","block_context":{"text":"X.Categorias velhas","link":"https:\/\/www.jornalja.com.br\/arquivo\/category\/x-categorias-velhas\/"},"img":{"alt_text":"","src":"","width":0,"height":0},"classes":[]},{"id":13109,"url":"https:\/\/www.jornalja.com.br\/arquivo\/judiciario-reconhece-poluicao-eletromagnetica\/","url_meta":{"origin":51184,"position":3},"title":"Judici\u00e1rio reconhece polui\u00e7\u00e3o eletromagn\u00e9tica","author":"Patr\u00edcia Marini","date":"16 de maio de 2014","format":false,"excerpt":"A\u00e7\u00e3o de duas associa\u00e7\u00f5es de moradores foi acolhida pelo Tribunal de Justi\u00e7a de S\u00e3o Paulo que. em decis\u00e3o in\u00e9dita, determinou a redu\u00e7\u00e3o do campo eletromagn\u00e9tico gerado pelas linhas de transmiss\u00e3o de energia que cortam os bairros City Boa\u00e7ava e Alto de Pinheiros. \u00c9 a primeira vez que um tribunal do\u2026","rel":"","context":"Em &quot;X.Categorias velhas&quot;","block_context":{"text":"X.Categorias velhas","link":"https:\/\/www.jornalja.com.br\/arquivo\/category\/x-categorias-velhas\/"},"img":{"alt_text":"","src":"","width":0,"height":0},"classes":[]},{"id":14241,"url":"https:\/\/www.jornalja.com.br\/arquivo\/o-guaiba-nas-imagens-poeticas-de-achutti\/","url_meta":{"origin":51184,"position":4},"title":"O Gua\u00edba nas imagens po\u00e9ticas de Achutti","author":"da Reda\u00e7\u00e3o","date":"18 de junho de 2014","format":false,"excerpt":"Em \u201cO Gua\u00edba por Achutti\u201d \u2013 obra financiada via Minist\u00e9rio da Cultura, produ\u00e7\u00e3o executiva de Pedro Longhi, e Fl\u00e1vio Wild como designer \u2013, o fot\u00f3grafo revela a beleza e as mazelas de um espa\u00e7o aqu\u00e1tico de \u00e1guas sempre renovadas, cheio de hist\u00f3rias e lendas como as das cidades que foram\u2026","rel":"","context":"Em &quot;Cultura-Geral&quot;","block_context":{"text":"Cultura-Geral","link":"https:\/\/www.jornalja.com.br\/arquivo\/category\/materiasecundaria\/"},"img":{"alt_text":"","src":"","width":0,"height":0},"classes":[]}],"jetpack_shortlink":"https:\/\/wp.me\/pbQjBd-djy","jetpack_featured_media_url":"","_links":{"self":[{"href":"https:\/\/www.jornalja.com.br\/arquivo\/wp-json\/wp\/v2\/posts\/51184","targetHints":{"allow":["GET"]}}],"collection":[{"href":"https:\/\/www.jornalja.com.br\/arquivo\/wp-json\/wp\/v2\/posts"}],"about":[{"href":"https:\/\/www.jornalja.com.br\/arquivo\/wp-json\/wp\/v2\/types\/post"}],"author":[{"embeddable":true,"href":"https:\/\/www.jornalja.com.br\/arquivo\/wp-json\/wp\/v2\/users\/4"}],"replies":[{"embeddable":true,"href":"https:\/\/www.jornalja.com.br\/arquivo\/wp-json\/wp\/v2\/comments?post=51184"}],"version-history":[{"count":0,"href":"https:\/\/www.jornalja.com.br\/arquivo\/wp-json\/wp\/v2\/posts\/51184\/revisions"}],"wp:attachment":[{"href":"https:\/\/www.jornalja.com.br\/arquivo\/wp-json\/wp\/v2\/media?parent=51184"}],"wp:term":[{"taxonomy":"category","embeddable":true,"href":"https:\/\/www.jornalja.com.br\/arquivo\/wp-json\/wp\/v2\/categories?post=51184"},{"taxonomy":"post_tag","embeddable":true,"href":"https:\/\/www.jornalja.com.br\/arquivo\/wp-json\/wp\/v2\/tags?post=51184"}],"curies":[{"name":"wp","href":"https:\/\/api.w.org\/{rel}","templated":true}]}}