{"id":51193,"date":"2017-07-08T17:28:56","date_gmt":"2017-07-08T20:28:56","guid":{"rendered":"https:\/\/www.jornalja.com.br\/?p=51193"},"modified":"2017-07-08T17:28:56","modified_gmt":"2017-07-08T20:28:56","slug":"concurso-sioma-breitman-de-fotografia-abre-inscricoes-no-dia-10","status":"publish","type":"post","link":"https:\/\/www.jornalja.com.br\/arquivo\/concurso-sioma-breitman-de-fotografia-abre-inscricoes-no-dia-10\/","title":{"rendered":"Concurso Sioma Breitman de Fotografia abre inscri\u00e7\u00f5es no dia 10"},"content":{"rendered":"<p>Porto Alegre, Cidade Sustent\u00e1vel\u00a0\u00e9 o tema do XV Concurso Sioma Breitman de Fotografia, promovido pela C\u00e2mara Municipal da capital ga\u00facha, que abrir\u00e1 inscri\u00e7\u00f5es na\u00a0segunda-feira (10\/7).<br \/>\nFot\u00f3grafos profissionais e amadores maiores de 18 anos residentes no Brasil poder\u00e3o participar com trabalhos em preto e branco &#8211; digitais e convencionais &#8211; que obede\u00e7am ao tema proposto e ainda n\u00e3o tenham sido premiados em outros certames<br \/>\nO edital do concurso e seus tr\u00eas anexos foram publicados nesta sexta-feira (7\/7) no\u00a0<a href=\"http:\/\/dopaonlineupload.procempa.com.br\/dopaonlineupload\/2138_cl_20170707_legislativo.pdf\">Di\u00e1rio Oficial de Porto Alegre (Dopa)\/Poder Legislativo<\/a>.<br \/>\nAs inscri\u00e7\u00f5es s\u00e3o gratuitas e dever\u00e3o ser feitas, pessoalmente ou por meio de procura\u00e7\u00e3o,\u00a0at\u00e9 o dia 23 de agosto\u00a0na Se\u00e7\u00e3o de Memorial da C\u00e2mara Municipal de Porto Alegre (Avenida Loureiro da Silva, 255, t\u00e9rreo), de segundas a sextas-feiras, das 9 \u00e0s 12 horas e das 13h30min \u00e0s 17 horas. Ser\u00e3o aceitas inscri\u00e7\u00f5es pelos Correios, desde que recebidas pela C\u00e2mara at\u00e9 o \u00faltimo dia de inscri\u00e7\u00f5es.<br \/>\n<strong>Pr\u00eamios em dinheiro<\/strong><br \/>\nO Concurso Sioma Breitman contempla duas categorias: Foto Digital e Foto Convencional (obtida em suporte f\u00edsico de pel\u00edcula), e os candidatos poder\u00e3o se inscrever nas duas, apresentando at\u00e9 tr\u00eas fotos em cada uma delas. Os trabalhos dever\u00e3o ser impressos em papel fotogr\u00e1fico com medida de aresta longa entre 30 cm e 45 cm, nos formatos paisagem ou retrato.<br \/>\nSer\u00e3o selecionadas at\u00e9 60 fotos nas duas categorias, com pr\u00eamios em dinheiro para os primeiros tr\u00eas colocados em cada uma delas: R$ 2,5 mil, R$ 2 mil e R$ 1,5 mil, respectivamente.<br \/>\nO concurso prev\u00ea tamb\u00e9m men\u00e7\u00f5es honrosas para os quartos, quintos e sextos colocados nas duas modalidades. Todos os trabalhos selecionados e premiados ir\u00e3o compor uma exposi\u00e7\u00e3o na C\u00e2mara Municipal, com abertura prevista para 31 de outubro de 2017, al\u00e9m do cat\u00e1logo da mostra. O evento ter\u00e1 visita\u00e7\u00e3o at\u00e9 30 de novembro.<br \/>\n<strong>Homenagem a Sioma<\/strong><br \/>\nO concurso de fotografia da C\u00e2mara foi criado em 1996 por sugest\u00e3o do ex-vereador e ex-prefeito Jo\u00e3o Antonio Dib para homenagear o fot\u00f3grafo Sioma Breitman (1903-1980) e preservar as t\u00e9cnicas tradicionais de fotografia. Nascido na Ucr\u00e2nia, o artista viveu muito tempo em Porto Alegre, onde mantinha o atelier Foto Sioma, na Rua dos Andradas, 1.281.<br \/>\nSioma notabilizou-se principalmente por suas fotos em preto e branco e muito divulgou a capital ga\u00facha por meio de seu trabalho, que recebeu diversos pr\u00eamios nacionais e internacionais. Parte de seu acervo foi doado pela fam\u00edlia ao Museu de Porto Alegre Joaquim Jos\u00e9 Felizardo, cuja fototeca leva o nome do ilustre fot\u00f3grafo. Desde 2011, o Concurso \u00e9 bienal.<\/p>\n","protected":false},"excerpt":{"rendered":"<p>Porto Alegre, Cidade Sustent\u00e1vel\u00a0\u00e9 o tema do XV Concurso Sioma Breitman de Fotografia, promovido pela C\u00e2mara Municipal da capital ga\u00facha, que abrir\u00e1 inscri\u00e7\u00f5es na\u00a0segunda-feira (10\/7). Fot\u00f3grafos profissionais e amadores maiores de 18 anos residentes no Brasil poder\u00e3o participar com trabalhos em preto e branco &#8211; digitais e convencionais &#8211; que obede\u00e7am ao tema proposto e [&hellip;]<\/p>\n","protected":false},"author":4,"featured_media":51194,"comment_status":"open","ping_status":"closed","sticky":false,"template":"","format":"standard","meta":{"_jetpack_newsletter_access":"","_jetpack_dont_email_post_to_subs":false,"_jetpack_newsletter_tier_id":0,"_jetpack_memberships_contains_paywalled_content":false,"_jetpack_feature_clip_id":0,"_jetpack_memberships_contains_paid_content":false,"footnotes":"","jetpack_post_was_ever_published":false},"categories":[11],"tags":[],"class_list":["post-51193","post","type-post","status-publish","format-standard","has-post-thumbnail","hentry","category-materiasecundaria"],"aioseo_notices":[],"aioseo_head":"\n\t\t<!-- All in One SEO 5.0.1.1 - aioseo.com -->\n\t<meta name=\"robots\" content=\"max-image-preview:large\" \/>\n\t<meta name=\"author\" content=\"da Reda\u00e7\u00e3o\"\/>\n\t<link rel=\"canonical\" href=\"https:\/\/www.jornalja.com.br\/arquivo\/concurso-sioma-breitman-de-fotografia-abre-inscricoes-no-dia-10\/\" \/>\n\t<meta name=\"generator\" content=\"All in One SEO (AIOSEO) 5.0.1.1\" \/>\n\t\t<meta property=\"og:locale\" content=\"pt_BR\" \/>\n\t\t<meta property=\"og:site_name\" content=\"Arquivo | Jornal J\u00c1 | Porto Alegre\" \/>\n\t\t<meta property=\"og:type\" content=\"article\" \/>\n\t\t<meta property=\"og:title\" content=\"Concurso Sioma Breitman de Fotografia abre inscri\u00e7\u00f5es no dia 10 | Arquivo\" \/>\n\t\t<meta property=\"og:url\" content=\"https:\/\/www.jornalja.com.br\/arquivo\/concurso-sioma-breitman-de-fotografia-abre-inscricoes-no-dia-10\/\" \/>\n\t\t<meta property=\"og:image\" content=\"https:\/\/www.jornalja.com.br\/economics\/wp-content\/uploads\/sites\/11\/2026\/08\/ja-folhaderosto-facebook.jpg\" \/>\n\t\t<meta property=\"og:image:secure_url\" content=\"https:\/\/www.jornalja.com.br\/economics\/wp-content\/uploads\/sites\/11\/2026\/08\/ja-folhaderosto-facebook.jpg\" \/>\n\t\t<meta property=\"article:published_time\" content=\"2017-07-08T20:28:56+00:00\" \/>\n\t\t<meta property=\"article:modified_time\" content=\"2017-07-08T20:28:56+00:00\" \/>\n\t\t<meta name=\"twitter:card\" content=\"summary\" \/>\n\t\t<meta name=\"twitter:title\" content=\"Concurso Sioma Breitman de Fotografia abre inscri\u00e7\u00f5es no dia 10 | Arquivo\" \/>\n\t\t<meta name=\"twitter:image\" content=\"https:\/\/www.jornalja.com.br\/economics\/wp-content\/uploads\/sites\/11\/2026\/08\/ja-folhaderosto-facebook.jpg\" \/>\n\t\t<script type=\"application\/ld+json\" class=\"aioseo-schema\">\n\t\t\t{\"@context\":\"https:\\\/\\\/schema.org\",\"@graph\":[{\"@type\":\"BlogPosting\",\"@id\":\"https:\\\/\\\/www.jornalja.com.br\\\/arquivo\\\/concurso-sioma-breitman-de-fotografia-abre-inscricoes-no-dia-10\\\/#blogposting\",\"name\":\"Concurso Sioma Breitman de Fotografia abre inscri\\u00e7\\u00f5es no dia 10 | Arquivo\",\"headline\":\"Concurso Sioma Breitman de Fotografia abre inscri\\u00e7\\u00f5es no dia 10\",\"author\":{\"@id\":\"https:\\\/\\\/www.jornalja.com.br\\\/arquivo\\\/author\\\/daredacao\\\/#author\"},\"publisher\":{\"@id\":\"https:\\\/\\\/www.jornalja.com.br\\\/arquivo\\\/#organization\"},\"image\":{\"@type\":\"ImageObject\",\"url\":51194},\"datePublished\":\"2017-07-08T17:28:56-03:00\",\"dateModified\":\"2017-07-08T17:28:56-03:00\",\"inLanguage\":\"pt-BR\",\"mainEntityOfPage\":{\"@id\":\"https:\\\/\\\/www.jornalja.com.br\\\/arquivo\\\/concurso-sioma-breitman-de-fotografia-abre-inscricoes-no-dia-10\\\/#webpage\"},\"isPartOf\":{\"@id\":\"https:\\\/\\\/www.jornalja.com.br\\\/arquivo\\\/concurso-sioma-breitman-de-fotografia-abre-inscricoes-no-dia-10\\\/#webpage\"},\"articleSection\":\"Cultura-Geral\"},{\"@type\":\"BreadcrumbList\",\"@id\":\"https:\\\/\\\/www.jornalja.com.br\\\/arquivo\\\/concurso-sioma-breitman-de-fotografia-abre-inscricoes-no-dia-10\\\/#breadcrumblist\",\"itemListElement\":[{\"@type\":\"ListItem\",\"@id\":\"https:\\\/\\\/www.jornalja.com.br\\\/arquivo#listItem\",\"position\":1,\"name\":\"Home\",\"item\":\"https:\\\/\\\/www.jornalja.com.br\\\/arquivo\",\"nextItem\":{\"@type\":\"ListItem\",\"@id\":\"https:\\\/\\\/www.jornalja.com.br\\\/arquivo\\\/category\\\/materiasecundaria\\\/#listItem\",\"name\":\"Cultura-Geral\"}},{\"@type\":\"ListItem\",\"@id\":\"https:\\\/\\\/www.jornalja.com.br\\\/arquivo\\\/category\\\/materiasecundaria\\\/#listItem\",\"position\":2,\"name\":\"Cultura-Geral\",\"item\":\"https:\\\/\\\/www.jornalja.com.br\\\/arquivo\\\/category\\\/materiasecundaria\\\/\",\"nextItem\":{\"@type\":\"ListItem\",\"@id\":\"https:\\\/\\\/www.jornalja.com.br\\\/arquivo\\\/concurso-sioma-breitman-de-fotografia-abre-inscricoes-no-dia-10\\\/#listItem\",\"name\":\"Concurso Sioma Breitman de Fotografia abre inscri\\u00e7\\u00f5es no dia 10\"},\"previousItem\":{\"@type\":\"ListItem\",\"@id\":\"https:\\\/\\\/www.jornalja.com.br\\\/arquivo#listItem\",\"name\":\"Home\"}},{\"@type\":\"ListItem\",\"@id\":\"https:\\\/\\\/www.jornalja.com.br\\\/arquivo\\\/concurso-sioma-breitman-de-fotografia-abre-inscricoes-no-dia-10\\\/#listItem\",\"position\":3,\"name\":\"Concurso Sioma Breitman de Fotografia abre inscri\\u00e7\\u00f5es no dia 10\",\"previousItem\":{\"@type\":\"ListItem\",\"@id\":\"https:\\\/\\\/www.jornalja.com.br\\\/arquivo\\\/category\\\/materiasecundaria\\\/#listItem\",\"name\":\"Cultura-Geral\"}}]},{\"@type\":\"Organization\",\"@id\":\"https:\\\/\\\/www.jornalja.com.br\\\/arquivo\\\/#organization\",\"name\":\"Jornal J\\u00c1\",\"description\":\"Jornal J\\u00c1 | Porto Alegre\",\"url\":\"https:\\\/\\\/www.jornalja.com.br\\\/arquivo\\\/\",\"telephone\":\"+555133307272\",\"logo\":{\"@type\":\"ImageObject\",\"url\":\"https:\\\/\\\/www.jornalja.com.br\\\/wp-content\\\/uploads\\\/cards\\\/JAslogan.png\",\"@id\":\"https:\\\/\\\/www.jornalja.com.br\\\/arquivo\\\/concurso-sioma-breitman-de-fotografia-abre-inscricoes-no-dia-10\\\/#organizationLogo\"},\"image\":{\"@id\":\"https:\\\/\\\/www.jornalja.com.br\\\/arquivo\\\/concurso-sioma-breitman-de-fotografia-abre-inscricoes-no-dia-10\\\/#organizationLogo\"}},{\"@type\":\"Person\",\"@id\":\"https:\\\/\\\/www.jornalja.com.br\\\/arquivo\\\/author\\\/daredacao\\\/#author\",\"url\":\"https:\\\/\\\/www.jornalja.com.br\\\/arquivo\\\/author\\\/daredacao\\\/\",\"name\":\"da Reda\\u00e7\\u00e3o\",\"image\":{\"@type\":\"ImageObject\",\"@id\":\"https:\\\/\\\/www.jornalja.com.br\\\/arquivo\\\/concurso-sioma-breitman-de-fotografia-abre-inscricoes-no-dia-10\\\/#authorImage\",\"url\":\"https:\\\/\\\/secure.gravatar.com\\\/avatar\\\/469fd857d6605ad19919d27ed29d35a968a25f6e8fd9318356bbb7f57aae9c65?s=96&d=mm&r=g\",\"width\":96,\"height\":96,\"caption\":\"da Reda\\u00e7\\u00e3o\"}},{\"@type\":\"WebPage\",\"@id\":\"https:\\\/\\\/www.jornalja.com.br\\\/arquivo\\\/concurso-sioma-breitman-de-fotografia-abre-inscricoes-no-dia-10\\\/#webpage\",\"url\":\"https:\\\/\\\/www.jornalja.com.br\\\/arquivo\\\/concurso-sioma-breitman-de-fotografia-abre-inscricoes-no-dia-10\\\/\",\"name\":\"Concurso Sioma Breitman de Fotografia abre inscri\\u00e7\\u00f5es no dia 10 | Arquivo\",\"inLanguage\":\"pt-BR\",\"isPartOf\":{\"@id\":\"https:\\\/\\\/www.jornalja.com.br\\\/arquivo\\\/#website\"},\"breadcrumb\":{\"@id\":\"https:\\\/\\\/www.jornalja.com.br\\\/arquivo\\\/concurso-sioma-breitman-de-fotografia-abre-inscricoes-no-dia-10\\\/#breadcrumblist\"},\"author\":{\"@id\":\"https:\\\/\\\/www.jornalja.com.br\\\/arquivo\\\/author\\\/daredacao\\\/#author\"},\"creator\":{\"@id\":\"https:\\\/\\\/www.jornalja.com.br\\\/arquivo\\\/author\\\/daredacao\\\/#author\"},\"image\":{\"@type\":\"ImageObject\",\"url\":51194,\"@id\":\"https:\\\/\\\/www.jornalja.com.br\\\/arquivo\\\/concurso-sioma-breitman-de-fotografia-abre-inscricoes-no-dia-10\\\/#mainImage\"},\"primaryImageOfPage\":{\"@id\":\"https:\\\/\\\/www.jornalja.com.br\\\/arquivo\\\/concurso-sioma-breitman-de-fotografia-abre-inscricoes-no-dia-10\\\/#mainImage\"},\"datePublished\":\"2017-07-08T17:28:56-03:00\",\"dateModified\":\"2017-07-08T17:28:56-03:00\"},{\"@type\":\"WebSite\",\"@id\":\"https:\\\/\\\/www.jornalja.com.br\\\/arquivo\\\/#website\",\"url\":\"https:\\\/\\\/www.jornalja.com.br\\\/arquivo\\\/\",\"name\":\"Arquivo\",\"description\":\"Jornal J\\u00c1 | Porto Alegre\",\"inLanguage\":\"pt-BR\",\"publisher\":{\"@id\":\"https:\\\/\\\/www.jornalja.com.br\\\/arquivo\\\/#organization\"}}]}\n\t\t<\/script>\n\t\t<!-- All in One SEO -->\n\n","aioseo_head_json":{"title":"Concurso Sioma Breitman de Fotografia abre inscri\u00e7\u00f5es no dia 10 | Arquivo","description":"","canonical_url":"https:\/\/www.jornalja.com.br\/arquivo\/concurso-sioma-breitman-de-fotografia-abre-inscricoes-no-dia-10\/","robots":"max-image-preview:large","keywords":"","webmasterTools":{"miscellaneous":""},"schema":{"@context":"https:\/\/schema.org","@graph":[{"@type":"BlogPosting","@id":"https:\/\/www.jornalja.com.br\/arquivo\/concurso-sioma-breitman-de-fotografia-abre-inscricoes-no-dia-10\/#blogposting","name":"Concurso Sioma Breitman de Fotografia abre inscri\u00e7\u00f5es no dia 10 | Arquivo","headline":"Concurso Sioma Breitman de Fotografia abre inscri\u00e7\u00f5es no dia 10","author":{"@id":"https:\/\/www.jornalja.com.br\/arquivo\/author\/daredacao\/#author"},"publisher":{"@id":"https:\/\/www.jornalja.com.br\/arquivo\/#organization"},"image":{"@type":"ImageObject","url":51194},"datePublished":"2017-07-08T17:28:56-03:00","dateModified":"2017-07-08T17:28:56-03:00","inLanguage":"pt-BR","mainEntityOfPage":{"@id":"https:\/\/www.jornalja.com.br\/arquivo\/concurso-sioma-breitman-de-fotografia-abre-inscricoes-no-dia-10\/#webpage"},"isPartOf":{"@id":"https:\/\/www.jornalja.com.br\/arquivo\/concurso-sioma-breitman-de-fotografia-abre-inscricoes-no-dia-10\/#webpage"},"articleSection":"Cultura-Geral"},{"@type":"BreadcrumbList","@id":"https:\/\/www.jornalja.com.br\/arquivo\/concurso-sioma-breitman-de-fotografia-abre-inscricoes-no-dia-10\/#breadcrumblist","itemListElement":[{"@type":"ListItem","@id":"https:\/\/www.jornalja.com.br\/arquivo#listItem","position":1,"name":"Home","item":"https:\/\/www.jornalja.com.br\/arquivo","nextItem":{"@type":"ListItem","@id":"https:\/\/www.jornalja.com.br\/arquivo\/category\/materiasecundaria\/#listItem","name":"Cultura-Geral"}},{"@type":"ListItem","@id":"https:\/\/www.jornalja.com.br\/arquivo\/category\/materiasecundaria\/#listItem","position":2,"name":"Cultura-Geral","item":"https:\/\/www.jornalja.com.br\/arquivo\/category\/materiasecundaria\/","nextItem":{"@type":"ListItem","@id":"https:\/\/www.jornalja.com.br\/arquivo\/concurso-sioma-breitman-de-fotografia-abre-inscricoes-no-dia-10\/#listItem","name":"Concurso Sioma Breitman de Fotografia abre inscri\u00e7\u00f5es no dia 10"},"previousItem":{"@type":"ListItem","@id":"https:\/\/www.jornalja.com.br\/arquivo#listItem","name":"Home"}},{"@type":"ListItem","@id":"https:\/\/www.jornalja.com.br\/arquivo\/concurso-sioma-breitman-de-fotografia-abre-inscricoes-no-dia-10\/#listItem","position":3,"name":"Concurso Sioma Breitman de Fotografia abre inscri\u00e7\u00f5es no dia 10","previousItem":{"@type":"ListItem","@id":"https:\/\/www.jornalja.com.br\/arquivo\/category\/materiasecundaria\/#listItem","name":"Cultura-Geral"}}]},{"@type":"Organization","@id":"https:\/\/www.jornalja.com.br\/arquivo\/#organization","name":"Jornal J\u00c1","description":"Jornal J\u00c1 | Porto Alegre","url":"https:\/\/www.jornalja.com.br\/arquivo\/","telephone":"+555133307272","logo":{"@type":"ImageObject","url":"https:\/\/www.jornalja.com.br\/wp-content\/uploads\/cards\/JAslogan.png","@id":"https:\/\/www.jornalja.com.br\/arquivo\/concurso-sioma-breitman-de-fotografia-abre-inscricoes-no-dia-10\/#organizationLogo"},"image":{"@id":"https:\/\/www.jornalja.com.br\/arquivo\/concurso-sioma-breitman-de-fotografia-abre-inscricoes-no-dia-10\/#organizationLogo"}},{"@type":"Person","@id":"https:\/\/www.jornalja.com.br\/arquivo\/author\/daredacao\/#author","url":"https:\/\/www.jornalja.com.br\/arquivo\/author\/daredacao\/","name":"da Reda\u00e7\u00e3o","image":{"@type":"ImageObject","@id":"https:\/\/www.jornalja.com.br\/arquivo\/concurso-sioma-breitman-de-fotografia-abre-inscricoes-no-dia-10\/#authorImage","url":"https:\/\/secure.gravatar.com\/avatar\/469fd857d6605ad19919d27ed29d35a968a25f6e8fd9318356bbb7f57aae9c65?s=96&d=mm&r=g","width":96,"height":96,"caption":"da Reda\u00e7\u00e3o"}},{"@type":"WebPage","@id":"https:\/\/www.jornalja.com.br\/arquivo\/concurso-sioma-breitman-de-fotografia-abre-inscricoes-no-dia-10\/#webpage","url":"https:\/\/www.jornalja.com.br\/arquivo\/concurso-sioma-breitman-de-fotografia-abre-inscricoes-no-dia-10\/","name":"Concurso Sioma Breitman de Fotografia abre inscri\u00e7\u00f5es no dia 10 | Arquivo","inLanguage":"pt-BR","isPartOf":{"@id":"https:\/\/www.jornalja.com.br\/arquivo\/#website"},"breadcrumb":{"@id":"https:\/\/www.jornalja.com.br\/arquivo\/concurso-sioma-breitman-de-fotografia-abre-inscricoes-no-dia-10\/#breadcrumblist"},"author":{"@id":"https:\/\/www.jornalja.com.br\/arquivo\/author\/daredacao\/#author"},"creator":{"@id":"https:\/\/www.jornalja.com.br\/arquivo\/author\/daredacao\/#author"},"image":{"@type":"ImageObject","url":51194,"@id":"https:\/\/www.jornalja.com.br\/arquivo\/concurso-sioma-breitman-de-fotografia-abre-inscricoes-no-dia-10\/#mainImage"},"primaryImageOfPage":{"@id":"https:\/\/www.jornalja.com.br\/arquivo\/concurso-sioma-breitman-de-fotografia-abre-inscricoes-no-dia-10\/#mainImage"},"datePublished":"2017-07-08T17:28:56-03:00","dateModified":"2017-07-08T17:28:56-03:00"},{"@type":"WebSite","@id":"https:\/\/www.jornalja.com.br\/arquivo\/#website","url":"https:\/\/www.jornalja.com.br\/arquivo\/","name":"Arquivo","description":"Jornal J\u00c1 | Porto Alegre","inLanguage":"pt-BR","publisher":{"@id":"https:\/\/www.jornalja.com.br\/arquivo\/#organization"}}]},"og:locale":"pt_BR","og:site_name":"Arquivo | Jornal J\u00c1 | Porto Alegre","og:type":"article","og:title":"Concurso Sioma Breitman de Fotografia abre inscri\u00e7\u00f5es no dia 10 | Arquivo","og:url":"https:\/\/www.jornalja.com.br\/arquivo\/concurso-sioma-breitman-de-fotografia-abre-inscricoes-no-dia-10\/","og:image":"https:\/\/www.jornalja.com.br\/economics\/wp-content\/uploads\/sites\/11\/2026\/08\/ja-folhaderosto-facebook.jpg","og:image:secure_url":"https:\/\/www.jornalja.com.br\/economics\/wp-content\/uploads\/sites\/11\/2026\/08\/ja-folhaderosto-facebook.jpg","article:published_time":"2017-07-08T20:28:56+00:00","article:modified_time":"2017-07-08T20:28:56+00:00","twitter:card":"summary","twitter:title":"Concurso Sioma Breitman de Fotografia abre inscri\u00e7\u00f5es no dia 10 | Arquivo","twitter:image":"https:\/\/www.jornalja.com.br\/economics\/wp-content\/uploads\/sites\/11\/2026\/08\/ja-folhaderosto-facebook.jpg"},"aioseo_meta_data":{"post_id":"51193","title":null,"description":null,"keywords":null,"keyphrases":null,"primary_term":null,"canonical_url":null,"og_title":null,"og_description":null,"og_object_type":"default","og_image_type":"default","og_image_url":null,"og_image_width":null,"og_image_height":null,"og_image_custom_url":null,"og_image_custom_fields":null,"og_video":null,"og_custom_url":null,"og_article_section":null,"og_article_tags":null,"twitter_use_og":false,"twitter_card":"default","twitter_image_type":"default","twitter_image_url":null,"twitter_image_custom_url":null,"twitter_image_custom_fields":null,"twitter_title":null,"twitter_description":null,"schema":{"blockGraphs":[],"customGraphs":[],"default":{"data":{"Article":[],"Course":[],"Dataset":[],"FAQPage":[],"Movie":[],"Person":[],"Product":[],"ProductReview":[],"Car":[],"Recipe":[],"Service":[],"SoftwareApplication":[],"WebPage":[]},"graphName":"","isEnabled":true},"graphs":[],"defaultGraph":"","defaultPostTypeGraph":""},"schema_type":null,"schema_type_options":null,"pillar_content":false,"robots_default":true,"robots_noindex":false,"robots_noarchive":false,"robots_nosnippet":false,"robots_nofollow":false,"robots_noimageindex":false,"robots_noodp":false,"robots_notranslate":false,"robots_max_snippet":null,"robots_max_videopreview":null,"robots_max_imagepreview":"large","priority":null,"frequency":null,"location":null,"local_seo":null,"breadcrumb_settings":null,"limit_modified_date":false,"ai":null,"created":"2020-12-20 20:29:58","updated":"2025-07-19 22:58:56","seo_analyzer_scan_date":null,"focus_keyword":null,"additional_keywords":null,"truseo_locale":null},"jetpack_sharing_enabled":true,"jetpack-related-posts":[{"id":1280,"url":"https:\/\/www.jornalja.com.br\/arquivo\/o-menino-que-se-tornou-brizola\/","url_meta":{"origin":51193,"position":0},"title":"O Menino que se Tornou Brizola","author":"da Reda\u00e7\u00e3o","date":"28 de julho de 2008","format":false,"excerpt":"Autor: Cleber Dioni A vida de Leonel Brizola, com \u00eanfase para os primeiros anos em Porto Alegre, at\u00e9 o ex\u00edlio no Uruguai e a volta, quinze anos depois. \u00a0\"...\u00c9ramos todos jovens e nos identific\u00e1vamos com aquela massa an\u00f4nima a percorrer as ruas de Porto Alegre, gritando 'Get\u00falio', 'Get\u00falio' e empunhando\u2026","rel":"","context":"Em &quot;Livros&quot;","block_context":{"text":"Livros","link":"https:\/\/www.jornalja.com.br\/arquivo\/category\/livros\/"},"img":{"alt_text":"","src":"https:\/\/i0.wp.com\/www.jornalja.com.br\/wp-content\/uploads\/2008\/07\/brizola.gif?resize=350%2C200&ssl=1","width":350,"height":200},"classes":[]},{"id":14241,"url":"https:\/\/www.jornalja.com.br\/arquivo\/o-guaiba-nas-imagens-poeticas-de-achutti\/","url_meta":{"origin":51193,"position":1},"title":"O Gua\u00edba nas imagens po\u00e9ticas de Achutti","author":"da Reda\u00e7\u00e3o","date":"18 de junho de 2014","format":false,"excerpt":"Em \u201cO Gua\u00edba por Achutti\u201d \u2013 obra financiada via Minist\u00e9rio da Cultura, produ\u00e7\u00e3o executiva de Pedro Longhi, e Fl\u00e1vio Wild como designer \u2013, o fot\u00f3grafo revela a beleza e as mazelas de um espa\u00e7o aqu\u00e1tico de \u00e1guas sempre renovadas, cheio de hist\u00f3rias e lendas como as das cidades que foram\u2026","rel":"","context":"Em &quot;Cultura-Geral&quot;","block_context":{"text":"Cultura-Geral","link":"https:\/\/www.jornalja.com.br\/arquivo\/category\/materiasecundaria\/"},"img":{"alt_text":"","src":"","width":0,"height":0},"classes":[]},{"id":12960,"url":"https:\/\/www.jornalja.com.br\/arquivo\/populacao-culpa-empresas-pela-greve-dos-rodoviarios\/","url_meta":{"origin":51193,"position":2},"title":"Popula\u00e7\u00e3o culpa empresas pela greve","author":"Patr\u00edcia Marini","date":"14 de fevereiro de 2014","format":false,"excerpt":"Pesquisa divulgada na edi\u00e7\u00e3o do jornal Metro desta sexta-feira,14, comprova o velho ditado: \u00e9 poss\u00edvel enganar muitos por algum tempo, mas n\u00e3o \u00e9 poss\u00edvel enganar a todos o tempo inteiro. A principal revela\u00e7\u00e3o foi que 59,8% dos entrevistados apontaram as empresas como as principais respons\u00e1veis pela grave e 46% culparam\u2026","rel":"","context":"Em &quot;X.Categorias velhas&quot;","block_context":{"text":"X.Categorias velhas","link":"https:\/\/www.jornalja.com.br\/arquivo\/category\/x-categorias-velhas\/"},"img":{"alt_text":"","src":"","width":0,"height":0},"classes":[]},{"id":13124,"url":"https:\/\/www.jornalja.com.br\/arquivo\/sangue-latino-no-iecine\/","url_meta":{"origin":51193,"position":3},"title":"Sangue latino no IECINE","author":"da Reda\u00e7\u00e3o","date":"18 de maio de 2014","format":false,"excerpt":"Francisco Ribeiro O Instituto Estadual de Cinema (IECINE) tem a frente, desde abril \u00faltimo, um novo diretor, o cineasta colombiano Juan Zapata, 36, que substitui Luiz Alberto Cassol. Radicado h\u00e1 dez anos em Porto Alegre, Zapata tem diante de si o desafio de conduzir at\u00e9 o final do ano um\u2026","rel":"","context":"Em &quot;Cultura-Geral&quot;","block_context":{"text":"Cultura-Geral","link":"https:\/\/www.jornalja.com.br\/arquivo\/category\/materiasecundaria\/"},"img":{"alt_text":"","src":"","width":0,"height":0},"classes":[]},{"id":13240,"url":"https:\/\/www.jornalja.com.br\/arquivo\/plano-diretor-estamos-construindo-o-caos\/","url_meta":{"origin":51193,"position":4},"title":"Plano diretor: &quot;Estamos construindo o caos&quot;","author":"Patr\u00edcia Marini","date":"26 de maio de 2014","format":false,"excerpt":"Desabafo que arquiteta Eliana Castilhos, delegada da Regi\u00e3o de Planejamento 1, postou nas redes sociais \u00e9 um testemunho do ambiente que se criou no Conselho do Plano Diretor de Porto Alegre, onde a aprova\u00e7\u00e3o de grandes empreendimentos \u00e9 empurrada guela abaixo dos conselheiros. Ao CMDUA Como delegada da Regi\u00e3o de\u2026","rel":"","context":"Em &quot;Geral&quot;","block_context":{"text":"Geral","link":"https:\/\/www.jornalja.com.br\/arquivo\/category\/geral\/"},"img":{"alt_text":"","src":"","width":0,"height":0},"classes":[]},{"id":5440,"url":"https:\/\/www.jornalja.com.br\/arquivo\/casarao-da-venancio-destino-permanece-incerto\/","url_meta":{"origin":51193,"position":5},"title":"Estado ainda n\u00e3o sabe o que fazer com casar\u00e3o abandonado h\u00e1 20 anos","author":"Elmar Bones","date":"6 de julho de 2009","format":false,"excerpt":"O casar\u00e3o amarelo, numa esquina nobre de Porto Alegre (Ven\u00e2ncio Aires com Jo\u00e3o Pessoa), j\u00e1 abrigou uma escola. H\u00e1 duas d\u00e9cadas, pelo menos, est\u00e1 abandonado, porque seu propriet\u00e1rio, o governo do Estado do Rio Grande do Sul, n\u00e3o consegue achar um destino para ele. Planos n\u00e3o faltaram. O governador Ol\u00edvio\u2026","rel":"","context":"Em &quot;X.Categorias velhas&quot;","block_context":{"text":"X.Categorias velhas","link":"https:\/\/www.jornalja.com.br\/arquivo\/category\/x-categorias-velhas\/"},"img":{"alt_text":"geraldo1","src":"https:\/\/i0.wp.com\/www.jornalja.com.br\/wp-content\/uploads\/2009\/07\/geraldo1.jpg?resize=350%2C200&ssl=1","width":350,"height":200},"classes":[]}],"jetpack_shortlink":"https:\/\/wp.me\/pbQjBd-djH","jetpack_featured_media_url":"","_links":{"self":[{"href":"https:\/\/www.jornalja.com.br\/arquivo\/wp-json\/wp\/v2\/posts\/51193","targetHints":{"allow":["GET"]}}],"collection":[{"href":"https:\/\/www.jornalja.com.br\/arquivo\/wp-json\/wp\/v2\/posts"}],"about":[{"href":"https:\/\/www.jornalja.com.br\/arquivo\/wp-json\/wp\/v2\/types\/post"}],"author":[{"embeddable":true,"href":"https:\/\/www.jornalja.com.br\/arquivo\/wp-json\/wp\/v2\/users\/4"}],"replies":[{"embeddable":true,"href":"https:\/\/www.jornalja.com.br\/arquivo\/wp-json\/wp\/v2\/comments?post=51193"}],"version-history":[{"count":0,"href":"https:\/\/www.jornalja.com.br\/arquivo\/wp-json\/wp\/v2\/posts\/51193\/revisions"}],"wp:attachment":[{"href":"https:\/\/www.jornalja.com.br\/arquivo\/wp-json\/wp\/v2\/media?parent=51193"}],"wp:term":[{"taxonomy":"category","embeddable":true,"href":"https:\/\/www.jornalja.com.br\/arquivo\/wp-json\/wp\/v2\/categories?post=51193"},{"taxonomy":"post_tag","embeddable":true,"href":"https:\/\/www.jornalja.com.br\/arquivo\/wp-json\/wp\/v2\/tags?post=51193"}],"curies":[{"name":"wp","href":"https:\/\/api.w.org\/{rel}","templated":true}]}}