{"id":51226,"date":"2017-07-09T00:47:54","date_gmt":"2017-07-09T03:47:54","guid":{"rendered":"https:\/\/www.jornalja.com.br\/?p=51226"},"modified":"2017-07-09T00:47:54","modified_gmt":"2017-07-09T03:47:54","slug":"ministro-da-saude-participa-da-inauguracao-do-novo-centro-obstetrico-do-conceicao","status":"publish","type":"post","link":"https:\/\/www.jornalja.com.br\/arquivo\/ministro-da-saude-participa-da-inauguracao-do-novo-centro-obstetrico-do-conceicao\/","title":{"rendered":"Ministro da Sa\u00fade participa da inaugura\u00e7\u00e3o do novo centro obst\u00e9trico do Concei\u00e7\u00e3o"},"content":{"rendered":"<p>A solenidade de inaugura\u00e7\u00e3o do Centro Obst\u00e9trico (CO) do Hospital Concei\u00e7\u00e3o ocorre nesta segunda-feira, 10 de julho, \u00e0s 8h30min, com a presen\u00e7a confirmada do ministro da Sa\u00fade, Ricardo Barros, da diretoria do Grupo Hospitalar Concei\u00e7\u00e3o (GHC), profissionais de sa\u00fade e autoridades.<br \/>\nA reformula\u00e7\u00e3o do processo de atendimento das gestantes e beb\u00eas foi realizada com o objetivo de adequar os ambientes \u00e0s mudan\u00e7as no modelo de aten\u00e7\u00e3o previstas pela Rede Cegonha, do Minist\u00e9rio da Sa\u00fade. Com a reestrutura\u00e7\u00e3o, o novo Centro Obst\u00e9trico contar\u00e1 com a instala\u00e7\u00e3o de salas PPP (pr\u00e9-parto, parto e p\u00f3s-parto) que oportunizam a privacidade e o conforto da mulher e do acompanhante de sua escolha durante todo o trabalho de parto e o parto. Na ocasi\u00e3o, tamb\u00e9m ser\u00e1 celebrado os 51 anos de atividade da Maternidade, localizada na Av. Francisco Trein, 596, 2\u00ba andar, Bairro Cristo Redentor, em Porto Alegre. Visando \u00e0 qualifica\u00e7\u00e3o do cuidado, o antigo CO iniciou a sua reforma em 2016, com atendimento permanente durante a realiza\u00e7\u00e3o das obras e benfeitorias.<br \/>\nAs boas pr\u00e1ticas ser\u00e3o contempladas com a privacidade das mam\u00e3es em atendimento, ambiente agrad\u00e1vel, com a diminui\u00e7\u00e3o da luminosidade, a presen\u00e7a do acompanhante em tempo integral, s\u00e3o alguns dos procedimentos que v\u00e3o garantir a qualifica\u00e7\u00e3o do atendimento, conforme as recomenda\u00e7\u00f5es da Organiza\u00e7\u00e3o Mundial de Sa\u00fade e do Minist\u00e9rio da Sa\u00fade. &#8220;Teremos o atendimento qualificado e humanizado com uma assist\u00eancia baseada em evid\u00eancias cient\u00edficas&#8221;, ressaltou a coordenadora da Linha de Cuidado M\u00e3e-Beb\u00ea do Hospital Concei\u00e7\u00e3o, enfermeira Lisete Ambrosi.<br \/>\nO trabalho integrado das equipes das \u00e1reas m\u00e9dica e de enfermagem da Linha de Cuidado M\u00e3e-Beb\u00ea do Hospital Concei\u00e7\u00e3o vai propiciar a implementa\u00e7\u00e3o das boas pr\u00e1ticas assistenciais, cientificamente comprovadas, como a promo\u00e7\u00e3o do parto fisiol\u00f3gico, manejo n\u00e3o farmacol\u00f3gico do trabalho de parto, posi\u00e7\u00f5es de escolha da mulher para o parto, contato pele a pele entre m\u00e3e e beb\u00ea imediato e cont\u00ednuo ap\u00f3s o nascimento e o incentivo \u00e0 amamenta\u00e7\u00e3o na primeira hora de vida. Tamb\u00e9m permite que a m\u00e3e, o beb\u00ea e o acompanhante permane\u00e7am juntos ap\u00f3s o nascimento.<br \/>\n<strong>Estrutura<\/strong><br \/>\nConforme informa\u00e7\u00f5es da engenheira Isar Perelman Rosenberg, gerente de Engenharia e Patrim\u00f4nio (GENP) do GHC, o novo Centro Obst\u00e9trico ter\u00e1 em \u00e1rea 1.117,69m\u00b2, com duas salas de parto cir\u00fargico\/ces\u00e1rea, uma sala de curetagem, uma sala de recupera\u00e7\u00e3o com quatro leitos, seis quartos PPP (pr\u00e9-parto\/parto\/p\u00f3s-parto), uma sala com equipamento de ultra-sonografia, uma sala com seis leitos para pr\u00e9-parto de alto risco e com \u00e1reas de apoio que s\u00e3o obrigat\u00f3rias pela RDC.<br \/>\nA obra do Centro Obst\u00e9trico foi executada em 12 meses, por empresa terceirizada, fiscalizada pela GENP-GHC, por meio do engenheiro Newton Ara\u00fajo Quintela. O custo da obra foi de R$ 4.130.732,59. Na obra, foram utilizados materiais de classe A, resistentes \u00e0 lavagem e ao uso de desinfetantes, superf\u00edcies com acabamentos monol\u00edticas.<br \/>\nJ\u00e1 os materiais cer\u00e2micos e rejuntes contam com \u00edndices de absor\u00e7\u00e3o de \u00e1gua superior a 4%. Nos tetos e paredes dos ambientes foram pintadas com tintas a base de ep\u00f3xi, piso vin\u00edlico em manta. Metais conforme recomenda\u00e7\u00e3o do Servi\u00e7o de Controle de Infec\u00e7\u00e3o Hospitalar do Hospital Concei\u00e7\u00e3o e lou\u00e7as adaptadas para PNE. &#8220;Todos os materiais e revestimentos empregados, conforme orienta\u00e7\u00e3o da RDC 50&#8221;, salientou Isar Rosemberg, gerente da GENP.<\/p>\n","protected":false},"excerpt":{"rendered":"<p>A solenidade de inaugura\u00e7\u00e3o do Centro Obst\u00e9trico (CO) do Hospital Concei\u00e7\u00e3o ocorre nesta segunda-feira, 10 de julho, \u00e0s 8h30min, com a presen\u00e7a confirmada do ministro da Sa\u00fade, Ricardo Barros, da diretoria do Grupo Hospitalar Concei\u00e7\u00e3o (GHC), profissionais de sa\u00fade e autoridades. A reformula\u00e7\u00e3o do processo de atendimento das gestantes e beb\u00eas foi realizada com o [&hellip;]<\/p>\n","protected":false},"author":4,"featured_media":0,"comment_status":"open","ping_status":"closed","sticky":false,"template":"","format":"standard","meta":{"_jetpack_newsletter_access":"","_jetpack_dont_email_post_to_subs":false,"_jetpack_newsletter_tier_id":0,"_jetpack_memberships_contains_paywalled_content":false,"_jetpack_feature_clip_id":0,"_jetpack_memberships_contains_paid_content":false,"footnotes":"","jetpack_post_was_ever_published":false},"categories":[2022],"tags":[],"class_list":["post-51226","post","type-post","status-publish","format-standard","hentry","category-notas"],"aioseo_notices":[],"aioseo_head":"\n\t\t<!-- All in One SEO 5.0.1.1 - aioseo.com -->\n\t<meta name=\"robots\" content=\"max-image-preview:large\" \/>\n\t<meta name=\"author\" content=\"da Reda\u00e7\u00e3o\"\/>\n\t<link rel=\"canonical\" href=\"https:\/\/www.jornalja.com.br\/arquivo\/ministro-da-saude-participa-da-inauguracao-do-novo-centro-obstetrico-do-conceicao\/\" \/>\n\t<meta name=\"generator\" content=\"All in One SEO (AIOSEO) 5.0.1.1\" \/>\n\t\t<meta property=\"og:locale\" content=\"pt_BR\" \/>\n\t\t<meta property=\"og:site_name\" content=\"Arquivo | Jornal J\u00c1 | Porto Alegre\" \/>\n\t\t<meta property=\"og:type\" content=\"article\" \/>\n\t\t<meta property=\"og:title\" content=\"Ministro da Sa\u00fade participa da inaugura\u00e7\u00e3o do novo centro obst\u00e9trico do Concei\u00e7\u00e3o | Arquivo\" \/>\n\t\t<meta property=\"og:url\" content=\"https:\/\/www.jornalja.com.br\/arquivo\/ministro-da-saude-participa-da-inauguracao-do-novo-centro-obstetrico-do-conceicao\/\" \/>\n\t\t<meta property=\"og:image\" content=\"https:\/\/www.jornalja.com.br\/economics\/wp-content\/uploads\/sites\/11\/2026\/08\/ja-folhaderosto-facebook.jpg\" \/>\n\t\t<meta property=\"og:image:secure_url\" content=\"https:\/\/www.jornalja.com.br\/economics\/wp-content\/uploads\/sites\/11\/2026\/08\/ja-folhaderosto-facebook.jpg\" \/>\n\t\t<meta property=\"article:published_time\" content=\"2017-07-09T03:47:54+00:00\" \/>\n\t\t<meta property=\"article:modified_time\" content=\"2017-07-09T03:47:54+00:00\" \/>\n\t\t<meta name=\"twitter:card\" content=\"summary\" \/>\n\t\t<meta name=\"twitter:title\" content=\"Ministro da Sa\u00fade participa da inaugura\u00e7\u00e3o do novo centro obst\u00e9trico do Concei\u00e7\u00e3o | Arquivo\" \/>\n\t\t<meta name=\"twitter:image\" content=\"https:\/\/www.jornalja.com.br\/economics\/wp-content\/uploads\/sites\/11\/2026\/08\/ja-folhaderosto-facebook.jpg\" \/>\n\t\t<script type=\"application\/ld+json\" class=\"aioseo-schema\">\n\t\t\t{\"@context\":\"https:\\\/\\\/schema.org\",\"@graph\":[{\"@type\":\"BlogPosting\",\"@id\":\"https:\\\/\\\/www.jornalja.com.br\\\/arquivo\\\/ministro-da-saude-participa-da-inauguracao-do-novo-centro-obstetrico-do-conceicao\\\/#blogposting\",\"name\":\"Ministro da Sa\\u00fade participa da inaugura\\u00e7\\u00e3o do novo centro obst\\u00e9trico do Concei\\u00e7\\u00e3o | Arquivo\",\"headline\":\"Ministro da Sa\\u00fade participa da inaugura\\u00e7\\u00e3o do novo centro obst\\u00e9trico do Concei\\u00e7\\u00e3o\",\"author\":{\"@id\":\"https:\\\/\\\/www.jornalja.com.br\\\/arquivo\\\/author\\\/daredacao\\\/#author\"},\"publisher\":{\"@id\":\"https:\\\/\\\/www.jornalja.com.br\\\/arquivo\\\/#organization\"},\"image\":{\"@type\":\"ImageObject\",\"url\":\"https:\\\/\\\/www.jornalja.com.br\\\/wp-content\\\/uploads\\\/cards\\\/JAslogan.png\",\"@id\":\"https:\\\/\\\/www.jornalja.com.br\\\/arquivo\\\/#articleImage\"},\"datePublished\":\"2017-07-09T00:47:54-03:00\",\"dateModified\":\"2017-07-09T00:47:54-03:00\",\"inLanguage\":\"pt-BR\",\"mainEntityOfPage\":{\"@id\":\"https:\\\/\\\/www.jornalja.com.br\\\/arquivo\\\/ministro-da-saude-participa-da-inauguracao-do-novo-centro-obstetrico-do-conceicao\\\/#webpage\"},\"isPartOf\":{\"@id\":\"https:\\\/\\\/www.jornalja.com.br\\\/arquivo\\\/ministro-da-saude-participa-da-inauguracao-do-novo-centro-obstetrico-do-conceicao\\\/#webpage\"},\"articleSection\":\"NOTAS\"},{\"@type\":\"BreadcrumbList\",\"@id\":\"https:\\\/\\\/www.jornalja.com.br\\\/arquivo\\\/ministro-da-saude-participa-da-inauguracao-do-novo-centro-obstetrico-do-conceicao\\\/#breadcrumblist\",\"itemListElement\":[{\"@type\":\"ListItem\",\"@id\":\"https:\\\/\\\/www.jornalja.com.br\\\/arquivo#listItem\",\"position\":1,\"name\":\"Home\",\"item\":\"https:\\\/\\\/www.jornalja.com.br\\\/arquivo\",\"nextItem\":{\"@type\":\"ListItem\",\"@id\":\"https:\\\/\\\/www.jornalja.com.br\\\/arquivo\\\/category\\\/notas\\\/#listItem\",\"name\":\"NOTAS\"}},{\"@type\":\"ListItem\",\"@id\":\"https:\\\/\\\/www.jornalja.com.br\\\/arquivo\\\/category\\\/notas\\\/#listItem\",\"position\":2,\"name\":\"NOTAS\",\"item\":\"https:\\\/\\\/www.jornalja.com.br\\\/arquivo\\\/category\\\/notas\\\/\",\"nextItem\":{\"@type\":\"ListItem\",\"@id\":\"https:\\\/\\\/www.jornalja.com.br\\\/arquivo\\\/ministro-da-saude-participa-da-inauguracao-do-novo-centro-obstetrico-do-conceicao\\\/#listItem\",\"name\":\"Ministro da Sa\\u00fade participa da inaugura\\u00e7\\u00e3o do novo centro obst\\u00e9trico do Concei\\u00e7\\u00e3o\"},\"previousItem\":{\"@type\":\"ListItem\",\"@id\":\"https:\\\/\\\/www.jornalja.com.br\\\/arquivo#listItem\",\"name\":\"Home\"}},{\"@type\":\"ListItem\",\"@id\":\"https:\\\/\\\/www.jornalja.com.br\\\/arquivo\\\/ministro-da-saude-participa-da-inauguracao-do-novo-centro-obstetrico-do-conceicao\\\/#listItem\",\"position\":3,\"name\":\"Ministro da Sa\\u00fade participa da inaugura\\u00e7\\u00e3o do novo centro obst\\u00e9trico do Concei\\u00e7\\u00e3o\",\"previousItem\":{\"@type\":\"ListItem\",\"@id\":\"https:\\\/\\\/www.jornalja.com.br\\\/arquivo\\\/category\\\/notas\\\/#listItem\",\"name\":\"NOTAS\"}}]},{\"@type\":\"Organization\",\"@id\":\"https:\\\/\\\/www.jornalja.com.br\\\/arquivo\\\/#organization\",\"name\":\"Jornal J\\u00c1\",\"description\":\"Jornal J\\u00c1 | Porto Alegre\",\"url\":\"https:\\\/\\\/www.jornalja.com.br\\\/arquivo\\\/\",\"telephone\":\"+555133307272\",\"logo\":{\"@type\":\"ImageObject\",\"url\":\"https:\\\/\\\/www.jornalja.com.br\\\/wp-content\\\/uploads\\\/cards\\\/JAslogan.png\",\"@id\":\"https:\\\/\\\/www.jornalja.com.br\\\/arquivo\\\/ministro-da-saude-participa-da-inauguracao-do-novo-centro-obstetrico-do-conceicao\\\/#organizationLogo\"},\"image\":{\"@id\":\"https:\\\/\\\/www.jornalja.com.br\\\/arquivo\\\/ministro-da-saude-participa-da-inauguracao-do-novo-centro-obstetrico-do-conceicao\\\/#organizationLogo\"}},{\"@type\":\"Person\",\"@id\":\"https:\\\/\\\/www.jornalja.com.br\\\/arquivo\\\/author\\\/daredacao\\\/#author\",\"url\":\"https:\\\/\\\/www.jornalja.com.br\\\/arquivo\\\/author\\\/daredacao\\\/\",\"name\":\"da Reda\\u00e7\\u00e3o\",\"image\":{\"@type\":\"ImageObject\",\"@id\":\"https:\\\/\\\/www.jornalja.com.br\\\/arquivo\\\/ministro-da-saude-participa-da-inauguracao-do-novo-centro-obstetrico-do-conceicao\\\/#authorImage\",\"url\":\"https:\\\/\\\/secure.gravatar.com\\\/avatar\\\/469fd857d6605ad19919d27ed29d35a968a25f6e8fd9318356bbb7f57aae9c65?s=96&d=mm&r=g\",\"width\":96,\"height\":96,\"caption\":\"da Reda\\u00e7\\u00e3o\"}},{\"@type\":\"WebPage\",\"@id\":\"https:\\\/\\\/www.jornalja.com.br\\\/arquivo\\\/ministro-da-saude-participa-da-inauguracao-do-novo-centro-obstetrico-do-conceicao\\\/#webpage\",\"url\":\"https:\\\/\\\/www.jornalja.com.br\\\/arquivo\\\/ministro-da-saude-participa-da-inauguracao-do-novo-centro-obstetrico-do-conceicao\\\/\",\"name\":\"Ministro da Sa\\u00fade participa da inaugura\\u00e7\\u00e3o do novo centro obst\\u00e9trico do Concei\\u00e7\\u00e3o | Arquivo\",\"inLanguage\":\"pt-BR\",\"isPartOf\":{\"@id\":\"https:\\\/\\\/www.jornalja.com.br\\\/arquivo\\\/#website\"},\"breadcrumb\":{\"@id\":\"https:\\\/\\\/www.jornalja.com.br\\\/arquivo\\\/ministro-da-saude-participa-da-inauguracao-do-novo-centro-obstetrico-do-conceicao\\\/#breadcrumblist\"},\"author\":{\"@id\":\"https:\\\/\\\/www.jornalja.com.br\\\/arquivo\\\/author\\\/daredacao\\\/#author\"},\"creator\":{\"@id\":\"https:\\\/\\\/www.jornalja.com.br\\\/arquivo\\\/author\\\/daredacao\\\/#author\"},\"datePublished\":\"2017-07-09T00:47:54-03:00\",\"dateModified\":\"2017-07-09T00:47:54-03:00\"},{\"@type\":\"WebSite\",\"@id\":\"https:\\\/\\\/www.jornalja.com.br\\\/arquivo\\\/#website\",\"url\":\"https:\\\/\\\/www.jornalja.com.br\\\/arquivo\\\/\",\"name\":\"Arquivo\",\"description\":\"Jornal J\\u00c1 | Porto Alegre\",\"inLanguage\":\"pt-BR\",\"publisher\":{\"@id\":\"https:\\\/\\\/www.jornalja.com.br\\\/arquivo\\\/#organization\"}}]}\n\t\t<\/script>\n\t\t<!-- All in One SEO -->\n\n","aioseo_head_json":{"title":"Ministro da Sa\u00fade participa da inaugura\u00e7\u00e3o do novo centro obst\u00e9trico do Concei\u00e7\u00e3o | Arquivo","description":"","canonical_url":"https:\/\/www.jornalja.com.br\/arquivo\/ministro-da-saude-participa-da-inauguracao-do-novo-centro-obstetrico-do-conceicao\/","robots":"max-image-preview:large","keywords":"","webmasterTools":{"miscellaneous":""},"schema":{"@context":"https:\/\/schema.org","@graph":[{"@type":"BlogPosting","@id":"https:\/\/www.jornalja.com.br\/arquivo\/ministro-da-saude-participa-da-inauguracao-do-novo-centro-obstetrico-do-conceicao\/#blogposting","name":"Ministro da Sa\u00fade participa da inaugura\u00e7\u00e3o do novo centro obst\u00e9trico do Concei\u00e7\u00e3o | Arquivo","headline":"Ministro da Sa\u00fade participa da inaugura\u00e7\u00e3o do novo centro obst\u00e9trico do Concei\u00e7\u00e3o","author":{"@id":"https:\/\/www.jornalja.com.br\/arquivo\/author\/daredacao\/#author"},"publisher":{"@id":"https:\/\/www.jornalja.com.br\/arquivo\/#organization"},"image":{"@type":"ImageObject","url":"https:\/\/www.jornalja.com.br\/wp-content\/uploads\/cards\/JAslogan.png","@id":"https:\/\/www.jornalja.com.br\/arquivo\/#articleImage"},"datePublished":"2017-07-09T00:47:54-03:00","dateModified":"2017-07-09T00:47:54-03:00","inLanguage":"pt-BR","mainEntityOfPage":{"@id":"https:\/\/www.jornalja.com.br\/arquivo\/ministro-da-saude-participa-da-inauguracao-do-novo-centro-obstetrico-do-conceicao\/#webpage"},"isPartOf":{"@id":"https:\/\/www.jornalja.com.br\/arquivo\/ministro-da-saude-participa-da-inauguracao-do-novo-centro-obstetrico-do-conceicao\/#webpage"},"articleSection":"NOTAS"},{"@type":"BreadcrumbList","@id":"https:\/\/www.jornalja.com.br\/arquivo\/ministro-da-saude-participa-da-inauguracao-do-novo-centro-obstetrico-do-conceicao\/#breadcrumblist","itemListElement":[{"@type":"ListItem","@id":"https:\/\/www.jornalja.com.br\/arquivo#listItem","position":1,"name":"Home","item":"https:\/\/www.jornalja.com.br\/arquivo","nextItem":{"@type":"ListItem","@id":"https:\/\/www.jornalja.com.br\/arquivo\/category\/notas\/#listItem","name":"NOTAS"}},{"@type":"ListItem","@id":"https:\/\/www.jornalja.com.br\/arquivo\/category\/notas\/#listItem","position":2,"name":"NOTAS","item":"https:\/\/www.jornalja.com.br\/arquivo\/category\/notas\/","nextItem":{"@type":"ListItem","@id":"https:\/\/www.jornalja.com.br\/arquivo\/ministro-da-saude-participa-da-inauguracao-do-novo-centro-obstetrico-do-conceicao\/#listItem","name":"Ministro da Sa\u00fade participa da inaugura\u00e7\u00e3o do novo centro obst\u00e9trico do Concei\u00e7\u00e3o"},"previousItem":{"@type":"ListItem","@id":"https:\/\/www.jornalja.com.br\/arquivo#listItem","name":"Home"}},{"@type":"ListItem","@id":"https:\/\/www.jornalja.com.br\/arquivo\/ministro-da-saude-participa-da-inauguracao-do-novo-centro-obstetrico-do-conceicao\/#listItem","position":3,"name":"Ministro da Sa\u00fade participa da inaugura\u00e7\u00e3o do novo centro obst\u00e9trico do Concei\u00e7\u00e3o","previousItem":{"@type":"ListItem","@id":"https:\/\/www.jornalja.com.br\/arquivo\/category\/notas\/#listItem","name":"NOTAS"}}]},{"@type":"Organization","@id":"https:\/\/www.jornalja.com.br\/arquivo\/#organization","name":"Jornal J\u00c1","description":"Jornal J\u00c1 | Porto Alegre","url":"https:\/\/www.jornalja.com.br\/arquivo\/","telephone":"+555133307272","logo":{"@type":"ImageObject","url":"https:\/\/www.jornalja.com.br\/wp-content\/uploads\/cards\/JAslogan.png","@id":"https:\/\/www.jornalja.com.br\/arquivo\/ministro-da-saude-participa-da-inauguracao-do-novo-centro-obstetrico-do-conceicao\/#organizationLogo"},"image":{"@id":"https:\/\/www.jornalja.com.br\/arquivo\/ministro-da-saude-participa-da-inauguracao-do-novo-centro-obstetrico-do-conceicao\/#organizationLogo"}},{"@type":"Person","@id":"https:\/\/www.jornalja.com.br\/arquivo\/author\/daredacao\/#author","url":"https:\/\/www.jornalja.com.br\/arquivo\/author\/daredacao\/","name":"da Reda\u00e7\u00e3o","image":{"@type":"ImageObject","@id":"https:\/\/www.jornalja.com.br\/arquivo\/ministro-da-saude-participa-da-inauguracao-do-novo-centro-obstetrico-do-conceicao\/#authorImage","url":"https:\/\/secure.gravatar.com\/avatar\/469fd857d6605ad19919d27ed29d35a968a25f6e8fd9318356bbb7f57aae9c65?s=96&d=mm&r=g","width":96,"height":96,"caption":"da Reda\u00e7\u00e3o"}},{"@type":"WebPage","@id":"https:\/\/www.jornalja.com.br\/arquivo\/ministro-da-saude-participa-da-inauguracao-do-novo-centro-obstetrico-do-conceicao\/#webpage","url":"https:\/\/www.jornalja.com.br\/arquivo\/ministro-da-saude-participa-da-inauguracao-do-novo-centro-obstetrico-do-conceicao\/","name":"Ministro da Sa\u00fade participa da inaugura\u00e7\u00e3o do novo centro obst\u00e9trico do Concei\u00e7\u00e3o | Arquivo","inLanguage":"pt-BR","isPartOf":{"@id":"https:\/\/www.jornalja.com.br\/arquivo\/#website"},"breadcrumb":{"@id":"https:\/\/www.jornalja.com.br\/arquivo\/ministro-da-saude-participa-da-inauguracao-do-novo-centro-obstetrico-do-conceicao\/#breadcrumblist"},"author":{"@id":"https:\/\/www.jornalja.com.br\/arquivo\/author\/daredacao\/#author"},"creator":{"@id":"https:\/\/www.jornalja.com.br\/arquivo\/author\/daredacao\/#author"},"datePublished":"2017-07-09T00:47:54-03:00","dateModified":"2017-07-09T00:47:54-03:00"},{"@type":"WebSite","@id":"https:\/\/www.jornalja.com.br\/arquivo\/#website","url":"https:\/\/www.jornalja.com.br\/arquivo\/","name":"Arquivo","description":"Jornal J\u00c1 | Porto Alegre","inLanguage":"pt-BR","publisher":{"@id":"https:\/\/www.jornalja.com.br\/arquivo\/#organization"}}]},"og:locale":"pt_BR","og:site_name":"Arquivo | Jornal J\u00c1 | Porto Alegre","og:type":"article","og:title":"Ministro da Sa\u00fade participa da inaugura\u00e7\u00e3o do novo centro obst\u00e9trico do Concei\u00e7\u00e3o | Arquivo","og:url":"https:\/\/www.jornalja.com.br\/arquivo\/ministro-da-saude-participa-da-inauguracao-do-novo-centro-obstetrico-do-conceicao\/","og:image":"https:\/\/www.jornalja.com.br\/economics\/wp-content\/uploads\/sites\/11\/2026\/08\/ja-folhaderosto-facebook.jpg","og:image:secure_url":"https:\/\/www.jornalja.com.br\/economics\/wp-content\/uploads\/sites\/11\/2026\/08\/ja-folhaderosto-facebook.jpg","article:published_time":"2017-07-09T03:47:54+00:00","article:modified_time":"2017-07-09T03:47:54+00:00","twitter:card":"summary","twitter:title":"Ministro da Sa\u00fade participa da inaugura\u00e7\u00e3o do novo centro obst\u00e9trico do Concei\u00e7\u00e3o | Arquivo","twitter:image":"https:\/\/www.jornalja.com.br\/economics\/wp-content\/uploads\/sites\/11\/2026\/08\/ja-folhaderosto-facebook.jpg"},"aioseo_meta_data":{"post_id":"51226","title":null,"description":null,"keywords":null,"keyphrases":null,"primary_term":null,"canonical_url":null,"og_title":null,"og_description":null,"og_object_type":"default","og_image_type":"default","og_image_url":null,"og_image_width":null,"og_image_height":null,"og_image_custom_url":null,"og_image_custom_fields":null,"og_video":null,"og_custom_url":null,"og_article_section":null,"og_article_tags":null,"twitter_use_og":false,"twitter_card":"default","twitter_image_type":"default","twitter_image_url":null,"twitter_image_custom_url":null,"twitter_image_custom_fields":null,"twitter_title":null,"twitter_description":null,"schema":{"blockGraphs":[],"customGraphs":[],"default":{"data":{"Article":[],"Course":[],"Dataset":[],"FAQPage":[],"Movie":[],"Person":[],"Product":[],"ProductReview":[],"Car":[],"Recipe":[],"Service":[],"SoftwareApplication":[],"WebPage":[]},"graphName":"","isEnabled":true},"graphs":[],"defaultGraph":"","defaultPostTypeGraph":""},"schema_type":null,"schema_type_options":null,"pillar_content":false,"robots_default":true,"robots_noindex":false,"robots_noarchive":false,"robots_nosnippet":false,"robots_nofollow":false,"robots_noimageindex":false,"robots_noodp":false,"robots_notranslate":false,"robots_max_snippet":null,"robots_max_videopreview":null,"robots_max_imagepreview":"large","priority":null,"frequency":null,"location":null,"local_seo":null,"breadcrumb_settings":null,"limit_modified_date":false,"ai":null,"created":"2020-12-20 20:29:58","updated":"2025-07-19 22:58:56","seo_analyzer_scan_date":null,"focus_keyword":null,"additional_keywords":null,"truseo_locale":null},"jetpack_sharing_enabled":true,"jetpack-related-posts":[{"id":13128,"url":"https:\/\/www.jornalja.com.br\/arquivo\/maconha-terra-diz-que-uso-medicinal-e-desculpa\/","url_meta":{"origin":51226,"position":0},"title":"Maconha: Terra diz que uso medicinal \u00e9 desculpa","author":"Patr\u00edcia Marini","date":"4 de junho de 2014","format":false,"excerpt":"A condi\u00e7\u00e3o de pol\u00edtico, em \u00e9poca de campanha de campanha eleitoral, tira for\u00e7a do discurso do m\u00e9dico Osmar Terra contra a legaliza\u00e7\u00e3o da maconha. A tese dele de que a libera\u00e7\u00e3o vai ampliar exponencialmente o consumo \u00e9 discutivel, o consumo \u00e9 corrente. Mas seus alertas quanto aos riscos tem que\u2026","rel":"","context":"Em &quot;X.Categorias velhas&quot;","block_context":{"text":"X.Categorias velhas","link":"https:\/\/www.jornalja.com.br\/arquivo\/category\/x-categorias-velhas\/"},"img":{"alt_text":"","src":"","width":0,"height":0},"classes":[]},{"id":13109,"url":"https:\/\/www.jornalja.com.br\/arquivo\/judiciario-reconhece-poluicao-eletromagnetica\/","url_meta":{"origin":51226,"position":1},"title":"Judici\u00e1rio reconhece polui\u00e7\u00e3o eletromagn\u00e9tica","author":"Patr\u00edcia Marini","date":"16 de maio de 2014","format":false,"excerpt":"A\u00e7\u00e3o de duas associa\u00e7\u00f5es de moradores foi acolhida pelo Tribunal de Justi\u00e7a de S\u00e3o Paulo que. em decis\u00e3o in\u00e9dita, determinou a redu\u00e7\u00e3o do campo eletromagn\u00e9tico gerado pelas linhas de transmiss\u00e3o de energia que cortam os bairros City Boa\u00e7ava e Alto de Pinheiros. \u00c9 a primeira vez que um tribunal do\u2026","rel":"","context":"Em &quot;X.Categorias velhas&quot;","block_context":{"text":"X.Categorias velhas","link":"https:\/\/www.jornalja.com.br\/arquivo\/category\/x-categorias-velhas\/"},"img":{"alt_text":"","src":"","width":0,"height":0},"classes":[]},{"id":13240,"url":"https:\/\/www.jornalja.com.br\/arquivo\/plano-diretor-estamos-construindo-o-caos\/","url_meta":{"origin":51226,"position":2},"title":"Plano diretor: &quot;Estamos construindo o caos&quot;","author":"Patr\u00edcia Marini","date":"26 de maio de 2014","format":false,"excerpt":"Desabafo que arquiteta Eliana Castilhos, delegada da Regi\u00e3o de Planejamento 1, postou nas redes sociais \u00e9 um testemunho do ambiente que se criou no Conselho do Plano Diretor de Porto Alegre, onde a aprova\u00e7\u00e3o de grandes empreendimentos \u00e9 empurrada guela abaixo dos conselheiros. Ao CMDUA Como delegada da Regi\u00e3o de\u2026","rel":"","context":"Em &quot;Geral&quot;","block_context":{"text":"Geral","link":"https:\/\/www.jornalja.com.br\/arquivo\/category\/geral\/"},"img":{"alt_text":"","src":"","width":0,"height":0},"classes":[]},{"id":13101,"url":"https:\/\/www.jornalja.com.br\/arquivo\/morre-um-guerreiro-do-texto\/","url_meta":{"origin":51226,"position":3},"title":"Morre um guerreiro do texto","author":"Patr\u00edcia Marini","date":"14 de maio de 2014","format":false,"excerpt":"Por Ricardo Kotscho Reproduzido do blog do autor, 11\/5\/2014; t\u00edtulo original \u201cE l\u00e1 se foi o nosso Myltainho, guerreiro do texto\u201d. Mi\u00fado e franzino, meu amigo Myltainho era um valente e inconformado guerreiro na luta contra as injusti\u00e7as sociais, a hipocrisia, as maracutaias, o autoritarismo, a intoler\u00e2ncia, a viol\u00eancia, o\u2026","rel":"","context":"Em &quot;Geral&quot;","block_context":{"text":"Geral","link":"https:\/\/www.jornalja.com.br\/arquivo\/category\/geral\/"},"img":{"alt_text":"","src":"","width":0,"height":0},"classes":[]},{"id":14241,"url":"https:\/\/www.jornalja.com.br\/arquivo\/o-guaiba-nas-imagens-poeticas-de-achutti\/","url_meta":{"origin":51226,"position":4},"title":"O Gua\u00edba nas imagens po\u00e9ticas de Achutti","author":"da Reda\u00e7\u00e3o","date":"18 de junho de 2014","format":false,"excerpt":"Em \u201cO Gua\u00edba por Achutti\u201d \u2013 obra financiada via Minist\u00e9rio da Cultura, produ\u00e7\u00e3o executiva de Pedro Longhi, e Fl\u00e1vio Wild como designer \u2013, o fot\u00f3grafo revela a beleza e as mazelas de um espa\u00e7o aqu\u00e1tico de \u00e1guas sempre renovadas, cheio de hist\u00f3rias e lendas como as das cidades que foram\u2026","rel":"","context":"Em &quot;Cultura-Geral&quot;","block_context":{"text":"Cultura-Geral","link":"https:\/\/www.jornalja.com.br\/arquivo\/category\/materiasecundaria\/"},"img":{"alt_text":"","src":"","width":0,"height":0},"classes":[]},{"id":13124,"url":"https:\/\/www.jornalja.com.br\/arquivo\/sangue-latino-no-iecine\/","url_meta":{"origin":51226,"position":5},"title":"Sangue latino no IECINE","author":"da Reda\u00e7\u00e3o","date":"18 de maio de 2014","format":false,"excerpt":"Francisco Ribeiro O Instituto Estadual de Cinema (IECINE) tem a frente, desde abril \u00faltimo, um novo diretor, o cineasta colombiano Juan Zapata, 36, que substitui Luiz Alberto Cassol. Radicado h\u00e1 dez anos em Porto Alegre, Zapata tem diante de si o desafio de conduzir at\u00e9 o final do ano um\u2026","rel":"","context":"Em &quot;Cultura-Geral&quot;","block_context":{"text":"Cultura-Geral","link":"https:\/\/www.jornalja.com.br\/arquivo\/category\/materiasecundaria\/"},"img":{"alt_text":"","src":"","width":0,"height":0},"classes":[]}],"jetpack_shortlink":"https:\/\/wp.me\/pbQjBd-dke","jetpack_featured_media_url":"","_links":{"self":[{"href":"https:\/\/www.jornalja.com.br\/arquivo\/wp-json\/wp\/v2\/posts\/51226","targetHints":{"allow":["GET"]}}],"collection":[{"href":"https:\/\/www.jornalja.com.br\/arquivo\/wp-json\/wp\/v2\/posts"}],"about":[{"href":"https:\/\/www.jornalja.com.br\/arquivo\/wp-json\/wp\/v2\/types\/post"}],"author":[{"embeddable":true,"href":"https:\/\/www.jornalja.com.br\/arquivo\/wp-json\/wp\/v2\/users\/4"}],"replies":[{"embeddable":true,"href":"https:\/\/www.jornalja.com.br\/arquivo\/wp-json\/wp\/v2\/comments?post=51226"}],"version-history":[{"count":0,"href":"https:\/\/www.jornalja.com.br\/arquivo\/wp-json\/wp\/v2\/posts\/51226\/revisions"}],"wp:attachment":[{"href":"https:\/\/www.jornalja.com.br\/arquivo\/wp-json\/wp\/v2\/media?parent=51226"}],"wp:term":[{"taxonomy":"category","embeddable":true,"href":"https:\/\/www.jornalja.com.br\/arquivo\/wp-json\/wp\/v2\/categories?post=51226"},{"taxonomy":"post_tag","embeddable":true,"href":"https:\/\/www.jornalja.com.br\/arquivo\/wp-json\/wp\/v2\/tags?post=51226"}],"curies":[{"name":"wp","href":"https:\/\/api.w.org\/{rel}","templated":true}]}}