{"id":51259,"date":"2017-07-10T16:06:59","date_gmt":"2017-07-10T19:06:59","guid":{"rendered":"https:\/\/www.jornalja.com.br\/?p=51259"},"modified":"2017-07-10T16:06:59","modified_gmt":"2017-07-10T19:06:59","slug":"obras-da-sulgas-geram-bloqueios-em-ruas-do-centro-da-capital","status":"publish","type":"post","link":"https:\/\/www.jornalja.com.br\/arquivo\/obras-da-sulgas-geram-bloqueios-em-ruas-do-centro-da-capital\/","title":{"rendered":"Obras da Sulg\u00e1s geram bloqueios em ruas do centro da Capital"},"content":{"rendered":"<p>Est\u00e3o ocorrendo interrup\u00e7\u00f5es no tr\u00e2nsito e em cal\u00e7adas de diversas vias da \u00e1rea central da cidade, devido a obras da Sulg\u00e1s. Ao todo, ser\u00e3o 35 trechos afetados, em ruas como Jos\u00e9 Montaury, Riachuelo, Andradas, Vig\u00e1rio Jos\u00e9 In\u00e1cio, J\u00falio de Castilhos, Siqueira Campos, Andrade Neves e Caldas J\u00fanior.<br \/>\nOs bloqueios s\u00e3o moment\u00e2neos e efetuados em pequenos trechos, com sinaliza\u00e7\u00e3o refor\u00e7ada e monitoramento da Empresa P\u00fablica de Transporte e Circula\u00e7\u00e3o (EPTC), Secretaria Municipal de Servi\u00e7os Urbanos (Surb) \u00a0e do Instituto do Patrim\u00f4nio Hist\u00f3rico e Art\u00edstico Nacional (Iphan).<br \/>\nOs trabalhos acontecem das 9h \u00e0s 16h e tem previs\u00e3o de conclus\u00e3o at\u00e9 o final de outubro. Nos principais cruzamentos do Centro Hist\u00f3rico, os servi\u00e7os ser\u00e3o realizados aos domingos, para n\u00e3o prejudicar a circula\u00e7\u00e3o.<br \/>\n<span class=\"intertit\">Veja a rela\u00e7\u00e3o dos pontos que ser\u00e3o afetados <\/span><br \/>\n1. Vig\u00e1rio Jos\u00e9 In\u00e1cio x Salgado Filho (cruzamento)<br \/>\n2. Rua Riachuelo x Marechal Floriano Peixoto (cruzamento)<br \/>\n3. Rua Riachuelo x Rua Vig\u00e1rio Jos\u00e9 In\u00e1cio<br \/>\n4. Av. des. Andr\u00e9 da Rocha x Rua Tuiuty (cruzamento)<br \/>\n5. Rua dos Andradas x Rua Marechal Floriano Peixoto (cruzamento)<br \/>\n6. Rua Vig\u00e1rio J. In\u00e1cio x Rua Jer\u00f4nimo Coelho (cruzamento)<br \/>\n7. Rua Jer\u00f4nimo Coelho x Rua Marechal Floriano Peixoto (cruzamento)<br \/>\n8. Pra\u00e7a XV de Novembro entre a Rua Marechal Floriano Peixoto e Av. Borges de Medeiros<br \/>\n9. Av. Borges de Medeiros entre Jos\u00e9 Montaury e Pra\u00e7a Revolu\u00e7\u00e3o (todo feito pela cal\u00e7ada)<br \/>\n10. Av. Mau\u00e1 x Vig\u00e1rio Jos\u00e9 In\u00e1cio (cruzamento)<br \/>\n11. Av. Julio de Castilhos x Rua Carlos Chagas (cruzamento)<br \/>\n12. Av. Julio de Castilhos frente ao camel\u00f3dromo (bloqueio da sa\u00edda dos \u00f4nibus, a ser realizada nos finais de semana)<br \/>\n13. Av. J\u00falio de Castilhos x Rua Chaves Barcellos (cruzamento)<br \/>\n14. Av. Borges de Medeiros x Rua Jos\u00e9 Montaury (cruzamento)<br \/>\n15. Rua Jos\u00e9 Montaury x Rua Uruguai (cruzamento)<br \/>\n16. Rua Coronel Vicente entre Alberto Bins e Av. Independ\u00eancia<br \/>\n17. Rua Coronel Vicente x Av. Independ\u00eancia (cruzamento)<br \/>\n18. Av. Senhor dos Passos acessando Andradas (cruzamento)<br \/>\n19. Gal Canabarro entre Rua 7 de setembro e rua dos Andradas<br \/>\n20. Rua Bento Martins x Rua 7 de setembro (cruzamento)<br \/>\n21. Rua Siqueira x Tv. Ara\u00fajo Ribeiro (cruzamento)<br \/>\n22. Rua Siqueira Campos x Rua Jo\u00e3o Manoel (cruzamento)<br \/>\n23. Rua Siqueira Campos x Rua Caldas J\u00fanior (cruzamento)<br \/>\n24. Rua Siqueira Campos x Rua Capit\u00e3o Montanha (cruzamento)<br \/>\n25. Rua Siqueira Campos x Av. Sep\u00falveda (cruzamento)<br \/>\n26. Rua Siqueira Campos x Rua Cassiano do Nascimento (cruzamento)<br \/>\n27. Rua Siqueira Campos x Rua Leonardo Truda (cruzamento)<br \/>\n28. Rua Jo\u00e3o Manoel x 7 de Setembro (cruzamento)<br \/>\n29. Rua caldas J\u00fanior x Rua dos Andradas (cruzamento)<br \/>\n30. Rua General C\u00e2mara x Rua Riachuelo (cruzamento)<br \/>\n31. Rua Riachuelo x Largo Jo\u00e3o Amorim de Albuquerque (cruzamento)<br \/>\n32. Rua Duque de Caxias x Rua Marechal Floriano Peixoto (cruzamento)<br \/>\n33. Pra\u00e7a Marechal Deodoro x Rua Espirito Santo<br \/>\n34. Rua Fernando Machado x Espirito Santo<br \/>\n35. Rua Andrade Neves at\u00e9 a Av. Borges de Medeiros com travessia na Andrade Neves<\/p>\n","protected":false},"excerpt":{"rendered":"<p>Est\u00e3o ocorrendo interrup\u00e7\u00f5es no tr\u00e2nsito e em cal\u00e7adas de diversas vias da \u00e1rea central da cidade, devido a obras da Sulg\u00e1s. Ao todo, ser\u00e3o 35 trechos afetados, em ruas como Jos\u00e9 Montaury, Riachuelo, Andradas, Vig\u00e1rio Jos\u00e9 In\u00e1cio, J\u00falio de Castilhos, Siqueira Campos, Andrade Neves e Caldas J\u00fanior. Os bloqueios s\u00e3o moment\u00e2neos e efetuados em pequenos [&hellip;]<\/p>\n","protected":false},"author":4,"featured_media":0,"comment_status":"open","ping_status":"closed","sticky":false,"template":"","format":"aside","meta":{"_jetpack_newsletter_access":"","_jetpack_dont_email_post_to_subs":false,"_jetpack_newsletter_tier_id":0,"_jetpack_memberships_contains_paywalled_content":false,"_jetpack_feature_clip_id":0,"_jetpack_memberships_contains_paid_content":false,"footnotes":"","jetpack_post_was_ever_published":false},"categories":[2022],"tags":[],"class_list":["post-51259","post","type-post","status-publish","format-aside","hentry","category-notas","post_format-post-format-aside"],"aioseo_notices":[],"aioseo_head":"\n\t\t<!-- All in One SEO 5.0.1.1 - aioseo.com -->\n\t<meta name=\"robots\" content=\"max-image-preview:large\" \/>\n\t<meta name=\"author\" content=\"da Reda\u00e7\u00e3o\"\/>\n\t<link rel=\"canonical\" href=\"https:\/\/www.jornalja.com.br\/arquivo\/obras-da-sulgas-geram-bloqueios-em-ruas-do-centro-da-capital\/\" \/>\n\t<meta name=\"generator\" content=\"All in One SEO (AIOSEO) 5.0.1.1\" \/>\n\t\t<meta property=\"og:locale\" content=\"pt_BR\" \/>\n\t\t<meta property=\"og:site_name\" content=\"Arquivo | Jornal J\u00c1 | Porto Alegre\" \/>\n\t\t<meta property=\"og:type\" content=\"article\" \/>\n\t\t<meta property=\"og:title\" content=\"Obras da Sulg\u00e1s geram bloqueios em ruas do centro da Capital | Arquivo\" \/>\n\t\t<meta property=\"og:url\" content=\"https:\/\/www.jornalja.com.br\/arquivo\/obras-da-sulgas-geram-bloqueios-em-ruas-do-centro-da-capital\/\" \/>\n\t\t<meta property=\"og:image\" content=\"https:\/\/www.jornalja.com.br\/economics\/wp-content\/uploads\/sites\/11\/2026\/08\/ja-folhaderosto-facebook.jpg\" \/>\n\t\t<meta property=\"og:image:secure_url\" content=\"https:\/\/www.jornalja.com.br\/economics\/wp-content\/uploads\/sites\/11\/2026\/08\/ja-folhaderosto-facebook.jpg\" \/>\n\t\t<meta property=\"article:published_time\" content=\"2017-07-10T19:06:59+00:00\" \/>\n\t\t<meta property=\"article:modified_time\" content=\"2017-07-10T19:06:59+00:00\" \/>\n\t\t<meta name=\"twitter:card\" content=\"summary\" \/>\n\t\t<meta name=\"twitter:title\" content=\"Obras da Sulg\u00e1s geram bloqueios em ruas do centro da Capital | Arquivo\" \/>\n\t\t<meta name=\"twitter:image\" content=\"https:\/\/www.jornalja.com.br\/economics\/wp-content\/uploads\/sites\/11\/2026\/08\/ja-folhaderosto-facebook.jpg\" \/>\n\t\t<script type=\"application\/ld+json\" class=\"aioseo-schema\">\n\t\t\t{\"@context\":\"https:\\\/\\\/schema.org\",\"@graph\":[{\"@type\":\"BlogPosting\",\"@id\":\"https:\\\/\\\/www.jornalja.com.br\\\/arquivo\\\/obras-da-sulgas-geram-bloqueios-em-ruas-do-centro-da-capital\\\/#blogposting\",\"name\":\"Obras da Sulg\\u00e1s geram bloqueios em ruas do centro da Capital | Arquivo\",\"headline\":\"Obras da Sulg\\u00e1s geram bloqueios em ruas do centro da Capital\",\"author\":{\"@id\":\"https:\\\/\\\/www.jornalja.com.br\\\/arquivo\\\/author\\\/daredacao\\\/#author\"},\"publisher\":{\"@id\":\"https:\\\/\\\/www.jornalja.com.br\\\/arquivo\\\/#organization\"},\"image\":{\"@type\":\"ImageObject\",\"url\":\"https:\\\/\\\/www.jornalja.com.br\\\/wp-content\\\/uploads\\\/cards\\\/JAslogan.png\",\"@id\":\"https:\\\/\\\/www.jornalja.com.br\\\/arquivo\\\/#articleImage\"},\"datePublished\":\"2017-07-10T16:06:59-03:00\",\"dateModified\":\"2017-07-10T16:06:59-03:00\",\"inLanguage\":\"pt-BR\",\"mainEntityOfPage\":{\"@id\":\"https:\\\/\\\/www.jornalja.com.br\\\/arquivo\\\/obras-da-sulgas-geram-bloqueios-em-ruas-do-centro-da-capital\\\/#webpage\"},\"isPartOf\":{\"@id\":\"https:\\\/\\\/www.jornalja.com.br\\\/arquivo\\\/obras-da-sulgas-geram-bloqueios-em-ruas-do-centro-da-capital\\\/#webpage\"},\"articleSection\":\"NOTAS, Nota\"},{\"@type\":\"BreadcrumbList\",\"@id\":\"https:\\\/\\\/www.jornalja.com.br\\\/arquivo\\\/obras-da-sulgas-geram-bloqueios-em-ruas-do-centro-da-capital\\\/#breadcrumblist\",\"itemListElement\":[{\"@type\":\"ListItem\",\"@id\":\"https:\\\/\\\/www.jornalja.com.br\\\/arquivo#listItem\",\"position\":1,\"name\":\"Home\",\"item\":\"https:\\\/\\\/www.jornalja.com.br\\\/arquivo\",\"nextItem\":{\"@type\":\"ListItem\",\"@id\":\"https:\\\/\\\/www.jornalja.com.br\\\/arquivo\\\/category\\\/notas\\\/#listItem\",\"name\":\"NOTAS\"}},{\"@type\":\"ListItem\",\"@id\":\"https:\\\/\\\/www.jornalja.com.br\\\/arquivo\\\/category\\\/notas\\\/#listItem\",\"position\":2,\"name\":\"NOTAS\",\"item\":\"https:\\\/\\\/www.jornalja.com.br\\\/arquivo\\\/category\\\/notas\\\/\",\"nextItem\":{\"@type\":\"ListItem\",\"@id\":\"https:\\\/\\\/www.jornalja.com.br\\\/arquivo\\\/obras-da-sulgas-geram-bloqueios-em-ruas-do-centro-da-capital\\\/#listItem\",\"name\":\"Obras da Sulg\\u00e1s geram bloqueios em ruas do centro da Capital\"},\"previousItem\":{\"@type\":\"ListItem\",\"@id\":\"https:\\\/\\\/www.jornalja.com.br\\\/arquivo#listItem\",\"name\":\"Home\"}},{\"@type\":\"ListItem\",\"@id\":\"https:\\\/\\\/www.jornalja.com.br\\\/arquivo\\\/obras-da-sulgas-geram-bloqueios-em-ruas-do-centro-da-capital\\\/#listItem\",\"position\":3,\"name\":\"Obras da Sulg\\u00e1s geram bloqueios em ruas do centro da Capital\",\"previousItem\":{\"@type\":\"ListItem\",\"@id\":\"https:\\\/\\\/www.jornalja.com.br\\\/arquivo\\\/category\\\/notas\\\/#listItem\",\"name\":\"NOTAS\"}}]},{\"@type\":\"Organization\",\"@id\":\"https:\\\/\\\/www.jornalja.com.br\\\/arquivo\\\/#organization\",\"name\":\"Jornal J\\u00c1\",\"description\":\"Jornal J\\u00c1 | Porto Alegre\",\"url\":\"https:\\\/\\\/www.jornalja.com.br\\\/arquivo\\\/\",\"telephone\":\"+555133307272\",\"logo\":{\"@type\":\"ImageObject\",\"url\":\"https:\\\/\\\/www.jornalja.com.br\\\/wp-content\\\/uploads\\\/cards\\\/JAslogan.png\",\"@id\":\"https:\\\/\\\/www.jornalja.com.br\\\/arquivo\\\/obras-da-sulgas-geram-bloqueios-em-ruas-do-centro-da-capital\\\/#organizationLogo\"},\"image\":{\"@id\":\"https:\\\/\\\/www.jornalja.com.br\\\/arquivo\\\/obras-da-sulgas-geram-bloqueios-em-ruas-do-centro-da-capital\\\/#organizationLogo\"}},{\"@type\":\"Person\",\"@id\":\"https:\\\/\\\/www.jornalja.com.br\\\/arquivo\\\/author\\\/daredacao\\\/#author\",\"url\":\"https:\\\/\\\/www.jornalja.com.br\\\/arquivo\\\/author\\\/daredacao\\\/\",\"name\":\"da Reda\\u00e7\\u00e3o\",\"image\":{\"@type\":\"ImageObject\",\"@id\":\"https:\\\/\\\/www.jornalja.com.br\\\/arquivo\\\/obras-da-sulgas-geram-bloqueios-em-ruas-do-centro-da-capital\\\/#authorImage\",\"url\":\"https:\\\/\\\/secure.gravatar.com\\\/avatar\\\/469fd857d6605ad19919d27ed29d35a968a25f6e8fd9318356bbb7f57aae9c65?s=96&d=mm&r=g\",\"width\":96,\"height\":96,\"caption\":\"da Reda\\u00e7\\u00e3o\"}},{\"@type\":\"WebPage\",\"@id\":\"https:\\\/\\\/www.jornalja.com.br\\\/arquivo\\\/obras-da-sulgas-geram-bloqueios-em-ruas-do-centro-da-capital\\\/#webpage\",\"url\":\"https:\\\/\\\/www.jornalja.com.br\\\/arquivo\\\/obras-da-sulgas-geram-bloqueios-em-ruas-do-centro-da-capital\\\/\",\"name\":\"Obras da Sulg\\u00e1s geram bloqueios em ruas do centro da Capital | Arquivo\",\"inLanguage\":\"pt-BR\",\"isPartOf\":{\"@id\":\"https:\\\/\\\/www.jornalja.com.br\\\/arquivo\\\/#website\"},\"breadcrumb\":{\"@id\":\"https:\\\/\\\/www.jornalja.com.br\\\/arquivo\\\/obras-da-sulgas-geram-bloqueios-em-ruas-do-centro-da-capital\\\/#breadcrumblist\"},\"author\":{\"@id\":\"https:\\\/\\\/www.jornalja.com.br\\\/arquivo\\\/author\\\/daredacao\\\/#author\"},\"creator\":{\"@id\":\"https:\\\/\\\/www.jornalja.com.br\\\/arquivo\\\/author\\\/daredacao\\\/#author\"},\"datePublished\":\"2017-07-10T16:06:59-03:00\",\"dateModified\":\"2017-07-10T16:06:59-03:00\"},{\"@type\":\"WebSite\",\"@id\":\"https:\\\/\\\/www.jornalja.com.br\\\/arquivo\\\/#website\",\"url\":\"https:\\\/\\\/www.jornalja.com.br\\\/arquivo\\\/\",\"name\":\"Arquivo\",\"description\":\"Jornal J\\u00c1 | Porto Alegre\",\"inLanguage\":\"pt-BR\",\"publisher\":{\"@id\":\"https:\\\/\\\/www.jornalja.com.br\\\/arquivo\\\/#organization\"}}]}\n\t\t<\/script>\n\t\t<!-- All in One SEO -->\n\n","aioseo_head_json":{"title":"Obras da Sulg\u00e1s geram bloqueios em ruas do centro da Capital | Arquivo","description":"","canonical_url":"https:\/\/www.jornalja.com.br\/arquivo\/obras-da-sulgas-geram-bloqueios-em-ruas-do-centro-da-capital\/","robots":"max-image-preview:large","keywords":"","webmasterTools":{"miscellaneous":""},"schema":{"@context":"https:\/\/schema.org","@graph":[{"@type":"BlogPosting","@id":"https:\/\/www.jornalja.com.br\/arquivo\/obras-da-sulgas-geram-bloqueios-em-ruas-do-centro-da-capital\/#blogposting","name":"Obras da Sulg\u00e1s geram bloqueios em ruas do centro da Capital | Arquivo","headline":"Obras da Sulg\u00e1s geram bloqueios em ruas do centro da Capital","author":{"@id":"https:\/\/www.jornalja.com.br\/arquivo\/author\/daredacao\/#author"},"publisher":{"@id":"https:\/\/www.jornalja.com.br\/arquivo\/#organization"},"image":{"@type":"ImageObject","url":"https:\/\/www.jornalja.com.br\/wp-content\/uploads\/cards\/JAslogan.png","@id":"https:\/\/www.jornalja.com.br\/arquivo\/#articleImage"},"datePublished":"2017-07-10T16:06:59-03:00","dateModified":"2017-07-10T16:06:59-03:00","inLanguage":"pt-BR","mainEntityOfPage":{"@id":"https:\/\/www.jornalja.com.br\/arquivo\/obras-da-sulgas-geram-bloqueios-em-ruas-do-centro-da-capital\/#webpage"},"isPartOf":{"@id":"https:\/\/www.jornalja.com.br\/arquivo\/obras-da-sulgas-geram-bloqueios-em-ruas-do-centro-da-capital\/#webpage"},"articleSection":"NOTAS, Nota"},{"@type":"BreadcrumbList","@id":"https:\/\/www.jornalja.com.br\/arquivo\/obras-da-sulgas-geram-bloqueios-em-ruas-do-centro-da-capital\/#breadcrumblist","itemListElement":[{"@type":"ListItem","@id":"https:\/\/www.jornalja.com.br\/arquivo#listItem","position":1,"name":"Home","item":"https:\/\/www.jornalja.com.br\/arquivo","nextItem":{"@type":"ListItem","@id":"https:\/\/www.jornalja.com.br\/arquivo\/category\/notas\/#listItem","name":"NOTAS"}},{"@type":"ListItem","@id":"https:\/\/www.jornalja.com.br\/arquivo\/category\/notas\/#listItem","position":2,"name":"NOTAS","item":"https:\/\/www.jornalja.com.br\/arquivo\/category\/notas\/","nextItem":{"@type":"ListItem","@id":"https:\/\/www.jornalja.com.br\/arquivo\/obras-da-sulgas-geram-bloqueios-em-ruas-do-centro-da-capital\/#listItem","name":"Obras da Sulg\u00e1s geram bloqueios em ruas do centro da Capital"},"previousItem":{"@type":"ListItem","@id":"https:\/\/www.jornalja.com.br\/arquivo#listItem","name":"Home"}},{"@type":"ListItem","@id":"https:\/\/www.jornalja.com.br\/arquivo\/obras-da-sulgas-geram-bloqueios-em-ruas-do-centro-da-capital\/#listItem","position":3,"name":"Obras da Sulg\u00e1s geram bloqueios em ruas do centro da Capital","previousItem":{"@type":"ListItem","@id":"https:\/\/www.jornalja.com.br\/arquivo\/category\/notas\/#listItem","name":"NOTAS"}}]},{"@type":"Organization","@id":"https:\/\/www.jornalja.com.br\/arquivo\/#organization","name":"Jornal J\u00c1","description":"Jornal J\u00c1 | Porto Alegre","url":"https:\/\/www.jornalja.com.br\/arquivo\/","telephone":"+555133307272","logo":{"@type":"ImageObject","url":"https:\/\/www.jornalja.com.br\/wp-content\/uploads\/cards\/JAslogan.png","@id":"https:\/\/www.jornalja.com.br\/arquivo\/obras-da-sulgas-geram-bloqueios-em-ruas-do-centro-da-capital\/#organizationLogo"},"image":{"@id":"https:\/\/www.jornalja.com.br\/arquivo\/obras-da-sulgas-geram-bloqueios-em-ruas-do-centro-da-capital\/#organizationLogo"}},{"@type":"Person","@id":"https:\/\/www.jornalja.com.br\/arquivo\/author\/daredacao\/#author","url":"https:\/\/www.jornalja.com.br\/arquivo\/author\/daredacao\/","name":"da Reda\u00e7\u00e3o","image":{"@type":"ImageObject","@id":"https:\/\/www.jornalja.com.br\/arquivo\/obras-da-sulgas-geram-bloqueios-em-ruas-do-centro-da-capital\/#authorImage","url":"https:\/\/secure.gravatar.com\/avatar\/469fd857d6605ad19919d27ed29d35a968a25f6e8fd9318356bbb7f57aae9c65?s=96&d=mm&r=g","width":96,"height":96,"caption":"da Reda\u00e7\u00e3o"}},{"@type":"WebPage","@id":"https:\/\/www.jornalja.com.br\/arquivo\/obras-da-sulgas-geram-bloqueios-em-ruas-do-centro-da-capital\/#webpage","url":"https:\/\/www.jornalja.com.br\/arquivo\/obras-da-sulgas-geram-bloqueios-em-ruas-do-centro-da-capital\/","name":"Obras da Sulg\u00e1s geram bloqueios em ruas do centro da Capital | Arquivo","inLanguage":"pt-BR","isPartOf":{"@id":"https:\/\/www.jornalja.com.br\/arquivo\/#website"},"breadcrumb":{"@id":"https:\/\/www.jornalja.com.br\/arquivo\/obras-da-sulgas-geram-bloqueios-em-ruas-do-centro-da-capital\/#breadcrumblist"},"author":{"@id":"https:\/\/www.jornalja.com.br\/arquivo\/author\/daredacao\/#author"},"creator":{"@id":"https:\/\/www.jornalja.com.br\/arquivo\/author\/daredacao\/#author"},"datePublished":"2017-07-10T16:06:59-03:00","dateModified":"2017-07-10T16:06:59-03:00"},{"@type":"WebSite","@id":"https:\/\/www.jornalja.com.br\/arquivo\/#website","url":"https:\/\/www.jornalja.com.br\/arquivo\/","name":"Arquivo","description":"Jornal J\u00c1 | Porto Alegre","inLanguage":"pt-BR","publisher":{"@id":"https:\/\/www.jornalja.com.br\/arquivo\/#organization"}}]},"og:locale":"pt_BR","og:site_name":"Arquivo | Jornal J\u00c1 | Porto Alegre","og:type":"article","og:title":"Obras da Sulg\u00e1s geram bloqueios em ruas do centro da Capital | Arquivo","og:url":"https:\/\/www.jornalja.com.br\/arquivo\/obras-da-sulgas-geram-bloqueios-em-ruas-do-centro-da-capital\/","og:image":"https:\/\/www.jornalja.com.br\/economics\/wp-content\/uploads\/sites\/11\/2026\/08\/ja-folhaderosto-facebook.jpg","og:image:secure_url":"https:\/\/www.jornalja.com.br\/economics\/wp-content\/uploads\/sites\/11\/2026\/08\/ja-folhaderosto-facebook.jpg","article:published_time":"2017-07-10T19:06:59+00:00","article:modified_time":"2017-07-10T19:06:59+00:00","twitter:card":"summary","twitter:title":"Obras da Sulg\u00e1s geram bloqueios em ruas do centro da Capital | Arquivo","twitter:image":"https:\/\/www.jornalja.com.br\/economics\/wp-content\/uploads\/sites\/11\/2026\/08\/ja-folhaderosto-facebook.jpg"},"aioseo_meta_data":{"post_id":"51259","title":null,"description":null,"keywords":null,"keyphrases":null,"primary_term":null,"canonical_url":null,"og_title":null,"og_description":null,"og_object_type":"default","og_image_type":"default","og_image_url":null,"og_image_width":null,"og_image_height":null,"og_image_custom_url":null,"og_image_custom_fields":null,"og_video":null,"og_custom_url":null,"og_article_section":null,"og_article_tags":null,"twitter_use_og":false,"twitter_card":"default","twitter_image_type":"default","twitter_image_url":null,"twitter_image_custom_url":null,"twitter_image_custom_fields":null,"twitter_title":null,"twitter_description":null,"schema":{"blockGraphs":[],"customGraphs":[],"default":{"data":{"Article":[],"Course":[],"Dataset":[],"FAQPage":[],"Movie":[],"Person":[],"Product":[],"ProductReview":[],"Car":[],"Recipe":[],"Service":[],"SoftwareApplication":[],"WebPage":[]},"graphName":"","isEnabled":true},"graphs":[]},"schema_type":null,"schema_type_options":null,"pillar_content":false,"robots_default":true,"robots_noindex":false,"robots_noarchive":false,"robots_nosnippet":false,"robots_nofollow":false,"robots_noimageindex":false,"robots_noodp":false,"robots_notranslate":false,"robots_max_snippet":null,"robots_max_videopreview":null,"robots_max_imagepreview":"large","priority":null,"frequency":null,"location":null,"local_seo":null,"breadcrumb_settings":null,"limit_modified_date":false,"ai":null,"created":"2020-12-20 20:29:58","updated":"2025-07-19 22:58:56","seo_analyzer_scan_date":null,"focus_keyword":null,"additional_keywords":null,"truseo_locale":null},"jetpack_sharing_enabled":true,"jetpack-related-posts":[{"id":1280,"url":"https:\/\/www.jornalja.com.br\/arquivo\/o-menino-que-se-tornou-brizola\/","url_meta":{"origin":51259,"position":0},"title":"O Menino que se Tornou Brizola","author":"da Reda\u00e7\u00e3o","date":"28 de julho de 2008","format":false,"excerpt":"Autor: Cleber Dioni A vida de Leonel Brizola, com \u00eanfase para os primeiros anos em Porto Alegre, at\u00e9 o ex\u00edlio no Uruguai e a volta, quinze anos depois. \u00a0\"...\u00c9ramos todos jovens e nos identific\u00e1vamos com aquela massa an\u00f4nima a percorrer as ruas de Porto Alegre, gritando 'Get\u00falio', 'Get\u00falio' e empunhando\u2026","rel":"","context":"Em &quot;Livros&quot;","block_context":{"text":"Livros","link":"https:\/\/www.jornalja.com.br\/arquivo\/category\/livros\/"},"img":{"alt_text":"","src":"https:\/\/i0.wp.com\/www.jornalja.com.br\/wp-content\/uploads\/2008\/07\/brizola.gif?resize=350%2C200&ssl=1","width":350,"height":200},"classes":[]},{"id":13240,"url":"https:\/\/www.jornalja.com.br\/arquivo\/plano-diretor-estamos-construindo-o-caos\/","url_meta":{"origin":51259,"position":1},"title":"Plano diretor: &quot;Estamos construindo o caos&quot;","author":"Patr\u00edcia Marini","date":"26 de maio de 2014","format":false,"excerpt":"Desabafo que arquiteta Eliana Castilhos, delegada da Regi\u00e3o de Planejamento 1, postou nas redes sociais \u00e9 um testemunho do ambiente que se criou no Conselho do Plano Diretor de Porto Alegre, onde a aprova\u00e7\u00e3o de grandes empreendimentos \u00e9 empurrada guela abaixo dos conselheiros. Ao CMDUA Como delegada da Regi\u00e3o de\u2026","rel":"","context":"Em &quot;Geral&quot;","block_context":{"text":"Geral","link":"https:\/\/www.jornalja.com.br\/arquivo\/category\/geral\/"},"img":{"alt_text":"","src":"","width":0,"height":0},"classes":[]},{"id":13101,"url":"https:\/\/www.jornalja.com.br\/arquivo\/morre-um-guerreiro-do-texto\/","url_meta":{"origin":51259,"position":2},"title":"Morre um guerreiro do texto","author":"Patr\u00edcia Marini","date":"14 de maio de 2014","format":false,"excerpt":"Por Ricardo Kotscho Reproduzido do blog do autor, 11\/5\/2014; t\u00edtulo original \u201cE l\u00e1 se foi o nosso Myltainho, guerreiro do texto\u201d. Mi\u00fado e franzino, meu amigo Myltainho era um valente e inconformado guerreiro na luta contra as injusti\u00e7as sociais, a hipocrisia, as maracutaias, o autoritarismo, a intoler\u00e2ncia, a viol\u00eancia, o\u2026","rel":"","context":"Em &quot;Geral&quot;","block_context":{"text":"Geral","link":"https:\/\/www.jornalja.com.br\/arquivo\/category\/geral\/"},"img":{"alt_text":"","src":"","width":0,"height":0},"classes":[]},{"id":14241,"url":"https:\/\/www.jornalja.com.br\/arquivo\/o-guaiba-nas-imagens-poeticas-de-achutti\/","url_meta":{"origin":51259,"position":3},"title":"O Gua\u00edba nas imagens po\u00e9ticas de Achutti","author":"da Reda\u00e7\u00e3o","date":"18 de junho de 2014","format":false,"excerpt":"Em \u201cO Gua\u00edba por Achutti\u201d \u2013 obra financiada via Minist\u00e9rio da Cultura, produ\u00e7\u00e3o executiva de Pedro Longhi, e Fl\u00e1vio Wild como designer \u2013, o fot\u00f3grafo revela a beleza e as mazelas de um espa\u00e7o aqu\u00e1tico de \u00e1guas sempre renovadas, cheio de hist\u00f3rias e lendas como as das cidades que foram\u2026","rel":"","context":"Em &quot;Cultura-Geral&quot;","block_context":{"text":"Cultura-Geral","link":"https:\/\/www.jornalja.com.br\/arquivo\/category\/materiasecundaria\/"},"img":{"alt_text":"","src":"","width":0,"height":0},"classes":[]},{"id":5440,"url":"https:\/\/www.jornalja.com.br\/arquivo\/casarao-da-venancio-destino-permanece-incerto\/","url_meta":{"origin":51259,"position":4},"title":"Estado ainda n\u00e3o sabe o que fazer com casar\u00e3o abandonado h\u00e1 20 anos","author":"Elmar Bones","date":"6 de julho de 2009","format":false,"excerpt":"O casar\u00e3o amarelo, numa esquina nobre de Porto Alegre (Ven\u00e2ncio Aires com Jo\u00e3o Pessoa), j\u00e1 abrigou uma escola. H\u00e1 duas d\u00e9cadas, pelo menos, est\u00e1 abandonado, porque seu propriet\u00e1rio, o governo do Estado do Rio Grande do Sul, n\u00e3o consegue achar um destino para ele. Planos n\u00e3o faltaram. O governador Ol\u00edvio\u2026","rel":"","context":"Em &quot;X.Categorias velhas&quot;","block_context":{"text":"X.Categorias velhas","link":"https:\/\/www.jornalja.com.br\/arquivo\/category\/x-categorias-velhas\/"},"img":{"alt_text":"geraldo1","src":"https:\/\/i0.wp.com\/www.jornalja.com.br\/wp-content\/uploads\/2009\/07\/geraldo1.jpg?resize=350%2C200&ssl=1","width":350,"height":200},"classes":[]},{"id":13128,"url":"https:\/\/www.jornalja.com.br\/arquivo\/maconha-terra-diz-que-uso-medicinal-e-desculpa\/","url_meta":{"origin":51259,"position":5},"title":"Maconha: Terra diz que uso medicinal \u00e9 desculpa","author":"Patr\u00edcia Marini","date":"4 de junho de 2014","format":false,"excerpt":"A condi\u00e7\u00e3o de pol\u00edtico, em \u00e9poca de campanha de campanha eleitoral, tira for\u00e7a do discurso do m\u00e9dico Osmar Terra contra a legaliza\u00e7\u00e3o da maconha. A tese dele de que a libera\u00e7\u00e3o vai ampliar exponencialmente o consumo \u00e9 discutivel, o consumo \u00e9 corrente. Mas seus alertas quanto aos riscos tem que\u2026","rel":"","context":"Em &quot;X.Categorias velhas&quot;","block_context":{"text":"X.Categorias velhas","link":"https:\/\/www.jornalja.com.br\/arquivo\/category\/x-categorias-velhas\/"},"img":{"alt_text":"","src":"","width":0,"height":0},"classes":[]}],"jetpack_shortlink":"https:\/\/wp.me\/pbQjBd-dkL","jetpack_featured_media_url":"","_links":{"self":[{"href":"https:\/\/www.jornalja.com.br\/arquivo\/wp-json\/wp\/v2\/posts\/51259","targetHints":{"allow":["GET"]}}],"collection":[{"href":"https:\/\/www.jornalja.com.br\/arquivo\/wp-json\/wp\/v2\/posts"}],"about":[{"href":"https:\/\/www.jornalja.com.br\/arquivo\/wp-json\/wp\/v2\/types\/post"}],"author":[{"embeddable":true,"href":"https:\/\/www.jornalja.com.br\/arquivo\/wp-json\/wp\/v2\/users\/4"}],"replies":[{"embeddable":true,"href":"https:\/\/www.jornalja.com.br\/arquivo\/wp-json\/wp\/v2\/comments?post=51259"}],"version-history":[{"count":0,"href":"https:\/\/www.jornalja.com.br\/arquivo\/wp-json\/wp\/v2\/posts\/51259\/revisions"}],"wp:attachment":[{"href":"https:\/\/www.jornalja.com.br\/arquivo\/wp-json\/wp\/v2\/media?parent=51259"}],"wp:term":[{"taxonomy":"category","embeddable":true,"href":"https:\/\/www.jornalja.com.br\/arquivo\/wp-json\/wp\/v2\/categories?post=51259"},{"taxonomy":"post_tag","embeddable":true,"href":"https:\/\/www.jornalja.com.br\/arquivo\/wp-json\/wp\/v2\/tags?post=51259"}],"curies":[{"name":"wp","href":"https:\/\/api.w.org\/{rel}","templated":true}]}}