{"id":51290,"date":"2017-07-11T01:11:32","date_gmt":"2017-07-11T04:11:32","guid":{"rendered":"https:\/\/www.jornalja.com.br\/?p=51290"},"modified":"2017-07-11T01:11:32","modified_gmt":"2017-07-11T04:11:32","slug":"mp-de-contas-renova-acao-contra-extincao-das-fundacoes","status":"publish","type":"post","link":"https:\/\/www.jornalja.com.br\/arquivo\/mp-de-contas-renova-acao-contra-extincao-das-fundacoes\/","title":{"rendered":"MP de Contas renova a\u00e7\u00e3o contra extin\u00e7\u00e3o das funda\u00e7\u00f5es"},"content":{"rendered":"<p>Diante de mais de 500 pessoas em audi\u00eancia p\u00fablica nesta segunda-feira, 10, na Assembleia Legislativa do RS, o procurador-geral do Minist\u00e9rio P\u00fablico de Contas, Geraldo Da Camino, informou que renovou a representa\u00e7\u00e3o contra a extin\u00e7\u00e3o das funda\u00e7\u00f5es estaduais.<br \/>\nO pedido de medida cautelar junto ao Tribunal de Contas do Estado visa impedir que o secret\u00e1rio de Planejamento, Governan\u00e7a e Gest\u00e3o, Carlos B\u00farigo, continue agindo no sentido de fechar as institui\u00e7\u00f5es, at\u00e9 que o TCE se pronuncie sobre o assunto.<br \/>\n<figure id=\"attachment_51279\" aria-describedby=\"caption-attachment-51279\" style=\"width: 579px\" class=\"wp-caption alignnone\"><img loading=\"lazy\" decoding=\"async\" class=\" wp-image-51279\" src=\"https:\/\/www.jornalja.com.br\/wp-content\/uploads\/2017\/07\/20170710_194740-2-400x213.jpg\" alt=\"\" width=\"579\" height=\"315\" \/><figcaption id=\"caption-attachment-51279\" class=\"wp-caption-text\">Cerca de 500 pessoas estiveram presentes \u00e0 audi\u00eancia p\u00fablica\/Cleber Dioni<\/figcaption><\/figure><br \/>\nSegundo o procurador do MPC, embora tenha havido autoriza\u00e7\u00e3o legislativa, os eventuais atos administrativos que visem \u00e0 extin\u00e7\u00e3o das funda\u00e7\u00f5es n\u00e3o poder\u00e3o prescindir de dois fatores essenciais \u00e0 sua validade jur\u00eddica: <strong><em>(a)<\/em><\/strong> a exposi\u00e7\u00e3o dos fatos e do direito (motivo do ato administrativo) de que decorre a necessidade da pr\u00e1tica do ato, sem o que se poder\u00e1 cogitar de nulidade; e <strong><em>(b)<\/em><\/strong> a observ\u00e2ncia dos princ\u00edpios da Administra\u00e7\u00e3o P\u00fablica, mormente os da legitimidade, da efici\u00eancia e da economicidade, com a mesma consequ\u00eancia.<br \/>\nDa Camino explicou ao p\u00fablico que em duas ocasi\u00f5es, em mar\u00e7o e abril, pediu ao Governo Estadual o envio das justificativas para as extin\u00e7\u00f5es. Como a resposta do Executivo Estadual n\u00e3o chegou, o MPC entrou com a primeira cautelar, em maio. O Governo Sartori respondeu finalmente em junho, mas na avalia\u00e7\u00e3o do procurador do MPC, as explica\u00e7\u00f5es foram insuficientes, especialmente em rela\u00e7\u00e3o \u00e0 suposta economia que as extin\u00e7\u00f5es trariam para o Estado. Assim, novo pedido de cautelar foi proposto.<br \/>\nDa Camino, no entanto, falou que n\u00e3o estava ali para dar falsas expectativas aos servidores. \u201cA atua\u00e7\u00e3o do MP de Contas \u00e9 a de fiscal da lei perante o controle externo. O nosso trabalho se pauta pelo apego \u00e0 Constitui\u00e7\u00e3o e \u00e0s leis\u201d, disse, esclarecendo que n\u00e3o \u00e9 a favor ou contra a lei das extin\u00e7\u00f5es, apenas questiona e quer respostas sobre as motiva\u00e7\u00f5es legais.<br \/>\nA medida cautelar est\u00e1 agora nas m\u00e3os do conselheiro Cezar Miola, do Tribunal de Contas. Ele poder\u00e1 notificar o Estado e suspender as a\u00e7\u00f5es administrativas que visam a extin\u00e7\u00e3o dos \u00f3rg\u00e3os at\u00e9 que o TCE determina se os motivos apontados pelo Governo sejam considerados legais. A medida abrange a Funda\u00e7\u00e3o Piratini, Funda\u00e7\u00e3o para o Desenvolvimento de Recursos Humanos, Funda\u00e7\u00e3o Zoobot\u00e2nica, Funda\u00e7\u00e3o de Economia e Estat\u00edstica, Metroplan e Cientec.<br \/>\nA audi\u00eancia foi uma proposi\u00e7\u00e3o do Deputado Estadual Pedro Ruas, que em sua manifesta\u00e7\u00e3o criticou o Governo Estadual sobre os \u201creais\u201d motivos por tr\u00e1s do projeto de extin\u00e7\u00f5es. \u201cH\u00e1 interesses que n\u00e3o a favor da sociedade nesse processo\u201d, colocou. Outros deputados da oposi\u00e7\u00e3o acompanharam o encontro. Nenhum deputado da base governista esteve presente no ato.<br \/>\n<span class=\"intertit\">Servidores fizeram defesa de funda\u00e7\u00f5es <\/span><br \/>\nO encontro serviu ainda para que servidores expusessem os trabalhos realizados pelos \u00f3rg\u00e3os e questionassem os motivos do \u201cdesmanche\u201d proposto pelo governo.<br \/>\n<figure id=\"attachment_51285\" aria-describedby=\"caption-attachment-51285\" style=\"width: 1150px\" class=\"wp-caption alignnone\"><img loading=\"lazy\" decoding=\"async\" class=\"wp-image-51285 size-full\" src=\"https:\/\/www.jornalja.com.br\/wp-content\/uploads\/2017\/07\/20170710_194953-3.jpg\" alt=\"\" width=\"1150\" height=\"618\" \/><figcaption id=\"caption-attachment-51285\" class=\"wp-caption-text\">Procurador Da Camino (ao centro) com representantes de sete funda\u00e7\u00f5es\/Fotos Cleber Dioni<\/figcaption><\/figure><br \/>\nJosy Matos, da Associa\u00e7\u00e3o dos Servidores da Zoobot\u00e2nica, comentou que o Governo tem consci\u00eancia da import\u00e2ncia da funda\u00e7\u00e3o e que exatamente isso pode ser o motivo da extin\u00e7\u00e3o \u201cA Zoobot\u00e2nica faz um trabalho fundamental na elabora\u00e7\u00e3o de planos de manejo, cria\u00e7\u00e3o de unidades de conserva\u00e7\u00e3o e atuando em processos de licenciamento. H\u00e1 dois anos mostramos claramente o que fazemos\u201d.<br \/>\nCristina Char\u00e3o, jornalista da Funda\u00e7\u00e3o Piratini, disse que o um projeto de desmanche da TVE e FM Cultura j\u00e1 est\u00e1 em andamento. \u201cH\u00e1 substitui\u00e7\u00e3o de funcion\u00e1rios concursados por CCs e terceirizados, mudan\u00e7as na programa\u00e7\u00e3o, desvirtuando a r\u00e1dio e TV p\u00fablica\u201d, falou a servidora.<br \/>\nA economista Iracema Branco, da FEE, assinalou a import\u00e2ncia do \u00f3rg\u00e3o, respons\u00e1vel pelas estat\u00edsticas econ\u00f4micas e sociais que balizam as pol\u00edticas do Governo. \u201c\u00c9 um trabalho fundamental. O governo ir\u00e1 colocar tudo isso em consultoria externa, sem a experi\u00eancia e qualidade da FEE\u201d, questionou a pesquisadora.<br \/>\n<figure id=\"attachment_51276\" aria-describedby=\"caption-attachment-51276\" style=\"width: 1150px\" class=\"wp-caption alignnone\"><img loading=\"lazy\" decoding=\"async\" class=\"wp-image-51276 size-full\" src=\"https:\/\/www.jornalja.com.br\/wp-content\/uploads\/2017\/07\/20170710_193602-2.jpg\" alt=\"\" width=\"1150\" height=\"624\" \/><figcaption id=\"caption-attachment-51276\" class=\"wp-caption-text\">Jornalista da Funda\u00e7\u00e3o Piratini ao microfone, observada por servidores de outras funda\u00e7\u00f5es<\/figcaption><\/figure><br \/>\nFalando em nome da Funda\u00e7\u00e3o de Ci\u00eancia e Tecnologia do Estado (Cientec), Lia Carolina Gon\u00e7alves contou que j\u00e1 h\u00e1 \u201cretalia\u00e7\u00e3o\u201d do Governo Estadual, que n\u00e3o permitiu a inscri\u00e7\u00e3o da Cientec em edital para fomento a incubadoras, no valor de R$ 16 milh\u00f5es. \u201cTemos excel\u00eancia na \u00e1rea, reconhecida internacionalmente, e nos desprezam\u201d, lamentou.<br \/>\nS\u00e9rgio Batista lembrou que a Funda\u00e7\u00e3o para o Desenvolvimento e Recursos Humanos (FDRH) h\u00e1 mais de 30 anos qualifica os servidores p\u00fablicos e que sua extin\u00e7\u00e3o ir\u00e1 prejudicar a qualidade do quadro funcional como um todo. \u201cSem a FDRH para a qualifica\u00e7\u00e3o dos servidores iremos viver a era das privatiza\u00e7\u00f5es em todos os setores. Querem acabar com a qualifica\u00e7\u00e3o dos servidores p\u00fablicos\u201d, criticou.<br \/>\nPor fim ainda foi apresentado um v\u00eddeo feito por servidores das funda\u00e7\u00f5es apresentado o trabalho e a import\u00e2ncia dos \u00f3rg\u00e3os.<br \/>\n<figure id=\"attachment_51282\" aria-describedby=\"caption-attachment-51282\" style=\"width: 1150px\" class=\"wp-caption alignnone\"><img loading=\"lazy\" decoding=\"async\" class=\"wp-image-51282 size-full\" src=\"https:\/\/www.jornalja.com.br\/wp-content\/uploads\/2017\/07\/20170710_195459-2.jpg\" alt=\"\" width=\"1150\" height=\"551\" \/><figcaption id=\"caption-attachment-51282\" class=\"wp-caption-text\">Protesto contra extin\u00e7\u00e3o das funda\u00e7\u00f5es<\/figcaption><\/figure><br \/>\n&nbsp;<\/p>\n","protected":false},"excerpt":{"rendered":"<p>Diante de mais de 500 pessoas em audi\u00eancia p\u00fablica nesta segunda-feira, 10, na Assembleia Legislativa do RS, o procurador-geral do Minist\u00e9rio P\u00fablico de Contas, Geraldo Da Camino, informou que renovou a representa\u00e7\u00e3o contra a extin\u00e7\u00e3o das funda\u00e7\u00f5es estaduais. O pedido de medida cautelar junto ao Tribunal de Contas do Estado visa impedir que o secret\u00e1rio [&hellip;]<\/p>\n","protected":false},"author":4,"featured_media":51288,"comment_status":"open","ping_status":"closed","sticky":false,"template":"","format":"standard","meta":{"_jetpack_newsletter_access":"","_jetpack_dont_email_post_to_subs":false,"_jetpack_newsletter_tier_id":0,"_jetpack_memberships_contains_paywalled_content":false,"_jetpack_feature_clip_id":0,"_jetpack_memberships_contains_paid_content":false,"footnotes":"","jetpack_post_was_ever_published":false},"categories":[26],"tags":[],"class_list":["post-51290","post","type-post","status-publish","format-standard","has-post-thumbnail","hentry","category-geral"],"aioseo_notices":[],"aioseo_head":"\n\t\t<!-- All in One SEO 5.0.1.1 - aioseo.com -->\n\t<meta name=\"robots\" content=\"max-image-preview:large\" \/>\n\t<meta name=\"author\" content=\"da Reda\u00e7\u00e3o\"\/>\n\t<link rel=\"canonical\" href=\"https:\/\/www.jornalja.com.br\/arquivo\/mp-de-contas-renova-acao-contra-extincao-das-fundacoes\/\" \/>\n\t<meta name=\"generator\" content=\"All in One SEO (AIOSEO) 5.0.1.1\" \/>\n\t\t<meta property=\"og:locale\" content=\"pt_BR\" \/>\n\t\t<meta property=\"og:site_name\" content=\"Arquivo | Jornal J\u00c1 | Porto Alegre\" \/>\n\t\t<meta property=\"og:type\" content=\"article\" \/>\n\t\t<meta property=\"og:title\" content=\"MP de Contas renova a\u00e7\u00e3o contra extin\u00e7\u00e3o das funda\u00e7\u00f5es | Arquivo\" \/>\n\t\t<meta property=\"og:url\" content=\"https:\/\/www.jornalja.com.br\/arquivo\/mp-de-contas-renova-acao-contra-extincao-das-fundacoes\/\" \/>\n\t\t<meta property=\"og:image\" content=\"https:\/\/www.jornalja.com.br\/wp-content\/uploads\/2017\/07\/20170710_194740-2-400x213.jpg\" \/>\n\t\t<meta property=\"og:image:secure_url\" content=\"https:\/\/www.jornalja.com.br\/wp-content\/uploads\/2017\/07\/20170710_194740-2-400x213.jpg\" \/>\n\t\t<meta property=\"article:published_time\" content=\"2017-07-11T04:11:32+00:00\" \/>\n\t\t<meta property=\"article:modified_time\" content=\"2017-07-11T04:11:32+00:00\" \/>\n\t\t<meta name=\"twitter:card\" content=\"summary\" \/>\n\t\t<meta name=\"twitter:title\" content=\"MP de Contas renova a\u00e7\u00e3o contra extin\u00e7\u00e3o das funda\u00e7\u00f5es | Arquivo\" \/>\n\t\t<meta name=\"twitter:image\" content=\"https:\/\/www.jornalja.com.br\/economics\/wp-content\/uploads\/sites\/11\/2026\/08\/ja-folhaderosto-facebook.jpg\" \/>\n\t\t<script type=\"application\/ld+json\" class=\"aioseo-schema\">\n\t\t\t{\"@context\":\"https:\\\/\\\/schema.org\",\"@graph\":[{\"@type\":\"BlogPosting\",\"@id\":\"https:\\\/\\\/www.jornalja.com.br\\\/arquivo\\\/mp-de-contas-renova-acao-contra-extincao-das-fundacoes\\\/#blogposting\",\"name\":\"MP de Contas renova a\\u00e7\\u00e3o contra extin\\u00e7\\u00e3o das funda\\u00e7\\u00f5es | Arquivo\",\"headline\":\"MP de Contas renova a\\u00e7\\u00e3o contra extin\\u00e7\\u00e3o das funda\\u00e7\\u00f5es\",\"author\":{\"@id\":\"https:\\\/\\\/www.jornalja.com.br\\\/arquivo\\\/author\\\/daredacao\\\/#author\"},\"publisher\":{\"@id\":\"https:\\\/\\\/www.jornalja.com.br\\\/arquivo\\\/#organization\"},\"image\":{\"@type\":\"ImageObject\",\"url\":51288},\"datePublished\":\"2017-07-11T01:11:32-03:00\",\"dateModified\":\"2017-07-11T01:11:32-03:00\",\"inLanguage\":\"pt-BR\",\"mainEntityOfPage\":{\"@id\":\"https:\\\/\\\/www.jornalja.com.br\\\/arquivo\\\/mp-de-contas-renova-acao-contra-extincao-das-fundacoes\\\/#webpage\"},\"isPartOf\":{\"@id\":\"https:\\\/\\\/www.jornalja.com.br\\\/arquivo\\\/mp-de-contas-renova-acao-contra-extincao-das-fundacoes\\\/#webpage\"},\"articleSection\":\"Geral\"},{\"@type\":\"BreadcrumbList\",\"@id\":\"https:\\\/\\\/www.jornalja.com.br\\\/arquivo\\\/mp-de-contas-renova-acao-contra-extincao-das-fundacoes\\\/#breadcrumblist\",\"itemListElement\":[{\"@type\":\"ListItem\",\"@id\":\"https:\\\/\\\/www.jornalja.com.br\\\/arquivo#listItem\",\"position\":1,\"name\":\"Home\",\"item\":\"https:\\\/\\\/www.jornalja.com.br\\\/arquivo\",\"nextItem\":{\"@type\":\"ListItem\",\"@id\":\"https:\\\/\\\/www.jornalja.com.br\\\/arquivo\\\/category\\\/geral\\\/#listItem\",\"name\":\"Geral\"}},{\"@type\":\"ListItem\",\"@id\":\"https:\\\/\\\/www.jornalja.com.br\\\/arquivo\\\/category\\\/geral\\\/#listItem\",\"position\":2,\"name\":\"Geral\",\"item\":\"https:\\\/\\\/www.jornalja.com.br\\\/arquivo\\\/category\\\/geral\\\/\",\"nextItem\":{\"@type\":\"ListItem\",\"@id\":\"https:\\\/\\\/www.jornalja.com.br\\\/arquivo\\\/mp-de-contas-renova-acao-contra-extincao-das-fundacoes\\\/#listItem\",\"name\":\"MP de Contas renova a\\u00e7\\u00e3o contra extin\\u00e7\\u00e3o das funda\\u00e7\\u00f5es\"},\"previousItem\":{\"@type\":\"ListItem\",\"@id\":\"https:\\\/\\\/www.jornalja.com.br\\\/arquivo#listItem\",\"name\":\"Home\"}},{\"@type\":\"ListItem\",\"@id\":\"https:\\\/\\\/www.jornalja.com.br\\\/arquivo\\\/mp-de-contas-renova-acao-contra-extincao-das-fundacoes\\\/#listItem\",\"position\":3,\"name\":\"MP de Contas renova a\\u00e7\\u00e3o contra extin\\u00e7\\u00e3o das funda\\u00e7\\u00f5es\",\"previousItem\":{\"@type\":\"ListItem\",\"@id\":\"https:\\\/\\\/www.jornalja.com.br\\\/arquivo\\\/category\\\/geral\\\/#listItem\",\"name\":\"Geral\"}}]},{\"@type\":\"Organization\",\"@id\":\"https:\\\/\\\/www.jornalja.com.br\\\/arquivo\\\/#organization\",\"name\":\"Jornal J\\u00c1\",\"description\":\"Jornal J\\u00c1 | Porto Alegre\",\"url\":\"https:\\\/\\\/www.jornalja.com.br\\\/arquivo\\\/\",\"telephone\":\"+555133307272\",\"logo\":{\"@type\":\"ImageObject\",\"url\":\"https:\\\/\\\/www.jornalja.com.br\\\/wp-content\\\/uploads\\\/cards\\\/JAslogan.png\",\"@id\":\"https:\\\/\\\/www.jornalja.com.br\\\/arquivo\\\/mp-de-contas-renova-acao-contra-extincao-das-fundacoes\\\/#organizationLogo\"},\"image\":{\"@id\":\"https:\\\/\\\/www.jornalja.com.br\\\/arquivo\\\/mp-de-contas-renova-acao-contra-extincao-das-fundacoes\\\/#organizationLogo\"}},{\"@type\":\"Person\",\"@id\":\"https:\\\/\\\/www.jornalja.com.br\\\/arquivo\\\/author\\\/daredacao\\\/#author\",\"url\":\"https:\\\/\\\/www.jornalja.com.br\\\/arquivo\\\/author\\\/daredacao\\\/\",\"name\":\"da Reda\\u00e7\\u00e3o\",\"image\":{\"@type\":\"ImageObject\",\"@id\":\"https:\\\/\\\/www.jornalja.com.br\\\/arquivo\\\/mp-de-contas-renova-acao-contra-extincao-das-fundacoes\\\/#authorImage\",\"url\":\"https:\\\/\\\/secure.gravatar.com\\\/avatar\\\/469fd857d6605ad19919d27ed29d35a968a25f6e8fd9318356bbb7f57aae9c65?s=96&d=mm&r=g\",\"width\":96,\"height\":96,\"caption\":\"da Reda\\u00e7\\u00e3o\"}},{\"@type\":\"WebPage\",\"@id\":\"https:\\\/\\\/www.jornalja.com.br\\\/arquivo\\\/mp-de-contas-renova-acao-contra-extincao-das-fundacoes\\\/#webpage\",\"url\":\"https:\\\/\\\/www.jornalja.com.br\\\/arquivo\\\/mp-de-contas-renova-acao-contra-extincao-das-fundacoes\\\/\",\"name\":\"MP de Contas renova a\\u00e7\\u00e3o contra extin\\u00e7\\u00e3o das funda\\u00e7\\u00f5es | Arquivo\",\"inLanguage\":\"pt-BR\",\"isPartOf\":{\"@id\":\"https:\\\/\\\/www.jornalja.com.br\\\/arquivo\\\/#website\"},\"breadcrumb\":{\"@id\":\"https:\\\/\\\/www.jornalja.com.br\\\/arquivo\\\/mp-de-contas-renova-acao-contra-extincao-das-fundacoes\\\/#breadcrumblist\"},\"author\":{\"@id\":\"https:\\\/\\\/www.jornalja.com.br\\\/arquivo\\\/author\\\/daredacao\\\/#author\"},\"creator\":{\"@id\":\"https:\\\/\\\/www.jornalja.com.br\\\/arquivo\\\/author\\\/daredacao\\\/#author\"},\"image\":{\"@type\":\"ImageObject\",\"url\":51288,\"@id\":\"https:\\\/\\\/www.jornalja.com.br\\\/arquivo\\\/mp-de-contas-renova-acao-contra-extincao-das-fundacoes\\\/#mainImage\"},\"primaryImageOfPage\":{\"@id\":\"https:\\\/\\\/www.jornalja.com.br\\\/arquivo\\\/mp-de-contas-renova-acao-contra-extincao-das-fundacoes\\\/#mainImage\"},\"datePublished\":\"2017-07-11T01:11:32-03:00\",\"dateModified\":\"2017-07-11T01:11:32-03:00\"},{\"@type\":\"WebSite\",\"@id\":\"https:\\\/\\\/www.jornalja.com.br\\\/arquivo\\\/#website\",\"url\":\"https:\\\/\\\/www.jornalja.com.br\\\/arquivo\\\/\",\"name\":\"Arquivo\",\"description\":\"Jornal J\\u00c1 | Porto Alegre\",\"inLanguage\":\"pt-BR\",\"publisher\":{\"@id\":\"https:\\\/\\\/www.jornalja.com.br\\\/arquivo\\\/#organization\"}}]}\n\t\t<\/script>\n\t\t<!-- All in One SEO -->\n\n","aioseo_head_json":{"title":"MP de Contas renova a\u00e7\u00e3o contra extin\u00e7\u00e3o das funda\u00e7\u00f5es | Arquivo","description":"","canonical_url":"https:\/\/www.jornalja.com.br\/arquivo\/mp-de-contas-renova-acao-contra-extincao-das-fundacoes\/","robots":"max-image-preview:large","keywords":"","webmasterTools":{"miscellaneous":""},"schema":{"@context":"https:\/\/schema.org","@graph":[{"@type":"BlogPosting","@id":"https:\/\/www.jornalja.com.br\/arquivo\/mp-de-contas-renova-acao-contra-extincao-das-fundacoes\/#blogposting","name":"MP de Contas renova a\u00e7\u00e3o contra extin\u00e7\u00e3o das funda\u00e7\u00f5es | Arquivo","headline":"MP de Contas renova a\u00e7\u00e3o contra extin\u00e7\u00e3o das funda\u00e7\u00f5es","author":{"@id":"https:\/\/www.jornalja.com.br\/arquivo\/author\/daredacao\/#author"},"publisher":{"@id":"https:\/\/www.jornalja.com.br\/arquivo\/#organization"},"image":{"@type":"ImageObject","url":51288},"datePublished":"2017-07-11T01:11:32-03:00","dateModified":"2017-07-11T01:11:32-03:00","inLanguage":"pt-BR","mainEntityOfPage":{"@id":"https:\/\/www.jornalja.com.br\/arquivo\/mp-de-contas-renova-acao-contra-extincao-das-fundacoes\/#webpage"},"isPartOf":{"@id":"https:\/\/www.jornalja.com.br\/arquivo\/mp-de-contas-renova-acao-contra-extincao-das-fundacoes\/#webpage"},"articleSection":"Geral"},{"@type":"BreadcrumbList","@id":"https:\/\/www.jornalja.com.br\/arquivo\/mp-de-contas-renova-acao-contra-extincao-das-fundacoes\/#breadcrumblist","itemListElement":[{"@type":"ListItem","@id":"https:\/\/www.jornalja.com.br\/arquivo#listItem","position":1,"name":"Home","item":"https:\/\/www.jornalja.com.br\/arquivo","nextItem":{"@type":"ListItem","@id":"https:\/\/www.jornalja.com.br\/arquivo\/category\/geral\/#listItem","name":"Geral"}},{"@type":"ListItem","@id":"https:\/\/www.jornalja.com.br\/arquivo\/category\/geral\/#listItem","position":2,"name":"Geral","item":"https:\/\/www.jornalja.com.br\/arquivo\/category\/geral\/","nextItem":{"@type":"ListItem","@id":"https:\/\/www.jornalja.com.br\/arquivo\/mp-de-contas-renova-acao-contra-extincao-das-fundacoes\/#listItem","name":"MP de Contas renova a\u00e7\u00e3o contra extin\u00e7\u00e3o das funda\u00e7\u00f5es"},"previousItem":{"@type":"ListItem","@id":"https:\/\/www.jornalja.com.br\/arquivo#listItem","name":"Home"}},{"@type":"ListItem","@id":"https:\/\/www.jornalja.com.br\/arquivo\/mp-de-contas-renova-acao-contra-extincao-das-fundacoes\/#listItem","position":3,"name":"MP de Contas renova a\u00e7\u00e3o contra extin\u00e7\u00e3o das funda\u00e7\u00f5es","previousItem":{"@type":"ListItem","@id":"https:\/\/www.jornalja.com.br\/arquivo\/category\/geral\/#listItem","name":"Geral"}}]},{"@type":"Organization","@id":"https:\/\/www.jornalja.com.br\/arquivo\/#organization","name":"Jornal J\u00c1","description":"Jornal J\u00c1 | Porto Alegre","url":"https:\/\/www.jornalja.com.br\/arquivo\/","telephone":"+555133307272","logo":{"@type":"ImageObject","url":"https:\/\/www.jornalja.com.br\/wp-content\/uploads\/cards\/JAslogan.png","@id":"https:\/\/www.jornalja.com.br\/arquivo\/mp-de-contas-renova-acao-contra-extincao-das-fundacoes\/#organizationLogo"},"image":{"@id":"https:\/\/www.jornalja.com.br\/arquivo\/mp-de-contas-renova-acao-contra-extincao-das-fundacoes\/#organizationLogo"}},{"@type":"Person","@id":"https:\/\/www.jornalja.com.br\/arquivo\/author\/daredacao\/#author","url":"https:\/\/www.jornalja.com.br\/arquivo\/author\/daredacao\/","name":"da Reda\u00e7\u00e3o","image":{"@type":"ImageObject","@id":"https:\/\/www.jornalja.com.br\/arquivo\/mp-de-contas-renova-acao-contra-extincao-das-fundacoes\/#authorImage","url":"https:\/\/secure.gravatar.com\/avatar\/469fd857d6605ad19919d27ed29d35a968a25f6e8fd9318356bbb7f57aae9c65?s=96&d=mm&r=g","width":96,"height":96,"caption":"da Reda\u00e7\u00e3o"}},{"@type":"WebPage","@id":"https:\/\/www.jornalja.com.br\/arquivo\/mp-de-contas-renova-acao-contra-extincao-das-fundacoes\/#webpage","url":"https:\/\/www.jornalja.com.br\/arquivo\/mp-de-contas-renova-acao-contra-extincao-das-fundacoes\/","name":"MP de Contas renova a\u00e7\u00e3o contra extin\u00e7\u00e3o das funda\u00e7\u00f5es | Arquivo","inLanguage":"pt-BR","isPartOf":{"@id":"https:\/\/www.jornalja.com.br\/arquivo\/#website"},"breadcrumb":{"@id":"https:\/\/www.jornalja.com.br\/arquivo\/mp-de-contas-renova-acao-contra-extincao-das-fundacoes\/#breadcrumblist"},"author":{"@id":"https:\/\/www.jornalja.com.br\/arquivo\/author\/daredacao\/#author"},"creator":{"@id":"https:\/\/www.jornalja.com.br\/arquivo\/author\/daredacao\/#author"},"image":{"@type":"ImageObject","url":51288,"@id":"https:\/\/www.jornalja.com.br\/arquivo\/mp-de-contas-renova-acao-contra-extincao-das-fundacoes\/#mainImage"},"primaryImageOfPage":{"@id":"https:\/\/www.jornalja.com.br\/arquivo\/mp-de-contas-renova-acao-contra-extincao-das-fundacoes\/#mainImage"},"datePublished":"2017-07-11T01:11:32-03:00","dateModified":"2017-07-11T01:11:32-03:00"},{"@type":"WebSite","@id":"https:\/\/www.jornalja.com.br\/arquivo\/#website","url":"https:\/\/www.jornalja.com.br\/arquivo\/","name":"Arquivo","description":"Jornal J\u00c1 | Porto Alegre","inLanguage":"pt-BR","publisher":{"@id":"https:\/\/www.jornalja.com.br\/arquivo\/#organization"}}]},"og:locale":"pt_BR","og:site_name":"Arquivo | Jornal J\u00c1 | Porto Alegre","og:type":"article","og:title":"MP de Contas renova a\u00e7\u00e3o contra extin\u00e7\u00e3o das funda\u00e7\u00f5es | Arquivo","og:url":"https:\/\/www.jornalja.com.br\/arquivo\/mp-de-contas-renova-acao-contra-extincao-das-fundacoes\/","og:image":"https:\/\/www.jornalja.com.br\/wp-content\/uploads\/2017\/07\/20170710_194740-2-400x213.jpg","og:image:secure_url":"https:\/\/www.jornalja.com.br\/wp-content\/uploads\/2017\/07\/20170710_194740-2-400x213.jpg","article:published_time":"2017-07-11T04:11:32+00:00","article:modified_time":"2017-07-11T04:11:32+00:00","twitter:card":"summary","twitter:title":"MP de Contas renova a\u00e7\u00e3o contra extin\u00e7\u00e3o das funda\u00e7\u00f5es | Arquivo","twitter:image":"https:\/\/www.jornalja.com.br\/economics\/wp-content\/uploads\/sites\/11\/2026\/08\/ja-folhaderosto-facebook.jpg"},"aioseo_meta_data":{"post_id":"51290","title":null,"description":null,"keywords":null,"keyphrases":null,"primary_term":null,"canonical_url":null,"og_title":null,"og_description":null,"og_object_type":"default","og_image_type":"default","og_image_url":null,"og_image_width":null,"og_image_height":null,"og_image_custom_url":null,"og_image_custom_fields":null,"og_video":null,"og_custom_url":null,"og_article_section":null,"og_article_tags":null,"twitter_use_og":false,"twitter_card":"default","twitter_image_type":"default","twitter_image_url":null,"twitter_image_custom_url":null,"twitter_image_custom_fields":null,"twitter_title":null,"twitter_description":null,"schema":{"blockGraphs":[],"customGraphs":[],"default":{"data":{"Article":[],"Course":[],"Dataset":[],"FAQPage":[],"Movie":[],"Person":[],"Product":[],"ProductReview":[],"Car":[],"Recipe":[],"Service":[],"SoftwareApplication":[],"WebPage":[]},"graphName":"","isEnabled":true},"graphs":[],"defaultGraph":"","defaultPostTypeGraph":""},"schema_type":null,"schema_type_options":null,"pillar_content":false,"robots_default":true,"robots_noindex":false,"robots_noarchive":false,"robots_nosnippet":false,"robots_nofollow":false,"robots_noimageindex":false,"robots_noodp":false,"robots_notranslate":false,"robots_max_snippet":null,"robots_max_videopreview":null,"robots_max_imagepreview":"large","priority":null,"frequency":null,"location":null,"local_seo":null,"breadcrumb_settings":null,"limit_modified_date":false,"ai":null,"created":"2020-12-20 20:29:58","updated":"2025-07-19 22:59:27","seo_analyzer_scan_date":null,"focus_keyword":null,"additional_keywords":null,"truseo_locale":null},"jetpack_sharing_enabled":true,"jetpack-related-posts":[{"id":13128,"url":"https:\/\/www.jornalja.com.br\/arquivo\/maconha-terra-diz-que-uso-medicinal-e-desculpa\/","url_meta":{"origin":51290,"position":0},"title":"Maconha: Terra diz que uso medicinal \u00e9 desculpa","author":"Patr\u00edcia Marini","date":"4 de junho de 2014","format":false,"excerpt":"A condi\u00e7\u00e3o de pol\u00edtico, em \u00e9poca de campanha de campanha eleitoral, tira for\u00e7a do discurso do m\u00e9dico Osmar Terra contra a legaliza\u00e7\u00e3o da maconha. A tese dele de que a libera\u00e7\u00e3o vai ampliar exponencialmente o consumo \u00e9 discutivel, o consumo \u00e9 corrente. Mas seus alertas quanto aos riscos tem que\u2026","rel":"","context":"Em &quot;X.Categorias velhas&quot;","block_context":{"text":"X.Categorias velhas","link":"https:\/\/www.jornalja.com.br\/arquivo\/category\/x-categorias-velhas\/"},"img":{"alt_text":"","src":"","width":0,"height":0},"classes":[]},{"id":13109,"url":"https:\/\/www.jornalja.com.br\/arquivo\/judiciario-reconhece-poluicao-eletromagnetica\/","url_meta":{"origin":51290,"position":1},"title":"Judici\u00e1rio reconhece polui\u00e7\u00e3o eletromagn\u00e9tica","author":"Patr\u00edcia Marini","date":"16 de maio de 2014","format":false,"excerpt":"A\u00e7\u00e3o de duas associa\u00e7\u00f5es de moradores foi acolhida pelo Tribunal de Justi\u00e7a de S\u00e3o Paulo que. em decis\u00e3o in\u00e9dita, determinou a redu\u00e7\u00e3o do campo eletromagn\u00e9tico gerado pelas linhas de transmiss\u00e3o de energia que cortam os bairros City Boa\u00e7ava e Alto de Pinheiros. \u00c9 a primeira vez que um tribunal do\u2026","rel":"","context":"Em &quot;X.Categorias velhas&quot;","block_context":{"text":"X.Categorias velhas","link":"https:\/\/www.jornalja.com.br\/arquivo\/category\/x-categorias-velhas\/"},"img":{"alt_text":"","src":"","width":0,"height":0},"classes":[]},{"id":13101,"url":"https:\/\/www.jornalja.com.br\/arquivo\/morre-um-guerreiro-do-texto\/","url_meta":{"origin":51290,"position":2},"title":"Morre um guerreiro do texto","author":"Patr\u00edcia Marini","date":"14 de maio de 2014","format":false,"excerpt":"Por Ricardo Kotscho Reproduzido do blog do autor, 11\/5\/2014; t\u00edtulo original \u201cE l\u00e1 se foi o nosso Myltainho, guerreiro do texto\u201d. Mi\u00fado e franzino, meu amigo Myltainho era um valente e inconformado guerreiro na luta contra as injusti\u00e7as sociais, a hipocrisia, as maracutaias, o autoritarismo, a intoler\u00e2ncia, a viol\u00eancia, o\u2026","rel":"","context":"Em &quot;Geral&quot;","block_context":{"text":"Geral","link":"https:\/\/www.jornalja.com.br\/arquivo\/category\/geral\/"},"img":{"alt_text":"","src":"","width":0,"height":0},"classes":[]},{"id":14241,"url":"https:\/\/www.jornalja.com.br\/arquivo\/o-guaiba-nas-imagens-poeticas-de-achutti\/","url_meta":{"origin":51290,"position":3},"title":"O Gua\u00edba nas imagens po\u00e9ticas de Achutti","author":"da Reda\u00e7\u00e3o","date":"18 de junho de 2014","format":false,"excerpt":"Em \u201cO Gua\u00edba por Achutti\u201d \u2013 obra financiada via Minist\u00e9rio da Cultura, produ\u00e7\u00e3o executiva de Pedro Longhi, e Fl\u00e1vio Wild como designer \u2013, o fot\u00f3grafo revela a beleza e as mazelas de um espa\u00e7o aqu\u00e1tico de \u00e1guas sempre renovadas, cheio de hist\u00f3rias e lendas como as das cidades que foram\u2026","rel":"","context":"Em &quot;Cultura-Geral&quot;","block_context":{"text":"Cultura-Geral","link":"https:\/\/www.jornalja.com.br\/arquivo\/category\/materiasecundaria\/"},"img":{"alt_text":"","src":"","width":0,"height":0},"classes":[]},{"id":13240,"url":"https:\/\/www.jornalja.com.br\/arquivo\/plano-diretor-estamos-construindo-o-caos\/","url_meta":{"origin":51290,"position":4},"title":"Plano diretor: &quot;Estamos construindo o caos&quot;","author":"Patr\u00edcia Marini","date":"26 de maio de 2014","format":false,"excerpt":"Desabafo que arquiteta Eliana Castilhos, delegada da Regi\u00e3o de Planejamento 1, postou nas redes sociais \u00e9 um testemunho do ambiente que se criou no Conselho do Plano Diretor de Porto Alegre, onde a aprova\u00e7\u00e3o de grandes empreendimentos \u00e9 empurrada guela abaixo dos conselheiros. Ao CMDUA Como delegada da Regi\u00e3o de\u2026","rel":"","context":"Em &quot;Geral&quot;","block_context":{"text":"Geral","link":"https:\/\/www.jornalja.com.br\/arquivo\/category\/geral\/"},"img":{"alt_text":"","src":"","width":0,"height":0},"classes":[]},{"id":12960,"url":"https:\/\/www.jornalja.com.br\/arquivo\/populacao-culpa-empresas-pela-greve-dos-rodoviarios\/","url_meta":{"origin":51290,"position":5},"title":"Popula\u00e7\u00e3o culpa empresas pela greve","author":"Patr\u00edcia Marini","date":"14 de fevereiro de 2014","format":false,"excerpt":"Pesquisa divulgada na edi\u00e7\u00e3o do jornal Metro desta sexta-feira,14, comprova o velho ditado: \u00e9 poss\u00edvel enganar muitos por algum tempo, mas n\u00e3o \u00e9 poss\u00edvel enganar a todos o tempo inteiro. A principal revela\u00e7\u00e3o foi que 59,8% dos entrevistados apontaram as empresas como as principais respons\u00e1veis pela grave e 46% culparam\u2026","rel":"","context":"Em &quot;X.Categorias velhas&quot;","block_context":{"text":"X.Categorias velhas","link":"https:\/\/www.jornalja.com.br\/arquivo\/category\/x-categorias-velhas\/"},"img":{"alt_text":"","src":"","width":0,"height":0},"classes":[]}],"jetpack_shortlink":"https:\/\/wp.me\/pbQjBd-dlg","jetpack_featured_media_url":"","_links":{"self":[{"href":"https:\/\/www.jornalja.com.br\/arquivo\/wp-json\/wp\/v2\/posts\/51290","targetHints":{"allow":["GET"]}}],"collection":[{"href":"https:\/\/www.jornalja.com.br\/arquivo\/wp-json\/wp\/v2\/posts"}],"about":[{"href":"https:\/\/www.jornalja.com.br\/arquivo\/wp-json\/wp\/v2\/types\/post"}],"author":[{"embeddable":true,"href":"https:\/\/www.jornalja.com.br\/arquivo\/wp-json\/wp\/v2\/users\/4"}],"replies":[{"embeddable":true,"href":"https:\/\/www.jornalja.com.br\/arquivo\/wp-json\/wp\/v2\/comments?post=51290"}],"version-history":[{"count":0,"href":"https:\/\/www.jornalja.com.br\/arquivo\/wp-json\/wp\/v2\/posts\/51290\/revisions"}],"wp:attachment":[{"href":"https:\/\/www.jornalja.com.br\/arquivo\/wp-json\/wp\/v2\/media?parent=51290"}],"wp:term":[{"taxonomy":"category","embeddable":true,"href":"https:\/\/www.jornalja.com.br\/arquivo\/wp-json\/wp\/v2\/categories?post=51290"},{"taxonomy":"post_tag","embeddable":true,"href":"https:\/\/www.jornalja.com.br\/arquivo\/wp-json\/wp\/v2\/tags?post=51290"}],"curies":[{"name":"wp","href":"https:\/\/api.w.org\/{rel}","templated":true}]}}