{"id":51299,"date":"2017-07-11T11:08:12","date_gmt":"2017-07-11T14:08:12","guid":{"rendered":"https:\/\/www.jornalja.com.br\/?p=51299"},"modified":"2017-07-11T11:08:12","modified_gmt":"2017-07-11T14:08:12","slug":"predio-da-boate-kiss-sera-derrubado-e-havera-concurso-para-construcao-de-memorial","status":"publish","type":"post","link":"https:\/\/www.jornalja.com.br\/arquivo\/predio-da-boate-kiss-sera-derrubado-e-havera-concurso-para-construcao-de-memorial\/","title":{"rendered":"Pr\u00e9dio da Boate Kiss ser\u00e1 derrubado e haver\u00e1 concurso para constru\u00e7\u00e3o de memorial"},"content":{"rendered":"<p>Mais dois passos importantes para a constru\u00e7\u00e3o de um memorial em homenagem \u00e0s 242 v\u00edtimas do inc\u00eandio na Boate Kiss foram dados na tarde desta segunda-feira (10), em Santa Maria, regi\u00e3o central o Rio Grande do Sul.<br \/>\nO prefeito Jorge Pozzobom assinou o decreto de desapropria\u00e7\u00e3o da \u00e1rea onde funcionava a casa noturna; e, na mesma oportunidade, foi assinado o Acordo de Coopera\u00e7\u00e3o entre Prefeitura de Santa Maria, Associa\u00e7\u00e3o dos Familiares de V\u00edtimas e Sobreviventes da Trag\u00e9dia de Santa Maria (AVTSM) e o Instituto de Arquitetos do Brasil (IAB) para a realiza\u00e7\u00e3o do concurso p\u00fablico nacional para a constru\u00e7\u00e3o do memorial.<br \/>\nNo decreto de desapropria\u00e7\u00e3o, onde funcionava a Boate Kiss, ficou definido que o valor pago pelo Munic\u00edpio \u00e0 empresa propriet\u00e1ria do pr\u00e9dio, em 12 parcelas, ser\u00e1 de R$ 1,350 milh\u00e3o.<br \/>\nConforme o chefe do Executivo, at\u00e9 o dia 27 de janeiro de 2018 \u2013 data que marca os cinco anos da trag\u00e9dia \u2013 o pr\u00e9dio estar\u00e1 demolido e \u00e0 disposi\u00e7\u00e3o da AVTSM. Ap\u00f3s assinar o documento, o prefeito entregou as chaves da boate ao presidente da Associa\u00e7\u00e3o, S\u00e9rgio Silva.<br \/>\nJ\u00e1 o Acordo de Coopera\u00e7\u00e3o assinado entre Prefeitura, AVTSM e IAB estabelece que o Munic\u00edpio seja respons\u00e1vel pela contrata\u00e7\u00e3o e licita\u00e7\u00e3o da empresa que far\u00e1 o projeto do memorial e da empresa que construir\u00e1 o mesmo. \u00c0 AVTSM e ao IAB \u2013 que coordenar\u00e1 o concurso \u2013 compete a arrecada\u00e7\u00e3o de recursos. Os valores ser\u00e3o buscados pela plataforma de capta\u00e7\u00e3o de recursos (Crowfunding) \u2013 financiamento coletivo \u2013 ou oriundos de parcerias p\u00fablico-privadas.<br \/>\nConforme o presidente do Departamento do Rio Grande do Sul do IAB, Rafael Pavan dos Passos, a campanha de capta\u00e7\u00e3o de recursos iniciar\u00e1 j\u00e1 nos pr\u00f3ximos dias. A inten\u00e7\u00e3o \u00e9 que os resultados sejam conhecidos entre dezembro de 2017 e janeiro de 2018.<br \/>\nO concurso, que n\u00e3o envolver\u00e1 dinheiro p\u00fablico, deve ser lan\u00e7ado em outubro e custar de R$ 150 mil a R$ 250 mil.<br \/>\n\u201cRessignificar aquele lugar \u00e9 o mais importante que podemos fazer agora. O IAB se compromete em acompanhar todas as etapas at\u00e9 a conclus\u00e3o do memorial\u201d, garantiu o presidente do Instituto.<br \/>\nO presidente da AVTSM salientou que este momento, a constru\u00e7\u00e3o de um memorial em homenagem \u00e0s v\u00edtimas, n\u00e3o era confort\u00e1vel, mas necess\u00e1rio.<br \/>\n\u201c\u00c9 preciso deixar claro que este n\u00e3o \u00e9 um momento confort\u00e1vel, porque prefer\u00edamos estar com nossos filhos e n\u00e3o pensando em um memorial em homenagem a eles. Mas \u00e9 importante essa uni\u00e3o com Munic\u00edpio, com participa\u00e7\u00e3o da sociedade\u201d, disse S\u00e9rgio Silva.<br \/>\n<strong>Semin\u00e1rios<\/strong><br \/>\nPara dar suporte \u00e0 constru\u00e7\u00e3o do memorial, no pr\u00f3ximo m\u00eas, dois semin\u00e1rios ser\u00e3o realizados em Santa Maria. O primeiro ser\u00e1 para esclarecer o conceito de memorial e, no segundo, deve ser debatida a constru\u00e7\u00e3o e o que deve ser feito no local. O objetivo \u00e9 que toda a comunidade envolvida na trag\u00e9dia possa participar do processo de constru\u00e7\u00e3o do memorial.<\/p>\n","protected":false},"excerpt":{"rendered":"<p>Mais dois passos importantes para a constru\u00e7\u00e3o de um memorial em homenagem \u00e0s 242 v\u00edtimas do inc\u00eandio na Boate Kiss foram dados na tarde desta segunda-feira (10), em Santa Maria, regi\u00e3o central o Rio Grande do Sul. O prefeito Jorge Pozzobom assinou o decreto de desapropria\u00e7\u00e3o da \u00e1rea onde funcionava a casa noturna; e, na [&hellip;]<\/p>\n","protected":false},"author":4,"featured_media":0,"comment_status":"open","ping_status":"closed","sticky":false,"template":"","format":"standard","meta":{"_jetpack_newsletter_access":"","_jetpack_dont_email_post_to_subs":false,"_jetpack_newsletter_tier_id":0,"_jetpack_memberships_contains_paywalled_content":false,"_jetpack_feature_clip_id":0,"_jetpack_memberships_contains_paid_content":false,"footnotes":"","jetpack_post_was_ever_published":false},"categories":[2022],"tags":[],"class_list":["post-51299","post","type-post","status-publish","format-standard","hentry","category-notas"],"aioseo_notices":[],"aioseo_head":"\n\t\t<!-- All in One SEO 5.0.1.1 - aioseo.com -->\n\t<meta name=\"robots\" content=\"max-image-preview:large\" \/>\n\t<meta name=\"author\" content=\"da Reda\u00e7\u00e3o\"\/>\n\t<link rel=\"canonical\" href=\"https:\/\/www.jornalja.com.br\/arquivo\/predio-da-boate-kiss-sera-derrubado-e-havera-concurso-para-construcao-de-memorial\/\" \/>\n\t<meta name=\"generator\" content=\"All in One SEO (AIOSEO) 5.0.1.1\" \/>\n\t\t<meta property=\"og:locale\" content=\"pt_BR\" \/>\n\t\t<meta property=\"og:site_name\" content=\"Arquivo | Jornal J\u00c1 | Porto Alegre\" \/>\n\t\t<meta property=\"og:type\" content=\"article\" \/>\n\t\t<meta property=\"og:title\" content=\"Pr\u00e9dio da Boate Kiss ser\u00e1 derrubado e haver\u00e1 concurso para constru\u00e7\u00e3o de memorial | Arquivo\" \/>\n\t\t<meta property=\"og:url\" content=\"https:\/\/www.jornalja.com.br\/arquivo\/predio-da-boate-kiss-sera-derrubado-e-havera-concurso-para-construcao-de-memorial\/\" \/>\n\t\t<meta property=\"og:image\" content=\"https:\/\/www.jornalja.com.br\/economics\/wp-content\/uploads\/sites\/11\/2026\/08\/ja-folhaderosto-facebook.jpg\" \/>\n\t\t<meta property=\"og:image:secure_url\" content=\"https:\/\/www.jornalja.com.br\/economics\/wp-content\/uploads\/sites\/11\/2026\/08\/ja-folhaderosto-facebook.jpg\" \/>\n\t\t<meta property=\"article:published_time\" content=\"2017-07-11T14:08:12+00:00\" \/>\n\t\t<meta property=\"article:modified_time\" content=\"2017-07-11T14:08:12+00:00\" \/>\n\t\t<meta name=\"twitter:card\" content=\"summary\" \/>\n\t\t<meta name=\"twitter:title\" content=\"Pr\u00e9dio da Boate Kiss ser\u00e1 derrubado e haver\u00e1 concurso para constru\u00e7\u00e3o de memorial | Arquivo\" \/>\n\t\t<meta name=\"twitter:image\" content=\"https:\/\/www.jornalja.com.br\/economics\/wp-content\/uploads\/sites\/11\/2026\/08\/ja-folhaderosto-facebook.jpg\" \/>\n\t\t<script type=\"application\/ld+json\" class=\"aioseo-schema\">\n\t\t\t{\"@context\":\"https:\\\/\\\/schema.org\",\"@graph\":[{\"@type\":\"BlogPosting\",\"@id\":\"https:\\\/\\\/www.jornalja.com.br\\\/arquivo\\\/predio-da-boate-kiss-sera-derrubado-e-havera-concurso-para-construcao-de-memorial\\\/#blogposting\",\"name\":\"Pr\\u00e9dio da Boate Kiss ser\\u00e1 derrubado e haver\\u00e1 concurso para constru\\u00e7\\u00e3o de memorial | Arquivo\",\"headline\":\"Pr\\u00e9dio da Boate Kiss ser\\u00e1 derrubado e haver\\u00e1 concurso para constru\\u00e7\\u00e3o de memorial\",\"author\":{\"@id\":\"https:\\\/\\\/www.jornalja.com.br\\\/arquivo\\\/author\\\/daredacao\\\/#author\"},\"publisher\":{\"@id\":\"https:\\\/\\\/www.jornalja.com.br\\\/arquivo\\\/#organization\"},\"image\":{\"@type\":\"ImageObject\",\"url\":\"https:\\\/\\\/www.jornalja.com.br\\\/wp-content\\\/uploads\\\/cards\\\/JAslogan.png\",\"@id\":\"https:\\\/\\\/www.jornalja.com.br\\\/arquivo\\\/#articleImage\"},\"datePublished\":\"2017-07-11T11:08:12-03:00\",\"dateModified\":\"2017-07-11T11:08:12-03:00\",\"inLanguage\":\"pt-BR\",\"mainEntityOfPage\":{\"@id\":\"https:\\\/\\\/www.jornalja.com.br\\\/arquivo\\\/predio-da-boate-kiss-sera-derrubado-e-havera-concurso-para-construcao-de-memorial\\\/#webpage\"},\"isPartOf\":{\"@id\":\"https:\\\/\\\/www.jornalja.com.br\\\/arquivo\\\/predio-da-boate-kiss-sera-derrubado-e-havera-concurso-para-construcao-de-memorial\\\/#webpage\"},\"articleSection\":\"NOTAS\"},{\"@type\":\"BreadcrumbList\",\"@id\":\"https:\\\/\\\/www.jornalja.com.br\\\/arquivo\\\/predio-da-boate-kiss-sera-derrubado-e-havera-concurso-para-construcao-de-memorial\\\/#breadcrumblist\",\"itemListElement\":[{\"@type\":\"ListItem\",\"@id\":\"https:\\\/\\\/www.jornalja.com.br\\\/arquivo#listItem\",\"position\":1,\"name\":\"Home\",\"item\":\"https:\\\/\\\/www.jornalja.com.br\\\/arquivo\",\"nextItem\":{\"@type\":\"ListItem\",\"@id\":\"https:\\\/\\\/www.jornalja.com.br\\\/arquivo\\\/category\\\/notas\\\/#listItem\",\"name\":\"NOTAS\"}},{\"@type\":\"ListItem\",\"@id\":\"https:\\\/\\\/www.jornalja.com.br\\\/arquivo\\\/category\\\/notas\\\/#listItem\",\"position\":2,\"name\":\"NOTAS\",\"item\":\"https:\\\/\\\/www.jornalja.com.br\\\/arquivo\\\/category\\\/notas\\\/\",\"nextItem\":{\"@type\":\"ListItem\",\"@id\":\"https:\\\/\\\/www.jornalja.com.br\\\/arquivo\\\/predio-da-boate-kiss-sera-derrubado-e-havera-concurso-para-construcao-de-memorial\\\/#listItem\",\"name\":\"Pr\\u00e9dio da Boate Kiss ser\\u00e1 derrubado e haver\\u00e1 concurso para constru\\u00e7\\u00e3o de memorial\"},\"previousItem\":{\"@type\":\"ListItem\",\"@id\":\"https:\\\/\\\/www.jornalja.com.br\\\/arquivo#listItem\",\"name\":\"Home\"}},{\"@type\":\"ListItem\",\"@id\":\"https:\\\/\\\/www.jornalja.com.br\\\/arquivo\\\/predio-da-boate-kiss-sera-derrubado-e-havera-concurso-para-construcao-de-memorial\\\/#listItem\",\"position\":3,\"name\":\"Pr\\u00e9dio da Boate Kiss ser\\u00e1 derrubado e haver\\u00e1 concurso para constru\\u00e7\\u00e3o de memorial\",\"previousItem\":{\"@type\":\"ListItem\",\"@id\":\"https:\\\/\\\/www.jornalja.com.br\\\/arquivo\\\/category\\\/notas\\\/#listItem\",\"name\":\"NOTAS\"}}]},{\"@type\":\"Organization\",\"@id\":\"https:\\\/\\\/www.jornalja.com.br\\\/arquivo\\\/#organization\",\"name\":\"Jornal J\\u00c1\",\"description\":\"Jornal J\\u00c1 | Porto Alegre\",\"url\":\"https:\\\/\\\/www.jornalja.com.br\\\/arquivo\\\/\",\"telephone\":\"+555133307272\",\"logo\":{\"@type\":\"ImageObject\",\"url\":\"https:\\\/\\\/www.jornalja.com.br\\\/wp-content\\\/uploads\\\/cards\\\/JAslogan.png\",\"@id\":\"https:\\\/\\\/www.jornalja.com.br\\\/arquivo\\\/predio-da-boate-kiss-sera-derrubado-e-havera-concurso-para-construcao-de-memorial\\\/#organizationLogo\"},\"image\":{\"@id\":\"https:\\\/\\\/www.jornalja.com.br\\\/arquivo\\\/predio-da-boate-kiss-sera-derrubado-e-havera-concurso-para-construcao-de-memorial\\\/#organizationLogo\"}},{\"@type\":\"Person\",\"@id\":\"https:\\\/\\\/www.jornalja.com.br\\\/arquivo\\\/author\\\/daredacao\\\/#author\",\"url\":\"https:\\\/\\\/www.jornalja.com.br\\\/arquivo\\\/author\\\/daredacao\\\/\",\"name\":\"da Reda\\u00e7\\u00e3o\",\"image\":{\"@type\":\"ImageObject\",\"@id\":\"https:\\\/\\\/www.jornalja.com.br\\\/arquivo\\\/predio-da-boate-kiss-sera-derrubado-e-havera-concurso-para-construcao-de-memorial\\\/#authorImage\",\"url\":\"https:\\\/\\\/secure.gravatar.com\\\/avatar\\\/469fd857d6605ad19919d27ed29d35a968a25f6e8fd9318356bbb7f57aae9c65?s=96&d=mm&r=g\",\"width\":96,\"height\":96,\"caption\":\"da Reda\\u00e7\\u00e3o\"}},{\"@type\":\"WebPage\",\"@id\":\"https:\\\/\\\/www.jornalja.com.br\\\/arquivo\\\/predio-da-boate-kiss-sera-derrubado-e-havera-concurso-para-construcao-de-memorial\\\/#webpage\",\"url\":\"https:\\\/\\\/www.jornalja.com.br\\\/arquivo\\\/predio-da-boate-kiss-sera-derrubado-e-havera-concurso-para-construcao-de-memorial\\\/\",\"name\":\"Pr\\u00e9dio da Boate Kiss ser\\u00e1 derrubado e haver\\u00e1 concurso para constru\\u00e7\\u00e3o de memorial | Arquivo\",\"inLanguage\":\"pt-BR\",\"isPartOf\":{\"@id\":\"https:\\\/\\\/www.jornalja.com.br\\\/arquivo\\\/#website\"},\"breadcrumb\":{\"@id\":\"https:\\\/\\\/www.jornalja.com.br\\\/arquivo\\\/predio-da-boate-kiss-sera-derrubado-e-havera-concurso-para-construcao-de-memorial\\\/#breadcrumblist\"},\"author\":{\"@id\":\"https:\\\/\\\/www.jornalja.com.br\\\/arquivo\\\/author\\\/daredacao\\\/#author\"},\"creator\":{\"@id\":\"https:\\\/\\\/www.jornalja.com.br\\\/arquivo\\\/author\\\/daredacao\\\/#author\"},\"datePublished\":\"2017-07-11T11:08:12-03:00\",\"dateModified\":\"2017-07-11T11:08:12-03:00\"},{\"@type\":\"WebSite\",\"@id\":\"https:\\\/\\\/www.jornalja.com.br\\\/arquivo\\\/#website\",\"url\":\"https:\\\/\\\/www.jornalja.com.br\\\/arquivo\\\/\",\"name\":\"Arquivo\",\"description\":\"Jornal J\\u00c1 | Porto Alegre\",\"inLanguage\":\"pt-BR\",\"publisher\":{\"@id\":\"https:\\\/\\\/www.jornalja.com.br\\\/arquivo\\\/#organization\"}}]}\n\t\t<\/script>\n\t\t<!-- All in One SEO -->\n\n","aioseo_head_json":{"title":"Pr\u00e9dio da Boate Kiss ser\u00e1 derrubado e haver\u00e1 concurso para constru\u00e7\u00e3o de memorial | Arquivo","description":"","canonical_url":"https:\/\/www.jornalja.com.br\/arquivo\/predio-da-boate-kiss-sera-derrubado-e-havera-concurso-para-construcao-de-memorial\/","robots":"max-image-preview:large","keywords":"","webmasterTools":{"miscellaneous":""},"schema":{"@context":"https:\/\/schema.org","@graph":[{"@type":"BlogPosting","@id":"https:\/\/www.jornalja.com.br\/arquivo\/predio-da-boate-kiss-sera-derrubado-e-havera-concurso-para-construcao-de-memorial\/#blogposting","name":"Pr\u00e9dio da Boate Kiss ser\u00e1 derrubado e haver\u00e1 concurso para constru\u00e7\u00e3o de memorial | Arquivo","headline":"Pr\u00e9dio da Boate Kiss ser\u00e1 derrubado e haver\u00e1 concurso para constru\u00e7\u00e3o de memorial","author":{"@id":"https:\/\/www.jornalja.com.br\/arquivo\/author\/daredacao\/#author"},"publisher":{"@id":"https:\/\/www.jornalja.com.br\/arquivo\/#organization"},"image":{"@type":"ImageObject","url":"https:\/\/www.jornalja.com.br\/wp-content\/uploads\/cards\/JAslogan.png","@id":"https:\/\/www.jornalja.com.br\/arquivo\/#articleImage"},"datePublished":"2017-07-11T11:08:12-03:00","dateModified":"2017-07-11T11:08:12-03:00","inLanguage":"pt-BR","mainEntityOfPage":{"@id":"https:\/\/www.jornalja.com.br\/arquivo\/predio-da-boate-kiss-sera-derrubado-e-havera-concurso-para-construcao-de-memorial\/#webpage"},"isPartOf":{"@id":"https:\/\/www.jornalja.com.br\/arquivo\/predio-da-boate-kiss-sera-derrubado-e-havera-concurso-para-construcao-de-memorial\/#webpage"},"articleSection":"NOTAS"},{"@type":"BreadcrumbList","@id":"https:\/\/www.jornalja.com.br\/arquivo\/predio-da-boate-kiss-sera-derrubado-e-havera-concurso-para-construcao-de-memorial\/#breadcrumblist","itemListElement":[{"@type":"ListItem","@id":"https:\/\/www.jornalja.com.br\/arquivo#listItem","position":1,"name":"Home","item":"https:\/\/www.jornalja.com.br\/arquivo","nextItem":{"@type":"ListItem","@id":"https:\/\/www.jornalja.com.br\/arquivo\/category\/notas\/#listItem","name":"NOTAS"}},{"@type":"ListItem","@id":"https:\/\/www.jornalja.com.br\/arquivo\/category\/notas\/#listItem","position":2,"name":"NOTAS","item":"https:\/\/www.jornalja.com.br\/arquivo\/category\/notas\/","nextItem":{"@type":"ListItem","@id":"https:\/\/www.jornalja.com.br\/arquivo\/predio-da-boate-kiss-sera-derrubado-e-havera-concurso-para-construcao-de-memorial\/#listItem","name":"Pr\u00e9dio da Boate Kiss ser\u00e1 derrubado e haver\u00e1 concurso para constru\u00e7\u00e3o de memorial"},"previousItem":{"@type":"ListItem","@id":"https:\/\/www.jornalja.com.br\/arquivo#listItem","name":"Home"}},{"@type":"ListItem","@id":"https:\/\/www.jornalja.com.br\/arquivo\/predio-da-boate-kiss-sera-derrubado-e-havera-concurso-para-construcao-de-memorial\/#listItem","position":3,"name":"Pr\u00e9dio da Boate Kiss ser\u00e1 derrubado e haver\u00e1 concurso para constru\u00e7\u00e3o de memorial","previousItem":{"@type":"ListItem","@id":"https:\/\/www.jornalja.com.br\/arquivo\/category\/notas\/#listItem","name":"NOTAS"}}]},{"@type":"Organization","@id":"https:\/\/www.jornalja.com.br\/arquivo\/#organization","name":"Jornal J\u00c1","description":"Jornal J\u00c1 | Porto Alegre","url":"https:\/\/www.jornalja.com.br\/arquivo\/","telephone":"+555133307272","logo":{"@type":"ImageObject","url":"https:\/\/www.jornalja.com.br\/wp-content\/uploads\/cards\/JAslogan.png","@id":"https:\/\/www.jornalja.com.br\/arquivo\/predio-da-boate-kiss-sera-derrubado-e-havera-concurso-para-construcao-de-memorial\/#organizationLogo"},"image":{"@id":"https:\/\/www.jornalja.com.br\/arquivo\/predio-da-boate-kiss-sera-derrubado-e-havera-concurso-para-construcao-de-memorial\/#organizationLogo"}},{"@type":"Person","@id":"https:\/\/www.jornalja.com.br\/arquivo\/author\/daredacao\/#author","url":"https:\/\/www.jornalja.com.br\/arquivo\/author\/daredacao\/","name":"da Reda\u00e7\u00e3o","image":{"@type":"ImageObject","@id":"https:\/\/www.jornalja.com.br\/arquivo\/predio-da-boate-kiss-sera-derrubado-e-havera-concurso-para-construcao-de-memorial\/#authorImage","url":"https:\/\/secure.gravatar.com\/avatar\/469fd857d6605ad19919d27ed29d35a968a25f6e8fd9318356bbb7f57aae9c65?s=96&d=mm&r=g","width":96,"height":96,"caption":"da Reda\u00e7\u00e3o"}},{"@type":"WebPage","@id":"https:\/\/www.jornalja.com.br\/arquivo\/predio-da-boate-kiss-sera-derrubado-e-havera-concurso-para-construcao-de-memorial\/#webpage","url":"https:\/\/www.jornalja.com.br\/arquivo\/predio-da-boate-kiss-sera-derrubado-e-havera-concurso-para-construcao-de-memorial\/","name":"Pr\u00e9dio da Boate Kiss ser\u00e1 derrubado e haver\u00e1 concurso para constru\u00e7\u00e3o de memorial | Arquivo","inLanguage":"pt-BR","isPartOf":{"@id":"https:\/\/www.jornalja.com.br\/arquivo\/#website"},"breadcrumb":{"@id":"https:\/\/www.jornalja.com.br\/arquivo\/predio-da-boate-kiss-sera-derrubado-e-havera-concurso-para-construcao-de-memorial\/#breadcrumblist"},"author":{"@id":"https:\/\/www.jornalja.com.br\/arquivo\/author\/daredacao\/#author"},"creator":{"@id":"https:\/\/www.jornalja.com.br\/arquivo\/author\/daredacao\/#author"},"datePublished":"2017-07-11T11:08:12-03:00","dateModified":"2017-07-11T11:08:12-03:00"},{"@type":"WebSite","@id":"https:\/\/www.jornalja.com.br\/arquivo\/#website","url":"https:\/\/www.jornalja.com.br\/arquivo\/","name":"Arquivo","description":"Jornal J\u00c1 | Porto Alegre","inLanguage":"pt-BR","publisher":{"@id":"https:\/\/www.jornalja.com.br\/arquivo\/#organization"}}]},"og:locale":"pt_BR","og:site_name":"Arquivo | Jornal J\u00c1 | Porto Alegre","og:type":"article","og:title":"Pr\u00e9dio da Boate Kiss ser\u00e1 derrubado e haver\u00e1 concurso para constru\u00e7\u00e3o de memorial | Arquivo","og:url":"https:\/\/www.jornalja.com.br\/arquivo\/predio-da-boate-kiss-sera-derrubado-e-havera-concurso-para-construcao-de-memorial\/","og:image":"https:\/\/www.jornalja.com.br\/economics\/wp-content\/uploads\/sites\/11\/2026\/08\/ja-folhaderosto-facebook.jpg","og:image:secure_url":"https:\/\/www.jornalja.com.br\/economics\/wp-content\/uploads\/sites\/11\/2026\/08\/ja-folhaderosto-facebook.jpg","article:published_time":"2017-07-11T14:08:12+00:00","article:modified_time":"2017-07-11T14:08:12+00:00","twitter:card":"summary","twitter:title":"Pr\u00e9dio da Boate Kiss ser\u00e1 derrubado e haver\u00e1 concurso para constru\u00e7\u00e3o de memorial | Arquivo","twitter:image":"https:\/\/www.jornalja.com.br\/economics\/wp-content\/uploads\/sites\/11\/2026\/08\/ja-folhaderosto-facebook.jpg"},"aioseo_meta_data":{"post_id":"51299","title":null,"description":null,"keywords":null,"keyphrases":null,"primary_term":null,"canonical_url":null,"og_title":null,"og_description":null,"og_object_type":"default","og_image_type":"default","og_image_url":null,"og_image_width":null,"og_image_height":null,"og_image_custom_url":null,"og_image_custom_fields":null,"og_video":null,"og_custom_url":null,"og_article_section":null,"og_article_tags":null,"twitter_use_og":false,"twitter_card":"default","twitter_image_type":"default","twitter_image_url":null,"twitter_image_custom_url":null,"twitter_image_custom_fields":null,"twitter_title":null,"twitter_description":null,"schema":{"blockGraphs":[],"customGraphs":[],"default":{"data":{"Article":[],"Course":[],"Dataset":[],"FAQPage":[],"Movie":[],"Person":[],"Product":[],"ProductReview":[],"Car":[],"Recipe":[],"Service":[],"SoftwareApplication":[],"WebPage":[]},"graphName":"","isEnabled":true},"graphs":[],"defaultGraph":"","defaultPostTypeGraph":""},"schema_type":null,"schema_type_options":null,"pillar_content":false,"robots_default":true,"robots_noindex":false,"robots_noarchive":false,"robots_nosnippet":false,"robots_nofollow":false,"robots_noimageindex":false,"robots_noodp":false,"robots_notranslate":false,"robots_max_snippet":null,"robots_max_videopreview":null,"robots_max_imagepreview":"large","priority":null,"frequency":null,"location":null,"local_seo":null,"breadcrumb_settings":null,"limit_modified_date":false,"ai":null,"created":"2020-12-20 20:29:58","updated":"2025-07-19 22:59:27","seo_analyzer_scan_date":null,"focus_keyword":null,"additional_keywords":null,"truseo_locale":null},"jetpack_sharing_enabled":true,"jetpack-related-posts":[{"id":5440,"url":"https:\/\/www.jornalja.com.br\/arquivo\/casarao-da-venancio-destino-permanece-incerto\/","url_meta":{"origin":51299,"position":0},"title":"Estado ainda n\u00e3o sabe o que fazer com casar\u00e3o abandonado h\u00e1 20 anos","author":"Elmar Bones","date":"6 de julho de 2009","format":false,"excerpt":"O casar\u00e3o amarelo, numa esquina nobre de Porto Alegre (Ven\u00e2ncio Aires com Jo\u00e3o Pessoa), j\u00e1 abrigou uma escola. H\u00e1 duas d\u00e9cadas, pelo menos, est\u00e1 abandonado, porque seu propriet\u00e1rio, o governo do Estado do Rio Grande do Sul, n\u00e3o consegue achar um destino para ele. Planos n\u00e3o faltaram. O governador Ol\u00edvio\u2026","rel":"","context":"Em &quot;X.Categorias velhas&quot;","block_context":{"text":"X.Categorias velhas","link":"https:\/\/www.jornalja.com.br\/arquivo\/category\/x-categorias-velhas\/"},"img":{"alt_text":"geraldo1","src":"https:\/\/i0.wp.com\/www.jornalja.com.br\/wp-content\/uploads\/2009\/07\/geraldo1.jpg?resize=350%2C200&ssl=1","width":350,"height":200},"classes":[]},{"id":13239,"url":"https:\/\/www.jornalja.com.br\/arquivo\/conselho-desdenha-do-plano-diretor\/","url_meta":{"origin":51299,"position":1},"title":"Porto Alegre: Conselho detona Plano Diretor","author":"Patr\u00edcia Marini","date":"25 de maio de 2014","format":false,"excerpt":"Den\u00fancia do arquiteto e \u00a0urbanista Ibir\u00e1 Santos Lucas. Ele diz que os conselheiros est\u00e3o votando com \"enorme irresponsabilidade\". \"Mudam regime com a maior naturalidade,,,regularizam absurdos de constru\u00e7\u00f5es irregulares... \"O CMDUA est\u00e1 flexibilizando a lei do plano diretor, de uma forma impactante na vida da cidade. Mudam regime com a maior\u2026","rel":"","context":"Em &quot;Geral&quot;","block_context":{"text":"Geral","link":"https:\/\/www.jornalja.com.br\/arquivo\/category\/geral\/"},"img":{"alt_text":"","src":"","width":0,"height":0},"classes":[]},{"id":13101,"url":"https:\/\/www.jornalja.com.br\/arquivo\/morre-um-guerreiro-do-texto\/","url_meta":{"origin":51299,"position":2},"title":"Morre um guerreiro do texto","author":"Patr\u00edcia Marini","date":"14 de maio de 2014","format":false,"excerpt":"Por Ricardo Kotscho Reproduzido do blog do autor, 11\/5\/2014; t\u00edtulo original \u201cE l\u00e1 se foi o nosso Myltainho, guerreiro do texto\u201d. Mi\u00fado e franzino, meu amigo Myltainho era um valente e inconformado guerreiro na luta contra as injusti\u00e7as sociais, a hipocrisia, as maracutaias, o autoritarismo, a intoler\u00e2ncia, a viol\u00eancia, o\u2026","rel":"","context":"Em &quot;Geral&quot;","block_context":{"text":"Geral","link":"https:\/\/www.jornalja.com.br\/arquivo\/category\/geral\/"},"img":{"alt_text":"","src":"","width":0,"height":0},"classes":[]},{"id":13240,"url":"https:\/\/www.jornalja.com.br\/arquivo\/plano-diretor-estamos-construindo-o-caos\/","url_meta":{"origin":51299,"position":3},"title":"Plano diretor: &quot;Estamos construindo o caos&quot;","author":"Patr\u00edcia Marini","date":"26 de maio de 2014","format":false,"excerpt":"Desabafo que arquiteta Eliana Castilhos, delegada da Regi\u00e3o de Planejamento 1, postou nas redes sociais \u00e9 um testemunho do ambiente que se criou no Conselho do Plano Diretor de Porto Alegre, onde a aprova\u00e7\u00e3o de grandes empreendimentos \u00e9 empurrada guela abaixo dos conselheiros. Ao CMDUA Como delegada da Regi\u00e3o de\u2026","rel":"","context":"Em &quot;Geral&quot;","block_context":{"text":"Geral","link":"https:\/\/www.jornalja.com.br\/arquivo\/category\/geral\/"},"img":{"alt_text":"","src":"","width":0,"height":0},"classes":[]},{"id":13124,"url":"https:\/\/www.jornalja.com.br\/arquivo\/sangue-latino-no-iecine\/","url_meta":{"origin":51299,"position":4},"title":"Sangue latino no IECINE","author":"da Reda\u00e7\u00e3o","date":"18 de maio de 2014","format":false,"excerpt":"Francisco Ribeiro O Instituto Estadual de Cinema (IECINE) tem a frente, desde abril \u00faltimo, um novo diretor, o cineasta colombiano Juan Zapata, 36, que substitui Luiz Alberto Cassol. Radicado h\u00e1 dez anos em Porto Alegre, Zapata tem diante de si o desafio de conduzir at\u00e9 o final do ano um\u2026","rel":"","context":"Em &quot;Cultura-Geral&quot;","block_context":{"text":"Cultura-Geral","link":"https:\/\/www.jornalja.com.br\/arquivo\/category\/materiasecundaria\/"},"img":{"alt_text":"","src":"","width":0,"height":0},"classes":[]}],"jetpack_shortlink":"https:\/\/wp.me\/pbQjBd-dlp","jetpack_featured_media_url":"","_links":{"self":[{"href":"https:\/\/www.jornalja.com.br\/arquivo\/wp-json\/wp\/v2\/posts\/51299","targetHints":{"allow":["GET"]}}],"collection":[{"href":"https:\/\/www.jornalja.com.br\/arquivo\/wp-json\/wp\/v2\/posts"}],"about":[{"href":"https:\/\/www.jornalja.com.br\/arquivo\/wp-json\/wp\/v2\/types\/post"}],"author":[{"embeddable":true,"href":"https:\/\/www.jornalja.com.br\/arquivo\/wp-json\/wp\/v2\/users\/4"}],"replies":[{"embeddable":true,"href":"https:\/\/www.jornalja.com.br\/arquivo\/wp-json\/wp\/v2\/comments?post=51299"}],"version-history":[{"count":0,"href":"https:\/\/www.jornalja.com.br\/arquivo\/wp-json\/wp\/v2\/posts\/51299\/revisions"}],"wp:attachment":[{"href":"https:\/\/www.jornalja.com.br\/arquivo\/wp-json\/wp\/v2\/media?parent=51299"}],"wp:term":[{"taxonomy":"category","embeddable":true,"href":"https:\/\/www.jornalja.com.br\/arquivo\/wp-json\/wp\/v2\/categories?post=51299"},{"taxonomy":"post_tag","embeddable":true,"href":"https:\/\/www.jornalja.com.br\/arquivo\/wp-json\/wp\/v2\/tags?post=51299"}],"curies":[{"name":"wp","href":"https:\/\/api.w.org\/{rel}","templated":true}]}}