{"id":51311,"date":"2017-07-11T18:09:33","date_gmt":"2017-07-11T21:09:33","guid":{"rendered":"https:\/\/www.jornalja.com.br\/?p=51311"},"modified":"2017-07-11T18:09:33","modified_gmt":"2017-07-11T21:09:33","slug":"demolidas-casas-listadas-para-integrar-patrimonio-historico-do-petropolis","status":"publish","type":"post","link":"https:\/\/www.jornalja.com.br\/arquivo\/demolidas-casas-listadas-para-integrar-patrimonio-historico-do-petropolis\/","title":{"rendered":"Demolidas casas listadas para integrar patrim\u00f4nio hist\u00f3rico do Petr\u00f3polis"},"content":{"rendered":"<p><span class=\"intertit\">Tiago Baltz<\/span><br \/>\nDois im\u00f3veis que estavam listados para entrar no invent\u00e1rio do bairro Petr\u00f3polis foram ao ch\u00e3o no \u00faltimo final de semana. Nos terrenos da rua Farias Santos, 220 e 234, s\u00f3 restaram os escombros.<br \/>\nA demoli\u00e7\u00e3o das casas para a constru\u00e7\u00e3o de um empreendimento imobili\u00e1rio ocorreu gra\u00e7as a uma liminar concedida pela 22\u00aa C\u00e2mara C\u00edvel do Tribunal de Justi\u00e7a do RS.<br \/>\n\u00c9 a primeira vez desde que o invent\u00e1rio foi iniciado, em 2014, que uma decis\u00e3o libera im\u00f3veis para modifica\u00e7\u00f5es.<br \/>\n<figure id=\"attachment_51318\" aria-describedby=\"caption-attachment-51318\" style=\"width: 300px\" class=\"wp-caption alignright\"><img loading=\"lazy\" decoding=\"async\" class=\"wp-image-51318 size-medium\" src=\"https:\/\/www.jornalja.com.br\/wp-content\/uploads\/2017\/07\/dos-terrenos-hoje-s\u00f3-escombros.-Rua-Farias-Santos-220-e-234-300x400.jpg\" alt=\"\" width=\"300\" height=\"400\" \/><figcaption id=\"caption-attachment-51318\" class=\"wp-caption-text\">Escombros de um dos im\u00f3veis na rua Farias Santos\/Divulga\u00e7\u00e3o<\/figcaption><\/figure><br \/>\nSegundo o advogado Daniel Nichele, representante da construtora, o desmanche das casas foi uma vit\u00f3ria dos propriet\u00e1rios, que desde 2014 tiveram im\u00f3veis bloqueados pelo processo de Invent\u00e1rio do Patrim\u00f4nio Cultural de Im\u00f3veis, feito pela Equipe do Patrim\u00f4nio Hist\u00f3rico, Art\u00edstico e Cultural (EPHAC) de Porto Alegre.<br \/>\n\u201cTodo o processo foi mal constru\u00eddo pela Prefeitura. Muito mal feito. N\u00e3o houve comunica\u00e7\u00e3o pr\u00e9via, simplesmente colocaram 400 im\u00f3veis na lista\u201d, diz. As duas casas foram adquiridas em 2013, com investimento superior a R$ 3 milh\u00f5es.<br \/>\nAinda de acordo com o advogado, que \u00e9 conselheiro do Plano Diretor de Desenvolvimento Urbano e Ambiental de Porto Alegre, pelo menos mais cinco propriet\u00e1rios possuem a\u00e7\u00f5es semelhantes para libera\u00e7\u00e3o dos im\u00f3veis. A construtora ainda vai entrar com a\u00e7\u00e3o indenizat\u00f3ria contra o munic\u00edpio para cobrir o preju\u00edzo com o atraso do empreendimento.<br \/>\n<span class=\"intertit\">Grupo de moradores apoia invent\u00e1rio <\/span><br \/>\nApesar das restri\u00e7\u00f5es e poss\u00edveis preju\u00edzos econ\u00f4micos do bloqueio, um grupo de moradores se manifesta a favor do invent\u00e1rio. Clivia Morato, propriet\u00e1ria de uma das casas na lista do invent\u00e1rio na Rua Dario Pederneiras, apoia a ideia. \u201cTemos interesse em manter a hist\u00f3ria do Bairro, manter sua paisagem. O bairro j\u00e1 foi bem destru\u00eddo. E esse invent\u00e1rio atinge menos de 400 casas, apenas 4% das moradias\u201d, fala.<br \/>\n\u201cN\u00e3o somos contra a constru\u00e7\u00e3o civil, edifica\u00e7\u00f5es, mas o que ocorre \u00e9 que muitas construtoras e especuladores querem acabar com o invent\u00e1rio, pensam apenas no dinheiro e n\u00e3o na preserva\u00e7\u00e3o do bairro\u201d, completa Clivia.<br \/>\nO advogado \u00c1lvaro Jofre, que h\u00e1 38 anos vive no Petr\u00f3polis, tamb\u00e9m contesta a demoli\u00e7\u00e3o das casas. \u201cHouve uma liminar que tirava os im\u00f3veis do bloqueio, mas n\u00e3o uma autoriza\u00e7\u00e3o para demoli\u00e7\u00e3o. Em poucas horas foi tudo ao ch\u00e3o\u201d, lamenta.<br \/>\n\u201cA construtora contesta a lei que formalizou o invent\u00e1rio, que teria vicio de origem, j\u00e1 que foi proposta pela C\u00e2mara de Vereadores, enquanto deveria ter sido feita pelo Executivo, \u00c9 uma formalidade t\u00e9cnica, e a limiar foi acatada. Mas a construtora discute essa formalidade. Demolir o im\u00f3vel sem julgar se ele deveria efetivamente fazer parte do invent\u00e1rio pode trazer preju\u00edzos a hist\u00f3ria do bairro\u201d, contesta Jofre.<br \/>\nSegundo o EPHAC, o Invent\u00e1rio constitui-se em um dos instrumentos administrativos de preserva\u00e7\u00e3o do patrim\u00f4nio cultural do Munic\u00edpio. Atrav\u00e9s dele s\u00e3o protegidos im\u00f3veis de valor hist\u00f3rico, arquitet\u00f4nico, urban\u00edstico, ambiental, simb\u00f3lico, de valor afetivo para a popula\u00e7\u00e3o, entre outros.<br \/>\nOito bairros j\u00e1 foram inventariados em Porto Alegre, desde 2011. Quando chegou em Petr\u00f3polis, no final da 2013, ocorreu uma omiss\u00e3o que deu origem a toda a pol\u00eamica. Os propriet\u00e1rios n\u00e3o foram informados previamente de que haveria o \u201cbloqueio\u201d dos im\u00f3veis.<br \/>\nUma parte dos moradores concorda com a preserva\u00e7\u00e3o do patrim\u00f4nio arquitet\u00f4nico do bairro. Outra, lamenta a desvaloriza\u00e7\u00e3o dos seus im\u00f3veis, enquanto os terrenos em volta ficariam muito mais valorizados, com a garantia de que a vizinhan\u00e7a n\u00e3o mudar\u00e1.<br \/>\nBairro essencialmente residencial, de um tempo em que a classe m\u00e9dia ascendente sonhava em viver em casas no centro de amplos terrenos ajardinados, Petr\u00f3polis \u00e9 um dos\u00a0maiores potenciais construtivos de Porto Alegre.<br \/>\nO Invent\u00e1rio n\u00e3o retira o direito de propriedade de um bem; apenas impede que ele venha a ser destru\u00eddo ou descaracterizado.\u00a0H\u00e1 dois tipos de im\u00f3veis que entram na lista, os considerados de estrutura\u00e7\u00e3o, que devem ser preservados, sem modifica\u00e7\u00e3o de fachada, e outros de compatibiliza\u00e7\u00e3o, que t\u00eam relev\u00e2ncia pela composi\u00e7\u00e3o do entorno, n\u00e3o podendo sofrer altera\u00e7\u00f5es que descaracterizem a ambi\u00eancia do bairro.<br \/>\nA manuten\u00e7\u00e3o do im\u00f3vel fica sob responsabilidade do propriet\u00e1rio, sendo que a ele n\u00e3o cabe indeniza\u00e7\u00e3o, como ocorre no processo de tombamento.<br \/>\nAtualmente o invent\u00e1rio est\u00e1 em nova fase de notifica\u00e7\u00e3o individual aos moradores. \u00c9 a terceira vez que o EPHAC retoma a notifica\u00e7\u00e3o. A Prefeitura pode contestar na Justi\u00e7a a demoli\u00e7\u00e3o dos dois im\u00f3veis.<\/p>\n","protected":false},"excerpt":{"rendered":"<p>Tiago Baltz Dois im\u00f3veis que estavam listados para entrar no invent\u00e1rio do bairro Petr\u00f3polis foram ao ch\u00e3o no \u00faltimo final de semana. Nos terrenos da rua Farias Santos, 220 e 234, s\u00f3 restaram os escombros. A demoli\u00e7\u00e3o das casas para a constru\u00e7\u00e3o de um empreendimento imobili\u00e1rio ocorreu gra\u00e7as a uma liminar concedida pela 22\u00aa C\u00e2mara [&hellip;]<\/p>\n","protected":false},"author":4,"featured_media":18055,"comment_status":"open","ping_status":"closed","sticky":false,"template":"","format":"standard","meta":{"_jetpack_newsletter_access":"","_jetpack_dont_email_post_to_subs":false,"_jetpack_newsletter_tier_id":0,"_jetpack_memberships_contains_paywalled_content":false,"_jetpack_feature_clip_id":0,"_jetpack_memberships_contains_paid_content":false,"footnotes":"","jetpack_post_was_ever_published":false},"categories":[26],"tags":[],"class_list":["post-51311","post","type-post","status-publish","format-standard","has-post-thumbnail","hentry","category-geral"],"aioseo_notices":[],"aioseo_head":"\n\t\t<!-- All in One SEO 5.0.1.1 - aioseo.com -->\n\t<meta name=\"robots\" content=\"max-image-preview:large\" \/>\n\t<meta name=\"author\" content=\"da Reda\u00e7\u00e3o\"\/>\n\t<link rel=\"canonical\" href=\"https:\/\/www.jornalja.com.br\/arquivo\/demolidas-casas-listadas-para-integrar-patrimonio-historico-do-petropolis\/\" \/>\n\t<meta name=\"generator\" content=\"All in One SEO (AIOSEO) 5.0.1.1\" \/>\n\t\t<meta property=\"og:locale\" content=\"pt_BR\" \/>\n\t\t<meta property=\"og:site_name\" content=\"Arquivo | Jornal J\u00c1 | Porto Alegre\" \/>\n\t\t<meta property=\"og:type\" content=\"article\" \/>\n\t\t<meta property=\"og:title\" content=\"Demolidas casas listadas para integrar patrim\u00f4nio hist\u00f3rico do Petr\u00f3polis | Arquivo\" \/>\n\t\t<meta property=\"og:url\" content=\"https:\/\/www.jornalja.com.br\/arquivo\/demolidas-casas-listadas-para-integrar-patrimonio-historico-do-petropolis\/\" \/>\n\t\t<meta property=\"og:image\" content=\"https:\/\/www.jornalja.com.br\/wp-content\/uploads\/2017\/07\/dos-terrenos-hoje-s\u00f3-escombros.-Rua-Farias-Santos-220-e-234-300x400.jpg\" \/>\n\t\t<meta property=\"og:image:secure_url\" content=\"https:\/\/www.jornalja.com.br\/wp-content\/uploads\/2017\/07\/dos-terrenos-hoje-s\u00f3-escombros.-Rua-Farias-Santos-220-e-234-300x400.jpg\" \/>\n\t\t<meta property=\"article:published_time\" content=\"2017-07-11T21:09:33+00:00\" \/>\n\t\t<meta property=\"article:modified_time\" content=\"2017-07-11T21:09:33+00:00\" \/>\n\t\t<meta name=\"twitter:card\" content=\"summary\" \/>\n\t\t<meta name=\"twitter:title\" content=\"Demolidas casas listadas para integrar patrim\u00f4nio hist\u00f3rico do Petr\u00f3polis | Arquivo\" \/>\n\t\t<meta name=\"twitter:image\" content=\"https:\/\/www.jornalja.com.br\/economics\/wp-content\/uploads\/sites\/11\/2026\/08\/ja-folhaderosto-facebook.jpg\" \/>\n\t\t<script type=\"application\/ld+json\" class=\"aioseo-schema\">\n\t\t\t{\"@context\":\"https:\\\/\\\/schema.org\",\"@graph\":[{\"@type\":\"BlogPosting\",\"@id\":\"https:\\\/\\\/www.jornalja.com.br\\\/arquivo\\\/demolidas-casas-listadas-para-integrar-patrimonio-historico-do-petropolis\\\/#blogposting\",\"name\":\"Demolidas casas listadas para integrar patrim\\u00f4nio hist\\u00f3rico do Petr\\u00f3polis | Arquivo\",\"headline\":\"Demolidas casas listadas para integrar patrim\\u00f4nio hist\\u00f3rico do Petr\\u00f3polis\",\"author\":{\"@id\":\"https:\\\/\\\/www.jornalja.com.br\\\/arquivo\\\/author\\\/daredacao\\\/#author\"},\"publisher\":{\"@id\":\"https:\\\/\\\/www.jornalja.com.br\\\/arquivo\\\/#organization\"},\"image\":{\"@type\":\"ImageObject\",\"url\":18055},\"datePublished\":\"2017-07-11T18:09:33-03:00\",\"dateModified\":\"2017-07-11T18:09:33-03:00\",\"inLanguage\":\"pt-BR\",\"commentCount\":2,\"mainEntityOfPage\":{\"@id\":\"https:\\\/\\\/www.jornalja.com.br\\\/arquivo\\\/demolidas-casas-listadas-para-integrar-patrimonio-historico-do-petropolis\\\/#webpage\"},\"isPartOf\":{\"@id\":\"https:\\\/\\\/www.jornalja.com.br\\\/arquivo\\\/demolidas-casas-listadas-para-integrar-patrimonio-historico-do-petropolis\\\/#webpage\"},\"articleSection\":\"Geral\"},{\"@type\":\"BreadcrumbList\",\"@id\":\"https:\\\/\\\/www.jornalja.com.br\\\/arquivo\\\/demolidas-casas-listadas-para-integrar-patrimonio-historico-do-petropolis\\\/#breadcrumblist\",\"itemListElement\":[{\"@type\":\"ListItem\",\"@id\":\"https:\\\/\\\/www.jornalja.com.br\\\/arquivo#listItem\",\"position\":1,\"name\":\"Home\",\"item\":\"https:\\\/\\\/www.jornalja.com.br\\\/arquivo\",\"nextItem\":{\"@type\":\"ListItem\",\"@id\":\"https:\\\/\\\/www.jornalja.com.br\\\/arquivo\\\/category\\\/geral\\\/#listItem\",\"name\":\"Geral\"}},{\"@type\":\"ListItem\",\"@id\":\"https:\\\/\\\/www.jornalja.com.br\\\/arquivo\\\/category\\\/geral\\\/#listItem\",\"position\":2,\"name\":\"Geral\",\"item\":\"https:\\\/\\\/www.jornalja.com.br\\\/arquivo\\\/category\\\/geral\\\/\",\"nextItem\":{\"@type\":\"ListItem\",\"@id\":\"https:\\\/\\\/www.jornalja.com.br\\\/arquivo\\\/demolidas-casas-listadas-para-integrar-patrimonio-historico-do-petropolis\\\/#listItem\",\"name\":\"Demolidas casas listadas para integrar patrim\\u00f4nio hist\\u00f3rico do Petr\\u00f3polis\"},\"previousItem\":{\"@type\":\"ListItem\",\"@id\":\"https:\\\/\\\/www.jornalja.com.br\\\/arquivo#listItem\",\"name\":\"Home\"}},{\"@type\":\"ListItem\",\"@id\":\"https:\\\/\\\/www.jornalja.com.br\\\/arquivo\\\/demolidas-casas-listadas-para-integrar-patrimonio-historico-do-petropolis\\\/#listItem\",\"position\":3,\"name\":\"Demolidas casas listadas para integrar patrim\\u00f4nio hist\\u00f3rico do Petr\\u00f3polis\",\"previousItem\":{\"@type\":\"ListItem\",\"@id\":\"https:\\\/\\\/www.jornalja.com.br\\\/arquivo\\\/category\\\/geral\\\/#listItem\",\"name\":\"Geral\"}}]},{\"@type\":\"Organization\",\"@id\":\"https:\\\/\\\/www.jornalja.com.br\\\/arquivo\\\/#organization\",\"name\":\"Jornal J\\u00c1\",\"description\":\"Jornal J\\u00c1 | Porto Alegre\",\"url\":\"https:\\\/\\\/www.jornalja.com.br\\\/arquivo\\\/\",\"telephone\":\"+555133307272\",\"logo\":{\"@type\":\"ImageObject\",\"url\":\"https:\\\/\\\/www.jornalja.com.br\\\/wp-content\\\/uploads\\\/cards\\\/JAslogan.png\",\"@id\":\"https:\\\/\\\/www.jornalja.com.br\\\/arquivo\\\/demolidas-casas-listadas-para-integrar-patrimonio-historico-do-petropolis\\\/#organizationLogo\"},\"image\":{\"@id\":\"https:\\\/\\\/www.jornalja.com.br\\\/arquivo\\\/demolidas-casas-listadas-para-integrar-patrimonio-historico-do-petropolis\\\/#organizationLogo\"}},{\"@type\":\"Person\",\"@id\":\"https:\\\/\\\/www.jornalja.com.br\\\/arquivo\\\/author\\\/daredacao\\\/#author\",\"url\":\"https:\\\/\\\/www.jornalja.com.br\\\/arquivo\\\/author\\\/daredacao\\\/\",\"name\":\"da Reda\\u00e7\\u00e3o\",\"image\":{\"@type\":\"ImageObject\",\"@id\":\"https:\\\/\\\/www.jornalja.com.br\\\/arquivo\\\/demolidas-casas-listadas-para-integrar-patrimonio-historico-do-petropolis\\\/#authorImage\",\"url\":\"https:\\\/\\\/secure.gravatar.com\\\/avatar\\\/469fd857d6605ad19919d27ed29d35a968a25f6e8fd9318356bbb7f57aae9c65?s=96&d=mm&r=g\",\"width\":96,\"height\":96,\"caption\":\"da Reda\\u00e7\\u00e3o\"}},{\"@type\":\"WebPage\",\"@id\":\"https:\\\/\\\/www.jornalja.com.br\\\/arquivo\\\/demolidas-casas-listadas-para-integrar-patrimonio-historico-do-petropolis\\\/#webpage\",\"url\":\"https:\\\/\\\/www.jornalja.com.br\\\/arquivo\\\/demolidas-casas-listadas-para-integrar-patrimonio-historico-do-petropolis\\\/\",\"name\":\"Demolidas casas listadas para integrar patrim\\u00f4nio hist\\u00f3rico do Petr\\u00f3polis | Arquivo\",\"inLanguage\":\"pt-BR\",\"isPartOf\":{\"@id\":\"https:\\\/\\\/www.jornalja.com.br\\\/arquivo\\\/#website\"},\"breadcrumb\":{\"@id\":\"https:\\\/\\\/www.jornalja.com.br\\\/arquivo\\\/demolidas-casas-listadas-para-integrar-patrimonio-historico-do-petropolis\\\/#breadcrumblist\"},\"author\":{\"@id\":\"https:\\\/\\\/www.jornalja.com.br\\\/arquivo\\\/author\\\/daredacao\\\/#author\"},\"creator\":{\"@id\":\"https:\\\/\\\/www.jornalja.com.br\\\/arquivo\\\/author\\\/daredacao\\\/#author\"},\"image\":{\"@type\":\"ImageObject\",\"url\":18055,\"@id\":\"https:\\\/\\\/www.jornalja.com.br\\\/arquivo\\\/demolidas-casas-listadas-para-integrar-patrimonio-historico-do-petropolis\\\/#mainImage\"},\"primaryImageOfPage\":{\"@id\":\"https:\\\/\\\/www.jornalja.com.br\\\/arquivo\\\/demolidas-casas-listadas-para-integrar-patrimonio-historico-do-petropolis\\\/#mainImage\"},\"datePublished\":\"2017-07-11T18:09:33-03:00\",\"dateModified\":\"2017-07-11T18:09:33-03:00\"},{\"@type\":\"WebSite\",\"@id\":\"https:\\\/\\\/www.jornalja.com.br\\\/arquivo\\\/#website\",\"url\":\"https:\\\/\\\/www.jornalja.com.br\\\/arquivo\\\/\",\"name\":\"Arquivo\",\"description\":\"Jornal J\\u00c1 | Porto Alegre\",\"inLanguage\":\"pt-BR\",\"publisher\":{\"@id\":\"https:\\\/\\\/www.jornalja.com.br\\\/arquivo\\\/#organization\"}}]}\n\t\t<\/script>\n\t\t<!-- All in One SEO -->\n\n","aioseo_head_json":{"title":"Demolidas casas listadas para integrar patrim\u00f4nio hist\u00f3rico do Petr\u00f3polis | Arquivo","description":"","canonical_url":"https:\/\/www.jornalja.com.br\/arquivo\/demolidas-casas-listadas-para-integrar-patrimonio-historico-do-petropolis\/","robots":"max-image-preview:large","keywords":"","webmasterTools":{"miscellaneous":""},"schema":{"@context":"https:\/\/schema.org","@graph":[{"@type":"BlogPosting","@id":"https:\/\/www.jornalja.com.br\/arquivo\/demolidas-casas-listadas-para-integrar-patrimonio-historico-do-petropolis\/#blogposting","name":"Demolidas casas listadas para integrar patrim\u00f4nio hist\u00f3rico do Petr\u00f3polis | Arquivo","headline":"Demolidas casas listadas para integrar patrim\u00f4nio hist\u00f3rico do Petr\u00f3polis","author":{"@id":"https:\/\/www.jornalja.com.br\/arquivo\/author\/daredacao\/#author"},"publisher":{"@id":"https:\/\/www.jornalja.com.br\/arquivo\/#organization"},"image":{"@type":"ImageObject","url":18055},"datePublished":"2017-07-11T18:09:33-03:00","dateModified":"2017-07-11T18:09:33-03:00","inLanguage":"pt-BR","commentCount":2,"mainEntityOfPage":{"@id":"https:\/\/www.jornalja.com.br\/arquivo\/demolidas-casas-listadas-para-integrar-patrimonio-historico-do-petropolis\/#webpage"},"isPartOf":{"@id":"https:\/\/www.jornalja.com.br\/arquivo\/demolidas-casas-listadas-para-integrar-patrimonio-historico-do-petropolis\/#webpage"},"articleSection":"Geral"},{"@type":"BreadcrumbList","@id":"https:\/\/www.jornalja.com.br\/arquivo\/demolidas-casas-listadas-para-integrar-patrimonio-historico-do-petropolis\/#breadcrumblist","itemListElement":[{"@type":"ListItem","@id":"https:\/\/www.jornalja.com.br\/arquivo#listItem","position":1,"name":"Home","item":"https:\/\/www.jornalja.com.br\/arquivo","nextItem":{"@type":"ListItem","@id":"https:\/\/www.jornalja.com.br\/arquivo\/category\/geral\/#listItem","name":"Geral"}},{"@type":"ListItem","@id":"https:\/\/www.jornalja.com.br\/arquivo\/category\/geral\/#listItem","position":2,"name":"Geral","item":"https:\/\/www.jornalja.com.br\/arquivo\/category\/geral\/","nextItem":{"@type":"ListItem","@id":"https:\/\/www.jornalja.com.br\/arquivo\/demolidas-casas-listadas-para-integrar-patrimonio-historico-do-petropolis\/#listItem","name":"Demolidas casas listadas para integrar patrim\u00f4nio hist\u00f3rico do Petr\u00f3polis"},"previousItem":{"@type":"ListItem","@id":"https:\/\/www.jornalja.com.br\/arquivo#listItem","name":"Home"}},{"@type":"ListItem","@id":"https:\/\/www.jornalja.com.br\/arquivo\/demolidas-casas-listadas-para-integrar-patrimonio-historico-do-petropolis\/#listItem","position":3,"name":"Demolidas casas listadas para integrar patrim\u00f4nio hist\u00f3rico do Petr\u00f3polis","previousItem":{"@type":"ListItem","@id":"https:\/\/www.jornalja.com.br\/arquivo\/category\/geral\/#listItem","name":"Geral"}}]},{"@type":"Organization","@id":"https:\/\/www.jornalja.com.br\/arquivo\/#organization","name":"Jornal J\u00c1","description":"Jornal J\u00c1 | Porto Alegre","url":"https:\/\/www.jornalja.com.br\/arquivo\/","telephone":"+555133307272","logo":{"@type":"ImageObject","url":"https:\/\/www.jornalja.com.br\/wp-content\/uploads\/cards\/JAslogan.png","@id":"https:\/\/www.jornalja.com.br\/arquivo\/demolidas-casas-listadas-para-integrar-patrimonio-historico-do-petropolis\/#organizationLogo"},"image":{"@id":"https:\/\/www.jornalja.com.br\/arquivo\/demolidas-casas-listadas-para-integrar-patrimonio-historico-do-petropolis\/#organizationLogo"}},{"@type":"Person","@id":"https:\/\/www.jornalja.com.br\/arquivo\/author\/daredacao\/#author","url":"https:\/\/www.jornalja.com.br\/arquivo\/author\/daredacao\/","name":"da Reda\u00e7\u00e3o","image":{"@type":"ImageObject","@id":"https:\/\/www.jornalja.com.br\/arquivo\/demolidas-casas-listadas-para-integrar-patrimonio-historico-do-petropolis\/#authorImage","url":"https:\/\/secure.gravatar.com\/avatar\/469fd857d6605ad19919d27ed29d35a968a25f6e8fd9318356bbb7f57aae9c65?s=96&d=mm&r=g","width":96,"height":96,"caption":"da Reda\u00e7\u00e3o"}},{"@type":"WebPage","@id":"https:\/\/www.jornalja.com.br\/arquivo\/demolidas-casas-listadas-para-integrar-patrimonio-historico-do-petropolis\/#webpage","url":"https:\/\/www.jornalja.com.br\/arquivo\/demolidas-casas-listadas-para-integrar-patrimonio-historico-do-petropolis\/","name":"Demolidas casas listadas para integrar patrim\u00f4nio hist\u00f3rico do Petr\u00f3polis | Arquivo","inLanguage":"pt-BR","isPartOf":{"@id":"https:\/\/www.jornalja.com.br\/arquivo\/#website"},"breadcrumb":{"@id":"https:\/\/www.jornalja.com.br\/arquivo\/demolidas-casas-listadas-para-integrar-patrimonio-historico-do-petropolis\/#breadcrumblist"},"author":{"@id":"https:\/\/www.jornalja.com.br\/arquivo\/author\/daredacao\/#author"},"creator":{"@id":"https:\/\/www.jornalja.com.br\/arquivo\/author\/daredacao\/#author"},"image":{"@type":"ImageObject","url":18055,"@id":"https:\/\/www.jornalja.com.br\/arquivo\/demolidas-casas-listadas-para-integrar-patrimonio-historico-do-petropolis\/#mainImage"},"primaryImageOfPage":{"@id":"https:\/\/www.jornalja.com.br\/arquivo\/demolidas-casas-listadas-para-integrar-patrimonio-historico-do-petropolis\/#mainImage"},"datePublished":"2017-07-11T18:09:33-03:00","dateModified":"2017-07-11T18:09:33-03:00"},{"@type":"WebSite","@id":"https:\/\/www.jornalja.com.br\/arquivo\/#website","url":"https:\/\/www.jornalja.com.br\/arquivo\/","name":"Arquivo","description":"Jornal J\u00c1 | Porto Alegre","inLanguage":"pt-BR","publisher":{"@id":"https:\/\/www.jornalja.com.br\/arquivo\/#organization"}}]},"og:locale":"pt_BR","og:site_name":"Arquivo | Jornal J\u00c1 | Porto Alegre","og:type":"article","og:title":"Demolidas casas listadas para integrar patrim\u00f4nio hist\u00f3rico do Petr\u00f3polis | Arquivo","og:url":"https:\/\/www.jornalja.com.br\/arquivo\/demolidas-casas-listadas-para-integrar-patrimonio-historico-do-petropolis\/","og:image":"https:\/\/www.jornalja.com.br\/wp-content\/uploads\/2017\/07\/dos-terrenos-hoje-s\u00f3-escombros.-Rua-Farias-Santos-220-e-234-300x400.jpg","og:image:secure_url":"https:\/\/www.jornalja.com.br\/wp-content\/uploads\/2017\/07\/dos-terrenos-hoje-s\u00f3-escombros.-Rua-Farias-Santos-220-e-234-300x400.jpg","article:published_time":"2017-07-11T21:09:33+00:00","article:modified_time":"2017-07-11T21:09:33+00:00","twitter:card":"summary","twitter:title":"Demolidas casas listadas para integrar patrim\u00f4nio hist\u00f3rico do Petr\u00f3polis | Arquivo","twitter:image":"https:\/\/www.jornalja.com.br\/economics\/wp-content\/uploads\/sites\/11\/2026\/08\/ja-folhaderosto-facebook.jpg"},"aioseo_meta_data":{"post_id":"51311","title":null,"description":null,"keywords":null,"keyphrases":null,"primary_term":null,"canonical_url":null,"og_title":null,"og_description":null,"og_object_type":"default","og_image_type":"default","og_image_url":null,"og_image_width":null,"og_image_height":null,"og_image_custom_url":null,"og_image_custom_fields":null,"og_video":null,"og_custom_url":null,"og_article_section":null,"og_article_tags":null,"twitter_use_og":false,"twitter_card":"default","twitter_image_type":"default","twitter_image_url":null,"twitter_image_custom_url":null,"twitter_image_custom_fields":null,"twitter_title":null,"twitter_description":null,"schema":{"blockGraphs":[],"customGraphs":[],"default":{"data":{"Article":[],"Course":[],"Dataset":[],"FAQPage":[],"Movie":[],"Person":[],"Product":[],"ProductReview":[],"Car":[],"Recipe":[],"Service":[],"SoftwareApplication":[],"WebPage":[]},"graphName":"","isEnabled":true},"graphs":[]},"schema_type":null,"schema_type_options":null,"pillar_content":false,"robots_default":true,"robots_noindex":false,"robots_noarchive":false,"robots_nosnippet":false,"robots_nofollow":false,"robots_noimageindex":false,"robots_noodp":false,"robots_notranslate":false,"robots_max_snippet":null,"robots_max_videopreview":null,"robots_max_imagepreview":"large","priority":null,"frequency":null,"location":null,"local_seo":null,"breadcrumb_settings":null,"limit_modified_date":false,"ai":null,"created":"2020-12-20 20:29:58","updated":"2025-07-19 22:59:27","seo_analyzer_scan_date":null,"focus_keyword":null,"additional_keywords":null,"truseo_locale":null},"jetpack_sharing_enabled":true,"jetpack-related-posts":[{"id":13240,"url":"https:\/\/www.jornalja.com.br\/arquivo\/plano-diretor-estamos-construindo-o-caos\/","url_meta":{"origin":51311,"position":0},"title":"Plano diretor: &quot;Estamos construindo o caos&quot;","author":"Patr\u00edcia Marini","date":"26 de maio de 2014","format":false,"excerpt":"Desabafo que arquiteta Eliana Castilhos, delegada da Regi\u00e3o de Planejamento 1, postou nas redes sociais \u00e9 um testemunho do ambiente que se criou no Conselho do Plano Diretor de Porto Alegre, onde a aprova\u00e7\u00e3o de grandes empreendimentos \u00e9 empurrada guela abaixo dos conselheiros. Ao CMDUA Como delegada da Regi\u00e3o de\u2026","rel":"","context":"Em &quot;Geral&quot;","block_context":{"text":"Geral","link":"https:\/\/www.jornalja.com.br\/arquivo\/category\/geral\/"},"img":{"alt_text":"","src":"","width":0,"height":0},"classes":[]},{"id":14241,"url":"https:\/\/www.jornalja.com.br\/arquivo\/o-guaiba-nas-imagens-poeticas-de-achutti\/","url_meta":{"origin":51311,"position":1},"title":"O Gua\u00edba nas imagens po\u00e9ticas de Achutti","author":"da Reda\u00e7\u00e3o","date":"18 de junho de 2014","format":false,"excerpt":"Em \u201cO Gua\u00edba por Achutti\u201d \u2013 obra financiada via Minist\u00e9rio da Cultura, produ\u00e7\u00e3o executiva de Pedro Longhi, e Fl\u00e1vio Wild como designer \u2013, o fot\u00f3grafo revela a beleza e as mazelas de um espa\u00e7o aqu\u00e1tico de \u00e1guas sempre renovadas, cheio de hist\u00f3rias e lendas como as das cidades que foram\u2026","rel":"","context":"Em &quot;Cultura-Geral&quot;","block_context":{"text":"Cultura-Geral","link":"https:\/\/www.jornalja.com.br\/arquivo\/category\/materiasecundaria\/"},"img":{"alt_text":"","src":"","width":0,"height":0},"classes":[]},{"id":13101,"url":"https:\/\/www.jornalja.com.br\/arquivo\/morre-um-guerreiro-do-texto\/","url_meta":{"origin":51311,"position":2},"title":"Morre um guerreiro do texto","author":"Patr\u00edcia Marini","date":"14 de maio de 2014","format":false,"excerpt":"Por Ricardo Kotscho Reproduzido do blog do autor, 11\/5\/2014; t\u00edtulo original \u201cE l\u00e1 se foi o nosso Myltainho, guerreiro do texto\u201d. Mi\u00fado e franzino, meu amigo Myltainho era um valente e inconformado guerreiro na luta contra as injusti\u00e7as sociais, a hipocrisia, as maracutaias, o autoritarismo, a intoler\u00e2ncia, a viol\u00eancia, o\u2026","rel":"","context":"Em &quot;Geral&quot;","block_context":{"text":"Geral","link":"https:\/\/www.jornalja.com.br\/arquivo\/category\/geral\/"},"img":{"alt_text":"","src":"","width":0,"height":0},"classes":[]},{"id":13124,"url":"https:\/\/www.jornalja.com.br\/arquivo\/sangue-latino-no-iecine\/","url_meta":{"origin":51311,"position":3},"title":"Sangue latino no IECINE","author":"da Reda\u00e7\u00e3o","date":"18 de maio de 2014","format":false,"excerpt":"Francisco Ribeiro O Instituto Estadual de Cinema (IECINE) tem a frente, desde abril \u00faltimo, um novo diretor, o cineasta colombiano Juan Zapata, 36, que substitui Luiz Alberto Cassol. Radicado h\u00e1 dez anos em Porto Alegre, Zapata tem diante de si o desafio de conduzir at\u00e9 o final do ano um\u2026","rel":"","context":"Em &quot;Cultura-Geral&quot;","block_context":{"text":"Cultura-Geral","link":"https:\/\/www.jornalja.com.br\/arquivo\/category\/materiasecundaria\/"},"img":{"alt_text":"","src":"","width":0,"height":0},"classes":[]},{"id":5440,"url":"https:\/\/www.jornalja.com.br\/arquivo\/casarao-da-venancio-destino-permanece-incerto\/","url_meta":{"origin":51311,"position":4},"title":"Estado ainda n\u00e3o sabe o que fazer com casar\u00e3o abandonado h\u00e1 20 anos","author":"Elmar Bones","date":"6 de julho de 2009","format":false,"excerpt":"O casar\u00e3o amarelo, numa esquina nobre de Porto Alegre (Ven\u00e2ncio Aires com Jo\u00e3o Pessoa), j\u00e1 abrigou uma escola. H\u00e1 duas d\u00e9cadas, pelo menos, est\u00e1 abandonado, porque seu propriet\u00e1rio, o governo do Estado do Rio Grande do Sul, n\u00e3o consegue achar um destino para ele. Planos n\u00e3o faltaram. O governador Ol\u00edvio\u2026","rel":"","context":"Em &quot;X.Categorias velhas&quot;","block_context":{"text":"X.Categorias velhas","link":"https:\/\/www.jornalja.com.br\/arquivo\/category\/x-categorias-velhas\/"},"img":{"alt_text":"geraldo1","src":"https:\/\/i0.wp.com\/www.jornalja.com.br\/wp-content\/uploads\/2009\/07\/geraldo1.jpg?resize=350%2C200&ssl=1","width":350,"height":200},"classes":[]},{"id":13239,"url":"https:\/\/www.jornalja.com.br\/arquivo\/conselho-desdenha-do-plano-diretor\/","url_meta":{"origin":51311,"position":5},"title":"Porto Alegre: Conselho detona Plano Diretor","author":"Patr\u00edcia Marini","date":"25 de maio de 2014","format":false,"excerpt":"Den\u00fancia do arquiteto e \u00a0urbanista Ibir\u00e1 Santos Lucas. Ele diz que os conselheiros est\u00e3o votando com \"enorme irresponsabilidade\". \"Mudam regime com a maior naturalidade,,,regularizam absurdos de constru\u00e7\u00f5es irregulares... \"O CMDUA est\u00e1 flexibilizando a lei do plano diretor, de uma forma impactante na vida da cidade. Mudam regime com a maior\u2026","rel":"","context":"Em &quot;Geral&quot;","block_context":{"text":"Geral","link":"https:\/\/www.jornalja.com.br\/arquivo\/category\/geral\/"},"img":{"alt_text":"","src":"","width":0,"height":0},"classes":[]}],"jetpack_shortlink":"https:\/\/wp.me\/pbQjBd-dlB","jetpack_featured_media_url":"","_links":{"self":[{"href":"https:\/\/www.jornalja.com.br\/arquivo\/wp-json\/wp\/v2\/posts\/51311","targetHints":{"allow":["GET"]}}],"collection":[{"href":"https:\/\/www.jornalja.com.br\/arquivo\/wp-json\/wp\/v2\/posts"}],"about":[{"href":"https:\/\/www.jornalja.com.br\/arquivo\/wp-json\/wp\/v2\/types\/post"}],"author":[{"embeddable":true,"href":"https:\/\/www.jornalja.com.br\/arquivo\/wp-json\/wp\/v2\/users\/4"}],"replies":[{"embeddable":true,"href":"https:\/\/www.jornalja.com.br\/arquivo\/wp-json\/wp\/v2\/comments?post=51311"}],"version-history":[{"count":0,"href":"https:\/\/www.jornalja.com.br\/arquivo\/wp-json\/wp\/v2\/posts\/51311\/revisions"}],"wp:attachment":[{"href":"https:\/\/www.jornalja.com.br\/arquivo\/wp-json\/wp\/v2\/media?parent=51311"}],"wp:term":[{"taxonomy":"category","embeddable":true,"href":"https:\/\/www.jornalja.com.br\/arquivo\/wp-json\/wp\/v2\/categories?post=51311"},{"taxonomy":"post_tag","embeddable":true,"href":"https:\/\/www.jornalja.com.br\/arquivo\/wp-json\/wp\/v2\/tags?post=51311"}],"curies":[{"name":"wp","href":"https:\/\/api.w.org\/{rel}","templated":true}]}}