{"id":51339,"date":"2017-07-12T09:27:54","date_gmt":"2017-07-12T12:27:54","guid":{"rendered":"https:\/\/www.jornalja.com.br\/?p=51339"},"modified":"2017-07-12T09:27:54","modified_gmt":"2017-07-12T12:27:54","slug":"projeto-que-restringe-ciclovias-em-porto-alegre-pode-ser-votado-nesta-quarta","status":"publish","type":"post","link":"https:\/\/www.jornalja.com.br\/arquivo\/projeto-que-restringe-ciclovias-em-porto-alegre-pode-ser-votado-nesta-quarta\/","title":{"rendered":"Projeto que restringe ciclovias em Porto Alegre pode ser votado nesta quarta"},"content":{"rendered":"<p><span class=\"assina\">Felipe Uhr<\/span><br \/>\nO projeto que altera o Plano Diretor Ciclovi\u00e1rio de Porto Alegre pode ser votado hoj na C\u00e2maara Municipal. O\u00a0vereador Jo\u00e3o Carlos Nedel (PP), autor do Projeto de Lei Complementar O21\/14 prop\u00f5e que as ciclovias s\u00f3 poder\u00e3o ser implantadas se n\u00e3o retirarem faixas para a circula\u00e7\u00e3o de carros ou vagas de estacionamento\u00a0nas vias p\u00fablicas.<br \/>\n\u201cN\u00e3o pode diminuir a pista de rolamento\u201d, comentou o parlamentar.<br \/>\nA mat\u00e9ria est\u00e1 na ordem do dia desde a semana passada e s\u00f3 n\u00e3o foi votada por falta de qu\u00f3rum &#8211; presen\u00e7a m\u00ednima de vereadores em plen\u00e1rio. Se n\u00e3o for votado esta semana, s\u00f3\u00a0depois do recesso, em agosto.H\u00e1 uma orienta\u00e7\u00e3o do executivo municipal para votar contra o projeto.<br \/>\nPara Nedel, h\u00e1 muitas ciclovias ruins na Capital por tirarem vagas de\u00a0estacionamento e trancarem o transito. Ele cita como exemplo as avenidas Jos\u00e9 do Patroc\u00ednio, Jos\u00e9 de Alencar e \u00c9rico Ver\u00edssimo.<br \/>\n\u201cNa \u00c9rico, fizeram uma aberra\u00e7\u00e3o, tiraram o estacionamento dos dois lados\u201d criticou. Nessa avenida, \u00a0do outro lado da Ipiranga, \u00e9 uma\u00a0ciclovia bem planejada, segundo o vereador. No trecho entre o Teatro Renascen\u00e7a at\u00e9 a esquina da Ven\u00e2ncio Aires, a ciclovia \u00e9 no canteiro do corredor de \u00f4nibus, o que n\u00e3o atrapalha o tr\u00e2nsito.<br \/>\nOutra avenida que Nedel classifica como um absurdo receber ciclovia \u00e9 a Assis Brasil. \u201cVai fazer ali como? Onde?\u201d, questiona.<br \/>\nO vereador\u00a0progressista\u00a0prop\u00f5e ainda uma revis\u00e3o do Plano Diretor, finalizado em 2009, e que prev\u00ea mais 400 km de ciclovia na cidade, hoje com pouco mais de 40 km executados.<br \/>\nEle entende que a ciclovia n\u00e3o pode ser uma alternativa de transporte, mas usada apenas para o apoio, uma liga\u00e7\u00e3o aos meios de transporte. Outro argumento de Nedel \u00e9 o fechamento de estabelecimentos comerciais onde foram implementadas faixas de ciclovia.<br \/>\n\u201cNa Jos\u00e9 de Alencar, os comerciantes j\u00e1 est\u00e3o reclamando\u201d. Na Vasco da Gama, o com\u00e9rcio diminuiu 30% onde h\u00e1 faixa para os ciclistas. \u201cV\u00e3o acabar com as pequenas empresas\u201d, salienta o vereador.<br \/>\nPablo Weiss, integrante da Associa\u00e7\u00e3o de Ciclistas de Porto Alegre, classifica o projeto como um retrocesso. &#8220;O est\u00edmulo ao uso de bicicletas \u00e9 uma\u00a0tend\u00eancia em diversas partes do mundo&#8221;, observa.<br \/>\nWeiss lembra que o C\u00f3digo Nacional de Tr\u00e2nsito prioriza a bicicleta, mas isso n\u00e3o \u00e9 respeitado em Porto Alegre. &#8220;Al\u00e9m disso, a implementa\u00e7\u00e3o das ciclovias na cidade\u00a0\u00e9 lenta e sem continuidade\u201d.<br \/>\nO ciclista rebateu, tamb\u00e9m, o argumento de que as ciclovias est\u00e3o matando o com\u00e9rcio. Segundo ele, em Nova Iorque o com\u00e9rcio teve um incremento de 35% onde h\u00e1 ciclovias. \u201cO vereador \u00e9 extremamente retr\u00f3grado\u201d, lamentou.<\/p>\n","protected":false},"excerpt":{"rendered":"<p>Felipe Uhr O projeto que altera o Plano Diretor Ciclovi\u00e1rio de Porto Alegre pode ser votado hoj na C\u00e2maara Municipal. O\u00a0vereador Jo\u00e3o Carlos Nedel (PP), autor do Projeto de Lei Complementar O21\/14 prop\u00f5e que as ciclovias s\u00f3 poder\u00e3o ser implantadas se n\u00e3o retirarem faixas para a circula\u00e7\u00e3o de carros ou vagas de estacionamento\u00a0nas vias p\u00fablicas. [&hellip;]<\/p>\n","protected":false},"author":4,"featured_media":51341,"comment_status":"open","ping_status":"closed","sticky":false,"template":"","format":"standard","meta":{"_jetpack_newsletter_access":"","_jetpack_dont_email_post_to_subs":false,"_jetpack_newsletter_tier_id":0,"_jetpack_memberships_contains_paywalled_content":false,"_jetpack_feature_clip_id":0,"_jetpack_memberships_contains_paid_content":false,"footnotes":"","jetpack_post_was_ever_published":false},"categories":[26],"tags":[],"class_list":["post-51339","post","type-post","status-publish","format-standard","has-post-thumbnail","hentry","category-geral"],"aioseo_notices":[],"aioseo_head":"\n\t\t<!-- All in One SEO 5.0.1.1 - aioseo.com -->\n\t<meta name=\"robots\" content=\"max-image-preview:large\" \/>\n\t<meta name=\"author\" content=\"da Reda\u00e7\u00e3o\"\/>\n\t<link rel=\"canonical\" href=\"https:\/\/www.jornalja.com.br\/arquivo\/projeto-que-restringe-ciclovias-em-porto-alegre-pode-ser-votado-nesta-quarta\/\" \/>\n\t<meta name=\"generator\" content=\"All in One SEO (AIOSEO) 5.0.1.1\" \/>\n\t\t<meta property=\"og:locale\" content=\"pt_BR\" \/>\n\t\t<meta property=\"og:site_name\" content=\"Arquivo | Jornal J\u00c1 | Porto Alegre\" \/>\n\t\t<meta property=\"og:type\" content=\"article\" \/>\n\t\t<meta property=\"og:title\" content=\"Projeto que restringe ciclovias em Porto Alegre pode ser votado nesta quarta | Arquivo\" \/>\n\t\t<meta property=\"og:url\" content=\"https:\/\/www.jornalja.com.br\/arquivo\/projeto-que-restringe-ciclovias-em-porto-alegre-pode-ser-votado-nesta-quarta\/\" \/>\n\t\t<meta property=\"og:image\" content=\"https:\/\/www.jornalja.com.br\/economics\/wp-content\/uploads\/sites\/11\/2026\/08\/ja-folhaderosto-facebook.jpg\" \/>\n\t\t<meta property=\"og:image:secure_url\" content=\"https:\/\/www.jornalja.com.br\/economics\/wp-content\/uploads\/sites\/11\/2026\/08\/ja-folhaderosto-facebook.jpg\" \/>\n\t\t<meta property=\"article:published_time\" content=\"2017-07-12T12:27:54+00:00\" \/>\n\t\t<meta property=\"article:modified_time\" content=\"2017-07-12T12:27:54+00:00\" \/>\n\t\t<meta name=\"twitter:card\" content=\"summary\" \/>\n\t\t<meta name=\"twitter:title\" content=\"Projeto que restringe ciclovias em Porto Alegre pode ser votado nesta quarta | Arquivo\" \/>\n\t\t<meta name=\"twitter:image\" content=\"https:\/\/www.jornalja.com.br\/economics\/wp-content\/uploads\/sites\/11\/2026\/08\/ja-folhaderosto-facebook.jpg\" \/>\n\t\t<script type=\"application\/ld+json\" class=\"aioseo-schema\">\n\t\t\t{\"@context\":\"https:\\\/\\\/schema.org\",\"@graph\":[{\"@type\":\"BlogPosting\",\"@id\":\"https:\\\/\\\/www.jornalja.com.br\\\/arquivo\\\/projeto-que-restringe-ciclovias-em-porto-alegre-pode-ser-votado-nesta-quarta\\\/#blogposting\",\"name\":\"Projeto que restringe ciclovias em Porto Alegre pode ser votado nesta quarta | Arquivo\",\"headline\":\"Projeto que restringe ciclovias em Porto Alegre pode ser votado nesta quarta\",\"author\":{\"@id\":\"https:\\\/\\\/www.jornalja.com.br\\\/arquivo\\\/author\\\/daredacao\\\/#author\"},\"publisher\":{\"@id\":\"https:\\\/\\\/www.jornalja.com.br\\\/arquivo\\\/#organization\"},\"image\":{\"@type\":\"ImageObject\",\"url\":51341},\"datePublished\":\"2017-07-12T09:27:54-03:00\",\"dateModified\":\"2017-07-12T09:27:54-03:00\",\"inLanguage\":\"pt-BR\",\"commentCount\":1,\"mainEntityOfPage\":{\"@id\":\"https:\\\/\\\/www.jornalja.com.br\\\/arquivo\\\/projeto-que-restringe-ciclovias-em-porto-alegre-pode-ser-votado-nesta-quarta\\\/#webpage\"},\"isPartOf\":{\"@id\":\"https:\\\/\\\/www.jornalja.com.br\\\/arquivo\\\/projeto-que-restringe-ciclovias-em-porto-alegre-pode-ser-votado-nesta-quarta\\\/#webpage\"},\"articleSection\":\"Geral\"},{\"@type\":\"BreadcrumbList\",\"@id\":\"https:\\\/\\\/www.jornalja.com.br\\\/arquivo\\\/projeto-que-restringe-ciclovias-em-porto-alegre-pode-ser-votado-nesta-quarta\\\/#breadcrumblist\",\"itemListElement\":[{\"@type\":\"ListItem\",\"@id\":\"https:\\\/\\\/www.jornalja.com.br\\\/arquivo#listItem\",\"position\":1,\"name\":\"Home\",\"item\":\"https:\\\/\\\/www.jornalja.com.br\\\/arquivo\",\"nextItem\":{\"@type\":\"ListItem\",\"@id\":\"https:\\\/\\\/www.jornalja.com.br\\\/arquivo\\\/category\\\/geral\\\/#listItem\",\"name\":\"Geral\"}},{\"@type\":\"ListItem\",\"@id\":\"https:\\\/\\\/www.jornalja.com.br\\\/arquivo\\\/category\\\/geral\\\/#listItem\",\"position\":2,\"name\":\"Geral\",\"item\":\"https:\\\/\\\/www.jornalja.com.br\\\/arquivo\\\/category\\\/geral\\\/\",\"nextItem\":{\"@type\":\"ListItem\",\"@id\":\"https:\\\/\\\/www.jornalja.com.br\\\/arquivo\\\/projeto-que-restringe-ciclovias-em-porto-alegre-pode-ser-votado-nesta-quarta\\\/#listItem\",\"name\":\"Projeto que restringe ciclovias em Porto Alegre pode ser votado nesta quarta\"},\"previousItem\":{\"@type\":\"ListItem\",\"@id\":\"https:\\\/\\\/www.jornalja.com.br\\\/arquivo#listItem\",\"name\":\"Home\"}},{\"@type\":\"ListItem\",\"@id\":\"https:\\\/\\\/www.jornalja.com.br\\\/arquivo\\\/projeto-que-restringe-ciclovias-em-porto-alegre-pode-ser-votado-nesta-quarta\\\/#listItem\",\"position\":3,\"name\":\"Projeto que restringe ciclovias em Porto Alegre pode ser votado nesta quarta\",\"previousItem\":{\"@type\":\"ListItem\",\"@id\":\"https:\\\/\\\/www.jornalja.com.br\\\/arquivo\\\/category\\\/geral\\\/#listItem\",\"name\":\"Geral\"}}]},{\"@type\":\"Organization\",\"@id\":\"https:\\\/\\\/www.jornalja.com.br\\\/arquivo\\\/#organization\",\"name\":\"Jornal J\\u00c1\",\"description\":\"Jornal J\\u00c1 | Porto Alegre\",\"url\":\"https:\\\/\\\/www.jornalja.com.br\\\/arquivo\\\/\",\"telephone\":\"+555133307272\",\"logo\":{\"@type\":\"ImageObject\",\"url\":\"https:\\\/\\\/www.jornalja.com.br\\\/wp-content\\\/uploads\\\/cards\\\/JAslogan.png\",\"@id\":\"https:\\\/\\\/www.jornalja.com.br\\\/arquivo\\\/projeto-que-restringe-ciclovias-em-porto-alegre-pode-ser-votado-nesta-quarta\\\/#organizationLogo\"},\"image\":{\"@id\":\"https:\\\/\\\/www.jornalja.com.br\\\/arquivo\\\/projeto-que-restringe-ciclovias-em-porto-alegre-pode-ser-votado-nesta-quarta\\\/#organizationLogo\"}},{\"@type\":\"Person\",\"@id\":\"https:\\\/\\\/www.jornalja.com.br\\\/arquivo\\\/author\\\/daredacao\\\/#author\",\"url\":\"https:\\\/\\\/www.jornalja.com.br\\\/arquivo\\\/author\\\/daredacao\\\/\",\"name\":\"da Reda\\u00e7\\u00e3o\",\"image\":{\"@type\":\"ImageObject\",\"@id\":\"https:\\\/\\\/www.jornalja.com.br\\\/arquivo\\\/projeto-que-restringe-ciclovias-em-porto-alegre-pode-ser-votado-nesta-quarta\\\/#authorImage\",\"url\":\"https:\\\/\\\/secure.gravatar.com\\\/avatar\\\/469fd857d6605ad19919d27ed29d35a968a25f6e8fd9318356bbb7f57aae9c65?s=96&d=mm&r=g\",\"width\":96,\"height\":96,\"caption\":\"da Reda\\u00e7\\u00e3o\"}},{\"@type\":\"WebPage\",\"@id\":\"https:\\\/\\\/www.jornalja.com.br\\\/arquivo\\\/projeto-que-restringe-ciclovias-em-porto-alegre-pode-ser-votado-nesta-quarta\\\/#webpage\",\"url\":\"https:\\\/\\\/www.jornalja.com.br\\\/arquivo\\\/projeto-que-restringe-ciclovias-em-porto-alegre-pode-ser-votado-nesta-quarta\\\/\",\"name\":\"Projeto que restringe ciclovias em Porto Alegre pode ser votado nesta quarta | Arquivo\",\"inLanguage\":\"pt-BR\",\"isPartOf\":{\"@id\":\"https:\\\/\\\/www.jornalja.com.br\\\/arquivo\\\/#website\"},\"breadcrumb\":{\"@id\":\"https:\\\/\\\/www.jornalja.com.br\\\/arquivo\\\/projeto-que-restringe-ciclovias-em-porto-alegre-pode-ser-votado-nesta-quarta\\\/#breadcrumblist\"},\"author\":{\"@id\":\"https:\\\/\\\/www.jornalja.com.br\\\/arquivo\\\/author\\\/daredacao\\\/#author\"},\"creator\":{\"@id\":\"https:\\\/\\\/www.jornalja.com.br\\\/arquivo\\\/author\\\/daredacao\\\/#author\"},\"image\":{\"@type\":\"ImageObject\",\"url\":51341,\"@id\":\"https:\\\/\\\/www.jornalja.com.br\\\/arquivo\\\/projeto-que-restringe-ciclovias-em-porto-alegre-pode-ser-votado-nesta-quarta\\\/#mainImage\"},\"primaryImageOfPage\":{\"@id\":\"https:\\\/\\\/www.jornalja.com.br\\\/arquivo\\\/projeto-que-restringe-ciclovias-em-porto-alegre-pode-ser-votado-nesta-quarta\\\/#mainImage\"},\"datePublished\":\"2017-07-12T09:27:54-03:00\",\"dateModified\":\"2017-07-12T09:27:54-03:00\"},{\"@type\":\"WebSite\",\"@id\":\"https:\\\/\\\/www.jornalja.com.br\\\/arquivo\\\/#website\",\"url\":\"https:\\\/\\\/www.jornalja.com.br\\\/arquivo\\\/\",\"name\":\"Arquivo\",\"description\":\"Jornal J\\u00c1 | Porto Alegre\",\"inLanguage\":\"pt-BR\",\"publisher\":{\"@id\":\"https:\\\/\\\/www.jornalja.com.br\\\/arquivo\\\/#organization\"}}]}\n\t\t<\/script>\n\t\t<!-- All in One SEO -->\n\n","aioseo_head_json":{"title":"Projeto que restringe ciclovias em Porto Alegre pode ser votado nesta quarta | Arquivo","description":"","canonical_url":"https:\/\/www.jornalja.com.br\/arquivo\/projeto-que-restringe-ciclovias-em-porto-alegre-pode-ser-votado-nesta-quarta\/","robots":"max-image-preview:large","keywords":"","webmasterTools":{"miscellaneous":""},"schema":{"@context":"https:\/\/schema.org","@graph":[{"@type":"BlogPosting","@id":"https:\/\/www.jornalja.com.br\/arquivo\/projeto-que-restringe-ciclovias-em-porto-alegre-pode-ser-votado-nesta-quarta\/#blogposting","name":"Projeto que restringe ciclovias em Porto Alegre pode ser votado nesta quarta | Arquivo","headline":"Projeto que restringe ciclovias em Porto Alegre pode ser votado nesta quarta","author":{"@id":"https:\/\/www.jornalja.com.br\/arquivo\/author\/daredacao\/#author"},"publisher":{"@id":"https:\/\/www.jornalja.com.br\/arquivo\/#organization"},"image":{"@type":"ImageObject","url":51341},"datePublished":"2017-07-12T09:27:54-03:00","dateModified":"2017-07-12T09:27:54-03:00","inLanguage":"pt-BR","commentCount":1,"mainEntityOfPage":{"@id":"https:\/\/www.jornalja.com.br\/arquivo\/projeto-que-restringe-ciclovias-em-porto-alegre-pode-ser-votado-nesta-quarta\/#webpage"},"isPartOf":{"@id":"https:\/\/www.jornalja.com.br\/arquivo\/projeto-que-restringe-ciclovias-em-porto-alegre-pode-ser-votado-nesta-quarta\/#webpage"},"articleSection":"Geral"},{"@type":"BreadcrumbList","@id":"https:\/\/www.jornalja.com.br\/arquivo\/projeto-que-restringe-ciclovias-em-porto-alegre-pode-ser-votado-nesta-quarta\/#breadcrumblist","itemListElement":[{"@type":"ListItem","@id":"https:\/\/www.jornalja.com.br\/arquivo#listItem","position":1,"name":"Home","item":"https:\/\/www.jornalja.com.br\/arquivo","nextItem":{"@type":"ListItem","@id":"https:\/\/www.jornalja.com.br\/arquivo\/category\/geral\/#listItem","name":"Geral"}},{"@type":"ListItem","@id":"https:\/\/www.jornalja.com.br\/arquivo\/category\/geral\/#listItem","position":2,"name":"Geral","item":"https:\/\/www.jornalja.com.br\/arquivo\/category\/geral\/","nextItem":{"@type":"ListItem","@id":"https:\/\/www.jornalja.com.br\/arquivo\/projeto-que-restringe-ciclovias-em-porto-alegre-pode-ser-votado-nesta-quarta\/#listItem","name":"Projeto que restringe ciclovias em Porto Alegre pode ser votado nesta quarta"},"previousItem":{"@type":"ListItem","@id":"https:\/\/www.jornalja.com.br\/arquivo#listItem","name":"Home"}},{"@type":"ListItem","@id":"https:\/\/www.jornalja.com.br\/arquivo\/projeto-que-restringe-ciclovias-em-porto-alegre-pode-ser-votado-nesta-quarta\/#listItem","position":3,"name":"Projeto que restringe ciclovias em Porto Alegre pode ser votado nesta quarta","previousItem":{"@type":"ListItem","@id":"https:\/\/www.jornalja.com.br\/arquivo\/category\/geral\/#listItem","name":"Geral"}}]},{"@type":"Organization","@id":"https:\/\/www.jornalja.com.br\/arquivo\/#organization","name":"Jornal J\u00c1","description":"Jornal J\u00c1 | Porto Alegre","url":"https:\/\/www.jornalja.com.br\/arquivo\/","telephone":"+555133307272","logo":{"@type":"ImageObject","url":"https:\/\/www.jornalja.com.br\/wp-content\/uploads\/cards\/JAslogan.png","@id":"https:\/\/www.jornalja.com.br\/arquivo\/projeto-que-restringe-ciclovias-em-porto-alegre-pode-ser-votado-nesta-quarta\/#organizationLogo"},"image":{"@id":"https:\/\/www.jornalja.com.br\/arquivo\/projeto-que-restringe-ciclovias-em-porto-alegre-pode-ser-votado-nesta-quarta\/#organizationLogo"}},{"@type":"Person","@id":"https:\/\/www.jornalja.com.br\/arquivo\/author\/daredacao\/#author","url":"https:\/\/www.jornalja.com.br\/arquivo\/author\/daredacao\/","name":"da Reda\u00e7\u00e3o","image":{"@type":"ImageObject","@id":"https:\/\/www.jornalja.com.br\/arquivo\/projeto-que-restringe-ciclovias-em-porto-alegre-pode-ser-votado-nesta-quarta\/#authorImage","url":"https:\/\/secure.gravatar.com\/avatar\/469fd857d6605ad19919d27ed29d35a968a25f6e8fd9318356bbb7f57aae9c65?s=96&d=mm&r=g","width":96,"height":96,"caption":"da Reda\u00e7\u00e3o"}},{"@type":"WebPage","@id":"https:\/\/www.jornalja.com.br\/arquivo\/projeto-que-restringe-ciclovias-em-porto-alegre-pode-ser-votado-nesta-quarta\/#webpage","url":"https:\/\/www.jornalja.com.br\/arquivo\/projeto-que-restringe-ciclovias-em-porto-alegre-pode-ser-votado-nesta-quarta\/","name":"Projeto que restringe ciclovias em Porto Alegre pode ser votado nesta quarta | Arquivo","inLanguage":"pt-BR","isPartOf":{"@id":"https:\/\/www.jornalja.com.br\/arquivo\/#website"},"breadcrumb":{"@id":"https:\/\/www.jornalja.com.br\/arquivo\/projeto-que-restringe-ciclovias-em-porto-alegre-pode-ser-votado-nesta-quarta\/#breadcrumblist"},"author":{"@id":"https:\/\/www.jornalja.com.br\/arquivo\/author\/daredacao\/#author"},"creator":{"@id":"https:\/\/www.jornalja.com.br\/arquivo\/author\/daredacao\/#author"},"image":{"@type":"ImageObject","url":51341,"@id":"https:\/\/www.jornalja.com.br\/arquivo\/projeto-que-restringe-ciclovias-em-porto-alegre-pode-ser-votado-nesta-quarta\/#mainImage"},"primaryImageOfPage":{"@id":"https:\/\/www.jornalja.com.br\/arquivo\/projeto-que-restringe-ciclovias-em-porto-alegre-pode-ser-votado-nesta-quarta\/#mainImage"},"datePublished":"2017-07-12T09:27:54-03:00","dateModified":"2017-07-12T09:27:54-03:00"},{"@type":"WebSite","@id":"https:\/\/www.jornalja.com.br\/arquivo\/#website","url":"https:\/\/www.jornalja.com.br\/arquivo\/","name":"Arquivo","description":"Jornal J\u00c1 | Porto Alegre","inLanguage":"pt-BR","publisher":{"@id":"https:\/\/www.jornalja.com.br\/arquivo\/#organization"}}]},"og:locale":"pt_BR","og:site_name":"Arquivo | Jornal J\u00c1 | Porto Alegre","og:type":"article","og:title":"Projeto que restringe ciclovias em Porto Alegre pode ser votado nesta quarta | Arquivo","og:url":"https:\/\/www.jornalja.com.br\/arquivo\/projeto-que-restringe-ciclovias-em-porto-alegre-pode-ser-votado-nesta-quarta\/","og:image":"https:\/\/www.jornalja.com.br\/economics\/wp-content\/uploads\/sites\/11\/2026\/08\/ja-folhaderosto-facebook.jpg","og:image:secure_url":"https:\/\/www.jornalja.com.br\/economics\/wp-content\/uploads\/sites\/11\/2026\/08\/ja-folhaderosto-facebook.jpg","article:published_time":"2017-07-12T12:27:54+00:00","article:modified_time":"2017-07-12T12:27:54+00:00","twitter:card":"summary","twitter:title":"Projeto que restringe ciclovias em Porto Alegre pode ser votado nesta quarta | Arquivo","twitter:image":"https:\/\/www.jornalja.com.br\/economics\/wp-content\/uploads\/sites\/11\/2026\/08\/ja-folhaderosto-facebook.jpg"},"aioseo_meta_data":{"post_id":"51339","title":null,"description":null,"keywords":null,"keyphrases":null,"primary_term":null,"canonical_url":null,"og_title":null,"og_description":null,"og_object_type":"default","og_image_type":"default","og_image_url":null,"og_image_width":null,"og_image_height":null,"og_image_custom_url":null,"og_image_custom_fields":null,"og_video":null,"og_custom_url":null,"og_article_section":null,"og_article_tags":null,"twitter_use_og":false,"twitter_card":"default","twitter_image_type":"default","twitter_image_url":null,"twitter_image_custom_url":null,"twitter_image_custom_fields":null,"twitter_title":null,"twitter_description":null,"schema":{"blockGraphs":[],"customGraphs":[],"default":{"data":{"Article":[],"Course":[],"Dataset":[],"FAQPage":[],"Movie":[],"Person":[],"Product":[],"ProductReview":[],"Car":[],"Recipe":[],"Service":[],"SoftwareApplication":[],"WebPage":[]},"graphName":"","isEnabled":true},"graphs":[],"defaultGraph":"","defaultPostTypeGraph":""},"schema_type":null,"schema_type_options":null,"pillar_content":false,"robots_default":true,"robots_noindex":false,"robots_noarchive":false,"robots_nosnippet":false,"robots_nofollow":false,"robots_noimageindex":false,"robots_noodp":false,"robots_notranslate":false,"robots_max_snippet":null,"robots_max_videopreview":null,"robots_max_imagepreview":"large","priority":null,"frequency":null,"location":null,"local_seo":null,"breadcrumb_settings":null,"limit_modified_date":false,"ai":null,"created":"2020-12-20 20:29:58","updated":"2025-07-19 23:04:16","seo_analyzer_scan_date":null,"focus_keyword":null,"additional_keywords":null,"truseo_locale":null},"jetpack_sharing_enabled":true,"jetpack-related-posts":[{"id":13239,"url":"https:\/\/www.jornalja.com.br\/arquivo\/conselho-desdenha-do-plano-diretor\/","url_meta":{"origin":51339,"position":0},"title":"Porto Alegre: Conselho detona Plano Diretor","author":"Patr\u00edcia Marini","date":"25 de maio de 2014","format":false,"excerpt":"Den\u00fancia do arquiteto e \u00a0urbanista Ibir\u00e1 Santos Lucas. Ele diz que os conselheiros est\u00e3o votando com \"enorme irresponsabilidade\". \"Mudam regime com a maior naturalidade,,,regularizam absurdos de constru\u00e7\u00f5es irregulares... \"O CMDUA est\u00e1 flexibilizando a lei do plano diretor, de uma forma impactante na vida da cidade. Mudam regime com a maior\u2026","rel":"","context":"Em &quot;Geral&quot;","block_context":{"text":"Geral","link":"https:\/\/www.jornalja.com.br\/arquivo\/category\/geral\/"},"img":{"alt_text":"","src":"","width":0,"height":0},"classes":[]},{"id":13240,"url":"https:\/\/www.jornalja.com.br\/arquivo\/plano-diretor-estamos-construindo-o-caos\/","url_meta":{"origin":51339,"position":1},"title":"Plano diretor: &quot;Estamos construindo o caos&quot;","author":"Patr\u00edcia Marini","date":"26 de maio de 2014","format":false,"excerpt":"Desabafo que arquiteta Eliana Castilhos, delegada da Regi\u00e3o de Planejamento 1, postou nas redes sociais \u00e9 um testemunho do ambiente que se criou no Conselho do Plano Diretor de Porto Alegre, onde a aprova\u00e7\u00e3o de grandes empreendimentos \u00e9 empurrada guela abaixo dos conselheiros. Ao CMDUA Como delegada da Regi\u00e3o de\u2026","rel":"","context":"Em &quot;Geral&quot;","block_context":{"text":"Geral","link":"https:\/\/www.jornalja.com.br\/arquivo\/category\/geral\/"},"img":{"alt_text":"","src":"","width":0,"height":0},"classes":[]},{"id":5440,"url":"https:\/\/www.jornalja.com.br\/arquivo\/casarao-da-venancio-destino-permanece-incerto\/","url_meta":{"origin":51339,"position":2},"title":"Estado ainda n\u00e3o sabe o que fazer com casar\u00e3o abandonado h\u00e1 20 anos","author":"Elmar Bones","date":"6 de julho de 2009","format":false,"excerpt":"O casar\u00e3o amarelo, numa esquina nobre de Porto Alegre (Ven\u00e2ncio Aires com Jo\u00e3o Pessoa), j\u00e1 abrigou uma escola. H\u00e1 duas d\u00e9cadas, pelo menos, est\u00e1 abandonado, porque seu propriet\u00e1rio, o governo do Estado do Rio Grande do Sul, n\u00e3o consegue achar um destino para ele. Planos n\u00e3o faltaram. O governador Ol\u00edvio\u2026","rel":"","context":"Em &quot;X.Categorias velhas&quot;","block_context":{"text":"X.Categorias velhas","link":"https:\/\/www.jornalja.com.br\/arquivo\/category\/x-categorias-velhas\/"},"img":{"alt_text":"geraldo1","src":"https:\/\/i0.wp.com\/www.jornalja.com.br\/wp-content\/uploads\/2009\/07\/geraldo1.jpg?resize=350%2C200&ssl=1","width":350,"height":200},"classes":[]},{"id":13109,"url":"https:\/\/www.jornalja.com.br\/arquivo\/judiciario-reconhece-poluicao-eletromagnetica\/","url_meta":{"origin":51339,"position":3},"title":"Judici\u00e1rio reconhece polui\u00e7\u00e3o eletromagn\u00e9tica","author":"Patr\u00edcia Marini","date":"16 de maio de 2014","format":false,"excerpt":"A\u00e7\u00e3o de duas associa\u00e7\u00f5es de moradores foi acolhida pelo Tribunal de Justi\u00e7a de S\u00e3o Paulo que. em decis\u00e3o in\u00e9dita, determinou a redu\u00e7\u00e3o do campo eletromagn\u00e9tico gerado pelas linhas de transmiss\u00e3o de energia que cortam os bairros City Boa\u00e7ava e Alto de Pinheiros. \u00c9 a primeira vez que um tribunal do\u2026","rel":"","context":"Em &quot;X.Categorias velhas&quot;","block_context":{"text":"X.Categorias velhas","link":"https:\/\/www.jornalja.com.br\/arquivo\/category\/x-categorias-velhas\/"},"img":{"alt_text":"","src":"","width":0,"height":0},"classes":[]},{"id":14241,"url":"https:\/\/www.jornalja.com.br\/arquivo\/o-guaiba-nas-imagens-poeticas-de-achutti\/","url_meta":{"origin":51339,"position":4},"title":"O Gua\u00edba nas imagens po\u00e9ticas de Achutti","author":"da Reda\u00e7\u00e3o","date":"18 de junho de 2014","format":false,"excerpt":"Em \u201cO Gua\u00edba por Achutti\u201d \u2013 obra financiada via Minist\u00e9rio da Cultura, produ\u00e7\u00e3o executiva de Pedro Longhi, e Fl\u00e1vio Wild como designer \u2013, o fot\u00f3grafo revela a beleza e as mazelas de um espa\u00e7o aqu\u00e1tico de \u00e1guas sempre renovadas, cheio de hist\u00f3rias e lendas como as das cidades que foram\u2026","rel":"","context":"Em &quot;Cultura-Geral&quot;","block_context":{"text":"Cultura-Geral","link":"https:\/\/www.jornalja.com.br\/arquivo\/category\/materiasecundaria\/"},"img":{"alt_text":"","src":"","width":0,"height":0},"classes":[]},{"id":13124,"url":"https:\/\/www.jornalja.com.br\/arquivo\/sangue-latino-no-iecine\/","url_meta":{"origin":51339,"position":5},"title":"Sangue latino no IECINE","author":"da Reda\u00e7\u00e3o","date":"18 de maio de 2014","format":false,"excerpt":"Francisco Ribeiro O Instituto Estadual de Cinema (IECINE) tem a frente, desde abril \u00faltimo, um novo diretor, o cineasta colombiano Juan Zapata, 36, que substitui Luiz Alberto Cassol. Radicado h\u00e1 dez anos em Porto Alegre, Zapata tem diante de si o desafio de conduzir at\u00e9 o final do ano um\u2026","rel":"","context":"Em &quot;Cultura-Geral&quot;","block_context":{"text":"Cultura-Geral","link":"https:\/\/www.jornalja.com.br\/arquivo\/category\/materiasecundaria\/"},"img":{"alt_text":"","src":"","width":0,"height":0},"classes":[]}],"jetpack_shortlink":"https:\/\/wp.me\/pbQjBd-dm3","jetpack_featured_media_url":"","_links":{"self":[{"href":"https:\/\/www.jornalja.com.br\/arquivo\/wp-json\/wp\/v2\/posts\/51339","targetHints":{"allow":["GET"]}}],"collection":[{"href":"https:\/\/www.jornalja.com.br\/arquivo\/wp-json\/wp\/v2\/posts"}],"about":[{"href":"https:\/\/www.jornalja.com.br\/arquivo\/wp-json\/wp\/v2\/types\/post"}],"author":[{"embeddable":true,"href":"https:\/\/www.jornalja.com.br\/arquivo\/wp-json\/wp\/v2\/users\/4"}],"replies":[{"embeddable":true,"href":"https:\/\/www.jornalja.com.br\/arquivo\/wp-json\/wp\/v2\/comments?post=51339"}],"version-history":[{"count":0,"href":"https:\/\/www.jornalja.com.br\/arquivo\/wp-json\/wp\/v2\/posts\/51339\/revisions"}],"wp:attachment":[{"href":"https:\/\/www.jornalja.com.br\/arquivo\/wp-json\/wp\/v2\/media?parent=51339"}],"wp:term":[{"taxonomy":"category","embeddable":true,"href":"https:\/\/www.jornalja.com.br\/arquivo\/wp-json\/wp\/v2\/categories?post=51339"},{"taxonomy":"post_tag","embeddable":true,"href":"https:\/\/www.jornalja.com.br\/arquivo\/wp-json\/wp\/v2\/tags?post=51339"}],"curies":[{"name":"wp","href":"https:\/\/api.w.org\/{rel}","templated":true}]}}