{"id":51343,"date":"2017-07-12T13:12:42","date_gmt":"2017-07-12T16:12:42","guid":{"rendered":"https:\/\/www.jornalja.com.br\/?p=51343"},"modified":"2017-07-12T13:12:42","modified_gmt":"2017-07-12T16:12:42","slug":"vereadores-discutem-alternativas-para-liberar-quadra-da-imperadores-do-samba","status":"publish","type":"post","link":"https:\/\/www.jornalja.com.br\/arquivo\/vereadores-discutem-alternativas-para-liberar-quadra-da-imperadores-do-samba\/","title":{"rendered":"Vereadores discutem alternativas para liberar quadra da Imperadores do Samba"},"content":{"rendered":"<p>Interditada pelo Minist\u00e9rio P\u00fablico desde o inicio do m\u00eas de julho, a quadra da escola\u00a0 Imperadores do Samba foi assunto, na tarde de ter\u00e7a-feira, 11, na reuni\u00e3o da Comiss\u00e3o de Defesa do Consumidor, Direitos Humanos e Seguran\u00e7a Urbana (Cedecondh), na C\u00e2mara Municipal de Porto Alegre.<br \/>\nNa reuni\u00e3o, o procurador do Munic\u00edpio Armando Domingues anunciou uma audi\u00eancia de concilia\u00e7\u00e3o com a ju\u00edza Ana Terres para o come\u00e7o de agosto.<br \/>\nIntegrantes da escola de samba lotaram a sala 301 para acompanhar a discuss\u00e3o. Na interdi\u00e7\u00e3o, o MP alega que a escola n\u00e3o cumpriu o Termo de Ajustamento de Conduta (TAC) assinado em 2013 e que a escola s\u00f3 poderia realizar eventos ligados ao samba.<br \/>\n&#8220;Foi uma decis\u00e3o muito dr\u00e1stica&#8221;, afirmou o presidente da escola, Rodrigo Costa. Segundo ele a Imperadores precisa ceder sua quadra para shows e eventos para arrecadar recursos para o carnaval, &#8220;que se torna invi\u00e1vel se n\u00e3o for assim&#8221;.<br \/>\n<figure id=\"attachment_51365\" aria-describedby=\"caption-attachment-51365\" style=\"width: 1150px\" class=\"wp-caption alignnone\"><img loading=\"lazy\" decoding=\"async\" class=\"wp-image-51365 size-full\" src=\"https:\/\/www.jornalja.com.br\/wp-content\/uploads\/2017\/07\/Reprod-Poa-24-Horas-2.jpg\" alt=\"\" width=\"1150\" height=\"709\" \/><figcaption id=\"caption-attachment-51365\" class=\"wp-caption-text\">Escola est\u00e1 interditada desde o in\u00edcio do m\u00eas\/Divulga\u00e7\u00e3o<\/figcaption><\/figure><br \/>\nO procurador adjunto de Porto Alegre, Roberto Rocha, salientou que o TAC foi celebrado em um contexto diferente. Outro ponto relatado pelo procurador \u00e9 que o terreno pertence \u00e0 Prefeitura e o MP n\u00e3o pode determinar a retirada da escola do local. &#8220;Pediram a n\u00f3s algo que j\u00e1 foi feito&#8221;, alegou Armando, referindo-se ao fato de que a PGM j\u00e1 negocia com a escola a quest\u00e3o dos shows e o cumprimento do TAC.<br \/>\nTamb\u00e9m presente no debate, o ex-promotor e jornalista Claudio Britto fez sugest\u00f5es para a resolu\u00e7\u00e3o do caso. &#8220;Antes de tudo, sou carnavalesco&#8221;, frisou. Para Britto, altera\u00e7\u00f5es na lei, atrav\u00e9s do Legislativo ou Executivo, tornariam a a\u00e7\u00e3o sem objeto.<br \/>\nBritto lembrou situa\u00e7\u00f5es parecidas ocorridas em Uruguaiana durante o governo Collares (1986-1988). Na cidade da fronteira, a escola Rouxinol tinha sido proibida de ensaiar. Em solidariedade, as outras escolas tamb\u00e9m pararam seus ensaios. A cria\u00e7\u00e3o de uma lei regulamentando os ensaios resolveu a situa\u00e7\u00e3o, por\u00e9m a poucos dias do carnaval, as escolas alegaram que n\u00e3o havia tempo h\u00e1bil.<br \/>\n&#8220;A\u00ed o prefeito perguntou quanto tempo elas precisavam. Uns 45 dias&#8230; assim n\u00f3s criamos o carnaval fora de \u00e9poca l\u00e1 em Uruguaiana&#8221;, recordou o carnavalesco.<br \/>\nPara Britto, um encaminhamento na altera\u00e7\u00e3o da\u00a0<strong><a href=\"http:\/\/www2.portoalegre.rs.gov.br\/cgi-bin\/nph-brs?s1=000026088.DOCN.&amp;l=20&amp;u=\/netahtml\/sirel\/simples.html&amp;p=1&amp;r=1&amp;f=G&amp;d=atos&amp;SECT1=TEXT\" target=\"_blank\" rel=\"noopener noreferrer\">Lei Complementar n\u00ba 502<\/a><\/strong>, que permite que as escolas de samba do Munic\u00edpio realizem um evento por m\u00eas, com hor\u00e1rio fixado at\u00e9 \u00e0s 4h do dia seguinte, seria importante antes da reuni\u00e3o de concilia\u00e7\u00e3o com a ju\u00edza.<br \/>\nOs vereadores presentes anunciaram que v\u00e3o agilizar o encaminhamento de\u00a0 uma emenda antes do recesso dia 16 deste m\u00eas. Assim, a lei passar\u00e1 a considerar todos os eventos de cunho arrecadat\u00f3rio promovidos pelas escolas de samba como relacionados ao carnaval.<br \/>\n\u201cEsperamos progredir e garantir o direito de fazer carnaval\u201d, declarou Jo\u00e3o Bosco Vaz (PDT).<br \/>\n<figure id=\"attachment_51366\" aria-describedby=\"caption-attachment-51366\" style=\"width: 1150px\" class=\"wp-caption alignnone\"><img loading=\"lazy\" decoding=\"async\" class=\"wp-image-51366 size-full\" src=\"https:\/\/www.jornalja.com.br\/wp-content\/uploads\/2017\/07\/LOC_9458.jpg\" alt=\"\" width=\"1150\" height=\"766\" \/><figcaption id=\"caption-attachment-51366\" class=\"wp-caption-text\">Carnavalescos atentos \u00e0 possibilidade de retirada da quadra da escola na \u00e1rea ao lado do Est\u00e1dio Beira-Rio\/Leonardo Contursi\/CMPA<\/figcaption><\/figure><br \/>\nO secret\u00e1rio adjunto de Rela\u00e7\u00f5es Institucionais, Carlos Siegle, o &#8220;Nen\u00ea&#8221;, disse que a Prefeitura ir\u00e1 avaliar as possibilidades junto ao vice -prefeito Gustavo Paim, que acompanha de perto o caso. O MP n\u00e3o compareceu ao debate.<br \/>\n&nbsp;<\/p>\n","protected":false},"excerpt":{"rendered":"<p>Interditada pelo Minist\u00e9rio P\u00fablico desde o inicio do m\u00eas de julho, a quadra da escola\u00a0 Imperadores do Samba foi assunto, na tarde de ter\u00e7a-feira, 11, na reuni\u00e3o da Comiss\u00e3o de Defesa do Consumidor, Direitos Humanos e Seguran\u00e7a Urbana (Cedecondh), na C\u00e2mara Municipal de Porto Alegre. Na reuni\u00e3o, o procurador do Munic\u00edpio Armando Domingues anunciou uma [&hellip;]<\/p>\n","protected":false},"author":4,"featured_media":51367,"comment_status":"open","ping_status":"closed","sticky":false,"template":"","format":"standard","meta":{"_jetpack_newsletter_access":"","_jetpack_dont_email_post_to_subs":false,"_jetpack_newsletter_tier_id":0,"_jetpack_memberships_contains_paywalled_content":false,"_jetpack_feature_clip_id":0,"_jetpack_memberships_contains_paid_content":false,"footnotes":"","jetpack_post_was_ever_published":false},"categories":[26],"tags":[],"class_list":["post-51343","post","type-post","status-publish","format-standard","has-post-thumbnail","hentry","category-geral"],"aioseo_notices":[],"aioseo_head":"\n\t\t<!-- All in One SEO 5.0.1.1 - aioseo.com -->\n\t<meta name=\"robots\" content=\"max-image-preview:large\" \/>\n\t<meta name=\"author\" content=\"da Reda\u00e7\u00e3o\"\/>\n\t<link rel=\"canonical\" href=\"https:\/\/www.jornalja.com.br\/arquivo\/vereadores-discutem-alternativas-para-liberar-quadra-da-imperadores-do-samba\/\" \/>\n\t<meta name=\"generator\" content=\"All in One SEO (AIOSEO) 5.0.1.1\" \/>\n\t\t<meta property=\"og:locale\" content=\"pt_BR\" \/>\n\t\t<meta property=\"og:site_name\" content=\"Arquivo | Jornal J\u00c1 | Porto Alegre\" \/>\n\t\t<meta property=\"og:type\" content=\"article\" \/>\n\t\t<meta property=\"og:title\" content=\"Vereadores discutem alternativas para liberar quadra da Imperadores do Samba | Arquivo\" \/>\n\t\t<meta property=\"og:url\" content=\"https:\/\/www.jornalja.com.br\/arquivo\/vereadores-discutem-alternativas-para-liberar-quadra-da-imperadores-do-samba\/\" \/>\n\t\t<meta property=\"og:image\" content=\"https:\/\/www.jornalja.com.br\/wp-content\/uploads\/2017\/07\/Reprod-Poa-24-Horas-2.jpg\" \/>\n\t\t<meta property=\"og:image:secure_url\" content=\"https:\/\/www.jornalja.com.br\/wp-content\/uploads\/2017\/07\/Reprod-Poa-24-Horas-2.jpg\" \/>\n\t\t<meta property=\"article:published_time\" content=\"2017-07-12T16:12:42+00:00\" \/>\n\t\t<meta property=\"article:modified_time\" content=\"2017-07-12T16:12:42+00:00\" \/>\n\t\t<meta name=\"twitter:card\" content=\"summary\" \/>\n\t\t<meta name=\"twitter:title\" content=\"Vereadores discutem alternativas para liberar quadra da Imperadores do Samba | Arquivo\" \/>\n\t\t<meta name=\"twitter:image\" content=\"https:\/\/www.jornalja.com.br\/economics\/wp-content\/uploads\/sites\/11\/2026\/08\/ja-folhaderosto-facebook.jpg\" \/>\n\t\t<script type=\"application\/ld+json\" class=\"aioseo-schema\">\n\t\t\t{\"@context\":\"https:\\\/\\\/schema.org\",\"@graph\":[{\"@type\":\"BlogPosting\",\"@id\":\"https:\\\/\\\/www.jornalja.com.br\\\/arquivo\\\/vereadores-discutem-alternativas-para-liberar-quadra-da-imperadores-do-samba\\\/#blogposting\",\"name\":\"Vereadores discutem alternativas para liberar quadra da Imperadores do Samba | Arquivo\",\"headline\":\"Vereadores discutem alternativas para liberar quadra da Imperadores do Samba\",\"author\":{\"@id\":\"https:\\\/\\\/www.jornalja.com.br\\\/arquivo\\\/author\\\/daredacao\\\/#author\"},\"publisher\":{\"@id\":\"https:\\\/\\\/www.jornalja.com.br\\\/arquivo\\\/#organization\"},\"image\":{\"@type\":\"ImageObject\",\"url\":51367},\"datePublished\":\"2017-07-12T13:12:42-03:00\",\"dateModified\":\"2017-07-12T13:12:42-03:00\",\"inLanguage\":\"pt-BR\",\"mainEntityOfPage\":{\"@id\":\"https:\\\/\\\/www.jornalja.com.br\\\/arquivo\\\/vereadores-discutem-alternativas-para-liberar-quadra-da-imperadores-do-samba\\\/#webpage\"},\"isPartOf\":{\"@id\":\"https:\\\/\\\/www.jornalja.com.br\\\/arquivo\\\/vereadores-discutem-alternativas-para-liberar-quadra-da-imperadores-do-samba\\\/#webpage\"},\"articleSection\":\"Geral\"},{\"@type\":\"BreadcrumbList\",\"@id\":\"https:\\\/\\\/www.jornalja.com.br\\\/arquivo\\\/vereadores-discutem-alternativas-para-liberar-quadra-da-imperadores-do-samba\\\/#breadcrumblist\",\"itemListElement\":[{\"@type\":\"ListItem\",\"@id\":\"https:\\\/\\\/www.jornalja.com.br\\\/arquivo#listItem\",\"position\":1,\"name\":\"Home\",\"item\":\"https:\\\/\\\/www.jornalja.com.br\\\/arquivo\",\"nextItem\":{\"@type\":\"ListItem\",\"@id\":\"https:\\\/\\\/www.jornalja.com.br\\\/arquivo\\\/category\\\/geral\\\/#listItem\",\"name\":\"Geral\"}},{\"@type\":\"ListItem\",\"@id\":\"https:\\\/\\\/www.jornalja.com.br\\\/arquivo\\\/category\\\/geral\\\/#listItem\",\"position\":2,\"name\":\"Geral\",\"item\":\"https:\\\/\\\/www.jornalja.com.br\\\/arquivo\\\/category\\\/geral\\\/\",\"nextItem\":{\"@type\":\"ListItem\",\"@id\":\"https:\\\/\\\/www.jornalja.com.br\\\/arquivo\\\/vereadores-discutem-alternativas-para-liberar-quadra-da-imperadores-do-samba\\\/#listItem\",\"name\":\"Vereadores discutem alternativas para liberar quadra da Imperadores do Samba\"},\"previousItem\":{\"@type\":\"ListItem\",\"@id\":\"https:\\\/\\\/www.jornalja.com.br\\\/arquivo#listItem\",\"name\":\"Home\"}},{\"@type\":\"ListItem\",\"@id\":\"https:\\\/\\\/www.jornalja.com.br\\\/arquivo\\\/vereadores-discutem-alternativas-para-liberar-quadra-da-imperadores-do-samba\\\/#listItem\",\"position\":3,\"name\":\"Vereadores discutem alternativas para liberar quadra da Imperadores do Samba\",\"previousItem\":{\"@type\":\"ListItem\",\"@id\":\"https:\\\/\\\/www.jornalja.com.br\\\/arquivo\\\/category\\\/geral\\\/#listItem\",\"name\":\"Geral\"}}]},{\"@type\":\"Organization\",\"@id\":\"https:\\\/\\\/www.jornalja.com.br\\\/arquivo\\\/#organization\",\"name\":\"Jornal J\\u00c1\",\"description\":\"Jornal J\\u00c1 | Porto Alegre\",\"url\":\"https:\\\/\\\/www.jornalja.com.br\\\/arquivo\\\/\",\"telephone\":\"+555133307272\",\"logo\":{\"@type\":\"ImageObject\",\"url\":\"https:\\\/\\\/www.jornalja.com.br\\\/wp-content\\\/uploads\\\/cards\\\/JAslogan.png\",\"@id\":\"https:\\\/\\\/www.jornalja.com.br\\\/arquivo\\\/vereadores-discutem-alternativas-para-liberar-quadra-da-imperadores-do-samba\\\/#organizationLogo\"},\"image\":{\"@id\":\"https:\\\/\\\/www.jornalja.com.br\\\/arquivo\\\/vereadores-discutem-alternativas-para-liberar-quadra-da-imperadores-do-samba\\\/#organizationLogo\"}},{\"@type\":\"Person\",\"@id\":\"https:\\\/\\\/www.jornalja.com.br\\\/arquivo\\\/author\\\/daredacao\\\/#author\",\"url\":\"https:\\\/\\\/www.jornalja.com.br\\\/arquivo\\\/author\\\/daredacao\\\/\",\"name\":\"da Reda\\u00e7\\u00e3o\",\"image\":{\"@type\":\"ImageObject\",\"@id\":\"https:\\\/\\\/www.jornalja.com.br\\\/arquivo\\\/vereadores-discutem-alternativas-para-liberar-quadra-da-imperadores-do-samba\\\/#authorImage\",\"url\":\"https:\\\/\\\/secure.gravatar.com\\\/avatar\\\/469fd857d6605ad19919d27ed29d35a968a25f6e8fd9318356bbb7f57aae9c65?s=96&d=mm&r=g\",\"width\":96,\"height\":96,\"caption\":\"da Reda\\u00e7\\u00e3o\"}},{\"@type\":\"WebPage\",\"@id\":\"https:\\\/\\\/www.jornalja.com.br\\\/arquivo\\\/vereadores-discutem-alternativas-para-liberar-quadra-da-imperadores-do-samba\\\/#webpage\",\"url\":\"https:\\\/\\\/www.jornalja.com.br\\\/arquivo\\\/vereadores-discutem-alternativas-para-liberar-quadra-da-imperadores-do-samba\\\/\",\"name\":\"Vereadores discutem alternativas para liberar quadra da Imperadores do Samba | Arquivo\",\"inLanguage\":\"pt-BR\",\"isPartOf\":{\"@id\":\"https:\\\/\\\/www.jornalja.com.br\\\/arquivo\\\/#website\"},\"breadcrumb\":{\"@id\":\"https:\\\/\\\/www.jornalja.com.br\\\/arquivo\\\/vereadores-discutem-alternativas-para-liberar-quadra-da-imperadores-do-samba\\\/#breadcrumblist\"},\"author\":{\"@id\":\"https:\\\/\\\/www.jornalja.com.br\\\/arquivo\\\/author\\\/daredacao\\\/#author\"},\"creator\":{\"@id\":\"https:\\\/\\\/www.jornalja.com.br\\\/arquivo\\\/author\\\/daredacao\\\/#author\"},\"image\":{\"@type\":\"ImageObject\",\"url\":51367,\"@id\":\"https:\\\/\\\/www.jornalja.com.br\\\/arquivo\\\/vereadores-discutem-alternativas-para-liberar-quadra-da-imperadores-do-samba\\\/#mainImage\"},\"primaryImageOfPage\":{\"@id\":\"https:\\\/\\\/www.jornalja.com.br\\\/arquivo\\\/vereadores-discutem-alternativas-para-liberar-quadra-da-imperadores-do-samba\\\/#mainImage\"},\"datePublished\":\"2017-07-12T13:12:42-03:00\",\"dateModified\":\"2017-07-12T13:12:42-03:00\"},{\"@type\":\"WebSite\",\"@id\":\"https:\\\/\\\/www.jornalja.com.br\\\/arquivo\\\/#website\",\"url\":\"https:\\\/\\\/www.jornalja.com.br\\\/arquivo\\\/\",\"name\":\"Arquivo\",\"description\":\"Jornal J\\u00c1 | Porto Alegre\",\"inLanguage\":\"pt-BR\",\"publisher\":{\"@id\":\"https:\\\/\\\/www.jornalja.com.br\\\/arquivo\\\/#organization\"}}]}\n\t\t<\/script>\n\t\t<!-- All in One SEO -->\n\n","aioseo_head_json":{"title":"Vereadores discutem alternativas para liberar quadra da Imperadores do Samba | Arquivo","description":"","canonical_url":"https:\/\/www.jornalja.com.br\/arquivo\/vereadores-discutem-alternativas-para-liberar-quadra-da-imperadores-do-samba\/","robots":"max-image-preview:large","keywords":"","webmasterTools":{"miscellaneous":""},"schema":{"@context":"https:\/\/schema.org","@graph":[{"@type":"BlogPosting","@id":"https:\/\/www.jornalja.com.br\/arquivo\/vereadores-discutem-alternativas-para-liberar-quadra-da-imperadores-do-samba\/#blogposting","name":"Vereadores discutem alternativas para liberar quadra da Imperadores do Samba | Arquivo","headline":"Vereadores discutem alternativas para liberar quadra da Imperadores do Samba","author":{"@id":"https:\/\/www.jornalja.com.br\/arquivo\/author\/daredacao\/#author"},"publisher":{"@id":"https:\/\/www.jornalja.com.br\/arquivo\/#organization"},"image":{"@type":"ImageObject","url":51367},"datePublished":"2017-07-12T13:12:42-03:00","dateModified":"2017-07-12T13:12:42-03:00","inLanguage":"pt-BR","mainEntityOfPage":{"@id":"https:\/\/www.jornalja.com.br\/arquivo\/vereadores-discutem-alternativas-para-liberar-quadra-da-imperadores-do-samba\/#webpage"},"isPartOf":{"@id":"https:\/\/www.jornalja.com.br\/arquivo\/vereadores-discutem-alternativas-para-liberar-quadra-da-imperadores-do-samba\/#webpage"},"articleSection":"Geral"},{"@type":"BreadcrumbList","@id":"https:\/\/www.jornalja.com.br\/arquivo\/vereadores-discutem-alternativas-para-liberar-quadra-da-imperadores-do-samba\/#breadcrumblist","itemListElement":[{"@type":"ListItem","@id":"https:\/\/www.jornalja.com.br\/arquivo#listItem","position":1,"name":"Home","item":"https:\/\/www.jornalja.com.br\/arquivo","nextItem":{"@type":"ListItem","@id":"https:\/\/www.jornalja.com.br\/arquivo\/category\/geral\/#listItem","name":"Geral"}},{"@type":"ListItem","@id":"https:\/\/www.jornalja.com.br\/arquivo\/category\/geral\/#listItem","position":2,"name":"Geral","item":"https:\/\/www.jornalja.com.br\/arquivo\/category\/geral\/","nextItem":{"@type":"ListItem","@id":"https:\/\/www.jornalja.com.br\/arquivo\/vereadores-discutem-alternativas-para-liberar-quadra-da-imperadores-do-samba\/#listItem","name":"Vereadores discutem alternativas para liberar quadra da Imperadores do Samba"},"previousItem":{"@type":"ListItem","@id":"https:\/\/www.jornalja.com.br\/arquivo#listItem","name":"Home"}},{"@type":"ListItem","@id":"https:\/\/www.jornalja.com.br\/arquivo\/vereadores-discutem-alternativas-para-liberar-quadra-da-imperadores-do-samba\/#listItem","position":3,"name":"Vereadores discutem alternativas para liberar quadra da Imperadores do Samba","previousItem":{"@type":"ListItem","@id":"https:\/\/www.jornalja.com.br\/arquivo\/category\/geral\/#listItem","name":"Geral"}}]},{"@type":"Organization","@id":"https:\/\/www.jornalja.com.br\/arquivo\/#organization","name":"Jornal J\u00c1","description":"Jornal J\u00c1 | Porto Alegre","url":"https:\/\/www.jornalja.com.br\/arquivo\/","telephone":"+555133307272","logo":{"@type":"ImageObject","url":"https:\/\/www.jornalja.com.br\/wp-content\/uploads\/cards\/JAslogan.png","@id":"https:\/\/www.jornalja.com.br\/arquivo\/vereadores-discutem-alternativas-para-liberar-quadra-da-imperadores-do-samba\/#organizationLogo"},"image":{"@id":"https:\/\/www.jornalja.com.br\/arquivo\/vereadores-discutem-alternativas-para-liberar-quadra-da-imperadores-do-samba\/#organizationLogo"}},{"@type":"Person","@id":"https:\/\/www.jornalja.com.br\/arquivo\/author\/daredacao\/#author","url":"https:\/\/www.jornalja.com.br\/arquivo\/author\/daredacao\/","name":"da Reda\u00e7\u00e3o","image":{"@type":"ImageObject","@id":"https:\/\/www.jornalja.com.br\/arquivo\/vereadores-discutem-alternativas-para-liberar-quadra-da-imperadores-do-samba\/#authorImage","url":"https:\/\/secure.gravatar.com\/avatar\/469fd857d6605ad19919d27ed29d35a968a25f6e8fd9318356bbb7f57aae9c65?s=96&d=mm&r=g","width":96,"height":96,"caption":"da Reda\u00e7\u00e3o"}},{"@type":"WebPage","@id":"https:\/\/www.jornalja.com.br\/arquivo\/vereadores-discutem-alternativas-para-liberar-quadra-da-imperadores-do-samba\/#webpage","url":"https:\/\/www.jornalja.com.br\/arquivo\/vereadores-discutem-alternativas-para-liberar-quadra-da-imperadores-do-samba\/","name":"Vereadores discutem alternativas para liberar quadra da Imperadores do Samba | Arquivo","inLanguage":"pt-BR","isPartOf":{"@id":"https:\/\/www.jornalja.com.br\/arquivo\/#website"},"breadcrumb":{"@id":"https:\/\/www.jornalja.com.br\/arquivo\/vereadores-discutem-alternativas-para-liberar-quadra-da-imperadores-do-samba\/#breadcrumblist"},"author":{"@id":"https:\/\/www.jornalja.com.br\/arquivo\/author\/daredacao\/#author"},"creator":{"@id":"https:\/\/www.jornalja.com.br\/arquivo\/author\/daredacao\/#author"},"image":{"@type":"ImageObject","url":51367,"@id":"https:\/\/www.jornalja.com.br\/arquivo\/vereadores-discutem-alternativas-para-liberar-quadra-da-imperadores-do-samba\/#mainImage"},"primaryImageOfPage":{"@id":"https:\/\/www.jornalja.com.br\/arquivo\/vereadores-discutem-alternativas-para-liberar-quadra-da-imperadores-do-samba\/#mainImage"},"datePublished":"2017-07-12T13:12:42-03:00","dateModified":"2017-07-12T13:12:42-03:00"},{"@type":"WebSite","@id":"https:\/\/www.jornalja.com.br\/arquivo\/#website","url":"https:\/\/www.jornalja.com.br\/arquivo\/","name":"Arquivo","description":"Jornal J\u00c1 | Porto Alegre","inLanguage":"pt-BR","publisher":{"@id":"https:\/\/www.jornalja.com.br\/arquivo\/#organization"}}]},"og:locale":"pt_BR","og:site_name":"Arquivo | Jornal J\u00c1 | Porto Alegre","og:type":"article","og:title":"Vereadores discutem alternativas para liberar quadra da Imperadores do Samba | Arquivo","og:url":"https:\/\/www.jornalja.com.br\/arquivo\/vereadores-discutem-alternativas-para-liberar-quadra-da-imperadores-do-samba\/","og:image":"https:\/\/www.jornalja.com.br\/wp-content\/uploads\/2017\/07\/Reprod-Poa-24-Horas-2.jpg","og:image:secure_url":"https:\/\/www.jornalja.com.br\/wp-content\/uploads\/2017\/07\/Reprod-Poa-24-Horas-2.jpg","article:published_time":"2017-07-12T16:12:42+00:00","article:modified_time":"2017-07-12T16:12:42+00:00","twitter:card":"summary","twitter:title":"Vereadores discutem alternativas para liberar quadra da Imperadores do Samba | Arquivo","twitter:image":"https:\/\/www.jornalja.com.br\/economics\/wp-content\/uploads\/sites\/11\/2026\/08\/ja-folhaderosto-facebook.jpg"},"aioseo_meta_data":{"post_id":"51343","title":null,"description":null,"keywords":null,"keyphrases":null,"primary_term":null,"canonical_url":null,"og_title":null,"og_description":null,"og_object_type":"default","og_image_type":"default","og_image_url":null,"og_image_width":null,"og_image_height":null,"og_image_custom_url":null,"og_image_custom_fields":null,"og_video":null,"og_custom_url":null,"og_article_section":null,"og_article_tags":null,"twitter_use_og":false,"twitter_card":"default","twitter_image_type":"default","twitter_image_url":null,"twitter_image_custom_url":null,"twitter_image_custom_fields":null,"twitter_title":null,"twitter_description":null,"schema":{"blockGraphs":[],"customGraphs":[],"default":{"data":{"Article":[],"Course":[],"Dataset":[],"FAQPage":[],"Movie":[],"Person":[],"Product":[],"ProductReview":[],"Car":[],"Recipe":[],"Service":[],"SoftwareApplication":[],"WebPage":[]},"graphName":"","isEnabled":true},"graphs":[],"defaultGraph":"","defaultPostTypeGraph":""},"schema_type":null,"schema_type_options":null,"pillar_content":false,"robots_default":true,"robots_noindex":false,"robots_noarchive":false,"robots_nosnippet":false,"robots_nofollow":false,"robots_noimageindex":false,"robots_noodp":false,"robots_notranslate":false,"robots_max_snippet":null,"robots_max_videopreview":null,"robots_max_imagepreview":"large","priority":null,"frequency":null,"location":null,"local_seo":null,"breadcrumb_settings":null,"limit_modified_date":false,"ai":null,"created":"2020-12-20 20:29:58","updated":"2025-07-19 23:04:16","seo_analyzer_scan_date":null,"focus_keyword":null,"additional_keywords":null,"truseo_locale":null},"jetpack_sharing_enabled":true,"jetpack-related-posts":[{"id":5440,"url":"https:\/\/www.jornalja.com.br\/arquivo\/casarao-da-venancio-destino-permanece-incerto\/","url_meta":{"origin":51343,"position":0},"title":"Estado ainda n\u00e3o sabe o que fazer com casar\u00e3o abandonado h\u00e1 20 anos","author":"Elmar Bones","date":"6 de julho de 2009","format":false,"excerpt":"O casar\u00e3o amarelo, numa esquina nobre de Porto Alegre (Ven\u00e2ncio Aires com Jo\u00e3o Pessoa), j\u00e1 abrigou uma escola. H\u00e1 duas d\u00e9cadas, pelo menos, est\u00e1 abandonado, porque seu propriet\u00e1rio, o governo do Estado do Rio Grande do Sul, n\u00e3o consegue achar um destino para ele. Planos n\u00e3o faltaram. O governador Ol\u00edvio\u2026","rel":"","context":"Em &quot;X.Categorias velhas&quot;","block_context":{"text":"X.Categorias velhas","link":"https:\/\/www.jornalja.com.br\/arquivo\/category\/x-categorias-velhas\/"},"img":{"alt_text":"geraldo1","src":"https:\/\/i0.wp.com\/www.jornalja.com.br\/wp-content\/uploads\/2009\/07\/geraldo1.jpg?resize=350%2C200&ssl=1","width":350,"height":200},"classes":[]},{"id":13128,"url":"https:\/\/www.jornalja.com.br\/arquivo\/maconha-terra-diz-que-uso-medicinal-e-desculpa\/","url_meta":{"origin":51343,"position":1},"title":"Maconha: Terra diz que uso medicinal \u00e9 desculpa","author":"Patr\u00edcia Marini","date":"4 de junho de 2014","format":false,"excerpt":"A condi\u00e7\u00e3o de pol\u00edtico, em \u00e9poca de campanha de campanha eleitoral, tira for\u00e7a do discurso do m\u00e9dico Osmar Terra contra a legaliza\u00e7\u00e3o da maconha. A tese dele de que a libera\u00e7\u00e3o vai ampliar exponencialmente o consumo \u00e9 discutivel, o consumo \u00e9 corrente. Mas seus alertas quanto aos riscos tem que\u2026","rel":"","context":"Em &quot;X.Categorias velhas&quot;","block_context":{"text":"X.Categorias velhas","link":"https:\/\/www.jornalja.com.br\/arquivo\/category\/x-categorias-velhas\/"},"img":{"alt_text":"","src":"","width":0,"height":0},"classes":[]},{"id":14241,"url":"https:\/\/www.jornalja.com.br\/arquivo\/o-guaiba-nas-imagens-poeticas-de-achutti\/","url_meta":{"origin":51343,"position":2},"title":"O Gua\u00edba nas imagens po\u00e9ticas de Achutti","author":"da Reda\u00e7\u00e3o","date":"18 de junho de 2014","format":false,"excerpt":"Em \u201cO Gua\u00edba por Achutti\u201d \u2013 obra financiada via Minist\u00e9rio da Cultura, produ\u00e7\u00e3o executiva de Pedro Longhi, e Fl\u00e1vio Wild como designer \u2013, o fot\u00f3grafo revela a beleza e as mazelas de um espa\u00e7o aqu\u00e1tico de \u00e1guas sempre renovadas, cheio de hist\u00f3rias e lendas como as das cidades que foram\u2026","rel":"","context":"Em &quot;Cultura-Geral&quot;","block_context":{"text":"Cultura-Geral","link":"https:\/\/www.jornalja.com.br\/arquivo\/category\/materiasecundaria\/"},"img":{"alt_text":"","src":"","width":0,"height":0},"classes":[]},{"id":13240,"url":"https:\/\/www.jornalja.com.br\/arquivo\/plano-diretor-estamos-construindo-o-caos\/","url_meta":{"origin":51343,"position":3},"title":"Plano diretor: &quot;Estamos construindo o caos&quot;","author":"Patr\u00edcia Marini","date":"26 de maio de 2014","format":false,"excerpt":"Desabafo que arquiteta Eliana Castilhos, delegada da Regi\u00e3o de Planejamento 1, postou nas redes sociais \u00e9 um testemunho do ambiente que se criou no Conselho do Plano Diretor de Porto Alegre, onde a aprova\u00e7\u00e3o de grandes empreendimentos \u00e9 empurrada guela abaixo dos conselheiros. Ao CMDUA Como delegada da Regi\u00e3o de\u2026","rel":"","context":"Em &quot;Geral&quot;","block_context":{"text":"Geral","link":"https:\/\/www.jornalja.com.br\/arquivo\/category\/geral\/"},"img":{"alt_text":"","src":"","width":0,"height":0},"classes":[]}],"jetpack_shortlink":"https:\/\/wp.me\/pbQjBd-dm7","jetpack_featured_media_url":"","_links":{"self":[{"href":"https:\/\/www.jornalja.com.br\/arquivo\/wp-json\/wp\/v2\/posts\/51343","targetHints":{"allow":["GET"]}}],"collection":[{"href":"https:\/\/www.jornalja.com.br\/arquivo\/wp-json\/wp\/v2\/posts"}],"about":[{"href":"https:\/\/www.jornalja.com.br\/arquivo\/wp-json\/wp\/v2\/types\/post"}],"author":[{"embeddable":true,"href":"https:\/\/www.jornalja.com.br\/arquivo\/wp-json\/wp\/v2\/users\/4"}],"replies":[{"embeddable":true,"href":"https:\/\/www.jornalja.com.br\/arquivo\/wp-json\/wp\/v2\/comments?post=51343"}],"version-history":[{"count":0,"href":"https:\/\/www.jornalja.com.br\/arquivo\/wp-json\/wp\/v2\/posts\/51343\/revisions"}],"wp:attachment":[{"href":"https:\/\/www.jornalja.com.br\/arquivo\/wp-json\/wp\/v2\/media?parent=51343"}],"wp:term":[{"taxonomy":"category","embeddable":true,"href":"https:\/\/www.jornalja.com.br\/arquivo\/wp-json\/wp\/v2\/categories?post=51343"},{"taxonomy":"post_tag","embeddable":true,"href":"https:\/\/www.jornalja.com.br\/arquivo\/wp-json\/wp\/v2\/tags?post=51343"}],"curies":[{"name":"wp","href":"https:\/\/api.w.org\/{rel}","templated":true}]}}