{"id":51404,"date":"2017-07-13T16:26:36","date_gmt":"2017-07-13T19:26:36","guid":{"rendered":"https:\/\/www.jornalja.com.br\/?p=51404"},"modified":"2017-07-13T16:26:36","modified_gmt":"2017-07-13T19:26:36","slug":"reforma-administrativa-de-marchezan-uniu-esporte-ao-desenvolvimento-social","status":"publish","type":"post","link":"https:\/\/www.jornalja.com.br\/arquivo\/reforma-administrativa-de-marchezan-uniu-esporte-ao-desenvolvimento-social\/","title":{"rendered":"Reforma administrativa de Marchezan uniu Esporte ao Desenvolvimento Social"},"content":{"rendered":"<p>Aprovada por 27 votos na tarde da quarta-feira, dia 12, a reforma administrativa do governo Marchezan, que altera de 37 para 15 o n\u00famero de secretarias.<br \/>\nPor mais de 6 horas, foi discutida a perman\u00eancia da Secretaria Municipal dos Esportes. Nas galerias lotadas, a press\u00e3o era para que a pasta n\u00e3o fosse exclu\u00edda. O Governo prop\u00f4s ent\u00e3o acrescentar o nome de &#8220;esporte&#8221; junto \u00e0 pasta de Desenvolvimento Social. A retifica\u00e7\u00e3o teve 20 votos a favor.<br \/>\nPor outro lado, uma subemenda do vereador Tarciso Flecha Negra (PSD) retirava o nome &#8216;esporte&#8217; novamente, para que fosse criada em outra emenda a Secretaria do Esporte. A proposta de Tarciso foi rejeitada.<br \/>\n&nbsp;<br \/>\n<a href=\"https:\/\/www.jornalja.com.br\/secretaria-dos-esportes-nao-sera-extinta-afirmam-20-vereadores\/\">Em maio 20 vereadores declararam na tribuna que a pasta permaneceria<\/a>. Mudaram de opini\u00e3o os vereadores peemedebistas Idenir Cecchim, Pablo Mendes Ribeiro, Valter Nagelstein, Andr\u00e9 Car\u00fas, e Cassi\u00e1 Carpes( PP) e Rodrigo Maroni (PR). Os vereadores M\u00e1rcio Bins Ely (PDT) e Comandante N\u00e1dia (PDMB, que, na \u00e9poca, tamb\u00e9m declararam apoio \u00e0 Secretaria, n\u00e3o compareceram \u00e0 vota\u00e7\u00e3o.<br \/>\nAo longo da sess\u00e3o, vinte emendas parlamentares foram apresentadas. Destas, onze foram prejudicas e n\u00e3o foram votadas. Das nove apreciadas, apenas duas foram aprovadas.<br \/>\nUma delas, de autoria dos vereadores Idenir Cecchim e Andr\u00e9 Car\u00fas, obriga &#8220;o Poder Executivo\u00a0 informar no exerc\u00edcio subsequente o quanto foi economizado a partir da extin\u00e7\u00e3o das secretarias municipais.<br \/>\nA outra emenda, proposta pelo vereador Reginaldo Pujol (DEM), prev\u00ea que todas as pol\u00edticas p\u00fablicas relacionadas ao esporte sejam mantidas em execu\u00e7\u00e3o e sem diminui\u00e7\u00e3o or\u00e7ament\u00e1ria.<br \/>\nFoi confirmada a extin\u00e7\u00e3o das seguintes secretarias:<br \/>\n<em>Secretaria Municipal de Acessibilidade e Inclus\u00e3o Social (SMACIS);<\/em><br \/>\n<em>Secretaria Municipal dos Direitos Humanos (SMDH);<\/em><br \/>\n<em>Secretaria Municipal de Esportes, Recrea\u00e7\u00e3o e Lazer (SME);<\/em><br \/>\n<em>Secretaria Municipal de Trabalho e Emprego (SMTE);<\/em><br \/>\n<em>Secretaria Municipal da Juventude (SMJ);<br \/>\nSecretaria Municipal da Produ\u00e7\u00e3o, Ind\u00fastria e Com\u00e9rcio (SMIC);<\/em><br \/>\n<em>Secretaria Municipal de Turismo (SMTur);<\/em><br \/>\n<em>Secretaria Municipal de Urbanismo (SMUrb);<br \/>\n<\/em><em>Secretaria Especial dos Direitos dos Animais (SEDA);<br \/>\n<\/em><em>Secretaria Municipal de Obras e Via\u00e7\u00e3o (SMOV);<\/em><br \/>\n<em>Secretaria Municipal de Transportes (SMT);<\/em><br \/>\n<em>Secretaria Municipal de Administra\u00e7\u00e3o (SMA);<\/em><br \/>\n<em>Secretaria Municipal de Planejamento Estrat\u00e9gico e Or\u00e7amento (SMPEO);<\/em><br \/>\n<em>Secretaria Municipal de Gest\u00e3o (SMGes);<\/em><br \/>\n<em>Secretaria Municipal de Governan\u00e7a Local (SMGL).<\/em><\/p>\n","protected":false},"excerpt":{"rendered":"<p>Aprovada por 27 votos na tarde da quarta-feira, dia 12, a reforma administrativa do governo Marchezan, que altera de 37 para 15 o n\u00famero de secretarias. Por mais de 6 horas, foi discutida a perman\u00eancia da Secretaria Municipal dos Esportes. Nas galerias lotadas, a press\u00e3o era para que a pasta n\u00e3o fosse exclu\u00edda. O Governo [&hellip;]<\/p>\n","protected":false},"author":4,"featured_media":51421,"comment_status":"open","ping_status":"closed","sticky":false,"template":"","format":"standard","meta":{"_jetpack_newsletter_access":"","_jetpack_dont_email_post_to_subs":false,"_jetpack_newsletter_tier_id":0,"_jetpack_memberships_contains_paywalled_content":false,"_jetpack_feature_clip_id":0,"_jetpack_memberships_contains_paid_content":false,"footnotes":"","jetpack_post_was_ever_published":false},"categories":[26],"tags":[],"class_list":["post-51404","post","type-post","status-publish","format-standard","has-post-thumbnail","hentry","category-geral"],"aioseo_notices":[],"aioseo_head":"\n\t\t<!-- All in One SEO 5.0.1.1 - aioseo.com -->\n\t<meta name=\"robots\" content=\"max-image-preview:large\" \/>\n\t<meta name=\"author\" content=\"da Reda\u00e7\u00e3o\"\/>\n\t<link rel=\"canonical\" href=\"https:\/\/www.jornalja.com.br\/arquivo\/reforma-administrativa-de-marchezan-uniu-esporte-ao-desenvolvimento-social\/\" \/>\n\t<meta name=\"generator\" content=\"All in One SEO (AIOSEO) 5.0.1.1\" \/>\n\t\t<meta property=\"og:locale\" content=\"pt_BR\" \/>\n\t\t<meta property=\"og:site_name\" content=\"Arquivo | Jornal J\u00c1 | Porto Alegre\" \/>\n\t\t<meta property=\"og:type\" content=\"article\" \/>\n\t\t<meta property=\"og:title\" content=\"Reforma administrativa de Marchezan uniu Esporte ao Desenvolvimento Social | Arquivo\" \/>\n\t\t<meta property=\"og:url\" content=\"https:\/\/www.jornalja.com.br\/arquivo\/reforma-administrativa-de-marchezan-uniu-esporte-ao-desenvolvimento-social\/\" \/>\n\t\t<meta property=\"og:image\" content=\"https:\/\/www.jornalja.com.br\/economics\/wp-content\/uploads\/sites\/11\/2026\/08\/ja-folhaderosto-facebook.jpg\" \/>\n\t\t<meta property=\"og:image:secure_url\" content=\"https:\/\/www.jornalja.com.br\/economics\/wp-content\/uploads\/sites\/11\/2026\/08\/ja-folhaderosto-facebook.jpg\" \/>\n\t\t<meta property=\"article:published_time\" content=\"2017-07-13T19:26:36+00:00\" \/>\n\t\t<meta property=\"article:modified_time\" content=\"2017-07-13T19:26:36+00:00\" \/>\n\t\t<meta name=\"twitter:card\" content=\"summary\" \/>\n\t\t<meta name=\"twitter:title\" content=\"Reforma administrativa de Marchezan uniu Esporte ao Desenvolvimento Social | Arquivo\" \/>\n\t\t<meta name=\"twitter:image\" content=\"https:\/\/www.jornalja.com.br\/economics\/wp-content\/uploads\/sites\/11\/2026\/08\/ja-folhaderosto-facebook.jpg\" \/>\n\t\t<script type=\"application\/ld+json\" class=\"aioseo-schema\">\n\t\t\t{\"@context\":\"https:\\\/\\\/schema.org\",\"@graph\":[{\"@type\":\"BlogPosting\",\"@id\":\"https:\\\/\\\/www.jornalja.com.br\\\/arquivo\\\/reforma-administrativa-de-marchezan-uniu-esporte-ao-desenvolvimento-social\\\/#blogposting\",\"name\":\"Reforma administrativa de Marchezan uniu Esporte ao Desenvolvimento Social | Arquivo\",\"headline\":\"Reforma administrativa de Marchezan uniu Esporte ao Desenvolvimento Social\",\"author\":{\"@id\":\"https:\\\/\\\/www.jornalja.com.br\\\/arquivo\\\/author\\\/daredacao\\\/#author\"},\"publisher\":{\"@id\":\"https:\\\/\\\/www.jornalja.com.br\\\/arquivo\\\/#organization\"},\"image\":{\"@type\":\"ImageObject\",\"url\":51421},\"datePublished\":\"2017-07-13T16:26:36-03:00\",\"dateModified\":\"2017-07-13T16:26:36-03:00\",\"inLanguage\":\"pt-BR\",\"mainEntityOfPage\":{\"@id\":\"https:\\\/\\\/www.jornalja.com.br\\\/arquivo\\\/reforma-administrativa-de-marchezan-uniu-esporte-ao-desenvolvimento-social\\\/#webpage\"},\"isPartOf\":{\"@id\":\"https:\\\/\\\/www.jornalja.com.br\\\/arquivo\\\/reforma-administrativa-de-marchezan-uniu-esporte-ao-desenvolvimento-social\\\/#webpage\"},\"articleSection\":\"Geral\"},{\"@type\":\"BreadcrumbList\",\"@id\":\"https:\\\/\\\/www.jornalja.com.br\\\/arquivo\\\/reforma-administrativa-de-marchezan-uniu-esporte-ao-desenvolvimento-social\\\/#breadcrumblist\",\"itemListElement\":[{\"@type\":\"ListItem\",\"@id\":\"https:\\\/\\\/www.jornalja.com.br\\\/arquivo#listItem\",\"position\":1,\"name\":\"Home\",\"item\":\"https:\\\/\\\/www.jornalja.com.br\\\/arquivo\",\"nextItem\":{\"@type\":\"ListItem\",\"@id\":\"https:\\\/\\\/www.jornalja.com.br\\\/arquivo\\\/category\\\/geral\\\/#listItem\",\"name\":\"Geral\"}},{\"@type\":\"ListItem\",\"@id\":\"https:\\\/\\\/www.jornalja.com.br\\\/arquivo\\\/category\\\/geral\\\/#listItem\",\"position\":2,\"name\":\"Geral\",\"item\":\"https:\\\/\\\/www.jornalja.com.br\\\/arquivo\\\/category\\\/geral\\\/\",\"nextItem\":{\"@type\":\"ListItem\",\"@id\":\"https:\\\/\\\/www.jornalja.com.br\\\/arquivo\\\/reforma-administrativa-de-marchezan-uniu-esporte-ao-desenvolvimento-social\\\/#listItem\",\"name\":\"Reforma administrativa de Marchezan uniu Esporte ao Desenvolvimento Social\"},\"previousItem\":{\"@type\":\"ListItem\",\"@id\":\"https:\\\/\\\/www.jornalja.com.br\\\/arquivo#listItem\",\"name\":\"Home\"}},{\"@type\":\"ListItem\",\"@id\":\"https:\\\/\\\/www.jornalja.com.br\\\/arquivo\\\/reforma-administrativa-de-marchezan-uniu-esporte-ao-desenvolvimento-social\\\/#listItem\",\"position\":3,\"name\":\"Reforma administrativa de Marchezan uniu Esporte ao Desenvolvimento Social\",\"previousItem\":{\"@type\":\"ListItem\",\"@id\":\"https:\\\/\\\/www.jornalja.com.br\\\/arquivo\\\/category\\\/geral\\\/#listItem\",\"name\":\"Geral\"}}]},{\"@type\":\"Organization\",\"@id\":\"https:\\\/\\\/www.jornalja.com.br\\\/arquivo\\\/#organization\",\"name\":\"Jornal J\\u00c1\",\"description\":\"Jornal J\\u00c1 | Porto Alegre\",\"url\":\"https:\\\/\\\/www.jornalja.com.br\\\/arquivo\\\/\",\"telephone\":\"+555133307272\",\"logo\":{\"@type\":\"ImageObject\",\"url\":\"https:\\\/\\\/www.jornalja.com.br\\\/wp-content\\\/uploads\\\/cards\\\/JAslogan.png\",\"@id\":\"https:\\\/\\\/www.jornalja.com.br\\\/arquivo\\\/reforma-administrativa-de-marchezan-uniu-esporte-ao-desenvolvimento-social\\\/#organizationLogo\"},\"image\":{\"@id\":\"https:\\\/\\\/www.jornalja.com.br\\\/arquivo\\\/reforma-administrativa-de-marchezan-uniu-esporte-ao-desenvolvimento-social\\\/#organizationLogo\"}},{\"@type\":\"Person\",\"@id\":\"https:\\\/\\\/www.jornalja.com.br\\\/arquivo\\\/author\\\/daredacao\\\/#author\",\"url\":\"https:\\\/\\\/www.jornalja.com.br\\\/arquivo\\\/author\\\/daredacao\\\/\",\"name\":\"da Reda\\u00e7\\u00e3o\",\"image\":{\"@type\":\"ImageObject\",\"@id\":\"https:\\\/\\\/www.jornalja.com.br\\\/arquivo\\\/reforma-administrativa-de-marchezan-uniu-esporte-ao-desenvolvimento-social\\\/#authorImage\",\"url\":\"https:\\\/\\\/secure.gravatar.com\\\/avatar\\\/469fd857d6605ad19919d27ed29d35a968a25f6e8fd9318356bbb7f57aae9c65?s=96&d=mm&r=g\",\"width\":96,\"height\":96,\"caption\":\"da Reda\\u00e7\\u00e3o\"}},{\"@type\":\"WebPage\",\"@id\":\"https:\\\/\\\/www.jornalja.com.br\\\/arquivo\\\/reforma-administrativa-de-marchezan-uniu-esporte-ao-desenvolvimento-social\\\/#webpage\",\"url\":\"https:\\\/\\\/www.jornalja.com.br\\\/arquivo\\\/reforma-administrativa-de-marchezan-uniu-esporte-ao-desenvolvimento-social\\\/\",\"name\":\"Reforma administrativa de Marchezan uniu Esporte ao Desenvolvimento Social | Arquivo\",\"inLanguage\":\"pt-BR\",\"isPartOf\":{\"@id\":\"https:\\\/\\\/www.jornalja.com.br\\\/arquivo\\\/#website\"},\"breadcrumb\":{\"@id\":\"https:\\\/\\\/www.jornalja.com.br\\\/arquivo\\\/reforma-administrativa-de-marchezan-uniu-esporte-ao-desenvolvimento-social\\\/#breadcrumblist\"},\"author\":{\"@id\":\"https:\\\/\\\/www.jornalja.com.br\\\/arquivo\\\/author\\\/daredacao\\\/#author\"},\"creator\":{\"@id\":\"https:\\\/\\\/www.jornalja.com.br\\\/arquivo\\\/author\\\/daredacao\\\/#author\"},\"image\":{\"@type\":\"ImageObject\",\"url\":51421,\"@id\":\"https:\\\/\\\/www.jornalja.com.br\\\/arquivo\\\/reforma-administrativa-de-marchezan-uniu-esporte-ao-desenvolvimento-social\\\/#mainImage\"},\"primaryImageOfPage\":{\"@id\":\"https:\\\/\\\/www.jornalja.com.br\\\/arquivo\\\/reforma-administrativa-de-marchezan-uniu-esporte-ao-desenvolvimento-social\\\/#mainImage\"},\"datePublished\":\"2017-07-13T16:26:36-03:00\",\"dateModified\":\"2017-07-13T16:26:36-03:00\"},{\"@type\":\"WebSite\",\"@id\":\"https:\\\/\\\/www.jornalja.com.br\\\/arquivo\\\/#website\",\"url\":\"https:\\\/\\\/www.jornalja.com.br\\\/arquivo\\\/\",\"name\":\"Arquivo\",\"description\":\"Jornal J\\u00c1 | Porto Alegre\",\"inLanguage\":\"pt-BR\",\"publisher\":{\"@id\":\"https:\\\/\\\/www.jornalja.com.br\\\/arquivo\\\/#organization\"}}]}\n\t\t<\/script>\n\t\t<!-- All in One SEO -->\n\n","aioseo_head_json":{"title":"Reforma administrativa de Marchezan uniu Esporte ao Desenvolvimento Social | Arquivo","description":"","canonical_url":"https:\/\/www.jornalja.com.br\/arquivo\/reforma-administrativa-de-marchezan-uniu-esporte-ao-desenvolvimento-social\/","robots":"max-image-preview:large","keywords":"","webmasterTools":{"miscellaneous":""},"schema":{"@context":"https:\/\/schema.org","@graph":[{"@type":"BlogPosting","@id":"https:\/\/www.jornalja.com.br\/arquivo\/reforma-administrativa-de-marchezan-uniu-esporte-ao-desenvolvimento-social\/#blogposting","name":"Reforma administrativa de Marchezan uniu Esporte ao Desenvolvimento Social | Arquivo","headline":"Reforma administrativa de Marchezan uniu Esporte ao Desenvolvimento Social","author":{"@id":"https:\/\/www.jornalja.com.br\/arquivo\/author\/daredacao\/#author"},"publisher":{"@id":"https:\/\/www.jornalja.com.br\/arquivo\/#organization"},"image":{"@type":"ImageObject","url":51421},"datePublished":"2017-07-13T16:26:36-03:00","dateModified":"2017-07-13T16:26:36-03:00","inLanguage":"pt-BR","mainEntityOfPage":{"@id":"https:\/\/www.jornalja.com.br\/arquivo\/reforma-administrativa-de-marchezan-uniu-esporte-ao-desenvolvimento-social\/#webpage"},"isPartOf":{"@id":"https:\/\/www.jornalja.com.br\/arquivo\/reforma-administrativa-de-marchezan-uniu-esporte-ao-desenvolvimento-social\/#webpage"},"articleSection":"Geral"},{"@type":"BreadcrumbList","@id":"https:\/\/www.jornalja.com.br\/arquivo\/reforma-administrativa-de-marchezan-uniu-esporte-ao-desenvolvimento-social\/#breadcrumblist","itemListElement":[{"@type":"ListItem","@id":"https:\/\/www.jornalja.com.br\/arquivo#listItem","position":1,"name":"Home","item":"https:\/\/www.jornalja.com.br\/arquivo","nextItem":{"@type":"ListItem","@id":"https:\/\/www.jornalja.com.br\/arquivo\/category\/geral\/#listItem","name":"Geral"}},{"@type":"ListItem","@id":"https:\/\/www.jornalja.com.br\/arquivo\/category\/geral\/#listItem","position":2,"name":"Geral","item":"https:\/\/www.jornalja.com.br\/arquivo\/category\/geral\/","nextItem":{"@type":"ListItem","@id":"https:\/\/www.jornalja.com.br\/arquivo\/reforma-administrativa-de-marchezan-uniu-esporte-ao-desenvolvimento-social\/#listItem","name":"Reforma administrativa de Marchezan uniu Esporte ao Desenvolvimento Social"},"previousItem":{"@type":"ListItem","@id":"https:\/\/www.jornalja.com.br\/arquivo#listItem","name":"Home"}},{"@type":"ListItem","@id":"https:\/\/www.jornalja.com.br\/arquivo\/reforma-administrativa-de-marchezan-uniu-esporte-ao-desenvolvimento-social\/#listItem","position":3,"name":"Reforma administrativa de Marchezan uniu Esporte ao Desenvolvimento Social","previousItem":{"@type":"ListItem","@id":"https:\/\/www.jornalja.com.br\/arquivo\/category\/geral\/#listItem","name":"Geral"}}]},{"@type":"Organization","@id":"https:\/\/www.jornalja.com.br\/arquivo\/#organization","name":"Jornal J\u00c1","description":"Jornal J\u00c1 | Porto Alegre","url":"https:\/\/www.jornalja.com.br\/arquivo\/","telephone":"+555133307272","logo":{"@type":"ImageObject","url":"https:\/\/www.jornalja.com.br\/wp-content\/uploads\/cards\/JAslogan.png","@id":"https:\/\/www.jornalja.com.br\/arquivo\/reforma-administrativa-de-marchezan-uniu-esporte-ao-desenvolvimento-social\/#organizationLogo"},"image":{"@id":"https:\/\/www.jornalja.com.br\/arquivo\/reforma-administrativa-de-marchezan-uniu-esporte-ao-desenvolvimento-social\/#organizationLogo"}},{"@type":"Person","@id":"https:\/\/www.jornalja.com.br\/arquivo\/author\/daredacao\/#author","url":"https:\/\/www.jornalja.com.br\/arquivo\/author\/daredacao\/","name":"da Reda\u00e7\u00e3o","image":{"@type":"ImageObject","@id":"https:\/\/www.jornalja.com.br\/arquivo\/reforma-administrativa-de-marchezan-uniu-esporte-ao-desenvolvimento-social\/#authorImage","url":"https:\/\/secure.gravatar.com\/avatar\/469fd857d6605ad19919d27ed29d35a968a25f6e8fd9318356bbb7f57aae9c65?s=96&d=mm&r=g","width":96,"height":96,"caption":"da Reda\u00e7\u00e3o"}},{"@type":"WebPage","@id":"https:\/\/www.jornalja.com.br\/arquivo\/reforma-administrativa-de-marchezan-uniu-esporte-ao-desenvolvimento-social\/#webpage","url":"https:\/\/www.jornalja.com.br\/arquivo\/reforma-administrativa-de-marchezan-uniu-esporte-ao-desenvolvimento-social\/","name":"Reforma administrativa de Marchezan uniu Esporte ao Desenvolvimento Social | Arquivo","inLanguage":"pt-BR","isPartOf":{"@id":"https:\/\/www.jornalja.com.br\/arquivo\/#website"},"breadcrumb":{"@id":"https:\/\/www.jornalja.com.br\/arquivo\/reforma-administrativa-de-marchezan-uniu-esporte-ao-desenvolvimento-social\/#breadcrumblist"},"author":{"@id":"https:\/\/www.jornalja.com.br\/arquivo\/author\/daredacao\/#author"},"creator":{"@id":"https:\/\/www.jornalja.com.br\/arquivo\/author\/daredacao\/#author"},"image":{"@type":"ImageObject","url":51421,"@id":"https:\/\/www.jornalja.com.br\/arquivo\/reforma-administrativa-de-marchezan-uniu-esporte-ao-desenvolvimento-social\/#mainImage"},"primaryImageOfPage":{"@id":"https:\/\/www.jornalja.com.br\/arquivo\/reforma-administrativa-de-marchezan-uniu-esporte-ao-desenvolvimento-social\/#mainImage"},"datePublished":"2017-07-13T16:26:36-03:00","dateModified":"2017-07-13T16:26:36-03:00"},{"@type":"WebSite","@id":"https:\/\/www.jornalja.com.br\/arquivo\/#website","url":"https:\/\/www.jornalja.com.br\/arquivo\/","name":"Arquivo","description":"Jornal J\u00c1 | Porto Alegre","inLanguage":"pt-BR","publisher":{"@id":"https:\/\/www.jornalja.com.br\/arquivo\/#organization"}}]},"og:locale":"pt_BR","og:site_name":"Arquivo | Jornal J\u00c1 | Porto Alegre","og:type":"article","og:title":"Reforma administrativa de Marchezan uniu Esporte ao Desenvolvimento Social | Arquivo","og:url":"https:\/\/www.jornalja.com.br\/arquivo\/reforma-administrativa-de-marchezan-uniu-esporte-ao-desenvolvimento-social\/","og:image":"https:\/\/www.jornalja.com.br\/economics\/wp-content\/uploads\/sites\/11\/2026\/08\/ja-folhaderosto-facebook.jpg","og:image:secure_url":"https:\/\/www.jornalja.com.br\/economics\/wp-content\/uploads\/sites\/11\/2026\/08\/ja-folhaderosto-facebook.jpg","article:published_time":"2017-07-13T19:26:36+00:00","article:modified_time":"2017-07-13T19:26:36+00:00","twitter:card":"summary","twitter:title":"Reforma administrativa de Marchezan uniu Esporte ao Desenvolvimento Social | Arquivo","twitter:image":"https:\/\/www.jornalja.com.br\/economics\/wp-content\/uploads\/sites\/11\/2026\/08\/ja-folhaderosto-facebook.jpg"},"aioseo_meta_data":{"post_id":"51404","title":null,"description":null,"keywords":null,"keyphrases":null,"primary_term":null,"canonical_url":null,"og_title":null,"og_description":null,"og_object_type":"default","og_image_type":"default","og_image_url":null,"og_image_width":null,"og_image_height":null,"og_image_custom_url":null,"og_image_custom_fields":null,"og_video":null,"og_custom_url":null,"og_article_section":null,"og_article_tags":null,"twitter_use_og":false,"twitter_card":"default","twitter_image_type":"default","twitter_image_url":null,"twitter_image_custom_url":null,"twitter_image_custom_fields":null,"twitter_title":null,"twitter_description":null,"schema":{"blockGraphs":[],"customGraphs":[],"default":{"data":{"Article":[],"Course":[],"Dataset":[],"FAQPage":[],"Movie":[],"Person":[],"Product":[],"ProductReview":[],"Car":[],"Recipe":[],"Service":[],"SoftwareApplication":[],"WebPage":[]},"graphName":"","isEnabled":true},"graphs":[]},"schema_type":null,"schema_type_options":null,"pillar_content":false,"robots_default":true,"robots_noindex":false,"robots_noarchive":false,"robots_nosnippet":false,"robots_nofollow":false,"robots_noimageindex":false,"robots_noodp":false,"robots_notranslate":false,"robots_max_snippet":null,"robots_max_videopreview":null,"robots_max_imagepreview":"large","priority":null,"frequency":null,"location":null,"local_seo":null,"breadcrumb_settings":null,"limit_modified_date":false,"ai":null,"created":"2020-12-20 20:29:58","updated":"2025-07-19 23:05:06","seo_analyzer_scan_date":null,"focus_keyword":null,"additional_keywords":null,"truseo_locale":null},"jetpack_sharing_enabled":true,"jetpack-related-posts":[{"id":13239,"url":"https:\/\/www.jornalja.com.br\/arquivo\/conselho-desdenha-do-plano-diretor\/","url_meta":{"origin":51404,"position":0},"title":"Porto Alegre: Conselho detona Plano Diretor","author":"Patr\u00edcia Marini","date":"25 de maio de 2014","format":false,"excerpt":"Den\u00fancia do arquiteto e \u00a0urbanista Ibir\u00e1 Santos Lucas. Ele diz que os conselheiros est\u00e3o votando com \"enorme irresponsabilidade\". \"Mudam regime com a maior naturalidade,,,regularizam absurdos de constru\u00e7\u00f5es irregulares... \"O CMDUA est\u00e1 flexibilizando a lei do plano diretor, de uma forma impactante na vida da cidade. Mudam regime com a maior\u2026","rel":"","context":"Em &quot;Geral&quot;","block_context":{"text":"Geral","link":"https:\/\/www.jornalja.com.br\/arquivo\/category\/geral\/"},"img":{"alt_text":"","src":"","width":0,"height":0},"classes":[]},{"id":5440,"url":"https:\/\/www.jornalja.com.br\/arquivo\/casarao-da-venancio-destino-permanece-incerto\/","url_meta":{"origin":51404,"position":1},"title":"Estado ainda n\u00e3o sabe o que fazer com casar\u00e3o abandonado h\u00e1 20 anos","author":"Elmar Bones","date":"6 de julho de 2009","format":false,"excerpt":"O casar\u00e3o amarelo, numa esquina nobre de Porto Alegre (Ven\u00e2ncio Aires com Jo\u00e3o Pessoa), j\u00e1 abrigou uma escola. H\u00e1 duas d\u00e9cadas, pelo menos, est\u00e1 abandonado, porque seu propriet\u00e1rio, o governo do Estado do Rio Grande do Sul, n\u00e3o consegue achar um destino para ele. Planos n\u00e3o faltaram. O governador Ol\u00edvio\u2026","rel":"","context":"Em &quot;X.Categorias velhas&quot;","block_context":{"text":"X.Categorias velhas","link":"https:\/\/www.jornalja.com.br\/arquivo\/category\/x-categorias-velhas\/"},"img":{"alt_text":"geraldo1","src":"https:\/\/i0.wp.com\/www.jornalja.com.br\/wp-content\/uploads\/2009\/07\/geraldo1.jpg?resize=350%2C200&ssl=1","width":350,"height":200},"classes":[]},{"id":13240,"url":"https:\/\/www.jornalja.com.br\/arquivo\/plano-diretor-estamos-construindo-o-caos\/","url_meta":{"origin":51404,"position":2},"title":"Plano diretor: &quot;Estamos construindo o caos&quot;","author":"Patr\u00edcia Marini","date":"26 de maio de 2014","format":false,"excerpt":"Desabafo que arquiteta Eliana Castilhos, delegada da Regi\u00e3o de Planejamento 1, postou nas redes sociais \u00e9 um testemunho do ambiente que se criou no Conselho do Plano Diretor de Porto Alegre, onde a aprova\u00e7\u00e3o de grandes empreendimentos \u00e9 empurrada guela abaixo dos conselheiros. Ao CMDUA Como delegada da Regi\u00e3o de\u2026","rel":"","context":"Em &quot;Geral&quot;","block_context":{"text":"Geral","link":"https:\/\/www.jornalja.com.br\/arquivo\/category\/geral\/"},"img":{"alt_text":"","src":"","width":0,"height":0},"classes":[]},{"id":13109,"url":"https:\/\/www.jornalja.com.br\/arquivo\/judiciario-reconhece-poluicao-eletromagnetica\/","url_meta":{"origin":51404,"position":3},"title":"Judici\u00e1rio reconhece polui\u00e7\u00e3o eletromagn\u00e9tica","author":"Patr\u00edcia Marini","date":"16 de maio de 2014","format":false,"excerpt":"A\u00e7\u00e3o de duas associa\u00e7\u00f5es de moradores foi acolhida pelo Tribunal de Justi\u00e7a de S\u00e3o Paulo que. em decis\u00e3o in\u00e9dita, determinou a redu\u00e7\u00e3o do campo eletromagn\u00e9tico gerado pelas linhas de transmiss\u00e3o de energia que cortam os bairros City Boa\u00e7ava e Alto de Pinheiros. \u00c9 a primeira vez que um tribunal do\u2026","rel":"","context":"Em &quot;X.Categorias velhas&quot;","block_context":{"text":"X.Categorias velhas","link":"https:\/\/www.jornalja.com.br\/arquivo\/category\/x-categorias-velhas\/"},"img":{"alt_text":"","src":"","width":0,"height":0},"classes":[]},{"id":13124,"url":"https:\/\/www.jornalja.com.br\/arquivo\/sangue-latino-no-iecine\/","url_meta":{"origin":51404,"position":4},"title":"Sangue latino no IECINE","author":"da Reda\u00e7\u00e3o","date":"18 de maio de 2014","format":false,"excerpt":"Francisco Ribeiro O Instituto Estadual de Cinema (IECINE) tem a frente, desde abril \u00faltimo, um novo diretor, o cineasta colombiano Juan Zapata, 36, que substitui Luiz Alberto Cassol. Radicado h\u00e1 dez anos em Porto Alegre, Zapata tem diante de si o desafio de conduzir at\u00e9 o final do ano um\u2026","rel":"","context":"Em &quot;Cultura-Geral&quot;","block_context":{"text":"Cultura-Geral","link":"https:\/\/www.jornalja.com.br\/arquivo\/category\/materiasecundaria\/"},"img":{"alt_text":"","src":"","width":0,"height":0},"classes":[]},{"id":13128,"url":"https:\/\/www.jornalja.com.br\/arquivo\/maconha-terra-diz-que-uso-medicinal-e-desculpa\/","url_meta":{"origin":51404,"position":5},"title":"Maconha: Terra diz que uso medicinal \u00e9 desculpa","author":"Patr\u00edcia Marini","date":"4 de junho de 2014","format":false,"excerpt":"A condi\u00e7\u00e3o de pol\u00edtico, em \u00e9poca de campanha de campanha eleitoral, tira for\u00e7a do discurso do m\u00e9dico Osmar Terra contra a legaliza\u00e7\u00e3o da maconha. A tese dele de que a libera\u00e7\u00e3o vai ampliar exponencialmente o consumo \u00e9 discutivel, o consumo \u00e9 corrente. Mas seus alertas quanto aos riscos tem que\u2026","rel":"","context":"Em &quot;X.Categorias velhas&quot;","block_context":{"text":"X.Categorias velhas","link":"https:\/\/www.jornalja.com.br\/arquivo\/category\/x-categorias-velhas\/"},"img":{"alt_text":"","src":"","width":0,"height":0},"classes":[]}],"jetpack_shortlink":"https:\/\/wp.me\/pbQjBd-dn6","jetpack_featured_media_url":"","_links":{"self":[{"href":"https:\/\/www.jornalja.com.br\/arquivo\/wp-json\/wp\/v2\/posts\/51404","targetHints":{"allow":["GET"]}}],"collection":[{"href":"https:\/\/www.jornalja.com.br\/arquivo\/wp-json\/wp\/v2\/posts"}],"about":[{"href":"https:\/\/www.jornalja.com.br\/arquivo\/wp-json\/wp\/v2\/types\/post"}],"author":[{"embeddable":true,"href":"https:\/\/www.jornalja.com.br\/arquivo\/wp-json\/wp\/v2\/users\/4"}],"replies":[{"embeddable":true,"href":"https:\/\/www.jornalja.com.br\/arquivo\/wp-json\/wp\/v2\/comments?post=51404"}],"version-history":[{"count":0,"href":"https:\/\/www.jornalja.com.br\/arquivo\/wp-json\/wp\/v2\/posts\/51404\/revisions"}],"wp:attachment":[{"href":"https:\/\/www.jornalja.com.br\/arquivo\/wp-json\/wp\/v2\/media?parent=51404"}],"wp:term":[{"taxonomy":"category","embeddable":true,"href":"https:\/\/www.jornalja.com.br\/arquivo\/wp-json\/wp\/v2\/categories?post=51404"},{"taxonomy":"post_tag","embeddable":true,"href":"https:\/\/www.jornalja.com.br\/arquivo\/wp-json\/wp\/v2\/tags?post=51404"}],"curies":[{"name":"wp","href":"https:\/\/api.w.org\/{rel}","templated":true}]}}