{"id":51429,"date":"2017-07-13T18:11:23","date_gmt":"2017-07-13T21:11:23","guid":{"rendered":"https:\/\/www.jornalja.com.br\/?p=51429"},"modified":"2017-07-13T18:11:23","modified_gmt":"2017-07-13T21:11:23","slug":"juiz-manda-apreender-honorarios-de-advogado-que-lesou-clientes-da-crt","status":"publish","type":"post","link":"https:\/\/www.jornalja.com.br\/arquivo\/juiz-manda-apreender-honorarios-de-advogado-que-lesou-clientes-da-crt\/","title":{"rendered":"Juiz manda apreender honor\u00e1rios de advogado que lesou clientes da CRT"},"content":{"rendered":"<p>O juiz Alan Peixoto de Oliveira, da 4\u00aa Vara C\u00edvel da Comarca de Passo Fundo, determinou medidas objetivando garantir o poss\u00edvel ressarcimento de milhares de clientes lesados por Maur\u00edcio Dal Agnol, incluindo a reten\u00e7\u00e3o de bens e o levantamento de valores para os credores.<br \/>\nAdvogado, Dal Agnol \u00e9 acusado de liderar esquema fraudulento envolvendo participa\u00e7\u00f5es acion\u00e1rias da CRT, antiga estatal ga\u00facha de telefonia. Apenas no Estado, ele \u00e9 r\u00e9u em centenas de a\u00e7\u00f5es judiciais, algumas j\u00e1 com tr\u00e2nsito em julgado, buscando repara\u00e7\u00e3o financeira. O magistrado estima que o valor cobrado nessas a\u00e7\u00f5es chegue a R$ 170 milh\u00f5es, enquanto o patrim\u00f4nio retido de Dal Agnol n\u00e3o ultrapassa os R$ 5 milh\u00f5es.<br \/>\n<span class=\"intertit\">Apreens\u00f5es<\/span><br \/>\nFoi determinada a apreens\u00e3o dos honor\u00e1rios oriundos de processos de qualquer natureza patrocinados por Dal Agnol. Significa que os honor\u00e1rios\u00a0&#8211; pagamento pelo trabalho advocat\u00edcio\u00a0&#8211; devidos a ele dever\u00e3o ser destinados \u00e0 forma\u00e7\u00e3o de um \u00fanico montante com vistas ao ressarcimento dos clientes afetados pela fraude.<br \/>\nNo despacho, assinado no \u00faltimo dia 7, o juiz de Passo Fundo explica que, por conta de decis\u00e3o judicial anterior, cerca de R$ 1 milh\u00e3o em honor\u00e1rios j\u00e1 foram liberados para Dal Agnol, sob a justificativa de que a renumera\u00e7\u00e3o teria car\u00e1ter alimentar. Para o magistrado, algo que n\u00e3o pode mais ser tolerado: &#8220;Pretende a norma garantir o essencial e a dignidade do destinat\u00e1rio da verba alimentar, e n\u00e3o manter elevado padr\u00e3o de vida em detrimento das v\u00edtimas e do pagamento da d\u00edvida.&#8221;<br \/>\nTamb\u00e9m foi ordenada a expedi\u00e7\u00e3o de novos mandados de apreens\u00e3o de bens e valores em rela\u00e7\u00e3o a oito empresas, respeitando a participa\u00e7\u00e3o de Dal Agnol no capital social. S\u00e3o elas: Marmuri Empreendimentos Imobili\u00e1rios Ltda, MD Rent Loca\u00e7\u00f5es, Mosagosto Empreendimentos Imobili\u00e1rios Ltda, Perisul Empreendimentos Imobili\u00e1rios, Centro H\u00edpico e Haras MD, Diamante An\u00e1lises de Cadastros Ltda ME, Anaca An\u00e1lise de Cadastros Ltda ME, Dal Agnol e Fernandes Ltda ME<br \/>\nAs determina\u00e7\u00f5es do juiz Alan est\u00e3o no \u00e2mbito de medida cautelar de indisponibilidade de bens movida pela Defensoria P\u00fablica do Estado (DPE) contra Dal Agnol em 2014. Ainda s\u00e3o r\u00e9us no processo M\u00e1rcia F\u00e1tima Da Silva Dall Agnol (esposa do advogado), Marina Dal Agnol (filha) e a empresa Dal Agnol Advogados.<br \/>\n<span class=\"intertit\">Valores<\/span><br \/>\nNoutro ponto, o magistrado autorizou o levantamento de valores em favor dos credores. &#8220;O r\u00e9u apresentou proposta de acordo, onde concordou com o pagamento dos credores, por ordem judicial, com a utiliza\u00e7\u00e3o dos valores depositados no feito, ressalvados os honor\u00e1rios de sucumb\u00eancia eos honor\u00e1rios dos seus procuradores&#8221;, explicou.<br \/>\nCom isso, estipulou como crit\u00e9rios para o pagamento de credores: ordem de penhora, desde que haja tr\u00e2nsito em julgado da decis\u00e3o no ju\u00edzo de origem, concord\u00e2ncia do Minist\u00e9rio P\u00fablico e da DPE.<br \/>\nFica autorizada ainda a realiza\u00e7\u00e3o de atos expropriat\u00f3rios nas execu\u00e7\u00f5es individuais, sobre os bens arrestados na cautelar. O Juiz esclarece: &#8220;Os valores em dep\u00f3sito judicial vinculados ao processo cautelar s\u00e3o insuficientes para pagamento mesmo dos credores j\u00e1 habilitados no procedimento, sendo recomend\u00e1vel que as a\u00e7\u00f5es executivas em andamento tenham normal seguimento.&#8221;<br \/>\n<span class=\"intertit\">Cita\u00e7\u00e3o<\/span><br \/>\nAinda que a medida cautelar de indisponibilidade de bens tramite h\u00e1 tr\u00eas anos, tanto a esposa, que vive em Curitiba\/PR, como a filha (inclu\u00edda como r\u00e9 mais tarde, morando em Nova Iorque\/USA) jamais foram efetivamente citadas. Por isso, o juiz Alan convocou Maur\u00edcio Dal Agnol a cooperar, indicando meios de notificar a sua esposa e a filha.<br \/>\nA \u00edntegra do despacho pode ser acessada atrav\u00e9s da busca processual no site do TJRS, no processo 11400099333 (Comarca de Passo Fundo).<\/p>\n","protected":false},"excerpt":{"rendered":"<p>O juiz Alan Peixoto de Oliveira, da 4\u00aa Vara C\u00edvel da Comarca de Passo Fundo, determinou medidas objetivando garantir o poss\u00edvel ressarcimento de milhares de clientes lesados por Maur\u00edcio Dal Agnol, incluindo a reten\u00e7\u00e3o de bens e o levantamento de valores para os credores. Advogado, Dal Agnol \u00e9 acusado de liderar esquema fraudulento envolvendo participa\u00e7\u00f5es [&hellip;]<\/p>\n","protected":false},"author":4,"featured_media":18652,"comment_status":"open","ping_status":"closed","sticky":false,"template":"","format":"standard","meta":{"_jetpack_newsletter_access":"","_jetpack_dont_email_post_to_subs":false,"_jetpack_newsletter_tier_id":0,"_jetpack_memberships_contains_paywalled_content":false,"_jetpack_feature_clip_id":0,"_jetpack_memberships_contains_paid_content":false,"footnotes":"","jetpack_post_was_ever_published":false},"categories":[26],"tags":[],"class_list":["post-51429","post","type-post","status-publish","format-standard","has-post-thumbnail","hentry","category-geral"],"aioseo_notices":[],"aioseo_head":"\n\t\t<!-- All in One SEO 5.0.1.1 - aioseo.com -->\n\t<meta name=\"robots\" content=\"max-image-preview:large\" \/>\n\t<meta name=\"author\" content=\"da Reda\u00e7\u00e3o\"\/>\n\t<link rel=\"canonical\" href=\"https:\/\/www.jornalja.com.br\/arquivo\/juiz-manda-apreender-honorarios-de-advogado-que-lesou-clientes-da-crt\/\" \/>\n\t<meta name=\"generator\" content=\"All in One SEO (AIOSEO) 5.0.1.1\" \/>\n\t\t<meta property=\"og:locale\" content=\"pt_BR\" \/>\n\t\t<meta property=\"og:site_name\" content=\"Arquivo | Jornal J\u00c1 | Porto Alegre\" \/>\n\t\t<meta property=\"og:type\" content=\"article\" \/>\n\t\t<meta property=\"og:title\" content=\"Juiz manda apreender honor\u00e1rios de advogado que lesou clientes da CRT | Arquivo\" \/>\n\t\t<meta property=\"og:url\" content=\"https:\/\/www.jornalja.com.br\/arquivo\/juiz-manda-apreender-honorarios-de-advogado-que-lesou-clientes-da-crt\/\" \/>\n\t\t<meta property=\"og:image\" content=\"https:\/\/www.jornalja.com.br\/economics\/wp-content\/uploads\/sites\/11\/2026\/08\/ja-folhaderosto-facebook.jpg\" \/>\n\t\t<meta property=\"og:image:secure_url\" content=\"https:\/\/www.jornalja.com.br\/economics\/wp-content\/uploads\/sites\/11\/2026\/08\/ja-folhaderosto-facebook.jpg\" \/>\n\t\t<meta property=\"article:published_time\" content=\"2017-07-13T21:11:23+00:00\" \/>\n\t\t<meta property=\"article:modified_time\" content=\"2017-07-13T21:11:23+00:00\" \/>\n\t\t<meta name=\"twitter:card\" content=\"summary\" \/>\n\t\t<meta name=\"twitter:title\" content=\"Juiz manda apreender honor\u00e1rios de advogado que lesou clientes da CRT | Arquivo\" \/>\n\t\t<meta name=\"twitter:image\" content=\"https:\/\/www.jornalja.com.br\/economics\/wp-content\/uploads\/sites\/11\/2026\/08\/ja-folhaderosto-facebook.jpg\" \/>\n\t\t<script type=\"application\/ld+json\" class=\"aioseo-schema\">\n\t\t\t{\"@context\":\"https:\\\/\\\/schema.org\",\"@graph\":[{\"@type\":\"BlogPosting\",\"@id\":\"https:\\\/\\\/www.jornalja.com.br\\\/arquivo\\\/juiz-manda-apreender-honorarios-de-advogado-que-lesou-clientes-da-crt\\\/#blogposting\",\"name\":\"Juiz manda apreender honor\\u00e1rios de advogado que lesou clientes da CRT | Arquivo\",\"headline\":\"Juiz manda apreender honor\\u00e1rios de advogado que lesou clientes da CRT\",\"author\":{\"@id\":\"https:\\\/\\\/www.jornalja.com.br\\\/arquivo\\\/author\\\/daredacao\\\/#author\"},\"publisher\":{\"@id\":\"https:\\\/\\\/www.jornalja.com.br\\\/arquivo\\\/#organization\"},\"image\":{\"@type\":\"ImageObject\",\"url\":18652},\"datePublished\":\"2017-07-13T18:11:23-03:00\",\"dateModified\":\"2017-07-13T18:11:23-03:00\",\"inLanguage\":\"pt-BR\",\"mainEntityOfPage\":{\"@id\":\"https:\\\/\\\/www.jornalja.com.br\\\/arquivo\\\/juiz-manda-apreender-honorarios-de-advogado-que-lesou-clientes-da-crt\\\/#webpage\"},\"isPartOf\":{\"@id\":\"https:\\\/\\\/www.jornalja.com.br\\\/arquivo\\\/juiz-manda-apreender-honorarios-de-advogado-que-lesou-clientes-da-crt\\\/#webpage\"},\"articleSection\":\"Geral\"},{\"@type\":\"BreadcrumbList\",\"@id\":\"https:\\\/\\\/www.jornalja.com.br\\\/arquivo\\\/juiz-manda-apreender-honorarios-de-advogado-que-lesou-clientes-da-crt\\\/#breadcrumblist\",\"itemListElement\":[{\"@type\":\"ListItem\",\"@id\":\"https:\\\/\\\/www.jornalja.com.br\\\/arquivo#listItem\",\"position\":1,\"name\":\"Home\",\"item\":\"https:\\\/\\\/www.jornalja.com.br\\\/arquivo\",\"nextItem\":{\"@type\":\"ListItem\",\"@id\":\"https:\\\/\\\/www.jornalja.com.br\\\/arquivo\\\/category\\\/geral\\\/#listItem\",\"name\":\"Geral\"}},{\"@type\":\"ListItem\",\"@id\":\"https:\\\/\\\/www.jornalja.com.br\\\/arquivo\\\/category\\\/geral\\\/#listItem\",\"position\":2,\"name\":\"Geral\",\"item\":\"https:\\\/\\\/www.jornalja.com.br\\\/arquivo\\\/category\\\/geral\\\/\",\"nextItem\":{\"@type\":\"ListItem\",\"@id\":\"https:\\\/\\\/www.jornalja.com.br\\\/arquivo\\\/juiz-manda-apreender-honorarios-de-advogado-que-lesou-clientes-da-crt\\\/#listItem\",\"name\":\"Juiz manda apreender honor\\u00e1rios de advogado que lesou clientes da CRT\"},\"previousItem\":{\"@type\":\"ListItem\",\"@id\":\"https:\\\/\\\/www.jornalja.com.br\\\/arquivo#listItem\",\"name\":\"Home\"}},{\"@type\":\"ListItem\",\"@id\":\"https:\\\/\\\/www.jornalja.com.br\\\/arquivo\\\/juiz-manda-apreender-honorarios-de-advogado-que-lesou-clientes-da-crt\\\/#listItem\",\"position\":3,\"name\":\"Juiz manda apreender honor\\u00e1rios de advogado que lesou clientes da CRT\",\"previousItem\":{\"@type\":\"ListItem\",\"@id\":\"https:\\\/\\\/www.jornalja.com.br\\\/arquivo\\\/category\\\/geral\\\/#listItem\",\"name\":\"Geral\"}}]},{\"@type\":\"Organization\",\"@id\":\"https:\\\/\\\/www.jornalja.com.br\\\/arquivo\\\/#organization\",\"name\":\"Jornal J\\u00c1\",\"description\":\"Jornal J\\u00c1 | Porto Alegre\",\"url\":\"https:\\\/\\\/www.jornalja.com.br\\\/arquivo\\\/\",\"telephone\":\"+555133307272\",\"logo\":{\"@type\":\"ImageObject\",\"url\":\"https:\\\/\\\/www.jornalja.com.br\\\/wp-content\\\/uploads\\\/cards\\\/JAslogan.png\",\"@id\":\"https:\\\/\\\/www.jornalja.com.br\\\/arquivo\\\/juiz-manda-apreender-honorarios-de-advogado-que-lesou-clientes-da-crt\\\/#organizationLogo\"},\"image\":{\"@id\":\"https:\\\/\\\/www.jornalja.com.br\\\/arquivo\\\/juiz-manda-apreender-honorarios-de-advogado-que-lesou-clientes-da-crt\\\/#organizationLogo\"}},{\"@type\":\"Person\",\"@id\":\"https:\\\/\\\/www.jornalja.com.br\\\/arquivo\\\/author\\\/daredacao\\\/#author\",\"url\":\"https:\\\/\\\/www.jornalja.com.br\\\/arquivo\\\/author\\\/daredacao\\\/\",\"name\":\"da Reda\\u00e7\\u00e3o\",\"image\":{\"@type\":\"ImageObject\",\"@id\":\"https:\\\/\\\/www.jornalja.com.br\\\/arquivo\\\/juiz-manda-apreender-honorarios-de-advogado-que-lesou-clientes-da-crt\\\/#authorImage\",\"url\":\"https:\\\/\\\/secure.gravatar.com\\\/avatar\\\/469fd857d6605ad19919d27ed29d35a968a25f6e8fd9318356bbb7f57aae9c65?s=96&d=mm&r=g\",\"width\":96,\"height\":96,\"caption\":\"da Reda\\u00e7\\u00e3o\"}},{\"@type\":\"WebPage\",\"@id\":\"https:\\\/\\\/www.jornalja.com.br\\\/arquivo\\\/juiz-manda-apreender-honorarios-de-advogado-que-lesou-clientes-da-crt\\\/#webpage\",\"url\":\"https:\\\/\\\/www.jornalja.com.br\\\/arquivo\\\/juiz-manda-apreender-honorarios-de-advogado-que-lesou-clientes-da-crt\\\/\",\"name\":\"Juiz manda apreender honor\\u00e1rios de advogado que lesou clientes da CRT | Arquivo\",\"inLanguage\":\"pt-BR\",\"isPartOf\":{\"@id\":\"https:\\\/\\\/www.jornalja.com.br\\\/arquivo\\\/#website\"},\"breadcrumb\":{\"@id\":\"https:\\\/\\\/www.jornalja.com.br\\\/arquivo\\\/juiz-manda-apreender-honorarios-de-advogado-que-lesou-clientes-da-crt\\\/#breadcrumblist\"},\"author\":{\"@id\":\"https:\\\/\\\/www.jornalja.com.br\\\/arquivo\\\/author\\\/daredacao\\\/#author\"},\"creator\":{\"@id\":\"https:\\\/\\\/www.jornalja.com.br\\\/arquivo\\\/author\\\/daredacao\\\/#author\"},\"image\":{\"@type\":\"ImageObject\",\"url\":18652,\"@id\":\"https:\\\/\\\/www.jornalja.com.br\\\/arquivo\\\/juiz-manda-apreender-honorarios-de-advogado-que-lesou-clientes-da-crt\\\/#mainImage\"},\"primaryImageOfPage\":{\"@id\":\"https:\\\/\\\/www.jornalja.com.br\\\/arquivo\\\/juiz-manda-apreender-honorarios-de-advogado-que-lesou-clientes-da-crt\\\/#mainImage\"},\"datePublished\":\"2017-07-13T18:11:23-03:00\",\"dateModified\":\"2017-07-13T18:11:23-03:00\"},{\"@type\":\"WebSite\",\"@id\":\"https:\\\/\\\/www.jornalja.com.br\\\/arquivo\\\/#website\",\"url\":\"https:\\\/\\\/www.jornalja.com.br\\\/arquivo\\\/\",\"name\":\"Arquivo\",\"description\":\"Jornal J\\u00c1 | Porto Alegre\",\"inLanguage\":\"pt-BR\",\"publisher\":{\"@id\":\"https:\\\/\\\/www.jornalja.com.br\\\/arquivo\\\/#organization\"}}]}\n\t\t<\/script>\n\t\t<!-- All in One SEO -->\n\n","aioseo_head_json":{"title":"Juiz manda apreender honor\u00e1rios de advogado que lesou clientes da CRT | Arquivo","description":"","canonical_url":"https:\/\/www.jornalja.com.br\/arquivo\/juiz-manda-apreender-honorarios-de-advogado-que-lesou-clientes-da-crt\/","robots":"max-image-preview:large","keywords":"","webmasterTools":{"miscellaneous":""},"schema":{"@context":"https:\/\/schema.org","@graph":[{"@type":"BlogPosting","@id":"https:\/\/www.jornalja.com.br\/arquivo\/juiz-manda-apreender-honorarios-de-advogado-que-lesou-clientes-da-crt\/#blogposting","name":"Juiz manda apreender honor\u00e1rios de advogado que lesou clientes da CRT | Arquivo","headline":"Juiz manda apreender honor\u00e1rios de advogado que lesou clientes da CRT","author":{"@id":"https:\/\/www.jornalja.com.br\/arquivo\/author\/daredacao\/#author"},"publisher":{"@id":"https:\/\/www.jornalja.com.br\/arquivo\/#organization"},"image":{"@type":"ImageObject","url":18652},"datePublished":"2017-07-13T18:11:23-03:00","dateModified":"2017-07-13T18:11:23-03:00","inLanguage":"pt-BR","mainEntityOfPage":{"@id":"https:\/\/www.jornalja.com.br\/arquivo\/juiz-manda-apreender-honorarios-de-advogado-que-lesou-clientes-da-crt\/#webpage"},"isPartOf":{"@id":"https:\/\/www.jornalja.com.br\/arquivo\/juiz-manda-apreender-honorarios-de-advogado-que-lesou-clientes-da-crt\/#webpage"},"articleSection":"Geral"},{"@type":"BreadcrumbList","@id":"https:\/\/www.jornalja.com.br\/arquivo\/juiz-manda-apreender-honorarios-de-advogado-que-lesou-clientes-da-crt\/#breadcrumblist","itemListElement":[{"@type":"ListItem","@id":"https:\/\/www.jornalja.com.br\/arquivo#listItem","position":1,"name":"Home","item":"https:\/\/www.jornalja.com.br\/arquivo","nextItem":{"@type":"ListItem","@id":"https:\/\/www.jornalja.com.br\/arquivo\/category\/geral\/#listItem","name":"Geral"}},{"@type":"ListItem","@id":"https:\/\/www.jornalja.com.br\/arquivo\/category\/geral\/#listItem","position":2,"name":"Geral","item":"https:\/\/www.jornalja.com.br\/arquivo\/category\/geral\/","nextItem":{"@type":"ListItem","@id":"https:\/\/www.jornalja.com.br\/arquivo\/juiz-manda-apreender-honorarios-de-advogado-que-lesou-clientes-da-crt\/#listItem","name":"Juiz manda apreender honor\u00e1rios de advogado que lesou clientes da CRT"},"previousItem":{"@type":"ListItem","@id":"https:\/\/www.jornalja.com.br\/arquivo#listItem","name":"Home"}},{"@type":"ListItem","@id":"https:\/\/www.jornalja.com.br\/arquivo\/juiz-manda-apreender-honorarios-de-advogado-que-lesou-clientes-da-crt\/#listItem","position":3,"name":"Juiz manda apreender honor\u00e1rios de advogado que lesou clientes da CRT","previousItem":{"@type":"ListItem","@id":"https:\/\/www.jornalja.com.br\/arquivo\/category\/geral\/#listItem","name":"Geral"}}]},{"@type":"Organization","@id":"https:\/\/www.jornalja.com.br\/arquivo\/#organization","name":"Jornal J\u00c1","description":"Jornal J\u00c1 | Porto Alegre","url":"https:\/\/www.jornalja.com.br\/arquivo\/","telephone":"+555133307272","logo":{"@type":"ImageObject","url":"https:\/\/www.jornalja.com.br\/wp-content\/uploads\/cards\/JAslogan.png","@id":"https:\/\/www.jornalja.com.br\/arquivo\/juiz-manda-apreender-honorarios-de-advogado-que-lesou-clientes-da-crt\/#organizationLogo"},"image":{"@id":"https:\/\/www.jornalja.com.br\/arquivo\/juiz-manda-apreender-honorarios-de-advogado-que-lesou-clientes-da-crt\/#organizationLogo"}},{"@type":"Person","@id":"https:\/\/www.jornalja.com.br\/arquivo\/author\/daredacao\/#author","url":"https:\/\/www.jornalja.com.br\/arquivo\/author\/daredacao\/","name":"da Reda\u00e7\u00e3o","image":{"@type":"ImageObject","@id":"https:\/\/www.jornalja.com.br\/arquivo\/juiz-manda-apreender-honorarios-de-advogado-que-lesou-clientes-da-crt\/#authorImage","url":"https:\/\/secure.gravatar.com\/avatar\/469fd857d6605ad19919d27ed29d35a968a25f6e8fd9318356bbb7f57aae9c65?s=96&d=mm&r=g","width":96,"height":96,"caption":"da Reda\u00e7\u00e3o"}},{"@type":"WebPage","@id":"https:\/\/www.jornalja.com.br\/arquivo\/juiz-manda-apreender-honorarios-de-advogado-que-lesou-clientes-da-crt\/#webpage","url":"https:\/\/www.jornalja.com.br\/arquivo\/juiz-manda-apreender-honorarios-de-advogado-que-lesou-clientes-da-crt\/","name":"Juiz manda apreender honor\u00e1rios de advogado que lesou clientes da CRT | Arquivo","inLanguage":"pt-BR","isPartOf":{"@id":"https:\/\/www.jornalja.com.br\/arquivo\/#website"},"breadcrumb":{"@id":"https:\/\/www.jornalja.com.br\/arquivo\/juiz-manda-apreender-honorarios-de-advogado-que-lesou-clientes-da-crt\/#breadcrumblist"},"author":{"@id":"https:\/\/www.jornalja.com.br\/arquivo\/author\/daredacao\/#author"},"creator":{"@id":"https:\/\/www.jornalja.com.br\/arquivo\/author\/daredacao\/#author"},"image":{"@type":"ImageObject","url":18652,"@id":"https:\/\/www.jornalja.com.br\/arquivo\/juiz-manda-apreender-honorarios-de-advogado-que-lesou-clientes-da-crt\/#mainImage"},"primaryImageOfPage":{"@id":"https:\/\/www.jornalja.com.br\/arquivo\/juiz-manda-apreender-honorarios-de-advogado-que-lesou-clientes-da-crt\/#mainImage"},"datePublished":"2017-07-13T18:11:23-03:00","dateModified":"2017-07-13T18:11:23-03:00"},{"@type":"WebSite","@id":"https:\/\/www.jornalja.com.br\/arquivo\/#website","url":"https:\/\/www.jornalja.com.br\/arquivo\/","name":"Arquivo","description":"Jornal J\u00c1 | Porto Alegre","inLanguage":"pt-BR","publisher":{"@id":"https:\/\/www.jornalja.com.br\/arquivo\/#organization"}}]},"og:locale":"pt_BR","og:site_name":"Arquivo | Jornal J\u00c1 | Porto Alegre","og:type":"article","og:title":"Juiz manda apreender honor\u00e1rios de advogado que lesou clientes da CRT | Arquivo","og:url":"https:\/\/www.jornalja.com.br\/arquivo\/juiz-manda-apreender-honorarios-de-advogado-que-lesou-clientes-da-crt\/","og:image":"https:\/\/www.jornalja.com.br\/economics\/wp-content\/uploads\/sites\/11\/2026\/08\/ja-folhaderosto-facebook.jpg","og:image:secure_url":"https:\/\/www.jornalja.com.br\/economics\/wp-content\/uploads\/sites\/11\/2026\/08\/ja-folhaderosto-facebook.jpg","article:published_time":"2017-07-13T21:11:23+00:00","article:modified_time":"2017-07-13T21:11:23+00:00","twitter:card":"summary","twitter:title":"Juiz manda apreender honor\u00e1rios de advogado que lesou clientes da CRT | Arquivo","twitter:image":"https:\/\/www.jornalja.com.br\/economics\/wp-content\/uploads\/sites\/11\/2026\/08\/ja-folhaderosto-facebook.jpg"},"aioseo_meta_data":{"post_id":"51429","title":null,"description":null,"keywords":null,"keyphrases":null,"primary_term":null,"canonical_url":null,"og_title":null,"og_description":null,"og_object_type":"default","og_image_type":"default","og_image_url":null,"og_image_width":null,"og_image_height":null,"og_image_custom_url":null,"og_image_custom_fields":null,"og_video":null,"og_custom_url":null,"og_article_section":null,"og_article_tags":null,"twitter_use_og":false,"twitter_card":"default","twitter_image_type":"default","twitter_image_url":null,"twitter_image_custom_url":null,"twitter_image_custom_fields":null,"twitter_title":null,"twitter_description":null,"schema":{"blockGraphs":[],"customGraphs":[],"default":{"data":{"Article":[],"Course":[],"Dataset":[],"FAQPage":[],"Movie":[],"Person":[],"Product":[],"ProductReview":[],"Car":[],"Recipe":[],"Service":[],"SoftwareApplication":[],"WebPage":[]},"graphName":"","isEnabled":true},"graphs":[]},"schema_type":null,"schema_type_options":null,"pillar_content":false,"robots_default":true,"robots_noindex":false,"robots_noarchive":false,"robots_nosnippet":false,"robots_nofollow":false,"robots_noimageindex":false,"robots_noodp":false,"robots_notranslate":false,"robots_max_snippet":null,"robots_max_videopreview":null,"robots_max_imagepreview":"large","priority":null,"frequency":null,"location":null,"local_seo":null,"breadcrumb_settings":null,"limit_modified_date":false,"ai":null,"created":"2020-12-20 20:29:58","updated":"2025-07-19 23:05:06","seo_analyzer_scan_date":null,"focus_keyword":null,"additional_keywords":null,"truseo_locale":null},"jetpack_sharing_enabled":true,"jetpack-related-posts":[{"id":13109,"url":"https:\/\/www.jornalja.com.br\/arquivo\/judiciario-reconhece-poluicao-eletromagnetica\/","url_meta":{"origin":51429,"position":0},"title":"Judici\u00e1rio reconhece polui\u00e7\u00e3o eletromagn\u00e9tica","author":"Patr\u00edcia Marini","date":"16 de maio de 2014","format":false,"excerpt":"A\u00e7\u00e3o de duas associa\u00e7\u00f5es de moradores foi acolhida pelo Tribunal de Justi\u00e7a de S\u00e3o Paulo que. em decis\u00e3o in\u00e9dita, determinou a redu\u00e7\u00e3o do campo eletromagn\u00e9tico gerado pelas linhas de transmiss\u00e3o de energia que cortam os bairros City Boa\u00e7ava e Alto de Pinheiros. \u00c9 a primeira vez que um tribunal do\u2026","rel":"","context":"Em &quot;X.Categorias velhas&quot;","block_context":{"text":"X.Categorias velhas","link":"https:\/\/www.jornalja.com.br\/arquivo\/category\/x-categorias-velhas\/"},"img":{"alt_text":"","src":"","width":0,"height":0},"classes":[]},{"id":13240,"url":"https:\/\/www.jornalja.com.br\/arquivo\/plano-diretor-estamos-construindo-o-caos\/","url_meta":{"origin":51429,"position":1},"title":"Plano diretor: &quot;Estamos construindo o caos&quot;","author":"Patr\u00edcia Marini","date":"26 de maio de 2014","format":false,"excerpt":"Desabafo que arquiteta Eliana Castilhos, delegada da Regi\u00e3o de Planejamento 1, postou nas redes sociais \u00e9 um testemunho do ambiente que se criou no Conselho do Plano Diretor de Porto Alegre, onde a aprova\u00e7\u00e3o de grandes empreendimentos \u00e9 empurrada guela abaixo dos conselheiros. Ao CMDUA Como delegada da Regi\u00e3o de\u2026","rel":"","context":"Em &quot;Geral&quot;","block_context":{"text":"Geral","link":"https:\/\/www.jornalja.com.br\/arquivo\/category\/geral\/"},"img":{"alt_text":"","src":"","width":0,"height":0},"classes":[]},{"id":14241,"url":"https:\/\/www.jornalja.com.br\/arquivo\/o-guaiba-nas-imagens-poeticas-de-achutti\/","url_meta":{"origin":51429,"position":2},"title":"O Gua\u00edba nas imagens po\u00e9ticas de Achutti","author":"da Reda\u00e7\u00e3o","date":"18 de junho de 2014","format":false,"excerpt":"Em \u201cO Gua\u00edba por Achutti\u201d \u2013 obra financiada via Minist\u00e9rio da Cultura, produ\u00e7\u00e3o executiva de Pedro Longhi, e Fl\u00e1vio Wild como designer \u2013, o fot\u00f3grafo revela a beleza e as mazelas de um espa\u00e7o aqu\u00e1tico de \u00e1guas sempre renovadas, cheio de hist\u00f3rias e lendas como as das cidades que foram\u2026","rel":"","context":"Em &quot;Cultura-Geral&quot;","block_context":{"text":"Cultura-Geral","link":"https:\/\/www.jornalja.com.br\/arquivo\/category\/materiasecundaria\/"},"img":{"alt_text":"","src":"","width":0,"height":0},"classes":[]}],"jetpack_shortlink":"https:\/\/wp.me\/pbQjBd-dnv","jetpack_featured_media_url":"","_links":{"self":[{"href":"https:\/\/www.jornalja.com.br\/arquivo\/wp-json\/wp\/v2\/posts\/51429","targetHints":{"allow":["GET"]}}],"collection":[{"href":"https:\/\/www.jornalja.com.br\/arquivo\/wp-json\/wp\/v2\/posts"}],"about":[{"href":"https:\/\/www.jornalja.com.br\/arquivo\/wp-json\/wp\/v2\/types\/post"}],"author":[{"embeddable":true,"href":"https:\/\/www.jornalja.com.br\/arquivo\/wp-json\/wp\/v2\/users\/4"}],"replies":[{"embeddable":true,"href":"https:\/\/www.jornalja.com.br\/arquivo\/wp-json\/wp\/v2\/comments?post=51429"}],"version-history":[{"count":0,"href":"https:\/\/www.jornalja.com.br\/arquivo\/wp-json\/wp\/v2\/posts\/51429\/revisions"}],"wp:attachment":[{"href":"https:\/\/www.jornalja.com.br\/arquivo\/wp-json\/wp\/v2\/media?parent=51429"}],"wp:term":[{"taxonomy":"category","embeddable":true,"href":"https:\/\/www.jornalja.com.br\/arquivo\/wp-json\/wp\/v2\/categories?post=51429"},{"taxonomy":"post_tag","embeddable":true,"href":"https:\/\/www.jornalja.com.br\/arquivo\/wp-json\/wp\/v2\/tags?post=51429"}],"curies":[{"name":"wp","href":"https:\/\/api.w.org\/{rel}","templated":true}]}}