{"id":51430,"date":"2017-07-13T20:56:07","date_gmt":"2017-07-13T23:56:07","guid":{"rendered":"https:\/\/www.jornalja.com.br\/?p=51430"},"modified":"2017-07-13T20:56:07","modified_gmt":"2017-07-13T23:56:07","slug":"ato-em-apoio-a-lula-e-contra-as-reformas-de-temer-reune-mil-pessoas-na-esquina-democratica","status":"publish","type":"post","link":"https:\/\/www.jornalja.com.br\/arquivo\/ato-em-apoio-a-lula-e-contra-as-reformas-de-temer-reune-mil-pessoas-na-esquina-democratica\/","title":{"rendered":"Ato em apoio a Lula e contra as reformas de Temer re\u00fane mil pessoas na Esquina Democr\u00e1tica"},"content":{"rendered":"<p>FELIPE UHR<br \/>\nUm t\u00edmido apoio a Lula foi registrado hoje no centro de Porto Alegre. Cerca de mil pessoas, segundo a organiza\u00e7\u00e3o, reuniram-se na Esquina Democr\u00e1tica em defesa do ex-presidente, que foi condenado ontem, dia 12, a nove anos e meio de pris\u00e3o, pelo Juiz S\u00e9rgio Moro.<br \/>\nA manifesta\u00e7\u00e3o tamb\u00e9m era contra as reformas de Temer.\u00a0 Uma da organizadoras do ato, Suelen Gon\u00e7alves, do Movimento Nacional de Luta \u00e0 Moradia (MNLM), admitiu a que a defesa de Lula surgiu como um segundo objetivo do ato: &#8220;Sab\u00edamos que seria uma semana agitada.&#8221;<br \/>\nA militante tamb\u00e9m salientou sua estranheza ao comentar sobre a condena\u00e7\u00e3o de Lula. &#8220;\u00c9 sempre essa &#8216;coincid\u00eancia&#8217; de ocorrer um fato que logo abafa outro anterior&#8221;, disse, referindo-se \u00e0 senten\u00e7a no mesmo dia da aprova\u00e7\u00e3o da reforma trabalhista.<br \/>\nPol\u00edticos do PT, como a vereadora Sofia Cavedon e o deputado estadual Tarc\u00edsio Zimmermann, foram vistos na multid\u00e3o. &#8220;Fora Temer&#8221; foi\u00a0 grito mais declamado a cada discurso que era proferido por l\u00edderes sindicais e de movimentos sociais presentes na vig\u00edlia.<br \/>\nUm grupo colhia assinaturas pela revoga\u00e7\u00e3o do afastamento de DIlma Rousseff. O Movimento Nacional pela Anula\u00e7\u00e3o do Impeachment come\u00e7ou no in\u00edcio deste m\u1ebds de julho. O objetivo \u00e9 colher mais de 1,4 milh\u00e3o de assinaturas.<br \/>\n<strong>Provoca\u00e7\u00e3o\u00a0 <\/strong><br \/>\nDurante o ato, do alto de um pr\u00e9dio foram jogadas tiras de papel com os dizeres &#8220;LULADR\u00c3O teu lugar \u00e9 na pris\u00e3o&#8221;. Sem sucesso, os participantes do protesto tentavam identificar o autor da provoca\u00e7\u00e3o.<br \/>\nNas proximidades do ato, tropas policiais de prontid\u00e3o: na Jer\u00f4nimo Coelho uma d\u00fazia de soldados do BOE, na Borges de Medeiros mais uma d\u00fazia de motos e policiais. Na esquina da Jer\u00f4nimo com a Marechal Floriano Peixoto, 6 caminhonetes do BOE estavam estacionadas.<br \/>\n<figure id=\"attachment_51473\" aria-describedby=\"caption-attachment-51473\" style=\"width: 400px\" class=\"wp-caption alignnone\"><img loading=\"lazy\" decoding=\"async\" class=\"wp-image-51473 size-medium\" src=\"https:\/\/www.jornalja.com.br\/wp-content\/uploads\/2017\/07\/20170713_192544-400x240.jpg\" alt=\"\" width=\"400\" height=\"240\" \/><figcaption id=\"caption-attachment-51473\" class=\"wp-caption-text\">Na Borges policias de moto faziam a vigil\u00e2ncia do ato. Foto: Felipe Uhr\/Jornal J\u00e1<\/figcaption><\/figure><br \/>\n<figure id=\"attachment_51474\" aria-describedby=\"caption-attachment-51474\" style=\"width: 400px\" class=\"wp-caption alignnone\"><img loading=\"lazy\" decoding=\"async\" class=\"wp-image-51474 size-medium\" src=\"https:\/\/www.jornalja.com.br\/wp-content\/uploads\/2017\/07\/20170713_193000-400x240.jpg\" alt=\"\" width=\"400\" height=\"240\" \/><figcaption id=\"caption-attachment-51474\" class=\"wp-caption-text\">Na Jer\u00f4nimo 6 viaturas do BOE estacionadas deram a dimens\u00e3o do efetivo deslocado. Foto: Felipe Uhr\/Jornal J\u00e1<\/figcaption><\/figure><br \/>\n&nbsp;<br \/>\nA manifesta\u00e7\u00e3o acabou por volta das 20h, no Largo Zumbi dos Palmares, sem nenhum incidente registrado.<\/p>\n","protected":false},"excerpt":{"rendered":"<p>FELIPE UHR Um t\u00edmido apoio a Lula foi registrado hoje no centro de Porto Alegre. Cerca de mil pessoas, segundo a organiza\u00e7\u00e3o, reuniram-se na Esquina Democr\u00e1tica em defesa do ex-presidente, que foi condenado ontem, dia 12, a nove anos e meio de pris\u00e3o, pelo Juiz S\u00e9rgio Moro. A manifesta\u00e7\u00e3o tamb\u00e9m era contra as reformas de [&hellip;]<\/p>\n","protected":false},"author":4,"featured_media":51488,"comment_status":"open","ping_status":"closed","sticky":false,"template":"","format":"standard","meta":{"_jetpack_newsletter_access":"","_jetpack_dont_email_post_to_subs":false,"_jetpack_newsletter_tier_id":0,"_jetpack_memberships_contains_paywalled_content":false,"_jetpack_feature_clip_id":0,"_jetpack_memberships_contains_paid_content":false,"footnotes":"","jetpack_post_was_ever_published":false},"categories":[26],"tags":[],"class_list":["post-51430","post","type-post","status-publish","format-standard","has-post-thumbnail","hentry","category-geral"],"aioseo_notices":[],"aioseo_head":"\n\t\t<!-- All in One SEO 5.0.1.1 - aioseo.com -->\n\t<meta name=\"robots\" content=\"max-image-preview:large\" \/>\n\t<meta name=\"author\" content=\"da Reda\u00e7\u00e3o\"\/>\n\t<link rel=\"canonical\" href=\"https:\/\/www.jornalja.com.br\/arquivo\/ato-em-apoio-a-lula-e-contra-as-reformas-de-temer-reune-mil-pessoas-na-esquina-democratica\/\" \/>\n\t<meta name=\"generator\" content=\"All in One SEO (AIOSEO) 5.0.1.1\" \/>\n\t\t<meta property=\"og:locale\" content=\"pt_BR\" \/>\n\t\t<meta property=\"og:site_name\" content=\"Arquivo | Jornal J\u00c1 | Porto Alegre\" \/>\n\t\t<meta property=\"og:type\" content=\"article\" \/>\n\t\t<meta property=\"og:title\" content=\"Ato em apoio a Lula e contra as reformas de Temer re\u00fane mil pessoas na Esquina Democr\u00e1tica | Arquivo\" \/>\n\t\t<meta property=\"og:url\" content=\"https:\/\/www.jornalja.com.br\/arquivo\/ato-em-apoio-a-lula-e-contra-as-reformas-de-temer-reune-mil-pessoas-na-esquina-democratica\/\" \/>\n\t\t<meta property=\"og:image\" content=\"https:\/\/www.jornalja.com.br\/wp-content\/uploads\/2017\/07\/20170713_192544-400x240.jpg\" \/>\n\t\t<meta property=\"og:image:secure_url\" content=\"https:\/\/www.jornalja.com.br\/wp-content\/uploads\/2017\/07\/20170713_192544-400x240.jpg\" \/>\n\t\t<meta property=\"article:published_time\" content=\"2017-07-13T23:56:07+00:00\" \/>\n\t\t<meta property=\"article:modified_time\" content=\"2017-07-13T23:56:07+00:00\" \/>\n\t\t<meta name=\"twitter:card\" content=\"summary\" \/>\n\t\t<meta name=\"twitter:title\" content=\"Ato em apoio a Lula e contra as reformas de Temer re\u00fane mil pessoas na Esquina Democr\u00e1tica | Arquivo\" \/>\n\t\t<meta name=\"twitter:image\" content=\"https:\/\/www.jornalja.com.br\/economics\/wp-content\/uploads\/sites\/11\/2026\/08\/ja-folhaderosto-facebook.jpg\" \/>\n\t\t<script type=\"application\/ld+json\" class=\"aioseo-schema\">\n\t\t\t{\"@context\":\"https:\\\/\\\/schema.org\",\"@graph\":[{\"@type\":\"BlogPosting\",\"@id\":\"https:\\\/\\\/www.jornalja.com.br\\\/arquivo\\\/ato-em-apoio-a-lula-e-contra-as-reformas-de-temer-reune-mil-pessoas-na-esquina-democratica\\\/#blogposting\",\"name\":\"Ato em apoio a Lula e contra as reformas de Temer re\\u00fane mil pessoas na Esquina Democr\\u00e1tica | Arquivo\",\"headline\":\"Ato em apoio a Lula e contra as reformas de Temer re\\u00fane mil pessoas na Esquina Democr\\u00e1tica\",\"author\":{\"@id\":\"https:\\\/\\\/www.jornalja.com.br\\\/arquivo\\\/author\\\/daredacao\\\/#author\"},\"publisher\":{\"@id\":\"https:\\\/\\\/www.jornalja.com.br\\\/arquivo\\\/#organization\"},\"image\":{\"@type\":\"ImageObject\",\"url\":51488},\"datePublished\":\"2017-07-13T20:56:07-03:00\",\"dateModified\":\"2017-07-13T20:56:07-03:00\",\"inLanguage\":\"pt-BR\",\"mainEntityOfPage\":{\"@id\":\"https:\\\/\\\/www.jornalja.com.br\\\/arquivo\\\/ato-em-apoio-a-lula-e-contra-as-reformas-de-temer-reune-mil-pessoas-na-esquina-democratica\\\/#webpage\"},\"isPartOf\":{\"@id\":\"https:\\\/\\\/www.jornalja.com.br\\\/arquivo\\\/ato-em-apoio-a-lula-e-contra-as-reformas-de-temer-reune-mil-pessoas-na-esquina-democratica\\\/#webpage\"},\"articleSection\":\"Geral\"},{\"@type\":\"BreadcrumbList\",\"@id\":\"https:\\\/\\\/www.jornalja.com.br\\\/arquivo\\\/ato-em-apoio-a-lula-e-contra-as-reformas-de-temer-reune-mil-pessoas-na-esquina-democratica\\\/#breadcrumblist\",\"itemListElement\":[{\"@type\":\"ListItem\",\"@id\":\"https:\\\/\\\/www.jornalja.com.br\\\/arquivo#listItem\",\"position\":1,\"name\":\"Home\",\"item\":\"https:\\\/\\\/www.jornalja.com.br\\\/arquivo\",\"nextItem\":{\"@type\":\"ListItem\",\"@id\":\"https:\\\/\\\/www.jornalja.com.br\\\/arquivo\\\/category\\\/geral\\\/#listItem\",\"name\":\"Geral\"}},{\"@type\":\"ListItem\",\"@id\":\"https:\\\/\\\/www.jornalja.com.br\\\/arquivo\\\/category\\\/geral\\\/#listItem\",\"position\":2,\"name\":\"Geral\",\"item\":\"https:\\\/\\\/www.jornalja.com.br\\\/arquivo\\\/category\\\/geral\\\/\",\"nextItem\":{\"@type\":\"ListItem\",\"@id\":\"https:\\\/\\\/www.jornalja.com.br\\\/arquivo\\\/ato-em-apoio-a-lula-e-contra-as-reformas-de-temer-reune-mil-pessoas-na-esquina-democratica\\\/#listItem\",\"name\":\"Ato em apoio a Lula e contra as reformas de Temer re\\u00fane mil pessoas na Esquina Democr\\u00e1tica\"},\"previousItem\":{\"@type\":\"ListItem\",\"@id\":\"https:\\\/\\\/www.jornalja.com.br\\\/arquivo#listItem\",\"name\":\"Home\"}},{\"@type\":\"ListItem\",\"@id\":\"https:\\\/\\\/www.jornalja.com.br\\\/arquivo\\\/ato-em-apoio-a-lula-e-contra-as-reformas-de-temer-reune-mil-pessoas-na-esquina-democratica\\\/#listItem\",\"position\":3,\"name\":\"Ato em apoio a Lula e contra as reformas de Temer re\\u00fane mil pessoas na Esquina Democr\\u00e1tica\",\"previousItem\":{\"@type\":\"ListItem\",\"@id\":\"https:\\\/\\\/www.jornalja.com.br\\\/arquivo\\\/category\\\/geral\\\/#listItem\",\"name\":\"Geral\"}}]},{\"@type\":\"Organization\",\"@id\":\"https:\\\/\\\/www.jornalja.com.br\\\/arquivo\\\/#organization\",\"name\":\"Jornal J\\u00c1\",\"description\":\"Jornal J\\u00c1 | Porto Alegre\",\"url\":\"https:\\\/\\\/www.jornalja.com.br\\\/arquivo\\\/\",\"telephone\":\"+555133307272\",\"logo\":{\"@type\":\"ImageObject\",\"url\":\"https:\\\/\\\/www.jornalja.com.br\\\/wp-content\\\/uploads\\\/cards\\\/JAslogan.png\",\"@id\":\"https:\\\/\\\/www.jornalja.com.br\\\/arquivo\\\/ato-em-apoio-a-lula-e-contra-as-reformas-de-temer-reune-mil-pessoas-na-esquina-democratica\\\/#organizationLogo\"},\"image\":{\"@id\":\"https:\\\/\\\/www.jornalja.com.br\\\/arquivo\\\/ato-em-apoio-a-lula-e-contra-as-reformas-de-temer-reune-mil-pessoas-na-esquina-democratica\\\/#organizationLogo\"}},{\"@type\":\"Person\",\"@id\":\"https:\\\/\\\/www.jornalja.com.br\\\/arquivo\\\/author\\\/daredacao\\\/#author\",\"url\":\"https:\\\/\\\/www.jornalja.com.br\\\/arquivo\\\/author\\\/daredacao\\\/\",\"name\":\"da Reda\\u00e7\\u00e3o\",\"image\":{\"@type\":\"ImageObject\",\"@id\":\"https:\\\/\\\/www.jornalja.com.br\\\/arquivo\\\/ato-em-apoio-a-lula-e-contra-as-reformas-de-temer-reune-mil-pessoas-na-esquina-democratica\\\/#authorImage\",\"url\":\"https:\\\/\\\/secure.gravatar.com\\\/avatar\\\/469fd857d6605ad19919d27ed29d35a968a25f6e8fd9318356bbb7f57aae9c65?s=96&d=mm&r=g\",\"width\":96,\"height\":96,\"caption\":\"da Reda\\u00e7\\u00e3o\"}},{\"@type\":\"WebPage\",\"@id\":\"https:\\\/\\\/www.jornalja.com.br\\\/arquivo\\\/ato-em-apoio-a-lula-e-contra-as-reformas-de-temer-reune-mil-pessoas-na-esquina-democratica\\\/#webpage\",\"url\":\"https:\\\/\\\/www.jornalja.com.br\\\/arquivo\\\/ato-em-apoio-a-lula-e-contra-as-reformas-de-temer-reune-mil-pessoas-na-esquina-democratica\\\/\",\"name\":\"Ato em apoio a Lula e contra as reformas de Temer re\\u00fane mil pessoas na Esquina Democr\\u00e1tica | Arquivo\",\"inLanguage\":\"pt-BR\",\"isPartOf\":{\"@id\":\"https:\\\/\\\/www.jornalja.com.br\\\/arquivo\\\/#website\"},\"breadcrumb\":{\"@id\":\"https:\\\/\\\/www.jornalja.com.br\\\/arquivo\\\/ato-em-apoio-a-lula-e-contra-as-reformas-de-temer-reune-mil-pessoas-na-esquina-democratica\\\/#breadcrumblist\"},\"author\":{\"@id\":\"https:\\\/\\\/www.jornalja.com.br\\\/arquivo\\\/author\\\/daredacao\\\/#author\"},\"creator\":{\"@id\":\"https:\\\/\\\/www.jornalja.com.br\\\/arquivo\\\/author\\\/daredacao\\\/#author\"},\"image\":{\"@type\":\"ImageObject\",\"url\":51488,\"@id\":\"https:\\\/\\\/www.jornalja.com.br\\\/arquivo\\\/ato-em-apoio-a-lula-e-contra-as-reformas-de-temer-reune-mil-pessoas-na-esquina-democratica\\\/#mainImage\"},\"primaryImageOfPage\":{\"@id\":\"https:\\\/\\\/www.jornalja.com.br\\\/arquivo\\\/ato-em-apoio-a-lula-e-contra-as-reformas-de-temer-reune-mil-pessoas-na-esquina-democratica\\\/#mainImage\"},\"datePublished\":\"2017-07-13T20:56:07-03:00\",\"dateModified\":\"2017-07-13T20:56:07-03:00\"},{\"@type\":\"WebSite\",\"@id\":\"https:\\\/\\\/www.jornalja.com.br\\\/arquivo\\\/#website\",\"url\":\"https:\\\/\\\/www.jornalja.com.br\\\/arquivo\\\/\",\"name\":\"Arquivo\",\"description\":\"Jornal J\\u00c1 | Porto Alegre\",\"inLanguage\":\"pt-BR\",\"publisher\":{\"@id\":\"https:\\\/\\\/www.jornalja.com.br\\\/arquivo\\\/#organization\"}}]}\n\t\t<\/script>\n\t\t<!-- All in One SEO -->\n\n","aioseo_head_json":{"title":"Ato em apoio a Lula e contra as reformas de Temer re\u00fane mil pessoas na Esquina Democr\u00e1tica | Arquivo","description":"","canonical_url":"https:\/\/www.jornalja.com.br\/arquivo\/ato-em-apoio-a-lula-e-contra-as-reformas-de-temer-reune-mil-pessoas-na-esquina-democratica\/","robots":"max-image-preview:large","keywords":"","webmasterTools":{"miscellaneous":""},"schema":{"@context":"https:\/\/schema.org","@graph":[{"@type":"BlogPosting","@id":"https:\/\/www.jornalja.com.br\/arquivo\/ato-em-apoio-a-lula-e-contra-as-reformas-de-temer-reune-mil-pessoas-na-esquina-democratica\/#blogposting","name":"Ato em apoio a Lula e contra as reformas de Temer re\u00fane mil pessoas na Esquina Democr\u00e1tica | Arquivo","headline":"Ato em apoio a Lula e contra as reformas de Temer re\u00fane mil pessoas na Esquina Democr\u00e1tica","author":{"@id":"https:\/\/www.jornalja.com.br\/arquivo\/author\/daredacao\/#author"},"publisher":{"@id":"https:\/\/www.jornalja.com.br\/arquivo\/#organization"},"image":{"@type":"ImageObject","url":51488},"datePublished":"2017-07-13T20:56:07-03:00","dateModified":"2017-07-13T20:56:07-03:00","inLanguage":"pt-BR","mainEntityOfPage":{"@id":"https:\/\/www.jornalja.com.br\/arquivo\/ato-em-apoio-a-lula-e-contra-as-reformas-de-temer-reune-mil-pessoas-na-esquina-democratica\/#webpage"},"isPartOf":{"@id":"https:\/\/www.jornalja.com.br\/arquivo\/ato-em-apoio-a-lula-e-contra-as-reformas-de-temer-reune-mil-pessoas-na-esquina-democratica\/#webpage"},"articleSection":"Geral"},{"@type":"BreadcrumbList","@id":"https:\/\/www.jornalja.com.br\/arquivo\/ato-em-apoio-a-lula-e-contra-as-reformas-de-temer-reune-mil-pessoas-na-esquina-democratica\/#breadcrumblist","itemListElement":[{"@type":"ListItem","@id":"https:\/\/www.jornalja.com.br\/arquivo#listItem","position":1,"name":"Home","item":"https:\/\/www.jornalja.com.br\/arquivo","nextItem":{"@type":"ListItem","@id":"https:\/\/www.jornalja.com.br\/arquivo\/category\/geral\/#listItem","name":"Geral"}},{"@type":"ListItem","@id":"https:\/\/www.jornalja.com.br\/arquivo\/category\/geral\/#listItem","position":2,"name":"Geral","item":"https:\/\/www.jornalja.com.br\/arquivo\/category\/geral\/","nextItem":{"@type":"ListItem","@id":"https:\/\/www.jornalja.com.br\/arquivo\/ato-em-apoio-a-lula-e-contra-as-reformas-de-temer-reune-mil-pessoas-na-esquina-democratica\/#listItem","name":"Ato em apoio a Lula e contra as reformas de Temer re\u00fane mil pessoas na Esquina Democr\u00e1tica"},"previousItem":{"@type":"ListItem","@id":"https:\/\/www.jornalja.com.br\/arquivo#listItem","name":"Home"}},{"@type":"ListItem","@id":"https:\/\/www.jornalja.com.br\/arquivo\/ato-em-apoio-a-lula-e-contra-as-reformas-de-temer-reune-mil-pessoas-na-esquina-democratica\/#listItem","position":3,"name":"Ato em apoio a Lula e contra as reformas de Temer re\u00fane mil pessoas na Esquina Democr\u00e1tica","previousItem":{"@type":"ListItem","@id":"https:\/\/www.jornalja.com.br\/arquivo\/category\/geral\/#listItem","name":"Geral"}}]},{"@type":"Organization","@id":"https:\/\/www.jornalja.com.br\/arquivo\/#organization","name":"Jornal J\u00c1","description":"Jornal J\u00c1 | Porto Alegre","url":"https:\/\/www.jornalja.com.br\/arquivo\/","telephone":"+555133307272","logo":{"@type":"ImageObject","url":"https:\/\/www.jornalja.com.br\/wp-content\/uploads\/cards\/JAslogan.png","@id":"https:\/\/www.jornalja.com.br\/arquivo\/ato-em-apoio-a-lula-e-contra-as-reformas-de-temer-reune-mil-pessoas-na-esquina-democratica\/#organizationLogo"},"image":{"@id":"https:\/\/www.jornalja.com.br\/arquivo\/ato-em-apoio-a-lula-e-contra-as-reformas-de-temer-reune-mil-pessoas-na-esquina-democratica\/#organizationLogo"}},{"@type":"Person","@id":"https:\/\/www.jornalja.com.br\/arquivo\/author\/daredacao\/#author","url":"https:\/\/www.jornalja.com.br\/arquivo\/author\/daredacao\/","name":"da Reda\u00e7\u00e3o","image":{"@type":"ImageObject","@id":"https:\/\/www.jornalja.com.br\/arquivo\/ato-em-apoio-a-lula-e-contra-as-reformas-de-temer-reune-mil-pessoas-na-esquina-democratica\/#authorImage","url":"https:\/\/secure.gravatar.com\/avatar\/469fd857d6605ad19919d27ed29d35a968a25f6e8fd9318356bbb7f57aae9c65?s=96&d=mm&r=g","width":96,"height":96,"caption":"da Reda\u00e7\u00e3o"}},{"@type":"WebPage","@id":"https:\/\/www.jornalja.com.br\/arquivo\/ato-em-apoio-a-lula-e-contra-as-reformas-de-temer-reune-mil-pessoas-na-esquina-democratica\/#webpage","url":"https:\/\/www.jornalja.com.br\/arquivo\/ato-em-apoio-a-lula-e-contra-as-reformas-de-temer-reune-mil-pessoas-na-esquina-democratica\/","name":"Ato em apoio a Lula e contra as reformas de Temer re\u00fane mil pessoas na Esquina Democr\u00e1tica | Arquivo","inLanguage":"pt-BR","isPartOf":{"@id":"https:\/\/www.jornalja.com.br\/arquivo\/#website"},"breadcrumb":{"@id":"https:\/\/www.jornalja.com.br\/arquivo\/ato-em-apoio-a-lula-e-contra-as-reformas-de-temer-reune-mil-pessoas-na-esquina-democratica\/#breadcrumblist"},"author":{"@id":"https:\/\/www.jornalja.com.br\/arquivo\/author\/daredacao\/#author"},"creator":{"@id":"https:\/\/www.jornalja.com.br\/arquivo\/author\/daredacao\/#author"},"image":{"@type":"ImageObject","url":51488,"@id":"https:\/\/www.jornalja.com.br\/arquivo\/ato-em-apoio-a-lula-e-contra-as-reformas-de-temer-reune-mil-pessoas-na-esquina-democratica\/#mainImage"},"primaryImageOfPage":{"@id":"https:\/\/www.jornalja.com.br\/arquivo\/ato-em-apoio-a-lula-e-contra-as-reformas-de-temer-reune-mil-pessoas-na-esquina-democratica\/#mainImage"},"datePublished":"2017-07-13T20:56:07-03:00","dateModified":"2017-07-13T20:56:07-03:00"},{"@type":"WebSite","@id":"https:\/\/www.jornalja.com.br\/arquivo\/#website","url":"https:\/\/www.jornalja.com.br\/arquivo\/","name":"Arquivo","description":"Jornal J\u00c1 | Porto Alegre","inLanguage":"pt-BR","publisher":{"@id":"https:\/\/www.jornalja.com.br\/arquivo\/#organization"}}]},"og:locale":"pt_BR","og:site_name":"Arquivo | Jornal J\u00c1 | Porto Alegre","og:type":"article","og:title":"Ato em apoio a Lula e contra as reformas de Temer re\u00fane mil pessoas na Esquina Democr\u00e1tica | Arquivo","og:url":"https:\/\/www.jornalja.com.br\/arquivo\/ato-em-apoio-a-lula-e-contra-as-reformas-de-temer-reune-mil-pessoas-na-esquina-democratica\/","og:image":"https:\/\/www.jornalja.com.br\/wp-content\/uploads\/2017\/07\/20170713_192544-400x240.jpg","og:image:secure_url":"https:\/\/www.jornalja.com.br\/wp-content\/uploads\/2017\/07\/20170713_192544-400x240.jpg","article:published_time":"2017-07-13T23:56:07+00:00","article:modified_time":"2017-07-13T23:56:07+00:00","twitter:card":"summary","twitter:title":"Ato em apoio a Lula e contra as reformas de Temer re\u00fane mil pessoas na Esquina Democr\u00e1tica | Arquivo","twitter:image":"https:\/\/www.jornalja.com.br\/economics\/wp-content\/uploads\/sites\/11\/2026\/08\/ja-folhaderosto-facebook.jpg"},"aioseo_meta_data":{"post_id":"51430","title":null,"description":null,"keywords":null,"keyphrases":null,"primary_term":null,"canonical_url":null,"og_title":null,"og_description":null,"og_object_type":"default","og_image_type":"default","og_image_url":null,"og_image_width":null,"og_image_height":null,"og_image_custom_url":null,"og_image_custom_fields":null,"og_video":null,"og_custom_url":null,"og_article_section":null,"og_article_tags":null,"twitter_use_og":false,"twitter_card":"default","twitter_image_type":"default","twitter_image_url":null,"twitter_image_custom_url":null,"twitter_image_custom_fields":null,"twitter_title":null,"twitter_description":null,"schema":{"blockGraphs":[],"customGraphs":[],"default":{"data":{"Article":[],"Course":[],"Dataset":[],"FAQPage":[],"Movie":[],"Person":[],"Product":[],"ProductReview":[],"Car":[],"Recipe":[],"Service":[],"SoftwareApplication":[],"WebPage":[]},"graphName":"","isEnabled":true},"graphs":[]},"schema_type":null,"schema_type_options":null,"pillar_content":false,"robots_default":true,"robots_noindex":false,"robots_noarchive":false,"robots_nosnippet":false,"robots_nofollow":false,"robots_noimageindex":false,"robots_noodp":false,"robots_notranslate":false,"robots_max_snippet":null,"robots_max_videopreview":null,"robots_max_imagepreview":"large","priority":null,"frequency":null,"location":null,"local_seo":null,"breadcrumb_settings":null,"limit_modified_date":false,"ai":null,"created":"2020-12-20 20:29:58","updated":"2025-07-19 23:05:06","seo_analyzer_scan_date":null,"focus_keyword":null,"additional_keywords":null,"truseo_locale":null},"jetpack_sharing_enabled":true,"jetpack-related-posts":[{"id":5440,"url":"https:\/\/www.jornalja.com.br\/arquivo\/casarao-da-venancio-destino-permanece-incerto\/","url_meta":{"origin":51430,"position":0},"title":"Estado ainda n\u00e3o sabe o que fazer com casar\u00e3o abandonado h\u00e1 20 anos","author":"Elmar Bones","date":"6 de julho de 2009","format":false,"excerpt":"O casar\u00e3o amarelo, numa esquina nobre de Porto Alegre (Ven\u00e2ncio Aires com Jo\u00e3o Pessoa), j\u00e1 abrigou uma escola. H\u00e1 duas d\u00e9cadas, pelo menos, est\u00e1 abandonado, porque seu propriet\u00e1rio, o governo do Estado do Rio Grande do Sul, n\u00e3o consegue achar um destino para ele. Planos n\u00e3o faltaram. O governador Ol\u00edvio\u2026","rel":"","context":"Em &quot;X.Categorias velhas&quot;","block_context":{"text":"X.Categorias velhas","link":"https:\/\/www.jornalja.com.br\/arquivo\/category\/x-categorias-velhas\/"},"img":{"alt_text":"geraldo1","src":"https:\/\/i0.wp.com\/www.jornalja.com.br\/wp-content\/uploads\/2009\/07\/geraldo1.jpg?resize=350%2C200&ssl=1","width":350,"height":200},"classes":[]},{"id":13109,"url":"https:\/\/www.jornalja.com.br\/arquivo\/judiciario-reconhece-poluicao-eletromagnetica\/","url_meta":{"origin":51430,"position":1},"title":"Judici\u00e1rio reconhece polui\u00e7\u00e3o eletromagn\u00e9tica","author":"Patr\u00edcia Marini","date":"16 de maio de 2014","format":false,"excerpt":"A\u00e7\u00e3o de duas associa\u00e7\u00f5es de moradores foi acolhida pelo Tribunal de Justi\u00e7a de S\u00e3o Paulo que. em decis\u00e3o in\u00e9dita, determinou a redu\u00e7\u00e3o do campo eletromagn\u00e9tico gerado pelas linhas de transmiss\u00e3o de energia que cortam os bairros City Boa\u00e7ava e Alto de Pinheiros. \u00c9 a primeira vez que um tribunal do\u2026","rel":"","context":"Em &quot;X.Categorias velhas&quot;","block_context":{"text":"X.Categorias velhas","link":"https:\/\/www.jornalja.com.br\/arquivo\/category\/x-categorias-velhas\/"},"img":{"alt_text":"","src":"","width":0,"height":0},"classes":[]},{"id":13240,"url":"https:\/\/www.jornalja.com.br\/arquivo\/plano-diretor-estamos-construindo-o-caos\/","url_meta":{"origin":51430,"position":2},"title":"Plano diretor: &quot;Estamos construindo o caos&quot;","author":"Patr\u00edcia Marini","date":"26 de maio de 2014","format":false,"excerpt":"Desabafo que arquiteta Eliana Castilhos, delegada da Regi\u00e3o de Planejamento 1, postou nas redes sociais \u00e9 um testemunho do ambiente que se criou no Conselho do Plano Diretor de Porto Alegre, onde a aprova\u00e7\u00e3o de grandes empreendimentos \u00e9 empurrada guela abaixo dos conselheiros. Ao CMDUA Como delegada da Regi\u00e3o de\u2026","rel":"","context":"Em &quot;Geral&quot;","block_context":{"text":"Geral","link":"https:\/\/www.jornalja.com.br\/arquivo\/category\/geral\/"},"img":{"alt_text":"","src":"","width":0,"height":0},"classes":[]},{"id":12960,"url":"https:\/\/www.jornalja.com.br\/arquivo\/populacao-culpa-empresas-pela-greve-dos-rodoviarios\/","url_meta":{"origin":51430,"position":3},"title":"Popula\u00e7\u00e3o culpa empresas pela greve","author":"Patr\u00edcia Marini","date":"14 de fevereiro de 2014","format":false,"excerpt":"Pesquisa divulgada na edi\u00e7\u00e3o do jornal Metro desta sexta-feira,14, comprova o velho ditado: \u00e9 poss\u00edvel enganar muitos por algum tempo, mas n\u00e3o \u00e9 poss\u00edvel enganar a todos o tempo inteiro. A principal revela\u00e7\u00e3o foi que 59,8% dos entrevistados apontaram as empresas como as principais respons\u00e1veis pela grave e 46% culparam\u2026","rel":"","context":"Em &quot;X.Categorias velhas&quot;","block_context":{"text":"X.Categorias velhas","link":"https:\/\/www.jornalja.com.br\/arquivo\/category\/x-categorias-velhas\/"},"img":{"alt_text":"","src":"","width":0,"height":0},"classes":[]},{"id":14241,"url":"https:\/\/www.jornalja.com.br\/arquivo\/o-guaiba-nas-imagens-poeticas-de-achutti\/","url_meta":{"origin":51430,"position":4},"title":"O Gua\u00edba nas imagens po\u00e9ticas de Achutti","author":"da Reda\u00e7\u00e3o","date":"18 de junho de 2014","format":false,"excerpt":"Em \u201cO Gua\u00edba por Achutti\u201d \u2013 obra financiada via Minist\u00e9rio da Cultura, produ\u00e7\u00e3o executiva de Pedro Longhi, e Fl\u00e1vio Wild como designer \u2013, o fot\u00f3grafo revela a beleza e as mazelas de um espa\u00e7o aqu\u00e1tico de \u00e1guas sempre renovadas, cheio de hist\u00f3rias e lendas como as das cidades que foram\u2026","rel":"","context":"Em &quot;Cultura-Geral&quot;","block_context":{"text":"Cultura-Geral","link":"https:\/\/www.jornalja.com.br\/arquivo\/category\/materiasecundaria\/"},"img":{"alt_text":"","src":"","width":0,"height":0},"classes":[]},{"id":13128,"url":"https:\/\/www.jornalja.com.br\/arquivo\/maconha-terra-diz-que-uso-medicinal-e-desculpa\/","url_meta":{"origin":51430,"position":5},"title":"Maconha: Terra diz que uso medicinal \u00e9 desculpa","author":"Patr\u00edcia Marini","date":"4 de junho de 2014","format":false,"excerpt":"A condi\u00e7\u00e3o de pol\u00edtico, em \u00e9poca de campanha de campanha eleitoral, tira for\u00e7a do discurso do m\u00e9dico Osmar Terra contra a legaliza\u00e7\u00e3o da maconha. A tese dele de que a libera\u00e7\u00e3o vai ampliar exponencialmente o consumo \u00e9 discutivel, o consumo \u00e9 corrente. Mas seus alertas quanto aos riscos tem que\u2026","rel":"","context":"Em &quot;X.Categorias velhas&quot;","block_context":{"text":"X.Categorias velhas","link":"https:\/\/www.jornalja.com.br\/arquivo\/category\/x-categorias-velhas\/"},"img":{"alt_text":"","src":"","width":0,"height":0},"classes":[]}],"jetpack_shortlink":"https:\/\/wp.me\/pbQjBd-dnw","jetpack_featured_media_url":"","_links":{"self":[{"href":"https:\/\/www.jornalja.com.br\/arquivo\/wp-json\/wp\/v2\/posts\/51430","targetHints":{"allow":["GET"]}}],"collection":[{"href":"https:\/\/www.jornalja.com.br\/arquivo\/wp-json\/wp\/v2\/posts"}],"about":[{"href":"https:\/\/www.jornalja.com.br\/arquivo\/wp-json\/wp\/v2\/types\/post"}],"author":[{"embeddable":true,"href":"https:\/\/www.jornalja.com.br\/arquivo\/wp-json\/wp\/v2\/users\/4"}],"replies":[{"embeddable":true,"href":"https:\/\/www.jornalja.com.br\/arquivo\/wp-json\/wp\/v2\/comments?post=51430"}],"version-history":[{"count":0,"href":"https:\/\/www.jornalja.com.br\/arquivo\/wp-json\/wp\/v2\/posts\/51430\/revisions"}],"wp:attachment":[{"href":"https:\/\/www.jornalja.com.br\/arquivo\/wp-json\/wp\/v2\/media?parent=51430"}],"wp:term":[{"taxonomy":"category","embeddable":true,"href":"https:\/\/www.jornalja.com.br\/arquivo\/wp-json\/wp\/v2\/categories?post=51430"},{"taxonomy":"post_tag","embeddable":true,"href":"https:\/\/www.jornalja.com.br\/arquivo\/wp-json\/wp\/v2\/tags?post=51430"}],"curies":[{"name":"wp","href":"https:\/\/api.w.org\/{rel}","templated":true}]}}