{"id":51433,"date":"2017-07-13T18:24:31","date_gmt":"2017-07-13T21:24:31","guid":{"rendered":"https:\/\/www.jornalja.com.br\/?p=51433"},"modified":"2017-07-13T18:24:31","modified_gmt":"2017-07-13T21:24:31","slug":"a-historia-vai-mostrar-quem-esta-certo-e-quem-esta-errado-diz-lula","status":"publish","type":"post","link":"https:\/\/www.jornalja.com.br\/arquivo\/a-historia-vai-mostrar-quem-esta-certo-e-quem-esta-errado-diz-lula\/","title":{"rendered":"&quot;A Hist\u00f3ria vai mostrar quem est\u00e1 certo e quem est\u00e1 errado&quot;, diz Lula"},"content":{"rendered":"<div id=\"content-header\"><\/div>\n<div id=\"content-area\">\n<div class=\"region region-content\">\n<div id=\"block-system-main\" class=\"block block-system block-odd clearfix\">\n<div class=\"block-top\"><strong>Fernanda Cruz &#8211; Rep\u00f3rter da Ag\u00eancia Brasil<\/strong><\/div>\n<div class=\"content\">\n<article id=\"node-1083684\" class=\"node node-noticia node-odd\">\n<header><\/header>\n<div class=\"content\">\nO ex-presidente Luiz In\u00e1cio Lula da Silva se pronunciou publicamente ap\u00f3s ter sido condenado a nove anos e meio de pris\u00e3o por corrup\u00e7\u00e3o pelo juiz federal S\u00e9rgio Moro.<br \/>\nEm declara\u00e7\u00e3o \u00e0 imprensa na sede do PT na capital paulista, Lula diz que a senten\u00e7a aplicada por Moro tem componente pol\u00edtico e que provar\u00e1 sua inoc\u00eancia no processo.<br \/>\n\u201cA \u00fanica prova que existe nesse processo \u00e9 a da minha inoc\u00eancia\u201d, disse o ex-presidente. \u201cEu acho que o Moro tem que prestar contas \u00e0 hist\u00f3ria, que vai dizer quem est\u00e1 certo e errado\u201d, completou. \u201cQuem acha que \u00e9 o fim do Lula, quebrou a cara\u201d, disse.<br \/>\nLula foi condenado pelo juiz em um dos processos da Opera\u00e7\u00e3o Lava Jato por corrup\u00e7\u00e3o passiva e lavagem de dinheiro. O ex-presidente \u00e9 acusado de favorecimento na reforma de um apartamento triplex em Guaruj\u00e1, no litoral de S\u00e3o Paulo.<br \/>\nNa mesma decis\u00e3o judicial, Lula tamb\u00e9m fica\u00a0<a href=\"http:\/\/agenciabrasil.ebc.com.br\/politica\/noticia\/2017-07\/decisao-de-moro-preve-inegibilidade-de-lula-por-19-anos-e-confisco-de\" target=\"_blank\" rel=\"noopener noreferrer\">interditado<\/a>\u00a0para o exerc\u00edcio de cargo ou fun\u00e7\u00e3o p\u00fablica pelo dobro do tempo da pena privativa de liberdade, ou seja, por 19 anos.<br \/>\nA decis\u00e3o, no entanto, precisa ser confirmada pela segunda inst\u00e2ncia. Moro n\u00e3o decretou a pris\u00e3o de Lula, que pode recorrer da senten\u00e7a em liberdade.<br \/>\nPara Lula, a condena\u00e7\u00e3o \u00e9 uma tentativa de tir\u00e1-lo do cen\u00e1rio pol\u00edtico. Ele disse que continua candidato \u00e0 presid\u00eancia do pa\u00eds nas elei\u00e7\u00f5es de 2018. O ex-presidente rebateu a tese de que existem provas contra ele no processo, que o levou a ser condenado. \u201cQueria desafiar os meus inimigos e donos meios de comunica\u00e7\u00e3o que fizessem um esfor\u00e7o incomensur\u00e1vel para apresentar uma \u00fanica prova. Porque a \u00fanica prova que eles apresentam foi um papel rasurado\u201d, criticou.<br \/>\nNa decis\u00e3o, Moro afirma que as reformas executadas no apartamento pela empresa OAS provam que o im\u00f3vel era destinado ao ex-presidente e que\u00a0ficou provado nos autos que Lula e sua esposa Marisa Let\u00edcia (j\u00e1 falecida) eram os propriet\u00e1rios de fato do apartamento.<br \/>\nO ex-presidente e seus advogados disseram que v\u00e3o recorrer em todas as inst\u00e2ncias e ir\u00e3o questionar a senten\u00e7a do juiz Moro no Conselho Nacional de Justi\u00e7a. Lula criticou o juiz, que, na sua vis\u00e3o, escreveu 60 p\u00e1ginas na condena\u00e7\u00e3o para se justificar pela falta de provas.\n<\/div>\n<\/article>\n<\/div>\n<\/div>\n<\/div>\n<\/div>\n","protected":false},"excerpt":{"rendered":"<p>Fernanda Cruz &#8211; Rep\u00f3rter da Ag\u00eancia Brasil O ex-presidente Luiz In\u00e1cio Lula da Silva se pronunciou publicamente ap\u00f3s ter sido condenado a nove anos e meio de pris\u00e3o por corrup\u00e7\u00e3o pelo juiz federal S\u00e9rgio Moro. Em declara\u00e7\u00e3o \u00e0 imprensa na sede do PT na capital paulista, Lula diz que a senten\u00e7a aplicada por Moro tem [&hellip;]<\/p>\n","protected":false},"author":4,"featured_media":51435,"comment_status":"open","ping_status":"closed","sticky":false,"template":"","format":"standard","meta":{"_jetpack_newsletter_access":"","_jetpack_dont_email_post_to_subs":false,"_jetpack_newsletter_tier_id":0,"_jetpack_memberships_contains_paywalled_content":false,"_jetpack_feature_clip_id":0,"_jetpack_memberships_contains_paid_content":false,"footnotes":"","jetpack_post_was_ever_published":false},"categories":[26],"tags":[],"class_list":["post-51433","post","type-post","status-publish","format-standard","has-post-thumbnail","hentry","category-geral"],"aioseo_notices":[],"aioseo_head":"\n\t\t<!-- All in One SEO 5.0.1.1 - aioseo.com -->\n\t<meta name=\"robots\" content=\"max-image-preview:large\" \/>\n\t<meta name=\"author\" content=\"da Reda\u00e7\u00e3o\"\/>\n\t<link rel=\"canonical\" href=\"https:\/\/www.jornalja.com.br\/arquivo\/a-historia-vai-mostrar-quem-esta-certo-e-quem-esta-errado-diz-lula\/\" \/>\n\t<meta name=\"generator\" content=\"All in One SEO (AIOSEO) 5.0.1.1\" \/>\n\t\t<meta property=\"og:locale\" content=\"pt_BR\" \/>\n\t\t<meta property=\"og:site_name\" content=\"Arquivo | Jornal J\u00c1 | Porto Alegre\" \/>\n\t\t<meta property=\"og:type\" content=\"article\" \/>\n\t\t<meta property=\"og:title\" content=\"&quot;A Hist\u00f3ria vai mostrar quem est\u00e1 certo e quem est\u00e1 errado&quot;, diz Lula | Arquivo\" \/>\n\t\t<meta property=\"og:url\" content=\"https:\/\/www.jornalja.com.br\/arquivo\/a-historia-vai-mostrar-quem-esta-certo-e-quem-esta-errado-diz-lula\/\" \/>\n\t\t<meta property=\"og:image\" content=\"https:\/\/www.jornalja.com.br\/economics\/wp-content\/uploads\/sites\/11\/2026\/08\/ja-folhaderosto-facebook.jpg\" \/>\n\t\t<meta property=\"og:image:secure_url\" content=\"https:\/\/www.jornalja.com.br\/economics\/wp-content\/uploads\/sites\/11\/2026\/08\/ja-folhaderosto-facebook.jpg\" \/>\n\t\t<meta property=\"article:published_time\" content=\"2017-07-13T21:24:31+00:00\" \/>\n\t\t<meta property=\"article:modified_time\" content=\"2017-07-13T21:24:31+00:00\" \/>\n\t\t<meta name=\"twitter:card\" content=\"summary\" \/>\n\t\t<meta name=\"twitter:title\" content=\"&quot;A Hist\u00f3ria vai mostrar quem est\u00e1 certo e quem est\u00e1 errado&quot;, diz Lula | Arquivo\" \/>\n\t\t<meta name=\"twitter:image\" content=\"https:\/\/www.jornalja.com.br\/economics\/wp-content\/uploads\/sites\/11\/2026\/08\/ja-folhaderosto-facebook.jpg\" \/>\n\t\t<script type=\"application\/ld+json\" class=\"aioseo-schema\">\n\t\t\t{\"@context\":\"https:\\\/\\\/schema.org\",\"@graph\":[{\"@type\":\"BlogPosting\",\"@id\":\"https:\\\/\\\/www.jornalja.com.br\\\/arquivo\\\/a-historia-vai-mostrar-quem-esta-certo-e-quem-esta-errado-diz-lula\\\/#blogposting\",\"name\":\"\\\"A Hist\\u00f3ria vai mostrar quem est\\u00e1 certo e quem est\\u00e1 errado\\\", diz Lula | Arquivo\",\"headline\":\"&quot;A Hist\\u00f3ria vai mostrar quem est\\u00e1 certo e quem est\\u00e1 errado&quot;, diz Lula\",\"author\":{\"@id\":\"https:\\\/\\\/www.jornalja.com.br\\\/arquivo\\\/author\\\/daredacao\\\/#author\"},\"publisher\":{\"@id\":\"https:\\\/\\\/www.jornalja.com.br\\\/arquivo\\\/#organization\"},\"image\":{\"@type\":\"ImageObject\",\"url\":51435},\"datePublished\":\"2017-07-13T18:24:31-03:00\",\"dateModified\":\"2017-07-13T18:24:31-03:00\",\"inLanguage\":\"pt-BR\",\"mainEntityOfPage\":{\"@id\":\"https:\\\/\\\/www.jornalja.com.br\\\/arquivo\\\/a-historia-vai-mostrar-quem-esta-certo-e-quem-esta-errado-diz-lula\\\/#webpage\"},\"isPartOf\":{\"@id\":\"https:\\\/\\\/www.jornalja.com.br\\\/arquivo\\\/a-historia-vai-mostrar-quem-esta-certo-e-quem-esta-errado-diz-lula\\\/#webpage\"},\"articleSection\":\"Geral\"},{\"@type\":\"BreadcrumbList\",\"@id\":\"https:\\\/\\\/www.jornalja.com.br\\\/arquivo\\\/a-historia-vai-mostrar-quem-esta-certo-e-quem-esta-errado-diz-lula\\\/#breadcrumblist\",\"itemListElement\":[{\"@type\":\"ListItem\",\"@id\":\"https:\\\/\\\/www.jornalja.com.br\\\/arquivo#listItem\",\"position\":1,\"name\":\"Home\",\"item\":\"https:\\\/\\\/www.jornalja.com.br\\\/arquivo\",\"nextItem\":{\"@type\":\"ListItem\",\"@id\":\"https:\\\/\\\/www.jornalja.com.br\\\/arquivo\\\/category\\\/geral\\\/#listItem\",\"name\":\"Geral\"}},{\"@type\":\"ListItem\",\"@id\":\"https:\\\/\\\/www.jornalja.com.br\\\/arquivo\\\/category\\\/geral\\\/#listItem\",\"position\":2,\"name\":\"Geral\",\"item\":\"https:\\\/\\\/www.jornalja.com.br\\\/arquivo\\\/category\\\/geral\\\/\",\"nextItem\":{\"@type\":\"ListItem\",\"@id\":\"https:\\\/\\\/www.jornalja.com.br\\\/arquivo\\\/a-historia-vai-mostrar-quem-esta-certo-e-quem-esta-errado-diz-lula\\\/#listItem\",\"name\":\"&quot;A Hist\\u00f3ria vai mostrar quem est\\u00e1 certo e quem est\\u00e1 errado&quot;, diz Lula\"},\"previousItem\":{\"@type\":\"ListItem\",\"@id\":\"https:\\\/\\\/www.jornalja.com.br\\\/arquivo#listItem\",\"name\":\"Home\"}},{\"@type\":\"ListItem\",\"@id\":\"https:\\\/\\\/www.jornalja.com.br\\\/arquivo\\\/a-historia-vai-mostrar-quem-esta-certo-e-quem-esta-errado-diz-lula\\\/#listItem\",\"position\":3,\"name\":\"&quot;A Hist\\u00f3ria vai mostrar quem est\\u00e1 certo e quem est\\u00e1 errado&quot;, diz Lula\",\"previousItem\":{\"@type\":\"ListItem\",\"@id\":\"https:\\\/\\\/www.jornalja.com.br\\\/arquivo\\\/category\\\/geral\\\/#listItem\",\"name\":\"Geral\"}}]},{\"@type\":\"Organization\",\"@id\":\"https:\\\/\\\/www.jornalja.com.br\\\/arquivo\\\/#organization\",\"name\":\"Jornal J\\u00c1\",\"description\":\"Jornal J\\u00c1 | Porto Alegre\",\"url\":\"https:\\\/\\\/www.jornalja.com.br\\\/arquivo\\\/\",\"telephone\":\"+555133307272\",\"logo\":{\"@type\":\"ImageObject\",\"url\":\"https:\\\/\\\/www.jornalja.com.br\\\/wp-content\\\/uploads\\\/cards\\\/JAslogan.png\",\"@id\":\"https:\\\/\\\/www.jornalja.com.br\\\/arquivo\\\/a-historia-vai-mostrar-quem-esta-certo-e-quem-esta-errado-diz-lula\\\/#organizationLogo\"},\"image\":{\"@id\":\"https:\\\/\\\/www.jornalja.com.br\\\/arquivo\\\/a-historia-vai-mostrar-quem-esta-certo-e-quem-esta-errado-diz-lula\\\/#organizationLogo\"}},{\"@type\":\"Person\",\"@id\":\"https:\\\/\\\/www.jornalja.com.br\\\/arquivo\\\/author\\\/daredacao\\\/#author\",\"url\":\"https:\\\/\\\/www.jornalja.com.br\\\/arquivo\\\/author\\\/daredacao\\\/\",\"name\":\"da Reda\\u00e7\\u00e3o\",\"image\":{\"@type\":\"ImageObject\",\"@id\":\"https:\\\/\\\/www.jornalja.com.br\\\/arquivo\\\/a-historia-vai-mostrar-quem-esta-certo-e-quem-esta-errado-diz-lula\\\/#authorImage\",\"url\":\"https:\\\/\\\/secure.gravatar.com\\\/avatar\\\/469fd857d6605ad19919d27ed29d35a968a25f6e8fd9318356bbb7f57aae9c65?s=96&d=mm&r=g\",\"width\":96,\"height\":96,\"caption\":\"da Reda\\u00e7\\u00e3o\"}},{\"@type\":\"WebPage\",\"@id\":\"https:\\\/\\\/www.jornalja.com.br\\\/arquivo\\\/a-historia-vai-mostrar-quem-esta-certo-e-quem-esta-errado-diz-lula\\\/#webpage\",\"url\":\"https:\\\/\\\/www.jornalja.com.br\\\/arquivo\\\/a-historia-vai-mostrar-quem-esta-certo-e-quem-esta-errado-diz-lula\\\/\",\"name\":\"\\\"A Hist\\u00f3ria vai mostrar quem est\\u00e1 certo e quem est\\u00e1 errado\\\", diz Lula | Arquivo\",\"inLanguage\":\"pt-BR\",\"isPartOf\":{\"@id\":\"https:\\\/\\\/www.jornalja.com.br\\\/arquivo\\\/#website\"},\"breadcrumb\":{\"@id\":\"https:\\\/\\\/www.jornalja.com.br\\\/arquivo\\\/a-historia-vai-mostrar-quem-esta-certo-e-quem-esta-errado-diz-lula\\\/#breadcrumblist\"},\"author\":{\"@id\":\"https:\\\/\\\/www.jornalja.com.br\\\/arquivo\\\/author\\\/daredacao\\\/#author\"},\"creator\":{\"@id\":\"https:\\\/\\\/www.jornalja.com.br\\\/arquivo\\\/author\\\/daredacao\\\/#author\"},\"image\":{\"@type\":\"ImageObject\",\"url\":51435,\"@id\":\"https:\\\/\\\/www.jornalja.com.br\\\/arquivo\\\/a-historia-vai-mostrar-quem-esta-certo-e-quem-esta-errado-diz-lula\\\/#mainImage\"},\"primaryImageOfPage\":{\"@id\":\"https:\\\/\\\/www.jornalja.com.br\\\/arquivo\\\/a-historia-vai-mostrar-quem-esta-certo-e-quem-esta-errado-diz-lula\\\/#mainImage\"},\"datePublished\":\"2017-07-13T18:24:31-03:00\",\"dateModified\":\"2017-07-13T18:24:31-03:00\"},{\"@type\":\"WebSite\",\"@id\":\"https:\\\/\\\/www.jornalja.com.br\\\/arquivo\\\/#website\",\"url\":\"https:\\\/\\\/www.jornalja.com.br\\\/arquivo\\\/\",\"name\":\"Arquivo\",\"description\":\"Jornal J\\u00c1 | Porto Alegre\",\"inLanguage\":\"pt-BR\",\"publisher\":{\"@id\":\"https:\\\/\\\/www.jornalja.com.br\\\/arquivo\\\/#organization\"}}]}\n\t\t<\/script>\n\t\t<!-- All in One SEO -->\n\n","aioseo_head_json":{"title":"\"A Hist\u00f3ria vai mostrar quem est\u00e1 certo e quem est\u00e1 errado\", diz Lula | Arquivo","description":"","canonical_url":"https:\/\/www.jornalja.com.br\/arquivo\/a-historia-vai-mostrar-quem-esta-certo-e-quem-esta-errado-diz-lula\/","robots":"max-image-preview:large","keywords":"","webmasterTools":{"miscellaneous":""},"schema":{"@context":"https:\/\/schema.org","@graph":[{"@type":"BlogPosting","@id":"https:\/\/www.jornalja.com.br\/arquivo\/a-historia-vai-mostrar-quem-esta-certo-e-quem-esta-errado-diz-lula\/#blogposting","name":"\"A Hist\u00f3ria vai mostrar quem est\u00e1 certo e quem est\u00e1 errado\", diz Lula | Arquivo","headline":"&quot;A Hist\u00f3ria vai mostrar quem est\u00e1 certo e quem est\u00e1 errado&quot;, diz Lula","author":{"@id":"https:\/\/www.jornalja.com.br\/arquivo\/author\/daredacao\/#author"},"publisher":{"@id":"https:\/\/www.jornalja.com.br\/arquivo\/#organization"},"image":{"@type":"ImageObject","url":51435},"datePublished":"2017-07-13T18:24:31-03:00","dateModified":"2017-07-13T18:24:31-03:00","inLanguage":"pt-BR","mainEntityOfPage":{"@id":"https:\/\/www.jornalja.com.br\/arquivo\/a-historia-vai-mostrar-quem-esta-certo-e-quem-esta-errado-diz-lula\/#webpage"},"isPartOf":{"@id":"https:\/\/www.jornalja.com.br\/arquivo\/a-historia-vai-mostrar-quem-esta-certo-e-quem-esta-errado-diz-lula\/#webpage"},"articleSection":"Geral"},{"@type":"BreadcrumbList","@id":"https:\/\/www.jornalja.com.br\/arquivo\/a-historia-vai-mostrar-quem-esta-certo-e-quem-esta-errado-diz-lula\/#breadcrumblist","itemListElement":[{"@type":"ListItem","@id":"https:\/\/www.jornalja.com.br\/arquivo#listItem","position":1,"name":"Home","item":"https:\/\/www.jornalja.com.br\/arquivo","nextItem":{"@type":"ListItem","@id":"https:\/\/www.jornalja.com.br\/arquivo\/category\/geral\/#listItem","name":"Geral"}},{"@type":"ListItem","@id":"https:\/\/www.jornalja.com.br\/arquivo\/category\/geral\/#listItem","position":2,"name":"Geral","item":"https:\/\/www.jornalja.com.br\/arquivo\/category\/geral\/","nextItem":{"@type":"ListItem","@id":"https:\/\/www.jornalja.com.br\/arquivo\/a-historia-vai-mostrar-quem-esta-certo-e-quem-esta-errado-diz-lula\/#listItem","name":"&quot;A Hist\u00f3ria vai mostrar quem est\u00e1 certo e quem est\u00e1 errado&quot;, diz Lula"},"previousItem":{"@type":"ListItem","@id":"https:\/\/www.jornalja.com.br\/arquivo#listItem","name":"Home"}},{"@type":"ListItem","@id":"https:\/\/www.jornalja.com.br\/arquivo\/a-historia-vai-mostrar-quem-esta-certo-e-quem-esta-errado-diz-lula\/#listItem","position":3,"name":"&quot;A Hist\u00f3ria vai mostrar quem est\u00e1 certo e quem est\u00e1 errado&quot;, diz Lula","previousItem":{"@type":"ListItem","@id":"https:\/\/www.jornalja.com.br\/arquivo\/category\/geral\/#listItem","name":"Geral"}}]},{"@type":"Organization","@id":"https:\/\/www.jornalja.com.br\/arquivo\/#organization","name":"Jornal J\u00c1","description":"Jornal J\u00c1 | Porto Alegre","url":"https:\/\/www.jornalja.com.br\/arquivo\/","telephone":"+555133307272","logo":{"@type":"ImageObject","url":"https:\/\/www.jornalja.com.br\/wp-content\/uploads\/cards\/JAslogan.png","@id":"https:\/\/www.jornalja.com.br\/arquivo\/a-historia-vai-mostrar-quem-esta-certo-e-quem-esta-errado-diz-lula\/#organizationLogo"},"image":{"@id":"https:\/\/www.jornalja.com.br\/arquivo\/a-historia-vai-mostrar-quem-esta-certo-e-quem-esta-errado-diz-lula\/#organizationLogo"}},{"@type":"Person","@id":"https:\/\/www.jornalja.com.br\/arquivo\/author\/daredacao\/#author","url":"https:\/\/www.jornalja.com.br\/arquivo\/author\/daredacao\/","name":"da Reda\u00e7\u00e3o","image":{"@type":"ImageObject","@id":"https:\/\/www.jornalja.com.br\/arquivo\/a-historia-vai-mostrar-quem-esta-certo-e-quem-esta-errado-diz-lula\/#authorImage","url":"https:\/\/secure.gravatar.com\/avatar\/469fd857d6605ad19919d27ed29d35a968a25f6e8fd9318356bbb7f57aae9c65?s=96&d=mm&r=g","width":96,"height":96,"caption":"da Reda\u00e7\u00e3o"}},{"@type":"WebPage","@id":"https:\/\/www.jornalja.com.br\/arquivo\/a-historia-vai-mostrar-quem-esta-certo-e-quem-esta-errado-diz-lula\/#webpage","url":"https:\/\/www.jornalja.com.br\/arquivo\/a-historia-vai-mostrar-quem-esta-certo-e-quem-esta-errado-diz-lula\/","name":"\"A Hist\u00f3ria vai mostrar quem est\u00e1 certo e quem est\u00e1 errado\", diz Lula | Arquivo","inLanguage":"pt-BR","isPartOf":{"@id":"https:\/\/www.jornalja.com.br\/arquivo\/#website"},"breadcrumb":{"@id":"https:\/\/www.jornalja.com.br\/arquivo\/a-historia-vai-mostrar-quem-esta-certo-e-quem-esta-errado-diz-lula\/#breadcrumblist"},"author":{"@id":"https:\/\/www.jornalja.com.br\/arquivo\/author\/daredacao\/#author"},"creator":{"@id":"https:\/\/www.jornalja.com.br\/arquivo\/author\/daredacao\/#author"},"image":{"@type":"ImageObject","url":51435,"@id":"https:\/\/www.jornalja.com.br\/arquivo\/a-historia-vai-mostrar-quem-esta-certo-e-quem-esta-errado-diz-lula\/#mainImage"},"primaryImageOfPage":{"@id":"https:\/\/www.jornalja.com.br\/arquivo\/a-historia-vai-mostrar-quem-esta-certo-e-quem-esta-errado-diz-lula\/#mainImage"},"datePublished":"2017-07-13T18:24:31-03:00","dateModified":"2017-07-13T18:24:31-03:00"},{"@type":"WebSite","@id":"https:\/\/www.jornalja.com.br\/arquivo\/#website","url":"https:\/\/www.jornalja.com.br\/arquivo\/","name":"Arquivo","description":"Jornal J\u00c1 | Porto Alegre","inLanguage":"pt-BR","publisher":{"@id":"https:\/\/www.jornalja.com.br\/arquivo\/#organization"}}]},"og:locale":"pt_BR","og:site_name":"Arquivo | Jornal J\u00c1 | Porto Alegre","og:type":"article","og:title":"&quot;A Hist\u00f3ria vai mostrar quem est\u00e1 certo e quem est\u00e1 errado&quot;, diz Lula | Arquivo","og:url":"https:\/\/www.jornalja.com.br\/arquivo\/a-historia-vai-mostrar-quem-esta-certo-e-quem-esta-errado-diz-lula\/","og:image":"https:\/\/www.jornalja.com.br\/economics\/wp-content\/uploads\/sites\/11\/2026\/08\/ja-folhaderosto-facebook.jpg","og:image:secure_url":"https:\/\/www.jornalja.com.br\/economics\/wp-content\/uploads\/sites\/11\/2026\/08\/ja-folhaderosto-facebook.jpg","article:published_time":"2017-07-13T21:24:31+00:00","article:modified_time":"2017-07-13T21:24:31+00:00","twitter:card":"summary","twitter:title":"&quot;A Hist\u00f3ria vai mostrar quem est\u00e1 certo e quem est\u00e1 errado&quot;, diz Lula | Arquivo","twitter:image":"https:\/\/www.jornalja.com.br\/economics\/wp-content\/uploads\/sites\/11\/2026\/08\/ja-folhaderosto-facebook.jpg"},"aioseo_meta_data":{"post_id":"51433","title":null,"description":null,"keywords":null,"keyphrases":null,"primary_term":null,"canonical_url":null,"og_title":null,"og_description":null,"og_object_type":"default","og_image_type":"default","og_image_url":null,"og_image_width":null,"og_image_height":null,"og_image_custom_url":null,"og_image_custom_fields":null,"og_video":null,"og_custom_url":null,"og_article_section":null,"og_article_tags":null,"twitter_use_og":false,"twitter_card":"default","twitter_image_type":"default","twitter_image_url":null,"twitter_image_custom_url":null,"twitter_image_custom_fields":null,"twitter_title":null,"twitter_description":null,"schema":{"blockGraphs":[],"customGraphs":[],"default":{"data":{"Article":[],"Course":[],"Dataset":[],"FAQPage":[],"Movie":[],"Person":[],"Product":[],"ProductReview":[],"Car":[],"Recipe":[],"Service":[],"SoftwareApplication":[],"WebPage":[]},"graphName":"","isEnabled":true},"graphs":[]},"schema_type":null,"schema_type_options":null,"pillar_content":false,"robots_default":true,"robots_noindex":false,"robots_noarchive":false,"robots_nosnippet":false,"robots_nofollow":false,"robots_noimageindex":false,"robots_noodp":false,"robots_notranslate":false,"robots_max_snippet":null,"robots_max_videopreview":null,"robots_max_imagepreview":"large","priority":null,"frequency":null,"location":null,"local_seo":null,"breadcrumb_settings":null,"limit_modified_date":false,"ai":null,"created":"2020-12-20 20:29:58","updated":"2025-07-19 23:05:06","seo_analyzer_scan_date":null,"focus_keyword":null,"additional_keywords":null,"truseo_locale":null},"jetpack_sharing_enabled":true,"jetpack-related-posts":[{"id":13128,"url":"https:\/\/www.jornalja.com.br\/arquivo\/maconha-terra-diz-que-uso-medicinal-e-desculpa\/","url_meta":{"origin":51433,"position":0},"title":"Maconha: Terra diz que uso medicinal \u00e9 desculpa","author":"Patr\u00edcia Marini","date":"4 de junho de 2014","format":false,"excerpt":"A condi\u00e7\u00e3o de pol\u00edtico, em \u00e9poca de campanha de campanha eleitoral, tira for\u00e7a do discurso do m\u00e9dico Osmar Terra contra a legaliza\u00e7\u00e3o da maconha. A tese dele de que a libera\u00e7\u00e3o vai ampliar exponencialmente o consumo \u00e9 discutivel, o consumo \u00e9 corrente. Mas seus alertas quanto aos riscos tem que\u2026","rel":"","context":"Em &quot;X.Categorias velhas&quot;","block_context":{"text":"X.Categorias velhas","link":"https:\/\/www.jornalja.com.br\/arquivo\/category\/x-categorias-velhas\/"},"img":{"alt_text":"","src":"","width":0,"height":0},"classes":[]},{"id":5440,"url":"https:\/\/www.jornalja.com.br\/arquivo\/casarao-da-venancio-destino-permanece-incerto\/","url_meta":{"origin":51433,"position":1},"title":"Estado ainda n\u00e3o sabe o que fazer com casar\u00e3o abandonado h\u00e1 20 anos","author":"Elmar Bones","date":"6 de julho de 2009","format":false,"excerpt":"O casar\u00e3o amarelo, numa esquina nobre de Porto Alegre (Ven\u00e2ncio Aires com Jo\u00e3o Pessoa), j\u00e1 abrigou uma escola. H\u00e1 duas d\u00e9cadas, pelo menos, est\u00e1 abandonado, porque seu propriet\u00e1rio, o governo do Estado do Rio Grande do Sul, n\u00e3o consegue achar um destino para ele. Planos n\u00e3o faltaram. O governador Ol\u00edvio\u2026","rel":"","context":"Em &quot;X.Categorias velhas&quot;","block_context":{"text":"X.Categorias velhas","link":"https:\/\/www.jornalja.com.br\/arquivo\/category\/x-categorias-velhas\/"},"img":{"alt_text":"geraldo1","src":"https:\/\/i0.wp.com\/www.jornalja.com.br\/wp-content\/uploads\/2009\/07\/geraldo1.jpg?resize=350%2C200&ssl=1","width":350,"height":200},"classes":[]},{"id":13101,"url":"https:\/\/www.jornalja.com.br\/arquivo\/morre-um-guerreiro-do-texto\/","url_meta":{"origin":51433,"position":2},"title":"Morre um guerreiro do texto","author":"Patr\u00edcia Marini","date":"14 de maio de 2014","format":false,"excerpt":"Por Ricardo Kotscho Reproduzido do blog do autor, 11\/5\/2014; t\u00edtulo original \u201cE l\u00e1 se foi o nosso Myltainho, guerreiro do texto\u201d. Mi\u00fado e franzino, meu amigo Myltainho era um valente e inconformado guerreiro na luta contra as injusti\u00e7as sociais, a hipocrisia, as maracutaias, o autoritarismo, a intoler\u00e2ncia, a viol\u00eancia, o\u2026","rel":"","context":"Em &quot;Geral&quot;","block_context":{"text":"Geral","link":"https:\/\/www.jornalja.com.br\/arquivo\/category\/geral\/"},"img":{"alt_text":"","src":"","width":0,"height":0},"classes":[]},{"id":14241,"url":"https:\/\/www.jornalja.com.br\/arquivo\/o-guaiba-nas-imagens-poeticas-de-achutti\/","url_meta":{"origin":51433,"position":3},"title":"O Gua\u00edba nas imagens po\u00e9ticas de Achutti","author":"da Reda\u00e7\u00e3o","date":"18 de junho de 2014","format":false,"excerpt":"Em \u201cO Gua\u00edba por Achutti\u201d \u2013 obra financiada via Minist\u00e9rio da Cultura, produ\u00e7\u00e3o executiva de Pedro Longhi, e Fl\u00e1vio Wild como designer \u2013, o fot\u00f3grafo revela a beleza e as mazelas de um espa\u00e7o aqu\u00e1tico de \u00e1guas sempre renovadas, cheio de hist\u00f3rias e lendas como as das cidades que foram\u2026","rel":"","context":"Em &quot;Cultura-Geral&quot;","block_context":{"text":"Cultura-Geral","link":"https:\/\/www.jornalja.com.br\/arquivo\/category\/materiasecundaria\/"},"img":{"alt_text":"","src":"","width":0,"height":0},"classes":[]},{"id":13240,"url":"https:\/\/www.jornalja.com.br\/arquivo\/plano-diretor-estamos-construindo-o-caos\/","url_meta":{"origin":51433,"position":4},"title":"Plano diretor: &quot;Estamos construindo o caos&quot;","author":"Patr\u00edcia Marini","date":"26 de maio de 2014","format":false,"excerpt":"Desabafo que arquiteta Eliana Castilhos, delegada da Regi\u00e3o de Planejamento 1, postou nas redes sociais \u00e9 um testemunho do ambiente que se criou no Conselho do Plano Diretor de Porto Alegre, onde a aprova\u00e7\u00e3o de grandes empreendimentos \u00e9 empurrada guela abaixo dos conselheiros. Ao CMDUA Como delegada da Regi\u00e3o de\u2026","rel":"","context":"Em &quot;Geral&quot;","block_context":{"text":"Geral","link":"https:\/\/www.jornalja.com.br\/arquivo\/category\/geral\/"},"img":{"alt_text":"","src":"","width":0,"height":0},"classes":[]},{"id":13239,"url":"https:\/\/www.jornalja.com.br\/arquivo\/conselho-desdenha-do-plano-diretor\/","url_meta":{"origin":51433,"position":5},"title":"Porto Alegre: Conselho detona Plano Diretor","author":"Patr\u00edcia Marini","date":"25 de maio de 2014","format":false,"excerpt":"Den\u00fancia do arquiteto e \u00a0urbanista Ibir\u00e1 Santos Lucas. Ele diz que os conselheiros est\u00e3o votando com \"enorme irresponsabilidade\". \"Mudam regime com a maior naturalidade,,,regularizam absurdos de constru\u00e7\u00f5es irregulares... \"O CMDUA est\u00e1 flexibilizando a lei do plano diretor, de uma forma impactante na vida da cidade. Mudam regime com a maior\u2026","rel":"","context":"Em &quot;Geral&quot;","block_context":{"text":"Geral","link":"https:\/\/www.jornalja.com.br\/arquivo\/category\/geral\/"},"img":{"alt_text":"","src":"","width":0,"height":0},"classes":[]}],"jetpack_shortlink":"https:\/\/wp.me\/pbQjBd-dnz","jetpack_featured_media_url":"","_links":{"self":[{"href":"https:\/\/www.jornalja.com.br\/arquivo\/wp-json\/wp\/v2\/posts\/51433","targetHints":{"allow":["GET"]}}],"collection":[{"href":"https:\/\/www.jornalja.com.br\/arquivo\/wp-json\/wp\/v2\/posts"}],"about":[{"href":"https:\/\/www.jornalja.com.br\/arquivo\/wp-json\/wp\/v2\/types\/post"}],"author":[{"embeddable":true,"href":"https:\/\/www.jornalja.com.br\/arquivo\/wp-json\/wp\/v2\/users\/4"}],"replies":[{"embeddable":true,"href":"https:\/\/www.jornalja.com.br\/arquivo\/wp-json\/wp\/v2\/comments?post=51433"}],"version-history":[{"count":0,"href":"https:\/\/www.jornalja.com.br\/arquivo\/wp-json\/wp\/v2\/posts\/51433\/revisions"}],"wp:attachment":[{"href":"https:\/\/www.jornalja.com.br\/arquivo\/wp-json\/wp\/v2\/media?parent=51433"}],"wp:term":[{"taxonomy":"category","embeddable":true,"href":"https:\/\/www.jornalja.com.br\/arquivo\/wp-json\/wp\/v2\/categories?post=51433"},{"taxonomy":"post_tag","embeddable":true,"href":"https:\/\/www.jornalja.com.br\/arquivo\/wp-json\/wp\/v2\/tags?post=51433"}],"curies":[{"name":"wp","href":"https:\/\/api.w.org\/{rel}","templated":true}]}}