{"id":51497,"date":"2017-07-16T20:38:21","date_gmt":"2017-07-16T23:38:21","guid":{"rendered":"https:\/\/www.jornalja.com.br\/?p=51497"},"modified":"2017-07-16T20:38:21","modified_gmt":"2017-07-16T23:38:21","slug":"quanto-o-mercado-da-musica-significa-para-a-economia-gaucha","status":"publish","type":"post","link":"https:\/\/www.jornalja.com.br\/arquivo\/quanto-o-mercado-da-musica-significa-para-a-economia-gaucha\/","title":{"rendered":"Quanto o mercado da m\u00fasica significa para a economia ga\u00facha"},"content":{"rendered":"<header class=\"entry-header\">\n<h1 class=\"entry-title\"><span class=\"assina\">Tarson N\u00fa\u00f1ez<\/span><\/h1>\n<h1 class=\"entry-title\"><\/h1>\n<\/header>\n<div class=\"entry-content\">\nA cadeia de produ\u00e7\u00e3o musical \u00e9 linear, com o produto final resultando de uma s\u00e9rie de atividades interligadas que v\u00e3o adicionando valor ao produto final que \u00e9 comercializado. Esse produto final pode ser um objeto, um suporte f\u00edsico de conte\u00fado musical (CD ou LP), um evento (<em>show<\/em>\u00a0ou apresenta\u00e7\u00e3o) ou mesmo, atualmente, um mecanismo de\u00a0<em>copyright<\/em>\u00a0(um fonograma registrado para efeitos de direito autoral). Em todos esses casos, o caminho que vai da cria\u00e7\u00e3o art\u00edstica at\u00e9 a sua realiza\u00e7\u00e3o enquanto valor monet\u00e1rio \u00e9 longo e passa por m\u00faltiplos est\u00e1gios que envolvem diferentes processos econ\u00f4micos. A literatura divide as atividades de produ\u00e7\u00e3o e comercializa\u00e7\u00e3o dos produtos musicais em quatro etapas principais: cria\u00e7\u00e3o, produ\u00e7\u00e3o, divulga\u00e7\u00e3o e distribui\u00e7\u00e3o.<br \/>\nAt\u00e9 a d\u00e9cada de 90, essa cadeia estruturava-se em torno da ind\u00fastria fonogr\u00e1fica. As grandes gravadoras, companhias que faziam a media\u00e7\u00e3o entre a produ\u00e7\u00e3o dos artistas e o grande p\u00fablico, eram o ator central de um processo industrial altamente verticalizado. A partir da cria\u00e7\u00e3o, praticamente todo o resto da cadeia dependia dessas empresas. Esse foi o modelo predominante desde a d\u00e9cada de 40 at\u00e9 o final do s\u00e9culo passado. As mudan\u00e7as tecnol\u00f3gicas do final do s\u00e9culo XX impactaram de forma profunda e irrevers\u00edvel a ind\u00fastria fonogr\u00e1fica, abrindo caminho para um novo modelo de mercado musical.<br \/>\nDois fatores foram essenciais nesse processo: o primeiro foi a redu\u00e7\u00e3o dos custos dos equipamentos de grava\u00e7\u00e3o, que permitiu que o registro das m\u00fasicas fosse realizado de maneira muito mais descentralizada, tornando a cria\u00e7\u00e3o e a produ\u00e7\u00e3o mais aut\u00f4nomas. O segundo foi a emerg\u00eancia das novas tecnologias de informa\u00e7\u00e3o e comunica\u00e7\u00e3o, que abriram novos caminhos para a divulga\u00e7\u00e3o e a distribui\u00e7\u00e3o. A oferta de produtos diretamente pela\u00a0<em>internet<\/em>, mediante\u00a0<em>download\u00a0<\/em>ou\u00a0<em>streaming<\/em>, cresce no mundo inteiro. Segundo a Federa\u00e7\u00e3o Internacional da Ind\u00fastria Fonogr\u00e1fica (IFPI), o mercado global da ind\u00fastria relacionado \u00e0 reprodu\u00e7\u00e3o digital vem crescendo em uma m\u00e9dia de 6% ao ano desde 2009, atingindo os US$ 6,9 bilh\u00f5es em 2014.<br \/>\nA cadeia da m\u00fasica n\u00e3o se restringe \u00e0 rela\u00e7\u00e3o entre o artista e o p\u00fablico. Ela tem como ponto de partida o processo de produ\u00e7\u00e3o industrial dos insumos para a produ\u00e7\u00e3o musical (instrumentos, equipamentos de amplifica\u00e7\u00e3o e grava\u00e7\u00e3o, m\u00eddias virgens, etc.). Al\u00e9m disso, essa cadeia tem como pressuposto a forma\u00e7\u00e3o de um mercado musical que envolve tanto a forma\u00e7\u00e3o de m\u00fasicos como a do p\u00fablico (escolas de m\u00fasica, cursos universit\u00e1rios, publica\u00e7\u00f5es especializadas, m\u00eddia, etc.), e tamb\u00e9m toda uma rede de espa\u00e7os nos quais a m\u00fasica \u00e9: (a) apresentada ao vivo (teatros, casas de espet\u00e1culos ou clubes), (b) transmitida (via r\u00e1dio,\u00a0<em>internet<\/em>\u00a0ou TV) ou (c) parte do contexto de outras atividades, sejam elas art\u00edsticas ou n\u00e3o (trilhas musicais de publicidade ou de outras produ\u00e7\u00f5es audiovisuais e m\u00fasica ambiente em espa\u00e7os p\u00fablicos).<br \/>\nEntre esses dois extremos, artista e p\u00fablico, h\u00e1 todo um encadeamento de atividades econ\u00f4micas relacionado ao processo de produ\u00e7\u00e3o (est\u00fadios de grava\u00e7\u00e3o, equipes t\u00e9cnicas, atividades de produ\u00e7\u00e3o de espet\u00e1culos), \u00e0 divulga\u00e7\u00e3o (assessorias de imprensa, publica\u00e7\u00f5es especializadas, r\u00e1dios e programas de TV), \u00e0 execu\u00e7\u00e3o (teatros, casas de espet\u00e1culos, clubes, bares) e tamb\u00e9m ao processo de comercializa\u00e7\u00e3o de produtos vinculados \u00e0 m\u00fasica. Em torno dessas atividades identificam-se impactos adicionais em termos de suporte, como a contrata\u00e7\u00e3o de servi\u00e7os de log\u00edstica (transporte, alojamento e alimenta\u00e7\u00e3o)\u00a0e\u00a0de divulga\u00e7\u00e3o (<em>design<\/em>\u00a0e produ\u00e7\u00e3o gr\u00e1fica). \u00c9, portanto, uma cadeia longa e complexa de atividades econ\u00f4micas, envolvendo uma grande quantidade de empreendimentos tanto no campo industrial como de servi\u00e7os.<br \/>\nNo Rio Grande do Sul, a cadeia da m\u00fasica, identificada a partir dos crit\u00e9rios estabelecidos pela literatura nacional e internacional existente sobre o setor, envolve um conjunto de empreendimentos extenso, com a presen\u00e7a de praticamente todos os elos da cadeia. Uma primeira aproxima\u00e7\u00e3o, ainda que limitada, ao peso dessa cadeia pode ser feita a partir dos dados dispon\u00edveis no Instituto Brasileiro de Geografia e Estat\u00edstica (IBGE). Os dados do Cadastro Central de Empresas (CEMPRE), relativos ao ano de 2015, apontam a exist\u00eancia de 3.982 empresas formais, envolvendo um contingente de mais de 16 mil postos de trabalho, movimentando em sal\u00e1rios e outras remunera\u00e7\u00f5es mais de R$ 240 milh\u00f5es por ano. Isso se refere apenas a uma parte do mercado real, uma vez que no \u00e2mbito da m\u00fasica, mais do que em outras atividades da chamada economia criativa, o grau de informalidade das atividades \u00e9 muito alto. Grande parte das atividades musicais realizadas, como as\u00a0<em>performances<\/em>\u00a0ao vivo, d\u00e1-se sem qualquer contrata\u00e7\u00e3o formal ou registro de transa\u00e7\u00e3o monet\u00e1ria. Al\u00e9m disso, para grande parte dos m\u00fasicos daqui, viver exclusivamente de sua atividade art\u00edstica \u00e9 dif\u00edcil, o que implica no exerc\u00edcio de outras atividades remuneradas. Al\u00e9m disso, parte significativa das atividades deste campo est\u00e1 relacionada a outras atividades econ\u00f4micas, o que dificulta sua identifica\u00e7\u00e3o. Um m\u00fasico que faz\u00a0<em>jingles<\/em>\u00a0\u00e9 encontrado nas estat\u00edsticas relativas \u00e0 publicidade, um m\u00fasico que d\u00e1 aulas \u00e9 encontrado nas estat\u00edsticas das atividades educacionais, entre tantos outros casos.<br \/>\nAs estat\u00edsticas existentes, portanto, permitem identificar apenas de uma forma muito limitada o impacto da cadeia da m\u00fasica na economia do Estado. No entanto, a Pesquisa de Or\u00e7amento Familiar (POF) do IBGE, cuja \u00faltima vers\u00e3o \u00e9 de 2008-09, permite fazer uma aproxima\u00e7\u00e3o do potencial de mercado das atividades relacionadas \u00e0 m\u00fasica. Segundo a POF, os gastos com cultura representam 5% dos gastos das fam\u00edlias. Tomando-se como base os dados relativos ao Produto Interno Bruto (PIB) do Rio Grande do Sul, \u00e9 poss\u00edvel fazer uma aproxima\u00e7\u00e3o do peso do consumo da m\u00fasica das fam\u00edlias no Estado. De acordo com os \u00faltimos dados dispon\u00edveis, o consumo das fam\u00edlias representa 58,1% do PIB do RS (FEE, 2013). Considerando-se que o PIB do RS, neste ano, foi da ordem de R$ 331 bilh\u00f5es, \u00e9 poss\u00edvel projetar que, em nosso estado, os gastos com atividades culturais s\u00e3o da ordem de R$ 9,6 bilh\u00f5es por ano. Visto que os gastos diretamente com o consumo de m\u00fasica representam 6,9% dos gastos com cultura, pode-se estimar que o mercado da m\u00fasica movimenta, anualmente, pelo menos R$ 660 milh\u00f5es no Estado.<br \/>\nEsses dados mostram apenas uma parte da realidade do mercado da m\u00fasica, e os seus limites apontam para a import\u00e2ncia do aprofundamento dos estudos sobre essa cadeia produtiva. O setor \u00e9 parte de uma tend\u00eancia global de import\u00e2ncia crescente do setor de servi\u00e7os na economia. Mais do que isso, a economia criativa \u00e9 cada vez mais um campo em expans\u00e3o que tem um potencial de integra\u00e7\u00e3o importante em cadeias globais de valor. Conhecer melhor o setor, identificar suas potencialidades e pensar pol\u00edticas p\u00fablicas que contribuam para potencializar seu impacto na economia ga\u00facha \u00e9 um grande desafio.<\/p>\n<div class=\"cssc-main\"><em>*Tarso N\u00fa\u00f1ez \u00e9 pesquisador em Ci\u00eancia Pol\u00edtica da Funda\u00e7\u00e3o de Economia e Estat\u00edstica (FEE). Artigo publicado originalmente na edi\u00e7\u00e3o de julho da \u00a0<a href=\"http:\/\/carta.fee.tche.br\/numero-atual\/?issue=ano-26-numero-07\">Carta de Conjuntura da FEE<\/a>, com o t\u00edtulo &#8220;O mercado da m\u00fasica e o seu significado para a economia do Rio Grande do Sul&#8221;.<\/em><\/div>\n<\/div>\n","protected":false},"excerpt":{"rendered":"<p>Tarson N\u00fa\u00f1ez A cadeia de produ\u00e7\u00e3o musical \u00e9 linear, com o produto final resultando de uma s\u00e9rie de atividades interligadas que v\u00e3o adicionando valor ao produto final que \u00e9 comercializado. Esse produto final pode ser um objeto, um suporte f\u00edsico de conte\u00fado musical (CD ou LP), um evento (show\u00a0ou apresenta\u00e7\u00e3o) ou mesmo, atualmente, um mecanismo [&hellip;]<\/p>\n","protected":false},"author":4,"featured_media":0,"comment_status":"open","ping_status":"closed","sticky":false,"template":"","format":"standard","meta":{"_jetpack_newsletter_access":"","_jetpack_dont_email_post_to_subs":false,"_jetpack_newsletter_tier_id":0,"_jetpack_memberships_contains_paywalled_content":false,"_jetpack_feature_clip_id":0,"_jetpack_memberships_contains_paid_content":false,"footnotes":"","jetpack_post_was_ever_published":false},"categories":[10],"tags":[],"class_list":["post-51497","post","type-post","status-publish","format-standard","hentry","category-analiseopiniao"],"aioseo_notices":[],"aioseo_head":"\n\t\t<!-- All in One SEO 5.0.1.1 - aioseo.com -->\n\t<meta name=\"robots\" content=\"max-image-preview:large\" \/>\n\t<meta name=\"author\" content=\"da Reda\u00e7\u00e3o\"\/>\n\t<link rel=\"canonical\" href=\"https:\/\/www.jornalja.com.br\/arquivo\/quanto-o-mercado-da-musica-significa-para-a-economia-gaucha\/\" \/>\n\t<meta name=\"generator\" content=\"All in One SEO (AIOSEO) 5.0.1.1\" \/>\n\t\t<meta property=\"og:locale\" content=\"pt_BR\" \/>\n\t\t<meta property=\"og:site_name\" content=\"Arquivo | Jornal J\u00c1 | Porto Alegre\" \/>\n\t\t<meta property=\"og:type\" content=\"article\" \/>\n\t\t<meta property=\"og:title\" content=\"Quanto o mercado da m\u00fasica significa para a economia ga\u00facha | Arquivo\" \/>\n\t\t<meta property=\"og:url\" content=\"https:\/\/www.jornalja.com.br\/arquivo\/quanto-o-mercado-da-musica-significa-para-a-economia-gaucha\/\" \/>\n\t\t<meta property=\"og:image\" content=\"https:\/\/www.jornalja.com.br\/economics\/wp-content\/uploads\/sites\/11\/2026\/08\/ja-folhaderosto-facebook.jpg\" \/>\n\t\t<meta property=\"og:image:secure_url\" content=\"https:\/\/www.jornalja.com.br\/economics\/wp-content\/uploads\/sites\/11\/2026\/08\/ja-folhaderosto-facebook.jpg\" \/>\n\t\t<meta property=\"article:published_time\" content=\"2017-07-16T23:38:21+00:00\" \/>\n\t\t<meta property=\"article:modified_time\" content=\"2017-07-16T23:38:21+00:00\" \/>\n\t\t<meta name=\"twitter:card\" content=\"summary\" \/>\n\t\t<meta name=\"twitter:title\" content=\"Quanto o mercado da m\u00fasica significa para a economia ga\u00facha | Arquivo\" \/>\n\t\t<meta name=\"twitter:image\" content=\"https:\/\/www.jornalja.com.br\/economics\/wp-content\/uploads\/sites\/11\/2026\/08\/ja-folhaderosto-facebook.jpg\" \/>\n\t\t<script type=\"application\/ld+json\" class=\"aioseo-schema\">\n\t\t\t{\"@context\":\"https:\\\/\\\/schema.org\",\"@graph\":[{\"@type\":\"BlogPosting\",\"@id\":\"https:\\\/\\\/www.jornalja.com.br\\\/arquivo\\\/quanto-o-mercado-da-musica-significa-para-a-economia-gaucha\\\/#blogposting\",\"name\":\"Quanto o mercado da m\\u00fasica significa para a economia ga\\u00facha | Arquivo\",\"headline\":\"Quanto o mercado da m\\u00fasica significa para a economia ga\\u00facha\",\"author\":{\"@id\":\"https:\\\/\\\/www.jornalja.com.br\\\/arquivo\\\/author\\\/daredacao\\\/#author\"},\"publisher\":{\"@id\":\"https:\\\/\\\/www.jornalja.com.br\\\/arquivo\\\/#organization\"},\"image\":{\"@type\":\"ImageObject\",\"url\":\"https:\\\/\\\/www.jornalja.com.br\\\/wp-content\\\/uploads\\\/cards\\\/JAslogan.png\",\"@id\":\"https:\\\/\\\/www.jornalja.com.br\\\/arquivo\\\/#articleImage\"},\"datePublished\":\"2017-07-16T20:38:21-03:00\",\"dateModified\":\"2017-07-16T20:38:21-03:00\",\"inLanguage\":\"pt-BR\",\"mainEntityOfPage\":{\"@id\":\"https:\\\/\\\/www.jornalja.com.br\\\/arquivo\\\/quanto-o-mercado-da-musica-significa-para-a-economia-gaucha\\\/#webpage\"},\"isPartOf\":{\"@id\":\"https:\\\/\\\/www.jornalja.com.br\\\/arquivo\\\/quanto-o-mercado-da-musica-significa-para-a-economia-gaucha\\\/#webpage\"},\"articleSection\":\"AN\\u00c1LISE&amp;OPINI\\u00c3O\"},{\"@type\":\"BreadcrumbList\",\"@id\":\"https:\\\/\\\/www.jornalja.com.br\\\/arquivo\\\/quanto-o-mercado-da-musica-significa-para-a-economia-gaucha\\\/#breadcrumblist\",\"itemListElement\":[{\"@type\":\"ListItem\",\"@id\":\"https:\\\/\\\/www.jornalja.com.br\\\/arquivo#listItem\",\"position\":1,\"name\":\"Home\",\"item\":\"https:\\\/\\\/www.jornalja.com.br\\\/arquivo\",\"nextItem\":{\"@type\":\"ListItem\",\"@id\":\"https:\\\/\\\/www.jornalja.com.br\\\/arquivo\\\/category\\\/analiseopiniao\\\/#listItem\",\"name\":\"AN\\u00c1LISE&amp;OPINI\\u00c3O\"}},{\"@type\":\"ListItem\",\"@id\":\"https:\\\/\\\/www.jornalja.com.br\\\/arquivo\\\/category\\\/analiseopiniao\\\/#listItem\",\"position\":2,\"name\":\"AN\\u00c1LISE&amp;OPINI\\u00c3O\",\"item\":\"https:\\\/\\\/www.jornalja.com.br\\\/arquivo\\\/category\\\/analiseopiniao\\\/\",\"nextItem\":{\"@type\":\"ListItem\",\"@id\":\"https:\\\/\\\/www.jornalja.com.br\\\/arquivo\\\/quanto-o-mercado-da-musica-significa-para-a-economia-gaucha\\\/#listItem\",\"name\":\"Quanto o mercado da m\\u00fasica significa para a economia ga\\u00facha\"},\"previousItem\":{\"@type\":\"ListItem\",\"@id\":\"https:\\\/\\\/www.jornalja.com.br\\\/arquivo#listItem\",\"name\":\"Home\"}},{\"@type\":\"ListItem\",\"@id\":\"https:\\\/\\\/www.jornalja.com.br\\\/arquivo\\\/quanto-o-mercado-da-musica-significa-para-a-economia-gaucha\\\/#listItem\",\"position\":3,\"name\":\"Quanto o mercado da m\\u00fasica significa para a economia ga\\u00facha\",\"previousItem\":{\"@type\":\"ListItem\",\"@id\":\"https:\\\/\\\/www.jornalja.com.br\\\/arquivo\\\/category\\\/analiseopiniao\\\/#listItem\",\"name\":\"AN\\u00c1LISE&amp;OPINI\\u00c3O\"}}]},{\"@type\":\"Organization\",\"@id\":\"https:\\\/\\\/www.jornalja.com.br\\\/arquivo\\\/#organization\",\"name\":\"Jornal J\\u00c1\",\"description\":\"Jornal J\\u00c1 | Porto Alegre\",\"url\":\"https:\\\/\\\/www.jornalja.com.br\\\/arquivo\\\/\",\"telephone\":\"+555133307272\",\"logo\":{\"@type\":\"ImageObject\",\"url\":\"https:\\\/\\\/www.jornalja.com.br\\\/wp-content\\\/uploads\\\/cards\\\/JAslogan.png\",\"@id\":\"https:\\\/\\\/www.jornalja.com.br\\\/arquivo\\\/quanto-o-mercado-da-musica-significa-para-a-economia-gaucha\\\/#organizationLogo\"},\"image\":{\"@id\":\"https:\\\/\\\/www.jornalja.com.br\\\/arquivo\\\/quanto-o-mercado-da-musica-significa-para-a-economia-gaucha\\\/#organizationLogo\"}},{\"@type\":\"Person\",\"@id\":\"https:\\\/\\\/www.jornalja.com.br\\\/arquivo\\\/author\\\/daredacao\\\/#author\",\"url\":\"https:\\\/\\\/www.jornalja.com.br\\\/arquivo\\\/author\\\/daredacao\\\/\",\"name\":\"da Reda\\u00e7\\u00e3o\",\"image\":{\"@type\":\"ImageObject\",\"@id\":\"https:\\\/\\\/www.jornalja.com.br\\\/arquivo\\\/quanto-o-mercado-da-musica-significa-para-a-economia-gaucha\\\/#authorImage\",\"url\":\"https:\\\/\\\/secure.gravatar.com\\\/avatar\\\/469fd857d6605ad19919d27ed29d35a968a25f6e8fd9318356bbb7f57aae9c65?s=96&d=mm&r=g\",\"width\":96,\"height\":96,\"caption\":\"da Reda\\u00e7\\u00e3o\"}},{\"@type\":\"WebPage\",\"@id\":\"https:\\\/\\\/www.jornalja.com.br\\\/arquivo\\\/quanto-o-mercado-da-musica-significa-para-a-economia-gaucha\\\/#webpage\",\"url\":\"https:\\\/\\\/www.jornalja.com.br\\\/arquivo\\\/quanto-o-mercado-da-musica-significa-para-a-economia-gaucha\\\/\",\"name\":\"Quanto o mercado da m\\u00fasica significa para a economia ga\\u00facha | Arquivo\",\"inLanguage\":\"pt-BR\",\"isPartOf\":{\"@id\":\"https:\\\/\\\/www.jornalja.com.br\\\/arquivo\\\/#website\"},\"breadcrumb\":{\"@id\":\"https:\\\/\\\/www.jornalja.com.br\\\/arquivo\\\/quanto-o-mercado-da-musica-significa-para-a-economia-gaucha\\\/#breadcrumblist\"},\"author\":{\"@id\":\"https:\\\/\\\/www.jornalja.com.br\\\/arquivo\\\/author\\\/daredacao\\\/#author\"},\"creator\":{\"@id\":\"https:\\\/\\\/www.jornalja.com.br\\\/arquivo\\\/author\\\/daredacao\\\/#author\"},\"datePublished\":\"2017-07-16T20:38:21-03:00\",\"dateModified\":\"2017-07-16T20:38:21-03:00\"},{\"@type\":\"WebSite\",\"@id\":\"https:\\\/\\\/www.jornalja.com.br\\\/arquivo\\\/#website\",\"url\":\"https:\\\/\\\/www.jornalja.com.br\\\/arquivo\\\/\",\"name\":\"Arquivo\",\"description\":\"Jornal J\\u00c1 | Porto Alegre\",\"inLanguage\":\"pt-BR\",\"publisher\":{\"@id\":\"https:\\\/\\\/www.jornalja.com.br\\\/arquivo\\\/#organization\"}}]}\n\t\t<\/script>\n\t\t<!-- All in One SEO -->\n\n","aioseo_head_json":{"title":"Quanto o mercado da m\u00fasica significa para a economia ga\u00facha | Arquivo","description":"","canonical_url":"https:\/\/www.jornalja.com.br\/arquivo\/quanto-o-mercado-da-musica-significa-para-a-economia-gaucha\/","robots":"max-image-preview:large","keywords":"","webmasterTools":{"miscellaneous":""},"schema":{"@context":"https:\/\/schema.org","@graph":[{"@type":"BlogPosting","@id":"https:\/\/www.jornalja.com.br\/arquivo\/quanto-o-mercado-da-musica-significa-para-a-economia-gaucha\/#blogposting","name":"Quanto o mercado da m\u00fasica significa para a economia ga\u00facha | Arquivo","headline":"Quanto o mercado da m\u00fasica significa para a economia ga\u00facha","author":{"@id":"https:\/\/www.jornalja.com.br\/arquivo\/author\/daredacao\/#author"},"publisher":{"@id":"https:\/\/www.jornalja.com.br\/arquivo\/#organization"},"image":{"@type":"ImageObject","url":"https:\/\/www.jornalja.com.br\/wp-content\/uploads\/cards\/JAslogan.png","@id":"https:\/\/www.jornalja.com.br\/arquivo\/#articleImage"},"datePublished":"2017-07-16T20:38:21-03:00","dateModified":"2017-07-16T20:38:21-03:00","inLanguage":"pt-BR","mainEntityOfPage":{"@id":"https:\/\/www.jornalja.com.br\/arquivo\/quanto-o-mercado-da-musica-significa-para-a-economia-gaucha\/#webpage"},"isPartOf":{"@id":"https:\/\/www.jornalja.com.br\/arquivo\/quanto-o-mercado-da-musica-significa-para-a-economia-gaucha\/#webpage"},"articleSection":"AN\u00c1LISE&amp;OPINI\u00c3O"},{"@type":"BreadcrumbList","@id":"https:\/\/www.jornalja.com.br\/arquivo\/quanto-o-mercado-da-musica-significa-para-a-economia-gaucha\/#breadcrumblist","itemListElement":[{"@type":"ListItem","@id":"https:\/\/www.jornalja.com.br\/arquivo#listItem","position":1,"name":"Home","item":"https:\/\/www.jornalja.com.br\/arquivo","nextItem":{"@type":"ListItem","@id":"https:\/\/www.jornalja.com.br\/arquivo\/category\/analiseopiniao\/#listItem","name":"AN\u00c1LISE&amp;OPINI\u00c3O"}},{"@type":"ListItem","@id":"https:\/\/www.jornalja.com.br\/arquivo\/category\/analiseopiniao\/#listItem","position":2,"name":"AN\u00c1LISE&amp;OPINI\u00c3O","item":"https:\/\/www.jornalja.com.br\/arquivo\/category\/analiseopiniao\/","nextItem":{"@type":"ListItem","@id":"https:\/\/www.jornalja.com.br\/arquivo\/quanto-o-mercado-da-musica-significa-para-a-economia-gaucha\/#listItem","name":"Quanto o mercado da m\u00fasica significa para a economia ga\u00facha"},"previousItem":{"@type":"ListItem","@id":"https:\/\/www.jornalja.com.br\/arquivo#listItem","name":"Home"}},{"@type":"ListItem","@id":"https:\/\/www.jornalja.com.br\/arquivo\/quanto-o-mercado-da-musica-significa-para-a-economia-gaucha\/#listItem","position":3,"name":"Quanto o mercado da m\u00fasica significa para a economia ga\u00facha","previousItem":{"@type":"ListItem","@id":"https:\/\/www.jornalja.com.br\/arquivo\/category\/analiseopiniao\/#listItem","name":"AN\u00c1LISE&amp;OPINI\u00c3O"}}]},{"@type":"Organization","@id":"https:\/\/www.jornalja.com.br\/arquivo\/#organization","name":"Jornal J\u00c1","description":"Jornal J\u00c1 | Porto Alegre","url":"https:\/\/www.jornalja.com.br\/arquivo\/","telephone":"+555133307272","logo":{"@type":"ImageObject","url":"https:\/\/www.jornalja.com.br\/wp-content\/uploads\/cards\/JAslogan.png","@id":"https:\/\/www.jornalja.com.br\/arquivo\/quanto-o-mercado-da-musica-significa-para-a-economia-gaucha\/#organizationLogo"},"image":{"@id":"https:\/\/www.jornalja.com.br\/arquivo\/quanto-o-mercado-da-musica-significa-para-a-economia-gaucha\/#organizationLogo"}},{"@type":"Person","@id":"https:\/\/www.jornalja.com.br\/arquivo\/author\/daredacao\/#author","url":"https:\/\/www.jornalja.com.br\/arquivo\/author\/daredacao\/","name":"da Reda\u00e7\u00e3o","image":{"@type":"ImageObject","@id":"https:\/\/www.jornalja.com.br\/arquivo\/quanto-o-mercado-da-musica-significa-para-a-economia-gaucha\/#authorImage","url":"https:\/\/secure.gravatar.com\/avatar\/469fd857d6605ad19919d27ed29d35a968a25f6e8fd9318356bbb7f57aae9c65?s=96&d=mm&r=g","width":96,"height":96,"caption":"da Reda\u00e7\u00e3o"}},{"@type":"WebPage","@id":"https:\/\/www.jornalja.com.br\/arquivo\/quanto-o-mercado-da-musica-significa-para-a-economia-gaucha\/#webpage","url":"https:\/\/www.jornalja.com.br\/arquivo\/quanto-o-mercado-da-musica-significa-para-a-economia-gaucha\/","name":"Quanto o mercado da m\u00fasica significa para a economia ga\u00facha | Arquivo","inLanguage":"pt-BR","isPartOf":{"@id":"https:\/\/www.jornalja.com.br\/arquivo\/#website"},"breadcrumb":{"@id":"https:\/\/www.jornalja.com.br\/arquivo\/quanto-o-mercado-da-musica-significa-para-a-economia-gaucha\/#breadcrumblist"},"author":{"@id":"https:\/\/www.jornalja.com.br\/arquivo\/author\/daredacao\/#author"},"creator":{"@id":"https:\/\/www.jornalja.com.br\/arquivo\/author\/daredacao\/#author"},"datePublished":"2017-07-16T20:38:21-03:00","dateModified":"2017-07-16T20:38:21-03:00"},{"@type":"WebSite","@id":"https:\/\/www.jornalja.com.br\/arquivo\/#website","url":"https:\/\/www.jornalja.com.br\/arquivo\/","name":"Arquivo","description":"Jornal J\u00c1 | Porto Alegre","inLanguage":"pt-BR","publisher":{"@id":"https:\/\/www.jornalja.com.br\/arquivo\/#organization"}}]},"og:locale":"pt_BR","og:site_name":"Arquivo | Jornal J\u00c1 | Porto Alegre","og:type":"article","og:title":"Quanto o mercado da m\u00fasica significa para a economia ga\u00facha | Arquivo","og:url":"https:\/\/www.jornalja.com.br\/arquivo\/quanto-o-mercado-da-musica-significa-para-a-economia-gaucha\/","og:image":"https:\/\/www.jornalja.com.br\/economics\/wp-content\/uploads\/sites\/11\/2026\/08\/ja-folhaderosto-facebook.jpg","og:image:secure_url":"https:\/\/www.jornalja.com.br\/economics\/wp-content\/uploads\/sites\/11\/2026\/08\/ja-folhaderosto-facebook.jpg","article:published_time":"2017-07-16T23:38:21+00:00","article:modified_time":"2017-07-16T23:38:21+00:00","twitter:card":"summary","twitter:title":"Quanto o mercado da m\u00fasica significa para a economia ga\u00facha | Arquivo","twitter:image":"https:\/\/www.jornalja.com.br\/economics\/wp-content\/uploads\/sites\/11\/2026\/08\/ja-folhaderosto-facebook.jpg"},"aioseo_meta_data":{"post_id":"51497","title":null,"description":null,"keywords":null,"keyphrases":null,"primary_term":null,"canonical_url":null,"og_title":null,"og_description":null,"og_object_type":"default","og_image_type":"default","og_image_url":null,"og_image_width":null,"og_image_height":null,"og_image_custom_url":null,"og_image_custom_fields":null,"og_video":null,"og_custom_url":null,"og_article_section":null,"og_article_tags":null,"twitter_use_og":false,"twitter_card":"default","twitter_image_type":"default","twitter_image_url":null,"twitter_image_custom_url":null,"twitter_image_custom_fields":null,"twitter_title":null,"twitter_description":null,"schema":{"blockGraphs":[],"customGraphs":[],"default":{"data":{"Article":[],"Course":[],"Dataset":[],"FAQPage":[],"Movie":[],"Person":[],"Product":[],"ProductReview":[],"Car":[],"Recipe":[],"Service":[],"SoftwareApplication":[],"WebPage":[]},"graphName":"","isEnabled":true},"graphs":[],"defaultGraph":"","defaultPostTypeGraph":""},"schema_type":null,"schema_type_options":null,"pillar_content":false,"robots_default":true,"robots_noindex":false,"robots_noarchive":false,"robots_nosnippet":false,"robots_nofollow":false,"robots_noimageindex":false,"robots_noodp":false,"robots_notranslate":false,"robots_max_snippet":null,"robots_max_videopreview":null,"robots_max_imagepreview":"large","priority":null,"frequency":null,"location":null,"local_seo":null,"breadcrumb_settings":null,"limit_modified_date":false,"ai":null,"created":"2020-12-20 20:29:58","updated":"2025-07-19 23:09:01","seo_analyzer_scan_date":null,"focus_keyword":null,"additional_keywords":null,"truseo_locale":null},"jetpack_sharing_enabled":true,"jetpack-related-posts":[{"id":13124,"url":"https:\/\/www.jornalja.com.br\/arquivo\/sangue-latino-no-iecine\/","url_meta":{"origin":51497,"position":0},"title":"Sangue latino no IECINE","author":"da Reda\u00e7\u00e3o","date":"18 de maio de 2014","format":false,"excerpt":"Francisco Ribeiro O Instituto Estadual de Cinema (IECINE) tem a frente, desde abril \u00faltimo, um novo diretor, o cineasta colombiano Juan Zapata, 36, que substitui Luiz Alberto Cassol. Radicado h\u00e1 dez anos em Porto Alegre, Zapata tem diante de si o desafio de conduzir at\u00e9 o final do ano um\u2026","rel":"","context":"Em &quot;Cultura-Geral&quot;","block_context":{"text":"Cultura-Geral","link":"https:\/\/www.jornalja.com.br\/arquivo\/category\/materiasecundaria\/"},"img":{"alt_text":"","src":"","width":0,"height":0},"classes":[]},{"id":14241,"url":"https:\/\/www.jornalja.com.br\/arquivo\/o-guaiba-nas-imagens-poeticas-de-achutti\/","url_meta":{"origin":51497,"position":1},"title":"O Gua\u00edba nas imagens po\u00e9ticas de Achutti","author":"da Reda\u00e7\u00e3o","date":"18 de junho de 2014","format":false,"excerpt":"Em \u201cO Gua\u00edba por Achutti\u201d \u2013 obra financiada via Minist\u00e9rio da Cultura, produ\u00e7\u00e3o executiva de Pedro Longhi, e Fl\u00e1vio Wild como designer \u2013, o fot\u00f3grafo revela a beleza e as mazelas de um espa\u00e7o aqu\u00e1tico de \u00e1guas sempre renovadas, cheio de hist\u00f3rias e lendas como as das cidades que foram\u2026","rel":"","context":"Em &quot;Cultura-Geral&quot;","block_context":{"text":"Cultura-Geral","link":"https:\/\/www.jornalja.com.br\/arquivo\/category\/materiasecundaria\/"},"img":{"alt_text":"","src":"","width":0,"height":0},"classes":[]},{"id":5440,"url":"https:\/\/www.jornalja.com.br\/arquivo\/casarao-da-venancio-destino-permanece-incerto\/","url_meta":{"origin":51497,"position":2},"title":"Estado ainda n\u00e3o sabe o que fazer com casar\u00e3o abandonado h\u00e1 20 anos","author":"Elmar Bones","date":"6 de julho de 2009","format":false,"excerpt":"O casar\u00e3o amarelo, numa esquina nobre de Porto Alegre (Ven\u00e2ncio Aires com Jo\u00e3o Pessoa), j\u00e1 abrigou uma escola. H\u00e1 duas d\u00e9cadas, pelo menos, est\u00e1 abandonado, porque seu propriet\u00e1rio, o governo do Estado do Rio Grande do Sul, n\u00e3o consegue achar um destino para ele. Planos n\u00e3o faltaram. O governador Ol\u00edvio\u2026","rel":"","context":"Em &quot;X.Categorias velhas&quot;","block_context":{"text":"X.Categorias velhas","link":"https:\/\/www.jornalja.com.br\/arquivo\/category\/x-categorias-velhas\/"},"img":{"alt_text":"geraldo1","src":"https:\/\/i0.wp.com\/www.jornalja.com.br\/wp-content\/uploads\/2009\/07\/geraldo1.jpg?resize=350%2C200&ssl=1","width":350,"height":200},"classes":[]},{"id":1280,"url":"https:\/\/www.jornalja.com.br\/arquivo\/o-menino-que-se-tornou-brizola\/","url_meta":{"origin":51497,"position":3},"title":"O Menino que se Tornou Brizola","author":"da Reda\u00e7\u00e3o","date":"28 de julho de 2008","format":false,"excerpt":"Autor: Cleber Dioni A vida de Leonel Brizola, com \u00eanfase para os primeiros anos em Porto Alegre, at\u00e9 o ex\u00edlio no Uruguai e a volta, quinze anos depois. \u00a0\"...\u00c9ramos todos jovens e nos identific\u00e1vamos com aquela massa an\u00f4nima a percorrer as ruas de Porto Alegre, gritando 'Get\u00falio', 'Get\u00falio' e empunhando\u2026","rel":"","context":"Em &quot;Livros&quot;","block_context":{"text":"Livros","link":"https:\/\/www.jornalja.com.br\/arquivo\/category\/livros\/"},"img":{"alt_text":"","src":"https:\/\/i0.wp.com\/www.jornalja.com.br\/wp-content\/uploads\/2008\/07\/brizola.gif?resize=350%2C200&ssl=1","width":350,"height":200},"classes":[]},{"id":13109,"url":"https:\/\/www.jornalja.com.br\/arquivo\/judiciario-reconhece-poluicao-eletromagnetica\/","url_meta":{"origin":51497,"position":4},"title":"Judici\u00e1rio reconhece polui\u00e7\u00e3o eletromagn\u00e9tica","author":"Patr\u00edcia Marini","date":"16 de maio de 2014","format":false,"excerpt":"A\u00e7\u00e3o de duas associa\u00e7\u00f5es de moradores foi acolhida pelo Tribunal de Justi\u00e7a de S\u00e3o Paulo que. em decis\u00e3o in\u00e9dita, determinou a redu\u00e7\u00e3o do campo eletromagn\u00e9tico gerado pelas linhas de transmiss\u00e3o de energia que cortam os bairros City Boa\u00e7ava e Alto de Pinheiros. \u00c9 a primeira vez que um tribunal do\u2026","rel":"","context":"Em &quot;X.Categorias velhas&quot;","block_context":{"text":"X.Categorias velhas","link":"https:\/\/www.jornalja.com.br\/arquivo\/category\/x-categorias-velhas\/"},"img":{"alt_text":"","src":"","width":0,"height":0},"classes":[]},{"id":13101,"url":"https:\/\/www.jornalja.com.br\/arquivo\/morre-um-guerreiro-do-texto\/","url_meta":{"origin":51497,"position":5},"title":"Morre um guerreiro do texto","author":"Patr\u00edcia Marini","date":"14 de maio de 2014","format":false,"excerpt":"Por Ricardo Kotscho Reproduzido do blog do autor, 11\/5\/2014; t\u00edtulo original \u201cE l\u00e1 se foi o nosso Myltainho, guerreiro do texto\u201d. Mi\u00fado e franzino, meu amigo Myltainho era um valente e inconformado guerreiro na luta contra as injusti\u00e7as sociais, a hipocrisia, as maracutaias, o autoritarismo, a intoler\u00e2ncia, a viol\u00eancia, o\u2026","rel":"","context":"Em &quot;Geral&quot;","block_context":{"text":"Geral","link":"https:\/\/www.jornalja.com.br\/arquivo\/category\/geral\/"},"img":{"alt_text":"","src":"","width":0,"height":0},"classes":[]}],"jetpack_shortlink":"https:\/\/wp.me\/pbQjBd-doB","jetpack_featured_media_url":"","_links":{"self":[{"href":"https:\/\/www.jornalja.com.br\/arquivo\/wp-json\/wp\/v2\/posts\/51497","targetHints":{"allow":["GET"]}}],"collection":[{"href":"https:\/\/www.jornalja.com.br\/arquivo\/wp-json\/wp\/v2\/posts"}],"about":[{"href":"https:\/\/www.jornalja.com.br\/arquivo\/wp-json\/wp\/v2\/types\/post"}],"author":[{"embeddable":true,"href":"https:\/\/www.jornalja.com.br\/arquivo\/wp-json\/wp\/v2\/users\/4"}],"replies":[{"embeddable":true,"href":"https:\/\/www.jornalja.com.br\/arquivo\/wp-json\/wp\/v2\/comments?post=51497"}],"version-history":[{"count":0,"href":"https:\/\/www.jornalja.com.br\/arquivo\/wp-json\/wp\/v2\/posts\/51497\/revisions"}],"wp:attachment":[{"href":"https:\/\/www.jornalja.com.br\/arquivo\/wp-json\/wp\/v2\/media?parent=51497"}],"wp:term":[{"taxonomy":"category","embeddable":true,"href":"https:\/\/www.jornalja.com.br\/arquivo\/wp-json\/wp\/v2\/categories?post=51497"},{"taxonomy":"post_tag","embeddable":true,"href":"https:\/\/www.jornalja.com.br\/arquivo\/wp-json\/wp\/v2\/tags?post=51497"}],"curies":[{"name":"wp","href":"https:\/\/api.w.org\/{rel}","templated":true}]}}