{"id":51527,"date":"2017-07-16T20:37:43","date_gmt":"2017-07-16T23:37:43","guid":{"rendered":"https:\/\/www.jornalja.com.br\/?p=51527"},"modified":"2017-07-16T20:37:43","modified_gmt":"2017-07-16T23:37:43","slug":"cientistas-pedem-que-area-de-pesquisa-fique-fora-do-teto-dos-gastos","status":"publish","type":"post","link":"https:\/\/www.jornalja.com.br\/arquivo\/cientistas-pedem-que-area-de-pesquisa-fique-fora-do-teto-dos-gastos\/","title":{"rendered":"Cientistas pedem que \u00e1rea de pesquisa fique fora do teto dos gastos"},"content":{"rendered":"<p>Membros da comunidade cient\u00edfica brasileira tra\u00e7aram um quadro sombrio da situa\u00e7\u00e3o da pesquisa cient\u00edfica no Brasil, em audi\u00eancia p\u00fablica interativa na Comiss\u00e3o de Ci\u00eancia, Tecnologia, Inova\u00e7\u00e3o, Comunica\u00e7\u00e3o e Inform\u00e1tica (CCT), nesta ter\u00e7a-feira, 11. O corte or\u00e7ament\u00e1rio de 44% no Minist\u00e9rio da Ci\u00eancia, Tecnologia, Inova\u00e7\u00f5es e Comunica\u00e7\u00f5es em 2017 gerou &#8220;uma situa\u00e7\u00e3o dram\u00e1tica&#8221;, na express\u00e3o do secret\u00e1rio-executivo da pasta, Elton Santa F\u00e9 Zacarias.<br \/>\n&#8220;O ministro [Gilberto] Kassab tem obtido pontualmente alguma compreens\u00e3o do Minist\u00e9rio do Planejamento&#8221;, disse Zacarias, citando alguns casos de libera\u00e7\u00e3o emergencial de recursos para a ci\u00eancia. &#8220;Mas nunca vi uma situa\u00e7\u00e3o dessas&#8221;, reconheceu o secret\u00e1rio-executivo, \u00e0 frente do minist\u00e9rio em raz\u00e3o de viagem de Kassab a Portugal.<br \/>\nA audi\u00eancia, convocada por requerimento do senador Jorge Viana (PT-AC), discutiu maneiras de convencer o Congresso a incluir ci\u00eancia, tecnologia e inova\u00e7\u00e3o nas exce\u00e7\u00f5es ao teto de gastos previstas na Emenda Constitucional 95, promulgada no ano passado. A partir de 2018, os gastos federais s\u00f3 poder\u00e3o aumentar de acordo com a infla\u00e7\u00e3o. As \u00e1reas de educa\u00e7\u00e3o e sa\u00fade ficaram de fora desse limite. &#8220;Ser\u00e1 que a \u00e1rea de ci\u00eancia e tecnologia n\u00e3o merece um tratamento diferenciado? Acho que ela tem que ser uma das escolhas do pa\u00eds&#8221;, disse Viana.<br \/>\nOs participantes da audi\u00eancia disseram temer que a situa\u00e7\u00e3o se agrave em 2018, quando ser\u00e3o usados como par\u00e2metro os valores gastos este ano. Para eles, os cortes em pesquisa e desenvolvimento s\u00e3o um erro estrat\u00e9gico. &#8220;Ci\u00eancia, tecnologia, inova\u00e7\u00e3o e educa\u00e7\u00e3o n\u00e3o s\u00e3o gastos&#8221;, disse Helena Nader, presidente da Sociedade Brasileira para o Progresso da Ci\u00eancia (SBPC). &#8220;S\u00e3o investimentos. N\u00e3o \u00e9 que sejam melhores que outras pastas, mas s\u00e3o estrat\u00e9gicas e no longo prazo v\u00e3o permitir ao pa\u00eds sair da crise.&#8221;<br \/>\nSegundo\u00a0\u00c1lvaro Toubes Prata, secret\u00e1rio de Desenvolvimento Tecnol\u00f3gico e Inova\u00e7\u00e3o\u00a0do Minist\u00e9rio de Ci\u00eancia e Tecnologia, o Brasil investe cerca de 1,2% do produto interno bruto (PIB) em ci\u00eancia e tecnologia, \u00edndice considerado baixo para os padr\u00f5es internacionais. &#8220;E certamente com as restri\u00e7\u00f5es or\u00e7ament\u00e1rias esse n\u00famero vai baixar&#8221;, previu. O presidente da Academia Brasileira de Ci\u00eancias, Luiz Davidovich, apresentou n\u00fameros que d\u00e3o uma dimens\u00e3o do corte. Segundo ele, o or\u00e7amento deste ano para ci\u00eancia e tecnologia (excluindo a \u00e1rea de comunica\u00e7\u00e3o) \u00e9 de aproximadamente R$ 2,5 bilh\u00f5es, contra R$ 6 bilh\u00f5es em 2005 e mais de R$ 9 bilh\u00f5es em 2010, em valores corrigidos pela infla\u00e7\u00e3o. &#8220;O or\u00e7amento atual \u00e9 quase um quarto do de 2010. Essa \u00e9 a raz\u00e3o pela qual laborat\u00f3rios est\u00e3o fechando em v\u00e1rios estados da federa\u00e7\u00e3o. O que estou dizendo aqui \u00e9 quase um grito de alerta.&#8221;<br \/>\nDavidovich qualificou de &#8220;pedalada&#8221; o desvio de recursos dos fundos voltados para financiar a pesquisa. O presidente da CCT, senador Otto Alencar (PSD-BA), concordou e lembrou que apresentou projeto de lei (<a class=\"external-link\" href=\"http:\/\/www25.senado.leg.br\/web\/atividade\/materias\/-\/materia\/128943\">PLS 125\/2017<\/a>) para impedir que valores do Fundo de Universaliza\u00e7\u00e3o dos Servi\u00e7os de Telecomunica\u00e7\u00f5es (Fust) e do Fundo para o Desenvolvimento Tecnol\u00f3gico das Telecomunica\u00e7\u00f5es (FUNTTEL) sejam desviados para a redu\u00e7\u00e3o do d\u00e9ficit or\u00e7ament\u00e1rio federal. &#8220;A crise pode mudar em dois, tr\u00eas, oito dias. O que n\u00e3o pode mudar \u00e9 a pol\u00edtica de investimento em ci\u00eancia e tecnologia&#8221;, disse Otto.<br \/>\nFernando Peregrino, presidente do Conselho Nacional das Funda\u00e7\u00f5es de Apoio \u00e0s Institui\u00e7\u00f5es de Ensino Superior e Pesquisa Cient\u00edfica e Tecnol\u00f3gica (Confies), deu exemplos de consequ\u00eancias dos cortes, como 300 professores da Universidade Estadual do Norte Fluminense que, segundo ele, est\u00e3o sem pagamento h\u00e1 quatro meses. &#8220;A comunidade cient\u00edfica tem que deixar de ser corporativa. Tem que discutir onde est\u00e1 o dinheiro do pa\u00eds. E n\u00f3s temos a capacidade intelectual de descobrir isso&#8221;, afirmou. Peregrino prop\u00f4s a cria\u00e7\u00e3o de um grupo de trabalho para &#8220;esquadrinhar o Or\u00e7amento&#8221;.<br \/>\n&#8220;Essa ideologia da austeridade fiscal \u00e9 uma loucura completa. Esses ditos economistas dizem que n\u00f3s temos que cortar mais. O nome disso \u00e9 ignor\u00e2ncia&#8221;, disse o senador Lindbergh Farias (PT-RJ). Para o colega Waldemir Moka (PMDB-MS), &#8220;n\u00f3s temos que estar unidos&#8221;, independente das posi\u00e7\u00f5es partid\u00e1rias. Presente \u00e0 audi\u00eancia, o deputado federal Celso Pansera (PMDB-RJ), ex-ministro da Ci\u00eancia, pediu que a \u00e1rea &#8220;n\u00e3o fique sujeita \u00e0s intemp\u00e9ries de quem estiver no governo&#8221;.<\/p>\n<p class=\"text-muted\"><em><small>(Ag\u00eancia Senado (Reprodu\u00e7\u00e3o autorizada mediante cita\u00e7\u00e3o da Ag\u00eancia Senado)<\/small><\/em><\/p>\n","protected":false},"excerpt":{"rendered":"<p>Membros da comunidade cient\u00edfica brasileira tra\u00e7aram um quadro sombrio da situa\u00e7\u00e3o da pesquisa cient\u00edfica no Brasil, em audi\u00eancia p\u00fablica interativa na Comiss\u00e3o de Ci\u00eancia, Tecnologia, Inova\u00e7\u00e3o, Comunica\u00e7\u00e3o e Inform\u00e1tica (CCT), nesta ter\u00e7a-feira, 11. O corte or\u00e7ament\u00e1rio de 44% no Minist\u00e9rio da Ci\u00eancia, Tecnologia, Inova\u00e7\u00f5es e Comunica\u00e7\u00f5es em 2017 gerou &#8220;uma situa\u00e7\u00e3o dram\u00e1tica&#8221;, na express\u00e3o do [&hellip;]<\/p>\n","protected":false},"author":4,"featured_media":51528,"comment_status":"open","ping_status":"closed","sticky":false,"template":"","format":"standard","meta":{"_jetpack_newsletter_access":"","_jetpack_dont_email_post_to_subs":false,"_jetpack_newsletter_tier_id":0,"_jetpack_memberships_contains_paywalled_content":false,"_jetpack_feature_clip_id":0,"_jetpack_memberships_contains_paid_content":false,"footnotes":"","jetpack_post_was_ever_published":false},"categories":[26],"tags":[],"class_list":["post-51527","post","type-post","status-publish","format-standard","has-post-thumbnail","hentry","category-geral"],"aioseo_notices":[],"aioseo_head":"\n\t\t<!-- All in One SEO 5.0.1.1 - aioseo.com -->\n\t<meta name=\"robots\" content=\"max-image-preview:large\" \/>\n\t<meta name=\"author\" content=\"da Reda\u00e7\u00e3o\"\/>\n\t<link rel=\"canonical\" href=\"https:\/\/www.jornalja.com.br\/arquivo\/cientistas-pedem-que-area-de-pesquisa-fique-fora-do-teto-dos-gastos\/\" \/>\n\t<meta name=\"generator\" content=\"All in One SEO (AIOSEO) 5.0.1.1\" \/>\n\t\t<meta property=\"og:locale\" content=\"pt_BR\" \/>\n\t\t<meta property=\"og:site_name\" content=\"Arquivo | Jornal J\u00c1 | Porto Alegre\" \/>\n\t\t<meta property=\"og:type\" content=\"article\" \/>\n\t\t<meta property=\"og:title\" content=\"Cientistas pedem que \u00e1rea de pesquisa fique fora do teto dos gastos | Arquivo\" \/>\n\t\t<meta property=\"og:url\" content=\"https:\/\/www.jornalja.com.br\/arquivo\/cientistas-pedem-que-area-de-pesquisa-fique-fora-do-teto-dos-gastos\/\" \/>\n\t\t<meta property=\"og:image\" content=\"https:\/\/www.jornalja.com.br\/economics\/wp-content\/uploads\/sites\/11\/2026\/08\/ja-folhaderosto-facebook.jpg\" \/>\n\t\t<meta property=\"og:image:secure_url\" content=\"https:\/\/www.jornalja.com.br\/economics\/wp-content\/uploads\/sites\/11\/2026\/08\/ja-folhaderosto-facebook.jpg\" \/>\n\t\t<meta property=\"article:published_time\" content=\"2017-07-16T23:37:43+00:00\" \/>\n\t\t<meta property=\"article:modified_time\" content=\"2017-07-16T23:37:43+00:00\" \/>\n\t\t<meta name=\"twitter:card\" content=\"summary\" \/>\n\t\t<meta name=\"twitter:title\" content=\"Cientistas pedem que \u00e1rea de pesquisa fique fora do teto dos gastos | Arquivo\" \/>\n\t\t<meta name=\"twitter:image\" content=\"https:\/\/www.jornalja.com.br\/economics\/wp-content\/uploads\/sites\/11\/2026\/08\/ja-folhaderosto-facebook.jpg\" \/>\n\t\t<script type=\"application\/ld+json\" class=\"aioseo-schema\">\n\t\t\t{\"@context\":\"https:\\\/\\\/schema.org\",\"@graph\":[{\"@type\":\"BlogPosting\",\"@id\":\"https:\\\/\\\/www.jornalja.com.br\\\/arquivo\\\/cientistas-pedem-que-area-de-pesquisa-fique-fora-do-teto-dos-gastos\\\/#blogposting\",\"name\":\"Cientistas pedem que \\u00e1rea de pesquisa fique fora do teto dos gastos | Arquivo\",\"headline\":\"Cientistas pedem que \\u00e1rea de pesquisa fique fora do teto dos gastos\",\"author\":{\"@id\":\"https:\\\/\\\/www.jornalja.com.br\\\/arquivo\\\/author\\\/daredacao\\\/#author\"},\"publisher\":{\"@id\":\"https:\\\/\\\/www.jornalja.com.br\\\/arquivo\\\/#organization\"},\"image\":{\"@type\":\"ImageObject\",\"url\":51528},\"datePublished\":\"2017-07-16T20:37:43-03:00\",\"dateModified\":\"2017-07-16T20:37:43-03:00\",\"inLanguage\":\"pt-BR\",\"mainEntityOfPage\":{\"@id\":\"https:\\\/\\\/www.jornalja.com.br\\\/arquivo\\\/cientistas-pedem-que-area-de-pesquisa-fique-fora-do-teto-dos-gastos\\\/#webpage\"},\"isPartOf\":{\"@id\":\"https:\\\/\\\/www.jornalja.com.br\\\/arquivo\\\/cientistas-pedem-que-area-de-pesquisa-fique-fora-do-teto-dos-gastos\\\/#webpage\"},\"articleSection\":\"Geral\"},{\"@type\":\"BreadcrumbList\",\"@id\":\"https:\\\/\\\/www.jornalja.com.br\\\/arquivo\\\/cientistas-pedem-que-area-de-pesquisa-fique-fora-do-teto-dos-gastos\\\/#breadcrumblist\",\"itemListElement\":[{\"@type\":\"ListItem\",\"@id\":\"https:\\\/\\\/www.jornalja.com.br\\\/arquivo#listItem\",\"position\":1,\"name\":\"Home\",\"item\":\"https:\\\/\\\/www.jornalja.com.br\\\/arquivo\",\"nextItem\":{\"@type\":\"ListItem\",\"@id\":\"https:\\\/\\\/www.jornalja.com.br\\\/arquivo\\\/category\\\/geral\\\/#listItem\",\"name\":\"Geral\"}},{\"@type\":\"ListItem\",\"@id\":\"https:\\\/\\\/www.jornalja.com.br\\\/arquivo\\\/category\\\/geral\\\/#listItem\",\"position\":2,\"name\":\"Geral\",\"item\":\"https:\\\/\\\/www.jornalja.com.br\\\/arquivo\\\/category\\\/geral\\\/\",\"nextItem\":{\"@type\":\"ListItem\",\"@id\":\"https:\\\/\\\/www.jornalja.com.br\\\/arquivo\\\/cientistas-pedem-que-area-de-pesquisa-fique-fora-do-teto-dos-gastos\\\/#listItem\",\"name\":\"Cientistas pedem que \\u00e1rea de pesquisa fique fora do teto dos gastos\"},\"previousItem\":{\"@type\":\"ListItem\",\"@id\":\"https:\\\/\\\/www.jornalja.com.br\\\/arquivo#listItem\",\"name\":\"Home\"}},{\"@type\":\"ListItem\",\"@id\":\"https:\\\/\\\/www.jornalja.com.br\\\/arquivo\\\/cientistas-pedem-que-area-de-pesquisa-fique-fora-do-teto-dos-gastos\\\/#listItem\",\"position\":3,\"name\":\"Cientistas pedem que \\u00e1rea de pesquisa fique fora do teto dos gastos\",\"previousItem\":{\"@type\":\"ListItem\",\"@id\":\"https:\\\/\\\/www.jornalja.com.br\\\/arquivo\\\/category\\\/geral\\\/#listItem\",\"name\":\"Geral\"}}]},{\"@type\":\"Organization\",\"@id\":\"https:\\\/\\\/www.jornalja.com.br\\\/arquivo\\\/#organization\",\"name\":\"Jornal J\\u00c1\",\"description\":\"Jornal J\\u00c1 | Porto Alegre\",\"url\":\"https:\\\/\\\/www.jornalja.com.br\\\/arquivo\\\/\",\"telephone\":\"+555133307272\",\"logo\":{\"@type\":\"ImageObject\",\"url\":\"https:\\\/\\\/www.jornalja.com.br\\\/wp-content\\\/uploads\\\/cards\\\/JAslogan.png\",\"@id\":\"https:\\\/\\\/www.jornalja.com.br\\\/arquivo\\\/cientistas-pedem-que-area-de-pesquisa-fique-fora-do-teto-dos-gastos\\\/#organizationLogo\"},\"image\":{\"@id\":\"https:\\\/\\\/www.jornalja.com.br\\\/arquivo\\\/cientistas-pedem-que-area-de-pesquisa-fique-fora-do-teto-dos-gastos\\\/#organizationLogo\"}},{\"@type\":\"Person\",\"@id\":\"https:\\\/\\\/www.jornalja.com.br\\\/arquivo\\\/author\\\/daredacao\\\/#author\",\"url\":\"https:\\\/\\\/www.jornalja.com.br\\\/arquivo\\\/author\\\/daredacao\\\/\",\"name\":\"da Reda\\u00e7\\u00e3o\",\"image\":{\"@type\":\"ImageObject\",\"@id\":\"https:\\\/\\\/www.jornalja.com.br\\\/arquivo\\\/cientistas-pedem-que-area-de-pesquisa-fique-fora-do-teto-dos-gastos\\\/#authorImage\",\"url\":\"https:\\\/\\\/secure.gravatar.com\\\/avatar\\\/469fd857d6605ad19919d27ed29d35a968a25f6e8fd9318356bbb7f57aae9c65?s=96&d=mm&r=g\",\"width\":96,\"height\":96,\"caption\":\"da Reda\\u00e7\\u00e3o\"}},{\"@type\":\"WebPage\",\"@id\":\"https:\\\/\\\/www.jornalja.com.br\\\/arquivo\\\/cientistas-pedem-que-area-de-pesquisa-fique-fora-do-teto-dos-gastos\\\/#webpage\",\"url\":\"https:\\\/\\\/www.jornalja.com.br\\\/arquivo\\\/cientistas-pedem-que-area-de-pesquisa-fique-fora-do-teto-dos-gastos\\\/\",\"name\":\"Cientistas pedem que \\u00e1rea de pesquisa fique fora do teto dos gastos | Arquivo\",\"inLanguage\":\"pt-BR\",\"isPartOf\":{\"@id\":\"https:\\\/\\\/www.jornalja.com.br\\\/arquivo\\\/#website\"},\"breadcrumb\":{\"@id\":\"https:\\\/\\\/www.jornalja.com.br\\\/arquivo\\\/cientistas-pedem-que-area-de-pesquisa-fique-fora-do-teto-dos-gastos\\\/#breadcrumblist\"},\"author\":{\"@id\":\"https:\\\/\\\/www.jornalja.com.br\\\/arquivo\\\/author\\\/daredacao\\\/#author\"},\"creator\":{\"@id\":\"https:\\\/\\\/www.jornalja.com.br\\\/arquivo\\\/author\\\/daredacao\\\/#author\"},\"image\":{\"@type\":\"ImageObject\",\"url\":51528,\"@id\":\"https:\\\/\\\/www.jornalja.com.br\\\/arquivo\\\/cientistas-pedem-que-area-de-pesquisa-fique-fora-do-teto-dos-gastos\\\/#mainImage\"},\"primaryImageOfPage\":{\"@id\":\"https:\\\/\\\/www.jornalja.com.br\\\/arquivo\\\/cientistas-pedem-que-area-de-pesquisa-fique-fora-do-teto-dos-gastos\\\/#mainImage\"},\"datePublished\":\"2017-07-16T20:37:43-03:00\",\"dateModified\":\"2017-07-16T20:37:43-03:00\"},{\"@type\":\"WebSite\",\"@id\":\"https:\\\/\\\/www.jornalja.com.br\\\/arquivo\\\/#website\",\"url\":\"https:\\\/\\\/www.jornalja.com.br\\\/arquivo\\\/\",\"name\":\"Arquivo\",\"description\":\"Jornal J\\u00c1 | Porto Alegre\",\"inLanguage\":\"pt-BR\",\"publisher\":{\"@id\":\"https:\\\/\\\/www.jornalja.com.br\\\/arquivo\\\/#organization\"}}]}\n\t\t<\/script>\n\t\t<!-- All in One SEO -->\n\n","aioseo_head_json":{"title":"Cientistas pedem que \u00e1rea de pesquisa fique fora do teto dos gastos | Arquivo","description":"","canonical_url":"https:\/\/www.jornalja.com.br\/arquivo\/cientistas-pedem-que-area-de-pesquisa-fique-fora-do-teto-dos-gastos\/","robots":"max-image-preview:large","keywords":"","webmasterTools":{"miscellaneous":""},"schema":{"@context":"https:\/\/schema.org","@graph":[{"@type":"BlogPosting","@id":"https:\/\/www.jornalja.com.br\/arquivo\/cientistas-pedem-que-area-de-pesquisa-fique-fora-do-teto-dos-gastos\/#blogposting","name":"Cientistas pedem que \u00e1rea de pesquisa fique fora do teto dos gastos | Arquivo","headline":"Cientistas pedem que \u00e1rea de pesquisa fique fora do teto dos gastos","author":{"@id":"https:\/\/www.jornalja.com.br\/arquivo\/author\/daredacao\/#author"},"publisher":{"@id":"https:\/\/www.jornalja.com.br\/arquivo\/#organization"},"image":{"@type":"ImageObject","url":51528},"datePublished":"2017-07-16T20:37:43-03:00","dateModified":"2017-07-16T20:37:43-03:00","inLanguage":"pt-BR","mainEntityOfPage":{"@id":"https:\/\/www.jornalja.com.br\/arquivo\/cientistas-pedem-que-area-de-pesquisa-fique-fora-do-teto-dos-gastos\/#webpage"},"isPartOf":{"@id":"https:\/\/www.jornalja.com.br\/arquivo\/cientistas-pedem-que-area-de-pesquisa-fique-fora-do-teto-dos-gastos\/#webpage"},"articleSection":"Geral"},{"@type":"BreadcrumbList","@id":"https:\/\/www.jornalja.com.br\/arquivo\/cientistas-pedem-que-area-de-pesquisa-fique-fora-do-teto-dos-gastos\/#breadcrumblist","itemListElement":[{"@type":"ListItem","@id":"https:\/\/www.jornalja.com.br\/arquivo#listItem","position":1,"name":"Home","item":"https:\/\/www.jornalja.com.br\/arquivo","nextItem":{"@type":"ListItem","@id":"https:\/\/www.jornalja.com.br\/arquivo\/category\/geral\/#listItem","name":"Geral"}},{"@type":"ListItem","@id":"https:\/\/www.jornalja.com.br\/arquivo\/category\/geral\/#listItem","position":2,"name":"Geral","item":"https:\/\/www.jornalja.com.br\/arquivo\/category\/geral\/","nextItem":{"@type":"ListItem","@id":"https:\/\/www.jornalja.com.br\/arquivo\/cientistas-pedem-que-area-de-pesquisa-fique-fora-do-teto-dos-gastos\/#listItem","name":"Cientistas pedem que \u00e1rea de pesquisa fique fora do teto dos gastos"},"previousItem":{"@type":"ListItem","@id":"https:\/\/www.jornalja.com.br\/arquivo#listItem","name":"Home"}},{"@type":"ListItem","@id":"https:\/\/www.jornalja.com.br\/arquivo\/cientistas-pedem-que-area-de-pesquisa-fique-fora-do-teto-dos-gastos\/#listItem","position":3,"name":"Cientistas pedem que \u00e1rea de pesquisa fique fora do teto dos gastos","previousItem":{"@type":"ListItem","@id":"https:\/\/www.jornalja.com.br\/arquivo\/category\/geral\/#listItem","name":"Geral"}}]},{"@type":"Organization","@id":"https:\/\/www.jornalja.com.br\/arquivo\/#organization","name":"Jornal J\u00c1","description":"Jornal J\u00c1 | Porto Alegre","url":"https:\/\/www.jornalja.com.br\/arquivo\/","telephone":"+555133307272","logo":{"@type":"ImageObject","url":"https:\/\/www.jornalja.com.br\/wp-content\/uploads\/cards\/JAslogan.png","@id":"https:\/\/www.jornalja.com.br\/arquivo\/cientistas-pedem-que-area-de-pesquisa-fique-fora-do-teto-dos-gastos\/#organizationLogo"},"image":{"@id":"https:\/\/www.jornalja.com.br\/arquivo\/cientistas-pedem-que-area-de-pesquisa-fique-fora-do-teto-dos-gastos\/#organizationLogo"}},{"@type":"Person","@id":"https:\/\/www.jornalja.com.br\/arquivo\/author\/daredacao\/#author","url":"https:\/\/www.jornalja.com.br\/arquivo\/author\/daredacao\/","name":"da Reda\u00e7\u00e3o","image":{"@type":"ImageObject","@id":"https:\/\/www.jornalja.com.br\/arquivo\/cientistas-pedem-que-area-de-pesquisa-fique-fora-do-teto-dos-gastos\/#authorImage","url":"https:\/\/secure.gravatar.com\/avatar\/469fd857d6605ad19919d27ed29d35a968a25f6e8fd9318356bbb7f57aae9c65?s=96&d=mm&r=g","width":96,"height":96,"caption":"da Reda\u00e7\u00e3o"}},{"@type":"WebPage","@id":"https:\/\/www.jornalja.com.br\/arquivo\/cientistas-pedem-que-area-de-pesquisa-fique-fora-do-teto-dos-gastos\/#webpage","url":"https:\/\/www.jornalja.com.br\/arquivo\/cientistas-pedem-que-area-de-pesquisa-fique-fora-do-teto-dos-gastos\/","name":"Cientistas pedem que \u00e1rea de pesquisa fique fora do teto dos gastos | Arquivo","inLanguage":"pt-BR","isPartOf":{"@id":"https:\/\/www.jornalja.com.br\/arquivo\/#website"},"breadcrumb":{"@id":"https:\/\/www.jornalja.com.br\/arquivo\/cientistas-pedem-que-area-de-pesquisa-fique-fora-do-teto-dos-gastos\/#breadcrumblist"},"author":{"@id":"https:\/\/www.jornalja.com.br\/arquivo\/author\/daredacao\/#author"},"creator":{"@id":"https:\/\/www.jornalja.com.br\/arquivo\/author\/daredacao\/#author"},"image":{"@type":"ImageObject","url":51528,"@id":"https:\/\/www.jornalja.com.br\/arquivo\/cientistas-pedem-que-area-de-pesquisa-fique-fora-do-teto-dos-gastos\/#mainImage"},"primaryImageOfPage":{"@id":"https:\/\/www.jornalja.com.br\/arquivo\/cientistas-pedem-que-area-de-pesquisa-fique-fora-do-teto-dos-gastos\/#mainImage"},"datePublished":"2017-07-16T20:37:43-03:00","dateModified":"2017-07-16T20:37:43-03:00"},{"@type":"WebSite","@id":"https:\/\/www.jornalja.com.br\/arquivo\/#website","url":"https:\/\/www.jornalja.com.br\/arquivo\/","name":"Arquivo","description":"Jornal J\u00c1 | Porto Alegre","inLanguage":"pt-BR","publisher":{"@id":"https:\/\/www.jornalja.com.br\/arquivo\/#organization"}}]},"og:locale":"pt_BR","og:site_name":"Arquivo | Jornal J\u00c1 | Porto Alegre","og:type":"article","og:title":"Cientistas pedem que \u00e1rea de pesquisa fique fora do teto dos gastos | Arquivo","og:url":"https:\/\/www.jornalja.com.br\/arquivo\/cientistas-pedem-que-area-de-pesquisa-fique-fora-do-teto-dos-gastos\/","og:image":"https:\/\/www.jornalja.com.br\/economics\/wp-content\/uploads\/sites\/11\/2026\/08\/ja-folhaderosto-facebook.jpg","og:image:secure_url":"https:\/\/www.jornalja.com.br\/economics\/wp-content\/uploads\/sites\/11\/2026\/08\/ja-folhaderosto-facebook.jpg","article:published_time":"2017-07-16T23:37:43+00:00","article:modified_time":"2017-07-16T23:37:43+00:00","twitter:card":"summary","twitter:title":"Cientistas pedem que \u00e1rea de pesquisa fique fora do teto dos gastos | Arquivo","twitter:image":"https:\/\/www.jornalja.com.br\/economics\/wp-content\/uploads\/sites\/11\/2026\/08\/ja-folhaderosto-facebook.jpg"},"aioseo_meta_data":{"post_id":"51527","title":null,"description":null,"keywords":null,"keyphrases":null,"primary_term":null,"canonical_url":null,"og_title":null,"og_description":null,"og_object_type":"default","og_image_type":"default","og_image_url":null,"og_image_width":null,"og_image_height":null,"og_image_custom_url":null,"og_image_custom_fields":null,"og_video":null,"og_custom_url":null,"og_article_section":null,"og_article_tags":null,"twitter_use_og":false,"twitter_card":"default","twitter_image_type":"default","twitter_image_url":null,"twitter_image_custom_url":null,"twitter_image_custom_fields":null,"twitter_title":null,"twitter_description":null,"schema":{"blockGraphs":[],"customGraphs":[],"default":{"data":{"Article":[],"Course":[],"Dataset":[],"FAQPage":[],"Movie":[],"Person":[],"Product":[],"ProductReview":[],"Car":[],"Recipe":[],"Service":[],"SoftwareApplication":[],"WebPage":[]},"graphName":"","isEnabled":true},"graphs":[]},"schema_type":null,"schema_type_options":null,"pillar_content":false,"robots_default":true,"robots_noindex":false,"robots_noarchive":false,"robots_nosnippet":false,"robots_nofollow":false,"robots_noimageindex":false,"robots_noodp":false,"robots_notranslate":false,"robots_max_snippet":null,"robots_max_videopreview":null,"robots_max_imagepreview":"large","priority":null,"frequency":null,"location":null,"local_seo":null,"breadcrumb_settings":null,"limit_modified_date":false,"ai":null,"created":"2020-12-20 20:29:58","updated":"2025-07-19 23:06:23","seo_analyzer_scan_date":null,"focus_keyword":null,"additional_keywords":null,"truseo_locale":null},"jetpack_sharing_enabled":true,"jetpack-related-posts":[{"id":13109,"url":"https:\/\/www.jornalja.com.br\/arquivo\/judiciario-reconhece-poluicao-eletromagnetica\/","url_meta":{"origin":51527,"position":0},"title":"Judici\u00e1rio reconhece polui\u00e7\u00e3o eletromagn\u00e9tica","author":"Patr\u00edcia Marini","date":"16 de maio de 2014","format":false,"excerpt":"A\u00e7\u00e3o de duas associa\u00e7\u00f5es de moradores foi acolhida pelo Tribunal de Justi\u00e7a de S\u00e3o Paulo que. em decis\u00e3o in\u00e9dita, determinou a redu\u00e7\u00e3o do campo eletromagn\u00e9tico gerado pelas linhas de transmiss\u00e3o de energia que cortam os bairros City Boa\u00e7ava e Alto de Pinheiros. \u00c9 a primeira vez que um tribunal do\u2026","rel":"","context":"Em &quot;X.Categorias velhas&quot;","block_context":{"text":"X.Categorias velhas","link":"https:\/\/www.jornalja.com.br\/arquivo\/category\/x-categorias-velhas\/"},"img":{"alt_text":"","src":"","width":0,"height":0},"classes":[]},{"id":13128,"url":"https:\/\/www.jornalja.com.br\/arquivo\/maconha-terra-diz-que-uso-medicinal-e-desculpa\/","url_meta":{"origin":51527,"position":1},"title":"Maconha: Terra diz que uso medicinal \u00e9 desculpa","author":"Patr\u00edcia Marini","date":"4 de junho de 2014","format":false,"excerpt":"A condi\u00e7\u00e3o de pol\u00edtico, em \u00e9poca de campanha de campanha eleitoral, tira for\u00e7a do discurso do m\u00e9dico Osmar Terra contra a legaliza\u00e7\u00e3o da maconha. A tese dele de que a libera\u00e7\u00e3o vai ampliar exponencialmente o consumo \u00e9 discutivel, o consumo \u00e9 corrente. Mas seus alertas quanto aos riscos tem que\u2026","rel":"","context":"Em &quot;X.Categorias velhas&quot;","block_context":{"text":"X.Categorias velhas","link":"https:\/\/www.jornalja.com.br\/arquivo\/category\/x-categorias-velhas\/"},"img":{"alt_text":"","src":"","width":0,"height":0},"classes":[]},{"id":14241,"url":"https:\/\/www.jornalja.com.br\/arquivo\/o-guaiba-nas-imagens-poeticas-de-achutti\/","url_meta":{"origin":51527,"position":2},"title":"O Gua\u00edba nas imagens po\u00e9ticas de Achutti","author":"da Reda\u00e7\u00e3o","date":"18 de junho de 2014","format":false,"excerpt":"Em \u201cO Gua\u00edba por Achutti\u201d \u2013 obra financiada via Minist\u00e9rio da Cultura, produ\u00e7\u00e3o executiva de Pedro Longhi, e Fl\u00e1vio Wild como designer \u2013, o fot\u00f3grafo revela a beleza e as mazelas de um espa\u00e7o aqu\u00e1tico de \u00e1guas sempre renovadas, cheio de hist\u00f3rias e lendas como as das cidades que foram\u2026","rel":"","context":"Em &quot;Cultura-Geral&quot;","block_context":{"text":"Cultura-Geral","link":"https:\/\/www.jornalja.com.br\/arquivo\/category\/materiasecundaria\/"},"img":{"alt_text":"","src":"","width":0,"height":0},"classes":[]},{"id":12960,"url":"https:\/\/www.jornalja.com.br\/arquivo\/populacao-culpa-empresas-pela-greve-dos-rodoviarios\/","url_meta":{"origin":51527,"position":3},"title":"Popula\u00e7\u00e3o culpa empresas pela greve","author":"Patr\u00edcia Marini","date":"14 de fevereiro de 2014","format":false,"excerpt":"Pesquisa divulgada na edi\u00e7\u00e3o do jornal Metro desta sexta-feira,14, comprova o velho ditado: \u00e9 poss\u00edvel enganar muitos por algum tempo, mas n\u00e3o \u00e9 poss\u00edvel enganar a todos o tempo inteiro. A principal revela\u00e7\u00e3o foi que 59,8% dos entrevistados apontaram as empresas como as principais respons\u00e1veis pela grave e 46% culparam\u2026","rel":"","context":"Em &quot;X.Categorias velhas&quot;","block_context":{"text":"X.Categorias velhas","link":"https:\/\/www.jornalja.com.br\/arquivo\/category\/x-categorias-velhas\/"},"img":{"alt_text":"","src":"","width":0,"height":0},"classes":[]},{"id":5440,"url":"https:\/\/www.jornalja.com.br\/arquivo\/casarao-da-venancio-destino-permanece-incerto\/","url_meta":{"origin":51527,"position":4},"title":"Estado ainda n\u00e3o sabe o que fazer com casar\u00e3o abandonado h\u00e1 20 anos","author":"Elmar Bones","date":"6 de julho de 2009","format":false,"excerpt":"O casar\u00e3o amarelo, numa esquina nobre de Porto Alegre (Ven\u00e2ncio Aires com Jo\u00e3o Pessoa), j\u00e1 abrigou uma escola. H\u00e1 duas d\u00e9cadas, pelo menos, est\u00e1 abandonado, porque seu propriet\u00e1rio, o governo do Estado do Rio Grande do Sul, n\u00e3o consegue achar um destino para ele. Planos n\u00e3o faltaram. O governador Ol\u00edvio\u2026","rel":"","context":"Em &quot;X.Categorias velhas&quot;","block_context":{"text":"X.Categorias velhas","link":"https:\/\/www.jornalja.com.br\/arquivo\/category\/x-categorias-velhas\/"},"img":{"alt_text":"geraldo1","src":"https:\/\/i0.wp.com\/www.jornalja.com.br\/wp-content\/uploads\/2009\/07\/geraldo1.jpg?resize=350%2C200&ssl=1","width":350,"height":200},"classes":[]},{"id":13124,"url":"https:\/\/www.jornalja.com.br\/arquivo\/sangue-latino-no-iecine\/","url_meta":{"origin":51527,"position":5},"title":"Sangue latino no IECINE","author":"da Reda\u00e7\u00e3o","date":"18 de maio de 2014","format":false,"excerpt":"Francisco Ribeiro O Instituto Estadual de Cinema (IECINE) tem a frente, desde abril \u00faltimo, um novo diretor, o cineasta colombiano Juan Zapata, 36, que substitui Luiz Alberto Cassol. Radicado h\u00e1 dez anos em Porto Alegre, Zapata tem diante de si o desafio de conduzir at\u00e9 o final do ano um\u2026","rel":"","context":"Em &quot;Cultura-Geral&quot;","block_context":{"text":"Cultura-Geral","link":"https:\/\/www.jornalja.com.br\/arquivo\/category\/materiasecundaria\/"},"img":{"alt_text":"","src":"","width":0,"height":0},"classes":[]}],"jetpack_shortlink":"https:\/\/wp.me\/pbQjBd-dp5","jetpack_featured_media_url":"","_links":{"self":[{"href":"https:\/\/www.jornalja.com.br\/arquivo\/wp-json\/wp\/v2\/posts\/51527","targetHints":{"allow":["GET"]}}],"collection":[{"href":"https:\/\/www.jornalja.com.br\/arquivo\/wp-json\/wp\/v2\/posts"}],"about":[{"href":"https:\/\/www.jornalja.com.br\/arquivo\/wp-json\/wp\/v2\/types\/post"}],"author":[{"embeddable":true,"href":"https:\/\/www.jornalja.com.br\/arquivo\/wp-json\/wp\/v2\/users\/4"}],"replies":[{"embeddable":true,"href":"https:\/\/www.jornalja.com.br\/arquivo\/wp-json\/wp\/v2\/comments?post=51527"}],"version-history":[{"count":0,"href":"https:\/\/www.jornalja.com.br\/arquivo\/wp-json\/wp\/v2\/posts\/51527\/revisions"}],"wp:attachment":[{"href":"https:\/\/www.jornalja.com.br\/arquivo\/wp-json\/wp\/v2\/media?parent=51527"}],"wp:term":[{"taxonomy":"category","embeddable":true,"href":"https:\/\/www.jornalja.com.br\/arquivo\/wp-json\/wp\/v2\/categories?post=51527"},{"taxonomy":"post_tag","embeddable":true,"href":"https:\/\/www.jornalja.com.br\/arquivo\/wp-json\/wp\/v2\/tags?post=51527"}],"curies":[{"name":"wp","href":"https:\/\/api.w.org\/{rel}","templated":true}]}}