{"id":51531,"date":"2017-07-16T15:44:06","date_gmt":"2017-07-16T18:44:06","guid":{"rendered":"https:\/\/www.jornalja.com.br\/?p=51531"},"modified":"2017-07-16T15:44:06","modified_gmt":"2017-07-16T18:44:06","slug":"tragedia-com-aviao-da-tam-completa-10-anos-sem-ninguem-punido","status":"publish","type":"post","link":"https:\/\/www.jornalja.com.br\/arquivo\/tragedia-com-aviao-da-tam-completa-10-anos-sem-ninguem-punido\/","title":{"rendered":"Trag\u00e9dia com avi\u00e3o da TAM completa 10 anos sem ningu\u00e9m punido"},"content":{"rendered":"<p>Passados dez anos, ningu\u00e9m foi condenado pelo acidente com o Airbus A320 da TAM, ocorrido em 17 de julho de 2007. Nesses anos, o caso foi julgado pela primeira e segunda inst\u00e2ncias da Justi\u00e7a Federal e todos os denunciados pelo Minist\u00e9rio P\u00fablico Federal foram absolvidos. Nesses dez anos, a TAM\u00a0se juntou \u00e0 empresa a\u00e9rea chilena LAN, fus\u00e3o que ocorreu no dia 5 de maio de 2016, e virou Latam Airlines, ou somente Latam como est\u00e1 estampado em suas aeronaves.<br \/>\nO acidente foi investigado por tr\u00eas \u00f3rg\u00e3os. Um deles, o Centro de Investiga\u00e7\u00e3o e Preven\u00e7\u00e3o de Acidentes Aeron\u00e1uticos (Cenipa), da Aeron\u00e1utica, que concluiu que uma s\u00e9rie de fatores contribu\u00edram para o acidente. O relat\u00f3rio do Cenipa constatou, entre v\u00e1rios pontos, que os pilotos movimentaram, sem perceber, um dos manetes para a posi\u00e7\u00e3o idle (ponto morto) e deixaram o outro em posi\u00e7\u00e3o climb (subir). O sistema de computadores da aeronave entendeu que os pilotos queriam arremeter (subir).<br \/>\nO documento tamb\u00e9m relata que n\u00e3o havia um aviso sonoro para advertir os pilotos sobre a falha no posicionamento dos manetes e que o treinamento dos pilotos era falho: a forma\u00e7\u00e3o te\u00f3rica dos pilotos, pelo que se apurou na \u00e9poca, usava apenas cursos interativos em computador. Outro problema apontado \u00e9 que o co-piloto, embora tivesse grande experi\u00eancia, tinha poucas horas de voo em avi\u00f5es do modelo A320, e que n\u00e3o foi normatizada, na \u00e9poca, a proibi\u00e7\u00e3o em Congonhas de pousos com o reverso (freio aerodin\u00e2mico) inoperante, o que impediria o pouso do avi\u00e3o nessas condi\u00e7\u00f5es em situa\u00e7\u00e3o de pista molhada.<br \/>\nA Latam Airlines negou que houvesse falhas no treinamento dos pilotos. \u201cO programa de treinamento da companhia j\u00e1 se encontrava dentro do previsto e conforme regulamenta\u00e7\u00f5es do setor, inclusive com conte\u00fado e carga hor\u00e1ria conforme padr\u00f5es mundiais\u201d, informou. Segundo a Latam, tanto o treinamento quanto os procedimentos dos pilotos s\u00e3o feitos conforme padr\u00f5es mundiais de seguran\u00e7a e norteados pelos manuais do fabricante e aprovados pelas autoridades do pa\u00eds de origem e \u00f3rg\u00e3os reguladores.<br \/>\nO Cenipa, no entanto, n\u00e3o \u00e9 um \u00f3rg\u00e3o de puni\u00e7\u00e3o, mas de preven\u00e7\u00e3o. Ele n\u00e3o aponta culpados, mas as causas do acidente. O relat\u00f3rio sobre o acidente, portanto, d\u00e1 informa\u00e7\u00f5es e 83 recomenda\u00e7\u00f5es para que trag\u00e9dias como essa n\u00e3o se repitam. O relat\u00f3rio feito pela Aeron\u00e1utica contribuiu para outras duas investiga\u00e7\u00f5es, feitas pela Pol\u00edcia Civil e pela Pol\u00edcia Federal, que levaram, no entanto, a conclus\u00f5es bem diferentes sobre os culpados.<br \/>\n<figure id=\"attachment_51535\" aria-describedby=\"caption-attachment-51535\" style=\"width: 580px\" class=\"wp-caption alignnone\"><img loading=\"lazy\" decoding=\"async\" class=\"wp-image-51535 size-full\" src=\"https:\/\/www.jornalja.com.br\/wp-content\/uploads\/2017\/07\/acidente_da_tam.jpg\" alt=\"\" width=\"580\" height=\"388\" \/><figcaption id=\"caption-attachment-51535\" class=\"wp-caption-text\">Acidente com avi\u00e3o da TAM no aeroporto de Congonhas completa 10 anos\/Milton Mansilha\/Ag\u00eancia Lusa<\/figcaption><\/figure><br \/>\nO caso foi investigado inicialmente pela Pol\u00edcia Civil, que decidiu indiciar dez pessoas pelo acidente, entre elas funcion\u00e1rios da Empresa Brasileira de Infraestrutura Aeroportu\u00e1ria (Infraero), da Ag\u00eancia Nacional de Avia\u00e7\u00e3o Civil (Anac) e da companhia a\u00e9rea TAM. Ap\u00f3s o indiciamento policial, o processo foi levado ao promotor M\u00e1rio Luiz Sarrubbo, do Minist\u00e9rio P\u00fablico Estadual, que incluiu mais um nome e denunciou 11 pessoas pelo acidente. \u201cO acidente poderia e deveria ter sido evitado. A aeronave, com o reverso inoperante, n\u00e3o poderia pousar naquela pista naquela circunst\u00e2ncia\u201d, disse o promotor.<br \/>\nO processo em \u00e2mbito estadual agradou \u00e0s fam\u00edlias das v\u00edtimas. \u201cO processo, como foi feito pelo Dr. Sarrubbo, achei que foi muito bem feito. Apontou gente da Anac, Infraero e TAM. Se n\u00e3o me engano, ele fez uma men\u00e7\u00e3o contra a Airbus por n\u00e3o colocar como mandat\u00f3rio aquele dispositivo de seguran\u00e7a [o aviso sonoro sobre o posicionamento dos manetes]\u201d, disse Dario Scott, pai de Thais, que morreu no acidente.<br \/>\nPor meio de nota, a Infraero informou que \u201cn\u00e3o falhou\u201d. \u201cRestou comprovado, pelo Cenipa, que n\u00e3o houve falha do administrador na libera\u00e7\u00e3o da pista. O acidente envolvendo o A320 da TAM foi rigorosamente investigado, conforme Relat\u00f3rio Final da Investiga\u00e7\u00e3o. As conclus\u00f5es dispostas no referido documento n\u00e3o apontam a pista como fator contribuinte ao acidente\u201d, diz o \u00f3rg\u00e3o. A empresa disse ainda que chegou a prestar esclarecimentos \u00e0 Justi\u00e7a e que, no decorrer da a\u00e7\u00e3o, a empresa foi exclu\u00edda do processo.<br \/>\nA den\u00fancia do promotor n\u00e3o foi levada \u00e0 Justi\u00e7a estadual. O processo foi remetido ao Minist\u00e9rio P\u00fablico Federal porque, no entendimento do promotor, o caso se tratava de crime de atentado contra a seguran\u00e7a do transporte a\u00e9reo, compet\u00eancia federal.<br \/>\n\u201cEm dado momento, na nossa investiga\u00e7\u00e3o, detectamos que havia muitas quest\u00f5es envolvendo a empresa a\u00e9rea, o n\u00edvel de seguran\u00e7a, erros em cadeia que resultaram nos erros fatais cometidos na cabine e, evidentemente, uma sequ\u00eancia anterior envolvendo a empresa, a Anac, a Infraero. Havia tamb\u00e9m problemas na pista, da falta de grooving. Ent\u00e3o era muito mais uma quest\u00e3o sist\u00eamica do que isolada. Quando conclu\u00edmos a investiga\u00e7\u00e3o estadual, me manifestei que havia ind\u00edcios de crime de atentado contra a seguran\u00e7a do transporte a\u00e9reo e pedi a remessa dos autos para a Justi\u00e7a Federal, ou seja, para o Minist\u00e9rio P\u00fablico Federal\u201d, disse Sarrubbo.<br \/>\nPor se tratar de um acidente a\u00e9reo, o caso tamb\u00e9m foi investigado pela Pol\u00edcia Federal, que finalizou sua investiga\u00e7\u00e3o decidindo culpar apenas os dois pilotos, Kleyber Lima e Henrique Stefanini Di Sacco, pela trag\u00e9dia. O inqu\u00e9rito da Pol\u00edcia Federal se transformou em den\u00fancia e, nesse documento, que foi aceito pela Justi\u00e7a, o procurador Rodrigo de Grandis decidiu, ao contr\u00e1rio do indiciamento da Pol\u00edcia Federal, denunciar tr\u00eas pessoas pelo acidente.<br \/>\n\u201cObviamente os pilotos n\u00e3o conseguiram parar a aeronave e t\u00eam responsabilidade. Foram mal treinados ou o que for, n\u00e3o sei, mas infelizmente eles n\u00e3o est\u00e3o aqui para se defender. Mas \u00e9 muito simplista eu falar na responsabilidade deles. Isso \u00e9 c\u00f4modo para a TAM, a Anac, a Airbus, a Infraero e n\u00e3o satisfaz os familiares\u201d, disse Dario Scott.<br \/>\n<span class=\"intertit\">Justi\u00e7a Federal<\/span><br \/>\nA ex-diretora da Ag\u00eancia Nacional de Avia\u00e7\u00e3o Civil (Anac) Denise Abreu, o ent\u00e3o vice-presidente de opera\u00e7\u00f5es da TAM, Alberto Farjeman, e o diretor de Seguran\u00e7a de Voo da empresa na \u00e9poca, Marco Aur\u00e9lio dos Santos de Miranda e Castro foram denunciados pelo Minist\u00e9rio P\u00fablico por \u201catentado contra a seguran\u00e7a de transporte a\u00e9reo\u201d, na modalidade culposa. Eles foram absolvidos pela Justi\u00e7a de primeira inst\u00e2ncia e tamb\u00e9m pelo Tribunal Regional Federal.<br \/>\nOs tr\u00eas viraram r\u00e9us e foram julgados pelo juiz M\u00e1rcio Assad Guardia, da 8\u00aa Vara Federal Criminal de S\u00e3o Paulo que, em 2015, absolveu-os. Para o juiz, eles n\u00e3o agiram com dolo (inten\u00e7\u00e3o).<br \/>\n\u201c[Eles] n\u00e3o praticaram o crime de exposi\u00e7\u00e3o de aeronave a perigo previsto no Artigo 261 e do C\u00f3digo Penal, seja porque as condutas a eles atribu\u00eddas n\u00e3o correspondem \u00e0 figura t\u00edpica abstratamente prevista na norma [aus\u00eancia de subsun\u00e7\u00e3o do fato ao tipo], seja porque n\u00e3o se encontram no desdobramento causal \u2013 normativo ou natural\u00edstico \u2013 do resultado\u201d, diz o juiz na senten\u00e7a. \u201cDe acordo com as premissas apresentadas pelo \u00f3rg\u00e3o acusat\u00f3rio [MPF], seria poss\u00edvel imputar a responsabilidade penal pelo sinistro ocorrido em 17 de julho de 2007 a um contingente imensur\u00e1vel de indiv\u00edduos, notadamente pela quantidade e pelo grau de desvirtuamento apresentados no curso do processo\u201d. No m\u00eas passado, o TRF manteve a decis\u00e3o de primeira inst\u00e2ncia e a absolvi\u00e7\u00e3o dos r\u00e9us.<br \/>\nApesar da demora e da absolvi\u00e7\u00e3o dos r\u00e9us nas inst\u00e2ncias iniciais, as fam\u00edlias ainda acreditam em condena\u00e7\u00e3o. \u201cA esperan\u00e7a \u00e9 que esse quadro seja revertido. Para n\u00f3s, familiares, essas tr\u00eas pessoas que s\u00e3o r\u00e9us no processo criminal, tem responsabilidade por expor a aeronave a risco. O que a gente espera \u00e9 que isso [a absolvi\u00e7\u00e3o] se reverta e tenha uma puni\u00e7\u00e3o. Tem que ter\u201d, ressaltou Dario Scott.<br \/>\n\u201cEssa quest\u00e3o, eu digo para as fam\u00edlias, n\u00e3o terminou. Tenho convic\u00e7\u00e3o de que a Justi\u00e7a ainda dar\u00e1 uma resposta ao recurso pendente de aprecia\u00e7\u00e3o. Tenho a firme convic\u00e7\u00e3o de que n\u00f3s teremos uma resposta positiva da Justi\u00e7a com a responsabiliza\u00e7\u00e3o penal daqueles que atuaram, eu insisto, n\u00e3o dolosamente, mas daqueles que colaboraram para esse tipo de evento\u201d, disse Sarrubbo.<br \/>\nO advogado que defende as fam\u00edlias tamb\u00e9m espera pela reforma da senten\u00e7a nas inst\u00e2ncias superiores e na puni\u00e7\u00e3o aos culpados pelo acidente.<br \/>\n\u201cContinuo entendendo que, na realidade, quando o avi\u00e3o se chocou com o pr\u00e9dio da TAM, ali n\u00e3o foi o in\u00edcio da trag\u00e9dia. Ali foi o fim da trag\u00e9dia. O in\u00edcio da trag\u00e9dia foi a autoriza\u00e7\u00e3o do pouso [no aeroporto de Congonhas]. Essa autoriza\u00e7\u00e3o, nas circunst\u00e2ncias da pista, nas circunst\u00e2ncias do avi\u00e3o, naquele momento chuvoso, com pista escorregadia, o avi\u00e3o com o reverso pinado, voo lotad\u00edssimo, n\u00e3o deveria ocorrer. Algumas pessoas deveriam garantir que isso n\u00e3o ocorresse e terminaram n\u00e3o cumprindo com seus deveres\u201d, disse o advogado da fam\u00edlia, Ronaldo Augusto Bretas Marzag\u00e3o, que era Secret\u00e1rio de Seguran\u00e7a P\u00fablica de S\u00e3o Paulo na \u00e9poca do acidente.<br \/>\nDe acordo com o advogado, \u201ca luta continua\u201d. \u201cSe ainda tivermos recursos para as cortes superiores, o Superior Tribunal de Justi\u00e7a e o Supremo Tribunal Federal, continuaremos lutando porque estamos lutando em nome da mem\u00f3ria de 199 pessoas mortas. E tamb\u00e9m estamos lutando para que o Brasil, alertado por essa trag\u00e9dia, trabalhe incessantemente para que ela n\u00e3o mais ocorra.\u201d<br \/>\n<span class=\"intertit\">Hist\u00f3rico<\/span><br \/>\nEram aproximadamente 18h48 do dia 17 de julho de 2007 quando o Airbus A 320 da TAM, que vinha do aeroporto Salgado Filho, em Porto Alegre, tentou pousar no aeroporto de Congonhas, em S\u00e3o Paulo. A pista estava molhada e, por causa de uma reforma recente, n\u00e3o tinha grooving (ranhuras, que facilitam a frenagem do avi\u00e3o). De acordo com as investiga\u00e7\u00f5es, por um erro no posicionamento dos manetes, que determinam a acelera\u00e7\u00e3o ou reduzem a pot\u00eancia do motor, a aeronave n\u00e3o parou. Um dos manetes estava na posi\u00e7\u00e3o de ponto morto (idle), mas o outro em posi\u00e7\u00e3o de acelera\u00e7\u00e3o.<br \/>\nO airbus atravessou a pista, passou sobre a Avenida Washington Lu\u00eds e bateu num pr\u00e9dio de cargas da pr\u00f3pria companhia, provocando a morte de 199 pessoas.<br \/>\nA situa\u00e7\u00e3o da pista gerava, segundo investiga\u00e7\u00e3o do Centro de Investiga\u00e7\u00e3o e Preven\u00e7\u00e3o de Acidentes Aeron\u00e1uticos (Cenipa), da For\u00e7a A\u00e9rea, uma certa preocupa\u00e7\u00e3o e desconforto para os pilotos que tinham que pousar em Congonhas, principalmente quando chovia, como era o caso do dia do acidente.<br \/>\nAl\u00e9m disso, segundo o relat\u00f3rio do Cenipa, que investigou todas as causas do acidente e apontou uma s\u00e9rie de recomenda\u00e7\u00f5es para prevenir futuros acidentes, outro problema foi que o avi\u00e3o operava com um reverso (sistema de freio aerodin\u00e2mico do motor) desativado (pinado), o que exigiria mais pista para parar a aeronave.<br \/>\nElaine Patricia Cruz \u2013 Rep\u00f3rter da Ag\u00eancia Brasil<\/p>\n","protected":false},"excerpt":{"rendered":"<p>Passados dez anos, ningu\u00e9m foi condenado pelo acidente com o Airbus A320 da TAM, ocorrido em 17 de julho de 2007. Nesses anos, o caso foi julgado pela primeira e segunda inst\u00e2ncias da Justi\u00e7a Federal e todos os denunciados pelo Minist\u00e9rio P\u00fablico Federal foram absolvidos. Nesses dez anos, a TAM\u00a0se juntou \u00e0 empresa a\u00e9rea chilena [&hellip;]<\/p>\n","protected":false},"author":4,"featured_media":51532,"comment_status":"open","ping_status":"closed","sticky":false,"template":"","format":"standard","meta":{"_jetpack_newsletter_access":"","_jetpack_dont_email_post_to_subs":false,"_jetpack_newsletter_tier_id":0,"_jetpack_memberships_contains_paywalled_content":false,"_jetpack_feature_clip_id":0,"_jetpack_memberships_contains_paid_content":false,"footnotes":"","jetpack_post_was_ever_published":false},"categories":[26],"tags":[],"class_list":["post-51531","post","type-post","status-publish","format-standard","has-post-thumbnail","hentry","category-geral"],"aioseo_notices":[],"aioseo_head":"\n\t\t<!-- All in One SEO 5.0.1.1 - aioseo.com -->\n\t<meta name=\"robots\" content=\"max-image-preview:large\" \/>\n\t<meta name=\"author\" content=\"da Reda\u00e7\u00e3o\"\/>\n\t<link rel=\"canonical\" href=\"https:\/\/www.jornalja.com.br\/arquivo\/tragedia-com-aviao-da-tam-completa-10-anos-sem-ninguem-punido\/\" \/>\n\t<meta name=\"generator\" content=\"All in One SEO (AIOSEO) 5.0.1.1\" \/>\n\t\t<meta property=\"og:locale\" content=\"pt_BR\" \/>\n\t\t<meta property=\"og:site_name\" content=\"Arquivo | Jornal J\u00c1 | Porto Alegre\" \/>\n\t\t<meta property=\"og:type\" content=\"article\" \/>\n\t\t<meta property=\"og:title\" content=\"Trag\u00e9dia com avi\u00e3o da TAM completa 10 anos sem ningu\u00e9m punido | Arquivo\" \/>\n\t\t<meta property=\"og:url\" content=\"https:\/\/www.jornalja.com.br\/arquivo\/tragedia-com-aviao-da-tam-completa-10-anos-sem-ninguem-punido\/\" \/>\n\t\t<meta property=\"og:image\" content=\"https:\/\/www.jornalja.com.br\/wp-content\/uploads\/2017\/07\/acidente_da_tam.jpg\" \/>\n\t\t<meta property=\"og:image:secure_url\" content=\"https:\/\/www.jornalja.com.br\/wp-content\/uploads\/2017\/07\/acidente_da_tam.jpg\" \/>\n\t\t<meta property=\"article:published_time\" content=\"2017-07-16T18:44:06+00:00\" \/>\n\t\t<meta property=\"article:modified_time\" content=\"2017-07-16T18:44:06+00:00\" \/>\n\t\t<meta name=\"twitter:card\" content=\"summary\" \/>\n\t\t<meta name=\"twitter:title\" content=\"Trag\u00e9dia com avi\u00e3o da TAM completa 10 anos sem ningu\u00e9m punido | Arquivo\" \/>\n\t\t<meta name=\"twitter:image\" content=\"https:\/\/www.jornalja.com.br\/economics\/wp-content\/uploads\/sites\/11\/2026\/08\/ja-folhaderosto-facebook.jpg\" \/>\n\t\t<script type=\"application\/ld+json\" class=\"aioseo-schema\">\n\t\t\t{\"@context\":\"https:\\\/\\\/schema.org\",\"@graph\":[{\"@type\":\"BlogPosting\",\"@id\":\"https:\\\/\\\/www.jornalja.com.br\\\/arquivo\\\/tragedia-com-aviao-da-tam-completa-10-anos-sem-ninguem-punido\\\/#blogposting\",\"name\":\"Trag\\u00e9dia com avi\\u00e3o da TAM completa 10 anos sem ningu\\u00e9m punido | Arquivo\",\"headline\":\"Trag\\u00e9dia com avi\\u00e3o da TAM completa 10 anos sem ningu\\u00e9m punido\",\"author\":{\"@id\":\"https:\\\/\\\/www.jornalja.com.br\\\/arquivo\\\/author\\\/daredacao\\\/#author\"},\"publisher\":{\"@id\":\"https:\\\/\\\/www.jornalja.com.br\\\/arquivo\\\/#organization\"},\"image\":{\"@type\":\"ImageObject\",\"url\":51532},\"datePublished\":\"2017-07-16T15:44:06-03:00\",\"dateModified\":\"2017-07-16T15:44:06-03:00\",\"inLanguage\":\"pt-BR\",\"mainEntityOfPage\":{\"@id\":\"https:\\\/\\\/www.jornalja.com.br\\\/arquivo\\\/tragedia-com-aviao-da-tam-completa-10-anos-sem-ninguem-punido\\\/#webpage\"},\"isPartOf\":{\"@id\":\"https:\\\/\\\/www.jornalja.com.br\\\/arquivo\\\/tragedia-com-aviao-da-tam-completa-10-anos-sem-ninguem-punido\\\/#webpage\"},\"articleSection\":\"Geral\"},{\"@type\":\"BreadcrumbList\",\"@id\":\"https:\\\/\\\/www.jornalja.com.br\\\/arquivo\\\/tragedia-com-aviao-da-tam-completa-10-anos-sem-ninguem-punido\\\/#breadcrumblist\",\"itemListElement\":[{\"@type\":\"ListItem\",\"@id\":\"https:\\\/\\\/www.jornalja.com.br\\\/arquivo#listItem\",\"position\":1,\"name\":\"Home\",\"item\":\"https:\\\/\\\/www.jornalja.com.br\\\/arquivo\",\"nextItem\":{\"@type\":\"ListItem\",\"@id\":\"https:\\\/\\\/www.jornalja.com.br\\\/arquivo\\\/category\\\/geral\\\/#listItem\",\"name\":\"Geral\"}},{\"@type\":\"ListItem\",\"@id\":\"https:\\\/\\\/www.jornalja.com.br\\\/arquivo\\\/category\\\/geral\\\/#listItem\",\"position\":2,\"name\":\"Geral\",\"item\":\"https:\\\/\\\/www.jornalja.com.br\\\/arquivo\\\/category\\\/geral\\\/\",\"nextItem\":{\"@type\":\"ListItem\",\"@id\":\"https:\\\/\\\/www.jornalja.com.br\\\/arquivo\\\/tragedia-com-aviao-da-tam-completa-10-anos-sem-ninguem-punido\\\/#listItem\",\"name\":\"Trag\\u00e9dia com avi\\u00e3o da TAM completa 10 anos sem ningu\\u00e9m punido\"},\"previousItem\":{\"@type\":\"ListItem\",\"@id\":\"https:\\\/\\\/www.jornalja.com.br\\\/arquivo#listItem\",\"name\":\"Home\"}},{\"@type\":\"ListItem\",\"@id\":\"https:\\\/\\\/www.jornalja.com.br\\\/arquivo\\\/tragedia-com-aviao-da-tam-completa-10-anos-sem-ninguem-punido\\\/#listItem\",\"position\":3,\"name\":\"Trag\\u00e9dia com avi\\u00e3o da TAM completa 10 anos sem ningu\\u00e9m punido\",\"previousItem\":{\"@type\":\"ListItem\",\"@id\":\"https:\\\/\\\/www.jornalja.com.br\\\/arquivo\\\/category\\\/geral\\\/#listItem\",\"name\":\"Geral\"}}]},{\"@type\":\"Organization\",\"@id\":\"https:\\\/\\\/www.jornalja.com.br\\\/arquivo\\\/#organization\",\"name\":\"Jornal J\\u00c1\",\"description\":\"Jornal J\\u00c1 | Porto Alegre\",\"url\":\"https:\\\/\\\/www.jornalja.com.br\\\/arquivo\\\/\",\"telephone\":\"+555133307272\",\"logo\":{\"@type\":\"ImageObject\",\"url\":\"https:\\\/\\\/www.jornalja.com.br\\\/wp-content\\\/uploads\\\/cards\\\/JAslogan.png\",\"@id\":\"https:\\\/\\\/www.jornalja.com.br\\\/arquivo\\\/tragedia-com-aviao-da-tam-completa-10-anos-sem-ninguem-punido\\\/#organizationLogo\"},\"image\":{\"@id\":\"https:\\\/\\\/www.jornalja.com.br\\\/arquivo\\\/tragedia-com-aviao-da-tam-completa-10-anos-sem-ninguem-punido\\\/#organizationLogo\"}},{\"@type\":\"Person\",\"@id\":\"https:\\\/\\\/www.jornalja.com.br\\\/arquivo\\\/author\\\/daredacao\\\/#author\",\"url\":\"https:\\\/\\\/www.jornalja.com.br\\\/arquivo\\\/author\\\/daredacao\\\/\",\"name\":\"da Reda\\u00e7\\u00e3o\",\"image\":{\"@type\":\"ImageObject\",\"@id\":\"https:\\\/\\\/www.jornalja.com.br\\\/arquivo\\\/tragedia-com-aviao-da-tam-completa-10-anos-sem-ninguem-punido\\\/#authorImage\",\"url\":\"https:\\\/\\\/secure.gravatar.com\\\/avatar\\\/469fd857d6605ad19919d27ed29d35a968a25f6e8fd9318356bbb7f57aae9c65?s=96&d=mm&r=g\",\"width\":96,\"height\":96,\"caption\":\"da Reda\\u00e7\\u00e3o\"}},{\"@type\":\"WebPage\",\"@id\":\"https:\\\/\\\/www.jornalja.com.br\\\/arquivo\\\/tragedia-com-aviao-da-tam-completa-10-anos-sem-ninguem-punido\\\/#webpage\",\"url\":\"https:\\\/\\\/www.jornalja.com.br\\\/arquivo\\\/tragedia-com-aviao-da-tam-completa-10-anos-sem-ninguem-punido\\\/\",\"name\":\"Trag\\u00e9dia com avi\\u00e3o da TAM completa 10 anos sem ningu\\u00e9m punido | Arquivo\",\"inLanguage\":\"pt-BR\",\"isPartOf\":{\"@id\":\"https:\\\/\\\/www.jornalja.com.br\\\/arquivo\\\/#website\"},\"breadcrumb\":{\"@id\":\"https:\\\/\\\/www.jornalja.com.br\\\/arquivo\\\/tragedia-com-aviao-da-tam-completa-10-anos-sem-ninguem-punido\\\/#breadcrumblist\"},\"author\":{\"@id\":\"https:\\\/\\\/www.jornalja.com.br\\\/arquivo\\\/author\\\/daredacao\\\/#author\"},\"creator\":{\"@id\":\"https:\\\/\\\/www.jornalja.com.br\\\/arquivo\\\/author\\\/daredacao\\\/#author\"},\"image\":{\"@type\":\"ImageObject\",\"url\":51532,\"@id\":\"https:\\\/\\\/www.jornalja.com.br\\\/arquivo\\\/tragedia-com-aviao-da-tam-completa-10-anos-sem-ninguem-punido\\\/#mainImage\"},\"primaryImageOfPage\":{\"@id\":\"https:\\\/\\\/www.jornalja.com.br\\\/arquivo\\\/tragedia-com-aviao-da-tam-completa-10-anos-sem-ninguem-punido\\\/#mainImage\"},\"datePublished\":\"2017-07-16T15:44:06-03:00\",\"dateModified\":\"2017-07-16T15:44:06-03:00\"},{\"@type\":\"WebSite\",\"@id\":\"https:\\\/\\\/www.jornalja.com.br\\\/arquivo\\\/#website\",\"url\":\"https:\\\/\\\/www.jornalja.com.br\\\/arquivo\\\/\",\"name\":\"Arquivo\",\"description\":\"Jornal J\\u00c1 | Porto Alegre\",\"inLanguage\":\"pt-BR\",\"publisher\":{\"@id\":\"https:\\\/\\\/www.jornalja.com.br\\\/arquivo\\\/#organization\"}}]}\n\t\t<\/script>\n\t\t<!-- All in One SEO -->\n\n","aioseo_head_json":{"title":"Trag\u00e9dia com avi\u00e3o da TAM completa 10 anos sem ningu\u00e9m punido | Arquivo","description":"","canonical_url":"https:\/\/www.jornalja.com.br\/arquivo\/tragedia-com-aviao-da-tam-completa-10-anos-sem-ninguem-punido\/","robots":"max-image-preview:large","keywords":"","webmasterTools":{"miscellaneous":""},"schema":{"@context":"https:\/\/schema.org","@graph":[{"@type":"BlogPosting","@id":"https:\/\/www.jornalja.com.br\/arquivo\/tragedia-com-aviao-da-tam-completa-10-anos-sem-ninguem-punido\/#blogposting","name":"Trag\u00e9dia com avi\u00e3o da TAM completa 10 anos sem ningu\u00e9m punido | Arquivo","headline":"Trag\u00e9dia com avi\u00e3o da TAM completa 10 anos sem ningu\u00e9m punido","author":{"@id":"https:\/\/www.jornalja.com.br\/arquivo\/author\/daredacao\/#author"},"publisher":{"@id":"https:\/\/www.jornalja.com.br\/arquivo\/#organization"},"image":{"@type":"ImageObject","url":51532},"datePublished":"2017-07-16T15:44:06-03:00","dateModified":"2017-07-16T15:44:06-03:00","inLanguage":"pt-BR","mainEntityOfPage":{"@id":"https:\/\/www.jornalja.com.br\/arquivo\/tragedia-com-aviao-da-tam-completa-10-anos-sem-ninguem-punido\/#webpage"},"isPartOf":{"@id":"https:\/\/www.jornalja.com.br\/arquivo\/tragedia-com-aviao-da-tam-completa-10-anos-sem-ninguem-punido\/#webpage"},"articleSection":"Geral"},{"@type":"BreadcrumbList","@id":"https:\/\/www.jornalja.com.br\/arquivo\/tragedia-com-aviao-da-tam-completa-10-anos-sem-ninguem-punido\/#breadcrumblist","itemListElement":[{"@type":"ListItem","@id":"https:\/\/www.jornalja.com.br\/arquivo#listItem","position":1,"name":"Home","item":"https:\/\/www.jornalja.com.br\/arquivo","nextItem":{"@type":"ListItem","@id":"https:\/\/www.jornalja.com.br\/arquivo\/category\/geral\/#listItem","name":"Geral"}},{"@type":"ListItem","@id":"https:\/\/www.jornalja.com.br\/arquivo\/category\/geral\/#listItem","position":2,"name":"Geral","item":"https:\/\/www.jornalja.com.br\/arquivo\/category\/geral\/","nextItem":{"@type":"ListItem","@id":"https:\/\/www.jornalja.com.br\/arquivo\/tragedia-com-aviao-da-tam-completa-10-anos-sem-ninguem-punido\/#listItem","name":"Trag\u00e9dia com avi\u00e3o da TAM completa 10 anos sem ningu\u00e9m punido"},"previousItem":{"@type":"ListItem","@id":"https:\/\/www.jornalja.com.br\/arquivo#listItem","name":"Home"}},{"@type":"ListItem","@id":"https:\/\/www.jornalja.com.br\/arquivo\/tragedia-com-aviao-da-tam-completa-10-anos-sem-ninguem-punido\/#listItem","position":3,"name":"Trag\u00e9dia com avi\u00e3o da TAM completa 10 anos sem ningu\u00e9m punido","previousItem":{"@type":"ListItem","@id":"https:\/\/www.jornalja.com.br\/arquivo\/category\/geral\/#listItem","name":"Geral"}}]},{"@type":"Organization","@id":"https:\/\/www.jornalja.com.br\/arquivo\/#organization","name":"Jornal J\u00c1","description":"Jornal J\u00c1 | Porto Alegre","url":"https:\/\/www.jornalja.com.br\/arquivo\/","telephone":"+555133307272","logo":{"@type":"ImageObject","url":"https:\/\/www.jornalja.com.br\/wp-content\/uploads\/cards\/JAslogan.png","@id":"https:\/\/www.jornalja.com.br\/arquivo\/tragedia-com-aviao-da-tam-completa-10-anos-sem-ninguem-punido\/#organizationLogo"},"image":{"@id":"https:\/\/www.jornalja.com.br\/arquivo\/tragedia-com-aviao-da-tam-completa-10-anos-sem-ninguem-punido\/#organizationLogo"}},{"@type":"Person","@id":"https:\/\/www.jornalja.com.br\/arquivo\/author\/daredacao\/#author","url":"https:\/\/www.jornalja.com.br\/arquivo\/author\/daredacao\/","name":"da Reda\u00e7\u00e3o","image":{"@type":"ImageObject","@id":"https:\/\/www.jornalja.com.br\/arquivo\/tragedia-com-aviao-da-tam-completa-10-anos-sem-ninguem-punido\/#authorImage","url":"https:\/\/secure.gravatar.com\/avatar\/469fd857d6605ad19919d27ed29d35a968a25f6e8fd9318356bbb7f57aae9c65?s=96&d=mm&r=g","width":96,"height":96,"caption":"da Reda\u00e7\u00e3o"}},{"@type":"WebPage","@id":"https:\/\/www.jornalja.com.br\/arquivo\/tragedia-com-aviao-da-tam-completa-10-anos-sem-ninguem-punido\/#webpage","url":"https:\/\/www.jornalja.com.br\/arquivo\/tragedia-com-aviao-da-tam-completa-10-anos-sem-ninguem-punido\/","name":"Trag\u00e9dia com avi\u00e3o da TAM completa 10 anos sem ningu\u00e9m punido | Arquivo","inLanguage":"pt-BR","isPartOf":{"@id":"https:\/\/www.jornalja.com.br\/arquivo\/#website"},"breadcrumb":{"@id":"https:\/\/www.jornalja.com.br\/arquivo\/tragedia-com-aviao-da-tam-completa-10-anos-sem-ninguem-punido\/#breadcrumblist"},"author":{"@id":"https:\/\/www.jornalja.com.br\/arquivo\/author\/daredacao\/#author"},"creator":{"@id":"https:\/\/www.jornalja.com.br\/arquivo\/author\/daredacao\/#author"},"image":{"@type":"ImageObject","url":51532,"@id":"https:\/\/www.jornalja.com.br\/arquivo\/tragedia-com-aviao-da-tam-completa-10-anos-sem-ninguem-punido\/#mainImage"},"primaryImageOfPage":{"@id":"https:\/\/www.jornalja.com.br\/arquivo\/tragedia-com-aviao-da-tam-completa-10-anos-sem-ninguem-punido\/#mainImage"},"datePublished":"2017-07-16T15:44:06-03:00","dateModified":"2017-07-16T15:44:06-03:00"},{"@type":"WebSite","@id":"https:\/\/www.jornalja.com.br\/arquivo\/#website","url":"https:\/\/www.jornalja.com.br\/arquivo\/","name":"Arquivo","description":"Jornal J\u00c1 | Porto Alegre","inLanguage":"pt-BR","publisher":{"@id":"https:\/\/www.jornalja.com.br\/arquivo\/#organization"}}]},"og:locale":"pt_BR","og:site_name":"Arquivo | Jornal J\u00c1 | Porto Alegre","og:type":"article","og:title":"Trag\u00e9dia com avi\u00e3o da TAM completa 10 anos sem ningu\u00e9m punido | Arquivo","og:url":"https:\/\/www.jornalja.com.br\/arquivo\/tragedia-com-aviao-da-tam-completa-10-anos-sem-ninguem-punido\/","og:image":"https:\/\/www.jornalja.com.br\/wp-content\/uploads\/2017\/07\/acidente_da_tam.jpg","og:image:secure_url":"https:\/\/www.jornalja.com.br\/wp-content\/uploads\/2017\/07\/acidente_da_tam.jpg","article:published_time":"2017-07-16T18:44:06+00:00","article:modified_time":"2017-07-16T18:44:06+00:00","twitter:card":"summary","twitter:title":"Trag\u00e9dia com avi\u00e3o da TAM completa 10 anos sem ningu\u00e9m punido | Arquivo","twitter:image":"https:\/\/www.jornalja.com.br\/economics\/wp-content\/uploads\/sites\/11\/2026\/08\/ja-folhaderosto-facebook.jpg"},"aioseo_meta_data":{"post_id":"51531","title":null,"description":null,"keywords":null,"keyphrases":null,"primary_term":null,"canonical_url":null,"og_title":null,"og_description":null,"og_object_type":"default","og_image_type":"default","og_image_url":null,"og_image_width":null,"og_image_height":null,"og_image_custom_url":null,"og_image_custom_fields":null,"og_video":null,"og_custom_url":null,"og_article_section":null,"og_article_tags":null,"twitter_use_og":false,"twitter_card":"default","twitter_image_type":"default","twitter_image_url":null,"twitter_image_custom_url":null,"twitter_image_custom_fields":null,"twitter_title":null,"twitter_description":null,"schema":{"blockGraphs":[],"customGraphs":[],"default":{"data":{"Article":[],"Course":[],"Dataset":[],"FAQPage":[],"Movie":[],"Person":[],"Product":[],"ProductReview":[],"Car":[],"Recipe":[],"Service":[],"SoftwareApplication":[],"WebPage":[]},"graphName":"","isEnabled":true},"graphs":[],"defaultGraph":"","defaultPostTypeGraph":""},"schema_type":null,"schema_type_options":null,"pillar_content":false,"robots_default":true,"robots_noindex":false,"robots_noarchive":false,"robots_nosnippet":false,"robots_nofollow":false,"robots_noimageindex":false,"robots_noodp":false,"robots_notranslate":false,"robots_max_snippet":null,"robots_max_videopreview":null,"robots_max_imagepreview":"large","priority":null,"frequency":null,"location":null,"local_seo":null,"breadcrumb_settings":null,"limit_modified_date":false,"ai":null,"created":"2020-12-20 20:29:58","updated":"2025-07-19 23:06:23","seo_analyzer_scan_date":null,"focus_keyword":null,"additional_keywords":null,"truseo_locale":null},"jetpack_sharing_enabled":true,"jetpack-related-posts":[{"id":13240,"url":"https:\/\/www.jornalja.com.br\/arquivo\/plano-diretor-estamos-construindo-o-caos\/","url_meta":{"origin":51531,"position":0},"title":"Plano diretor: &quot;Estamos construindo o caos&quot;","author":"Patr\u00edcia Marini","date":"26 de maio de 2014","format":false,"excerpt":"Desabafo que arquiteta Eliana Castilhos, delegada da Regi\u00e3o de Planejamento 1, postou nas redes sociais \u00e9 um testemunho do ambiente que se criou no Conselho do Plano Diretor de Porto Alegre, onde a aprova\u00e7\u00e3o de grandes empreendimentos \u00e9 empurrada guela abaixo dos conselheiros. Ao CMDUA Como delegada da Regi\u00e3o de\u2026","rel":"","context":"Em &quot;Geral&quot;","block_context":{"text":"Geral","link":"https:\/\/www.jornalja.com.br\/arquivo\/category\/geral\/"},"img":{"alt_text":"","src":"","width":0,"height":0},"classes":[]},{"id":14241,"url":"https:\/\/www.jornalja.com.br\/arquivo\/o-guaiba-nas-imagens-poeticas-de-achutti\/","url_meta":{"origin":51531,"position":1},"title":"O Gua\u00edba nas imagens po\u00e9ticas de Achutti","author":"da Reda\u00e7\u00e3o","date":"18 de junho de 2014","format":false,"excerpt":"Em \u201cO Gua\u00edba por Achutti\u201d \u2013 obra financiada via Minist\u00e9rio da Cultura, produ\u00e7\u00e3o executiva de Pedro Longhi, e Fl\u00e1vio Wild como designer \u2013, o fot\u00f3grafo revela a beleza e as mazelas de um espa\u00e7o aqu\u00e1tico de \u00e1guas sempre renovadas, cheio de hist\u00f3rias e lendas como as das cidades que foram\u2026","rel":"","context":"Em &quot;Cultura-Geral&quot;","block_context":{"text":"Cultura-Geral","link":"https:\/\/www.jornalja.com.br\/arquivo\/category\/materiasecundaria\/"},"img":{"alt_text":"","src":"","width":0,"height":0},"classes":[]},{"id":13124,"url":"https:\/\/www.jornalja.com.br\/arquivo\/sangue-latino-no-iecine\/","url_meta":{"origin":51531,"position":2},"title":"Sangue latino no IECINE","author":"da Reda\u00e7\u00e3o","date":"18 de maio de 2014","format":false,"excerpt":"Francisco Ribeiro O Instituto Estadual de Cinema (IECINE) tem a frente, desde abril \u00faltimo, um novo diretor, o cineasta colombiano Juan Zapata, 36, que substitui Luiz Alberto Cassol. Radicado h\u00e1 dez anos em Porto Alegre, Zapata tem diante de si o desafio de conduzir at\u00e9 o final do ano um\u2026","rel":"","context":"Em &quot;Cultura-Geral&quot;","block_context":{"text":"Cultura-Geral","link":"https:\/\/www.jornalja.com.br\/arquivo\/category\/materiasecundaria\/"},"img":{"alt_text":"","src":"","width":0,"height":0},"classes":[]},{"id":5440,"url":"https:\/\/www.jornalja.com.br\/arquivo\/casarao-da-venancio-destino-permanece-incerto\/","url_meta":{"origin":51531,"position":3},"title":"Estado ainda n\u00e3o sabe o que fazer com casar\u00e3o abandonado h\u00e1 20 anos","author":"Elmar Bones","date":"6 de julho de 2009","format":false,"excerpt":"O casar\u00e3o amarelo, numa esquina nobre de Porto Alegre (Ven\u00e2ncio Aires com Jo\u00e3o Pessoa), j\u00e1 abrigou uma escola. H\u00e1 duas d\u00e9cadas, pelo menos, est\u00e1 abandonado, porque seu propriet\u00e1rio, o governo do Estado do Rio Grande do Sul, n\u00e3o consegue achar um destino para ele. Planos n\u00e3o faltaram. O governador Ol\u00edvio\u2026","rel":"","context":"Em &quot;X.Categorias velhas&quot;","block_context":{"text":"X.Categorias velhas","link":"https:\/\/www.jornalja.com.br\/arquivo\/category\/x-categorias-velhas\/"},"img":{"alt_text":"geraldo1","src":"https:\/\/i0.wp.com\/www.jornalja.com.br\/wp-content\/uploads\/2009\/07\/geraldo1.jpg?resize=350%2C200&ssl=1","width":350,"height":200},"classes":[]},{"id":13101,"url":"https:\/\/www.jornalja.com.br\/arquivo\/morre-um-guerreiro-do-texto\/","url_meta":{"origin":51531,"position":4},"title":"Morre um guerreiro do texto","author":"Patr\u00edcia Marini","date":"14 de maio de 2014","format":false,"excerpt":"Por Ricardo Kotscho Reproduzido do blog do autor, 11\/5\/2014; t\u00edtulo original \u201cE l\u00e1 se foi o nosso Myltainho, guerreiro do texto\u201d. Mi\u00fado e franzino, meu amigo Myltainho era um valente e inconformado guerreiro na luta contra as injusti\u00e7as sociais, a hipocrisia, as maracutaias, o autoritarismo, a intoler\u00e2ncia, a viol\u00eancia, o\u2026","rel":"","context":"Em &quot;Geral&quot;","block_context":{"text":"Geral","link":"https:\/\/www.jornalja.com.br\/arquivo\/category\/geral\/"},"img":{"alt_text":"","src":"","width":0,"height":0},"classes":[]},{"id":13128,"url":"https:\/\/www.jornalja.com.br\/arquivo\/maconha-terra-diz-que-uso-medicinal-e-desculpa\/","url_meta":{"origin":51531,"position":5},"title":"Maconha: Terra diz que uso medicinal \u00e9 desculpa","author":"Patr\u00edcia Marini","date":"4 de junho de 2014","format":false,"excerpt":"A condi\u00e7\u00e3o de pol\u00edtico, em \u00e9poca de campanha de campanha eleitoral, tira for\u00e7a do discurso do m\u00e9dico Osmar Terra contra a legaliza\u00e7\u00e3o da maconha. A tese dele de que a libera\u00e7\u00e3o vai ampliar exponencialmente o consumo \u00e9 discutivel, o consumo \u00e9 corrente. Mas seus alertas quanto aos riscos tem que\u2026","rel":"","context":"Em &quot;X.Categorias velhas&quot;","block_context":{"text":"X.Categorias velhas","link":"https:\/\/www.jornalja.com.br\/arquivo\/category\/x-categorias-velhas\/"},"img":{"alt_text":"","src":"","width":0,"height":0},"classes":[]}],"jetpack_shortlink":"https:\/\/wp.me\/pbQjBd-dp9","jetpack_featured_media_url":"","_links":{"self":[{"href":"https:\/\/www.jornalja.com.br\/arquivo\/wp-json\/wp\/v2\/posts\/51531","targetHints":{"allow":["GET"]}}],"collection":[{"href":"https:\/\/www.jornalja.com.br\/arquivo\/wp-json\/wp\/v2\/posts"}],"about":[{"href":"https:\/\/www.jornalja.com.br\/arquivo\/wp-json\/wp\/v2\/types\/post"}],"author":[{"embeddable":true,"href":"https:\/\/www.jornalja.com.br\/arquivo\/wp-json\/wp\/v2\/users\/4"}],"replies":[{"embeddable":true,"href":"https:\/\/www.jornalja.com.br\/arquivo\/wp-json\/wp\/v2\/comments?post=51531"}],"version-history":[{"count":0,"href":"https:\/\/www.jornalja.com.br\/arquivo\/wp-json\/wp\/v2\/posts\/51531\/revisions"}],"wp:attachment":[{"href":"https:\/\/www.jornalja.com.br\/arquivo\/wp-json\/wp\/v2\/media?parent=51531"}],"wp:term":[{"taxonomy":"category","embeddable":true,"href":"https:\/\/www.jornalja.com.br\/arquivo\/wp-json\/wp\/v2\/categories?post=51531"},{"taxonomy":"post_tag","embeddable":true,"href":"https:\/\/www.jornalja.com.br\/arquivo\/wp-json\/wp\/v2\/tags?post=51531"}],"curies":[{"name":"wp","href":"https:\/\/api.w.org\/{rel}","templated":true}]}}