{"id":51595,"date":"2017-07-16T23:46:00","date_gmt":"2017-07-17T02:46:00","guid":{"rendered":"https:\/\/www.jornalja.com.br\/?p=51595"},"modified":"2017-07-16T23:46:00","modified_gmt":"2017-07-17T02:46:00","slug":"viamao-tem-nova-feira-de-alimentos-organicos","status":"publish","type":"post","link":"https:\/\/www.jornalja.com.br\/arquivo\/viamao-tem-nova-feira-de-alimentos-organicos\/","title":{"rendered":"Viam\u00e3o tem nova feira de alimentos org\u00e2nicos"},"content":{"rendered":"<p>Os produtos org\u00e2nicos da Reforma Agr\u00e1ria est\u00e3o conquistando cada vez mais espa\u00e7os em feiras ecol\u00f3gicas na regi\u00e3o Metropolitana de Porto Alegre. No Centro de Viam\u00e3o, a pouco mais de 22 quil\u00f4metros da Capital ga\u00facha, camponeses do Assentamento Filhos de Sep\u00e9 inauguraram no final do m\u00eas de junho um novo ponto de venda de alimentos livres de agrot\u00f3xicos.<br \/>\nA Feira de Org\u00e2nicos de Viam\u00e3o funciona todas as quintas-feiras, das 7h30 \u00e0s 13 horas, na Pra\u00e7a J\u00falio de Castilhos. Ela foi constru\u00edda a partir de uma iniciativa de tr\u00eas certificadoras participativas \u2014 Cooperativa Central dos Assentamentos do RS (Coceargs), Rede de Agroecologia EcoVida e Associa\u00e7\u00e3o dos Produtores da Rede Agroecol\u00f3gica Metropolitana (Rama) \u2014, junto \u00e0 prefeitura, Empresa de Assist\u00eancia T\u00e9cnica e Extens\u00e3o Rural (Emater), Cooperativa de Trabalho em Servi\u00e7os T\u00e9cnicos (Coptec) e Instituto Federal do RS.<br \/>\n\u201cQueremos divulgar a grande produ\u00e7\u00e3o de org\u00e2nicos que tem no Assentamento Filhos de Sep\u00e9, o qual \u00e9 o maior produtor de arroz org\u00e2nico do Brasil e ainda n\u00e3o tinha um ponto de comercializa\u00e7\u00e3o do alimento no pr\u00f3prio munic\u00edpio. Tamb\u00e9m ter rela\u00e7\u00e3o mais pr\u00f3xima com a sociedade e viabilizar para as fam\u00edlias que produzem uma renda a mais\u201d, explica o campon\u00eas Huli Zang, sobre os objetivos da Coceargs na feira.<br \/>\nAl\u00e9m das fam\u00edlias assentadas na Reforma Agr\u00e1ria, o espa\u00e7o abriga bancas de agricultores familiares do munic\u00edpio. No local \u00e9 poss\u00edvel encontrar v\u00e1rios tipos de hortali\u00e7as, frutas, mel, ovos, panificios, alimentos minimamente processados, ervas medicinais e condimentares e pelo menos sete variedades de arroz, que s\u00e3o produzidas pelo MST em \u00e1reas de assentamentos: rubi, preto, cateto, arb\u00f3reo, integral, agulhinha e parboilizado.<br \/>\n<strong>Diversidade<\/strong><br \/>\nSeu Jos\u00e9 Derli Silveira Alves, de 55 anos de idade, levou \u00e0 Feira Org\u00e2nica de Viam\u00e3o, na \u00faltima quinta-feira (13), babosa, beterraba, agri\u00e3o, feij\u00e3o, lima, lim\u00e3o, bergamota, laranja, espinafre couve-flor, couve verde e alho por\u00f3. Todos os alimentos s\u00e3o produzidos numa horta de aproximadamente 1 hectare, no Assentamento Filhos de Sep\u00e9. O pre\u00e7o varia entre R$ 2,50 e R$ 5. Segundo o campon\u00eas, a diversidade da produ\u00e7\u00e3o presente na feira reflete um dos objetivos da luta pela terra: \u201c\u00e9 para produzir alimentos, para tirar dela o nosso p\u00e3o de cada dia e ter uma vida mais digna\u201d, diz.<br \/>\nAinda no lote do seu Jos\u00e9 h\u00e1 duas hectares de caqui, 300 p\u00e9s de maracuj\u00e1 e 70 p\u00e9s de goiaba. Todos produzidos sem o uso de agrot\u00f3xicos. \u201cPor que vou usar se n\u00e3o precisa? \u00c9 tudo org\u00e2nico, nunca plantei com veneno, nem meus pais. Voc\u00ea pode pegar isso e comer, que n\u00e3o vai te acontecer nada. Nos outros lugares n\u00e3o se pode fazer isso, porque nunca se sabe ao certo a proced\u00eancia\u201d, acrescenta ele, segurando um molho de agri\u00e3o nas m\u00e3os. Al\u00e9m da feira na Pra\u00e7a J\u00falio de Castilhos, seu Jos\u00e9 tamb\u00e9m tem ponto de venda de alimentos org\u00e2nicos em frente \u00e0 Igreja Santa Isabel, no bairro Santa Isabel, e no p\u00e1tio do condom\u00ednio Cantegril, no bairro S\u00e3o Lucas, ambos situados em Viam\u00e3o.<\/p>\n","protected":false},"excerpt":{"rendered":"<p>Os produtos org\u00e2nicos da Reforma Agr\u00e1ria est\u00e3o conquistando cada vez mais espa\u00e7os em feiras ecol\u00f3gicas na regi\u00e3o Metropolitana de Porto Alegre. No Centro de Viam\u00e3o, a pouco mais de 22 quil\u00f4metros da Capital ga\u00facha, camponeses do Assentamento Filhos de Sep\u00e9 inauguraram no final do m\u00eas de junho um novo ponto de venda de alimentos livres [&hellip;]<\/p>\n","protected":false},"author":4,"featured_media":51596,"comment_status":"open","ping_status":"closed","sticky":false,"template":"","format":"standard","meta":{"_jetpack_newsletter_access":"","_jetpack_dont_email_post_to_subs":false,"_jetpack_newsletter_tier_id":0,"_jetpack_memberships_contains_paywalled_content":false,"_jetpack_feature_clip_id":0,"_jetpack_memberships_contains_paid_content":false,"footnotes":"","jetpack_post_was_ever_published":false},"categories":[2022],"tags":[],"class_list":["post-51595","post","type-post","status-publish","format-standard","has-post-thumbnail","hentry","category-notas"],"aioseo_notices":[],"aioseo_head":"\n\t\t<!-- All in One SEO 5.0.1.1 - aioseo.com -->\n\t<meta name=\"robots\" content=\"max-image-preview:large\" \/>\n\t<meta name=\"author\" content=\"da Reda\u00e7\u00e3o\"\/>\n\t<link rel=\"canonical\" href=\"https:\/\/www.jornalja.com.br\/arquivo\/viamao-tem-nova-feira-de-alimentos-organicos\/\" \/>\n\t<meta name=\"generator\" content=\"All in One SEO (AIOSEO) 5.0.1.1\" \/>\n\t\t<meta property=\"og:locale\" content=\"pt_BR\" \/>\n\t\t<meta property=\"og:site_name\" content=\"Arquivo | Jornal J\u00c1 | Porto Alegre\" \/>\n\t\t<meta property=\"og:type\" content=\"article\" \/>\n\t\t<meta property=\"og:title\" content=\"Viam\u00e3o tem nova feira de alimentos org\u00e2nicos | Arquivo\" \/>\n\t\t<meta property=\"og:url\" content=\"https:\/\/www.jornalja.com.br\/arquivo\/viamao-tem-nova-feira-de-alimentos-organicos\/\" \/>\n\t\t<meta property=\"og:image\" content=\"https:\/\/www.jornalja.com.br\/economics\/wp-content\/uploads\/sites\/11\/2026\/08\/ja-folhaderosto-facebook.jpg\" \/>\n\t\t<meta property=\"og:image:secure_url\" content=\"https:\/\/www.jornalja.com.br\/economics\/wp-content\/uploads\/sites\/11\/2026\/08\/ja-folhaderosto-facebook.jpg\" \/>\n\t\t<meta property=\"article:published_time\" content=\"2017-07-17T02:46:00+00:00\" \/>\n\t\t<meta property=\"article:modified_time\" content=\"2017-07-17T02:46:00+00:00\" \/>\n\t\t<meta name=\"twitter:card\" content=\"summary\" \/>\n\t\t<meta name=\"twitter:title\" content=\"Viam\u00e3o tem nova feira de alimentos org\u00e2nicos | Arquivo\" \/>\n\t\t<meta name=\"twitter:image\" content=\"https:\/\/www.jornalja.com.br\/economics\/wp-content\/uploads\/sites\/11\/2026\/08\/ja-folhaderosto-facebook.jpg\" \/>\n\t\t<script type=\"application\/ld+json\" class=\"aioseo-schema\">\n\t\t\t{\"@context\":\"https:\\\/\\\/schema.org\",\"@graph\":[{\"@type\":\"BlogPosting\",\"@id\":\"https:\\\/\\\/www.jornalja.com.br\\\/arquivo\\\/viamao-tem-nova-feira-de-alimentos-organicos\\\/#blogposting\",\"name\":\"Viam\\u00e3o tem nova feira de alimentos org\\u00e2nicos | Arquivo\",\"headline\":\"Viam\\u00e3o tem nova feira de alimentos org\\u00e2nicos\",\"author\":{\"@id\":\"https:\\\/\\\/www.jornalja.com.br\\\/arquivo\\\/author\\\/daredacao\\\/#author\"},\"publisher\":{\"@id\":\"https:\\\/\\\/www.jornalja.com.br\\\/arquivo\\\/#organization\"},\"image\":{\"@type\":\"ImageObject\",\"url\":51596},\"datePublished\":\"2017-07-16T23:46:00-03:00\",\"dateModified\":\"2017-07-16T23:46:00-03:00\",\"inLanguage\":\"pt-BR\",\"mainEntityOfPage\":{\"@id\":\"https:\\\/\\\/www.jornalja.com.br\\\/arquivo\\\/viamao-tem-nova-feira-de-alimentos-organicos\\\/#webpage\"},\"isPartOf\":{\"@id\":\"https:\\\/\\\/www.jornalja.com.br\\\/arquivo\\\/viamao-tem-nova-feira-de-alimentos-organicos\\\/#webpage\"},\"articleSection\":\"NOTAS\"},{\"@type\":\"BreadcrumbList\",\"@id\":\"https:\\\/\\\/www.jornalja.com.br\\\/arquivo\\\/viamao-tem-nova-feira-de-alimentos-organicos\\\/#breadcrumblist\",\"itemListElement\":[{\"@type\":\"ListItem\",\"@id\":\"https:\\\/\\\/www.jornalja.com.br\\\/arquivo#listItem\",\"position\":1,\"name\":\"Home\",\"item\":\"https:\\\/\\\/www.jornalja.com.br\\\/arquivo\",\"nextItem\":{\"@type\":\"ListItem\",\"@id\":\"https:\\\/\\\/www.jornalja.com.br\\\/arquivo\\\/category\\\/notas\\\/#listItem\",\"name\":\"NOTAS\"}},{\"@type\":\"ListItem\",\"@id\":\"https:\\\/\\\/www.jornalja.com.br\\\/arquivo\\\/category\\\/notas\\\/#listItem\",\"position\":2,\"name\":\"NOTAS\",\"item\":\"https:\\\/\\\/www.jornalja.com.br\\\/arquivo\\\/category\\\/notas\\\/\",\"nextItem\":{\"@type\":\"ListItem\",\"@id\":\"https:\\\/\\\/www.jornalja.com.br\\\/arquivo\\\/viamao-tem-nova-feira-de-alimentos-organicos\\\/#listItem\",\"name\":\"Viam\\u00e3o tem nova feira de alimentos org\\u00e2nicos\"},\"previousItem\":{\"@type\":\"ListItem\",\"@id\":\"https:\\\/\\\/www.jornalja.com.br\\\/arquivo#listItem\",\"name\":\"Home\"}},{\"@type\":\"ListItem\",\"@id\":\"https:\\\/\\\/www.jornalja.com.br\\\/arquivo\\\/viamao-tem-nova-feira-de-alimentos-organicos\\\/#listItem\",\"position\":3,\"name\":\"Viam\\u00e3o tem nova feira de alimentos org\\u00e2nicos\",\"previousItem\":{\"@type\":\"ListItem\",\"@id\":\"https:\\\/\\\/www.jornalja.com.br\\\/arquivo\\\/category\\\/notas\\\/#listItem\",\"name\":\"NOTAS\"}}]},{\"@type\":\"Organization\",\"@id\":\"https:\\\/\\\/www.jornalja.com.br\\\/arquivo\\\/#organization\",\"name\":\"Jornal J\\u00c1\",\"description\":\"Jornal J\\u00c1 | Porto Alegre\",\"url\":\"https:\\\/\\\/www.jornalja.com.br\\\/arquivo\\\/\",\"telephone\":\"+555133307272\",\"logo\":{\"@type\":\"ImageObject\",\"url\":\"https:\\\/\\\/www.jornalja.com.br\\\/wp-content\\\/uploads\\\/cards\\\/JAslogan.png\",\"@id\":\"https:\\\/\\\/www.jornalja.com.br\\\/arquivo\\\/viamao-tem-nova-feira-de-alimentos-organicos\\\/#organizationLogo\"},\"image\":{\"@id\":\"https:\\\/\\\/www.jornalja.com.br\\\/arquivo\\\/viamao-tem-nova-feira-de-alimentos-organicos\\\/#organizationLogo\"}},{\"@type\":\"Person\",\"@id\":\"https:\\\/\\\/www.jornalja.com.br\\\/arquivo\\\/author\\\/daredacao\\\/#author\",\"url\":\"https:\\\/\\\/www.jornalja.com.br\\\/arquivo\\\/author\\\/daredacao\\\/\",\"name\":\"da Reda\\u00e7\\u00e3o\",\"image\":{\"@type\":\"ImageObject\",\"@id\":\"https:\\\/\\\/www.jornalja.com.br\\\/arquivo\\\/viamao-tem-nova-feira-de-alimentos-organicos\\\/#authorImage\",\"url\":\"https:\\\/\\\/secure.gravatar.com\\\/avatar\\\/469fd857d6605ad19919d27ed29d35a968a25f6e8fd9318356bbb7f57aae9c65?s=96&d=mm&r=g\",\"width\":96,\"height\":96,\"caption\":\"da Reda\\u00e7\\u00e3o\"}},{\"@type\":\"WebPage\",\"@id\":\"https:\\\/\\\/www.jornalja.com.br\\\/arquivo\\\/viamao-tem-nova-feira-de-alimentos-organicos\\\/#webpage\",\"url\":\"https:\\\/\\\/www.jornalja.com.br\\\/arquivo\\\/viamao-tem-nova-feira-de-alimentos-organicos\\\/\",\"name\":\"Viam\\u00e3o tem nova feira de alimentos org\\u00e2nicos | Arquivo\",\"inLanguage\":\"pt-BR\",\"isPartOf\":{\"@id\":\"https:\\\/\\\/www.jornalja.com.br\\\/arquivo\\\/#website\"},\"breadcrumb\":{\"@id\":\"https:\\\/\\\/www.jornalja.com.br\\\/arquivo\\\/viamao-tem-nova-feira-de-alimentos-organicos\\\/#breadcrumblist\"},\"author\":{\"@id\":\"https:\\\/\\\/www.jornalja.com.br\\\/arquivo\\\/author\\\/daredacao\\\/#author\"},\"creator\":{\"@id\":\"https:\\\/\\\/www.jornalja.com.br\\\/arquivo\\\/author\\\/daredacao\\\/#author\"},\"image\":{\"@type\":\"ImageObject\",\"url\":51596,\"@id\":\"https:\\\/\\\/www.jornalja.com.br\\\/arquivo\\\/viamao-tem-nova-feira-de-alimentos-organicos\\\/#mainImage\"},\"primaryImageOfPage\":{\"@id\":\"https:\\\/\\\/www.jornalja.com.br\\\/arquivo\\\/viamao-tem-nova-feira-de-alimentos-organicos\\\/#mainImage\"},\"datePublished\":\"2017-07-16T23:46:00-03:00\",\"dateModified\":\"2017-07-16T23:46:00-03:00\"},{\"@type\":\"WebSite\",\"@id\":\"https:\\\/\\\/www.jornalja.com.br\\\/arquivo\\\/#website\",\"url\":\"https:\\\/\\\/www.jornalja.com.br\\\/arquivo\\\/\",\"name\":\"Arquivo\",\"description\":\"Jornal J\\u00c1 | Porto Alegre\",\"inLanguage\":\"pt-BR\",\"publisher\":{\"@id\":\"https:\\\/\\\/www.jornalja.com.br\\\/arquivo\\\/#organization\"}}]}\n\t\t<\/script>\n\t\t<!-- All in One SEO -->\n\n","aioseo_head_json":{"title":"Viam\u00e3o tem nova feira de alimentos org\u00e2nicos | Arquivo","description":"","canonical_url":"https:\/\/www.jornalja.com.br\/arquivo\/viamao-tem-nova-feira-de-alimentos-organicos\/","robots":"max-image-preview:large","keywords":"","webmasterTools":{"miscellaneous":""},"schema":{"@context":"https:\/\/schema.org","@graph":[{"@type":"BlogPosting","@id":"https:\/\/www.jornalja.com.br\/arquivo\/viamao-tem-nova-feira-de-alimentos-organicos\/#blogposting","name":"Viam\u00e3o tem nova feira de alimentos org\u00e2nicos | Arquivo","headline":"Viam\u00e3o tem nova feira de alimentos org\u00e2nicos","author":{"@id":"https:\/\/www.jornalja.com.br\/arquivo\/author\/daredacao\/#author"},"publisher":{"@id":"https:\/\/www.jornalja.com.br\/arquivo\/#organization"},"image":{"@type":"ImageObject","url":51596},"datePublished":"2017-07-16T23:46:00-03:00","dateModified":"2017-07-16T23:46:00-03:00","inLanguage":"pt-BR","mainEntityOfPage":{"@id":"https:\/\/www.jornalja.com.br\/arquivo\/viamao-tem-nova-feira-de-alimentos-organicos\/#webpage"},"isPartOf":{"@id":"https:\/\/www.jornalja.com.br\/arquivo\/viamao-tem-nova-feira-de-alimentos-organicos\/#webpage"},"articleSection":"NOTAS"},{"@type":"BreadcrumbList","@id":"https:\/\/www.jornalja.com.br\/arquivo\/viamao-tem-nova-feira-de-alimentos-organicos\/#breadcrumblist","itemListElement":[{"@type":"ListItem","@id":"https:\/\/www.jornalja.com.br\/arquivo#listItem","position":1,"name":"Home","item":"https:\/\/www.jornalja.com.br\/arquivo","nextItem":{"@type":"ListItem","@id":"https:\/\/www.jornalja.com.br\/arquivo\/category\/notas\/#listItem","name":"NOTAS"}},{"@type":"ListItem","@id":"https:\/\/www.jornalja.com.br\/arquivo\/category\/notas\/#listItem","position":2,"name":"NOTAS","item":"https:\/\/www.jornalja.com.br\/arquivo\/category\/notas\/","nextItem":{"@type":"ListItem","@id":"https:\/\/www.jornalja.com.br\/arquivo\/viamao-tem-nova-feira-de-alimentos-organicos\/#listItem","name":"Viam\u00e3o tem nova feira de alimentos org\u00e2nicos"},"previousItem":{"@type":"ListItem","@id":"https:\/\/www.jornalja.com.br\/arquivo#listItem","name":"Home"}},{"@type":"ListItem","@id":"https:\/\/www.jornalja.com.br\/arquivo\/viamao-tem-nova-feira-de-alimentos-organicos\/#listItem","position":3,"name":"Viam\u00e3o tem nova feira de alimentos org\u00e2nicos","previousItem":{"@type":"ListItem","@id":"https:\/\/www.jornalja.com.br\/arquivo\/category\/notas\/#listItem","name":"NOTAS"}}]},{"@type":"Organization","@id":"https:\/\/www.jornalja.com.br\/arquivo\/#organization","name":"Jornal J\u00c1","description":"Jornal J\u00c1 | Porto Alegre","url":"https:\/\/www.jornalja.com.br\/arquivo\/","telephone":"+555133307272","logo":{"@type":"ImageObject","url":"https:\/\/www.jornalja.com.br\/wp-content\/uploads\/cards\/JAslogan.png","@id":"https:\/\/www.jornalja.com.br\/arquivo\/viamao-tem-nova-feira-de-alimentos-organicos\/#organizationLogo"},"image":{"@id":"https:\/\/www.jornalja.com.br\/arquivo\/viamao-tem-nova-feira-de-alimentos-organicos\/#organizationLogo"}},{"@type":"Person","@id":"https:\/\/www.jornalja.com.br\/arquivo\/author\/daredacao\/#author","url":"https:\/\/www.jornalja.com.br\/arquivo\/author\/daredacao\/","name":"da Reda\u00e7\u00e3o","image":{"@type":"ImageObject","@id":"https:\/\/www.jornalja.com.br\/arquivo\/viamao-tem-nova-feira-de-alimentos-organicos\/#authorImage","url":"https:\/\/secure.gravatar.com\/avatar\/469fd857d6605ad19919d27ed29d35a968a25f6e8fd9318356bbb7f57aae9c65?s=96&d=mm&r=g","width":96,"height":96,"caption":"da Reda\u00e7\u00e3o"}},{"@type":"WebPage","@id":"https:\/\/www.jornalja.com.br\/arquivo\/viamao-tem-nova-feira-de-alimentos-organicos\/#webpage","url":"https:\/\/www.jornalja.com.br\/arquivo\/viamao-tem-nova-feira-de-alimentos-organicos\/","name":"Viam\u00e3o tem nova feira de alimentos org\u00e2nicos | Arquivo","inLanguage":"pt-BR","isPartOf":{"@id":"https:\/\/www.jornalja.com.br\/arquivo\/#website"},"breadcrumb":{"@id":"https:\/\/www.jornalja.com.br\/arquivo\/viamao-tem-nova-feira-de-alimentos-organicos\/#breadcrumblist"},"author":{"@id":"https:\/\/www.jornalja.com.br\/arquivo\/author\/daredacao\/#author"},"creator":{"@id":"https:\/\/www.jornalja.com.br\/arquivo\/author\/daredacao\/#author"},"image":{"@type":"ImageObject","url":51596,"@id":"https:\/\/www.jornalja.com.br\/arquivo\/viamao-tem-nova-feira-de-alimentos-organicos\/#mainImage"},"primaryImageOfPage":{"@id":"https:\/\/www.jornalja.com.br\/arquivo\/viamao-tem-nova-feira-de-alimentos-organicos\/#mainImage"},"datePublished":"2017-07-16T23:46:00-03:00","dateModified":"2017-07-16T23:46:00-03:00"},{"@type":"WebSite","@id":"https:\/\/www.jornalja.com.br\/arquivo\/#website","url":"https:\/\/www.jornalja.com.br\/arquivo\/","name":"Arquivo","description":"Jornal J\u00c1 | Porto Alegre","inLanguage":"pt-BR","publisher":{"@id":"https:\/\/www.jornalja.com.br\/arquivo\/#organization"}}]},"og:locale":"pt_BR","og:site_name":"Arquivo | Jornal J\u00c1 | Porto Alegre","og:type":"article","og:title":"Viam\u00e3o tem nova feira de alimentos org\u00e2nicos | Arquivo","og:url":"https:\/\/www.jornalja.com.br\/arquivo\/viamao-tem-nova-feira-de-alimentos-organicos\/","og:image":"https:\/\/www.jornalja.com.br\/economics\/wp-content\/uploads\/sites\/11\/2026\/08\/ja-folhaderosto-facebook.jpg","og:image:secure_url":"https:\/\/www.jornalja.com.br\/economics\/wp-content\/uploads\/sites\/11\/2026\/08\/ja-folhaderosto-facebook.jpg","article:published_time":"2017-07-17T02:46:00+00:00","article:modified_time":"2017-07-17T02:46:00+00:00","twitter:card":"summary","twitter:title":"Viam\u00e3o tem nova feira de alimentos org\u00e2nicos | Arquivo","twitter:image":"https:\/\/www.jornalja.com.br\/economics\/wp-content\/uploads\/sites\/11\/2026\/08\/ja-folhaderosto-facebook.jpg"},"aioseo_meta_data":{"post_id":"51595","title":null,"description":null,"keywords":null,"keyphrases":null,"primary_term":null,"canonical_url":null,"og_title":null,"og_description":null,"og_object_type":"default","og_image_type":"default","og_image_url":null,"og_image_width":null,"og_image_height":null,"og_image_custom_url":null,"og_image_custom_fields":null,"og_video":null,"og_custom_url":null,"og_article_section":null,"og_article_tags":null,"twitter_use_og":false,"twitter_card":"default","twitter_image_type":"default","twitter_image_url":null,"twitter_image_custom_url":null,"twitter_image_custom_fields":null,"twitter_title":null,"twitter_description":null,"schema":{"blockGraphs":[],"customGraphs":[],"default":{"data":{"Article":[],"Course":[],"Dataset":[],"FAQPage":[],"Movie":[],"Person":[],"Product":[],"ProductReview":[],"Car":[],"Recipe":[],"Service":[],"SoftwareApplication":[],"WebPage":[]},"graphName":"","isEnabled":true},"graphs":[],"defaultGraph":"","defaultPostTypeGraph":""},"schema_type":null,"schema_type_options":null,"pillar_content":false,"robots_default":true,"robots_noindex":false,"robots_noarchive":false,"robots_nosnippet":false,"robots_nofollow":false,"robots_noimageindex":false,"robots_noodp":false,"robots_notranslate":false,"robots_max_snippet":null,"robots_max_videopreview":null,"robots_max_imagepreview":"large","priority":null,"frequency":null,"location":null,"local_seo":null,"breadcrumb_settings":null,"limit_modified_date":false,"ai":null,"created":"2020-12-20 20:29:58","updated":"2025-07-19 23:09:01","seo_analyzer_scan_date":null,"focus_keyword":null,"additional_keywords":null,"truseo_locale":null},"jetpack_sharing_enabled":true,"jetpack-related-posts":[{"id":12960,"url":"https:\/\/www.jornalja.com.br\/arquivo\/populacao-culpa-empresas-pela-greve-dos-rodoviarios\/","url_meta":{"origin":51595,"position":0},"title":"Popula\u00e7\u00e3o culpa empresas pela greve","author":"Patr\u00edcia Marini","date":"14 de fevereiro de 2014","format":false,"excerpt":"Pesquisa divulgada na edi\u00e7\u00e3o do jornal Metro desta sexta-feira,14, comprova o velho ditado: \u00e9 poss\u00edvel enganar muitos por algum tempo, mas n\u00e3o \u00e9 poss\u00edvel enganar a todos o tempo inteiro. A principal revela\u00e7\u00e3o foi que 59,8% dos entrevistados apontaram as empresas como as principais respons\u00e1veis pela grave e 46% culparam\u2026","rel":"","context":"Em &quot;X.Categorias velhas&quot;","block_context":{"text":"X.Categorias velhas","link":"https:\/\/www.jornalja.com.br\/arquivo\/category\/x-categorias-velhas\/"},"img":{"alt_text":"","src":"","width":0,"height":0},"classes":[]},{"id":13240,"url":"https:\/\/www.jornalja.com.br\/arquivo\/plano-diretor-estamos-construindo-o-caos\/","url_meta":{"origin":51595,"position":1},"title":"Plano diretor: &quot;Estamos construindo o caos&quot;","author":"Patr\u00edcia Marini","date":"26 de maio de 2014","format":false,"excerpt":"Desabafo que arquiteta Eliana Castilhos, delegada da Regi\u00e3o de Planejamento 1, postou nas redes sociais \u00e9 um testemunho do ambiente que se criou no Conselho do Plano Diretor de Porto Alegre, onde a aprova\u00e7\u00e3o de grandes empreendimentos \u00e9 empurrada guela abaixo dos conselheiros. Ao CMDUA Como delegada da Regi\u00e3o de\u2026","rel":"","context":"Em &quot;Geral&quot;","block_context":{"text":"Geral","link":"https:\/\/www.jornalja.com.br\/arquivo\/category\/geral\/"},"img":{"alt_text":"","src":"","width":0,"height":0},"classes":[]},{"id":13101,"url":"https:\/\/www.jornalja.com.br\/arquivo\/morre-um-guerreiro-do-texto\/","url_meta":{"origin":51595,"position":2},"title":"Morre um guerreiro do texto","author":"Patr\u00edcia Marini","date":"14 de maio de 2014","format":false,"excerpt":"Por Ricardo Kotscho Reproduzido do blog do autor, 11\/5\/2014; t\u00edtulo original \u201cE l\u00e1 se foi o nosso Myltainho, guerreiro do texto\u201d. Mi\u00fado e franzino, meu amigo Myltainho era um valente e inconformado guerreiro na luta contra as injusti\u00e7as sociais, a hipocrisia, as maracutaias, o autoritarismo, a intoler\u00e2ncia, a viol\u00eancia, o\u2026","rel":"","context":"Em &quot;Geral&quot;","block_context":{"text":"Geral","link":"https:\/\/www.jornalja.com.br\/arquivo\/category\/geral\/"},"img":{"alt_text":"","src":"","width":0,"height":0},"classes":[]},{"id":13124,"url":"https:\/\/www.jornalja.com.br\/arquivo\/sangue-latino-no-iecine\/","url_meta":{"origin":51595,"position":3},"title":"Sangue latino no IECINE","author":"da Reda\u00e7\u00e3o","date":"18 de maio de 2014","format":false,"excerpt":"Francisco Ribeiro O Instituto Estadual de Cinema (IECINE) tem a frente, desde abril \u00faltimo, um novo diretor, o cineasta colombiano Juan Zapata, 36, que substitui Luiz Alberto Cassol. Radicado h\u00e1 dez anos em Porto Alegre, Zapata tem diante de si o desafio de conduzir at\u00e9 o final do ano um\u2026","rel":"","context":"Em &quot;Cultura-Geral&quot;","block_context":{"text":"Cultura-Geral","link":"https:\/\/www.jornalja.com.br\/arquivo\/category\/materiasecundaria\/"},"img":{"alt_text":"","src":"","width":0,"height":0},"classes":[]},{"id":14241,"url":"https:\/\/www.jornalja.com.br\/arquivo\/o-guaiba-nas-imagens-poeticas-de-achutti\/","url_meta":{"origin":51595,"position":4},"title":"O Gua\u00edba nas imagens po\u00e9ticas de Achutti","author":"da Reda\u00e7\u00e3o","date":"18 de junho de 2014","format":false,"excerpt":"Em \u201cO Gua\u00edba por Achutti\u201d \u2013 obra financiada via Minist\u00e9rio da Cultura, produ\u00e7\u00e3o executiva de Pedro Longhi, e Fl\u00e1vio Wild como designer \u2013, o fot\u00f3grafo revela a beleza e as mazelas de um espa\u00e7o aqu\u00e1tico de \u00e1guas sempre renovadas, cheio de hist\u00f3rias e lendas como as das cidades que foram\u2026","rel":"","context":"Em &quot;Cultura-Geral&quot;","block_context":{"text":"Cultura-Geral","link":"https:\/\/www.jornalja.com.br\/arquivo\/category\/materiasecundaria\/"},"img":{"alt_text":"","src":"","width":0,"height":0},"classes":[]}],"jetpack_shortlink":"https:\/\/wp.me\/pbQjBd-dqb","jetpack_featured_media_url":"","_links":{"self":[{"href":"https:\/\/www.jornalja.com.br\/arquivo\/wp-json\/wp\/v2\/posts\/51595","targetHints":{"allow":["GET"]}}],"collection":[{"href":"https:\/\/www.jornalja.com.br\/arquivo\/wp-json\/wp\/v2\/posts"}],"about":[{"href":"https:\/\/www.jornalja.com.br\/arquivo\/wp-json\/wp\/v2\/types\/post"}],"author":[{"embeddable":true,"href":"https:\/\/www.jornalja.com.br\/arquivo\/wp-json\/wp\/v2\/users\/4"}],"replies":[{"embeddable":true,"href":"https:\/\/www.jornalja.com.br\/arquivo\/wp-json\/wp\/v2\/comments?post=51595"}],"version-history":[{"count":0,"href":"https:\/\/www.jornalja.com.br\/arquivo\/wp-json\/wp\/v2\/posts\/51595\/revisions"}],"wp:attachment":[{"href":"https:\/\/www.jornalja.com.br\/arquivo\/wp-json\/wp\/v2\/media?parent=51595"}],"wp:term":[{"taxonomy":"category","embeddable":true,"href":"https:\/\/www.jornalja.com.br\/arquivo\/wp-json\/wp\/v2\/categories?post=51595"},{"taxonomy":"post_tag","embeddable":true,"href":"https:\/\/www.jornalja.com.br\/arquivo\/wp-json\/wp\/v2\/tags?post=51595"}],"curies":[{"name":"wp","href":"https:\/\/api.w.org\/{rel}","templated":true}]}}