{"id":51612,"date":"2017-07-17T11:17:47","date_gmt":"2017-07-17T14:17:47","guid":{"rendered":"https:\/\/www.jornalja.com.br\/?p=51612"},"modified":"2017-07-17T11:17:47","modified_gmt":"2017-07-17T14:17:47","slug":"deputado-quer-unidades-moveis-para-a-esterilizacao-de-caes-e-gato","status":"publish","type":"post","link":"https:\/\/www.jornalja.com.br\/arquivo\/deputado-quer-unidades-moveis-para-a-esterilizacao-de-caes-e-gato\/","title":{"rendered":"Deputado quer unidades m\u00f3veis para a esteriliza\u00e7\u00e3o de c\u00e3es e gato"},"content":{"rendered":"<p class=\"TEXT-ALIGN: justify; MARGIN: 0cm 0cm 0pt\">O deputado Gilmar Sossella (PDT) apresentou projeto de Lei (<a href=\"http:\/\/proweb.procergs.com.br\/consulta_proposicao.asp?SiglaTipo=PL&amp;NroProposicao=73&amp;AnoProposicao=2017\" target=\"_blank\" rel=\"noopener noreferrer\">PL 73 2017<\/a>) dispondo sobre o controle populacional de c\u00e3es e gatos no Rio Grande do Sul,\u00a0por meio\u00a0de unidades m\u00f3veis de esteriliza\u00e7\u00e3o \u2013 \u201cProjeto Castram\u00f3vel\u201d.<\/p>\n<p class=\"TEXT-ALIGN: justify; MARGIN: 0cm 0cm 0pt\">As unidades m\u00f3veis ou \u201ccastram\u00f3veis\u201d dever\u00e3o ser devidamente adequadas para a realiza\u00e7\u00e3o dos servi\u00e7os, contando com mesa de cirurgia, aparelho de anestesia inalat\u00f3ria, balan\u00e7a para pesagem dos animais e demais materiais cir\u00fargicos e equipamentos que se fizerem indispens\u00e1veis.<\/p>\n<p class=\"TEXT-ALIGN: justify; MARGIN: 0cm 0cm 0pt\">Conforme justifica Gilmar Sossella, o controle populacional de animais evita o abandono e o sofrimento das esp\u00e9cies, al\u00e9m de combater a prolifera\u00e7\u00e3o de zoonoses nos munic\u00edpios ga\u00fachos.<\/p>\n<p class=\"TEXT-ALIGN: justify; MARGIN: 0cm 0cm 0pt\">Entre as finalidades da proposta, salienta que busca-se promover a conscientiza\u00e7\u00e3o da comunidade em rela\u00e7\u00e3o aos cuidados necess\u00e1rios \u00e0 cria\u00e7\u00e3o de animais e a import\u00e2ncia da castra\u00e7\u00e3o. \u201cTrata-se de medida efetiva no aux\u00edlio \u00e0 sa\u00fade p\u00fablica e uma importante ferramenta na garantia dos direitos dos animais\u201d, destaca.<\/p>\n<p class=\"TEXT-ALIGN: justify; MARGIN: 0cm 0cm 0pt\">Dever\u00e3o ser contemplados neste projeto, conforme ao mat\u00e9ria do parlamentar, os munic\u00edpios que se cadastrarem junto \u00e0 Secretaria da Agricultura, Pecu\u00e1ria e Irriga\u00e7\u00e3o, e o cronograma de atua\u00e7\u00e3o dever\u00e1 observar a ordem de cadastramento, log\u00edstica e a necessidade de atendimento el localidades com quadros de superpopula\u00e7\u00e3o ou epidemias de zoonoses. O Estado dever\u00e1 informar aos munic\u00edpios contemplados a data de atua\u00e7\u00e3o das unidades m\u00f3veis com anteced\u00eancia m\u00ednima de 30 dias.<\/p>\n<p class=\"TEXT-ALIGN: justify; MARGIN: 0cm 0cm 0pt\">(Com informa\u00e7\u00f5es da Assessoria)<\/p>\n","protected":false},"excerpt":{"rendered":"<p>O deputado Gilmar Sossella (PDT) apresentou projeto de Lei (PL 73 2017) dispondo sobre o controle populacional de c\u00e3es e gatos no Rio Grande do Sul,\u00a0por meio\u00a0de unidades m\u00f3veis de esteriliza\u00e7\u00e3o \u2013 \u201cProjeto Castram\u00f3vel\u201d. As unidades m\u00f3veis ou \u201ccastram\u00f3veis\u201d dever\u00e3o ser devidamente adequadas para a realiza\u00e7\u00e3o dos servi\u00e7os, contando com mesa de cirurgia, aparelho de [&hellip;]<\/p>\n","protected":false},"author":4,"featured_media":51614,"comment_status":"open","ping_status":"closed","sticky":false,"template":"","format":"standard","meta":{"_jetpack_newsletter_access":"","_jetpack_dont_email_post_to_subs":false,"_jetpack_newsletter_tier_id":0,"_jetpack_memberships_contains_paywalled_content":false,"_jetpack_feature_clip_id":0,"_jetpack_memberships_contains_paid_content":false,"footnotes":"","jetpack_post_was_ever_published":false},"categories":[26],"tags":[],"class_list":["post-51612","post","type-post","status-publish","format-standard","has-post-thumbnail","hentry","category-geral"],"aioseo_notices":[],"aioseo_head":"\n\t\t<!-- All in One SEO 5.0.1.1 - aioseo.com -->\n\t<meta name=\"robots\" content=\"max-image-preview:large\" \/>\n\t<meta name=\"author\" content=\"da Reda\u00e7\u00e3o\"\/>\n\t<link rel=\"canonical\" href=\"https:\/\/www.jornalja.com.br\/arquivo\/deputado-quer-unidades-moveis-para-a-esterilizacao-de-caes-e-gato\/\" \/>\n\t<meta name=\"generator\" content=\"All in One SEO (AIOSEO) 5.0.1.1\" \/>\n\t\t<meta property=\"og:locale\" content=\"pt_BR\" \/>\n\t\t<meta property=\"og:site_name\" content=\"Arquivo | Jornal J\u00c1 | Porto Alegre\" \/>\n\t\t<meta property=\"og:type\" content=\"article\" \/>\n\t\t<meta property=\"og:title\" content=\"Deputado quer unidades m\u00f3veis para a esteriliza\u00e7\u00e3o de c\u00e3es e gato | Arquivo\" \/>\n\t\t<meta property=\"og:url\" content=\"https:\/\/www.jornalja.com.br\/arquivo\/deputado-quer-unidades-moveis-para-a-esterilizacao-de-caes-e-gato\/\" \/>\n\t\t<meta property=\"og:image\" content=\"https:\/\/www.jornalja.com.br\/economics\/wp-content\/uploads\/sites\/11\/2026\/08\/ja-folhaderosto-facebook.jpg\" \/>\n\t\t<meta property=\"og:image:secure_url\" content=\"https:\/\/www.jornalja.com.br\/economics\/wp-content\/uploads\/sites\/11\/2026\/08\/ja-folhaderosto-facebook.jpg\" \/>\n\t\t<meta property=\"article:published_time\" content=\"2017-07-17T14:17:47+00:00\" \/>\n\t\t<meta property=\"article:modified_time\" content=\"2017-07-17T14:17:47+00:00\" \/>\n\t\t<meta name=\"twitter:card\" content=\"summary\" \/>\n\t\t<meta name=\"twitter:title\" content=\"Deputado quer unidades m\u00f3veis para a esteriliza\u00e7\u00e3o de c\u00e3es e gato | Arquivo\" \/>\n\t\t<meta name=\"twitter:image\" content=\"https:\/\/www.jornalja.com.br\/economics\/wp-content\/uploads\/sites\/11\/2026\/08\/ja-folhaderosto-facebook.jpg\" \/>\n\t\t<script type=\"application\/ld+json\" class=\"aioseo-schema\">\n\t\t\t{\"@context\":\"https:\\\/\\\/schema.org\",\"@graph\":[{\"@type\":\"BlogPosting\",\"@id\":\"https:\\\/\\\/www.jornalja.com.br\\\/arquivo\\\/deputado-quer-unidades-moveis-para-a-esterilizacao-de-caes-e-gato\\\/#blogposting\",\"name\":\"Deputado quer unidades m\\u00f3veis para a esteriliza\\u00e7\\u00e3o de c\\u00e3es e gato | Arquivo\",\"headline\":\"Deputado quer unidades m\\u00f3veis para a esteriliza\\u00e7\\u00e3o de c\\u00e3es e gato\",\"author\":{\"@id\":\"https:\\\/\\\/www.jornalja.com.br\\\/arquivo\\\/author\\\/daredacao\\\/#author\"},\"publisher\":{\"@id\":\"https:\\\/\\\/www.jornalja.com.br\\\/arquivo\\\/#organization\"},\"image\":{\"@type\":\"ImageObject\",\"url\":51614},\"datePublished\":\"2017-07-17T11:17:47-03:00\",\"dateModified\":\"2017-07-17T11:17:47-03:00\",\"inLanguage\":\"pt-BR\",\"mainEntityOfPage\":{\"@id\":\"https:\\\/\\\/www.jornalja.com.br\\\/arquivo\\\/deputado-quer-unidades-moveis-para-a-esterilizacao-de-caes-e-gato\\\/#webpage\"},\"isPartOf\":{\"@id\":\"https:\\\/\\\/www.jornalja.com.br\\\/arquivo\\\/deputado-quer-unidades-moveis-para-a-esterilizacao-de-caes-e-gato\\\/#webpage\"},\"articleSection\":\"Geral\"},{\"@type\":\"BreadcrumbList\",\"@id\":\"https:\\\/\\\/www.jornalja.com.br\\\/arquivo\\\/deputado-quer-unidades-moveis-para-a-esterilizacao-de-caes-e-gato\\\/#breadcrumblist\",\"itemListElement\":[{\"@type\":\"ListItem\",\"@id\":\"https:\\\/\\\/www.jornalja.com.br\\\/arquivo#listItem\",\"position\":1,\"name\":\"Home\",\"item\":\"https:\\\/\\\/www.jornalja.com.br\\\/arquivo\",\"nextItem\":{\"@type\":\"ListItem\",\"@id\":\"https:\\\/\\\/www.jornalja.com.br\\\/arquivo\\\/category\\\/geral\\\/#listItem\",\"name\":\"Geral\"}},{\"@type\":\"ListItem\",\"@id\":\"https:\\\/\\\/www.jornalja.com.br\\\/arquivo\\\/category\\\/geral\\\/#listItem\",\"position\":2,\"name\":\"Geral\",\"item\":\"https:\\\/\\\/www.jornalja.com.br\\\/arquivo\\\/category\\\/geral\\\/\",\"nextItem\":{\"@type\":\"ListItem\",\"@id\":\"https:\\\/\\\/www.jornalja.com.br\\\/arquivo\\\/deputado-quer-unidades-moveis-para-a-esterilizacao-de-caes-e-gato\\\/#listItem\",\"name\":\"Deputado quer unidades m\\u00f3veis para a esteriliza\\u00e7\\u00e3o de c\\u00e3es e gato\"},\"previousItem\":{\"@type\":\"ListItem\",\"@id\":\"https:\\\/\\\/www.jornalja.com.br\\\/arquivo#listItem\",\"name\":\"Home\"}},{\"@type\":\"ListItem\",\"@id\":\"https:\\\/\\\/www.jornalja.com.br\\\/arquivo\\\/deputado-quer-unidades-moveis-para-a-esterilizacao-de-caes-e-gato\\\/#listItem\",\"position\":3,\"name\":\"Deputado quer unidades m\\u00f3veis para a esteriliza\\u00e7\\u00e3o de c\\u00e3es e gato\",\"previousItem\":{\"@type\":\"ListItem\",\"@id\":\"https:\\\/\\\/www.jornalja.com.br\\\/arquivo\\\/category\\\/geral\\\/#listItem\",\"name\":\"Geral\"}}]},{\"@type\":\"Organization\",\"@id\":\"https:\\\/\\\/www.jornalja.com.br\\\/arquivo\\\/#organization\",\"name\":\"Jornal J\\u00c1\",\"description\":\"Jornal J\\u00c1 | Porto Alegre\",\"url\":\"https:\\\/\\\/www.jornalja.com.br\\\/arquivo\\\/\",\"telephone\":\"+555133307272\",\"logo\":{\"@type\":\"ImageObject\",\"url\":\"https:\\\/\\\/www.jornalja.com.br\\\/wp-content\\\/uploads\\\/cards\\\/JAslogan.png\",\"@id\":\"https:\\\/\\\/www.jornalja.com.br\\\/arquivo\\\/deputado-quer-unidades-moveis-para-a-esterilizacao-de-caes-e-gato\\\/#organizationLogo\"},\"image\":{\"@id\":\"https:\\\/\\\/www.jornalja.com.br\\\/arquivo\\\/deputado-quer-unidades-moveis-para-a-esterilizacao-de-caes-e-gato\\\/#organizationLogo\"}},{\"@type\":\"Person\",\"@id\":\"https:\\\/\\\/www.jornalja.com.br\\\/arquivo\\\/author\\\/daredacao\\\/#author\",\"url\":\"https:\\\/\\\/www.jornalja.com.br\\\/arquivo\\\/author\\\/daredacao\\\/\",\"name\":\"da Reda\\u00e7\\u00e3o\",\"image\":{\"@type\":\"ImageObject\",\"@id\":\"https:\\\/\\\/www.jornalja.com.br\\\/arquivo\\\/deputado-quer-unidades-moveis-para-a-esterilizacao-de-caes-e-gato\\\/#authorImage\",\"url\":\"https:\\\/\\\/secure.gravatar.com\\\/avatar\\\/469fd857d6605ad19919d27ed29d35a968a25f6e8fd9318356bbb7f57aae9c65?s=96&d=mm&r=g\",\"width\":96,\"height\":96,\"caption\":\"da Reda\\u00e7\\u00e3o\"}},{\"@type\":\"WebPage\",\"@id\":\"https:\\\/\\\/www.jornalja.com.br\\\/arquivo\\\/deputado-quer-unidades-moveis-para-a-esterilizacao-de-caes-e-gato\\\/#webpage\",\"url\":\"https:\\\/\\\/www.jornalja.com.br\\\/arquivo\\\/deputado-quer-unidades-moveis-para-a-esterilizacao-de-caes-e-gato\\\/\",\"name\":\"Deputado quer unidades m\\u00f3veis para a esteriliza\\u00e7\\u00e3o de c\\u00e3es e gato | Arquivo\",\"inLanguage\":\"pt-BR\",\"isPartOf\":{\"@id\":\"https:\\\/\\\/www.jornalja.com.br\\\/arquivo\\\/#website\"},\"breadcrumb\":{\"@id\":\"https:\\\/\\\/www.jornalja.com.br\\\/arquivo\\\/deputado-quer-unidades-moveis-para-a-esterilizacao-de-caes-e-gato\\\/#breadcrumblist\"},\"author\":{\"@id\":\"https:\\\/\\\/www.jornalja.com.br\\\/arquivo\\\/author\\\/daredacao\\\/#author\"},\"creator\":{\"@id\":\"https:\\\/\\\/www.jornalja.com.br\\\/arquivo\\\/author\\\/daredacao\\\/#author\"},\"image\":{\"@type\":\"ImageObject\",\"url\":51614,\"@id\":\"https:\\\/\\\/www.jornalja.com.br\\\/arquivo\\\/deputado-quer-unidades-moveis-para-a-esterilizacao-de-caes-e-gato\\\/#mainImage\"},\"primaryImageOfPage\":{\"@id\":\"https:\\\/\\\/www.jornalja.com.br\\\/arquivo\\\/deputado-quer-unidades-moveis-para-a-esterilizacao-de-caes-e-gato\\\/#mainImage\"},\"datePublished\":\"2017-07-17T11:17:47-03:00\",\"dateModified\":\"2017-07-17T11:17:47-03:00\"},{\"@type\":\"WebSite\",\"@id\":\"https:\\\/\\\/www.jornalja.com.br\\\/arquivo\\\/#website\",\"url\":\"https:\\\/\\\/www.jornalja.com.br\\\/arquivo\\\/\",\"name\":\"Arquivo\",\"description\":\"Jornal J\\u00c1 | Porto Alegre\",\"inLanguage\":\"pt-BR\",\"publisher\":{\"@id\":\"https:\\\/\\\/www.jornalja.com.br\\\/arquivo\\\/#organization\"}}]}\n\t\t<\/script>\n\t\t<!-- All in One SEO -->\n\n","aioseo_head_json":{"title":"Deputado quer unidades m\u00f3veis para a esteriliza\u00e7\u00e3o de c\u00e3es e gato | Arquivo","description":"","canonical_url":"https:\/\/www.jornalja.com.br\/arquivo\/deputado-quer-unidades-moveis-para-a-esterilizacao-de-caes-e-gato\/","robots":"max-image-preview:large","keywords":"","webmasterTools":{"miscellaneous":""},"schema":{"@context":"https:\/\/schema.org","@graph":[{"@type":"BlogPosting","@id":"https:\/\/www.jornalja.com.br\/arquivo\/deputado-quer-unidades-moveis-para-a-esterilizacao-de-caes-e-gato\/#blogposting","name":"Deputado quer unidades m\u00f3veis para a esteriliza\u00e7\u00e3o de c\u00e3es e gato | Arquivo","headline":"Deputado quer unidades m\u00f3veis para a esteriliza\u00e7\u00e3o de c\u00e3es e gato","author":{"@id":"https:\/\/www.jornalja.com.br\/arquivo\/author\/daredacao\/#author"},"publisher":{"@id":"https:\/\/www.jornalja.com.br\/arquivo\/#organization"},"image":{"@type":"ImageObject","url":51614},"datePublished":"2017-07-17T11:17:47-03:00","dateModified":"2017-07-17T11:17:47-03:00","inLanguage":"pt-BR","mainEntityOfPage":{"@id":"https:\/\/www.jornalja.com.br\/arquivo\/deputado-quer-unidades-moveis-para-a-esterilizacao-de-caes-e-gato\/#webpage"},"isPartOf":{"@id":"https:\/\/www.jornalja.com.br\/arquivo\/deputado-quer-unidades-moveis-para-a-esterilizacao-de-caes-e-gato\/#webpage"},"articleSection":"Geral"},{"@type":"BreadcrumbList","@id":"https:\/\/www.jornalja.com.br\/arquivo\/deputado-quer-unidades-moveis-para-a-esterilizacao-de-caes-e-gato\/#breadcrumblist","itemListElement":[{"@type":"ListItem","@id":"https:\/\/www.jornalja.com.br\/arquivo#listItem","position":1,"name":"Home","item":"https:\/\/www.jornalja.com.br\/arquivo","nextItem":{"@type":"ListItem","@id":"https:\/\/www.jornalja.com.br\/arquivo\/category\/geral\/#listItem","name":"Geral"}},{"@type":"ListItem","@id":"https:\/\/www.jornalja.com.br\/arquivo\/category\/geral\/#listItem","position":2,"name":"Geral","item":"https:\/\/www.jornalja.com.br\/arquivo\/category\/geral\/","nextItem":{"@type":"ListItem","@id":"https:\/\/www.jornalja.com.br\/arquivo\/deputado-quer-unidades-moveis-para-a-esterilizacao-de-caes-e-gato\/#listItem","name":"Deputado quer unidades m\u00f3veis para a esteriliza\u00e7\u00e3o de c\u00e3es e gato"},"previousItem":{"@type":"ListItem","@id":"https:\/\/www.jornalja.com.br\/arquivo#listItem","name":"Home"}},{"@type":"ListItem","@id":"https:\/\/www.jornalja.com.br\/arquivo\/deputado-quer-unidades-moveis-para-a-esterilizacao-de-caes-e-gato\/#listItem","position":3,"name":"Deputado quer unidades m\u00f3veis para a esteriliza\u00e7\u00e3o de c\u00e3es e gato","previousItem":{"@type":"ListItem","@id":"https:\/\/www.jornalja.com.br\/arquivo\/category\/geral\/#listItem","name":"Geral"}}]},{"@type":"Organization","@id":"https:\/\/www.jornalja.com.br\/arquivo\/#organization","name":"Jornal J\u00c1","description":"Jornal J\u00c1 | Porto Alegre","url":"https:\/\/www.jornalja.com.br\/arquivo\/","telephone":"+555133307272","logo":{"@type":"ImageObject","url":"https:\/\/www.jornalja.com.br\/wp-content\/uploads\/cards\/JAslogan.png","@id":"https:\/\/www.jornalja.com.br\/arquivo\/deputado-quer-unidades-moveis-para-a-esterilizacao-de-caes-e-gato\/#organizationLogo"},"image":{"@id":"https:\/\/www.jornalja.com.br\/arquivo\/deputado-quer-unidades-moveis-para-a-esterilizacao-de-caes-e-gato\/#organizationLogo"}},{"@type":"Person","@id":"https:\/\/www.jornalja.com.br\/arquivo\/author\/daredacao\/#author","url":"https:\/\/www.jornalja.com.br\/arquivo\/author\/daredacao\/","name":"da Reda\u00e7\u00e3o","image":{"@type":"ImageObject","@id":"https:\/\/www.jornalja.com.br\/arquivo\/deputado-quer-unidades-moveis-para-a-esterilizacao-de-caes-e-gato\/#authorImage","url":"https:\/\/secure.gravatar.com\/avatar\/469fd857d6605ad19919d27ed29d35a968a25f6e8fd9318356bbb7f57aae9c65?s=96&d=mm&r=g","width":96,"height":96,"caption":"da Reda\u00e7\u00e3o"}},{"@type":"WebPage","@id":"https:\/\/www.jornalja.com.br\/arquivo\/deputado-quer-unidades-moveis-para-a-esterilizacao-de-caes-e-gato\/#webpage","url":"https:\/\/www.jornalja.com.br\/arquivo\/deputado-quer-unidades-moveis-para-a-esterilizacao-de-caes-e-gato\/","name":"Deputado quer unidades m\u00f3veis para a esteriliza\u00e7\u00e3o de c\u00e3es e gato | Arquivo","inLanguage":"pt-BR","isPartOf":{"@id":"https:\/\/www.jornalja.com.br\/arquivo\/#website"},"breadcrumb":{"@id":"https:\/\/www.jornalja.com.br\/arquivo\/deputado-quer-unidades-moveis-para-a-esterilizacao-de-caes-e-gato\/#breadcrumblist"},"author":{"@id":"https:\/\/www.jornalja.com.br\/arquivo\/author\/daredacao\/#author"},"creator":{"@id":"https:\/\/www.jornalja.com.br\/arquivo\/author\/daredacao\/#author"},"image":{"@type":"ImageObject","url":51614,"@id":"https:\/\/www.jornalja.com.br\/arquivo\/deputado-quer-unidades-moveis-para-a-esterilizacao-de-caes-e-gato\/#mainImage"},"primaryImageOfPage":{"@id":"https:\/\/www.jornalja.com.br\/arquivo\/deputado-quer-unidades-moveis-para-a-esterilizacao-de-caes-e-gato\/#mainImage"},"datePublished":"2017-07-17T11:17:47-03:00","dateModified":"2017-07-17T11:17:47-03:00"},{"@type":"WebSite","@id":"https:\/\/www.jornalja.com.br\/arquivo\/#website","url":"https:\/\/www.jornalja.com.br\/arquivo\/","name":"Arquivo","description":"Jornal J\u00c1 | Porto Alegre","inLanguage":"pt-BR","publisher":{"@id":"https:\/\/www.jornalja.com.br\/arquivo\/#organization"}}]},"og:locale":"pt_BR","og:site_name":"Arquivo | Jornal J\u00c1 | Porto Alegre","og:type":"article","og:title":"Deputado quer unidades m\u00f3veis para a esteriliza\u00e7\u00e3o de c\u00e3es e gato | Arquivo","og:url":"https:\/\/www.jornalja.com.br\/arquivo\/deputado-quer-unidades-moveis-para-a-esterilizacao-de-caes-e-gato\/","og:image":"https:\/\/www.jornalja.com.br\/economics\/wp-content\/uploads\/sites\/11\/2026\/08\/ja-folhaderosto-facebook.jpg","og:image:secure_url":"https:\/\/www.jornalja.com.br\/economics\/wp-content\/uploads\/sites\/11\/2026\/08\/ja-folhaderosto-facebook.jpg","article:published_time":"2017-07-17T14:17:47+00:00","article:modified_time":"2017-07-17T14:17:47+00:00","twitter:card":"summary","twitter:title":"Deputado quer unidades m\u00f3veis para a esteriliza\u00e7\u00e3o de c\u00e3es e gato | Arquivo","twitter:image":"https:\/\/www.jornalja.com.br\/economics\/wp-content\/uploads\/sites\/11\/2026\/08\/ja-folhaderosto-facebook.jpg"},"aioseo_meta_data":{"post_id":"51612","title":null,"description":null,"keywords":null,"keyphrases":null,"primary_term":null,"canonical_url":null,"og_title":null,"og_description":null,"og_object_type":"default","og_image_type":"default","og_image_url":null,"og_image_width":null,"og_image_height":null,"og_image_custom_url":null,"og_image_custom_fields":null,"og_video":null,"og_custom_url":null,"og_article_section":null,"og_article_tags":null,"twitter_use_og":false,"twitter_card":"default","twitter_image_type":"default","twitter_image_url":null,"twitter_image_custom_url":null,"twitter_image_custom_fields":null,"twitter_title":null,"twitter_description":null,"schema":{"blockGraphs":[],"customGraphs":[],"default":{"data":{"Article":[],"Course":[],"Dataset":[],"FAQPage":[],"Movie":[],"Person":[],"Product":[],"ProductReview":[],"Car":[],"Recipe":[],"Service":[],"SoftwareApplication":[],"WebPage":[]},"graphName":"","isEnabled":true},"graphs":[],"defaultGraph":"","defaultPostTypeGraph":""},"schema_type":null,"schema_type_options":null,"pillar_content":false,"robots_default":true,"robots_noindex":false,"robots_noarchive":false,"robots_nosnippet":false,"robots_nofollow":false,"robots_noimageindex":false,"robots_noodp":false,"robots_notranslate":false,"robots_max_snippet":null,"robots_max_videopreview":null,"robots_max_imagepreview":"large","priority":null,"frequency":null,"location":null,"local_seo":null,"breadcrumb_settings":null,"limit_modified_date":false,"ai":null,"created":"2020-12-20 20:29:58","updated":"2025-07-19 23:09:01","seo_analyzer_scan_date":null,"focus_keyword":null,"additional_keywords":null,"truseo_locale":null},"jetpack_sharing_enabled":true,"jetpack-related-posts":[{"id":5440,"url":"https:\/\/www.jornalja.com.br\/arquivo\/casarao-da-venancio-destino-permanece-incerto\/","url_meta":{"origin":51612,"position":0},"title":"Estado ainda n\u00e3o sabe o que fazer com casar\u00e3o abandonado h\u00e1 20 anos","author":"Elmar Bones","date":"6 de julho de 2009","format":false,"excerpt":"O casar\u00e3o amarelo, numa esquina nobre de Porto Alegre (Ven\u00e2ncio Aires com Jo\u00e3o Pessoa), j\u00e1 abrigou uma escola. H\u00e1 duas d\u00e9cadas, pelo menos, est\u00e1 abandonado, porque seu propriet\u00e1rio, o governo do Estado do Rio Grande do Sul, n\u00e3o consegue achar um destino para ele. Planos n\u00e3o faltaram. O governador Ol\u00edvio\u2026","rel":"","context":"Em &quot;X.Categorias velhas&quot;","block_context":{"text":"X.Categorias velhas","link":"https:\/\/www.jornalja.com.br\/arquivo\/category\/x-categorias-velhas\/"},"img":{"alt_text":"geraldo1","src":"https:\/\/i0.wp.com\/www.jornalja.com.br\/wp-content\/uploads\/2009\/07\/geraldo1.jpg?resize=350%2C200&ssl=1","width":350,"height":200},"classes":[]},{"id":13128,"url":"https:\/\/www.jornalja.com.br\/arquivo\/maconha-terra-diz-que-uso-medicinal-e-desculpa\/","url_meta":{"origin":51612,"position":1},"title":"Maconha: Terra diz que uso medicinal \u00e9 desculpa","author":"Patr\u00edcia Marini","date":"4 de junho de 2014","format":false,"excerpt":"A condi\u00e7\u00e3o de pol\u00edtico, em \u00e9poca de campanha de campanha eleitoral, tira for\u00e7a do discurso do m\u00e9dico Osmar Terra contra a legaliza\u00e7\u00e3o da maconha. A tese dele de que a libera\u00e7\u00e3o vai ampliar exponencialmente o consumo \u00e9 discutivel, o consumo \u00e9 corrente. Mas seus alertas quanto aos riscos tem que\u2026","rel":"","context":"Em &quot;X.Categorias velhas&quot;","block_context":{"text":"X.Categorias velhas","link":"https:\/\/www.jornalja.com.br\/arquivo\/category\/x-categorias-velhas\/"},"img":{"alt_text":"","src":"","width":0,"height":0},"classes":[]},{"id":13240,"url":"https:\/\/www.jornalja.com.br\/arquivo\/plano-diretor-estamos-construindo-o-caos\/","url_meta":{"origin":51612,"position":2},"title":"Plano diretor: &quot;Estamos construindo o caos&quot;","author":"Patr\u00edcia Marini","date":"26 de maio de 2014","format":false,"excerpt":"Desabafo que arquiteta Eliana Castilhos, delegada da Regi\u00e3o de Planejamento 1, postou nas redes sociais \u00e9 um testemunho do ambiente que se criou no Conselho do Plano Diretor de Porto Alegre, onde a aprova\u00e7\u00e3o de grandes empreendimentos \u00e9 empurrada guela abaixo dos conselheiros. Ao CMDUA Como delegada da Regi\u00e3o de\u2026","rel":"","context":"Em &quot;Geral&quot;","block_context":{"text":"Geral","link":"https:\/\/www.jornalja.com.br\/arquivo\/category\/geral\/"},"img":{"alt_text":"","src":"","width":0,"height":0},"classes":[]},{"id":14241,"url":"https:\/\/www.jornalja.com.br\/arquivo\/o-guaiba-nas-imagens-poeticas-de-achutti\/","url_meta":{"origin":51612,"position":3},"title":"O Gua\u00edba nas imagens po\u00e9ticas de Achutti","author":"da Reda\u00e7\u00e3o","date":"18 de junho de 2014","format":false,"excerpt":"Em \u201cO Gua\u00edba por Achutti\u201d \u2013 obra financiada via Minist\u00e9rio da Cultura, produ\u00e7\u00e3o executiva de Pedro Longhi, e Fl\u00e1vio Wild como designer \u2013, o fot\u00f3grafo revela a beleza e as mazelas de um espa\u00e7o aqu\u00e1tico de \u00e1guas sempre renovadas, cheio de hist\u00f3rias e lendas como as das cidades que foram\u2026","rel":"","context":"Em &quot;Cultura-Geral&quot;","block_context":{"text":"Cultura-Geral","link":"https:\/\/www.jornalja.com.br\/arquivo\/category\/materiasecundaria\/"},"img":{"alt_text":"","src":"","width":0,"height":0},"classes":[]},{"id":13124,"url":"https:\/\/www.jornalja.com.br\/arquivo\/sangue-latino-no-iecine\/","url_meta":{"origin":51612,"position":4},"title":"Sangue latino no IECINE","author":"da Reda\u00e7\u00e3o","date":"18 de maio de 2014","format":false,"excerpt":"Francisco Ribeiro O Instituto Estadual de Cinema (IECINE) tem a frente, desde abril \u00faltimo, um novo diretor, o cineasta colombiano Juan Zapata, 36, que substitui Luiz Alberto Cassol. Radicado h\u00e1 dez anos em Porto Alegre, Zapata tem diante de si o desafio de conduzir at\u00e9 o final do ano um\u2026","rel":"","context":"Em &quot;Cultura-Geral&quot;","block_context":{"text":"Cultura-Geral","link":"https:\/\/www.jornalja.com.br\/arquivo\/category\/materiasecundaria\/"},"img":{"alt_text":"","src":"","width":0,"height":0},"classes":[]}],"jetpack_shortlink":"https:\/\/wp.me\/pbQjBd-dqs","jetpack_featured_media_url":"","_links":{"self":[{"href":"https:\/\/www.jornalja.com.br\/arquivo\/wp-json\/wp\/v2\/posts\/51612","targetHints":{"allow":["GET"]}}],"collection":[{"href":"https:\/\/www.jornalja.com.br\/arquivo\/wp-json\/wp\/v2\/posts"}],"about":[{"href":"https:\/\/www.jornalja.com.br\/arquivo\/wp-json\/wp\/v2\/types\/post"}],"author":[{"embeddable":true,"href":"https:\/\/www.jornalja.com.br\/arquivo\/wp-json\/wp\/v2\/users\/4"}],"replies":[{"embeddable":true,"href":"https:\/\/www.jornalja.com.br\/arquivo\/wp-json\/wp\/v2\/comments?post=51612"}],"version-history":[{"count":0,"href":"https:\/\/www.jornalja.com.br\/arquivo\/wp-json\/wp\/v2\/posts\/51612\/revisions"}],"wp:attachment":[{"href":"https:\/\/www.jornalja.com.br\/arquivo\/wp-json\/wp\/v2\/media?parent=51612"}],"wp:term":[{"taxonomy":"category","embeddable":true,"href":"https:\/\/www.jornalja.com.br\/arquivo\/wp-json\/wp\/v2\/categories?post=51612"},{"taxonomy":"post_tag","embeddable":true,"href":"https:\/\/www.jornalja.com.br\/arquivo\/wp-json\/wp\/v2\/tags?post=51612"}],"curies":[{"name":"wp","href":"https:\/\/api.w.org\/{rel}","templated":true}]}}