{"id":51636,"date":"2017-07-17T15:54:08","date_gmt":"2017-07-17T18:54:08","guid":{"rendered":"https:\/\/www.jornalja.com.br\/?p=51636"},"modified":"2017-07-17T15:54:08","modified_gmt":"2017-07-17T18:54:08","slug":"cef-reabre-programa-de-desligamento-voluntario-e-espera-adesao-de-55-mil-funcionarios","status":"publish","type":"post","link":"https:\/\/www.jornalja.com.br\/arquivo\/cef-reabre-programa-de-desligamento-voluntario-e-espera-adesao-de-55-mil-funcionarios\/","title":{"rendered":"CEF reabre programa de desligamento volunt\u00e1rio e espera ades\u00e3o de 5,5 mil funcion\u00e1rios"},"content":{"rendered":"<p>A Caixa Econ\u00f4mica Federal (Caixa) reabriu nesta segunda-feira, 17\/07, o Programa de Desligamento Volunt\u00e1rio Extraordin\u00e1rio (PDVE). O per\u00edodo de ades\u00e3o vai at\u00e9 o dia 14 de agosto. O programa \u00e9 voltado aos empregados que desejarem se desligar voluntariamente da empresa e que se enquadrem nas regras estabelecidas pela entidade. O objetivo \u00e9 que o programa alcance 5,5 mil funcion\u00e1rios.<br \/>\nEm fevereiro, foi aberto um PDV com o objetivo de alcan\u00e7ar 10 mil funcion\u00e1rios, dentre os cerca de 30 mil que trabalhavam na empresa. Segundo a Caixa, 4.429 participaram do programa no in\u00edcio do ano.<br \/>\nSegundo a entidade, o incentivo financeiro, de car\u00e1ter indenizat\u00f3rio, ser\u00e1 equivalente a dez remunera\u00e7\u00f5es base do empregado, limitado a R$ 500 mil, considerando como refer\u00eancia a data de 31 de junho. O benef\u00edcio ser\u00e1 pago em parcela \u00fanica, sem incid\u00eancia de Imposto de Renda (IR), recolhimento de encargos sociais e contribui\u00e7\u00e3o \u00e0 Funda\u00e7\u00e3o dos Economi\u00e1rios Federais (Funcef).<br \/>\nPodem aderir ao programa os empregados aposentados pelo INSS at\u00e9 a data de desligamento, sem exig\u00eancia de tempo m\u00ednimo de efetivo exerc\u00edcio na Caixa; os aptos a se aposentarem pelo INSS at\u00e9 30 de dezembro, tamb\u00e9m sem exig\u00eancia de tempo; os com, no m\u00ednimo, 15 anos de trabalho na Caixa, no contrato de trabalho vigente, at\u00e9 a data de desligamento; ou ainda os com adicional de incorpora\u00e7\u00e3o de fun\u00e7\u00e3o de confian\u00e7a\/cargo em comiss\u00e3o\/fun\u00e7\u00e3o gratificada at\u00e9 a data de desligamento, tamb\u00e9m sem exig\u00eancia de tempo na Caixa.<br \/>\nSegundo o banco, o objetivo \u00e9 ajustar a estrutura ao cen\u00e1rio competitivo e econ\u00f4mico atual, buscando mais efici\u00eancia. A op\u00e7\u00e3o pela ades\u00e3o fica a crit\u00e9rio do empregado. A Caixa analisar\u00e1 a proposta e poder\u00e1 acat\u00e1-la ou recus\u00e1-la. O desligamento ocorrer\u00e1 por meio de rescis\u00e3o do contrato de trabalho a pedido, dispensando-se o cumprimento de aviso pr\u00e9vio. O desligamento dos funcion\u00e1rios que aderirem ao PDV deve ocorrer de 24 de julho a 25 de agosto, conforme o banco.<\/p>\n","protected":false},"excerpt":{"rendered":"<p>A Caixa Econ\u00f4mica Federal (Caixa) reabriu nesta segunda-feira, 17\/07, o Programa de Desligamento Volunt\u00e1rio Extraordin\u00e1rio (PDVE). O per\u00edodo de ades\u00e3o vai at\u00e9 o dia 14 de agosto. O programa \u00e9 voltado aos empregados que desejarem se desligar voluntariamente da empresa e que se enquadrem nas regras estabelecidas pela entidade. O objetivo \u00e9 que o programa [&hellip;]<\/p>\n","protected":false},"author":4,"featured_media":0,"comment_status":"open","ping_status":"closed","sticky":false,"template":"","format":"standard","meta":{"_jetpack_newsletter_access":"","_jetpack_dont_email_post_to_subs":false,"_jetpack_newsletter_tier_id":0,"_jetpack_memberships_contains_paywalled_content":false,"_jetpack_feature_clip_id":0,"_jetpack_memberships_contains_paid_content":false,"footnotes":"","jetpack_post_was_ever_published":false},"categories":[2022],"tags":[],"class_list":["post-51636","post","type-post","status-publish","format-standard","hentry","category-notas"],"aioseo_notices":[],"aioseo_head":"\n\t\t<!-- All in One SEO 5.0.1.1 - aioseo.com -->\n\t<meta name=\"robots\" content=\"max-image-preview:large\" \/>\n\t<meta name=\"author\" content=\"da Reda\u00e7\u00e3o\"\/>\n\t<link rel=\"canonical\" href=\"https:\/\/www.jornalja.com.br\/arquivo\/cef-reabre-programa-de-desligamento-voluntario-e-espera-adesao-de-55-mil-funcionarios\/\" \/>\n\t<meta name=\"generator\" content=\"All in One SEO (AIOSEO) 5.0.1.1\" \/>\n\t\t<meta property=\"og:locale\" content=\"pt_BR\" \/>\n\t\t<meta property=\"og:site_name\" content=\"Arquivo | Jornal J\u00c1 | Porto Alegre\" \/>\n\t\t<meta property=\"og:type\" content=\"article\" \/>\n\t\t<meta property=\"og:title\" content=\"CEF reabre programa de desligamento volunt\u00e1rio e espera ades\u00e3o de 5,5 mil funcion\u00e1rios | Arquivo\" \/>\n\t\t<meta property=\"og:url\" content=\"https:\/\/www.jornalja.com.br\/arquivo\/cef-reabre-programa-de-desligamento-voluntario-e-espera-adesao-de-55-mil-funcionarios\/\" \/>\n\t\t<meta property=\"og:image\" content=\"https:\/\/www.jornalja.com.br\/economics\/wp-content\/uploads\/sites\/11\/2026\/08\/ja-folhaderosto-facebook.jpg\" \/>\n\t\t<meta property=\"og:image:secure_url\" content=\"https:\/\/www.jornalja.com.br\/economics\/wp-content\/uploads\/sites\/11\/2026\/08\/ja-folhaderosto-facebook.jpg\" \/>\n\t\t<meta property=\"article:published_time\" content=\"2017-07-17T18:54:08+00:00\" \/>\n\t\t<meta property=\"article:modified_time\" content=\"2017-07-17T18:54:08+00:00\" \/>\n\t\t<meta name=\"twitter:card\" content=\"summary\" \/>\n\t\t<meta name=\"twitter:title\" content=\"CEF reabre programa de desligamento volunt\u00e1rio e espera ades\u00e3o de 5,5 mil funcion\u00e1rios | Arquivo\" \/>\n\t\t<meta name=\"twitter:image\" content=\"https:\/\/www.jornalja.com.br\/economics\/wp-content\/uploads\/sites\/11\/2026\/08\/ja-folhaderosto-facebook.jpg\" \/>\n\t\t<script type=\"application\/ld+json\" class=\"aioseo-schema\">\n\t\t\t{\"@context\":\"https:\\\/\\\/schema.org\",\"@graph\":[{\"@type\":\"BlogPosting\",\"@id\":\"https:\\\/\\\/www.jornalja.com.br\\\/arquivo\\\/cef-reabre-programa-de-desligamento-voluntario-e-espera-adesao-de-55-mil-funcionarios\\\/#blogposting\",\"name\":\"CEF reabre programa de desligamento volunt\\u00e1rio e espera ades\\u00e3o de 5,5 mil funcion\\u00e1rios | Arquivo\",\"headline\":\"CEF reabre programa de desligamento volunt\\u00e1rio e espera ades\\u00e3o de 5,5 mil funcion\\u00e1rios\",\"author\":{\"@id\":\"https:\\\/\\\/www.jornalja.com.br\\\/arquivo\\\/author\\\/daredacao\\\/#author\"},\"publisher\":{\"@id\":\"https:\\\/\\\/www.jornalja.com.br\\\/arquivo\\\/#organization\"},\"image\":{\"@type\":\"ImageObject\",\"url\":\"https:\\\/\\\/www.jornalja.com.br\\\/wp-content\\\/uploads\\\/cards\\\/JAslogan.png\",\"@id\":\"https:\\\/\\\/www.jornalja.com.br\\\/arquivo\\\/#articleImage\"},\"datePublished\":\"2017-07-17T15:54:08-03:00\",\"dateModified\":\"2017-07-17T15:54:08-03:00\",\"inLanguage\":\"pt-BR\",\"mainEntityOfPage\":{\"@id\":\"https:\\\/\\\/www.jornalja.com.br\\\/arquivo\\\/cef-reabre-programa-de-desligamento-voluntario-e-espera-adesao-de-55-mil-funcionarios\\\/#webpage\"},\"isPartOf\":{\"@id\":\"https:\\\/\\\/www.jornalja.com.br\\\/arquivo\\\/cef-reabre-programa-de-desligamento-voluntario-e-espera-adesao-de-55-mil-funcionarios\\\/#webpage\"},\"articleSection\":\"NOTAS\"},{\"@type\":\"BreadcrumbList\",\"@id\":\"https:\\\/\\\/www.jornalja.com.br\\\/arquivo\\\/cef-reabre-programa-de-desligamento-voluntario-e-espera-adesao-de-55-mil-funcionarios\\\/#breadcrumblist\",\"itemListElement\":[{\"@type\":\"ListItem\",\"@id\":\"https:\\\/\\\/www.jornalja.com.br\\\/arquivo#listItem\",\"position\":1,\"name\":\"Home\",\"item\":\"https:\\\/\\\/www.jornalja.com.br\\\/arquivo\",\"nextItem\":{\"@type\":\"ListItem\",\"@id\":\"https:\\\/\\\/www.jornalja.com.br\\\/arquivo\\\/category\\\/notas\\\/#listItem\",\"name\":\"NOTAS\"}},{\"@type\":\"ListItem\",\"@id\":\"https:\\\/\\\/www.jornalja.com.br\\\/arquivo\\\/category\\\/notas\\\/#listItem\",\"position\":2,\"name\":\"NOTAS\",\"item\":\"https:\\\/\\\/www.jornalja.com.br\\\/arquivo\\\/category\\\/notas\\\/\",\"nextItem\":{\"@type\":\"ListItem\",\"@id\":\"https:\\\/\\\/www.jornalja.com.br\\\/arquivo\\\/cef-reabre-programa-de-desligamento-voluntario-e-espera-adesao-de-55-mil-funcionarios\\\/#listItem\",\"name\":\"CEF reabre programa de desligamento volunt\\u00e1rio e espera ades\\u00e3o de 5,5 mil funcion\\u00e1rios\"},\"previousItem\":{\"@type\":\"ListItem\",\"@id\":\"https:\\\/\\\/www.jornalja.com.br\\\/arquivo#listItem\",\"name\":\"Home\"}},{\"@type\":\"ListItem\",\"@id\":\"https:\\\/\\\/www.jornalja.com.br\\\/arquivo\\\/cef-reabre-programa-de-desligamento-voluntario-e-espera-adesao-de-55-mil-funcionarios\\\/#listItem\",\"position\":3,\"name\":\"CEF reabre programa de desligamento volunt\\u00e1rio e espera ades\\u00e3o de 5,5 mil funcion\\u00e1rios\",\"previousItem\":{\"@type\":\"ListItem\",\"@id\":\"https:\\\/\\\/www.jornalja.com.br\\\/arquivo\\\/category\\\/notas\\\/#listItem\",\"name\":\"NOTAS\"}}]},{\"@type\":\"Organization\",\"@id\":\"https:\\\/\\\/www.jornalja.com.br\\\/arquivo\\\/#organization\",\"name\":\"Jornal J\\u00c1\",\"description\":\"Jornal J\\u00c1 | Porto Alegre\",\"url\":\"https:\\\/\\\/www.jornalja.com.br\\\/arquivo\\\/\",\"telephone\":\"+555133307272\",\"logo\":{\"@type\":\"ImageObject\",\"url\":\"https:\\\/\\\/www.jornalja.com.br\\\/wp-content\\\/uploads\\\/cards\\\/JAslogan.png\",\"@id\":\"https:\\\/\\\/www.jornalja.com.br\\\/arquivo\\\/cef-reabre-programa-de-desligamento-voluntario-e-espera-adesao-de-55-mil-funcionarios\\\/#organizationLogo\"},\"image\":{\"@id\":\"https:\\\/\\\/www.jornalja.com.br\\\/arquivo\\\/cef-reabre-programa-de-desligamento-voluntario-e-espera-adesao-de-55-mil-funcionarios\\\/#organizationLogo\"}},{\"@type\":\"Person\",\"@id\":\"https:\\\/\\\/www.jornalja.com.br\\\/arquivo\\\/author\\\/daredacao\\\/#author\",\"url\":\"https:\\\/\\\/www.jornalja.com.br\\\/arquivo\\\/author\\\/daredacao\\\/\",\"name\":\"da Reda\\u00e7\\u00e3o\",\"image\":{\"@type\":\"ImageObject\",\"@id\":\"https:\\\/\\\/www.jornalja.com.br\\\/arquivo\\\/cef-reabre-programa-de-desligamento-voluntario-e-espera-adesao-de-55-mil-funcionarios\\\/#authorImage\",\"url\":\"https:\\\/\\\/secure.gravatar.com\\\/avatar\\\/469fd857d6605ad19919d27ed29d35a968a25f6e8fd9318356bbb7f57aae9c65?s=96&d=mm&r=g\",\"width\":96,\"height\":96,\"caption\":\"da Reda\\u00e7\\u00e3o\"}},{\"@type\":\"WebPage\",\"@id\":\"https:\\\/\\\/www.jornalja.com.br\\\/arquivo\\\/cef-reabre-programa-de-desligamento-voluntario-e-espera-adesao-de-55-mil-funcionarios\\\/#webpage\",\"url\":\"https:\\\/\\\/www.jornalja.com.br\\\/arquivo\\\/cef-reabre-programa-de-desligamento-voluntario-e-espera-adesao-de-55-mil-funcionarios\\\/\",\"name\":\"CEF reabre programa de desligamento volunt\\u00e1rio e espera ades\\u00e3o de 5,5 mil funcion\\u00e1rios | Arquivo\",\"inLanguage\":\"pt-BR\",\"isPartOf\":{\"@id\":\"https:\\\/\\\/www.jornalja.com.br\\\/arquivo\\\/#website\"},\"breadcrumb\":{\"@id\":\"https:\\\/\\\/www.jornalja.com.br\\\/arquivo\\\/cef-reabre-programa-de-desligamento-voluntario-e-espera-adesao-de-55-mil-funcionarios\\\/#breadcrumblist\"},\"author\":{\"@id\":\"https:\\\/\\\/www.jornalja.com.br\\\/arquivo\\\/author\\\/daredacao\\\/#author\"},\"creator\":{\"@id\":\"https:\\\/\\\/www.jornalja.com.br\\\/arquivo\\\/author\\\/daredacao\\\/#author\"},\"datePublished\":\"2017-07-17T15:54:08-03:00\",\"dateModified\":\"2017-07-17T15:54:08-03:00\"},{\"@type\":\"WebSite\",\"@id\":\"https:\\\/\\\/www.jornalja.com.br\\\/arquivo\\\/#website\",\"url\":\"https:\\\/\\\/www.jornalja.com.br\\\/arquivo\\\/\",\"name\":\"Arquivo\",\"description\":\"Jornal J\\u00c1 | Porto Alegre\",\"inLanguage\":\"pt-BR\",\"publisher\":{\"@id\":\"https:\\\/\\\/www.jornalja.com.br\\\/arquivo\\\/#organization\"}}]}\n\t\t<\/script>\n\t\t<!-- All in One SEO -->\n\n","aioseo_head_json":{"title":"CEF reabre programa de desligamento volunt\u00e1rio e espera ades\u00e3o de 5,5 mil funcion\u00e1rios | Arquivo","description":"","canonical_url":"https:\/\/www.jornalja.com.br\/arquivo\/cef-reabre-programa-de-desligamento-voluntario-e-espera-adesao-de-55-mil-funcionarios\/","robots":"max-image-preview:large","keywords":"","webmasterTools":{"miscellaneous":""},"schema":{"@context":"https:\/\/schema.org","@graph":[{"@type":"BlogPosting","@id":"https:\/\/www.jornalja.com.br\/arquivo\/cef-reabre-programa-de-desligamento-voluntario-e-espera-adesao-de-55-mil-funcionarios\/#blogposting","name":"CEF reabre programa de desligamento volunt\u00e1rio e espera ades\u00e3o de 5,5 mil funcion\u00e1rios | Arquivo","headline":"CEF reabre programa de desligamento volunt\u00e1rio e espera ades\u00e3o de 5,5 mil funcion\u00e1rios","author":{"@id":"https:\/\/www.jornalja.com.br\/arquivo\/author\/daredacao\/#author"},"publisher":{"@id":"https:\/\/www.jornalja.com.br\/arquivo\/#organization"},"image":{"@type":"ImageObject","url":"https:\/\/www.jornalja.com.br\/wp-content\/uploads\/cards\/JAslogan.png","@id":"https:\/\/www.jornalja.com.br\/arquivo\/#articleImage"},"datePublished":"2017-07-17T15:54:08-03:00","dateModified":"2017-07-17T15:54:08-03:00","inLanguage":"pt-BR","mainEntityOfPage":{"@id":"https:\/\/www.jornalja.com.br\/arquivo\/cef-reabre-programa-de-desligamento-voluntario-e-espera-adesao-de-55-mil-funcionarios\/#webpage"},"isPartOf":{"@id":"https:\/\/www.jornalja.com.br\/arquivo\/cef-reabre-programa-de-desligamento-voluntario-e-espera-adesao-de-55-mil-funcionarios\/#webpage"},"articleSection":"NOTAS"},{"@type":"BreadcrumbList","@id":"https:\/\/www.jornalja.com.br\/arquivo\/cef-reabre-programa-de-desligamento-voluntario-e-espera-adesao-de-55-mil-funcionarios\/#breadcrumblist","itemListElement":[{"@type":"ListItem","@id":"https:\/\/www.jornalja.com.br\/arquivo#listItem","position":1,"name":"Home","item":"https:\/\/www.jornalja.com.br\/arquivo","nextItem":{"@type":"ListItem","@id":"https:\/\/www.jornalja.com.br\/arquivo\/category\/notas\/#listItem","name":"NOTAS"}},{"@type":"ListItem","@id":"https:\/\/www.jornalja.com.br\/arquivo\/category\/notas\/#listItem","position":2,"name":"NOTAS","item":"https:\/\/www.jornalja.com.br\/arquivo\/category\/notas\/","nextItem":{"@type":"ListItem","@id":"https:\/\/www.jornalja.com.br\/arquivo\/cef-reabre-programa-de-desligamento-voluntario-e-espera-adesao-de-55-mil-funcionarios\/#listItem","name":"CEF reabre programa de desligamento volunt\u00e1rio e espera ades\u00e3o de 5,5 mil funcion\u00e1rios"},"previousItem":{"@type":"ListItem","@id":"https:\/\/www.jornalja.com.br\/arquivo#listItem","name":"Home"}},{"@type":"ListItem","@id":"https:\/\/www.jornalja.com.br\/arquivo\/cef-reabre-programa-de-desligamento-voluntario-e-espera-adesao-de-55-mil-funcionarios\/#listItem","position":3,"name":"CEF reabre programa de desligamento volunt\u00e1rio e espera ades\u00e3o de 5,5 mil funcion\u00e1rios","previousItem":{"@type":"ListItem","@id":"https:\/\/www.jornalja.com.br\/arquivo\/category\/notas\/#listItem","name":"NOTAS"}}]},{"@type":"Organization","@id":"https:\/\/www.jornalja.com.br\/arquivo\/#organization","name":"Jornal J\u00c1","description":"Jornal J\u00c1 | Porto Alegre","url":"https:\/\/www.jornalja.com.br\/arquivo\/","telephone":"+555133307272","logo":{"@type":"ImageObject","url":"https:\/\/www.jornalja.com.br\/wp-content\/uploads\/cards\/JAslogan.png","@id":"https:\/\/www.jornalja.com.br\/arquivo\/cef-reabre-programa-de-desligamento-voluntario-e-espera-adesao-de-55-mil-funcionarios\/#organizationLogo"},"image":{"@id":"https:\/\/www.jornalja.com.br\/arquivo\/cef-reabre-programa-de-desligamento-voluntario-e-espera-adesao-de-55-mil-funcionarios\/#organizationLogo"}},{"@type":"Person","@id":"https:\/\/www.jornalja.com.br\/arquivo\/author\/daredacao\/#author","url":"https:\/\/www.jornalja.com.br\/arquivo\/author\/daredacao\/","name":"da Reda\u00e7\u00e3o","image":{"@type":"ImageObject","@id":"https:\/\/www.jornalja.com.br\/arquivo\/cef-reabre-programa-de-desligamento-voluntario-e-espera-adesao-de-55-mil-funcionarios\/#authorImage","url":"https:\/\/secure.gravatar.com\/avatar\/469fd857d6605ad19919d27ed29d35a968a25f6e8fd9318356bbb7f57aae9c65?s=96&d=mm&r=g","width":96,"height":96,"caption":"da Reda\u00e7\u00e3o"}},{"@type":"WebPage","@id":"https:\/\/www.jornalja.com.br\/arquivo\/cef-reabre-programa-de-desligamento-voluntario-e-espera-adesao-de-55-mil-funcionarios\/#webpage","url":"https:\/\/www.jornalja.com.br\/arquivo\/cef-reabre-programa-de-desligamento-voluntario-e-espera-adesao-de-55-mil-funcionarios\/","name":"CEF reabre programa de desligamento volunt\u00e1rio e espera ades\u00e3o de 5,5 mil funcion\u00e1rios | Arquivo","inLanguage":"pt-BR","isPartOf":{"@id":"https:\/\/www.jornalja.com.br\/arquivo\/#website"},"breadcrumb":{"@id":"https:\/\/www.jornalja.com.br\/arquivo\/cef-reabre-programa-de-desligamento-voluntario-e-espera-adesao-de-55-mil-funcionarios\/#breadcrumblist"},"author":{"@id":"https:\/\/www.jornalja.com.br\/arquivo\/author\/daredacao\/#author"},"creator":{"@id":"https:\/\/www.jornalja.com.br\/arquivo\/author\/daredacao\/#author"},"datePublished":"2017-07-17T15:54:08-03:00","dateModified":"2017-07-17T15:54:08-03:00"},{"@type":"WebSite","@id":"https:\/\/www.jornalja.com.br\/arquivo\/#website","url":"https:\/\/www.jornalja.com.br\/arquivo\/","name":"Arquivo","description":"Jornal J\u00c1 | Porto Alegre","inLanguage":"pt-BR","publisher":{"@id":"https:\/\/www.jornalja.com.br\/arquivo\/#organization"}}]},"og:locale":"pt_BR","og:site_name":"Arquivo | Jornal J\u00c1 | Porto Alegre","og:type":"article","og:title":"CEF reabre programa de desligamento volunt\u00e1rio e espera ades\u00e3o de 5,5 mil funcion\u00e1rios | Arquivo","og:url":"https:\/\/www.jornalja.com.br\/arquivo\/cef-reabre-programa-de-desligamento-voluntario-e-espera-adesao-de-55-mil-funcionarios\/","og:image":"https:\/\/www.jornalja.com.br\/economics\/wp-content\/uploads\/sites\/11\/2026\/08\/ja-folhaderosto-facebook.jpg","og:image:secure_url":"https:\/\/www.jornalja.com.br\/economics\/wp-content\/uploads\/sites\/11\/2026\/08\/ja-folhaderosto-facebook.jpg","article:published_time":"2017-07-17T18:54:08+00:00","article:modified_time":"2017-07-17T18:54:08+00:00","twitter:card":"summary","twitter:title":"CEF reabre programa de desligamento volunt\u00e1rio e espera ades\u00e3o de 5,5 mil funcion\u00e1rios | Arquivo","twitter:image":"https:\/\/www.jornalja.com.br\/economics\/wp-content\/uploads\/sites\/11\/2026\/08\/ja-folhaderosto-facebook.jpg"},"aioseo_meta_data":{"post_id":"51636","title":null,"description":null,"keywords":null,"keyphrases":null,"primary_term":null,"canonical_url":null,"og_title":null,"og_description":null,"og_object_type":"default","og_image_type":"default","og_image_url":null,"og_image_width":null,"og_image_height":null,"og_image_custom_url":null,"og_image_custom_fields":null,"og_video":null,"og_custom_url":null,"og_article_section":null,"og_article_tags":null,"twitter_use_og":false,"twitter_card":"default","twitter_image_type":"default","twitter_image_url":null,"twitter_image_custom_url":null,"twitter_image_custom_fields":null,"twitter_title":null,"twitter_description":null,"schema":{"blockGraphs":[],"customGraphs":[],"default":{"data":{"Article":[],"Course":[],"Dataset":[],"FAQPage":[],"Movie":[],"Person":[],"Product":[],"ProductReview":[],"Car":[],"Recipe":[],"Service":[],"SoftwareApplication":[],"WebPage":[]},"graphName":"","isEnabled":true},"graphs":[],"defaultGraph":"","defaultPostTypeGraph":""},"schema_type":null,"schema_type_options":null,"pillar_content":false,"robots_default":true,"robots_noindex":false,"robots_noarchive":false,"robots_nosnippet":false,"robots_nofollow":false,"robots_noimageindex":false,"robots_noodp":false,"robots_notranslate":false,"robots_max_snippet":null,"robots_max_videopreview":null,"robots_max_imagepreview":"large","priority":null,"frequency":null,"location":null,"local_seo":null,"breadcrumb_settings":null,"limit_modified_date":false,"ai":null,"created":"2020-12-20 20:29:58","updated":"2025-07-19 23:12:28","seo_analyzer_scan_date":null,"focus_keyword":null,"additional_keywords":null,"truseo_locale":null},"jetpack_sharing_enabled":true,"jetpack-related-posts":[{"id":12960,"url":"https:\/\/www.jornalja.com.br\/arquivo\/populacao-culpa-empresas-pela-greve-dos-rodoviarios\/","url_meta":{"origin":51636,"position":0},"title":"Popula\u00e7\u00e3o culpa empresas pela greve","author":"Patr\u00edcia Marini","date":"14 de fevereiro de 2014","format":false,"excerpt":"Pesquisa divulgada na edi\u00e7\u00e3o do jornal Metro desta sexta-feira,14, comprova o velho ditado: \u00e9 poss\u00edvel enganar muitos por algum tempo, mas n\u00e3o \u00e9 poss\u00edvel enganar a todos o tempo inteiro. A principal revela\u00e7\u00e3o foi que 59,8% dos entrevistados apontaram as empresas como as principais respons\u00e1veis pela grave e 46% culparam\u2026","rel":"","context":"Em &quot;X.Categorias velhas&quot;","block_context":{"text":"X.Categorias velhas","link":"https:\/\/www.jornalja.com.br\/arquivo\/category\/x-categorias-velhas\/"},"img":{"alt_text":"","src":"","width":0,"height":0},"classes":[]},{"id":13101,"url":"https:\/\/www.jornalja.com.br\/arquivo\/morre-um-guerreiro-do-texto\/","url_meta":{"origin":51636,"position":1},"title":"Morre um guerreiro do texto","author":"Patr\u00edcia Marini","date":"14 de maio de 2014","format":false,"excerpt":"Por Ricardo Kotscho Reproduzido do blog do autor, 11\/5\/2014; t\u00edtulo original \u201cE l\u00e1 se foi o nosso Myltainho, guerreiro do texto\u201d. Mi\u00fado e franzino, meu amigo Myltainho era um valente e inconformado guerreiro na luta contra as injusti\u00e7as sociais, a hipocrisia, as maracutaias, o autoritarismo, a intoler\u00e2ncia, a viol\u00eancia, o\u2026","rel":"","context":"Em &quot;Geral&quot;","block_context":{"text":"Geral","link":"https:\/\/www.jornalja.com.br\/arquivo\/category\/geral\/"},"img":{"alt_text":"","src":"","width":0,"height":0},"classes":[]},{"id":5440,"url":"https:\/\/www.jornalja.com.br\/arquivo\/casarao-da-venancio-destino-permanece-incerto\/","url_meta":{"origin":51636,"position":2},"title":"Estado ainda n\u00e3o sabe o que fazer com casar\u00e3o abandonado h\u00e1 20 anos","author":"Elmar Bones","date":"6 de julho de 2009","format":false,"excerpt":"O casar\u00e3o amarelo, numa esquina nobre de Porto Alegre (Ven\u00e2ncio Aires com Jo\u00e3o Pessoa), j\u00e1 abrigou uma escola. H\u00e1 duas d\u00e9cadas, pelo menos, est\u00e1 abandonado, porque seu propriet\u00e1rio, o governo do Estado do Rio Grande do Sul, n\u00e3o consegue achar um destino para ele. Planos n\u00e3o faltaram. O governador Ol\u00edvio\u2026","rel":"","context":"Em &quot;X.Categorias velhas&quot;","block_context":{"text":"X.Categorias velhas","link":"https:\/\/www.jornalja.com.br\/arquivo\/category\/x-categorias-velhas\/"},"img":{"alt_text":"geraldo1","src":"https:\/\/i0.wp.com\/www.jornalja.com.br\/wp-content\/uploads\/2009\/07\/geraldo1.jpg?resize=350%2C200&ssl=1","width":350,"height":200},"classes":[]},{"id":13124,"url":"https:\/\/www.jornalja.com.br\/arquivo\/sangue-latino-no-iecine\/","url_meta":{"origin":51636,"position":3},"title":"Sangue latino no IECINE","author":"da Reda\u00e7\u00e3o","date":"18 de maio de 2014","format":false,"excerpt":"Francisco Ribeiro O Instituto Estadual de Cinema (IECINE) tem a frente, desde abril \u00faltimo, um novo diretor, o cineasta colombiano Juan Zapata, 36, que substitui Luiz Alberto Cassol. Radicado h\u00e1 dez anos em Porto Alegre, Zapata tem diante de si o desafio de conduzir at\u00e9 o final do ano um\u2026","rel":"","context":"Em &quot;Cultura-Geral&quot;","block_context":{"text":"Cultura-Geral","link":"https:\/\/www.jornalja.com.br\/arquivo\/category\/materiasecundaria\/"},"img":{"alt_text":"","src":"","width":0,"height":0},"classes":[]}],"jetpack_shortlink":"https:\/\/wp.me\/pbQjBd-dqQ","jetpack_featured_media_url":"","_links":{"self":[{"href":"https:\/\/www.jornalja.com.br\/arquivo\/wp-json\/wp\/v2\/posts\/51636","targetHints":{"allow":["GET"]}}],"collection":[{"href":"https:\/\/www.jornalja.com.br\/arquivo\/wp-json\/wp\/v2\/posts"}],"about":[{"href":"https:\/\/www.jornalja.com.br\/arquivo\/wp-json\/wp\/v2\/types\/post"}],"author":[{"embeddable":true,"href":"https:\/\/www.jornalja.com.br\/arquivo\/wp-json\/wp\/v2\/users\/4"}],"replies":[{"embeddable":true,"href":"https:\/\/www.jornalja.com.br\/arquivo\/wp-json\/wp\/v2\/comments?post=51636"}],"version-history":[{"count":0,"href":"https:\/\/www.jornalja.com.br\/arquivo\/wp-json\/wp\/v2\/posts\/51636\/revisions"}],"wp:attachment":[{"href":"https:\/\/www.jornalja.com.br\/arquivo\/wp-json\/wp\/v2\/media?parent=51636"}],"wp:term":[{"taxonomy":"category","embeddable":true,"href":"https:\/\/www.jornalja.com.br\/arquivo\/wp-json\/wp\/v2\/categories?post=51636"},{"taxonomy":"post_tag","embeddable":true,"href":"https:\/\/www.jornalja.com.br\/arquivo\/wp-json\/wp\/v2\/tags?post=51636"}],"curies":[{"name":"wp","href":"https:\/\/api.w.org\/{rel}","templated":true}]}}