{"id":51646,"date":"2017-07-17T18:34:17","date_gmt":"2017-07-17T21:34:17","guid":{"rendered":"https:\/\/www.jornalja.com.br\/?p=51646"},"modified":"2017-07-17T18:34:17","modified_gmt":"2017-07-17T21:34:17","slug":"instituto-estadual-do-livro-prorroga-inscricoes-para-o-concurso-nacional-de-contos-josue-guimaraes","status":"publish","type":"post","link":"https:\/\/www.jornalja.com.br\/arquivo\/instituto-estadual-do-livro-prorroga-inscricoes-para-o-concurso-nacional-de-contos-josue-guimaraes\/","title":{"rendered":"Instituto Estadual do Livro prorroga inscri\u00e7\u00f5es para o Concurso Nacional de Contos Josu\u00e9 Guimar\u00e3es"},"content":{"rendered":"<p>Com prazo final previsto para o dia 10 de julho, as inscri\u00e7\u00f5es para o 14\u00ba Concurso Nacional de Contos Josu\u00e9 Guimar\u00e3es foram prorrogadas at\u00e9 o dia 28 deste m\u00eas. O concurso faz parte da programa\u00e7\u00e3o da Jornada Nacional de Literatura de Passo Fundo e \u00e9 destinado a contistas com obras in\u00e9ditas.<br \/>\nOs primeiros colocados ser\u00e3o premiados com R$ 5 mil e R$ 3 mil e poder\u00e3o ter seus textos\u00a0editados em antologia organizada pelo Instituto Estadual do Livro (IEL), \u00f3rg\u00e3o da Secretaria da Cultura, Turismo, Esporte e Lazer (Sedactel), e publicados em coedi\u00e7\u00e3o com a Funda\u00e7\u00e3o Universidade de Passo Fundo (UPF) e Prefeitura de Passo Fundo, que s\u00e3o promotoras da iniciativa.<br \/>\n<strong>Como participar<\/strong><br \/>\nPodem participar contistas com textos n\u00e3o publicados, inclusive na internet. Os originais devem ser apresentados em quatro vias, em formato A4, digitados em uma s\u00f3 face, espa\u00e7amento duplo entre linhas, fonte Times Roman, tamanho 12, e identificados apenas com o pseud\u00f4nimo do autor.<br \/>\nTodas as vias devem ser reunidas em \u00fanico envelope, no qual dever\u00e3o constar o t\u00edtulo do concurso e o pseud\u00f4nimo do autor. Nesse mesmo envelope deve ser colocado outro envelope, contendo a identifica\u00e7\u00e3o do autor, seu endere\u00e7o completo, telefone, um breve curr\u00edculo e a indica\u00e7\u00e3o dos t\u00edtulos dos contos.<br \/>\nOs interessados devem entregar ou enviar via correio dois textos para a sede do IEL (Rua Andr\u00e9 Puente, 318, bairro Independ\u00eancia, Porto Alegre\/RS, CEP 90035-150). N\u00e3o s\u00e3o aceitas inscri\u00e7\u00f5es por e-mail. O\u00a0nome dos vencedores ser\u00e1 divulgado na abertura da 16\u00aa Jornada Nacional de Literatura, no dia 2 de outubro, no Portal das Linguagens\/UPF.<br \/>\n<strong>O concurso<\/strong><br \/>\nEm 2017, quando ser\u00e3o celebrados os 36 anos das Jornadas Liter\u00e1rias, acontece a 14\u00aa edi\u00e7\u00e3o do Concurso Nacional de Contos Josu\u00e9 Guimar\u00e3es. Iniciado em 1988, o concurso homenageia o jornalista e escritor sul-rio-grandense que apoiou a cria\u00e7\u00e3o e a expans\u00e3o das Jornadas Liter\u00e1rias de Passo Fundo, que se realizam a cada dois anos, desde 1981.\u00a0Ap\u00f3s uma interrup\u00e7\u00e3o desde 2015, o evento volta a ser realizado, de 2 a 6 de outubro, com patroc\u00ednio do Banrisul, Corsan, Cia. Zaffari &amp; Bourbon e apoio do IEL (Sedactel) e Minist\u00e9rio da Cultura, al\u00e9m da parceria cultural do Sesc, entre outras empresas e \u00f3rg\u00e3os.<br \/>\n<strong>SERVI\u00c7O<\/strong><br \/>\nPrazo: At\u00e9 28 de julho<br \/>\nRegulamento:\u00a0<a href=\"http:\/\/www.upf.br\/16jornada\/14-concurso-de-contos-josue-guimaraes\">http:\/\/www.upf.br\/16jornada\/14-concurso-de-contos-josue-guimaraes<\/a><br \/>\nInscri\u00e7\u00f5es: Via correio ou pessoalmente, na sede do IEL (Rua\u00a0Andr\u00e9 Puente, 318, bairro Independ\u00eancia, Porto Alegre\/RS, CEP 90035-150)<br \/>\nInforma\u00e7\u00f5es:\u00a0<a href=\"mailto:iel@sedac.rs.gov.br\">iel@sedactel.rs.gov.br<\/a>\u00a0e (51) 3314-6450<\/p>\n","protected":false},"excerpt":{"rendered":"<p>Com prazo final previsto para o dia 10 de julho, as inscri\u00e7\u00f5es para o 14\u00ba Concurso Nacional de Contos Josu\u00e9 Guimar\u00e3es foram prorrogadas at\u00e9 o dia 28 deste m\u00eas. O concurso faz parte da programa\u00e7\u00e3o da Jornada Nacional de Literatura de Passo Fundo e \u00e9 destinado a contistas com obras in\u00e9ditas. Os primeiros colocados ser\u00e3o [&hellip;]<\/p>\n","protected":false},"author":4,"featured_media":0,"comment_status":"open","ping_status":"closed","sticky":false,"template":"","format":"standard","meta":{"_jetpack_newsletter_access":"","_jetpack_dont_email_post_to_subs":false,"_jetpack_newsletter_tier_id":0,"_jetpack_memberships_contains_paywalled_content":false,"_jetpack_feature_clip_id":0,"_jetpack_memberships_contains_paid_content":false,"footnotes":"","jetpack_post_was_ever_published":false},"categories":[2017],"tags":[],"class_list":["post-51646","post","type-post","status-publish","format-standard","hentry","category-culturanotas"],"aioseo_notices":[],"aioseo_head":"\n\t\t<!-- All in One SEO 5.0.1.1 - aioseo.com -->\n\t<meta name=\"robots\" content=\"max-image-preview:large\" \/>\n\t<meta name=\"author\" content=\"da Reda\u00e7\u00e3o\"\/>\n\t<link rel=\"canonical\" href=\"https:\/\/www.jornalja.com.br\/arquivo\/instituto-estadual-do-livro-prorroga-inscricoes-para-o-concurso-nacional-de-contos-josue-guimaraes\/\" \/>\n\t<meta name=\"generator\" content=\"All in One SEO (AIOSEO) 5.0.1.1\" \/>\n\t\t<meta property=\"og:locale\" content=\"pt_BR\" \/>\n\t\t<meta property=\"og:site_name\" content=\"Arquivo | Jornal J\u00c1 | Porto Alegre\" \/>\n\t\t<meta property=\"og:type\" content=\"article\" \/>\n\t\t<meta property=\"og:title\" content=\"Instituto Estadual do Livro prorroga inscri\u00e7\u00f5es para o Concurso Nacional de Contos Josu\u00e9 Guimar\u00e3es | Arquivo\" \/>\n\t\t<meta property=\"og:url\" content=\"https:\/\/www.jornalja.com.br\/arquivo\/instituto-estadual-do-livro-prorroga-inscricoes-para-o-concurso-nacional-de-contos-josue-guimaraes\/\" \/>\n\t\t<meta property=\"og:image\" content=\"https:\/\/www.jornalja.com.br\/economics\/wp-content\/uploads\/sites\/11\/2026\/08\/ja-folhaderosto-facebook.jpg\" \/>\n\t\t<meta property=\"og:image:secure_url\" content=\"https:\/\/www.jornalja.com.br\/economics\/wp-content\/uploads\/sites\/11\/2026\/08\/ja-folhaderosto-facebook.jpg\" \/>\n\t\t<meta property=\"article:published_time\" content=\"2017-07-17T21:34:17+00:00\" \/>\n\t\t<meta property=\"article:modified_time\" content=\"2017-07-17T21:34:17+00:00\" \/>\n\t\t<meta name=\"twitter:card\" content=\"summary\" \/>\n\t\t<meta name=\"twitter:title\" content=\"Instituto Estadual do Livro prorroga inscri\u00e7\u00f5es para o Concurso Nacional de Contos Josu\u00e9 Guimar\u00e3es | Arquivo\" \/>\n\t\t<meta name=\"twitter:image\" content=\"https:\/\/www.jornalja.com.br\/economics\/wp-content\/uploads\/sites\/11\/2026\/08\/ja-folhaderosto-facebook.jpg\" \/>\n\t\t<script type=\"application\/ld+json\" class=\"aioseo-schema\">\n\t\t\t{\"@context\":\"https:\\\/\\\/schema.org\",\"@graph\":[{\"@type\":\"BlogPosting\",\"@id\":\"https:\\\/\\\/www.jornalja.com.br\\\/arquivo\\\/instituto-estadual-do-livro-prorroga-inscricoes-para-o-concurso-nacional-de-contos-josue-guimaraes\\\/#blogposting\",\"name\":\"Instituto Estadual do Livro prorroga inscri\\u00e7\\u00f5es para o Concurso Nacional de Contos Josu\\u00e9 Guimar\\u00e3es | Arquivo\",\"headline\":\"Instituto Estadual do Livro prorroga inscri\\u00e7\\u00f5es para o Concurso Nacional de Contos Josu\\u00e9 Guimar\\u00e3es\",\"author\":{\"@id\":\"https:\\\/\\\/www.jornalja.com.br\\\/arquivo\\\/author\\\/daredacao\\\/#author\"},\"publisher\":{\"@id\":\"https:\\\/\\\/www.jornalja.com.br\\\/arquivo\\\/#organization\"},\"image\":{\"@type\":\"ImageObject\",\"url\":\"https:\\\/\\\/www.jornalja.com.br\\\/wp-content\\\/uploads\\\/cards\\\/JAslogan.png\",\"@id\":\"https:\\\/\\\/www.jornalja.com.br\\\/arquivo\\\/#articleImage\"},\"datePublished\":\"2017-07-17T18:34:17-03:00\",\"dateModified\":\"2017-07-17T18:34:17-03:00\",\"inLanguage\":\"pt-BR\",\"mainEntityOfPage\":{\"@id\":\"https:\\\/\\\/www.jornalja.com.br\\\/arquivo\\\/instituto-estadual-do-livro-prorroga-inscricoes-para-o-concurso-nacional-de-contos-josue-guimaraes\\\/#webpage\"},\"isPartOf\":{\"@id\":\"https:\\\/\\\/www.jornalja.com.br\\\/arquivo\\\/instituto-estadual-do-livro-prorroga-inscricoes-para-o-concurso-nacional-de-contos-josue-guimaraes\\\/#webpage\"},\"articleSection\":\"Cultura-notas\"},{\"@type\":\"BreadcrumbList\",\"@id\":\"https:\\\/\\\/www.jornalja.com.br\\\/arquivo\\\/instituto-estadual-do-livro-prorroga-inscricoes-para-o-concurso-nacional-de-contos-josue-guimaraes\\\/#breadcrumblist\",\"itemListElement\":[{\"@type\":\"ListItem\",\"@id\":\"https:\\\/\\\/www.jornalja.com.br\\\/arquivo#listItem\",\"position\":1,\"name\":\"Home\",\"item\":\"https:\\\/\\\/www.jornalja.com.br\\\/arquivo\",\"nextItem\":{\"@type\":\"ListItem\",\"@id\":\"https:\\\/\\\/www.jornalja.com.br\\\/arquivo\\\/category\\\/culturanotas\\\/#listItem\",\"name\":\"Cultura-notas\"}},{\"@type\":\"ListItem\",\"@id\":\"https:\\\/\\\/www.jornalja.com.br\\\/arquivo\\\/category\\\/culturanotas\\\/#listItem\",\"position\":2,\"name\":\"Cultura-notas\",\"item\":\"https:\\\/\\\/www.jornalja.com.br\\\/arquivo\\\/category\\\/culturanotas\\\/\",\"nextItem\":{\"@type\":\"ListItem\",\"@id\":\"https:\\\/\\\/www.jornalja.com.br\\\/arquivo\\\/instituto-estadual-do-livro-prorroga-inscricoes-para-o-concurso-nacional-de-contos-josue-guimaraes\\\/#listItem\",\"name\":\"Instituto Estadual do Livro prorroga inscri\\u00e7\\u00f5es para o Concurso Nacional de Contos Josu\\u00e9 Guimar\\u00e3es\"},\"previousItem\":{\"@type\":\"ListItem\",\"@id\":\"https:\\\/\\\/www.jornalja.com.br\\\/arquivo#listItem\",\"name\":\"Home\"}},{\"@type\":\"ListItem\",\"@id\":\"https:\\\/\\\/www.jornalja.com.br\\\/arquivo\\\/instituto-estadual-do-livro-prorroga-inscricoes-para-o-concurso-nacional-de-contos-josue-guimaraes\\\/#listItem\",\"position\":3,\"name\":\"Instituto Estadual do Livro prorroga inscri\\u00e7\\u00f5es para o Concurso Nacional de Contos Josu\\u00e9 Guimar\\u00e3es\",\"previousItem\":{\"@type\":\"ListItem\",\"@id\":\"https:\\\/\\\/www.jornalja.com.br\\\/arquivo\\\/category\\\/culturanotas\\\/#listItem\",\"name\":\"Cultura-notas\"}}]},{\"@type\":\"Organization\",\"@id\":\"https:\\\/\\\/www.jornalja.com.br\\\/arquivo\\\/#organization\",\"name\":\"Jornal J\\u00c1\",\"description\":\"Jornal J\\u00c1 | Porto Alegre\",\"url\":\"https:\\\/\\\/www.jornalja.com.br\\\/arquivo\\\/\",\"telephone\":\"+555133307272\",\"logo\":{\"@type\":\"ImageObject\",\"url\":\"https:\\\/\\\/www.jornalja.com.br\\\/wp-content\\\/uploads\\\/cards\\\/JAslogan.png\",\"@id\":\"https:\\\/\\\/www.jornalja.com.br\\\/arquivo\\\/instituto-estadual-do-livro-prorroga-inscricoes-para-o-concurso-nacional-de-contos-josue-guimaraes\\\/#organizationLogo\"},\"image\":{\"@id\":\"https:\\\/\\\/www.jornalja.com.br\\\/arquivo\\\/instituto-estadual-do-livro-prorroga-inscricoes-para-o-concurso-nacional-de-contos-josue-guimaraes\\\/#organizationLogo\"}},{\"@type\":\"Person\",\"@id\":\"https:\\\/\\\/www.jornalja.com.br\\\/arquivo\\\/author\\\/daredacao\\\/#author\",\"url\":\"https:\\\/\\\/www.jornalja.com.br\\\/arquivo\\\/author\\\/daredacao\\\/\",\"name\":\"da Reda\\u00e7\\u00e3o\",\"image\":{\"@type\":\"ImageObject\",\"@id\":\"https:\\\/\\\/www.jornalja.com.br\\\/arquivo\\\/instituto-estadual-do-livro-prorroga-inscricoes-para-o-concurso-nacional-de-contos-josue-guimaraes\\\/#authorImage\",\"url\":\"https:\\\/\\\/secure.gravatar.com\\\/avatar\\\/469fd857d6605ad19919d27ed29d35a968a25f6e8fd9318356bbb7f57aae9c65?s=96&d=mm&r=g\",\"width\":96,\"height\":96,\"caption\":\"da Reda\\u00e7\\u00e3o\"}},{\"@type\":\"WebPage\",\"@id\":\"https:\\\/\\\/www.jornalja.com.br\\\/arquivo\\\/instituto-estadual-do-livro-prorroga-inscricoes-para-o-concurso-nacional-de-contos-josue-guimaraes\\\/#webpage\",\"url\":\"https:\\\/\\\/www.jornalja.com.br\\\/arquivo\\\/instituto-estadual-do-livro-prorroga-inscricoes-para-o-concurso-nacional-de-contos-josue-guimaraes\\\/\",\"name\":\"Instituto Estadual do Livro prorroga inscri\\u00e7\\u00f5es para o Concurso Nacional de Contos Josu\\u00e9 Guimar\\u00e3es | Arquivo\",\"inLanguage\":\"pt-BR\",\"isPartOf\":{\"@id\":\"https:\\\/\\\/www.jornalja.com.br\\\/arquivo\\\/#website\"},\"breadcrumb\":{\"@id\":\"https:\\\/\\\/www.jornalja.com.br\\\/arquivo\\\/instituto-estadual-do-livro-prorroga-inscricoes-para-o-concurso-nacional-de-contos-josue-guimaraes\\\/#breadcrumblist\"},\"author\":{\"@id\":\"https:\\\/\\\/www.jornalja.com.br\\\/arquivo\\\/author\\\/daredacao\\\/#author\"},\"creator\":{\"@id\":\"https:\\\/\\\/www.jornalja.com.br\\\/arquivo\\\/author\\\/daredacao\\\/#author\"},\"datePublished\":\"2017-07-17T18:34:17-03:00\",\"dateModified\":\"2017-07-17T18:34:17-03:00\"},{\"@type\":\"WebSite\",\"@id\":\"https:\\\/\\\/www.jornalja.com.br\\\/arquivo\\\/#website\",\"url\":\"https:\\\/\\\/www.jornalja.com.br\\\/arquivo\\\/\",\"name\":\"Arquivo\",\"description\":\"Jornal J\\u00c1 | Porto Alegre\",\"inLanguage\":\"pt-BR\",\"publisher\":{\"@id\":\"https:\\\/\\\/www.jornalja.com.br\\\/arquivo\\\/#organization\"}}]}\n\t\t<\/script>\n\t\t<!-- All in One SEO -->\n\n","aioseo_head_json":{"title":"Instituto Estadual do Livro prorroga inscri\u00e7\u00f5es para o Concurso Nacional de Contos Josu\u00e9 Guimar\u00e3es | Arquivo","description":"","canonical_url":"https:\/\/www.jornalja.com.br\/arquivo\/instituto-estadual-do-livro-prorroga-inscricoes-para-o-concurso-nacional-de-contos-josue-guimaraes\/","robots":"max-image-preview:large","keywords":"","webmasterTools":{"miscellaneous":""},"schema":{"@context":"https:\/\/schema.org","@graph":[{"@type":"BlogPosting","@id":"https:\/\/www.jornalja.com.br\/arquivo\/instituto-estadual-do-livro-prorroga-inscricoes-para-o-concurso-nacional-de-contos-josue-guimaraes\/#blogposting","name":"Instituto Estadual do Livro prorroga inscri\u00e7\u00f5es para o Concurso Nacional de Contos Josu\u00e9 Guimar\u00e3es | Arquivo","headline":"Instituto Estadual do Livro prorroga inscri\u00e7\u00f5es para o Concurso Nacional de Contos Josu\u00e9 Guimar\u00e3es","author":{"@id":"https:\/\/www.jornalja.com.br\/arquivo\/author\/daredacao\/#author"},"publisher":{"@id":"https:\/\/www.jornalja.com.br\/arquivo\/#organization"},"image":{"@type":"ImageObject","url":"https:\/\/www.jornalja.com.br\/wp-content\/uploads\/cards\/JAslogan.png","@id":"https:\/\/www.jornalja.com.br\/arquivo\/#articleImage"},"datePublished":"2017-07-17T18:34:17-03:00","dateModified":"2017-07-17T18:34:17-03:00","inLanguage":"pt-BR","mainEntityOfPage":{"@id":"https:\/\/www.jornalja.com.br\/arquivo\/instituto-estadual-do-livro-prorroga-inscricoes-para-o-concurso-nacional-de-contos-josue-guimaraes\/#webpage"},"isPartOf":{"@id":"https:\/\/www.jornalja.com.br\/arquivo\/instituto-estadual-do-livro-prorroga-inscricoes-para-o-concurso-nacional-de-contos-josue-guimaraes\/#webpage"},"articleSection":"Cultura-notas"},{"@type":"BreadcrumbList","@id":"https:\/\/www.jornalja.com.br\/arquivo\/instituto-estadual-do-livro-prorroga-inscricoes-para-o-concurso-nacional-de-contos-josue-guimaraes\/#breadcrumblist","itemListElement":[{"@type":"ListItem","@id":"https:\/\/www.jornalja.com.br\/arquivo#listItem","position":1,"name":"Home","item":"https:\/\/www.jornalja.com.br\/arquivo","nextItem":{"@type":"ListItem","@id":"https:\/\/www.jornalja.com.br\/arquivo\/category\/culturanotas\/#listItem","name":"Cultura-notas"}},{"@type":"ListItem","@id":"https:\/\/www.jornalja.com.br\/arquivo\/category\/culturanotas\/#listItem","position":2,"name":"Cultura-notas","item":"https:\/\/www.jornalja.com.br\/arquivo\/category\/culturanotas\/","nextItem":{"@type":"ListItem","@id":"https:\/\/www.jornalja.com.br\/arquivo\/instituto-estadual-do-livro-prorroga-inscricoes-para-o-concurso-nacional-de-contos-josue-guimaraes\/#listItem","name":"Instituto Estadual do Livro prorroga inscri\u00e7\u00f5es para o Concurso Nacional de Contos Josu\u00e9 Guimar\u00e3es"},"previousItem":{"@type":"ListItem","@id":"https:\/\/www.jornalja.com.br\/arquivo#listItem","name":"Home"}},{"@type":"ListItem","@id":"https:\/\/www.jornalja.com.br\/arquivo\/instituto-estadual-do-livro-prorroga-inscricoes-para-o-concurso-nacional-de-contos-josue-guimaraes\/#listItem","position":3,"name":"Instituto Estadual do Livro prorroga inscri\u00e7\u00f5es para o Concurso Nacional de Contos Josu\u00e9 Guimar\u00e3es","previousItem":{"@type":"ListItem","@id":"https:\/\/www.jornalja.com.br\/arquivo\/category\/culturanotas\/#listItem","name":"Cultura-notas"}}]},{"@type":"Organization","@id":"https:\/\/www.jornalja.com.br\/arquivo\/#organization","name":"Jornal J\u00c1","description":"Jornal J\u00c1 | Porto Alegre","url":"https:\/\/www.jornalja.com.br\/arquivo\/","telephone":"+555133307272","logo":{"@type":"ImageObject","url":"https:\/\/www.jornalja.com.br\/wp-content\/uploads\/cards\/JAslogan.png","@id":"https:\/\/www.jornalja.com.br\/arquivo\/instituto-estadual-do-livro-prorroga-inscricoes-para-o-concurso-nacional-de-contos-josue-guimaraes\/#organizationLogo"},"image":{"@id":"https:\/\/www.jornalja.com.br\/arquivo\/instituto-estadual-do-livro-prorroga-inscricoes-para-o-concurso-nacional-de-contos-josue-guimaraes\/#organizationLogo"}},{"@type":"Person","@id":"https:\/\/www.jornalja.com.br\/arquivo\/author\/daredacao\/#author","url":"https:\/\/www.jornalja.com.br\/arquivo\/author\/daredacao\/","name":"da Reda\u00e7\u00e3o","image":{"@type":"ImageObject","@id":"https:\/\/www.jornalja.com.br\/arquivo\/instituto-estadual-do-livro-prorroga-inscricoes-para-o-concurso-nacional-de-contos-josue-guimaraes\/#authorImage","url":"https:\/\/secure.gravatar.com\/avatar\/469fd857d6605ad19919d27ed29d35a968a25f6e8fd9318356bbb7f57aae9c65?s=96&d=mm&r=g","width":96,"height":96,"caption":"da Reda\u00e7\u00e3o"}},{"@type":"WebPage","@id":"https:\/\/www.jornalja.com.br\/arquivo\/instituto-estadual-do-livro-prorroga-inscricoes-para-o-concurso-nacional-de-contos-josue-guimaraes\/#webpage","url":"https:\/\/www.jornalja.com.br\/arquivo\/instituto-estadual-do-livro-prorroga-inscricoes-para-o-concurso-nacional-de-contos-josue-guimaraes\/","name":"Instituto Estadual do Livro prorroga inscri\u00e7\u00f5es para o Concurso Nacional de Contos Josu\u00e9 Guimar\u00e3es | Arquivo","inLanguage":"pt-BR","isPartOf":{"@id":"https:\/\/www.jornalja.com.br\/arquivo\/#website"},"breadcrumb":{"@id":"https:\/\/www.jornalja.com.br\/arquivo\/instituto-estadual-do-livro-prorroga-inscricoes-para-o-concurso-nacional-de-contos-josue-guimaraes\/#breadcrumblist"},"author":{"@id":"https:\/\/www.jornalja.com.br\/arquivo\/author\/daredacao\/#author"},"creator":{"@id":"https:\/\/www.jornalja.com.br\/arquivo\/author\/daredacao\/#author"},"datePublished":"2017-07-17T18:34:17-03:00","dateModified":"2017-07-17T18:34:17-03:00"},{"@type":"WebSite","@id":"https:\/\/www.jornalja.com.br\/arquivo\/#website","url":"https:\/\/www.jornalja.com.br\/arquivo\/","name":"Arquivo","description":"Jornal J\u00c1 | Porto Alegre","inLanguage":"pt-BR","publisher":{"@id":"https:\/\/www.jornalja.com.br\/arquivo\/#organization"}}]},"og:locale":"pt_BR","og:site_name":"Arquivo | Jornal J\u00c1 | Porto Alegre","og:type":"article","og:title":"Instituto Estadual do Livro prorroga inscri\u00e7\u00f5es para o Concurso Nacional de Contos Josu\u00e9 Guimar\u00e3es | Arquivo","og:url":"https:\/\/www.jornalja.com.br\/arquivo\/instituto-estadual-do-livro-prorroga-inscricoes-para-o-concurso-nacional-de-contos-josue-guimaraes\/","og:image":"https:\/\/www.jornalja.com.br\/economics\/wp-content\/uploads\/sites\/11\/2026\/08\/ja-folhaderosto-facebook.jpg","og:image:secure_url":"https:\/\/www.jornalja.com.br\/economics\/wp-content\/uploads\/sites\/11\/2026\/08\/ja-folhaderosto-facebook.jpg","article:published_time":"2017-07-17T21:34:17+00:00","article:modified_time":"2017-07-17T21:34:17+00:00","twitter:card":"summary","twitter:title":"Instituto Estadual do Livro prorroga inscri\u00e7\u00f5es para o Concurso Nacional de Contos Josu\u00e9 Guimar\u00e3es | Arquivo","twitter:image":"https:\/\/www.jornalja.com.br\/economics\/wp-content\/uploads\/sites\/11\/2026\/08\/ja-folhaderosto-facebook.jpg"},"aioseo_meta_data":{"post_id":"51646","title":null,"description":null,"keywords":null,"keyphrases":null,"primary_term":null,"canonical_url":null,"og_title":null,"og_description":null,"og_object_type":"default","og_image_type":"default","og_image_url":null,"og_image_width":null,"og_image_height":null,"og_image_custom_url":null,"og_image_custom_fields":null,"og_video":null,"og_custom_url":null,"og_article_section":null,"og_article_tags":null,"twitter_use_og":false,"twitter_card":"default","twitter_image_type":"default","twitter_image_url":null,"twitter_image_custom_url":null,"twitter_image_custom_fields":null,"twitter_title":null,"twitter_description":null,"schema":{"blockGraphs":[],"customGraphs":[],"default":{"data":{"Article":[],"Course":[],"Dataset":[],"FAQPage":[],"Movie":[],"Person":[],"Product":[],"ProductReview":[],"Car":[],"Recipe":[],"Service":[],"SoftwareApplication":[],"WebPage":[]},"graphName":"","isEnabled":true},"graphs":[],"defaultGraph":"","defaultPostTypeGraph":""},"schema_type":null,"schema_type_options":null,"pillar_content":false,"robots_default":true,"robots_noindex":false,"robots_noarchive":false,"robots_nosnippet":false,"robots_nofollow":false,"robots_noimageindex":false,"robots_noodp":false,"robots_notranslate":false,"robots_max_snippet":null,"robots_max_videopreview":null,"robots_max_imagepreview":"large","priority":null,"frequency":null,"location":null,"local_seo":null,"breadcrumb_settings":null,"limit_modified_date":false,"ai":null,"created":"2020-12-20 20:29:58","updated":"2025-07-19 23:12:28","seo_analyzer_scan_date":null,"focus_keyword":null,"additional_keywords":null,"truseo_locale":null},"jetpack_sharing_enabled":true,"jetpack-related-posts":[{"id":13101,"url":"https:\/\/www.jornalja.com.br\/arquivo\/morre-um-guerreiro-do-texto\/","url_meta":{"origin":51646,"position":0},"title":"Morre um guerreiro do texto","author":"Patr\u00edcia Marini","date":"14 de maio de 2014","format":false,"excerpt":"Por Ricardo Kotscho Reproduzido do blog do autor, 11\/5\/2014; t\u00edtulo original \u201cE l\u00e1 se foi o nosso Myltainho, guerreiro do texto\u201d. Mi\u00fado e franzino, meu amigo Myltainho era um valente e inconformado guerreiro na luta contra as injusti\u00e7as sociais, a hipocrisia, as maracutaias, o autoritarismo, a intoler\u00e2ncia, a viol\u00eancia, o\u2026","rel":"","context":"Em &quot;Geral&quot;","block_context":{"text":"Geral","link":"https:\/\/www.jornalja.com.br\/arquivo\/category\/geral\/"},"img":{"alt_text":"","src":"","width":0,"height":0},"classes":[]},{"id":14241,"url":"https:\/\/www.jornalja.com.br\/arquivo\/o-guaiba-nas-imagens-poeticas-de-achutti\/","url_meta":{"origin":51646,"position":1},"title":"O Gua\u00edba nas imagens po\u00e9ticas de Achutti","author":"da Reda\u00e7\u00e3o","date":"18 de junho de 2014","format":false,"excerpt":"Em \u201cO Gua\u00edba por Achutti\u201d \u2013 obra financiada via Minist\u00e9rio da Cultura, produ\u00e7\u00e3o executiva de Pedro Longhi, e Fl\u00e1vio Wild como designer \u2013, o fot\u00f3grafo revela a beleza e as mazelas de um espa\u00e7o aqu\u00e1tico de \u00e1guas sempre renovadas, cheio de hist\u00f3rias e lendas como as das cidades que foram\u2026","rel":"","context":"Em &quot;Cultura-Geral&quot;","block_context":{"text":"Cultura-Geral","link":"https:\/\/www.jornalja.com.br\/arquivo\/category\/materiasecundaria\/"},"img":{"alt_text":"","src":"","width":0,"height":0},"classes":[]},{"id":13124,"url":"https:\/\/www.jornalja.com.br\/arquivo\/sangue-latino-no-iecine\/","url_meta":{"origin":51646,"position":2},"title":"Sangue latino no IECINE","author":"da Reda\u00e7\u00e3o","date":"18 de maio de 2014","format":false,"excerpt":"Francisco Ribeiro O Instituto Estadual de Cinema (IECINE) tem a frente, desde abril \u00faltimo, um novo diretor, o cineasta colombiano Juan Zapata, 36, que substitui Luiz Alberto Cassol. Radicado h\u00e1 dez anos em Porto Alegre, Zapata tem diante de si o desafio de conduzir at\u00e9 o final do ano um\u2026","rel":"","context":"Em &quot;Cultura-Geral&quot;","block_context":{"text":"Cultura-Geral","link":"https:\/\/www.jornalja.com.br\/arquivo\/category\/materiasecundaria\/"},"img":{"alt_text":"","src":"","width":0,"height":0},"classes":[]},{"id":13240,"url":"https:\/\/www.jornalja.com.br\/arquivo\/plano-diretor-estamos-construindo-o-caos\/","url_meta":{"origin":51646,"position":3},"title":"Plano diretor: &quot;Estamos construindo o caos&quot;","author":"Patr\u00edcia Marini","date":"26 de maio de 2014","format":false,"excerpt":"Desabafo que arquiteta Eliana Castilhos, delegada da Regi\u00e3o de Planejamento 1, postou nas redes sociais \u00e9 um testemunho do ambiente que se criou no Conselho do Plano Diretor de Porto Alegre, onde a aprova\u00e7\u00e3o de grandes empreendimentos \u00e9 empurrada guela abaixo dos conselheiros. Ao CMDUA Como delegada da Regi\u00e3o de\u2026","rel":"","context":"Em &quot;Geral&quot;","block_context":{"text":"Geral","link":"https:\/\/www.jornalja.com.br\/arquivo\/category\/geral\/"},"img":{"alt_text":"","src":"","width":0,"height":0},"classes":[]},{"id":5440,"url":"https:\/\/www.jornalja.com.br\/arquivo\/casarao-da-venancio-destino-permanece-incerto\/","url_meta":{"origin":51646,"position":4},"title":"Estado ainda n\u00e3o sabe o que fazer com casar\u00e3o abandonado h\u00e1 20 anos","author":"Elmar Bones","date":"6 de julho de 2009","format":false,"excerpt":"O casar\u00e3o amarelo, numa esquina nobre de Porto Alegre (Ven\u00e2ncio Aires com Jo\u00e3o Pessoa), j\u00e1 abrigou uma escola. H\u00e1 duas d\u00e9cadas, pelo menos, est\u00e1 abandonado, porque seu propriet\u00e1rio, o governo do Estado do Rio Grande do Sul, n\u00e3o consegue achar um destino para ele. Planos n\u00e3o faltaram. O governador Ol\u00edvio\u2026","rel":"","context":"Em &quot;X.Categorias velhas&quot;","block_context":{"text":"X.Categorias velhas","link":"https:\/\/www.jornalja.com.br\/arquivo\/category\/x-categorias-velhas\/"},"img":{"alt_text":"geraldo1","src":"https:\/\/i0.wp.com\/www.jornalja.com.br\/wp-content\/uploads\/2009\/07\/geraldo1.jpg?resize=350%2C200&ssl=1","width":350,"height":200},"classes":[]},{"id":12960,"url":"https:\/\/www.jornalja.com.br\/arquivo\/populacao-culpa-empresas-pela-greve-dos-rodoviarios\/","url_meta":{"origin":51646,"position":5},"title":"Popula\u00e7\u00e3o culpa empresas pela greve","author":"Patr\u00edcia Marini","date":"14 de fevereiro de 2014","format":false,"excerpt":"Pesquisa divulgada na edi\u00e7\u00e3o do jornal Metro desta sexta-feira,14, comprova o velho ditado: \u00e9 poss\u00edvel enganar muitos por algum tempo, mas n\u00e3o \u00e9 poss\u00edvel enganar a todos o tempo inteiro. A principal revela\u00e7\u00e3o foi que 59,8% dos entrevistados apontaram as empresas como as principais respons\u00e1veis pela grave e 46% culparam\u2026","rel":"","context":"Em &quot;X.Categorias velhas&quot;","block_context":{"text":"X.Categorias velhas","link":"https:\/\/www.jornalja.com.br\/arquivo\/category\/x-categorias-velhas\/"},"img":{"alt_text":"","src":"","width":0,"height":0},"classes":[]}],"jetpack_shortlink":"https:\/\/wp.me\/pbQjBd-dr0","jetpack_featured_media_url":"","_links":{"self":[{"href":"https:\/\/www.jornalja.com.br\/arquivo\/wp-json\/wp\/v2\/posts\/51646","targetHints":{"allow":["GET"]}}],"collection":[{"href":"https:\/\/www.jornalja.com.br\/arquivo\/wp-json\/wp\/v2\/posts"}],"about":[{"href":"https:\/\/www.jornalja.com.br\/arquivo\/wp-json\/wp\/v2\/types\/post"}],"author":[{"embeddable":true,"href":"https:\/\/www.jornalja.com.br\/arquivo\/wp-json\/wp\/v2\/users\/4"}],"replies":[{"embeddable":true,"href":"https:\/\/www.jornalja.com.br\/arquivo\/wp-json\/wp\/v2\/comments?post=51646"}],"version-history":[{"count":0,"href":"https:\/\/www.jornalja.com.br\/arquivo\/wp-json\/wp\/v2\/posts\/51646\/revisions"}],"wp:attachment":[{"href":"https:\/\/www.jornalja.com.br\/arquivo\/wp-json\/wp\/v2\/media?parent=51646"}],"wp:term":[{"taxonomy":"category","embeddable":true,"href":"https:\/\/www.jornalja.com.br\/arquivo\/wp-json\/wp\/v2\/categories?post=51646"},{"taxonomy":"post_tag","embeddable":true,"href":"https:\/\/www.jornalja.com.br\/arquivo\/wp-json\/wp\/v2\/tags?post=51646"}],"curies":[{"name":"wp","href":"https:\/\/api.w.org\/{rel}","templated":true}]}}