{"id":51654,"date":"2017-07-18T10:40:25","date_gmt":"2017-07-18T13:40:25","guid":{"rendered":"https:\/\/www.jornalja.com.br\/?p=51654"},"modified":"2017-07-18T10:40:25","modified_gmt":"2017-07-18T13:40:25","slug":"abertas-as-inscricoes-para-o-premio-pioneiras-da-ecologia","status":"publish","type":"post","link":"https:\/\/www.jornalja.com.br\/arquivo\/abertas-as-inscricoes-para-o-premio-pioneiras-da-ecologia\/","title":{"rendered":"Abertas as inscri\u00e7\u00f5es para o Pr\u00eamio Pioneiras da Ecologia"},"content":{"rendered":"<p>Est\u00e3o abertas at\u00e9 o dia 29 de setembro as inscri\u00e7\u00f5es para o Pr\u00eamio Pioneiras da Ecologia, conferido pela Mesa Diretora e pela Comiss\u00e3o de Sa\u00fade e Meio Ambiente da Assembleia Legislativa do RS.<br \/>\nO concurso, institu\u00eddo em 2012, tem o prop\u00f3sito de promover o reconhecimento p\u00fablico \u00e0s pessoas e institui\u00e7\u00f5es que se destacam em a\u00e7\u00f5es que contribuem para o fortalecimento de um\u00a0meio ambiente ecologicamente sustent\u00e1vel.<br \/>\nOs candidatos poder\u00e3o concorrer nas categorias Individual ou Institucional. A primeira delas engloba as subcategorias Rural (para indiv\u00edduos que atuam no meio rural), Ativismo Pol\u00edtico (para indiv\u00edduos envolvidos em iniciativas de cidadania relacionadas ao desenvolvimento sustent\u00e1vel) e Profissional (para profissionais que se destacam em temas socioambientais ou em \u00e1reas t\u00e9cnicas e de pesquisa, que contribuem para a sustentabilidade socioambiental).<br \/>\nA categoria Institucional tamb\u00e9m prev\u00ea tr\u00eas subcategorias: Organiza\u00e7\u00e3o Socioambiental ou Socioecon\u00f4mica (para organiza\u00e7\u00f5es associativas, cooperativas, organiza\u00e7\u00f5es n\u00e3o governamentais ou organiza\u00e7\u00f5es sociais de interesse p\u00fablico que atuem na \u00e1rea de sustentabilidade socioambiental),Gera\u00e7\u00e3o e Acesso ao Conhecimento (para institui\u00e7\u00f5es de educa\u00e7\u00e3o, pesquisa e extens\u00e3o, que tenham a\u00e7\u00e3o na \u00e1rea da sustentabilidade socioambiental) e Cadeia Produtiva (para empresas que desenvolvam a\u00e7\u00f5es na perspectiva da sustentabilidade socioambiental).<br \/>\nPara concorrer, \u00e9 preciso preencher o formul\u00e1rio obtido no\u00a0site da Assembleia, pelo\u00a0link\u00a0<a href=\"http:\/\/www2.al.rs.gov.br\/inscricoes\/FICHA_DE_INSCRICAO.pdf\">http:\/\/www2.al.rs.gov.br\/inscricoes\/FICHA_DE_INSCRICAO.pdf<\/a>\u00a0.<br \/>\nAl\u00e9m disso, o candidato ter\u00e1 que entregar pessoalmente ou enviar por correspond\u00eancia \u00e0 Comiss\u00e3o de Sa\u00fade e Meio Ambiente (Pra\u00e7a Marechal Deodoro, 101 \u2013 3\u00ba andar do Pal\u00e1cio Farroupilha \u2013 Porto Alegre \u2013 RS \u2013 CEP 90010-300) envelope lacrado contendo os documentos exigidos no edital. Nesta edi\u00e7\u00e3o, pela primeira vez, o material tamb\u00e9m poder\u00e1 ser enviado por meio eletr\u00f4nico para\u00a0<a href=\"mailto:csma@al.rs.gov.br\">csma@al.rs.gov.br<\/a>\u00a0.<br \/>\n\u00c9 preciso ainda encaminhar breve hist\u00f3rico da institui\u00e7\u00e3o ou curr\u00edculo no caso de pessoa f\u00edsica; relat\u00f3rios, projetos, reportagens ou trabalhos acad\u00eamicos que demonstrem a atua\u00e7\u00e3o do postulante em causas ambientais e s\u00edntese do trabalho inscrito em at\u00e9 11 linhas.<br \/>\nA escolha dos melhores trabalhos ser\u00e1 feita por uma comiss\u00e3o julgadora composta por um coordenador designado pela Mesa Diretora da Assembleia Legislativa, tr\u00eas integrantes do Parlamento e tr\u00eas representantes da sociedade civil, com conhecimentos nas \u00e1reas da ecologia e do desenvolvimento sustent\u00e1vel, indicados pela Comiss\u00e3o de Sa\u00fade e Meio Ambiente.<br \/>\nA premia\u00e7\u00e3o consiste no Trof\u00e9u Pioneiras da Ecologia \u2013 Giselda Castro, Hilda Zimmermann e Magda Renner &#8211; e diploma expedido pela Assembleia Legislativa. O pr\u00eamio ser\u00e1 entregue em ato solene a ser realizado em data definida pela comiss\u00e3o julgadora.<\/p>\n","protected":false},"excerpt":{"rendered":"<p>Est\u00e3o abertas at\u00e9 o dia 29 de setembro as inscri\u00e7\u00f5es para o Pr\u00eamio Pioneiras da Ecologia, conferido pela Mesa Diretora e pela Comiss\u00e3o de Sa\u00fade e Meio Ambiente da Assembleia Legislativa do RS. O concurso, institu\u00eddo em 2012, tem o prop\u00f3sito de promover o reconhecimento p\u00fablico \u00e0s pessoas e institui\u00e7\u00f5es que se destacam em a\u00e7\u00f5es [&hellip;]<\/p>\n","protected":false},"author":4,"featured_media":0,"comment_status":"open","ping_status":"closed","sticky":false,"template":"","format":"standard","meta":{"_jetpack_newsletter_access":"","_jetpack_dont_email_post_to_subs":false,"_jetpack_newsletter_tier_id":0,"_jetpack_memberships_contains_paywalled_content":false,"_jetpack_feature_clip_id":0,"_jetpack_memberships_contains_paid_content":false,"footnotes":"","jetpack_post_was_ever_published":false},"categories":[2022],"tags":[],"class_list":["post-51654","post","type-post","status-publish","format-standard","hentry","category-notas"],"aioseo_notices":[],"aioseo_head":"\n\t\t<!-- All in One SEO 5.0.1.1 - aioseo.com -->\n\t<meta name=\"robots\" content=\"max-image-preview:large\" \/>\n\t<meta name=\"author\" content=\"da Reda\u00e7\u00e3o\"\/>\n\t<link rel=\"canonical\" href=\"https:\/\/www.jornalja.com.br\/arquivo\/abertas-as-inscricoes-para-o-premio-pioneiras-da-ecologia\/\" \/>\n\t<meta name=\"generator\" content=\"All in One SEO (AIOSEO) 5.0.1.1\" \/>\n\t\t<meta property=\"og:locale\" content=\"pt_BR\" \/>\n\t\t<meta property=\"og:site_name\" content=\"Arquivo | Jornal J\u00c1 | Porto Alegre\" \/>\n\t\t<meta property=\"og:type\" content=\"article\" \/>\n\t\t<meta property=\"og:title\" content=\"Abertas as inscri\u00e7\u00f5es para o Pr\u00eamio Pioneiras da Ecologia | Arquivo\" \/>\n\t\t<meta property=\"og:url\" content=\"https:\/\/www.jornalja.com.br\/arquivo\/abertas-as-inscricoes-para-o-premio-pioneiras-da-ecologia\/\" \/>\n\t\t<meta property=\"og:image\" content=\"https:\/\/www.jornalja.com.br\/economics\/wp-content\/uploads\/sites\/11\/2026\/08\/ja-folhaderosto-facebook.jpg\" \/>\n\t\t<meta property=\"og:image:secure_url\" content=\"https:\/\/www.jornalja.com.br\/economics\/wp-content\/uploads\/sites\/11\/2026\/08\/ja-folhaderosto-facebook.jpg\" \/>\n\t\t<meta property=\"article:published_time\" content=\"2017-07-18T13:40:25+00:00\" \/>\n\t\t<meta property=\"article:modified_time\" content=\"2017-07-18T13:40:25+00:00\" \/>\n\t\t<meta name=\"twitter:card\" content=\"summary\" \/>\n\t\t<meta name=\"twitter:title\" content=\"Abertas as inscri\u00e7\u00f5es para o Pr\u00eamio Pioneiras da Ecologia | Arquivo\" \/>\n\t\t<meta name=\"twitter:image\" content=\"https:\/\/www.jornalja.com.br\/economics\/wp-content\/uploads\/sites\/11\/2026\/08\/ja-folhaderosto-facebook.jpg\" \/>\n\t\t<script type=\"application\/ld+json\" class=\"aioseo-schema\">\n\t\t\t{\"@context\":\"https:\\\/\\\/schema.org\",\"@graph\":[{\"@type\":\"BlogPosting\",\"@id\":\"https:\\\/\\\/www.jornalja.com.br\\\/arquivo\\\/abertas-as-inscricoes-para-o-premio-pioneiras-da-ecologia\\\/#blogposting\",\"name\":\"Abertas as inscri\\u00e7\\u00f5es para o Pr\\u00eamio Pioneiras da Ecologia | Arquivo\",\"headline\":\"Abertas as inscri\\u00e7\\u00f5es para o Pr\\u00eamio Pioneiras da Ecologia\",\"author\":{\"@id\":\"https:\\\/\\\/www.jornalja.com.br\\\/arquivo\\\/author\\\/daredacao\\\/#author\"},\"publisher\":{\"@id\":\"https:\\\/\\\/www.jornalja.com.br\\\/arquivo\\\/#organization\"},\"image\":{\"@type\":\"ImageObject\",\"url\":\"https:\\\/\\\/www.jornalja.com.br\\\/wp-content\\\/uploads\\\/cards\\\/JAslogan.png\",\"@id\":\"https:\\\/\\\/www.jornalja.com.br\\\/arquivo\\\/#articleImage\"},\"datePublished\":\"2017-07-18T10:40:25-03:00\",\"dateModified\":\"2017-07-18T10:40:25-03:00\",\"inLanguage\":\"pt-BR\",\"mainEntityOfPage\":{\"@id\":\"https:\\\/\\\/www.jornalja.com.br\\\/arquivo\\\/abertas-as-inscricoes-para-o-premio-pioneiras-da-ecologia\\\/#webpage\"},\"isPartOf\":{\"@id\":\"https:\\\/\\\/www.jornalja.com.br\\\/arquivo\\\/abertas-as-inscricoes-para-o-premio-pioneiras-da-ecologia\\\/#webpage\"},\"articleSection\":\"NOTAS\"},{\"@type\":\"BreadcrumbList\",\"@id\":\"https:\\\/\\\/www.jornalja.com.br\\\/arquivo\\\/abertas-as-inscricoes-para-o-premio-pioneiras-da-ecologia\\\/#breadcrumblist\",\"itemListElement\":[{\"@type\":\"ListItem\",\"@id\":\"https:\\\/\\\/www.jornalja.com.br\\\/arquivo#listItem\",\"position\":1,\"name\":\"Home\",\"item\":\"https:\\\/\\\/www.jornalja.com.br\\\/arquivo\",\"nextItem\":{\"@type\":\"ListItem\",\"@id\":\"https:\\\/\\\/www.jornalja.com.br\\\/arquivo\\\/category\\\/notas\\\/#listItem\",\"name\":\"NOTAS\"}},{\"@type\":\"ListItem\",\"@id\":\"https:\\\/\\\/www.jornalja.com.br\\\/arquivo\\\/category\\\/notas\\\/#listItem\",\"position\":2,\"name\":\"NOTAS\",\"item\":\"https:\\\/\\\/www.jornalja.com.br\\\/arquivo\\\/category\\\/notas\\\/\",\"nextItem\":{\"@type\":\"ListItem\",\"@id\":\"https:\\\/\\\/www.jornalja.com.br\\\/arquivo\\\/abertas-as-inscricoes-para-o-premio-pioneiras-da-ecologia\\\/#listItem\",\"name\":\"Abertas as inscri\\u00e7\\u00f5es para o Pr\\u00eamio Pioneiras da Ecologia\"},\"previousItem\":{\"@type\":\"ListItem\",\"@id\":\"https:\\\/\\\/www.jornalja.com.br\\\/arquivo#listItem\",\"name\":\"Home\"}},{\"@type\":\"ListItem\",\"@id\":\"https:\\\/\\\/www.jornalja.com.br\\\/arquivo\\\/abertas-as-inscricoes-para-o-premio-pioneiras-da-ecologia\\\/#listItem\",\"position\":3,\"name\":\"Abertas as inscri\\u00e7\\u00f5es para o Pr\\u00eamio Pioneiras da Ecologia\",\"previousItem\":{\"@type\":\"ListItem\",\"@id\":\"https:\\\/\\\/www.jornalja.com.br\\\/arquivo\\\/category\\\/notas\\\/#listItem\",\"name\":\"NOTAS\"}}]},{\"@type\":\"Organization\",\"@id\":\"https:\\\/\\\/www.jornalja.com.br\\\/arquivo\\\/#organization\",\"name\":\"Jornal J\\u00c1\",\"description\":\"Jornal J\\u00c1 | Porto Alegre\",\"url\":\"https:\\\/\\\/www.jornalja.com.br\\\/arquivo\\\/\",\"telephone\":\"+555133307272\",\"logo\":{\"@type\":\"ImageObject\",\"url\":\"https:\\\/\\\/www.jornalja.com.br\\\/wp-content\\\/uploads\\\/cards\\\/JAslogan.png\",\"@id\":\"https:\\\/\\\/www.jornalja.com.br\\\/arquivo\\\/abertas-as-inscricoes-para-o-premio-pioneiras-da-ecologia\\\/#organizationLogo\"},\"image\":{\"@id\":\"https:\\\/\\\/www.jornalja.com.br\\\/arquivo\\\/abertas-as-inscricoes-para-o-premio-pioneiras-da-ecologia\\\/#organizationLogo\"}},{\"@type\":\"Person\",\"@id\":\"https:\\\/\\\/www.jornalja.com.br\\\/arquivo\\\/author\\\/daredacao\\\/#author\",\"url\":\"https:\\\/\\\/www.jornalja.com.br\\\/arquivo\\\/author\\\/daredacao\\\/\",\"name\":\"da Reda\\u00e7\\u00e3o\",\"image\":{\"@type\":\"ImageObject\",\"@id\":\"https:\\\/\\\/www.jornalja.com.br\\\/arquivo\\\/abertas-as-inscricoes-para-o-premio-pioneiras-da-ecologia\\\/#authorImage\",\"url\":\"https:\\\/\\\/secure.gravatar.com\\\/avatar\\\/469fd857d6605ad19919d27ed29d35a968a25f6e8fd9318356bbb7f57aae9c65?s=96&d=mm&r=g\",\"width\":96,\"height\":96,\"caption\":\"da Reda\\u00e7\\u00e3o\"}},{\"@type\":\"WebPage\",\"@id\":\"https:\\\/\\\/www.jornalja.com.br\\\/arquivo\\\/abertas-as-inscricoes-para-o-premio-pioneiras-da-ecologia\\\/#webpage\",\"url\":\"https:\\\/\\\/www.jornalja.com.br\\\/arquivo\\\/abertas-as-inscricoes-para-o-premio-pioneiras-da-ecologia\\\/\",\"name\":\"Abertas as inscri\\u00e7\\u00f5es para o Pr\\u00eamio Pioneiras da Ecologia | Arquivo\",\"inLanguage\":\"pt-BR\",\"isPartOf\":{\"@id\":\"https:\\\/\\\/www.jornalja.com.br\\\/arquivo\\\/#website\"},\"breadcrumb\":{\"@id\":\"https:\\\/\\\/www.jornalja.com.br\\\/arquivo\\\/abertas-as-inscricoes-para-o-premio-pioneiras-da-ecologia\\\/#breadcrumblist\"},\"author\":{\"@id\":\"https:\\\/\\\/www.jornalja.com.br\\\/arquivo\\\/author\\\/daredacao\\\/#author\"},\"creator\":{\"@id\":\"https:\\\/\\\/www.jornalja.com.br\\\/arquivo\\\/author\\\/daredacao\\\/#author\"},\"datePublished\":\"2017-07-18T10:40:25-03:00\",\"dateModified\":\"2017-07-18T10:40:25-03:00\"},{\"@type\":\"WebSite\",\"@id\":\"https:\\\/\\\/www.jornalja.com.br\\\/arquivo\\\/#website\",\"url\":\"https:\\\/\\\/www.jornalja.com.br\\\/arquivo\\\/\",\"name\":\"Arquivo\",\"description\":\"Jornal J\\u00c1 | Porto Alegre\",\"inLanguage\":\"pt-BR\",\"publisher\":{\"@id\":\"https:\\\/\\\/www.jornalja.com.br\\\/arquivo\\\/#organization\"}}]}\n\t\t<\/script>\n\t\t<!-- All in One SEO -->\n\n","aioseo_head_json":{"title":"Abertas as inscri\u00e7\u00f5es para o Pr\u00eamio Pioneiras da Ecologia | Arquivo","description":"","canonical_url":"https:\/\/www.jornalja.com.br\/arquivo\/abertas-as-inscricoes-para-o-premio-pioneiras-da-ecologia\/","robots":"max-image-preview:large","keywords":"","webmasterTools":{"miscellaneous":""},"schema":{"@context":"https:\/\/schema.org","@graph":[{"@type":"BlogPosting","@id":"https:\/\/www.jornalja.com.br\/arquivo\/abertas-as-inscricoes-para-o-premio-pioneiras-da-ecologia\/#blogposting","name":"Abertas as inscri\u00e7\u00f5es para o Pr\u00eamio Pioneiras da Ecologia | Arquivo","headline":"Abertas as inscri\u00e7\u00f5es para o Pr\u00eamio Pioneiras da Ecologia","author":{"@id":"https:\/\/www.jornalja.com.br\/arquivo\/author\/daredacao\/#author"},"publisher":{"@id":"https:\/\/www.jornalja.com.br\/arquivo\/#organization"},"image":{"@type":"ImageObject","url":"https:\/\/www.jornalja.com.br\/wp-content\/uploads\/cards\/JAslogan.png","@id":"https:\/\/www.jornalja.com.br\/arquivo\/#articleImage"},"datePublished":"2017-07-18T10:40:25-03:00","dateModified":"2017-07-18T10:40:25-03:00","inLanguage":"pt-BR","mainEntityOfPage":{"@id":"https:\/\/www.jornalja.com.br\/arquivo\/abertas-as-inscricoes-para-o-premio-pioneiras-da-ecologia\/#webpage"},"isPartOf":{"@id":"https:\/\/www.jornalja.com.br\/arquivo\/abertas-as-inscricoes-para-o-premio-pioneiras-da-ecologia\/#webpage"},"articleSection":"NOTAS"},{"@type":"BreadcrumbList","@id":"https:\/\/www.jornalja.com.br\/arquivo\/abertas-as-inscricoes-para-o-premio-pioneiras-da-ecologia\/#breadcrumblist","itemListElement":[{"@type":"ListItem","@id":"https:\/\/www.jornalja.com.br\/arquivo#listItem","position":1,"name":"Home","item":"https:\/\/www.jornalja.com.br\/arquivo","nextItem":{"@type":"ListItem","@id":"https:\/\/www.jornalja.com.br\/arquivo\/category\/notas\/#listItem","name":"NOTAS"}},{"@type":"ListItem","@id":"https:\/\/www.jornalja.com.br\/arquivo\/category\/notas\/#listItem","position":2,"name":"NOTAS","item":"https:\/\/www.jornalja.com.br\/arquivo\/category\/notas\/","nextItem":{"@type":"ListItem","@id":"https:\/\/www.jornalja.com.br\/arquivo\/abertas-as-inscricoes-para-o-premio-pioneiras-da-ecologia\/#listItem","name":"Abertas as inscri\u00e7\u00f5es para o Pr\u00eamio Pioneiras da Ecologia"},"previousItem":{"@type":"ListItem","@id":"https:\/\/www.jornalja.com.br\/arquivo#listItem","name":"Home"}},{"@type":"ListItem","@id":"https:\/\/www.jornalja.com.br\/arquivo\/abertas-as-inscricoes-para-o-premio-pioneiras-da-ecologia\/#listItem","position":3,"name":"Abertas as inscri\u00e7\u00f5es para o Pr\u00eamio Pioneiras da Ecologia","previousItem":{"@type":"ListItem","@id":"https:\/\/www.jornalja.com.br\/arquivo\/category\/notas\/#listItem","name":"NOTAS"}}]},{"@type":"Organization","@id":"https:\/\/www.jornalja.com.br\/arquivo\/#organization","name":"Jornal J\u00c1","description":"Jornal J\u00c1 | Porto Alegre","url":"https:\/\/www.jornalja.com.br\/arquivo\/","telephone":"+555133307272","logo":{"@type":"ImageObject","url":"https:\/\/www.jornalja.com.br\/wp-content\/uploads\/cards\/JAslogan.png","@id":"https:\/\/www.jornalja.com.br\/arquivo\/abertas-as-inscricoes-para-o-premio-pioneiras-da-ecologia\/#organizationLogo"},"image":{"@id":"https:\/\/www.jornalja.com.br\/arquivo\/abertas-as-inscricoes-para-o-premio-pioneiras-da-ecologia\/#organizationLogo"}},{"@type":"Person","@id":"https:\/\/www.jornalja.com.br\/arquivo\/author\/daredacao\/#author","url":"https:\/\/www.jornalja.com.br\/arquivo\/author\/daredacao\/","name":"da Reda\u00e7\u00e3o","image":{"@type":"ImageObject","@id":"https:\/\/www.jornalja.com.br\/arquivo\/abertas-as-inscricoes-para-o-premio-pioneiras-da-ecologia\/#authorImage","url":"https:\/\/secure.gravatar.com\/avatar\/469fd857d6605ad19919d27ed29d35a968a25f6e8fd9318356bbb7f57aae9c65?s=96&d=mm&r=g","width":96,"height":96,"caption":"da Reda\u00e7\u00e3o"}},{"@type":"WebPage","@id":"https:\/\/www.jornalja.com.br\/arquivo\/abertas-as-inscricoes-para-o-premio-pioneiras-da-ecologia\/#webpage","url":"https:\/\/www.jornalja.com.br\/arquivo\/abertas-as-inscricoes-para-o-premio-pioneiras-da-ecologia\/","name":"Abertas as inscri\u00e7\u00f5es para o Pr\u00eamio Pioneiras da Ecologia | Arquivo","inLanguage":"pt-BR","isPartOf":{"@id":"https:\/\/www.jornalja.com.br\/arquivo\/#website"},"breadcrumb":{"@id":"https:\/\/www.jornalja.com.br\/arquivo\/abertas-as-inscricoes-para-o-premio-pioneiras-da-ecologia\/#breadcrumblist"},"author":{"@id":"https:\/\/www.jornalja.com.br\/arquivo\/author\/daredacao\/#author"},"creator":{"@id":"https:\/\/www.jornalja.com.br\/arquivo\/author\/daredacao\/#author"},"datePublished":"2017-07-18T10:40:25-03:00","dateModified":"2017-07-18T10:40:25-03:00"},{"@type":"WebSite","@id":"https:\/\/www.jornalja.com.br\/arquivo\/#website","url":"https:\/\/www.jornalja.com.br\/arquivo\/","name":"Arquivo","description":"Jornal J\u00c1 | Porto Alegre","inLanguage":"pt-BR","publisher":{"@id":"https:\/\/www.jornalja.com.br\/arquivo\/#organization"}}]},"og:locale":"pt_BR","og:site_name":"Arquivo | Jornal J\u00c1 | Porto Alegre","og:type":"article","og:title":"Abertas as inscri\u00e7\u00f5es para o Pr\u00eamio Pioneiras da Ecologia | Arquivo","og:url":"https:\/\/www.jornalja.com.br\/arquivo\/abertas-as-inscricoes-para-o-premio-pioneiras-da-ecologia\/","og:image":"https:\/\/www.jornalja.com.br\/economics\/wp-content\/uploads\/sites\/11\/2026\/08\/ja-folhaderosto-facebook.jpg","og:image:secure_url":"https:\/\/www.jornalja.com.br\/economics\/wp-content\/uploads\/sites\/11\/2026\/08\/ja-folhaderosto-facebook.jpg","article:published_time":"2017-07-18T13:40:25+00:00","article:modified_time":"2017-07-18T13:40:25+00:00","twitter:card":"summary","twitter:title":"Abertas as inscri\u00e7\u00f5es para o Pr\u00eamio Pioneiras da Ecologia | Arquivo","twitter:image":"https:\/\/www.jornalja.com.br\/economics\/wp-content\/uploads\/sites\/11\/2026\/08\/ja-folhaderosto-facebook.jpg"},"aioseo_meta_data":{"post_id":"51654","title":null,"description":null,"keywords":null,"keyphrases":null,"primary_term":null,"canonical_url":null,"og_title":null,"og_description":null,"og_object_type":"default","og_image_type":"default","og_image_url":null,"og_image_width":null,"og_image_height":null,"og_image_custom_url":null,"og_image_custom_fields":null,"og_video":null,"og_custom_url":null,"og_article_section":null,"og_article_tags":null,"twitter_use_og":false,"twitter_card":"default","twitter_image_type":"default","twitter_image_url":null,"twitter_image_custom_url":null,"twitter_image_custom_fields":null,"twitter_title":null,"twitter_description":null,"schema":{"blockGraphs":[],"customGraphs":[],"default":{"data":{"Article":[],"Course":[],"Dataset":[],"FAQPage":[],"Movie":[],"Person":[],"Product":[],"ProductReview":[],"Car":[],"Recipe":[],"Service":[],"SoftwareApplication":[],"WebPage":[]},"graphName":"","isEnabled":true},"graphs":[],"defaultGraph":"","defaultPostTypeGraph":""},"schema_type":null,"schema_type_options":null,"pillar_content":false,"robots_default":true,"robots_noindex":false,"robots_noarchive":false,"robots_nosnippet":false,"robots_nofollow":false,"robots_noimageindex":false,"robots_noodp":false,"robots_notranslate":false,"robots_max_snippet":null,"robots_max_videopreview":null,"robots_max_imagepreview":"large","priority":null,"frequency":null,"location":null,"local_seo":null,"breadcrumb_settings":null,"limit_modified_date":false,"ai":null,"created":"2020-12-20 20:29:58","updated":"2025-07-19 23:17:39","seo_analyzer_scan_date":null,"focus_keyword":null,"additional_keywords":null,"truseo_locale":null},"jetpack_sharing_enabled":true,"jetpack-related-posts":[{"id":13109,"url":"https:\/\/www.jornalja.com.br\/arquivo\/judiciario-reconhece-poluicao-eletromagnetica\/","url_meta":{"origin":51654,"position":0},"title":"Judici\u00e1rio reconhece polui\u00e7\u00e3o eletromagn\u00e9tica","author":"Patr\u00edcia Marini","date":"16 de maio de 2014","format":false,"excerpt":"A\u00e7\u00e3o de duas associa\u00e7\u00f5es de moradores foi acolhida pelo Tribunal de Justi\u00e7a de S\u00e3o Paulo que. em decis\u00e3o in\u00e9dita, determinou a redu\u00e7\u00e3o do campo eletromagn\u00e9tico gerado pelas linhas de transmiss\u00e3o de energia que cortam os bairros City Boa\u00e7ava e Alto de Pinheiros. \u00c9 a primeira vez que um tribunal do\u2026","rel":"","context":"Em &quot;X.Categorias velhas&quot;","block_context":{"text":"X.Categorias velhas","link":"https:\/\/www.jornalja.com.br\/arquivo\/category\/x-categorias-velhas\/"},"img":{"alt_text":"","src":"","width":0,"height":0},"classes":[]},{"id":1280,"url":"https:\/\/www.jornalja.com.br\/arquivo\/o-menino-que-se-tornou-brizola\/","url_meta":{"origin":51654,"position":1},"title":"O Menino que se Tornou Brizola","author":"da Reda\u00e7\u00e3o","date":"28 de julho de 2008","format":false,"excerpt":"Autor: Cleber Dioni A vida de Leonel Brizola, com \u00eanfase para os primeiros anos em Porto Alegre, at\u00e9 o ex\u00edlio no Uruguai e a volta, quinze anos depois. \u00a0\"...\u00c9ramos todos jovens e nos identific\u00e1vamos com aquela massa an\u00f4nima a percorrer as ruas de Porto Alegre, gritando 'Get\u00falio', 'Get\u00falio' e empunhando\u2026","rel":"","context":"Em &quot;Livros&quot;","block_context":{"text":"Livros","link":"https:\/\/www.jornalja.com.br\/arquivo\/category\/livros\/"},"img":{"alt_text":"","src":"https:\/\/i0.wp.com\/www.jornalja.com.br\/wp-content\/uploads\/2008\/07\/brizola.gif?resize=350%2C200&ssl=1","width":350,"height":200},"classes":[]},{"id":13101,"url":"https:\/\/www.jornalja.com.br\/arquivo\/morre-um-guerreiro-do-texto\/","url_meta":{"origin":51654,"position":2},"title":"Morre um guerreiro do texto","author":"Patr\u00edcia Marini","date":"14 de maio de 2014","format":false,"excerpt":"Por Ricardo Kotscho Reproduzido do blog do autor, 11\/5\/2014; t\u00edtulo original \u201cE l\u00e1 se foi o nosso Myltainho, guerreiro do texto\u201d. Mi\u00fado e franzino, meu amigo Myltainho era um valente e inconformado guerreiro na luta contra as injusti\u00e7as sociais, a hipocrisia, as maracutaias, o autoritarismo, a intoler\u00e2ncia, a viol\u00eancia, o\u2026","rel":"","context":"Em &quot;Geral&quot;","block_context":{"text":"Geral","link":"https:\/\/www.jornalja.com.br\/arquivo\/category\/geral\/"},"img":{"alt_text":"","src":"","width":0,"height":0},"classes":[]},{"id":14241,"url":"https:\/\/www.jornalja.com.br\/arquivo\/o-guaiba-nas-imagens-poeticas-de-achutti\/","url_meta":{"origin":51654,"position":3},"title":"O Gua\u00edba nas imagens po\u00e9ticas de Achutti","author":"da Reda\u00e7\u00e3o","date":"18 de junho de 2014","format":false,"excerpt":"Em \u201cO Gua\u00edba por Achutti\u201d \u2013 obra financiada via Minist\u00e9rio da Cultura, produ\u00e7\u00e3o executiva de Pedro Longhi, e Fl\u00e1vio Wild como designer \u2013, o fot\u00f3grafo revela a beleza e as mazelas de um espa\u00e7o aqu\u00e1tico de \u00e1guas sempre renovadas, cheio de hist\u00f3rias e lendas como as das cidades que foram\u2026","rel":"","context":"Em &quot;Cultura-Geral&quot;","block_context":{"text":"Cultura-Geral","link":"https:\/\/www.jornalja.com.br\/arquivo\/category\/materiasecundaria\/"},"img":{"alt_text":"","src":"","width":0,"height":0},"classes":[]},{"id":13124,"url":"https:\/\/www.jornalja.com.br\/arquivo\/sangue-latino-no-iecine\/","url_meta":{"origin":51654,"position":4},"title":"Sangue latino no IECINE","author":"da Reda\u00e7\u00e3o","date":"18 de maio de 2014","format":false,"excerpt":"Francisco Ribeiro O Instituto Estadual de Cinema (IECINE) tem a frente, desde abril \u00faltimo, um novo diretor, o cineasta colombiano Juan Zapata, 36, que substitui Luiz Alberto Cassol. Radicado h\u00e1 dez anos em Porto Alegre, Zapata tem diante de si o desafio de conduzir at\u00e9 o final do ano um\u2026","rel":"","context":"Em &quot;Cultura-Geral&quot;","block_context":{"text":"Cultura-Geral","link":"https:\/\/www.jornalja.com.br\/arquivo\/category\/materiasecundaria\/"},"img":{"alt_text":"","src":"","width":0,"height":0},"classes":[]},{"id":13240,"url":"https:\/\/www.jornalja.com.br\/arquivo\/plano-diretor-estamos-construindo-o-caos\/","url_meta":{"origin":51654,"position":5},"title":"Plano diretor: &quot;Estamos construindo o caos&quot;","author":"Patr\u00edcia Marini","date":"26 de maio de 2014","format":false,"excerpt":"Desabafo que arquiteta Eliana Castilhos, delegada da Regi\u00e3o de Planejamento 1, postou nas redes sociais \u00e9 um testemunho do ambiente que se criou no Conselho do Plano Diretor de Porto Alegre, onde a aprova\u00e7\u00e3o de grandes empreendimentos \u00e9 empurrada guela abaixo dos conselheiros. Ao CMDUA Como delegada da Regi\u00e3o de\u2026","rel":"","context":"Em &quot;Geral&quot;","block_context":{"text":"Geral","link":"https:\/\/www.jornalja.com.br\/arquivo\/category\/geral\/"},"img":{"alt_text":"","src":"","width":0,"height":0},"classes":[]}],"jetpack_shortlink":"https:\/\/wp.me\/pbQjBd-dr8","jetpack_featured_media_url":"","_links":{"self":[{"href":"https:\/\/www.jornalja.com.br\/arquivo\/wp-json\/wp\/v2\/posts\/51654","targetHints":{"allow":["GET"]}}],"collection":[{"href":"https:\/\/www.jornalja.com.br\/arquivo\/wp-json\/wp\/v2\/posts"}],"about":[{"href":"https:\/\/www.jornalja.com.br\/arquivo\/wp-json\/wp\/v2\/types\/post"}],"author":[{"embeddable":true,"href":"https:\/\/www.jornalja.com.br\/arquivo\/wp-json\/wp\/v2\/users\/4"}],"replies":[{"embeddable":true,"href":"https:\/\/www.jornalja.com.br\/arquivo\/wp-json\/wp\/v2\/comments?post=51654"}],"version-history":[{"count":0,"href":"https:\/\/www.jornalja.com.br\/arquivo\/wp-json\/wp\/v2\/posts\/51654\/revisions"}],"wp:attachment":[{"href":"https:\/\/www.jornalja.com.br\/arquivo\/wp-json\/wp\/v2\/media?parent=51654"}],"wp:term":[{"taxonomy":"category","embeddable":true,"href":"https:\/\/www.jornalja.com.br\/arquivo\/wp-json\/wp\/v2\/categories?post=51654"},{"taxonomy":"post_tag","embeddable":true,"href":"https:\/\/www.jornalja.com.br\/arquivo\/wp-json\/wp\/v2\/tags?post=51654"}],"curies":[{"name":"wp","href":"https:\/\/api.w.org\/{rel}","templated":true}]}}