{"id":51660,"date":"2017-07-18T09:50:45","date_gmt":"2017-07-18T12:50:45","guid":{"rendered":"https:\/\/www.jornalja.com.br\/?p=51660"},"modified":"2017-07-18T09:50:45","modified_gmt":"2017-07-18T12:50:45","slug":"sema-e-fepam-assumem-compromisso-com-mp-para-revitalizar-rio-gravatai","status":"publish","type":"post","link":"https:\/\/www.jornalja.com.br\/arquivo\/sema-e-fepam-assumem-compromisso-com-mp-para-revitalizar-rio-gravatai\/","title":{"rendered":"SEMA e FEPAM assumem compromisso com MP para revitalizar Rio Gravata\u00ed"},"content":{"rendered":"<p>A Secretaria do Ambiente e do Desenvolvimento Sustent\u00e1vel (Sema) e a Funda\u00e7\u00e3o Estadual de Prote\u00e7\u00e3o Ambiental Henrique Luiz Roessler (Fepam) assinaram um Termo de Coopera\u00e7\u00e3o na segunda-feira com o Minist\u00e9rio P\u00fablico Estadual para preservar um conjunto de banhados formadores do Rio Gravata\u00ed, sua sua flora e fauna.<br \/>\nAs a\u00e7\u00f5es incluem tamb\u00e9m renaturalizar o trecho inicial do rio, especialmente nas \u00e1reas atingidas pela eros\u00e3o, buscando medidas mitigadoras para a restaura\u00e7\u00e3o do ecossistema.\u200b<br \/>\nPara o procurador-geral de Justi\u00e7a, Fabiano Dallazen, \u201co n\u00famero de pessoas presentes \u00e0 assinatura retrata a dimens\u00e3o e import\u00e2ncia do ato, que busca corrigir pol\u00edticas equivocadamente implementadas h\u00e1 v\u00e1rias d\u00e9cadas e devolver o Rio Gravata\u00ed \u00e0 popula\u00e7\u00e3o local\u201d.<br \/>\nA secret\u00e1ria de Estado do Ambiente e Desenvolvimento Sustent\u00e1vel e diretora-presidente da Fepam, Ana Pellini, destacou a constru\u00e7\u00e3o conjunta que resultou na assinatura do Termo. \u201cSer\u00e1 um trabalho \u00e1rduo, mas n\u00e3o estamos com medo porque temos o MP ao nosso lado\u201d, afirmou.<br \/>\nFicar\u00e1 a cargo da Sema a coordena\u00e7\u00e3o dos estudos e procedimentos administrativos legais objetivando a cria\u00e7\u00e3o de Unidade de Conserva\u00e7\u00e3o de Prote\u00e7\u00e3o Integral para preserva\u00e7\u00e3o e restaura\u00e7\u00e3o do conjunto dos banhados que formam o Rio Gravata\u00ed e a renaturaliza\u00e7\u00e3o do trecho inicial do Rio Gravata\u00ed para controle dos processos erosivos, apresentando, em 30 dias, um plano de trabalho contemplando as a\u00e7\u00f5es necess\u00e1rias para esta finalidade.<br \/>\nDever\u00e1 tamb\u00e9m articular estas a\u00e7\u00f5es com os demais atores envolvidos no processo, como o Comit\u00ea de Gerenciamento de Bacia Hidrogr\u00e1fica, o Conselho Gestor da \u00c1rea de Prote\u00e7\u00e3o Ambiental do Banhado Grade e os Munic\u00edpios de Gravata\u00ed e Glorinha, al\u00e9m de prestar orienta\u00e7\u00e3o e apoio t\u00e9cnico para a constru\u00e7\u00e3o de solu\u00e7\u00f5es para o desenvolvimento de projeto.<br \/>\n\u00c9 tamb\u00e9m atribui\u00e7\u00e3o da Secretaria acompanhar e avaliar a execu\u00e7\u00e3o das a\u00e7\u00f5es a serem desenvolvidas e propor altera\u00e7\u00f5es no plano de trabalho, inserindo novas a\u00e7\u00f5es ou adequando as j\u00e1 propostas e intercambiar informa\u00e7\u00f5es, documentos e apoio t\u00e9cnico-institucional, necess\u00e1rios \u00e0 consecu\u00e7\u00e3o do objetivo.<br \/>\nJ\u00e1 a Fepam prestar\u00e1 orienta\u00e7\u00e3o e apoio t\u00e9cnico para a constru\u00e7\u00e3o de solu\u00e7\u00f5es para o desenvolvimento de projetos relacionados com o objetivo do Termo de Coopera\u00e7\u00e3o e tamb\u00e9m acompanhar e avaliar a execu\u00e7\u00e3o das a\u00e7\u00f5es a serem desenvolvidas, propondo altera\u00e7\u00f5es no plano de trabalho, inserindo novas a\u00e7\u00f5es ou adequando as j\u00e1 propostas, visando a consecu\u00e7\u00e3o do objeto do acordo.<br \/>\nPor fim, o Minist\u00e9rio P\u00fablico se compromete a anuir o plano de trabalho presente no Termo de Coopera\u00e7\u00e3o, caso entenda que este contempla as medidas necess\u00e1rias e cab\u00edveis para a consecu\u00e7\u00e3o do objeto do mesmo. Dever\u00e1, ainda, coordenar, sugerir e organizar, em colabora\u00e7\u00e3o com os demais signat\u00e1rios, reuni\u00f5es de defini\u00e7\u00e3o estrat\u00e9gica das a\u00e7\u00f5es.<br \/>\n<figure id=\"attachment_51662\" aria-describedby=\"caption-attachment-51662\" style=\"width: 1024px\" class=\"wp-caption alignnone\"><img loading=\"lazy\" decoding=\"async\" class=\"wp-image-51662 size-full\" src=\"https:\/\/www.jornalja.com.br\/wp-content\/uploads\/2017\/07\/Eduardo-Viegas-D-falou-como-titular-da-Promotoria-Regional-da-Bacia-do-Gravata\u00ed.jpg\" alt=\"\" width=\"1024\" height=\"731\" \/><figcaption id=\"caption-attachment-51662\" class=\"wp-caption-text\">Eduardo Viegas (D) falou como titular da Promotoria Regional da Bacia do Gravata\u00ed<\/figcaption><\/figure><br \/>\n\u200bO coordenador do Centro de Apoio Operacional do Meio Ambiente, Daniel Martini, lembrou de que quando assumiu a Promotoria de Justi\u00e7a de Gravata\u00ed, h\u00e1 15 anos, uma das principais demandas necess\u00e1rias j\u00e1 era a revitaliza\u00e7\u00e3o do Rio Gravata\u00ed. \u201cO MP ir\u00e1 anuir o Termo sem abrir m\u00e3o de corrigir o que, ao nosso olhar, precisa ser corrigido\u201d, afirmou.<br \/>\nJ\u00e1 o titular da Promotoria Regional da Bacia Hidrogr\u00e1fica do Rio Gravata\u00ed, Eduardo Coral Viegas, tamb\u00e9m ressaltou que \u201ctudo ser\u00e1 feito com a m\u00e1xima cautela poss\u00edvel para que n\u00e3o sejam cometidos erros, como no passado\u201d.<br \/>\nFinalizando, o corregedor-geral do MP, Ivan Saraiva Melgar\u00e9, que tamb\u00e9m foi promotor em Gravata\u00ed na D\u00e9cada de 90, destacou a postura de resolutividade que tem sido adotada pelo MP, a exemplo desta iniciativa, \u201cque evita ou diminui a possibilidade de ajuizamento de a\u00e7\u00e3o civil p\u00fablica porque traz o MP como parceiro\u201d.<br \/>\nA Promotoria Regional da Bacia Hidrogr\u00e1fica do Rio Gravata\u00ed dever\u00e1 adotar eventuais medidas extrajudiciais e judiciais de sua atribui\u00e7\u00e3o e que sejam necess\u00e1rias para o envolvimento dos signat\u00e1rios do Termo de Coopera\u00e7\u00e3o.<br \/>\nEstiveram presentes \u00e0 solenidade de assinatura o secret\u00e1rio de Habita\u00e7\u00e3o do munic\u00edpio de Gravata\u00ed, Luiz Zafalon; a procuradora Jussara Maria Lahude; o chefe de gabinete do PGJ e secret\u00e1rio-geral do MP, J\u00falio C\u00e9sar de Melo; os promotores Alexandre Saltz, Josiane Superti Brasil Camejo, Ana Maria Moreira Marchesan, Paula Athanasio, M\u00f4nica Maranghelli de Avila e C\u00edntia Foster de Almeida; o presidente do Comit\u00ea da Bacia Hidrogr\u00e1fica do Rio Gravata\u00ed, S\u00e9rgio Cardoso, al\u00e9m de diretores e servidores do MP, Sema e Fepam.<\/p>\n","protected":false},"excerpt":{"rendered":"<p>A Secretaria do Ambiente e do Desenvolvimento Sustent\u00e1vel (Sema) e a Funda\u00e7\u00e3o Estadual de Prote\u00e7\u00e3o Ambiental Henrique Luiz Roessler (Fepam) assinaram um Termo de Coopera\u00e7\u00e3o na segunda-feira com o Minist\u00e9rio P\u00fablico Estadual para preservar um conjunto de banhados formadores do Rio Gravata\u00ed, sua sua flora e fauna. As a\u00e7\u00f5es incluem tamb\u00e9m renaturalizar o trecho inicial [&hellip;]<\/p>\n","protected":false},"author":4,"featured_media":51661,"comment_status":"open","ping_status":"closed","sticky":false,"template":"","format":"standard","meta":{"_jetpack_newsletter_access":"","_jetpack_dont_email_post_to_subs":false,"_jetpack_newsletter_tier_id":0,"_jetpack_memberships_contains_paywalled_content":false,"_jetpack_feature_clip_id":0,"_jetpack_memberships_contains_paid_content":false,"footnotes":"","jetpack_post_was_ever_published":false},"categories":[26],"tags":[],"class_list":["post-51660","post","type-post","status-publish","format-standard","has-post-thumbnail","hentry","category-geral"],"aioseo_notices":[],"aioseo_head":"\n\t\t<!-- All in One SEO 5.0.1.1 - aioseo.com -->\n\t<meta name=\"robots\" content=\"max-image-preview:large\" \/>\n\t<meta name=\"author\" content=\"da Reda\u00e7\u00e3o\"\/>\n\t<link rel=\"canonical\" href=\"https:\/\/www.jornalja.com.br\/arquivo\/sema-e-fepam-assumem-compromisso-com-mp-para-revitalizar-rio-gravatai\/\" \/>\n\t<meta name=\"generator\" content=\"All in One SEO (AIOSEO) 5.0.1.1\" \/>\n\t\t<meta property=\"og:locale\" content=\"pt_BR\" \/>\n\t\t<meta property=\"og:site_name\" content=\"Arquivo | Jornal J\u00c1 | Porto Alegre\" \/>\n\t\t<meta property=\"og:type\" content=\"article\" \/>\n\t\t<meta property=\"og:title\" content=\"SEMA e FEPAM assumem compromisso com MP para revitalizar Rio Gravata\u00ed | Arquivo\" \/>\n\t\t<meta property=\"og:url\" content=\"https:\/\/www.jornalja.com.br\/arquivo\/sema-e-fepam-assumem-compromisso-com-mp-para-revitalizar-rio-gravatai\/\" \/>\n\t\t<meta property=\"og:image\" content=\"https:\/\/www.jornalja.com.br\/wp-content\/uploads\/2017\/07\/Eduardo-Viegas-D-falou-como-titular-da-Promotoria-Regional-da-Bacia-do-Gravata\u00ed.jpg\" \/>\n\t\t<meta property=\"og:image:secure_url\" content=\"https:\/\/www.jornalja.com.br\/wp-content\/uploads\/2017\/07\/Eduardo-Viegas-D-falou-como-titular-da-Promotoria-Regional-da-Bacia-do-Gravata\u00ed.jpg\" \/>\n\t\t<meta property=\"article:published_time\" content=\"2017-07-18T12:50:45+00:00\" \/>\n\t\t<meta property=\"article:modified_time\" content=\"2017-07-18T12:50:45+00:00\" \/>\n\t\t<meta name=\"twitter:card\" content=\"summary\" \/>\n\t\t<meta name=\"twitter:title\" content=\"SEMA e FEPAM assumem compromisso com MP para revitalizar Rio Gravata\u00ed | Arquivo\" \/>\n\t\t<meta name=\"twitter:image\" content=\"https:\/\/www.jornalja.com.br\/economics\/wp-content\/uploads\/sites\/11\/2026\/08\/ja-folhaderosto-facebook.jpg\" \/>\n\t\t<script type=\"application\/ld+json\" class=\"aioseo-schema\">\n\t\t\t{\"@context\":\"https:\\\/\\\/schema.org\",\"@graph\":[{\"@type\":\"BlogPosting\",\"@id\":\"https:\\\/\\\/www.jornalja.com.br\\\/arquivo\\\/sema-e-fepam-assumem-compromisso-com-mp-para-revitalizar-rio-gravatai\\\/#blogposting\",\"name\":\"SEMA e FEPAM assumem compromisso com MP para revitalizar Rio Gravata\\u00ed | Arquivo\",\"headline\":\"SEMA e FEPAM assumem compromisso com MP para revitalizar Rio Gravata\\u00ed\",\"author\":{\"@id\":\"https:\\\/\\\/www.jornalja.com.br\\\/arquivo\\\/author\\\/daredacao\\\/#author\"},\"publisher\":{\"@id\":\"https:\\\/\\\/www.jornalja.com.br\\\/arquivo\\\/#organization\"},\"image\":{\"@type\":\"ImageObject\",\"url\":51661},\"datePublished\":\"2017-07-18T09:50:45-03:00\",\"dateModified\":\"2017-07-18T09:50:45-03:00\",\"inLanguage\":\"pt-BR\",\"mainEntityOfPage\":{\"@id\":\"https:\\\/\\\/www.jornalja.com.br\\\/arquivo\\\/sema-e-fepam-assumem-compromisso-com-mp-para-revitalizar-rio-gravatai\\\/#webpage\"},\"isPartOf\":{\"@id\":\"https:\\\/\\\/www.jornalja.com.br\\\/arquivo\\\/sema-e-fepam-assumem-compromisso-com-mp-para-revitalizar-rio-gravatai\\\/#webpage\"},\"articleSection\":\"Geral\"},{\"@type\":\"BreadcrumbList\",\"@id\":\"https:\\\/\\\/www.jornalja.com.br\\\/arquivo\\\/sema-e-fepam-assumem-compromisso-com-mp-para-revitalizar-rio-gravatai\\\/#breadcrumblist\",\"itemListElement\":[{\"@type\":\"ListItem\",\"@id\":\"https:\\\/\\\/www.jornalja.com.br\\\/arquivo#listItem\",\"position\":1,\"name\":\"Home\",\"item\":\"https:\\\/\\\/www.jornalja.com.br\\\/arquivo\",\"nextItem\":{\"@type\":\"ListItem\",\"@id\":\"https:\\\/\\\/www.jornalja.com.br\\\/arquivo\\\/category\\\/geral\\\/#listItem\",\"name\":\"Geral\"}},{\"@type\":\"ListItem\",\"@id\":\"https:\\\/\\\/www.jornalja.com.br\\\/arquivo\\\/category\\\/geral\\\/#listItem\",\"position\":2,\"name\":\"Geral\",\"item\":\"https:\\\/\\\/www.jornalja.com.br\\\/arquivo\\\/category\\\/geral\\\/\",\"nextItem\":{\"@type\":\"ListItem\",\"@id\":\"https:\\\/\\\/www.jornalja.com.br\\\/arquivo\\\/sema-e-fepam-assumem-compromisso-com-mp-para-revitalizar-rio-gravatai\\\/#listItem\",\"name\":\"SEMA e FEPAM assumem compromisso com MP para revitalizar Rio Gravata\\u00ed\"},\"previousItem\":{\"@type\":\"ListItem\",\"@id\":\"https:\\\/\\\/www.jornalja.com.br\\\/arquivo#listItem\",\"name\":\"Home\"}},{\"@type\":\"ListItem\",\"@id\":\"https:\\\/\\\/www.jornalja.com.br\\\/arquivo\\\/sema-e-fepam-assumem-compromisso-com-mp-para-revitalizar-rio-gravatai\\\/#listItem\",\"position\":3,\"name\":\"SEMA e FEPAM assumem compromisso com MP para revitalizar Rio Gravata\\u00ed\",\"previousItem\":{\"@type\":\"ListItem\",\"@id\":\"https:\\\/\\\/www.jornalja.com.br\\\/arquivo\\\/category\\\/geral\\\/#listItem\",\"name\":\"Geral\"}}]},{\"@type\":\"Organization\",\"@id\":\"https:\\\/\\\/www.jornalja.com.br\\\/arquivo\\\/#organization\",\"name\":\"Jornal J\\u00c1\",\"description\":\"Jornal J\\u00c1 | Porto Alegre\",\"url\":\"https:\\\/\\\/www.jornalja.com.br\\\/arquivo\\\/\",\"telephone\":\"+555133307272\",\"logo\":{\"@type\":\"ImageObject\",\"url\":\"https:\\\/\\\/www.jornalja.com.br\\\/wp-content\\\/uploads\\\/cards\\\/JAslogan.png\",\"@id\":\"https:\\\/\\\/www.jornalja.com.br\\\/arquivo\\\/sema-e-fepam-assumem-compromisso-com-mp-para-revitalizar-rio-gravatai\\\/#organizationLogo\"},\"image\":{\"@id\":\"https:\\\/\\\/www.jornalja.com.br\\\/arquivo\\\/sema-e-fepam-assumem-compromisso-com-mp-para-revitalizar-rio-gravatai\\\/#organizationLogo\"}},{\"@type\":\"Person\",\"@id\":\"https:\\\/\\\/www.jornalja.com.br\\\/arquivo\\\/author\\\/daredacao\\\/#author\",\"url\":\"https:\\\/\\\/www.jornalja.com.br\\\/arquivo\\\/author\\\/daredacao\\\/\",\"name\":\"da Reda\\u00e7\\u00e3o\",\"image\":{\"@type\":\"ImageObject\",\"@id\":\"https:\\\/\\\/www.jornalja.com.br\\\/arquivo\\\/sema-e-fepam-assumem-compromisso-com-mp-para-revitalizar-rio-gravatai\\\/#authorImage\",\"url\":\"https:\\\/\\\/secure.gravatar.com\\\/avatar\\\/469fd857d6605ad19919d27ed29d35a968a25f6e8fd9318356bbb7f57aae9c65?s=96&d=mm&r=g\",\"width\":96,\"height\":96,\"caption\":\"da Reda\\u00e7\\u00e3o\"}},{\"@type\":\"WebPage\",\"@id\":\"https:\\\/\\\/www.jornalja.com.br\\\/arquivo\\\/sema-e-fepam-assumem-compromisso-com-mp-para-revitalizar-rio-gravatai\\\/#webpage\",\"url\":\"https:\\\/\\\/www.jornalja.com.br\\\/arquivo\\\/sema-e-fepam-assumem-compromisso-com-mp-para-revitalizar-rio-gravatai\\\/\",\"name\":\"SEMA e FEPAM assumem compromisso com MP para revitalizar Rio Gravata\\u00ed | Arquivo\",\"inLanguage\":\"pt-BR\",\"isPartOf\":{\"@id\":\"https:\\\/\\\/www.jornalja.com.br\\\/arquivo\\\/#website\"},\"breadcrumb\":{\"@id\":\"https:\\\/\\\/www.jornalja.com.br\\\/arquivo\\\/sema-e-fepam-assumem-compromisso-com-mp-para-revitalizar-rio-gravatai\\\/#breadcrumblist\"},\"author\":{\"@id\":\"https:\\\/\\\/www.jornalja.com.br\\\/arquivo\\\/author\\\/daredacao\\\/#author\"},\"creator\":{\"@id\":\"https:\\\/\\\/www.jornalja.com.br\\\/arquivo\\\/author\\\/daredacao\\\/#author\"},\"image\":{\"@type\":\"ImageObject\",\"url\":51661,\"@id\":\"https:\\\/\\\/www.jornalja.com.br\\\/arquivo\\\/sema-e-fepam-assumem-compromisso-com-mp-para-revitalizar-rio-gravatai\\\/#mainImage\"},\"primaryImageOfPage\":{\"@id\":\"https:\\\/\\\/www.jornalja.com.br\\\/arquivo\\\/sema-e-fepam-assumem-compromisso-com-mp-para-revitalizar-rio-gravatai\\\/#mainImage\"},\"datePublished\":\"2017-07-18T09:50:45-03:00\",\"dateModified\":\"2017-07-18T09:50:45-03:00\"},{\"@type\":\"WebSite\",\"@id\":\"https:\\\/\\\/www.jornalja.com.br\\\/arquivo\\\/#website\",\"url\":\"https:\\\/\\\/www.jornalja.com.br\\\/arquivo\\\/\",\"name\":\"Arquivo\",\"description\":\"Jornal J\\u00c1 | Porto Alegre\",\"inLanguage\":\"pt-BR\",\"publisher\":{\"@id\":\"https:\\\/\\\/www.jornalja.com.br\\\/arquivo\\\/#organization\"}}]}\n\t\t<\/script>\n\t\t<!-- All in One SEO -->\n\n","aioseo_head_json":{"title":"SEMA e FEPAM assumem compromisso com MP para revitalizar Rio Gravata\u00ed | Arquivo","description":"","canonical_url":"https:\/\/www.jornalja.com.br\/arquivo\/sema-e-fepam-assumem-compromisso-com-mp-para-revitalizar-rio-gravatai\/","robots":"max-image-preview:large","keywords":"","webmasterTools":{"miscellaneous":""},"schema":{"@context":"https:\/\/schema.org","@graph":[{"@type":"BlogPosting","@id":"https:\/\/www.jornalja.com.br\/arquivo\/sema-e-fepam-assumem-compromisso-com-mp-para-revitalizar-rio-gravatai\/#blogposting","name":"SEMA e FEPAM assumem compromisso com MP para revitalizar Rio Gravata\u00ed | Arquivo","headline":"SEMA e FEPAM assumem compromisso com MP para revitalizar Rio Gravata\u00ed","author":{"@id":"https:\/\/www.jornalja.com.br\/arquivo\/author\/daredacao\/#author"},"publisher":{"@id":"https:\/\/www.jornalja.com.br\/arquivo\/#organization"},"image":{"@type":"ImageObject","url":51661},"datePublished":"2017-07-18T09:50:45-03:00","dateModified":"2017-07-18T09:50:45-03:00","inLanguage":"pt-BR","mainEntityOfPage":{"@id":"https:\/\/www.jornalja.com.br\/arquivo\/sema-e-fepam-assumem-compromisso-com-mp-para-revitalizar-rio-gravatai\/#webpage"},"isPartOf":{"@id":"https:\/\/www.jornalja.com.br\/arquivo\/sema-e-fepam-assumem-compromisso-com-mp-para-revitalizar-rio-gravatai\/#webpage"},"articleSection":"Geral"},{"@type":"BreadcrumbList","@id":"https:\/\/www.jornalja.com.br\/arquivo\/sema-e-fepam-assumem-compromisso-com-mp-para-revitalizar-rio-gravatai\/#breadcrumblist","itemListElement":[{"@type":"ListItem","@id":"https:\/\/www.jornalja.com.br\/arquivo#listItem","position":1,"name":"Home","item":"https:\/\/www.jornalja.com.br\/arquivo","nextItem":{"@type":"ListItem","@id":"https:\/\/www.jornalja.com.br\/arquivo\/category\/geral\/#listItem","name":"Geral"}},{"@type":"ListItem","@id":"https:\/\/www.jornalja.com.br\/arquivo\/category\/geral\/#listItem","position":2,"name":"Geral","item":"https:\/\/www.jornalja.com.br\/arquivo\/category\/geral\/","nextItem":{"@type":"ListItem","@id":"https:\/\/www.jornalja.com.br\/arquivo\/sema-e-fepam-assumem-compromisso-com-mp-para-revitalizar-rio-gravatai\/#listItem","name":"SEMA e FEPAM assumem compromisso com MP para revitalizar Rio Gravata\u00ed"},"previousItem":{"@type":"ListItem","@id":"https:\/\/www.jornalja.com.br\/arquivo#listItem","name":"Home"}},{"@type":"ListItem","@id":"https:\/\/www.jornalja.com.br\/arquivo\/sema-e-fepam-assumem-compromisso-com-mp-para-revitalizar-rio-gravatai\/#listItem","position":3,"name":"SEMA e FEPAM assumem compromisso com MP para revitalizar Rio Gravata\u00ed","previousItem":{"@type":"ListItem","@id":"https:\/\/www.jornalja.com.br\/arquivo\/category\/geral\/#listItem","name":"Geral"}}]},{"@type":"Organization","@id":"https:\/\/www.jornalja.com.br\/arquivo\/#organization","name":"Jornal J\u00c1","description":"Jornal J\u00c1 | Porto Alegre","url":"https:\/\/www.jornalja.com.br\/arquivo\/","telephone":"+555133307272","logo":{"@type":"ImageObject","url":"https:\/\/www.jornalja.com.br\/wp-content\/uploads\/cards\/JAslogan.png","@id":"https:\/\/www.jornalja.com.br\/arquivo\/sema-e-fepam-assumem-compromisso-com-mp-para-revitalizar-rio-gravatai\/#organizationLogo"},"image":{"@id":"https:\/\/www.jornalja.com.br\/arquivo\/sema-e-fepam-assumem-compromisso-com-mp-para-revitalizar-rio-gravatai\/#organizationLogo"}},{"@type":"Person","@id":"https:\/\/www.jornalja.com.br\/arquivo\/author\/daredacao\/#author","url":"https:\/\/www.jornalja.com.br\/arquivo\/author\/daredacao\/","name":"da Reda\u00e7\u00e3o","image":{"@type":"ImageObject","@id":"https:\/\/www.jornalja.com.br\/arquivo\/sema-e-fepam-assumem-compromisso-com-mp-para-revitalizar-rio-gravatai\/#authorImage","url":"https:\/\/secure.gravatar.com\/avatar\/469fd857d6605ad19919d27ed29d35a968a25f6e8fd9318356bbb7f57aae9c65?s=96&d=mm&r=g","width":96,"height":96,"caption":"da Reda\u00e7\u00e3o"}},{"@type":"WebPage","@id":"https:\/\/www.jornalja.com.br\/arquivo\/sema-e-fepam-assumem-compromisso-com-mp-para-revitalizar-rio-gravatai\/#webpage","url":"https:\/\/www.jornalja.com.br\/arquivo\/sema-e-fepam-assumem-compromisso-com-mp-para-revitalizar-rio-gravatai\/","name":"SEMA e FEPAM assumem compromisso com MP para revitalizar Rio Gravata\u00ed | Arquivo","inLanguage":"pt-BR","isPartOf":{"@id":"https:\/\/www.jornalja.com.br\/arquivo\/#website"},"breadcrumb":{"@id":"https:\/\/www.jornalja.com.br\/arquivo\/sema-e-fepam-assumem-compromisso-com-mp-para-revitalizar-rio-gravatai\/#breadcrumblist"},"author":{"@id":"https:\/\/www.jornalja.com.br\/arquivo\/author\/daredacao\/#author"},"creator":{"@id":"https:\/\/www.jornalja.com.br\/arquivo\/author\/daredacao\/#author"},"image":{"@type":"ImageObject","url":51661,"@id":"https:\/\/www.jornalja.com.br\/arquivo\/sema-e-fepam-assumem-compromisso-com-mp-para-revitalizar-rio-gravatai\/#mainImage"},"primaryImageOfPage":{"@id":"https:\/\/www.jornalja.com.br\/arquivo\/sema-e-fepam-assumem-compromisso-com-mp-para-revitalizar-rio-gravatai\/#mainImage"},"datePublished":"2017-07-18T09:50:45-03:00","dateModified":"2017-07-18T09:50:45-03:00"},{"@type":"WebSite","@id":"https:\/\/www.jornalja.com.br\/arquivo\/#website","url":"https:\/\/www.jornalja.com.br\/arquivo\/","name":"Arquivo","description":"Jornal J\u00c1 | Porto Alegre","inLanguage":"pt-BR","publisher":{"@id":"https:\/\/www.jornalja.com.br\/arquivo\/#organization"}}]},"og:locale":"pt_BR","og:site_name":"Arquivo | Jornal J\u00c1 | Porto Alegre","og:type":"article","og:title":"SEMA e FEPAM assumem compromisso com MP para revitalizar Rio Gravata\u00ed | Arquivo","og:url":"https:\/\/www.jornalja.com.br\/arquivo\/sema-e-fepam-assumem-compromisso-com-mp-para-revitalizar-rio-gravatai\/","og:image":"https:\/\/www.jornalja.com.br\/wp-content\/uploads\/2017\/07\/Eduardo-Viegas-D-falou-como-titular-da-Promotoria-Regional-da-Bacia-do-Gravata\u00ed.jpg","og:image:secure_url":"https:\/\/www.jornalja.com.br\/wp-content\/uploads\/2017\/07\/Eduardo-Viegas-D-falou-como-titular-da-Promotoria-Regional-da-Bacia-do-Gravata\u00ed.jpg","article:published_time":"2017-07-18T12:50:45+00:00","article:modified_time":"2017-07-18T12:50:45+00:00","twitter:card":"summary","twitter:title":"SEMA e FEPAM assumem compromisso com MP para revitalizar Rio Gravata\u00ed | Arquivo","twitter:image":"https:\/\/www.jornalja.com.br\/economics\/wp-content\/uploads\/sites\/11\/2026\/08\/ja-folhaderosto-facebook.jpg"},"aioseo_meta_data":{"post_id":"51660","title":null,"description":null,"keywords":null,"keyphrases":null,"primary_term":null,"canonical_url":null,"og_title":null,"og_description":null,"og_object_type":"default","og_image_type":"default","og_image_url":null,"og_image_width":null,"og_image_height":null,"og_image_custom_url":null,"og_image_custom_fields":null,"og_video":null,"og_custom_url":null,"og_article_section":null,"og_article_tags":null,"twitter_use_og":false,"twitter_card":"default","twitter_image_type":"default","twitter_image_url":null,"twitter_image_custom_url":null,"twitter_image_custom_fields":null,"twitter_title":null,"twitter_description":null,"schema":{"blockGraphs":[],"customGraphs":[],"default":{"data":{"Article":[],"Course":[],"Dataset":[],"FAQPage":[],"Movie":[],"Person":[],"Product":[],"ProductReview":[],"Car":[],"Recipe":[],"Service":[],"SoftwareApplication":[],"WebPage":[]},"graphName":"","isEnabled":true},"graphs":[],"defaultGraph":"","defaultPostTypeGraph":""},"schema_type":null,"schema_type_options":null,"pillar_content":false,"robots_default":true,"robots_noindex":false,"robots_noarchive":false,"robots_nosnippet":false,"robots_nofollow":false,"robots_noimageindex":false,"robots_noodp":false,"robots_notranslate":false,"robots_max_snippet":null,"robots_max_videopreview":null,"robots_max_imagepreview":"large","priority":null,"frequency":null,"location":null,"local_seo":null,"breadcrumb_settings":null,"limit_modified_date":false,"ai":null,"created":"2020-12-20 20:29:06","updated":"2025-07-19 23:17:39","seo_analyzer_scan_date":null,"focus_keyword":null,"additional_keywords":null,"truseo_locale":null},"jetpack_sharing_enabled":true,"jetpack-related-posts":[{"id":14241,"url":"https:\/\/www.jornalja.com.br\/arquivo\/o-guaiba-nas-imagens-poeticas-de-achutti\/","url_meta":{"origin":51660,"position":0},"title":"O Gua\u00edba nas imagens po\u00e9ticas de Achutti","author":"da Reda\u00e7\u00e3o","date":"18 de junho de 2014","format":false,"excerpt":"Em \u201cO Gua\u00edba por Achutti\u201d \u2013 obra financiada via Minist\u00e9rio da Cultura, produ\u00e7\u00e3o executiva de Pedro Longhi, e Fl\u00e1vio Wild como designer \u2013, o fot\u00f3grafo revela a beleza e as mazelas de um espa\u00e7o aqu\u00e1tico de \u00e1guas sempre renovadas, cheio de hist\u00f3rias e lendas como as das cidades que foram\u2026","rel":"","context":"Em &quot;Cultura-Geral&quot;","block_context":{"text":"Cultura-Geral","link":"https:\/\/www.jornalja.com.br\/arquivo\/category\/materiasecundaria\/"},"img":{"alt_text":"","src":"","width":0,"height":0},"classes":[]},{"id":13109,"url":"https:\/\/www.jornalja.com.br\/arquivo\/judiciario-reconhece-poluicao-eletromagnetica\/","url_meta":{"origin":51660,"position":1},"title":"Judici\u00e1rio reconhece polui\u00e7\u00e3o eletromagn\u00e9tica","author":"Patr\u00edcia Marini","date":"16 de maio de 2014","format":false,"excerpt":"A\u00e7\u00e3o de duas associa\u00e7\u00f5es de moradores foi acolhida pelo Tribunal de Justi\u00e7a de S\u00e3o Paulo que. em decis\u00e3o in\u00e9dita, determinou a redu\u00e7\u00e3o do campo eletromagn\u00e9tico gerado pelas linhas de transmiss\u00e3o de energia que cortam os bairros City Boa\u00e7ava e Alto de Pinheiros. \u00c9 a primeira vez que um tribunal do\u2026","rel":"","context":"Em &quot;X.Categorias velhas&quot;","block_context":{"text":"X.Categorias velhas","link":"https:\/\/www.jornalja.com.br\/arquivo\/category\/x-categorias-velhas\/"},"img":{"alt_text":"","src":"","width":0,"height":0},"classes":[]},{"id":1280,"url":"https:\/\/www.jornalja.com.br\/arquivo\/o-menino-que-se-tornou-brizola\/","url_meta":{"origin":51660,"position":2},"title":"O Menino que se Tornou Brizola","author":"da Reda\u00e7\u00e3o","date":"28 de julho de 2008","format":false,"excerpt":"Autor: Cleber Dioni A vida de Leonel Brizola, com \u00eanfase para os primeiros anos em Porto Alegre, at\u00e9 o ex\u00edlio no Uruguai e a volta, quinze anos depois. \u00a0\"...\u00c9ramos todos jovens e nos identific\u00e1vamos com aquela massa an\u00f4nima a percorrer as ruas de Porto Alegre, gritando 'Get\u00falio', 'Get\u00falio' e empunhando\u2026","rel":"","context":"Em &quot;Livros&quot;","block_context":{"text":"Livros","link":"https:\/\/www.jornalja.com.br\/arquivo\/category\/livros\/"},"img":{"alt_text":"","src":"https:\/\/i0.wp.com\/www.jornalja.com.br\/wp-content\/uploads\/2008\/07\/brizola.gif?resize=350%2C200&ssl=1","width":350,"height":200},"classes":[]},{"id":13124,"url":"https:\/\/www.jornalja.com.br\/arquivo\/sangue-latino-no-iecine\/","url_meta":{"origin":51660,"position":3},"title":"Sangue latino no IECINE","author":"da Reda\u00e7\u00e3o","date":"18 de maio de 2014","format":false,"excerpt":"Francisco Ribeiro O Instituto Estadual de Cinema (IECINE) tem a frente, desde abril \u00faltimo, um novo diretor, o cineasta colombiano Juan Zapata, 36, que substitui Luiz Alberto Cassol. Radicado h\u00e1 dez anos em Porto Alegre, Zapata tem diante de si o desafio de conduzir at\u00e9 o final do ano um\u2026","rel":"","context":"Em &quot;Cultura-Geral&quot;","block_context":{"text":"Cultura-Geral","link":"https:\/\/www.jornalja.com.br\/arquivo\/category\/materiasecundaria\/"},"img":{"alt_text":"","src":"","width":0,"height":0},"classes":[]},{"id":5440,"url":"https:\/\/www.jornalja.com.br\/arquivo\/casarao-da-venancio-destino-permanece-incerto\/","url_meta":{"origin":51660,"position":4},"title":"Estado ainda n\u00e3o sabe o que fazer com casar\u00e3o abandonado h\u00e1 20 anos","author":"Elmar Bones","date":"6 de julho de 2009","format":false,"excerpt":"O casar\u00e3o amarelo, numa esquina nobre de Porto Alegre (Ven\u00e2ncio Aires com Jo\u00e3o Pessoa), j\u00e1 abrigou uma escola. H\u00e1 duas d\u00e9cadas, pelo menos, est\u00e1 abandonado, porque seu propriet\u00e1rio, o governo do Estado do Rio Grande do Sul, n\u00e3o consegue achar um destino para ele. Planos n\u00e3o faltaram. O governador Ol\u00edvio\u2026","rel":"","context":"Em &quot;X.Categorias velhas&quot;","block_context":{"text":"X.Categorias velhas","link":"https:\/\/www.jornalja.com.br\/arquivo\/category\/x-categorias-velhas\/"},"img":{"alt_text":"geraldo1","src":"https:\/\/i0.wp.com\/www.jornalja.com.br\/wp-content\/uploads\/2009\/07\/geraldo1.jpg?resize=350%2C200&ssl=1","width":350,"height":200},"classes":[]},{"id":13128,"url":"https:\/\/www.jornalja.com.br\/arquivo\/maconha-terra-diz-que-uso-medicinal-e-desculpa\/","url_meta":{"origin":51660,"position":5},"title":"Maconha: Terra diz que uso medicinal \u00e9 desculpa","author":"Patr\u00edcia Marini","date":"4 de junho de 2014","format":false,"excerpt":"A condi\u00e7\u00e3o de pol\u00edtico, em \u00e9poca de campanha de campanha eleitoral, tira for\u00e7a do discurso do m\u00e9dico Osmar Terra contra a legaliza\u00e7\u00e3o da maconha. A tese dele de que a libera\u00e7\u00e3o vai ampliar exponencialmente o consumo \u00e9 discutivel, o consumo \u00e9 corrente. Mas seus alertas quanto aos riscos tem que\u2026","rel":"","context":"Em &quot;X.Categorias velhas&quot;","block_context":{"text":"X.Categorias velhas","link":"https:\/\/www.jornalja.com.br\/arquivo\/category\/x-categorias-velhas\/"},"img":{"alt_text":"","src":"","width":0,"height":0},"classes":[]}],"jetpack_shortlink":"https:\/\/wp.me\/pbQjBd-dre","jetpack_featured_media_url":"","_links":{"self":[{"href":"https:\/\/www.jornalja.com.br\/arquivo\/wp-json\/wp\/v2\/posts\/51660","targetHints":{"allow":["GET"]}}],"collection":[{"href":"https:\/\/www.jornalja.com.br\/arquivo\/wp-json\/wp\/v2\/posts"}],"about":[{"href":"https:\/\/www.jornalja.com.br\/arquivo\/wp-json\/wp\/v2\/types\/post"}],"author":[{"embeddable":true,"href":"https:\/\/www.jornalja.com.br\/arquivo\/wp-json\/wp\/v2\/users\/4"}],"replies":[{"embeddable":true,"href":"https:\/\/www.jornalja.com.br\/arquivo\/wp-json\/wp\/v2\/comments?post=51660"}],"version-history":[{"count":0,"href":"https:\/\/www.jornalja.com.br\/arquivo\/wp-json\/wp\/v2\/posts\/51660\/revisions"}],"wp:attachment":[{"href":"https:\/\/www.jornalja.com.br\/arquivo\/wp-json\/wp\/v2\/media?parent=51660"}],"wp:term":[{"taxonomy":"category","embeddable":true,"href":"https:\/\/www.jornalja.com.br\/arquivo\/wp-json\/wp\/v2\/categories?post=51660"},{"taxonomy":"post_tag","embeddable":true,"href":"https:\/\/www.jornalja.com.br\/arquivo\/wp-json\/wp\/v2\/tags?post=51660"}],"curies":[{"name":"wp","href":"https:\/\/api.w.org\/{rel}","templated":true}]}}