{"id":51704,"date":"2017-07-18T18:15:28","date_gmt":"2017-07-18T21:15:28","guid":{"rendered":"https:\/\/www.jornalja.com.br\/?p=51704"},"modified":"2017-07-18T18:15:28","modified_gmt":"2017-07-18T21:15:28","slug":"manuela-pede-a-marchezan-volta-do-passe-livre-e-qualificacao-da-carris","status":"publish","type":"post","link":"https:\/\/www.jornalja.com.br\/arquivo\/manuela-pede-a-marchezan-volta-do-passe-livre-e-qualificacao-da-carris\/","title":{"rendered":"Manuela pede a Marchezan volta do passe livre e qualifica\u00e7\u00e3o da Carris"},"content":{"rendered":"<p>A deputada estadual Manuela D&#8217;\u00c1vila (PCdoB) postou em sua p\u00e1gina no Facebook uma carta endere\u00e7ada ao prefeito Nelson Marchezan J\u00fanior (PSDB), onde faz uma s\u00e9rie de pedidos que abordam desde educa\u00e7\u00e3o e habita\u00e7\u00e3o at\u00e9 a volta do passe livre, di\u00e1logo com o servidores p\u00fablicos e reestrutura\u00e7\u00e3o da Carris.<br \/>\n&#8220;Acho legal usar a internet para divers\u00e3o. Eu adoro fazer isso! Mas leve o problema dos moradores de rua, por exemplo, a s\u00e9rio. Tem muita gente mandada embora de sua casa pelo tr\u00e1fico que amedronta nossa cidade. Atente para isso. N\u00e3o \u00e9 casual o n\u00famero de ocupa\u00e7\u00f5es na cidade.&#8221; diz um trecho do texto.<br \/>\nSobre educa\u00e7\u00e3o, a parlamentar pediu ao prefeito que conversasse com os estudantes atendidos pelo Unipoa.<br \/>\nConfira abaixo o texto na \u00edntegra:<br \/>\n<strong><em>Caro Prefeito,<\/em><\/strong><br \/>\n<strong><em>N\u00e3o fomos advers\u00e1rios na \u00faltima elei\u00e7\u00e3o para prefeitura, eu n\u00e3o concorri porque tenho uma vis\u00e3o sobre meu papel nos primeiros anos de minha filha. Isso tem me feito viver nossa cidade muito mais intensamente e, por isso, te escrevo.<\/em><\/strong><br \/>\n<strong><em>N\u00e3o votei em ti, sei que sabes.<\/em><\/strong><br \/>\n<strong><em>Ao contr\u00e1rio: me somo \u00e0quela parte da popula\u00e7\u00e3o que n\u00e3o te elegeu, afinal, no segundo turno, teu advers\u00e1rio, os brancos, nulos e absten\u00e7\u00f5es foram campe\u00f5es de voto em nossa capital. Isso deve servir para a reflex\u00e3o de n\u00f3s todos. A popula\u00e7\u00e3o quer uma cidade e uma pol\u00edtica diferentes.<\/em><\/strong><br \/>\n<strong><em>Mas isso n\u00e3o muda nada. Afinal, tu \u00e9s o prefeito da minha cidade e eu sou moradora da cidade que tu governas.<\/em><\/strong><br \/>\n<strong><em>Por que te escrevo? Escrevo, pois, quero fazer um apelo sincero: n\u00e3o governe para os que te elegeram, apenas. A elei\u00e7\u00e3o j\u00e1 acabou. H\u00e1 tempos.<\/em><\/strong><br \/>\n<strong><em>N\u00e3o fa\u00e7a um governo de trabalhadoras e trabalhadores angustiados. Ang\u00fastia \u00e9 doen\u00e7a. Estimule os trabalhadores da prefeitura a desfrutarem seu tempo livre em nossa cidade com suas fam\u00edlias. Certamente, assim, conhecer\u00e3o melhor Porto Alegre e ajudar\u00e3o a identificar problemas e a resolv\u00ea-los. Quem trabalha feliz, rende mais. Estar feliz n\u00e3o significa estar despreocupado com os problemas ser\u00edssimos de nossa popula\u00e7\u00e3o! Sei que tu sabes como as horas livres com os filhos, por exemplo, s\u00e3o capazes de nos encher de energia.<\/em><\/strong><br \/>\n<strong><em>Acho legal usar a internet para divers\u00e3o. Eu adoro fazer isso! Mas leve o problema dos moradores de rua, por exemplo, a s\u00e9rio. Tem muita gente mandada embora de sua casa pelo tr\u00e1fico que amedronta nossa cidade. Atente para isso. N\u00e3o \u00e9 casual o n\u00famero de ocupa\u00e7\u00f5es na cidade.<\/em><\/strong><br \/>\n<strong><em>Prefeito, ajude a imunizar todas as crian\u00e7as de nossa cidade. Garanta passe livre para essas crian\u00e7as e seus pais, no m\u00ednimo, em dia de campanhas de vacina\u00e7\u00e3o.<\/em><\/strong><br \/>\n<strong><em>Melhore nossa educa\u00e7\u00e3o! Precisamos disso! Mas repense sua ideia de que o problema est\u00e1 nos professores. Converse com os alunos. Entenda a complexidade de suas vidas. O peso do desemprego na fam\u00edlia, a aus\u00eancia do Estado para garantir pol\u00edticas p\u00fablicas como sa\u00fade. Perceba a baix\u00edssima estrutura do conselho tutelar para identificar limites.<\/em><\/strong><br \/>\n<strong><em>Ainda sobre educa\u00e7\u00e3o, prefeito. Converse com estudantes atendidos pelo Unipoa.\u00a0<\/em><\/strong><strong><em>Tu nunca repetiste uma cadeira? Eu n\u00e3o. Mas n\u00e3o precisava trabalhar aos 17 anos, n\u00e3o criava filhos, era bolsista de inicia\u00e7\u00e3o cient\u00edfica. Tinha uma situa\u00e7\u00e3o privilegiada. Acho que parecida com a tua. E justo por isso, posso imaginar como deve ser dif\u00edcil ser um estudante diferente de mim.<\/em><\/strong><br \/>\n<strong><em>Prefeito, n\u00e3o deixe de esclarecer o que est\u00e1 acontecendo na Carris. Ela j\u00e1 foi a melhor empresa de transporte p\u00fablico do Brasil, e precisamos recuperar essa qualidade!<\/em><\/strong><br \/>\n<strong><em>Sei de tua inten\u00e7\u00e3o de privatizar a empresa caso ela n\u00e3o se recupere, mas como fazer isso se sabemos das dezenas de \u00f4nibus parados, sem pe\u00e7as?\u00a0<\/em><\/strong><br \/>\n<strong><em>Como fazer isso se for verdade que o presidente do Conselho de Administra\u00e7\u00e3o est\u00e1 se favorecendo de sua posi\u00e7\u00e3o como noticiou a imprensa?\u00a0<\/em><\/strong><br \/>\n<strong><em>Ser\u00e1 correto um CC trabalhar na Carris e na Procempa ao mesmo tempo? E se ele for s\u00f3cio de uma empresa de TI que \u00e9 fornecedora da pr\u00f3pria Carris?<\/em><\/strong><br \/>\n<strong><em>Escute os trabalhadores concursados da prefeitura. \u00c9 legal a ideia de criar um banco de talentos e permitir que nossa popula\u00e7\u00e3o ajude, com seu conhecimento, a cidade. Tamb\u00e9m \u00e9 legal valorizar o voluntariado. Mas pol\u00edticas p\u00fablicas precisam de perman\u00eancia e os\/as trabalhadores\/as concursados j\u00e1 estavam ali antes de ti. Alguns muito antes de n\u00f3s dois come\u00e7armos a fazer pol\u00edtica. E muitos continuar\u00e3o ali depois do teu governo. N\u00e3o acredito que eles sejam teus inimigos. Acredito que podem ser teus parceiros na constru\u00e7\u00e3o de uma Porto Alegre melhor.<\/em><\/strong><br \/>\n<strong><em>Conte comigo para melhorar nossa cidade.<\/em><\/strong><br \/>\n<strong><em>Abra\u00e7o,\u00a0<\/em><\/strong><br \/>\n<strong><em>Manuela d&#8217;\u00c1vila<\/em><\/strong><\/p>\n","protected":false},"excerpt":{"rendered":"<p>A deputada estadual Manuela D&#8217;\u00c1vila (PCdoB) postou em sua p\u00e1gina no Facebook uma carta endere\u00e7ada ao prefeito Nelson Marchezan J\u00fanior (PSDB), onde faz uma s\u00e9rie de pedidos que abordam desde educa\u00e7\u00e3o e habita\u00e7\u00e3o at\u00e9 a volta do passe livre, di\u00e1logo com o servidores p\u00fablicos e reestrutura\u00e7\u00e3o da Carris. &#8220;Acho legal usar a internet para divers\u00e3o. [&hellip;]<\/p>\n","protected":false},"author":4,"featured_media":0,"comment_status":"open","ping_status":"closed","sticky":false,"template":"","format":"standard","meta":{"_jetpack_newsletter_access":"","_jetpack_dont_email_post_to_subs":false,"_jetpack_newsletter_tier_id":0,"_jetpack_memberships_contains_paywalled_content":false,"_jetpack_feature_clip_id":0,"_jetpack_memberships_contains_paid_content":false,"footnotes":"","jetpack_post_was_ever_published":false},"categories":[2022],"tags":[],"class_list":["post-51704","post","type-post","status-publish","format-standard","hentry","category-notas"],"aioseo_notices":[],"aioseo_head":"\n\t\t<!-- All in One SEO 5.0.1.1 - aioseo.com -->\n\t<meta name=\"robots\" content=\"max-image-preview:large\" \/>\n\t<meta name=\"author\" content=\"da Reda\u00e7\u00e3o\"\/>\n\t<link rel=\"canonical\" href=\"https:\/\/www.jornalja.com.br\/arquivo\/manuela-pede-a-marchezan-volta-do-passe-livre-e-qualificacao-da-carris\/\" \/>\n\t<meta name=\"generator\" content=\"All in One SEO (AIOSEO) 5.0.1.1\" \/>\n\t\t<meta property=\"og:locale\" content=\"pt_BR\" \/>\n\t\t<meta property=\"og:site_name\" content=\"Arquivo | Jornal J\u00c1 | Porto Alegre\" \/>\n\t\t<meta property=\"og:type\" content=\"article\" \/>\n\t\t<meta property=\"og:title\" content=\"Manuela pede a Marchezan volta do passe livre e qualifica\u00e7\u00e3o da Carris | Arquivo\" \/>\n\t\t<meta property=\"og:url\" content=\"https:\/\/www.jornalja.com.br\/arquivo\/manuela-pede-a-marchezan-volta-do-passe-livre-e-qualificacao-da-carris\/\" \/>\n\t\t<meta property=\"og:image\" content=\"https:\/\/www.jornalja.com.br\/economics\/wp-content\/uploads\/sites\/11\/2026\/08\/ja-folhaderosto-facebook.jpg\" \/>\n\t\t<meta property=\"og:image:secure_url\" content=\"https:\/\/www.jornalja.com.br\/economics\/wp-content\/uploads\/sites\/11\/2026\/08\/ja-folhaderosto-facebook.jpg\" \/>\n\t\t<meta property=\"article:published_time\" content=\"2017-07-18T21:15:28+00:00\" \/>\n\t\t<meta property=\"article:modified_time\" content=\"2017-07-18T21:15:28+00:00\" \/>\n\t\t<meta name=\"twitter:card\" content=\"summary\" \/>\n\t\t<meta name=\"twitter:title\" content=\"Manuela pede a Marchezan volta do passe livre e qualifica\u00e7\u00e3o da Carris | Arquivo\" \/>\n\t\t<meta name=\"twitter:image\" content=\"https:\/\/www.jornalja.com.br\/economics\/wp-content\/uploads\/sites\/11\/2026\/08\/ja-folhaderosto-facebook.jpg\" \/>\n\t\t<script type=\"application\/ld+json\" class=\"aioseo-schema\">\n\t\t\t{\"@context\":\"https:\\\/\\\/schema.org\",\"@graph\":[{\"@type\":\"BlogPosting\",\"@id\":\"https:\\\/\\\/www.jornalja.com.br\\\/arquivo\\\/manuela-pede-a-marchezan-volta-do-passe-livre-e-qualificacao-da-carris\\\/#blogposting\",\"name\":\"Manuela pede a Marchezan volta do passe livre e qualifica\\u00e7\\u00e3o da Carris | Arquivo\",\"headline\":\"Manuela pede a Marchezan volta do passe livre e qualifica\\u00e7\\u00e3o da Carris\",\"author\":{\"@id\":\"https:\\\/\\\/www.jornalja.com.br\\\/arquivo\\\/author\\\/daredacao\\\/#author\"},\"publisher\":{\"@id\":\"https:\\\/\\\/www.jornalja.com.br\\\/arquivo\\\/#organization\"},\"image\":{\"@type\":\"ImageObject\",\"url\":\"https:\\\/\\\/www.jornalja.com.br\\\/wp-content\\\/uploads\\\/cards\\\/JAslogan.png\",\"@id\":\"https:\\\/\\\/www.jornalja.com.br\\\/arquivo\\\/#articleImage\"},\"datePublished\":\"2017-07-18T18:15:28-03:00\",\"dateModified\":\"2017-07-18T18:15:28-03:00\",\"inLanguage\":\"pt-BR\",\"mainEntityOfPage\":{\"@id\":\"https:\\\/\\\/www.jornalja.com.br\\\/arquivo\\\/manuela-pede-a-marchezan-volta-do-passe-livre-e-qualificacao-da-carris\\\/#webpage\"},\"isPartOf\":{\"@id\":\"https:\\\/\\\/www.jornalja.com.br\\\/arquivo\\\/manuela-pede-a-marchezan-volta-do-passe-livre-e-qualificacao-da-carris\\\/#webpage\"},\"articleSection\":\"NOTAS\"},{\"@type\":\"BreadcrumbList\",\"@id\":\"https:\\\/\\\/www.jornalja.com.br\\\/arquivo\\\/manuela-pede-a-marchezan-volta-do-passe-livre-e-qualificacao-da-carris\\\/#breadcrumblist\",\"itemListElement\":[{\"@type\":\"ListItem\",\"@id\":\"https:\\\/\\\/www.jornalja.com.br\\\/arquivo#listItem\",\"position\":1,\"name\":\"Home\",\"item\":\"https:\\\/\\\/www.jornalja.com.br\\\/arquivo\",\"nextItem\":{\"@type\":\"ListItem\",\"@id\":\"https:\\\/\\\/www.jornalja.com.br\\\/arquivo\\\/category\\\/notas\\\/#listItem\",\"name\":\"NOTAS\"}},{\"@type\":\"ListItem\",\"@id\":\"https:\\\/\\\/www.jornalja.com.br\\\/arquivo\\\/category\\\/notas\\\/#listItem\",\"position\":2,\"name\":\"NOTAS\",\"item\":\"https:\\\/\\\/www.jornalja.com.br\\\/arquivo\\\/category\\\/notas\\\/\",\"nextItem\":{\"@type\":\"ListItem\",\"@id\":\"https:\\\/\\\/www.jornalja.com.br\\\/arquivo\\\/manuela-pede-a-marchezan-volta-do-passe-livre-e-qualificacao-da-carris\\\/#listItem\",\"name\":\"Manuela pede a Marchezan volta do passe livre e qualifica\\u00e7\\u00e3o da Carris\"},\"previousItem\":{\"@type\":\"ListItem\",\"@id\":\"https:\\\/\\\/www.jornalja.com.br\\\/arquivo#listItem\",\"name\":\"Home\"}},{\"@type\":\"ListItem\",\"@id\":\"https:\\\/\\\/www.jornalja.com.br\\\/arquivo\\\/manuela-pede-a-marchezan-volta-do-passe-livre-e-qualificacao-da-carris\\\/#listItem\",\"position\":3,\"name\":\"Manuela pede a Marchezan volta do passe livre e qualifica\\u00e7\\u00e3o da Carris\",\"previousItem\":{\"@type\":\"ListItem\",\"@id\":\"https:\\\/\\\/www.jornalja.com.br\\\/arquivo\\\/category\\\/notas\\\/#listItem\",\"name\":\"NOTAS\"}}]},{\"@type\":\"Organization\",\"@id\":\"https:\\\/\\\/www.jornalja.com.br\\\/arquivo\\\/#organization\",\"name\":\"Jornal J\\u00c1\",\"description\":\"Jornal J\\u00c1 | Porto Alegre\",\"url\":\"https:\\\/\\\/www.jornalja.com.br\\\/arquivo\\\/\",\"telephone\":\"+555133307272\",\"logo\":{\"@type\":\"ImageObject\",\"url\":\"https:\\\/\\\/www.jornalja.com.br\\\/wp-content\\\/uploads\\\/cards\\\/JAslogan.png\",\"@id\":\"https:\\\/\\\/www.jornalja.com.br\\\/arquivo\\\/manuela-pede-a-marchezan-volta-do-passe-livre-e-qualificacao-da-carris\\\/#organizationLogo\"},\"image\":{\"@id\":\"https:\\\/\\\/www.jornalja.com.br\\\/arquivo\\\/manuela-pede-a-marchezan-volta-do-passe-livre-e-qualificacao-da-carris\\\/#organizationLogo\"}},{\"@type\":\"Person\",\"@id\":\"https:\\\/\\\/www.jornalja.com.br\\\/arquivo\\\/author\\\/daredacao\\\/#author\",\"url\":\"https:\\\/\\\/www.jornalja.com.br\\\/arquivo\\\/author\\\/daredacao\\\/\",\"name\":\"da Reda\\u00e7\\u00e3o\",\"image\":{\"@type\":\"ImageObject\",\"@id\":\"https:\\\/\\\/www.jornalja.com.br\\\/arquivo\\\/manuela-pede-a-marchezan-volta-do-passe-livre-e-qualificacao-da-carris\\\/#authorImage\",\"url\":\"https:\\\/\\\/secure.gravatar.com\\\/avatar\\\/469fd857d6605ad19919d27ed29d35a968a25f6e8fd9318356bbb7f57aae9c65?s=96&d=mm&r=g\",\"width\":96,\"height\":96,\"caption\":\"da Reda\\u00e7\\u00e3o\"}},{\"@type\":\"WebPage\",\"@id\":\"https:\\\/\\\/www.jornalja.com.br\\\/arquivo\\\/manuela-pede-a-marchezan-volta-do-passe-livre-e-qualificacao-da-carris\\\/#webpage\",\"url\":\"https:\\\/\\\/www.jornalja.com.br\\\/arquivo\\\/manuela-pede-a-marchezan-volta-do-passe-livre-e-qualificacao-da-carris\\\/\",\"name\":\"Manuela pede a Marchezan volta do passe livre e qualifica\\u00e7\\u00e3o da Carris | Arquivo\",\"inLanguage\":\"pt-BR\",\"isPartOf\":{\"@id\":\"https:\\\/\\\/www.jornalja.com.br\\\/arquivo\\\/#website\"},\"breadcrumb\":{\"@id\":\"https:\\\/\\\/www.jornalja.com.br\\\/arquivo\\\/manuela-pede-a-marchezan-volta-do-passe-livre-e-qualificacao-da-carris\\\/#breadcrumblist\"},\"author\":{\"@id\":\"https:\\\/\\\/www.jornalja.com.br\\\/arquivo\\\/author\\\/daredacao\\\/#author\"},\"creator\":{\"@id\":\"https:\\\/\\\/www.jornalja.com.br\\\/arquivo\\\/author\\\/daredacao\\\/#author\"},\"datePublished\":\"2017-07-18T18:15:28-03:00\",\"dateModified\":\"2017-07-18T18:15:28-03:00\"},{\"@type\":\"WebSite\",\"@id\":\"https:\\\/\\\/www.jornalja.com.br\\\/arquivo\\\/#website\",\"url\":\"https:\\\/\\\/www.jornalja.com.br\\\/arquivo\\\/\",\"name\":\"Arquivo\",\"description\":\"Jornal J\\u00c1 | Porto Alegre\",\"inLanguage\":\"pt-BR\",\"publisher\":{\"@id\":\"https:\\\/\\\/www.jornalja.com.br\\\/arquivo\\\/#organization\"}}]}\n\t\t<\/script>\n\t\t<!-- All in One SEO -->\n\n","aioseo_head_json":{"title":"Manuela pede a Marchezan volta do passe livre e qualifica\u00e7\u00e3o da Carris | Arquivo","description":"","canonical_url":"https:\/\/www.jornalja.com.br\/arquivo\/manuela-pede-a-marchezan-volta-do-passe-livre-e-qualificacao-da-carris\/","robots":"max-image-preview:large","keywords":"","webmasterTools":{"miscellaneous":""},"schema":{"@context":"https:\/\/schema.org","@graph":[{"@type":"BlogPosting","@id":"https:\/\/www.jornalja.com.br\/arquivo\/manuela-pede-a-marchezan-volta-do-passe-livre-e-qualificacao-da-carris\/#blogposting","name":"Manuela pede a Marchezan volta do passe livre e qualifica\u00e7\u00e3o da Carris | Arquivo","headline":"Manuela pede a Marchezan volta do passe livre e qualifica\u00e7\u00e3o da Carris","author":{"@id":"https:\/\/www.jornalja.com.br\/arquivo\/author\/daredacao\/#author"},"publisher":{"@id":"https:\/\/www.jornalja.com.br\/arquivo\/#organization"},"image":{"@type":"ImageObject","url":"https:\/\/www.jornalja.com.br\/wp-content\/uploads\/cards\/JAslogan.png","@id":"https:\/\/www.jornalja.com.br\/arquivo\/#articleImage"},"datePublished":"2017-07-18T18:15:28-03:00","dateModified":"2017-07-18T18:15:28-03:00","inLanguage":"pt-BR","mainEntityOfPage":{"@id":"https:\/\/www.jornalja.com.br\/arquivo\/manuela-pede-a-marchezan-volta-do-passe-livre-e-qualificacao-da-carris\/#webpage"},"isPartOf":{"@id":"https:\/\/www.jornalja.com.br\/arquivo\/manuela-pede-a-marchezan-volta-do-passe-livre-e-qualificacao-da-carris\/#webpage"},"articleSection":"NOTAS"},{"@type":"BreadcrumbList","@id":"https:\/\/www.jornalja.com.br\/arquivo\/manuela-pede-a-marchezan-volta-do-passe-livre-e-qualificacao-da-carris\/#breadcrumblist","itemListElement":[{"@type":"ListItem","@id":"https:\/\/www.jornalja.com.br\/arquivo#listItem","position":1,"name":"Home","item":"https:\/\/www.jornalja.com.br\/arquivo","nextItem":{"@type":"ListItem","@id":"https:\/\/www.jornalja.com.br\/arquivo\/category\/notas\/#listItem","name":"NOTAS"}},{"@type":"ListItem","@id":"https:\/\/www.jornalja.com.br\/arquivo\/category\/notas\/#listItem","position":2,"name":"NOTAS","item":"https:\/\/www.jornalja.com.br\/arquivo\/category\/notas\/","nextItem":{"@type":"ListItem","@id":"https:\/\/www.jornalja.com.br\/arquivo\/manuela-pede-a-marchezan-volta-do-passe-livre-e-qualificacao-da-carris\/#listItem","name":"Manuela pede a Marchezan volta do passe livre e qualifica\u00e7\u00e3o da Carris"},"previousItem":{"@type":"ListItem","@id":"https:\/\/www.jornalja.com.br\/arquivo#listItem","name":"Home"}},{"@type":"ListItem","@id":"https:\/\/www.jornalja.com.br\/arquivo\/manuela-pede-a-marchezan-volta-do-passe-livre-e-qualificacao-da-carris\/#listItem","position":3,"name":"Manuela pede a Marchezan volta do passe livre e qualifica\u00e7\u00e3o da Carris","previousItem":{"@type":"ListItem","@id":"https:\/\/www.jornalja.com.br\/arquivo\/category\/notas\/#listItem","name":"NOTAS"}}]},{"@type":"Organization","@id":"https:\/\/www.jornalja.com.br\/arquivo\/#organization","name":"Jornal J\u00c1","description":"Jornal J\u00c1 | Porto Alegre","url":"https:\/\/www.jornalja.com.br\/arquivo\/","telephone":"+555133307272","logo":{"@type":"ImageObject","url":"https:\/\/www.jornalja.com.br\/wp-content\/uploads\/cards\/JAslogan.png","@id":"https:\/\/www.jornalja.com.br\/arquivo\/manuela-pede-a-marchezan-volta-do-passe-livre-e-qualificacao-da-carris\/#organizationLogo"},"image":{"@id":"https:\/\/www.jornalja.com.br\/arquivo\/manuela-pede-a-marchezan-volta-do-passe-livre-e-qualificacao-da-carris\/#organizationLogo"}},{"@type":"Person","@id":"https:\/\/www.jornalja.com.br\/arquivo\/author\/daredacao\/#author","url":"https:\/\/www.jornalja.com.br\/arquivo\/author\/daredacao\/","name":"da Reda\u00e7\u00e3o","image":{"@type":"ImageObject","@id":"https:\/\/www.jornalja.com.br\/arquivo\/manuela-pede-a-marchezan-volta-do-passe-livre-e-qualificacao-da-carris\/#authorImage","url":"https:\/\/secure.gravatar.com\/avatar\/469fd857d6605ad19919d27ed29d35a968a25f6e8fd9318356bbb7f57aae9c65?s=96&d=mm&r=g","width":96,"height":96,"caption":"da Reda\u00e7\u00e3o"}},{"@type":"WebPage","@id":"https:\/\/www.jornalja.com.br\/arquivo\/manuela-pede-a-marchezan-volta-do-passe-livre-e-qualificacao-da-carris\/#webpage","url":"https:\/\/www.jornalja.com.br\/arquivo\/manuela-pede-a-marchezan-volta-do-passe-livre-e-qualificacao-da-carris\/","name":"Manuela pede a Marchezan volta do passe livre e qualifica\u00e7\u00e3o da Carris | Arquivo","inLanguage":"pt-BR","isPartOf":{"@id":"https:\/\/www.jornalja.com.br\/arquivo\/#website"},"breadcrumb":{"@id":"https:\/\/www.jornalja.com.br\/arquivo\/manuela-pede-a-marchezan-volta-do-passe-livre-e-qualificacao-da-carris\/#breadcrumblist"},"author":{"@id":"https:\/\/www.jornalja.com.br\/arquivo\/author\/daredacao\/#author"},"creator":{"@id":"https:\/\/www.jornalja.com.br\/arquivo\/author\/daredacao\/#author"},"datePublished":"2017-07-18T18:15:28-03:00","dateModified":"2017-07-18T18:15:28-03:00"},{"@type":"WebSite","@id":"https:\/\/www.jornalja.com.br\/arquivo\/#website","url":"https:\/\/www.jornalja.com.br\/arquivo\/","name":"Arquivo","description":"Jornal J\u00c1 | Porto Alegre","inLanguage":"pt-BR","publisher":{"@id":"https:\/\/www.jornalja.com.br\/arquivo\/#organization"}}]},"og:locale":"pt_BR","og:site_name":"Arquivo | Jornal J\u00c1 | Porto Alegre","og:type":"article","og:title":"Manuela pede a Marchezan volta do passe livre e qualifica\u00e7\u00e3o da Carris | Arquivo","og:url":"https:\/\/www.jornalja.com.br\/arquivo\/manuela-pede-a-marchezan-volta-do-passe-livre-e-qualificacao-da-carris\/","og:image":"https:\/\/www.jornalja.com.br\/economics\/wp-content\/uploads\/sites\/11\/2026\/08\/ja-folhaderosto-facebook.jpg","og:image:secure_url":"https:\/\/www.jornalja.com.br\/economics\/wp-content\/uploads\/sites\/11\/2026\/08\/ja-folhaderosto-facebook.jpg","article:published_time":"2017-07-18T21:15:28+00:00","article:modified_time":"2017-07-18T21:15:28+00:00","twitter:card":"summary","twitter:title":"Manuela pede a Marchezan volta do passe livre e qualifica\u00e7\u00e3o da Carris | Arquivo","twitter:image":"https:\/\/www.jornalja.com.br\/economics\/wp-content\/uploads\/sites\/11\/2026\/08\/ja-folhaderosto-facebook.jpg"},"aioseo_meta_data":{"post_id":"51704","title":null,"description":null,"keywords":null,"keyphrases":null,"primary_term":null,"canonical_url":null,"og_title":null,"og_description":null,"og_object_type":"default","og_image_type":"default","og_image_url":null,"og_image_width":null,"og_image_height":null,"og_image_custom_url":null,"og_image_custom_fields":null,"og_video":null,"og_custom_url":null,"og_article_section":null,"og_article_tags":null,"twitter_use_og":false,"twitter_card":"default","twitter_image_type":"default","twitter_image_url":null,"twitter_image_custom_url":null,"twitter_image_custom_fields":null,"twitter_title":null,"twitter_description":null,"schema":{"blockGraphs":[],"customGraphs":[],"default":{"data":{"Article":[],"Course":[],"Dataset":[],"FAQPage":[],"Movie":[],"Person":[],"Product":[],"ProductReview":[],"Car":[],"Recipe":[],"Service":[],"SoftwareApplication":[],"WebPage":[]},"graphName":"","isEnabled":true},"graphs":[]},"schema_type":null,"schema_type_options":null,"pillar_content":false,"robots_default":true,"robots_noindex":false,"robots_noarchive":false,"robots_nosnippet":false,"robots_nofollow":false,"robots_noimageindex":false,"robots_noodp":false,"robots_notranslate":false,"robots_max_snippet":null,"robots_max_videopreview":null,"robots_max_imagepreview":"large","priority":null,"frequency":null,"location":null,"local_seo":null,"breadcrumb_settings":null,"limit_modified_date":false,"ai":null,"created":"2020-12-20 20:29:05","updated":"2025-07-19 23:21:02","seo_analyzer_scan_date":null,"focus_keyword":null,"additional_keywords":null,"truseo_locale":null},"jetpack_sharing_enabled":true,"jetpack-related-posts":[{"id":13101,"url":"https:\/\/www.jornalja.com.br\/arquivo\/morre-um-guerreiro-do-texto\/","url_meta":{"origin":51704,"position":0},"title":"Morre um guerreiro do texto","author":"Patr\u00edcia Marini","date":"14 de maio de 2014","format":false,"excerpt":"Por Ricardo Kotscho Reproduzido do blog do autor, 11\/5\/2014; t\u00edtulo original \u201cE l\u00e1 se foi o nosso Myltainho, guerreiro do texto\u201d. Mi\u00fado e franzino, meu amigo Myltainho era um valente e inconformado guerreiro na luta contra as injusti\u00e7as sociais, a hipocrisia, as maracutaias, o autoritarismo, a intoler\u00e2ncia, a viol\u00eancia, o\u2026","rel":"","context":"Em &quot;Geral&quot;","block_context":{"text":"Geral","link":"https:\/\/www.jornalja.com.br\/arquivo\/category\/geral\/"},"img":{"alt_text":"","src":"","width":0,"height":0},"classes":[]},{"id":14241,"url":"https:\/\/www.jornalja.com.br\/arquivo\/o-guaiba-nas-imagens-poeticas-de-achutti\/","url_meta":{"origin":51704,"position":1},"title":"O Gua\u00edba nas imagens po\u00e9ticas de Achutti","author":"da Reda\u00e7\u00e3o","date":"18 de junho de 2014","format":false,"excerpt":"Em \u201cO Gua\u00edba por Achutti\u201d \u2013 obra financiada via Minist\u00e9rio da Cultura, produ\u00e7\u00e3o executiva de Pedro Longhi, e Fl\u00e1vio Wild como designer \u2013, o fot\u00f3grafo revela a beleza e as mazelas de um espa\u00e7o aqu\u00e1tico de \u00e1guas sempre renovadas, cheio de hist\u00f3rias e lendas como as das cidades que foram\u2026","rel":"","context":"Em &quot;Cultura-Geral&quot;","block_context":{"text":"Cultura-Geral","link":"https:\/\/www.jornalja.com.br\/arquivo\/category\/materiasecundaria\/"},"img":{"alt_text":"","src":"","width":0,"height":0},"classes":[]},{"id":13240,"url":"https:\/\/www.jornalja.com.br\/arquivo\/plano-diretor-estamos-construindo-o-caos\/","url_meta":{"origin":51704,"position":2},"title":"Plano diretor: &quot;Estamos construindo o caos&quot;","author":"Patr\u00edcia Marini","date":"26 de maio de 2014","format":false,"excerpt":"Desabafo que arquiteta Eliana Castilhos, delegada da Regi\u00e3o de Planejamento 1, postou nas redes sociais \u00e9 um testemunho do ambiente que se criou no Conselho do Plano Diretor de Porto Alegre, onde a aprova\u00e7\u00e3o de grandes empreendimentos \u00e9 empurrada guela abaixo dos conselheiros. Ao CMDUA Como delegada da Regi\u00e3o de\u2026","rel":"","context":"Em &quot;Geral&quot;","block_context":{"text":"Geral","link":"https:\/\/www.jornalja.com.br\/arquivo\/category\/geral\/"},"img":{"alt_text":"","src":"","width":0,"height":0},"classes":[]},{"id":13124,"url":"https:\/\/www.jornalja.com.br\/arquivo\/sangue-latino-no-iecine\/","url_meta":{"origin":51704,"position":3},"title":"Sangue latino no IECINE","author":"da Reda\u00e7\u00e3o","date":"18 de maio de 2014","format":false,"excerpt":"Francisco Ribeiro O Instituto Estadual de Cinema (IECINE) tem a frente, desde abril \u00faltimo, um novo diretor, o cineasta colombiano Juan Zapata, 36, que substitui Luiz Alberto Cassol. Radicado h\u00e1 dez anos em Porto Alegre, Zapata tem diante de si o desafio de conduzir at\u00e9 o final do ano um\u2026","rel":"","context":"Em &quot;Cultura-Geral&quot;","block_context":{"text":"Cultura-Geral","link":"https:\/\/www.jornalja.com.br\/arquivo\/category\/materiasecundaria\/"},"img":{"alt_text":"","src":"","width":0,"height":0},"classes":[]},{"id":1280,"url":"https:\/\/www.jornalja.com.br\/arquivo\/o-menino-que-se-tornou-brizola\/","url_meta":{"origin":51704,"position":4},"title":"O Menino que se Tornou Brizola","author":"da Reda\u00e7\u00e3o","date":"28 de julho de 2008","format":false,"excerpt":"Autor: Cleber Dioni A vida de Leonel Brizola, com \u00eanfase para os primeiros anos em Porto Alegre, at\u00e9 o ex\u00edlio no Uruguai e a volta, quinze anos depois. \u00a0\"...\u00c9ramos todos jovens e nos identific\u00e1vamos com aquela massa an\u00f4nima a percorrer as ruas de Porto Alegre, gritando 'Get\u00falio', 'Get\u00falio' e empunhando\u2026","rel":"","context":"Em &quot;Livros&quot;","block_context":{"text":"Livros","link":"https:\/\/www.jornalja.com.br\/arquivo\/category\/livros\/"},"img":{"alt_text":"","src":"https:\/\/i0.wp.com\/www.jornalja.com.br\/wp-content\/uploads\/2008\/07\/brizola.gif?resize=350%2C200&ssl=1","width":350,"height":200},"classes":[]},{"id":13109,"url":"https:\/\/www.jornalja.com.br\/arquivo\/judiciario-reconhece-poluicao-eletromagnetica\/","url_meta":{"origin":51704,"position":5},"title":"Judici\u00e1rio reconhece polui\u00e7\u00e3o eletromagn\u00e9tica","author":"Patr\u00edcia Marini","date":"16 de maio de 2014","format":false,"excerpt":"A\u00e7\u00e3o de duas associa\u00e7\u00f5es de moradores foi acolhida pelo Tribunal de Justi\u00e7a de S\u00e3o Paulo que. em decis\u00e3o in\u00e9dita, determinou a redu\u00e7\u00e3o do campo eletromagn\u00e9tico gerado pelas linhas de transmiss\u00e3o de energia que cortam os bairros City Boa\u00e7ava e Alto de Pinheiros. \u00c9 a primeira vez que um tribunal do\u2026","rel":"","context":"Em &quot;X.Categorias velhas&quot;","block_context":{"text":"X.Categorias velhas","link":"https:\/\/www.jornalja.com.br\/arquivo\/category\/x-categorias-velhas\/"},"img":{"alt_text":"","src":"","width":0,"height":0},"classes":[]}],"jetpack_shortlink":"https:\/\/wp.me\/pbQjBd-drW","jetpack_featured_media_url":"","_links":{"self":[{"href":"https:\/\/www.jornalja.com.br\/arquivo\/wp-json\/wp\/v2\/posts\/51704","targetHints":{"allow":["GET"]}}],"collection":[{"href":"https:\/\/www.jornalja.com.br\/arquivo\/wp-json\/wp\/v2\/posts"}],"about":[{"href":"https:\/\/www.jornalja.com.br\/arquivo\/wp-json\/wp\/v2\/types\/post"}],"author":[{"embeddable":true,"href":"https:\/\/www.jornalja.com.br\/arquivo\/wp-json\/wp\/v2\/users\/4"}],"replies":[{"embeddable":true,"href":"https:\/\/www.jornalja.com.br\/arquivo\/wp-json\/wp\/v2\/comments?post=51704"}],"version-history":[{"count":0,"href":"https:\/\/www.jornalja.com.br\/arquivo\/wp-json\/wp\/v2\/posts\/51704\/revisions"}],"wp:attachment":[{"href":"https:\/\/www.jornalja.com.br\/arquivo\/wp-json\/wp\/v2\/media?parent=51704"}],"wp:term":[{"taxonomy":"category","embeddable":true,"href":"https:\/\/www.jornalja.com.br\/arquivo\/wp-json\/wp\/v2\/categories?post=51704"},{"taxonomy":"post_tag","embeddable":true,"href":"https:\/\/www.jornalja.com.br\/arquivo\/wp-json\/wp\/v2\/tags?post=51704"}],"curies":[{"name":"wp","href":"https:\/\/api.w.org\/{rel}","templated":true}]}}