{"id":51718,"date":"2017-07-18T20:21:02","date_gmt":"2017-07-18T23:21:02","guid":{"rendered":"https:\/\/www.jornalja.com.br\/?p=51718"},"modified":"2017-07-18T20:21:02","modified_gmt":"2017-07-18T23:21:02","slug":"juiz-absolve-pai-de-vitima-da-boate-kiss","status":"publish","type":"post","link":"https:\/\/www.jornalja.com.br\/arquivo\/juiz-absolve-pai-de-vitima-da-boate-kiss\/","title":{"rendered":"Juiz absolve pai de v\u00edtima da Boate Kiss"},"content":{"rendered":"<p>Foi divulgada nesta ter\u00e7a-feira, 18, a senten\u00e7a do juiz Leandro Augusto Sassi, de Santa Maria, que absolve o pai de v\u00edtima da trag\u00e9dia da Boate Kiss, Paulo Carvalho. Ele respondia a por cal\u00fania e difama\u00e7\u00e3o, em a\u00e7\u00e3o criminal\u00a0 ingressada pelos promotores Joel Dutra e Maur\u00edcio Trevisan.<br \/>\nEm seu despacho, o juiz ressalta que n\u00e3o v\u00ea como n\u00e3o ser dado ao pai o direito de expor sua opini\u00e3o. E acrescenta: \u201cQuantas vezes dizemos o que pensamos e vemos ao fim o qu\u00e3o errado est\u00e1vamos, mas mesmo assim, deve sempre nos ser resguardado o sagrado direito de dizer. Sombrios os tempos em que as liberdades eram tolhidas, os textos censurados, os pensadores exilados, os corajosos torturados e \u201cdesaparecidos\u201d. Oxal\u00e1 esse tempo nunca mais volte!\u201d.<br \/>\nCom uma senten\u00e7a fundamentada em 28 p\u00e1ginas, Sassi julgou improcedente a den\u00fancia oferecida contra o r\u00e9u, com base no artigo 386, inciso III, do C\u00f3digo de Processo Penal (\u201cn\u00e3o constituir o fato infra\u00e7\u00e3o penal\u201d).<br \/>\nPaulo \u00e9 pai de Rafael Paulo Nunes de Carvalho, que morreu aos 32 anos na trag\u00e9dia da Kiss. As acusa\u00e7\u00f5es tinham por base dois artigos de Paulo Carvalho publicados em jornal de Santa Maria e uma publica\u00e7\u00e3o feita em seu Facebook, com cr\u00edticas \u00e0 atua\u00e7\u00e3o dos promotores no caso. O processo corria na 2\u00aa Vara Criminal de Santa Maria.<br \/>\n\u201cAgrade\u00e7o ao Pedro Barcellos (advogado) da forma mais pura e humana, que \u00e9 de um pai para um filho. A Justi\u00e7a foi feita nesse caso, mas ela deve ser estendida a outros pais processados. E nem por isso deixaremos de buscar Justi\u00e7a para nossos filhos, pois muita gente ficou de fora. H\u00e1 entes p\u00fablicos que deveriam ser responsabilizados pela trag\u00e9dia, n\u00e3o s\u00f3 os quatro r\u00e9us.\u201d, declarou Paulo Carvalho, ap\u00f3s ser informado da senten\u00e7a.<br \/>\n\u201cNunca procurei nada al\u00e9m da Justi\u00e7a e nunca deixarei de procura-la doa a quem doer e custe o que custar. Nenhuma intimida\u00e7\u00e3o me afastar\u00e1 da busca a honra do meu filho e de tantos outros. Eu agrade\u00e7o a todos que confiam que a nossa luta \u00e9 pela verdade e tao somente pela verdade. Li as palavras finais da senten\u00e7a que o juiz declarou: \u201cque os tempos sombrios n\u00e3o voltem e a liberdade de express\u00e3o possa ser exercida\u201d e dedico ao meu filho.\u201dcompletou.<br \/>\n<strong>Outros pais ainda s\u00e3o processados<\/strong><br \/>\nOutros tr\u00eas pais de v\u00edtimas ainda est\u00e3o sendo processados. Ir\u00e1 Mour\u00e3o Beuren, a Marta, m\u00e3e de Silvio Beuren Junior, o Silvinho, que morreu na trag\u00e9dia da Boate Kiss aos 31 anos, responde a processo c\u00edvel por inj\u00faria, difama\u00e7\u00e3o e falsidade ideol\u00f3gica. Ela \u00e9 processada pelo promotor aposentado Jo\u00e3o Marcos Adede y Castro e pelo filho dele, o advogado Ricardo Lu\u00eds Schultz Adede Y Castro. O processo foi instaurado devido a um artigo publicado em um jornal de Santa Maria, de autoria de Ir\u00e1, A r\u00e9 \u00e9 defendida pela advogada Patr\u00edcia Michelon. O processo tramita na 3\u00aa Vara C\u00edvel de Santa Maria.<br \/>\nEm outro processo, os pais de v\u00edtimas Fl\u00e1vio Jos\u00e9 da Silva, vice-presidente da Associa\u00e7\u00e3o de Familiares de V\u00edtimas e Sobreviventes da Trag\u00e9dia de Santa Maria (AVTSM), e S\u00e9rgio da Silva, presidente da AVTSM, s\u00e3o acusados de cal\u00fania pelo promotor Ricardo Lozza. A a\u00e7\u00e3o tramita na 4\u00aa Vara Criminal de Santa Maria.<br \/>\nNo processo, Fl\u00e1vio requereu a chamada \u201cexce\u00e7\u00e3o da verdade\u201d. Defendido pelo advogado Pedro Barcellos Jr, ele tenta provar que n\u00e3o caluniou o promotor e que falou a verdade, ao dizer que o Minist\u00e9rio P\u00fablico sabia que a Boate Kiss funcionava em situa\u00e7\u00e3o irregular. Esse incidente processual est\u00e1 sendo julgado pelo \u00d3rg\u00e3o Especial do Tribunal Pleno, do Tribunal de Justi\u00e7a do Estado (TJ\/RS), em Porto Alegre.<br \/>\nFl\u00e1vio \u00e9 pai de Andrielle, que morreu na trag\u00e9dia aos 22 anos. Se o TJ\/RS considerar que Fl\u00e1vio n\u00e3o mentiu, o processo principal por cal\u00fania de ter sentido na 4\u00aa Vara Criminal de Santa Maria. Em caso contr\u00e1rio, a a\u00e7\u00e3o seguir\u00e1 normalmente em Santa Maria. Sergio, o outro pai processado por cal\u00fania no mesmo processo, \u00e9 defendido pelos advogados Ricardo Munarski Jobim e Luiz Fernando Scherer Smaniotto.<br \/>\nA \u201cexce\u00e7\u00e3o da verdade\u201d come\u00e7ou a ser julgada no dia 22 de maio, em Porto Alegre, mas a sess\u00e3o foi suspensa, ap\u00f3s o voto de 20 desembargadores e um pedido de vista. No placar, 20 a zero contra Fl\u00e1vio. Falta o voto de dois magistrados, os desembargadores Rui Portanova e Gelson Rolim Stocker. \u00c9 dif\u00edcil, mas ainda pode haver mudan\u00e7as de posi\u00e7\u00e3o nos votos que j\u00e1 foram dados.<br \/>\nO Minist\u00e9rio P\u00fablico pediu recentemente a absolvi\u00e7\u00e3o de todos os pais processados por promotores, mas isso n\u00e3o inclui a a\u00e7\u00e3o contra Marta, movida por um advogado particular.<br \/>\nClique\u00a0<a href=\"http:\/\/avtsm.org\/sentenca_217508_2017\/\">AQUI<\/a>\u00a0\u00a0para baixar a \u00edntegra da senten\u00e7a do juiz Leandro Augusto Sassi.<\/p>\n","protected":false},"excerpt":{"rendered":"<p>Foi divulgada nesta ter\u00e7a-feira, 18, a senten\u00e7a do juiz Leandro Augusto Sassi, de Santa Maria, que absolve o pai de v\u00edtima da trag\u00e9dia da Boate Kiss, Paulo Carvalho. Ele respondia a por cal\u00fania e difama\u00e7\u00e3o, em a\u00e7\u00e3o criminal\u00a0 ingressada pelos promotores Joel Dutra e Maur\u00edcio Trevisan. Em seu despacho, o juiz ressalta que n\u00e3o v\u00ea [&hellip;]<\/p>\n","protected":false},"author":4,"featured_media":51719,"comment_status":"open","ping_status":"closed","sticky":false,"template":"","format":"standard","meta":{"_jetpack_newsletter_access":"","_jetpack_dont_email_post_to_subs":false,"_jetpack_newsletter_tier_id":0,"_jetpack_memberships_contains_paywalled_content":false,"_jetpack_feature_clip_id":0,"_jetpack_memberships_contains_paid_content":false,"footnotes":"","jetpack_post_was_ever_published":false},"categories":[26],"tags":[],"class_list":["post-51718","post","type-post","status-publish","format-standard","has-post-thumbnail","hentry","category-geral"],"aioseo_notices":[],"aioseo_head":"\n\t\t<!-- All in One SEO 5.0.1.1 - aioseo.com -->\n\t<meta name=\"robots\" content=\"max-image-preview:large\" \/>\n\t<meta name=\"author\" content=\"da Reda\u00e7\u00e3o\"\/>\n\t<link rel=\"canonical\" href=\"https:\/\/www.jornalja.com.br\/arquivo\/juiz-absolve-pai-de-vitima-da-boate-kiss\/\" \/>\n\t<meta name=\"generator\" content=\"All in One SEO (AIOSEO) 5.0.1.1\" \/>\n\t\t<meta property=\"og:locale\" content=\"pt_BR\" \/>\n\t\t<meta property=\"og:site_name\" content=\"Arquivo | Jornal J\u00c1 | Porto Alegre\" \/>\n\t\t<meta property=\"og:type\" content=\"article\" \/>\n\t\t<meta property=\"og:title\" content=\"Juiz absolve pai de v\u00edtima da Boate Kiss | Arquivo\" \/>\n\t\t<meta property=\"og:url\" content=\"https:\/\/www.jornalja.com.br\/arquivo\/juiz-absolve-pai-de-vitima-da-boate-kiss\/\" \/>\n\t\t<meta property=\"og:image\" content=\"https:\/\/www.jornalja.com.br\/economics\/wp-content\/uploads\/sites\/11\/2026\/08\/ja-folhaderosto-facebook.jpg\" \/>\n\t\t<meta property=\"og:image:secure_url\" content=\"https:\/\/www.jornalja.com.br\/economics\/wp-content\/uploads\/sites\/11\/2026\/08\/ja-folhaderosto-facebook.jpg\" \/>\n\t\t<meta property=\"article:published_time\" content=\"2017-07-18T23:21:02+00:00\" \/>\n\t\t<meta property=\"article:modified_time\" content=\"2017-07-18T23:21:02+00:00\" \/>\n\t\t<meta name=\"twitter:card\" content=\"summary\" \/>\n\t\t<meta name=\"twitter:title\" content=\"Juiz absolve pai de v\u00edtima da Boate Kiss | Arquivo\" \/>\n\t\t<meta name=\"twitter:image\" content=\"https:\/\/www.jornalja.com.br\/economics\/wp-content\/uploads\/sites\/11\/2026\/08\/ja-folhaderosto-facebook.jpg\" \/>\n\t\t<script type=\"application\/ld+json\" class=\"aioseo-schema\">\n\t\t\t{\"@context\":\"https:\\\/\\\/schema.org\",\"@graph\":[{\"@type\":\"BlogPosting\",\"@id\":\"https:\\\/\\\/www.jornalja.com.br\\\/arquivo\\\/juiz-absolve-pai-de-vitima-da-boate-kiss\\\/#blogposting\",\"name\":\"Juiz absolve pai de v\\u00edtima da Boate Kiss | Arquivo\",\"headline\":\"Juiz absolve pai de v\\u00edtima da Boate Kiss\",\"author\":{\"@id\":\"https:\\\/\\\/www.jornalja.com.br\\\/arquivo\\\/author\\\/daredacao\\\/#author\"},\"publisher\":{\"@id\":\"https:\\\/\\\/www.jornalja.com.br\\\/arquivo\\\/#organization\"},\"image\":{\"@type\":\"ImageObject\",\"url\":51719},\"datePublished\":\"2017-07-18T20:21:02-03:00\",\"dateModified\":\"2017-07-18T20:21:02-03:00\",\"inLanguage\":\"pt-BR\",\"commentCount\":1,\"mainEntityOfPage\":{\"@id\":\"https:\\\/\\\/www.jornalja.com.br\\\/arquivo\\\/juiz-absolve-pai-de-vitima-da-boate-kiss\\\/#webpage\"},\"isPartOf\":{\"@id\":\"https:\\\/\\\/www.jornalja.com.br\\\/arquivo\\\/juiz-absolve-pai-de-vitima-da-boate-kiss\\\/#webpage\"},\"articleSection\":\"Geral\"},{\"@type\":\"BreadcrumbList\",\"@id\":\"https:\\\/\\\/www.jornalja.com.br\\\/arquivo\\\/juiz-absolve-pai-de-vitima-da-boate-kiss\\\/#breadcrumblist\",\"itemListElement\":[{\"@type\":\"ListItem\",\"@id\":\"https:\\\/\\\/www.jornalja.com.br\\\/arquivo#listItem\",\"position\":1,\"name\":\"Home\",\"item\":\"https:\\\/\\\/www.jornalja.com.br\\\/arquivo\",\"nextItem\":{\"@type\":\"ListItem\",\"@id\":\"https:\\\/\\\/www.jornalja.com.br\\\/arquivo\\\/category\\\/geral\\\/#listItem\",\"name\":\"Geral\"}},{\"@type\":\"ListItem\",\"@id\":\"https:\\\/\\\/www.jornalja.com.br\\\/arquivo\\\/category\\\/geral\\\/#listItem\",\"position\":2,\"name\":\"Geral\",\"item\":\"https:\\\/\\\/www.jornalja.com.br\\\/arquivo\\\/category\\\/geral\\\/\",\"nextItem\":{\"@type\":\"ListItem\",\"@id\":\"https:\\\/\\\/www.jornalja.com.br\\\/arquivo\\\/juiz-absolve-pai-de-vitima-da-boate-kiss\\\/#listItem\",\"name\":\"Juiz absolve pai de v\\u00edtima da Boate Kiss\"},\"previousItem\":{\"@type\":\"ListItem\",\"@id\":\"https:\\\/\\\/www.jornalja.com.br\\\/arquivo#listItem\",\"name\":\"Home\"}},{\"@type\":\"ListItem\",\"@id\":\"https:\\\/\\\/www.jornalja.com.br\\\/arquivo\\\/juiz-absolve-pai-de-vitima-da-boate-kiss\\\/#listItem\",\"position\":3,\"name\":\"Juiz absolve pai de v\\u00edtima da Boate Kiss\",\"previousItem\":{\"@type\":\"ListItem\",\"@id\":\"https:\\\/\\\/www.jornalja.com.br\\\/arquivo\\\/category\\\/geral\\\/#listItem\",\"name\":\"Geral\"}}]},{\"@type\":\"Organization\",\"@id\":\"https:\\\/\\\/www.jornalja.com.br\\\/arquivo\\\/#organization\",\"name\":\"Jornal J\\u00c1\",\"description\":\"Jornal J\\u00c1 | Porto Alegre\",\"url\":\"https:\\\/\\\/www.jornalja.com.br\\\/arquivo\\\/\",\"telephone\":\"+555133307272\",\"logo\":{\"@type\":\"ImageObject\",\"url\":\"https:\\\/\\\/www.jornalja.com.br\\\/wp-content\\\/uploads\\\/cards\\\/JAslogan.png\",\"@id\":\"https:\\\/\\\/www.jornalja.com.br\\\/arquivo\\\/juiz-absolve-pai-de-vitima-da-boate-kiss\\\/#organizationLogo\"},\"image\":{\"@id\":\"https:\\\/\\\/www.jornalja.com.br\\\/arquivo\\\/juiz-absolve-pai-de-vitima-da-boate-kiss\\\/#organizationLogo\"}},{\"@type\":\"Person\",\"@id\":\"https:\\\/\\\/www.jornalja.com.br\\\/arquivo\\\/author\\\/daredacao\\\/#author\",\"url\":\"https:\\\/\\\/www.jornalja.com.br\\\/arquivo\\\/author\\\/daredacao\\\/\",\"name\":\"da Reda\\u00e7\\u00e3o\",\"image\":{\"@type\":\"ImageObject\",\"@id\":\"https:\\\/\\\/www.jornalja.com.br\\\/arquivo\\\/juiz-absolve-pai-de-vitima-da-boate-kiss\\\/#authorImage\",\"url\":\"https:\\\/\\\/secure.gravatar.com\\\/avatar\\\/469fd857d6605ad19919d27ed29d35a968a25f6e8fd9318356bbb7f57aae9c65?s=96&d=mm&r=g\",\"width\":96,\"height\":96,\"caption\":\"da Reda\\u00e7\\u00e3o\"}},{\"@type\":\"WebPage\",\"@id\":\"https:\\\/\\\/www.jornalja.com.br\\\/arquivo\\\/juiz-absolve-pai-de-vitima-da-boate-kiss\\\/#webpage\",\"url\":\"https:\\\/\\\/www.jornalja.com.br\\\/arquivo\\\/juiz-absolve-pai-de-vitima-da-boate-kiss\\\/\",\"name\":\"Juiz absolve pai de v\\u00edtima da Boate Kiss | Arquivo\",\"inLanguage\":\"pt-BR\",\"isPartOf\":{\"@id\":\"https:\\\/\\\/www.jornalja.com.br\\\/arquivo\\\/#website\"},\"breadcrumb\":{\"@id\":\"https:\\\/\\\/www.jornalja.com.br\\\/arquivo\\\/juiz-absolve-pai-de-vitima-da-boate-kiss\\\/#breadcrumblist\"},\"author\":{\"@id\":\"https:\\\/\\\/www.jornalja.com.br\\\/arquivo\\\/author\\\/daredacao\\\/#author\"},\"creator\":{\"@id\":\"https:\\\/\\\/www.jornalja.com.br\\\/arquivo\\\/author\\\/daredacao\\\/#author\"},\"image\":{\"@type\":\"ImageObject\",\"url\":51719,\"@id\":\"https:\\\/\\\/www.jornalja.com.br\\\/arquivo\\\/juiz-absolve-pai-de-vitima-da-boate-kiss\\\/#mainImage\"},\"primaryImageOfPage\":{\"@id\":\"https:\\\/\\\/www.jornalja.com.br\\\/arquivo\\\/juiz-absolve-pai-de-vitima-da-boate-kiss\\\/#mainImage\"},\"datePublished\":\"2017-07-18T20:21:02-03:00\",\"dateModified\":\"2017-07-18T20:21:02-03:00\"},{\"@type\":\"WebSite\",\"@id\":\"https:\\\/\\\/www.jornalja.com.br\\\/arquivo\\\/#website\",\"url\":\"https:\\\/\\\/www.jornalja.com.br\\\/arquivo\\\/\",\"name\":\"Arquivo\",\"description\":\"Jornal J\\u00c1 | Porto Alegre\",\"inLanguage\":\"pt-BR\",\"publisher\":{\"@id\":\"https:\\\/\\\/www.jornalja.com.br\\\/arquivo\\\/#organization\"}}]}\n\t\t<\/script>\n\t\t<!-- All in One SEO -->\n\n","aioseo_head_json":{"title":"Juiz absolve pai de v\u00edtima da Boate Kiss | Arquivo","description":"","canonical_url":"https:\/\/www.jornalja.com.br\/arquivo\/juiz-absolve-pai-de-vitima-da-boate-kiss\/","robots":"max-image-preview:large","keywords":"","webmasterTools":{"miscellaneous":""},"schema":{"@context":"https:\/\/schema.org","@graph":[{"@type":"BlogPosting","@id":"https:\/\/www.jornalja.com.br\/arquivo\/juiz-absolve-pai-de-vitima-da-boate-kiss\/#blogposting","name":"Juiz absolve pai de v\u00edtima da Boate Kiss | Arquivo","headline":"Juiz absolve pai de v\u00edtima da Boate Kiss","author":{"@id":"https:\/\/www.jornalja.com.br\/arquivo\/author\/daredacao\/#author"},"publisher":{"@id":"https:\/\/www.jornalja.com.br\/arquivo\/#organization"},"image":{"@type":"ImageObject","url":51719},"datePublished":"2017-07-18T20:21:02-03:00","dateModified":"2017-07-18T20:21:02-03:00","inLanguage":"pt-BR","commentCount":1,"mainEntityOfPage":{"@id":"https:\/\/www.jornalja.com.br\/arquivo\/juiz-absolve-pai-de-vitima-da-boate-kiss\/#webpage"},"isPartOf":{"@id":"https:\/\/www.jornalja.com.br\/arquivo\/juiz-absolve-pai-de-vitima-da-boate-kiss\/#webpage"},"articleSection":"Geral"},{"@type":"BreadcrumbList","@id":"https:\/\/www.jornalja.com.br\/arquivo\/juiz-absolve-pai-de-vitima-da-boate-kiss\/#breadcrumblist","itemListElement":[{"@type":"ListItem","@id":"https:\/\/www.jornalja.com.br\/arquivo#listItem","position":1,"name":"Home","item":"https:\/\/www.jornalja.com.br\/arquivo","nextItem":{"@type":"ListItem","@id":"https:\/\/www.jornalja.com.br\/arquivo\/category\/geral\/#listItem","name":"Geral"}},{"@type":"ListItem","@id":"https:\/\/www.jornalja.com.br\/arquivo\/category\/geral\/#listItem","position":2,"name":"Geral","item":"https:\/\/www.jornalja.com.br\/arquivo\/category\/geral\/","nextItem":{"@type":"ListItem","@id":"https:\/\/www.jornalja.com.br\/arquivo\/juiz-absolve-pai-de-vitima-da-boate-kiss\/#listItem","name":"Juiz absolve pai de v\u00edtima da Boate Kiss"},"previousItem":{"@type":"ListItem","@id":"https:\/\/www.jornalja.com.br\/arquivo#listItem","name":"Home"}},{"@type":"ListItem","@id":"https:\/\/www.jornalja.com.br\/arquivo\/juiz-absolve-pai-de-vitima-da-boate-kiss\/#listItem","position":3,"name":"Juiz absolve pai de v\u00edtima da Boate Kiss","previousItem":{"@type":"ListItem","@id":"https:\/\/www.jornalja.com.br\/arquivo\/category\/geral\/#listItem","name":"Geral"}}]},{"@type":"Organization","@id":"https:\/\/www.jornalja.com.br\/arquivo\/#organization","name":"Jornal J\u00c1","description":"Jornal J\u00c1 | Porto Alegre","url":"https:\/\/www.jornalja.com.br\/arquivo\/","telephone":"+555133307272","logo":{"@type":"ImageObject","url":"https:\/\/www.jornalja.com.br\/wp-content\/uploads\/cards\/JAslogan.png","@id":"https:\/\/www.jornalja.com.br\/arquivo\/juiz-absolve-pai-de-vitima-da-boate-kiss\/#organizationLogo"},"image":{"@id":"https:\/\/www.jornalja.com.br\/arquivo\/juiz-absolve-pai-de-vitima-da-boate-kiss\/#organizationLogo"}},{"@type":"Person","@id":"https:\/\/www.jornalja.com.br\/arquivo\/author\/daredacao\/#author","url":"https:\/\/www.jornalja.com.br\/arquivo\/author\/daredacao\/","name":"da Reda\u00e7\u00e3o","image":{"@type":"ImageObject","@id":"https:\/\/www.jornalja.com.br\/arquivo\/juiz-absolve-pai-de-vitima-da-boate-kiss\/#authorImage","url":"https:\/\/secure.gravatar.com\/avatar\/469fd857d6605ad19919d27ed29d35a968a25f6e8fd9318356bbb7f57aae9c65?s=96&d=mm&r=g","width":96,"height":96,"caption":"da Reda\u00e7\u00e3o"}},{"@type":"WebPage","@id":"https:\/\/www.jornalja.com.br\/arquivo\/juiz-absolve-pai-de-vitima-da-boate-kiss\/#webpage","url":"https:\/\/www.jornalja.com.br\/arquivo\/juiz-absolve-pai-de-vitima-da-boate-kiss\/","name":"Juiz absolve pai de v\u00edtima da Boate Kiss | Arquivo","inLanguage":"pt-BR","isPartOf":{"@id":"https:\/\/www.jornalja.com.br\/arquivo\/#website"},"breadcrumb":{"@id":"https:\/\/www.jornalja.com.br\/arquivo\/juiz-absolve-pai-de-vitima-da-boate-kiss\/#breadcrumblist"},"author":{"@id":"https:\/\/www.jornalja.com.br\/arquivo\/author\/daredacao\/#author"},"creator":{"@id":"https:\/\/www.jornalja.com.br\/arquivo\/author\/daredacao\/#author"},"image":{"@type":"ImageObject","url":51719,"@id":"https:\/\/www.jornalja.com.br\/arquivo\/juiz-absolve-pai-de-vitima-da-boate-kiss\/#mainImage"},"primaryImageOfPage":{"@id":"https:\/\/www.jornalja.com.br\/arquivo\/juiz-absolve-pai-de-vitima-da-boate-kiss\/#mainImage"},"datePublished":"2017-07-18T20:21:02-03:00","dateModified":"2017-07-18T20:21:02-03:00"},{"@type":"WebSite","@id":"https:\/\/www.jornalja.com.br\/arquivo\/#website","url":"https:\/\/www.jornalja.com.br\/arquivo\/","name":"Arquivo","description":"Jornal J\u00c1 | Porto Alegre","inLanguage":"pt-BR","publisher":{"@id":"https:\/\/www.jornalja.com.br\/arquivo\/#organization"}}]},"og:locale":"pt_BR","og:site_name":"Arquivo | Jornal J\u00c1 | Porto Alegre","og:type":"article","og:title":"Juiz absolve pai de v\u00edtima da Boate Kiss | Arquivo","og:url":"https:\/\/www.jornalja.com.br\/arquivo\/juiz-absolve-pai-de-vitima-da-boate-kiss\/","og:image":"https:\/\/www.jornalja.com.br\/economics\/wp-content\/uploads\/sites\/11\/2026\/08\/ja-folhaderosto-facebook.jpg","og:image:secure_url":"https:\/\/www.jornalja.com.br\/economics\/wp-content\/uploads\/sites\/11\/2026\/08\/ja-folhaderosto-facebook.jpg","article:published_time":"2017-07-18T23:21:02+00:00","article:modified_time":"2017-07-18T23:21:02+00:00","twitter:card":"summary","twitter:title":"Juiz absolve pai de v\u00edtima da Boate Kiss | Arquivo","twitter:image":"https:\/\/www.jornalja.com.br\/economics\/wp-content\/uploads\/sites\/11\/2026\/08\/ja-folhaderosto-facebook.jpg"},"aioseo_meta_data":{"post_id":"51718","title":null,"description":null,"keywords":null,"keyphrases":null,"primary_term":null,"canonical_url":null,"og_title":null,"og_description":null,"og_object_type":"default","og_image_type":"default","og_image_url":null,"og_image_width":null,"og_image_height":null,"og_image_custom_url":null,"og_image_custom_fields":null,"og_video":null,"og_custom_url":null,"og_article_section":null,"og_article_tags":null,"twitter_use_og":false,"twitter_card":"default","twitter_image_type":"default","twitter_image_url":null,"twitter_image_custom_url":null,"twitter_image_custom_fields":null,"twitter_title":null,"twitter_description":null,"schema":{"blockGraphs":[],"customGraphs":[],"default":{"data":{"Article":[],"Course":[],"Dataset":[],"FAQPage":[],"Movie":[],"Person":[],"Product":[],"ProductReview":[],"Car":[],"Recipe":[],"Service":[],"SoftwareApplication":[],"WebPage":[]},"graphName":"","isEnabled":true},"graphs":[],"defaultGraph":"","defaultPostTypeGraph":""},"schema_type":null,"schema_type_options":null,"pillar_content":false,"robots_default":true,"robots_noindex":false,"robots_noarchive":false,"robots_nosnippet":false,"robots_nofollow":false,"robots_noimageindex":false,"robots_noodp":false,"robots_notranslate":false,"robots_max_snippet":null,"robots_max_videopreview":null,"robots_max_imagepreview":"large","priority":null,"frequency":null,"location":null,"local_seo":null,"breadcrumb_settings":null,"limit_modified_date":false,"ai":null,"created":"2020-12-20 20:29:05","updated":"2025-07-19 23:21:02","seo_analyzer_scan_date":null,"focus_keyword":null,"additional_keywords":null,"truseo_locale":null},"jetpack_sharing_enabled":true,"jetpack-related-posts":[{"id":13109,"url":"https:\/\/www.jornalja.com.br\/arquivo\/judiciario-reconhece-poluicao-eletromagnetica\/","url_meta":{"origin":51718,"position":0},"title":"Judici\u00e1rio reconhece polui\u00e7\u00e3o eletromagn\u00e9tica","author":"Patr\u00edcia Marini","date":"16 de maio de 2014","format":false,"excerpt":"A\u00e7\u00e3o de duas associa\u00e7\u00f5es de moradores foi acolhida pelo Tribunal de Justi\u00e7a de S\u00e3o Paulo que. em decis\u00e3o in\u00e9dita, determinou a redu\u00e7\u00e3o do campo eletromagn\u00e9tico gerado pelas linhas de transmiss\u00e3o de energia que cortam os bairros City Boa\u00e7ava e Alto de Pinheiros. \u00c9 a primeira vez que um tribunal do\u2026","rel":"","context":"Em &quot;X.Categorias velhas&quot;","block_context":{"text":"X.Categorias velhas","link":"https:\/\/www.jornalja.com.br\/arquivo\/category\/x-categorias-velhas\/"},"img":{"alt_text":"","src":"","width":0,"height":0},"classes":[]},{"id":14241,"url":"https:\/\/www.jornalja.com.br\/arquivo\/o-guaiba-nas-imagens-poeticas-de-achutti\/","url_meta":{"origin":51718,"position":1},"title":"O Gua\u00edba nas imagens po\u00e9ticas de Achutti","author":"da Reda\u00e7\u00e3o","date":"18 de junho de 2014","format":false,"excerpt":"Em \u201cO Gua\u00edba por Achutti\u201d \u2013 obra financiada via Minist\u00e9rio da Cultura, produ\u00e7\u00e3o executiva de Pedro Longhi, e Fl\u00e1vio Wild como designer \u2013, o fot\u00f3grafo revela a beleza e as mazelas de um espa\u00e7o aqu\u00e1tico de \u00e1guas sempre renovadas, cheio de hist\u00f3rias e lendas como as das cidades que foram\u2026","rel":"","context":"Em &quot;Cultura-Geral&quot;","block_context":{"text":"Cultura-Geral","link":"https:\/\/www.jornalja.com.br\/arquivo\/category\/materiasecundaria\/"},"img":{"alt_text":"","src":"","width":0,"height":0},"classes":[]},{"id":12960,"url":"https:\/\/www.jornalja.com.br\/arquivo\/populacao-culpa-empresas-pela-greve-dos-rodoviarios\/","url_meta":{"origin":51718,"position":2},"title":"Popula\u00e7\u00e3o culpa empresas pela greve","author":"Patr\u00edcia Marini","date":"14 de fevereiro de 2014","format":false,"excerpt":"Pesquisa divulgada na edi\u00e7\u00e3o do jornal Metro desta sexta-feira,14, comprova o velho ditado: \u00e9 poss\u00edvel enganar muitos por algum tempo, mas n\u00e3o \u00e9 poss\u00edvel enganar a todos o tempo inteiro. A principal revela\u00e7\u00e3o foi que 59,8% dos entrevistados apontaram as empresas como as principais respons\u00e1veis pela grave e 46% culparam\u2026","rel":"","context":"Em &quot;X.Categorias velhas&quot;","block_context":{"text":"X.Categorias velhas","link":"https:\/\/www.jornalja.com.br\/arquivo\/category\/x-categorias-velhas\/"},"img":{"alt_text":"","src":"","width":0,"height":0},"classes":[]},{"id":5440,"url":"https:\/\/www.jornalja.com.br\/arquivo\/casarao-da-venancio-destino-permanece-incerto\/","url_meta":{"origin":51718,"position":3},"title":"Estado ainda n\u00e3o sabe o que fazer com casar\u00e3o abandonado h\u00e1 20 anos","author":"Elmar Bones","date":"6 de julho de 2009","format":false,"excerpt":"O casar\u00e3o amarelo, numa esquina nobre de Porto Alegre (Ven\u00e2ncio Aires com Jo\u00e3o Pessoa), j\u00e1 abrigou uma escola. H\u00e1 duas d\u00e9cadas, pelo menos, est\u00e1 abandonado, porque seu propriet\u00e1rio, o governo do Estado do Rio Grande do Sul, n\u00e3o consegue achar um destino para ele. Planos n\u00e3o faltaram. O governador Ol\u00edvio\u2026","rel":"","context":"Em &quot;X.Categorias velhas&quot;","block_context":{"text":"X.Categorias velhas","link":"https:\/\/www.jornalja.com.br\/arquivo\/category\/x-categorias-velhas\/"},"img":{"alt_text":"geraldo1","src":"https:\/\/i0.wp.com\/www.jornalja.com.br\/wp-content\/uploads\/2009\/07\/geraldo1.jpg?resize=350%2C200&ssl=1","width":350,"height":200},"classes":[]},{"id":13101,"url":"https:\/\/www.jornalja.com.br\/arquivo\/morre-um-guerreiro-do-texto\/","url_meta":{"origin":51718,"position":4},"title":"Morre um guerreiro do texto","author":"Patr\u00edcia Marini","date":"14 de maio de 2014","format":false,"excerpt":"Por Ricardo Kotscho Reproduzido do blog do autor, 11\/5\/2014; t\u00edtulo original \u201cE l\u00e1 se foi o nosso Myltainho, guerreiro do texto\u201d. Mi\u00fado e franzino, meu amigo Myltainho era um valente e inconformado guerreiro na luta contra as injusti\u00e7as sociais, a hipocrisia, as maracutaias, o autoritarismo, a intoler\u00e2ncia, a viol\u00eancia, o\u2026","rel":"","context":"Em &quot;Geral&quot;","block_context":{"text":"Geral","link":"https:\/\/www.jornalja.com.br\/arquivo\/category\/geral\/"},"img":{"alt_text":"","src":"","width":0,"height":0},"classes":[]},{"id":13128,"url":"https:\/\/www.jornalja.com.br\/arquivo\/maconha-terra-diz-que-uso-medicinal-e-desculpa\/","url_meta":{"origin":51718,"position":5},"title":"Maconha: Terra diz que uso medicinal \u00e9 desculpa","author":"Patr\u00edcia Marini","date":"4 de junho de 2014","format":false,"excerpt":"A condi\u00e7\u00e3o de pol\u00edtico, em \u00e9poca de campanha de campanha eleitoral, tira for\u00e7a do discurso do m\u00e9dico Osmar Terra contra a legaliza\u00e7\u00e3o da maconha. A tese dele de que a libera\u00e7\u00e3o vai ampliar exponencialmente o consumo \u00e9 discutivel, o consumo \u00e9 corrente. Mas seus alertas quanto aos riscos tem que\u2026","rel":"","context":"Em &quot;X.Categorias velhas&quot;","block_context":{"text":"X.Categorias velhas","link":"https:\/\/www.jornalja.com.br\/arquivo\/category\/x-categorias-velhas\/"},"img":{"alt_text":"","src":"","width":0,"height":0},"classes":[]}],"jetpack_shortlink":"https:\/\/wp.me\/pbQjBd-dsa","jetpack_featured_media_url":"","_links":{"self":[{"href":"https:\/\/www.jornalja.com.br\/arquivo\/wp-json\/wp\/v2\/posts\/51718","targetHints":{"allow":["GET"]}}],"collection":[{"href":"https:\/\/www.jornalja.com.br\/arquivo\/wp-json\/wp\/v2\/posts"}],"about":[{"href":"https:\/\/www.jornalja.com.br\/arquivo\/wp-json\/wp\/v2\/types\/post"}],"author":[{"embeddable":true,"href":"https:\/\/www.jornalja.com.br\/arquivo\/wp-json\/wp\/v2\/users\/4"}],"replies":[{"embeddable":true,"href":"https:\/\/www.jornalja.com.br\/arquivo\/wp-json\/wp\/v2\/comments?post=51718"}],"version-history":[{"count":0,"href":"https:\/\/www.jornalja.com.br\/arquivo\/wp-json\/wp\/v2\/posts\/51718\/revisions"}],"wp:attachment":[{"href":"https:\/\/www.jornalja.com.br\/arquivo\/wp-json\/wp\/v2\/media?parent=51718"}],"wp:term":[{"taxonomy":"category","embeddable":true,"href":"https:\/\/www.jornalja.com.br\/arquivo\/wp-json\/wp\/v2\/categories?post=51718"},{"taxonomy":"post_tag","embeddable":true,"href":"https:\/\/www.jornalja.com.br\/arquivo\/wp-json\/wp\/v2\/tags?post=51718"}],"curies":[{"name":"wp","href":"https:\/\/api.w.org\/{rel}","templated":true}]}}