{"id":51732,"date":"2017-07-19T15:27:13","date_gmt":"2017-07-19T18:27:13","guid":{"rendered":"https:\/\/www.jornalja.com.br\/?p=51732"},"modified":"2017-07-19T15:27:13","modified_gmt":"2017-07-19T18:27:13","slug":"entidades-criticam-programa-das-pequenas-hidreletricas-lancado-pelo-governo-do-estado","status":"publish","type":"post","link":"https:\/\/www.jornalja.com.br\/arquivo\/entidades-criticam-programa-das-pequenas-hidreletricas-lancado-pelo-governo-do-estado\/","title":{"rendered":"Entidades criticam programa das pequenas hidrel\u00e9tricas"},"content":{"rendered":"<p><span class=\"assina\">Tiago Baltz<\/span><br \/>\n\u201cEsse novo programa de PCHs (Pequenas Centrais Hidrel\u00e9tricas) pode colocar em risco o pouco que resta de matas nativas no Estado\u201d, condena o bi\u00f3logo Paulo Brack, professor da Universidade Federal do Rio Grande do Sul (UFRGS) e membro do Instituto Ga\u00facho de Estudos Ambientais (Ing\u00e1).<br \/>\nSegundo o ambientalista, mais de 90% do que resta no RS de matas ciliares est\u00e1 justamente restrita \u00e0s margens dos cursos de \u00e1gua de rios, a maioria em \u00c1reas de Preserva\u00e7\u00e3o Permanente (APPs). Para ele, o programa de incentivos a PCHs, lan\u00e7ado no \u00faltimo dia 13 pelo governo estadual, n\u00e3o levou em conta a preserva\u00e7\u00e3o de \u00e1reas fundamentais para o meio ambiente.<br \/>\n\u201cA natureza j\u00e1 esta se esgotando. Seis ou sete PCHs t\u00eam um potencial devastador para esp\u00e9cies nativas em pequenos rios, sem contar o impacto humano que qualquer barragem gera\u201d, afirma.<br \/>\nO professor lembra que h\u00e1 estudos que apontam o elevado n\u00famero de PCHs planejadas em importantes bacias hidrogr\u00e1ficas. Somente na bacia do Rio Uruguai existem 278 empreendimentos hidrel\u00e9tricos planejados. \u201c\u00c9 fortemente question\u00e1vel, de um ponto de vista cient\u00edfico e t\u00e9cnico, a capacidade de suporte desse n\u00famero de empreendimentos\u201d, diz Brack.<br \/>\nNo Brasil, 45% das PCHs est\u00e3o sendo planejadas sobre as \u00c1reas Priorit\u00e1rias para a Biodiversidade, sendo 25% delas ficam em \u00e1reas de Extrema Import\u00e2ncia. O apontamento vem do cruzamento feito entre os empreendimentos analisados pela Ag\u00eancia Nacional de Energia El\u00e9trica (Aneel) e o mapa de preserva\u00e7\u00e3o das \u00c1reas Priorit\u00e1rias para a Conserva\u00e7\u00e3o da Biodiversidade, do Governo Federal.<br \/>\nOutra cr\u00edtica ao programa refere-se ao fato da Secretaria do Ambiente e Desenvolvimento Sustent\u00e1vel, atrav\u00e9s da Funda\u00e7\u00e3o Estadual de Prote\u00e7\u00e3o Ambiental (Fepam), ter lan\u00e7ado nova resolu\u00e7\u00e3o alterando os par\u00e2metros para concess\u00e3o de licenciamento sem consulta pr\u00e9via ao Conselho Estadual de Meio Ambiente (Consema).<br \/>\n\u201cA secret\u00e1ria (Ana Pellini) parece querer atuar na ilegalidade. Nem sabemos se as \u00e1reas priorit\u00e1rias e a tem\u00e1tica das esp\u00e9cies amea\u00e7adas foram consideradas para a tomada de decis\u00e3o neste programa. Se n\u00e3o houver esclarecimentos, entidades ambientalistas v\u00e3o ao Minist\u00e9rio P\u00fablico\u201d, adianta Brack.<br \/>\nPara o professor, as altera\u00e7\u00f5es trazem maior facilita\u00e7\u00e3o ao licenciamento e reduzem as taxas previstas, ou seja, arrecada\u00e7\u00e3o menor\u00a0para os \u00f3rg\u00e3os ambientais.<br \/>\n&#8220;Juntamos isso com a inten\u00e7\u00e3o de acabar com a Funda\u00e7\u00e3o Zoobot\u00e2nica e podemos perceber que n\u00e3o temos uma adequada pol\u00edtica de preserva\u00e7\u00e3o\u201d, completa.<br \/>\nA Assembleia Permanente de Entidades em Defesa do Meio Ambiente (Apedema-RS) encaminhou documento ao governo estadual com questionamentos sobre como foi realizado a resolu\u00e7\u00e3o da Fepam e os estudos que teriam embasado o programa para as PCHs. O professor Brack \u00e9 um dos ambientalistas que assina o documento.<br \/>\n<strong>Reservat\u00f3rios produzem gases de efeito estufa, alerta professor<\/strong><br \/>\nA Apedema e a Ing\u00e1 n\u00e3o consideram as PCHs fontes de energias limpas. \u201cReservat\u00f3rios funcionam como f\u00e1bricas de metano, um dos gases causadores do efeito estufa. H\u00e1 nesses casos alto grau de comprometimento da oxigena\u00e7\u00e3o da \u00e1gua\u201d, alerta o professor Brack.<br \/>\nPaulo Brack lembra que estudos da pr\u00f3pria Fepam e da Zoobot\u00e2nica na Bacia do Taquari-Antas, j\u00e1 consideraram 18 hidrel\u00e9tricas invi\u00e1veis ou n\u00e3o recomend\u00e1veis, de 55 empreendimentos projetados e analisados. \u201cMas o atual governo n\u00e3o mostra interesse na preserva\u00e7\u00e3o e quer uma economia imediatista. Precisamos proteger as \u00e1reas priorit\u00e1rias \u2013 no m\u00ednimo. Isso \u00e9 uma pol\u00edtica respons\u00e1vel\u201d alerta o cientista.<br \/>\n<span class=\"intertit\">Governo estima investimentos de R$ 3 bilh\u00f5es<strong>\u00a0<\/strong><\/span><br \/>\n<figure id=\"attachment_51735\" aria-describedby=\"caption-attachment-51735\" style=\"width: 1150px\" class=\"wp-caption alignnone\"><img loading=\"lazy\" decoding=\"async\" class=\"wp-image-51735 size-full\" src=\"https:\/\/www.jornalja.com.br\/wp-content\/uploads\/2017\/07\/upload-20170713121850img_4143.jpg\" alt=\"\" width=\"1150\" height=\"765\" \/><figcaption id=\"caption-attachment-51735\" class=\"wp-caption-text\">A\u00a0secret\u00e1ria Ana Pellini, durante o lan\u00e7amento do programa de incentivo \u00e0s pequenas centrais hidrel\u00e9tricas, que destacar\u00e1 91 projetos para gera\u00e7\u00e3o de energia \/\u00a0Foto: Luiz Chaves\/Pal\u00e1cio Piratini<\/figcaption><\/figure><br \/>\nCom o Programa Ga\u00facho de Incentivo \u00e0s Pequenas Centrais Hidrel\u00e9tricas, o Governo Estadual espera que sejam investidos cerca de R$ 3 bilh\u00f5es e criados 12 mil postos de trabalho, para\u00a0gera\u00e7\u00e3o de 480 megawatts de energia el\u00e9trica, o que equivale ao abastecimento de 1,4 milh\u00e3o de resid\u00eancias. Desse valor total, R$ 15 milh\u00f5es ser\u00e3o destinados a unidades de conserva\u00e7\u00e3o ambiental.<br \/>\nPara viabilizar os empreendimentos, a Fepam elaborou uma nova portaria com crit\u00e9rios e diretrizes para licenciamento. Foi mudado o porte das PCHs. Empreendimentos de 10 MW, at\u00e9 ent\u00e3o considerados de grande porte, passaram por esta portaria para porte pequeno, e os de 5 MW, que eram de m\u00e9dio porte, passaram a serem considerados de m\u00ednimo porte.<br \/>\nTamb\u00e9m foram anunciados ajustes no valor do ressarcimento de custos do processo que podem chegar a 80% de desconto nas taxas.<br \/>\nA\u00a0secretaria Ana Pellini, que \u00e9 tamb\u00e9m presidente da Fepam, confirmou que 91 de 150 procedimentos para gera\u00e7\u00e3o de energia que aguardavam licenciamento foram considerados vi\u00e1veis e agora podem dar prosseguimento \u00e0 constru\u00e7\u00e3o das usinas.<br \/>\nNo mesmo evento, o presidente da Associa\u00e7\u00e3o Ga\u00fachas de Fomento \u00e0s PCHs, Luiz Ant\u00f4nio Le\u00e3o, afirmou que as pequenas centrais hidroel\u00e9tricas s\u00e3o a fonte mais barata de energia el\u00e9trica no mundo. Ele lembrou que somente a Cooperativa de Desenvolvimento Regional Teut\u00f4nia (Certel) prev\u00ea a implanta\u00e7\u00e3o de oito novas PCHs ao longo do rio Pardo.\u00a0\u201c\u00c9 uma cadeia 100% nacional e \u00e9 a que gera o maior n\u00famero de empregos diretos\u201d, complementou Le\u00e3o.<\/p>\n","protected":false},"excerpt":{"rendered":"<p>Tiago Baltz \u201cEsse novo programa de PCHs (Pequenas Centrais Hidrel\u00e9tricas) pode colocar em risco o pouco que resta de matas nativas no Estado\u201d, condena o bi\u00f3logo Paulo Brack, professor da Universidade Federal do Rio Grande do Sul (UFRGS) e membro do Instituto Ga\u00facho de Estudos Ambientais (Ing\u00e1). Segundo o ambientalista, mais de 90% do que [&hellip;]<\/p>\n","protected":false},"author":4,"featured_media":51733,"comment_status":"open","ping_status":"closed","sticky":false,"template":"","format":"standard","meta":{"_jetpack_newsletter_access":"","_jetpack_dont_email_post_to_subs":false,"_jetpack_newsletter_tier_id":0,"_jetpack_memberships_contains_paywalled_content":false,"_jetpack_feature_clip_id":0,"_jetpack_memberships_contains_paid_content":false,"footnotes":"","jetpack_post_was_ever_published":false},"categories":[26],"tags":[],"class_list":["post-51732","post","type-post","status-publish","format-standard","has-post-thumbnail","hentry","category-geral"],"aioseo_notices":[],"aioseo_head":"\n\t\t<!-- All in One SEO 5.0.1.1 - aioseo.com -->\n\t<meta name=\"robots\" content=\"max-image-preview:large\" \/>\n\t<meta name=\"author\" content=\"da Reda\u00e7\u00e3o\"\/>\n\t<link rel=\"canonical\" href=\"https:\/\/www.jornalja.com.br\/arquivo\/entidades-criticam-programa-das-pequenas-hidreletricas-lancado-pelo-governo-do-estado\/\" \/>\n\t<meta name=\"generator\" content=\"All in One SEO (AIOSEO) 5.0.1.1\" \/>\n\t\t<meta property=\"og:locale\" content=\"pt_BR\" \/>\n\t\t<meta property=\"og:site_name\" content=\"Arquivo | Jornal J\u00c1 | Porto Alegre\" \/>\n\t\t<meta property=\"og:type\" content=\"article\" \/>\n\t\t<meta property=\"og:title\" content=\"Entidades criticam programa das pequenas hidrel\u00e9tricas | Arquivo\" \/>\n\t\t<meta property=\"og:url\" content=\"https:\/\/www.jornalja.com.br\/arquivo\/entidades-criticam-programa-das-pequenas-hidreletricas-lancado-pelo-governo-do-estado\/\" \/>\n\t\t<meta property=\"og:image\" content=\"https:\/\/www.jornalja.com.br\/wp-content\/uploads\/2017\/07\/upload-20170713121850img_4143.jpg\" \/>\n\t\t<meta property=\"og:image:secure_url\" content=\"https:\/\/www.jornalja.com.br\/wp-content\/uploads\/2017\/07\/upload-20170713121850img_4143.jpg\" \/>\n\t\t<meta property=\"article:published_time\" content=\"2017-07-19T18:27:13+00:00\" \/>\n\t\t<meta property=\"article:modified_time\" content=\"2017-07-19T18:27:13+00:00\" \/>\n\t\t<meta name=\"twitter:card\" content=\"summary\" \/>\n\t\t<meta name=\"twitter:title\" content=\"Entidades criticam programa das pequenas hidrel\u00e9tricas | Arquivo\" \/>\n\t\t<meta name=\"twitter:image\" content=\"https:\/\/www.jornalja.com.br\/economics\/wp-content\/uploads\/sites\/11\/2026\/08\/ja-folhaderosto-facebook.jpg\" \/>\n\t\t<script type=\"application\/ld+json\" class=\"aioseo-schema\">\n\t\t\t{\"@context\":\"https:\\\/\\\/schema.org\",\"@graph\":[{\"@type\":\"BlogPosting\",\"@id\":\"https:\\\/\\\/www.jornalja.com.br\\\/arquivo\\\/entidades-criticam-programa-das-pequenas-hidreletricas-lancado-pelo-governo-do-estado\\\/#blogposting\",\"name\":\"Entidades criticam programa das pequenas hidrel\\u00e9tricas | Arquivo\",\"headline\":\"Entidades criticam programa das pequenas hidrel\\u00e9tricas\",\"author\":{\"@id\":\"https:\\\/\\\/www.jornalja.com.br\\\/arquivo\\\/author\\\/daredacao\\\/#author\"},\"publisher\":{\"@id\":\"https:\\\/\\\/www.jornalja.com.br\\\/arquivo\\\/#organization\"},\"image\":{\"@type\":\"ImageObject\",\"url\":51733},\"datePublished\":\"2017-07-19T15:27:13-03:00\",\"dateModified\":\"2017-07-19T15:27:13-03:00\",\"inLanguage\":\"pt-BR\",\"mainEntityOfPage\":{\"@id\":\"https:\\\/\\\/www.jornalja.com.br\\\/arquivo\\\/entidades-criticam-programa-das-pequenas-hidreletricas-lancado-pelo-governo-do-estado\\\/#webpage\"},\"isPartOf\":{\"@id\":\"https:\\\/\\\/www.jornalja.com.br\\\/arquivo\\\/entidades-criticam-programa-das-pequenas-hidreletricas-lancado-pelo-governo-do-estado\\\/#webpage\"},\"articleSection\":\"Geral\"},{\"@type\":\"BreadcrumbList\",\"@id\":\"https:\\\/\\\/www.jornalja.com.br\\\/arquivo\\\/entidades-criticam-programa-das-pequenas-hidreletricas-lancado-pelo-governo-do-estado\\\/#breadcrumblist\",\"itemListElement\":[{\"@type\":\"ListItem\",\"@id\":\"https:\\\/\\\/www.jornalja.com.br\\\/arquivo#listItem\",\"position\":1,\"name\":\"Home\",\"item\":\"https:\\\/\\\/www.jornalja.com.br\\\/arquivo\",\"nextItem\":{\"@type\":\"ListItem\",\"@id\":\"https:\\\/\\\/www.jornalja.com.br\\\/arquivo\\\/category\\\/geral\\\/#listItem\",\"name\":\"Geral\"}},{\"@type\":\"ListItem\",\"@id\":\"https:\\\/\\\/www.jornalja.com.br\\\/arquivo\\\/category\\\/geral\\\/#listItem\",\"position\":2,\"name\":\"Geral\",\"item\":\"https:\\\/\\\/www.jornalja.com.br\\\/arquivo\\\/category\\\/geral\\\/\",\"nextItem\":{\"@type\":\"ListItem\",\"@id\":\"https:\\\/\\\/www.jornalja.com.br\\\/arquivo\\\/entidades-criticam-programa-das-pequenas-hidreletricas-lancado-pelo-governo-do-estado\\\/#listItem\",\"name\":\"Entidades criticam programa das pequenas hidrel\\u00e9tricas\"},\"previousItem\":{\"@type\":\"ListItem\",\"@id\":\"https:\\\/\\\/www.jornalja.com.br\\\/arquivo#listItem\",\"name\":\"Home\"}},{\"@type\":\"ListItem\",\"@id\":\"https:\\\/\\\/www.jornalja.com.br\\\/arquivo\\\/entidades-criticam-programa-das-pequenas-hidreletricas-lancado-pelo-governo-do-estado\\\/#listItem\",\"position\":3,\"name\":\"Entidades criticam programa das pequenas hidrel\\u00e9tricas\",\"previousItem\":{\"@type\":\"ListItem\",\"@id\":\"https:\\\/\\\/www.jornalja.com.br\\\/arquivo\\\/category\\\/geral\\\/#listItem\",\"name\":\"Geral\"}}]},{\"@type\":\"Organization\",\"@id\":\"https:\\\/\\\/www.jornalja.com.br\\\/arquivo\\\/#organization\",\"name\":\"Jornal J\\u00c1\",\"description\":\"Jornal J\\u00c1 | Porto Alegre\",\"url\":\"https:\\\/\\\/www.jornalja.com.br\\\/arquivo\\\/\",\"telephone\":\"+555133307272\",\"logo\":{\"@type\":\"ImageObject\",\"url\":\"https:\\\/\\\/www.jornalja.com.br\\\/wp-content\\\/uploads\\\/cards\\\/JAslogan.png\",\"@id\":\"https:\\\/\\\/www.jornalja.com.br\\\/arquivo\\\/entidades-criticam-programa-das-pequenas-hidreletricas-lancado-pelo-governo-do-estado\\\/#organizationLogo\"},\"image\":{\"@id\":\"https:\\\/\\\/www.jornalja.com.br\\\/arquivo\\\/entidades-criticam-programa-das-pequenas-hidreletricas-lancado-pelo-governo-do-estado\\\/#organizationLogo\"}},{\"@type\":\"Person\",\"@id\":\"https:\\\/\\\/www.jornalja.com.br\\\/arquivo\\\/author\\\/daredacao\\\/#author\",\"url\":\"https:\\\/\\\/www.jornalja.com.br\\\/arquivo\\\/author\\\/daredacao\\\/\",\"name\":\"da Reda\\u00e7\\u00e3o\",\"image\":{\"@type\":\"ImageObject\",\"@id\":\"https:\\\/\\\/www.jornalja.com.br\\\/arquivo\\\/entidades-criticam-programa-das-pequenas-hidreletricas-lancado-pelo-governo-do-estado\\\/#authorImage\",\"url\":\"https:\\\/\\\/secure.gravatar.com\\\/avatar\\\/469fd857d6605ad19919d27ed29d35a968a25f6e8fd9318356bbb7f57aae9c65?s=96&d=mm&r=g\",\"width\":96,\"height\":96,\"caption\":\"da Reda\\u00e7\\u00e3o\"}},{\"@type\":\"WebPage\",\"@id\":\"https:\\\/\\\/www.jornalja.com.br\\\/arquivo\\\/entidades-criticam-programa-das-pequenas-hidreletricas-lancado-pelo-governo-do-estado\\\/#webpage\",\"url\":\"https:\\\/\\\/www.jornalja.com.br\\\/arquivo\\\/entidades-criticam-programa-das-pequenas-hidreletricas-lancado-pelo-governo-do-estado\\\/\",\"name\":\"Entidades criticam programa das pequenas hidrel\\u00e9tricas | Arquivo\",\"inLanguage\":\"pt-BR\",\"isPartOf\":{\"@id\":\"https:\\\/\\\/www.jornalja.com.br\\\/arquivo\\\/#website\"},\"breadcrumb\":{\"@id\":\"https:\\\/\\\/www.jornalja.com.br\\\/arquivo\\\/entidades-criticam-programa-das-pequenas-hidreletricas-lancado-pelo-governo-do-estado\\\/#breadcrumblist\"},\"author\":{\"@id\":\"https:\\\/\\\/www.jornalja.com.br\\\/arquivo\\\/author\\\/daredacao\\\/#author\"},\"creator\":{\"@id\":\"https:\\\/\\\/www.jornalja.com.br\\\/arquivo\\\/author\\\/daredacao\\\/#author\"},\"image\":{\"@type\":\"ImageObject\",\"url\":51733,\"@id\":\"https:\\\/\\\/www.jornalja.com.br\\\/arquivo\\\/entidades-criticam-programa-das-pequenas-hidreletricas-lancado-pelo-governo-do-estado\\\/#mainImage\"},\"primaryImageOfPage\":{\"@id\":\"https:\\\/\\\/www.jornalja.com.br\\\/arquivo\\\/entidades-criticam-programa-das-pequenas-hidreletricas-lancado-pelo-governo-do-estado\\\/#mainImage\"},\"datePublished\":\"2017-07-19T15:27:13-03:00\",\"dateModified\":\"2017-07-19T15:27:13-03:00\"},{\"@type\":\"WebSite\",\"@id\":\"https:\\\/\\\/www.jornalja.com.br\\\/arquivo\\\/#website\",\"url\":\"https:\\\/\\\/www.jornalja.com.br\\\/arquivo\\\/\",\"name\":\"Arquivo\",\"description\":\"Jornal J\\u00c1 | Porto Alegre\",\"inLanguage\":\"pt-BR\",\"publisher\":{\"@id\":\"https:\\\/\\\/www.jornalja.com.br\\\/arquivo\\\/#organization\"}}]}\n\t\t<\/script>\n\t\t<!-- All in One SEO -->\n\n","aioseo_head_json":{"title":"Entidades criticam programa das pequenas hidrel\u00e9tricas | Arquivo","description":"","canonical_url":"https:\/\/www.jornalja.com.br\/arquivo\/entidades-criticam-programa-das-pequenas-hidreletricas-lancado-pelo-governo-do-estado\/","robots":"max-image-preview:large","keywords":"","webmasterTools":{"miscellaneous":""},"schema":{"@context":"https:\/\/schema.org","@graph":[{"@type":"BlogPosting","@id":"https:\/\/www.jornalja.com.br\/arquivo\/entidades-criticam-programa-das-pequenas-hidreletricas-lancado-pelo-governo-do-estado\/#blogposting","name":"Entidades criticam programa das pequenas hidrel\u00e9tricas | Arquivo","headline":"Entidades criticam programa das pequenas hidrel\u00e9tricas","author":{"@id":"https:\/\/www.jornalja.com.br\/arquivo\/author\/daredacao\/#author"},"publisher":{"@id":"https:\/\/www.jornalja.com.br\/arquivo\/#organization"},"image":{"@type":"ImageObject","url":51733},"datePublished":"2017-07-19T15:27:13-03:00","dateModified":"2017-07-19T15:27:13-03:00","inLanguage":"pt-BR","mainEntityOfPage":{"@id":"https:\/\/www.jornalja.com.br\/arquivo\/entidades-criticam-programa-das-pequenas-hidreletricas-lancado-pelo-governo-do-estado\/#webpage"},"isPartOf":{"@id":"https:\/\/www.jornalja.com.br\/arquivo\/entidades-criticam-programa-das-pequenas-hidreletricas-lancado-pelo-governo-do-estado\/#webpage"},"articleSection":"Geral"},{"@type":"BreadcrumbList","@id":"https:\/\/www.jornalja.com.br\/arquivo\/entidades-criticam-programa-das-pequenas-hidreletricas-lancado-pelo-governo-do-estado\/#breadcrumblist","itemListElement":[{"@type":"ListItem","@id":"https:\/\/www.jornalja.com.br\/arquivo#listItem","position":1,"name":"Home","item":"https:\/\/www.jornalja.com.br\/arquivo","nextItem":{"@type":"ListItem","@id":"https:\/\/www.jornalja.com.br\/arquivo\/category\/geral\/#listItem","name":"Geral"}},{"@type":"ListItem","@id":"https:\/\/www.jornalja.com.br\/arquivo\/category\/geral\/#listItem","position":2,"name":"Geral","item":"https:\/\/www.jornalja.com.br\/arquivo\/category\/geral\/","nextItem":{"@type":"ListItem","@id":"https:\/\/www.jornalja.com.br\/arquivo\/entidades-criticam-programa-das-pequenas-hidreletricas-lancado-pelo-governo-do-estado\/#listItem","name":"Entidades criticam programa das pequenas hidrel\u00e9tricas"},"previousItem":{"@type":"ListItem","@id":"https:\/\/www.jornalja.com.br\/arquivo#listItem","name":"Home"}},{"@type":"ListItem","@id":"https:\/\/www.jornalja.com.br\/arquivo\/entidades-criticam-programa-das-pequenas-hidreletricas-lancado-pelo-governo-do-estado\/#listItem","position":3,"name":"Entidades criticam programa das pequenas hidrel\u00e9tricas","previousItem":{"@type":"ListItem","@id":"https:\/\/www.jornalja.com.br\/arquivo\/category\/geral\/#listItem","name":"Geral"}}]},{"@type":"Organization","@id":"https:\/\/www.jornalja.com.br\/arquivo\/#organization","name":"Jornal J\u00c1","description":"Jornal J\u00c1 | Porto Alegre","url":"https:\/\/www.jornalja.com.br\/arquivo\/","telephone":"+555133307272","logo":{"@type":"ImageObject","url":"https:\/\/www.jornalja.com.br\/wp-content\/uploads\/cards\/JAslogan.png","@id":"https:\/\/www.jornalja.com.br\/arquivo\/entidades-criticam-programa-das-pequenas-hidreletricas-lancado-pelo-governo-do-estado\/#organizationLogo"},"image":{"@id":"https:\/\/www.jornalja.com.br\/arquivo\/entidades-criticam-programa-das-pequenas-hidreletricas-lancado-pelo-governo-do-estado\/#organizationLogo"}},{"@type":"Person","@id":"https:\/\/www.jornalja.com.br\/arquivo\/author\/daredacao\/#author","url":"https:\/\/www.jornalja.com.br\/arquivo\/author\/daredacao\/","name":"da Reda\u00e7\u00e3o","image":{"@type":"ImageObject","@id":"https:\/\/www.jornalja.com.br\/arquivo\/entidades-criticam-programa-das-pequenas-hidreletricas-lancado-pelo-governo-do-estado\/#authorImage","url":"https:\/\/secure.gravatar.com\/avatar\/469fd857d6605ad19919d27ed29d35a968a25f6e8fd9318356bbb7f57aae9c65?s=96&d=mm&r=g","width":96,"height":96,"caption":"da Reda\u00e7\u00e3o"}},{"@type":"WebPage","@id":"https:\/\/www.jornalja.com.br\/arquivo\/entidades-criticam-programa-das-pequenas-hidreletricas-lancado-pelo-governo-do-estado\/#webpage","url":"https:\/\/www.jornalja.com.br\/arquivo\/entidades-criticam-programa-das-pequenas-hidreletricas-lancado-pelo-governo-do-estado\/","name":"Entidades criticam programa das pequenas hidrel\u00e9tricas | Arquivo","inLanguage":"pt-BR","isPartOf":{"@id":"https:\/\/www.jornalja.com.br\/arquivo\/#website"},"breadcrumb":{"@id":"https:\/\/www.jornalja.com.br\/arquivo\/entidades-criticam-programa-das-pequenas-hidreletricas-lancado-pelo-governo-do-estado\/#breadcrumblist"},"author":{"@id":"https:\/\/www.jornalja.com.br\/arquivo\/author\/daredacao\/#author"},"creator":{"@id":"https:\/\/www.jornalja.com.br\/arquivo\/author\/daredacao\/#author"},"image":{"@type":"ImageObject","url":51733,"@id":"https:\/\/www.jornalja.com.br\/arquivo\/entidades-criticam-programa-das-pequenas-hidreletricas-lancado-pelo-governo-do-estado\/#mainImage"},"primaryImageOfPage":{"@id":"https:\/\/www.jornalja.com.br\/arquivo\/entidades-criticam-programa-das-pequenas-hidreletricas-lancado-pelo-governo-do-estado\/#mainImage"},"datePublished":"2017-07-19T15:27:13-03:00","dateModified":"2017-07-19T15:27:13-03:00"},{"@type":"WebSite","@id":"https:\/\/www.jornalja.com.br\/arquivo\/#website","url":"https:\/\/www.jornalja.com.br\/arquivo\/","name":"Arquivo","description":"Jornal J\u00c1 | Porto Alegre","inLanguage":"pt-BR","publisher":{"@id":"https:\/\/www.jornalja.com.br\/arquivo\/#organization"}}]},"og:locale":"pt_BR","og:site_name":"Arquivo | Jornal J\u00c1 | Porto Alegre","og:type":"article","og:title":"Entidades criticam programa das pequenas hidrel\u00e9tricas | Arquivo","og:url":"https:\/\/www.jornalja.com.br\/arquivo\/entidades-criticam-programa-das-pequenas-hidreletricas-lancado-pelo-governo-do-estado\/","og:image":"https:\/\/www.jornalja.com.br\/wp-content\/uploads\/2017\/07\/upload-20170713121850img_4143.jpg","og:image:secure_url":"https:\/\/www.jornalja.com.br\/wp-content\/uploads\/2017\/07\/upload-20170713121850img_4143.jpg","article:published_time":"2017-07-19T18:27:13+00:00","article:modified_time":"2017-07-19T18:27:13+00:00","twitter:card":"summary","twitter:title":"Entidades criticam programa das pequenas hidrel\u00e9tricas | Arquivo","twitter:image":"https:\/\/www.jornalja.com.br\/economics\/wp-content\/uploads\/sites\/11\/2026\/08\/ja-folhaderosto-facebook.jpg"},"aioseo_meta_data":{"post_id":"51732","title":null,"description":null,"keywords":null,"keyphrases":null,"primary_term":null,"canonical_url":null,"og_title":null,"og_description":null,"og_object_type":"default","og_image_type":"default","og_image_url":null,"og_image_width":null,"og_image_height":null,"og_image_custom_url":null,"og_image_custom_fields":null,"og_video":null,"og_custom_url":null,"og_article_section":null,"og_article_tags":null,"twitter_use_og":false,"twitter_card":"default","twitter_image_type":"default","twitter_image_url":null,"twitter_image_custom_url":null,"twitter_image_custom_fields":null,"twitter_title":null,"twitter_description":null,"schema":{"blockGraphs":[],"customGraphs":[],"default":{"data":{"Article":[],"Course":[],"Dataset":[],"FAQPage":[],"Movie":[],"Person":[],"Product":[],"ProductReview":[],"Car":[],"Recipe":[],"Service":[],"SoftwareApplication":[],"WebPage":[]},"graphName":"","isEnabled":true},"graphs":[],"defaultGraph":"","defaultPostTypeGraph":""},"schema_type":null,"schema_type_options":null,"pillar_content":false,"robots_default":true,"robots_noindex":false,"robots_noarchive":false,"robots_nosnippet":false,"robots_nofollow":false,"robots_noimageindex":false,"robots_noodp":false,"robots_notranslate":false,"robots_max_snippet":null,"robots_max_videopreview":null,"robots_max_imagepreview":"large","priority":null,"frequency":null,"location":null,"local_seo":null,"breadcrumb_settings":null,"limit_modified_date":false,"ai":null,"created":"2020-12-20 20:29:05","updated":"2025-07-19 23:26:44","seo_analyzer_scan_date":null,"focus_keyword":null,"additional_keywords":null,"truseo_locale":null},"jetpack_sharing_enabled":true,"jetpack-related-posts":[{"id":13109,"url":"https:\/\/www.jornalja.com.br\/arquivo\/judiciario-reconhece-poluicao-eletromagnetica\/","url_meta":{"origin":51732,"position":0},"title":"Judici\u00e1rio reconhece polui\u00e7\u00e3o eletromagn\u00e9tica","author":"Patr\u00edcia Marini","date":"16 de maio de 2014","format":false,"excerpt":"A\u00e7\u00e3o de duas associa\u00e7\u00f5es de moradores foi acolhida pelo Tribunal de Justi\u00e7a de S\u00e3o Paulo que. em decis\u00e3o in\u00e9dita, determinou a redu\u00e7\u00e3o do campo eletromagn\u00e9tico gerado pelas linhas de transmiss\u00e3o de energia que cortam os bairros City Boa\u00e7ava e Alto de Pinheiros. \u00c9 a primeira vez que um tribunal do\u2026","rel":"","context":"Em &quot;X.Categorias velhas&quot;","block_context":{"text":"X.Categorias velhas","link":"https:\/\/www.jornalja.com.br\/arquivo\/category\/x-categorias-velhas\/"},"img":{"alt_text":"","src":"","width":0,"height":0},"classes":[]},{"id":13124,"url":"https:\/\/www.jornalja.com.br\/arquivo\/sangue-latino-no-iecine\/","url_meta":{"origin":51732,"position":1},"title":"Sangue latino no IECINE","author":"da Reda\u00e7\u00e3o","date":"18 de maio de 2014","format":false,"excerpt":"Francisco Ribeiro O Instituto Estadual de Cinema (IECINE) tem a frente, desde abril \u00faltimo, um novo diretor, o cineasta colombiano Juan Zapata, 36, que substitui Luiz Alberto Cassol. Radicado h\u00e1 dez anos em Porto Alegre, Zapata tem diante de si o desafio de conduzir at\u00e9 o final do ano um\u2026","rel":"","context":"Em &quot;Cultura-Geral&quot;","block_context":{"text":"Cultura-Geral","link":"https:\/\/www.jornalja.com.br\/arquivo\/category\/materiasecundaria\/"},"img":{"alt_text":"","src":"","width":0,"height":0},"classes":[]},{"id":13240,"url":"https:\/\/www.jornalja.com.br\/arquivo\/plano-diretor-estamos-construindo-o-caos\/","url_meta":{"origin":51732,"position":2},"title":"Plano diretor: &quot;Estamos construindo o caos&quot;","author":"Patr\u00edcia Marini","date":"26 de maio de 2014","format":false,"excerpt":"Desabafo que arquiteta Eliana Castilhos, delegada da Regi\u00e3o de Planejamento 1, postou nas redes sociais \u00e9 um testemunho do ambiente que se criou no Conselho do Plano Diretor de Porto Alegre, onde a aprova\u00e7\u00e3o de grandes empreendimentos \u00e9 empurrada guela abaixo dos conselheiros. Ao CMDUA Como delegada da Regi\u00e3o de\u2026","rel":"","context":"Em &quot;Geral&quot;","block_context":{"text":"Geral","link":"https:\/\/www.jornalja.com.br\/arquivo\/category\/geral\/"},"img":{"alt_text":"","src":"","width":0,"height":0},"classes":[]},{"id":5440,"url":"https:\/\/www.jornalja.com.br\/arquivo\/casarao-da-venancio-destino-permanece-incerto\/","url_meta":{"origin":51732,"position":3},"title":"Estado ainda n\u00e3o sabe o que fazer com casar\u00e3o abandonado h\u00e1 20 anos","author":"Elmar Bones","date":"6 de julho de 2009","format":false,"excerpt":"O casar\u00e3o amarelo, numa esquina nobre de Porto Alegre (Ven\u00e2ncio Aires com Jo\u00e3o Pessoa), j\u00e1 abrigou uma escola. H\u00e1 duas d\u00e9cadas, pelo menos, est\u00e1 abandonado, porque seu propriet\u00e1rio, o governo do Estado do Rio Grande do Sul, n\u00e3o consegue achar um destino para ele. Planos n\u00e3o faltaram. O governador Ol\u00edvio\u2026","rel":"","context":"Em &quot;X.Categorias velhas&quot;","block_context":{"text":"X.Categorias velhas","link":"https:\/\/www.jornalja.com.br\/arquivo\/category\/x-categorias-velhas\/"},"img":{"alt_text":"geraldo1","src":"https:\/\/i0.wp.com\/www.jornalja.com.br\/wp-content\/uploads\/2009\/07\/geraldo1.jpg?resize=350%2C200&ssl=1","width":350,"height":200},"classes":[]},{"id":13101,"url":"https:\/\/www.jornalja.com.br\/arquivo\/morre-um-guerreiro-do-texto\/","url_meta":{"origin":51732,"position":4},"title":"Morre um guerreiro do texto","author":"Patr\u00edcia Marini","date":"14 de maio de 2014","format":false,"excerpt":"Por Ricardo Kotscho Reproduzido do blog do autor, 11\/5\/2014; t\u00edtulo original \u201cE l\u00e1 se foi o nosso Myltainho, guerreiro do texto\u201d. Mi\u00fado e franzino, meu amigo Myltainho era um valente e inconformado guerreiro na luta contra as injusti\u00e7as sociais, a hipocrisia, as maracutaias, o autoritarismo, a intoler\u00e2ncia, a viol\u00eancia, o\u2026","rel":"","context":"Em &quot;Geral&quot;","block_context":{"text":"Geral","link":"https:\/\/www.jornalja.com.br\/arquivo\/category\/geral\/"},"img":{"alt_text":"","src":"","width":0,"height":0},"classes":[]},{"id":13128,"url":"https:\/\/www.jornalja.com.br\/arquivo\/maconha-terra-diz-que-uso-medicinal-e-desculpa\/","url_meta":{"origin":51732,"position":5},"title":"Maconha: Terra diz que uso medicinal \u00e9 desculpa","author":"Patr\u00edcia Marini","date":"4 de junho de 2014","format":false,"excerpt":"A condi\u00e7\u00e3o de pol\u00edtico, em \u00e9poca de campanha de campanha eleitoral, tira for\u00e7a do discurso do m\u00e9dico Osmar Terra contra a legaliza\u00e7\u00e3o da maconha. A tese dele de que a libera\u00e7\u00e3o vai ampliar exponencialmente o consumo \u00e9 discutivel, o consumo \u00e9 corrente. Mas seus alertas quanto aos riscos tem que\u2026","rel":"","context":"Em &quot;X.Categorias velhas&quot;","block_context":{"text":"X.Categorias velhas","link":"https:\/\/www.jornalja.com.br\/arquivo\/category\/x-categorias-velhas\/"},"img":{"alt_text":"","src":"","width":0,"height":0},"classes":[]}],"jetpack_shortlink":"https:\/\/wp.me\/pbQjBd-dso","jetpack_featured_media_url":"","_links":{"self":[{"href":"https:\/\/www.jornalja.com.br\/arquivo\/wp-json\/wp\/v2\/posts\/51732","targetHints":{"allow":["GET"]}}],"collection":[{"href":"https:\/\/www.jornalja.com.br\/arquivo\/wp-json\/wp\/v2\/posts"}],"about":[{"href":"https:\/\/www.jornalja.com.br\/arquivo\/wp-json\/wp\/v2\/types\/post"}],"author":[{"embeddable":true,"href":"https:\/\/www.jornalja.com.br\/arquivo\/wp-json\/wp\/v2\/users\/4"}],"replies":[{"embeddable":true,"href":"https:\/\/www.jornalja.com.br\/arquivo\/wp-json\/wp\/v2\/comments?post=51732"}],"version-history":[{"count":0,"href":"https:\/\/www.jornalja.com.br\/arquivo\/wp-json\/wp\/v2\/posts\/51732\/revisions"}],"wp:attachment":[{"href":"https:\/\/www.jornalja.com.br\/arquivo\/wp-json\/wp\/v2\/media?parent=51732"}],"wp:term":[{"taxonomy":"category","embeddable":true,"href":"https:\/\/www.jornalja.com.br\/arquivo\/wp-json\/wp\/v2\/categories?post=51732"},{"taxonomy":"post_tag","embeddable":true,"href":"https:\/\/www.jornalja.com.br\/arquivo\/wp-json\/wp\/v2\/tags?post=51732"}],"curies":[{"name":"wp","href":"https:\/\/api.w.org\/{rel}","templated":true}]}}