{"id":51742,"date":"2017-07-19T12:11:28","date_gmt":"2017-07-19T15:11:28","guid":{"rendered":"https:\/\/www.jornalja.com.br\/?p=51742"},"modified":"2017-07-19T12:11:28","modified_gmt":"2017-07-19T15:11:28","slug":"zaffari-investe-r-42-milhoes-em-melhorias-nas-suas-lojas","status":"publish","type":"post","link":"https:\/\/www.jornalja.com.br\/arquivo\/zaffari-investe-r-42-milhoes-em-melhorias-nas-suas-lojas\/","title":{"rendered":"Zaffari investe R$ 42 milh\u00f5es em melhorias nas suas lojas"},"content":{"rendered":"<p>O grupo Zaffari est\u00e1 investindo R$ 42 milh\u00f5es para instalar novos equipamentos em suas principais lojas em Porto Alegre.<br \/>\n<figure id=\"attachment_51748\" aria-describedby=\"caption-attachment-51748\" style=\"width: 330px\" class=\"wp-caption alignright\"><img loading=\"lazy\" decoding=\"async\" class=\" wp-image-51748\" src=\"https:\/\/www.jornalja.com.br\/wp-content\/uploads\/2017\/07\/IMG_20170313_215652753-400x225.jpg\" alt=\"\" width=\"330\" height=\"190\" \/><figcaption id=\"caption-attachment-51748\" class=\"wp-caption-text\">Balc\u00f5es frigor\u00edficos abertos foram retirados tamb\u00e9m na loja da rua Fernando Machado, no Centro \/ J\u00c1<\/figcaption><\/figure><br \/>\nOs balc\u00f5es frigor\u00edficos abertos est\u00e3o sendo trocados por novos expositores, que s\u00e3o fechados, garantindo conforto t\u00e9rmico para os clientes e temperatura mais est\u00e1vel para a conserva\u00e7\u00e3o dos produtos.<br \/>\nSegundo o diretor, Claudio Luiz Zaffari, as novas unidades da empresa, como o Zaffari H\u00edpica, aberto no in\u00edcio deste ano na Zona Sul da Capital, e a segunda loja da Cia Zaffari em Canoas, que ser\u00e1 inaugurada no segundo semestre de 2017, j\u00e1 iniciam suas opera\u00e7\u00f5es com expositores refrigerados de m\u00e9dia temperatura com as portas de prote\u00e7\u00e3o.<br \/>\nOutras unidades est\u00e3o passando pelo processo de substitui\u00e7\u00e3o dos expositores, como as do Zaffari Ipiranga, o Zaffari Lima e Silva, Zaffari Fernando Machado e o Zaffari Petr\u00f3polis, na sua amplia\u00e7\u00e3o.<br \/>\n<figure id=\"attachment_51749\" aria-describedby=\"caption-attachment-51749\" style=\"width: 302px\" class=\"wp-caption alignleft\"><img loading=\"lazy\" decoding=\"async\" class=\" wp-image-51749\" src=\"https:\/\/www.jornalja.com.br\/wp-content\/uploads\/2017\/07\/IMG_20170323_212353093-400x225.jpg\" alt=\"\" width=\"302\" height=\"175\" \/><figcaption id=\"caption-attachment-51749\" class=\"wp-caption-text\">Avisos nos tapumes prometem aos clientes &#8220;concluir os servi\u00e7os o mais breve poss\u00edvel&#8221; \/ J\u00c1<\/figcaption><\/figure><br \/>\n&#8220;Num cronograma de\u00a0aproximadamente 18\u00a0meses, deveremos concluir as melhorias poss\u00edveis nas demais unidades com troca de expositores e revitaliza\u00e7\u00e3o de sistemas, numa estimativa de investimento de R$ 42\u00a0milh\u00f5es, dentro da capacidade das tradicionais ind\u00fastrias fornecedoras&#8221;, diz a nota do diretor.<br \/>\n&#8220;\u00c9 importante ressaltar que as duas tecnologias (expositores abertos e expositores com portas), s\u00e3o usuais nas lojas de autosservi\u00e7o em diversos pa\u00edses, sendo os expositores refrigerados abertos a mais comum. Mas a tecnologia de expositores fechados que est\u00e1 sendo adotada, gera uma sensa\u00e7\u00e3o de conforto t\u00e9rmico ao cliente e torna mais homog\u00eaneas as temperaturas das lojas pela sua maior estabilidade, devido ao fechamento&#8221;.<br \/>\n<figure id=\"attachment_51752\" aria-describedby=\"caption-attachment-51752\" style=\"width: 400px\" class=\"wp-caption aligncenter\"><img loading=\"lazy\" decoding=\"async\" class=\"size-medium wp-image-51752\" src=\"https:\/\/www.jornalja.com.br\/wp-content\/uploads\/2017\/07\/IMG_20170505_173755724-400x225.jpg\" alt=\"\" width=\"400\" height=\"225\" \/><figcaption id=\"caption-attachment-51752\" class=\"wp-caption-text\">As reformas incluem novo telhado na \u00e1rea de descarga na loja da rua Fernando Machado \/ J\u00c1<\/figcaption><\/figure><br \/>\n<strong>Treinamento aos funcion\u00e1rios<\/strong><\/p>\n<div>A necessidade de aperfei\u00e7oar os equipamentos de refrigera\u00e7\u00e3o ficou evidente durante o clima quente do ver\u00e3o, quando o servi\u00e7o de vigil\u00e2ncia sanit\u00e1ria da Sa\u00fade municipal apreendeu carnes e frios na loja da Ipiranga, 3000, por estarem expostos acima da temperatura ideal nos balc\u00f5es frigor\u00edficos abertos. Foram duas autua\u00e7\u00f5es, em setembro de 2016 e janeiro deste ano.<\/div>\n<div><\/div>\n<div>Em maio, gerentes gerais de loja, gerentes operacionais, representantes dos departamentos de recursos humanos, comercial e de controle de qualidade das 35 lojas da rede Zaffari na Capital participaram de uma aula de capacita\u00e7\u00e3o da Prefeitura: \u201cDialogando com a Vigil\u00e2ncia Sanit\u00e1ria sobre alimento seguro\u201d. O diretor Claudio Luiz Zaffari foi um dos que foram ouvir a m\u00e9dica veterin\u00e1ria Ana Helena Maia, da Secretaria Municipal de Sa\u00fade (SMS).<\/div>\n<div><\/div>\n<div>Segundo o secret\u00e1rio adjunto da SMS Pablo St\u00fcrmer, a iniciativa ter\u00e1 continuidade no segundo semestre, levando orienta\u00e7\u00e3o a outras redes supermercadistas e estabelecimentos.<\/div>\n<div><\/div>\n<div>Na ocasi\u00e3o, Claudio Luiz Zaffari\u00a0disse que, mais do que uma rela\u00e7\u00e3o cordial, a capacita\u00e7\u00e3o oferecida pela Equipe de Vigil\u00e2ncia de Alimentos (EVA) contribui para que os gestores da empresa conhe\u00e7am com mais profundidade os problemas e irregularidades encontrados para minimizar riscos e garantir a seguran\u00e7a para os alimentos comercializados nas 35 lojas Zaffari da cidade.<\/div>\n<div><\/div>\n<div>\n<figure id=\"attachment_51760\" aria-describedby=\"caption-attachment-51760\" style=\"width: 367px\" class=\"wp-caption alignleft\"><img loading=\"lazy\" decoding=\"async\" class=\" wp-image-51760\" src=\"https:\/\/www.jornalja.com.br\/wp-content\/uploads\/2017\/07\/imagem169553-400x267.jpg\" alt=\"\" width=\"367\" height=\"249\" \/><figcaption id=\"caption-attachment-51760\" class=\"wp-caption-text\">A palestra sobre seguran\u00e7a dos alimentos para gerentes do Zaffari foi na sede administrativa do grupo, dia 4 de maio \/ Foto: Patr\u00edcia Coelho\/PMPA<\/figcaption><\/figure><br \/>\nNa palestra, a veterin\u00e1ria Ana Helena Cunha Maia\u00a0[foto] citou\u00a0tr\u00eas regras de ouro a serem perseguidas pelos respons\u00e1veis pelas lojas: identifica\u00e7\u00e3o dos alimentos de risco, controle de temperatura do alimento \u00e0\u00a0venda e controle de tempo que o produto pode ficar exposto \u00e0 manipula\u00e7\u00e3o para minimizar a prolifera\u00e7\u00e3o de bact\u00e9rias. Alimentos de origem animal s\u00e3o os que merecem mais aten\u00e7\u00e3o: os produtos refrigerados devem ser mantidos abaixo de 5 graus Celsius. Os quentes, acima de 60 graus Celsius. \u201cNa faixa dos 5 aos 60 graus, o risco de prolifera\u00e7\u00e3o de bact\u00e9rias e agentes patog\u00eanicos \u00e9 maior\u201d, explicou.\n<\/div>\n","protected":false},"excerpt":{"rendered":"<p>O grupo Zaffari est\u00e1 investindo R$ 42 milh\u00f5es para instalar novos equipamentos em suas principais lojas em Porto Alegre. Os balc\u00f5es frigor\u00edficos abertos est\u00e3o sendo trocados por novos expositores, que s\u00e3o fechados, garantindo conforto t\u00e9rmico para os clientes e temperatura mais est\u00e1vel para a conserva\u00e7\u00e3o dos produtos. Segundo o diretor, Claudio Luiz Zaffari, as novas [&hellip;]<\/p>\n","protected":false},"author":4,"featured_media":51747,"comment_status":"open","ping_status":"closed","sticky":false,"template":"","format":"standard","meta":{"_jetpack_newsletter_access":"","_jetpack_dont_email_post_to_subs":false,"_jetpack_newsletter_tier_id":0,"_jetpack_memberships_contains_paywalled_content":false,"_jetpack_feature_clip_id":0,"_jetpack_memberships_contains_paid_content":false,"footnotes":"","jetpack_post_was_ever_published":false},"categories":[26],"tags":[],"class_list":["post-51742","post","type-post","status-publish","format-standard","has-post-thumbnail","hentry","category-geral"],"aioseo_notices":[],"aioseo_head":"\n\t\t<!-- All in One SEO 5.0.1.1 - aioseo.com -->\n\t<meta name=\"robots\" content=\"max-image-preview:large\" \/>\n\t<meta name=\"author\" content=\"da Reda\u00e7\u00e3o\"\/>\n\t<link rel=\"canonical\" href=\"https:\/\/www.jornalja.com.br\/arquivo\/zaffari-investe-r-42-milhoes-em-melhorias-nas-suas-lojas\/\" \/>\n\t<meta name=\"generator\" content=\"All in One SEO (AIOSEO) 5.0.1.1\" \/>\n\t\t<meta property=\"og:locale\" content=\"pt_BR\" \/>\n\t\t<meta property=\"og:site_name\" content=\"Arquivo | Jornal J\u00c1 | Porto Alegre\" \/>\n\t\t<meta property=\"og:type\" content=\"article\" \/>\n\t\t<meta property=\"og:title\" content=\"Zaffari investe R$ 42 milh\u00f5es em melhorias nas suas lojas | Arquivo\" \/>\n\t\t<meta property=\"og:url\" content=\"https:\/\/www.jornalja.com.br\/arquivo\/zaffari-investe-r-42-milhoes-em-melhorias-nas-suas-lojas\/\" \/>\n\t\t<meta property=\"og:image\" content=\"https:\/\/www.jornalja.com.br\/wp-content\/uploads\/2017\/07\/IMG_20170313_215652753-400x225.jpg\" \/>\n\t\t<meta property=\"og:image:secure_url\" content=\"https:\/\/www.jornalja.com.br\/wp-content\/uploads\/2017\/07\/IMG_20170313_215652753-400x225.jpg\" \/>\n\t\t<meta property=\"article:published_time\" content=\"2017-07-19T15:11:28+00:00\" \/>\n\t\t<meta property=\"article:modified_time\" content=\"2017-07-19T15:11:28+00:00\" \/>\n\t\t<meta name=\"twitter:card\" content=\"summary\" \/>\n\t\t<meta name=\"twitter:title\" content=\"Zaffari investe R$ 42 milh\u00f5es em melhorias nas suas lojas | Arquivo\" \/>\n\t\t<meta name=\"twitter:image\" content=\"https:\/\/www.jornalja.com.br\/economics\/wp-content\/uploads\/sites\/11\/2026\/08\/ja-folhaderosto-facebook.jpg\" \/>\n\t\t<script type=\"application\/ld+json\" class=\"aioseo-schema\">\n\t\t\t{\"@context\":\"https:\\\/\\\/schema.org\",\"@graph\":[{\"@type\":\"BlogPosting\",\"@id\":\"https:\\\/\\\/www.jornalja.com.br\\\/arquivo\\\/zaffari-investe-r-42-milhoes-em-melhorias-nas-suas-lojas\\\/#blogposting\",\"name\":\"Zaffari investe R$ 42 milh\\u00f5es em melhorias nas suas lojas | Arquivo\",\"headline\":\"Zaffari investe R$ 42 milh\\u00f5es em melhorias nas suas lojas\",\"author\":{\"@id\":\"https:\\\/\\\/www.jornalja.com.br\\\/arquivo\\\/author\\\/daredacao\\\/#author\"},\"publisher\":{\"@id\":\"https:\\\/\\\/www.jornalja.com.br\\\/arquivo\\\/#organization\"},\"image\":{\"@type\":\"ImageObject\",\"url\":51747},\"datePublished\":\"2017-07-19T12:11:28-03:00\",\"dateModified\":\"2017-07-19T12:11:28-03:00\",\"inLanguage\":\"pt-BR\",\"mainEntityOfPage\":{\"@id\":\"https:\\\/\\\/www.jornalja.com.br\\\/arquivo\\\/zaffari-investe-r-42-milhoes-em-melhorias-nas-suas-lojas\\\/#webpage\"},\"isPartOf\":{\"@id\":\"https:\\\/\\\/www.jornalja.com.br\\\/arquivo\\\/zaffari-investe-r-42-milhoes-em-melhorias-nas-suas-lojas\\\/#webpage\"},\"articleSection\":\"Geral\"},{\"@type\":\"BreadcrumbList\",\"@id\":\"https:\\\/\\\/www.jornalja.com.br\\\/arquivo\\\/zaffari-investe-r-42-milhoes-em-melhorias-nas-suas-lojas\\\/#breadcrumblist\",\"itemListElement\":[{\"@type\":\"ListItem\",\"@id\":\"https:\\\/\\\/www.jornalja.com.br\\\/arquivo#listItem\",\"position\":1,\"name\":\"Home\",\"item\":\"https:\\\/\\\/www.jornalja.com.br\\\/arquivo\",\"nextItem\":{\"@type\":\"ListItem\",\"@id\":\"https:\\\/\\\/www.jornalja.com.br\\\/arquivo\\\/category\\\/geral\\\/#listItem\",\"name\":\"Geral\"}},{\"@type\":\"ListItem\",\"@id\":\"https:\\\/\\\/www.jornalja.com.br\\\/arquivo\\\/category\\\/geral\\\/#listItem\",\"position\":2,\"name\":\"Geral\",\"item\":\"https:\\\/\\\/www.jornalja.com.br\\\/arquivo\\\/category\\\/geral\\\/\",\"nextItem\":{\"@type\":\"ListItem\",\"@id\":\"https:\\\/\\\/www.jornalja.com.br\\\/arquivo\\\/zaffari-investe-r-42-milhoes-em-melhorias-nas-suas-lojas\\\/#listItem\",\"name\":\"Zaffari investe R$ 42 milh\\u00f5es em melhorias nas suas lojas\"},\"previousItem\":{\"@type\":\"ListItem\",\"@id\":\"https:\\\/\\\/www.jornalja.com.br\\\/arquivo#listItem\",\"name\":\"Home\"}},{\"@type\":\"ListItem\",\"@id\":\"https:\\\/\\\/www.jornalja.com.br\\\/arquivo\\\/zaffari-investe-r-42-milhoes-em-melhorias-nas-suas-lojas\\\/#listItem\",\"position\":3,\"name\":\"Zaffari investe R$ 42 milh\\u00f5es em melhorias nas suas lojas\",\"previousItem\":{\"@type\":\"ListItem\",\"@id\":\"https:\\\/\\\/www.jornalja.com.br\\\/arquivo\\\/category\\\/geral\\\/#listItem\",\"name\":\"Geral\"}}]},{\"@type\":\"Organization\",\"@id\":\"https:\\\/\\\/www.jornalja.com.br\\\/arquivo\\\/#organization\",\"name\":\"Jornal J\\u00c1\",\"description\":\"Jornal J\\u00c1 | Porto Alegre\",\"url\":\"https:\\\/\\\/www.jornalja.com.br\\\/arquivo\\\/\",\"telephone\":\"+555133307272\",\"logo\":{\"@type\":\"ImageObject\",\"url\":\"https:\\\/\\\/www.jornalja.com.br\\\/wp-content\\\/uploads\\\/cards\\\/JAslogan.png\",\"@id\":\"https:\\\/\\\/www.jornalja.com.br\\\/arquivo\\\/zaffari-investe-r-42-milhoes-em-melhorias-nas-suas-lojas\\\/#organizationLogo\"},\"image\":{\"@id\":\"https:\\\/\\\/www.jornalja.com.br\\\/arquivo\\\/zaffari-investe-r-42-milhoes-em-melhorias-nas-suas-lojas\\\/#organizationLogo\"}},{\"@type\":\"Person\",\"@id\":\"https:\\\/\\\/www.jornalja.com.br\\\/arquivo\\\/author\\\/daredacao\\\/#author\",\"url\":\"https:\\\/\\\/www.jornalja.com.br\\\/arquivo\\\/author\\\/daredacao\\\/\",\"name\":\"da Reda\\u00e7\\u00e3o\",\"image\":{\"@type\":\"ImageObject\",\"@id\":\"https:\\\/\\\/www.jornalja.com.br\\\/arquivo\\\/zaffari-investe-r-42-milhoes-em-melhorias-nas-suas-lojas\\\/#authorImage\",\"url\":\"https:\\\/\\\/secure.gravatar.com\\\/avatar\\\/469fd857d6605ad19919d27ed29d35a968a25f6e8fd9318356bbb7f57aae9c65?s=96&d=mm&r=g\",\"width\":96,\"height\":96,\"caption\":\"da Reda\\u00e7\\u00e3o\"}},{\"@type\":\"WebPage\",\"@id\":\"https:\\\/\\\/www.jornalja.com.br\\\/arquivo\\\/zaffari-investe-r-42-milhoes-em-melhorias-nas-suas-lojas\\\/#webpage\",\"url\":\"https:\\\/\\\/www.jornalja.com.br\\\/arquivo\\\/zaffari-investe-r-42-milhoes-em-melhorias-nas-suas-lojas\\\/\",\"name\":\"Zaffari investe R$ 42 milh\\u00f5es em melhorias nas suas lojas | Arquivo\",\"inLanguage\":\"pt-BR\",\"isPartOf\":{\"@id\":\"https:\\\/\\\/www.jornalja.com.br\\\/arquivo\\\/#website\"},\"breadcrumb\":{\"@id\":\"https:\\\/\\\/www.jornalja.com.br\\\/arquivo\\\/zaffari-investe-r-42-milhoes-em-melhorias-nas-suas-lojas\\\/#breadcrumblist\"},\"author\":{\"@id\":\"https:\\\/\\\/www.jornalja.com.br\\\/arquivo\\\/author\\\/daredacao\\\/#author\"},\"creator\":{\"@id\":\"https:\\\/\\\/www.jornalja.com.br\\\/arquivo\\\/author\\\/daredacao\\\/#author\"},\"image\":{\"@type\":\"ImageObject\",\"url\":51747,\"@id\":\"https:\\\/\\\/www.jornalja.com.br\\\/arquivo\\\/zaffari-investe-r-42-milhoes-em-melhorias-nas-suas-lojas\\\/#mainImage\"},\"primaryImageOfPage\":{\"@id\":\"https:\\\/\\\/www.jornalja.com.br\\\/arquivo\\\/zaffari-investe-r-42-milhoes-em-melhorias-nas-suas-lojas\\\/#mainImage\"},\"datePublished\":\"2017-07-19T12:11:28-03:00\",\"dateModified\":\"2017-07-19T12:11:28-03:00\"},{\"@type\":\"WebSite\",\"@id\":\"https:\\\/\\\/www.jornalja.com.br\\\/arquivo\\\/#website\",\"url\":\"https:\\\/\\\/www.jornalja.com.br\\\/arquivo\\\/\",\"name\":\"Arquivo\",\"description\":\"Jornal J\\u00c1 | Porto Alegre\",\"inLanguage\":\"pt-BR\",\"publisher\":{\"@id\":\"https:\\\/\\\/www.jornalja.com.br\\\/arquivo\\\/#organization\"}}]}\n\t\t<\/script>\n\t\t<!-- All in One SEO -->\n\n","aioseo_head_json":{"title":"Zaffari investe R$ 42 milh\u00f5es em melhorias nas suas lojas | Arquivo","description":"","canonical_url":"https:\/\/www.jornalja.com.br\/arquivo\/zaffari-investe-r-42-milhoes-em-melhorias-nas-suas-lojas\/","robots":"max-image-preview:large","keywords":"","webmasterTools":{"miscellaneous":""},"schema":{"@context":"https:\/\/schema.org","@graph":[{"@type":"BlogPosting","@id":"https:\/\/www.jornalja.com.br\/arquivo\/zaffari-investe-r-42-milhoes-em-melhorias-nas-suas-lojas\/#blogposting","name":"Zaffari investe R$ 42 milh\u00f5es em melhorias nas suas lojas | Arquivo","headline":"Zaffari investe R$ 42 milh\u00f5es em melhorias nas suas lojas","author":{"@id":"https:\/\/www.jornalja.com.br\/arquivo\/author\/daredacao\/#author"},"publisher":{"@id":"https:\/\/www.jornalja.com.br\/arquivo\/#organization"},"image":{"@type":"ImageObject","url":51747},"datePublished":"2017-07-19T12:11:28-03:00","dateModified":"2017-07-19T12:11:28-03:00","inLanguage":"pt-BR","mainEntityOfPage":{"@id":"https:\/\/www.jornalja.com.br\/arquivo\/zaffari-investe-r-42-milhoes-em-melhorias-nas-suas-lojas\/#webpage"},"isPartOf":{"@id":"https:\/\/www.jornalja.com.br\/arquivo\/zaffari-investe-r-42-milhoes-em-melhorias-nas-suas-lojas\/#webpage"},"articleSection":"Geral"},{"@type":"BreadcrumbList","@id":"https:\/\/www.jornalja.com.br\/arquivo\/zaffari-investe-r-42-milhoes-em-melhorias-nas-suas-lojas\/#breadcrumblist","itemListElement":[{"@type":"ListItem","@id":"https:\/\/www.jornalja.com.br\/arquivo#listItem","position":1,"name":"Home","item":"https:\/\/www.jornalja.com.br\/arquivo","nextItem":{"@type":"ListItem","@id":"https:\/\/www.jornalja.com.br\/arquivo\/category\/geral\/#listItem","name":"Geral"}},{"@type":"ListItem","@id":"https:\/\/www.jornalja.com.br\/arquivo\/category\/geral\/#listItem","position":2,"name":"Geral","item":"https:\/\/www.jornalja.com.br\/arquivo\/category\/geral\/","nextItem":{"@type":"ListItem","@id":"https:\/\/www.jornalja.com.br\/arquivo\/zaffari-investe-r-42-milhoes-em-melhorias-nas-suas-lojas\/#listItem","name":"Zaffari investe R$ 42 milh\u00f5es em melhorias nas suas lojas"},"previousItem":{"@type":"ListItem","@id":"https:\/\/www.jornalja.com.br\/arquivo#listItem","name":"Home"}},{"@type":"ListItem","@id":"https:\/\/www.jornalja.com.br\/arquivo\/zaffari-investe-r-42-milhoes-em-melhorias-nas-suas-lojas\/#listItem","position":3,"name":"Zaffari investe R$ 42 milh\u00f5es em melhorias nas suas lojas","previousItem":{"@type":"ListItem","@id":"https:\/\/www.jornalja.com.br\/arquivo\/category\/geral\/#listItem","name":"Geral"}}]},{"@type":"Organization","@id":"https:\/\/www.jornalja.com.br\/arquivo\/#organization","name":"Jornal J\u00c1","description":"Jornal J\u00c1 | Porto Alegre","url":"https:\/\/www.jornalja.com.br\/arquivo\/","telephone":"+555133307272","logo":{"@type":"ImageObject","url":"https:\/\/www.jornalja.com.br\/wp-content\/uploads\/cards\/JAslogan.png","@id":"https:\/\/www.jornalja.com.br\/arquivo\/zaffari-investe-r-42-milhoes-em-melhorias-nas-suas-lojas\/#organizationLogo"},"image":{"@id":"https:\/\/www.jornalja.com.br\/arquivo\/zaffari-investe-r-42-milhoes-em-melhorias-nas-suas-lojas\/#organizationLogo"}},{"@type":"Person","@id":"https:\/\/www.jornalja.com.br\/arquivo\/author\/daredacao\/#author","url":"https:\/\/www.jornalja.com.br\/arquivo\/author\/daredacao\/","name":"da Reda\u00e7\u00e3o","image":{"@type":"ImageObject","@id":"https:\/\/www.jornalja.com.br\/arquivo\/zaffari-investe-r-42-milhoes-em-melhorias-nas-suas-lojas\/#authorImage","url":"https:\/\/secure.gravatar.com\/avatar\/469fd857d6605ad19919d27ed29d35a968a25f6e8fd9318356bbb7f57aae9c65?s=96&d=mm&r=g","width":96,"height":96,"caption":"da Reda\u00e7\u00e3o"}},{"@type":"WebPage","@id":"https:\/\/www.jornalja.com.br\/arquivo\/zaffari-investe-r-42-milhoes-em-melhorias-nas-suas-lojas\/#webpage","url":"https:\/\/www.jornalja.com.br\/arquivo\/zaffari-investe-r-42-milhoes-em-melhorias-nas-suas-lojas\/","name":"Zaffari investe R$ 42 milh\u00f5es em melhorias nas suas lojas | Arquivo","inLanguage":"pt-BR","isPartOf":{"@id":"https:\/\/www.jornalja.com.br\/arquivo\/#website"},"breadcrumb":{"@id":"https:\/\/www.jornalja.com.br\/arquivo\/zaffari-investe-r-42-milhoes-em-melhorias-nas-suas-lojas\/#breadcrumblist"},"author":{"@id":"https:\/\/www.jornalja.com.br\/arquivo\/author\/daredacao\/#author"},"creator":{"@id":"https:\/\/www.jornalja.com.br\/arquivo\/author\/daredacao\/#author"},"image":{"@type":"ImageObject","url":51747,"@id":"https:\/\/www.jornalja.com.br\/arquivo\/zaffari-investe-r-42-milhoes-em-melhorias-nas-suas-lojas\/#mainImage"},"primaryImageOfPage":{"@id":"https:\/\/www.jornalja.com.br\/arquivo\/zaffari-investe-r-42-milhoes-em-melhorias-nas-suas-lojas\/#mainImage"},"datePublished":"2017-07-19T12:11:28-03:00","dateModified":"2017-07-19T12:11:28-03:00"},{"@type":"WebSite","@id":"https:\/\/www.jornalja.com.br\/arquivo\/#website","url":"https:\/\/www.jornalja.com.br\/arquivo\/","name":"Arquivo","description":"Jornal J\u00c1 | Porto Alegre","inLanguage":"pt-BR","publisher":{"@id":"https:\/\/www.jornalja.com.br\/arquivo\/#organization"}}]},"og:locale":"pt_BR","og:site_name":"Arquivo | Jornal J\u00c1 | Porto Alegre","og:type":"article","og:title":"Zaffari investe R$ 42 milh\u00f5es em melhorias nas suas lojas | Arquivo","og:url":"https:\/\/www.jornalja.com.br\/arquivo\/zaffari-investe-r-42-milhoes-em-melhorias-nas-suas-lojas\/","og:image":"https:\/\/www.jornalja.com.br\/wp-content\/uploads\/2017\/07\/IMG_20170313_215652753-400x225.jpg","og:image:secure_url":"https:\/\/www.jornalja.com.br\/wp-content\/uploads\/2017\/07\/IMG_20170313_215652753-400x225.jpg","article:published_time":"2017-07-19T15:11:28+00:00","article:modified_time":"2017-07-19T15:11:28+00:00","twitter:card":"summary","twitter:title":"Zaffari investe R$ 42 milh\u00f5es em melhorias nas suas lojas | Arquivo","twitter:image":"https:\/\/www.jornalja.com.br\/economics\/wp-content\/uploads\/sites\/11\/2026\/08\/ja-folhaderosto-facebook.jpg"},"aioseo_meta_data":{"post_id":"51742","title":null,"description":null,"keywords":null,"keyphrases":null,"primary_term":null,"canonical_url":null,"og_title":null,"og_description":null,"og_object_type":"default","og_image_type":"default","og_image_url":null,"og_image_width":null,"og_image_height":null,"og_image_custom_url":null,"og_image_custom_fields":null,"og_video":null,"og_custom_url":null,"og_article_section":null,"og_article_tags":null,"twitter_use_og":false,"twitter_card":"default","twitter_image_type":"default","twitter_image_url":null,"twitter_image_custom_url":null,"twitter_image_custom_fields":null,"twitter_title":null,"twitter_description":null,"schema":{"blockGraphs":[],"customGraphs":[],"default":{"data":{"Article":[],"Course":[],"Dataset":[],"FAQPage":[],"Movie":[],"Person":[],"Product":[],"ProductReview":[],"Car":[],"Recipe":[],"Service":[],"SoftwareApplication":[],"WebPage":[]},"graphName":"","isEnabled":true},"graphs":[]},"schema_type":null,"schema_type_options":null,"pillar_content":false,"robots_default":true,"robots_noindex":false,"robots_noarchive":false,"robots_nosnippet":false,"robots_nofollow":false,"robots_noimageindex":false,"robots_noodp":false,"robots_notranslate":false,"robots_max_snippet":null,"robots_max_videopreview":null,"robots_max_imagepreview":"large","priority":null,"frequency":null,"location":null,"local_seo":null,"breadcrumb_settings":null,"limit_modified_date":false,"ai":null,"created":"2020-12-20 20:29:05","updated":"2025-07-19 23:21:02","seo_analyzer_scan_date":null,"focus_keyword":null,"additional_keywords":null,"truseo_locale":null},"jetpack_sharing_enabled":true,"jetpack-related-posts":[{"id":13124,"url":"https:\/\/www.jornalja.com.br\/arquivo\/sangue-latino-no-iecine\/","url_meta":{"origin":51742,"position":0},"title":"Sangue latino no IECINE","author":"da Reda\u00e7\u00e3o","date":"18 de maio de 2014","format":false,"excerpt":"Francisco Ribeiro O Instituto Estadual de Cinema (IECINE) tem a frente, desde abril \u00faltimo, um novo diretor, o cineasta colombiano Juan Zapata, 36, que substitui Luiz Alberto Cassol. Radicado h\u00e1 dez anos em Porto Alegre, Zapata tem diante de si o desafio de conduzir at\u00e9 o final do ano um\u2026","rel":"","context":"Em &quot;Cultura-Geral&quot;","block_context":{"text":"Cultura-Geral","link":"https:\/\/www.jornalja.com.br\/arquivo\/category\/materiasecundaria\/"},"img":{"alt_text":"","src":"","width":0,"height":0},"classes":[]},{"id":12960,"url":"https:\/\/www.jornalja.com.br\/arquivo\/populacao-culpa-empresas-pela-greve-dos-rodoviarios\/","url_meta":{"origin":51742,"position":1},"title":"Popula\u00e7\u00e3o culpa empresas pela greve","author":"Patr\u00edcia Marini","date":"14 de fevereiro de 2014","format":false,"excerpt":"Pesquisa divulgada na edi\u00e7\u00e3o do jornal Metro desta sexta-feira,14, comprova o velho ditado: \u00e9 poss\u00edvel enganar muitos por algum tempo, mas n\u00e3o \u00e9 poss\u00edvel enganar a todos o tempo inteiro. A principal revela\u00e7\u00e3o foi que 59,8% dos entrevistados apontaram as empresas como as principais respons\u00e1veis pela grave e 46% culparam\u2026","rel":"","context":"Em &quot;X.Categorias velhas&quot;","block_context":{"text":"X.Categorias velhas","link":"https:\/\/www.jornalja.com.br\/arquivo\/category\/x-categorias-velhas\/"},"img":{"alt_text":"","src":"","width":0,"height":0},"classes":[]},{"id":13240,"url":"https:\/\/www.jornalja.com.br\/arquivo\/plano-diretor-estamos-construindo-o-caos\/","url_meta":{"origin":51742,"position":2},"title":"Plano diretor: &quot;Estamos construindo o caos&quot;","author":"Patr\u00edcia Marini","date":"26 de maio de 2014","format":false,"excerpt":"Desabafo que arquiteta Eliana Castilhos, delegada da Regi\u00e3o de Planejamento 1, postou nas redes sociais \u00e9 um testemunho do ambiente que se criou no Conselho do Plano Diretor de Porto Alegre, onde a aprova\u00e7\u00e3o de grandes empreendimentos \u00e9 empurrada guela abaixo dos conselheiros. Ao CMDUA Como delegada da Regi\u00e3o de\u2026","rel":"","context":"Em &quot;Geral&quot;","block_context":{"text":"Geral","link":"https:\/\/www.jornalja.com.br\/arquivo\/category\/geral\/"},"img":{"alt_text":"","src":"","width":0,"height":0},"classes":[]},{"id":5440,"url":"https:\/\/www.jornalja.com.br\/arquivo\/casarao-da-venancio-destino-permanece-incerto\/","url_meta":{"origin":51742,"position":3},"title":"Estado ainda n\u00e3o sabe o que fazer com casar\u00e3o abandonado h\u00e1 20 anos","author":"Elmar Bones","date":"6 de julho de 2009","format":false,"excerpt":"O casar\u00e3o amarelo, numa esquina nobre de Porto Alegre (Ven\u00e2ncio Aires com Jo\u00e3o Pessoa), j\u00e1 abrigou uma escola. H\u00e1 duas d\u00e9cadas, pelo menos, est\u00e1 abandonado, porque seu propriet\u00e1rio, o governo do Estado do Rio Grande do Sul, n\u00e3o consegue achar um destino para ele. Planos n\u00e3o faltaram. O governador Ol\u00edvio\u2026","rel":"","context":"Em &quot;X.Categorias velhas&quot;","block_context":{"text":"X.Categorias velhas","link":"https:\/\/www.jornalja.com.br\/arquivo\/category\/x-categorias-velhas\/"},"img":{"alt_text":"geraldo1","src":"https:\/\/i0.wp.com\/www.jornalja.com.br\/wp-content\/uploads\/2009\/07\/geraldo1.jpg?resize=350%2C200&ssl=1","width":350,"height":200},"classes":[]},{"id":13101,"url":"https:\/\/www.jornalja.com.br\/arquivo\/morre-um-guerreiro-do-texto\/","url_meta":{"origin":51742,"position":4},"title":"Morre um guerreiro do texto","author":"Patr\u00edcia Marini","date":"14 de maio de 2014","format":false,"excerpt":"Por Ricardo Kotscho Reproduzido do blog do autor, 11\/5\/2014; t\u00edtulo original \u201cE l\u00e1 se foi o nosso Myltainho, guerreiro do texto\u201d. Mi\u00fado e franzino, meu amigo Myltainho era um valente e inconformado guerreiro na luta contra as injusti\u00e7as sociais, a hipocrisia, as maracutaias, o autoritarismo, a intoler\u00e2ncia, a viol\u00eancia, o\u2026","rel":"","context":"Em &quot;Geral&quot;","block_context":{"text":"Geral","link":"https:\/\/www.jornalja.com.br\/arquivo\/category\/geral\/"},"img":{"alt_text":"","src":"","width":0,"height":0},"classes":[]},{"id":13239,"url":"https:\/\/www.jornalja.com.br\/arquivo\/conselho-desdenha-do-plano-diretor\/","url_meta":{"origin":51742,"position":5},"title":"Porto Alegre: Conselho detona Plano Diretor","author":"Patr\u00edcia Marini","date":"25 de maio de 2014","format":false,"excerpt":"Den\u00fancia do arquiteto e \u00a0urbanista Ibir\u00e1 Santos Lucas. Ele diz que os conselheiros est\u00e3o votando com \"enorme irresponsabilidade\". \"Mudam regime com a maior naturalidade,,,regularizam absurdos de constru\u00e7\u00f5es irregulares... \"O CMDUA est\u00e1 flexibilizando a lei do plano diretor, de uma forma impactante na vida da cidade. Mudam regime com a maior\u2026","rel":"","context":"Em &quot;Geral&quot;","block_context":{"text":"Geral","link":"https:\/\/www.jornalja.com.br\/arquivo\/category\/geral\/"},"img":{"alt_text":"","src":"","width":0,"height":0},"classes":[]}],"jetpack_shortlink":"https:\/\/wp.me\/pbQjBd-dsy","jetpack_featured_media_url":"","_links":{"self":[{"href":"https:\/\/www.jornalja.com.br\/arquivo\/wp-json\/wp\/v2\/posts\/51742","targetHints":{"allow":["GET"]}}],"collection":[{"href":"https:\/\/www.jornalja.com.br\/arquivo\/wp-json\/wp\/v2\/posts"}],"about":[{"href":"https:\/\/www.jornalja.com.br\/arquivo\/wp-json\/wp\/v2\/types\/post"}],"author":[{"embeddable":true,"href":"https:\/\/www.jornalja.com.br\/arquivo\/wp-json\/wp\/v2\/users\/4"}],"replies":[{"embeddable":true,"href":"https:\/\/www.jornalja.com.br\/arquivo\/wp-json\/wp\/v2\/comments?post=51742"}],"version-history":[{"count":0,"href":"https:\/\/www.jornalja.com.br\/arquivo\/wp-json\/wp\/v2\/posts\/51742\/revisions"}],"wp:attachment":[{"href":"https:\/\/www.jornalja.com.br\/arquivo\/wp-json\/wp\/v2\/media?parent=51742"}],"wp:term":[{"taxonomy":"category","embeddable":true,"href":"https:\/\/www.jornalja.com.br\/arquivo\/wp-json\/wp\/v2\/categories?post=51742"},{"taxonomy":"post_tag","embeddable":true,"href":"https:\/\/www.jornalja.com.br\/arquivo\/wp-json\/wp\/v2\/tags?post=51742"}],"curies":[{"name":"wp","href":"https:\/\/api.w.org\/{rel}","templated":true}]}}