{"id":51755,"date":"2017-07-19T12:12:34","date_gmt":"2017-07-19T15:12:34","guid":{"rendered":"https:\/\/www.jornalja.com.br\/?p=51755"},"modified":"2017-07-19T12:12:34","modified_gmt":"2017-07-19T15:12:34","slug":"todos-fomos-esbofeteados-diz-marlon-santos-sobre-prisao-de-deputado","status":"publish","type":"post","link":"https:\/\/www.jornalja.com.br\/arquivo\/todos-fomos-esbofeteados-diz-marlon-santos-sobre-prisao-de-deputado\/","title":{"rendered":"&quot;Todos fomos esbofeteados&quot;, diz Marlon Santos sobre pris\u00e3o de deputado"},"content":{"rendered":"<p>A pris\u00e3o do deputado Jeferson Fernandes (PT) na noite de 14 de junho, durante a reintegra\u00e7\u00e3o de posse da ocupa\u00e7\u00e3o Lanceiros Negros no Centro de Porto Alegre, foi tema da Comiss\u00e3o de Cidadania e Direitos Humanos, nesta ter\u00e7a-feira.<br \/>\nO parlamentar foi detido pela Brigada Militar, em pleno exerc\u00edcio da presid\u00eancia do \u00f3rg\u00e3o t\u00e9cnico da Assembleia Legislativa, enquanto negociava uma sa\u00edda pac\u00edfica para o conflito.<br \/>\nO epis\u00f3dio teve repercuss\u00e3o nacional e desdobramentos no governo do Estado, que determinou a abertura de um inqu\u00e9rito policial militar, e no Poder Judici\u00e1rio, que apura a conduta dos oficiais de Justi\u00e7a que acompanharam o despejo.<\/p>\n<p class=\"MARGIN-BOTTOM: 0cm; LINE-HEIGHT: 150%\" align=\"justify\">Na Assembleia Legislativa, a pris\u00e3o do presidente da CCDH unificou as bancadas na defesa das prerrogativas parlamentares.<\/p>\n<p class=\"MARGIN-BOTTOM: 0cm; LINE-HEIGHT: 150%\" align=\"justify\">De acordo com o corregedor do Legislativo, Marlon Santos (PDT), que analisou as imagens do conflito, Jeferson Fernandes agiu com legitimidade e cumpriu seu dever.<\/p>\n<p class=\"MARGIN-BOTTOM: 0cm; LINE-HEIGHT: 150%\" align=\"justify\">\u201cEle tinha prerrogativas para estar l\u00e1 e ser respeitado. Todos n\u00f3s, como deputados, temos que nos sentir esbofeteados\u201d, afirmou na tribuna ao se manifestar sobre o caso.<\/p>\n<p class=\"MARGIN-BOTTOM: 0cm; LINE-HEIGHT: 150%\" align=\"justify\">O presidente da Assembleia Legislativa, Edegar Pretto (PT), criou uma comiss\u00e3o, integrada por parlamentares de diversos partidos, para acompanhar as averigua\u00e7\u00f5es e buscar as devidas responsabiliza\u00e7\u00f5es. Parlamentares de diversas bancadas manifestaram solidariedade ao petista.<\/p>\n<p class=\"MARGIN-BOTTOM: 0cm; LINE-HEIGHT: 150%\" align=\"justify\"><b>Orienta\u00e7\u00e3o pol\u00edtica<\/b><\/p>\n<p class=\"MARGIN-BOTTOM: 0cm; LINE-HEIGHT: 150%\" align=\"justify\">Na avalia\u00e7\u00e3o do presidente da Comiss\u00e3o de Cidadania e Direitos Humanos, o que aconteceu na noite de 14 de junho simboliza a mudan\u00e7a de orienta\u00e7\u00e3o pol\u00edtica que ocorre no Estado e que permite o uso da for\u00e7a bruta para perseguir movimentos sociais e integrantes de partidos da oposi\u00e7\u00e3o.<\/p>\n<p class=\"MARGIN-BOTTOM: 0cm; LINE-HEIGHT: 150%\" align=\"justify\">\u201cTivemos um precedente perigoso, que foi o s\u00edtio \u00e0 Assembleia Legislativa no final do ano passado para garantir a vota\u00e7\u00e3o de projetos do governo sem resist\u00eancia, que naturalizou a pr\u00e1tica de agredir a popula\u00e7\u00e3o pobre e militantes de organiza\u00e7\u00f5es sociais que n\u00e3o se alinham \u00e0 pol\u00edtica do Piratini\u201d, analisou.<\/p>\n<p class=\"MARGIN-BOTTOM: 0cm; LINE-HEIGHT: 150%\" align=\"justify\">Jeferson considera ainda que \u201ca nova ordem em curso\u201d no Brasil e no Rio Grande do Sul n\u00e3o se restringe ao desrespeito \u00e0 democracia, mas ataca, frontalmente, os direitos dos segmentos mais vulner\u00e1veis da popula\u00e7\u00e3o.<\/p>\n<p class=\"MARGIN-BOTTOM: 0cm; LINE-HEIGHT: 150%\" align=\"justify\">\u201cA avalanche de reintegra\u00e7\u00f5es de posse em \u00e1reas p\u00fablicas que acontecem no Rio Grande do Sul tem uma motiva\u00e7\u00e3o muito clara e uma rela\u00e7\u00e3o \u00edntima com a lei aprovada pela maioria parlamentar que permite que o governo ceda, venda ou permute essas \u00e1reas sem passar pelo crivo do Legislativo. No m\u00ednimo, a transpar\u00eancia foi sacrificada\u201d, acredita.<\/p>\n<p class=\"MARGIN-BOTTOM: 0cm; LINE-HEIGHT: 150%\">Integram a CCDH, como membros titulares, os deputados Jeferson Fernandes (PT), presidente, Miriam Marroni (PT), vice-presidente, \u00c1lvaro Boessio (PMDB), Bombeiro Bianchini (PPL), Pedro Ruas (PSOL), Enio Bacci (PDT), Lu\u00eds Augusto Lara (PTB), Jo\u00e3o Reinelli (PV), Marcel van Hattem (PP), Manuela d \u00c1vila (PCdoB), Mission\u00e1rio Volnei (PRB) e Lucas Redecker (PSDB).<\/p>\n<p class=\"MARGIN-BOTTOM: 0cm; LINE-HEIGHT: 150%\">(Com informa\u00e7\u00f5es da Assessoria)<\/p>\n","protected":false},"excerpt":{"rendered":"<p>A pris\u00e3o do deputado Jeferson Fernandes (PT) na noite de 14 de junho, durante a reintegra\u00e7\u00e3o de posse da ocupa\u00e7\u00e3o Lanceiros Negros no Centro de Porto Alegre, foi tema da Comiss\u00e3o de Cidadania e Direitos Humanos, nesta ter\u00e7a-feira. O parlamentar foi detido pela Brigada Militar, em pleno exerc\u00edcio da presid\u00eancia do \u00f3rg\u00e3o t\u00e9cnico da Assembleia [&hellip;]<\/p>\n","protected":false},"author":4,"featured_media":51756,"comment_status":"open","ping_status":"closed","sticky":false,"template":"","format":"standard","meta":{"_jetpack_newsletter_access":"","_jetpack_dont_email_post_to_subs":false,"_jetpack_newsletter_tier_id":0,"_jetpack_memberships_contains_paywalled_content":false,"_jetpack_feature_clip_id":0,"_jetpack_memberships_contains_paid_content":false,"footnotes":"","jetpack_post_was_ever_published":false},"categories":[26],"tags":[],"class_list":["post-51755","post","type-post","status-publish","format-standard","has-post-thumbnail","hentry","category-geral"],"aioseo_notices":[],"aioseo_head":"\n\t\t<!-- All in One SEO 5.0.1.1 - aioseo.com -->\n\t<meta name=\"robots\" content=\"max-image-preview:large\" \/>\n\t<meta name=\"author\" content=\"da Reda\u00e7\u00e3o\"\/>\n\t<link rel=\"canonical\" href=\"https:\/\/www.jornalja.com.br\/arquivo\/todos-fomos-esbofeteados-diz-marlon-santos-sobre-prisao-de-deputado\/\" \/>\n\t<meta name=\"generator\" content=\"All in One SEO (AIOSEO) 5.0.1.1\" \/>\n\t\t<meta property=\"og:locale\" content=\"pt_BR\" \/>\n\t\t<meta property=\"og:site_name\" content=\"Arquivo | Jornal J\u00c1 | Porto Alegre\" \/>\n\t\t<meta property=\"og:type\" content=\"article\" \/>\n\t\t<meta property=\"og:title\" content=\"&quot;Todos fomos esbofeteados&quot;, diz Marlon Santos sobre pris\u00e3o de deputado | Arquivo\" \/>\n\t\t<meta property=\"og:url\" content=\"https:\/\/www.jornalja.com.br\/arquivo\/todos-fomos-esbofeteados-diz-marlon-santos-sobre-prisao-de-deputado\/\" \/>\n\t\t<meta property=\"og:image\" content=\"https:\/\/www.jornalja.com.br\/economics\/wp-content\/uploads\/sites\/11\/2026\/08\/ja-folhaderosto-facebook.jpg\" \/>\n\t\t<meta property=\"og:image:secure_url\" content=\"https:\/\/www.jornalja.com.br\/economics\/wp-content\/uploads\/sites\/11\/2026\/08\/ja-folhaderosto-facebook.jpg\" \/>\n\t\t<meta property=\"article:published_time\" content=\"2017-07-19T15:12:34+00:00\" \/>\n\t\t<meta property=\"article:modified_time\" content=\"2017-07-19T15:12:34+00:00\" \/>\n\t\t<meta name=\"twitter:card\" content=\"summary\" \/>\n\t\t<meta name=\"twitter:title\" content=\"&quot;Todos fomos esbofeteados&quot;, diz Marlon Santos sobre pris\u00e3o de deputado | Arquivo\" \/>\n\t\t<meta name=\"twitter:image\" content=\"https:\/\/www.jornalja.com.br\/economics\/wp-content\/uploads\/sites\/11\/2026\/08\/ja-folhaderosto-facebook.jpg\" \/>\n\t\t<script type=\"application\/ld+json\" class=\"aioseo-schema\">\n\t\t\t{\"@context\":\"https:\\\/\\\/schema.org\",\"@graph\":[{\"@type\":\"BlogPosting\",\"@id\":\"https:\\\/\\\/www.jornalja.com.br\\\/arquivo\\\/todos-fomos-esbofeteados-diz-marlon-santos-sobre-prisao-de-deputado\\\/#blogposting\",\"name\":\"\\\"Todos fomos esbofeteados\\\", diz Marlon Santos sobre pris\\u00e3o de deputado | Arquivo\",\"headline\":\"&quot;Todos fomos esbofeteados&quot;, diz Marlon Santos sobre pris\\u00e3o de deputado\",\"author\":{\"@id\":\"https:\\\/\\\/www.jornalja.com.br\\\/arquivo\\\/author\\\/daredacao\\\/#author\"},\"publisher\":{\"@id\":\"https:\\\/\\\/www.jornalja.com.br\\\/arquivo\\\/#organization\"},\"image\":{\"@type\":\"ImageObject\",\"url\":51756},\"datePublished\":\"2017-07-19T12:12:34-03:00\",\"dateModified\":\"2017-07-19T12:12:34-03:00\",\"inLanguage\":\"pt-BR\",\"mainEntityOfPage\":{\"@id\":\"https:\\\/\\\/www.jornalja.com.br\\\/arquivo\\\/todos-fomos-esbofeteados-diz-marlon-santos-sobre-prisao-de-deputado\\\/#webpage\"},\"isPartOf\":{\"@id\":\"https:\\\/\\\/www.jornalja.com.br\\\/arquivo\\\/todos-fomos-esbofeteados-diz-marlon-santos-sobre-prisao-de-deputado\\\/#webpage\"},\"articleSection\":\"Geral\"},{\"@type\":\"BreadcrumbList\",\"@id\":\"https:\\\/\\\/www.jornalja.com.br\\\/arquivo\\\/todos-fomos-esbofeteados-diz-marlon-santos-sobre-prisao-de-deputado\\\/#breadcrumblist\",\"itemListElement\":[{\"@type\":\"ListItem\",\"@id\":\"https:\\\/\\\/www.jornalja.com.br\\\/arquivo#listItem\",\"position\":1,\"name\":\"Home\",\"item\":\"https:\\\/\\\/www.jornalja.com.br\\\/arquivo\",\"nextItem\":{\"@type\":\"ListItem\",\"@id\":\"https:\\\/\\\/www.jornalja.com.br\\\/arquivo\\\/category\\\/geral\\\/#listItem\",\"name\":\"Geral\"}},{\"@type\":\"ListItem\",\"@id\":\"https:\\\/\\\/www.jornalja.com.br\\\/arquivo\\\/category\\\/geral\\\/#listItem\",\"position\":2,\"name\":\"Geral\",\"item\":\"https:\\\/\\\/www.jornalja.com.br\\\/arquivo\\\/category\\\/geral\\\/\",\"nextItem\":{\"@type\":\"ListItem\",\"@id\":\"https:\\\/\\\/www.jornalja.com.br\\\/arquivo\\\/todos-fomos-esbofeteados-diz-marlon-santos-sobre-prisao-de-deputado\\\/#listItem\",\"name\":\"&quot;Todos fomos esbofeteados&quot;, diz Marlon Santos sobre pris\\u00e3o de deputado\"},\"previousItem\":{\"@type\":\"ListItem\",\"@id\":\"https:\\\/\\\/www.jornalja.com.br\\\/arquivo#listItem\",\"name\":\"Home\"}},{\"@type\":\"ListItem\",\"@id\":\"https:\\\/\\\/www.jornalja.com.br\\\/arquivo\\\/todos-fomos-esbofeteados-diz-marlon-santos-sobre-prisao-de-deputado\\\/#listItem\",\"position\":3,\"name\":\"&quot;Todos fomos esbofeteados&quot;, diz Marlon Santos sobre pris\\u00e3o de deputado\",\"previousItem\":{\"@type\":\"ListItem\",\"@id\":\"https:\\\/\\\/www.jornalja.com.br\\\/arquivo\\\/category\\\/geral\\\/#listItem\",\"name\":\"Geral\"}}]},{\"@type\":\"Organization\",\"@id\":\"https:\\\/\\\/www.jornalja.com.br\\\/arquivo\\\/#organization\",\"name\":\"Jornal J\\u00c1\",\"description\":\"Jornal J\\u00c1 | Porto Alegre\",\"url\":\"https:\\\/\\\/www.jornalja.com.br\\\/arquivo\\\/\",\"telephone\":\"+555133307272\",\"logo\":{\"@type\":\"ImageObject\",\"url\":\"https:\\\/\\\/www.jornalja.com.br\\\/wp-content\\\/uploads\\\/cards\\\/JAslogan.png\",\"@id\":\"https:\\\/\\\/www.jornalja.com.br\\\/arquivo\\\/todos-fomos-esbofeteados-diz-marlon-santos-sobre-prisao-de-deputado\\\/#organizationLogo\"},\"image\":{\"@id\":\"https:\\\/\\\/www.jornalja.com.br\\\/arquivo\\\/todos-fomos-esbofeteados-diz-marlon-santos-sobre-prisao-de-deputado\\\/#organizationLogo\"}},{\"@type\":\"Person\",\"@id\":\"https:\\\/\\\/www.jornalja.com.br\\\/arquivo\\\/author\\\/daredacao\\\/#author\",\"url\":\"https:\\\/\\\/www.jornalja.com.br\\\/arquivo\\\/author\\\/daredacao\\\/\",\"name\":\"da Reda\\u00e7\\u00e3o\",\"image\":{\"@type\":\"ImageObject\",\"@id\":\"https:\\\/\\\/www.jornalja.com.br\\\/arquivo\\\/todos-fomos-esbofeteados-diz-marlon-santos-sobre-prisao-de-deputado\\\/#authorImage\",\"url\":\"https:\\\/\\\/secure.gravatar.com\\\/avatar\\\/469fd857d6605ad19919d27ed29d35a968a25f6e8fd9318356bbb7f57aae9c65?s=96&d=mm&r=g\",\"width\":96,\"height\":96,\"caption\":\"da Reda\\u00e7\\u00e3o\"}},{\"@type\":\"WebPage\",\"@id\":\"https:\\\/\\\/www.jornalja.com.br\\\/arquivo\\\/todos-fomos-esbofeteados-diz-marlon-santos-sobre-prisao-de-deputado\\\/#webpage\",\"url\":\"https:\\\/\\\/www.jornalja.com.br\\\/arquivo\\\/todos-fomos-esbofeteados-diz-marlon-santos-sobre-prisao-de-deputado\\\/\",\"name\":\"\\\"Todos fomos esbofeteados\\\", diz Marlon Santos sobre pris\\u00e3o de deputado | Arquivo\",\"inLanguage\":\"pt-BR\",\"isPartOf\":{\"@id\":\"https:\\\/\\\/www.jornalja.com.br\\\/arquivo\\\/#website\"},\"breadcrumb\":{\"@id\":\"https:\\\/\\\/www.jornalja.com.br\\\/arquivo\\\/todos-fomos-esbofeteados-diz-marlon-santos-sobre-prisao-de-deputado\\\/#breadcrumblist\"},\"author\":{\"@id\":\"https:\\\/\\\/www.jornalja.com.br\\\/arquivo\\\/author\\\/daredacao\\\/#author\"},\"creator\":{\"@id\":\"https:\\\/\\\/www.jornalja.com.br\\\/arquivo\\\/author\\\/daredacao\\\/#author\"},\"image\":{\"@type\":\"ImageObject\",\"url\":51756,\"@id\":\"https:\\\/\\\/www.jornalja.com.br\\\/arquivo\\\/todos-fomos-esbofeteados-diz-marlon-santos-sobre-prisao-de-deputado\\\/#mainImage\"},\"primaryImageOfPage\":{\"@id\":\"https:\\\/\\\/www.jornalja.com.br\\\/arquivo\\\/todos-fomos-esbofeteados-diz-marlon-santos-sobre-prisao-de-deputado\\\/#mainImage\"},\"datePublished\":\"2017-07-19T12:12:34-03:00\",\"dateModified\":\"2017-07-19T12:12:34-03:00\"},{\"@type\":\"WebSite\",\"@id\":\"https:\\\/\\\/www.jornalja.com.br\\\/arquivo\\\/#website\",\"url\":\"https:\\\/\\\/www.jornalja.com.br\\\/arquivo\\\/\",\"name\":\"Arquivo\",\"description\":\"Jornal J\\u00c1 | Porto Alegre\",\"inLanguage\":\"pt-BR\",\"publisher\":{\"@id\":\"https:\\\/\\\/www.jornalja.com.br\\\/arquivo\\\/#organization\"}}]}\n\t\t<\/script>\n\t\t<!-- All in One SEO -->\n\n","aioseo_head_json":{"title":"\"Todos fomos esbofeteados\", diz Marlon Santos sobre pris\u00e3o de deputado | Arquivo","description":"","canonical_url":"https:\/\/www.jornalja.com.br\/arquivo\/todos-fomos-esbofeteados-diz-marlon-santos-sobre-prisao-de-deputado\/","robots":"max-image-preview:large","keywords":"","webmasterTools":{"miscellaneous":""},"schema":{"@context":"https:\/\/schema.org","@graph":[{"@type":"BlogPosting","@id":"https:\/\/www.jornalja.com.br\/arquivo\/todos-fomos-esbofeteados-diz-marlon-santos-sobre-prisao-de-deputado\/#blogposting","name":"\"Todos fomos esbofeteados\", diz Marlon Santos sobre pris\u00e3o de deputado | Arquivo","headline":"&quot;Todos fomos esbofeteados&quot;, diz Marlon Santos sobre pris\u00e3o de deputado","author":{"@id":"https:\/\/www.jornalja.com.br\/arquivo\/author\/daredacao\/#author"},"publisher":{"@id":"https:\/\/www.jornalja.com.br\/arquivo\/#organization"},"image":{"@type":"ImageObject","url":51756},"datePublished":"2017-07-19T12:12:34-03:00","dateModified":"2017-07-19T12:12:34-03:00","inLanguage":"pt-BR","mainEntityOfPage":{"@id":"https:\/\/www.jornalja.com.br\/arquivo\/todos-fomos-esbofeteados-diz-marlon-santos-sobre-prisao-de-deputado\/#webpage"},"isPartOf":{"@id":"https:\/\/www.jornalja.com.br\/arquivo\/todos-fomos-esbofeteados-diz-marlon-santos-sobre-prisao-de-deputado\/#webpage"},"articleSection":"Geral"},{"@type":"BreadcrumbList","@id":"https:\/\/www.jornalja.com.br\/arquivo\/todos-fomos-esbofeteados-diz-marlon-santos-sobre-prisao-de-deputado\/#breadcrumblist","itemListElement":[{"@type":"ListItem","@id":"https:\/\/www.jornalja.com.br\/arquivo#listItem","position":1,"name":"Home","item":"https:\/\/www.jornalja.com.br\/arquivo","nextItem":{"@type":"ListItem","@id":"https:\/\/www.jornalja.com.br\/arquivo\/category\/geral\/#listItem","name":"Geral"}},{"@type":"ListItem","@id":"https:\/\/www.jornalja.com.br\/arquivo\/category\/geral\/#listItem","position":2,"name":"Geral","item":"https:\/\/www.jornalja.com.br\/arquivo\/category\/geral\/","nextItem":{"@type":"ListItem","@id":"https:\/\/www.jornalja.com.br\/arquivo\/todos-fomos-esbofeteados-diz-marlon-santos-sobre-prisao-de-deputado\/#listItem","name":"&quot;Todos fomos esbofeteados&quot;, diz Marlon Santos sobre pris\u00e3o de deputado"},"previousItem":{"@type":"ListItem","@id":"https:\/\/www.jornalja.com.br\/arquivo#listItem","name":"Home"}},{"@type":"ListItem","@id":"https:\/\/www.jornalja.com.br\/arquivo\/todos-fomos-esbofeteados-diz-marlon-santos-sobre-prisao-de-deputado\/#listItem","position":3,"name":"&quot;Todos fomos esbofeteados&quot;, diz Marlon Santos sobre pris\u00e3o de deputado","previousItem":{"@type":"ListItem","@id":"https:\/\/www.jornalja.com.br\/arquivo\/category\/geral\/#listItem","name":"Geral"}}]},{"@type":"Organization","@id":"https:\/\/www.jornalja.com.br\/arquivo\/#organization","name":"Jornal J\u00c1","description":"Jornal J\u00c1 | Porto Alegre","url":"https:\/\/www.jornalja.com.br\/arquivo\/","telephone":"+555133307272","logo":{"@type":"ImageObject","url":"https:\/\/www.jornalja.com.br\/wp-content\/uploads\/cards\/JAslogan.png","@id":"https:\/\/www.jornalja.com.br\/arquivo\/todos-fomos-esbofeteados-diz-marlon-santos-sobre-prisao-de-deputado\/#organizationLogo"},"image":{"@id":"https:\/\/www.jornalja.com.br\/arquivo\/todos-fomos-esbofeteados-diz-marlon-santos-sobre-prisao-de-deputado\/#organizationLogo"}},{"@type":"Person","@id":"https:\/\/www.jornalja.com.br\/arquivo\/author\/daredacao\/#author","url":"https:\/\/www.jornalja.com.br\/arquivo\/author\/daredacao\/","name":"da Reda\u00e7\u00e3o","image":{"@type":"ImageObject","@id":"https:\/\/www.jornalja.com.br\/arquivo\/todos-fomos-esbofeteados-diz-marlon-santos-sobre-prisao-de-deputado\/#authorImage","url":"https:\/\/secure.gravatar.com\/avatar\/469fd857d6605ad19919d27ed29d35a968a25f6e8fd9318356bbb7f57aae9c65?s=96&d=mm&r=g","width":96,"height":96,"caption":"da Reda\u00e7\u00e3o"}},{"@type":"WebPage","@id":"https:\/\/www.jornalja.com.br\/arquivo\/todos-fomos-esbofeteados-diz-marlon-santos-sobre-prisao-de-deputado\/#webpage","url":"https:\/\/www.jornalja.com.br\/arquivo\/todos-fomos-esbofeteados-diz-marlon-santos-sobre-prisao-de-deputado\/","name":"\"Todos fomos esbofeteados\", diz Marlon Santos sobre pris\u00e3o de deputado | Arquivo","inLanguage":"pt-BR","isPartOf":{"@id":"https:\/\/www.jornalja.com.br\/arquivo\/#website"},"breadcrumb":{"@id":"https:\/\/www.jornalja.com.br\/arquivo\/todos-fomos-esbofeteados-diz-marlon-santos-sobre-prisao-de-deputado\/#breadcrumblist"},"author":{"@id":"https:\/\/www.jornalja.com.br\/arquivo\/author\/daredacao\/#author"},"creator":{"@id":"https:\/\/www.jornalja.com.br\/arquivo\/author\/daredacao\/#author"},"image":{"@type":"ImageObject","url":51756,"@id":"https:\/\/www.jornalja.com.br\/arquivo\/todos-fomos-esbofeteados-diz-marlon-santos-sobre-prisao-de-deputado\/#mainImage"},"primaryImageOfPage":{"@id":"https:\/\/www.jornalja.com.br\/arquivo\/todos-fomos-esbofeteados-diz-marlon-santos-sobre-prisao-de-deputado\/#mainImage"},"datePublished":"2017-07-19T12:12:34-03:00","dateModified":"2017-07-19T12:12:34-03:00"},{"@type":"WebSite","@id":"https:\/\/www.jornalja.com.br\/arquivo\/#website","url":"https:\/\/www.jornalja.com.br\/arquivo\/","name":"Arquivo","description":"Jornal J\u00c1 | Porto Alegre","inLanguage":"pt-BR","publisher":{"@id":"https:\/\/www.jornalja.com.br\/arquivo\/#organization"}}]},"og:locale":"pt_BR","og:site_name":"Arquivo | Jornal J\u00c1 | Porto Alegre","og:type":"article","og:title":"&quot;Todos fomos esbofeteados&quot;, diz Marlon Santos sobre pris\u00e3o de deputado | Arquivo","og:url":"https:\/\/www.jornalja.com.br\/arquivo\/todos-fomos-esbofeteados-diz-marlon-santos-sobre-prisao-de-deputado\/","og:image":"https:\/\/www.jornalja.com.br\/economics\/wp-content\/uploads\/sites\/11\/2026\/08\/ja-folhaderosto-facebook.jpg","og:image:secure_url":"https:\/\/www.jornalja.com.br\/economics\/wp-content\/uploads\/sites\/11\/2026\/08\/ja-folhaderosto-facebook.jpg","article:published_time":"2017-07-19T15:12:34+00:00","article:modified_time":"2017-07-19T15:12:34+00:00","twitter:card":"summary","twitter:title":"&quot;Todos fomos esbofeteados&quot;, diz Marlon Santos sobre pris\u00e3o de deputado | Arquivo","twitter:image":"https:\/\/www.jornalja.com.br\/economics\/wp-content\/uploads\/sites\/11\/2026\/08\/ja-folhaderosto-facebook.jpg"},"aioseo_meta_data":{"post_id":"51755","title":null,"description":null,"keywords":null,"keyphrases":null,"primary_term":null,"canonical_url":null,"og_title":null,"og_description":null,"og_object_type":"default","og_image_type":"default","og_image_url":null,"og_image_width":null,"og_image_height":null,"og_image_custom_url":null,"og_image_custom_fields":null,"og_video":null,"og_custom_url":null,"og_article_section":null,"og_article_tags":null,"twitter_use_og":false,"twitter_card":"default","twitter_image_type":"default","twitter_image_url":null,"twitter_image_custom_url":null,"twitter_image_custom_fields":null,"twitter_title":null,"twitter_description":null,"schema":{"blockGraphs":[],"customGraphs":[],"default":{"data":{"Article":[],"Course":[],"Dataset":[],"FAQPage":[],"Movie":[],"Person":[],"Product":[],"ProductReview":[],"Car":[],"Recipe":[],"Service":[],"SoftwareApplication":[],"WebPage":[]},"graphName":"","isEnabled":true},"graphs":[]},"schema_type":null,"schema_type_options":null,"pillar_content":false,"robots_default":true,"robots_noindex":false,"robots_noarchive":false,"robots_nosnippet":false,"robots_nofollow":false,"robots_noimageindex":false,"robots_noodp":false,"robots_notranslate":false,"robots_max_snippet":null,"robots_max_videopreview":null,"robots_max_imagepreview":"large","priority":null,"frequency":null,"location":null,"local_seo":null,"breadcrumb_settings":null,"limit_modified_date":false,"ai":null,"created":"2020-12-20 20:29:05","updated":"2025-07-19 23:21:02","seo_analyzer_scan_date":null,"focus_keyword":null,"additional_keywords":null,"truseo_locale":null},"jetpack_sharing_enabled":true,"jetpack-related-posts":[{"id":13128,"url":"https:\/\/www.jornalja.com.br\/arquivo\/maconha-terra-diz-que-uso-medicinal-e-desculpa\/","url_meta":{"origin":51755,"position":0},"title":"Maconha: Terra diz que uso medicinal \u00e9 desculpa","author":"Patr\u00edcia Marini","date":"4 de junho de 2014","format":false,"excerpt":"A condi\u00e7\u00e3o de pol\u00edtico, em \u00e9poca de campanha de campanha eleitoral, tira for\u00e7a do discurso do m\u00e9dico Osmar Terra contra a legaliza\u00e7\u00e3o da maconha. A tese dele de que a libera\u00e7\u00e3o vai ampliar exponencialmente o consumo \u00e9 discutivel, o consumo \u00e9 corrente. Mas seus alertas quanto aos riscos tem que\u2026","rel":"","context":"Em &quot;X.Categorias velhas&quot;","block_context":{"text":"X.Categorias velhas","link":"https:\/\/www.jornalja.com.br\/arquivo\/category\/x-categorias-velhas\/"},"img":{"alt_text":"","src":"","width":0,"height":0},"classes":[]},{"id":5440,"url":"https:\/\/www.jornalja.com.br\/arquivo\/casarao-da-venancio-destino-permanece-incerto\/","url_meta":{"origin":51755,"position":1},"title":"Estado ainda n\u00e3o sabe o que fazer com casar\u00e3o abandonado h\u00e1 20 anos","author":"Elmar Bones","date":"6 de julho de 2009","format":false,"excerpt":"O casar\u00e3o amarelo, numa esquina nobre de Porto Alegre (Ven\u00e2ncio Aires com Jo\u00e3o Pessoa), j\u00e1 abrigou uma escola. H\u00e1 duas d\u00e9cadas, pelo menos, est\u00e1 abandonado, porque seu propriet\u00e1rio, o governo do Estado do Rio Grande do Sul, n\u00e3o consegue achar um destino para ele. Planos n\u00e3o faltaram. O governador Ol\u00edvio\u2026","rel":"","context":"Em &quot;X.Categorias velhas&quot;","block_context":{"text":"X.Categorias velhas","link":"https:\/\/www.jornalja.com.br\/arquivo\/category\/x-categorias-velhas\/"},"img":{"alt_text":"geraldo1","src":"https:\/\/i0.wp.com\/www.jornalja.com.br\/wp-content\/uploads\/2009\/07\/geraldo1.jpg?resize=350%2C200&ssl=1","width":350,"height":200},"classes":[]},{"id":13239,"url":"https:\/\/www.jornalja.com.br\/arquivo\/conselho-desdenha-do-plano-diretor\/","url_meta":{"origin":51755,"position":2},"title":"Porto Alegre: Conselho detona Plano Diretor","author":"Patr\u00edcia Marini","date":"25 de maio de 2014","format":false,"excerpt":"Den\u00fancia do arquiteto e \u00a0urbanista Ibir\u00e1 Santos Lucas. Ele diz que os conselheiros est\u00e3o votando com \"enorme irresponsabilidade\". \"Mudam regime com a maior naturalidade,,,regularizam absurdos de constru\u00e7\u00f5es irregulares... \"O CMDUA est\u00e1 flexibilizando a lei do plano diretor, de uma forma impactante na vida da cidade. Mudam regime com a maior\u2026","rel":"","context":"Em &quot;Geral&quot;","block_context":{"text":"Geral","link":"https:\/\/www.jornalja.com.br\/arquivo\/category\/geral\/"},"img":{"alt_text":"","src":"","width":0,"height":0},"classes":[]}],"jetpack_shortlink":"https:\/\/wp.me\/pbQjBd-dsL","jetpack_featured_media_url":"","_links":{"self":[{"href":"https:\/\/www.jornalja.com.br\/arquivo\/wp-json\/wp\/v2\/posts\/51755","targetHints":{"allow":["GET"]}}],"collection":[{"href":"https:\/\/www.jornalja.com.br\/arquivo\/wp-json\/wp\/v2\/posts"}],"about":[{"href":"https:\/\/www.jornalja.com.br\/arquivo\/wp-json\/wp\/v2\/types\/post"}],"author":[{"embeddable":true,"href":"https:\/\/www.jornalja.com.br\/arquivo\/wp-json\/wp\/v2\/users\/4"}],"replies":[{"embeddable":true,"href":"https:\/\/www.jornalja.com.br\/arquivo\/wp-json\/wp\/v2\/comments?post=51755"}],"version-history":[{"count":0,"href":"https:\/\/www.jornalja.com.br\/arquivo\/wp-json\/wp\/v2\/posts\/51755\/revisions"}],"wp:attachment":[{"href":"https:\/\/www.jornalja.com.br\/arquivo\/wp-json\/wp\/v2\/media?parent=51755"}],"wp:term":[{"taxonomy":"category","embeddable":true,"href":"https:\/\/www.jornalja.com.br\/arquivo\/wp-json\/wp\/v2\/categories?post=51755"},{"taxonomy":"post_tag","embeddable":true,"href":"https:\/\/www.jornalja.com.br\/arquivo\/wp-json\/wp\/v2\/tags?post=51755"}],"curies":[{"name":"wp","href":"https:\/\/api.w.org\/{rel}","templated":true}]}}