{"id":51759,"date":"2017-07-19T12:40:40","date_gmt":"2017-07-19T15:40:40","guid":{"rendered":"https:\/\/www.jornalja.com.br\/?p=51759"},"modified":"2017-07-19T12:40:40","modified_gmt":"2017-07-19T15:40:40","slug":"projeto-que-terceiriza-fiscalizacao-de-carnes-esta-na-comissao-de-justica","status":"publish","type":"post","link":"https:\/\/www.jornalja.com.br\/arquivo\/projeto-que-terceiriza-fiscalizacao-de-carnes-esta-na-comissao-de-justica\/","title":{"rendered":"Projeto que terceiriza fiscaliza\u00e7\u00e3o de carnes est\u00e1 na Comiss\u00e3o de Justi\u00e7a"},"content":{"rendered":"<p>J\u00e1 est\u00e1 na Comiss\u00e3o de Constitui\u00e7\u00e3o e Justi\u00e7a o projeto do governo Sartori para alterar o sistema estadual de inspe\u00e7\u00e3o e fiscaliza\u00e7\u00e3o de produtos de origem animal e permitir a terceiriza\u00e7\u00e3o de parte das atividades.<br \/>\nA proposta, que tramita em regime de urg\u00eancia chegou \u00e0 Assembleia Legislativa no dia 30 de junho, envolta em pol\u00eamica.<br \/>\nEntidades como a Associa\u00e7\u00e3o dos Fiscais Agropecu\u00e1rios do Rio Grande do Sul (Afagro), o Sindicato dos M\u00e9dicos Veterin\u00e1rios no Estado (Simvet\/RS) e o pr\u00f3prio Minist\u00e9rio da Agricultura demonstram preocupa\u00e7\u00e3o com uma eventual mudan\u00e7a nas regras.<br \/>\nA mudan\u00e7a poder\u00e1 fragilizar ainda mais o sistema e afetar a qualidade dos produtos, j\u00e1 colocada em xeque por opera\u00e7\u00f5es como a Leite Compen$ado e a Carne Fraca.<br \/>\nO setor produtivo, especialmente a ind\u00fastria de carnes, apoia as altera\u00e7\u00f5es. Na pr\u00e1tica, se o projeto for aprovado, o fiscal agropecu\u00e1rio (veterin\u00e1rio concursado) n\u00e3o vai mais precisar estar presente nos frigor\u00edficos todos os dias em que h\u00e1 abate.<br \/>\nA tarefa de examinar o estado dos animais e das carca\u00e7as, al\u00e9m do monitoramento dos processos e controles de recebimento, manipula\u00e7\u00e3o, preparo, conserva\u00e7\u00e3o, embalagem, entre outros, ficar\u00e1 sob responsabilidade de um &#8220;veterin\u00e1rio habilitado&#8221;, contratado de empresa credenciada.<br \/>\nSegundo o secret\u00e1rio da Agricultura, Ernani Polo, h\u00e1 falta de 160 veterin\u00e1rios no servi\u00e7o, \u00a0sendo 60 na inspe\u00e7\u00e3o. Os cortes no or\u00e7amento e o arrocho da Lei de Responsabilidade Fiscal impedem contrata\u00e7\u00f5es.<br \/>\nA falta de fiscais estaria, segundo o seccret\u00e1rio, impedindo a amplia\u00e7\u00e3o e abertura de cerca de 30 ind\u00fastrias e gerando &#8220;preju\u00edzos econ\u00f4micos e sociais&#8221;.<br \/>\nA presidente da Afabro, Angela Antunes de Souza, n\u00e3o v\u00ea como separar a inspe\u00e7\u00e3o da fiscaliza\u00e7\u00e3o, como o governo prop\u00f5e, e diz que os profissionais terceirizados estariam mais sujeitos a press\u00f5es. Ela diz que os fiscais mesmo tendo poder de pol\u00edcia administrativa, sofrem com amea\u00e7as e persegui\u00e7\u00f5es por lidarem com &#8220;interesses econ\u00f4micos&#8221;.<br \/>\n&#8220;Tirar a fiscaliza\u00e7\u00e3o de dentro do estabelecimento \u00e9 muito mais para agradar o setor agroindustrial do que para resolver o problema do Estado&#8221;, diz a presidente.<br \/>\nO Sindicato dos Tecnicos Cient\u00edficos do Estado lan\u00e7ou uma campanha para derrubar o projeto que dever\u00e1 ir \u00e0 vota\u00e7\u00e3o \u00a0na volta do recesso. Diz o texto da campanha:<br \/>\n&#8220;A Pol\u00edcia Federal desencadeou a Opera\u00e7\u00e3o Carne Fraca gra\u00e7as a den\u00fancia de um servidor p\u00fablico, fiscal agropecu\u00e1rio.<br \/>\nNo RS, a Opera\u00e7\u00e3o Leite Compensado do Minist\u00e9rio P\u00fablico Estadual descobriu que empresa do setor de leite adicionavam produtos cancer\u00edgenos ao produto.<br \/>\nMesmo assim, o secret\u00e1rio da agricultura Ernani Polo e o Governador Sartori querem criar um sistema no RS em que as empresas paguem sua pr\u00f3pria fiscaliza\u00e7\u00e3o.<br \/>\nA sociedade est\u00e1 atenta \u00e0 corrup\u00e7\u00e3o entre pol\u00edticos e empresas do setor de prote\u00edna animal&#8221;.<\/p>\n","protected":false},"excerpt":{"rendered":"<p>J\u00e1 est\u00e1 na Comiss\u00e3o de Constitui\u00e7\u00e3o e Justi\u00e7a o projeto do governo Sartori para alterar o sistema estadual de inspe\u00e7\u00e3o e fiscaliza\u00e7\u00e3o de produtos de origem animal e permitir a terceiriza\u00e7\u00e3o de parte das atividades. A proposta, que tramita em regime de urg\u00eancia chegou \u00e0 Assembleia Legislativa no dia 30 de junho, envolta em pol\u00eamica. [&hellip;]<\/p>\n","protected":false},"author":4,"featured_media":51771,"comment_status":"open","ping_status":"closed","sticky":false,"template":"","format":"standard","meta":{"_jetpack_newsletter_access":"","_jetpack_dont_email_post_to_subs":false,"_jetpack_newsletter_tier_id":0,"_jetpack_memberships_contains_paywalled_content":false,"_jetpack_feature_clip_id":0,"_jetpack_memberships_contains_paid_content":false,"footnotes":"","jetpack_post_was_ever_published":false},"categories":[26],"tags":[],"class_list":["post-51759","post","type-post","status-publish","format-standard","has-post-thumbnail","hentry","category-geral"],"aioseo_notices":[],"aioseo_head":"\n\t\t<!-- All in One SEO 5.0.1.1 - aioseo.com -->\n\t<meta name=\"robots\" content=\"max-image-preview:large\" \/>\n\t<meta name=\"author\" content=\"da Reda\u00e7\u00e3o\"\/>\n\t<link rel=\"canonical\" href=\"https:\/\/www.jornalja.com.br\/arquivo\/projeto-que-terceiriza-fiscalizacao-de-carnes-esta-na-comissao-de-justica\/\" \/>\n\t<meta name=\"generator\" content=\"All in One SEO (AIOSEO) 5.0.1.1\" \/>\n\t\t<meta property=\"og:locale\" content=\"pt_BR\" \/>\n\t\t<meta property=\"og:site_name\" content=\"Arquivo | Jornal J\u00c1 | Porto Alegre\" \/>\n\t\t<meta property=\"og:type\" content=\"article\" \/>\n\t\t<meta property=\"og:title\" content=\"Projeto que terceiriza fiscaliza\u00e7\u00e3o de carnes est\u00e1 na Comiss\u00e3o de Justi\u00e7a | Arquivo\" \/>\n\t\t<meta property=\"og:url\" content=\"https:\/\/www.jornalja.com.br\/arquivo\/projeto-que-terceiriza-fiscalizacao-de-carnes-esta-na-comissao-de-justica\/\" \/>\n\t\t<meta property=\"og:image\" content=\"https:\/\/www.jornalja.com.br\/economics\/wp-content\/uploads\/sites\/11\/2026\/08\/ja-folhaderosto-facebook.jpg\" \/>\n\t\t<meta property=\"og:image:secure_url\" content=\"https:\/\/www.jornalja.com.br\/economics\/wp-content\/uploads\/sites\/11\/2026\/08\/ja-folhaderosto-facebook.jpg\" \/>\n\t\t<meta property=\"article:published_time\" content=\"2017-07-19T15:40:40+00:00\" \/>\n\t\t<meta property=\"article:modified_time\" content=\"2017-07-19T15:40:40+00:00\" \/>\n\t\t<meta name=\"twitter:card\" content=\"summary\" \/>\n\t\t<meta name=\"twitter:title\" content=\"Projeto que terceiriza fiscaliza\u00e7\u00e3o de carnes est\u00e1 na Comiss\u00e3o de Justi\u00e7a | Arquivo\" \/>\n\t\t<meta name=\"twitter:image\" content=\"https:\/\/www.jornalja.com.br\/economics\/wp-content\/uploads\/sites\/11\/2026\/08\/ja-folhaderosto-facebook.jpg\" \/>\n\t\t<script type=\"application\/ld+json\" class=\"aioseo-schema\">\n\t\t\t{\"@context\":\"https:\\\/\\\/schema.org\",\"@graph\":[{\"@type\":\"BlogPosting\",\"@id\":\"https:\\\/\\\/www.jornalja.com.br\\\/arquivo\\\/projeto-que-terceiriza-fiscalizacao-de-carnes-esta-na-comissao-de-justica\\\/#blogposting\",\"name\":\"Projeto que terceiriza fiscaliza\\u00e7\\u00e3o de carnes est\\u00e1 na Comiss\\u00e3o de Justi\\u00e7a | Arquivo\",\"headline\":\"Projeto que terceiriza fiscaliza\\u00e7\\u00e3o de carnes est\\u00e1 na Comiss\\u00e3o de Justi\\u00e7a\",\"author\":{\"@id\":\"https:\\\/\\\/www.jornalja.com.br\\\/arquivo\\\/author\\\/daredacao\\\/#author\"},\"publisher\":{\"@id\":\"https:\\\/\\\/www.jornalja.com.br\\\/arquivo\\\/#organization\"},\"image\":{\"@type\":\"ImageObject\",\"url\":51771},\"datePublished\":\"2017-07-19T12:40:40-03:00\",\"dateModified\":\"2017-07-19T12:40:40-03:00\",\"inLanguage\":\"pt-BR\",\"mainEntityOfPage\":{\"@id\":\"https:\\\/\\\/www.jornalja.com.br\\\/arquivo\\\/projeto-que-terceiriza-fiscalizacao-de-carnes-esta-na-comissao-de-justica\\\/#webpage\"},\"isPartOf\":{\"@id\":\"https:\\\/\\\/www.jornalja.com.br\\\/arquivo\\\/projeto-que-terceiriza-fiscalizacao-de-carnes-esta-na-comissao-de-justica\\\/#webpage\"},\"articleSection\":\"Geral\"},{\"@type\":\"BreadcrumbList\",\"@id\":\"https:\\\/\\\/www.jornalja.com.br\\\/arquivo\\\/projeto-que-terceiriza-fiscalizacao-de-carnes-esta-na-comissao-de-justica\\\/#breadcrumblist\",\"itemListElement\":[{\"@type\":\"ListItem\",\"@id\":\"https:\\\/\\\/www.jornalja.com.br\\\/arquivo#listItem\",\"position\":1,\"name\":\"Home\",\"item\":\"https:\\\/\\\/www.jornalja.com.br\\\/arquivo\",\"nextItem\":{\"@type\":\"ListItem\",\"@id\":\"https:\\\/\\\/www.jornalja.com.br\\\/arquivo\\\/category\\\/geral\\\/#listItem\",\"name\":\"Geral\"}},{\"@type\":\"ListItem\",\"@id\":\"https:\\\/\\\/www.jornalja.com.br\\\/arquivo\\\/category\\\/geral\\\/#listItem\",\"position\":2,\"name\":\"Geral\",\"item\":\"https:\\\/\\\/www.jornalja.com.br\\\/arquivo\\\/category\\\/geral\\\/\",\"nextItem\":{\"@type\":\"ListItem\",\"@id\":\"https:\\\/\\\/www.jornalja.com.br\\\/arquivo\\\/projeto-que-terceiriza-fiscalizacao-de-carnes-esta-na-comissao-de-justica\\\/#listItem\",\"name\":\"Projeto que terceiriza fiscaliza\\u00e7\\u00e3o de carnes est\\u00e1 na Comiss\\u00e3o de Justi\\u00e7a\"},\"previousItem\":{\"@type\":\"ListItem\",\"@id\":\"https:\\\/\\\/www.jornalja.com.br\\\/arquivo#listItem\",\"name\":\"Home\"}},{\"@type\":\"ListItem\",\"@id\":\"https:\\\/\\\/www.jornalja.com.br\\\/arquivo\\\/projeto-que-terceiriza-fiscalizacao-de-carnes-esta-na-comissao-de-justica\\\/#listItem\",\"position\":3,\"name\":\"Projeto que terceiriza fiscaliza\\u00e7\\u00e3o de carnes est\\u00e1 na Comiss\\u00e3o de Justi\\u00e7a\",\"previousItem\":{\"@type\":\"ListItem\",\"@id\":\"https:\\\/\\\/www.jornalja.com.br\\\/arquivo\\\/category\\\/geral\\\/#listItem\",\"name\":\"Geral\"}}]},{\"@type\":\"Organization\",\"@id\":\"https:\\\/\\\/www.jornalja.com.br\\\/arquivo\\\/#organization\",\"name\":\"Jornal J\\u00c1\",\"description\":\"Jornal J\\u00c1 | Porto Alegre\",\"url\":\"https:\\\/\\\/www.jornalja.com.br\\\/arquivo\\\/\",\"telephone\":\"+555133307272\",\"logo\":{\"@type\":\"ImageObject\",\"url\":\"https:\\\/\\\/www.jornalja.com.br\\\/wp-content\\\/uploads\\\/cards\\\/JAslogan.png\",\"@id\":\"https:\\\/\\\/www.jornalja.com.br\\\/arquivo\\\/projeto-que-terceiriza-fiscalizacao-de-carnes-esta-na-comissao-de-justica\\\/#organizationLogo\"},\"image\":{\"@id\":\"https:\\\/\\\/www.jornalja.com.br\\\/arquivo\\\/projeto-que-terceiriza-fiscalizacao-de-carnes-esta-na-comissao-de-justica\\\/#organizationLogo\"}},{\"@type\":\"Person\",\"@id\":\"https:\\\/\\\/www.jornalja.com.br\\\/arquivo\\\/author\\\/daredacao\\\/#author\",\"url\":\"https:\\\/\\\/www.jornalja.com.br\\\/arquivo\\\/author\\\/daredacao\\\/\",\"name\":\"da Reda\\u00e7\\u00e3o\",\"image\":{\"@type\":\"ImageObject\",\"@id\":\"https:\\\/\\\/www.jornalja.com.br\\\/arquivo\\\/projeto-que-terceiriza-fiscalizacao-de-carnes-esta-na-comissao-de-justica\\\/#authorImage\",\"url\":\"https:\\\/\\\/secure.gravatar.com\\\/avatar\\\/469fd857d6605ad19919d27ed29d35a968a25f6e8fd9318356bbb7f57aae9c65?s=96&d=mm&r=g\",\"width\":96,\"height\":96,\"caption\":\"da Reda\\u00e7\\u00e3o\"}},{\"@type\":\"WebPage\",\"@id\":\"https:\\\/\\\/www.jornalja.com.br\\\/arquivo\\\/projeto-que-terceiriza-fiscalizacao-de-carnes-esta-na-comissao-de-justica\\\/#webpage\",\"url\":\"https:\\\/\\\/www.jornalja.com.br\\\/arquivo\\\/projeto-que-terceiriza-fiscalizacao-de-carnes-esta-na-comissao-de-justica\\\/\",\"name\":\"Projeto que terceiriza fiscaliza\\u00e7\\u00e3o de carnes est\\u00e1 na Comiss\\u00e3o de Justi\\u00e7a | Arquivo\",\"inLanguage\":\"pt-BR\",\"isPartOf\":{\"@id\":\"https:\\\/\\\/www.jornalja.com.br\\\/arquivo\\\/#website\"},\"breadcrumb\":{\"@id\":\"https:\\\/\\\/www.jornalja.com.br\\\/arquivo\\\/projeto-que-terceiriza-fiscalizacao-de-carnes-esta-na-comissao-de-justica\\\/#breadcrumblist\"},\"author\":{\"@id\":\"https:\\\/\\\/www.jornalja.com.br\\\/arquivo\\\/author\\\/daredacao\\\/#author\"},\"creator\":{\"@id\":\"https:\\\/\\\/www.jornalja.com.br\\\/arquivo\\\/author\\\/daredacao\\\/#author\"},\"image\":{\"@type\":\"ImageObject\",\"url\":51771,\"@id\":\"https:\\\/\\\/www.jornalja.com.br\\\/arquivo\\\/projeto-que-terceiriza-fiscalizacao-de-carnes-esta-na-comissao-de-justica\\\/#mainImage\"},\"primaryImageOfPage\":{\"@id\":\"https:\\\/\\\/www.jornalja.com.br\\\/arquivo\\\/projeto-que-terceiriza-fiscalizacao-de-carnes-esta-na-comissao-de-justica\\\/#mainImage\"},\"datePublished\":\"2017-07-19T12:40:40-03:00\",\"dateModified\":\"2017-07-19T12:40:40-03:00\"},{\"@type\":\"WebSite\",\"@id\":\"https:\\\/\\\/www.jornalja.com.br\\\/arquivo\\\/#website\",\"url\":\"https:\\\/\\\/www.jornalja.com.br\\\/arquivo\\\/\",\"name\":\"Arquivo\",\"description\":\"Jornal J\\u00c1 | Porto Alegre\",\"inLanguage\":\"pt-BR\",\"publisher\":{\"@id\":\"https:\\\/\\\/www.jornalja.com.br\\\/arquivo\\\/#organization\"}}]}\n\t\t<\/script>\n\t\t<!-- All in One SEO -->\n\n","aioseo_head_json":{"title":"Projeto que terceiriza fiscaliza\u00e7\u00e3o de carnes est\u00e1 na Comiss\u00e3o de Justi\u00e7a | Arquivo","description":"","canonical_url":"https:\/\/www.jornalja.com.br\/arquivo\/projeto-que-terceiriza-fiscalizacao-de-carnes-esta-na-comissao-de-justica\/","robots":"max-image-preview:large","keywords":"","webmasterTools":{"miscellaneous":""},"schema":{"@context":"https:\/\/schema.org","@graph":[{"@type":"BlogPosting","@id":"https:\/\/www.jornalja.com.br\/arquivo\/projeto-que-terceiriza-fiscalizacao-de-carnes-esta-na-comissao-de-justica\/#blogposting","name":"Projeto que terceiriza fiscaliza\u00e7\u00e3o de carnes est\u00e1 na Comiss\u00e3o de Justi\u00e7a | Arquivo","headline":"Projeto que terceiriza fiscaliza\u00e7\u00e3o de carnes est\u00e1 na Comiss\u00e3o de Justi\u00e7a","author":{"@id":"https:\/\/www.jornalja.com.br\/arquivo\/author\/daredacao\/#author"},"publisher":{"@id":"https:\/\/www.jornalja.com.br\/arquivo\/#organization"},"image":{"@type":"ImageObject","url":51771},"datePublished":"2017-07-19T12:40:40-03:00","dateModified":"2017-07-19T12:40:40-03:00","inLanguage":"pt-BR","mainEntityOfPage":{"@id":"https:\/\/www.jornalja.com.br\/arquivo\/projeto-que-terceiriza-fiscalizacao-de-carnes-esta-na-comissao-de-justica\/#webpage"},"isPartOf":{"@id":"https:\/\/www.jornalja.com.br\/arquivo\/projeto-que-terceiriza-fiscalizacao-de-carnes-esta-na-comissao-de-justica\/#webpage"},"articleSection":"Geral"},{"@type":"BreadcrumbList","@id":"https:\/\/www.jornalja.com.br\/arquivo\/projeto-que-terceiriza-fiscalizacao-de-carnes-esta-na-comissao-de-justica\/#breadcrumblist","itemListElement":[{"@type":"ListItem","@id":"https:\/\/www.jornalja.com.br\/arquivo#listItem","position":1,"name":"Home","item":"https:\/\/www.jornalja.com.br\/arquivo","nextItem":{"@type":"ListItem","@id":"https:\/\/www.jornalja.com.br\/arquivo\/category\/geral\/#listItem","name":"Geral"}},{"@type":"ListItem","@id":"https:\/\/www.jornalja.com.br\/arquivo\/category\/geral\/#listItem","position":2,"name":"Geral","item":"https:\/\/www.jornalja.com.br\/arquivo\/category\/geral\/","nextItem":{"@type":"ListItem","@id":"https:\/\/www.jornalja.com.br\/arquivo\/projeto-que-terceiriza-fiscalizacao-de-carnes-esta-na-comissao-de-justica\/#listItem","name":"Projeto que terceiriza fiscaliza\u00e7\u00e3o de carnes est\u00e1 na Comiss\u00e3o de Justi\u00e7a"},"previousItem":{"@type":"ListItem","@id":"https:\/\/www.jornalja.com.br\/arquivo#listItem","name":"Home"}},{"@type":"ListItem","@id":"https:\/\/www.jornalja.com.br\/arquivo\/projeto-que-terceiriza-fiscalizacao-de-carnes-esta-na-comissao-de-justica\/#listItem","position":3,"name":"Projeto que terceiriza fiscaliza\u00e7\u00e3o de carnes est\u00e1 na Comiss\u00e3o de Justi\u00e7a","previousItem":{"@type":"ListItem","@id":"https:\/\/www.jornalja.com.br\/arquivo\/category\/geral\/#listItem","name":"Geral"}}]},{"@type":"Organization","@id":"https:\/\/www.jornalja.com.br\/arquivo\/#organization","name":"Jornal J\u00c1","description":"Jornal J\u00c1 | Porto Alegre","url":"https:\/\/www.jornalja.com.br\/arquivo\/","telephone":"+555133307272","logo":{"@type":"ImageObject","url":"https:\/\/www.jornalja.com.br\/wp-content\/uploads\/cards\/JAslogan.png","@id":"https:\/\/www.jornalja.com.br\/arquivo\/projeto-que-terceiriza-fiscalizacao-de-carnes-esta-na-comissao-de-justica\/#organizationLogo"},"image":{"@id":"https:\/\/www.jornalja.com.br\/arquivo\/projeto-que-terceiriza-fiscalizacao-de-carnes-esta-na-comissao-de-justica\/#organizationLogo"}},{"@type":"Person","@id":"https:\/\/www.jornalja.com.br\/arquivo\/author\/daredacao\/#author","url":"https:\/\/www.jornalja.com.br\/arquivo\/author\/daredacao\/","name":"da Reda\u00e7\u00e3o","image":{"@type":"ImageObject","@id":"https:\/\/www.jornalja.com.br\/arquivo\/projeto-que-terceiriza-fiscalizacao-de-carnes-esta-na-comissao-de-justica\/#authorImage","url":"https:\/\/secure.gravatar.com\/avatar\/469fd857d6605ad19919d27ed29d35a968a25f6e8fd9318356bbb7f57aae9c65?s=96&d=mm&r=g","width":96,"height":96,"caption":"da Reda\u00e7\u00e3o"}},{"@type":"WebPage","@id":"https:\/\/www.jornalja.com.br\/arquivo\/projeto-que-terceiriza-fiscalizacao-de-carnes-esta-na-comissao-de-justica\/#webpage","url":"https:\/\/www.jornalja.com.br\/arquivo\/projeto-que-terceiriza-fiscalizacao-de-carnes-esta-na-comissao-de-justica\/","name":"Projeto que terceiriza fiscaliza\u00e7\u00e3o de carnes est\u00e1 na Comiss\u00e3o de Justi\u00e7a | Arquivo","inLanguage":"pt-BR","isPartOf":{"@id":"https:\/\/www.jornalja.com.br\/arquivo\/#website"},"breadcrumb":{"@id":"https:\/\/www.jornalja.com.br\/arquivo\/projeto-que-terceiriza-fiscalizacao-de-carnes-esta-na-comissao-de-justica\/#breadcrumblist"},"author":{"@id":"https:\/\/www.jornalja.com.br\/arquivo\/author\/daredacao\/#author"},"creator":{"@id":"https:\/\/www.jornalja.com.br\/arquivo\/author\/daredacao\/#author"},"image":{"@type":"ImageObject","url":51771,"@id":"https:\/\/www.jornalja.com.br\/arquivo\/projeto-que-terceiriza-fiscalizacao-de-carnes-esta-na-comissao-de-justica\/#mainImage"},"primaryImageOfPage":{"@id":"https:\/\/www.jornalja.com.br\/arquivo\/projeto-que-terceiriza-fiscalizacao-de-carnes-esta-na-comissao-de-justica\/#mainImage"},"datePublished":"2017-07-19T12:40:40-03:00","dateModified":"2017-07-19T12:40:40-03:00"},{"@type":"WebSite","@id":"https:\/\/www.jornalja.com.br\/arquivo\/#website","url":"https:\/\/www.jornalja.com.br\/arquivo\/","name":"Arquivo","description":"Jornal J\u00c1 | Porto Alegre","inLanguage":"pt-BR","publisher":{"@id":"https:\/\/www.jornalja.com.br\/arquivo\/#organization"}}]},"og:locale":"pt_BR","og:site_name":"Arquivo | Jornal J\u00c1 | Porto Alegre","og:type":"article","og:title":"Projeto que terceiriza fiscaliza\u00e7\u00e3o de carnes est\u00e1 na Comiss\u00e3o de Justi\u00e7a | Arquivo","og:url":"https:\/\/www.jornalja.com.br\/arquivo\/projeto-que-terceiriza-fiscalizacao-de-carnes-esta-na-comissao-de-justica\/","og:image":"https:\/\/www.jornalja.com.br\/economics\/wp-content\/uploads\/sites\/11\/2026\/08\/ja-folhaderosto-facebook.jpg","og:image:secure_url":"https:\/\/www.jornalja.com.br\/economics\/wp-content\/uploads\/sites\/11\/2026\/08\/ja-folhaderosto-facebook.jpg","article:published_time":"2017-07-19T15:40:40+00:00","article:modified_time":"2017-07-19T15:40:40+00:00","twitter:card":"summary","twitter:title":"Projeto que terceiriza fiscaliza\u00e7\u00e3o de carnes est\u00e1 na Comiss\u00e3o de Justi\u00e7a | Arquivo","twitter:image":"https:\/\/www.jornalja.com.br\/economics\/wp-content\/uploads\/sites\/11\/2026\/08\/ja-folhaderosto-facebook.jpg"},"aioseo_meta_data":{"post_id":"51759","title":null,"description":null,"keywords":null,"keyphrases":null,"primary_term":null,"canonical_url":null,"og_title":null,"og_description":null,"og_object_type":"default","og_image_type":"default","og_image_url":null,"og_image_width":null,"og_image_height":null,"og_image_custom_url":null,"og_image_custom_fields":null,"og_video":null,"og_custom_url":null,"og_article_section":null,"og_article_tags":null,"twitter_use_og":false,"twitter_card":"default","twitter_image_type":"default","twitter_image_url":null,"twitter_image_custom_url":null,"twitter_image_custom_fields":null,"twitter_title":null,"twitter_description":null,"schema":{"blockGraphs":[],"customGraphs":[],"default":{"data":{"Article":[],"Course":[],"Dataset":[],"FAQPage":[],"Movie":[],"Person":[],"Product":[],"ProductReview":[],"Car":[],"Recipe":[],"Service":[],"SoftwareApplication":[],"WebPage":[]},"graphName":"","isEnabled":true},"graphs":[],"defaultGraph":"","defaultPostTypeGraph":""},"schema_type":null,"schema_type_options":null,"pillar_content":false,"robots_default":true,"robots_noindex":false,"robots_noarchive":false,"robots_nosnippet":false,"robots_nofollow":false,"robots_noimageindex":false,"robots_noodp":false,"robots_notranslate":false,"robots_max_snippet":null,"robots_max_videopreview":null,"robots_max_imagepreview":"large","priority":null,"frequency":null,"location":null,"local_seo":null,"breadcrumb_settings":null,"limit_modified_date":false,"ai":null,"created":"2020-12-20 20:29:05","updated":"2025-07-19 23:21:02","seo_analyzer_scan_date":null,"focus_keyword":null,"additional_keywords":null,"truseo_locale":null},"jetpack_sharing_enabled":true,"jetpack-related-posts":[{"id":13240,"url":"https:\/\/www.jornalja.com.br\/arquivo\/plano-diretor-estamos-construindo-o-caos\/","url_meta":{"origin":51759,"position":0},"title":"Plano diretor: &quot;Estamos construindo o caos&quot;","author":"Patr\u00edcia Marini","date":"26 de maio de 2014","format":false,"excerpt":"Desabafo que arquiteta Eliana Castilhos, delegada da Regi\u00e3o de Planejamento 1, postou nas redes sociais \u00e9 um testemunho do ambiente que se criou no Conselho do Plano Diretor de Porto Alegre, onde a aprova\u00e7\u00e3o de grandes empreendimentos \u00e9 empurrada guela abaixo dos conselheiros. Ao CMDUA Como delegada da Regi\u00e3o de\u2026","rel":"","context":"Em &quot;Geral&quot;","block_context":{"text":"Geral","link":"https:\/\/www.jornalja.com.br\/arquivo\/category\/geral\/"},"img":{"alt_text":"","src":"","width":0,"height":0},"classes":[]},{"id":13109,"url":"https:\/\/www.jornalja.com.br\/arquivo\/judiciario-reconhece-poluicao-eletromagnetica\/","url_meta":{"origin":51759,"position":1},"title":"Judici\u00e1rio reconhece polui\u00e7\u00e3o eletromagn\u00e9tica","author":"Patr\u00edcia Marini","date":"16 de maio de 2014","format":false,"excerpt":"A\u00e7\u00e3o de duas associa\u00e7\u00f5es de moradores foi acolhida pelo Tribunal de Justi\u00e7a de S\u00e3o Paulo que. em decis\u00e3o in\u00e9dita, determinou a redu\u00e7\u00e3o do campo eletromagn\u00e9tico gerado pelas linhas de transmiss\u00e3o de energia que cortam os bairros City Boa\u00e7ava e Alto de Pinheiros. \u00c9 a primeira vez que um tribunal do\u2026","rel":"","context":"Em &quot;X.Categorias velhas&quot;","block_context":{"text":"X.Categorias velhas","link":"https:\/\/www.jornalja.com.br\/arquivo\/category\/x-categorias-velhas\/"},"img":{"alt_text":"","src":"","width":0,"height":0},"classes":[]},{"id":13124,"url":"https:\/\/www.jornalja.com.br\/arquivo\/sangue-latino-no-iecine\/","url_meta":{"origin":51759,"position":2},"title":"Sangue latino no IECINE","author":"da Reda\u00e7\u00e3o","date":"18 de maio de 2014","format":false,"excerpt":"Francisco Ribeiro O Instituto Estadual de Cinema (IECINE) tem a frente, desde abril \u00faltimo, um novo diretor, o cineasta colombiano Juan Zapata, 36, que substitui Luiz Alberto Cassol. Radicado h\u00e1 dez anos em Porto Alegre, Zapata tem diante de si o desafio de conduzir at\u00e9 o final do ano um\u2026","rel":"","context":"Em &quot;Cultura-Geral&quot;","block_context":{"text":"Cultura-Geral","link":"https:\/\/www.jornalja.com.br\/arquivo\/category\/materiasecundaria\/"},"img":{"alt_text":"","src":"","width":0,"height":0},"classes":[]},{"id":5440,"url":"https:\/\/www.jornalja.com.br\/arquivo\/casarao-da-venancio-destino-permanece-incerto\/","url_meta":{"origin":51759,"position":3},"title":"Estado ainda n\u00e3o sabe o que fazer com casar\u00e3o abandonado h\u00e1 20 anos","author":"Elmar Bones","date":"6 de julho de 2009","format":false,"excerpt":"O casar\u00e3o amarelo, numa esquina nobre de Porto Alegre (Ven\u00e2ncio Aires com Jo\u00e3o Pessoa), j\u00e1 abrigou uma escola. H\u00e1 duas d\u00e9cadas, pelo menos, est\u00e1 abandonado, porque seu propriet\u00e1rio, o governo do Estado do Rio Grande do Sul, n\u00e3o consegue achar um destino para ele. Planos n\u00e3o faltaram. O governador Ol\u00edvio\u2026","rel":"","context":"Em &quot;X.Categorias velhas&quot;","block_context":{"text":"X.Categorias velhas","link":"https:\/\/www.jornalja.com.br\/arquivo\/category\/x-categorias-velhas\/"},"img":{"alt_text":"geraldo1","src":"https:\/\/i0.wp.com\/www.jornalja.com.br\/wp-content\/uploads\/2009\/07\/geraldo1.jpg?resize=350%2C200&ssl=1","width":350,"height":200},"classes":[]},{"id":14241,"url":"https:\/\/www.jornalja.com.br\/arquivo\/o-guaiba-nas-imagens-poeticas-de-achutti\/","url_meta":{"origin":51759,"position":4},"title":"O Gua\u00edba nas imagens po\u00e9ticas de Achutti","author":"da Reda\u00e7\u00e3o","date":"18 de junho de 2014","format":false,"excerpt":"Em \u201cO Gua\u00edba por Achutti\u201d \u2013 obra financiada via Minist\u00e9rio da Cultura, produ\u00e7\u00e3o executiva de Pedro Longhi, e Fl\u00e1vio Wild como designer \u2013, o fot\u00f3grafo revela a beleza e as mazelas de um espa\u00e7o aqu\u00e1tico de \u00e1guas sempre renovadas, cheio de hist\u00f3rias e lendas como as das cidades que foram\u2026","rel":"","context":"Em &quot;Cultura-Geral&quot;","block_context":{"text":"Cultura-Geral","link":"https:\/\/www.jornalja.com.br\/arquivo\/category\/materiasecundaria\/"},"img":{"alt_text":"","src":"","width":0,"height":0},"classes":[]},{"id":12960,"url":"https:\/\/www.jornalja.com.br\/arquivo\/populacao-culpa-empresas-pela-greve-dos-rodoviarios\/","url_meta":{"origin":51759,"position":5},"title":"Popula\u00e7\u00e3o culpa empresas pela greve","author":"Patr\u00edcia Marini","date":"14 de fevereiro de 2014","format":false,"excerpt":"Pesquisa divulgada na edi\u00e7\u00e3o do jornal Metro desta sexta-feira,14, comprova o velho ditado: \u00e9 poss\u00edvel enganar muitos por algum tempo, mas n\u00e3o \u00e9 poss\u00edvel enganar a todos o tempo inteiro. A principal revela\u00e7\u00e3o foi que 59,8% dos entrevistados apontaram as empresas como as principais respons\u00e1veis pela grave e 46% culparam\u2026","rel":"","context":"Em &quot;X.Categorias velhas&quot;","block_context":{"text":"X.Categorias velhas","link":"https:\/\/www.jornalja.com.br\/arquivo\/category\/x-categorias-velhas\/"},"img":{"alt_text":"","src":"","width":0,"height":0},"classes":[]}],"jetpack_shortlink":"https:\/\/wp.me\/pbQjBd-dsP","jetpack_featured_media_url":"","_links":{"self":[{"href":"https:\/\/www.jornalja.com.br\/arquivo\/wp-json\/wp\/v2\/posts\/51759","targetHints":{"allow":["GET"]}}],"collection":[{"href":"https:\/\/www.jornalja.com.br\/arquivo\/wp-json\/wp\/v2\/posts"}],"about":[{"href":"https:\/\/www.jornalja.com.br\/arquivo\/wp-json\/wp\/v2\/types\/post"}],"author":[{"embeddable":true,"href":"https:\/\/www.jornalja.com.br\/arquivo\/wp-json\/wp\/v2\/users\/4"}],"replies":[{"embeddable":true,"href":"https:\/\/www.jornalja.com.br\/arquivo\/wp-json\/wp\/v2\/comments?post=51759"}],"version-history":[{"count":0,"href":"https:\/\/www.jornalja.com.br\/arquivo\/wp-json\/wp\/v2\/posts\/51759\/revisions"}],"wp:attachment":[{"href":"https:\/\/www.jornalja.com.br\/arquivo\/wp-json\/wp\/v2\/media?parent=51759"}],"wp:term":[{"taxonomy":"category","embeddable":true,"href":"https:\/\/www.jornalja.com.br\/arquivo\/wp-json\/wp\/v2\/categories?post=51759"},{"taxonomy":"post_tag","embeddable":true,"href":"https:\/\/www.jornalja.com.br\/arquivo\/wp-json\/wp\/v2\/tags?post=51759"}],"curies":[{"name":"wp","href":"https:\/\/api.w.org\/{rel}","templated":true}]}}