{"id":51775,"date":"2017-07-19T14:22:02","date_gmt":"2017-07-19T17:22:02","guid":{"rendered":"https:\/\/www.jornalja.com.br\/?p=51775"},"modified":"2017-07-19T14:22:02","modified_gmt":"2017-07-19T17:22:02","slug":"leilao-de-itens-doados-para-atingidos-por-barragem-em-mariana-acaba-amanha","status":"publish","type":"post","link":"https:\/\/www.jornalja.com.br\/arquivo\/leilao-de-itens-doados-para-atingidos-por-barragem-em-mariana-acaba-amanha\/","title":{"rendered":"Leil\u00e3o de itens doados para atingidos por barragem em Mariana acaba dia 20"},"content":{"rendered":"<p>Os objetos doados por artistas e personalidades aos moradores de Mariana (MG) atingidos pelo rompimento da barragem de Fund\u00e3o est\u00e3o sendo leiloados na internet. Os lances podem ser dados at\u00e9 amanh\u00e3 (20), \u00e0s 19h, por meio de uma\u00a0<a href=\"http:\/\/www.adrianoleiloeiro.com.br\/index.php?pg=14&amp;id_busca=570&amp;tag=leilao-beneficente-para-as-vitima-de-bento-rodrigues-mariana-mg\">plataforma virtual<\/a>.<br \/>\nA barragem de Fund\u00e3o, pertencente \u00e0 mineradora Samarco, rompeu-se no dia 5 de novembro de 2015. O epis\u00f3dio \u00e9 considerado a maior trag\u00e9dia ambiental do pa\u00eds. Foram liberados mais de 60 milh\u00f5es de metros c\u00fabicos de rejeitos que provocaram devasta\u00e7\u00e3o da vegeta\u00e7\u00e3o nativa, polui\u00e7\u00e3o da Bacia do Rio Doce, destrui\u00e7\u00e3o de comunidades e a morte de 19 pessoas.<br \/>\nEm solidariedade, artistas e personalidades enviaram diversos artigos \u00e0s v\u00edtimas que viviam nos distritos de Bento Rodrigues e Paracatu, destru\u00eddos pelos rejeitos. Entre os itens, que agora est\u00e3o sendo leiloados, est\u00e1 um uniforme usado pela sele\u00e7\u00e3o brasileira na Copa do Mundo de 1982, doado pelo ex-jogador de futebol Zico. J\u00e1 ofereceram tr\u00eas ofertas pela camisa e seu valor atual \u00e9 de R$ 1.220.<br \/>\nZico tamb\u00e9m doou um agasalho usado pela delega\u00e7\u00e3o brasileira na mesma Copa do Mundo. Para este item, j\u00e1 houve nove lances, o maior deles de R$ 1.020. Outro objeto que tamb\u00e9m alcan\u00e7a altas cifras \u00e9 o rel\u00f3gio da marca Marc Coblen enviado pelo apresentador Fausto Silva. J\u00e1 foram feitas oito ofertas, e quem ainda tiver interesse precisar\u00e1 desembolsar mais de R$ 1.200.<br \/>\nH\u00e1 diversas pe\u00e7as com pre\u00e7os mais modestos, a partir de R$ 30. Muitas delas com apenas um ou nenhum lance, como uma caneta do apresentador Fausto Silva, dois aventais do programa de televis\u00e3o Master Chef, um DVD do cantor Lucas Lucco, CDs de L\u00f4 Borges autografados, DVD, CDs, disco vinil e livros de autoria da cantora Fernanda Takai, al\u00e9m de diversos produtos personalizados doados pela apresentadora Ana Maria Braga: um livro de receitas, dois frascos de esmalte, uma faca e uma cafeteira.<br \/>\nOs participantes que arrematarem algum objeto ir\u00e3o receb\u00ea-lo pelos correios. Dos recursos arrecadados, 5% ser\u00e1 destinado \u00e0 comiss\u00e3o do leiloeiro respons\u00e1vel pela plataforma virtual. O restante ser\u00e1 depositado em ju\u00edzo e as fam\u00edlias afetadas pela trag\u00e9dia definir\u00e3o em assembleia a forma como ele ser\u00e1 empregado. Todo o processo \u00e9 acompanhado pelo Minist\u00e9rio P\u00fablico de Minas Gerais (MPMG).<br \/>\n<strong>Hist\u00f3rico<\/strong><br \/>\nO leil\u00e3o dos objetos havia sido prometido pelo prefeito de Mariana, Duarte J\u00fanior, na \u00e9poca da trag\u00e9dia. Passados seis meses sem que nenhuma iniciativa tivesse sido tomada, o governo municipal come\u00e7ou a ser questionado sobre o engavetamento dos artigos recebidos. Diante da situa\u00e7\u00e3o, a prefeitura entregou as doa\u00e7\u00f5es diretamente \u00e0 comiss\u00e3o dos atingidos, que procurou o MPMG em busca de orienta\u00e7\u00e3o sobre o que fazer.<br \/>\nComo os atingidos n\u00e3o tinham condi\u00e7\u00f5es de garantir a seguran\u00e7a dos objetivos, muitos deles de alto valor financeiro, o MPMG ajuizou uma a\u00e7\u00e3o civil p\u00fablica e obteve uma liminar obrigando a prefeitura a recolh\u00ea-los e garantir sua guarda e conserva\u00e7\u00e3o. Finalmente, em uma audi\u00eancia realizada em agosto do ano passado, foi celebrado um acordo no qual o munic\u00edpio se comprometeu a fazer o leil\u00e3o e depositar os recursos arrecadados em ju\u00edzo.<\/p>\n<h1 class=\"page-header\"><\/h1>\n<div class=\"region region-content\"><\/div>\n","protected":false},"excerpt":{"rendered":"<p>Os objetos doados por artistas e personalidades aos moradores de Mariana (MG) atingidos pelo rompimento da barragem de Fund\u00e3o est\u00e3o sendo leiloados na internet. Os lances podem ser dados at\u00e9 amanh\u00e3 (20), \u00e0s 19h, por meio de uma\u00a0plataforma virtual. A barragem de Fund\u00e3o, pertencente \u00e0 mineradora Samarco, rompeu-se no dia 5 de novembro de 2015. [&hellip;]<\/p>\n","protected":false},"author":4,"featured_media":0,"comment_status":"open","ping_status":"closed","sticky":false,"template":"","format":"standard","meta":{"_jetpack_newsletter_access":"","_jetpack_dont_email_post_to_subs":false,"_jetpack_newsletter_tier_id":0,"_jetpack_memberships_contains_paywalled_content":false,"_jetpack_feature_clip_id":0,"_jetpack_memberships_contains_paid_content":false,"footnotes":"","jetpack_post_was_ever_published":false},"categories":[2022],"tags":[],"class_list":["post-51775","post","type-post","status-publish","format-standard","hentry","category-notas"],"aioseo_notices":[],"aioseo_head":"\n\t\t<!-- All in One SEO 5.0.1.1 - aioseo.com -->\n\t<meta name=\"robots\" content=\"max-image-preview:large\" \/>\n\t<meta name=\"author\" content=\"da Reda\u00e7\u00e3o\"\/>\n\t<link rel=\"canonical\" href=\"https:\/\/www.jornalja.com.br\/arquivo\/leilao-de-itens-doados-para-atingidos-por-barragem-em-mariana-acaba-amanha\/\" \/>\n\t<meta name=\"generator\" content=\"All in One SEO (AIOSEO) 5.0.1.1\" \/>\n\t\t<meta property=\"og:locale\" content=\"pt_BR\" \/>\n\t\t<meta property=\"og:site_name\" content=\"Arquivo | Jornal J\u00c1 | Porto Alegre\" \/>\n\t\t<meta property=\"og:type\" content=\"article\" \/>\n\t\t<meta property=\"og:title\" content=\"Leil\u00e3o de itens doados para atingidos por barragem em Mariana acaba dia 20 | Arquivo\" \/>\n\t\t<meta property=\"og:url\" content=\"https:\/\/www.jornalja.com.br\/arquivo\/leilao-de-itens-doados-para-atingidos-por-barragem-em-mariana-acaba-amanha\/\" \/>\n\t\t<meta property=\"og:image\" content=\"https:\/\/www.jornalja.com.br\/economics\/wp-content\/uploads\/sites\/11\/2026\/08\/ja-folhaderosto-facebook.jpg\" \/>\n\t\t<meta property=\"og:image:secure_url\" content=\"https:\/\/www.jornalja.com.br\/economics\/wp-content\/uploads\/sites\/11\/2026\/08\/ja-folhaderosto-facebook.jpg\" \/>\n\t\t<meta property=\"article:published_time\" content=\"2017-07-19T17:22:02+00:00\" \/>\n\t\t<meta property=\"article:modified_time\" content=\"2017-07-19T17:22:02+00:00\" \/>\n\t\t<meta name=\"twitter:card\" content=\"summary\" \/>\n\t\t<meta name=\"twitter:title\" content=\"Leil\u00e3o de itens doados para atingidos por barragem em Mariana acaba dia 20 | Arquivo\" \/>\n\t\t<meta name=\"twitter:image\" content=\"https:\/\/www.jornalja.com.br\/economics\/wp-content\/uploads\/sites\/11\/2026\/08\/ja-folhaderosto-facebook.jpg\" \/>\n\t\t<script type=\"application\/ld+json\" class=\"aioseo-schema\">\n\t\t\t{\"@context\":\"https:\\\/\\\/schema.org\",\"@graph\":[{\"@type\":\"BlogPosting\",\"@id\":\"https:\\\/\\\/www.jornalja.com.br\\\/arquivo\\\/leilao-de-itens-doados-para-atingidos-por-barragem-em-mariana-acaba-amanha\\\/#blogposting\",\"name\":\"Leil\\u00e3o de itens doados para atingidos por barragem em Mariana acaba dia 20 | Arquivo\",\"headline\":\"Leil\\u00e3o de itens doados para atingidos por barragem em Mariana acaba dia 20\",\"author\":{\"@id\":\"https:\\\/\\\/www.jornalja.com.br\\\/arquivo\\\/author\\\/daredacao\\\/#author\"},\"publisher\":{\"@id\":\"https:\\\/\\\/www.jornalja.com.br\\\/arquivo\\\/#organization\"},\"image\":{\"@type\":\"ImageObject\",\"url\":\"https:\\\/\\\/www.jornalja.com.br\\\/wp-content\\\/uploads\\\/cards\\\/JAslogan.png\",\"@id\":\"https:\\\/\\\/www.jornalja.com.br\\\/arquivo\\\/#articleImage\"},\"datePublished\":\"2017-07-19T14:22:02-03:00\",\"dateModified\":\"2017-07-19T14:22:02-03:00\",\"inLanguage\":\"pt-BR\",\"mainEntityOfPage\":{\"@id\":\"https:\\\/\\\/www.jornalja.com.br\\\/arquivo\\\/leilao-de-itens-doados-para-atingidos-por-barragem-em-mariana-acaba-amanha\\\/#webpage\"},\"isPartOf\":{\"@id\":\"https:\\\/\\\/www.jornalja.com.br\\\/arquivo\\\/leilao-de-itens-doados-para-atingidos-por-barragem-em-mariana-acaba-amanha\\\/#webpage\"},\"articleSection\":\"NOTAS\"},{\"@type\":\"BreadcrumbList\",\"@id\":\"https:\\\/\\\/www.jornalja.com.br\\\/arquivo\\\/leilao-de-itens-doados-para-atingidos-por-barragem-em-mariana-acaba-amanha\\\/#breadcrumblist\",\"itemListElement\":[{\"@type\":\"ListItem\",\"@id\":\"https:\\\/\\\/www.jornalja.com.br\\\/arquivo#listItem\",\"position\":1,\"name\":\"Home\",\"item\":\"https:\\\/\\\/www.jornalja.com.br\\\/arquivo\",\"nextItem\":{\"@type\":\"ListItem\",\"@id\":\"https:\\\/\\\/www.jornalja.com.br\\\/arquivo\\\/category\\\/notas\\\/#listItem\",\"name\":\"NOTAS\"}},{\"@type\":\"ListItem\",\"@id\":\"https:\\\/\\\/www.jornalja.com.br\\\/arquivo\\\/category\\\/notas\\\/#listItem\",\"position\":2,\"name\":\"NOTAS\",\"item\":\"https:\\\/\\\/www.jornalja.com.br\\\/arquivo\\\/category\\\/notas\\\/\",\"nextItem\":{\"@type\":\"ListItem\",\"@id\":\"https:\\\/\\\/www.jornalja.com.br\\\/arquivo\\\/leilao-de-itens-doados-para-atingidos-por-barragem-em-mariana-acaba-amanha\\\/#listItem\",\"name\":\"Leil\\u00e3o de itens doados para atingidos por barragem em Mariana acaba dia 20\"},\"previousItem\":{\"@type\":\"ListItem\",\"@id\":\"https:\\\/\\\/www.jornalja.com.br\\\/arquivo#listItem\",\"name\":\"Home\"}},{\"@type\":\"ListItem\",\"@id\":\"https:\\\/\\\/www.jornalja.com.br\\\/arquivo\\\/leilao-de-itens-doados-para-atingidos-por-barragem-em-mariana-acaba-amanha\\\/#listItem\",\"position\":3,\"name\":\"Leil\\u00e3o de itens doados para atingidos por barragem em Mariana acaba dia 20\",\"previousItem\":{\"@type\":\"ListItem\",\"@id\":\"https:\\\/\\\/www.jornalja.com.br\\\/arquivo\\\/category\\\/notas\\\/#listItem\",\"name\":\"NOTAS\"}}]},{\"@type\":\"Organization\",\"@id\":\"https:\\\/\\\/www.jornalja.com.br\\\/arquivo\\\/#organization\",\"name\":\"Jornal J\\u00c1\",\"description\":\"Jornal J\\u00c1 | Porto Alegre\",\"url\":\"https:\\\/\\\/www.jornalja.com.br\\\/arquivo\\\/\",\"telephone\":\"+555133307272\",\"logo\":{\"@type\":\"ImageObject\",\"url\":\"https:\\\/\\\/www.jornalja.com.br\\\/wp-content\\\/uploads\\\/cards\\\/JAslogan.png\",\"@id\":\"https:\\\/\\\/www.jornalja.com.br\\\/arquivo\\\/leilao-de-itens-doados-para-atingidos-por-barragem-em-mariana-acaba-amanha\\\/#organizationLogo\"},\"image\":{\"@id\":\"https:\\\/\\\/www.jornalja.com.br\\\/arquivo\\\/leilao-de-itens-doados-para-atingidos-por-barragem-em-mariana-acaba-amanha\\\/#organizationLogo\"}},{\"@type\":\"Person\",\"@id\":\"https:\\\/\\\/www.jornalja.com.br\\\/arquivo\\\/author\\\/daredacao\\\/#author\",\"url\":\"https:\\\/\\\/www.jornalja.com.br\\\/arquivo\\\/author\\\/daredacao\\\/\",\"name\":\"da Reda\\u00e7\\u00e3o\",\"image\":{\"@type\":\"ImageObject\",\"@id\":\"https:\\\/\\\/www.jornalja.com.br\\\/arquivo\\\/leilao-de-itens-doados-para-atingidos-por-barragem-em-mariana-acaba-amanha\\\/#authorImage\",\"url\":\"https:\\\/\\\/secure.gravatar.com\\\/avatar\\\/469fd857d6605ad19919d27ed29d35a968a25f6e8fd9318356bbb7f57aae9c65?s=96&d=mm&r=g\",\"width\":96,\"height\":96,\"caption\":\"da Reda\\u00e7\\u00e3o\"}},{\"@type\":\"WebPage\",\"@id\":\"https:\\\/\\\/www.jornalja.com.br\\\/arquivo\\\/leilao-de-itens-doados-para-atingidos-por-barragem-em-mariana-acaba-amanha\\\/#webpage\",\"url\":\"https:\\\/\\\/www.jornalja.com.br\\\/arquivo\\\/leilao-de-itens-doados-para-atingidos-por-barragem-em-mariana-acaba-amanha\\\/\",\"name\":\"Leil\\u00e3o de itens doados para atingidos por barragem em Mariana acaba dia 20 | Arquivo\",\"inLanguage\":\"pt-BR\",\"isPartOf\":{\"@id\":\"https:\\\/\\\/www.jornalja.com.br\\\/arquivo\\\/#website\"},\"breadcrumb\":{\"@id\":\"https:\\\/\\\/www.jornalja.com.br\\\/arquivo\\\/leilao-de-itens-doados-para-atingidos-por-barragem-em-mariana-acaba-amanha\\\/#breadcrumblist\"},\"author\":{\"@id\":\"https:\\\/\\\/www.jornalja.com.br\\\/arquivo\\\/author\\\/daredacao\\\/#author\"},\"creator\":{\"@id\":\"https:\\\/\\\/www.jornalja.com.br\\\/arquivo\\\/author\\\/daredacao\\\/#author\"},\"datePublished\":\"2017-07-19T14:22:02-03:00\",\"dateModified\":\"2017-07-19T14:22:02-03:00\"},{\"@type\":\"WebSite\",\"@id\":\"https:\\\/\\\/www.jornalja.com.br\\\/arquivo\\\/#website\",\"url\":\"https:\\\/\\\/www.jornalja.com.br\\\/arquivo\\\/\",\"name\":\"Arquivo\",\"description\":\"Jornal J\\u00c1 | Porto Alegre\",\"inLanguage\":\"pt-BR\",\"publisher\":{\"@id\":\"https:\\\/\\\/www.jornalja.com.br\\\/arquivo\\\/#organization\"}}]}\n\t\t<\/script>\n\t\t<!-- All in One SEO -->\n\n","aioseo_head_json":{"title":"Leil\u00e3o de itens doados para atingidos por barragem em Mariana acaba dia 20 | Arquivo","description":"","canonical_url":"https:\/\/www.jornalja.com.br\/arquivo\/leilao-de-itens-doados-para-atingidos-por-barragem-em-mariana-acaba-amanha\/","robots":"max-image-preview:large","keywords":"","webmasterTools":{"miscellaneous":""},"schema":{"@context":"https:\/\/schema.org","@graph":[{"@type":"BlogPosting","@id":"https:\/\/www.jornalja.com.br\/arquivo\/leilao-de-itens-doados-para-atingidos-por-barragem-em-mariana-acaba-amanha\/#blogposting","name":"Leil\u00e3o de itens doados para atingidos por barragem em Mariana acaba dia 20 | Arquivo","headline":"Leil\u00e3o de itens doados para atingidos por barragem em Mariana acaba dia 20","author":{"@id":"https:\/\/www.jornalja.com.br\/arquivo\/author\/daredacao\/#author"},"publisher":{"@id":"https:\/\/www.jornalja.com.br\/arquivo\/#organization"},"image":{"@type":"ImageObject","url":"https:\/\/www.jornalja.com.br\/wp-content\/uploads\/cards\/JAslogan.png","@id":"https:\/\/www.jornalja.com.br\/arquivo\/#articleImage"},"datePublished":"2017-07-19T14:22:02-03:00","dateModified":"2017-07-19T14:22:02-03:00","inLanguage":"pt-BR","mainEntityOfPage":{"@id":"https:\/\/www.jornalja.com.br\/arquivo\/leilao-de-itens-doados-para-atingidos-por-barragem-em-mariana-acaba-amanha\/#webpage"},"isPartOf":{"@id":"https:\/\/www.jornalja.com.br\/arquivo\/leilao-de-itens-doados-para-atingidos-por-barragem-em-mariana-acaba-amanha\/#webpage"},"articleSection":"NOTAS"},{"@type":"BreadcrumbList","@id":"https:\/\/www.jornalja.com.br\/arquivo\/leilao-de-itens-doados-para-atingidos-por-barragem-em-mariana-acaba-amanha\/#breadcrumblist","itemListElement":[{"@type":"ListItem","@id":"https:\/\/www.jornalja.com.br\/arquivo#listItem","position":1,"name":"Home","item":"https:\/\/www.jornalja.com.br\/arquivo","nextItem":{"@type":"ListItem","@id":"https:\/\/www.jornalja.com.br\/arquivo\/category\/notas\/#listItem","name":"NOTAS"}},{"@type":"ListItem","@id":"https:\/\/www.jornalja.com.br\/arquivo\/category\/notas\/#listItem","position":2,"name":"NOTAS","item":"https:\/\/www.jornalja.com.br\/arquivo\/category\/notas\/","nextItem":{"@type":"ListItem","@id":"https:\/\/www.jornalja.com.br\/arquivo\/leilao-de-itens-doados-para-atingidos-por-barragem-em-mariana-acaba-amanha\/#listItem","name":"Leil\u00e3o de itens doados para atingidos por barragem em Mariana acaba dia 20"},"previousItem":{"@type":"ListItem","@id":"https:\/\/www.jornalja.com.br\/arquivo#listItem","name":"Home"}},{"@type":"ListItem","@id":"https:\/\/www.jornalja.com.br\/arquivo\/leilao-de-itens-doados-para-atingidos-por-barragem-em-mariana-acaba-amanha\/#listItem","position":3,"name":"Leil\u00e3o de itens doados para atingidos por barragem em Mariana acaba dia 20","previousItem":{"@type":"ListItem","@id":"https:\/\/www.jornalja.com.br\/arquivo\/category\/notas\/#listItem","name":"NOTAS"}}]},{"@type":"Organization","@id":"https:\/\/www.jornalja.com.br\/arquivo\/#organization","name":"Jornal J\u00c1","description":"Jornal J\u00c1 | Porto Alegre","url":"https:\/\/www.jornalja.com.br\/arquivo\/","telephone":"+555133307272","logo":{"@type":"ImageObject","url":"https:\/\/www.jornalja.com.br\/wp-content\/uploads\/cards\/JAslogan.png","@id":"https:\/\/www.jornalja.com.br\/arquivo\/leilao-de-itens-doados-para-atingidos-por-barragem-em-mariana-acaba-amanha\/#organizationLogo"},"image":{"@id":"https:\/\/www.jornalja.com.br\/arquivo\/leilao-de-itens-doados-para-atingidos-por-barragem-em-mariana-acaba-amanha\/#organizationLogo"}},{"@type":"Person","@id":"https:\/\/www.jornalja.com.br\/arquivo\/author\/daredacao\/#author","url":"https:\/\/www.jornalja.com.br\/arquivo\/author\/daredacao\/","name":"da Reda\u00e7\u00e3o","image":{"@type":"ImageObject","@id":"https:\/\/www.jornalja.com.br\/arquivo\/leilao-de-itens-doados-para-atingidos-por-barragem-em-mariana-acaba-amanha\/#authorImage","url":"https:\/\/secure.gravatar.com\/avatar\/469fd857d6605ad19919d27ed29d35a968a25f6e8fd9318356bbb7f57aae9c65?s=96&d=mm&r=g","width":96,"height":96,"caption":"da Reda\u00e7\u00e3o"}},{"@type":"WebPage","@id":"https:\/\/www.jornalja.com.br\/arquivo\/leilao-de-itens-doados-para-atingidos-por-barragem-em-mariana-acaba-amanha\/#webpage","url":"https:\/\/www.jornalja.com.br\/arquivo\/leilao-de-itens-doados-para-atingidos-por-barragem-em-mariana-acaba-amanha\/","name":"Leil\u00e3o de itens doados para atingidos por barragem em Mariana acaba dia 20 | Arquivo","inLanguage":"pt-BR","isPartOf":{"@id":"https:\/\/www.jornalja.com.br\/arquivo\/#website"},"breadcrumb":{"@id":"https:\/\/www.jornalja.com.br\/arquivo\/leilao-de-itens-doados-para-atingidos-por-barragem-em-mariana-acaba-amanha\/#breadcrumblist"},"author":{"@id":"https:\/\/www.jornalja.com.br\/arquivo\/author\/daredacao\/#author"},"creator":{"@id":"https:\/\/www.jornalja.com.br\/arquivo\/author\/daredacao\/#author"},"datePublished":"2017-07-19T14:22:02-03:00","dateModified":"2017-07-19T14:22:02-03:00"},{"@type":"WebSite","@id":"https:\/\/www.jornalja.com.br\/arquivo\/#website","url":"https:\/\/www.jornalja.com.br\/arquivo\/","name":"Arquivo","description":"Jornal J\u00c1 | Porto Alegre","inLanguage":"pt-BR","publisher":{"@id":"https:\/\/www.jornalja.com.br\/arquivo\/#organization"}}]},"og:locale":"pt_BR","og:site_name":"Arquivo | Jornal J\u00c1 | Porto Alegre","og:type":"article","og:title":"Leil\u00e3o de itens doados para atingidos por barragem em Mariana acaba dia 20 | Arquivo","og:url":"https:\/\/www.jornalja.com.br\/arquivo\/leilao-de-itens-doados-para-atingidos-por-barragem-em-mariana-acaba-amanha\/","og:image":"https:\/\/www.jornalja.com.br\/economics\/wp-content\/uploads\/sites\/11\/2026\/08\/ja-folhaderosto-facebook.jpg","og:image:secure_url":"https:\/\/www.jornalja.com.br\/economics\/wp-content\/uploads\/sites\/11\/2026\/08\/ja-folhaderosto-facebook.jpg","article:published_time":"2017-07-19T17:22:02+00:00","article:modified_time":"2017-07-19T17:22:02+00:00","twitter:card":"summary","twitter:title":"Leil\u00e3o de itens doados para atingidos por barragem em Mariana acaba dia 20 | Arquivo","twitter:image":"https:\/\/www.jornalja.com.br\/economics\/wp-content\/uploads\/sites\/11\/2026\/08\/ja-folhaderosto-facebook.jpg"},"aioseo_meta_data":{"post_id":"51775","title":null,"description":null,"keywords":null,"keyphrases":null,"primary_term":null,"canonical_url":null,"og_title":null,"og_description":null,"og_object_type":"default","og_image_type":"default","og_image_url":null,"og_image_width":null,"og_image_height":null,"og_image_custom_url":null,"og_image_custom_fields":null,"og_video":null,"og_custom_url":null,"og_article_section":null,"og_article_tags":null,"twitter_use_og":false,"twitter_card":"default","twitter_image_type":"default","twitter_image_url":null,"twitter_image_custom_url":null,"twitter_image_custom_fields":null,"twitter_title":null,"twitter_description":null,"schema":{"blockGraphs":[],"customGraphs":[],"default":{"data":{"Article":[],"Course":[],"Dataset":[],"FAQPage":[],"Movie":[],"Person":[],"Product":[],"ProductReview":[],"Car":[],"Recipe":[],"Service":[],"SoftwareApplication":[],"WebPage":[]},"graphName":"","isEnabled":true},"graphs":[]},"schema_type":null,"schema_type_options":null,"pillar_content":false,"robots_default":true,"robots_noindex":false,"robots_noarchive":false,"robots_nosnippet":false,"robots_nofollow":false,"robots_noimageindex":false,"robots_noodp":false,"robots_notranslate":false,"robots_max_snippet":null,"robots_max_videopreview":null,"robots_max_imagepreview":"large","priority":null,"frequency":null,"location":null,"local_seo":null,"breadcrumb_settings":null,"limit_modified_date":false,"ai":null,"created":"2020-12-20 20:29:05","updated":"2025-07-19 23:21:02","seo_analyzer_scan_date":null,"focus_keyword":null,"additional_keywords":null,"truseo_locale":null},"jetpack_sharing_enabled":true,"jetpack-related-posts":[{"id":13240,"url":"https:\/\/www.jornalja.com.br\/arquivo\/plano-diretor-estamos-construindo-o-caos\/","url_meta":{"origin":51775,"position":0},"title":"Plano diretor: &quot;Estamos construindo o caos&quot;","author":"Patr\u00edcia Marini","date":"26 de maio de 2014","format":false,"excerpt":"Desabafo que arquiteta Eliana Castilhos, delegada da Regi\u00e3o de Planejamento 1, postou nas redes sociais \u00e9 um testemunho do ambiente que se criou no Conselho do Plano Diretor de Porto Alegre, onde a aprova\u00e7\u00e3o de grandes empreendimentos \u00e9 empurrada guela abaixo dos conselheiros. Ao CMDUA Como delegada da Regi\u00e3o de\u2026","rel":"","context":"Em &quot;Geral&quot;","block_context":{"text":"Geral","link":"https:\/\/www.jornalja.com.br\/arquivo\/category\/geral\/"},"img":{"alt_text":"","src":"","width":0,"height":0},"classes":[]},{"id":5440,"url":"https:\/\/www.jornalja.com.br\/arquivo\/casarao-da-venancio-destino-permanece-incerto\/","url_meta":{"origin":51775,"position":1},"title":"Estado ainda n\u00e3o sabe o que fazer com casar\u00e3o abandonado h\u00e1 20 anos","author":"Elmar Bones","date":"6 de julho de 2009","format":false,"excerpt":"O casar\u00e3o amarelo, numa esquina nobre de Porto Alegre (Ven\u00e2ncio Aires com Jo\u00e3o Pessoa), j\u00e1 abrigou uma escola. H\u00e1 duas d\u00e9cadas, pelo menos, est\u00e1 abandonado, porque seu propriet\u00e1rio, o governo do Estado do Rio Grande do Sul, n\u00e3o consegue achar um destino para ele. Planos n\u00e3o faltaram. O governador Ol\u00edvio\u2026","rel":"","context":"Em &quot;X.Categorias velhas&quot;","block_context":{"text":"X.Categorias velhas","link":"https:\/\/www.jornalja.com.br\/arquivo\/category\/x-categorias-velhas\/"},"img":{"alt_text":"geraldo1","src":"https:\/\/i0.wp.com\/www.jornalja.com.br\/wp-content\/uploads\/2009\/07\/geraldo1.jpg?resize=350%2C200&ssl=1","width":350,"height":200},"classes":[]},{"id":13239,"url":"https:\/\/www.jornalja.com.br\/arquivo\/conselho-desdenha-do-plano-diretor\/","url_meta":{"origin":51775,"position":2},"title":"Porto Alegre: Conselho detona Plano Diretor","author":"Patr\u00edcia Marini","date":"25 de maio de 2014","format":false,"excerpt":"Den\u00fancia do arquiteto e \u00a0urbanista Ibir\u00e1 Santos Lucas. Ele diz que os conselheiros est\u00e3o votando com \"enorme irresponsabilidade\". \"Mudam regime com a maior naturalidade,,,regularizam absurdos de constru\u00e7\u00f5es irregulares... \"O CMDUA est\u00e1 flexibilizando a lei do plano diretor, de uma forma impactante na vida da cidade. Mudam regime com a maior\u2026","rel":"","context":"Em &quot;Geral&quot;","block_context":{"text":"Geral","link":"https:\/\/www.jornalja.com.br\/arquivo\/category\/geral\/"},"img":{"alt_text":"","src":"","width":0,"height":0},"classes":[]},{"id":13101,"url":"https:\/\/www.jornalja.com.br\/arquivo\/morre-um-guerreiro-do-texto\/","url_meta":{"origin":51775,"position":3},"title":"Morre um guerreiro do texto","author":"Patr\u00edcia Marini","date":"14 de maio de 2014","format":false,"excerpt":"Por Ricardo Kotscho Reproduzido do blog do autor, 11\/5\/2014; t\u00edtulo original \u201cE l\u00e1 se foi o nosso Myltainho, guerreiro do texto\u201d. Mi\u00fado e franzino, meu amigo Myltainho era um valente e inconformado guerreiro na luta contra as injusti\u00e7as sociais, a hipocrisia, as maracutaias, o autoritarismo, a intoler\u00e2ncia, a viol\u00eancia, o\u2026","rel":"","context":"Em &quot;Geral&quot;","block_context":{"text":"Geral","link":"https:\/\/www.jornalja.com.br\/arquivo\/category\/geral\/"},"img":{"alt_text":"","src":"","width":0,"height":0},"classes":[]},{"id":13109,"url":"https:\/\/www.jornalja.com.br\/arquivo\/judiciario-reconhece-poluicao-eletromagnetica\/","url_meta":{"origin":51775,"position":4},"title":"Judici\u00e1rio reconhece polui\u00e7\u00e3o eletromagn\u00e9tica","author":"Patr\u00edcia Marini","date":"16 de maio de 2014","format":false,"excerpt":"A\u00e7\u00e3o de duas associa\u00e7\u00f5es de moradores foi acolhida pelo Tribunal de Justi\u00e7a de S\u00e3o Paulo que. em decis\u00e3o in\u00e9dita, determinou a redu\u00e7\u00e3o do campo eletromagn\u00e9tico gerado pelas linhas de transmiss\u00e3o de energia que cortam os bairros City Boa\u00e7ava e Alto de Pinheiros. \u00c9 a primeira vez que um tribunal do\u2026","rel":"","context":"Em &quot;X.Categorias velhas&quot;","block_context":{"text":"X.Categorias velhas","link":"https:\/\/www.jornalja.com.br\/arquivo\/category\/x-categorias-velhas\/"},"img":{"alt_text":"","src":"","width":0,"height":0},"classes":[]},{"id":14241,"url":"https:\/\/www.jornalja.com.br\/arquivo\/o-guaiba-nas-imagens-poeticas-de-achutti\/","url_meta":{"origin":51775,"position":5},"title":"O Gua\u00edba nas imagens po\u00e9ticas de Achutti","author":"da Reda\u00e7\u00e3o","date":"18 de junho de 2014","format":false,"excerpt":"Em \u201cO Gua\u00edba por Achutti\u201d \u2013 obra financiada via Minist\u00e9rio da Cultura, produ\u00e7\u00e3o executiva de Pedro Longhi, e Fl\u00e1vio Wild como designer \u2013, o fot\u00f3grafo revela a beleza e as mazelas de um espa\u00e7o aqu\u00e1tico de \u00e1guas sempre renovadas, cheio de hist\u00f3rias e lendas como as das cidades que foram\u2026","rel":"","context":"Em &quot;Cultura-Geral&quot;","block_context":{"text":"Cultura-Geral","link":"https:\/\/www.jornalja.com.br\/arquivo\/category\/materiasecundaria\/"},"img":{"alt_text":"","src":"","width":0,"height":0},"classes":[]}],"jetpack_shortlink":"https:\/\/wp.me\/pbQjBd-dt5","jetpack_featured_media_url":"","_links":{"self":[{"href":"https:\/\/www.jornalja.com.br\/arquivo\/wp-json\/wp\/v2\/posts\/51775","targetHints":{"allow":["GET"]}}],"collection":[{"href":"https:\/\/www.jornalja.com.br\/arquivo\/wp-json\/wp\/v2\/posts"}],"about":[{"href":"https:\/\/www.jornalja.com.br\/arquivo\/wp-json\/wp\/v2\/types\/post"}],"author":[{"embeddable":true,"href":"https:\/\/www.jornalja.com.br\/arquivo\/wp-json\/wp\/v2\/users\/4"}],"replies":[{"embeddable":true,"href":"https:\/\/www.jornalja.com.br\/arquivo\/wp-json\/wp\/v2\/comments?post=51775"}],"version-history":[{"count":0,"href":"https:\/\/www.jornalja.com.br\/arquivo\/wp-json\/wp\/v2\/posts\/51775\/revisions"}],"wp:attachment":[{"href":"https:\/\/www.jornalja.com.br\/arquivo\/wp-json\/wp\/v2\/media?parent=51775"}],"wp:term":[{"taxonomy":"category","embeddable":true,"href":"https:\/\/www.jornalja.com.br\/arquivo\/wp-json\/wp\/v2\/categories?post=51775"},{"taxonomy":"post_tag","embeddable":true,"href":"https:\/\/www.jornalja.com.br\/arquivo\/wp-json\/wp\/v2\/tags?post=51775"}],"curies":[{"name":"wp","href":"https:\/\/api.w.org\/{rel}","templated":true}]}}