{"id":51778,"date":"2017-07-19T15:03:02","date_gmt":"2017-07-19T18:03:02","guid":{"rendered":"https:\/\/www.jornalja.com.br\/?p=51778"},"modified":"2017-07-19T15:03:02","modified_gmt":"2017-07-19T18:03:02","slug":"reformas-sao-modernizacoes-imprescindiveis-diz-novo-presidente-da-fiergs","status":"publish","type":"post","link":"https:\/\/www.jornalja.com.br\/arquivo\/reformas-sao-modernizacoes-imprescindiveis-diz-novo-presidente-da-fiergs\/","title":{"rendered":"\u201cReformas s\u00e3o moderniza\u00e7\u00f5es imprescind\u00edveis\u201d, diz novo presidente da FIERGS"},"content":{"rendered":"<p>A Federa\u00e7\u00e3o e o Centro das Ind\u00fastrias do Rio Grande do Sul (FIERGS\/CIERGS) est\u00e3o sob nova dire\u00e7\u00e3o. Gilberto Porcello Petry assume, oficialmente, a presid\u00eancia da entidade para a gest\u00e3o 2017\/2020, sucedendo Heitor Jos\u00e9 M\u00fcller ap\u00f3s duas gest\u00f5es consecutivas.<br \/>\nNesse per\u00edodo, ele tamb\u00e9m passa a administrar o Servi\u00e7o Social da Ind\u00fastria (Sesi-RS), o Servi\u00e7o Nacional de Aprendizagem Industrial (Senai-RS) e o Instituto Euvaldo Lodi do Rio Grande do Sul (IEL-RS).<br \/>\nA troca oficial de comando foi realizada nesta ter\u00e7a-feira (18), em cerim\u00f4nia para 2 mil convidados no Teatro do Sesi.<br \/>\nNo evento, Petry comprometeu-se a ser um porta-voz dedicado e esfor\u00e7ado do setor. Em seu discurso de posse, ele tamb\u00e9m destacou que a Federa\u00e7\u00e3o e o Centro s\u00e3o entidades que n\u00e3o se filiam ou se aliam a qualquer partido pol\u00edtico. \u201cNosso alinhamento \u00e9 com o setor industrial, com o desenvolvimento do Rio Grande do Sul e do Brasil, e com a \u00e9tica e a dec\u00eancia nos neg\u00f3cios, especialmente para aqueles que digam respeito \u00e0 administra\u00e7\u00e3o p\u00fablica\u201d, afirmou, salientando que as dificuldades das empresas n\u00e3o s\u00e3o virtuais, mas problemas concretos que precisam ser resolvidos.<br \/>\nPara Petry, o empresariado enfrenta uma lista de situa\u00e7\u00f5es e imposi\u00e7\u00f5es contr\u00e1rias \u00e0 produ\u00e7\u00e3o. Entre elas, a enorme burocracia, a tributa\u00e7\u00e3o elevada, o cr\u00e9dito seletivo caro, os juros elevados e o diminuto investimento na infraestrutura e log\u00edstica. \u201cOs empres\u00e1rios devem ser entendidos pela sociedade como pessoas que contribuem para o desenvolvimento econ\u00f4mico e social de uma na\u00e7\u00e3o. N\u00e3o podem ser vistos como exploradores porque procuram auferir lucros em seus neg\u00f3cios. O lucro \u00e9 a alavanca que faz surgir novos empreendimentos que ir\u00e3o gerar novos empregos e recolher novos impostos.\u201d<br \/>\nNo \u00e2mbito da governan\u00e7a pol\u00edtica, Petry defendeu que a turbul\u00eancia atual no Pa\u00eds h\u00e1 de abrir espa\u00e7o para um novo modelo e que os l\u00edderes no poder p\u00fablico devem enfrentar quest\u00f5es importantes como o n\u00famero de partidos e ideologias, as coliga\u00e7\u00f5es e o presidencialismo de coaliz\u00e3o, por exemplo. \u201cNosso modelo pol\u00edtico se esgotou. Nesse processo, instalou-se uma confus\u00e3o ou, no m\u00ednimo, sobreposi\u00e7\u00e3o dos Poderes Constitu\u00eddos\u201d, comparou. \u201cDa mesma forma, queremos uma nova governan\u00e7a econ\u00f4mica. Por isto, apoiamos as Reformas da Previd\u00eancia, Trabalhista e Tribut\u00e1ria. S\u00e3o moderniza\u00e7\u00f5es imprescind\u00edveis que integram o elenco de mudan\u00e7as necess\u00e1rias\u201d, declarou. \u201cNos pr\u00f3ximos tr\u00eas anos, vamos trabalhar intensamente no rumo das novas governan\u00e7as pol\u00edtica e econ\u00f4mica que ora propomos\u201d, finalizou.<br \/>\nO governador Jos\u00e9 Ivo Sartori tamb\u00e9m comentou a necessidade de se agir mais coletivamente. \u201cN\u00e3o \u00e9 hora de se pensar em nomes, partidos ou vaidades, mas em recolocar o Rio Grande nos trilhos com responsabilidade na gest\u00e3o fiscal, maior efici\u00eancia e voltado para as \u00e1reas essenciais, desburocratiza\u00e7\u00e3o dos servi\u00e7os p\u00fablicos e valorizando mais o empreendedorismo e a livre iniciativa\u201d.<br \/>\nJunto com Gilberto Petry tomaram posse tamb\u00e9m as novas diretorias da FIERGS e do CIERGS.<br \/>\nGilberto Petry dirige a Weco S\/A &#8211; Ind\u00fastria de Equipamento Termo-Mec\u00e2nico, de Porto Alegre, e preside o Sindicato das Ind\u00fastrias Metal\u00fargicas, Mec\u00e2nicas e de Material El\u00e9trico e Eletr\u00f4nico do Estado do Rio Grande do Sul (Sinmetal). Em 1990 passou a integrar as diretorias da Fiergs\/Ciergs e desde 2005 j\u00e1 era vice-presidente da Federa\u00e7\u00e3o das Ind\u00fastrias do Estado.<\/p>\n","protected":false},"excerpt":{"rendered":"<p>A Federa\u00e7\u00e3o e o Centro das Ind\u00fastrias do Rio Grande do Sul (FIERGS\/CIERGS) est\u00e3o sob nova dire\u00e7\u00e3o. Gilberto Porcello Petry assume, oficialmente, a presid\u00eancia da entidade para a gest\u00e3o 2017\/2020, sucedendo Heitor Jos\u00e9 M\u00fcller ap\u00f3s duas gest\u00f5es consecutivas. Nesse per\u00edodo, ele tamb\u00e9m passa a administrar o Servi\u00e7o Social da Ind\u00fastria (Sesi-RS), o Servi\u00e7o Nacional de [&hellip;]<\/p>\n","protected":false},"author":4,"featured_media":51779,"comment_status":"open","ping_status":"closed","sticky":false,"template":"","format":"standard","meta":{"_jetpack_newsletter_access":"","_jetpack_dont_email_post_to_subs":false,"_jetpack_newsletter_tier_id":0,"_jetpack_memberships_contains_paywalled_content":false,"_jetpack_feature_clip_id":0,"_jetpack_memberships_contains_paid_content":false,"footnotes":"","jetpack_post_was_ever_published":false},"categories":[26],"tags":[],"class_list":["post-51778","post","type-post","status-publish","format-standard","has-post-thumbnail","hentry","category-geral"],"aioseo_notices":[],"aioseo_head":"\n\t\t<!-- All in One SEO 5.0.1.1 - aioseo.com -->\n\t<meta name=\"robots\" content=\"max-image-preview:large\" \/>\n\t<meta name=\"author\" content=\"da Reda\u00e7\u00e3o\"\/>\n\t<link rel=\"canonical\" href=\"https:\/\/www.jornalja.com.br\/arquivo\/reformas-sao-modernizacoes-imprescindiveis-diz-novo-presidente-da-fiergs\/\" \/>\n\t<meta name=\"generator\" content=\"All in One SEO (AIOSEO) 5.0.1.1\" \/>\n\t\t<meta property=\"og:locale\" content=\"pt_BR\" \/>\n\t\t<meta property=\"og:site_name\" content=\"Arquivo | Jornal J\u00c1 | Porto Alegre\" \/>\n\t\t<meta property=\"og:type\" content=\"article\" \/>\n\t\t<meta property=\"og:title\" content=\"\u201cReformas s\u00e3o moderniza\u00e7\u00f5es imprescind\u00edveis\u201d, diz novo presidente da FIERGS | Arquivo\" \/>\n\t\t<meta property=\"og:url\" content=\"https:\/\/www.jornalja.com.br\/arquivo\/reformas-sao-modernizacoes-imprescindiveis-diz-novo-presidente-da-fiergs\/\" \/>\n\t\t<meta property=\"og:image\" content=\"https:\/\/www.jornalja.com.br\/economics\/wp-content\/uploads\/sites\/11\/2026\/08\/ja-folhaderosto-facebook.jpg\" \/>\n\t\t<meta property=\"og:image:secure_url\" content=\"https:\/\/www.jornalja.com.br\/economics\/wp-content\/uploads\/sites\/11\/2026\/08\/ja-folhaderosto-facebook.jpg\" \/>\n\t\t<meta property=\"article:published_time\" content=\"2017-07-19T18:03:02+00:00\" \/>\n\t\t<meta property=\"article:modified_time\" content=\"2017-07-19T18:03:02+00:00\" \/>\n\t\t<meta name=\"twitter:card\" content=\"summary\" \/>\n\t\t<meta name=\"twitter:title\" content=\"\u201cReformas s\u00e3o moderniza\u00e7\u00f5es imprescind\u00edveis\u201d, diz novo presidente da FIERGS | Arquivo\" \/>\n\t\t<meta name=\"twitter:image\" content=\"https:\/\/www.jornalja.com.br\/economics\/wp-content\/uploads\/sites\/11\/2026\/08\/ja-folhaderosto-facebook.jpg\" \/>\n\t\t<script type=\"application\/ld+json\" class=\"aioseo-schema\">\n\t\t\t{\"@context\":\"https:\\\/\\\/schema.org\",\"@graph\":[{\"@type\":\"BlogPosting\",\"@id\":\"https:\\\/\\\/www.jornalja.com.br\\\/arquivo\\\/reformas-sao-modernizacoes-imprescindiveis-diz-novo-presidente-da-fiergs\\\/#blogposting\",\"name\":\"\\u201cReformas s\\u00e3o moderniza\\u00e7\\u00f5es imprescind\\u00edveis\\u201d, diz novo presidente da FIERGS | Arquivo\",\"headline\":\"\\u201cReformas s\\u00e3o moderniza\\u00e7\\u00f5es imprescind\\u00edveis\\u201d, diz novo presidente da FIERGS\",\"author\":{\"@id\":\"https:\\\/\\\/www.jornalja.com.br\\\/arquivo\\\/author\\\/daredacao\\\/#author\"},\"publisher\":{\"@id\":\"https:\\\/\\\/www.jornalja.com.br\\\/arquivo\\\/#organization\"},\"image\":{\"@type\":\"ImageObject\",\"url\":51779},\"datePublished\":\"2017-07-19T15:03:02-03:00\",\"dateModified\":\"2017-07-19T15:03:02-03:00\",\"inLanguage\":\"pt-BR\",\"mainEntityOfPage\":{\"@id\":\"https:\\\/\\\/www.jornalja.com.br\\\/arquivo\\\/reformas-sao-modernizacoes-imprescindiveis-diz-novo-presidente-da-fiergs\\\/#webpage\"},\"isPartOf\":{\"@id\":\"https:\\\/\\\/www.jornalja.com.br\\\/arquivo\\\/reformas-sao-modernizacoes-imprescindiveis-diz-novo-presidente-da-fiergs\\\/#webpage\"},\"articleSection\":\"Geral\"},{\"@type\":\"BreadcrumbList\",\"@id\":\"https:\\\/\\\/www.jornalja.com.br\\\/arquivo\\\/reformas-sao-modernizacoes-imprescindiveis-diz-novo-presidente-da-fiergs\\\/#breadcrumblist\",\"itemListElement\":[{\"@type\":\"ListItem\",\"@id\":\"https:\\\/\\\/www.jornalja.com.br\\\/arquivo#listItem\",\"position\":1,\"name\":\"Home\",\"item\":\"https:\\\/\\\/www.jornalja.com.br\\\/arquivo\",\"nextItem\":{\"@type\":\"ListItem\",\"@id\":\"https:\\\/\\\/www.jornalja.com.br\\\/arquivo\\\/category\\\/geral\\\/#listItem\",\"name\":\"Geral\"}},{\"@type\":\"ListItem\",\"@id\":\"https:\\\/\\\/www.jornalja.com.br\\\/arquivo\\\/category\\\/geral\\\/#listItem\",\"position\":2,\"name\":\"Geral\",\"item\":\"https:\\\/\\\/www.jornalja.com.br\\\/arquivo\\\/category\\\/geral\\\/\",\"nextItem\":{\"@type\":\"ListItem\",\"@id\":\"https:\\\/\\\/www.jornalja.com.br\\\/arquivo\\\/reformas-sao-modernizacoes-imprescindiveis-diz-novo-presidente-da-fiergs\\\/#listItem\",\"name\":\"\\u201cReformas s\\u00e3o moderniza\\u00e7\\u00f5es imprescind\\u00edveis\\u201d, diz novo presidente da FIERGS\"},\"previousItem\":{\"@type\":\"ListItem\",\"@id\":\"https:\\\/\\\/www.jornalja.com.br\\\/arquivo#listItem\",\"name\":\"Home\"}},{\"@type\":\"ListItem\",\"@id\":\"https:\\\/\\\/www.jornalja.com.br\\\/arquivo\\\/reformas-sao-modernizacoes-imprescindiveis-diz-novo-presidente-da-fiergs\\\/#listItem\",\"position\":3,\"name\":\"\\u201cReformas s\\u00e3o moderniza\\u00e7\\u00f5es imprescind\\u00edveis\\u201d, diz novo presidente da FIERGS\",\"previousItem\":{\"@type\":\"ListItem\",\"@id\":\"https:\\\/\\\/www.jornalja.com.br\\\/arquivo\\\/category\\\/geral\\\/#listItem\",\"name\":\"Geral\"}}]},{\"@type\":\"Organization\",\"@id\":\"https:\\\/\\\/www.jornalja.com.br\\\/arquivo\\\/#organization\",\"name\":\"Jornal J\\u00c1\",\"description\":\"Jornal J\\u00c1 | Porto Alegre\",\"url\":\"https:\\\/\\\/www.jornalja.com.br\\\/arquivo\\\/\",\"telephone\":\"+555133307272\",\"logo\":{\"@type\":\"ImageObject\",\"url\":\"https:\\\/\\\/www.jornalja.com.br\\\/wp-content\\\/uploads\\\/cards\\\/JAslogan.png\",\"@id\":\"https:\\\/\\\/www.jornalja.com.br\\\/arquivo\\\/reformas-sao-modernizacoes-imprescindiveis-diz-novo-presidente-da-fiergs\\\/#organizationLogo\"},\"image\":{\"@id\":\"https:\\\/\\\/www.jornalja.com.br\\\/arquivo\\\/reformas-sao-modernizacoes-imprescindiveis-diz-novo-presidente-da-fiergs\\\/#organizationLogo\"}},{\"@type\":\"Person\",\"@id\":\"https:\\\/\\\/www.jornalja.com.br\\\/arquivo\\\/author\\\/daredacao\\\/#author\",\"url\":\"https:\\\/\\\/www.jornalja.com.br\\\/arquivo\\\/author\\\/daredacao\\\/\",\"name\":\"da Reda\\u00e7\\u00e3o\",\"image\":{\"@type\":\"ImageObject\",\"@id\":\"https:\\\/\\\/www.jornalja.com.br\\\/arquivo\\\/reformas-sao-modernizacoes-imprescindiveis-diz-novo-presidente-da-fiergs\\\/#authorImage\",\"url\":\"https:\\\/\\\/secure.gravatar.com\\\/avatar\\\/469fd857d6605ad19919d27ed29d35a968a25f6e8fd9318356bbb7f57aae9c65?s=96&d=mm&r=g\",\"width\":96,\"height\":96,\"caption\":\"da Reda\\u00e7\\u00e3o\"}},{\"@type\":\"WebPage\",\"@id\":\"https:\\\/\\\/www.jornalja.com.br\\\/arquivo\\\/reformas-sao-modernizacoes-imprescindiveis-diz-novo-presidente-da-fiergs\\\/#webpage\",\"url\":\"https:\\\/\\\/www.jornalja.com.br\\\/arquivo\\\/reformas-sao-modernizacoes-imprescindiveis-diz-novo-presidente-da-fiergs\\\/\",\"name\":\"\\u201cReformas s\\u00e3o moderniza\\u00e7\\u00f5es imprescind\\u00edveis\\u201d, diz novo presidente da FIERGS | Arquivo\",\"inLanguage\":\"pt-BR\",\"isPartOf\":{\"@id\":\"https:\\\/\\\/www.jornalja.com.br\\\/arquivo\\\/#website\"},\"breadcrumb\":{\"@id\":\"https:\\\/\\\/www.jornalja.com.br\\\/arquivo\\\/reformas-sao-modernizacoes-imprescindiveis-diz-novo-presidente-da-fiergs\\\/#breadcrumblist\"},\"author\":{\"@id\":\"https:\\\/\\\/www.jornalja.com.br\\\/arquivo\\\/author\\\/daredacao\\\/#author\"},\"creator\":{\"@id\":\"https:\\\/\\\/www.jornalja.com.br\\\/arquivo\\\/author\\\/daredacao\\\/#author\"},\"image\":{\"@type\":\"ImageObject\",\"url\":51779,\"@id\":\"https:\\\/\\\/www.jornalja.com.br\\\/arquivo\\\/reformas-sao-modernizacoes-imprescindiveis-diz-novo-presidente-da-fiergs\\\/#mainImage\"},\"primaryImageOfPage\":{\"@id\":\"https:\\\/\\\/www.jornalja.com.br\\\/arquivo\\\/reformas-sao-modernizacoes-imprescindiveis-diz-novo-presidente-da-fiergs\\\/#mainImage\"},\"datePublished\":\"2017-07-19T15:03:02-03:00\",\"dateModified\":\"2017-07-19T15:03:02-03:00\"},{\"@type\":\"WebSite\",\"@id\":\"https:\\\/\\\/www.jornalja.com.br\\\/arquivo\\\/#website\",\"url\":\"https:\\\/\\\/www.jornalja.com.br\\\/arquivo\\\/\",\"name\":\"Arquivo\",\"description\":\"Jornal J\\u00c1 | Porto Alegre\",\"inLanguage\":\"pt-BR\",\"publisher\":{\"@id\":\"https:\\\/\\\/www.jornalja.com.br\\\/arquivo\\\/#organization\"}}]}\n\t\t<\/script>\n\t\t<!-- All in One SEO -->\n\n","aioseo_head_json":{"title":"\u201cReformas s\u00e3o moderniza\u00e7\u00f5es imprescind\u00edveis\u201d, diz novo presidente da FIERGS | Arquivo","description":"","canonical_url":"https:\/\/www.jornalja.com.br\/arquivo\/reformas-sao-modernizacoes-imprescindiveis-diz-novo-presidente-da-fiergs\/","robots":"max-image-preview:large","keywords":"","webmasterTools":{"miscellaneous":""},"schema":{"@context":"https:\/\/schema.org","@graph":[{"@type":"BlogPosting","@id":"https:\/\/www.jornalja.com.br\/arquivo\/reformas-sao-modernizacoes-imprescindiveis-diz-novo-presidente-da-fiergs\/#blogposting","name":"\u201cReformas s\u00e3o moderniza\u00e7\u00f5es imprescind\u00edveis\u201d, diz novo presidente da FIERGS | Arquivo","headline":"\u201cReformas s\u00e3o moderniza\u00e7\u00f5es imprescind\u00edveis\u201d, diz novo presidente da FIERGS","author":{"@id":"https:\/\/www.jornalja.com.br\/arquivo\/author\/daredacao\/#author"},"publisher":{"@id":"https:\/\/www.jornalja.com.br\/arquivo\/#organization"},"image":{"@type":"ImageObject","url":51779},"datePublished":"2017-07-19T15:03:02-03:00","dateModified":"2017-07-19T15:03:02-03:00","inLanguage":"pt-BR","mainEntityOfPage":{"@id":"https:\/\/www.jornalja.com.br\/arquivo\/reformas-sao-modernizacoes-imprescindiveis-diz-novo-presidente-da-fiergs\/#webpage"},"isPartOf":{"@id":"https:\/\/www.jornalja.com.br\/arquivo\/reformas-sao-modernizacoes-imprescindiveis-diz-novo-presidente-da-fiergs\/#webpage"},"articleSection":"Geral"},{"@type":"BreadcrumbList","@id":"https:\/\/www.jornalja.com.br\/arquivo\/reformas-sao-modernizacoes-imprescindiveis-diz-novo-presidente-da-fiergs\/#breadcrumblist","itemListElement":[{"@type":"ListItem","@id":"https:\/\/www.jornalja.com.br\/arquivo#listItem","position":1,"name":"Home","item":"https:\/\/www.jornalja.com.br\/arquivo","nextItem":{"@type":"ListItem","@id":"https:\/\/www.jornalja.com.br\/arquivo\/category\/geral\/#listItem","name":"Geral"}},{"@type":"ListItem","@id":"https:\/\/www.jornalja.com.br\/arquivo\/category\/geral\/#listItem","position":2,"name":"Geral","item":"https:\/\/www.jornalja.com.br\/arquivo\/category\/geral\/","nextItem":{"@type":"ListItem","@id":"https:\/\/www.jornalja.com.br\/arquivo\/reformas-sao-modernizacoes-imprescindiveis-diz-novo-presidente-da-fiergs\/#listItem","name":"\u201cReformas s\u00e3o moderniza\u00e7\u00f5es imprescind\u00edveis\u201d, diz novo presidente da FIERGS"},"previousItem":{"@type":"ListItem","@id":"https:\/\/www.jornalja.com.br\/arquivo#listItem","name":"Home"}},{"@type":"ListItem","@id":"https:\/\/www.jornalja.com.br\/arquivo\/reformas-sao-modernizacoes-imprescindiveis-diz-novo-presidente-da-fiergs\/#listItem","position":3,"name":"\u201cReformas s\u00e3o moderniza\u00e7\u00f5es imprescind\u00edveis\u201d, diz novo presidente da FIERGS","previousItem":{"@type":"ListItem","@id":"https:\/\/www.jornalja.com.br\/arquivo\/category\/geral\/#listItem","name":"Geral"}}]},{"@type":"Organization","@id":"https:\/\/www.jornalja.com.br\/arquivo\/#organization","name":"Jornal J\u00c1","description":"Jornal J\u00c1 | Porto Alegre","url":"https:\/\/www.jornalja.com.br\/arquivo\/","telephone":"+555133307272","logo":{"@type":"ImageObject","url":"https:\/\/www.jornalja.com.br\/wp-content\/uploads\/cards\/JAslogan.png","@id":"https:\/\/www.jornalja.com.br\/arquivo\/reformas-sao-modernizacoes-imprescindiveis-diz-novo-presidente-da-fiergs\/#organizationLogo"},"image":{"@id":"https:\/\/www.jornalja.com.br\/arquivo\/reformas-sao-modernizacoes-imprescindiveis-diz-novo-presidente-da-fiergs\/#organizationLogo"}},{"@type":"Person","@id":"https:\/\/www.jornalja.com.br\/arquivo\/author\/daredacao\/#author","url":"https:\/\/www.jornalja.com.br\/arquivo\/author\/daredacao\/","name":"da Reda\u00e7\u00e3o","image":{"@type":"ImageObject","@id":"https:\/\/www.jornalja.com.br\/arquivo\/reformas-sao-modernizacoes-imprescindiveis-diz-novo-presidente-da-fiergs\/#authorImage","url":"https:\/\/secure.gravatar.com\/avatar\/469fd857d6605ad19919d27ed29d35a968a25f6e8fd9318356bbb7f57aae9c65?s=96&d=mm&r=g","width":96,"height":96,"caption":"da Reda\u00e7\u00e3o"}},{"@type":"WebPage","@id":"https:\/\/www.jornalja.com.br\/arquivo\/reformas-sao-modernizacoes-imprescindiveis-diz-novo-presidente-da-fiergs\/#webpage","url":"https:\/\/www.jornalja.com.br\/arquivo\/reformas-sao-modernizacoes-imprescindiveis-diz-novo-presidente-da-fiergs\/","name":"\u201cReformas s\u00e3o moderniza\u00e7\u00f5es imprescind\u00edveis\u201d, diz novo presidente da FIERGS | Arquivo","inLanguage":"pt-BR","isPartOf":{"@id":"https:\/\/www.jornalja.com.br\/arquivo\/#website"},"breadcrumb":{"@id":"https:\/\/www.jornalja.com.br\/arquivo\/reformas-sao-modernizacoes-imprescindiveis-diz-novo-presidente-da-fiergs\/#breadcrumblist"},"author":{"@id":"https:\/\/www.jornalja.com.br\/arquivo\/author\/daredacao\/#author"},"creator":{"@id":"https:\/\/www.jornalja.com.br\/arquivo\/author\/daredacao\/#author"},"image":{"@type":"ImageObject","url":51779,"@id":"https:\/\/www.jornalja.com.br\/arquivo\/reformas-sao-modernizacoes-imprescindiveis-diz-novo-presidente-da-fiergs\/#mainImage"},"primaryImageOfPage":{"@id":"https:\/\/www.jornalja.com.br\/arquivo\/reformas-sao-modernizacoes-imprescindiveis-diz-novo-presidente-da-fiergs\/#mainImage"},"datePublished":"2017-07-19T15:03:02-03:00","dateModified":"2017-07-19T15:03:02-03:00"},{"@type":"WebSite","@id":"https:\/\/www.jornalja.com.br\/arquivo\/#website","url":"https:\/\/www.jornalja.com.br\/arquivo\/","name":"Arquivo","description":"Jornal J\u00c1 | Porto Alegre","inLanguage":"pt-BR","publisher":{"@id":"https:\/\/www.jornalja.com.br\/arquivo\/#organization"}}]},"og:locale":"pt_BR","og:site_name":"Arquivo | Jornal J\u00c1 | Porto Alegre","og:type":"article","og:title":"\u201cReformas s\u00e3o moderniza\u00e7\u00f5es imprescind\u00edveis\u201d, diz novo presidente da FIERGS | Arquivo","og:url":"https:\/\/www.jornalja.com.br\/arquivo\/reformas-sao-modernizacoes-imprescindiveis-diz-novo-presidente-da-fiergs\/","og:image":"https:\/\/www.jornalja.com.br\/economics\/wp-content\/uploads\/sites\/11\/2026\/08\/ja-folhaderosto-facebook.jpg","og:image:secure_url":"https:\/\/www.jornalja.com.br\/economics\/wp-content\/uploads\/sites\/11\/2026\/08\/ja-folhaderosto-facebook.jpg","article:published_time":"2017-07-19T18:03:02+00:00","article:modified_time":"2017-07-19T18:03:02+00:00","twitter:card":"summary","twitter:title":"\u201cReformas s\u00e3o moderniza\u00e7\u00f5es imprescind\u00edveis\u201d, diz novo presidente da FIERGS | Arquivo","twitter:image":"https:\/\/www.jornalja.com.br\/economics\/wp-content\/uploads\/sites\/11\/2026\/08\/ja-folhaderosto-facebook.jpg"},"aioseo_meta_data":{"post_id":"51778","title":null,"description":null,"keywords":null,"keyphrases":null,"primary_term":null,"canonical_url":null,"og_title":null,"og_description":null,"og_object_type":"default","og_image_type":"default","og_image_url":null,"og_image_width":null,"og_image_height":null,"og_image_custom_url":null,"og_image_custom_fields":null,"og_video":null,"og_custom_url":null,"og_article_section":null,"og_article_tags":null,"twitter_use_og":false,"twitter_card":"default","twitter_image_type":"default","twitter_image_url":null,"twitter_image_custom_url":null,"twitter_image_custom_fields":null,"twitter_title":null,"twitter_description":null,"schema":{"blockGraphs":[],"customGraphs":[],"default":{"data":{"Article":[],"Course":[],"Dataset":[],"FAQPage":[],"Movie":[],"Person":[],"Product":[],"ProductReview":[],"Car":[],"Recipe":[],"Service":[],"SoftwareApplication":[],"WebPage":[]},"graphName":"","isEnabled":true},"graphs":[]},"schema_type":null,"schema_type_options":null,"pillar_content":false,"robots_default":true,"robots_noindex":false,"robots_noarchive":false,"robots_nosnippet":false,"robots_nofollow":false,"robots_noimageindex":false,"robots_noodp":false,"robots_notranslate":false,"robots_max_snippet":null,"robots_max_videopreview":null,"robots_max_imagepreview":"large","priority":null,"frequency":null,"location":null,"local_seo":null,"breadcrumb_settings":null,"limit_modified_date":false,"ai":null,"created":"2020-12-20 20:29:05","updated":"2025-07-19 23:21:02","seo_analyzer_scan_date":null,"focus_keyword":null,"additional_keywords":null,"truseo_locale":null},"jetpack_sharing_enabled":true,"jetpack-related-posts":[{"id":13128,"url":"https:\/\/www.jornalja.com.br\/arquivo\/maconha-terra-diz-que-uso-medicinal-e-desculpa\/","url_meta":{"origin":51778,"position":0},"title":"Maconha: Terra diz que uso medicinal \u00e9 desculpa","author":"Patr\u00edcia Marini","date":"4 de junho de 2014","format":false,"excerpt":"A condi\u00e7\u00e3o de pol\u00edtico, em \u00e9poca de campanha de campanha eleitoral, tira for\u00e7a do discurso do m\u00e9dico Osmar Terra contra a legaliza\u00e7\u00e3o da maconha. A tese dele de que a libera\u00e7\u00e3o vai ampliar exponencialmente o consumo \u00e9 discutivel, o consumo \u00e9 corrente. Mas seus alertas quanto aos riscos tem que\u2026","rel":"","context":"Em &quot;X.Categorias velhas&quot;","block_context":{"text":"X.Categorias velhas","link":"https:\/\/www.jornalja.com.br\/arquivo\/category\/x-categorias-velhas\/"},"img":{"alt_text":"","src":"","width":0,"height":0},"classes":[]},{"id":13124,"url":"https:\/\/www.jornalja.com.br\/arquivo\/sangue-latino-no-iecine\/","url_meta":{"origin":51778,"position":1},"title":"Sangue latino no IECINE","author":"da Reda\u00e7\u00e3o","date":"18 de maio de 2014","format":false,"excerpt":"Francisco Ribeiro O Instituto Estadual de Cinema (IECINE) tem a frente, desde abril \u00faltimo, um novo diretor, o cineasta colombiano Juan Zapata, 36, que substitui Luiz Alberto Cassol. Radicado h\u00e1 dez anos em Porto Alegre, Zapata tem diante de si o desafio de conduzir at\u00e9 o final do ano um\u2026","rel":"","context":"Em &quot;Cultura-Geral&quot;","block_context":{"text":"Cultura-Geral","link":"https:\/\/www.jornalja.com.br\/arquivo\/category\/materiasecundaria\/"},"img":{"alt_text":"","src":"","width":0,"height":0},"classes":[]},{"id":5440,"url":"https:\/\/www.jornalja.com.br\/arquivo\/casarao-da-venancio-destino-permanece-incerto\/","url_meta":{"origin":51778,"position":2},"title":"Estado ainda n\u00e3o sabe o que fazer com casar\u00e3o abandonado h\u00e1 20 anos","author":"Elmar Bones","date":"6 de julho de 2009","format":false,"excerpt":"O casar\u00e3o amarelo, numa esquina nobre de Porto Alegre (Ven\u00e2ncio Aires com Jo\u00e3o Pessoa), j\u00e1 abrigou uma escola. H\u00e1 duas d\u00e9cadas, pelo menos, est\u00e1 abandonado, porque seu propriet\u00e1rio, o governo do Estado do Rio Grande do Sul, n\u00e3o consegue achar um destino para ele. Planos n\u00e3o faltaram. O governador Ol\u00edvio\u2026","rel":"","context":"Em &quot;X.Categorias velhas&quot;","block_context":{"text":"X.Categorias velhas","link":"https:\/\/www.jornalja.com.br\/arquivo\/category\/x-categorias-velhas\/"},"img":{"alt_text":"geraldo1","src":"https:\/\/i0.wp.com\/www.jornalja.com.br\/wp-content\/uploads\/2009\/07\/geraldo1.jpg?resize=350%2C200&ssl=1","width":350,"height":200},"classes":[]},{"id":14241,"url":"https:\/\/www.jornalja.com.br\/arquivo\/o-guaiba-nas-imagens-poeticas-de-achutti\/","url_meta":{"origin":51778,"position":3},"title":"O Gua\u00edba nas imagens po\u00e9ticas de Achutti","author":"da Reda\u00e7\u00e3o","date":"18 de junho de 2014","format":false,"excerpt":"Em \u201cO Gua\u00edba por Achutti\u201d \u2013 obra financiada via Minist\u00e9rio da Cultura, produ\u00e7\u00e3o executiva de Pedro Longhi, e Fl\u00e1vio Wild como designer \u2013, o fot\u00f3grafo revela a beleza e as mazelas de um espa\u00e7o aqu\u00e1tico de \u00e1guas sempre renovadas, cheio de hist\u00f3rias e lendas como as das cidades que foram\u2026","rel":"","context":"Em &quot;Cultura-Geral&quot;","block_context":{"text":"Cultura-Geral","link":"https:\/\/www.jornalja.com.br\/arquivo\/category\/materiasecundaria\/"},"img":{"alt_text":"","src":"","width":0,"height":0},"classes":[]},{"id":13109,"url":"https:\/\/www.jornalja.com.br\/arquivo\/judiciario-reconhece-poluicao-eletromagnetica\/","url_meta":{"origin":51778,"position":4},"title":"Judici\u00e1rio reconhece polui\u00e7\u00e3o eletromagn\u00e9tica","author":"Patr\u00edcia Marini","date":"16 de maio de 2014","format":false,"excerpt":"A\u00e7\u00e3o de duas associa\u00e7\u00f5es de moradores foi acolhida pelo Tribunal de Justi\u00e7a de S\u00e3o Paulo que. em decis\u00e3o in\u00e9dita, determinou a redu\u00e7\u00e3o do campo eletromagn\u00e9tico gerado pelas linhas de transmiss\u00e3o de energia que cortam os bairros City Boa\u00e7ava e Alto de Pinheiros. \u00c9 a primeira vez que um tribunal do\u2026","rel":"","context":"Em &quot;X.Categorias velhas&quot;","block_context":{"text":"X.Categorias velhas","link":"https:\/\/www.jornalja.com.br\/arquivo\/category\/x-categorias-velhas\/"},"img":{"alt_text":"","src":"","width":0,"height":0},"classes":[]},{"id":13101,"url":"https:\/\/www.jornalja.com.br\/arquivo\/morre-um-guerreiro-do-texto\/","url_meta":{"origin":51778,"position":5},"title":"Morre um guerreiro do texto","author":"Patr\u00edcia Marini","date":"14 de maio de 2014","format":false,"excerpt":"Por Ricardo Kotscho Reproduzido do blog do autor, 11\/5\/2014; t\u00edtulo original \u201cE l\u00e1 se foi o nosso Myltainho, guerreiro do texto\u201d. Mi\u00fado e franzino, meu amigo Myltainho era um valente e inconformado guerreiro na luta contra as injusti\u00e7as sociais, a hipocrisia, as maracutaias, o autoritarismo, a intoler\u00e2ncia, a viol\u00eancia, o\u2026","rel":"","context":"Em &quot;Geral&quot;","block_context":{"text":"Geral","link":"https:\/\/www.jornalja.com.br\/arquivo\/category\/geral\/"},"img":{"alt_text":"","src":"","width":0,"height":0},"classes":[]}],"jetpack_shortlink":"https:\/\/wp.me\/pbQjBd-dt8","jetpack_featured_media_url":"","_links":{"self":[{"href":"https:\/\/www.jornalja.com.br\/arquivo\/wp-json\/wp\/v2\/posts\/51778","targetHints":{"allow":["GET"]}}],"collection":[{"href":"https:\/\/www.jornalja.com.br\/arquivo\/wp-json\/wp\/v2\/posts"}],"about":[{"href":"https:\/\/www.jornalja.com.br\/arquivo\/wp-json\/wp\/v2\/types\/post"}],"author":[{"embeddable":true,"href":"https:\/\/www.jornalja.com.br\/arquivo\/wp-json\/wp\/v2\/users\/4"}],"replies":[{"embeddable":true,"href":"https:\/\/www.jornalja.com.br\/arquivo\/wp-json\/wp\/v2\/comments?post=51778"}],"version-history":[{"count":0,"href":"https:\/\/www.jornalja.com.br\/arquivo\/wp-json\/wp\/v2\/posts\/51778\/revisions"}],"wp:attachment":[{"href":"https:\/\/www.jornalja.com.br\/arquivo\/wp-json\/wp\/v2\/media?parent=51778"}],"wp:term":[{"taxonomy":"category","embeddable":true,"href":"https:\/\/www.jornalja.com.br\/arquivo\/wp-json\/wp\/v2\/categories?post=51778"},{"taxonomy":"post_tag","embeddable":true,"href":"https:\/\/www.jornalja.com.br\/arquivo\/wp-json\/wp\/v2\/tags?post=51778"}],"curies":[{"name":"wp","href":"https:\/\/api.w.org\/{rel}","templated":true}]}}