{"id":51787,"date":"2017-07-19T17:58:40","date_gmt":"2017-07-19T20:58:40","guid":{"rendered":"https:\/\/www.jornalja.com.br\/?p=51787"},"modified":"2017-07-19T17:58:40","modified_gmt":"2017-07-19T20:58:40","slug":"tribunal-de-justica-confirma-juri-popular-para-os-quatro-reus-da-tragedia-da-kiss","status":"publish","type":"post","link":"https:\/\/www.jornalja.com.br\/arquivo\/tribunal-de-justica-confirma-juri-popular-para-os-quatro-reus-da-tragedia-da-kiss\/","title":{"rendered":"Tribunal de Justi\u00e7a confirma j\u00fari popular para os quatro r\u00e9us da trag\u00e9dia da Kiss"},"content":{"rendered":"<p>Durou cerca de um minuto a leitura da decis\u00e3o da 1\u00aa C\u00e2mara Criminal do Tribunal de Justi\u00e7a do Rio Grande do Sul (TJ\/RS) que manteve o j\u00fari popular para os quatro r\u00e9us da trag\u00e9dia da Boate Kiss. Foi o primeiro processo analisado na sess\u00e3o da C\u00e2mara nesta quarta-feira (19), em Porto Alegre.<br \/>\nEstava em julgamento um recurso da defesa de Elissandro Spohr, o Kiko, s\u00f3cio da Boate Kiss. No recurso, o advogado Jader Marques ingressou com embargos de declara\u00e7\u00e3o, quando uma das partes de um processo judicial pede ao juiz (ou ao tribunal) que esclare\u00e7a determinado(s) aspecto(s) de uma decis\u00e3o proferida quando h\u00e1 alguma d\u00favida, omiss\u00e3o, contradi\u00e7\u00e3o ou obscuridade.<br \/>\nNo caso, a defesa de Kiko pedia algum tipo de esclarecimento em pontos da decis\u00e3o que manteve o julgamento popular dos quatro acusados no processo principal da trag\u00e9dia da Boate Kiss.<br \/>\nOs desembargadores nem deram muita conversa e, em cerca de um minuto, mantiveram a decis\u00e3o que determina que os quatro r\u00e9us ir\u00e3o a j\u00fari popular. O relator, desembargador Manuel Jos\u00e9 Martinez Lucas, esclareceu alguns pontos do julgamento de mar\u00e7o deste ano, mas mais detalhes s\u00f3 ser\u00e3o conhecidos com a publica\u00e7\u00e3o do acord\u00e3o. Tamb\u00e9m votaram pela manuten\u00e7\u00e3o da decis\u00e3o que manda os r\u00e9us a j\u00fari os desembargadores Jayme Weingartner Neto e Sylvio Baptista Neto, presidente da 1\u00aa C\u00e2mara Criminal.<br \/>\nA decis\u00e3o questionada pela defesa era de 22 de mar\u00e7o, quando a 1\u00aa C\u00e2mara Criminal, por 2 votos a 1, manteve a decis\u00e3o de 1\u00b0 Grau (do juiz Ulysses Louzada, de Santa Maria), que manda a j\u00fari popular os quatro r\u00e9us do processo principal, que apura as responsabilidades sobre a trag\u00e9dia da Boate Kiss.<br \/>\nNessa mesma decis\u00e3o de mar\u00e7o, foram retiradas as qualificadoras do crime (por motivo torpe e meio cruel). Com a retirada das qualificadoras, os acusados passam a responder por homic\u00eddio simples, e n\u00e3o mais por homic\u00eddio qualificado. Antes, a pena seria entre 12 e 30 anos. Agora, pode ficar entre seis e 20 anos. O Minist\u00e9rio P\u00fablico j\u00e1 recorreu dessa decis\u00e3o.<br \/>\nA sess\u00e3o desta quarta foi acompanhada pelos advogados Pedro Barcellos Jr. e Amadeu Weinmann, representantes de familiares de v\u00edtimas, e por Fl\u00e1vio Silva, vice-presidente da Associa\u00e7\u00e3o de Familiares de V\u00edtimas e Sobreviventes da Trag\u00e9dia de Santa Maria (AVTSM) e pai de Andrielle, que morreu na trag\u00e9dia da Kiss aos 22 anos.<br \/>\nOs s\u00f3cios da Kiss Elissandro Callegaro Spohr e Mauro Londero Hoffmann e os m\u00fasicos Luciano Augusto Bonilha Le\u00e3o e Marcelo de Jesus dos Santos respondem \u00e0 acusa\u00e7\u00e3o de homic\u00eddio (242 vezes por fato consumado e 636 vezes tentado).<br \/>\n<em>Com informa\u00e7\u00f5es da AVTSM<\/em><\/p>\n","protected":false},"excerpt":{"rendered":"<p>Durou cerca de um minuto a leitura da decis\u00e3o da 1\u00aa C\u00e2mara Criminal do Tribunal de Justi\u00e7a do Rio Grande do Sul (TJ\/RS) que manteve o j\u00fari popular para os quatro r\u00e9us da trag\u00e9dia da Boate Kiss. Foi o primeiro processo analisado na sess\u00e3o da C\u00e2mara nesta quarta-feira (19), em Porto Alegre. Estava em julgamento [&hellip;]<\/p>\n","protected":false},"author":4,"featured_media":0,"comment_status":"open","ping_status":"closed","sticky":false,"template":"","format":"standard","meta":{"_jetpack_newsletter_access":"","_jetpack_dont_email_post_to_subs":false,"_jetpack_newsletter_tier_id":0,"_jetpack_memberships_contains_paywalled_content":false,"_jetpack_feature_clip_id":0,"_jetpack_memberships_contains_paid_content":false,"footnotes":"","jetpack_post_was_ever_published":false},"categories":[2022],"tags":[],"class_list":["post-51787","post","type-post","status-publish","format-standard","hentry","category-notas"],"aioseo_notices":[],"aioseo_head":"\n\t\t<!-- All in One SEO 5.0.1.1 - aioseo.com -->\n\t<meta name=\"robots\" content=\"max-image-preview:large\" \/>\n\t<meta name=\"author\" content=\"da Reda\u00e7\u00e3o\"\/>\n\t<link rel=\"canonical\" href=\"https:\/\/www.jornalja.com.br\/arquivo\/tribunal-de-justica-confirma-juri-popular-para-os-quatro-reus-da-tragedia-da-kiss\/\" \/>\n\t<meta name=\"generator\" content=\"All in One SEO (AIOSEO) 5.0.1.1\" \/>\n\t\t<meta property=\"og:locale\" content=\"pt_BR\" \/>\n\t\t<meta property=\"og:site_name\" content=\"Arquivo | Jornal J\u00c1 | Porto Alegre\" \/>\n\t\t<meta property=\"og:type\" content=\"article\" \/>\n\t\t<meta property=\"og:title\" content=\"Tribunal de Justi\u00e7a confirma j\u00fari popular para os quatro r\u00e9us da trag\u00e9dia da Kiss | Arquivo\" \/>\n\t\t<meta property=\"og:url\" content=\"https:\/\/www.jornalja.com.br\/arquivo\/tribunal-de-justica-confirma-juri-popular-para-os-quatro-reus-da-tragedia-da-kiss\/\" \/>\n\t\t<meta property=\"og:image\" content=\"https:\/\/www.jornalja.com.br\/economics\/wp-content\/uploads\/sites\/11\/2026\/08\/ja-folhaderosto-facebook.jpg\" \/>\n\t\t<meta property=\"og:image:secure_url\" content=\"https:\/\/www.jornalja.com.br\/economics\/wp-content\/uploads\/sites\/11\/2026\/08\/ja-folhaderosto-facebook.jpg\" \/>\n\t\t<meta property=\"article:published_time\" content=\"2017-07-19T20:58:40+00:00\" \/>\n\t\t<meta property=\"article:modified_time\" content=\"2017-07-19T20:58:40+00:00\" \/>\n\t\t<meta name=\"twitter:card\" content=\"summary\" \/>\n\t\t<meta name=\"twitter:title\" content=\"Tribunal de Justi\u00e7a confirma j\u00fari popular para os quatro r\u00e9us da trag\u00e9dia da Kiss | Arquivo\" \/>\n\t\t<meta name=\"twitter:image\" content=\"https:\/\/www.jornalja.com.br\/economics\/wp-content\/uploads\/sites\/11\/2026\/08\/ja-folhaderosto-facebook.jpg\" \/>\n\t\t<script type=\"application\/ld+json\" class=\"aioseo-schema\">\n\t\t\t{\"@context\":\"https:\\\/\\\/schema.org\",\"@graph\":[{\"@type\":\"BlogPosting\",\"@id\":\"https:\\\/\\\/www.jornalja.com.br\\\/arquivo\\\/tribunal-de-justica-confirma-juri-popular-para-os-quatro-reus-da-tragedia-da-kiss\\\/#blogposting\",\"name\":\"Tribunal de Justi\\u00e7a confirma j\\u00fari popular para os quatro r\\u00e9us da trag\\u00e9dia da Kiss | Arquivo\",\"headline\":\"Tribunal de Justi\\u00e7a confirma j\\u00fari popular para os quatro r\\u00e9us da trag\\u00e9dia da Kiss\",\"author\":{\"@id\":\"https:\\\/\\\/www.jornalja.com.br\\\/arquivo\\\/author\\\/daredacao\\\/#author\"},\"publisher\":{\"@id\":\"https:\\\/\\\/www.jornalja.com.br\\\/arquivo\\\/#organization\"},\"image\":{\"@type\":\"ImageObject\",\"url\":\"https:\\\/\\\/www.jornalja.com.br\\\/wp-content\\\/uploads\\\/cards\\\/JAslogan.png\",\"@id\":\"https:\\\/\\\/www.jornalja.com.br\\\/arquivo\\\/#articleImage\"},\"datePublished\":\"2017-07-19T17:58:40-03:00\",\"dateModified\":\"2017-07-19T17:58:40-03:00\",\"inLanguage\":\"pt-BR\",\"mainEntityOfPage\":{\"@id\":\"https:\\\/\\\/www.jornalja.com.br\\\/arquivo\\\/tribunal-de-justica-confirma-juri-popular-para-os-quatro-reus-da-tragedia-da-kiss\\\/#webpage\"},\"isPartOf\":{\"@id\":\"https:\\\/\\\/www.jornalja.com.br\\\/arquivo\\\/tribunal-de-justica-confirma-juri-popular-para-os-quatro-reus-da-tragedia-da-kiss\\\/#webpage\"},\"articleSection\":\"NOTAS\"},{\"@type\":\"BreadcrumbList\",\"@id\":\"https:\\\/\\\/www.jornalja.com.br\\\/arquivo\\\/tribunal-de-justica-confirma-juri-popular-para-os-quatro-reus-da-tragedia-da-kiss\\\/#breadcrumblist\",\"itemListElement\":[{\"@type\":\"ListItem\",\"@id\":\"https:\\\/\\\/www.jornalja.com.br\\\/arquivo#listItem\",\"position\":1,\"name\":\"Home\",\"item\":\"https:\\\/\\\/www.jornalja.com.br\\\/arquivo\",\"nextItem\":{\"@type\":\"ListItem\",\"@id\":\"https:\\\/\\\/www.jornalja.com.br\\\/arquivo\\\/category\\\/notas\\\/#listItem\",\"name\":\"NOTAS\"}},{\"@type\":\"ListItem\",\"@id\":\"https:\\\/\\\/www.jornalja.com.br\\\/arquivo\\\/category\\\/notas\\\/#listItem\",\"position\":2,\"name\":\"NOTAS\",\"item\":\"https:\\\/\\\/www.jornalja.com.br\\\/arquivo\\\/category\\\/notas\\\/\",\"nextItem\":{\"@type\":\"ListItem\",\"@id\":\"https:\\\/\\\/www.jornalja.com.br\\\/arquivo\\\/tribunal-de-justica-confirma-juri-popular-para-os-quatro-reus-da-tragedia-da-kiss\\\/#listItem\",\"name\":\"Tribunal de Justi\\u00e7a confirma j\\u00fari popular para os quatro r\\u00e9us da trag\\u00e9dia da Kiss\"},\"previousItem\":{\"@type\":\"ListItem\",\"@id\":\"https:\\\/\\\/www.jornalja.com.br\\\/arquivo#listItem\",\"name\":\"Home\"}},{\"@type\":\"ListItem\",\"@id\":\"https:\\\/\\\/www.jornalja.com.br\\\/arquivo\\\/tribunal-de-justica-confirma-juri-popular-para-os-quatro-reus-da-tragedia-da-kiss\\\/#listItem\",\"position\":3,\"name\":\"Tribunal de Justi\\u00e7a confirma j\\u00fari popular para os quatro r\\u00e9us da trag\\u00e9dia da Kiss\",\"previousItem\":{\"@type\":\"ListItem\",\"@id\":\"https:\\\/\\\/www.jornalja.com.br\\\/arquivo\\\/category\\\/notas\\\/#listItem\",\"name\":\"NOTAS\"}}]},{\"@type\":\"Organization\",\"@id\":\"https:\\\/\\\/www.jornalja.com.br\\\/arquivo\\\/#organization\",\"name\":\"Jornal J\\u00c1\",\"description\":\"Jornal J\\u00c1 | Porto Alegre\",\"url\":\"https:\\\/\\\/www.jornalja.com.br\\\/arquivo\\\/\",\"telephone\":\"+555133307272\",\"logo\":{\"@type\":\"ImageObject\",\"url\":\"https:\\\/\\\/www.jornalja.com.br\\\/wp-content\\\/uploads\\\/cards\\\/JAslogan.png\",\"@id\":\"https:\\\/\\\/www.jornalja.com.br\\\/arquivo\\\/tribunal-de-justica-confirma-juri-popular-para-os-quatro-reus-da-tragedia-da-kiss\\\/#organizationLogo\"},\"image\":{\"@id\":\"https:\\\/\\\/www.jornalja.com.br\\\/arquivo\\\/tribunal-de-justica-confirma-juri-popular-para-os-quatro-reus-da-tragedia-da-kiss\\\/#organizationLogo\"}},{\"@type\":\"Person\",\"@id\":\"https:\\\/\\\/www.jornalja.com.br\\\/arquivo\\\/author\\\/daredacao\\\/#author\",\"url\":\"https:\\\/\\\/www.jornalja.com.br\\\/arquivo\\\/author\\\/daredacao\\\/\",\"name\":\"da Reda\\u00e7\\u00e3o\",\"image\":{\"@type\":\"ImageObject\",\"@id\":\"https:\\\/\\\/www.jornalja.com.br\\\/arquivo\\\/tribunal-de-justica-confirma-juri-popular-para-os-quatro-reus-da-tragedia-da-kiss\\\/#authorImage\",\"url\":\"https:\\\/\\\/secure.gravatar.com\\\/avatar\\\/469fd857d6605ad19919d27ed29d35a968a25f6e8fd9318356bbb7f57aae9c65?s=96&d=mm&r=g\",\"width\":96,\"height\":96,\"caption\":\"da Reda\\u00e7\\u00e3o\"}},{\"@type\":\"WebPage\",\"@id\":\"https:\\\/\\\/www.jornalja.com.br\\\/arquivo\\\/tribunal-de-justica-confirma-juri-popular-para-os-quatro-reus-da-tragedia-da-kiss\\\/#webpage\",\"url\":\"https:\\\/\\\/www.jornalja.com.br\\\/arquivo\\\/tribunal-de-justica-confirma-juri-popular-para-os-quatro-reus-da-tragedia-da-kiss\\\/\",\"name\":\"Tribunal de Justi\\u00e7a confirma j\\u00fari popular para os quatro r\\u00e9us da trag\\u00e9dia da Kiss | Arquivo\",\"inLanguage\":\"pt-BR\",\"isPartOf\":{\"@id\":\"https:\\\/\\\/www.jornalja.com.br\\\/arquivo\\\/#website\"},\"breadcrumb\":{\"@id\":\"https:\\\/\\\/www.jornalja.com.br\\\/arquivo\\\/tribunal-de-justica-confirma-juri-popular-para-os-quatro-reus-da-tragedia-da-kiss\\\/#breadcrumblist\"},\"author\":{\"@id\":\"https:\\\/\\\/www.jornalja.com.br\\\/arquivo\\\/author\\\/daredacao\\\/#author\"},\"creator\":{\"@id\":\"https:\\\/\\\/www.jornalja.com.br\\\/arquivo\\\/author\\\/daredacao\\\/#author\"},\"datePublished\":\"2017-07-19T17:58:40-03:00\",\"dateModified\":\"2017-07-19T17:58:40-03:00\"},{\"@type\":\"WebSite\",\"@id\":\"https:\\\/\\\/www.jornalja.com.br\\\/arquivo\\\/#website\",\"url\":\"https:\\\/\\\/www.jornalja.com.br\\\/arquivo\\\/\",\"name\":\"Arquivo\",\"description\":\"Jornal J\\u00c1 | Porto Alegre\",\"inLanguage\":\"pt-BR\",\"publisher\":{\"@id\":\"https:\\\/\\\/www.jornalja.com.br\\\/arquivo\\\/#organization\"}}]}\n\t\t<\/script>\n\t\t<!-- All in One SEO -->\n\n","aioseo_head_json":{"title":"Tribunal de Justi\u00e7a confirma j\u00fari popular para os quatro r\u00e9us da trag\u00e9dia da Kiss | Arquivo","description":"","canonical_url":"https:\/\/www.jornalja.com.br\/arquivo\/tribunal-de-justica-confirma-juri-popular-para-os-quatro-reus-da-tragedia-da-kiss\/","robots":"max-image-preview:large","keywords":"","webmasterTools":{"miscellaneous":""},"schema":{"@context":"https:\/\/schema.org","@graph":[{"@type":"BlogPosting","@id":"https:\/\/www.jornalja.com.br\/arquivo\/tribunal-de-justica-confirma-juri-popular-para-os-quatro-reus-da-tragedia-da-kiss\/#blogposting","name":"Tribunal de Justi\u00e7a confirma j\u00fari popular para os quatro r\u00e9us da trag\u00e9dia da Kiss | Arquivo","headline":"Tribunal de Justi\u00e7a confirma j\u00fari popular para os quatro r\u00e9us da trag\u00e9dia da Kiss","author":{"@id":"https:\/\/www.jornalja.com.br\/arquivo\/author\/daredacao\/#author"},"publisher":{"@id":"https:\/\/www.jornalja.com.br\/arquivo\/#organization"},"image":{"@type":"ImageObject","url":"https:\/\/www.jornalja.com.br\/wp-content\/uploads\/cards\/JAslogan.png","@id":"https:\/\/www.jornalja.com.br\/arquivo\/#articleImage"},"datePublished":"2017-07-19T17:58:40-03:00","dateModified":"2017-07-19T17:58:40-03:00","inLanguage":"pt-BR","mainEntityOfPage":{"@id":"https:\/\/www.jornalja.com.br\/arquivo\/tribunal-de-justica-confirma-juri-popular-para-os-quatro-reus-da-tragedia-da-kiss\/#webpage"},"isPartOf":{"@id":"https:\/\/www.jornalja.com.br\/arquivo\/tribunal-de-justica-confirma-juri-popular-para-os-quatro-reus-da-tragedia-da-kiss\/#webpage"},"articleSection":"NOTAS"},{"@type":"BreadcrumbList","@id":"https:\/\/www.jornalja.com.br\/arquivo\/tribunal-de-justica-confirma-juri-popular-para-os-quatro-reus-da-tragedia-da-kiss\/#breadcrumblist","itemListElement":[{"@type":"ListItem","@id":"https:\/\/www.jornalja.com.br\/arquivo#listItem","position":1,"name":"Home","item":"https:\/\/www.jornalja.com.br\/arquivo","nextItem":{"@type":"ListItem","@id":"https:\/\/www.jornalja.com.br\/arquivo\/category\/notas\/#listItem","name":"NOTAS"}},{"@type":"ListItem","@id":"https:\/\/www.jornalja.com.br\/arquivo\/category\/notas\/#listItem","position":2,"name":"NOTAS","item":"https:\/\/www.jornalja.com.br\/arquivo\/category\/notas\/","nextItem":{"@type":"ListItem","@id":"https:\/\/www.jornalja.com.br\/arquivo\/tribunal-de-justica-confirma-juri-popular-para-os-quatro-reus-da-tragedia-da-kiss\/#listItem","name":"Tribunal de Justi\u00e7a confirma j\u00fari popular para os quatro r\u00e9us da trag\u00e9dia da Kiss"},"previousItem":{"@type":"ListItem","@id":"https:\/\/www.jornalja.com.br\/arquivo#listItem","name":"Home"}},{"@type":"ListItem","@id":"https:\/\/www.jornalja.com.br\/arquivo\/tribunal-de-justica-confirma-juri-popular-para-os-quatro-reus-da-tragedia-da-kiss\/#listItem","position":3,"name":"Tribunal de Justi\u00e7a confirma j\u00fari popular para os quatro r\u00e9us da trag\u00e9dia da Kiss","previousItem":{"@type":"ListItem","@id":"https:\/\/www.jornalja.com.br\/arquivo\/category\/notas\/#listItem","name":"NOTAS"}}]},{"@type":"Organization","@id":"https:\/\/www.jornalja.com.br\/arquivo\/#organization","name":"Jornal J\u00c1","description":"Jornal J\u00c1 | Porto Alegre","url":"https:\/\/www.jornalja.com.br\/arquivo\/","telephone":"+555133307272","logo":{"@type":"ImageObject","url":"https:\/\/www.jornalja.com.br\/wp-content\/uploads\/cards\/JAslogan.png","@id":"https:\/\/www.jornalja.com.br\/arquivo\/tribunal-de-justica-confirma-juri-popular-para-os-quatro-reus-da-tragedia-da-kiss\/#organizationLogo"},"image":{"@id":"https:\/\/www.jornalja.com.br\/arquivo\/tribunal-de-justica-confirma-juri-popular-para-os-quatro-reus-da-tragedia-da-kiss\/#organizationLogo"}},{"@type":"Person","@id":"https:\/\/www.jornalja.com.br\/arquivo\/author\/daredacao\/#author","url":"https:\/\/www.jornalja.com.br\/arquivo\/author\/daredacao\/","name":"da Reda\u00e7\u00e3o","image":{"@type":"ImageObject","@id":"https:\/\/www.jornalja.com.br\/arquivo\/tribunal-de-justica-confirma-juri-popular-para-os-quatro-reus-da-tragedia-da-kiss\/#authorImage","url":"https:\/\/secure.gravatar.com\/avatar\/469fd857d6605ad19919d27ed29d35a968a25f6e8fd9318356bbb7f57aae9c65?s=96&d=mm&r=g","width":96,"height":96,"caption":"da Reda\u00e7\u00e3o"}},{"@type":"WebPage","@id":"https:\/\/www.jornalja.com.br\/arquivo\/tribunal-de-justica-confirma-juri-popular-para-os-quatro-reus-da-tragedia-da-kiss\/#webpage","url":"https:\/\/www.jornalja.com.br\/arquivo\/tribunal-de-justica-confirma-juri-popular-para-os-quatro-reus-da-tragedia-da-kiss\/","name":"Tribunal de Justi\u00e7a confirma j\u00fari popular para os quatro r\u00e9us da trag\u00e9dia da Kiss | Arquivo","inLanguage":"pt-BR","isPartOf":{"@id":"https:\/\/www.jornalja.com.br\/arquivo\/#website"},"breadcrumb":{"@id":"https:\/\/www.jornalja.com.br\/arquivo\/tribunal-de-justica-confirma-juri-popular-para-os-quatro-reus-da-tragedia-da-kiss\/#breadcrumblist"},"author":{"@id":"https:\/\/www.jornalja.com.br\/arquivo\/author\/daredacao\/#author"},"creator":{"@id":"https:\/\/www.jornalja.com.br\/arquivo\/author\/daredacao\/#author"},"datePublished":"2017-07-19T17:58:40-03:00","dateModified":"2017-07-19T17:58:40-03:00"},{"@type":"WebSite","@id":"https:\/\/www.jornalja.com.br\/arquivo\/#website","url":"https:\/\/www.jornalja.com.br\/arquivo\/","name":"Arquivo","description":"Jornal J\u00c1 | Porto Alegre","inLanguage":"pt-BR","publisher":{"@id":"https:\/\/www.jornalja.com.br\/arquivo\/#organization"}}]},"og:locale":"pt_BR","og:site_name":"Arquivo | Jornal J\u00c1 | Porto Alegre","og:type":"article","og:title":"Tribunal de Justi\u00e7a confirma j\u00fari popular para os quatro r\u00e9us da trag\u00e9dia da Kiss | Arquivo","og:url":"https:\/\/www.jornalja.com.br\/arquivo\/tribunal-de-justica-confirma-juri-popular-para-os-quatro-reus-da-tragedia-da-kiss\/","og:image":"https:\/\/www.jornalja.com.br\/economics\/wp-content\/uploads\/sites\/11\/2026\/08\/ja-folhaderosto-facebook.jpg","og:image:secure_url":"https:\/\/www.jornalja.com.br\/economics\/wp-content\/uploads\/sites\/11\/2026\/08\/ja-folhaderosto-facebook.jpg","article:published_time":"2017-07-19T20:58:40+00:00","article:modified_time":"2017-07-19T20:58:40+00:00","twitter:card":"summary","twitter:title":"Tribunal de Justi\u00e7a confirma j\u00fari popular para os quatro r\u00e9us da trag\u00e9dia da Kiss | Arquivo","twitter:image":"https:\/\/www.jornalja.com.br\/economics\/wp-content\/uploads\/sites\/11\/2026\/08\/ja-folhaderosto-facebook.jpg"},"aioseo_meta_data":{"post_id":"51787","title":null,"description":null,"keywords":null,"keyphrases":null,"primary_term":null,"canonical_url":null,"og_title":null,"og_description":null,"og_object_type":"default","og_image_type":"default","og_image_url":null,"og_image_width":null,"og_image_height":null,"og_image_custom_url":null,"og_image_custom_fields":null,"og_video":null,"og_custom_url":null,"og_article_section":null,"og_article_tags":null,"twitter_use_og":false,"twitter_card":"default","twitter_image_type":"default","twitter_image_url":null,"twitter_image_custom_url":null,"twitter_image_custom_fields":null,"twitter_title":null,"twitter_description":null,"schema":{"blockGraphs":[],"customGraphs":[],"default":{"data":{"Article":[],"Course":[],"Dataset":[],"FAQPage":[],"Movie":[],"Person":[],"Product":[],"ProductReview":[],"Car":[],"Recipe":[],"Service":[],"SoftwareApplication":[],"WebPage":[]},"graphName":"","isEnabled":true},"graphs":[],"defaultGraph":"","defaultPostTypeGraph":""},"schema_type":null,"schema_type_options":null,"pillar_content":false,"robots_default":true,"robots_noindex":false,"robots_noarchive":false,"robots_nosnippet":false,"robots_nofollow":false,"robots_noimageindex":false,"robots_noodp":false,"robots_notranslate":false,"robots_max_snippet":null,"robots_max_videopreview":null,"robots_max_imagepreview":"large","priority":null,"frequency":null,"location":null,"local_seo":null,"breadcrumb_settings":null,"limit_modified_date":false,"ai":null,"created":"2020-12-20 20:29:05","updated":"2025-07-19 23:26:44","seo_analyzer_scan_date":null,"focus_keyword":null,"additional_keywords":null,"truseo_locale":null},"jetpack_sharing_enabled":true,"jetpack-related-posts":[{"id":13109,"url":"https:\/\/www.jornalja.com.br\/arquivo\/judiciario-reconhece-poluicao-eletromagnetica\/","url_meta":{"origin":51787,"position":0},"title":"Judici\u00e1rio reconhece polui\u00e7\u00e3o eletromagn\u00e9tica","author":"Patr\u00edcia Marini","date":"16 de maio de 2014","format":false,"excerpt":"A\u00e7\u00e3o de duas associa\u00e7\u00f5es de moradores foi acolhida pelo Tribunal de Justi\u00e7a de S\u00e3o Paulo que. em decis\u00e3o in\u00e9dita, determinou a redu\u00e7\u00e3o do campo eletromagn\u00e9tico gerado pelas linhas de transmiss\u00e3o de energia que cortam os bairros City Boa\u00e7ava e Alto de Pinheiros. \u00c9 a primeira vez que um tribunal do\u2026","rel":"","context":"Em &quot;X.Categorias velhas&quot;","block_context":{"text":"X.Categorias velhas","link":"https:\/\/www.jornalja.com.br\/arquivo\/category\/x-categorias-velhas\/"},"img":{"alt_text":"","src":"","width":0,"height":0},"classes":[]},{"id":13124,"url":"https:\/\/www.jornalja.com.br\/arquivo\/sangue-latino-no-iecine\/","url_meta":{"origin":51787,"position":1},"title":"Sangue latino no IECINE","author":"da Reda\u00e7\u00e3o","date":"18 de maio de 2014","format":false,"excerpt":"Francisco Ribeiro O Instituto Estadual de Cinema (IECINE) tem a frente, desde abril \u00faltimo, um novo diretor, o cineasta colombiano Juan Zapata, 36, que substitui Luiz Alberto Cassol. Radicado h\u00e1 dez anos em Porto Alegre, Zapata tem diante de si o desafio de conduzir at\u00e9 o final do ano um\u2026","rel":"","context":"Em &quot;Cultura-Geral&quot;","block_context":{"text":"Cultura-Geral","link":"https:\/\/www.jornalja.com.br\/arquivo\/category\/materiasecundaria\/"},"img":{"alt_text":"","src":"","width":0,"height":0},"classes":[]},{"id":13240,"url":"https:\/\/www.jornalja.com.br\/arquivo\/plano-diretor-estamos-construindo-o-caos\/","url_meta":{"origin":51787,"position":2},"title":"Plano diretor: &quot;Estamos construindo o caos&quot;","author":"Patr\u00edcia Marini","date":"26 de maio de 2014","format":false,"excerpt":"Desabafo que arquiteta Eliana Castilhos, delegada da Regi\u00e3o de Planejamento 1, postou nas redes sociais \u00e9 um testemunho do ambiente que se criou no Conselho do Plano Diretor de Porto Alegre, onde a aprova\u00e7\u00e3o de grandes empreendimentos \u00e9 empurrada guela abaixo dos conselheiros. Ao CMDUA Como delegada da Regi\u00e3o de\u2026","rel":"","context":"Em &quot;Geral&quot;","block_context":{"text":"Geral","link":"https:\/\/www.jornalja.com.br\/arquivo\/category\/geral\/"},"img":{"alt_text":"","src":"","width":0,"height":0},"classes":[]}],"jetpack_shortlink":"https:\/\/wp.me\/pbQjBd-dth","jetpack_featured_media_url":"","_links":{"self":[{"href":"https:\/\/www.jornalja.com.br\/arquivo\/wp-json\/wp\/v2\/posts\/51787","targetHints":{"allow":["GET"]}}],"collection":[{"href":"https:\/\/www.jornalja.com.br\/arquivo\/wp-json\/wp\/v2\/posts"}],"about":[{"href":"https:\/\/www.jornalja.com.br\/arquivo\/wp-json\/wp\/v2\/types\/post"}],"author":[{"embeddable":true,"href":"https:\/\/www.jornalja.com.br\/arquivo\/wp-json\/wp\/v2\/users\/4"}],"replies":[{"embeddable":true,"href":"https:\/\/www.jornalja.com.br\/arquivo\/wp-json\/wp\/v2\/comments?post=51787"}],"version-history":[{"count":0,"href":"https:\/\/www.jornalja.com.br\/arquivo\/wp-json\/wp\/v2\/posts\/51787\/revisions"}],"wp:attachment":[{"href":"https:\/\/www.jornalja.com.br\/arquivo\/wp-json\/wp\/v2\/media?parent=51787"}],"wp:term":[{"taxonomy":"category","embeddable":true,"href":"https:\/\/www.jornalja.com.br\/arquivo\/wp-json\/wp\/v2\/categories?post=51787"},{"taxonomy":"post_tag","embeddable":true,"href":"https:\/\/www.jornalja.com.br\/arquivo\/wp-json\/wp\/v2\/tags?post=51787"}],"curies":[{"name":"wp","href":"https:\/\/api.w.org\/{rel}","templated":true}]}}