{"id":51796,"date":"2017-07-20T13:24:36","date_gmt":"2017-07-20T16:24:36","guid":{"rendered":"https:\/\/www.jornalja.com.br\/?p=51796"},"modified":"2017-07-20T13:24:36","modified_gmt":"2017-07-20T16:24:36","slug":"associacao-dos-fiscais-colhe-assinaturas-ontra-terceirizacao-da-inspecao-da-carne-e-do-leite","status":"publish","type":"post","link":"https:\/\/www.jornalja.com.br\/arquivo\/associacao-dos-fiscais-colhe-assinaturas-ontra-terceirizacao-da-inspecao-da-carne-e-do-leite\/","title":{"rendered":"Associa\u00e7\u00e3o dos fiscais colhe assinaturas contra terceiriza\u00e7\u00e3o da inspe\u00e7\u00e3o de carne e leite"},"content":{"rendered":"<p style=\"line-height: 20.4pt;background: white;margin: 0cm 0cm 23.75pt 0cm\">A Associa\u00e7\u00e3o dos Fiscais Agropecu\u00e1rios (Afagro) est\u00e1 colhendo assinaturas para convencer os deputados ga\u00fachos a rejeitarem a proposta do governo Sartori, de flexibilizar a inspe\u00e7\u00e3o e fiscaliza\u00e7\u00e3o de produtos de origem animal, carne e leite principalmente. O<a href=\"http:\/\/www.peticaopublica.com.br\/psign.aspx?pi=BR81131\"> abaixo assinado est\u00e1 aqui<\/a>.<\/p>\n<p style=\"line-height: 20.4pt;background: white;margin: 0cm 0cm 23.75pt 0cm\">O projeto do governo (PL 125) est\u00e1 na Comiss\u00e3o de Constitui\u00e7\u00e3o e Justi\u00e7a e dever\u00e1 ir \u00e0 vota\u00e7\u00e3o no in\u00edcio de agosto, na volta do recesso parlamentar. Tramitando em\u00a0regime de urg\u00eancia, o projeto disp\u00f5e sobre a terceiriza\u00e7\u00e3o do servi\u00e7o estadual de inspe\u00e7\u00e3o de produtos de origem animal.<\/p>\n<p style=\"line-height: 20.4pt;background: white;margin: 0cm 0cm 23.75pt 0cm\">&#8220;Na pr\u00e1tica, o pr\u00f3prio frigor\u00edfico ou ind\u00fastria de beneficiamento de produtos aliment\u00edcios, como leite e embutidos, poder\u00e1 contratar e pagar seu pr\u00f3prio fiscal retirando, deste processo, a fiscaliza\u00e7\u00e3o estadual. Em um pa\u00eds onde ocorrem esc\u00e2ndalos como as opera\u00e7\u00f5es queijo e leite compensado e o carne fraca, \u00e9 poss\u00edvel considerar este modelo seguro?&#8221;, diz a nota da Afagro.<\/p>\n<p style=\"line-height: 20.4pt;background: white;margin: 0cm 0cm 23.75pt 0cm\">&#8220;Al\u00e9m disso, o Rio Grande do Sul possui um n\u00famero expressivo de agroind\u00fastrias familiares, fiscalizadas tamb\u00e9m pelo estado. Com a privatiza\u00e7\u00e3o da inspe\u00e7\u00e3o sanit\u00e1ria, ocorrer\u00e1 um grande processo de exclus\u00e3o deste segmento, j\u00e1 que apenas caberia inspe\u00e7\u00e3o, \u00e0queles estabelecimentos de m\u00e9dio e, principalmente grande porte, em condi\u00e7\u00f5es de custear a manuten\u00e7\u00e3o de um inspetor privado&#8221;.<\/p>\n<p style=\"line-height: 20.4pt;background: white;margin: 0cm 0cm 23.75pt 0cm\">O governo do Estado, por seu lado, est\u00e1 trabalhando para obter apoios junto ao meio empresarial para respaldar sua proposta. Na quarta-feira, em reuni\u00e3o na Famurs, o secret\u00e1rio da Agricultura, Ernani Poli, falou a cerca de 80 representantes de entidades.<\/p>\n<p>Federa\u00e7\u00f5es como a da Agricultura (Farsul), e das Associa\u00e7\u00f5es dos Munic\u00edpios do Rio Grande do Sul (Famurs) \u00a0j\u00e1 se manifestaram favor\u00e1veis ao projeto do Executivo.<br \/>\nO governo argumenta que n\u00e3o tem como aumentar o n\u00famero de fiscais, que \u00e9 insuficiente, o que leva o Estado a perder algo como R$ 20 milh\u00f5es em ICMS pelo n\u00e3o licenciamento para amplia\u00e7\u00f5es e instala\u00e7\u00e3o de novas ind\u00fastrias.<br \/>\n&#8220;Nos moldes que temos hoje, quando empresas querem ampliar instala\u00e7\u00f5es n\u00e3o encontram o respaldo necess\u00e1rio \u2013 afirma o presidente da Famurs&#8221;, Salmo Dias de Oliveira.<br \/>\nA Fetag-RS tamb\u00e9m v\u00ea necessidade de inova\u00e7\u00e3o no sistema.<br \/>\n&#8220;Mas temos de ter o cuidado de decidir pela inspe\u00e7\u00e3o mista, que n\u00e3o tira o Estado de todo o processo. Porque a pequena agroind\u00fastria n\u00e3o comporta o custo do profissional privado&#8221;, argumenta Carlos Joel da Silva, presidente da entidade.<br \/>\nPela proposta da Secretaria da Agricultura, a inspe\u00e7\u00e3o ficaria com a iniciativa privada e a fiscaliza\u00e7\u00e3o, com agentes p\u00fablicos.<br \/>\n&#8220;Sabemos que a apresenta\u00e7\u00e3o feita \u00e9 bastante sedutora. Mas n\u00e3o est\u00e3o sendo medidas consequ\u00eancias, riscos \u00e0 sa\u00fade p\u00fablica \u2013 contrap\u00f5e Angela Antunes, presidente da Associa\u00e7\u00e3o dos Fiscais Estaduais Agropecu\u00e1rios (Afagro).<br \/>\n&#8220;As doen\u00e7as transmitidas por alimentos s\u00e3o uma grav\u00edssima quest\u00e3o de sa\u00fade p\u00fablica. A fragiliza\u00e7\u00e3o da fiscaliza\u00e7\u00e3o \u2013 que \u00e9 uma atividade t\u00edpica de Estado &#8211; atenta agressivamente contra o povo ga\u00facho&#8221;.<br \/>\n&#8220;O enfraquecimento da fiscaliza\u00e7\u00e3o agropecu\u00e1ria visa somente ao benef\u00edcio de poucos empres\u00e1rios, em detrimento de um sistema p\u00fablico, id\u00f4neo, livre de interesses meramente econ\u00f4micos e justo para todos&#8221;.<br \/>\n&#8220;Os profissionais terceirizados estar\u00e3o submetidos a uma situa\u00e7\u00e3o prec\u00e1ria de empregabilidade e de extrema fragilidade legal frente \u00e0s necessidades da fun\u00e7\u00e3o. N\u00e3o ter\u00e3o poder de pol\u00edcia administrativa e, portanto, n\u00e3o ter\u00e3o autoridade para autuar, apreender e condenar produtos que possam prejudicar a sa\u00fade p\u00fablica&#8221;.<\/p>\n","protected":false},"excerpt":{"rendered":"<p>A Associa\u00e7\u00e3o dos Fiscais Agropecu\u00e1rios (Afagro) est\u00e1 colhendo assinaturas para convencer os deputados ga\u00fachos a rejeitarem a proposta do governo Sartori, de flexibilizar a inspe\u00e7\u00e3o e fiscaliza\u00e7\u00e3o de produtos de origem animal, carne e leite principalmente. O abaixo assinado est\u00e1 aqui. O projeto do governo (PL 125) est\u00e1 na Comiss\u00e3o de Constitui\u00e7\u00e3o e Justi\u00e7a e [&hellip;]<\/p>\n","protected":false},"author":4,"featured_media":51800,"comment_status":"open","ping_status":"closed","sticky":false,"template":"","format":"standard","meta":{"_jetpack_newsletter_access":"","_jetpack_dont_email_post_to_subs":false,"_jetpack_newsletter_tier_id":0,"_jetpack_memberships_contains_paywalled_content":false,"_jetpack_feature_clip_id":0,"_jetpack_memberships_contains_paid_content":false,"footnotes":"","jetpack_post_was_ever_published":false},"categories":[26],"tags":[],"class_list":["post-51796","post","type-post","status-publish","format-standard","has-post-thumbnail","hentry","category-geral"],"aioseo_notices":[],"aioseo_head":"\n\t\t<!-- All in One SEO 5.0.1.1 - aioseo.com -->\n\t<meta name=\"robots\" content=\"max-image-preview:large\" \/>\n\t<meta name=\"author\" content=\"da Reda\u00e7\u00e3o\"\/>\n\t<link rel=\"canonical\" href=\"https:\/\/www.jornalja.com.br\/arquivo\/associacao-dos-fiscais-colhe-assinaturas-ontra-terceirizacao-da-inspecao-da-carne-e-do-leite\/\" \/>\n\t<meta name=\"generator\" content=\"All in One SEO (AIOSEO) 5.0.1.1\" \/>\n\t\t<meta property=\"og:locale\" content=\"pt_BR\" \/>\n\t\t<meta property=\"og:site_name\" content=\"Arquivo | Jornal J\u00c1 | Porto Alegre\" \/>\n\t\t<meta property=\"og:type\" content=\"article\" \/>\n\t\t<meta property=\"og:title\" content=\"Associa\u00e7\u00e3o dos fiscais colhe assinaturas contra terceiriza\u00e7\u00e3o da inspe\u00e7\u00e3o de carne e leite | Arquivo\" \/>\n\t\t<meta property=\"og:url\" content=\"https:\/\/www.jornalja.com.br\/arquivo\/associacao-dos-fiscais-colhe-assinaturas-ontra-terceirizacao-da-inspecao-da-carne-e-do-leite\/\" \/>\n\t\t<meta property=\"og:image\" content=\"https:\/\/www.jornalja.com.br\/economics\/wp-content\/uploads\/sites\/11\/2026\/08\/ja-folhaderosto-facebook.jpg\" \/>\n\t\t<meta property=\"og:image:secure_url\" content=\"https:\/\/www.jornalja.com.br\/economics\/wp-content\/uploads\/sites\/11\/2026\/08\/ja-folhaderosto-facebook.jpg\" \/>\n\t\t<meta property=\"article:published_time\" content=\"2017-07-20T16:24:36+00:00\" \/>\n\t\t<meta property=\"article:modified_time\" content=\"2017-07-20T16:24:36+00:00\" \/>\n\t\t<meta name=\"twitter:card\" content=\"summary\" \/>\n\t\t<meta name=\"twitter:title\" content=\"Associa\u00e7\u00e3o dos fiscais colhe assinaturas contra terceiriza\u00e7\u00e3o da inspe\u00e7\u00e3o de carne e leite | Arquivo\" \/>\n\t\t<meta name=\"twitter:image\" content=\"https:\/\/www.jornalja.com.br\/economics\/wp-content\/uploads\/sites\/11\/2026\/08\/ja-folhaderosto-facebook.jpg\" \/>\n\t\t<script type=\"application\/ld+json\" class=\"aioseo-schema\">\n\t\t\t{\"@context\":\"https:\\\/\\\/schema.org\",\"@graph\":[{\"@type\":\"BlogPosting\",\"@id\":\"https:\\\/\\\/www.jornalja.com.br\\\/arquivo\\\/associacao-dos-fiscais-colhe-assinaturas-ontra-terceirizacao-da-inspecao-da-carne-e-do-leite\\\/#blogposting\",\"name\":\"Associa\\u00e7\\u00e3o dos fiscais colhe assinaturas contra terceiriza\\u00e7\\u00e3o da inspe\\u00e7\\u00e3o de carne e leite | Arquivo\",\"headline\":\"Associa\\u00e7\\u00e3o dos fiscais colhe assinaturas contra terceiriza\\u00e7\\u00e3o da inspe\\u00e7\\u00e3o de carne e leite\",\"author\":{\"@id\":\"https:\\\/\\\/www.jornalja.com.br\\\/arquivo\\\/author\\\/daredacao\\\/#author\"},\"publisher\":{\"@id\":\"https:\\\/\\\/www.jornalja.com.br\\\/arquivo\\\/#organization\"},\"image\":{\"@type\":\"ImageObject\",\"url\":51800},\"datePublished\":\"2017-07-20T13:24:36-03:00\",\"dateModified\":\"2017-07-20T13:24:36-03:00\",\"inLanguage\":\"pt-BR\",\"mainEntityOfPage\":{\"@id\":\"https:\\\/\\\/www.jornalja.com.br\\\/arquivo\\\/associacao-dos-fiscais-colhe-assinaturas-ontra-terceirizacao-da-inspecao-da-carne-e-do-leite\\\/#webpage\"},\"isPartOf\":{\"@id\":\"https:\\\/\\\/www.jornalja.com.br\\\/arquivo\\\/associacao-dos-fiscais-colhe-assinaturas-ontra-terceirizacao-da-inspecao-da-carne-e-do-leite\\\/#webpage\"},\"articleSection\":\"Geral\"},{\"@type\":\"BreadcrumbList\",\"@id\":\"https:\\\/\\\/www.jornalja.com.br\\\/arquivo\\\/associacao-dos-fiscais-colhe-assinaturas-ontra-terceirizacao-da-inspecao-da-carne-e-do-leite\\\/#breadcrumblist\",\"itemListElement\":[{\"@type\":\"ListItem\",\"@id\":\"https:\\\/\\\/www.jornalja.com.br\\\/arquivo#listItem\",\"position\":1,\"name\":\"Home\",\"item\":\"https:\\\/\\\/www.jornalja.com.br\\\/arquivo\",\"nextItem\":{\"@type\":\"ListItem\",\"@id\":\"https:\\\/\\\/www.jornalja.com.br\\\/arquivo\\\/category\\\/geral\\\/#listItem\",\"name\":\"Geral\"}},{\"@type\":\"ListItem\",\"@id\":\"https:\\\/\\\/www.jornalja.com.br\\\/arquivo\\\/category\\\/geral\\\/#listItem\",\"position\":2,\"name\":\"Geral\",\"item\":\"https:\\\/\\\/www.jornalja.com.br\\\/arquivo\\\/category\\\/geral\\\/\",\"nextItem\":{\"@type\":\"ListItem\",\"@id\":\"https:\\\/\\\/www.jornalja.com.br\\\/arquivo\\\/associacao-dos-fiscais-colhe-assinaturas-ontra-terceirizacao-da-inspecao-da-carne-e-do-leite\\\/#listItem\",\"name\":\"Associa\\u00e7\\u00e3o dos fiscais colhe assinaturas contra terceiriza\\u00e7\\u00e3o da inspe\\u00e7\\u00e3o de carne e leite\"},\"previousItem\":{\"@type\":\"ListItem\",\"@id\":\"https:\\\/\\\/www.jornalja.com.br\\\/arquivo#listItem\",\"name\":\"Home\"}},{\"@type\":\"ListItem\",\"@id\":\"https:\\\/\\\/www.jornalja.com.br\\\/arquivo\\\/associacao-dos-fiscais-colhe-assinaturas-ontra-terceirizacao-da-inspecao-da-carne-e-do-leite\\\/#listItem\",\"position\":3,\"name\":\"Associa\\u00e7\\u00e3o dos fiscais colhe assinaturas contra terceiriza\\u00e7\\u00e3o da inspe\\u00e7\\u00e3o de carne e leite\",\"previousItem\":{\"@type\":\"ListItem\",\"@id\":\"https:\\\/\\\/www.jornalja.com.br\\\/arquivo\\\/category\\\/geral\\\/#listItem\",\"name\":\"Geral\"}}]},{\"@type\":\"Organization\",\"@id\":\"https:\\\/\\\/www.jornalja.com.br\\\/arquivo\\\/#organization\",\"name\":\"Jornal J\\u00c1\",\"description\":\"Jornal J\\u00c1 | Porto Alegre\",\"url\":\"https:\\\/\\\/www.jornalja.com.br\\\/arquivo\\\/\",\"telephone\":\"+555133307272\",\"logo\":{\"@type\":\"ImageObject\",\"url\":\"https:\\\/\\\/www.jornalja.com.br\\\/wp-content\\\/uploads\\\/cards\\\/JAslogan.png\",\"@id\":\"https:\\\/\\\/www.jornalja.com.br\\\/arquivo\\\/associacao-dos-fiscais-colhe-assinaturas-ontra-terceirizacao-da-inspecao-da-carne-e-do-leite\\\/#organizationLogo\"},\"image\":{\"@id\":\"https:\\\/\\\/www.jornalja.com.br\\\/arquivo\\\/associacao-dos-fiscais-colhe-assinaturas-ontra-terceirizacao-da-inspecao-da-carne-e-do-leite\\\/#organizationLogo\"}},{\"@type\":\"Person\",\"@id\":\"https:\\\/\\\/www.jornalja.com.br\\\/arquivo\\\/author\\\/daredacao\\\/#author\",\"url\":\"https:\\\/\\\/www.jornalja.com.br\\\/arquivo\\\/author\\\/daredacao\\\/\",\"name\":\"da Reda\\u00e7\\u00e3o\",\"image\":{\"@type\":\"ImageObject\",\"@id\":\"https:\\\/\\\/www.jornalja.com.br\\\/arquivo\\\/associacao-dos-fiscais-colhe-assinaturas-ontra-terceirizacao-da-inspecao-da-carne-e-do-leite\\\/#authorImage\",\"url\":\"https:\\\/\\\/secure.gravatar.com\\\/avatar\\\/469fd857d6605ad19919d27ed29d35a968a25f6e8fd9318356bbb7f57aae9c65?s=96&d=mm&r=g\",\"width\":96,\"height\":96,\"caption\":\"da Reda\\u00e7\\u00e3o\"}},{\"@type\":\"WebPage\",\"@id\":\"https:\\\/\\\/www.jornalja.com.br\\\/arquivo\\\/associacao-dos-fiscais-colhe-assinaturas-ontra-terceirizacao-da-inspecao-da-carne-e-do-leite\\\/#webpage\",\"url\":\"https:\\\/\\\/www.jornalja.com.br\\\/arquivo\\\/associacao-dos-fiscais-colhe-assinaturas-ontra-terceirizacao-da-inspecao-da-carne-e-do-leite\\\/\",\"name\":\"Associa\\u00e7\\u00e3o dos fiscais colhe assinaturas contra terceiriza\\u00e7\\u00e3o da inspe\\u00e7\\u00e3o de carne e leite | Arquivo\",\"inLanguage\":\"pt-BR\",\"isPartOf\":{\"@id\":\"https:\\\/\\\/www.jornalja.com.br\\\/arquivo\\\/#website\"},\"breadcrumb\":{\"@id\":\"https:\\\/\\\/www.jornalja.com.br\\\/arquivo\\\/associacao-dos-fiscais-colhe-assinaturas-ontra-terceirizacao-da-inspecao-da-carne-e-do-leite\\\/#breadcrumblist\"},\"author\":{\"@id\":\"https:\\\/\\\/www.jornalja.com.br\\\/arquivo\\\/author\\\/daredacao\\\/#author\"},\"creator\":{\"@id\":\"https:\\\/\\\/www.jornalja.com.br\\\/arquivo\\\/author\\\/daredacao\\\/#author\"},\"image\":{\"@type\":\"ImageObject\",\"url\":51800,\"@id\":\"https:\\\/\\\/www.jornalja.com.br\\\/arquivo\\\/associacao-dos-fiscais-colhe-assinaturas-ontra-terceirizacao-da-inspecao-da-carne-e-do-leite\\\/#mainImage\"},\"primaryImageOfPage\":{\"@id\":\"https:\\\/\\\/www.jornalja.com.br\\\/arquivo\\\/associacao-dos-fiscais-colhe-assinaturas-ontra-terceirizacao-da-inspecao-da-carne-e-do-leite\\\/#mainImage\"},\"datePublished\":\"2017-07-20T13:24:36-03:00\",\"dateModified\":\"2017-07-20T13:24:36-03:00\"},{\"@type\":\"WebSite\",\"@id\":\"https:\\\/\\\/www.jornalja.com.br\\\/arquivo\\\/#website\",\"url\":\"https:\\\/\\\/www.jornalja.com.br\\\/arquivo\\\/\",\"name\":\"Arquivo\",\"description\":\"Jornal J\\u00c1 | Porto Alegre\",\"inLanguage\":\"pt-BR\",\"publisher\":{\"@id\":\"https:\\\/\\\/www.jornalja.com.br\\\/arquivo\\\/#organization\"}}]}\n\t\t<\/script>\n\t\t<!-- All in One SEO -->\n\n","aioseo_head_json":{"title":"Associa\u00e7\u00e3o dos fiscais colhe assinaturas contra terceiriza\u00e7\u00e3o da inspe\u00e7\u00e3o de carne e leite | Arquivo","description":"","canonical_url":"https:\/\/www.jornalja.com.br\/arquivo\/associacao-dos-fiscais-colhe-assinaturas-ontra-terceirizacao-da-inspecao-da-carne-e-do-leite\/","robots":"max-image-preview:large","keywords":"","webmasterTools":{"miscellaneous":""},"schema":{"@context":"https:\/\/schema.org","@graph":[{"@type":"BlogPosting","@id":"https:\/\/www.jornalja.com.br\/arquivo\/associacao-dos-fiscais-colhe-assinaturas-ontra-terceirizacao-da-inspecao-da-carne-e-do-leite\/#blogposting","name":"Associa\u00e7\u00e3o dos fiscais colhe assinaturas contra terceiriza\u00e7\u00e3o da inspe\u00e7\u00e3o de carne e leite | Arquivo","headline":"Associa\u00e7\u00e3o dos fiscais colhe assinaturas contra terceiriza\u00e7\u00e3o da inspe\u00e7\u00e3o de carne e leite","author":{"@id":"https:\/\/www.jornalja.com.br\/arquivo\/author\/daredacao\/#author"},"publisher":{"@id":"https:\/\/www.jornalja.com.br\/arquivo\/#organization"},"image":{"@type":"ImageObject","url":51800},"datePublished":"2017-07-20T13:24:36-03:00","dateModified":"2017-07-20T13:24:36-03:00","inLanguage":"pt-BR","mainEntityOfPage":{"@id":"https:\/\/www.jornalja.com.br\/arquivo\/associacao-dos-fiscais-colhe-assinaturas-ontra-terceirizacao-da-inspecao-da-carne-e-do-leite\/#webpage"},"isPartOf":{"@id":"https:\/\/www.jornalja.com.br\/arquivo\/associacao-dos-fiscais-colhe-assinaturas-ontra-terceirizacao-da-inspecao-da-carne-e-do-leite\/#webpage"},"articleSection":"Geral"},{"@type":"BreadcrumbList","@id":"https:\/\/www.jornalja.com.br\/arquivo\/associacao-dos-fiscais-colhe-assinaturas-ontra-terceirizacao-da-inspecao-da-carne-e-do-leite\/#breadcrumblist","itemListElement":[{"@type":"ListItem","@id":"https:\/\/www.jornalja.com.br\/arquivo#listItem","position":1,"name":"Home","item":"https:\/\/www.jornalja.com.br\/arquivo","nextItem":{"@type":"ListItem","@id":"https:\/\/www.jornalja.com.br\/arquivo\/category\/geral\/#listItem","name":"Geral"}},{"@type":"ListItem","@id":"https:\/\/www.jornalja.com.br\/arquivo\/category\/geral\/#listItem","position":2,"name":"Geral","item":"https:\/\/www.jornalja.com.br\/arquivo\/category\/geral\/","nextItem":{"@type":"ListItem","@id":"https:\/\/www.jornalja.com.br\/arquivo\/associacao-dos-fiscais-colhe-assinaturas-ontra-terceirizacao-da-inspecao-da-carne-e-do-leite\/#listItem","name":"Associa\u00e7\u00e3o dos fiscais colhe assinaturas contra terceiriza\u00e7\u00e3o da inspe\u00e7\u00e3o de carne e leite"},"previousItem":{"@type":"ListItem","@id":"https:\/\/www.jornalja.com.br\/arquivo#listItem","name":"Home"}},{"@type":"ListItem","@id":"https:\/\/www.jornalja.com.br\/arquivo\/associacao-dos-fiscais-colhe-assinaturas-ontra-terceirizacao-da-inspecao-da-carne-e-do-leite\/#listItem","position":3,"name":"Associa\u00e7\u00e3o dos fiscais colhe assinaturas contra terceiriza\u00e7\u00e3o da inspe\u00e7\u00e3o de carne e leite","previousItem":{"@type":"ListItem","@id":"https:\/\/www.jornalja.com.br\/arquivo\/category\/geral\/#listItem","name":"Geral"}}]},{"@type":"Organization","@id":"https:\/\/www.jornalja.com.br\/arquivo\/#organization","name":"Jornal J\u00c1","description":"Jornal J\u00c1 | Porto Alegre","url":"https:\/\/www.jornalja.com.br\/arquivo\/","telephone":"+555133307272","logo":{"@type":"ImageObject","url":"https:\/\/www.jornalja.com.br\/wp-content\/uploads\/cards\/JAslogan.png","@id":"https:\/\/www.jornalja.com.br\/arquivo\/associacao-dos-fiscais-colhe-assinaturas-ontra-terceirizacao-da-inspecao-da-carne-e-do-leite\/#organizationLogo"},"image":{"@id":"https:\/\/www.jornalja.com.br\/arquivo\/associacao-dos-fiscais-colhe-assinaturas-ontra-terceirizacao-da-inspecao-da-carne-e-do-leite\/#organizationLogo"}},{"@type":"Person","@id":"https:\/\/www.jornalja.com.br\/arquivo\/author\/daredacao\/#author","url":"https:\/\/www.jornalja.com.br\/arquivo\/author\/daredacao\/","name":"da Reda\u00e7\u00e3o","image":{"@type":"ImageObject","@id":"https:\/\/www.jornalja.com.br\/arquivo\/associacao-dos-fiscais-colhe-assinaturas-ontra-terceirizacao-da-inspecao-da-carne-e-do-leite\/#authorImage","url":"https:\/\/secure.gravatar.com\/avatar\/469fd857d6605ad19919d27ed29d35a968a25f6e8fd9318356bbb7f57aae9c65?s=96&d=mm&r=g","width":96,"height":96,"caption":"da Reda\u00e7\u00e3o"}},{"@type":"WebPage","@id":"https:\/\/www.jornalja.com.br\/arquivo\/associacao-dos-fiscais-colhe-assinaturas-ontra-terceirizacao-da-inspecao-da-carne-e-do-leite\/#webpage","url":"https:\/\/www.jornalja.com.br\/arquivo\/associacao-dos-fiscais-colhe-assinaturas-ontra-terceirizacao-da-inspecao-da-carne-e-do-leite\/","name":"Associa\u00e7\u00e3o dos fiscais colhe assinaturas contra terceiriza\u00e7\u00e3o da inspe\u00e7\u00e3o de carne e leite | Arquivo","inLanguage":"pt-BR","isPartOf":{"@id":"https:\/\/www.jornalja.com.br\/arquivo\/#website"},"breadcrumb":{"@id":"https:\/\/www.jornalja.com.br\/arquivo\/associacao-dos-fiscais-colhe-assinaturas-ontra-terceirizacao-da-inspecao-da-carne-e-do-leite\/#breadcrumblist"},"author":{"@id":"https:\/\/www.jornalja.com.br\/arquivo\/author\/daredacao\/#author"},"creator":{"@id":"https:\/\/www.jornalja.com.br\/arquivo\/author\/daredacao\/#author"},"image":{"@type":"ImageObject","url":51800,"@id":"https:\/\/www.jornalja.com.br\/arquivo\/associacao-dos-fiscais-colhe-assinaturas-ontra-terceirizacao-da-inspecao-da-carne-e-do-leite\/#mainImage"},"primaryImageOfPage":{"@id":"https:\/\/www.jornalja.com.br\/arquivo\/associacao-dos-fiscais-colhe-assinaturas-ontra-terceirizacao-da-inspecao-da-carne-e-do-leite\/#mainImage"},"datePublished":"2017-07-20T13:24:36-03:00","dateModified":"2017-07-20T13:24:36-03:00"},{"@type":"WebSite","@id":"https:\/\/www.jornalja.com.br\/arquivo\/#website","url":"https:\/\/www.jornalja.com.br\/arquivo\/","name":"Arquivo","description":"Jornal J\u00c1 | Porto Alegre","inLanguage":"pt-BR","publisher":{"@id":"https:\/\/www.jornalja.com.br\/arquivo\/#organization"}}]},"og:locale":"pt_BR","og:site_name":"Arquivo | Jornal J\u00c1 | Porto Alegre","og:type":"article","og:title":"Associa\u00e7\u00e3o dos fiscais colhe assinaturas contra terceiriza\u00e7\u00e3o da inspe\u00e7\u00e3o de carne e leite | Arquivo","og:url":"https:\/\/www.jornalja.com.br\/arquivo\/associacao-dos-fiscais-colhe-assinaturas-ontra-terceirizacao-da-inspecao-da-carne-e-do-leite\/","og:image":"https:\/\/www.jornalja.com.br\/economics\/wp-content\/uploads\/sites\/11\/2026\/08\/ja-folhaderosto-facebook.jpg","og:image:secure_url":"https:\/\/www.jornalja.com.br\/economics\/wp-content\/uploads\/sites\/11\/2026\/08\/ja-folhaderosto-facebook.jpg","article:published_time":"2017-07-20T16:24:36+00:00","article:modified_time":"2017-07-20T16:24:36+00:00","twitter:card":"summary","twitter:title":"Associa\u00e7\u00e3o dos fiscais colhe assinaturas contra terceiriza\u00e7\u00e3o da inspe\u00e7\u00e3o de carne e leite | Arquivo","twitter:image":"https:\/\/www.jornalja.com.br\/economics\/wp-content\/uploads\/sites\/11\/2026\/08\/ja-folhaderosto-facebook.jpg"},"aioseo_meta_data":{"post_id":"51796","title":null,"description":null,"keywords":null,"keyphrases":null,"primary_term":null,"canonical_url":null,"og_title":null,"og_description":null,"og_object_type":"default","og_image_type":"default","og_image_url":null,"og_image_width":null,"og_image_height":null,"og_image_custom_url":null,"og_image_custom_fields":null,"og_video":null,"og_custom_url":null,"og_article_section":null,"og_article_tags":null,"twitter_use_og":false,"twitter_card":"default","twitter_image_type":"default","twitter_image_url":null,"twitter_image_custom_url":null,"twitter_image_custom_fields":null,"twitter_title":null,"twitter_description":null,"schema":{"blockGraphs":[],"customGraphs":[],"default":{"data":{"Article":[],"Course":[],"Dataset":[],"FAQPage":[],"Movie":[],"Person":[],"Product":[],"ProductReview":[],"Car":[],"Recipe":[],"Service":[],"SoftwareApplication":[],"WebPage":[]},"graphName":"","isEnabled":true},"graphs":[]},"schema_type":null,"schema_type_options":null,"pillar_content":false,"robots_default":true,"robots_noindex":false,"robots_noarchive":false,"robots_nosnippet":false,"robots_nofollow":false,"robots_noimageindex":false,"robots_noodp":false,"robots_notranslate":false,"robots_max_snippet":null,"robots_max_videopreview":null,"robots_max_imagepreview":"large","priority":null,"frequency":null,"location":null,"local_seo":null,"breadcrumb_settings":null,"limit_modified_date":false,"ai":null,"created":"2020-12-20 20:29:05","updated":"2025-07-19 23:26:44","seo_analyzer_scan_date":null,"focus_keyword":null,"additional_keywords":null,"truseo_locale":null},"jetpack_sharing_enabled":true,"jetpack-related-posts":[{"id":13240,"url":"https:\/\/www.jornalja.com.br\/arquivo\/plano-diretor-estamos-construindo-o-caos\/","url_meta":{"origin":51796,"position":0},"title":"Plano diretor: &quot;Estamos construindo o caos&quot;","author":"Patr\u00edcia Marini","date":"26 de maio de 2014","format":false,"excerpt":"Desabafo que arquiteta Eliana Castilhos, delegada da Regi\u00e3o de Planejamento 1, postou nas redes sociais \u00e9 um testemunho do ambiente que se criou no Conselho do Plano Diretor de Porto Alegre, onde a aprova\u00e7\u00e3o de grandes empreendimentos \u00e9 empurrada guela abaixo dos conselheiros. Ao CMDUA Como delegada da Regi\u00e3o de\u2026","rel":"","context":"Em &quot;Geral&quot;","block_context":{"text":"Geral","link":"https:\/\/www.jornalja.com.br\/arquivo\/category\/geral\/"},"img":{"alt_text":"","src":"","width":0,"height":0},"classes":[]},{"id":13124,"url":"https:\/\/www.jornalja.com.br\/arquivo\/sangue-latino-no-iecine\/","url_meta":{"origin":51796,"position":1},"title":"Sangue latino no IECINE","author":"da Reda\u00e7\u00e3o","date":"18 de maio de 2014","format":false,"excerpt":"Francisco Ribeiro O Instituto Estadual de Cinema (IECINE) tem a frente, desde abril \u00faltimo, um novo diretor, o cineasta colombiano Juan Zapata, 36, que substitui Luiz Alberto Cassol. Radicado h\u00e1 dez anos em Porto Alegre, Zapata tem diante de si o desafio de conduzir at\u00e9 o final do ano um\u2026","rel":"","context":"Em &quot;Cultura-Geral&quot;","block_context":{"text":"Cultura-Geral","link":"https:\/\/www.jornalja.com.br\/arquivo\/category\/materiasecundaria\/"},"img":{"alt_text":"","src":"","width":0,"height":0},"classes":[]},{"id":5440,"url":"https:\/\/www.jornalja.com.br\/arquivo\/casarao-da-venancio-destino-permanece-incerto\/","url_meta":{"origin":51796,"position":2},"title":"Estado ainda n\u00e3o sabe o que fazer com casar\u00e3o abandonado h\u00e1 20 anos","author":"Elmar Bones","date":"6 de julho de 2009","format":false,"excerpt":"O casar\u00e3o amarelo, numa esquina nobre de Porto Alegre (Ven\u00e2ncio Aires com Jo\u00e3o Pessoa), j\u00e1 abrigou uma escola. H\u00e1 duas d\u00e9cadas, pelo menos, est\u00e1 abandonado, porque seu propriet\u00e1rio, o governo do Estado do Rio Grande do Sul, n\u00e3o consegue achar um destino para ele. Planos n\u00e3o faltaram. O governador Ol\u00edvio\u2026","rel":"","context":"Em &quot;X.Categorias velhas&quot;","block_context":{"text":"X.Categorias velhas","link":"https:\/\/www.jornalja.com.br\/arquivo\/category\/x-categorias-velhas\/"},"img":{"alt_text":"geraldo1","src":"https:\/\/i0.wp.com\/www.jornalja.com.br\/wp-content\/uploads\/2009\/07\/geraldo1.jpg?resize=350%2C200&ssl=1","width":350,"height":200},"classes":[]}],"jetpack_shortlink":"https:\/\/wp.me\/pbQjBd-dtq","jetpack_featured_media_url":"","_links":{"self":[{"href":"https:\/\/www.jornalja.com.br\/arquivo\/wp-json\/wp\/v2\/posts\/51796","targetHints":{"allow":["GET"]}}],"collection":[{"href":"https:\/\/www.jornalja.com.br\/arquivo\/wp-json\/wp\/v2\/posts"}],"about":[{"href":"https:\/\/www.jornalja.com.br\/arquivo\/wp-json\/wp\/v2\/types\/post"}],"author":[{"embeddable":true,"href":"https:\/\/www.jornalja.com.br\/arquivo\/wp-json\/wp\/v2\/users\/4"}],"replies":[{"embeddable":true,"href":"https:\/\/www.jornalja.com.br\/arquivo\/wp-json\/wp\/v2\/comments?post=51796"}],"version-history":[{"count":0,"href":"https:\/\/www.jornalja.com.br\/arquivo\/wp-json\/wp\/v2\/posts\/51796\/revisions"}],"wp:attachment":[{"href":"https:\/\/www.jornalja.com.br\/arquivo\/wp-json\/wp\/v2\/media?parent=51796"}],"wp:term":[{"taxonomy":"category","embeddable":true,"href":"https:\/\/www.jornalja.com.br\/arquivo\/wp-json\/wp\/v2\/categories?post=51796"},{"taxonomy":"post_tag","embeddable":true,"href":"https:\/\/www.jornalja.com.br\/arquivo\/wp-json\/wp\/v2\/tags?post=51796"}],"curies":[{"name":"wp","href":"https:\/\/api.w.org\/{rel}","templated":true}]}}